{"id":10075,"date":"2020-02-23T01:19:58","date_gmt":"2020-02-23T05:19:58","guid":{"rendered":"https:\/\/osteomag.ca\/?p=10075"},"modified":"2026-04-23T10:17:08","modified_gmt":"2026-04-23T15:17:08","slug":"radiculopathie-cervicale-traitement","status":"publish","type":"post","link":"https:\/\/osteomag.ca\/fr\/radiculopathie-cervicale-traitement\/","title":{"rendered":"Radiculopathie cervicale : sympt\u00f4mes, causes et ost\u00e9opathie"},"content":{"rendered":"<div id=\"ez-toc-container\" class=\"ez-toc-v2_0_82_2 counter-hierarchy ez-toc-counter ez-toc-custom ez-toc-container-direction\">\n<div class=\"ez-toc-title-container\">\n<p class=\"ez-toc-title\" style=\"cursor:inherit\">Table des mati\u00e8res<\/p>\n<span class=\"ez-toc-title-toggle\"><a href=\"#\" class=\"ez-toc-pull-right ez-toc-btn ez-toc-btn-xs ez-toc-btn-default ez-toc-toggle\" aria-label=\"Toggle Table of Content\"><span class=\"ez-toc-js-icon-con\"><span class=\"\"><span class=\"eztoc-hide\" style=\"display:none;\">Toggle<\/span><span class=\"ez-toc-icon-toggle-span\"><svg style=\"fill: #000000;color:#000000\" xmlns=\"http:\/\/www.w3.org\/2000\/svg\" class=\"list-377408\" width=\"20px\" height=\"20px\" viewBox=\"0 0 24 24\" fill=\"none\"><path d=\"M6 6H4v2h2V6zm14 0H8v2h12V6zM4 11h2v2H4v-2zm16 0H8v2h12v-2zM4 16h2v2H4v-2zm16 0H8v2h12v-2z\" fill=\"currentColor\"><\/path><\/svg><svg style=\"fill: #000000;color:#000000\" class=\"arrow-unsorted-368013\" xmlns=\"http:\/\/www.w3.org\/2000\/svg\" width=\"10px\" height=\"10px\" viewBox=\"0 0 24 24\" version=\"1.2\" baseProfile=\"tiny\"><path d=\"M18.2 9.3l-6.2-6.3-6.2 6.3c-.2.2-.3.4-.3.7s.1.5.3.7c.2.2.4.3.7.3h11c.3 0 .5-.1.7-.3.2-.2.3-.5.3-.7s-.1-.5-.3-.7zM5.8 14.7l6.2 6.3 6.2-6.3c.2-.2.3-.5.3-.7s-.1-.5-.3-.7c-.2-.2-.4-.3-.7-.3h-11c-.3 0-.5.1-.7.3-.2.2-.3.5-.3.7s.1.5.3.7z\"\/><\/svg><\/span><\/span><\/span><\/a><\/span><\/div>\n<nav><ul class='ez-toc-list ez-toc-list-level-1 eztoc-toggle-hide-by-default' ><li class='ez-toc-page-1 ez-toc-heading-level-2'><a class=\"ez-toc-link ez-toc-heading-1\" href=\"https:\/\/osteomag.ca\/fr\/radiculopathie-cervicale-traitement\/#Radiculopathie_cervicale_version_courte\" >Radiculopathie cervicale : version courte<\/a><ul class='ez-toc-list-level-3' ><li class='ez-toc-heading-level-3'><a class=\"ez-toc-link ez-toc-heading-2\" href=\"https:\/\/osteomag.ca\/fr\/radiculopathie-cervicale-traitement\/#Symptomes_frequents\" >Sympt\u00f4mes fr\u00e9quents<\/a><\/li><li class='ez-toc-page-1 ez-toc-heading-level-3'><a class=\"ez-toc-link ez-toc-heading-3\" href=\"https:\/\/osteomag.ca\/fr\/radiculopathie-cervicale-traitement\/#Causes_possibles\" >Causes possibles<\/a><\/li><li class='ez-toc-page-1 ez-toc-heading-level-3'><a class=\"ez-toc-link ez-toc-heading-4\" href=\"https:\/\/osteomag.ca\/fr\/radiculopathie-cervicale-traitement\/#Comment_poser_le_diagnostic\" >Comment poser le diagnostic ?<\/a><\/li><li class='ez-toc-page-1 ez-toc-heading-level-3'><a class=\"ez-toc-link ez-toc-heading-5\" href=\"https:\/\/osteomag.ca\/fr\/radiculopathie-cervicale-traitement\/#Comment_soulager\" >Comment soulager ?<\/a><\/li><li class='ez-toc-page-1 ez-toc-heading-level-3'><a class=\"ez-toc-link ez-toc-heading-6\" href=\"https:\/\/osteomag.ca\/fr\/radiculopathie-cervicale-traitement\/#Place_de_losteopathie\" >Place de l\u2019ost\u00e9opathie<\/a><\/li><li class='ez-toc-page-1 ez-toc-heading-level-3'><a class=\"ez-toc-link ez-toc-heading-7\" href=\"https:\/\/osteomag.ca\/fr\/radiculopathie-cervicale-traitement\/#Quand_consulter_rapidement\" >Quand consulter rapidement ?<\/a><\/li><li class='ez-toc-page-1 ez-toc-heading-level-3'><a class=\"ez-toc-link ez-toc-heading-8\" href=\"https:\/\/osteomag.ca\/fr\/radiculopathie-cervicale-traitement\/#En_resume\" >En r\u00e9sum\u00e9<\/a><\/li><\/ul><\/li><li class='ez-toc-page-1 ez-toc-heading-level-2'><a class=\"ez-toc-link ez-toc-heading-9\" href=\"https:\/\/osteomag.ca\/fr\/radiculopathie-cervicale-traitement\/#Introduction_Quand_la_douleur_du_cou_descend_dans_le_bras\" >Introduction: Quand la douleur du cou descend dans le bras<\/a><\/li><li class='ez-toc-page-1 ez-toc-heading-level-2'><a class=\"ez-toc-link ez-toc-heading-10\" href=\"https:\/\/osteomag.ca\/fr\/radiculopathie-cervicale-traitement\/#Comprendre_la_radiculopathie_cervicale\" >Comprendre la radiculopathie cervicale<\/a><\/li><li class='ez-toc-page-1 ez-toc-heading-level-2'><a class=\"ez-toc-link ez-toc-heading-11\" href=\"https:\/\/osteomag.ca\/fr\/radiculopathie-cervicale-traitement\/#Origines_et_facteurs_de_risque\" >Origines et facteurs de risque<\/a><ul class='ez-toc-list-level-3' ><li class='ez-toc-heading-level-3'><a class=\"ez-toc-link ez-toc-heading-12\" href=\"https:\/\/osteomag.ca\/fr\/radiculopathie-cervicale-traitement\/#Hernie_discale_cervicale\" >Hernie discale cervicale<\/a><\/li><li class='ez-toc-page-1 ez-toc-heading-level-3'><a class=\"ez-toc-link ez-toc-heading-13\" href=\"https:\/\/osteomag.ca\/fr\/radiculopathie-cervicale-traitement\/#Arthrose_cervicale_et_osteophytes\" >Arthrose cervicale et ost\u00e9ophytes<\/a><\/li><li class='ez-toc-page-1 ez-toc-heading-level-3'><a class=\"ez-toc-link ez-toc-heading-14\" href=\"https:\/\/osteomag.ca\/fr\/radiculopathie-cervicale-traitement\/#Retrecissement_foraminal_et_stenose\" >R\u00e9tr\u00e9cissement foraminal et st\u00e9nose<\/a><\/li><li class='ez-toc-page-1 ez-toc-heading-level-3'><a class=\"ez-toc-link ez-toc-heading-15\" href=\"https:\/\/osteomag.ca\/fr\/radiculopathie-cervicale-traitement\/#Mauvaises_postures_prolongees\" >Mauvaises postures prolong\u00e9es<\/a><\/li><li class='ez-toc-page-1 ez-toc-heading-level-3'><a class=\"ez-toc-link ez-toc-heading-16\" href=\"https:\/\/osteomag.ca\/fr\/radiculopathie-cervicale-traitement\/#Travail_repetitif_et_charges\" >Travail r\u00e9p\u00e9titif et charges<\/a><\/li><li class='ez-toc-page-1 ez-toc-heading-level-3'><a class=\"ez-toc-link ez-toc-heading-17\" href=\"https:\/\/osteomag.ca\/fr\/radiculopathie-cervicale-traitement\/#Traumatisme_cervical\" >Traumatisme cervical<\/a><\/li><li class='ez-toc-page-1 ez-toc-heading-level-3'><a class=\"ez-toc-link ez-toc-heading-18\" href=\"https:\/\/osteomag.ca\/fr\/radiculopathie-cervicale-traitement\/#Facteurs_individuels\" >Facteurs individuels<\/a><\/li><\/ul><\/li><li class='ez-toc-page-1 ez-toc-heading-level-2'><a class=\"ez-toc-link ez-toc-heading-19\" href=\"https:\/\/osteomag.ca\/fr\/radiculopathie-cervicale-traitement\/#Manifestations_cliniques_et_symptomes\" >Manifestations cliniques et sympt\u00f4mes<\/a><\/li><li class='ez-toc-page-1 ez-toc-heading-level-2'><a class=\"ez-toc-link ez-toc-heading-20\" href=\"https:\/\/osteomag.ca\/fr\/radiculopathie-cervicale-traitement\/#Quand_consulter_rapidement-2\" >Quand consulter rapidement<\/a><\/li><li class='ez-toc-page-1 ez-toc-heading-level-2'><a class=\"ez-toc-link ez-toc-heading-21\" href=\"https:\/\/osteomag.ca\/fr\/radiculopathie-cervicale-traitement\/#Mecanismes_physiopathologiques\" >M\u00e9canismes physiopathologiques<\/a><\/li><li class='ez-toc-page-1 ez-toc-heading-level-2'><a class=\"ez-toc-link ez-toc-heading-22\" href=\"https:\/\/osteomag.ca\/fr\/radiculopathie-cervicale-traitement\/#Diagnostic_et_evaluation_clinique\" >Diagnostic et \u00e9valuation clinique<\/a><\/li><li class='ez-toc-page-1 ez-toc-heading-level-2'><a class=\"ez-toc-link ez-toc-heading-23\" href=\"https:\/\/osteomag.ca\/fr\/radiculopathie-cervicale-traitement\/#Radiographie_Cervicale_Que_Peut-Elle_Montrer_en_Cas_de_Radiculopathie_Cervicale\" >Radiographie Cervicale : Que Peut-Elle Montrer en Cas de Radiculopathie Cervicale ?<\/a><\/li><li class='ez-toc-page-1 ez-toc-heading-level-2'><a class=\"ez-toc-link ez-toc-heading-24\" href=\"https:\/\/osteomag.ca\/fr\/radiculopathie-cervicale-traitement\/#Strategies_therapeutiques_et_recommandations\" >Strat\u00e9gies th\u00e9rapeutiques et recommandations<\/a><\/li><li class='ez-toc-page-1 ez-toc-heading-level-2'><a class=\"ez-toc-link ez-toc-heading-25\" href=\"https:\/\/osteomag.ca\/fr\/radiculopathie-cervicale-traitement\/#Approche_osteopathique_evaluation_globale_et_traitement_personnalise\" >Approche ost\u00e9opathique : \u00e9valuation globale et traitement personnalis\u00e9<\/a><\/li><li class='ez-toc-page-1 ez-toc-heading-level-2'><a class=\"ez-toc-link ez-toc-heading-26\" href=\"https:\/\/osteomag.ca\/fr\/radiculopathie-cervicale-traitement\/#Exercices_posture_et_conseils_pratiques_au_quotidien\" >Exercices, posture et conseils pratiques au quotidien<\/a><\/li><li class='ez-toc-page-1 ez-toc-heading-level-2'><a class=\"ez-toc-link ez-toc-heading-27\" href=\"https:\/\/osteomag.ca\/fr\/radiculopathie-cervicale-traitement\/#Conclusion_retrouver_confort_mobilite_et_confiance\" >Conclusion : retrouver confort, mobilit\u00e9 et confiance<\/a><\/li><li class='ez-toc-page-1 ez-toc-heading-level-2'><a class=\"ez-toc-link ez-toc-heading-28\" href=\"https:\/\/osteomag.ca\/fr\/radiculopathie-cervicale-traitement\/#FAQ_Questions_frequentes_sur_la_radiculopathie_cervicale\" >FAQ : Questions fr\u00e9quentes sur la radiculopathie cervicale<\/a><ul class='ez-toc-list-level-3' ><li class='ez-toc-heading-level-3'><a class=\"ez-toc-link ez-toc-heading-29\" href=\"https:\/\/osteomag.ca\/fr\/radiculopathie-cervicale-traitement\/#La_radiculopathie_cervicale_peut-elle_guerir_sans_chirurgie\" >La radiculopathie cervicale peut-elle gu\u00e9rir sans chirurgie ?<\/a><\/li><li class='ez-toc-page-1 ez-toc-heading-level-3'><a class=\"ez-toc-link ez-toc-heading-30\" href=\"https:\/\/osteomag.ca\/fr\/radiculopathie-cervicale-traitement\/#Combien_de_temps_dure_la_recuperation\" >Combien de temps dure la r\u00e9cup\u00e9ration ?<\/a><\/li><li class='ez-toc-page-1 ez-toc-heading-level-3'><a class=\"ez-toc-link ez-toc-heading-31\" href=\"https:\/\/osteomag.ca\/fr\/radiculopathie-cervicale-traitement\/#Losteopathie_peut-elle_aider\" >L\u2019ost\u00e9opathie peut-elle aider ?<\/a><\/li><li class='ez-toc-page-1 ez-toc-heading-level-3'><a class=\"ez-toc-link ez-toc-heading-32\" href=\"https:\/\/osteomag.ca\/fr\/radiculopathie-cervicale-traitement\/#Est-ce_dangereux_de_bouger_quand_jai_mal\" >Est-ce dangereux de bouger quand j\u2019ai mal ?<\/a><\/li><li class='ez-toc-page-1 ez-toc-heading-level-3'><a class=\"ez-toc-link ez-toc-heading-33\" href=\"https:\/\/osteomag.ca\/fr\/radiculopathie-cervicale-traitement\/#Quelle_est_la_meilleure_position_pour_dormir\" >Quelle est la meilleure position pour dormir ?<\/a><\/li><li class='ez-toc-page-1 ez-toc-heading-level-3'><a class=\"ez-toc-link ez-toc-heading-34\" href=\"https:\/\/osteomag.ca\/fr\/radiculopathie-cervicale-traitement\/#Puis-je_continuer_a_travailler\" >Puis-je continuer \u00e0 travailler ?<\/a><\/li><li class='ez-toc-page-1 ez-toc-heading-level-3'><a class=\"ez-toc-link ez-toc-heading-35\" href=\"https:\/\/osteomag.ca\/fr\/radiculopathie-cervicale-traitement\/#La_douleur_dans_le_bras_vient-elle_toujours_du_cou\" >La douleur dans le bras vient-elle toujours du cou ?<\/a><\/li><li class='ez-toc-page-1 ez-toc-heading-level-3'><a class=\"ez-toc-link ez-toc-heading-36\" href=\"https:\/\/osteomag.ca\/fr\/radiculopathie-cervicale-traitement\/#Quand_faut-il_consulter_rapidement\" >Quand faut-il consulter rapidement ?<\/a><\/li><li class='ez-toc-page-1 ez-toc-heading-level-3'><a class=\"ez-toc-link ez-toc-heading-37\" href=\"https:\/\/osteomag.ca\/fr\/radiculopathie-cervicale-traitement\/#Une_IRM_est-elle_toujours_necessaire\" >Une IRM est-elle toujours n\u00e9cessaire ?<\/a><\/li><li class='ez-toc-page-1 ez-toc-heading-level-3'><a class=\"ez-toc-link ez-toc-heading-38\" href=\"https:\/\/osteomag.ca\/fr\/radiculopathie-cervicale-traitement\/#Peut-on_prevenir_les_recidives\" >Peut-on pr\u00e9venir les r\u00e9cidives ?<\/a><\/li><\/ul><\/li><li class='ez-toc-page-1 ez-toc-heading-level-2'><a class=\"ez-toc-link ez-toc-heading-39\" href=\"https:\/\/osteomag.ca\/fr\/radiculopathie-cervicale-traitement\/#References\" >R\u00e9f\u00e9rences<\/a><\/li><\/ul><\/nav><\/div>\n\n<h2 class=\"wp-block-heading\" id=\"h-\"><\/h2>\n\n\n\n<div class=\"pc-box\">\n\n<div class=\"pc-title\">Points cl\u00e9s<\/div>\n\n<ul class=\"pc-list\">\n<li>La radiculopathie cervicale correspond \u00e0 l\u2019irritation ou la compression d\u2019une racine nerveuse au niveau du cou.<\/li>\n\n<li>La douleur peut descendre vers l\u2019\u00e9paule, le bras, l\u2019avant-bras ou la main.<\/li>\n\n<li>Picotements, engourdissements et faiblesse musculaire peuvent accompagner la douleur.<\/li>\n\n<li>Les causes fr\u00e9quentes incluent hernie discale, arthrose, ost\u00e9ophytes et r\u00e9tr\u00e9cissement foraminal.<\/li>\n\n<li>L\u2019examen clinique est essentiel : l\u2019imagerie seule ne suffit pas toujours.<\/li>\n\n<li>Dans de nombreux cas, un traitement conservateur bien guid\u00e9 permet une am\u00e9lioration importante.<\/li>\n\n<li>Les exercices adapt\u00e9s, l\u2019ergonomie et les habitudes quotidiennes influencent la r\u00e9cup\u00e9ration.<\/li>\n\n<li>L\u2019ost\u00e9opathie peut aider en am\u00e9liorant la mobilit\u00e9 et en r\u00e9duisant certaines contraintes m\u00e9caniques.<\/li>\n\n<li>Une approche globale vise non seulement la douleur, mais aussi la fonction et la qualit\u00e9 de vie.<\/li>\n\n<li>Une faiblesse progressive ou des signes neurologiques importants n\u00e9cessitent une \u00e9valuation rapide.<\/li>\n<\/ul>\n\n<\/div>\n\n<style>\n.pc-box{\nbackground:#ffffff;\nborder:2px solid #1A7F78;\nborder-left:8px solid #1A7F78;\npadding:24px;\nmargin:30px 0;\nborder-radius:4px;\nbox-shadow:0 6px 18px rgba(0,0,0,0.08);\n}\n\n.pc-title{\nfont-size:28px;\nfont-weight:700;\ncolor:#1A7F78;\nmargin-bottom:18px;\nline-height:1.2;\n}\n\n.pc-list{\nmargin:0;\npadding-left:22px;\n}\n\n.pc-list li{\nmargin-bottom:12px;\nfont-size:18px;\nline-height:1.6;\ncolor:#222;\n}\n\n.pc-list li::marker{\ncolor:#1A7F78;\nfont-weight:bold;\n}\n<\/style>\n\n\n\n<style>\n.osteo-accordion{\n  margin:25px 0;\n  border-radius:12px;\n  overflow:hidden;\n  box-shadow:0 4px 14px rgba(0,0,0,.08);\n}\n.osteo-accordion details{background:#fff;}\n.osteo-accordion summary{\n  list-style:none;\n  cursor:pointer;\n  padding:20px 24px;\n  font-size:32px;\n  font-weight:700;\n  color:#fff;\n  background:linear-gradient(135deg,#178fcb 0%,#1177b1 100%);\n  position:relative;\n}\n.osteo-accordion summary::-webkit-details-marker{display:none;}\n.osteo-accordion summary::after{\n  content:\"+\";\n  position:absolute;\n  right:24px;\n  top:50%;\n  transform:translateY(-50%);\n  font-size:48px;\n  font-weight:300;\n}\n.osteo-accordion details[open] summary::after{content:\"\u2212\";}\n.osteo-accordion-content{\n  padding:28px;\n  background:#f9fcff;\n  line-height:1.8;\n  color:#222;\n  font-size:18px;\n}\n.osteo-accordion-content h2{\n  color:#1177b1;\n  font-size:28px;\n  margin:0 0 14px;\n}\n.osteo-accordion-content h3{\n  color:#1177b1;\n  font-size:22px;\n  margin:24px 0 8px;\n}\n.osteo-accordion-content ul{\n  margin:8px 0 18px 22px;\n}\n.osteo-accordion-content li{\n  margin-bottom:8px;\n}\n<\/style>\n\n<div class=\"osteo-accordion\">\n<details>\n<summary>Version texte court<\/summary>\n\n<div class=\"osteo-accordion-content\">\n\n<h2><span class=\"ez-toc-section\" id=\"Radiculopathie_cervicale_version_courte\"><\/span>Radiculopathie cervicale : version courte<span class=\"ez-toc-section-end\"><\/span><\/h2>\n\n<p>Une douleur qui part du cou et descend dans l\u2019\u00e9paule, le bras ou la main peut parfois provenir d\u2019une <strong>radiculopathie cervicale<\/strong>. Cela signifie qu\u2019une racine nerveuse au niveau du cou est irrit\u00e9e, comprim\u00e9e ou enflamm\u00e9e. La cause peut \u00eatre une hernie discale, de l\u2019arthrose ou un r\u00e9tr\u00e9cissement de l\u2019espace o\u00f9 passe le nerf.<\/p>\n\n<h3><span class=\"ez-toc-section\" id=\"Symptomes_frequents\"><\/span>Sympt\u00f4mes fr\u00e9quents<span class=\"ez-toc-section-end\"><\/span><\/h3>\n<ul>\n<li>Douleur du cou vers le bras<\/li>\n<li>D\u00e9charges \u00e9lectriques<\/li>\n<li>Picotements<\/li>\n<li>Engourdissement<\/li>\n<li>Faiblesse musculaire<\/li>\n<li>Douleur entre omoplate et \u00e9paule<\/li>\n<li>G\u00eane pour \u00e9crire ou saisir<\/li>\n<li>Douleur aggrav\u00e9e en tournant la t\u00eate<\/li>\n<li>Raideur cervicale<\/li>\n<\/ul>\n\n<h3><span class=\"ez-toc-section\" id=\"Causes_possibles\"><\/span>Causes possibles<span class=\"ez-toc-section-end\"><\/span><\/h3>\n<ul>\n<li>Hernie discale cervicale<\/li>\n<li>Arthrose cervicale<\/li>\n<li>Ost\u00e9ophytes<\/li>\n<li>R\u00e9tr\u00e9cissement foraminal<\/li>\n<li>D\u00e9g\u00e9n\u00e9rescence discale<\/li>\n<li>Mauvaise posture prolong\u00e9e<\/li>\n<li>Travail r\u00e9p\u00e9titif<\/li>\n<li>Traumatisme cervical<\/li>\n<li>Surcharge m\u00e9canique<\/li>\n<\/ul>\n\n<h3><span class=\"ez-toc-section\" id=\"Comment_poser_le_diagnostic\"><\/span>Comment poser le diagnostic ?<span class=\"ez-toc-section-end\"><\/span><\/h3>\n<ul>\n<li>Historique des sympt\u00f4mes<\/li>\n<li>Examen clinique<\/li>\n<li>Tests neurologiques<\/li>\n<li>Force musculaire<\/li>\n<li>R\u00e9flexes<\/li>\n<li>Sensibilit\u00e9 cutan\u00e9e<\/li>\n<li>Test de Spurling<\/li>\n<li>IRM si n\u00e9cessaire<\/li>\n<li>Radiographie selon le contexte<\/li>\n<\/ul>\n\n<h3><span class=\"ez-toc-section\" id=\"Comment_soulager\"><\/span>Comment soulager ?<span class=\"ez-toc-section-end\"><\/span><\/h3>\n<ul>\n<li>Repos relatif<\/li>\n<li>Mouvement adapt\u00e9<\/li>\n<li>Exercices progressifs<\/li>\n<li>Ergonomie au travail<\/li>\n<li>Physioth\u00e9rapie<\/li>\n<li>M\u00e9dication prescrite si besoin<\/li>\n<li>Traction ou mobilisation selon indication<\/li>\n<li>Gestion du stress<\/li>\n<li>Chirurgie dans certains cas<\/li>\n<\/ul>\n\n<h3><span class=\"ez-toc-section\" id=\"Place_de_losteopathie\"><\/span>Place de l\u2019ost\u00e9opathie<span class=\"ez-toc-section-end\"><\/span><\/h3>\n<ul>\n<li>\u00c9valuation globale<\/li>\n<li>Mobilit\u00e9 cervicale et thoracique<\/li>\n<li>Diminution des tensions musculaires<\/li>\n<li>Travail scapulaire<\/li>\n<li>Am\u00e9lioration de la posture<\/li>\n<li>Conseils ergonomiques<\/li>\n<li>Accompagnement personnalis\u00e9<\/li>\n<\/ul>\n\n<h3><span class=\"ez-toc-section\" id=\"Quand_consulter_rapidement\"><\/span>Quand consulter rapidement ?<span class=\"ez-toc-section-end\"><\/span><\/h3>\n<ul>\n<li>Faiblesse progressive<\/li>\n<li>Perte de dext\u00e9rit\u00e9<\/li>\n<li>Troubles de l\u2019\u00e9quilibre<\/li>\n<li>Atteinte des deux bras<\/li>\n<li>Douleur s\u00e9v\u00e8re persistante<\/li>\n<li>Fi\u00e8vre<\/li>\n<li>Traumatisme r\u00e9cent<\/li>\n<li>Sympt\u00f4mes neurologiques inhabituels<\/li>\n<\/ul>\n\n<h3><span class=\"ez-toc-section\" id=\"En_resume\"><\/span>En r\u00e9sum\u00e9<span class=\"ez-toc-section-end\"><\/span><\/h3>\n<p>La radiculopathie cervicale est une irritation nerveuse du cou pouvant provoquer douleur, engourdissement et faiblesse dans le bras. Une prise en charge pr\u00e9coce et adapt\u00e9e permet souvent de retrouver confort, mobilit\u00e9 et confiance dans les mouvements du quotidien.<\/p>\n\n<\/div>\n<\/details>\n<\/div>\n\n\n\n<h2 class=\"wp-block-heading\" id=\"h-introduction-quand-la-douleur-du-cou-descend-dans-le-bras\"><span class=\"ez-toc-section\" id=\"Introduction_Quand_la_douleur_du_cou_descend_dans_le_bras\"><\/span><strong>Introduction: Quand la douleur du cou descend dans le bras <\/strong><span class=\"ez-toc-section-end\"><\/span><\/h2>\n\n\n\n<p>Tu te r\u00e9veilles avec une douleur qui part du cou\u2026 et descend jusque dans le bras.<\/p>\n\n\n\n<p>En tournant la t\u00eate, une d\u00e9charge appara\u00eet. En levant le bras, la g\u00eane augmente. Par moments, tes doigts picotent. Tenir une tasse, \u00e9crire sur un clavier ou simplement trouver une position confortable devient plus difficile.<\/p>\n\n\n\n<p>Tu te demandes peut-\u00eatre : est-ce un muscle tendu ? Une mauvaise posture ? Un faux mouvement ? Pourtant, lorsque la douleur irradie du cou vers l\u2019\u00e9paule, le bras ou la main, une autre explication m\u00e9rite d\u2019\u00eatre envisag\u00e9e : la radiculopathie cervicale.<\/p>\n\n\n\n<p>Derri\u00e8re ce terme se cache l\u2019irritation ou la compression d\u2019une racine nerveuse au niveau du cou. Ce \u201cnerf pinc\u00e9\u201d peut provoquer douleur, engourdissement, faiblesse ou sensations \u00e9lectriques, parfois de fa\u00e7on impressionnante.<\/p>\n\n\n\n<p>La bonne nouvelle : plusieurs solutions existent. Comprendre la cause, reconna\u00eetre les signes typiques et choisir une prise en charge adapt\u00e9e permet souvent d\u2019am\u00e9liorer la situation de fa\u00e7on significative.<\/p>\n\n\n\n<p>Dans cet article, nous allons explorer les sympt\u00f4mes, les causes, le diagnostic, les options m\u00e9dicales et la place de l\u2019ost\u00e9opathie dans la prise en charge de la radiculopathie cervicale.<\/p>\n\n\n\n<h2 class=\"wp-block-heading has-black-color has-white-background-color has-text-color has-background has-link-color wp-elements-c93cb7c48b55da8ffd7fdb7913ff4d27\"><span class=\"ez-toc-section\" id=\"Comprendre_la_radiculopathie_cervicale\"><\/span><strong>Comprendre la radiculopathie cervicale<\/strong><span class=\"ez-toc-section-end\"><\/span><\/h2>\n\n\n\n<p>La radiculopathie cervicale survient lorsqu\u2019une racine nerveuse situ\u00e9e dans le cou est irrit\u00e9e, comprim\u00e9e ou enflamm\u00e9e au moment o\u00f9 elle sort de la colonne vert\u00e9brale. Ces racines nerveuses transmettent les informations sensitives et motrices entre la moelle \u00e9pini\u00e8re, l\u2019\u00e9paule, le bras et la main. Lorsqu\u2019elles sont perturb\u00e9es, les sympt\u00f4mes peuvent appara\u00eetre \u00e0 distance de la zone cervicale.<\/p>\n\n\n\n<p>C\u2019est pourquoi une douleur ressentie dans le bras ne provient pas toujours du bras lui-m\u00eame. L\u2019origine peut se situer au niveau du cou, l\u00e0 o\u00f9 le nerf est comprim\u00e9. Ce ph\u00e9nom\u00e8ne explique les irradiations, les engourdissements dans certains doigts ou la faiblesse de certains muscles.<\/p>\n\n\n<div class=\"wp-block-image\">\n<figure class=\"aligncenter size-full is-resized\"><img decoding=\"async\" width=\"800\" height=\"658\" src=\"https:\/\/osteomag.ca\/wp-content\/uploads\/2024\/02\/1245.webp\" alt=\"\" class=\"wp-image-38861\" style=\"width:569px;height:auto\" srcset=\"https:\/\/osteomag.ca\/wp-content\/uploads\/2024\/02\/1245.webp 800w, https:\/\/osteomag.ca\/wp-content\/uploads\/2024\/02\/1245-492x405.webp 492w, https:\/\/osteomag.ca\/wp-content\/uploads\/2024\/02\/1245-80x66.webp 80w, https:\/\/osteomag.ca\/wp-content\/uploads\/2024\/02\/1245-768x632.webp 768w, https:\/\/osteomag.ca\/wp-content\/uploads\/2024\/02\/1245-150x123.webp 150w, https:\/\/osteomag.ca\/wp-content\/uploads\/2024\/02\/1245-300x247.webp 300w, https:\/\/osteomag.ca\/wp-content\/uploads\/2024\/02\/1245-600x494.webp 600w, https:\/\/osteomag.ca\/wp-content\/uploads\/2024\/02\/1245-696x572.webp 696w\" sizes=\"(max-width: 800px) 100vw, 800px\" \/><figcaption class=\"wp-element-caption\">Cette image illustre les structures vert\u00e9brales et les pathologies associ\u00e9es \u00e0 une compression nerveuse dans la colonne cervicale, un ph\u00e9nom\u00e8ne souvent \u00e0 l\u2019origine de douleurs et de dysfonctionnements neurologiques.<br><strong>Moelle \u00e9pini\u00e8re irrit\u00e9e<\/strong> : L&rsquo;irritation ou l&rsquo;inflammation de la moelle \u00e9pini\u00e8re peut survenir en raison de la compression par des structures environnantes, entra\u00eenant des sympt\u00f4mes tels que des douleurs, des picotements ou une faiblesse.<br><strong>Nerf pinc\u00e9<\/strong> : La compression d&rsquo;un nerf, caus\u00e9e par une hernie discale ou des ost\u00e9ophytes, peut provoquer des douleurs irradiantes, des engourdissements ou une diminution de la force musculaire dans les zones desservies par ce nerf.<br><strong>Disque en mauvaise sant\u00e9<\/strong> : Les disques intervert\u00e9braux d\u00e9g\u00e9n\u00e9r\u00e9s perdent leur capacit\u00e9 \u00e0 amortir les chocs, augmentant ainsi le risque de hernie et de compression nerveuse.<br><strong>Disque herni\u00e9<\/strong> : Une protrusion du noyau du disque intervert\u00e9bral peut entra\u00eener une compression directe des nerfs rachidiens, provoquant des douleurs locales ou irradiantes.<br><strong>Ost\u00e9ophytes<\/strong> : Ces excroissances osseuses, souvent dues \u00e0 l\u2019arthrose ou au vieillissement, r\u00e9duisent l\u2019espace autour des nerfs rachidiens, exacerbant les sympt\u00f4mes de compression.<\/figcaption><\/figure>\n<\/div>\n\n\n<p>Chaque racine nerveuse cervicale correspond \u00e0 des territoires pr\u00e9cis. Par exemple, une atteinte de C6 peut \u00eatre associ\u00e9e \u00e0 des sympt\u00f4mes vers le pouce, tandis qu\u2019une atteinte de C7 touche plus souvent la r\u00e9gion du majeur. Une atteinte de C8 peut influencer l\u2019annulaire, l\u2019auriculaire et certains muscles de la main. Ces rep\u00e8res aident le clinicien \u00e0 orienter son \u00e9valuation.<\/p>\n\n\n\n<p>Les causes les plus fr\u00e9quentes sont la hernie discale cervicale, l\u2019arthrose avec formation d\u2019ost\u00e9ophytes, le r\u00e9tr\u00e9cissement des foramens (les passages o\u00f9 sortent les nerfs), ou certaines inflammations locales. Parfois, plusieurs facteurs coexistent.<\/p>\n\n\n\n<p>La radiculopathie cervicale peut appara\u00eetre brutalement apr\u00e8s un effort ou un faux mouvement, mais elle peut aussi s\u2019installer progressivement avec le temps. Certaines personnes d\u00e9crivent une douleur vive soudaine, d\u2019autres une g\u00eane croissante accompagn\u00e9e de fourmillements ou d\u2019une perte de force.<\/p>\n\n\n\n<p>Comprendre ce m\u00e9canisme est essentiel : le sympt\u00f4me visible dans le bras n\u2019est souvent que la cons\u00e9quence d\u2019un probl\u00e8me situ\u00e9 plus haut. C\u2019est cette logique anatomique qui guide le diagnostic et le traitement.<\/p>\n\n\n\n<div class=\"wp-block-columns is-layout-flex wp-container-core-columns-is-layout-9d6595d7 wp-block-columns-is-layout-flex\">\n<div class=\"wp-block-column has-white-background-color has-background is-layout-flow wp-block-column-is-layout-flow\"><div class=\"wp-block-image\">\n<figure class=\"aligncenter size-full is-resized\"><img decoding=\"async\" width=\"1637\" height=\"960\" src=\"https:\/\/osteomag.ca\/wp-content\/uploads\/2020\/02\/ChatGPT-Image-Apr-23-2026-07_40_40-AM.webp\" alt=\"\" class=\"wp-image-57125\" style=\"width:640px;height:auto\" srcset=\"https:\/\/osteomag.ca\/wp-content\/uploads\/2020\/02\/ChatGPT-Image-Apr-23-2026-07_40_40-AM.webp 1637w, https:\/\/osteomag.ca\/wp-content\/uploads\/2020\/02\/ChatGPT-Image-Apr-23-2026-07_40_40-AM-540x317.webp 540w, https:\/\/osteomag.ca\/wp-content\/uploads\/2020\/02\/ChatGPT-Image-Apr-23-2026-07_40_40-AM-1030x604.webp 1030w, https:\/\/osteomag.ca\/wp-content\/uploads\/2020\/02\/ChatGPT-Image-Apr-23-2026-07_40_40-AM-80x47.webp 80w, https:\/\/osteomag.ca\/wp-content\/uploads\/2020\/02\/ChatGPT-Image-Apr-23-2026-07_40_40-AM-768x450.webp 768w, https:\/\/osteomag.ca\/wp-content\/uploads\/2020\/02\/ChatGPT-Image-Apr-23-2026-07_40_40-AM-1536x901.webp 1536w, https:\/\/osteomag.ca\/wp-content\/uploads\/2020\/02\/ChatGPT-Image-Apr-23-2026-07_40_40-AM-716x420.webp 716w, https:\/\/osteomag.ca\/wp-content\/uploads\/2020\/02\/ChatGPT-Image-Apr-23-2026-07_40_40-AM-150x88.webp 150w, https:\/\/osteomag.ca\/wp-content\/uploads\/2020\/02\/ChatGPT-Image-Apr-23-2026-07_40_40-AM-300x176.webp 300w, https:\/\/osteomag.ca\/wp-content\/uploads\/2020\/02\/ChatGPT-Image-Apr-23-2026-07_40_40-AM-600x352.webp 600w, https:\/\/osteomag.ca\/wp-content\/uploads\/2020\/02\/ChatGPT-Image-Apr-23-2026-07_40_40-AM-696x408.webp 696w, https:\/\/osteomag.ca\/wp-content\/uploads\/2020\/02\/ChatGPT-Image-Apr-23-2026-07_40_40-AM-1068x626.webp 1068w\" sizes=\"(max-width: 1637px) 100vw, 1637px\" \/><figcaption class=\"wp-element-caption\">Cette image offre une vue en coupe transversale de la colonne cervicale et met en \u00e9vidence les structures anatomiques ainsi que les changements pathologiques associ\u00e9s \u00e0 la <strong>radiculopathie cervicale<\/strong>, commun\u00e9ment appel\u00e9e \u00ab\u00a0nerf pinc\u00e9 dans le cou\u00a0\u00bb :<br><strong>Hernie discale<\/strong> : Une protrusion du disque intervert\u00e9bral qui peut comprimer les nerfs rachidiens voisins, provoquant des douleurs, des picotements ou des engourdissements irradiant dans les bras.<br><strong>Articulation facettaire<\/strong> : La d\u00e9g\u00e9n\u00e9rescence ou le dysfonctionnement de ces articulations stabilisatrices peut contribuer \u00e0 l&rsquo;irritation des nerfs et \u00e0 la raideur de la colonne vert\u00e9brale.<br><strong>Ost\u00e9ophyte<\/strong> : Les excroissances osseuses, r\u00e9sultant de changements d\u00e9g\u00e9n\u00e9ratifs de la colonne, peuvent r\u00e9duire les espaces o\u00f9 les nerfs sortent de la colonne vert\u00e9brale, aggravant ainsi la compression nerveuse.<br><strong>Moelle \u00e9pini\u00e8re<\/strong> : Essentielle pour transmettre les signaux entre le cerveau et le corps, elle reste prot\u00e9g\u00e9e dans le canal rachidien, mais peut \u00eatre indirectement affect\u00e9e par des modifications structurelles.<br><strong>Nerf<\/strong> : La compression ou l&rsquo;irritation des racines nerveuses cervicales peut entra\u00eener les sympt\u00f4mes typiques de la radiculopathie cervicale, comme des douleurs, une faiblesse ou des troubles sensoriels.<br><strong>\u00c9paississement du ligament jaune<\/strong> : L&rsquo;hypertrophie de ce ligament contribue au r\u00e9tr\u00e9cissement du canal rachidien (st\u00e9nose), aggravant la compression nerveuse.<\/figcaption><\/figure>\n<\/div><\/div>\n<\/div>\n\n\n\n<p class=\"has-white-color has-vivid-red-background-color has-text-color has-background has-link-color wp-elements-7b03bb5facd94fa0bcccdb1cfdbfb0dc\"><strong>Avertissement: <\/strong>Les informations pr\u00e9sent\u00e9es dans cet article sont fournies \u00e0 titre \u00e9ducatif uniquement et ne remplacent en aucun cas une \u00e9valuation m\u00e9dicale ou un avis professionnel personnalis\u00e9. Toute douleur au cou avec irradiation dans le bras, engourdissement, faiblesse ou sympt\u00f4mes persistants m\u00e9rite une attention clinique appropri\u00e9e. Les conseils, exercices et approches d\u00e9crits doivent \u00eatre adapt\u00e9s \u00e0 la condition, \u00e0 l\u2019historique de sant\u00e9 et \u00e0 la tol\u00e9rance de chaque personne. Ce qui convient \u00e0 l\u2019un ne convient pas n\u00e9cessairement \u00e0 l\u2019autre. L\u2019ost\u00e9opathie peut repr\u00e9senter une approche compl\u00e9mentaire int\u00e9ressante, mais elle ne remplace pas les examens m\u00e9dicaux n\u00e9cessaires lorsque des signes neurologiques importants ou des signaux d\u2019alarme sont pr\u00e9sents. En cas d\u2019aggravation des sympt\u00f4mes, de perte de force, de troubles de coordination, de douleur importante ou de doute concernant votre \u00e9tat de sant\u00e9, consultez rapidement un professionnel qualifi\u00e9.<\/p>\n\n\n\n<h2 class=\"wp-block-heading\"><span class=\"ez-toc-section\" id=\"Origines_et_facteurs_de_risque\"><\/span><strong>Origines et facteurs de risque<\/strong><span class=\"ez-toc-section-end\"><\/span><\/h2>\n\n\n\n<p>La radiculopathie cervicale n\u2019appara\u00eet pas par hasard. Elle r\u00e9sulte g\u00e9n\u00e9ralement d\u2019un ensemble de changements m\u00e9caniques, d\u00e9g\u00e9n\u00e9ratifs ou inflammatoires qui finissent par r\u00e9duire l\u2019espace disponible autour d\u2019une racine nerveuse. Chez certaines personnes, un seul facteur domine. Chez d\u2019autres, plusieurs causes se combinent.<\/p>\n\n\n\n<h3 class=\"wp-block-heading\"><span class=\"ez-toc-section\" id=\"Hernie_discale_cervicale\"><\/span>Hernie discale cervicale<span class=\"ez-toc-section-end\"><\/span><\/h3>\n\n\n\n<p>Entre chaque vert\u00e8bre se trouve un disque intervert\u00e9bral qui agit comme amortisseur. Lorsqu\u2019il se fissure ou se d\u00e9forme, une partie du noyau discal peut faire saillie vers l\u2019arri\u00e8re et irriter la racine nerveuse voisine. C\u2019est une cause fr\u00e9quente chez les adultes plus jeunes ou apr\u00e8s un effort mal contr\u00f4l\u00e9.<\/p>\n\n\n\n<h3 class=\"wp-block-heading\"><span class=\"ez-toc-section\" id=\"Arthrose_cervicale_et_osteophytes\"><\/span>Arthrose cervicale et ost\u00e9ophytes<span class=\"ez-toc-section-end\"><\/span><\/h3>\n\n\n\n<p>Avec le temps, les articulations cervicales peuvent s\u2019user. Le corps r\u00e9agit parfois en formant des excroissances osseuses appel\u00e9es ost\u00e9ophytes. Ces reliefs osseux peuvent r\u00e9tr\u00e9cir les passages nerveux et favoriser la compression.<\/p>\n\n\n\n<h3 class=\"wp-block-heading\"><span class=\"ez-toc-section\" id=\"Retrecissement_foraminal_et_stenose\"><\/span>R\u00e9tr\u00e9cissement foraminal et st\u00e9nose<span class=\"ez-toc-section-end\"><\/span><\/h3>\n\n\n\n<p>Les racines nerveuses sortent par de petits tunnels appel\u00e9s foramens. Si ces ouvertures deviennent trop \u00e9troites \u00e0 cause de l\u2019arthrose, d\u2019un \u00e9paississement ligamentaire ou d\u2019un affaissement discal, le nerf peut manquer d\u2019espace et devenir sensible.<\/p>\n\n\n\n<h3 class=\"wp-block-heading\"><span class=\"ez-toc-section\" id=\"Mauvaises_postures_prolongees\"><\/span>Mauvaises postures prolong\u00e9es<span class=\"ez-toc-section-end\"><\/span><\/h3>\n\n\n\n<p>Le travail prolong\u00e9 devant un \u00e9cran, la t\u00eate projet\u00e9e vers l\u2019avant, certaines positions r\u00e9p\u00e9titives ou un environnement ergonomique inad\u00e9quat augmentent les contraintes sur la r\u00e9gion cervicale. Ces habitudes ne cr\u00e9ent pas toujours une radiculopathie \u00e0 elles seules, mais elles peuvent contribuer au terrain m\u00e9canique d\u00e9favorable.<\/p>\n\n\n\n<h3 class=\"wp-block-heading\"><span class=\"ez-toc-section\" id=\"Travail_repetitif_et_charges\"><\/span>Travail r\u00e9p\u00e9titif et charges<span class=\"ez-toc-section-end\"><\/span><\/h3>\n\n\n\n<p>Porter, pousser, tirer ou r\u00e9p\u00e9ter certains gestes au-dessus des \u00e9paules peut irriter les tissus cervicaux et accentuer des compressions d\u00e9j\u00e0 pr\u00e9sentes.<\/p>\n\n\n\n<h3 class=\"wp-block-heading\"><span class=\"ez-toc-section\" id=\"Traumatisme_cervical\"><\/span>Traumatisme cervical<span class=\"ez-toc-section-end\"><\/span><\/h3>\n\n\n\n<p>Un accident de voiture, une chute, un sport de contact ou un mouvement brusque peuvent provoquer une inflammation locale, une hernie discale ou d\u00e9stabiliser des structures d\u00e9j\u00e0 fragilis\u00e9es.<\/p>\n\n\n\n<h3 class=\"wp-block-heading\"><span class=\"ez-toc-section\" id=\"Facteurs_individuels\"><\/span>Facteurs individuels<span class=\"ez-toc-section-end\"><\/span><\/h3>\n\n\n\n<p>L\u2019\u00e2ge, les ant\u00e9c\u00e9dents de douleurs cervicales, la s\u00e9dentarit\u00e9, le tabagisme, la faible condition physique et parfois certains facteurs g\u00e9n\u00e9tiques peuvent influencer la sant\u00e9 discale et articulaire.<\/p>\n\n\n\n<h2 class=\"wp-block-heading\"><span class=\"ez-toc-section\" id=\"Manifestations_cliniques_et_symptomes\"><\/span><strong>Manifestations cliniques et sympt\u00f4mes<\/strong><span class=\"ez-toc-section-end\"><\/span><\/h2>\n\n\n\n<p>Les sympt\u00f4mes d\u2019une radiculopathie cervicale varient selon la racine nerveuse touch\u00e9e, l\u2019intensit\u00e9 de la compression et la r\u00e9action inflammatoire des tissus voisins. Certaines personnes ressentent surtout de la douleur, tandis que d\u2019autres d\u00e9crivent davantage des fourmillements, une perte de force ou une g\u00eane fonctionnelle progressive.<\/p>\n\n\n\n<p>Le signe le plus fr\u00e9quent est une douleur qui d\u00e9bute dans le cou ou autour de l\u2019omoplate, puis descend vers l\u2019\u00e9paule, le bras, l\u2019avant-bras ou la main. Cette douleur peut \u00eatre sourde, br\u00fblante, vive, lancinante ou \u00e9lectrique. Elle suit souvent un trajet relativement pr\u00e9cis correspondant au territoire du nerf irrit\u00e9.<\/p>\n\n\n\n<p>Les picotements et engourdissements sont \u00e9galement fr\u00e9quents. Ils peuvent appara\u00eetre dans certains doigts seulement ou dans une portion du bras. Par exemple, le pouce peut \u00eatre concern\u00e9 dans certaines atteintes, alors que le majeur ou l\u2019auriculaire seront plus touch\u00e9s dans d\u2019autres.<\/p>\n\n\n\n<p>La faiblesse musculaire est un signe important \u00e0 surveiller. Elle peut se manifester par une difficult\u00e9 \u00e0 serrer la main, soulever un objet, pousser une porte, tenir une tasse, taper au clavier ou lever le bras. Parfois, la personne ne parle pas de faiblesse directement, mais remarque plut\u00f4t une maladresse inhabituelle.<\/p>\n\n\n\n<p>La douleur augmente souvent avec certains mouvements du cou : rotation, extension, inclinaison lat\u00e9rale ou maintien prolong\u00e9 de la t\u00eate dans une m\u00eame position. Tousser, \u00e9ternuer ou forcer peut parfois accentuer les sympt\u00f4mes en augmentant momentan\u00e9ment la pression interne.<\/p>\n\n\n\n<p>Certaines personnes trouvent spontan\u00e9ment une position de soulagement. Par exemple, soutenir le bras ou placer la main sur la t\u00eate peut r\u00e9duire la tension sur certaines racines nerveuses. Ce comportement instinctif peut fournir un indice clinique utile.<\/p>\n\n\n\n<p>Des raideurs cervicales, des tensions musculaires secondaires et des maux de t\u00eate associ\u00e9s peuvent aussi \u00eatre pr\u00e9sents. Le corps tente souvent de prot\u00e9ger la zone irrit\u00e9e en limitant le mouvement, ce qui ajoute une composante musculaire au probl\u00e8me initial.<\/p>\n\n\n\n<p>L\u2019intensit\u00e9 des sympt\u00f4mes n\u2019est pas toujours constante. Il existe parfois des p\u00e9riodes de calme suivies de pouss\u00e9es plus douloureuses. Le stress, la fatigue, le manque de sommeil ou certaines postures prolong\u00e9es peuvent influencer la perception des sympt\u00f4mes.<\/p>\n\n\n\n<p>Enfin, certains signes n\u00e9cessitent une attention rapide : faiblesse qui progresse, perte importante de dext\u00e9rit\u00e9, troubles de l\u2019\u00e9quilibre, atteinte des deux bras, douleur s\u00e9v\u00e8re persistante, fi\u00e8vre, traumatisme r\u00e9cent ou sympt\u00f4mes neurologiques inhabituels. Dans ces situations, une \u00e9valuation m\u00e9dicale rapide est recommand\u00e9e.<\/p>\n\n\n<div class=\"wp-block-image\">\n<figure class=\"aligncenter size-full\"><img decoding=\"async\" width=\"643\" height=\"448\" src=\"https:\/\/osteomag.ca\/wp-content\/uploads\/2024\/01\/image-31.png\" alt=\"\" class=\"wp-image-38430\" srcset=\"https:\/\/osteomag.ca\/wp-content\/uploads\/2024\/01\/image-31.png 643w, https:\/\/osteomag.ca\/wp-content\/uploads\/2024\/01\/image-31-540x376.png 540w, https:\/\/osteomag.ca\/wp-content\/uploads\/2024\/01\/image-31-80x56.png 80w, https:\/\/osteomag.ca\/wp-content\/uploads\/2024\/01\/image-31-150x105.png 150w, https:\/\/osteomag.ca\/wp-content\/uploads\/2024\/01\/image-31-300x209.png 300w, https:\/\/osteomag.ca\/wp-content\/uploads\/2024\/01\/image-31-600x418.png 600w\" sizes=\"(max-width: 643px) 100vw, 643px\" \/><figcaption class=\"wp-element-caption\">Cette image illustre les dermatomes associ\u00e9s \u00e0 la colonne cervicale, en se concentrant sur les racines nerveuses C5, C6, C7 et C8. Les dermatomes sont des zones de la peau innerv\u00e9es par des racines nerveuses rachidiennes sp\u00e9cifiques, offrant des informations essentielles sur la relation entre la fonction nerveuse et les sch\u00e9mas sensoriels.<br><strong>Dermatome C5<\/strong> : La r\u00e9gion sensorielle inclut l\u2019\u00e9paule lat\u00e9rale et le haut du bras, souvent li\u00e9e \u00e0 la zone du delto\u00efde. Cela correspond aux sensations m\u00e9di\u00e9es par la racine nerveuse C5.<br><strong>Dermatome C6<\/strong> : S\u2019\u00e9tend de l\u2019avant-bras lat\u00e9ral jusqu\u2019au pouce et \u00e0 l\u2019index. Une douleur ou un engourdissement dans cette zone peut indiquer une compression ou un dysfonctionnement de la racine nerveuse C6.<br><strong>Dermatome C7<\/strong> : Englobe le majeur et s\u2019\u00e9tend jusqu\u2019\u00e0 l\u2019avant-bras post\u00e9rieur. Les sympt\u00f4mes dans cette r\u00e9gion sugg\u00e8rent souvent des probl\u00e8mes li\u00e9s \u00e0 la racine nerveuse C7, fr\u00e9quemment associ\u00e9s \u00e0 une radiculopathie cervicale.<br><strong>Dermatome C8<\/strong> : Couvre l\u2019avant-bras m\u00e9dial ainsi que l\u2019annulaire et l\u2019auriculaire. Un dysfonctionnement de la racine nerveuse C8 peut se manifester par des modifications sensorielles ou une faiblesse dans cette r\u00e9gion.<br>Les zones mises en \u00e9vidence aident \u00e0 diagnostiquer une compression ou une irritation nerveuse, guidant souvent les professionnels de sant\u00e9 dans l\u2019identification des troubles de la colonne cervicale. Comprendre ces sch\u00e9mas est essentiel pour des interventions th\u00e9rapeutiques adapt\u00e9es.<\/figcaption><\/figure>\n<\/div>\n\n\n<figure class=\"wp-block-table has-small-font-size\"><table class=\"has-fixed-layout\"><thead><tr><th>Racine nerveuse<\/th><th>Zone de douleur fr\u00e9quente<\/th><th>Picotements \/ engourdissements<\/th><th>Faiblesse possible<\/th><th>R\u00e9flexe parfois diminu\u00e9<\/th><\/tr><\/thead><tbody><tr><td><strong>C5<\/strong><\/td><td>Cou, \u00e9paule, face lat\u00e9rale du bras<\/td><td>\u00c9paule \/ haut du bras<\/td><td>Delto\u00efde, abduction de l\u2019\u00e9paule<\/td><td>Bicipital parfois<\/td><\/tr><tr><td><strong>C6<\/strong><\/td><td>Cou, bras lat\u00e9ral, avant-bras, pouce<\/td><td>Pouce, index, bord radial de la main<\/td><td>Biceps, extension du poignet<\/td><td>Brachioradial, bicipital<\/td><\/tr><tr><td><strong>C7<\/strong><\/td><td>Cou, omoplate, arri\u00e8re du bras, avant-bras, majeur<\/td><td>Majeur, parfois index\/annulaire<\/td><td>Triceps, extension des doigts<\/td><td>Tricipital<\/td><\/tr><tr><td><strong>C8<\/strong><\/td><td>Cou, face interne du bras, avant-bras, annulaire, auriculaire<\/td><td>Annulaire, auriculaire, bord ulnaire<\/td><td>Flexion des doigts, pince, muscles intrins\u00e8ques de la main<\/td><td>Variable \/ souvent normal<\/td><\/tr><tr><td><strong>T1<\/strong><\/td><td>Face interne du bras \/ aisselle parfois<\/td><td>Avant-bras m\u00e9dial<\/td><td>Interosseux, \u00e9cartement des doigts<\/td><td>Rarement sp\u00e9cifique<\/td><\/tr><\/tbody><\/table><\/figure>\n\n\n\n<h2 class=\"wp-block-heading\" id=\"h-quand-consulter-rapidement\"><span class=\"ez-toc-section\" id=\"Quand_consulter_rapidement-2\"><\/span><strong>Quand consulter rapidement<\/strong><span class=\"ez-toc-section-end\"><\/span><\/h2>\n\n\n\n<figure class=\"wp-block-image size-large\"><img decoding=\"async\" width=\"1030\" height=\"687\" src=\"https:\/\/osteomag.ca\/wp-content\/uploads\/2020\/02\/ChatGPT-Image-Apr-23-2026-11_07_41-AM-1030x687.webp\" alt=\"\" class=\"wp-image-57135\" srcset=\"https:\/\/osteomag.ca\/wp-content\/uploads\/2020\/02\/ChatGPT-Image-Apr-23-2026-11_07_41-AM-1030x687.webp 1030w, https:\/\/osteomag.ca\/wp-content\/uploads\/2020\/02\/ChatGPT-Image-Apr-23-2026-11_07_41-AM-540x360.webp 540w, https:\/\/osteomag.ca\/wp-content\/uploads\/2020\/02\/ChatGPT-Image-Apr-23-2026-11_07_41-AM-80x53.webp 80w, https:\/\/osteomag.ca\/wp-content\/uploads\/2020\/02\/ChatGPT-Image-Apr-23-2026-11_07_41-AM-768x512.webp 768w, https:\/\/osteomag.ca\/wp-content\/uploads\/2020\/02\/ChatGPT-Image-Apr-23-2026-11_07_41-AM-630x420.webp 630w, https:\/\/osteomag.ca\/wp-content\/uploads\/2020\/02\/ChatGPT-Image-Apr-23-2026-11_07_41-AM-150x100.webp 150w, https:\/\/osteomag.ca\/wp-content\/uploads\/2020\/02\/ChatGPT-Image-Apr-23-2026-11_07_41-AM-300x200.webp 300w, https:\/\/osteomag.ca\/wp-content\/uploads\/2020\/02\/ChatGPT-Image-Apr-23-2026-11_07_41-AM-600x400.webp 600w, https:\/\/osteomag.ca\/wp-content\/uploads\/2020\/02\/ChatGPT-Image-Apr-23-2026-11_07_41-AM-696x464.webp 696w, https:\/\/osteomag.ca\/wp-content\/uploads\/2020\/02\/ChatGPT-Image-Apr-23-2026-11_07_41-AM-1068x712.webp 1068w, https:\/\/osteomag.ca\/wp-content\/uploads\/2020\/02\/ChatGPT-Image-Apr-23-2026-11_07_41-AM.webp 1536w\" sizes=\"(max-width: 1030px) 100vw, 1030px\" \/><\/figure>\n\n\n\n<h2 class=\"wp-block-heading has-black-color has-white-background-color has-text-color has-background has-link-color wp-elements-1f2fcc785bf9a89a36f383b33327c9f0\"><span class=\"ez-toc-section\" id=\"Mecanismes_physiopathologiques\"><\/span><strong>M\u00e9canismes physiopathologiques<\/strong><span class=\"ez-toc-section-end\"><\/span><\/h2>\n\n\n\n<p>Pour comprendre la radiculopathie cervicale, il faut distinguer ce que l\u2019on voit sur une image\u2026 et ce que vit r\u00e9ellement le nerf. La pr\u00e9sence d\u2019une hernie discale ou d\u2019arthrose n\u2019explique pas toujours \u00e0 elle seule la douleur. Le sympt\u00f4me appara\u00eet surtout lorsque certaines contraintes d\u00e9passent la capacit\u00e9 d\u2019adaptation des tissus nerveux.<\/p>\n\n\n\n<p>Le premier m\u00e9canisme est la compression m\u00e9canique. Lorsqu\u2019un disque bombe, qu\u2019un ost\u00e9ophyte se d\u00e9veloppe ou qu\u2019un foramen se r\u00e9tr\u00e9cit, la racine nerveuse dispose de moins d\u2019espace. Chaque mouvement du cou peut alors augmenter les contacts, les frottements ou les tensions locales.<\/p>\n\n\n\n<p>Le deuxi\u00e8me m\u00e9canisme est l\u2019inflammation chimique. Un disque l\u00e9s\u00e9 peut lib\u00e9rer des substances inflammatoires irritantes. M\u00eame sans compression s\u00e9v\u00e8re, ces m\u00e9diateurs sensibilisent le nerf et abaissent son seuil de r\u00e9action. Le r\u00e9sultat : douleur, br\u00fblure, hypersensibilit\u00e9 ou sympt\u00f4mes d\u00e9clench\u00e9s par de petits mouvements.<\/p>\n\n\n\n<p>Le troisi\u00e8me m\u00e9canisme concerne la microcirculation. Une pression prolong\u00e9e peut perturber l\u2019apport sanguin autour de la racine nerveuse. Un tissu nerveux moins bien oxyg\u00e9n\u00e9 devient plus vuln\u00e9rable et r\u00e9cup\u00e8re moins bien apr\u00e8s les efforts ou les positions prolong\u00e9es.<\/p>\n\n\n\n<p>Le quatri\u00e8me m\u00e9canisme est la sensibilit\u00e9 du syst\u00e8me nerveux. Avec le temps, le cerveau et la moelle \u00e9pini\u00e8re peuvent devenir plus r\u00e9actifs au signal douloureux. On parle alors de sensibilisation. Cela signifie que la douleur ressentie peut devenir plus intense ou plus persistante que la seule compression anatomique ne le laisserait pr\u00e9voir.<\/p>\n\n\n\n<p>Le corps ajoute souvent une r\u00e9ponse protectrice musculaire. Les muscles cervicaux, scapulaires et thoraciques se contractent pour limiter les mouvements jug\u00e9s mena\u00e7ants. Cette strat\u00e9gie est utile \u00e0 court terme, mais si elle persiste, elle entretient raideur, fatigue et inconfort.<\/p>\n\n\n\n<p>Il faut aussi comprendre que les sympt\u00f4mes fluctuent. Certains jours, l\u2019espace nerveux est mieux tol\u00e9r\u00e9, l\u2019inflammation plus calme et le syst\u00e8me nerveux moins vigilant. D\u2019autres jours, le manque de sommeil, le stress, une posture prolong\u00e9e ou une surcharge m\u00e9canique amplifient les sympt\u00f4mes.<\/p>\n\n\n\n<p>En pratique, la radiculopathie cervicale est rarement un probl\u00e8me purement \u201cstructurel\u201d. C\u2019est l\u2019interaction entre m\u00e9canique, inflammation, circulation, protection musculaire et sensibilit\u00e9 nerveuse qui fa\u00e7onne l\u2019exp\u00e9rience du patient.<\/p>\n\n\n\n<p>Cette vision plus compl\u00e8te aide \u00e0 mieux traiter : on ne cherche pas seulement \u00e0 \u201ccorriger une image\u201d, mais \u00e0 redonner au syst\u00e8me assez d\u2019espace, de mouvement et de tol\u00e9rance pour sortir du cercle douloureux.<\/p>\n\n\n\n<figure class=\"wp-block-table has-small-font-size\"><table class=\"has-fixed-layout\"><thead><tr><th>M\u00e9canisme physiopathologique<\/th><th>Ce qui se passe<\/th><th>Sympt\u00f4mes possibles<\/th><th>Facteurs aggravants<\/th><th>Pistes th\u00e9rapeutiques<\/th><\/tr><\/thead><tbody><tr><td><strong>Compression m\u00e9canique<\/strong><\/td><td>Le nerf manque d\u2019espace (hernie, ost\u00e9ophyte, st\u00e9nose foraminale)<\/td><td>Douleur irradi\u00e9e, engourdissement, faiblesse<\/td><td>Rotation du cou, extension, posture prolong\u00e9e<\/td><td>D\u00e9compression relative, mobilit\u00e9 adapt\u00e9e, ergonomie<\/td><\/tr><tr><td><strong>Inflammation chimique<\/strong><\/td><td>Lib\u00e9ration de m\u00e9diateurs inflammatoires autour du nerf<\/td><td>Br\u00fblure, douleur vive, hypersensibilit\u00e9<\/td><td>Pouss\u00e9e inflammatoire, surcharge, irritation r\u00e9p\u00e9t\u00e9e<\/td><td>Repos relatif, gestion de charge, anti-inflammatoires selon avis m\u00e9dical<\/td><\/tr><tr><td><strong>Trouble circulatoire local<\/strong><\/td><td>Compression des petits vaisseaux autour de la racine nerveuse<\/td><td>Douleur persistante, fatigue, r\u00e9cup\u00e9ration lente<\/td><td>Maintien statique, compression prolong\u00e9e<\/td><td>Changement de position, mouvements doux, activit\u00e9 graduelle<\/td><\/tr><tr><td><strong>Sensibilisation nerveuse<\/strong><\/td><td>Le syst\u00e8me nerveux devient plus r\u00e9actif au signal douloureux<\/td><td>Douleur amplifi\u00e9e, sympt\u00f4mes disproportionn\u00e9s, fluctuations<\/td><td>Stress, peur du mouvement, mauvais sommeil<\/td><td>\u00c9ducation, exposition graduelle, sommeil, gestion du stress<\/td><\/tr><tr><td><strong>Protection musculaire<\/strong><\/td><td>Contraction r\u00e9flexe des muscles cervicaux\/scapulaires<\/td><td>Raideur, tension, c\u00e9phal\u00e9e, fatigue<\/td><td>Immobilit\u00e9, anxi\u00e9t\u00e9, surprotection<\/td><td>Th\u00e9rapie manuelle, exercices, respiration, rel\u00e2chement<\/td><\/tr><tr><td><strong>Facteurs mixtes<\/strong><\/td><td>Plusieurs m\u00e9canismes coexistent<\/td><td>Sympt\u00f4mes variables et complexes<\/td><td>Fatigue, surcharge globale, chronicit\u00e9<\/td><td>Approche individualis\u00e9e multidimensionnelle<\/td><\/tr><\/tbody><\/table><\/figure>\n\n\n\n<h2 class=\"wp-block-heading\"><span class=\"ez-toc-section\" id=\"Diagnostic_et_evaluation_clinique\"><\/span><strong>Diagnostic et \u00e9valuation clinique<\/strong><span class=\"ez-toc-section-end\"><\/span><\/h2>\n\n\n\n<p>Le diagnostic d\u2019une radiculopathie cervicale repose d\u2019abord sur une bonne histoire clinique et un examen physique rigoureux. L\u2019imagerie peut \u00eatre utile, mais elle ne remplace pas l\u2019\u00e9valuation du patient. Le but n\u2019est pas seulement de voir une structure : il s\u2019agit de relier des sympt\u00f4mes r\u00e9els \u00e0 une racine nerveuse possiblement irrit\u00e9e.<\/p>\n\n\n\n<p>La premi\u00e8re \u00e9tape consiste \u00e0 comprendre comment les sympt\u00f4mes ont commenc\u00e9. Une douleur apparue apr\u00e8s un effort, un r\u00e9veil difficile, un traumatisme, ou une installation progressive n\u2019oriente pas vers les m\u00eames hypoth\u00e8ses. Le clinicien s\u2019int\u00e9resse aussi \u00e0 la dur\u00e9e des sympt\u00f4mes, \u00e0 leur \u00e9volution, aux gestes aggravants, aux positions soulageantes et \u00e0 l\u2019impact sur le sommeil, le travail et les activit\u00e9s quotidiennes.<\/p>\n\n\n\n<p>La description de la douleur est pr\u00e9cieuse. Une irradiation vers le bras, des picotements dans certains doigts, une sensation \u00e9lectrique ou une faiblesse cibl\u00e9e peuvent orienter vers une racine nerveuse sp\u00e9cifique. \u00c0 l\u2019inverse, une douleur diffuse sans logique neurologique demande d\u2019\u00e9largir l\u2019analyse.<\/p>\n\n\n\n<p>L\u2019examen physique \u00e9value ensuite la mobilit\u00e9 cervicale, la reproduction des sympt\u00f4mes lors de certains mouvements, la force musculaire, les r\u00e9flexes et la sensibilit\u00e9 cutan\u00e9e. Des tests cliniques peuvent \u00eatre utilis\u00e9s pour augmenter ou diminuer temporairement les sympt\u00f4mes et aider \u00e0 pr\u00e9ciser l\u2019origine du probl\u00e8me.<\/p>\n\n\n\n<p>Le test de Spurling, par exemple, consiste \u00e0 combiner certains mouvements du cou afin de voir si la douleur radiculaire est reproduite. D\u2019autres man\u0153uvres, comme la traction cervicale ou le signe de soulagement avec la main sur la t\u00eate, peuvent \u00e9galement fournir des indices utiles.<\/p>\n\n\n\n<p>L\u2019examen ne se limite pas au cou. L\u2019\u00e9paule, le coude, le poignet, la posture, la respiration, la cage thoracique et la m\u00e9canique scapulaire peuvent influencer les sympt\u00f4mes ou imiter une radiculopathie. Une vision globale \u00e9vite les erreurs d\u2019interpr\u00e9tation.<\/p>\n\n\n\n<p>L\u2019imagerie n\u2019est pas syst\u00e9matique au d\u00e9part. Une radiographie peut montrer l\u2019arthrose ou l\u2019alignement. L\u2019IRM est souvent l\u2019examen de choix lorsqu\u2019on suspecte une hernie discale, une compression nerveuse importante ou lorsque les sympt\u00f4mes persistent. D\u2019autres tests, comme l\u2019\u00e9lectromyographie, peuvent \u00eatre demand\u00e9s dans certains cas.<\/p>\n\n\n\n<p>Il faut aussi rechercher les signes d\u2019alerte : faiblesse progressive, troubles de la marche, perte de coordination, atteinte bilat\u00e9rale, douleur nocturne inexpliqu\u00e9e, fi\u00e8vre, perte de poids non voulue, traumatisme majeur ou suspicion de my\u00e9lopathie. Ces situations n\u00e9cessitent une prise en charge m\u00e9dicale rapide.<\/p>\n\n\n\n<p>En r\u00e9sum\u00e9, le diagnostic est un raisonnement clinique complet. Il combine ce que la personne ressent, ce que l\u2019examen r\u00e9v\u00e8le et, au besoin, ce que les examens compl\u00e9mentaires confirment.<\/p>\n\n\n\n<h2 class=\"wp-block-heading\"><span class=\"ez-toc-section\" id=\"Radiographie_Cervicale_Que_Peut-Elle_Montrer_en_Cas_de_Radiculopathie_Cervicale\"><\/span><strong>Radiographie Cervicale : Que Peut-Elle Montrer en Cas de Radiculopathie Cervicale ?<\/strong><span class=\"ez-toc-section-end\"><\/span><\/h2>\n\n\n\n<p>Lorsqu\u2019une douleur part du cou et descend dans le bras, plusieurs personnes se demandent rapidement :&nbsp;<em>devrais-je passer une radiographie ?<\/em>&nbsp;C\u2019est une question fr\u00e9quente. Face \u00e0 des picotements, un engourdissement ou une sensation de nerf coinc\u00e9, l\u2019id\u00e9e d\u2019obtenir une image rassure souvent et semble offrir une r\u00e9ponse claire.<\/p>\n\n\n\n<div class=\"wp-block-columns has-white-background-color has-background is-layout-flex wp-container-core-columns-is-layout-9d6595d7 wp-block-columns-is-layout-flex\">\n<div class=\"wp-block-column has-white-background-color has-background is-layout-flow wp-block-column-is-layout-flow\"><div class=\"wp-block-image\">\n<div><a href=\"http:\/\/www.osteomag.ca\/wp-content\/uploads\/2021\/12\/2021-12-14_11-20-14.jpg\" class=\"td-modal-image\"><figure class=\"aligncenter size-full is-resized\"><img decoding=\"async\" width=\"218\" height=\"279\" src=\"http:\/\/www.osteomag.ca\/wp-content\/uploads\/2021\/12\/2021-12-14_11-20-14.jpg\" alt=\"\" class=\"wp-image-19504\" style=\"width:537px\" srcset=\"https:\/\/osteomag.ca\/wp-content\/uploads\/2021\/12\/2021-12-14_11-20-14.jpg 218w, https:\/\/osteomag.ca\/wp-content\/uploads\/2021\/12\/2021-12-14_11-20-14-63x80.jpg 63w\" sizes=\"(max-width: 218px) 100vw, 218px\" \/><figcaption class=\"wp-element-caption\"><strong>Radiculopathie cervicale<\/strong> : Cette radiographie montre la colonne cervicale d\u2019un patient pr\u00e9sentant des douleurs au cou et \u00e0 l\u2019\u00e9paule gauche. L\u2019image met en \u00e9vidence une st\u00e9nose (r\u00e9tr\u00e9cissement) du foramen intervert\u00e9bral gauche, indiqu\u00e9e par les fl\u00e8ches. Ce r\u00e9tr\u00e9cissement comprime le nerf rachidien cervical \u00e0 sa sortie du canal rachidien, une condition souvent associ\u00e9e \u00e0 la radiculopathie cervicale.<br>La radiculopathie cervicale se produit lorsque les racines nerveuses dans la colonne cervicale sont comprim\u00e9es, souvent en raison d\u2019anomalies structurelles telles que des ost\u00e9ophytes, des hernies discales ou des changements d\u00e9g\u00e9n\u00e9ratifs. Dans ce cas, la st\u00e9nose du foramen intervert\u00e9bral contribue probablement aux sympt\u00f4mes du patient, qui peuvent inclure des douleurs irradiant dans le bras, des picotements, des engourdissements ou m\u00eame une faiblesse musculaire dans la zone affect\u00e9e.<br>Les radiographies sont un outil diagnostique essentiel pour identifier les causes sous-jacentes de la compression nerveuse. Cette projection lat\u00e9rale fournit une vue claire de l\u2019alignement vert\u00e9bral, des espaces discaux intervert\u00e9braux et des structures osseuses, permettant aux cliniciens de localiser pr\u00e9cis\u00e9ment la pathologie. La compr\u00e9hension de la localisation exacte de la compression nerveuse oriente les options de traitement, allant de th\u00e9rapies conservatrices (kin\u00e9sith\u00e9rapie, m\u00e9dicaments) \u00e0 des interventions chirurgicales dans les cas graves.<\/figcaption><\/figure><\/a><\/div>\n<\/div><\/div>\n<\/div>\n\n\n<div class=\"wp-block-image\">\n<figure class=\"aligncenter size-full is-resized\"><img decoding=\"async\" width=\"389\" height=\"432\" src=\"https:\/\/osteomag.ca\/wp-content\/uploads\/2020\/02\/image-2.png\" alt=\"\" class=\"wp-image-47545\" style=\"width:537px;height:auto\" srcset=\"https:\/\/osteomag.ca\/wp-content\/uploads\/2020\/02\/image-2.png 389w, https:\/\/osteomag.ca\/wp-content\/uploads\/2020\/02\/image-2-365x405.png 365w, https:\/\/osteomag.ca\/wp-content\/uploads\/2020\/02\/image-2-72x80.png 72w, https:\/\/osteomag.ca\/wp-content\/uploads\/2020\/02\/image-2-378x420.png 378w, https:\/\/osteomag.ca\/wp-content\/uploads\/2020\/02\/image-2-150x167.png 150w, https:\/\/osteomag.ca\/wp-content\/uploads\/2020\/02\/image-2-300x333.png 300w\" sizes=\"(max-width: 389px) 100vw, 389px\" \/><figcaption class=\"wp-element-caption\"><strong>Radiculopathie cervicale<\/strong>: Radiographies de la colonne cervicale d\u2019un patient de 53 ans. Il s\u2019est plaint d\u2019une douleur s\u00e9v\u00e8re du bord m\u00e9dial de l\u2019omoplate gauche et d\u2019une faiblesse de l\u2019extension du doigt gauche. Un r\u00e9tr\u00e9cissement de l\u2019espace discal intervert\u00e9bral et des ost\u00e9phytes post\u00e9rieurs ont \u00e9t\u00e9 observ\u00e9s \u00e0 plusieurs niveaux (A, fl\u00e8ches jaunes) et un grand \u00e9peron osseux et une st\u00e9nose foraminale \u00e9taient bien pr\u00e9sent\u00e9s au niveau du segment C6-7 de la radiographie oblique (B, fl\u00e8che noire).<\/figcaption><\/figure>\n<\/div>\n\n\n<p>La radiographie cervicale peut \u00eatre utile dans certains contextes, mais elle ne r\u00e9pond pas \u00e0 toutes les questions. Elle permet surtout d\u2019observer les structures osseuses du cou : l\u2019alignement des vert\u00e8bres, la pr\u00e9sence d\u2019arthrose, des ost\u00e9ophytes (becs osseux), une diminution de l\u2019espace entre les disques ou certains signes d\u2019instabilit\u00e9. Ces \u00e9l\u00e9ments peuvent contribuer \u00e0 irriter une racine nerveuse et expliquer une partie des sympt\u00f4mes.<\/p>\n\n\n\n<p>En revanche, la radiographie visualise peu les tissus mous. Elle ne montre pas directement un nerf comprim\u00e9, une inflammation nerveuse ou la plupart des hernies discales avec pr\u00e9cision. C\u2019est pourquoi une radiographie normale n\u2019exclut pas n\u00e9cessairement une radiculopathie cervicale.<\/p>\n\n\n\n<p>L\u2019examen clinique demeure essentiel. Les sympt\u00f4mes, la force musculaire, les r\u00e9flexes, la sensibilit\u00e9 et les mouvements qui reproduisent la douleur orientent souvent davantage que l\u2019image seule. Si les signes persistent, s\u2019aggravent ou s\u2019accompagnent d\u2019une faiblesse importante, d\u2019autres examens comme l\u2019IRM peuvent \u00eatre plus appropri\u00e9s.<\/p>\n\n\n\n<p>En pratique, la radiographie est donc un outil parmi d\u2019autres. Elle peut \u00e9clairer le contexte m\u00e9canique, mais elle doit toujours \u00eatre interpr\u00e9t\u00e9e en lien avec la personne, ses sympt\u00f4mes et son \u00e9volution. On ne traite pas seulement une image : on traite un patient.<\/p>\n\n\n\n<h2 class=\"wp-block-heading\"><span class=\"ez-toc-section\" id=\"Strategies_therapeutiques_et_recommandations\"><\/span><strong>Strat\u00e9gies th\u00e9rapeutiques et recommandations<\/strong><span class=\"ez-toc-section-end\"><\/span><\/h2>\n\n\n\n<p>La prise en charge d\u2019une radiculopathie cervicale d\u00e9pend de l\u2019intensit\u00e9 des sympt\u00f4mes, de leur dur\u00e9e, de la cause probable et de l\u2019impact sur la vie quotidienne. Dans de nombreux cas, une approche conservatrice bien structur\u00e9e permet une am\u00e9lioration significative et aide \u00e0 \u00e9viter l\u2019escalade vers des traitements plus invasifs.<\/p>\n\n\n\n<p>La premi\u00e8re \u00e9tape consiste \u00e0 r\u00e9duire l\u2019irritation nerveuse et \u00e0 limiter les facteurs aggravants. Cela peut inclure l\u2019adaptation temporaire des activit\u00e9s, la correction de certaines postures et l\u2019\u00e9vitement des mouvements qui d\u00e9clenchent fortement les sympt\u00f4mes. Le repos absolu est rarement la meilleure solution : un mouvement bien dos\u00e9 favorise souvent la r\u00e9cup\u00e9ration.<\/p>\n\n\n\n<p>Les traitements m\u00e9dicaux peuvent parfois \u00eatre propos\u00e9s selon la situation : analg\u00e9siques, anti-inflammatoires ou autres approches prescrites par un professionnel de sant\u00e9. Leur objectif principal est de mieux contr\u00f4ler la douleur pour permettre une reprise fonctionnelle progressive.<\/p>\n\n\n\n<p>Cependant, au c\u0153ur d\u2019une strat\u00e9gie durable, la restauration de la mobilit\u00e9 et de l\u2019\u00e9quilibre m\u00e9canique occupe une place essentielle. C\u2019est ici que l\u2019ost\u00e9opathie prend tout son sens.<\/p>\n\n\n\n<p>L\u2019ost\u00e9opathe \u00e9value non seulement la r\u00e9gion cervicale, mais aussi l\u2019ensemble des structures pouvant influencer la contrainte sur les racines nerveuses : colonne thoracique, c\u00f4tes, \u00e9paules, scapulas, posture globale, respiration, tensions musculaires compensatoires et habitudes gestuelles. Cette vision globale permet souvent d\u2019identifier des facteurs n\u00e9glig\u00e9s.<\/p>\n\n\n\n<p>Par des techniques manuelles adapt\u00e9es et individualis\u00e9es, l\u2019ost\u00e9opathie vise \u00e0 am\u00e9liorer la mobilit\u00e9 articulaire, diminuer certaines tensions musculaires protectrices, optimiser la m\u00e9canique cervicale et favoriser un environnement plus favorable au nerf irrit\u00e9. L\u2019objectif n\u2019est pas seulement de traiter la zone douloureuse, mais de r\u00e9duire les contraintes qui entretiennent le probl\u00e8me.<\/p>\n\n\n\n<p>L\u2019accompagnement ost\u00e9opathique inclut \u00e9galement des conseils pratiques : ergonomie au travail, positions de sommeil, exercices simples, gestion des charges, strat\u00e9gies respiratoires et reprise progressive des activit\u00e9s. Cette dimension \u00e9ducative aide le patient \u00e0 devenir acteur de sa r\u00e9cup\u00e9ration.<\/p>\n\n\n\n<p>Les exercices th\u00e9rapeutiques restent un compl\u00e9ment pr\u00e9cieux. Renforcement postural, stabilit\u00e9 scapulaire, mobilit\u00e9 contr\u00f4l\u00e9e et endurance musculaire peuvent consolider les gains obtenus en traitement manuel.<\/p>\n\n\n\n<p>Dans certains cas plus s\u00e9v\u00e8res, des infiltrations ou une \u00e9valuation sp\u00e9cialis\u00e9e peuvent \u00eatre n\u00e9cessaires. La chirurgie demeure r\u00e9serv\u00e9e \u00e0 des indications pr\u00e9cises comme un d\u00e9ficit neurologique progressif, une compression importante ou un \u00e9chec des traitements conservateurs.<\/p>\n\n\n\n<p>Enfin, il est important de comprendre que la r\u00e9cup\u00e9ration \u00e9volue souvent par \u00e9tapes. Il peut y avoir des hauts et des bas. Avec une approche coh\u00e9rente, personnalis\u00e9e et centr\u00e9e sur la fonction, de nombreuses personnes retrouvent progressivement confort, mobilit\u00e9 et confiance.<\/p>\n\n\n\n<p>L\u2019ost\u00e9opathie s\u2019inscrit ainsi comme une option de choix dans la prise en charge globale de la radiculopathie cervicale, particuli\u00e8rement lorsqu\u2019on cherche une approche manuelle, individualis\u00e9e et orient\u00e9e vers les causes m\u00e9caniques du trouble.<\/p>\n\n\n\n<h2 class=\"wp-block-heading\"><span class=\"ez-toc-section\" id=\"Approche_osteopathique_evaluation_globale_et_traitement_personnalise\"><\/span><strong>Approche ost\u00e9opathique : \u00e9valuation globale et traitement personnalis\u00e9<\/strong><span class=\"ez-toc-section-end\"><\/span><\/h2>\n\n\n\n<p>L\u2019ost\u00e9opathie se distingue par une approche centr\u00e9e sur la personne plut\u00f4t que sur l\u2019image radiologique seule. Deux patients peuvent pr\u00e9senter la m\u00eame hernie discale sur une IRM et vivre des r\u00e9alit\u00e9s compl\u00e8tement diff\u00e9rentes. C\u2019est pourquoi l\u2019\u00e9valuation ost\u00e9opathique cherche \u00e0 comprendre comment le corps fonctionne, compense et s\u2019adapte dans chaque cas particulier.<\/p>\n\n\n\n<p>La consultation d\u00e9bute par une analyse d\u00e9taill\u00e9e des sympt\u00f4mes : localisation de la douleur, irradiation, engourdissements, faiblesse, mouvements aggravants, positions de soulagement, sommeil, travail, habitudes posturales et historique des \u00e9pisodes pr\u00e9c\u00e9dents. Ces informations orientent le raisonnement clinique.<\/p>\n\n\n\n<p>L\u2019examen manuel observe ensuite la mobilit\u00e9 du cou, de la jonction cervico-thoracique, des \u00e9paules, des omoplates, des c\u00f4tes et du haut du dos. Une restriction \u00e0 distance peut parfois augmenter les contraintes sur la r\u00e9gion cervicale. Par exemple, une cage thoracique rigide, une scapula peu mobile ou une posture fig\u00e9e peuvent entretenir la surcharge locale.<\/p>\n\n\n\n<p>L\u2019ost\u00e9opathe \u00e9value aussi les tensions musculaires secondaires. Les trap\u00e8zes, scal\u00e8nes, \u00e9l\u00e9vateur de la scapula, pectoraux, muscles sous-occipitaux et muscles profonds du cou peuvent se contracter de fa\u00e7on protectrice. \u00c0 long terme, cette strat\u00e9gie cr\u00e9e fatigue, raideur et inconfort additionnel.<\/p>\n\n\n\n<p>Le traitement vise \u00e0 redonner de la mobilit\u00e9 et \u00e0 diminuer les contraintes excessives. Selon le cas, cela peut inclure des mobilisations douces, des techniques myofasciales, du rel\u00e2chement musculaire, un travail sur la colonne thoracique, les c\u00f4tes, la respiration ou la m\u00e9canique scapulaire. Les techniques sont choisies selon la tol\u00e9rance et le contexte de chaque patient.<\/p>\n\n\n\n<p>L\u2019objectif n\u2019est pas de \u201cremettre un disque en place\u201d par une formule magique, mais d\u2019am\u00e9liorer l\u2019environnement m\u00e9canique et fonctionnel autour du probl\u00e8me. Lorsque le cou bouge mieux, que les compensations diminuent et que les charges sont mieux r\u00e9parties, les sympt\u00f4mes peuvent progressivement s\u2019apaiser.<\/p>\n\n\n\n<p>L\u2019ost\u00e9opathie accorde aussi une grande importance \u00e0 l\u2019\u00e9ducation. Comprendre les bons gestes, ajuster l\u2019ergonomie, varier les postures, doser les efforts et reprendre confiance dans le mouvement sont des \u00e9l\u00e9ments essentiels de la r\u00e9cup\u00e9ration durable.<\/p>\n\n\n\n<p>Chez plusieurs personnes, cette approche permet non seulement une diminution de la douleur, mais aussi une meilleure qualit\u00e9 de sommeil, une plus grande aisance dans les activit\u00e9s quotidiennes et un sentiment de contr\u00f4le retrouv\u00e9.<\/p>\n\n\n\n<p>En r\u00e9sum\u00e9, l\u2019ost\u00e9opathie propose une prise en charge manuelle, individualis\u00e9e et globale, particuli\u00e8rement pertinente lorsque la radiculopathie cervicale s\u2019inscrit dans un contexte de tensions m\u00e9caniques, de posture prolong\u00e9e ou de compensations install\u00e9es.<\/p>\n\n\n\n<h2 class=\"wp-block-heading\"><span class=\"ez-toc-section\" id=\"Exercices_posture_et_conseils_pratiques_au_quotidien\"><\/span><strong>Exercices, posture et conseils pratiques au quotidien<\/strong><span class=\"ez-toc-section-end\"><\/span><\/h2>\n\n\n\n<p>Entre les traitements, ce que vous faites chaque jour peut influencer fortement l\u2019\u00e9volution d\u2019une radiculopathie cervicale. De petites habitudes r\u00e9p\u00e9t\u00e9es ont parfois plus d\u2019impact qu\u2019un geste isol\u00e9. L\u2019objectif n\u2019est pas de vivre dans la peur du mouvement, mais de cr\u00e9er un environnement favorable \u00e0 la r\u00e9cup\u00e9ration.<\/p>\n\n\n\n<p>La premi\u00e8re r\u00e8gle consiste \u00e0 \u00e9viter les positions prolong\u00e9es. Rester longtemps devant un \u00e9cran, la t\u00eate avanc\u00e9e ou pench\u00e9e vers le bas, augmente souvent la charge sur la r\u00e9gion cervicale. Il est pr\u00e9f\u00e9rable de changer r\u00e9guli\u00e8rement de position, de se lever, marcher quelques minutes et redonner du mouvement au haut du corps.<\/p>\n\n\n\n<p>L\u2019ergonomie du poste de travail m\u00e9rite une attention particuli\u00e8re. L\u2019\u00e9cran devrait \u00eatre \u00e0 hauteur des yeux, les \u00e9paules rel\u00e2ch\u00e9es, les avant-bras soutenus si possible et le clavier plac\u00e9 de fa\u00e7on \u00e0 limiter les tensions inutiles. M\u00eame un bon poste de travail ne remplace toutefois pas la variation posturale.<\/p>\n\n\n\n<p>Le sommeil influence aussi la r\u00e9cup\u00e9ration. Une position confortable, avec un oreiller adapt\u00e9 qui soutient la nuque sans la forcer, peut r\u00e9duire les irritations nocturnes. Certaines personnes tol\u00e8rent mieux le dos, d\u2019autres le c\u00f4t\u00e9 avec un bon alignement de la t\u00eate.<\/p>\n\n\n\n<p>Les exercices doivent rester simples, progressifs et bien tol\u00e9r\u00e9s. Quelques mouvements doux de mobilit\u00e9 cervicale, des exercices scapulaires et un travail respiratoire peuvent d\u00e9j\u00e0 aider. La cl\u00e9 est la r\u00e9gularit\u00e9 plut\u00f4t que l\u2019intensit\u00e9.<\/p>\n\n\n\n<p>Exemple de routine simple :<\/p>\n\n\n\n<ul class=\"wp-block-list\">\n<li>R\u00e9traction douce du menton, sans forcer, 5 \u00e0 10 r\u00e9p\u00e9titions<\/li>\n\n\n\n<li>Roulement des \u00e9paules et ouverture thoracique<\/li>\n\n\n\n<li>Respiration lente avec expansion des c\u00f4tes<\/li>\n\n\n\n<li>Serrage l\u00e9ger des omoplates<\/li>\n\n\n\n<li>Marche quotidienne selon tol\u00e9rance<\/li>\n<\/ul>\n\n\n\n<p>Il est pr\u00e9f\u00e9rable d\u2019\u00e9viter de pousser dans une douleur vive ou de multiplier les exercices trouv\u00e9s au hasard en ligne. Un programme personnalis\u00e9 reste plus efficace qu\u2019une accumulation de conseils g\u00e9n\u00e9riques.<\/p>\n\n\n\n<p>L\u2019ost\u00e9opathe peut justement vous guider sur les exercices adapt\u00e9s \u00e0 votre pr\u00e9sentation : mobilit\u00e9 ou stabilit\u00e9, d\u00e9tente ou renforcement, progression du retour au travail ou reprise sportive. Cette individualisation fait souvent la diff\u00e9rence.<\/p>\n\n\n\n<p>Le stress et la fatigue jouent \u00e9galement un r\u00f4le. Un syst\u00e8me nerveux \u00e9puis\u00e9 tol\u00e8re moins bien les contraintes. Mieux dormir, respirer plus calmement, bouger r\u00e9guli\u00e8rement et g\u00e9rer la charge globale peuvent r\u00e9duire la sensibilit\u00e9.<\/p>\n\n\n\n<p>Enfin, cherchez le progr\u00e8s plut\u00f4t que la perfection. Une am\u00e9lioration durable vient souvent d\u2019une s\u00e9rie de petits ajustements coh\u00e9rents r\u00e9p\u00e9t\u00e9s dans le temps. C\u2019est dans cette continuit\u00e9 que l\u2019ost\u00e9opathie et les bonnes habitudes quotidiennes se compl\u00e8tent le mieux.<\/p>\n\n\n\n<h2 class=\"wp-block-heading\"><span class=\"ez-toc-section\" id=\"Conclusion_retrouver_confort_mobilite_et_confiance\"><\/span><strong>Conclusion : retrouver confort, mobilit\u00e9 et confiance<\/strong><span class=\"ez-toc-section-end\"><\/span><\/h2>\n\n\n\n<p>La radiculopathie cervicale peut \u00eatre impressionnante. Une douleur qui descend dans le bras, des picotements dans les doigts ou une perte de force soul\u00e8vent souvent inqui\u00e9tude et frustration. Pourtant, dans de nombreux cas, des solutions existent et l\u2019\u00e9volution peut \u00eatre favorable avec une prise en charge adapt\u00e9e.<\/p>\n\n\n\n<p>Comprendre la cause probable, reconna\u00eetre les facteurs aggravants et intervenir t\u00f4t permet souvent d\u2019\u00e9viter que le probl\u00e8me ne s\u2019installe durablement. La douleur n\u2019est pas toujours le signe d\u2019un dommage grave, mais plut\u00f4t l\u2019expression d\u2019un syst\u00e8me devenu irritable et contraint.<\/p>\n\n\n\n<p>Une approche globale reste g\u00e9n\u00e9ralement la plus efficace : adaptation des activit\u00e9s, exercices cibl\u00e9s, am\u00e9lioration de la posture, gestion des charges, conseils ergonomiques et traitement manuel lorsque pertinent.<\/p>\n\n\n\n<p>C\u2019est dans cette logique que l\u2019ost\u00e9opathie peut offrir une r\u00e9elle valeur ajout\u00e9e. En \u00e9valuant l\u2019ensemble du corps, en recherchant les restrictions de mobilit\u00e9, les compensations et les tensions qui entretiennent la surcharge cervicale, elle propose une intervention personnalis\u00e9e orient\u00e9e vers la fonction et le mieux-\u00eatre.<\/p>\n\n\n\n<p>Au-del\u00e0 du soulagement des sympt\u00f4mes, l\u2019objectif est de retrouver un cou plus libre, un bras plus fonctionnel, un sommeil plus paisible et la confiance dans les mouvements du quotidien.<\/p>\n\n\n\n<p>Chaque situation demeure unique. Si les sympt\u00f4mes persistent, progressent ou inqui\u00e8tent, une \u00e9valuation professionnelle est recommand\u00e9e. Mais dans bien des cas, avec les bons outils et le bon accompagnement, il est possible d\u2019avancer vers une r\u00e9cup\u00e9ration durable.<\/p>\n\n\n\n<p>Retrouver le confort ne signifie pas seulement faire dispara\u00eetre la douleur. Cela signifie reprendre possession de ses gestes, de son \u00e9nergie et de sa qualit\u00e9 de vie.<\/p>\n\n\n\n<h2 class=\"wp-block-heading\"><span class=\"ez-toc-section\" id=\"FAQ_Questions_frequentes_sur_la_radiculopathie_cervicale\"><\/span><strong>FAQ : Questions fr\u00e9quentes sur la radiculopathie cervicale<\/strong><span class=\"ez-toc-section-end\"><\/span><\/h2>\n\n\n\n<h3 class=\"wp-block-heading\"><span class=\"ez-toc-section\" id=\"La_radiculopathie_cervicale_peut-elle_guerir_sans_chirurgie\"><\/span>La radiculopathie cervicale peut-elle gu\u00e9rir sans chirurgie ?<span class=\"ez-toc-section-end\"><\/span><\/h3>\n\n\n\n<p>Oui, dans de nombreux cas, une prise en charge conservatrice permet une am\u00e9lioration importante. Exercices adapt\u00e9s, modification des habitudes, traitement manuel, gestion de la douleur et temps de r\u00e9cup\u00e9ration suffisent souvent \u00e0 \u00e9viter la chirurgie.<\/p>\n\n\n\n<h3 class=\"wp-block-heading\"><span class=\"ez-toc-section\" id=\"Combien_de_temps_dure_la_recuperation\"><\/span>Combien de temps dure la r\u00e9cup\u00e9ration ?<span class=\"ez-toc-section-end\"><\/span><\/h3>\n\n\n\n<p>Cela varie selon la cause, l\u2019intensit\u00e9 des sympt\u00f4mes, la dur\u00e9e du probl\u00e8me et la r\u00e9ponse individuelle au traitement. Certaines personnes s\u2019am\u00e9liorent en quelques semaines, d\u2019autres n\u00e9cessitent plusieurs mois de progression graduelle.<\/p>\n\n\n\n<h3 class=\"wp-block-heading\"><span class=\"ez-toc-section\" id=\"Losteopathie_peut-elle_aider\"><\/span>L\u2019ost\u00e9opathie peut-elle aider ?<span class=\"ez-toc-section-end\"><\/span><\/h3>\n\n\n\n<p>Oui, lorsqu\u2019elle est bien indiqu\u00e9e. L\u2019ost\u00e9opathie peut contribuer \u00e0 am\u00e9liorer la mobilit\u00e9, diminuer certaines tensions compensatoires, optimiser la m\u00e9canique cervicale et accompagner la r\u00e9cup\u00e9ration dans une approche globale et personnalis\u00e9e.<\/p>\n\n\n\n<h3 class=\"wp-block-heading\"><span class=\"ez-toc-section\" id=\"Est-ce_dangereux_de_bouger_quand_jai_mal\"><\/span>Est-ce dangereux de bouger quand j\u2019ai mal ?<span class=\"ez-toc-section-end\"><\/span><\/h3>\n\n\n\n<p>Pas n\u00e9cessairement. Le mouvement bien dos\u00e9 est souvent b\u00e9n\u00e9fique. Ce qui compte est de respecter la tol\u00e9rance du syst\u00e8me et d\u2019\u00e9viter les gestes qui aggravent fortement les sympt\u00f4mes. L\u2019immobilit\u00e9 prolong\u00e9e n\u2019est g\u00e9n\u00e9ralement pas id\u00e9ale.<\/p>\n\n\n\n<h3 class=\"wp-block-heading\"><span class=\"ez-toc-section\" id=\"Quelle_est_la_meilleure_position_pour_dormir\"><\/span>Quelle est la meilleure position pour dormir ?<span class=\"ez-toc-section-end\"><\/span><\/h3>\n\n\n\n<p>Il n\u2019existe pas une seule position parfaite. L\u2019important est de garder la nuque soutenue et d\u00e9tendue. Le dos ou le c\u00f4t\u00e9 sont souvent mieux tol\u00e9r\u00e9s que le ventre, mais cela d\u00e9pend de chaque personne.<\/p>\n\n\n\n<h3 class=\"wp-block-heading\"><span class=\"ez-toc-section\" id=\"Puis-je_continuer_a_travailler\"><\/span>Puis-je continuer \u00e0 travailler ?<span class=\"ez-toc-section-end\"><\/span><\/h3>\n\n\n\n<p>Souvent oui, avec certaines adaptations temporaires. Ajustement du poste de travail, pauses fr\u00e9quentes, variation des positions et r\u00e9duction des charges peuvent aider \u00e0 maintenir les activit\u00e9s sans aggraver la situation.<\/p>\n\n\n\n<h3 class=\"wp-block-heading\"><span class=\"ez-toc-section\" id=\"La_douleur_dans_le_bras_vient-elle_toujours_du_cou\"><\/span>La douleur dans le bras vient-elle toujours du cou ?<span class=\"ez-toc-section-end\"><\/span><\/h3>\n\n\n\n<p>Non. L\u2019\u00e9paule, le coude, le poignet, certains nerfs p\u00e9riph\u00e9riques ou d\u2019autres conditions peuvent imiter une radiculopathie cervicale. C\u2019est pourquoi une \u00e9valuation clinique compl\u00e8te est importante.<\/p>\n\n\n\n<h3 class=\"wp-block-heading\"><span class=\"ez-toc-section\" id=\"Quand_faut-il_consulter_rapidement\"><\/span>Quand faut-il consulter rapidement ?<span class=\"ez-toc-section-end\"><\/span><\/h3>\n\n\n\n<p>En cas de faiblesse progressive, perte importante de dext\u00e9rit\u00e9, troubles de l\u2019\u00e9quilibre, atteinte des deux bras, douleur intense persistante, traumatisme r\u00e9cent, fi\u00e8vre ou sympt\u00f4mes neurologiques inhabituels.<\/p>\n\n\n\n<h3 class=\"wp-block-heading\"><span class=\"ez-toc-section\" id=\"Une_IRM_est-elle_toujours_necessaire\"><\/span>Une IRM est-elle toujours n\u00e9cessaire ?<span class=\"ez-toc-section-end\"><\/span><\/h3>\n\n\n\n<p>Non. L\u2019IRM est surtout utile dans certaines situations : sympt\u00f4mes persistants, suspicion de compression importante, d\u00e9ficit neurologique ou doute diagnostique. Elle n\u2019est pas syst\u00e9matique au d\u00e9but.<\/p>\n\n\n\n<h3 class=\"wp-block-heading\"><span class=\"ez-toc-section\" id=\"Peut-on_prevenir_les_recidives\"><\/span>Peut-on pr\u00e9venir les r\u00e9cidives ?<span class=\"ez-toc-section-end\"><\/span><\/h3>\n\n\n\n<p>Souvent oui. Bouger r\u00e9guli\u00e8rement, am\u00e9liorer l\u2019ergonomie, renforcer progressivement, varier les postures, g\u00e9rer la charge physique et intervenir t\u00f4t lors des premiers signes peuvent r\u00e9duire le risque de rechute.<\/p>\n\n\n\n<h2 class=\"wp-block-heading has-white-color has-text-color has-background has-link-color wp-elements-ea6b69c0689bb042a2aec12d644b31cb\" id=\"h-references\" style=\"background-color:#3c508a\"><span class=\"ez-toc-section\" id=\"References\"><\/span><strong>R\u00e9f\u00e9rences<\/strong><span class=\"ez-toc-section-end\"><\/span><\/h2>\n\n\n\n<ol class=\"wp-block-list\">\n<li>Caridi JM, Pumberger M, Hughes AP. Cervical radiculopathy: a review.\u00a0<em>HSS J.<\/em>\u00a02011;7(3):265-272.\u00a0<\/li>\n\n\n\n<li>Kuligowski T, Skrzek A, Cie\u015blik B. Manual therapy in cervical and lumbar radiculopathy: a systematic review of the literature.\u00a0<em>Int J Environ Res Public Health.<\/em>\u00a02021;18(11).\u00a0<\/li>\n\n\n\n<li>Plener J, Csiernik B, To D, et al. Conservative management of cervical radiculopathy: a systematic review.\u00a0<em>Clin J Pain.<\/em>\u00a02023;39(3):138-146.\u00a0<\/li>\n\n\n\n<li>Luyao H, et al. Management of cervical spondylotic radiculopathy: a systematic review.\u00a0<em>Global Spine J.<\/em>\u00a02022.\u00a0<\/li>\n\n\n\n<li>Broekema AEH, Groen RJM, de Souza NFS, et al. Surgical interventions for cervical radiculopathy without myelopathy: a systematic review and meta-analysis.\u00a0<em>J Bone Joint Surg Am.<\/em>\u00a02020;102(24):2182-2196.\u00a0<\/li>\n\n\n\n<li>Engquist M, L\u00f6fgren H, \u00d6berg B, et al. A 5- to 8-year randomized study on the treatment of cervical radiculopathy: anterior cervical decompression and fusion plus physiotherapy versus physiotherapy alone.\u00a0<em>J Neurosurg Spine.<\/em>\u00a02017;26(1):19-27.\u00a0<\/li>\n\n\n\n<li>Kuijper B, Tans JT, Beelen A, Nollet F, de Visser M. Cervical collar or physiotherapy versus wait and see policy for recent onset cervical radiculopathy: randomised trial.\u00a0<em>BMJ.<\/em>\u00a02009;339:b3883.\u00a0<\/li>\n\n\n\n<li>Ament JD, Karnati T, Kulubya E, Kim KD, Johnson JP. Treatment of cervical radiculopathy: a review of the evolution and economics.\u00a0<em>Surg Neurol Int.<\/em>\u00a02018;9:35.\u00a0<\/li>\n\n\n\n<li>Eldaya RW, et al. ACR Appropriateness Criteria\u00ae Cervical Pain or Cervical Radiculopathy: 2024 Update.\u00a0<em>J Am Coll Radiol.<\/em>\u00a02025;22(5S):S136-S162.\u00a0<\/li>\n\n\n\n<li>Margetis K, et al. Cervical Radiculopathy.\u00a0<em>StatPearls.<\/em>\u00a02025.\u00a0<\/li>\n\n\n\n<li>Wong JJ, et al. Clinical practice guidelines for the noninvasive management of neck pain and associated disorders: a systematic review.\u00a0<em>Eur Spine J.<\/em>\u00a02017.\u00a0<\/li>\n\n\n\n<li>Bukhari SR, Shakil-Ur-Rehman S, Ahmad S, Naeem A. Comparison between effectiveness of mechanical and manual traction combined with mobilization and exercise therapy in patients with cervical radiculopathy.\u00a0<em>Pak J Med Sci.<\/em>\u00a02016;32(1):31-34.\u00a0<\/li>\n\n\n\n<li>Feng T, et al. Cervical rotation-traction manipulation for cervical radiculopathy: systematic review and meta-analysis.\u00a0<em>J Pain Res.<\/em>\u00a02024.\u00a0<\/li>\n\n\n\n<li>Akbari KK, et al. Clinical outcomes following treatment of cervical spondylotic radiculopathy with unilateral biportal endoscopy.\u00a0<em>2024.<\/em>\u00a0<\/li>\n\n\n\n<li>Carmichael J, et al. Scapular pain in cervical radiculopathy: a scoping review.\u00a0<em>NASS Open Access.<\/em>\u00a02025.\u00a0<\/li>\n<\/ol>\n\n\n\n<p><\/p>\n","protected":false},"excerpt":{"rendered":"<p>La radiculopathie cervicale, souvent appel\u00e9e \u00ab compression nerveuse cervicale \u00bb ou \u00ab nerf pinc\u00e9 \u00bb, est une condition qui survient lorsque les racines nerveuses au niveau du cou (r\u00e9gion cervicale) sont comprim\u00e9es ou irrit\u00e9es. Ces racines nerveuses, qui \u00e9mergent de la moelle \u00e9pini\u00e8re au niveau du cou, peuvent \u00eatre affect\u00e9es par des hernies discales, des \u00e9perons osseux (ost\u00e9ophytes) ou d&rsquo;autres anomalies de la colonne cervicale.<\/p>\n","protected":false},"author":1,"featured_media":30155,"comment_status":"open","ping_status":"open","sticky":false,"template":"","format":"standard","meta":{"tdm_status":"","tdm_grid_status":"","iawp_total_views":240,"footnotes":""},"categories":[157,135,140],"tags":[],"class_list":{"0":"post-10075","1":"post","2":"type-post","3":"status-publish","4":"format-standard","5":"has-post-thumbnail","7":"category-arthrite","8":"category-cervicale","9":"category-compression-nerveuse"},"_links":{"self":[{"href":"https:\/\/osteomag.ca\/fr\/wp-json\/wp\/v2\/posts\/10075","targetHints":{"allow":["GET"]}}],"collection":[{"href":"https:\/\/osteomag.ca\/fr\/wp-json\/wp\/v2\/posts"}],"about":[{"href":"https:\/\/osteomag.ca\/fr\/wp-json\/wp\/v2\/types\/post"}],"author":[{"embeddable":true,"href":"https:\/\/osteomag.ca\/fr\/wp-json\/wp\/v2\/users\/1"}],"replies":[{"embeddable":true,"href":"https:\/\/osteomag.ca\/fr\/wp-json\/wp\/v2\/comments?post=10075"}],"version-history":[{"count":3,"href":"https:\/\/osteomag.ca\/fr\/wp-json\/wp\/v2\/posts\/10075\/revisions"}],"predecessor-version":[{"id":57138,"href":"https:\/\/osteomag.ca\/fr\/wp-json\/wp\/v2\/posts\/10075\/revisions\/57138"}],"wp:featuredmedia":[{"embeddable":true,"href":"https:\/\/osteomag.ca\/fr\/wp-json\/wp\/v2\/media\/30155"}],"wp:attachment":[{"href":"https:\/\/osteomag.ca\/fr\/wp-json\/wp\/v2\/media?parent=10075"}],"wp:term":[{"taxonomy":"category","embeddable":true,"href":"https:\/\/osteomag.ca\/fr\/wp-json\/wp\/v2\/categories?post=10075"},{"taxonomy":"post_tag","embeddable":true,"href":"https:\/\/osteomag.ca\/fr\/wp-json\/wp\/v2\/tags?post=10075"}],"curies":[{"name":"wp","href":"https:\/\/api.w.org\/{rel}","templated":true}]}}