{"id":18569,"date":"2021-01-25T02:53:53","date_gmt":"2021-01-25T06:53:53","guid":{"rendered":"https:\/\/www.osteomag.ca\/?p=18569"},"modified":"2026-04-16T08:17:26","modified_gmt":"2026-04-16T13:17:26","slug":"pied-creux-causes-symptomes-traitements","status":"publish","type":"post","link":"https:\/\/osteomag.ca\/fr\/pied-creux-causes-symptomes-traitements\/","title":{"rendered":"Le Pied Creux : Causes, Sympt\u00f4mes et Traitements"},"content":{"rendered":"<div id=\"ez-toc-container\" class=\"ez-toc-v2_0_82_2 counter-hierarchy ez-toc-counter ez-toc-custom ez-toc-container-direction\">\n<div class=\"ez-toc-title-container\">\n<p class=\"ez-toc-title\" style=\"cursor:inherit\">Table des mati\u00e8res<\/p>\n<span class=\"ez-toc-title-toggle\"><a href=\"#\" class=\"ez-toc-pull-right ez-toc-btn ez-toc-btn-xs ez-toc-btn-default ez-toc-toggle\" aria-label=\"Toggle Table of Content\"><span class=\"ez-toc-js-icon-con\"><span class=\"\"><span class=\"eztoc-hide\" style=\"display:none;\">Toggle<\/span><span class=\"ez-toc-icon-toggle-span\"><svg style=\"fill: #000000;color:#000000\" xmlns=\"http:\/\/www.w3.org\/2000\/svg\" class=\"list-377408\" width=\"20px\" height=\"20px\" viewBox=\"0 0 24 24\" fill=\"none\"><path d=\"M6 6H4v2h2V6zm14 0H8v2h12V6zM4 11h2v2H4v-2zm16 0H8v2h12v-2zM4 16h2v2H4v-2zm16 0H8v2h12v-2z\" fill=\"currentColor\"><\/path><\/svg><svg style=\"fill: #000000;color:#000000\" class=\"arrow-unsorted-368013\" xmlns=\"http:\/\/www.w3.org\/2000\/svg\" width=\"10px\" height=\"10px\" viewBox=\"0 0 24 24\" version=\"1.2\" baseProfile=\"tiny\"><path d=\"M18.2 9.3l-6.2-6.3-6.2 6.3c-.2.2-.3.4-.3.7s.1.5.3.7c.2.2.4.3.7.3h11c.3 0 .5-.1.7-.3.2-.2.3-.5.3-.7s-.1-.5-.3-.7zM5.8 14.7l6.2 6.3 6.2-6.3c.2-.2.3-.5.3-.7s-.1-.5-.3-.7c-.2-.2-.4-.3-.7-.3h-11c-.3 0-.5.1-.7.3-.2.2-.3.5-.3.7s.1.5.3.7z\"\/><\/svg><\/span><\/span><\/span><\/a><\/span><\/div>\n<nav><ul class='ez-toc-list ez-toc-list-level-1 eztoc-toggle-hide-by-default' ><li class='ez-toc-page-1 ez-toc-heading-level-2'><a class=\"ez-toc-link ez-toc-heading-1\" href=\"https:\/\/osteomag.ca\/fr\/pied-creux-causes-symptomes-traitements\/#Le_pied_creux_version_courte\" >Le pied creux : version courte<\/a><ul class='ez-toc-list-level-3' ><li class='ez-toc-heading-level-3'><a class=\"ez-toc-link ez-toc-heading-2\" href=\"https:\/\/osteomag.ca\/fr\/pied-creux-causes-symptomes-traitements\/#Symptomes_frequents\" >Sympt\u00f4mes fr\u00e9quents<\/a><\/li><li class='ez-toc-page-1 ez-toc-heading-level-3'><a class=\"ez-toc-link ez-toc-heading-3\" href=\"https:\/\/osteomag.ca\/fr\/pied-creux-causes-symptomes-traitements\/#Causes_possibles\" >Causes possibles<\/a><\/li><li class='ez-toc-page-1 ez-toc-heading-level-3'><a class=\"ez-toc-link ez-toc-heading-4\" href=\"https:\/\/osteomag.ca\/fr\/pied-creux-causes-symptomes-traitements\/#Comment_poser_le_diagnostic\" >Comment poser le diagnostic ?<\/a><\/li><li class='ez-toc-page-1 ez-toc-heading-level-3'><a class=\"ez-toc-link ez-toc-heading-5\" href=\"https:\/\/osteomag.ca\/fr\/pied-creux-causes-symptomes-traitements\/#Comment_soulager\" >Comment soulager ?<\/a><\/li><li class='ez-toc-page-1 ez-toc-heading-level-3'><a class=\"ez-toc-link ez-toc-heading-6\" href=\"https:\/\/osteomag.ca\/fr\/pied-creux-causes-symptomes-traitements\/#Place_de_losteopathie\" >Place de l\u2019ost\u00e9opathie<\/a><\/li><li class='ez-toc-page-1 ez-toc-heading-level-3'><a class=\"ez-toc-link ez-toc-heading-7\" href=\"https:\/\/osteomag.ca\/fr\/pied-creux-causes-symptomes-traitements\/#Quand_consulter_rapidement\" >Quand consulter rapidement ?<\/a><\/li><li class='ez-toc-page-1 ez-toc-heading-level-3'><a class=\"ez-toc-link ez-toc-heading-8\" href=\"https:\/\/osteomag.ca\/fr\/pied-creux-causes-symptomes-traitements\/#En_resume\" >En r\u00e9sum\u00e9<\/a><\/li><\/ul><\/li><li class='ez-toc-page-1 ez-toc-heading-level-2'><a class=\"ez-toc-link ez-toc-heading-9\" href=\"https:\/\/osteomag.ca\/fr\/pied-creux-causes-symptomes-traitements\/#Introduction_quand_la_forme_du_pied_change_tout\" >Introduction : quand la forme du pied change tout<\/a><\/li><li class='ez-toc-page-1 ez-toc-heading-level-2'><a class=\"ez-toc-link ez-toc-heading-10\" href=\"https:\/\/osteomag.ca\/fr\/pied-creux-causes-symptomes-traitements\/#Quest-ce_que_le_pied_creux_Pes_Cavus\" >Qu\u2019est-ce que le pied creux (Pes Cavus) ?<\/a><\/li><li class='ez-toc-page-1 ez-toc-heading-level-2'><a class=\"ez-toc-link ez-toc-heading-11\" href=\"https:\/\/osteomag.ca\/fr\/pied-creux-causes-symptomes-traitements\/#Comment_reconnaitre_un_pied_creux_Signes_visibles_et_symptomes\" >Comment reconna\u00eetre un pied creux ? Signes visibles et sympt\u00f4mes<\/a><ul class='ez-toc-list-level-3' ><li class='ez-toc-heading-level-3'><a class=\"ez-toc-link ez-toc-heading-12\" href=\"https:\/\/osteomag.ca\/fr\/pied-creux-causes-symptomes-traitements\/#Les_signes_visibles_les_plus_frequents\" >Les signes visibles les plus fr\u00e9quents<\/a><\/li><li class='ez-toc-page-1 ez-toc-heading-level-3'><a class=\"ez-toc-link ez-toc-heading-13\" href=\"https:\/\/osteomag.ca\/fr\/pied-creux-causes-symptomes-traitements\/#Les_symptomes_ressentis_au_quotidien\" >Les sympt\u00f4mes ressentis au quotidien<\/a><\/li><li class='ez-toc-page-1 ez-toc-heading-level-3'><a class=\"ez-toc-link ez-toc-heading-14\" href=\"https:\/\/osteomag.ca\/fr\/pied-creux-causes-symptomes-traitements\/#Pourquoi_ces_symptomes_apparaissent-ils\" >Pourquoi ces sympt\u00f4mes apparaissent-ils ?<\/a><\/li><li class='ez-toc-page-1 ez-toc-heading-level-3'><a class=\"ez-toc-link ez-toc-heading-15\" href=\"https:\/\/osteomag.ca\/fr\/pied-creux-causes-symptomes-traitements\/#Quand_faut-il_consulter\" >Quand faut-il consulter ?<\/a><\/li><li class='ez-toc-page-1 ez-toc-heading-level-3'><a class=\"ez-toc-link ez-toc-heading-16\" href=\"https:\/\/osteomag.ca\/fr\/pied-creux-causes-symptomes-traitements\/#Un_detail_important_visible_ne_veut_pas_dire_pathologique\" >Un d\u00e9tail important : visible ne veut pas dire pathologique<\/a><\/li><\/ul><\/li><li class='ez-toc-page-1 ez-toc-heading-level-2'><a class=\"ez-toc-link ez-toc-heading-17\" href=\"https:\/\/osteomag.ca\/fr\/pied-creux-causes-symptomes-traitements\/#Pourquoi_le_pied_devient-il_creux_Les_causes_possibles\" >Pourquoi le pied devient-il creux ? Les causes possibles<\/a><ul class='ez-toc-list-level-3' ><li class='ez-toc-heading-level-3'><a class=\"ez-toc-link ez-toc-heading-18\" href=\"https:\/\/osteomag.ca\/fr\/pied-creux-causes-symptomes-traitements\/#1_Une_predisposition_familiale_ou_congenitale\" >1. Une pr\u00e9disposition familiale ou cong\u00e9nitale<\/a><\/li><li class='ez-toc-page-1 ez-toc-heading-level-3'><a class=\"ez-toc-link ez-toc-heading-19\" href=\"https:\/\/osteomag.ca\/fr\/pied-creux-causes-symptomes-traitements\/#2_Les_causes_neurologiques\" >2. Les causes neurologiques<\/a><\/li><li class='ez-toc-page-1 ez-toc-heading-level-3'><a class=\"ez-toc-link ez-toc-heading-20\" href=\"https:\/\/osteomag.ca\/fr\/pied-creux-causes-symptomes-traitements\/#3_Les_desequilibres_musculaires_et_tendineux\" >3. Les d\u00e9s\u00e9quilibres musculaires et tendineux<\/a><\/li><li class='ez-toc-page-1 ez-toc-heading-level-3'><a class=\"ez-toc-link ez-toc-heading-21\" href=\"https:\/\/osteomag.ca\/fr\/pied-creux-causes-symptomes-traitements\/#4_Les_suites_de_traumatisme\" >4. Les suites de traumatisme<\/a><\/li><li class='ez-toc-page-1 ez-toc-heading-level-3'><a class=\"ez-toc-link ez-toc-heading-22\" href=\"https:\/\/osteomag.ca\/fr\/pied-creux-causes-symptomes-traitements\/#5_Les_habitudes_mecaniques_et_le_mode_de_vie\" >5. Les habitudes m\u00e9caniques et le mode de vie<\/a><\/li><li class='ez-toc-page-1 ez-toc-heading-level-3'><a class=\"ez-toc-link ez-toc-heading-23\" href=\"https:\/\/osteomag.ca\/fr\/pied-creux-causes-symptomes-traitements\/#6_Le_vieillissement_et_levolution_tissulaire\" >6. Le vieillissement et l\u2019\u00e9volution tissulaire<\/a><\/li><\/ul><\/li><li class='ez-toc-page-1 ez-toc-heading-level-2'><a class=\"ez-toc-link ez-toc-heading-24\" href=\"https:\/\/osteomag.ca\/fr\/pied-creux-causes-symptomes-traitements\/#Pied_creux_congenital_vs_pied_creux_acquis_quelles_differences\" >Pied creux cong\u00e9nital vs pied creux acquis : quelles diff\u00e9rences ?<\/a><ul class='ez-toc-list-level-3' ><li class='ez-toc-heading-level-3'><a class=\"ez-toc-link ez-toc-heading-25\" href=\"https:\/\/osteomag.ca\/fr\/pied-creux-causes-symptomes-traitements\/#Le_pied_creux_congenital\" >Le pied creux cong\u00e9nital<\/a><\/li><li class='ez-toc-page-1 ez-toc-heading-level-3'><a class=\"ez-toc-link ez-toc-heading-26\" href=\"https:\/\/osteomag.ca\/fr\/pied-creux-causes-symptomes-traitements\/#Le_pied_creux_acquis\" >Le pied creux acquis<\/a><\/li><li class='ez-toc-page-1 ez-toc-heading-level-3'><a class=\"ez-toc-link ez-toc-heading-27\" href=\"https:\/\/osteomag.ca\/fr\/pied-creux-causes-symptomes-traitements\/#Pourquoi_cette_distinction_est_importante\" >Pourquoi cette distinction est importante<\/a><\/li><li class='ez-toc-page-1 ez-toc-heading-level-3'><a class=\"ez-toc-link ez-toc-heading-28\" href=\"https:\/\/osteomag.ca\/fr\/pied-creux-causes-symptomes-traitements\/#1_Les_examens_a_demander\" >1. Les examens \u00e0 demander<\/a><\/li><li class='ez-toc-page-1 ez-toc-heading-level-3'><a class=\"ez-toc-link ez-toc-heading-29\" href=\"https:\/\/osteomag.ca\/fr\/pied-creux-causes-symptomes-traitements\/#2_Le_traitement\" >2. Le traitement<\/a><\/li><li class='ez-toc-page-1 ez-toc-heading-level-3'><a class=\"ez-toc-link ez-toc-heading-30\" href=\"https:\/\/osteomag.ca\/fr\/pied-creux-causes-symptomes-traitements\/#3_Le_pronostic\" >3. Le pronostic<\/a><\/li><\/ul><\/li><li class='ez-toc-page-1 ez-toc-heading-level-2'><a class=\"ez-toc-link ez-toc-heading-31\" href=\"https:\/\/osteomag.ca\/fr\/pied-creux-causes-symptomes-traitements\/#Et_si_on_ne_sait_pas\" >Et si on ne sait pas ?<\/a><\/li><li class='ez-toc-page-1 ez-toc-heading-level-2'><a class=\"ez-toc-link ez-toc-heading-32\" href=\"https:\/\/osteomag.ca\/fr\/pied-creux-causes-symptomes-traitements\/#Biomecanique_du_pied_creux_ce_qui_se_passe_a_chaque_pas\" >Biom\u00e9canique du pied creux : ce qui se passe \u00e0 chaque pas<\/a><ul class='ez-toc-list-level-3' ><li class='ez-toc-heading-level-3'><a class=\"ez-toc-link ez-toc-heading-33\" href=\"https:\/\/osteomag.ca\/fr\/pied-creux-causes-symptomes-traitements\/#Le_role_normal_du_pied_pendant_la_marche\" >Le r\u00f4le normal du pied pendant la marche<\/a><\/li><\/ul><\/li><li class='ez-toc-page-1 ez-toc-heading-level-2'><a class=\"ez-toc-link ez-toc-heading-34\" href=\"https:\/\/osteomag.ca\/fr\/pied-creux-causes-symptomes-traitements\/#Ce_qui_change_avec_un_pied_creux\" >Ce qui change avec un pied creux<\/a><ul class='ez-toc-list-level-3' ><li class='ez-toc-heading-level-3'><a class=\"ez-toc-link ez-toc-heading-35\" href=\"https:\/\/osteomag.ca\/fr\/pied-creux-causes-symptomes-traitements\/#Les_zones_qui_encaissent_davantage\" >Les zones qui encaissent davantage<\/a><\/li><li class='ez-toc-page-1 ez-toc-heading-level-3'><a class=\"ez-toc-link ez-toc-heading-36\" href=\"https:\/\/osteomag.ca\/fr\/pied-creux-causes-symptomes-traitements\/#Le_bord_externe_du_pied\" >Le bord externe du pied<\/a><\/li><li class='ez-toc-page-1 ez-toc-heading-level-3'><a class=\"ez-toc-link ez-toc-heading-37\" href=\"https:\/\/osteomag.ca\/fr\/pied-creux-causes-symptomes-traitements\/#Limpact_sur_la_chaine_montante\" >L\u2019impact sur la cha\u00eene montante<\/a><\/li><li class='ez-toc-page-1 ez-toc-heading-level-3'><a class=\"ez-toc-link ez-toc-heading-38\" href=\"https:\/\/osteomag.ca\/fr\/pied-creux-causes-symptomes-traitements\/#Rigidite_vs_performance\" >Rigidit\u00e9 vs performance<\/a><\/li><li class='ez-toc-page-1 ez-toc-heading-level-3'><a class=\"ez-toc-link ez-toc-heading-39\" href=\"https:\/\/osteomag.ca\/fr\/pied-creux-causes-symptomes-traitements\/#Pourquoi_certaines_personnes_nont_aucun_symptome\" >Pourquoi certaines personnes n\u2019ont aucun sympt\u00f4me ?<\/a><\/li><li class='ez-toc-page-1 ez-toc-heading-level-3'><a class=\"ez-toc-link ez-toc-heading-40\" href=\"https:\/\/osteomag.ca\/fr\/pied-creux-causes-symptomes-traitements\/#Ce_quil_faut_retenir\" >Ce qu\u2019il faut retenir<\/a><\/li><li class='ez-toc-page-1 ez-toc-heading-level-3'><a class=\"ez-toc-link ez-toc-heading-41\" href=\"https:\/\/osteomag.ca\/fr\/pied-creux-causes-symptomes-traitements\/#Tableau_biomecanique_du_pied_creux_a_chaque_pas\" >Tableau : biom\u00e9canique du pied creux \u00e0 chaque pas<\/a><\/li><\/ul><\/li><li class='ez-toc-page-1 ez-toc-heading-level-2'><a class=\"ez-toc-link ez-toc-heading-42\" href=\"https:\/\/osteomag.ca\/fr\/pied-creux-causes-symptomes-traitements\/#Douleurs_frequentes_liees_au_pied_creux\" >Douleurs fr\u00e9quentes li\u00e9es au pied creux<\/a><ul class='ez-toc-list-level-3' ><li class='ez-toc-heading-level-3'><a class=\"ez-toc-link ez-toc-heading-43\" href=\"https:\/\/osteomag.ca\/fr\/pied-creux-causes-symptomes-traitements\/#Douleur_sous_lavant-pied\" >Douleur sous l\u2019avant-pied<\/a><\/li><li class='ez-toc-page-1 ez-toc-heading-level-3'><a class=\"ez-toc-link ez-toc-heading-44\" href=\"https:\/\/osteomag.ca\/fr\/pied-creux-causes-symptomes-traitements\/#Douleur_au_talon\" >Douleur au talon<\/a><\/li><li class='ez-toc-page-1 ez-toc-heading-level-3'><a class=\"ez-toc-link ez-toc-heading-45\" href=\"https:\/\/osteomag.ca\/fr\/pied-creux-causes-symptomes-traitements\/#Douleur_sur_le_bord_externe_du_pied\" >Douleur sur le bord externe du pied<\/a><\/li><li class='ez-toc-page-1 ez-toc-heading-level-3'><a class=\"ez-toc-link ez-toc-heading-46\" href=\"https:\/\/osteomag.ca\/fr\/pied-creux-causes-symptomes-traitements\/#Douleur_de_cheville\" >Douleur de cheville<\/a><\/li><li class='ez-toc-page-1 ez-toc-heading-level-3'><a class=\"ez-toc-link ez-toc-heading-47\" href=\"https:\/\/osteomag.ca\/fr\/pied-creux-causes-symptomes-traitements\/#Crampes_et_fatigue_musculaire\" >Crampes et fatigue musculaire<\/a><\/li><li class='ez-toc-page-1 ez-toc-heading-level-3'><a class=\"ez-toc-link ez-toc-heading-48\" href=\"https:\/\/osteomag.ca\/fr\/pied-creux-causes-symptomes-traitements\/#Douleurs_qui_remontent_plus_haut\" >Douleurs qui remontent plus haut<\/a><\/li><li class='ez-toc-page-1 ez-toc-heading-level-3'><a class=\"ez-toc-link ez-toc-heading-49\" href=\"https:\/\/osteomag.ca\/fr\/pied-creux-causes-symptomes-traitements\/#Quand_consulter\" >Quand consulter ?<\/a><\/li><li class='ez-toc-page-1 ez-toc-heading-level-3'><a class=\"ez-toc-link ez-toc-heading-50\" href=\"https:\/\/osteomag.ca\/fr\/pied-creux-causes-symptomes-traitements\/#Tableau_douleurs_frequentes_liees_au_pied_creux\" >Tableau : douleurs fr\u00e9quentes li\u00e9es au pied creux<\/a><\/li><\/ul><\/li><li class='ez-toc-page-1 ez-toc-heading-level-2'><a class=\"ez-toc-link ez-toc-heading-51\" href=\"https:\/\/osteomag.ca\/fr\/pied-creux-causes-symptomes-traitements\/#Entorses_a_repetition_et_instabilite_de_cheville\" >Entorses \u00e0 r\u00e9p\u00e9tition et instabilit\u00e9 de cheville<\/a><\/li><li class='ez-toc-page-1 ez-toc-heading-level-2'><a class=\"ez-toc-link ez-toc-heading-52\" href=\"https:\/\/osteomag.ca\/fr\/pied-creux-causes-symptomes-traitements\/#Orteils_en_marteau_griffes_et_autres_deformations_associees\" >Orteils en marteau, griffes et autres d\u00e9formations associ\u00e9es<\/a><\/li><li class='ez-toc-page-1 ez-toc-heading-level-2'><a class=\"ez-toc-link ez-toc-heading-53\" href=\"https:\/\/osteomag.ca\/fr\/pied-creux-causes-symptomes-traitements\/#Le_lien_entre_pied_creux_genou_hanche_et_dos\" >Le lien entre pied creux, genou, hanche et dos<\/a><\/li><li class='ez-toc-page-1 ez-toc-heading-level-2'><a class=\"ez-toc-link ez-toc-heading-54\" href=\"https:\/\/osteomag.ca\/fr\/pied-creux-causes-symptomes-traitements\/#Pied_creux_chez_lenfant_faut-il_sinquieter\" >Pied creux chez l\u2019enfant : faut-il s\u2019inqui\u00e9ter ?<\/a><\/li><li class='ez-toc-page-1 ez-toc-heading-level-2'><a class=\"ez-toc-link ez-toc-heading-55\" href=\"https:\/\/osteomag.ca\/fr\/pied-creux-causes-symptomes-traitements\/#Pied_creux_et_maladies_neurologiques_quand_investiguer_davantage\" >Pied creux et maladies neurologiques : quand investiguer davantage<\/a><\/li><li class='ez-toc-page-1 ez-toc-heading-level-2'><a class=\"ez-toc-link ez-toc-heading-56\" href=\"https:\/\/osteomag.ca\/fr\/pied-creux-causes-symptomes-traitements\/#Comment_se_fait_le_diagnostic_Examen_clinique_et_imagerie\" >Comment se fait le diagnostic ? Examen clinique et imagerie<\/a><ul class='ez-toc-list-level-3' ><li class='ez-toc-heading-level-3'><a class=\"ez-toc-link ez-toc-heading-57\" href=\"https:\/\/osteomag.ca\/fr\/pied-creux-causes-symptomes-traitements\/#Quand_limagerie_devient_utile\" >Quand l\u2019imagerie devient utile<\/a><\/li><li class='ez-toc-page-1 ez-toc-heading-level-3'><a class=\"ez-toc-link ez-toc-heading-58\" href=\"https:\/\/osteomag.ca\/fr\/pied-creux-causes-symptomes-traitements\/#Radiographie\" >Radiographie<\/a><\/li><li class='ez-toc-page-1 ez-toc-heading-level-3'><a class=\"ez-toc-link ez-toc-heading-59\" href=\"https:\/\/osteomag.ca\/fr\/pied-creux-causes-symptomes-traitements\/#Echographie\" >\u00c9chographie<\/a><\/li><li class='ez-toc-page-1 ez-toc-heading-level-3'><a class=\"ez-toc-link ez-toc-heading-60\" href=\"https:\/\/osteomag.ca\/fr\/pied-creux-causes-symptomes-traitements\/#IRM\" >IRM<\/a><\/li><li class='ez-toc-page-1 ez-toc-heading-level-3'><a class=\"ez-toc-link ez-toc-heading-61\" href=\"https:\/\/osteomag.ca\/fr\/pied-creux-causes-symptomes-traitements\/#Examens_neurologiques_complementaires\" >Examens neurologiques compl\u00e9mentaires<\/a><\/li><\/ul><\/li><li class='ez-toc-page-1 ez-toc-heading-level-2'><a class=\"ez-toc-link ez-toc-heading-62\" href=\"https:\/\/osteomag.ca\/fr\/pied-creux-causes-symptomes-traitements\/#Comment_se_fait_le_diagnostic_Examen_clinique_et_imagerie-2\" >Comment se fait le diagnostic ? Examen clinique et imagerie<\/a><\/li><li class='ez-toc-page-1 ez-toc-heading-level-2'><a class=\"ez-toc-link ez-toc-heading-63\" href=\"https:\/\/osteomag.ca\/fr\/pied-creux-causes-symptomes-traitements\/#Questionnaire_sur_le_diagnostic_du_pied_creux\" >Questionnaire sur le diagnostic du pied creux<\/a><\/li><li class='ez-toc-page-1 ez-toc-heading-level-2'><a class=\"ez-toc-link ez-toc-heading-64\" href=\"https:\/\/osteomag.ca\/fr\/pied-creux-causes-symptomes-traitements\/#Interpretation_simple\" >Interpr\u00e9tation simple<\/a><\/li><li class='ez-toc-page-1 ez-toc-heading-level-2'><a class=\"ez-toc-link ez-toc-heading-65\" href=\"https:\/\/osteomag.ca\/fr\/pied-creux-causes-symptomes-traitements\/#Diagnostic_differentiel_ce_qui_peut_ressembler_a_un_pied_creux\" >Diagnostic diff\u00e9rentiel : ce qui peut ressembler \u00e0 un pied creux<\/a><\/li><li class='ez-toc-page-1 ez-toc-heading-level-2'><a class=\"ez-toc-link ez-toc-heading-66\" href=\"https:\/\/osteomag.ca\/fr\/pied-creux-causes-symptomes-traitements\/#Semelles_orthopediques_utiles_ou_non\" >Semelles orthop\u00e9diques : utiles ou non ?<\/a><\/li><li class='ez-toc-page-1 ez-toc-heading-level-2'><a class=\"ez-toc-link ez-toc-heading-67\" href=\"https:\/\/osteomag.ca\/fr\/pied-creux-causes-symptomes-traitements\/#Exercices_pour_le_pied_creux\" >Exercices pour le pied creux<\/a><ul class='ez-toc-list-level-3' ><li class='ez-toc-heading-level-3'><a class=\"ez-toc-link ez-toc-heading-68\" href=\"https:\/\/osteomag.ca\/fr\/pied-creux-causes-symptomes-traitements\/#1_Etirement_du_mollet\" >1. \u00c9tirement du mollet<\/a><\/li><li class='ez-toc-page-1 ez-toc-heading-level-3'><a class=\"ez-toc-link ez-toc-heading-69\" href=\"https:\/\/osteomag.ca\/fr\/pied-creux-causes-symptomes-traitements\/#2_Mobilite_de_cheville\" >2. Mobilit\u00e9 de cheville<\/a><\/li><li class='ez-toc-page-1 ez-toc-heading-level-3'><a class=\"ez-toc-link ez-toc-heading-70\" href=\"https:\/\/osteomag.ca\/fr\/pied-creux-causes-symptomes-traitements\/#3_Serviette_avec_les_orteils\" >3. Serviette avec les orteils<\/a><\/li><li class='ez-toc-page-1 ez-toc-heading-level-3'><a class=\"ez-toc-link ez-toc-heading-71\" href=\"https:\/\/osteomag.ca\/fr\/pied-creux-causes-symptomes-traitements\/#4_Relever_larche\" >4. Relever l\u2019arche<\/a><\/li><li class='ez-toc-page-1 ez-toc-heading-level-3'><a class=\"ez-toc-link ez-toc-heading-72\" href=\"https:\/\/osteomag.ca\/fr\/pied-creux-causes-symptomes-traitements\/#5_Equilibre_sur_un_pied\" >5. \u00c9quilibre sur un pied<\/a><\/li><li class='ez-toc-page-1 ez-toc-heading-level-3'><a class=\"ez-toc-link ez-toc-heading-73\" href=\"https:\/\/osteomag.ca\/fr\/pied-creux-causes-symptomes-traitements\/#6_Pointe_des_pieds\" >6. Pointe des pieds<\/a><\/li><li class='ez-toc-page-1 ez-toc-heading-level-3'><a class=\"ez-toc-link ez-toc-heading-74\" href=\"https:\/\/osteomag.ca\/fr\/pied-creux-causes-symptomes-traitements\/#7_Pont_fessier\" >7. Pont fessier<\/a><\/li><li class='ez-toc-page-1 ez-toc-heading-level-3'><a class=\"ez-toc-link ez-toc-heading-75\" href=\"https:\/\/osteomag.ca\/fr\/pied-creux-causes-symptomes-traitements\/#8_Massage_avec_balle\" >8. Massage avec balle<\/a><\/li><li class='ez-toc-page-1 ez-toc-heading-level-3'><a class=\"ez-toc-link ez-toc-heading-76\" href=\"https:\/\/osteomag.ca\/fr\/pied-creux-causes-symptomes-traitements\/#Conseils\" >Conseils<\/a><\/li><\/ul><\/li><li class='ez-toc-page-1 ez-toc-heading-level-2'><a class=\"ez-toc-link ez-toc-heading-77\" href=\"https:\/\/osteomag.ca\/fr\/pied-creux-causes-symptomes-traitements\/#Chaussures_recommandees_en_cas_de_pied_creux\" >Chaussures recommand\u00e9es en cas de pied creux<\/a><ul class='ez-toc-list-level-3' ><li class='ez-toc-heading-level-3'><a class=\"ez-toc-link ez-toc-heading-78\" href=\"https:\/\/osteomag.ca\/fr\/pied-creux-causes-symptomes-traitements\/#Caracteristiques_recherchees\" >Caract\u00e9ristiques recherch\u00e9es<\/a><\/li><li class='ez-toc-page-1 ez-toc-heading-level-3'><a class=\"ez-toc-link ez-toc-heading-79\" href=\"https:\/\/osteomag.ca\/fr\/pied-creux-causes-symptomes-traitements\/#Ce_quil_vaut_mieux_eviter\" >Ce qu\u2019il vaut mieux \u00e9viter<\/a><\/li><li class='ez-toc-page-1 ez-toc-heading-level-3'><a class=\"ez-toc-link ez-toc-heading-80\" href=\"https:\/\/osteomag.ca\/fr\/pied-creux-causes-symptomes-traitements\/#Selon_lactivite\" >Selon l\u2019activit\u00e9<\/a><\/li><li class='ez-toc-page-1 ez-toc-heading-level-3'><a class=\"ez-toc-link ez-toc-heading-81\" href=\"https:\/\/osteomag.ca\/fr\/pied-creux-causes-symptomes-traitements\/#Et_les_chaussures_minimalistes\" >Et les chaussures minimalistes ?<\/a><\/li><li class='ez-toc-page-1 ez-toc-heading-level-3'><a class=\"ez-toc-link ez-toc-heading-82\" href=\"https:\/\/osteomag.ca\/fr\/pied-creux-causes-symptomes-traitements\/#Quand_changer_ses_chaussures\" >Quand changer ses chaussures ?<\/a><\/li><li class='ez-toc-page-1 ez-toc-heading-level-3'><a class=\"ez-toc-link ez-toc-heading-83\" href=\"https:\/\/osteomag.ca\/fr\/pied-creux-causes-symptomes-traitements\/#Lien_avec_les_semelles_orthopediques\" >Lien avec les semelles orthop\u00e9diques<\/a><\/li><\/ul><\/li><li class='ez-toc-page-1 ez-toc-heading-level-2'><a class=\"ez-toc-link ez-toc-heading-84\" href=\"https:\/\/osteomag.ca\/fr\/pied-creux-causes-symptomes-traitements\/#Traitements_conservateurs_lapport_de_losteopathie_adaptation_et_soulagement\" >Traitements conservateurs : l\u2019apport de l\u2019ost\u00e9opathie, adaptation et soulagement<\/a><ul class='ez-toc-list-level-3' ><li class='ez-toc-heading-level-3'><a class=\"ez-toc-link ez-toc-heading-85\" href=\"https:\/\/osteomag.ca\/fr\/pied-creux-causes-symptomes-traitements\/#Linteret_de_losteopathie\" >L\u2019int\u00e9r\u00eat de l\u2019ost\u00e9opathie<\/a><\/li><li class='ez-toc-page-1 ez-toc-heading-level-3'><a class=\"ez-toc-link ez-toc-heading-86\" href=\"https:\/\/osteomag.ca\/fr\/pied-creux-causes-symptomes-traitements\/#Approche_manuelle_et_fonctionnelle\" >Approche manuelle et fonctionnelle<\/a><\/li><li class='ez-toc-page-1 ez-toc-heading-level-3'><a class=\"ez-toc-link ez-toc-heading-87\" href=\"https:\/\/osteomag.ca\/fr\/pied-creux-causes-symptomes-traitements\/#Exercices_et_conseils_personnalises\" >Exercices et conseils personnalis\u00e9s<\/a><\/li><li class='ez-toc-page-1 ez-toc-heading-level-3'><a class=\"ez-toc-link ez-toc-heading-88\" href=\"https:\/\/osteomag.ca\/fr\/pied-creux-causes-symptomes-traitements\/#Adaptation_des_chaussures_et_semelles\" >Adaptation des chaussures et semelles<\/a><\/li><li class='ez-toc-page-1 ez-toc-heading-level-3'><a class=\"ez-toc-link ez-toc-heading-89\" href=\"https:\/\/osteomag.ca\/fr\/pied-creux-causes-symptomes-traitements\/#Quand_consulter-2\" >Quand consulter ?<\/a><\/li><\/ul><\/li><li class='ez-toc-page-1 ez-toc-heading-level-2'><a class=\"ez-toc-link ez-toc-heading-90\" href=\"https:\/\/osteomag.ca\/fr\/pied-creux-causes-symptomes-traitements\/#Quelle_place_pour_losteopathie\" >Quelle place pour l\u2019ost\u00e9opathie ?<\/a><\/li><li class='ez-toc-page-1 ez-toc-heading-level-2'><a class=\"ez-toc-link ez-toc-heading-91\" href=\"https:\/\/osteomag.ca\/fr\/pied-creux-causes-symptomes-traitements\/#Conseils_pratiques_au_quotidien_pour_reduire_la_douleur\" >Conseils pratiques au quotidien pour r\u00e9duire la douleur<\/a><ul class='ez-toc-list-level-3' ><li class='ez-toc-heading-level-3'><a class=\"ez-toc-link ez-toc-heading-92\" href=\"https:\/\/osteomag.ca\/fr\/pied-creux-causes-symptomes-traitements\/#Choisir_des_chaussures_confortables\" >Choisir des chaussures confortables<\/a><\/li><li class='ez-toc-page-1 ez-toc-heading-level-3'><a class=\"ez-toc-link ez-toc-heading-93\" href=\"https:\/\/osteomag.ca\/fr\/pied-creux-causes-symptomes-traitements\/#Alterner_les_charges\" >Alterner les charges<\/a><\/li><li class='ez-toc-page-1 ez-toc-heading-level-3'><a class=\"ez-toc-link ez-toc-heading-94\" href=\"https:\/\/osteomag.ca\/fr\/pied-creux-causes-symptomes-traitements\/#Faire_des_pauses_actives\" >Faire des pauses actives<\/a><\/li><li class='ez-toc-page-1 ez-toc-heading-level-3'><a class=\"ez-toc-link ez-toc-heading-95\" href=\"https:\/\/osteomag.ca\/fr\/pied-creux-causes-symptomes-traitements\/#Utiliser_le_froid_apres_surcharge\" >Utiliser le froid apr\u00e8s surcharge<\/a><\/li><li class='ez-toc-page-1 ez-toc-heading-level-3'><a class=\"ez-toc-link ez-toc-heading-96\" href=\"https:\/\/osteomag.ca\/fr\/pied-creux-causes-symptomes-traitements\/#Entretenir_la_mobilite\" >Entretenir la mobilit\u00e9<\/a><\/li><li class='ez-toc-page-1 ez-toc-heading-level-3'><a class=\"ez-toc-link ez-toc-heading-97\" href=\"https:\/\/osteomag.ca\/fr\/pied-creux-causes-symptomes-traitements\/#Surveiller_lusure_des_chaussures\" >Surveiller l\u2019usure des chaussures<\/a><\/li><li class='ez-toc-page-1 ez-toc-heading-level-3'><a class=\"ez-toc-link ez-toc-heading-98\" href=\"https:\/\/osteomag.ca\/fr\/pied-creux-causes-symptomes-traitements\/#Gerer_la_progression_sportive\" >G\u00e9rer la progression sportive<\/a><\/li><li class='ez-toc-page-1 ez-toc-heading-level-3'><a class=\"ez-toc-link ez-toc-heading-99\" href=\"https:\/\/osteomag.ca\/fr\/pied-creux-causes-symptomes-traitements\/#Considerer_le_corps_dans_son_ensemble\" >Consid\u00e9rer le corps dans son ensemble<\/a><\/li><li class='ez-toc-page-1 ez-toc-heading-level-3'><a class=\"ez-toc-link ez-toc-heading-100\" href=\"https:\/\/osteomag.ca\/fr\/pied-creux-causes-symptomes-traitements\/#Quand_consulter-3\" >Quand consulter ?<\/a><\/li><\/ul><\/li><li class='ez-toc-page-1 ez-toc-heading-level-2'><a class=\"ez-toc-link ez-toc-heading-101\" href=\"https:\/\/osteomag.ca\/fr\/pied-creux-causes-symptomes-traitements\/#Prevention_peut-on_eviter_laggravation\" >Pr\u00e9vention : peut-on \u00e9viter l\u2019aggravation ?<\/a><ul class='ez-toc-list-level-3' ><li class='ez-toc-heading-level-3'><a class=\"ez-toc-link ez-toc-heading-102\" href=\"https:\/\/osteomag.ca\/fr\/pied-creux-causes-symptomes-traitements\/#Bouger_regulierement\" >Bouger r\u00e9guli\u00e8rement<\/a><\/li><li class='ez-toc-page-1 ez-toc-heading-level-3'><a class=\"ez-toc-link ez-toc-heading-103\" href=\"https:\/\/osteomag.ca\/fr\/pied-creux-causes-symptomes-traitements\/#Choisir_de_bonnes_chaussures\" >Choisir de bonnes chaussures<\/a><\/li><li class='ez-toc-page-1 ez-toc-heading-level-3'><a class=\"ez-toc-link ez-toc-heading-104\" href=\"https:\/\/osteomag.ca\/fr\/pied-creux-causes-symptomes-traitements\/#Progresser_graduellement_dans_les_activites\" >Progresser graduellement dans les activit\u00e9s<\/a><\/li><li class='ez-toc-page-1 ez-toc-heading-level-3'><a class=\"ez-toc-link ez-toc-heading-105\" href=\"https:\/\/osteomag.ca\/fr\/pied-creux-causes-symptomes-traitements\/#Renforcer_la_stabilite\" >Renforcer la stabilit\u00e9<\/a><\/li><li class='ez-toc-page-1 ez-toc-heading-level-3'><a class=\"ez-toc-link ez-toc-heading-106\" href=\"https:\/\/osteomag.ca\/fr\/pied-creux-causes-symptomes-traitements\/#Preserver_la_souplesse_utile\" >Pr\u00e9server la souplesse utile<\/a><\/li><li class='ez-toc-page-1 ez-toc-heading-level-3'><a class=\"ez-toc-link ez-toc-heading-107\" href=\"https:\/\/osteomag.ca\/fr\/pied-creux-causes-symptomes-traitements\/#Reagir_tot_aux_symptomes\" >R\u00e9agir t\u00f4t aux sympt\u00f4mes<\/a><\/li><li class='ez-toc-page-1 ez-toc-heading-level-3'><a class=\"ez-toc-link ez-toc-heading-108\" href=\"https:\/\/osteomag.ca\/fr\/pied-creux-causes-symptomes-traitements\/#Surveiller_chez_lenfant_et_ladolescent\" >Surveiller chez l\u2019enfant et l\u2019adolescent<\/a><\/li><li class='ez-toc-page-1 ez-toc-heading-level-3'><a class=\"ez-toc-link ez-toc-heading-109\" href=\"https:\/\/osteomag.ca\/fr\/pied-creux-causes-symptomes-traitements\/#Vision_globale\" >Vision globale<\/a><\/li><\/ul><\/li><li class='ez-toc-page-1 ez-toc-heading-level-2'><a class=\"ez-toc-link ez-toc-heading-110\" href=\"https:\/\/osteomag.ca\/fr\/pied-creux-causes-symptomes-traitements\/#FAQ_sur_le_pied_creux\" >FAQ sur le pied creux<\/a><ul class='ez-toc-list-level-3' ><li class='ez-toc-heading-level-3'><a class=\"ez-toc-link ez-toc-heading-111\" href=\"https:\/\/osteomag.ca\/fr\/pied-creux-causes-symptomes-traitements\/#Le_pied_creux_est-il_toujours_douloureux\" >Le pied creux est-il toujours douloureux ?<\/a><\/li><li class='ez-toc-page-1 ez-toc-heading-level-3'><a class=\"ez-toc-link ez-toc-heading-112\" href=\"https:\/\/osteomag.ca\/fr\/pied-creux-causes-symptomes-traitements\/#Le_pied_creux_peut-il_provoquer_des_entorses\" >Le pied creux peut-il provoquer des entorses ?<\/a><\/li><li class='ez-toc-page-1 ez-toc-heading-level-3'><a class=\"ez-toc-link ez-toc-heading-113\" href=\"https:\/\/osteomag.ca\/fr\/pied-creux-causes-symptomes-traitements\/#Les_semelles_sont-elles_obligatoires\" >Les semelles sont-elles obligatoires ?<\/a><\/li><li class='ez-toc-page-1 ez-toc-heading-level-3'><a class=\"ez-toc-link ez-toc-heading-114\" href=\"https:\/\/osteomag.ca\/fr\/pied-creux-causes-symptomes-traitements\/#Peut-on_corriger_un_pied_creux_avec_des_exercices\" >Peut-on corriger un pied creux avec des exercices ?<\/a><\/li><li class='ez-toc-page-1 ez-toc-heading-level-3'><a class=\"ez-toc-link ez-toc-heading-115\" href=\"https:\/\/osteomag.ca\/fr\/pied-creux-causes-symptomes-traitements\/#Le_pied_creux_est-il_hereditaire\" >Le pied creux est-il h\u00e9r\u00e9ditaire ?<\/a><\/li><li class='ez-toc-page-1 ez-toc-heading-level-3'><a class=\"ez-toc-link ez-toc-heading-116\" href=\"https:\/\/osteomag.ca\/fr\/pied-creux-causes-symptomes-traitements\/#Quand_faut-il_consulter-2\" >Quand faut-il consulter ?<\/a><\/li><li class='ez-toc-page-1 ez-toc-heading-level-3'><a class=\"ez-toc-link ez-toc-heading-117\" href=\"https:\/\/osteomag.ca\/fr\/pied-creux-causes-symptomes-traitements\/#Le_sport_est-il_possible_avec_un_pied_creux\" >Le sport est-il possible avec un pied creux ?<\/a><\/li><li class='ez-toc-page-1 ez-toc-heading-level-3'><a class=\"ez-toc-link ez-toc-heading-118\" href=\"https:\/\/osteomag.ca\/fr\/pied-creux-causes-symptomes-traitements\/#Le_pied_creux_peut-il_causer_des_douleurs_au_genou_ou_au_dos\" >Le pied creux peut-il causer des douleurs au genou ou au dos ?<\/a><\/li><li class='ez-toc-page-1 ez-toc-heading-level-3'><a class=\"ez-toc-link ez-toc-heading-119\" href=\"https:\/\/osteomag.ca\/fr\/pied-creux-causes-symptomes-traitements\/#La_chirurgie_est-elle_frequente\" >La chirurgie est-elle fr\u00e9quente ?<\/a><\/li><li class='ez-toc-page-1 ez-toc-heading-level-3'><a class=\"ez-toc-link ez-toc-heading-120\" href=\"https:\/\/osteomag.ca\/fr\/pied-creux-causes-symptomes-traitements\/#Losteopathie_peut-elle_aider\" >L\u2019ost\u00e9opathie peut-elle aider ?<\/a><\/li><\/ul><\/li><li class='ez-toc-page-1 ez-toc-heading-level-2'><a class=\"ez-toc-link ez-toc-heading-121\" href=\"https:\/\/osteomag.ca\/fr\/pied-creux-causes-symptomes-traitements\/#Conclusion_comprendre_la_forme_du_pied_pour_mieux_bouger\" >Conclusion : comprendre la forme du pied pour mieux bouger<\/a><\/li><li class='ez-toc-page-1 ez-toc-heading-level-2'><a class=\"ez-toc-link ez-toc-heading-122\" href=\"https:\/\/osteomag.ca\/fr\/pied-creux-causes-symptomes-traitements\/#References_scientifiques\" >R\u00e9f\u00e9rences scientifiques<\/a><\/li><\/ul><\/nav><\/div>\n\n<div class=\"pc-box\">\n\n<div class=\"pc-title\">Points cl\u00e9s<\/div>\n\n<ul class=\"pc-list\">\n<li>Le pied creux, ou pes cavus, se caract\u00e9rise par une vo\u00fbte plantaire anormalement \u00e9lev\u00e9e qui modifie les appuis au sol.<\/li>\n\n<li>Les charges se concentrent souvent sur le talon, l\u2019avant-pied et parfois le bord externe du pied.<\/li>\n\n<li>Cette morphologie peut favoriser douleurs plantaires, fatigue \u00e0 la marche, callosit\u00e9s et inconfort dans les chaussures.<\/li>\n\n<li>Les entorses r\u00e9p\u00e9t\u00e9es et l\u2019instabilit\u00e9 de cheville sont fr\u00e9quentes chez certaines personnes ayant un pied creux.<\/li>\n\n<li>Le pied creux peut \u00eatre cong\u00e9nital, familial, acquis apr\u00e8s blessure ou li\u00e9 \u00e0 un trouble neurologique.<\/li>\n\n<li>Une aggravation rapide, une asym\u00e9trie importante, une faiblesse musculaire ou des troubles de l\u2019\u00e9quilibre justifient une \u00e9valuation m\u00e9dicale.<\/li>\n\n<li>Le diagnostic repose sur l\u2019examen clinique, l\u2019analyse de la marche et parfois l\u2019imagerie selon les sympt\u00f4mes.<\/li>\n\n<li>Les semelles orthop\u00e9diques peuvent aider \u00e0 redistribuer les pressions et am\u00e9liorer le confort dans certains cas.<\/li>\n\n<li>Les exercices, le travail d\u2019\u00e9quilibre, des chaussures adapt\u00e9es et la gestion progressive des charges sont souvent utiles.<\/li>\n\n<li>L\u2019ost\u00e9opathie peut s\u2019int\u00e9grer \u00e0 une approche globale visant la mobilit\u00e9, la stabilit\u00e9 et le confort fonctionnel.<\/li>\n<\/ul>\n\n<\/div>\n\n<style>\n.pc-box{\nbackground:#ffffff;\nborder:2px solid #1A7F78;\nborder-left:8px solid #1A7F78;\npadding:24px;\nmargin:30px 0;\nborder-radius:4px;\nbox-shadow:0 6px 18px rgba(0,0,0,0.08);\n}\n\n.pc-title{\nfont-size:28px;\nfont-weight:700;\ncolor:#1A7F78;\nmargin-bottom:18px;\nline-height:1.2;\n}\n\n.pc-list{\nmargin:0;\npadding-left:22px;\n}\n\n.pc-list li{\nmargin-bottom:12px;\nfont-size:18px;\nline-height:1.6;\ncolor:#222;\n}\n\n.pc-list li::marker{\ncolor:#1A7F78;\nfont-weight:bold;\n}\n<\/style>\n\n\n\n<style>\n.osteo-accordion{\n  margin:25px 0;\n  border-radius:12px;\n  overflow:hidden;\n  box-shadow:0 4px 14px rgba(0,0,0,.08);\n}\n.osteo-accordion details{\n  background:#fff;\n}\n.osteo-accordion summary{\n  list-style:none;\n  cursor:pointer;\n  padding:20px 24px;\n  font-size:32px;\n  font-weight:700;\n  color:#fff;\n  background:linear-gradient(135deg,#178fcb 0%,#1177b1 100%);\n  position:relative;\n}\n.osteo-accordion summary::-webkit-details-marker{\n  display:none;\n}\n.osteo-accordion summary::after{\n  content:\"+\";\n  position:absolute;\n  right:24px;\n  top:50%;\n  transform:translateY(-50%);\n  font-size:48px;\n  font-weight:300;\n}\n.osteo-accordion details[open] summary::after{\n  content:\"\u2212\";\n}\n.osteo-accordion-content{\n  padding:28px;\n  background:#f9fcff;\n  line-height:1.8;\n  color:#222;\n  font-size:18px;\n}\n.osteo-accordion-content h2{\n  color:#1177b1;\n  font-size:28px;\n  margin:0 0 14px;\n}\n.osteo-accordion-content h3{\n  color:#1177b1;\n  font-size:22px;\n  margin:24px 0 8px;\n}\n.osteo-accordion-content ul{\n  margin:8px 0 18px 22px;\n}\n.osteo-accordion-content li{\n  margin-bottom:8px;\n}\n.osteo-accordion-content a{\n  color:#1177b1;\n  font-weight:600;\n  text-decoration:none;\n}\n.osteo-accordion-content a:hover{\n  text-decoration:underline;\n}\n<\/style>\n\n<div class=\"osteo-accordion\">\n  <details>\n    <summary>Version texte court<\/summary>\n\n    <div class=\"osteo-accordion-content\">\n\n      <h2><span class=\"ez-toc-section\" id=\"Le_pied_creux_version_courte\"><\/span>Le pied creux : version courte<span class=\"ez-toc-section-end\"><\/span><\/h2>\n\n      <p>Une vo\u00fbte plantaire tr\u00e8s marqu\u00e9e, des douleurs sous le pied, des entorses r\u00e9p\u00e9t\u00e9es ou une sensation d\u2019instabilit\u00e9 peuvent parfois \u00eatre li\u00e9es \u00e0 un <strong>pied creux<\/strong>, aussi appel\u00e9 <strong>pes cavus<\/strong>. Dans cette morphologie, l\u2019arche du pied est plus haute que la normale, ce qui modifie la r\u00e9partition des charges au sol. Le pied absorbe alors moins bien les impacts et certaines zones, surtout le talon et l\u2019avant-pied, peuvent devenir plus douloureuses.<\/p>\n\n      <h3><span class=\"ez-toc-section\" id=\"Symptomes_frequents\"><\/span>Sympt\u00f4mes fr\u00e9quents<span class=\"ez-toc-section-end\"><\/span><\/h3>\n      <ul>\n        <li>Vo\u00fbte plantaire tr\u00e8s haute<\/li>\n        <li>Douleur sous l\u2019avant-pied<\/li>\n        <li>Douleur au talon<\/li>\n        <li>Fatigue \u00e0 la marche<\/li>\n        <li>Instabilit\u00e9 de cheville<\/li>\n        <li>Entorses r\u00e9p\u00e9t\u00e9es<\/li>\n        <li>Callosit\u00e9s sous le pied<\/li>\n        <li>Crampes du pied ou du mollet<\/li>\n        <li>Difficult\u00e9 \u00e0 trouver des chaussures confortables<\/li>\n        <li>Parfois douleurs au genou, \u00e0 la hanche ou au dos<\/li>\n      <\/ul>\n\n      <h3><span class=\"ez-toc-section\" id=\"Causes_possibles\"><\/span>Causes possibles<span class=\"ez-toc-section-end\"><\/span><\/h3>\n      <p>Plusieurs facteurs peuvent expliquer un pied creux :<\/p>\n      <ul>\n        <li>Pr\u00e9disposition familiale<\/li>\n        <li>Cause cong\u00e9nitale<\/li>\n        <li>D\u00e9s\u00e9quilibre musculaire<\/li>\n        <li>Raideur du tendon d\u2019Achille<\/li>\n        <li>Ancienne blessure<\/li>\n        <li>Entorses r\u00e9p\u00e9t\u00e9es<\/li>\n        <li>Trouble neurologique<\/li>\n        <li>Neuropathie p\u00e9riph\u00e9rique<\/li>\n        <li>Chaussures inadapt\u00e9es<\/li>\n        <li>Sport \u00e0 impacts r\u00e9p\u00e9t\u00e9s<\/li>\n      <\/ul>\n\n      <h3><span class=\"ez-toc-section\" id=\"Comment_poser_le_diagnostic\"><\/span>Comment poser le diagnostic ?<span class=\"ez-toc-section-end\"><\/span><\/h3>\n      <p>Le diagnostic repose surtout sur :<\/p>\n      <ul>\n        <li>Observation de la forme du pied<\/li>\n        <li>Analyse de la marche<\/li>\n        <li>\u00c9valuation des appuis plantaires<\/li>\n        <li>Souplesse ou rigidit\u00e9 du pied<\/li>\n        <li>Examen de la cheville et des orteils<\/li>\n        <li>Recherche d\u2019entorses r\u00e9p\u00e9t\u00e9es<\/li>\n        <li>Radiographie si n\u00e9cessaire<\/li>\n        <li>Parfois bilan neurologique selon le contexte<\/li>\n      <\/ul>\n\n      <h3><span class=\"ez-toc-section\" id=\"Comment_soulager\"><\/span>Comment soulager ?<span class=\"ez-toc-section-end\"><\/span><\/h3>\n      <p>Le traitement d\u00e9pend de la cause et de l\u2019impact fonctionnel. Il peut inclure :<\/p>\n      <ul>\n        <li>Chaussures mieux adapt\u00e9es<\/li>\n        <li>Semelles orthop\u00e9diques si n\u00e9cessaire<\/li>\n        <li>Exercices de mobilit\u00e9<\/li>\n        <li>Renforcement musculaire<\/li>\n        <li>Travail de l\u2019\u00e9quilibre<\/li>\n        <li>Physioth\u00e9rapie<\/li>\n        <li>Gestion progressive des activit\u00e9s<\/li>\n        <li>Traitement des zones douloureuses<\/li>\n        <li>Plus rarement chirurgie dans les cas s\u00e9v\u00e8res<\/li>\n      <\/ul>\n\n      <h3><span class=\"ez-toc-section\" id=\"Place_de_losteopathie\"><\/span>Place de l\u2019ost\u00e9opathie<span class=\"ez-toc-section-end\"><\/span><\/h3>\n      <p>L\u2019ost\u00e9opathie peut accompagner la prise en charge en travaillant sur :<\/p>\n      <ul>\n        <li>Mobilit\u00e9 du pied<\/li>\n        <li>Cheville<\/li>\n        <li>Mollet<\/li>\n        <li>Genou et hanche<\/li>\n        <li>Bassin et posture globale<\/li>\n        <li>Tensions compensatoires<\/li>\n        <li>Confort \u00e0 la marche<\/li>\n        <li>Qualit\u00e9 du mouvement<\/li>\n      <\/ul>\n\n      <h3><span class=\"ez-toc-section\" id=\"Quand_consulter_rapidement\"><\/span>Quand consulter rapidement ?<span class=\"ez-toc-section-end\"><\/span><\/h3>\n      <p>Consultez sans tarder si vous avez :<\/p>\n      <ul>\n        <li>Aggravation rapide de la forme du pied<\/li>\n        <li>Un pied beaucoup plus creux que l\u2019autre<\/li>\n        <li>Faiblesse musculaire<\/li>\n        <li>Chutes fr\u00e9quentes<\/li>\n        <li>Perte d\u2019\u00e9quilibre<\/li>\n        <li>Engourdissements<\/li>\n        <li>Douleur importante persistante<\/li>\n        <li>Entorses \u00e0 r\u00e9p\u00e9tition<\/li>\n      <\/ul>\n\n      <h3><span class=\"ez-toc-section\" id=\"En_resume\"><\/span>En r\u00e9sum\u00e9<span class=\"ez-toc-section-end\"><\/span><\/h3>\n      <p>Le pied creux n\u2019est pas toujours douloureux, mais il peut modifier la biom\u00e9canique du pied et favoriser surcharge, instabilit\u00e9 et entorses. Lorsqu\u2019il devient symptomatique, une prise en charge adapt\u00e9e permet souvent d\u2019am\u00e9liorer le confort, la stabilit\u00e9 et la qualit\u00e9 du mouvement.<\/p>\n\n    <\/div>\n  <\/details>\n<\/div>\n\n\n\n<h2 class=\"wp-block-heading\" id=\"h-introduction-quand-la-forme-du-pied-change-tout\"><span class=\"ez-toc-section\" id=\"Introduction_quand_la_forme_du_pied_change_tout\"><\/span><strong><strong>Introduction : quand la forme du pied change tout<\/strong><br><\/strong><span class=\"ez-toc-section-end\"><\/span><\/h2>\n\n\n\n<p>Douleurs sous le pied, entorses r\u00e9p\u00e9t\u00e9es, fatigue \u00e0 la marche\u2026 et si la forme de votre vo\u00fbte plantaire expliquait une partie du probl\u00e8me ? On parle souvent du pied plat, beaucoup plus rarement du&nbsp;<strong>pied creux<\/strong>, une morphologie pourtant capable d\u2019influencer la posture, l\u2019\u00e9quilibre et le confort au quotidien.<\/p>\n\n\n<div class=\"wp-block-image\">\n<figure class=\"aligncenter is-resized\"><img decoding=\"async\" width=\"674\" height=\"462\" src=\"https:\/\/www.osteomag.ca\/wp-content\/uploads\/2021\/01\/2021-01-24_23-54-30.png\" alt=\"\" class=\"wp-image-18580\" style=\"width:516px;height:auto\" srcset=\"https:\/\/osteomag.ca\/wp-content\/uploads\/2021\/01\/2021-01-24_23-54-30.png 674w, https:\/\/osteomag.ca\/wp-content\/uploads\/2021\/01\/2021-01-24_23-54-30-540x370.png 540w, https:\/\/osteomag.ca\/wp-content\/uploads\/2021\/01\/2021-01-24_23-54-30-80x55.png 80w\" sizes=\"(max-width: 674px) 100vw, 674px\" \/><\/figure>\n<\/div>\n\n\n<p>Le pied creux, aussi appel\u00e9&nbsp;<em>pes cavus<\/em>, se caract\u00e9rise par une vo\u00fbte plantaire anormalement \u00e9lev\u00e9e. Cette architecture modifie la fa\u00e7on dont les charges se r\u00e9partissent au sol. Au lieu d\u2019un appui plus harmonieux, certaines zones \u2014 notamment le talon et l\u2019avant-pied \u2014 absorbent davantage de contraintes. R\u00e9sultat : douleurs, callosit\u00e9s, instabilit\u00e9, fatigue musculaire et parfois blessures r\u00e9p\u00e9titives.<\/p>\n\n\n\n<p>Chez certaines personnes, cette forme de pied est pr\u00e9sente depuis l\u2019enfance. Chez d\u2019autres, elle appara\u00eet progressivement ou s\u2019aggrave avec le temps, parfois en lien avec un d\u00e9s\u00e9quilibre musculaire, un trouble neurologique ou une ancienne blessure. Tous les pieds creux ne provoquent pas de sympt\u00f4mes, mais lorsqu\u2019ils deviennent douloureux, ils peuvent limiter la marche, le sport ou m\u00eame le simple plaisir de rester debout longtemps.<\/p>\n\n\n\n<p>Le probl\u00e8me n\u2019est donc pas seulement esth\u00e9tique ou anatomique. Un pied creux peut avoir des r\u00e9percussions sur la cheville, le genou, la hanche et m\u00eame le dos, en modifiant la biom\u00e9canique de tout le membre inf\u00e9rieur. C\u2019est pourquoi il m\u00e9rite une \u00e9valuation s\u00e9rieuse lorsqu\u2019il s\u2019accompagne de douleurs ou d\u2019instabilit\u00e9.<\/p>\n\n\n\n<p>Dans cet article, nous allons explorer les causes possibles du pied creux, ses sympt\u00f4mes fr\u00e9quents, les examens utiles, les traitements conservateurs ou chirurgicaux, ainsi que la place de l\u2019ost\u00e9opathie dans une approche globale du mouvement et du confort.<\/p>\n\n\n\n<h2 class=\"wp-block-heading\"><span class=\"ez-toc-section\" id=\"Quest-ce_que_le_pied_creux_Pes_Cavus\"><\/span><strong>Qu\u2019est-ce que le pied creux (Pes Cavus) ?<\/strong><span class=\"ez-toc-section-end\"><\/span><\/h2>\n\n\n\n<p>Le&nbsp;<strong>pied creux<\/strong>, aussi appel\u00e9&nbsp;<em>pes cavus<\/em>, d\u00e9signe une forme de pied caract\u00e9ris\u00e9e par une&nbsp;<strong>vo\u00fbte plantaire anormalement haute<\/strong>. Autrement dit, l\u2019arche naturelle situ\u00e9e entre le talon et l\u2019avant-pied est plus marqu\u00e9e que la normale. Cette particularit\u00e9 modifie la mani\u00e8re dont le pied entre en contact avec le sol et r\u00e9partit les charges lors de la marche, de la course ou de la station debout.<\/p>\n\n\n<div class=\"wp-block-image is-resized\">\n<figure class=\"aligncenter size-full\"><img decoding=\"async\" width=\"322\" height=\"195\" src=\"http:\/\/osteomag.ca\/wp-content\/uploads\/2022\/02\/image.png\" alt=\"\" class=\"wp-image-23855\" srcset=\"https:\/\/osteomag.ca\/wp-content\/uploads\/2022\/02\/image.png 322w, https:\/\/osteomag.ca\/wp-content\/uploads\/2022\/02\/image-80x48.png 80w, https:\/\/osteomag.ca\/wp-content\/uploads\/2022\/02\/image-150x91.png 150w, https:\/\/osteomag.ca\/wp-content\/uploads\/2022\/02\/image-300x182.png 300w\" sizes=\"(max-width: 322px) 100vw, 322px\" \/><figcaption class=\"wp-element-caption\">Lorsque le pied est dans une position qui comprend ces trois mouvements combin\u00e9s, il est compl\u00e8tement en supination<\/figcaption><\/figure>\n<\/div>\n\n\n<p>Dans un pied fonctionnel, les appuis se distribuent de fa\u00e7on relativement \u00e9quilibr\u00e9e entre le talon, le bord externe du pied, l\u2019avant-pied et les orteils. Le pied agit alors comme un syst\u00e8me souple capable d\u2019absorber les chocs, de s\u2019adapter aux irr\u00e9gularit\u00e9s du terrain et de propulser le corps vers l\u2019avant. Avec un pied creux, cette m\u00e9canique change : les zones d\u2019appui deviennent souvent plus concentr\u00e9es sur le&nbsp;<strong>talon<\/strong>&nbsp;et les&nbsp;<strong>t\u00eates m\u00e9tatarsiennes<\/strong>&nbsp;(avant-pied), tandis que la partie m\u00e9diane du pied touche peu ou pas le sol.<\/p>\n\n\n\n<p>Cette configuration peut rendre le pied plus rigide. Or, un pied trop rigide absorbe moins bien les impacts. Les contraintes remontent alors plus facilement vers la cheville, le genou, la hanche ou le bas du dos. Certaines personnes vivent avec un pied creux sans g\u00eane particuli\u00e8re, tandis que d\u2019autres d\u00e9veloppent douleurs, fatigue, instabilit\u00e9 ou blessures r\u00e9p\u00e9titives.<\/p>\n\n\n\n<p>Le pied creux n\u2019est pas une maladie unique, mais plut\u00f4t une&nbsp;<strong>morphologie<\/strong>&nbsp;ou parfois la cons\u00e9quence d\u2019un autre probl\u00e8me sous-jacent. Il peut \u00eatre :<\/p>\n\n\n\n<ul class=\"wp-block-list\">\n<li><strong>Cong\u00e9nital<\/strong>\u00a0: pr\u00e9sent depuis l\u2019enfance, parfois familial.<\/li>\n\n\n\n<li><strong>Acquis<\/strong>\u00a0: apparaissant progressivement au fil du temps.<\/li>\n\n\n\n<li><strong>Flexible<\/strong>\u00a0: la vo\u00fbte varie selon la charge et le mouvement.<\/li>\n\n\n\n<li><strong>Rigide<\/strong>\u00a0: la forme reste fixe, avec moins de capacit\u00e9 d\u2019adaptation.<\/li>\n<\/ul>\n\n\n\n<p>Dans certains cas, le pied creux s\u2019accompagne d\u2019autres signes comme :<\/p>\n\n\n\n<ul class=\"wp-block-list\">\n<li>orteils en marteau ou en griffe<\/li>\n\n\n\n<li>callosit\u00e9s sous l\u2019avant-pied<\/li>\n\n\n\n<li>entorses de cheville r\u00e9p\u00e9t\u00e9es<\/li>\n\n\n\n<li>fatigue rapide \u00e0 la marche<\/li>\n\n\n\n<li>douleurs plantaires<\/li>\n\n\n\n<li>difficult\u00e9 \u00e0 trouver des chaussures confortables<\/li>\n<\/ul>\n\n\n\n<p>Il est important de comprendre qu\u2019un pied creux ne se r\u00e9sume pas \u00e0 \u201cavoir beaucoup d\u2019arche\u201d. Ce qui compte surtout, c\u2019est&nbsp;<strong>l\u2019impact fonctionnel<\/strong>&nbsp;sur la marche, la stabilit\u00e9 et la qualit\u00e9 de vie. Deux personnes peuvent avoir une vo\u00fbte \u00e9lev\u00e9e, mais des v\u00e9cus tr\u00e8s diff\u00e9rents : l\u2019une sans douleur, l\u2019autre avec des limitations importantes.<\/p>\n\n\n\n<p>Enfin, lorsqu\u2019un pied creux appara\u00eet d\u2019un seul c\u00f4t\u00e9, s\u2019aggrave rapidement, ou s\u2019accompagne de faiblesse musculaire, de troubles de l\u2019\u00e9quilibre ou de changements neurologiques, une \u00e9valuation m\u00e9dicale plus pouss\u00e9e peut \u00eatre n\u00e9cessaire. Dans ces situations, la forme du pied peut \u00eatre le signe visible d\u2019un d\u00e9s\u00e9quilibre plus global.<\/p>\n\n\n\n<h2 class=\"wp-block-heading\"><span class=\"ez-toc-section\" id=\"Comment_reconnaitre_un_pied_creux_Signes_visibles_et_symptomes\"><\/span><strong>Comment reconna\u00eetre un pied creux ? Signes visibles et sympt\u00f4mes<\/strong><span class=\"ez-toc-section-end\"><\/span><\/h2>\n\n\n\n<p>Le pied creux n\u2019est pas toujours douloureux au d\u00e9part. Chez certaines personnes, il passe inaper\u00e7u pendant des ann\u00e9es, puis devient probl\u00e9matique avec le temps, l\u2019activit\u00e9 physique, l\u2019usure des tissus ou l\u2019apparition de compensations ailleurs dans le corps. Savoir reconna\u00eetre les signes visibles et les sympt\u00f4mes pr\u00e9coces permet souvent d\u2019agir avant que l\u2019inconfort ne s\u2019installe durablement.<\/p>\n\n\n\n<h3 class=\"wp-block-heading\"><span class=\"ez-toc-section\" id=\"Les_signes_visibles_les_plus_frequents\"><\/span><strong>Les signes visibles les plus fr\u00e9quents<\/strong><span class=\"ez-toc-section-end\"><\/span><\/h3>\n\n\n\n<p>Le premier indice est souvent la&nbsp;<strong>vo\u00fbte plantaire tr\u00e8s marqu\u00e9e<\/strong>. Lorsque la personne est debout, la partie interne du pied semble peu ou pas toucher le sol. Sur une empreinte humide laiss\u00e9e apr\u00e8s la douche ou \u00e0 la piscine, on observe parfois une zone m\u00e9diane tr\u00e8s fine, voire absente.<\/p>\n\n\n\n<p>D\u2019autres signes peuvent attirer l\u2019attention :<\/p>\n\n\n\n<ul class=\"wp-block-list\">\n<li>pied qui semble \u201ccambr\u00e9\u201d ou rigide<\/li>\n\n\n\n<li>appui marqu\u00e9 sur le bord externe du pied<\/li>\n\n\n\n<li>orteils recroquevill\u00e9s<\/li>\n\n\n\n<li>avant-pied \u00e9largi ou surcharg\u00e9<\/li>\n\n\n\n<li>callosit\u00e9s sous les m\u00e9tatarsiens<\/li>\n\n\n\n<li>usure inhabituelle des chaussures<\/li>\n\n\n\n<li>cheville qui part facilement vers l\u2019ext\u00e9rieur<\/li>\n<\/ul>\n\n\n\n<p>Chez certains patients, les chaussures s\u2019usent rapidement sur le talon externe ou sur l\u2019avant-pied. Ce d\u00e9tail banal peut r\u00e9v\u00e9ler une m\u00e9canique d\u2019appui particuli\u00e8re.<\/p>\n\n\n\n<h3 class=\"wp-block-heading\"><span class=\"ez-toc-section\" id=\"Les_symptomes_ressentis_au_quotidien\"><\/span><strong>Les sympt\u00f4mes ressentis au quotidien<\/strong><span class=\"ez-toc-section-end\"><\/span><\/h3>\n\n\n\n<p>Tous les pieds creux ne provoquent pas les m\u00eames sympt\u00f4mes. L\u2019intensit\u00e9 varie selon la rigidit\u00e9 du pied, l\u2019activit\u00e9 de la personne, le type de chaussures port\u00e9 et les compensations d\u00e9velopp\u00e9es avec le temps.<\/p>\n\n\n\n<p>Les plaintes fr\u00e9quentes incluent :<\/p>\n\n\n\n<ul class=\"wp-block-list\">\n<li>douleur sous l\u2019avant-pied<\/li>\n\n\n\n<li>douleur au talon<\/li>\n\n\n\n<li>fatigue plantaire apr\u00e8s la marche<\/li>\n\n\n\n<li>sensation de pied raide<\/li>\n\n\n\n<li>crampes du pied ou du mollet<\/li>\n\n\n\n<li>instabilit\u00e9 sur terrain irr\u00e9gulier<\/li>\n\n\n\n<li>entorses r\u00e9p\u00e9t\u00e9es de cheville<\/li>\n\n\n\n<li>difficult\u00e9 \u00e0 rester debout longtemps<\/li>\n\n\n\n<li>inconfort dans certaines chaussures<\/li>\n\n\n\n<li>sensation de surcharge sur l\u2019ext\u00e9rieur du pied<\/li>\n<\/ul>\n\n\n\n<p>Certaines personnes d\u00e9crivent aussi un besoin constant de retirer leurs chaussures en fin de journ\u00e9e, comme si le pied avait \u201ctrop travaill\u00e9\u201d.<\/p>\n\n\n\n<h3 class=\"wp-block-heading\"><span class=\"ez-toc-section\" id=\"Pourquoi_ces_symptomes_apparaissent-ils\"><\/span><strong>Pourquoi ces sympt\u00f4mes apparaissent-ils ?<\/strong><span class=\"ez-toc-section-end\"><\/span><\/h3>\n\n\n\n<p>Le pied creux r\u00e9partit moins harmonieusement les charges. Certaines zones encaissent trop de pression, tandis que d\u2019autres participent moins au soutien. La rigidit\u00e9 relative du pied r\u00e9duit aussi sa capacit\u00e9 d\u2019amortissement. \u00c0 chaque pas, les impacts peuvent \u00eatre moins bien absorb\u00e9s.<\/p>\n\n\n\n<p>Cela peut entra\u00eener :<\/p>\n\n\n\n<ul class=\"wp-block-list\">\n<li>irritation des tissus plantaires<\/li>\n\n\n\n<li>surcharge des m\u00e9tatarsiens<\/li>\n\n\n\n<li>tensions du tendon d\u2019Achille<\/li>\n\n\n\n<li>fatigue des muscles stabilisateurs<\/li>\n\n\n\n<li>perte de confiance dans l\u2019\u00e9quilibre<\/li>\n<\/ul>\n\n\n\n<p>Avec le temps, le corps peut compenser en modifiant la marche, la posture ou la strat\u00e9gie d\u2019appui.<\/p>\n\n\n\n<h3 class=\"wp-block-heading\"><span class=\"ez-toc-section\" id=\"Quand_faut-il_consulter\"><\/span><strong>Quand faut-il consulter ?<\/strong><span class=\"ez-toc-section-end\"><\/span><\/h3>\n\n\n\n<p>Une \u00e9valuation devient pertinente si vous remarquez :<\/p>\n\n\n\n<ul class=\"wp-block-list\">\n<li>douleurs r\u00e9currentes au pied<\/li>\n\n\n\n<li>entorses fr\u00e9quentes<\/li>\n\n\n\n<li>aggravation progressive de la forme du pied<\/li>\n\n\n\n<li>difficult\u00e9 croissante \u00e0 marcher<\/li>\n\n\n\n<li>faiblesse musculaire<\/li>\n\n\n\n<li>perte d\u2019\u00e9quilibre<\/li>\n\n\n\n<li>g\u00eane importante dans les activit\u00e9s sportives<\/li>\n<\/ul>\n\n\n\n<p>Chez l\u2019enfant, un pied tr\u00e8s creux, asym\u00e9trique ou associ\u00e9 \u00e0 des chutes fr\u00e9quentes m\u00e9rite aussi une attention particuli\u00e8re.<\/p>\n\n\n\n<h3 class=\"wp-block-heading\"><span class=\"ez-toc-section\" id=\"Un_detail_important_visible_ne_veut_pas_dire_pathologique\"><\/span>Un d\u00e9tail important : visible ne veut pas dire pathologique<span class=\"ez-toc-section-end\"><\/span><\/h3>\n\n\n\n<p>Avoir une vo\u00fbte haute n\u2019est pas automatiquement un probl\u00e8me. Certaines personnes ont naturellement un pied arqu\u00e9 et fonctionnent tr\u00e8s bien. Ce qui guide la prise en charge n\u2019est pas seulement la forme, mais la pr\u00e9sence de douleurs, de limitations ou de signes d\u2019instabilit\u00e9.<\/p>\n\n\n\n<p>En r\u00e9sum\u00e9, reconna\u00eetre un pied creux consiste \u00e0 observer \u00e0 la fois&nbsp;<strong>la structure du pied<\/strong>&nbsp;et&nbsp;<strong>son comportement dans la vie r\u00e9elle<\/strong>&nbsp;: comment il supporte la charge, comment il bouge, et comment il influence le confort au quotidien.<\/p>\n\n\n\n<figure class=\"wp-block-table has-small-font-size\"><table class=\"has-fixed-layout\"><thead><tr><th><strong>Cat\u00e9gorie<\/strong><\/th><th><strong>Ce que l\u2019on peut observer ou ressentir<\/strong><\/th><th><strong>Ce que cela peut \u00e9voquer<\/strong><\/th><\/tr><\/thead><tbody><tr><td><strong>Vo\u00fbte plantaire<\/strong><\/td><td>Arche tr\u00e8s marqu\u00e9e, milieu du pied peu en contact avec le sol<\/td><td>Morphologie en pied creux<\/td><\/tr><tr><td><strong>Empreinte au sol<\/strong><\/td><td>Trace \u00e9troite ou absente au centre du pied<\/td><td>Diminution de la surface d\u2019appui<\/td><\/tr><tr><td><strong>R\u00e9partition des charges<\/strong><\/td><td>Pression surtout sur talon et avant-pied<\/td><td>Surcharge m\u00e9canique locale<\/td><\/tr><tr><td><strong>Chaussures<\/strong><\/td><td>Usure externe du talon ou de l\u2019avant-pied<\/td><td>Appui lat\u00e9ralis\u00e9 \/ strat\u00e9gie compensatoire<\/td><\/tr><tr><td><strong>Orteils<\/strong><\/td><td>Orteils en marteau ou en griffe<\/td><td>D\u00e9s\u00e9quilibre musculaire \/ rigidit\u00e9<\/td><\/tr><tr><td><strong>Peau<\/strong><\/td><td>Callosit\u00e9s sous l\u2019avant-pied ou zones de frottement<\/td><td>Hyperpression r\u00e9p\u00e9t\u00e9e<\/td><\/tr><tr><td><strong>Douleur plantaire<\/strong><\/td><td>Br\u00fblure, g\u00eane, douleur sous le pied<\/td><td>Surcharge des tissus plantaires<\/td><\/tr><tr><td><strong>Douleur au talon<\/strong><\/td><td>Sensibilit\u00e9 \u00e0 l\u2019appui ou apr\u00e8s la marche<\/td><td>Impact mal absorb\u00e9<\/td><\/tr><tr><td><strong>Fatigue<\/strong><\/td><td>Pieds lourds ou fatigu\u00e9s rapidement<\/td><td>Travail musculaire accru<\/td><\/tr><tr><td><strong>Stabilit\u00e9<\/strong><\/td><td>Sensation de cheville fragile<\/td><td>Contr\u00f4le lat\u00e9ral diminu\u00e9<\/td><\/tr><tr><td><strong>Entorses<\/strong><\/td><td>Cheville qui tourne facilement<\/td><td>Instabilit\u00e9 fonctionnelle<\/td><\/tr><tr><td><strong>Sport<\/strong><\/td><td>Difficult\u00e9 \u00e0 courir, sauter ou changer de direction<\/td><td>Mauvaise adaptation aux contraintes<\/td><\/tr><tr><td><strong>Posture globale<\/strong><\/td><td>Douleurs genou, hanche ou dos associ\u00e9es<\/td><td>Compensation ascendante<\/td><\/tr><tr><td><strong>Neurologique (\u00e0 surveiller)<\/strong><\/td><td>Faiblesse, troubles \u00e9quilibre, aggravation rapide<\/td><td>Bilan m\u00e9dical recommand\u00e9<\/td><\/tr><\/tbody><\/table><\/figure>\n\n\n\n<h2 class=\"wp-block-heading\"><span class=\"ez-toc-section\" id=\"Pourquoi_le_pied_devient-il_creux_Les_causes_possibles\"><\/span><strong>Pourquoi le pied devient-il creux ? Les causes possibles<\/strong><span class=\"ez-toc-section-end\"><\/span><\/h2>\n\n\n\n<p>Le pied creux n\u2019a pas une seule origine. Chez certaines personnes, il est pr\u00e9sent depuis longtemps sans cons\u00e9quence majeure. Chez d\u2019autres, il appara\u00eet progressivement ou s\u2019aggrave avec le temps. Comprendre la cause est essentiel, car un pied creux purement morphologique ne se g\u00e8re pas de la m\u00eame fa\u00e7on qu\u2019un pied creux li\u00e9 \u00e0 un trouble neurologique, \u00e0 une blessure ou \u00e0 un d\u00e9s\u00e9quilibre m\u00e9canique.<\/p>\n\n\n\n<p>En pratique, le pied devient creux lorsqu\u2019un ensemble de forces modifie l\u2019\u00e9quilibre entre les os, les muscles, les tendons et les appuis plantaires. Le r\u00e9sultat visible est une vo\u00fbte qui se hausse, mais la vraie question est :&nbsp;<strong>qu\u2019est-ce qui pousse le pied \u00e0 adopter cette forme ?<\/strong><\/p>\n\n\n\n<h3 class=\"wp-block-heading\"><span class=\"ez-toc-section\" id=\"1_Une_predisposition_familiale_ou_congenitale\"><\/span><strong>1. Une pr\u00e9disposition familiale ou cong\u00e9nitale<\/strong><span class=\"ez-toc-section-end\"><\/span><\/h3>\n\n\n\n<p>Certaines personnes ont naturellement une vo\u00fbte plantaire plus haute, souvent observ\u00e9e chez plusieurs membres d\u2019une m\u00eame famille. Le pied creux peut alors \u00eatre pr\u00e9sent d\u00e8s l\u2019enfance ou devenir plus visible \u00e0 l\u2019adolescence.<\/p>\n\n\n\n<p>Dans ces cas :<\/p>\n\n\n\n<ul class=\"wp-block-list\">\n<li>la structure osseuse joue un r\u00f4le important<\/li>\n\n\n\n<li>la forme du pied \u00e9volue avec la croissance<\/li>\n\n\n\n<li>les sympt\u00f4mes peuvent rester absents longtemps<\/li>\n\n\n\n<li>certains d\u00e9veloppent douleurs ou instabilit\u00e9 plus tard<\/li>\n<\/ul>\n\n\n\n<p>Avoir un pied creux familial ne signifie pas forc\u00e9ment maladie, mais cela m\u00e9rite une surveillance si des sympt\u00f4mes apparaissent.<\/p>\n\n\n\n<hr class=\"wp-block-separator has-alpha-channel-opacity\"\/>\n\n\n\n<h3 class=\"wp-block-heading\"><span class=\"ez-toc-section\" id=\"2_Les_causes_neurologiques\"><\/span><strong>2. Les causes neurologiques<\/strong><span class=\"ez-toc-section-end\"><\/span><\/h3>\n\n\n\n<p>C\u2019est un point majeur \u00e0 ne jamais n\u00e9gliger. De nombreux pieds creux acquis ou progressifs sont li\u00e9s \u00e0 un d\u00e9s\u00e9quilibre neurologique. Quand certains muscles s\u2019affaiblissent et que d\u2019autres tirent davantage, la forme du pied change graduellement.<\/p>\n\n\n\n<p>Parmi les causes connues :<\/p>\n\n\n\n<ul class=\"wp-block-list\">\n<li>maladie de Charcot-Marie-Tooth<\/li>\n\n\n\n<li>s\u00e9quelles neurologiques centrales ou p\u00e9riph\u00e9riques<\/li>\n\n\n\n<li>spina bifida<\/li>\n\n\n\n<li>paralysie c\u00e9r\u00e9brale<\/li>\n\n\n\n<li>neuropathies diverses<\/li>\n\n\n\n<li>atteintes m\u00e9dullaires ou nerveuses rares<\/li>\n<\/ul>\n\n\n\n<p>Des signes associ\u00e9s peuvent orienter :<\/p>\n\n\n\n<ul class=\"wp-block-list\">\n<li>faiblesse musculaire<\/li>\n\n\n\n<li>chutes fr\u00e9quentes<\/li>\n\n\n\n<li>perte d\u2019\u00e9quilibre<\/li>\n\n\n\n<li>fatigue anormale<\/li>\n\n\n\n<li>diminution de sensibilit\u00e9<\/li>\n\n\n\n<li>asym\u00e9trie marqu\u00e9e entre les deux pieds<\/li>\n<\/ul>\n\n\n\n<p>Un pied creux progressif avec sympt\u00f4mes neurologiques m\u00e9rite un bilan m\u00e9dical approfondi.<\/p>\n\n\n\n<h3 class=\"wp-block-heading\"><span class=\"ez-toc-section\" id=\"3_Les_desequilibres_musculaires_et_tendineux\"><\/span><strong>3. Les d\u00e9s\u00e9quilibres musculaires et tendineux<\/strong><span class=\"ez-toc-section-end\"><\/span><\/h3>\n\n\n\n<p>M\u00eame sans maladie neurologique identifi\u00e9e, un d\u00e9s\u00e9quilibre fonctionnel entre certains groupes musculaires peut influencer l\u2019architecture du pied.<\/p>\n\n\n\n<p>Exemples fr\u00e9quents :<\/p>\n\n\n\n<ul class=\"wp-block-list\">\n<li>mollets tr\u00e8s raides<\/li>\n\n\n\n<li>tendon d\u2019Achille tendu<\/li>\n\n\n\n<li>muscles intrins\u00e8ques du pied affaiblis<\/li>\n\n\n\n<li>dominance des muscles inverseurs<\/li>\n\n\n\n<li>faiblesse des fibulaires (stabilisateurs lat\u00e9raux)<\/li>\n<\/ul>\n\n\n\n<p>Avec le temps, ces tensions r\u00e9p\u00e9t\u00e9es peuvent rigidifier le pied et favoriser des appuis plus lat\u00e9raux.<\/p>\n\n\n\n<h3 class=\"wp-block-heading\"><span class=\"ez-toc-section\" id=\"4_Les_suites_de_traumatisme\"><\/span><strong>4. Les suites de traumatisme<\/strong><span class=\"ez-toc-section-end\"><\/span><\/h3>\n\n\n\n<p>Une ancienne blessure peut modifier durablement la m\u00e9canique du pied :<\/p>\n\n\n\n<ul class=\"wp-block-list\">\n<li>fracture mal consolid\u00e9e<\/li>\n\n\n\n<li>entorses r\u00e9p\u00e9t\u00e9es<\/li>\n\n\n\n<li>l\u00e9sion ligamentaire<\/li>\n\n\n\n<li>chirurgie ant\u00e9rieure<\/li>\n\n\n\n<li>immobilisation prolong\u00e9e<\/li>\n<\/ul>\n\n\n\n<p>Le corps compense parfois en changeant sa strat\u00e9gie d\u2019appui. Le pied devient plus rigide ou se prot\u00e8ge en utilisant moins certaines zones.<\/p>\n\n\n\n<h3 class=\"wp-block-heading\"><span class=\"ez-toc-section\" id=\"5_Les_habitudes_mecaniques_et_le_mode_de_vie\"><\/span><strong>5. Les habitudes m\u00e9caniques et le mode de vie<\/strong><span class=\"ez-toc-section-end\"><\/span><\/h3>\n\n\n\n<p>Certaines contraintes r\u00e9p\u00e9t\u00e9es n\u2019expliquent pas \u00e0 elles seules un vrai pied creux structurel, mais elles peuvent aggraver un terrain existant.<\/p>\n\n\n\n<p>Facteurs possibles :<\/p>\n\n\n\n<ul class=\"wp-block-list\">\n<li>sport \u00e0 impacts r\u00e9p\u00e9t\u00e9s<\/li>\n\n\n\n<li>danse ou disciplines techniques<\/li>\n\n\n\n<li>travail debout prolong\u00e9<\/li>\n\n\n\n<li>chaussures inadapt\u00e9es<\/li>\n\n\n\n<li>surfaces dures quotidiennes<\/li>\n\n\n\n<li>surcharge pond\u00e9rale<\/li>\n<\/ul>\n\n\n\n<p>Chez une personne pr\u00e9dispos\u00e9e, ces \u00e9l\u00e9ments peuvent acc\u00e9l\u00e9rer les sympt\u00f4mes.<\/p>\n\n\n\n<h3 class=\"wp-block-heading\"><span class=\"ez-toc-section\" id=\"6_Le_vieillissement_et_levolution_tissulaire\"><\/span><strong>6. Le vieillissement et l\u2019\u00e9volution tissulaire<\/strong><span class=\"ez-toc-section-end\"><\/span><\/h3>\n\n\n\n<p>Avec l\u2019\u00e2ge, les tissus perdent parfois en souplesse, la mobilit\u00e9 articulaire change et certaines compensations anciennes deviennent moins tol\u00e9r\u00e9es. Un pied autrefois asymptomatique peut alors commencer \u00e0 faire mal.<\/p>\n\n\n\n<figure class=\"wp-block-table has-small-font-size\"><table class=\"has-fixed-layout\"><thead><tr><th><strong>Cause principale<\/strong><\/th><th><strong>M\u00e9canisme possible<\/strong><\/th><th><strong>Indices fr\u00e9quents<\/strong><\/th><th><strong>\u00c0 retenir<\/strong><\/th><\/tr><\/thead><tbody><tr><td><strong>Pr\u00e9disposition familiale<\/strong><\/td><td>Structure du pied naturellement plus arqu\u00e9e<\/td><td>Pr\u00e9sent depuis jeune \u00e2ge, autres membres de la famille concern\u00e9s<\/td><td>Pas toujours douloureux<\/td><\/tr><tr><td><strong>Cause cong\u00e9nitale<\/strong><\/td><td>D\u00e9veloppement du pied diff\u00e9rent durant la croissance<\/td><td>Visible dans l\u2019enfance ou adolescence<\/td><td>\u00c0 surveiller avec la croissance<\/td><\/tr><tr><td><strong>Trouble neurologique<\/strong><\/td><td>D\u00e9s\u00e9quilibre entre muscles faibles et muscles dominants<\/td><td>Faiblesse, chutes, asym\u00e9trie, progression<\/td><td>Bilan m\u00e9dical important<\/td><\/tr><tr><td><strong>Neuropathie p\u00e9riph\u00e9rique<\/strong><\/td><td>Alt\u00e9ration des nerfs moteurs ou sensitifs<\/td><td>Engourdissement, fatigue, instabilit\u00e9<\/td><td>Recherche de cause n\u00e9cessaire<\/td><\/tr><tr><td><strong>D\u00e9s\u00e9quilibre musculaire<\/strong><\/td><td>Tensions excessives ou d\u00e9ficit de stabilisation<\/td><td>Mollets raides, cheville instable, fatigue<\/td><td>R\u00e9\u00e9ducation souvent utile<\/td><\/tr><tr><td><strong>Raideur du tendon d\u2019Achille<\/strong><\/td><td>Traction accrue sur l\u2019arri\u00e8re-pied<\/td><td>Limitation cheville, marche modifi\u00e9e<\/td><td>Peut entretenir la rigidit\u00e9<\/td><\/tr><tr><td><strong>Blessure ancienne<\/strong><\/td><td>Compensation apr\u00e8s fracture, entorse ou chirurgie<\/td><td>Douleur chronique, appui asym\u00e9trique<\/td><td>Historique important<\/td><\/tr><tr><td><strong>Entorses r\u00e9p\u00e9t\u00e9es<\/strong><\/td><td>Perte de contr\u00f4le lat\u00e9ral et adaptation protectrice<\/td><td>Cheville qui tourne souvent<\/td><td>Cercle vicieux possible<\/td><\/tr><tr><td><strong>Sport \u00e0 impacts r\u00e9p\u00e9t\u00e9s<\/strong><\/td><td>Contraintes r\u00e9p\u00e9t\u00e9es sur un terrain pr\u00e9dispos\u00e9<\/td><td>Douleur apr\u00e8s effort, surcharge avant-pied<\/td><td>Facteur aggravant<\/td><\/tr><tr><td><strong>Chaussures inadapt\u00e9es<\/strong><\/td><td>Mauvais soutien ou contraintes prolong\u00e9es<\/td><td>Inconfort, frottements, fatigue<\/td><td>Corrigeable<\/td><\/tr><tr><td><strong>Travail debout prolong\u00e9<\/strong><\/td><td>Sollicitation excessive quotidienne<\/td><td>Pieds lourds, douleur fin de journ\u00e9e<\/td><td>Gestion des charges utile<\/td><\/tr><tr><td><strong>Vieillissement tissulaire<\/strong><\/td><td>Perte de souplesse et compensations moins tol\u00e9r\u00e9es<\/td><td>Sympt\u00f4mes apparus plus tard<\/td><td>Fr\u00e9quent apr\u00e8s des ann\u00e9es sans g\u00eane<\/td><\/tr><tr><td><strong>Cause inconnue \/ mixte<\/strong><\/td><td>Plusieurs facteurs combin\u00e9s<\/td><td>Tableau variable<\/td><td>\u00c9valuation globale n\u00e9cessaire<\/td><\/tr><\/tbody><\/table><\/figure>\n\n\n\n<h2 class=\"wp-block-heading\"><span class=\"ez-toc-section\" id=\"Pied_creux_congenital_vs_pied_creux_acquis_quelles_differences\"><\/span><strong>Pied creux cong\u00e9nital vs pied creux acquis : quelles diff\u00e9rences ?<\/strong><span class=\"ez-toc-section-end\"><\/span><\/h2>\n\n\n\n<p>Tous les pieds creux ne racontent pas la m\u00eame histoire. Deux personnes peuvent pr\u00e9senter une vo\u00fbte plantaire tr\u00e8s \u00e9lev\u00e9e, mais avec des causes, une \u00e9volution et des besoins th\u00e9rapeutiques totalement diff\u00e9rents. C\u2019est pourquoi il est essentiel de distinguer&nbsp;<strong>le pied creux cong\u00e9nital<\/strong>&nbsp;du&nbsp;<strong>pied creux acquis<\/strong>.<\/p>\n\n\n\n<p>La forme visible peut se ressembler, mais l\u2019origine change tout : stabilit\u00e9 dans le temps, risque d\u2019aggravation, examens n\u00e9cessaires et strat\u00e9gie de traitement.<\/p>\n\n\n\n<h3 class=\"wp-block-heading\"><span class=\"ez-toc-section\" id=\"Le_pied_creux_congenital\"><\/span><strong>Le pied creux cong\u00e9nital<\/strong><span class=\"ez-toc-section-end\"><\/span><\/h3>\n\n\n\n<p>Le pied creux cong\u00e9nital est pr\u00e9sent d\u00e8s la naissance ou s\u2019installe durant l\u2019enfance avec la croissance. Il est souvent li\u00e9 \u00e0 une pr\u00e9disposition familiale ou \u00e0 une organisation anatomique particuli\u00e8re du pied.<\/p>\n\n\n\n<p>Caract\u00e9ristiques fr\u00e9quentes :<\/p>\n\n\n\n<ul class=\"wp-block-list\">\n<li>vo\u00fbte haute observ\u00e9e t\u00f4t dans la vie<\/li>\n\n\n\n<li>autres membres de la famille avec le m\u00eame type de pied<\/li>\n\n\n\n<li>\u00e9volution lente<\/li>\n\n\n\n<li>parfois aucun sympt\u00f4me pendant des ann\u00e9es<\/li>\n\n\n\n<li>adaptation naturelle du corps \u00e0 cette morphologie<\/li>\n<\/ul>\n\n\n\n<p>Chez plusieurs personnes, cette forme reste simplement une variante anatomique. Le pied fonctionne bien malgr\u00e9 son arche marqu\u00e9e. D\u2019autres d\u00e9velopperont plus tard :<\/p>\n\n\n\n<ul class=\"wp-block-list\">\n<li>fatigue plantaire<\/li>\n\n\n\n<li>douleurs \u00e0 l\u2019effort<\/li>\n\n\n\n<li>entorses de cheville<\/li>\n\n\n\n<li>callosit\u00e9s<\/li>\n\n\n\n<li>rigidit\u00e9 progressive<\/li>\n<\/ul>\n\n\n\n<p>Le facteur cl\u00e9 ici est souvent la&nbsp;<strong>tol\u00e9rance fonctionnelle<\/strong>. Certaines structures compensent tr\u00e8s bien, d\u2019autres moins.<\/p>\n\n\n\n<h3 class=\"wp-block-heading\"><span class=\"ez-toc-section\" id=\"Le_pied_creux_acquis\"><\/span><strong>Le pied creux acquis<\/strong><span class=\"ez-toc-section-end\"><\/span><\/h3>\n\n\n\n<p>Le pied creux acquis appara\u00eet secondairement, alors que le pied n\u2019\u00e9tait pas aussi creux auparavant. Il peut \u00e9voluer graduellement ou parfois devenir \u00e9vident apr\u00e8s un \u00e9v\u00e9nement pr\u00e9cis.<\/p>\n\n\n\n<p>Causes possibles :<\/p>\n\n\n\n<ul class=\"wp-block-list\">\n<li>trouble neurologique progressif<\/li>\n\n\n\n<li>faiblesse musculaire<\/li>\n\n\n\n<li>blessure importante du pied ou de la cheville<\/li>\n\n\n\n<li>immobilisation prolong\u00e9e<\/li>\n\n\n\n<li>d\u00e9s\u00e9quilibres m\u00e9caniques persistants<\/li>\n\n\n\n<li>s\u00e9quelles chirurgicales<\/li>\n<\/ul>\n\n\n\n<p>Cette forme m\u00e9rite davantage d\u2019attention, surtout si elle s\u2019aggrave avec le temps.<\/p>\n\n\n\n<p>Signaux d\u2019alerte :<\/p>\n\n\n\n<ul class=\"wp-block-list\">\n<li>changement r\u00e9cent de la forme du pied<\/li>\n\n\n\n<li>aggravation rapide<\/li>\n\n\n\n<li>asym\u00e9trie marqu\u00e9e entre les deux c\u00f4t\u00e9s<\/li>\n\n\n\n<li>faiblesse musculaire<\/li>\n\n\n\n<li>chutes fr\u00e9quentes<\/li>\n\n\n\n<li>troubles de l\u2019\u00e9quilibre<\/li>\n\n\n\n<li>douleur croissante<\/li>\n<\/ul>\n\n\n\n<p>Dans ces cas, le pied creux peut \u00eatre le sympt\u00f4me visible d\u2019un probl\u00e8me plus large.<\/p>\n\n\n\n<h3 class=\"wp-block-heading\"><span class=\"ez-toc-section\" id=\"Pourquoi_cette_distinction_est_importante\"><\/span><strong>Pourquoi cette distinction est importante<\/strong><span class=\"ez-toc-section-end\"><\/span><\/h3>\n\n\n\n<p>Confondre un pied creux stable depuis toujours avec un pied creux progressif peut retarder un diagnostic utile.<\/p>\n\n\n\n<p>Cette diff\u00e9rence influence :<\/p>\n\n\n\n<h3 class=\"wp-block-heading\"><span class=\"ez-toc-section\" id=\"1_Les_examens_a_demander\"><\/span><strong>1. Les examens \u00e0 demander<\/strong><span class=\"ez-toc-section-end\"><\/span><\/h3>\n\n\n\n<p>Un pied creux acquis ou \u00e9volutif justifie parfois :<\/p>\n\n\n\n<ul class=\"wp-block-list\">\n<li>bilan neurologique<\/li>\n\n\n\n<li>imagerie<\/li>\n\n\n\n<li>analyse de marche<\/li>\n\n\n\n<li>tests musculaires<\/li>\n<\/ul>\n\n\n\n<h3 class=\"wp-block-heading\"><span class=\"ez-toc-section\" id=\"2_Le_traitement\"><\/span><strong>2. Le traitement<\/strong><span class=\"ez-toc-section-end\"><\/span><\/h3>\n\n\n\n<p>Un pied familial asymptomatique demandera surtout adaptation et pr\u00e9vention, alors qu\u2019un pied acquis peut n\u00e9cessiter une prise en charge plus cibl\u00e9e.<\/p>\n\n\n\n<h3 class=\"wp-block-heading\"><span class=\"ez-toc-section\" id=\"3_Le_pronostic\"><\/span><strong>3. Le pronostic<\/strong><span class=\"ez-toc-section-end\"><\/span><\/h3>\n\n\n\n<p>Un pied stable depuis l\u2019enfance n\u2019a pas la m\u00eame trajectoire qu\u2019un pied qui change rapidement \u00e0 l\u2019\u00e2ge adulte.<\/p>\n\n\n\n<h2 class=\"wp-block-heading\"><span class=\"ez-toc-section\" id=\"Et_si_on_ne_sait_pas\"><\/span>Et si on ne sait pas ?<span class=\"ez-toc-section-end\"><\/span><\/h2>\n\n\n\n<p>C\u2019est fr\u00e9quent. Beaucoup d\u2019adultes ne savent pas depuis quand leur vo\u00fbte est \u00e9lev\u00e9e. Dans ce cas, l\u2019histoire clinique aide :<\/p>\n\n\n\n<ul class=\"wp-block-list\">\n<li>Avez-vous toujours eu du mal \u00e0 trouver des chaussures ?<\/li>\n\n\n\n<li>Faisiez-vous d\u00e9j\u00e0 des entorses jeune ?<\/li>\n\n\n\n<li>Vos parents ont-ils les m\u00eames pieds ?<\/li>\n\n\n\n<li>La forme a-t-elle chang\u00e9 r\u00e9cemment ?<\/li>\n\n\n\n<li>La douleur est-elle nouvelle ?<\/li>\n<\/ul>\n\n\n\n<p>Les r\u00e9ponses orientent souvent l\u2019\u00e9valuation.<\/p>\n\n\n\n<figure class=\"wp-block-table has-small-font-size\"><table class=\"has-fixed-layout\"><thead><tr><th><strong>Cause principale<\/strong><\/th><th><strong>M\u00e9canisme possible<\/strong><\/th><th><strong>Indices fr\u00e9quents<\/strong><\/th><th><strong>\u00c0 retenir<\/strong><\/th><\/tr><\/thead><tbody><tr><td><strong>Pr\u00e9disposition familiale<\/strong><\/td><td>Structure du pied naturellement plus arqu\u00e9e<\/td><td>Pr\u00e9sent depuis jeune \u00e2ge, autres membres de la famille concern\u00e9s<\/td><td>Pas toujours douloureux<\/td><\/tr><tr><td><strong>Cause cong\u00e9nitale<\/strong><\/td><td>D\u00e9veloppement du pied diff\u00e9rent durant la croissance<\/td><td>Visible dans l\u2019enfance ou adolescence<\/td><td>\u00c0 surveiller avec la croissance<\/td><\/tr><tr><td><strong>Trouble neurologique<\/strong><\/td><td>D\u00e9s\u00e9quilibre entre muscles faibles et muscles dominants<\/td><td>Faiblesse, chutes, asym\u00e9trie, progression<\/td><td>Bilan m\u00e9dical important<\/td><\/tr><tr><td><strong>Neuropathie p\u00e9riph\u00e9rique<\/strong><\/td><td>Alt\u00e9ration des nerfs moteurs ou sensitifs<\/td><td>Engourdissement, fatigue, instabilit\u00e9<\/td><td>Recherche de cause n\u00e9cessaire<\/td><\/tr><tr><td><strong>D\u00e9s\u00e9quilibre musculaire<\/strong><\/td><td>Tensions excessives ou d\u00e9ficit de stabilisation<\/td><td>Mollets raides, cheville instable, fatigue<\/td><td>R\u00e9\u00e9ducation souvent utile<\/td><\/tr><tr><td><strong>Raideur du tendon d\u2019Achille<\/strong><\/td><td>Traction accrue sur l\u2019arri\u00e8re-pied<\/td><td>Limitation cheville, marche modifi\u00e9e<\/td><td>Peut entretenir la rigidit\u00e9<\/td><\/tr><tr><td><strong>Blessure ancienne<\/strong><\/td><td>Compensation apr\u00e8s fracture, entorse ou chirurgie<\/td><td>Douleur chronique, appui asym\u00e9trique<\/td><td>Historique important<\/td><\/tr><tr><td><strong>Entorses r\u00e9p\u00e9t\u00e9es<\/strong><\/td><td>Perte de contr\u00f4le lat\u00e9ral et adaptation protectrice<\/td><td>Cheville qui tourne souvent<\/td><td>Cercle vicieux possible<\/td><\/tr><tr><td><strong>Sport \u00e0 impacts r\u00e9p\u00e9t\u00e9s<\/strong><\/td><td>Contraintes r\u00e9p\u00e9t\u00e9es sur un terrain pr\u00e9dispos\u00e9<\/td><td>Douleur apr\u00e8s effort, surcharge avant-pied<\/td><td>Facteur aggravant<\/td><\/tr><tr><td><strong>Chaussures inadapt\u00e9es<\/strong><\/td><td>Mauvais soutien ou contraintes prolong\u00e9es<\/td><td>Inconfort, frottements, fatigue<\/td><td>Corrigeable<\/td><\/tr><tr><td><strong>Travail debout prolong\u00e9<\/strong><\/td><td>Sollicitation excessive quotidienne<\/td><td>Pieds lourds, douleur fin de journ\u00e9e<\/td><td>Gestion des charges utile<\/td><\/tr><tr><td><strong>Vieillissement tissulaire<\/strong><\/td><td>Perte de souplesse et compensations moins tol\u00e9r\u00e9es<\/td><td>Sympt\u00f4mes apparus plus tard<\/td><td>Fr\u00e9quent apr\u00e8s des ann\u00e9es sans g\u00eane<\/td><\/tr><tr><td><strong>Cause inconnue \/ mixte<\/strong><\/td><td>Plusieurs facteurs combin\u00e9s<\/td><td>Tableau variable<\/td><td>\u00c9valuation globale n\u00e9cessaire<\/td><\/tr><\/tbody><\/table><\/figure>\n\n\n\n<h2 class=\"wp-block-heading\"><span class=\"ez-toc-section\" id=\"Biomecanique_du_pied_creux_ce_qui_se_passe_a_chaque_pas\"><\/span><strong>Biom\u00e9canique du pied creux : ce qui se passe \u00e0 chaque pas<\/strong><span class=\"ez-toc-section-end\"><\/span><\/h2>\n\n\n\n<p>Le pied n\u2019est pas seulement une structure osseuse. C\u2019est un syst\u00e8me dynamique capable d\u2019absorber les impacts, de s\u2019adapter au sol, de stocker de l\u2019\u00e9nergie puis de propulser le corps vers l\u2019avant. Quand le pied devient creux, cette m\u00e9canique change. La vo\u00fbte plus \u00e9lev\u00e9e modifie la mani\u00e8re dont les forces traversent le pied \u00e0 chaque pas.<\/p>\n\n\n\n<p>Comprendre cette biom\u00e9canique aide \u00e0 expliquer pourquoi certaines personnes ressentent douleurs, instabilit\u00e9 ou fatigue, m\u00eame sans blessure visible.<\/p>\n\n\n\n<h3 class=\"wp-block-heading\"><span class=\"ez-toc-section\" id=\"Le_role_normal_du_pied_pendant_la_marche\"><\/span><strong>Le r\u00f4le normal du pied pendant la marche<\/strong><span class=\"ez-toc-section-end\"><\/span><\/h3>\n\n\n\n<p>\u00c0 chaque pas, le pied traverse plusieurs fonctions :<\/p>\n\n\n\n<ol class=\"wp-block-list\">\n<li><strong>Accueil du poids<\/strong>\u00a0: le talon touche le sol et commence \u00e0 absorber l\u2019impact.<\/li>\n\n\n\n<li><strong>Adaptation<\/strong>\u00a0: le pied se d\u00e9forme l\u00e9g\u00e8rement pour s\u2019ajuster \u00e0 la surface.<\/li>\n\n\n\n<li><strong>Stabilisation<\/strong>\u00a0: il devient plus ferme pour supporter le corps.<\/li>\n\n\n\n<li><strong>Propulsion<\/strong>\u00a0: l\u2019avant-pied et les orteils poussent vers l\u2019avant.<\/li>\n<\/ol>\n\n\n\n<p>Un pied sain alterne donc entre souplesse et rigidit\u00e9 au bon moment.<\/p>\n\n\n\n<hr class=\"wp-block-separator has-alpha-channel-opacity\"\/>\n\n\n\n<h2 class=\"wp-block-heading\"><span class=\"ez-toc-section\" id=\"Ce_qui_change_avec_un_pied_creux\"><\/span><strong>Ce qui change avec un pied creux<\/strong><span class=\"ez-toc-section-end\"><\/span><\/h2>\n\n\n\n<p>Dans le pied creux, la vo\u00fbte haute s\u2019accompagne souvent d\u2019une moindre capacit\u00e9 \u00e0 s\u2019aplatir sous la charge. Le pied reste plus rigide, ou se rigidifie trop t\u00f4t.<\/p>\n\n\n\n<p>Cons\u00e9quences possibles :<\/p>\n\n\n\n<ul class=\"wp-block-list\">\n<li>moins bonne absorption des chocs<\/li>\n\n\n\n<li>surface d\u2019appui r\u00e9duite<\/li>\n\n\n\n<li>pression concentr\u00e9e sur certaines zones<\/li>\n\n\n\n<li>adaptation moindre aux irr\u00e9gularit\u00e9s du sol<\/li>\n\n\n\n<li>surcharge des structures stabilisatrices<\/li>\n<\/ul>\n\n\n\n<p>Le pied devient parfois performant pour la pouss\u00e9e, mais moins efficace pour amortir.<\/p>\n\n\n\n<h3 class=\"wp-block-heading\"><span class=\"ez-toc-section\" id=\"Les_zones_qui_encaissent_davantage\"><\/span><strong>Les zones qui encaissent davantage<\/strong><span class=\"ez-toc-section-end\"><\/span><\/h3>\n\n\n\n<p>Deux r\u00e9gions sont fr\u00e9quemment sursollicit\u00e9es :<\/p>\n\n\n\n<h4 class=\"wp-block-heading\" id=\"h-le-talon\"><strong>Le talon<\/strong><\/h4>\n\n\n\n<p>Le contact initial peut \u00eatre plus sec, avec un impact moins diffus\u00e9.<\/p>\n\n\n\n<h4 class=\"wp-block-heading\" id=\"h-l-avant-pied\"><strong>L\u2019avant-pied<\/strong><\/h4>\n\n\n\n<p>Les t\u00eates m\u00e9tatarsiennes re\u00e7oivent davantage de charge lors de la propulsion.<\/p>\n\n\n\n<p>Cela peut favoriser :<\/p>\n\n\n\n<ul class=\"wp-block-list\">\n<li>douleur sous les m\u00e9tatarsiens<\/li>\n\n\n\n<li>callosit\u00e9s<\/li>\n\n\n\n<li>sensation de br\u00fblure<\/li>\n\n\n\n<li>fatigue plantaire<\/li>\n<\/ul>\n\n\n\n<h3 class=\"wp-block-heading\"><span class=\"ez-toc-section\" id=\"Le_bord_externe_du_pied\"><\/span><strong>Le bord externe du pied<\/strong><span class=\"ez-toc-section-end\"><\/span><\/h3>\n\n\n\n<p>Beaucoup de pieds creux ont tendance \u00e0 charger davantage le c\u00f4t\u00e9 externe. Cette strat\u00e9gie peut cr\u00e9er une impression d\u2019instabilit\u00e9 lat\u00e9rale, surtout sur terrain irr\u00e9gulier.<\/p>\n\n\n\n<p>Cons\u00e9quences possibles :<\/p>\n\n\n\n<ul class=\"wp-block-list\">\n<li>entorses externes r\u00e9p\u00e9t\u00e9es<\/li>\n\n\n\n<li>fatigue des fibulaires<\/li>\n\n\n\n<li>cheville fragile<\/li>\n\n\n\n<li>perte de confiance \u00e0 la marche rapide<\/li>\n<\/ul>\n\n\n\n<h3 class=\"wp-block-heading\"><span class=\"ez-toc-section\" id=\"Limpact_sur_la_chaine_montante\"><\/span><strong>L\u2019impact sur la cha\u00eene montante<\/strong><span class=\"ez-toc-section-end\"><\/span><\/h3>\n\n\n\n<p>Le pied \u00e9tant la base du mouvement, une m\u00e9canique modifi\u00e9e peut influencer :<\/p>\n\n\n\n<ul class=\"wp-block-list\">\n<li>genou<\/li>\n\n\n\n<li>hanche<\/li>\n\n\n\n<li>bassin<\/li>\n\n\n\n<li>colonne lombaire<\/li>\n<\/ul>\n\n\n\n<p>Cela ne signifie pas qu\u2019un pied creux cause automatiquement des douleurs ailleurs, mais il peut y contribuer chez certaines personnes sensibles ou d\u00e9j\u00e0 compens\u00e9es.<\/p>\n\n\n\n<h3 class=\"wp-block-heading\"><span class=\"ez-toc-section\" id=\"Rigidite_vs_performance\"><\/span><strong>Rigidit\u00e9 vs performance<\/strong><span class=\"ez-toc-section-end\"><\/span><\/h3>\n\n\n\n<p>Un pied plus rigide n\u2019est pas toujours mauvais. Dans certains sports, une structure ferme peut transmettre efficacement les forces. Le probl\u00e8me appara\u00eet lorsque la rigidit\u00e9 d\u00e9passe la capacit\u00e9 d\u2019adaptation du syst\u00e8me.<\/p>\n\n\n\n<p>Autrement dit :<\/p>\n\n\n\n<ul class=\"wp-block-list\">\n<li>rigidit\u00e9 utile = stabilit\u00e9 et rendement<\/li>\n\n\n\n<li>rigidit\u00e9 excessive = surcharge et perte d\u2019adaptation<\/li>\n<\/ul>\n\n\n\n<h3 class=\"wp-block-heading\"><span class=\"ez-toc-section\" id=\"Pourquoi_certaines_personnes_nont_aucun_symptome\"><\/span><strong>Pourquoi certaines personnes n\u2019ont aucun sympt\u00f4me ?<\/strong><span class=\"ez-toc-section-end\"><\/span><\/h3>\n\n\n\n<p>Parce que la biom\u00e9canique d\u00e9pend de plusieurs facteurs :<\/p>\n\n\n\n<ul class=\"wp-block-list\">\n<li>souplesse g\u00e9n\u00e9rale<\/li>\n\n\n\n<li>force musculaire<\/li>\n\n\n\n<li>contr\u00f4le moteur<\/li>\n\n\n\n<li>type d\u2019activit\u00e9<\/li>\n\n\n\n<li>chaussures<\/li>\n\n\n\n<li>r\u00e9cup\u00e9ration<\/li>\n\n\n\n<li>poids corporel<\/li>\n\n\n\n<li>terrain g\u00e9n\u00e9tique<\/li>\n<\/ul>\n\n\n\n<p>Deux pieds visuellement semblables peuvent donc se comporter tr\u00e8s diff\u00e9remment.<\/p>\n\n\n\n<h3 class=\"wp-block-heading\"><span class=\"ez-toc-section\" id=\"Ce_quil_faut_retenir\"><\/span><strong>Ce qu\u2019il faut retenir<\/strong><span class=\"ez-toc-section-end\"><\/span><\/h3>\n\n\n\n<p>\u00c0 chaque pas, le pied creux tend souvent \u00e0 :<\/p>\n\n\n\n<ul class=\"wp-block-list\">\n<li>amortir moins<\/li>\n\n\n\n<li>concentrer davantage les pressions<\/li>\n\n\n\n<li>charger plus l\u2019avant-pied et le bord externe<\/li>\n\n\n\n<li>demander plus de stabilisation musculaire<\/li>\n\n\n\n<li>transmettre certaines contraintes vers le haut du corps<\/li>\n<\/ul>\n\n\n\n<p>Le v\u00e9ritable enjeu n\u2019est pas seulement la forme du pied, mais&nbsp;<strong>la fa\u00e7on dont il g\u00e8re les forces du quotidien.<\/strong><\/p>\n\n\n\n<h3 class=\"wp-block-heading\"><span class=\"ez-toc-section\" id=\"Tableau_biomecanique_du_pied_creux_a_chaque_pas\"><\/span><strong>Tableau : biom\u00e9canique du pied creux \u00e0 chaque pas<\/strong><span class=\"ez-toc-section-end\"><\/span><\/h3>\n\n\n\n<figure class=\"wp-block-table has-small-font-size\"><table class=\"has-fixed-layout\"><thead><tr><th><strong>Phase \/ \u00c9l\u00e9ment<\/strong><\/th><th><strong>Fonction normale<\/strong><\/th><th><strong>Ce qui peut changer avec un pied creux<\/strong><\/th><th><strong>Cons\u00e9quences possibles<\/strong><\/th><\/tr><\/thead><tbody><tr><td><strong>Contact du talon<\/strong><\/td><td>Absorber l\u2019impact initial<\/td><td>Impact plus sec, moins amorti<\/td><td>Douleur talon, fatigue<\/td><\/tr><tr><td><strong>Mise en charge<\/strong><\/td><td>R\u00e9partir progressivement les forces<\/td><td>Surface d\u2019appui r\u00e9duite<\/td><td>Hyperpressions localis\u00e9es<\/td><\/tr><tr><td><strong>Adaptation au sol<\/strong><\/td><td>Le pied se module selon la surface<\/td><td>Pied plus rigide, moins adaptable<\/td><td>Inconfort sur terrain irr\u00e9gulier<\/td><\/tr><tr><td><strong>Stabilisation<\/strong><\/td><td>Base stable pour supporter le corps<\/td><td>Stabilisation musculaire accrue n\u00e9cessaire<\/td><td>Fatigue des muscles du pied et de la jambe<\/td><\/tr><tr><td><strong>Propulsion<\/strong><\/td><td>Transfert efficace vers l\u2019avant-pied<\/td><td>Charge accrue sur m\u00e9tatarsiens<\/td><td>M\u00e9tatarsalgie, br\u00fblure plantaire<\/td><\/tr><tr><td><strong>Vo\u00fbte plantaire<\/strong><\/td><td>Alterne souplesse et fermet\u00e9<\/td><td>Reste plus haute et moins mobile<\/td><td>Perte d\u2019absorption des chocs<\/td><\/tr><tr><td><strong>Avant-pied<\/strong><\/td><td>Participe \u00e0 la pouss\u00e9e<\/td><td>Sursollicit\u00e9<\/td><td>Callosit\u00e9s, douleur<\/td><\/tr><tr><td><strong>Bord externe du pied<\/strong><\/td><td>Appui \u00e9quilibr\u00e9<\/td><td>Charge lat\u00e9rale augment\u00e9e<\/td><td>Instabilit\u00e9, entorses<\/td><\/tr><tr><td><strong>Cheville<\/strong><\/td><td>Ajustements rapides d\u2019\u00e9quilibre<\/td><td>Plus sollicit\u00e9e lat\u00e9ralement<\/td><td>Cheville fragile<\/td><\/tr><tr><td><strong>Genou \/ hanche<\/strong><\/td><td>Re\u00e7oivent forces modul\u00e9es<\/td><td>Contraintes parfois moins bien r\u00e9parties<\/td><td>Compensation montante<\/td><\/tr><tr><td><strong>D\u00e9pense \u00e9nerg\u00e9tique<\/strong><\/td><td>Mouvement efficient<\/td><td>Travail musculaire plus \u00e9lev\u00e9 chez certains<\/td><td>Fatigue rapide<\/td><\/tr><tr><td><strong>Tol\u00e9rance globale<\/strong><\/td><td>Variable selon condition physique<\/td><td>D\u00e9pend de la force, souplesse, chaussures, activit\u00e9<\/td><td>Sympt\u00f4mes tr\u00e8s variables<\/td><\/tr><\/tbody><\/table><\/figure>\n\n\n\n<h2 class=\"wp-block-heading\"><span class=\"ez-toc-section\" id=\"Douleurs_frequentes_liees_au_pied_creux\"><\/span><strong>Douleurs fr\u00e9quentes li\u00e9es au pied creux<\/strong><span class=\"ez-toc-section-end\"><\/span><\/h2>\n\n\n\n<p>Le pied creux n\u2019entra\u00eene pas toujours de douleur, mais lorsqu\u2019il devient symptomatique, les plaintes peuvent \u00eatre vari\u00e9es. Certaines douleurs apparaissent progressivement avec la marche ou le sport. D\u2019autres surviennent apr\u00e8s des ann\u00e9es de compensation silencieuse. La localisation de la douleur d\u00e9pend souvent de la zone qui absorbe trop de contraintes.<\/p>\n\n\n\n<p>Comprendre&nbsp;<strong>o\u00f9<\/strong>&nbsp;le pied fait mal aide souvent \u00e0 comprendre&nbsp;<strong>comment<\/strong>&nbsp;il fonctionne.<\/p>\n\n\n\n<h3 class=\"wp-block-heading\"><span class=\"ez-toc-section\" id=\"Douleur_sous_lavant-pied\"><\/span><strong>Douleur sous l\u2019avant-pied<\/strong><span class=\"ez-toc-section-end\"><\/span><\/h3>\n\n\n\n<p>C\u2019est l\u2019une des plaintes les plus fr\u00e9quentes. Lorsque la vo\u00fbte est haute, l\u2019avant-pied re\u00e7oit parfois une charge excessive au moment de la propulsion.<\/p>\n\n\n\n<p>La personne peut ressentir :<\/p>\n\n\n\n<ul class=\"wp-block-list\">\n<li>br\u00fblure sous les t\u00eates m\u00e9tatarsiennes<\/li>\n\n\n\n<li>impression de marcher sur des cailloux<\/li>\n\n\n\n<li>douleur apr\u00e8s une longue station debout<\/li>\n\n\n\n<li>g\u00eane en chaussures fines ou rigides<\/li>\n<\/ul>\n\n\n\n<p>Cette surcharge peut favoriser une m\u00e9tatarsalgie ou des callosit\u00e9s douloureuses.<\/p>\n\n\n\n<h3 class=\"wp-block-heading\"><span class=\"ez-toc-section\" id=\"Douleur_au_talon\"><\/span><strong>Douleur au talon<\/strong><span class=\"ez-toc-section-end\"><\/span><\/h3>\n\n\n\n<p>Le talon peut devenir sensible lorsque l\u2019impact initial est moins bien amorti. Chaque pas transmet alors davantage de force sur une zone r\u00e9duite.<\/p>\n\n\n\n<p>La douleur peut \u00eatre :<\/p>\n\n\n\n<ul class=\"wp-block-list\">\n<li>au centre du talon<\/li>\n\n\n\n<li>sur le bord externe<\/li>\n\n\n\n<li>plus marqu\u00e9e le soir<\/li>\n\n\n\n<li>augment\u00e9e sur sol dur<\/li>\n<\/ul>\n\n\n\n<p>Parfois, d\u2019autres probl\u00e8mes s\u2019ajoutent, comme une irritation du fascia plantaire.<\/p>\n\n\n\n<h3 class=\"wp-block-heading\"><span class=\"ez-toc-section\" id=\"Douleur_sur_le_bord_externe_du_pied\"><\/span><strong>Douleur sur le bord externe du pied<\/strong><span class=\"ez-toc-section-end\"><\/span><\/h3>\n\n\n\n<p>Beaucoup de pieds creux chargent davantage le c\u00f4t\u00e9 externe. Cette strat\u00e9gie peut irriter les tissus lat\u00e9raux.<\/p>\n\n\n\n<p>Sympt\u00f4mes possibles :<\/p>\n\n\n\n<ul class=\"wp-block-list\">\n<li>douleur au 5e m\u00e9tatarsien<\/li>\n\n\n\n<li>tension sous le pied externe<\/li>\n\n\n\n<li>g\u00eane apr\u00e8s marche prolong\u00e9e<\/li>\n\n\n\n<li>fatigue rapide sur terrain irr\u00e9gulier<\/li>\n<\/ul>\n\n\n\n<h3 class=\"wp-block-heading\"><span class=\"ez-toc-section\" id=\"Douleur_de_cheville\"><\/span><strong>Douleur de cheville<\/strong><span class=\"ez-toc-section-end\"><\/span><\/h3>\n\n\n\n<p>Le manque d\u2019adaptation lat\u00e9rale peut rendre la cheville plus vuln\u00e9rable.<\/p>\n\n\n\n<p>La douleur peut appara\u00eetre :<\/p>\n\n\n\n<ul class=\"wp-block-list\">\n<li>apr\u00e8s entorse<\/li>\n\n\n\n<li>lors des changements de direction<\/li>\n\n\n\n<li>sur terrain instable<\/li>\n\n\n\n<li>avec sensation de faiblesse<\/li>\n<\/ul>\n\n\n\n<p>Chez certains, ce n\u2019est pas la douleur qui domine, mais l\u2019appr\u00e9hension que la cheville \u201ctourne\u201d.<\/p>\n\n\n\n<hr class=\"wp-block-separator has-alpha-channel-opacity\"\/>\n\n\n\n<h3 class=\"wp-block-heading\"><span class=\"ez-toc-section\" id=\"Crampes_et_fatigue_musculaire\"><\/span><strong>Crampes et fatigue musculaire<\/strong><span class=\"ez-toc-section-end\"><\/span><\/h3>\n\n\n\n<p>Un pied plus rigide demande parfois davantage de travail aux muscles stabilisateurs.<\/p>\n\n\n\n<p>La personne d\u00e9crit parfois :<\/p>\n\n\n\n<ul class=\"wp-block-list\">\n<li>mollets tendus<\/li>\n\n\n\n<li>crampes plantaires<\/li>\n\n\n\n<li>jambes lourdes<\/li>\n\n\n\n<li>fatigue rapide \u00e0 la marche<\/li>\n<\/ul>\n\n\n\n<h3 class=\"wp-block-heading\"><span class=\"ez-toc-section\" id=\"Douleurs_qui_remontent_plus_haut\"><\/span><strong>Douleurs qui remontent plus haut<\/strong><span class=\"ez-toc-section-end\"><\/span><\/h3>\n\n\n\n<p>Le pied \u00e9tant la base du mouvement, certaines compensations peuvent se manifester ailleurs :<\/p>\n\n\n\n<ul class=\"wp-block-list\">\n<li>douleur au genou<\/li>\n\n\n\n<li>tension \u00e0 la hanche<\/li>\n\n\n\n<li>fatigue lombaire<\/li>\n\n\n\n<li>asym\u00e9trie posturale ressentie<\/li>\n<\/ul>\n\n\n\n<p>Le pied n\u2019est pas toujours la seule cause, mais il peut participer au tableau global<strong>Pourquoi certaines douleurs apparaissent tard ?<\/strong><\/p>\n\n\n\n<p>Beaucoup de personnes compensent bien pendant des ann\u00e9es. Puis un changement survient :<\/p>\n\n\n\n<ul class=\"wp-block-list\">\n<li>augmentation d\u2019activit\u00e9<\/li>\n\n\n\n<li>prise de poids<\/li>\n\n\n\n<li>changement de chaussures<\/li>\n\n\n\n<li>blessure<\/li>\n\n\n\n<li>vieillissement tissulaire<\/li>\n\n\n\n<li>diminution de r\u00e9cup\u00e9ration<\/li>\n<\/ul>\n\n\n\n<p class=\"has-small-font-size\">Le syst\u00e8me tol\u00e8re alors moins ce qu\u2019il g\u00e9rait auparavant.<\/p>\n\n\n\n<h3 class=\"wp-block-heading\"><span class=\"ez-toc-section\" id=\"Quand_consulter\"><\/span><strong>Quand consulter ?<\/strong><span class=\"ez-toc-section-end\"><\/span><\/h3>\n\n\n\n<p>Une \u00e9valuation est utile si la douleur :<\/p>\n\n\n\n<ul class=\"wp-block-list\">\n<li>revient r\u00e9guli\u00e8rement<\/li>\n\n\n\n<li>limite la marche<\/li>\n\n\n\n<li>g\u00eane le sport<\/li>\n\n\n\n<li>s\u2019aggrave avec le temps<\/li>\n\n\n\n<li>s\u2019accompagne d\u2019instabilit\u00e9<\/li>\n\n\n\n<li>modifie votre fa\u00e7on de marcher<\/li>\n<\/ul>\n\n\n\n<h3 class=\"wp-block-heading\"><span class=\"ez-toc-section\" id=\"Tableau_douleurs_frequentes_liees_au_pied_creux\"><\/span><strong>Tableau : douleurs fr\u00e9quentes li\u00e9es au pied creux<\/strong><span class=\"ez-toc-section-end\"><\/span><\/h3>\n\n\n\n<figure class=\"wp-block-table has-small-font-size\"><table class=\"has-fixed-layout\"><thead><tr><th><strong>Zone douloureuse<\/strong><\/th><th><strong>Ressenti fr\u00e9quent<\/strong><\/th><th><strong>M\u00e9canisme possible<\/strong><\/th><th><strong>Situations aggravantes<\/strong><\/th><\/tr><\/thead><tbody><tr><td><strong>Avant-pied<\/strong><\/td><td>Br\u00fblure, pression, sensation de caillou<\/td><td>Surcharge des m\u00e9tatarsiens \u00e0 la propulsion<\/td><td>Marche prolong\u00e9e, chaussures fines, station debout<\/td><\/tr><tr><td><strong>Sous le pied<\/strong><\/td><td>Fatigue, tension plantaire, douleur diffuse<\/td><td>Hyperpression + rigidit\u00e9 relative<\/td><td>Fin de journ\u00e9e, longues distances<\/td><\/tr><tr><td><strong>Talon<\/strong><\/td><td>Sensibilit\u00e9, douleur \u00e0 l\u2019appui<\/td><td>Impact moins amorti au contact initial<\/td><td>Sol dur, marche r\u00e9p\u00e9t\u00e9e<\/td><\/tr><tr><td><strong>Bord externe du pied<\/strong><\/td><td>G\u00eane lat\u00e9rale, douleur localis\u00e9e<\/td><td>Appui trop lat\u00e9ralis\u00e9<\/td><td>Terrain irr\u00e9gulier, fatigue<\/td><\/tr><tr><td><strong>Cheville externe<\/strong><\/td><td>Douleur, fragilit\u00e9, instabilit\u00e9<\/td><td>Manque de contr\u00f4le lat\u00e9ral \/ entorses<\/td><td>Changements de direction, sport<\/td><\/tr><tr><td><strong>Mollet<\/strong><\/td><td>Tension, raideur, crampes<\/td><td>Surtravail musculaire compensatoire<\/td><td>Marche rapide, mont\u00e9e, effort<\/td><\/tr><tr><td><strong>Vo\u00fbte plantaire<\/strong><\/td><td>Tiraillement, inconfort<\/td><td>Tissus sous tension \/ surcharge locale<\/td><td>Longue station debout<\/td><\/tr><tr><td><strong>Orteils<\/strong><\/td><td>Douleur, frottement, crampe<\/td><td>Griffes, surcharge de l\u2019avant-pied<\/td><td>Chaussures serr\u00e9es<\/td><\/tr><tr><td><strong>Genou<\/strong><\/td><td>Douleur secondaire, fatigue<\/td><td>Compensation biom\u00e9canique montante<\/td><td>Course, escaliers<\/td><\/tr><tr><td><strong>Hanche \/ bassin<\/strong><\/td><td>Tension, asym\u00e9trie ressentie<\/td><td>Adaptation posturale prolong\u00e9e<\/td><td>Marche prolong\u00e9e<\/td><\/tr><tr><td><strong>Bas du dos<\/strong><\/td><td>Fatigue lombaire, raideur<\/td><td>Transmission de contraintes + compensation<\/td><td>Journ\u00e9es actives, posture debout<\/td><\/tr><tr><td><strong>Sans localisation fixe<\/strong><\/td><td>Douleur variable selon les jours<\/td><td>Tol\u00e9rance fluctuante du syst\u00e8me<\/td><td>Charge globale, r\u00e9cup\u00e9ration insuffisante<\/td><\/tr><\/tbody><\/table><\/figure>\n\n\n\n<h2 class=\"wp-block-heading\"><span class=\"ez-toc-section\" id=\"Entorses_a_repetition_et_instabilite_de_cheville\"><\/span><strong>Entorses \u00e0 r\u00e9p\u00e9tition et instabilit\u00e9 de cheville<\/strong><span class=\"ez-toc-section-end\"><\/span><\/h2>\n\n\n\n<p>Chez de nombreuses personnes ayant un pied creux, le probl\u00e8me principal n\u2019est pas toujours la douleur sous le pied, mais la sensation que la cheville manque de s\u00e9curit\u00e9. Certaines d\u00e9crivent une impression de \u201cmarcher sur le bord du pied\u201d, d\u2019autres racontent des entorses \u00e0 r\u00e9p\u00e9tition depuis l\u2019adolescence, parfois sans traumatisme majeur. Ce lien entre pied creux et instabilit\u00e9 de cheville est fr\u00e9quent et m\u00e9rite d\u2019\u00eatre compris.<\/p>\n\n\n\n<p>La forme du pied influence directement la mani\u00e8re dont le corps g\u00e8re l\u2019\u00e9quilibre. Dans un pied creux, l\u2019appui est souvent plus lat\u00e9ralis\u00e9, c\u2019est-\u00e0-dire davantage orient\u00e9 vers le bord externe. Cette position peut rendre la cheville plus vuln\u00e9rable \u00e0 un mouvement de torsion vers l\u2019ext\u00e9rieur, surtout lors d\u2019un faux pas, d\u2019un changement rapide de direction ou sur un terrain irr\u00e9gulier.<\/p>\n\n\n\n<p>Lorsque cela se r\u00e9p\u00e8te, un cercle vicieux peut s\u2019installer. Une premi\u00e8re entorse fragilise parfois les ligaments, perturbe la proprioception (la capacit\u00e9 du corps \u00e0 sentir la position de l\u2019articulation) et r\u00e9duit la confiance dans l\u2019appui. La personne devient alors plus \u00e0 risque de refaire une entorse, m\u00eame lors d\u2019un geste banal.<\/p>\n\n\n\n<p>Les signes fr\u00e9quents d\u2019instabilit\u00e9 comprennent :<\/p>\n\n\n\n<ul class=\"wp-block-list\">\n<li>cheville qui tourne facilement<\/li>\n\n\n\n<li>sensation de faiblesse lat\u00e9rale<\/li>\n\n\n\n<li>appr\u00e9hension sur terrain irr\u00e9gulier<\/li>\n\n\n\n<li>besoin de regarder o\u00f9 l\u2019on met les pieds<\/li>\n\n\n\n<li>fatigue rapide \u00e0 la marche<\/li>\n\n\n\n<li>douleur externe de cheville<\/li>\n\n\n\n<li>craquements ou sensation d\u2019ins\u00e9curit\u00e9<\/li>\n<\/ul>\n\n\n\n<p>Chez certains sportifs, cela se manifeste surtout lors des pivots, sauts ou acc\u00e9l\u00e9rations. Chez d\u2019autres, la g\u00eane appara\u00eet simplement en marchant sur du gravier, dans la neige ou sur une surface inclin\u00e9e.<\/p>\n\n\n\n<p>Il est important de noter que toutes les personnes avec un pied creux ne feront pas des entorses. Le risque d\u00e9pend aussi :<\/p>\n\n\n\n<ul class=\"wp-block-list\">\n<li>de la force musculaire<\/li>\n\n\n\n<li>du contr\u00f4le moteur<\/li>\n\n\n\n<li>de la mobilit\u00e9 de cheville<\/li>\n\n\n\n<li>des ant\u00e9c\u00e9dents de blessure<\/li>\n\n\n\n<li>du type de sport pratiqu\u00e9<\/li>\n\n\n\n<li>des chaussures utilis\u00e9es<\/li>\n\n\n\n<li>de la fatigue g\u00e9n\u00e9rale<\/li>\n<\/ul>\n\n\n\n<p>Le traitement ne consiste pas seulement \u00e0 \u201ctenir la cheville\u201d. Une approche efficace cherche \u00e0 am\u00e9liorer l\u2019ensemble du syst\u00e8me :<\/p>\n\n\n\n<ul class=\"wp-block-list\">\n<li>renforcement des muscles stabilisateurs<\/li>\n\n\n\n<li>travail de l\u2019\u00e9quilibre<\/li>\n\n\n\n<li>r\u00e9\u00e9ducation proprioceptive<\/li>\n\n\n\n<li>am\u00e9lioration de la mobilit\u00e9 utile<\/li>\n\n\n\n<li>adaptation des chaussures<\/li>\n\n\n\n<li>orth\u00e8ses si n\u00e9cessaire<\/li>\n\n\n\n<li>reprise progressive du sport<\/li>\n<\/ul>\n\n\n\n<p>Dans certains cas d\u2019entorses s\u00e9v\u00e8res ou tr\u00e8s fr\u00e9quentes, une \u00e9valuation plus pouss\u00e9e peut \u00eatre n\u00e9cessaire pour v\u00e9rifier l\u2019\u00e9tat des ligaments, des tendons fibulaires ou d\u2019autres structures.<\/p>\n\n\n\n<h2 class=\"wp-block-heading\"><span class=\"ez-toc-section\" id=\"Orteils_en_marteau_griffes_et_autres_deformations_associees\"><\/span><strong>Orteils en marteau, griffes et autres d\u00e9formations associ\u00e9es<\/strong><span class=\"ez-toc-section-end\"><\/span><\/h2>\n\n\n\n<p>Le pied creux ne se limite pas \u00e0 une vo\u00fbte plantaire \u00e9lev\u00e9e. Avec le temps, il peut aussi s\u2019accompagner de modifications visibles de l\u2019avant-pied et des orteils. Parmi les plus fr\u00e9quentes : les&nbsp;<strong>orteils en marteau<\/strong>, les&nbsp;<strong>orteils en griffe<\/strong>, certaines callosit\u00e9s douloureuses et parfois des zones de conflit dans les chaussures.<\/p>\n\n\n\n<p>Ces d\u00e9formations apparaissent souvent de mani\u00e8re progressive. Au d\u00e9but, les orteils restent souples et reprennent leur position manuellement. Plus tard, ils peuvent devenir plus rigides et permanents.<\/p>\n\n\n\n<p>Un&nbsp;<strong>orteil en marteau<\/strong>&nbsp;correspond g\u00e9n\u00e9ralement \u00e0 une flexion anormale de l\u2019articulation interm\u00e9diaire du orteil. L\u2019extr\u00e9mit\u00e9 pointe vers le bas, tandis que l\u2019articulation centrale se rel\u00e8ve.<br>Un&nbsp;<strong>orteil en griffe<\/strong>&nbsp;implique souvent une posture plus globale du orteil, avec extension \u00e0 la base et flexion des autres articulations.<\/p>\n\n\n\n<p>Pourquoi cela arrive-t-il dans le pied creux ? Parce que l\u2019\u00e9quilibre musculaire du pied change. Lorsque la vo\u00fbte est haute et que l\u2019avant-pied supporte davantage de charge, certains muscles travaillent trop, d\u2019autres moins. Les tendons fl\u00e9chisseurs et extenseurs peuvent tirer dans des directions non optimales, surtout avec le temps.<\/p>\n\n\n\n<p>Plusieurs facteurs favorisent ces d\u00e9formations :<\/p>\n\n\n\n<ul class=\"wp-block-list\">\n<li>surcharge chronique de l\u2019avant-pied<\/li>\n\n\n\n<li>rigidit\u00e9 du pied<\/li>\n\n\n\n<li>d\u00e9s\u00e9quilibre musculaire<\/li>\n\n\n\n<li>troubles neurologiques associ\u00e9s<\/li>\n\n\n\n<li>chaussures \u00e9troites ou rigides<\/li>\n\n\n\n<li>progression naturelle de la d\u00e9formation<\/li>\n<\/ul>\n\n\n\n<p>Les sympt\u00f4mes fr\u00e9quents comprennent :<\/p>\n\n\n\n<ul class=\"wp-block-list\">\n<li>frottement dans les chaussures<\/li>\n\n\n\n<li>douleur sur le dessus des orteils<\/li>\n\n\n\n<li>cors ou callosit\u00e9s<\/li>\n\n\n\n<li>sensation d\u2019orteils crisp\u00e9s<\/li>\n\n\n\n<li>difficult\u00e9 \u00e0 chausser certains mod\u00e8les<\/li>\n\n\n\n<li>douleur sous l\u2019avant-pied<\/li>\n\n\n\n<li>perte de confort \u00e0 la marche<\/li>\n<\/ul>\n\n\n\n<p>Ces d\u00e9formations ne sont pas seulement esth\u00e9tiques. Elles modifient les appuis et peuvent augmenter encore la pression sous les m\u00e9tatarsiens, ce qui entretient la douleur.<\/p>\n\n\n\n<p>D\u2019autres changements peuvent accompagner le pied creux :<\/p>\n\n\n\n<ul class=\"wp-block-list\">\n<li>avant-pied \u00e9largi<\/li>\n\n\n\n<li>hallux valgus chez certains patients<\/li>\n\n\n\n<li>callosit\u00e9s plantaires localis\u00e9es<\/li>\n\n\n\n<li>ongles traumatis\u00e9s par les frottements<\/li>\n\n\n\n<li>irritation entre les orteils<\/li>\n<\/ul>\n\n\n\n<p>Le traitement d\u00e9pend du stade et de la souplesse de la d\u00e9formation. Les options peuvent inclure :<\/p>\n\n\n\n<ul class=\"wp-block-list\">\n<li>chaussures \u00e0 bo\u00eete avant plus large<\/li>\n\n\n\n<li>coussinets de protection<\/li>\n\n\n\n<li>exercices de mobilit\u00e9 des orteils<\/li>\n\n\n\n<li>renforcement des muscles intrins\u00e8ques du pied<\/li>\n\n\n\n<li>semelles pour redistribuer les charges<\/li>\n\n\n\n<li>soins de peau \/ cors<\/li>\n\n\n\n<li>chirurgie dans certains cas rigides ou douloureux<\/li>\n<\/ul>\n\n\n\n<p>Plus l\u2019intervention est pr\u00e9coce, plus il est possible de ralentir l\u2019\u00e9volution et d\u2019am\u00e9liorer le confort.<\/p>\n\n\n\n<h2 class=\"wp-block-heading\"><span class=\"ez-toc-section\" id=\"Le_lien_entre_pied_creux_genou_hanche_et_dos\"><\/span><strong>Le lien entre pied creux, genou, hanche et dos<\/strong><span class=\"ez-toc-section-end\"><\/span><\/h2>\n\n\n\n<p>Le pied est la base d\u2019appui du corps. \u00c0 chaque pas, il re\u00e7oit les forces du sol puis les transmet vers le haut \u00e0 travers la cheville, le genou, la hanche, le bassin et la colonne vert\u00e9brale. Lorsque cette base fonctionne diff\u00e9remment, certaines contraintes peuvent \u00eatre redistribu\u00e9es dans toute la cha\u00eene. C\u2019est pourquoi un pied creux peut parfois \u00eatre associ\u00e9 \u00e0 des douleurs plus hautes que le pied lui-m\u00eame.<\/p>\n\n\n\n<p>Cela ne veut pas dire qu\u2019un pied creux cause automatiquement un probl\u00e8me au genou ou au dos. Le corps humain est adaptable, et de nombreuses personnes vivent sans sympt\u00f4me malgr\u00e9 une vo\u00fbte \u00e9lev\u00e9e. Mais chez certaines, surtout en pr\u00e9sence de fatigue, de surcharge ou d\u2019anciennes blessures, cette morphologie peut devenir un facteur contributif.<\/p>\n\n\n\n<p>Au niveau du&nbsp;<strong>genou<\/strong>, une m\u00e9canique de pied plus rigide ou plus lat\u00e9ralis\u00e9e peut modifier l\u00e9g\u00e8rement l\u2019axe du membre inf\u00e9rieur. Cela peut influencer la fa\u00e7on dont le genou absorbe les charges, particuli\u00e8rement :<\/p>\n\n\n\n<ul class=\"wp-block-list\">\n<li>\u00e0 la course<\/li>\n\n\n\n<li>dans les escaliers<\/li>\n\n\n\n<li>lors des pivots<\/li>\n\n\n\n<li>en position accroupie r\u00e9p\u00e9t\u00e9e<\/li>\n<\/ul>\n\n\n\n<p>Certaines personnes d\u00e9crivent alors :<\/p>\n\n\n\n<ul class=\"wp-block-list\">\n<li>douleur ant\u00e9rieure du genou<\/li>\n\n\n\n<li>fatigue articulaire<\/li>\n\n\n\n<li>g\u00eane apr\u00e8s activit\u00e9<\/li>\n\n\n\n<li>sensation d\u2019alignement imparfait<\/li>\n<\/ul>\n\n\n\n<p>Au niveau de la&nbsp;<strong>hanche<\/strong>, les changements de strat\u00e9gie d\u2019appui peuvent modifier la rotation du membre inf\u00e9rieur ou la demande musculaire autour du bassin. Cela peut se traduire par :<\/p>\n\n\n\n<ul class=\"wp-block-list\">\n<li>tension du moyen fessier<\/li>\n\n\n\n<li>fatigue lat\u00e9rale de hanche<\/li>\n\n\n\n<li>raideur apr\u00e8s longue marche<\/li>\n\n\n\n<li>asym\u00e9trie ressentie<\/li>\n<\/ul>\n\n\n\n<p>Au niveau du&nbsp;<strong>bas du dos<\/strong>, le lien est souvent indirect. Si la marche devient moins fluide, si une jambe compense davantage, ou si le bassin adapte constamment sa position, la r\u00e9gion lombaire peut \u00eatre plus sollicit\u00e9e.<\/p>\n\n\n\n<p>Sympt\u00f4mes parfois rapport\u00e9s :<\/p>\n\n\n\n<ul class=\"wp-block-list\">\n<li>fatigue lombaire en fin de journ\u00e9e<\/li>\n\n\n\n<li>raideur matinale<\/li>\n\n\n\n<li>inconfort debout prolong\u00e9<\/li>\n\n\n\n<li>douleurs apr\u00e8s longues marches<\/li>\n<\/ul>\n\n\n\n<p>Il est important de rappeler qu\u2019une douleur lombaire ou un syndrome du genou a rarement une cause unique. Le pied peut \u00eatre un maillon de la cha\u00eene, pas n\u00e9cessairement le seul responsable.<\/p>\n\n\n\n<p>Plusieurs \u00e9l\u00e9ments influencent ce lien :<\/p>\n\n\n\n<ul class=\"wp-block-list\">\n<li>souplesse g\u00e9n\u00e9rale<\/li>\n\n\n\n<li>force musculaire<\/li>\n\n\n\n<li>type d\u2019activit\u00e9<\/li>\n\n\n\n<li>poids corporel<\/li>\n\n\n\n<li>qualit\u00e9 des chaussures<\/li>\n\n\n\n<li>historique de blessures<\/li>\n\n\n\n<li>r\u00e9cup\u00e9ration<\/li>\n\n\n\n<li>posture globale<\/li>\n<\/ul>\n\n\n\n<p>C\u2019est pourquoi deux personnes avec le m\u00eame type de pied peuvent avoir des tableaux totalement diff\u00e9rents.<\/p>\n\n\n\n<p>Dans une approche clinique, on ne regarde donc pas seulement la vo\u00fbte plantaire. On observe :<\/p>\n\n\n\n<ul class=\"wp-block-list\">\n<li>la marche<\/li>\n\n\n\n<li>l\u2019\u00e9quilibre<\/li>\n\n\n\n<li>la mobilit\u00e9 de cheville<\/li>\n\n\n\n<li>le contr\u00f4le du genou<\/li>\n\n\n\n<li>la stabilit\u00e9 du bassin<\/li>\n\n\n\n<li>les habitudes de charge<\/li>\n<\/ul>\n\n\n\n<p>Le traitement peut inclure renforcement cibl\u00e9, adaptation des chaussures, exercices de mobilit\u00e9, travail moteur global ou semelles lorsque pertinent.<\/p>\n\n\n\n<h2 class=\"wp-block-heading\"><span class=\"ez-toc-section\" id=\"Pied_creux_chez_lenfant_faut-il_sinquieter\"><\/span><strong>Pied creux chez l\u2019enfant : faut-il s\u2019inqui\u00e9ter ?<\/strong><span class=\"ez-toc-section-end\"><\/span><\/h2>\n\n\n\n<p>D\u00e9couvrir qu\u2019un enfant a une vo\u00fbte plantaire tr\u00e8s marqu\u00e9e inqui\u00e8te souvent les parents. Faut-il intervenir rapidement ? Attendre la croissance ? Consulter imm\u00e9diatement ? La r\u00e9ponse d\u00e9pend surtout du&nbsp;<strong>contexte<\/strong>, car tous les pieds creux chez l\u2019enfant ne repr\u00e9sentent pas un probl\u00e8me.<\/p>\n\n\n\n<p>Chez certains enfants, la forme du pied refl\u00e8te simplement une variation anatomique familiale. L\u2019enfant court, saute, joue et ne se plaint de rien. Dans d\u2019autres situations, le pied creux peut \u00eatre le signe d\u2019un d\u00e9s\u00e9quilibre musculaire, d\u2019une raideur progressive ou d\u2019un trouble neurologique qui m\u00e9rite une attention plus pouss\u00e9e.<\/p>\n\n\n\n<p>L\u2019\u00e9l\u00e9ment le plus important n\u2019est donc pas uniquement la hauteur de la vo\u00fbte, mais&nbsp;<strong>le fonctionnement global de l\u2019enfant<\/strong>.<\/p>\n\n\n\n<p>Signes rassurants :<\/p>\n\n\n\n<ul class=\"wp-block-list\">\n<li>enfant actif et sans douleur<\/li>\n\n\n\n<li>bonne coordination<\/li>\n\n\n\n<li>course normale<\/li>\n\n\n\n<li>pas de chutes inhabituelles<\/li>\n\n\n\n<li>\u00e9volution stable dans le temps<\/li>\n\n\n\n<li>m\u00eame type de pied chez d\u2019autres membres de la famille<\/li>\n<\/ul>\n\n\n\n<p>Signes qui justifient une \u00e9valuation :<\/p>\n\n\n\n<ul class=\"wp-block-list\">\n<li>douleurs fr\u00e9quentes au pied ou \u00e0 la cheville<\/li>\n\n\n\n<li>fatigue rapide \u00e0 la marche<\/li>\n\n\n\n<li>entorses r\u00e9p\u00e9t\u00e9es<\/li>\n\n\n\n<li>chutes fr\u00e9quentes<\/li>\n\n\n\n<li>difficult\u00e9 \u00e0 courir<\/li>\n\n\n\n<li>asym\u00e9trie importante entre les deux pieds<\/li>\n\n\n\n<li>aggravation visible avec la croissance<\/li>\n\n\n\n<li>faiblesse musculaire<\/li>\n\n\n\n<li>maladresse motrice inhabituelle<\/li>\n<\/ul>\n\n\n\n<p>Chez l\u2019enfant, l\u2019asym\u00e9trie attire particuli\u00e8rement l\u2019attention. Un pied beaucoup plus creux que l\u2019autre ou une d\u00e9formation qui progresse rapidement m\u00e9rite un examen clinique.<\/p>\n\n\n\n<p>Certaines causes possibles incluent :<\/p>\n\n\n\n<ul class=\"wp-block-list\">\n<li>pr\u00e9disposition familiale<\/li>\n\n\n\n<li>raideur musculaire<\/li>\n\n\n\n<li>d\u00e9s\u00e9quilibre moteur<\/li>\n\n\n\n<li>troubles neurologiques h\u00e9r\u00e9ditaires ou acquis<\/li>\n\n\n\n<li>suites de traumatisme<\/li>\n\n\n\n<li>variations d\u00e9veloppementales<\/li>\n<\/ul>\n\n\n\n<p>L\u2019\u00e9valuation peut comprendre :<\/p>\n\n\n\n<ul class=\"wp-block-list\">\n<li>observation de la marche<\/li>\n\n\n\n<li>analyse des appuis<\/li>\n\n\n\n<li>examen de la mobilit\u00e9<\/li>\n\n\n\n<li>force musculaire<\/li>\n\n\n\n<li>coordination<\/li>\n\n\n\n<li>historique familial<\/li>\n\n\n\n<li>parfois examens compl\u00e9mentaires selon le contexte<\/li>\n<\/ul>\n\n\n\n<p>Le traitement n\u2019est pas syst\u00e9matique. Beaucoup d\u2019enfants n\u2019ont besoin que de surveillance et de conseils. Lorsque des sympt\u00f4mes existent, on peut envisager :<\/p>\n\n\n\n<ul class=\"wp-block-list\">\n<li>exercices adapt\u00e9s<\/li>\n\n\n\n<li>chaussures appropri\u00e9es<\/li>\n\n\n\n<li>travail d\u2019\u00e9quilibre<\/li>\n\n\n\n<li>renforcement moteur<\/li>\n\n\n\n<li>orth\u00e8ses dans certains cas<\/li>\n\n\n\n<li>suivi sp\u00e9cialis\u00e9 si n\u00e9cessaire<\/li>\n<\/ul>\n\n\n\n<p>Il faut aussi \u00e9viter deux extr\u00eames : banaliser un pied creux \u00e9volutif ou m\u00e9dicaliser inutilement un pied asymptomatique.<\/p>\n\n\n\n<p>La croissance est une p\u00e9riode de changement. Un enfant peut compenser tr\u00e8s bien \u00e0 8 ans puis devenir symptomatique \u00e0 l\u2019adolescence avec la pouss\u00e9e de croissance, le sport intensif ou la raideur croissante. Un suivi simple peut alors \u00eatre utile.<\/p>\n\n\n\n<p>Ce qu\u2019il faut retenir : chez l\u2019enfant, un pied creux n\u2019est pas automatiquement inqui\u00e9tant. Ce qui compte surtout, c\u2019est la douleur, la fonction, la sym\u00e9trie, l\u2019\u00e9volution et la qualit\u00e9 du mouvement. On surveille le pied, mais on observe surtout l\u2019enfant dans son ensemble.<\/p>\n\n\n\n<h2 class=\"wp-block-heading\"><span class=\"ez-toc-section\" id=\"Pied_creux_et_maladies_neurologiques_quand_investiguer_davantage\"><\/span><strong>Pied creux et maladies neurologiques : quand investiguer davantage<\/strong><span class=\"ez-toc-section-end\"><\/span><\/h2>\n\n\n\n<p>Le pied creux n\u2019est pas toujours un simple trait morphologique. Dans certains cas, il peut repr\u00e9senter le signe visible d\u2019un d\u00e9s\u00e9quilibre neurologique sous-jacent. Cette possibilit\u00e9 est importante \u00e0 conna\u00eetre, car elle change l\u2019approche clinique : on ne traite plus seulement une forme de pied, on cherche la cause qui influence cette forme.<\/p>\n\n\n\n<p>Le syst\u00e8me nerveux contr\u00f4le le tonus musculaire, la coordination, la force et l\u2019\u00e9quilibre entre les diff\u00e9rents muscles du pied et de la jambe. Si certains muscles deviennent plus faibles, moins bien activ\u00e9s ou mal coordonn\u00e9s, d\u2019autres prennent le dessus. Avec le temps, ce d\u00e9s\u00e9quilibre peut modifier progressivement l\u2019architecture du pied et favoriser une vo\u00fbte de plus en plus haute.<\/p>\n\n\n\n<p>Parmi les situations classiquement associ\u00e9es au pied creux, on retrouve certaines neuropathies h\u00e9r\u00e9ditaires ou acquises, des atteintes centrales, des s\u00e9quelles neurologiques et d\u2019autres troubles neuromusculaires. L\u2019objectif ici n\u2019est pas d\u2019inqui\u00e9ter inutilement, mais de savoir reconna\u00eetre quand un bilan plus pouss\u00e9 devient pertinent.<\/p>\n\n\n\n<p>Plusieurs signes m\u00e9ritent une attention particuli\u00e8re :<\/p>\n\n\n\n<ul class=\"wp-block-list\">\n<li>aggravation progressive de la d\u00e9formation<\/li>\n\n\n\n<li>apparition tardive d\u2019un pied creux auparavant absent<\/li>\n\n\n\n<li>diff\u00e9rence importante entre les deux pieds<\/li>\n\n\n\n<li>faiblesse musculaire visible<\/li>\n\n\n\n<li>chutes fr\u00e9quentes<\/li>\n\n\n\n<li>perte d\u2019\u00e9quilibre<\/li>\n\n\n\n<li>fatigue anormale \u00e0 la marche<\/li>\n\n\n\n<li>difficult\u00e9 \u00e0 courir ou monter les escaliers<\/li>\n\n\n\n<li>diminution de sensibilit\u00e9<\/li>\n\n\n\n<li>engourdissements<\/li>\n\n\n\n<li>maladresse inhabituelle<\/li>\n\n\n\n<li>ant\u00e9c\u00e9dents familiaux similaires<\/li>\n<\/ul>\n\n\n\n<p>Chez l\u2019enfant ou l\u2019adolescent, un pied creux qui progresse avec la croissance, s\u2019accompagne de maladresse motrice ou de difficult\u00e9s sportives m\u00e9rite \u00e9galement une \u00e9valuation attentive.<\/p>\n\n\n\n<p>Pourquoi est-ce important ? Parce qu\u2019un traitement purement local (semelles, exercices isol\u00e9s, changement de chaussures) peut aider les sympt\u00f4mes, mais ne suffit pas toujours si la cause principale est neurologique. Identifier l\u2019origine permet :<\/p>\n\n\n\n<ul class=\"wp-block-list\">\n<li>une prise en charge adapt\u00e9e<\/li>\n\n\n\n<li>un suivi de l\u2019\u00e9volution<\/li>\n\n\n\n<li>une meilleure pr\u00e9vention des blessures<\/li>\n\n\n\n<li>des exercices plus cibl\u00e9s<\/li>\n\n\n\n<li>une orientation vers le bon sp\u00e9cialiste<\/li>\n<\/ul>\n\n\n\n<p>L\u2019\u00e9valuation peut inclure, selon le contexte :<\/p>\n\n\n\n<ul class=\"wp-block-list\">\n<li>examen neurologique clinique<\/li>\n\n\n\n<li>tests de force et r\u00e9flexes<\/li>\n\n\n\n<li>analyse de la marche<\/li>\n\n\n\n<li>examens compl\u00e9mentaires prescrits par un m\u00e9decin<\/li>\n\n\n\n<li>parfois \u00e9lectromyographie ou imagerie<\/li>\n<\/ul>\n\n\n\n<p>Il est tout aussi important de rappeler que de nombreux pieds creux&nbsp;<strong>ne sont pas li\u00e9s<\/strong>&nbsp;\u00e0 une maladie neurologique. La majorit\u00e9 des personnes ayant une vo\u00fbte haute n\u2019ont pas n\u00e9cessairement de pathologie grave. Ce sont surtout les signes d\u2019\u00e9volution, de faiblesse ou d\u2019asym\u00e9trie qui orientent vers une investigation.<\/p>\n\n\n\n<p>En pratique, on peut r\u00e9sumer ainsi :<\/p>\n\n\n\n<ul class=\"wp-block-list\">\n<li>pied creux stable, familial, sans sympt\u00f4me majeur : souvent rassurant<\/li>\n\n\n\n<li>pied creux progressif, asym\u00e9trique ou associ\u00e9 \u00e0 faiblesse : \u00e0 explorer davantage<\/li>\n<\/ul>\n\n\n\n<h2 class=\"wp-block-heading\"><span class=\"ez-toc-section\" id=\"Comment_se_fait_le_diagnostic_Examen_clinique_et_imagerie\"><\/span><strong>Comment se fait le diagnostic ? Examen clinique et imagerie<\/strong><span class=\"ez-toc-section-end\"><\/span><\/h2>\n\n\n\n<p>Le diagnostic du pied creux ne repose pas uniquement sur le fait de \u201cvoir une arche haute\u201d. Une vo\u00fbte plantaire marqu\u00e9e peut \u00eatre bien tol\u00e9r\u00e9e chez certaines personnes et tr\u00e8s probl\u00e9matique chez d\u2019autres. L\u2019objectif de l\u2019\u00e9valuation est donc double : <strong>confirmer la morphologie<\/strong> du pied et <strong>comprendre son impact fonctionnel<\/strong>.<\/p>\n\n\n\n<p>Autrement dit, on ne cherche pas seulement \u00e0 savoir si le pied est creux, mais comment il bouge, comment il supporte les charges et pourquoi il devient douloureux ou instable.<\/p>\n\n\n\n<p>Le diagnostic commence par l\u2019histoire clinique. Plusieurs questions orientent l\u2019examen :<\/p>\n\n\n\n<ul class=\"wp-block-list\">\n<li>Depuis quand la forme du pied est-elle pr\u00e9sente ?<\/li>\n\n\n\n<li>Les douleurs sont-elles r\u00e9centes ou anciennes ?<\/li>\n\n\n\n<li>Y a-t-il des entorses r\u00e9p\u00e9t\u00e9es ?<\/li>\n\n\n\n<li>Les sympt\u00f4mes augmentent-ils avec le sport ou la marche ?<\/li>\n\n\n\n<li>D\u2019autres membres de la famille ont-ils le m\u00eame type de pied ?<\/li>\n\n\n\n<li>Y a-t-il faiblesse, chutes ou troubles neurologiques ?<\/li>\n\n\n\n<li>Une blessure ant\u00e9rieure a-t-elle pr\u00e9c\u00e9d\u00e9 les sympt\u00f4mes ?<\/li>\n<\/ul>\n\n\n\n<p>Ces informations aident souvent \u00e0 distinguer un pied creux stable d\u2019un pied creux \u00e9volutif.<\/p>\n\n\n\n<p>L\u2019examen clinique observe ensuite plusieurs \u00e9l\u00e9ments :<\/p>\n\n\n\n<ul class=\"wp-block-list\">\n<li>hauteur de la vo\u00fbte plantaire<\/li>\n\n\n\n<li>souplesse ou rigidit\u00e9 du pied<\/li>\n\n\n\n<li>alignement du talon<\/li>\n\n\n\n<li>position des orteils<\/li>\n\n\n\n<li>callosit\u00e9s et zones de surcharge<\/li>\n\n\n\n<li>mobilit\u00e9 de cheville<\/li>\n\n\n\n<li>\u00e9quilibre<\/li>\n\n\n\n<li>stabilit\u00e9 lat\u00e9rale<\/li>\n\n\n\n<li>force musculaire<\/li>\n\n\n\n<li>marche et course si n\u00e9cessaire<\/li>\n<\/ul>\n\n\n\n<p>Le praticien peut aussi analyser les chaussures us\u00e9es, la mani\u00e8re de se tenir debout ou la strat\u00e9gie d\u2019appui lors de la marche.<\/p>\n\n\n\n<p>Un point essentiel consiste \u00e0 d\u00e9terminer si le pied est <strong>flexible<\/strong> ou <strong>rigide<\/strong>. Un pied flexible change sous la charge ou avec certaines man\u0153uvres. Un pied rigide reste fix\u00e9 dans sa forme. Cette distinction influence souvent le traitement.<\/p>\n\n\n\n<h3 class=\"wp-block-heading\"><span class=\"ez-toc-section\" id=\"Quand_limagerie_devient_utile\"><\/span><strong>Quand l\u2019imagerie devient utile<\/strong><span class=\"ez-toc-section-end\"><\/span><\/h3>\n\n\n\n<p>L\u2019imagerie n\u2019est pas toujours n\u00e9cessaire, mais elle peut \u00eatre pertinente selon les sympt\u00f4mes ou la complexit\u00e9 du cas.<\/p>\n\n\n\n<h3 class=\"wp-block-heading\"><span class=\"ez-toc-section\" id=\"Radiographie\"><\/span><strong>Radiographie<\/strong><span class=\"ez-toc-section-end\"><\/span><\/h3>\n\n\n\n<p>Souvent utilis\u00e9e pour :<\/p>\n\n\n\n<ul class=\"wp-block-list\">\n<li>analyser l\u2019architecture osseuse<\/li>\n\n\n\n<li>mesurer certains angles<\/li>\n\n\n\n<li>rechercher arthrose ou d\u00e9formation associ\u00e9e<\/li>\n\n\n\n<li>pr\u00e9parer une \u00e9ventuelle chirurgie<\/li>\n<\/ul>\n\n\n\n<h3 class=\"wp-block-heading\"><span class=\"ez-toc-section\" id=\"Echographie\"><\/span><strong>\u00c9chographie<\/strong><span class=\"ez-toc-section-end\"><\/span><\/h3>\n\n\n\n<p>Peut aider \u00e0 examiner :<\/p>\n\n\n\n<ul class=\"wp-block-list\">\n<li>tendons douloureux<\/li>\n\n\n\n<li>fascia plantaire<\/li>\n\n\n\n<li>bursites<\/li>\n\n\n\n<li>irritation locale des tissus mous<\/li>\n<\/ul>\n\n\n\n<h3 class=\"wp-block-heading\"><span class=\"ez-toc-section\" id=\"IRM\"><\/span><strong>IRM<\/strong><span class=\"ez-toc-section-end\"><\/span><\/h3>\n\n\n\n<p>Plus utile dans certains cas cibl\u00e9s :<\/p>\n\n\n\n<ul class=\"wp-block-list\">\n<li>douleur inexpliqu\u00e9e persistante<\/li>\n\n\n\n<li>suspicion de fracture de stress<\/li>\n\n\n\n<li>atteinte tendineuse complexe<\/li>\n\n\n\n<li>structures profondes<\/li>\n<\/ul>\n\n\n\n<h3 class=\"wp-block-heading\"><span class=\"ez-toc-section\" id=\"Examens_neurologiques_complementaires\"><\/span><strong>Examens neurologiques compl\u00e9mentaires<\/strong><span class=\"ez-toc-section-end\"><\/span><\/h3>\n\n\n\n<p>En pr\u00e9sence de faiblesse, asym\u00e9trie marqu\u00e9e ou progression rapide, un m\u00e9decin peut demander d\u2019autres investigations.<\/p>\n\n\n\n<p>Le diagnostic diff\u00e9rentiel est \u00e9galement important, car d\u2019autres probl\u00e8mes peuvent mimer ou accompagner un pied creux :<\/p>\n\n\n\n<ul class=\"wp-block-list\">\n<li>m\u00e9tatarsalgie isol\u00e9e<\/li>\n\n\n\n<li>fasciite plantaire<\/li>\n\n\n\n<li>instabilit\u00e9 de cheville<\/li>\n\n\n\n<li>neuropathie<\/li>\n\n\n\n<li>orteils en marteau sans pied creux marqu\u00e9<\/li>\n\n\n\n<li>s\u00e9quelles traumatiques<\/li>\n<\/ul>\n\n\n\n<p>Ce qu\u2019il faut retenir : diagnostiquer un pied creux ne consiste pas seulement \u00e0 regarder la forme du pied. Il faut comprendre l\u2019histoire, la fonction, la souplesse, la marche et parfois utiliser l\u2019imagerie pour voir plus loin que l\u2019arche plantaire.<\/p>\n\n\n\n<h2 class=\"wp-block-heading\"><span class=\"ez-toc-section\" id=\"Comment_se_fait_le_diagnostic_Examen_clinique_et_imagerie-2\"><\/span><strong>Comment se fait le diagnostic ? Examen clinique et imagerie<\/strong><span class=\"ez-toc-section-end\"><\/span><\/h2>\n\n\n\n<p>Le diagnostic du pied creux ne repose pas seulement sur l\u2019observation d\u2019une vo\u00fbte plantaire \u00e9lev\u00e9e. Certaines personnes pr\u00e9sentent une arche tr\u00e8s marqu\u00e9e sans aucune g\u00eane, tandis que d\u2019autres d\u00e9veloppent douleurs, instabilit\u00e9 ou fatigue importante. L\u2019objectif de l\u2019\u00e9valuation est donc de comprendre non seulement la forme du pied, mais aussi son fonctionnement r\u00e9el dans la vie quotidienne.<\/p>\n\n\n\n<p>La premi\u00e8re \u00e9tape est l\u2019histoire clinique. Le professionnel cherche \u00e0 savoir depuis quand la forme du pied est pr\u00e9sente, si les sympt\u00f4mes sont r\u00e9cents ou anciens, s\u2019il existe des entorses r\u00e9p\u00e9t\u00e9es, des douleurs \u00e0 la marche, une aggravation avec le sport, des ant\u00e9c\u00e9dents familiaux similaires ou encore des signes de faiblesse et d\u2019\u00e9quilibre alt\u00e9r\u00e9. Une ancienne blessure ou une chirurgie pass\u00e9e peut aussi orienter l\u2019analyse.<\/p>\n\n\n\n<p>L\u2019examen physique permet ensuite d\u2019observer plusieurs \u00e9l\u00e9ments essentiels :<\/p>\n\n\n\n<ul class=\"wp-block-list\">\n<li>hauteur de la vo\u00fbte plantaire<\/li>\n\n\n\n<li>rigidit\u00e9 ou souplesse du pied<\/li>\n\n\n\n<li>position du talon<\/li>\n\n\n\n<li>appuis plantaires<\/li>\n\n\n\n<li>pr\u00e9sence de callosit\u00e9s<\/li>\n\n\n\n<li>d\u00e9formation des orteils<\/li>\n\n\n\n<li>mobilit\u00e9 de cheville<\/li>\n\n\n\n<li>force musculaire<\/li>\n\n\n\n<li>\u00e9quilibre<\/li>\n\n\n\n<li>stabilit\u00e9 lat\u00e9rale<\/li>\n\n\n\n<li>qualit\u00e9 de la marche<\/li>\n<\/ul>\n\n\n\n<p>Le praticien peut \u00e9galement regarder l\u2019usure des chaussures, la posture debout et la fa\u00e7on dont le pied r\u00e9agit lors de la mise en charge.<\/p>\n\n\n\n<p>Un point particuli\u00e8rement important consiste \u00e0 d\u00e9terminer si le pied est&nbsp;<strong>flexible<\/strong>&nbsp;ou&nbsp;<strong>rigide<\/strong>. Un pied flexible modifie sa forme sous la charge ou lors de certaines man\u0153uvres. Un pied rigide reste fix\u00e9 dans sa posture. Cette distinction influence souvent les options de traitement.<\/p>\n\n\n\n<p>L\u2019imagerie n\u2019est pas syst\u00e9matique, mais elle peut \u00eatre utile selon la situation. Les radiographies servent souvent \u00e0 analyser la structure osseuse, certaines d\u00e9formations associ\u00e9es ou des signes d\u2019usure articulaire. Elles peuvent aussi \u00eatre demand\u00e9es lorsqu\u2019une chirurgie est envisag\u00e9e.<\/p>\n\n\n\n<p>L\u2019\u00e9chographie peut aider \u00e0 examiner des tissus mous douloureux, comme certains tendons, le fascia plantaire ou une bursite locale.<\/p>\n\n\n\n<p>L\u2019IRM est r\u00e9serv\u00e9e \u00e0 des cas plus cibl\u00e9s, par exemple une douleur persistante difficile \u00e0 expliquer, une suspicion de fracture de stress ou une atteinte tendineuse plus complexe.<\/p>\n\n\n\n<p>Lorsque le pied creux s\u2019accompagne de faiblesse musculaire, d\u2019asym\u00e9trie importante, de progression rapide ou de troubles de l\u2019\u00e9quilibre, une investigation neurologique peut \u00eatre n\u00e9cessaire selon l\u2019avis m\u00e9dical.<\/p>\n\n\n\n<p>Le diagnostic inclut aussi ce qu\u2019on appelle le diagnostic diff\u00e9rentiel, c\u2019est-\u00e0-dire v\u00e9rifier si d\u2019autres probl\u00e8mes expliquent les sympt\u00f4mes ou coexistent avec le pied creux :<\/p>\n\n\n\n<ul class=\"wp-block-list\">\n<li>m\u00e9tatarsalgie<\/li>\n\n\n\n<li>fasciite plantaire<\/li>\n\n\n\n<li>instabilit\u00e9 de cheville<\/li>\n\n\n\n<li>neuropathie<\/li>\n\n\n\n<li>s\u00e9quelles traumatiques<\/li>\n\n\n\n<li>orteils en marteau isol\u00e9s<\/li>\n<\/ul>\n\n\n\n<p>Ce qu\u2019il faut retenir : diagnostiquer un pied creux ne consiste pas simplement \u00e0 regarder une arche plantaire. Il s\u2019agit de comprendre l\u2019histoire du pied, sa mobilit\u00e9, la marche, les douleurs associ\u00e9es et, si n\u00e9cessaire, d\u2019utiliser l\u2019imagerie pour pr\u00e9ciser la situation.<\/p>\n\n\n\n<h2 class=\"wp-block-heading\"><span class=\"ez-toc-section\" id=\"Questionnaire_sur_le_diagnostic_du_pied_creux\"><\/span><strong>Questionnaire sur le diagnostic du pied creux<\/strong><span class=\"ez-toc-section-end\"><\/span><\/h2>\n\n\n\n<p>R\u00e9pondez aux questions suivantes pour mieux orienter l\u2019\u00e9valuation d\u2019un possible pied creux. Ce questionnaire ne remplace pas un diagnostic professionnel, mais peut aider \u00e0 rep\u00e9rer des \u00e9l\u00e9ments importants.<\/p>\n\n\n\n<div data-wp-interactive=\"core\/file\" class=\"wp-block-file\"><object data-wp-bind--hidden=\"!state.hasPdfPreview\" hidden class=\"wp-block-file__embed\" data=\"https:\/\/osteomag.ca\/wp-content\/uploads\/2021\/01\/questionnaire_pied_creux.pdf\" type=\"application\/pdf\" style=\"width:100%;height:600px\" aria-label=\"Contenu embarqu\u00e9 questionnaire_pied_creux.\"><\/object><a id=\"wp-block-file--media-a689b74c-ccb8-4bdf-9162-4dba93ef96ff\" href=\"https:\/\/osteomag.ca\/wp-content\/uploads\/2021\/01\/questionnaire_pied_creux.pdf\">questionnaire_pied_creux<\/a><a href=\"https:\/\/osteomag.ca\/wp-content\/uploads\/2021\/01\/questionnaire_pied_creux.pdf\" class=\"wp-block-file__button wp-element-button\" download aria-describedby=\"wp-block-file--media-a689b74c-ccb8-4bdf-9162-4dba93ef96ff\">T\u00e9l\u00e9charger<\/a><\/div>\n\n\n\n<figure class=\"wp-block-table\"><table class=\"has-fixed-layout\"><thead><tr><th><strong>Question<\/strong><\/th><th><strong>Oui<\/strong><\/th><th><strong>Non<\/strong><\/th><\/tr><\/thead><tbody><tr><td>Votre vo\u00fbte plantaire semble-t-elle tr\u00e8s haute lorsque vous \u00eates debout ?<\/td><td>\u2610<\/td><td>\u2610<\/td><\/tr><tr><td>Le milieu du pied touche-t-il peu le sol sur votre empreinte ?<\/td><td>\u2610<\/td><td>\u2610<\/td><\/tr><tr><td>Ressentez-vous des douleurs sous l\u2019avant-pied ?<\/td><td>\u2610<\/td><td>\u2610<\/td><\/tr><tr><td>Avez-vous souvent mal au talon apr\u00e8s la marche ?<\/td><td>\u2610<\/td><td>\u2610<\/td><\/tr><tr><td>Faites-vous des entorses de cheville \u00e0 r\u00e9p\u00e9tition ?<\/td><td>\u2610<\/td><td>\u2610<\/td><\/tr><tr><td>Avez-vous une sensation de cheville instable ?<\/td><td>\u2610<\/td><td>\u2610<\/td><\/tr><tr><td>Vos pieds fatiguent-ils rapidement lorsque vous marchez ?<\/td><td>\u2610<\/td><td>\u2610<\/td><\/tr><tr><td>Avez-vous des callosit\u00e9s sous l\u2019avant-pied ?<\/td><td>\u2610<\/td><td>\u2610<\/td><\/tr><tr><td>Vos orteils se recroquevillent-ils ou se d\u00e9forment-ils ?<\/td><td>\u2610<\/td><td>\u2610<\/td><\/tr><tr><td>Avez-vous de la difficult\u00e9 \u00e0 trouver des chaussures confortables ?<\/td><td>\u2610<\/td><td>\u2610<\/td><\/tr><tr><td>D\u2019autres membres de votre famille ont-ils les pieds tr\u00e8s creux ?<\/td><td>\u2610<\/td><td>\u2610<\/td><\/tr><tr><td>La forme de votre pied semble-t-elle s\u2019aggraver avec le temps ?<\/td><td>\u2610<\/td><td>\u2610<\/td><\/tr><tr><td>Un pied est-il beaucoup plus creux que l\u2019autre ?<\/td><td>\u2610<\/td><td>\u2610<\/td><\/tr><tr><td>Ressentez-vous une faiblesse musculaire dans les jambes ou les pieds ?<\/td><td>\u2610<\/td><td>\u2610<\/td><\/tr><tr><td>Tombez-vous ou tr\u00e9buchez-vous plus souvent qu\u2019avant ?<\/td><td>\u2610<\/td><td>\u2610<\/td><\/tr><tr><td>Avez-vous des engourdissements ou une perte de sensibilit\u00e9 ?<\/td><td>\u2610<\/td><td>\u2610<\/td><\/tr><tr><td>Vos douleurs montent-elles vers le genou, la hanche ou le dos ?<\/td><td>\u2610<\/td><td>\u2610<\/td><\/tr><tr><td>La marche sur terrain irr\u00e9gulier est-elle difficile ?<\/td><td>\u2610<\/td><td>\u2610<\/td><\/tr><tr><td>Le sport d\u00e9clenche-t-il ou aggrave-t-il vos sympt\u00f4mes ?<\/td><td>\u2610<\/td><td>\u2610<\/td><\/tr><tr><td>Avez-vous d\u00e9j\u00e0 consult\u00e9 pour ce probl\u00e8me sans am\u00e9lioration durable ?<\/td><td>\u2610<\/td><td>\u2610<\/td><\/tr><\/tbody><\/table><\/figure>\n\n\n\n<h2 class=\"wp-block-heading\"><span class=\"ez-toc-section\" id=\"Interpretation_simple\"><\/span><strong>Interpr\u00e9tation simple<\/strong><span class=\"ez-toc-section-end\"><\/span><\/h2>\n\n\n\n<ul class=\"wp-block-list\">\n<li><strong>0 \u00e0 3 oui<\/strong>\u00a0: peu d\u2019indices, surveillance simple.<\/li>\n\n\n\n<li><strong>4 \u00e0 7 oui<\/strong>\u00a0: bilan clinique utile.<\/li>\n\n\n\n<li><strong>8 oui et plus<\/strong>\u00a0: \u00e9valuation recommand\u00e9e.<\/li>\n\n\n\n<li><strong>Oui aux questions faiblesse, asym\u00e9trie, aggravation rapide, chute ou engourdissement<\/strong>\u00a0: bilan m\u00e9dical plus approfondi conseill\u00e9.<\/li>\n<\/ul>\n\n\n\n<h2 class=\"wp-block-heading\"><span class=\"ez-toc-section\" id=\"Diagnostic_differentiel_ce_qui_peut_ressembler_a_un_pied_creux\"><\/span><strong>Diagnostic diff\u00e9rentiel : ce qui peut ressembler \u00e0 un pied creux<\/strong><span class=\"ez-toc-section-end\"><\/span><\/h2>\n\n\n\n<p>Toutes les douleurs d\u2019un pied \u00e0 vo\u00fbte haute ne viennent pas forc\u00e9ment du pied creux lui-m\u00eame. \u00c0 l\u2019inverse, certaines conditions peuvent provoquer des sympt\u00f4mes tr\u00e8s similaires sans qu\u2019un v\u00e9ritable pied creux structurel soit pr\u00e9sent. C\u2019est pourquoi le diagnostic diff\u00e9rentiel est essentiel : il permet de distinguer la forme du pied, les probl\u00e8mes qui l\u2019accompagnent et les autres causes possibles de douleur.<\/p>\n\n\n\n<p>Le but n\u2019est pas de coller une \u00e9tiquette trop vite, mais de comprendre ce qui explique r\u00e9ellement les sympt\u00f4mes.<\/p>\n\n\n\n<p>La premi\u00e8re situation fr\u00e9quente est la&nbsp;<strong>m\u00e9tatarsalgie<\/strong>. Il s\u2019agit d\u2019une douleur sous l\u2019avant-pied, souvent ressentie comme une br\u00fblure ou la sensation de marcher sur un caillou. Elle est fr\u00e9quente chez les personnes ayant un pied creux, mais peut aussi survenir chez quelqu\u2019un sans vo\u00fbte \u00e9lev\u00e9e, simplement en raison de surcharge, de chaussures inad\u00e9quates ou d\u2019activit\u00e9 r\u00e9p\u00e9titive.<\/p>\n\n\n\n<p>La&nbsp;<strong>fasciite plantaire<\/strong>&nbsp;peut \u00e9galement pr\u00eater \u00e0 confusion. Une douleur sous le talon ou sous la vo\u00fbte peut faire croire que le pied creux est la seule cause, alors qu\u2019une irritation du fascia plantaire peut \u00eatre le vrai probl\u00e8me principal ou un trouble associ\u00e9.<\/p>\n\n\n\n<p>L\u2019<strong>instabilit\u00e9 chronique de cheville<\/strong>&nbsp;est une autre possibilit\u00e9. Certaines personnes consultent pour entorses r\u00e9p\u00e9t\u00e9es et douleur lat\u00e9rale. Le pied creux peut favoriser cette instabilit\u00e9, mais parfois la cause dominante est ligamentaire ou proprioceptive apr\u00e8s plusieurs traumatismes.<\/p>\n\n\n\n<p>Les&nbsp;<strong>orteils en marteau ou en griffe<\/strong>&nbsp;peuvent exister avec ou sans pied creux marqu\u00e9. Si l\u2019on regarde uniquement les orteils sans analyser la m\u00e9canique globale, on risque de manquer l\u2019origine r\u00e9elle du probl\u00e8me.<\/p>\n\n\n\n<p>Certaines&nbsp;<strong>s\u00e9quelles traumatiques<\/strong>&nbsp;peuvent aussi modifier l\u2019appui du pied :<\/p>\n\n\n\n<ul class=\"wp-block-list\">\n<li>ancienne fracture<\/li>\n\n\n\n<li>entorse mal r\u00e9cup\u00e9r\u00e9e<\/li>\n\n\n\n<li>chirurgie ant\u00e9rieure<\/li>\n\n\n\n<li>douleur chronique post-traumatique<\/li>\n<\/ul>\n\n\n\n<p>Dans ces cas, le pied peut sembler plus creux ou fonctionner comme tel sans que la structure initiale soit en cause.<\/p>\n\n\n\n<p>Les&nbsp;<strong>neuropathies p\u00e9riph\u00e9riques<\/strong>&nbsp;ou troubles neurologiques doivent \u00eatre \u00e9voqu\u00e9s surtout si l\u2019on retrouve :<\/p>\n\n\n\n<ul class=\"wp-block-list\">\n<li>faiblesse musculaire<\/li>\n\n\n\n<li>perte de sensibilit\u00e9<\/li>\n\n\n\n<li>progression rapide<\/li>\n\n\n\n<li>asym\u00e9trie marqu\u00e9e<\/li>\n\n\n\n<li>troubles de l\u2019\u00e9quilibre<\/li>\n<\/ul>\n\n\n\n<p>Parfois, le pied creux visible n\u2019est alors qu\u2019un signe parmi d\u2019autres.<\/p>\n\n\n\n<p>D\u2019autres situations peuvent contribuer aux sympt\u00f4mes :<\/p>\n\n\n\n<ul class=\"wp-block-list\">\n<li>tendinopathie des fibulaires<\/li>\n\n\n\n<li>bursite<\/li>\n\n\n\n<li>n\u00e9vrome de Morton<\/li>\n\n\n\n<li>fracture de stress<\/li>\n\n\n\n<li>arthrose de l\u2019avant-pied<\/li>\n\n\n\n<li>surcharge sportive<\/li>\n<\/ul>\n\n\n\n<p>Le r\u00f4le de l\u2019examen clinique est donc de r\u00e9pondre \u00e0 plusieurs questions :<\/p>\n\n\n\n<ul class=\"wp-block-list\">\n<li>la douleur vient-elle de la structure du pied ou d\u2019un tissu irrit\u00e9 ?<\/li>\n\n\n\n<li>le pied creux est-il la cause principale ou un facteur secondaire ?<\/li>\n\n\n\n<li>y a-t-il une autre condition \u00e0 traiter en priorit\u00e9 ?<\/li>\n\n\n\n<li>le probl\u00e8me est-il m\u00e9canique, inflammatoire, neurologique ou mixte ?<\/li>\n<\/ul>\n\n\n\n<p>Ce qu\u2019il faut retenir : un pied creux peut expliquer certains sympt\u00f4mes, mais il ne faut jamais supposer qu\u2019il explique tout. La bonne prise en charge commence souvent quand on distingue&nbsp;<strong>la forme du pied<\/strong>,&nbsp;<strong>la fonction du pied<\/strong>&nbsp;et&nbsp;<strong>la vraie source de la douleur<\/strong>.<\/p>\n\n\n\n<h2 class=\"wp-block-heading\"><span class=\"ez-toc-section\" id=\"Semelles_orthopediques_utiles_ou_non\"><\/span><strong>Semelles orthop\u00e9diques : utiles ou non ?<\/strong><span class=\"ez-toc-section-end\"><\/span><\/h2>\n\n\n\n<p>La question revient souvent : faut-il porter des semelles lorsqu\u2019on a un pied creux ? La r\u00e9ponse la plus juste est&nbsp;<strong>parfois oui, mais pas automatiquement<\/strong>. Les semelles orthop\u00e9diques peuvent \u00eatre tr\u00e8s utiles chez certaines personnes, peu utiles chez d\u2019autres, et insuffisantes si elles sont utilis\u00e9es seules sans corriger les autres facteurs du probl\u00e8me.<\/p>\n\n\n\n<p>Le pied creux pr\u00e9sente souvent une r\u00e9partition des charges moins homog\u00e8ne. Certaines zones, comme le talon ou l\u2019avant-pied, absorbent davantage de pression. Une semelle bien con\u00e7ue peut aider \u00e0 redistribuer ces contraintes et am\u00e9liorer le confort.<\/p>\n\n\n\n<p>Les objectifs possibles d\u2019une semelle sont :<\/p>\n\n\n\n<ul class=\"wp-block-list\">\n<li>diminuer les points de pression<\/li>\n\n\n\n<li>amortir les impacts<\/li>\n\n\n\n<li>am\u00e9liorer la stabilit\u00e9<\/li>\n\n\n\n<li>soutenir certaines zones du pied<\/li>\n\n\n\n<li>r\u00e9duire la fatigue \u00e0 la marche<\/li>\n\n\n\n<li>prot\u00e9ger l\u2019avant-pied douloureux<\/li>\n\n\n\n<li>limiter certaines compensations<\/li>\n<\/ul>\n\n\n\n<p>Chez une personne souffrant de br\u00fblure sous les m\u00e9tatarsiens ou de fatigue plantaire rapide, cela peut faire une vraie diff\u00e9rence.<\/p>\n\n\n\n<p>Cependant, toutes les semelles ne se valent pas. Une semelle trop rigide, mal adapt\u00e9e ou simplement achet\u00e9e sans \u00e9valuation peut parfois aggraver l\u2019inconfort. Le pied creux n\u2019a pas toujours besoin d\u2019\u00eatre \u201cbloqu\u00e9\u201d davantage. Chez certains patients, il faut surtout mieux r\u00e9partir les pressions, pas rigidifier encore plus le syst\u00e8me.<\/p>\n\n\n\n<p>Le type de semelle d\u00e9pend du tableau clinique :<\/p>\n\n\n\n<ul class=\"wp-block-list\">\n<li>priorit\u00e9 \u00e0 l\u2019amorti<\/li>\n\n\n\n<li>d\u00e9charge de l\u2019avant-pied<\/li>\n\n\n\n<li>soutien lat\u00e9ral<\/li>\n\n\n\n<li>meilleure stabilit\u00e9 globale<\/li>\n\n\n\n<li>adaptation sportive<\/li>\n\n\n\n<li>confort quotidien<\/li>\n<\/ul>\n\n\n\n<p>Une semelle pour courir n\u2019est pas forc\u00e9ment la m\u00eame qu\u2019une semelle pour travailler debout toute la journ\u00e9e.<\/p>\n\n\n\n<p>Il est aussi important de comprendre qu\u2019une semelle ne remplace pas :<\/p>\n\n\n\n<ul class=\"wp-block-list\">\n<li>le renforcement musculaire<\/li>\n\n\n\n<li>le travail d\u2019\u00e9quilibre<\/li>\n\n\n\n<li>des chaussures adapt\u00e9es<\/li>\n\n\n\n<li>la mobilit\u00e9 utile<\/li>\n\n\n\n<li>la gestion des charges d\u2019activit\u00e9<\/li>\n\n\n\n<li>le traitement d\u2019une blessure associ\u00e9e<\/li>\n<\/ul>\n\n\n\n<p>Elle peut \u00eatre un outil, pas la solution unique.<\/p>\n\n\n\n<p>Certaines personnes n\u2019en ont pas besoin du tout. Si le pied est asymptomatique, stable et bien tol\u00e9r\u00e9, porter des semelles par principe n\u2019est pas toujours n\u00e9cessaire.<\/p>\n\n\n\n<p>Quelques signes sugg\u00e9rant qu\u2019elles pourraient \u00eatre utiles :<\/p>\n\n\n\n<ul class=\"wp-block-list\">\n<li>douleur sous l\u2019avant-pied<\/li>\n\n\n\n<li>fatigue rapide \u00e0 la marche<\/li>\n\n\n\n<li>inconfort prolong\u00e9 debout<\/li>\n\n\n\n<li>callosit\u00e9s douloureuses<\/li>\n\n\n\n<li>instabilit\u00e9 mod\u00e9r\u00e9e<\/li>\n\n\n\n<li>r\u00e9cidive de surcharge \u00e0 l\u2019effort<\/li>\n<\/ul>\n\n\n\n<p>L\u2019adaptation compte aussi \u00e9norm\u00e9ment. M\u00eame une bonne semelle demande parfois une p\u00e9riode progressive d\u2019utilisation.<\/p>\n\n\n\n<h2 class=\"wp-block-heading\"><span class=\"ez-toc-section\" id=\"Exercices_pour_le_pied_creux\"><\/span><strong>Exercices pour le pied creux<\/strong><span class=\"ez-toc-section-end\"><\/span><\/h2>\n\n\n\n<p>Les exercices peuvent aider \u00e0 r\u00e9duire la douleur, am\u00e9liorer la stabilit\u00e9 et rendre le pied plus fonctionnel. Ils ne changent pas toujours la forme du pied, mais am\u00e9liorent sa capacit\u00e9 \u00e0 g\u00e9rer les charges du quotidien.<\/p>\n\n\n\n<p>Une pratique r\u00e9guli\u00e8re, progressive et sans douleur excessive donne souvent les meilleurs r\u00e9sultats.<\/p>\n\n\n\n<h3 class=\"wp-block-heading\"><span class=\"ez-toc-section\" id=\"1_Etirement_du_mollet\"><\/span><strong>1. \u00c9tirement du mollet<\/strong><span class=\"ez-toc-section-end\"><\/span><\/h3>\n\n\n\n<p>Face \u00e0 un mur, placez une jambe derri\u00e8re. Gardez le talon au sol et avancez le bassin.<\/p>\n\n\n\n<ul class=\"wp-block-list\">\n<li>Tenir 20 \u00e0 30 secondes<\/li>\n\n\n\n<li>3 r\u00e9p\u00e9titions par c\u00f4t\u00e9<\/li>\n<\/ul>\n\n\n\n<h3 class=\"wp-block-heading\"><span class=\"ez-toc-section\" id=\"2_Mobilite_de_cheville\"><\/span><strong>2. Mobilit\u00e9 de cheville<\/strong><span class=\"ez-toc-section-end\"><\/span><\/h3>\n\n\n\n<p>Debout face au mur, avancez le genou vers le mur sans d\u00e9coller le talon.<\/p>\n\n\n\n<ul class=\"wp-block-list\">\n<li>10 r\u00e9p\u00e9titions<\/li>\n\n\n\n<li>2 s\u00e9ries<\/li>\n<\/ul>\n\n\n\n<h3 class=\"wp-block-heading\"><span class=\"ez-toc-section\" id=\"3_Serviette_avec_les_orteils\"><\/span><strong>3. Serviette avec les orteils<\/strong><span class=\"ez-toc-section-end\"><\/span><\/h3>\n\n\n\n<p>Assis, froissez une serviette au sol avec les orteils.<\/p>\n\n\n\n<ul class=\"wp-block-list\">\n<li>30 secondes<\/li>\n\n\n\n<li>2 s\u00e9ries par pied<\/li>\n<\/ul>\n\n\n\n<h3 class=\"wp-block-heading\"><span class=\"ez-toc-section\" id=\"4_Relever_larche\"><\/span><strong>4. Relever l\u2019arche<\/strong><span class=\"ez-toc-section-end\"><\/span><\/h3>\n\n\n\n<p>Assis ou debout, soulevez l\u00e9g\u00e8rement la vo\u00fbte sans crisper les orteils.<\/p>\n\n\n\n<ul class=\"wp-block-list\">\n<li>Tenir 5 secondes<\/li>\n\n\n\n<li>10 r\u00e9p\u00e9titions<\/li>\n<\/ul>\n\n\n\n<h3 class=\"wp-block-heading\"><span class=\"ez-toc-section\" id=\"5_Equilibre_sur_un_pied\"><\/span><strong>5. \u00c9quilibre sur un pied<\/strong><span class=\"ez-toc-section-end\"><\/span><\/h3>\n\n\n\n<p>Tenez-vous sur un pied, pr\u00e8s d\u2019un support si besoin.<\/p>\n\n\n\n<ul class=\"wp-block-list\">\n<li>20 \u00e0 30 secondes<\/li>\n\n\n\n<li>3 r\u00e9p\u00e9titions<\/li>\n<\/ul>\n\n\n\n<h3 class=\"wp-block-heading\"><span class=\"ez-toc-section\" id=\"6_Pointe_des_pieds\"><\/span><strong>6. Pointe des pieds<\/strong><span class=\"ez-toc-section-end\"><\/span><\/h3>\n\n\n\n<p>Montez sur les pointes puis redescendez lentement.<\/p>\n\n\n\n<ul class=\"wp-block-list\">\n<li>10 \u00e0 15 r\u00e9p\u00e9titions<\/li>\n\n\n\n<li>2 s\u00e9ries<\/li>\n<\/ul>\n\n\n\n<h3 class=\"wp-block-heading\"><span class=\"ez-toc-section\" id=\"7_Pont_fessier\"><\/span><strong>7. Pont fessier<\/strong><span class=\"ez-toc-section-end\"><\/span><\/h3>\n\n\n\n<p>Allong\u00e9 sur le dos, soulevez le bassin puis redescendez.<\/p>\n\n\n\n<ul class=\"wp-block-list\">\n<li>12 r\u00e9p\u00e9titions<\/li>\n\n\n\n<li>2 s\u00e9ries<\/li>\n<\/ul>\n\n\n\n<h3 class=\"wp-block-heading\"><span class=\"ez-toc-section\" id=\"8_Massage_avec_balle\"><\/span><strong>8. Massage avec balle<\/strong><span class=\"ez-toc-section-end\"><\/span><\/h3>\n\n\n\n<p>Roulez une balle souple sous le pied.<\/p>\n\n\n\n<ul class=\"wp-block-list\">\n<li>1 minute par pied<\/li>\n<\/ul>\n\n\n\n<h3 class=\"wp-block-heading\"><span class=\"ez-toc-section\" id=\"Conseils\"><\/span><strong>Conseils<\/strong><span class=\"ez-toc-section-end\"><\/span><\/h3>\n\n\n\n<ul class=\"wp-block-list\">\n<li>Faire les exercices 3 \u00e0 5 fois par semaine<\/li>\n\n\n\n<li>Progresser graduellement<\/li>\n\n\n\n<li>\u00c9viter la douleur vive<\/li>\n\n\n\n<li>Miser sur la r\u00e9gularit\u00e9<\/li>\n<\/ul>\n\n\n\n<h2 class=\"wp-block-heading\"><span class=\"ez-toc-section\" id=\"Chaussures_recommandees_en_cas_de_pied_creux\"><\/span><strong>Chaussures recommand\u00e9es en cas de pied creux<\/strong><span class=\"ez-toc-section-end\"><\/span><\/h2>\n\n\n\n<p>Le choix des chaussures peut faire une grande diff\u00e9rence lorsqu\u2019on a un pied creux. Une bonne chaussure ne \u201ccorrige\u201d pas n\u00e9cessairement la forme du pied, mais elle peut am\u00e9liorer le confort, r\u00e9duire les points de pression et offrir une meilleure stabilit\u00e9 au quotidien.<\/p>\n\n\n\n<p>Comme le pied creux absorbe parfois moins bien les impacts et concentre davantage les charges sur certaines zones, la chaussure id\u00e9ale cherche surtout \u00e0 mieux r\u00e9partir ces contraintes.<\/p>\n\n\n\n<h3 class=\"wp-block-heading\"><span class=\"ez-toc-section\" id=\"Caracteristiques_recherchees\"><\/span><strong>Caract\u00e9ristiques recherch\u00e9es<\/strong><span class=\"ez-toc-section-end\"><\/span><\/h3>\n\n\n\n<p>Une chaussure utile en cas de pied creux pr\u00e9sente souvent :<\/p>\n\n\n\n<ul class=\"wp-block-list\">\n<li>bon amorti au talon et \u00e0 l\u2019avant-pied<\/li>\n\n\n\n<li>semelle interm\u00e9diaire confortable<\/li>\n\n\n\n<li>stabilit\u00e9 lat\u00e9rale correcte<\/li>\n\n\n\n<li>espace suffisant pour les orteils<\/li>\n\n\n\n<li>tige confortable sans points de friction<\/li>\n\n\n\n<li>maintien du talon<\/li>\n\n\n\n<li>largeur adapt\u00e9e au pied<\/li>\n\n\n\n<li>semelle amovible si orth\u00e8se n\u00e9cessaire<\/li>\n<\/ul>\n\n\n\n<p>Le confort r\u00e9el reste plus important que la marque.<\/p>\n\n\n\n<h3 class=\"wp-block-heading\"><span class=\"ez-toc-section\" id=\"Ce_quil_vaut_mieux_eviter\"><\/span><strong>Ce qu\u2019il vaut mieux \u00e9viter<\/strong><span class=\"ez-toc-section-end\"><\/span><\/h3>\n\n\n\n<p>Certaines chaussures aggravent les sympt\u00f4mes chez plusieurs personnes :<\/p>\n\n\n\n<ul class=\"wp-block-list\">\n<li>talons hauts fr\u00e9quents<\/li>\n\n\n\n<li>chaussures tr\u00e8s rigides<\/li>\n\n\n\n<li>mod\u00e8les trop \u00e9troits<\/li>\n\n\n\n<li>semelles tr\u00e8s minces<\/li>\n\n\n\n<li>chaussures us\u00e9es<\/li>\n\n\n\n<li>maintien lat\u00e9ral insuffisant<\/li>\n<\/ul>\n\n\n\n<p>Si la chaussure force le pied \u00e0 se comprimer ou accentue les points de pression, la douleur appara\u00eet souvent plus vite.<\/p>\n\n\n\n<h3 class=\"wp-block-heading\"><span class=\"ez-toc-section\" id=\"Selon_lactivite\"><\/span><strong>Selon l\u2019activit\u00e9<\/strong><span class=\"ez-toc-section-end\"><\/span><\/h3>\n\n\n\n<p>Le meilleur choix d\u00e9pend aussi du contexte :<\/p>\n\n\n\n<ul class=\"wp-block-list\">\n<li>marche quotidienne : confort + amorti<\/li>\n\n\n\n<li>travail debout : soutien prolong\u00e9<\/li>\n\n\n\n<li>sport : stabilit\u00e9 + retour d\u2019\u00e9nergie adapt\u00e9<\/li>\n\n\n\n<li>maison : \u00e9viter les surfaces dures prolong\u00e9es pieds nus si douloureux<\/li>\n\n\n\n<li>randonn\u00e9e : maintien + protection + espace avant-pied<\/li>\n<\/ul>\n\n\n\n<h3 class=\"wp-block-heading\"><span class=\"ez-toc-section\" id=\"Et_les_chaussures_minimalistes\"><\/span><strong>Et les chaussures minimalistes ?<\/strong><span class=\"ez-toc-section-end\"><\/span><\/h3>\n\n\n\n<p>Elles conviennent \u00e0 certaines personnes, mais pas \u00e0 toutes. En pr\u00e9sence de douleur, rigidit\u00e9 importante ou surcharge de l\u2019avant-pied, elles peuvent \u00eatre mal tol\u00e9r\u00e9es. Une transition graduelle est essentielle si on les essaie.<\/p>\n\n\n\n<h3 class=\"wp-block-heading\"><span class=\"ez-toc-section\" id=\"Quand_changer_ses_chaussures\"><\/span><strong>Quand changer ses chaussures ?<\/strong><span class=\"ez-toc-section-end\"><\/span><\/h3>\n\n\n\n<p>M\u00eame un bon mod\u00e8le perd ses qualit\u00e9s avec le temps. Pensez \u00e0 v\u00e9rifier :<\/p>\n\n\n\n<ul class=\"wp-block-list\">\n<li>usure asym\u00e9trique<\/li>\n\n\n\n<li>amorti \u00e9cras\u00e9<\/li>\n\n\n\n<li>talon d\u00e9form\u00e9<\/li>\n\n\n\n<li>inconfort nouveau<\/li>\n\n\n\n<li>semelle instable<\/li>\n<\/ul>\n\n\n\n<h3 class=\"wp-block-heading\"><span class=\"ez-toc-section\" id=\"Lien_avec_les_semelles_orthopediques\"><\/span><strong>Lien avec les semelles orthop\u00e9diques<\/strong><span class=\"ez-toc-section-end\"><\/span><\/h3>\n\n\n\n<p>Si vous portez une orth\u00e8se, choisissez une chaussure assez profonde et stable pour l\u2019accueillir sans comprimer le pied.<\/p>\n\n\n\n<h2 class=\"wp-block-heading\"><span class=\"ez-toc-section\" id=\"Traitements_conservateurs_lapport_de_losteopathie_adaptation_et_soulagement\"><\/span><strong><br>Traitements conservateurs : l\u2019apport de l\u2019ost\u00e9opathie, adaptation et soulagement<\/strong><span class=\"ez-toc-section-end\"><\/span><\/h2>\n\n\n\n<p>La majorit\u00e9 des personnes ayant un pied creux n\u2019ont pas besoin de chirurgie. Dans de nombreux cas, une approche conservatrice bien conduite permet de r\u00e9duire la douleur, d\u2019am\u00e9liorer la stabilit\u00e9 et de retrouver un meilleur confort au quotidien. Dans cette perspective,&nbsp;<strong>l\u2019ost\u00e9opathie peut occuper une place int\u00e9ressante<\/strong>&nbsp;au sein d\u2019une prise en charge globale.<\/p>\n\n\n\n<p>Le but n\u2019est pas seulement de regarder la vo\u00fbte plantaire, mais de comprendre comment le pied fonctionne avec la cheville, le genou, la hanche, le bassin et la posture g\u00e9n\u00e9rale.<\/p>\n\n\n\n<h3 class=\"wp-block-heading\"><span class=\"ez-toc-section\" id=\"Linteret_de_losteopathie\"><\/span><strong>L\u2019int\u00e9r\u00eat de l\u2019ost\u00e9opathie<\/strong><span class=\"ez-toc-section-end\"><\/span><\/h3>\n\n\n\n<p>Le pied creux s\u2019accompagne parfois de rigidit\u00e9, de compensations ou d\u2019une mauvaise r\u00e9partition des contraintes. L\u2019approche ost\u00e9opathique peut chercher \u00e0 am\u00e9liorer la mobilit\u00e9 et la qualit\u00e9 du mouvement dans les zones en relation avec le pied.<\/p>\n\n\n\n<p>Le travail peut concerner :<\/p>\n\n\n\n<ul class=\"wp-block-list\">\n<li>articulations du pied<\/li>\n\n\n\n<li>cheville<\/li>\n\n\n\n<li>mollet<\/li>\n\n\n\n<li>genou<\/li>\n\n\n\n<li>hanche<\/li>\n\n\n\n<li>bassin<\/li>\n\n\n\n<li>\u00e9quilibre postural global<\/li>\n<\/ul>\n\n\n\n<p>L\u2019objectif est souvent de favoriser un appui plus confortable et une meilleure adaptation aux charges quotidiennes.<\/p>\n\n\n\n<h3 class=\"wp-block-heading\"><span class=\"ez-toc-section\" id=\"Approche_manuelle_et_fonctionnelle\"><\/span><strong>Approche manuelle et fonctionnelle<\/strong><span class=\"ez-toc-section-end\"><\/span><\/h3>\n\n\n\n<p>Selon le contexte clinique, le traitement peut viser :<\/p>\n\n\n\n<ul class=\"wp-block-list\">\n<li>diminuer certaines tensions m\u00e9caniques<\/li>\n\n\n\n<li>am\u00e9liorer la mobilit\u00e9 articulaire<\/li>\n\n\n\n<li>soutenir la r\u00e9cup\u00e9ration apr\u00e8s surcharge<\/li>\n\n\n\n<li>optimiser la coordination du membre inf\u00e9rieur<\/li>\n\n\n\n<li>r\u00e9duire certaines compensations ascendantes<\/li>\n<\/ul>\n\n\n\n<p>L\u2019approche reste individualis\u00e9e selon les besoins du patient.<\/p>\n\n\n\n<h3 class=\"wp-block-heading\"><span class=\"ez-toc-section\" id=\"Exercices_et_conseils_personnalises\"><\/span><strong>Exercices et conseils personnalis\u00e9s<\/strong><span class=\"ez-toc-section-end\"><\/span><\/h3>\n\n\n\n<p>L\u2019ost\u00e9opathie s\u2019int\u00e8gre id\u00e9alement avec des recommandations pratiques :<\/p>\n\n\n\n<ul class=\"wp-block-list\">\n<li>exercices adapt\u00e9s<\/li>\n\n\n\n<li>travail d\u2019\u00e9quilibre<\/li>\n\n\n\n<li>mobilit\u00e9 de cheville<\/li>\n\n\n\n<li>renforcement cibl\u00e9<\/li>\n\n\n\n<li>conseils de chaussures<\/li>\n\n\n\n<li>gestion progressive des activit\u00e9s<\/li>\n<\/ul>\n\n\n\n<p>Cette combinaison est souvent plus pertinente qu\u2019un traitement passif seul.<\/p>\n\n\n\n<h3 class=\"wp-block-heading\"><span class=\"ez-toc-section\" id=\"Adaptation_des_chaussures_et_semelles\"><\/span><strong>Adaptation des chaussures et semelles<\/strong><span class=\"ez-toc-section-end\"><\/span><\/h3>\n\n\n\n<p>Lorsque n\u00e9cessaire, des chaussures mieux choisies ou des semelles peuvent compl\u00e9ter la prise en charge pour :<\/p>\n\n\n\n<ul class=\"wp-block-list\">\n<li>r\u00e9duire les points de pression<\/li>\n\n\n\n<li>am\u00e9liorer l\u2019amorti<\/li>\n\n\n\n<li>augmenter la stabilit\u00e9<\/li>\n\n\n\n<li>prot\u00e9ger l\u2019avant-pied<\/li>\n<\/ul>\n\n\n\n<h3 class=\"wp-block-heading\"><span class=\"ez-toc-section\" id=\"Quand_consulter-2\"><\/span><strong>Quand consulter ?<\/strong><span class=\"ez-toc-section-end\"><\/span><\/h3>\n\n\n\n<p>Une \u00e9valuation est utile en cas de :<\/p>\n\n\n\n<ul class=\"wp-block-list\">\n<li>douleur persistante<\/li>\n\n\n\n<li>entorses r\u00e9p\u00e9t\u00e9es<\/li>\n\n\n\n<li>fatigue rapide \u00e0 la marche<\/li>\n\n\n\n<li>g\u00eane sportive<\/li>\n\n\n\n<li>raideur importante<\/li>\n\n\n\n<li>douleurs au genou, \u00e0 la hanche ou au dos associ\u00e9es<\/li>\n<\/ul>\n\n\n\n<h2 class=\"wp-block-heading\"><span class=\"ez-toc-section\" id=\"Quelle_place_pour_losteopathie\"><\/span><strong>Quelle place pour l\u2019ost\u00e9opathie ?<\/strong><span class=\"ez-toc-section-end\"><\/span><\/h2>\n\n\n\n<p>L\u2019ost\u00e9opathie peut occuper une place int\u00e9ressante dans la prise en charge du pied creux, surtout lorsque la douleur, la rigidit\u00e9, les entorses r\u00e9p\u00e9t\u00e9es ou les compensations deviennent g\u00eanantes au quotidien. Le principe n\u2019est pas de \u201cfaire dispara\u00eetre\u201d la forme du pied, mais d\u2019am\u00e9liorer la mani\u00e8re dont le corps s\u2019adapte \u00e0 cette morphologie.<\/p>\n\n\n\n<p>Le pied ne fonctionne jamais seul. Il travaille en relation constante avec la cheville, le genou, la hanche, le bassin et la colonne. Lorsqu\u2019un pied est plus rigide ou r\u00e9partit diff\u00e9remment les charges, d\u2019autres zones peuvent compenser. L\u2019approche ost\u00e9opathique s\u2019int\u00e9resse justement \u00e0 ces liens fonctionnels.<\/p>\n\n\n\n<p>Une consultation peut permettre d\u2019\u00e9valuer :<\/p>\n\n\n\n<ul class=\"wp-block-list\">\n<li>mobilit\u00e9 des articulations du pied<\/li>\n\n\n\n<li>souplesse de cheville<\/li>\n\n\n\n<li>tensions musculaires du mollet<\/li>\n\n\n\n<li>stabilit\u00e9 globale du membre inf\u00e9rieur<\/li>\n\n\n\n<li>\u00e9quilibre postural<\/li>\n\n\n\n<li>qualit\u00e9 de la marche<\/li>\n\n\n\n<li>zones de compensation montante<\/li>\n<\/ul>\n\n\n\n<p>Selon le bilan, le traitement peut chercher \u00e0 :<\/p>\n\n\n\n<ul class=\"wp-block-list\">\n<li>am\u00e9liorer certaines mobilit\u00e9s utiles<\/li>\n\n\n\n<li>r\u00e9duire les tensions m\u00e9caniques<\/li>\n\n\n\n<li>favoriser un meilleur appui<\/li>\n\n\n\n<li>soutenir la r\u00e9cup\u00e9ration apr\u00e8s surcharge<\/li>\n\n\n\n<li>diminuer certaines compensations au genou, \u00e0 la hanche ou au dos<\/li>\n\n\n\n<li>am\u00e9liorer le confort \u00e0 la marche<\/li>\n<\/ul>\n\n\n\n<p>L\u2019ost\u00e9opathie peut aussi avoir un r\u00f4le \u00e9ducatif. Des conseils simples font souvent partie de la prise en charge :<\/p>\n\n\n\n<ul class=\"wp-block-list\">\n<li>choix des chaussures<\/li>\n\n\n\n<li>adaptation des activit\u00e9s<\/li>\n\n\n\n<li>exercices \u00e0 domicile<\/li>\n\n\n\n<li>strat\u00e9gies de r\u00e9cup\u00e9ration<\/li>\n\n\n\n<li>progression du retour au sport<\/li>\n<\/ul>\n\n\n\n<p>Chez les personnes sujettes aux entorses, l\u2019approche peut \u00eatre combin\u00e9e \u00e0 un travail de proprioception et de renforcement pour am\u00e9liorer la stabilit\u00e9.<\/p>\n\n\n\n<p>Il est important de garder une vision r\u00e9aliste : si le pied creux est tr\u00e8s rigide, ancien ou li\u00e9 \u00e0 une cause neurologique, l\u2019ost\u00e9opathie ne remplace pas une \u00e9valuation m\u00e9dicale ou d\u2019autres traitements n\u00e9cessaires. Elle s\u2019inscrit plut\u00f4t comme une pi\u00e8ce du puzzle th\u00e9rapeutique.<\/p>\n\n\n\n<p>Les situations o\u00f9 elle peut \u00eatre particuli\u00e8rement utile incluent :<\/p>\n\n\n\n<ul class=\"wp-block-list\">\n<li>douleur m\u00e9canique du pied<\/li>\n\n\n\n<li>fatigue plantaire<\/li>\n\n\n\n<li>raideur de cheville<\/li>\n\n\n\n<li>entorses r\u00e9cidivantes<\/li>\n\n\n\n<li>surcharge sportive<\/li>\n\n\n\n<li>douleurs associ\u00e9es du genou ou du dos<\/li>\n\n\n\n<li>inconfort \u00e0 la marche prolong\u00e9e<\/li>\n<\/ul>\n\n\n\n<h2 class=\"wp-block-heading\"><span class=\"ez-toc-section\" id=\"Conseils_pratiques_au_quotidien_pour_reduire_la_douleur\"><\/span><strong>Conseils pratiques au quotidien pour r\u00e9duire la douleur<\/strong><span class=\"ez-toc-section-end\"><\/span><\/h2>\n\n\n\n<p>Vivre avec un pied creux ne signifie pas forc\u00e9ment vivre avec la douleur. De nombreuses personnes am\u00e9liorent nettement leur confort gr\u00e2ce \u00e0 de petits ajustements r\u00e9p\u00e9t\u00e9s chaque jour. Souvent, ce sont les habitudes quotidiennes plus que les grands traitements ponctuels qui font la diff\u00e9rence.<\/p>\n\n\n\n<p>L\u2019objectif est simple : r\u00e9duire les surcharges, mieux r\u00e9partir les contraintes et aider le pied \u00e0 r\u00e9cup\u00e9rer.<\/p>\n\n\n\n<h3 class=\"wp-block-heading\"><span class=\"ez-toc-section\" id=\"Choisir_des_chaussures_confortables\"><\/span><strong>Choisir des chaussures confortables<\/strong><span class=\"ez-toc-section-end\"><\/span><\/h3>\n\n\n\n<p>Le premier levier reste souvent le chaussage. Privil\u00e9giez des chaussures avec :<\/p>\n\n\n\n<ul class=\"wp-block-list\">\n<li>bon amorti<\/li>\n\n\n\n<li>espace pour les orteils<\/li>\n\n\n\n<li>maintien du talon<\/li>\n\n\n\n<li>stabilit\u00e9 lat\u00e9rale<\/li>\n\n\n\n<li>largeur adapt\u00e9e<\/li>\n<\/ul>\n\n\n\n<p>Une chaussure inconfortable peut suffire \u00e0 relancer les sympt\u00f4mes.<\/p>\n\n\n\n<h3 class=\"wp-block-heading\"><span class=\"ez-toc-section\" id=\"Alterner_les_charges\"><\/span><strong>Alterner les charges<\/strong><span class=\"ez-toc-section-end\"><\/span><\/h3>\n\n\n\n<p>\u00c9vitez d\u2019encha\u00eener trop longtemps les m\u00eames contraintes :<\/p>\n\n\n\n<ul class=\"wp-block-list\">\n<li>longues stations debout sans pause<\/li>\n\n\n\n<li>marche excessive soudaine<\/li>\n\n\n\n<li>sport intense sans progression<\/li>\n\n\n\n<li>surfaces dures prolong\u00e9es<\/li>\n<\/ul>\n\n\n\n<p>Mieux vaut r\u00e9partir l\u2019effort sur la semaine que tout concentrer en une journ\u00e9e.<\/p>\n\n\n\n<h3 class=\"wp-block-heading\"><span class=\"ez-toc-section\" id=\"Faire_des_pauses_actives\"><\/span><strong>Faire des pauses actives<\/strong><span class=\"ez-toc-section-end\"><\/span><\/h3>\n\n\n\n<p>Quelques minutes peuvent aider :<\/p>\n\n\n\n<ul class=\"wp-block-list\">\n<li>bouger les orteils<\/li>\n\n\n\n<li>mobiliser la cheville<\/li>\n\n\n\n<li>marcher doucement<\/li>\n\n\n\n<li>s\u2019\u00e9tirer l\u00e9g\u00e8rement<\/li>\n\n\n\n<li>changer de position<\/li>\n<\/ul>\n\n\n\n<p>Le pied aime varier plus que rester fig\u00e9.<\/p>\n\n\n\n<h3 class=\"wp-block-heading\"><span class=\"ez-toc-section\" id=\"Utiliser_le_froid_apres_surcharge\"><\/span><strong>Utiliser le froid apr\u00e8s surcharge<\/strong><span class=\"ez-toc-section-end\"><\/span><\/h3>\n\n\n\n<p>Si le pied devient sensible apr\u00e8s une grosse journ\u00e9e :<\/p>\n\n\n\n<ul class=\"wp-block-list\">\n<li>glace envelopp\u00e9e 10 \u00e0 15 minutes<\/li>\n\n\n\n<li>repos relatif<\/li>\n\n\n\n<li>sur\u00e9l\u00e9vation si besoin<\/li>\n<\/ul>\n\n\n\n<p>Toujours prot\u00e9ger la peau.<\/p>\n\n\n\n<h3 class=\"wp-block-heading\"><span class=\"ez-toc-section\" id=\"Entretenir_la_mobilite\"><\/span><strong>Entretenir la mobilit\u00e9<\/strong><span class=\"ez-toc-section-end\"><\/span><\/h3>\n\n\n\n<p>Quelques exercices r\u00e9guliers sont souvent utiles :<\/p>\n\n\n\n<ul class=\"wp-block-list\">\n<li>\u00e9tirement du mollet<\/li>\n\n\n\n<li>mobilit\u00e9 de cheville<\/li>\n\n\n\n<li>auto-massage plantaire<\/li>\n\n\n\n<li>\u00e9quilibre sur un pied<\/li>\n<\/ul>\n\n\n\n<p>La constance compte plus que la dur\u00e9e.<\/p>\n\n\n\n<h3 class=\"wp-block-heading\"><span class=\"ez-toc-section\" id=\"Surveiller_lusure_des_chaussures\"><\/span><strong>Surveiller l\u2019usure des chaussures<\/strong><span class=\"ez-toc-section-end\"><\/span><\/h3>\n\n\n\n<p>Une semelle us\u00e9e ou inclin\u00e9e peut accentuer certains appuis. Remplacer une vieille paire peut parfois soulager rapidement.<\/p>\n\n\n\n<h3 class=\"wp-block-heading\"><span class=\"ez-toc-section\" id=\"Gerer_la_progression_sportive\"><\/span><strong>G\u00e9rer la progression sportive<\/strong><span class=\"ez-toc-section-end\"><\/span><\/h3>\n\n\n\n<p>En reprise ou en entra\u00eenement :<\/p>\n\n\n\n<ul class=\"wp-block-list\">\n<li>augmenter graduellement volume et intensit\u00e9<\/li>\n\n\n\n<li>respecter les jours de r\u00e9cup\u00e9ration<\/li>\n\n\n\n<li>varier les surfaces<\/li>\n\n\n\n<li>\u00e9couter les signaux pr\u00e9coces<\/li>\n<\/ul>\n\n\n\n<h3 class=\"wp-block-heading\"><span class=\"ez-toc-section\" id=\"Considerer_le_corps_dans_son_ensemble\"><\/span><strong>Consid\u00e9rer le corps dans son ensemble<\/strong><span class=\"ez-toc-section-end\"><\/span><\/h3>\n\n\n\n<p>Sommeil, fatigue g\u00e9n\u00e9rale, stress et r\u00e9cup\u00e9ration influencent aussi la perception de douleur et la tol\u00e9rance aux charges.<\/p>\n\n\n\n<h3 class=\"wp-block-heading\"><span class=\"ez-toc-section\" id=\"Quand_consulter-3\"><\/span><strong>Quand consulter ?<\/strong><span class=\"ez-toc-section-end\"><\/span><\/h3>\n\n\n\n<p>Si malgr\u00e9 ces ajustements la douleur :<\/p>\n\n\n\n<ul class=\"wp-block-list\">\n<li>persiste<\/li>\n\n\n\n<li>s\u2019aggrave<\/li>\n\n\n\n<li>limite la marche<\/li>\n\n\n\n<li>revient sans cesse<\/li>\n\n\n\n<li>s\u2019accompagne d\u2019instabilit\u00e9<\/li>\n<\/ul>\n\n\n\n<p>une \u00e9valuation devient pertinente.<\/p>\n\n\n\n<h2 class=\"wp-block-heading\"><span class=\"ez-toc-section\" id=\"Prevention_peut-on_eviter_laggravation\"><\/span><strong>Pr\u00e9vention : peut-on \u00e9viter l\u2019aggravation ?<\/strong><span class=\"ez-toc-section-end\"><\/span><\/h2>\n\n\n\n<p>On ne peut pas toujours changer la forme d\u2019un pied creux, surtout lorsqu\u2019il existe depuis longtemps ou qu\u2019il est li\u00e9 \u00e0 la structure du pied. En revanche, il est souvent possible d\u2019\u00e9viter que les sympt\u00f4mes s\u2019installent ou que la situation s\u2019aggrave. La pr\u00e9vention repose surtout sur la gestion des contraintes et l\u2019entretien de la fonction.<\/p>\n\n\n\n<p>L\u2019objectif n\u2019est pas de transformer le pied, mais de pr\u00e9server sa capacit\u00e9 \u00e0 bien travailler dans le temps.<\/p>\n\n\n\n<h3 class=\"wp-block-heading\"><span class=\"ez-toc-section\" id=\"Bouger_regulierement\"><\/span><strong>Bouger r\u00e9guli\u00e8rement<\/strong><span class=\"ez-toc-section-end\"><\/span><\/h3>\n\n\n\n<p>Un pied qui bouge r\u00e9guli\u00e8rement tol\u00e8re souvent mieux les charges qu\u2019un pied raide et peu sollicit\u00e9. La marche, les exercices adapt\u00e9s et l\u2019activit\u00e9 physique progressive aident \u00e0 maintenir :<\/p>\n\n\n\n<ul class=\"wp-block-list\">\n<li>mobilit\u00e9<\/li>\n\n\n\n<li>force<\/li>\n\n\n\n<li>circulation<\/li>\n\n\n\n<li>coordination<\/li>\n\n\n\n<li>endurance<\/li>\n<\/ul>\n\n\n\n<h3 class=\"wp-block-heading\"><span class=\"ez-toc-section\" id=\"Choisir_de_bonnes_chaussures\"><\/span><strong>Choisir de bonnes chaussures<\/strong><span class=\"ez-toc-section-end\"><\/span><\/h3>\n\n\n\n<p>Le bon chaussage reste une strat\u00e9gie pr\u00e9ventive majeure. Une chaussure confortable et stable peut limiter les points de pression excessifs.<\/p>\n\n\n\n<p>\u00c0 privil\u00e9gier :<\/p>\n\n\n\n<ul class=\"wp-block-list\">\n<li>amorti suffisant<\/li>\n\n\n\n<li>largeur adapt\u00e9e<\/li>\n\n\n\n<li>maintien du talon<\/li>\n\n\n\n<li>espace pour les orteils<\/li>\n\n\n\n<li>remplacement des chaussures us\u00e9es<\/li>\n<\/ul>\n\n\n\n<h3 class=\"wp-block-heading\"><span class=\"ez-toc-section\" id=\"Progresser_graduellement_dans_les_activites\"><\/span><strong>Progresser graduellement dans les activit\u00e9s<\/strong><span class=\"ez-toc-section-end\"><\/span><\/h3>\n\n\n\n<p>Une augmentation trop rapide des charges est une cause fr\u00e9quente de douleur. Que ce soit pour la marche, la course ou le travail physique :<\/p>\n\n\n\n<ul class=\"wp-block-list\">\n<li>augmenter progressivement<\/li>\n\n\n\n<li>int\u00e9grer des jours de r\u00e9cup\u00e9ration<\/li>\n\n\n\n<li>\u00e9viter les pics soudains d\u2019effort<\/li>\n\n\n\n<li>\u00e9couter les premiers signaux d\u2019alerte<\/li>\n<\/ul>\n\n\n\n<h3 class=\"wp-block-heading\"><span class=\"ez-toc-section\" id=\"Renforcer_la_stabilite\"><\/span><strong>Renforcer la stabilit\u00e9<\/strong><span class=\"ez-toc-section-end\"><\/span><\/h3>\n\n\n\n<p>Un pied creux parfois instable b\u00e9n\u00e9ficie souvent d\u2019un travail r\u00e9gulier :<\/p>\n\n\n\n<ul class=\"wp-block-list\">\n<li>\u00e9quilibre<\/li>\n\n\n\n<li>proprioception<\/li>\n\n\n\n<li>force de cheville<\/li>\n\n\n\n<li>contr\u00f4le de hanche<\/li>\n<\/ul>\n\n\n\n<h3 class=\"wp-block-heading\"><span class=\"ez-toc-section\" id=\"Preserver_la_souplesse_utile\"><\/span><strong>Pr\u00e9server la souplesse utile<\/strong><span class=\"ez-toc-section-end\"><\/span><\/h3>\n\n\n\n<p>Entretenir la mobilit\u00e9 du mollet, de la cheville et des orteils peut aider \u00e0 mieux r\u00e9partir les contraintes.<\/p>\n\n\n\n<h3 class=\"wp-block-heading\"><span class=\"ez-toc-section\" id=\"Reagir_tot_aux_symptomes\"><\/span><strong>R\u00e9agir t\u00f4t aux sympt\u00f4mes<\/strong><span class=\"ez-toc-section-end\"><\/span><\/h3>\n\n\n\n<p>Attendre longtemps malgr\u00e9 douleur ou entorses r\u00e9p\u00e9t\u00e9es favorise parfois les compensations. Une prise en charge pr\u00e9coce est souvent plus simple et plus efficace.<\/p>\n\n\n\n<h3 class=\"wp-block-heading\"><span class=\"ez-toc-section\" id=\"Surveiller_chez_lenfant_et_ladolescent\"><\/span><strong>Surveiller chez l\u2019enfant et l\u2019adolescent<\/strong><span class=\"ez-toc-section-end\"><\/span><\/h3>\n\n\n\n<p>En p\u00e9riode de croissance, une aggravation rapide, des douleurs ou une maladresse inhabituelle justifient une \u00e9valuation.<\/p>\n\n\n\n<h3 class=\"wp-block-heading\"><span class=\"ez-toc-section\" id=\"Vision_globale\"><\/span><strong>Vision globale<\/strong><span class=\"ez-toc-section-end\"><\/span><\/h3>\n\n\n\n<p>Le poids corporel, la r\u00e9cup\u00e9ration, la qualit\u00e9 du sommeil et la fatigue g\u00e9n\u00e9rale influencent aussi la tol\u00e9rance m\u00e9canique.<\/p>\n\n\n\n<h2 class=\"wp-block-heading\"><span class=\"ez-toc-section\" id=\"FAQ_sur_le_pied_creux\"><\/span><strong>FAQ sur le pied creux<\/strong><span class=\"ez-toc-section-end\"><\/span><\/h2>\n\n\n\n<h3 class=\"wp-block-heading\"><span class=\"ez-toc-section\" id=\"Le_pied_creux_est-il_toujours_douloureux\"><\/span><strong>Le pied creux est-il toujours douloureux ?<\/strong><span class=\"ez-toc-section-end\"><\/span><\/h3>\n\n\n\n<p>Non. Certaines personnes ont une vo\u00fbte plantaire \u00e9lev\u00e9e sans aucun sympt\u00f4me. La douleur appara\u00eet surtout lorsque les charges sont mal tol\u00e9r\u00e9es ou qu\u2019une surcharge s\u2019installe.<\/p>\n\n\n\n<h3 class=\"wp-block-heading\"><span class=\"ez-toc-section\" id=\"Le_pied_creux_peut-il_provoquer_des_entorses\"><\/span><strong>Le pied creux peut-il provoquer des entorses ?<\/strong><span class=\"ez-toc-section-end\"><\/span><\/h3>\n\n\n\n<p>Oui, chez certaines personnes. Un appui plus lat\u00e9ral et une moindre stabilit\u00e9 peuvent favoriser les entorses de cheville.<\/p>\n\n\n\n<h3 class=\"wp-block-heading\"><span class=\"ez-toc-section\" id=\"Les_semelles_sont-elles_obligatoires\"><\/span><strong>Les semelles sont-elles obligatoires ?<\/strong><span class=\"ez-toc-section-end\"><\/span><\/h3>\n\n\n\n<p>Non. Elles peuvent \u00eatre utiles dans certains cas, mais ne sont pas n\u00e9cessaires pour tout le monde.<\/p>\n\n\n\n<h3 class=\"wp-block-heading\"><span class=\"ez-toc-section\" id=\"Peut-on_corriger_un_pied_creux_avec_des_exercices\"><\/span><strong>Peut-on corriger un pied creux avec des exercices ?<\/strong><span class=\"ez-toc-section-end\"><\/span><\/h3>\n\n\n\n<p>Les exercices am\u00e9liorent surtout la fonction, la stabilit\u00e9 et le confort. Ils ne changent pas toujours la structure osseuse du pied.<\/p>\n\n\n\n<h3 class=\"wp-block-heading\"><span class=\"ez-toc-section\" id=\"Le_pied_creux_est-il_hereditaire\"><\/span><strong>Le pied creux est-il h\u00e9r\u00e9ditaire ?<\/strong><span class=\"ez-toc-section-end\"><\/span><\/h3>\n\n\n\n<p>Parfois oui. On retrouve souvent des formes similaires dans certaines familles.<\/p>\n\n\n\n<h3 class=\"wp-block-heading\"><span class=\"ez-toc-section\" id=\"Quand_faut-il_consulter-2\"><\/span><strong>Quand faut-il consulter ?<\/strong><span class=\"ez-toc-section-end\"><\/span><\/h3>\n\n\n\n<p>En cas de douleur persistante, entorses r\u00e9p\u00e9t\u00e9es, fatigue importante, aggravation progressive ou g\u00eane dans les activit\u00e9s.<\/p>\n\n\n\n<h3 class=\"wp-block-heading\"><span class=\"ez-toc-section\" id=\"Le_sport_est-il_possible_avec_un_pied_creux\"><\/span><strong>Le sport est-il possible avec un pied creux ?<\/strong><span class=\"ez-toc-section-end\"><\/span><\/h3>\n\n\n\n<p>Oui, tr\u00e8s souvent. Avec de bonnes chaussures, une progression adapt\u00e9e et un bon contr\u00f4le musculaire, de nombreuses personnes restent actives.<\/p>\n\n\n\n<h3 class=\"wp-block-heading\"><span class=\"ez-toc-section\" id=\"Le_pied_creux_peut-il_causer_des_douleurs_au_genou_ou_au_dos\"><\/span><strong>Le pied creux peut-il causer des douleurs au genou ou au dos ?<\/strong><span class=\"ez-toc-section-end\"><\/span><\/h3>\n\n\n\n<p>Il peut y contribuer chez certaines personnes en modifiant la r\u00e9partition des forces, sans \u00eatre forc\u00e9ment la seule cause.<\/p>\n\n\n\n<h3 class=\"wp-block-heading\"><span class=\"ez-toc-section\" id=\"La_chirurgie_est-elle_frequente\"><\/span><strong>La chirurgie est-elle fr\u00e9quente ?<\/strong><span class=\"ez-toc-section-end\"><\/span><\/h3>\n\n\n\n<p>Non. Elle est surtout envisag\u00e9e lorsque la douleur, la rigidit\u00e9 ou la d\u00e9formation deviennent importantes malgr\u00e9 les traitements conservateurs.<\/p>\n\n\n\n<h3 class=\"wp-block-heading\"><span class=\"ez-toc-section\" id=\"Losteopathie_peut-elle_aider\"><\/span><strong>L\u2019ost\u00e9opathie peut-elle aider ?<\/strong><span class=\"ez-toc-section-end\"><\/span><\/h3>\n\n\n\n<p>Elle peut \u00eatre int\u00e9ressante dans une approche globale visant \u00e0 am\u00e9liorer la mobilit\u00e9, les compensations et le confort fonctionnel.<\/p>\n\n\n\n<h2 class=\"wp-block-heading\"><span class=\"ez-toc-section\" id=\"Conclusion_comprendre_la_forme_du_pied_pour_mieux_bouger\"><\/span><strong>Conclusion : comprendre la forme du pied pour mieux bouger<\/strong><span class=\"ez-toc-section-end\"><\/span><\/h2>\n\n\n\n<p>Le pied creux est bien plus qu\u2019une simple vo\u00fbte plantaire \u00e9lev\u00e9e. Chez certaines personnes, il reste une particularit\u00e9 anatomique sans cons\u00e9quence. Chez d\u2019autres, il devient une source de douleur, d\u2019instabilit\u00e9 ou de fatigue qui influence la marche, le sport et parfois l\u2019ensemble de la cha\u00eene corporelle.<\/p>\n\n\n\n<p>L\u2019essentiel est de ne pas r\u00e9duire le probl\u00e8me \u00e0 l\u2019apparence du pied. Ce qui compte vraiment, c\u2019est la fa\u00e7on dont ce pied fonctionne : comment il absorbe les charges, comment il s\u2019adapte au terrain, comment il collabore avec la cheville, le genou, la hanche et le dos.<\/p>\n\n\n\n<p>Une prise en charge adapt\u00e9e peut faire une r\u00e9elle diff\u00e9rence. Exercices cibl\u00e9s, chaussures mieux choisies, gestion des charges, semelles lorsque n\u00e9cessaire et approche manuelle comme l\u2019ost\u00e9opathie peuvent aider \u00e0 am\u00e9liorer le confort et la qualit\u00e9 du mouvement.<\/p>\n\n\n\n<p>Il n\u2019existe pas un seul pied creux, ni une seule solution. Chaque personne pr\u00e9sente sa propre histoire, sa propre biom\u00e9canique et ses propres objectifs. C\u2019est pourquoi une approche individualis\u00e9e reste souvent la plus pertinente.<\/p>\n\n\n\n<p>Mieux comprendre la forme du pied, c\u2019est souvent le premier pas pour mieux bouger, avec plus de confiance et moins de douleur.<\/p>\n\n\n\n<h2 class=\"wp-block-heading\"><span class=\"ez-toc-section\" id=\"References_scientifiques\"><\/span><strong>R\u00e9f\u00e9rences scientifiques<\/strong><span class=\"ez-toc-section-end\"><\/span><\/h2>\n\n\n\n<ol class=\"wp-block-list\">\n<li>Burns J, Redmond AC, Ouvrier RA, Crosbie J. The pes cavus foot in hereditary neuropathies: clinical review and management considerations.\u00a0<em>J Foot Ankle Res.<\/em>\u00a02008;1:2.<\/li>\n\n\n\n<li>Manoli A, Graham B. The subtle cavus foot, \u201cthe underpronator,\u201d a review.\u00a0<em>Foot Ankle Int.<\/em>\u00a02005;26(3):256-263.<\/li>\n\n\n\n<li>Wicart P. Cavus foot, from neonates to adolescents.\u00a0<em>Orthop Traumatol Surg Res.<\/em>\u00a02012;98(7):813-828.<\/li>\n\n\n\n<li>Statler TK, Tullis BL. Pes cavus.\u00a0<em>Clin Podiatr Med Surg.<\/em>\u00a02010;27(2):191-207.<\/li>\n\n\n\n<li>DiGiovanni CW, Greisberg J.\u00a0<em>Foot and Ankle: Core Knowledge in Orthopaedics.<\/em>\u00a0Philadelphia: Elsevier; 2007.<\/li>\n\n\n\n<li>Sobel E, Levitz SJ, Caselli MA. Orthoses in the treatment of rearfoot problems.\u00a0<em>J Am Podiatr Med Assoc.<\/em>\u00a01999;89(5):220-233.<\/li>\n\n\n\n<li>Munteanu SE, Landorf KB, Zammit GV, et al. Effectiveness of foot orthoses for foot pain and function: systematic review.\u00a0<em>Br J Sports Med.<\/em>\u00a02011;45(12):939-945.<\/li>\n\n\n\n<li>Rome K, Ashford RL, Evans A. Non-surgical interventions for pes cavus.\u00a0<em>Cochrane Database Syst Rev.<\/em>\u00a02010;(1):CD006154.<\/li>\n\n\n\n<li>Hintermann B, Valderrabano V. Biomechanics of the foot and ankle.\u00a0<em>Orthopade.<\/em>\u00a02003;32(11):950-962.<\/li>\n\n\n\n<li>Kirby KA. Biomechanics of the normal and cavus foot.\u00a0<em>Clin Podiatr Med Surg.<\/em>\u00a02000;17(3):347-367.<\/li>\n<\/ol>\n","protected":false},"excerpt":{"rendered":"<p>Le pes cavus est un mod\u00e8le de pied humain dont la plante de pied est distinctement creuse lorsqu&rsquo;elle repose sur le sol. C&rsquo;est-\u00e0-dire qu&rsquo;il y a une flexion plantaire permanente de la plante du pied.<\/p>\n","protected":false},"author":1,"featured_media":51339,"comment_status":"open","ping_status":"open","sticky":false,"template":"","format":"standard","meta":{"tdm_status":"","tdm_grid_status":"","iawp_total_views":142,"footnotes":""},"categories":[131],"tags":[],"class_list":{"0":"post-18569","1":"post","2":"type-post","3":"status-publish","4":"format-standard","5":"has-post-thumbnail","7":"category-trouble-du-pied"},"_links":{"self":[{"href":"https:\/\/osteomag.ca\/fr\/wp-json\/wp\/v2\/posts\/18569","targetHints":{"allow":["GET"]}}],"collection":[{"href":"https:\/\/osteomag.ca\/fr\/wp-json\/wp\/v2\/posts"}],"about":[{"href":"https:\/\/osteomag.ca\/fr\/wp-json\/wp\/v2\/types\/post"}],"author":[{"embeddable":true,"href":"https:\/\/osteomag.ca\/fr\/wp-json\/wp\/v2\/users\/1"}],"replies":[{"embeddable":true,"href":"https:\/\/osteomag.ca\/fr\/wp-json\/wp\/v2\/comments?post=18569"}],"version-history":[{"count":5,"href":"https:\/\/osteomag.ca\/fr\/wp-json\/wp\/v2\/posts\/18569\/revisions"}],"predecessor-version":[{"id":56974,"href":"https:\/\/osteomag.ca\/fr\/wp-json\/wp\/v2\/posts\/18569\/revisions\/56974"}],"wp:featuredmedia":[{"embeddable":true,"href":"https:\/\/osteomag.ca\/fr\/wp-json\/wp\/v2\/media\/51339"}],"wp:attachment":[{"href":"https:\/\/osteomag.ca\/fr\/wp-json\/wp\/v2\/media?parent=18569"}],"wp:term":[{"taxonomy":"category","embeddable":true,"href":"https:\/\/osteomag.ca\/fr\/wp-json\/wp\/v2\/categories?post=18569"},{"taxonomy":"post_tag","embeddable":true,"href":"https:\/\/osteomag.ca\/fr\/wp-json\/wp\/v2\/tags?post=18569"}],"curies":[{"name":"wp","href":"https:\/\/api.w.org\/{rel}","templated":true}]}}