{"id":31219,"date":"2022-09-06T06:40:13","date_gmt":"2022-09-06T10:40:13","guid":{"rendered":"http:\/\/osteomag.ca\/syndrome-du-tendon-tibial-posterieur\/"},"modified":"2026-04-15T11:55:58","modified_gmt":"2026-04-15T16:55:58","slug":"syndrome-du-tendon-tibial-posterieur","status":"publish","type":"post","link":"https:\/\/osteomag.ca\/fr\/syndrome-du-tendon-tibial-posterieur\/","title":{"rendered":"Syndrome du tendon tibial post\u00e9rieur STTP"},"content":{"rendered":"<div id=\"ez-toc-container\" class=\"ez-toc-v2_0_82_2 counter-hierarchy ez-toc-counter ez-toc-custom ez-toc-container-direction\">\n<div class=\"ez-toc-title-container\">\n<p class=\"ez-toc-title\" style=\"cursor:inherit\">Table des mati\u00e8res<\/p>\n<span class=\"ez-toc-title-toggle\"><a href=\"#\" class=\"ez-toc-pull-right ez-toc-btn ez-toc-btn-xs ez-toc-btn-default ez-toc-toggle\" aria-label=\"Toggle Table of Content\"><span class=\"ez-toc-js-icon-con\"><span class=\"\"><span class=\"eztoc-hide\" style=\"display:none;\">Toggle<\/span><span class=\"ez-toc-icon-toggle-span\"><svg style=\"fill: #000000;color:#000000\" xmlns=\"http:\/\/www.w3.org\/2000\/svg\" class=\"list-377408\" width=\"20px\" height=\"20px\" viewBox=\"0 0 24 24\" fill=\"none\"><path d=\"M6 6H4v2h2V6zm14 0H8v2h12V6zM4 11h2v2H4v-2zm16 0H8v2h12v-2zM4 16h2v2H4v-2zm16 0H8v2h12v-2z\" fill=\"currentColor\"><\/path><\/svg><svg style=\"fill: #000000;color:#000000\" class=\"arrow-unsorted-368013\" xmlns=\"http:\/\/www.w3.org\/2000\/svg\" width=\"10px\" height=\"10px\" viewBox=\"0 0 24 24\" version=\"1.2\" baseProfile=\"tiny\"><path d=\"M18.2 9.3l-6.2-6.3-6.2 6.3c-.2.2-.3.4-.3.7s.1.5.3.7c.2.2.4.3.7.3h11c.3 0 .5-.1.7-.3.2-.2.3-.5.3-.7s-.1-.5-.3-.7zM5.8 14.7l6.2 6.3 6.2-6.3c.2-.2.3-.5.3-.7s-.1-.5-.3-.7c-.2-.2-.4-.3-.7-.3h-11c-.3 0-.5.1-.7.3-.2.2-.3.5-.3.7s.1.5.3.7z\"\/><\/svg><\/span><\/span><\/span><\/a><\/span><\/div>\n<nav><ul class='ez-toc-list ez-toc-list-level-1 eztoc-toggle-hide-by-default' ><li class='ez-toc-page-1 ez-toc-heading-level-2'><a class=\"ez-toc-link ez-toc-heading-1\" href=\"https:\/\/osteomag.ca\/fr\/syndrome-du-tendon-tibial-posterieur\/#Syndrome_du_tendon_tibial_posterieur_version_courte\" >Syndrome du tendon tibial post\u00e9rieur : version courte<\/a><ul class='ez-toc-list-level-3' ><li class='ez-toc-heading-level-3'><a class=\"ez-toc-link ez-toc-heading-2\" href=\"https:\/\/osteomag.ca\/fr\/syndrome-du-tendon-tibial-posterieur\/#Symptomes_frequents\" >Sympt\u00f4mes fr\u00e9quents<\/a><\/li><li class='ez-toc-page-1 ez-toc-heading-level-3'><a class=\"ez-toc-link ez-toc-heading-3\" href=\"https:\/\/osteomag.ca\/fr\/syndrome-du-tendon-tibial-posterieur\/#Causes_possibles\" >Causes possibles<\/a><\/li><li class='ez-toc-page-1 ez-toc-heading-level-3'><a class=\"ez-toc-link ez-toc-heading-4\" href=\"https:\/\/osteomag.ca\/fr\/syndrome-du-tendon-tibial-posterieur\/#Comment_poser_le_diagnostic\" >Comment poser le diagnostic ?<\/a><\/li><li class='ez-toc-page-1 ez-toc-heading-level-3'><a class=\"ez-toc-link ez-toc-heading-5\" href=\"https:\/\/osteomag.ca\/fr\/syndrome-du-tendon-tibial-posterieur\/#Comment_soulager\" >Comment soulager ?<\/a><\/li><li class='ez-toc-page-1 ez-toc-heading-level-3'><a class=\"ez-toc-link ez-toc-heading-6\" href=\"https:\/\/osteomag.ca\/fr\/syndrome-du-tendon-tibial-posterieur\/#Place_de_losteopathie\" >Place de l\u2019ost\u00e9opathie<\/a><\/li><li class='ez-toc-page-1 ez-toc-heading-level-3'><a class=\"ez-toc-link ez-toc-heading-7\" href=\"https:\/\/osteomag.ca\/fr\/syndrome-du-tendon-tibial-posterieur\/#Quand_consulter_rapidement\" >Quand consulter rapidement ?<\/a><\/li><li class='ez-toc-page-1 ez-toc-heading-level-3'><a class=\"ez-toc-link ez-toc-heading-8\" href=\"https:\/\/osteomag.ca\/fr\/syndrome-du-tendon-tibial-posterieur\/#En_resume\" >En r\u00e9sum\u00e9<\/a><\/li><\/ul><\/li><li class='ez-toc-page-1 ez-toc-heading-level-2'><a class=\"ez-toc-link ez-toc-heading-9\" href=\"https:\/\/osteomag.ca\/fr\/syndrome-du-tendon-tibial-posterieur\/#Introduction\" >Introduction<\/a><\/li><li class='ez-toc-page-1 ez-toc-heading-level-2'><a class=\"ez-toc-link ez-toc-heading-10\" href=\"https:\/\/osteomag.ca\/fr\/syndrome-du-tendon-tibial-posterieur\/#Anatomie_du_tendon_tibial_posterieur\" >Anatomie du tendon tibial post\u00e9rieur<\/a><\/li><li class='ez-toc-page-1 ez-toc-heading-level-2'><a class=\"ez-toc-link ez-toc-heading-11\" href=\"https:\/\/osteomag.ca\/fr\/syndrome-du-tendon-tibial-posterieur\/#Quest-ce_que_le_syndrome_du_tendon_tibial_posterieur\" >Qu\u2019est-ce que le syndrome du tendon tibial post\u00e9rieur ?<\/a><\/li><li class='ez-toc-page-1 ez-toc-heading-level-2'><a class=\"ez-toc-link ez-toc-heading-12\" href=\"https:\/\/osteomag.ca\/fr\/syndrome-du-tendon-tibial-posterieur\/#Symptomes_du_syndrome_du_tendon_tibial_posterieur\" >Sympt\u00f4mes du syndrome du tendon tibial post\u00e9rieur<\/a><ul class='ez-toc-list-level-3' ><li class='ez-toc-heading-level-3'><a class=\"ez-toc-link ez-toc-heading-13\" href=\"https:\/\/osteomag.ca\/fr\/syndrome-du-tendon-tibial-posterieur\/#Symptomes_les_plus_frequents\" >Sympt\u00f4mes les plus fr\u00e9quents<\/a><\/li><\/ul><\/li><li class='ez-toc-page-1 ez-toc-heading-level-2'><a class=\"ez-toc-link ez-toc-heading-14\" href=\"https:\/\/osteomag.ca\/fr\/syndrome-du-tendon-tibial-posterieur\/#Causes_et_facteurs_de_risque_du_syndrome_du_tendon_tibial_posterieur\" >Causes et facteurs de risque du syndrome du tendon tibial post\u00e9rieur<\/a><ul class='ez-toc-list-level-3' ><li class='ez-toc-heading-level-3'><a class=\"ez-toc-link ez-toc-heading-15\" href=\"https:\/\/osteomag.ca\/fr\/syndrome-du-tendon-tibial-posterieur\/#Principaux_facteurs_de_risque\" >Principaux facteurs de risque<\/a><\/li><\/ul><\/li><li class='ez-toc-page-1 ez-toc-heading-level-2'><a class=\"ez-toc-link ez-toc-heading-16\" href=\"https:\/\/osteomag.ca\/fr\/syndrome-du-tendon-tibial-posterieur\/#Les_stades_du_syndrome_du_tendon_tibial_posterieur\" >Les stades du syndrome du tendon tibial post\u00e9rieur<\/a><ul class='ez-toc-list-level-3' ><li class='ez-toc-heading-level-3'><a class=\"ez-toc-link ez-toc-heading-17\" href=\"https:\/\/osteomag.ca\/fr\/syndrome-du-tendon-tibial-posterieur\/#Stade_I_%E2%80%93_Inflammation_sans_deformation\" >Stade I \u2013 Inflammation sans d\u00e9formation<\/a><\/li><li class='ez-toc-page-1 ez-toc-heading-level-3'><a class=\"ez-toc-link ez-toc-heading-18\" href=\"https:\/\/osteomag.ca\/fr\/syndrome-du-tendon-tibial-posterieur\/#Stade_II_%E2%80%93_Affaissement_progressif_de_larche\" >Stade II \u2013 Affaissement progressif de l\u2019arche<\/a><\/li><li class='ez-toc-page-1 ez-toc-heading-level-3'><a class=\"ez-toc-link ez-toc-heading-19\" href=\"https:\/\/osteomag.ca\/fr\/syndrome-du-tendon-tibial-posterieur\/#Stade_III_%E2%80%93_Deformation_rigide_du_pied\" >Stade III \u2013 D\u00e9formation rigide du pied<\/a><\/li><li class='ez-toc-page-1 ez-toc-heading-level-3'><a class=\"ez-toc-link ez-toc-heading-20\" href=\"https:\/\/osteomag.ca\/fr\/syndrome-du-tendon-tibial-posterieur\/#Stade_IV_%E2%80%93_Atteinte_de_la_cheville\" >Stade IV \u2013 Atteinte de la cheville<\/a><\/li><li class='ez-toc-page-1 ez-toc-heading-level-3'><a class=\"ez-toc-link ez-toc-heading-21\" href=\"https:\/\/osteomag.ca\/fr\/syndrome-du-tendon-tibial-posterieur\/#Classification_simplifiee_du_STTP\" >Classification simplifi\u00e9e du STTP<\/a><\/li><\/ul><\/li><li class='ez-toc-page-1 ez-toc-heading-level-2'><a class=\"ez-toc-link ez-toc-heading-22\" href=\"https:\/\/osteomag.ca\/fr\/syndrome-du-tendon-tibial-posterieur\/#Comment_le_diagnostic_du_syndrome_du_tendon_tibial_posterieur_est_pose\" >Comment le diagnostic du syndrome du tendon tibial post\u00e9rieur est pos\u00e9<\/a><ul class='ez-toc-list-level-3' ><li class='ez-toc-heading-level-3'><a class=\"ez-toc-link ez-toc-heading-23\" href=\"https:\/\/osteomag.ca\/fr\/syndrome-du-tendon-tibial-posterieur\/#Examen_clinique\" >Examen clinique<\/a><\/li><li class='ez-toc-page-1 ez-toc-heading-level-3'><a class=\"ez-toc-link ez-toc-heading-24\" href=\"https:\/\/osteomag.ca\/fr\/syndrome-du-tendon-tibial-posterieur\/#Examens_dimagerie\" >Examens d\u2019imagerie<\/a><\/li><li class='ez-toc-page-1 ez-toc-heading-level-3'><a class=\"ez-toc-link ez-toc-heading-25\" href=\"https:\/\/osteomag.ca\/fr\/syndrome-du-tendon-tibial-posterieur\/#Importance_dun_diagnostic_precoce\" >Importance d\u2019un diagnostic pr\u00e9coce<\/a><\/li><\/ul><\/li><li class='ez-toc-page-1 ez-toc-heading-level-2'><a class=\"ez-toc-link ez-toc-heading-26\" href=\"https:\/\/osteomag.ca\/fr\/syndrome-du-tendon-tibial-posterieur\/#Traitements_non_chirurgicaux_du_syndrome_du_tendon_tibial_posterieur\" >Traitements non chirurgicaux du syndrome du tendon tibial post\u00e9rieur<\/a><ul class='ez-toc-list-level-3' ><li class='ez-toc-heading-level-3'><a class=\"ez-toc-link ez-toc-heading-27\" href=\"https:\/\/osteomag.ca\/fr\/syndrome-du-tendon-tibial-posterieur\/#Repos_et_modification_des_activites\" >Repos et modification des activit\u00e9s<\/a><\/li><li class='ez-toc-page-1 ez-toc-heading-level-3'><a class=\"ez-toc-link ez-toc-heading-28\" href=\"https:\/\/osteomag.ca\/fr\/syndrome-du-tendon-tibial-posterieur\/#Application_de_glace\" >Application de glace<\/a><\/li><li class='ez-toc-page-1 ez-toc-heading-level-3'><a class=\"ez-toc-link ez-toc-heading-29\" href=\"https:\/\/osteomag.ca\/fr\/syndrome-du-tendon-tibial-posterieur\/#Ortheses_plantaires\" >Orth\u00e8ses plantaires<\/a><\/li><li class='ez-toc-page-1 ez-toc-heading-level-3'><a class=\"ez-toc-link ez-toc-heading-30\" href=\"https:\/\/osteomag.ca\/fr\/syndrome-du-tendon-tibial-posterieur\/#Chaussures_adaptees\" >Chaussures adapt\u00e9es<\/a><\/li><li class='ez-toc-page-1 ez-toc-heading-level-3'><a class=\"ez-toc-link ez-toc-heading-31\" href=\"https:\/\/osteomag.ca\/fr\/syndrome-du-tendon-tibial-posterieur\/#Exercices_de_renforcement_et_detirement\" >Exercices de renforcement et d\u2019\u00e9tirement<\/a><\/li><li class='ez-toc-page-1 ez-toc-heading-level-3'><a class=\"ez-toc-link ez-toc-heading-32\" href=\"https:\/\/osteomag.ca\/fr\/syndrome-du-tendon-tibial-posterieur\/#Attelles_ou_immobilisation\" >Attelles ou immobilisation<\/a><\/li><li class='ez-toc-page-1 ez-toc-heading-level-3'><a class=\"ez-toc-link ez-toc-heading-33\" href=\"https:\/\/osteomag.ca\/fr\/syndrome-du-tendon-tibial-posterieur\/#Medicaments_anti-inflammatoires\" >M\u00e9dicaments anti-inflammatoires<\/a><\/li><\/ul><\/li><li class='ez-toc-page-1 ez-toc-heading-level-2'><a class=\"ez-toc-link ez-toc-heading-34\" href=\"https:\/\/osteomag.ca\/fr\/syndrome-du-tendon-tibial-posterieur\/#Le_role_de_losteopathie_dans_la_prise_en_charge_du_syndrome_du_tendon_tibial_posterieur\" >Le r\u00f4le de l\u2019ost\u00e9opathie dans la prise en charge du syndrome du tendon tibial post\u00e9rieur<\/a><\/li><li class='ez-toc-page-1 ez-toc-heading-level-2'><a class=\"ez-toc-link ez-toc-heading-35\" href=\"https:\/\/osteomag.ca\/fr\/syndrome-du-tendon-tibial-posterieur\/#Une_vision_globale_de_la_biomecanique_du_pied\" >Une vision globale de la biom\u00e9canique du pied<\/a><\/li><li class='ez-toc-page-1 ez-toc-heading-level-2'><a class=\"ez-toc-link ez-toc-heading-36\" href=\"https:\/\/osteomag.ca\/fr\/syndrome-du-tendon-tibial-posterieur\/#Travail_sur_les_tensions_musculaires_et_fasciales\" >Travail sur les tensions musculaires et fasciales<\/a><\/li><li class='ez-toc-page-1 ez-toc-heading-level-2'><a class=\"ez-toc-link ez-toc-heading-37\" href=\"https:\/\/osteomag.ca\/fr\/syndrome-du-tendon-tibial-posterieur\/#Amelioration_de_la_mobilite_articulaire\" >Am\u00e9lioration de la mobilit\u00e9 articulaire<\/a><\/li><li class='ez-toc-page-1 ez-toc-heading-level-2'><a class=\"ez-toc-link ez-toc-heading-38\" href=\"https:\/\/osteomag.ca\/fr\/syndrome-du-tendon-tibial-posterieur\/#Reeducation_du_mouvement_et_conseils_pratiques\" >R\u00e9\u00e9ducation du mouvement et conseils pratiques<\/a><ul class='ez-toc-list-level-3' ><li class='ez-toc-heading-level-3'><a class=\"ez-toc-link ez-toc-heading-39\" href=\"https:\/\/osteomag.ca\/fr\/syndrome-du-tendon-tibial-posterieur\/#Une_approche_complementaire_pas_exclusive\" >Une approche compl\u00e9mentaire, pas exclusive<\/a><\/li><\/ul><\/li><li class='ez-toc-page-1 ez-toc-heading-level-2'><a class=\"ez-toc-link ez-toc-heading-40\" href=\"https:\/\/osteomag.ca\/fr\/syndrome-du-tendon-tibial-posterieur\/#Conseils_pour_prevenir_laggravation_du_syndrome_du_tendon_tibial_posterieur\" >Conseils pour pr\u00e9venir l\u2019aggravation du syndrome du tendon tibial post\u00e9rieur<\/a><ul class='ez-toc-list-level-3' ><li class='ez-toc-heading-level-3'><a class=\"ez-toc-link ez-toc-heading-41\" href=\"https:\/\/osteomag.ca\/fr\/syndrome-du-tendon-tibial-posterieur\/#Choisir_des_chaussures_adaptees\" >Choisir des chaussures adapt\u00e9es<\/a><\/li><li class='ez-toc-page-1 ez-toc-heading-level-3'><a class=\"ez-toc-link ez-toc-heading-42\" href=\"https:\/\/osteomag.ca\/fr\/syndrome-du-tendon-tibial-posterieur\/#Maintenir_un_poids_corporel_sain\" >Maintenir un poids corporel sain<\/a><\/li><li class='ez-toc-page-1 ez-toc-heading-level-3'><a class=\"ez-toc-link ez-toc-heading-43\" href=\"https:\/\/osteomag.ca\/fr\/syndrome-du-tendon-tibial-posterieur\/#Adapter_les_activites_physiques\" >Adapter les activit\u00e9s physiques<\/a><\/li><li class='ez-toc-page-1 ez-toc-heading-level-3'><a class=\"ez-toc-link ez-toc-heading-44\" href=\"https:\/\/osteomag.ca\/fr\/syndrome-du-tendon-tibial-posterieur\/#Renforcer_les_muscles_du_pied_et_de_la_cheville\" >Renforcer les muscles du pied et de la cheville<\/a><\/li><li class='ez-toc-page-1 ez-toc-heading-level-3'><a class=\"ez-toc-link ez-toc-heading-45\" href=\"https:\/\/osteomag.ca\/fr\/syndrome-du-tendon-tibial-posterieur\/#Surveiller_levolution_des_symptomes\" >Surveiller l\u2019\u00e9volution des sympt\u00f4mes<\/a><\/li><\/ul><\/li><li class='ez-toc-page-1 ez-toc-heading-level-2'><a class=\"ez-toc-link ez-toc-heading-46\" href=\"https:\/\/osteomag.ca\/fr\/syndrome-du-tendon-tibial-posterieur\/#Quand_consulter_un_professionnel_de_sante\" >Quand consulter un professionnel de sant\u00e9<\/a><\/li><li class='ez-toc-page-1 ez-toc-heading-level-2'><a class=\"ez-toc-link ez-toc-heading-47\" href=\"https:\/\/osteomag.ca\/fr\/syndrome-du-tendon-tibial-posterieur\/#Conclusion\" >Conclusion<\/a><\/li><li class='ez-toc-page-1 ez-toc-heading-level-2'><a class=\"ez-toc-link ez-toc-heading-48\" href=\"https:\/\/osteomag.ca\/fr\/syndrome-du-tendon-tibial-posterieur\/#References\" >R\u00e9f\u00e9rences<\/a><\/li><\/ul><\/nav><\/div>\n\n<div class=\"pc-box\">\n\n<div class=\"pc-title\">Points cl\u00e9s<\/div>\n\n<ul class=\"pc-list\">\n<li>Le syndrome du tendon tibial post\u00e9rieur (STTP) est une affection progressive pouvant affaiblir le soutien naturel de la vo\u00fbte plantaire.<\/li>\n\n<li>Le tendon tibial post\u00e9rieur joue un r\u00f4le essentiel dans la stabilit\u00e9 du pied, le contr\u00f4le de la pronation et la marche.<\/li>\n\n<li>Les sympt\u00f4mes fr\u00e9quents incluent douleur \u00e0 l\u2019int\u00e9rieur de la cheville, fatigue du pied, gonflement et g\u00eane \u00e0 la marche.<\/li>\n\n<li>Avec l\u2019\u00e9volution, le pied peut s\u2019affaisser progressivement et devenir plus plat, parfois avec d\u00e9viation du talon.<\/li>\n\n<li>Les facteurs de risque incluent surpoids, diab\u00e8te, surcharge m\u00e9canique, \u00e2ge, traumatismes et activit\u00e9s r\u00e9p\u00e9titives.<\/li>\n\n<li>Le diagnostic repose sur l\u2019examen clinique, l\u2019observation de la marche, les tests fonctionnels et parfois l\u2019imagerie m\u00e9dicale.<\/li>\n\n<li>Le traitement conservateur comprend repos relatif, orth\u00e8ses, exercices cibl\u00e9s, physioth\u00e9rapie et adaptation des activit\u00e9s.<\/li>\n\n<li>L\u2019ost\u00e9opathie peut aider \u00e0 am\u00e9liorer la mobilit\u00e9 du pied, de la cheville et de la cha\u00eene posturale globale.<\/li>\n\n<li>Une prise en charge pr\u00e9coce augmente les chances de ralentir la progression et d\u2019\u00e9viter certaines complications.<\/li>\n\n<li>En l\u2019absence de traitement, une douleur chronique, une d\u00e9formation du pied ou une perte de fonction peuvent appara\u00eetre.<\/li>\n<\/ul>\n\n<\/div>\n\n<style>\n.pc-box{\nbackground:#ffffff;\nborder:2px solid #1A7F78;\nborder-left:8px solid #1A7F78;\npadding:24px;\nmargin:30px 0;\nborder-radius:4px;\nbox-shadow:0 6px 18px rgba(0,0,0,0.08);\n}\n\n.pc-title{\nfont-size:28px;\nfont-weight:700;\ncolor:#1A7F78;\nmargin-bottom:18px;\nline-height:1.2;\n}\n\n.pc-list{\nmargin:0;\npadding-left:22px;\n}\n\n.pc-list li{\nmargin-bottom:12px;\nfont-size:18px;\nline-height:1.6;\ncolor:#222;\n}\n\n.pc-list li::marker{\ncolor:#1A7F78;\nfont-weight:bold;\n}\n<\/style>\n\n\n\n<style>\n.osteo-accordion{\n  margin:25px 0;\n  border-radius:12px;\n  overflow:hidden;\n  box-shadow:0 4px 14px rgba(0,0,0,.08);\n}\n.osteo-accordion details{\n  background:#fff;\n}\n.osteo-accordion summary{\n  list-style:none;\n  cursor:pointer;\n  padding:20px 24px;\n  font-size:32px;\n  font-weight:700;\n  color:#fff;\n  background:linear-gradient(135deg,#178fcb 0%,#1177b1 100%);\n  position:relative;\n}\n.osteo-accordion summary::-webkit-details-marker{\n  display:none;\n}\n.osteo-accordion summary::after{\n  content:\"+\";\n  position:absolute;\n  right:24px;\n  top:50%;\n  transform:translateY(-50%);\n  font-size:48px;\n  font-weight:300;\n}\n.osteo-accordion details[open] summary::after{\n  content:\"\u2212\";\n}\n.osteo-accordion-content{\n  padding:28px;\n  background:#f9fcff;\n  line-height:1.8;\n  color:#222;\n  font-size:18px;\n}\n.osteo-accordion-content h2{\n  color:#1177b1;\n  font-size:28px;\n  margin:0 0 14px;\n}\n.osteo-accordion-content h3{\n  color:#1177b1;\n  font-size:22px;\n  margin:24px 0 8px;\n}\n.osteo-accordion-content ul{\n  margin:8px 0 18px 22px;\n}\n.osteo-accordion-content li{\n  margin-bottom:8px;\n}\n<\/style>\n\n<div class=\"osteo-accordion\">\n  <details>\n    <summary>Version texte court<\/summary>\n\n    <div class=\"osteo-accordion-content\">\n\n      <h2><span class=\"ez-toc-section\" id=\"Syndrome_du_tendon_tibial_posterieur_version_courte\"><\/span>Syndrome du tendon tibial post\u00e9rieur : version courte<span class=\"ez-toc-section-end\"><\/span><\/h2>\n\n      <p>Une douleur \u00e0 l\u2019int\u00e9rieur de la cheville, une fatigue du pied \u00e0 la marche ou une impression que l\u2019arche s\u2019affaisse progressivement peuvent parfois venir du tendon tibial post\u00e9rieur. Ce tendon joue un r\u00f4le majeur dans le soutien de la vo\u00fbte plantaire, la stabilit\u00e9 du pied et la propulsion \u00e0 la marche. Lorsqu\u2019il devient irrit\u00e9, affaibli ou d\u00e9g\u00e9n\u00e9ratif, on parle de syndrome du tendon tibial post\u00e9rieur ou de dysfonction du tendon tibial post\u00e9rieur.<\/p>\n\n      <h3><span class=\"ez-toc-section\" id=\"Symptomes_frequents\"><\/span>Sympt\u00f4mes fr\u00e9quents<span class=\"ez-toc-section-end\"><\/span><\/h3>\n      <ul>\n        <li>Douleur derri\u00e8re ou sous la mall\u00e9ole interne<\/li>\n        <li>Gonflement \u00e0 l\u2019int\u00e9rieur de la cheville<\/li>\n        <li>Fatigue du pied en marchant<\/li>\n        <li>Difficult\u00e9 sur la pointe des pieds<\/li>\n        <li>Affaissement progressif de l\u2019arche plantaire<\/li>\n        <li>Sensation d\u2019instabilit\u00e9<\/li>\n        <li>Usure anormale des chaussures<\/li>\n        <li>Douleur sur le c\u00f4t\u00e9 externe du pied dans les cas avanc\u00e9s<\/li>\n      <\/ul>\n\n      <h3><span class=\"ez-toc-section\" id=\"Causes_possibles\"><\/span>Causes possibles<span class=\"ez-toc-section-end\"><\/span><\/h3>\n      <p>Plusieurs facteurs peuvent surcharger ce tendon :<\/p>\n      <ul>\n        <li>Hyperpronation ou pied plat<\/li>\n        <li>Surpoids<\/li>\n        <li>Vieillissement tissulaire<\/li>\n        <li>Marche ou course r\u00e9p\u00e9t\u00e9e<\/li>\n        <li>Chaussures inad\u00e9quates<\/li>\n        <li>Faiblesse musculaire du pied et de la cheville<\/li>\n        <li>Raideur du mollet<\/li>\n        <li>Traumatisme<\/li>\n        <li>Maladies inflammatoires dans certains cas<\/li>\n      <\/ul>\n\n      <h3><span class=\"ez-toc-section\" id=\"Comment_poser_le_diagnostic\"><\/span>Comment poser le diagnostic ?<span class=\"ez-toc-section-end\"><\/span><\/h3>\n      <p>Le diagnostic repose surtout sur :<\/p>\n      <ul>\n        <li>Histoire des sympt\u00f4mes<\/li>\n        <li>Examen clinique<\/li>\n        <li>Palpation du tendon<\/li>\n        <li>Observation de la vo\u00fbte plantaire<\/li>\n        <li>Test sur la pointe d\u2019un pied<\/li>\n        <li>Analyse de la marche<\/li>\n        <li>Radiographie, \u00e9chographie ou IRM si n\u00e9cessaire<\/li>\n      <\/ul>\n\n      <h3><span class=\"ez-toc-section\" id=\"Comment_soulager\"><\/span>Comment soulager ?<span class=\"ez-toc-section-end\"><\/span><\/h3>\n      <p>Le traitement d\u00e9pend du stade de la condition. Il peut inclure :<\/p>\n      <ul>\n        <li>Repos relatif<\/li>\n        <li>R\u00e9duction des activit\u00e9s irritantes<\/li>\n        <li>Glace si phase douloureuse<\/li>\n        <li>Orth\u00e8ses plantaires<\/li>\n        <li>Chaussures de soutien<\/li>\n        <li>Exercices progressifs<\/li>\n        <li>Renforcement cibl\u00e9<\/li>\n        <li>Physioth\u00e9rapie<\/li>\n        <li>Immobilisation temporaire dans certains cas<\/li>\n        <li>Chirurgie si atteinte avanc\u00e9e<\/li>\n      <\/ul>\n\n      <h3><span class=\"ez-toc-section\" id=\"Place_de_losteopathie\"><\/span>Place de l\u2019ost\u00e9opathie<span class=\"ez-toc-section-end\"><\/span><\/h3>\n      <p>L\u2019ost\u00e9opathie peut accompagner la r\u00e9cup\u00e9ration en travaillant sur :<\/p>\n      <ul>\n        <li>Mobilit\u00e9 du pied et de la cheville<\/li>\n        <li>Bassin et membre inf\u00e9rieur<\/li>\n        <li>Tensions musculaires associ\u00e9es<\/li>\n        <li>Posture globale<\/li>\n        <li>Qualit\u00e9 du mouvement<\/li>\n        <li>Compensation de marche<\/li>\n        <li>Conseils m\u00e9caniques personnalis\u00e9s<\/li>\n      <\/ul>\n\n      <h3><span class=\"ez-toc-section\" id=\"Quand_consulter_rapidement\"><\/span>Quand consulter rapidement ?<span class=\"ez-toc-section-end\"><\/span><\/h3>\n      <p>Consultez sans tarder si vous avez :<\/p>\n      <ul>\n        <li>Impossibilit\u00e9 de marcher normalement<\/li>\n        <li>Affaissement rapide du pied<\/li>\n        <li>Douleur importante persistante<\/li>\n        <li>Gonflement marqu\u00e9<\/li>\n        <li>Faiblesse importante<\/li>\n        <li>Douleur apr\u00e8s traumatisme<\/li>\n        <li>Aggravation malgr\u00e9 le repos<\/li>\n        <li>Perte de fonction progressive<\/li>\n      <\/ul>\n\n      <h3><span class=\"ez-toc-section\" id=\"En_resume\"><\/span>En r\u00e9sum\u00e9<span class=\"ez-toc-section-end\"><\/span><\/h3>\n      <p>Le syndrome du tendon tibial post\u00e9rieur est fr\u00e9quent mais souvent progressif. Lorsqu\u2019il est reconnu t\u00f4t, une prise en charge adapt\u00e9e permet souvent de r\u00e9duire la douleur, pr\u00e9server la vo\u00fbte plantaire et \u00e9viter l\u2019aggravation de la d\u00e9formation du pied.<\/p>\n\n    <\/div>\n  <\/details>\n<\/div>\n\n\n\n<h2 class=\"wp-block-heading has-white-color has-vivid-cyan-blue-to-vivid-purple-gradient-background has-text-color has-background has-link-color wp-elements-8b04cffe0910627ea88aa0d3757f7627\" id=\"h-introduction\"><span class=\"ez-toc-section\" id=\"Introduction\"><\/span><strong>Introduction<\/strong><span class=\"ez-toc-section-end\"><\/span><\/h2>\n\n\n\n<p>Douleur \u00e0 l\u2019int\u00e9rieur de la cheville, fatigue du pied \u00e0 la marche, impression que l\u2019arche s\u2019affaisse progressivement ? Le tendon tibial post\u00e9rieur pourrait \u00eatre en cause.<\/p>\n\n\n\n<p>Essentiel au maintien de la vo\u00fbte plantaire et \u00e0 la stabilit\u00e9 du pied, ce tendon joue un r\u00f4le majeur dans la marche et la propulsion. Lorsqu\u2019il devient irrit\u00e9, affaibli ou d\u00e9g\u00e9n\u00e9r\u00e9, il peut entra\u00eener une douleur progressive, une perte de soutien de l\u2019arche plantaire et parfois un pied plat acquis chez l\u2019adulte.<\/p>\n\n\n\n<p>Souvent discret au d\u00e9but, le syndrome du tendon tibial post\u00e9rieur \u00e9volue parfois lentement avant de devenir plus limitant au quotidien. Une prise en charge pr\u00e9coce permet g\u00e9n\u00e9ralement de ralentir son \u00e9volution et de pr\u00e9server la fonction du pied.<\/p>\n\n\n<div class=\"wp-block-image\">\n<figure class=\"aligncenter size-full is-resized\"><img decoding=\"async\" width=\"709\" height=\"431\" src=\"https:\/\/osteomag.ca\/wp-content\/uploads\/2022\/08\/posterior-tibial-tendon-syndrome1.jpg\" alt=\"\" class=\"wp-image-30078\" style=\"width:355px;height:216px\" srcset=\"https:\/\/osteomag.ca\/wp-content\/uploads\/2022\/08\/posterior-tibial-tendon-syndrome1.jpg 709w, https:\/\/osteomag.ca\/wp-content\/uploads\/2022\/08\/posterior-tibial-tendon-syndrome1-540x328.jpg 540w, https:\/\/osteomag.ca\/wp-content\/uploads\/2022\/08\/posterior-tibial-tendon-syndrome1-80x49.jpg 80w, https:\/\/osteomag.ca\/wp-content\/uploads\/2022\/08\/posterior-tibial-tendon-syndrome1-150x91.jpg 150w, https:\/\/osteomag.ca\/wp-content\/uploads\/2022\/08\/posterior-tibial-tendon-syndrome1-300x182.jpg 300w, https:\/\/osteomag.ca\/wp-content\/uploads\/2022\/08\/posterior-tibial-tendon-syndrome1-600x365.jpg 600w, https:\/\/osteomag.ca\/wp-content\/uploads\/2022\/08\/posterior-tibial-tendon-syndrome1-696x423.jpg 696w, https:\/\/osteomag.ca\/wp-content\/uploads\/2022\/08\/posterior-tibial-tendon-syndrome1-691x420.jpg 691w\" sizes=\"(max-width: 709px) 100vw, 709px\" \/><\/figure>\n<\/div>\n\n\n<div style=\"background:#eef7ee; border-left:6px solid #2e7d32; padding:18px 20px; border-radius:10px; margin:20px 0; box-shadow:0 2px 8px rgba(0,0,0,0.06);\">\n  <div style=\"font-size:22px; font-weight:700; color:#1b5e20; margin-bottom:10px;\">\n    \u00c0 retenir\n  <\/div>\n  <ul style=\"margin:0; padding-left:22px; color:#2f2f2f; line-height:1.7;\">\n    <li>Le <strong>syndrome du tendon tibial post\u00e9rieur (STTP)<\/strong> est une atteinte progressive du tendon qui soutient la vo\u00fbte plantaire.<\/li>\n    <li>Cette condition peut entra\u00eener un <strong>affaissement de l\u2019arche du pied<\/strong> et \u00e9voluer vers un pied plat acquis chez l\u2019adulte.<\/li>\n    <li>Les sympt\u00f4mes les plus fr\u00e9quents incluent une <strong>douleur \u00e0 l\u2019int\u00e9rieur de la cheville<\/strong>, un gonflement pr\u00e8s de la mall\u00e9ole interne et une fatigue du pied lors de la marche.<\/li>\n    <li>Le STTP \u00e9volue g\u00e9n\u00e9ralement en <strong>plusieurs stades<\/strong>, allant d\u2019une simple inflammation du tendon \u00e0 une d\u00e9formation rigide du pied pouvant atteindre la cheville.<\/li>\n    <li>Un <strong>diagnostic pr\u00e9coce<\/strong> permet souvent de ralentir l\u2019\u00e9volution gr\u00e2ce \u00e0 des traitements conservateurs comme les orth\u00e8ses, les exercices et l\u2019adaptation des activit\u00e9s.<\/li>\n    <li>Une approche globale incluant l\u2019analyse biom\u00e9canique du pied et de la posture peut contribuer \u00e0 <strong>r\u00e9duire les contraintes exerc\u00e9es sur le tendon<\/strong> et \u00e0 pr\u00e9venir les r\u00e9cidives.<\/li>\n  <\/ul>\n<\/div>\n\n\n\n<h2 class=\"wp-block-heading has-white-color has-vivid-cyan-blue-background-color has-text-color has-background has-link-color wp-elements-f2a3af27ceee16305328eb407bd6ad18\" id=\"h-anatomie-du-tendon-tibial-posterieur\"><span class=\"ez-toc-section\" id=\"Anatomie_du_tendon_tibial_posterieur\"><\/span><strong>Anatomie du tendon tibial post\u00e9rieur<\/strong><span class=\"ez-toc-section-end\"><\/span><\/h2>\n\n\n\n<p>Le <strong>tendon tibial post\u00e9rieur<\/strong> est l\u2019une des structures les plus importantes pour la stabilit\u00e9 et la m\u00e9canique du pied. Il provient du <strong>muscle tibial post\u00e9rieur<\/strong>, situ\u00e9 profond\u00e9ment dans la loge post\u00e9rieure de la jambe, entre le tibia et le p\u00e9ron\u00e9. Ce muscle prend naissance principalement sur la face post\u00e9rieure du tibia et de la fibula, ainsi que sur la membrane interosseuse qui relie ces deux os.<\/p>\n\n\n\n<p>\u00c0 partir de cette origine, le muscle se prolonge par un tendon robuste qui descend le long de la jambe. Ce tendon passe <strong>derri\u00e8re la mall\u00e9ole interne<\/strong>, dans une goutti\u00e8re osseuse situ\u00e9e \u00e0 l\u2019int\u00e9rieur de la cheville. \u00c0 cet endroit, il est maintenu en place par un ligament appel\u00e9 <strong>r\u00e9tinaculum des fl\u00e9chisseurs<\/strong>, qui emp\u00eache le tendon de se d\u00e9placer lors des mouvements de la cheville.<\/p>\n\n\n\n<p>Apr\u00e8s avoir contourn\u00e9 la mall\u00e9ole interne, le tendon se dirige vers le milieu du pied o\u00f9 il s\u2019ins\u00e8re principalement sur <strong>l\u2019os naviculaire<\/strong>, une structure cl\u00e9 de la vo\u00fbte plantaire. Il envoie \u00e9galement des expansions vers plusieurs os du m\u00e9dio-pied, notamment les cun\u00e9iformes et les bases de certains m\u00e9tatarsiens, renfor\u00e7ant ainsi la stabilit\u00e9 de l\u2019arche m\u00e9diale.<\/p>\n\n\n\n<p>Sur le plan fonctionnel, le tendon tibial post\u00e9rieur agit comme un <strong>stabilisateur dynamique de la vo\u00fbte plantaire<\/strong>. Lors de la marche, il contribue \u00e0 soutenir l\u2019arche du pied et \u00e0 contr\u00f4ler la pronation. En se contractant, il provoque \u00e9galement un mouvement d\u2019<strong>inversion du pied<\/strong> et aide \u00e0 transformer le pied en une structure plus rigide pendant la phase de propulsion. Cette action permet une transmission efficace des forces du mollet vers l\u2019avant du pied.<\/p>\n\n\n\n<p>Lorsque ce tendon devient affaibli, inflamm\u00e9 ou d\u00e9g\u00e9n\u00e9r\u00e9, sa capacit\u00e9 \u00e0 soutenir l\u2019arche plantaire diminue. Cette perte de soutien peut entra\u00eener un <strong>affaissement progressif de la vo\u00fbte plantaire<\/strong>, une modification de l\u2019alignement du talon et une alt\u00e9ration de la m\u00e9canique de la marche, caract\u00e9ristiques du syndrome du tendon tibial post\u00e9rieur.<\/p>\n\n\n\n<h2 class=\"wp-block-heading has-white-color has-vivid-cyan-blue-background-color has-text-color has-background has-link-color wp-elements-5f99ed24f52e41713b5da684aa5fa349\" id=\"h-qu-est-ce-que-le-syndrome-du-tendon-tibial-posterieur\"><span class=\"ez-toc-section\" id=\"Quest-ce_que_le_syndrome_du_tendon_tibial_posterieur\"><\/span><strong>Qu\u2019est-ce que le syndrome du tendon tibial post\u00e9rieur ?<\/strong><span class=\"ez-toc-section-end\"><\/span><\/h2>\n\n\n\n<p>Le <strong>syndrome du tendon tibial post\u00e9rieur (STTP)<\/strong>, aussi appel\u00e9 dysfonction du tendon tibial post\u00e9rieur, est une affection caract\u00e9ris\u00e9e par une atteinte progressive de ce tendon essentiel \u00e0 la stabilit\u00e9 du pied. Lorsque ce tendon devient inflamm\u00e9, affaibli ou d\u00e9g\u00e9n\u00e9r\u00e9, il perd progressivement sa capacit\u00e9 \u00e0 soutenir la vo\u00fbte plantaire et \u00e0 contr\u00f4ler les mouvements du pied lors de la marche.<\/p>\n\n\n\n<p>Dans des conditions normales, le tendon tibial post\u00e9rieur agit comme un <strong>stabilisateur dynamique du pied<\/strong>, aidant \u00e0 maintenir l\u2019arche m\u00e9diale et \u00e0 contr\u00f4ler la pronation. Il permet \u00e9galement de transformer le pied en une structure rigide pendant la phase de propulsion, facilitant une marche efficace. Lorsque sa fonction diminue, l\u2019\u00e9quilibre biom\u00e9canique du pied se modifie progressivement.<\/p>\n\n\n\n<p>Au d\u00e9but de la maladie, le tendon peut simplement \u00eatre irrit\u00e9 ou enflamm\u00e9, provoquant une douleur le long de la face interne de la cheville. Avec le temps, des ph\u00e9nom\u00e8nes de <strong>d\u00e9g\u00e9n\u00e9rescence tendineuse (tendinose)<\/strong> peuvent appara\u00eetre, r\u00e9duisant la r\u00e9sistance du tendon. Cette perte de fonction entra\u00eene progressivement un affaissement de la vo\u00fbte plantaire et une modification de l\u2019alignement du pied.<\/p>\n\n\n\n<p>\u00c0 mesure que la condition \u00e9volue, le talon peut se d\u00e9placer vers l\u2019ext\u00e9rieur (valgus du talon) et l\u2019avant-pied peut s\u2019orienter vers l\u2019ext\u00e9rieur. Cette d\u00e9formation progressive est souvent d\u00e9crite comme un <strong>pied plat acquis de l\u2019adulte<\/strong>, une complication fr\u00e9quente du syndrome du tendon tibial post\u00e9rieur.<\/p>\n\n\n\n<p>Le STTP est g\u00e9n\u00e9ralement une affection <strong>progressive<\/strong>, ce qui signifie que les sympt\u00f4mes et les d\u00e9formations peuvent s\u2019aggraver avec le temps si la condition n\u2019est pas prise en charge. Une identification pr\u00e9coce et une gestion appropri\u00e9e sont donc essentielles pour pr\u00e9server la fonction du pied et limiter l\u2019\u00e9volution de la d\u00e9formation.<\/p>\n\n\n\n<h2 class=\"wp-block-heading has-white-color has-vivid-cyan-blue-background-color has-text-color has-background has-link-color wp-elements-985c70a892af3914551cc9a966eb6d7a\" id=\"h-symptomes-du-syndrome-du-tendon-tibial-posterieur\"><span class=\"ez-toc-section\" id=\"Symptomes_du_syndrome_du_tendon_tibial_posterieur\"><\/span><strong>Sympt\u00f4mes du syndrome du tendon tibial post\u00e9rieur<\/strong><span class=\"ez-toc-section-end\"><\/span><\/h2>\n\n\n\n<p>Les sympt\u00f4mes du <strong>syndrome du tendon tibial post\u00e9rieur (STTP)<\/strong> apparaissent g\u00e9n\u00e9ralement de fa\u00e7on progressive. Au d\u00e9but, la douleur peut \u00eatre l\u00e9g\u00e8re et intermittente, mais elle peut s\u2019intensifier avec le temps \u00e0 mesure que le tendon perd sa capacit\u00e9 \u00e0 soutenir la vo\u00fbte plantaire.<\/p>\n\n\n\n<p>Le sympt\u00f4me le plus fr\u00e9quent est une <strong>douleur le long de la face interne de la cheville et du pied<\/strong>, correspondant au trajet du tendon tibial post\u00e9rieur. Cette douleur est souvent ressentie derri\u00e8re ou sous la mall\u00e9ole interne et peut s\u2019\u00e9tendre vers l\u2019arche plantaire.<\/p>\n\n\n\n<p>Un <strong>gonflement localis\u00e9<\/strong> peut \u00e9galement appara\u00eetre autour de la mall\u00e9ole interne, surtout apr\u00e8s une activit\u00e9 physique prolong\u00e9e comme la marche, la course ou la mont\u00e9e d\u2019escaliers. Cette inflammation est li\u00e9e \u00e0 l\u2019irritation ou \u00e0 la d\u00e9g\u00e9n\u00e9rescence progressive du tendon.<\/p>\n\n\n\n<p>\u00c0 mesure que la fonction du tendon diminue, la <strong>vo\u00fbte plantaire peut commencer \u00e0 s\u2019affaisser<\/strong>. Les patients remarquent parfois que leur pied devient plus plat ou que leurs chaussures s\u2019usent diff\u00e9remment. Cette modification de la structure du pied peut entra\u00eener un changement dans la fa\u00e7on de marcher.<\/p>\n\n\n\n<p>Un autre signe fr\u00e9quent est la <strong>fatigue ou la faiblesse du pied<\/strong>, particuli\u00e8rement lors des activit\u00e9s n\u00e9cessitant une propulsion du pied, comme marcher sur la pointe des pieds ou courir. Certains patients ont de la difficult\u00e9 \u00e0 se tenir sur un seul pied ou \u00e0 effectuer un mouvement de mont\u00e9e sur la pointe du pied.<\/p>\n\n\n\n<p>Dans les stades plus avanc\u00e9s, la d\u00e9formation du pied peut provoquer une <strong>douleur sur le c\u00f4t\u00e9 externe de l\u2019arri\u00e8re-pied<\/strong>. Cette douleur lat\u00e9rale est souvent li\u00e9e \u00e0 la modification de l\u2019alignement du talon et \u00e0 la surcharge de certaines articulations.<\/p>\n\n\n\n<h3 class=\"wp-block-heading has-vivid-cyan-blue-color has-text-color has-link-color wp-elements-c5bc02fe5c685b450f83d12893e37ce0\" id=\"h-symptomes-les-plus-frequents\"><span class=\"ez-toc-section\" id=\"Symptomes_les_plus_frequents\"><\/span><strong>Sympt\u00f4mes les plus fr\u00e9quents<\/strong><span class=\"ez-toc-section-end\"><\/span><\/h3>\n\n\n\n<figure class=\"wp-block-table is-style-stripes\"><table class=\"has-background has-fixed-layout\" style=\"background-color:#f4d7d7\"><thead><tr><th>Sympt\u00f4me<\/th><th>Description<\/th><\/tr><\/thead><tbody><tr><td>Douleur interne de la cheville<\/td><td>Douleur le long du tendon tibial post\u00e9rieur, derri\u00e8re la mall\u00e9ole interne<\/td><\/tr><tr><td>Gonflement<\/td><td>Inflammation autour de la cheville ou de l\u2019arche plantaire<\/td><\/tr><tr><td>Affaissement de l\u2019arche<\/td><td>Diminution progressive de la vo\u00fbte plantaire<\/td><\/tr><tr><td>Faiblesse du pied<\/td><td>Difficult\u00e9 \u00e0 se tenir sur la pointe du pied<\/td><\/tr><tr><td>Fatigue \u00e0 la marche<\/td><td>Sensation d\u2019instabilit\u00e9 ou de fatigue du pied<\/td><\/tr><tr><td>Douleur lat\u00e9rale du pied<\/td><td>Douleur sur le c\u00f4t\u00e9 externe dans les stades avanc\u00e9s<\/td><\/tr><\/tbody><\/table><\/figure>\n\n\n\n<p>Reconna\u00eetre ces sympt\u00f4mes t\u00f4t permet d\u2019identifier la condition avant que la d\u00e9formation du pied ne devienne permanente.<\/p>\n\n\n\n<h2 class=\"wp-block-heading has-white-color has-vivid-cyan-blue-background-color has-text-color has-background has-link-color wp-elements-62ab193b528b31b058616549c54b71b7\" id=\"h-causes-et-facteurs-de-risque-du-syndrome-du-tendon-tibial-posterieur\"><span class=\"ez-toc-section\" id=\"Causes_et_facteurs_de_risque_du_syndrome_du_tendon_tibial_posterieur\"><\/span><strong>Causes et facteurs de risque du syndrome du tendon tibial post\u00e9rieur<\/strong><span class=\"ez-toc-section-end\"><\/span><\/h2>\n\n\n\n<p>Le <strong>syndrome du tendon tibial post\u00e9rieur (STTP)<\/strong> se d\u00e9veloppe g\u00e9n\u00e9ralement \u00e0 la suite d\u2019une combinaison de facteurs m\u00e9caniques, biologiques et fonctionnels. Dans la majorit\u00e9 des cas, la condition appara\u00eet progressivement lorsque le tendon est soumis \u00e0 des contraintes r\u00e9p\u00e9t\u00e9es d\u00e9passant sa capacit\u00e9 de r\u00e9cup\u00e9ration.<\/p>\n\n\n\n<p>La cause la plus fr\u00e9quente est la <strong>d\u00e9g\u00e9n\u00e9rescence progressive du tendon<\/strong>, souvent li\u00e9e \u00e0 des microtraumatismes r\u00e9p\u00e9t\u00e9s. Avec le temps, ces contraintes peuvent provoquer une alt\u00e9ration de la structure du tendon, appel\u00e9e <strong>tendinose<\/strong>, caract\u00e9ris\u00e9e par une diminution de la qualit\u00e9 des fibres tendineuses. Cette d\u00e9g\u00e9n\u00e9rescence est particuli\u00e8rement fr\u00e9quente dans certaines zones du tendon qui pr\u00e9sentent une vascularisation plus limit\u00e9e, notamment pr\u00e8s de la mall\u00e9ole interne.<\/p>\n\n\n\n<p>Certaines caract\u00e9ristiques biom\u00e9caniques du pied peuvent \u00e9galement favoriser le d\u00e9veloppement du STTP. Les personnes ayant un <strong>pied plat ou une hyperpronation<\/strong> pr\u00e9sentent souvent une surcharge accrue sur le tendon tibial post\u00e9rieur, car celui-ci doit travailler davantage pour soutenir la vo\u00fbte plantaire.<\/p>\n\n\n\n<p>Le <strong>surpoids ou l\u2019ob\u00e9sit\u00e9<\/strong> constitue un autre facteur important. L\u2019augmentation du poids corporel accro\u00eet les forces exerc\u00e9es sur les structures du pied lors de la marche ou de la station debout prolong\u00e9e, ce qui peut acc\u00e9l\u00e9rer la d\u00e9t\u00e9rioration du tendon.<\/p>\n\n\n\n<p>L\u2019\u00e2ge joue \u00e9galement un r\u00f4le. Le STTP est plus fr\u00e9quent chez les <strong>adultes d\u2019\u00e2ge moyen ou les personnes \u00e2g\u00e9es<\/strong>, car les tissus tendineux deviennent progressivement moins r\u00e9sistants avec le vieillissement.<\/p>\n\n\n\n<p>Dans certains cas, un <strong>traumatisme direct<\/strong> de la cheville ou du pied peut d\u00e9clencher la condition. Une entorse ou une blessure au tendon peut perturber sa fonction et amorcer un processus d\u00e9g\u00e9n\u00e9ratif.<\/p>\n\n\n\n<p>Certaines maladies syst\u00e9miques peuvent aussi augmenter le risque de d\u00e9velopper ce syndrome. Des conditions comme le <strong>diab\u00e8te, l\u2019hypertension ou les maladies inflammatoires<\/strong>, notamment la polyarthrite rhumato\u00efde, peuvent fragiliser les tendons et favoriser leur d\u00e9g\u00e9n\u00e9rescence.<\/p>\n\n\n\n<h3 class=\"wp-block-heading has-vivid-cyan-blue-color has-text-color has-link-color wp-elements-c275c77915550f1997094e33432d0ac4\" id=\"h-principaux-facteurs-de-risque\"><span class=\"ez-toc-section\" id=\"Principaux_facteurs_de_risque\"><\/span><strong>Principaux facteurs de risque<\/strong><span class=\"ez-toc-section-end\"><\/span><\/h3>\n\n\n\n<figure class=\"wp-block-table\"><table class=\"has-fixed-layout\"><thead><tr><th>Facteur<\/th><th>Impact sur le tendon<\/th><\/tr><\/thead><tbody><tr><td>Microtraumatismes r\u00e9p\u00e9t\u00e9s<\/td><td>Usure progressive du tendon<\/td><\/tr><tr><td>Pied plat ou hyperpronation<\/td><td>Surcharge m\u00e9canique du tendon<\/td><\/tr><tr><td>Surpoids<\/td><td>Augmentation des forces exerc\u00e9es sur le pied<\/td><\/tr><tr><td>Vieillissement<\/td><td>Diminution de la r\u00e9sistance du tendon<\/td><\/tr><tr><td>Traumatisme de la cheville<\/td><td>L\u00e9sion ou affaiblissement du tendon<\/td><\/tr><tr><td>Maladies syst\u00e9miques<\/td><td>Fragilisation des tissus tendineux<\/td><\/tr><\/tbody><\/table><\/figure>\n\n\n\n<p>Dans de nombreux cas, plusieurs de ces facteurs agissent ensemble, ce qui explique pourquoi le syndrome du tendon tibial post\u00e9rieur \u00e9volue souvent lentement et devient plus apparent avec le temps.<\/p>\n\n\n\n<h2 class=\"wp-block-heading has-white-color has-vivid-cyan-blue-background-color has-text-color has-background has-link-color wp-elements-d6961ea761de8152084c555ed4902c2f\" id=\"h-les-stades-du-syndrome-du-tendon-tibial-posterieur\"><span class=\"ez-toc-section\" id=\"Les_stades_du_syndrome_du_tendon_tibial_posterieur\"><\/span><strong>Les stades du syndrome du tendon tibial post\u00e9rieur<\/strong><span class=\"ez-toc-section-end\"><\/span><\/h2>\n\n\n\n<p>Le <strong>syndrome du tendon tibial post\u00e9rieur (STTP)<\/strong> \u00e9volue g\u00e9n\u00e9ralement de fa\u00e7on progressive. Pour mieux comprendre l\u2019\u00e9volution de la maladie et orienter le traitement, les sp\u00e9cialistes du pied et de la cheville utilisent souvent une classification en <strong>quatre stades<\/strong>, initialement d\u00e9crite par Johnson et Strom puis compl\u00e9t\u00e9e par Myerson.<\/p>\n\n\n\n<figure class=\"wp-block-table is-style-stripes\"><table class=\"has-black-color has-text-color has-background\" style=\"background-color:#f1cfcf\"><tbody><tr><td>Stade 1<\/td><td>Stade 2<\/td><td>Stade 3<\/td><td>Stade 4<\/td><\/tr><tr><td>Longueur du tendon normale<\/td><td>Tendon allong\u00e9<\/td><td>Tendon allong\u00e9<\/td><td>Modifications d\u00e9g\u00e9n\u00e9ratives de l&rsquo;articulation sous-talienne et des articulations de la cheville<\/td><\/tr><tr><td>Apparition progressive <\/td><td>Arri\u00e8re-pied normal<\/td><td>Modifications d\u00e9g\u00e9n\u00e9ratives de l&rsquo;articulation sous-talienne<\/td><td>L&rsquo;arri\u00e8re-pied est fix\u00e9 en \u00e9version avec incongruit\u00e9 de la cheville.<\/td><\/tr><tr><td>Douleur (l\u00e9g\u00e8re \u00e0 mod\u00e9r\u00e9e)<\/td><td>\u00c9volution sur plusieurs mois \u00e0 plusieurs ann\u00e9es <\/td><td>Tendon perturb\u00e9 et moins douloureux <\/td><td> Inclinaison en valgus du talus dans la mortaise de la cheville et d\u00e9g\u00e9n\u00e9rescence tibiolalaire lat\u00e9rale<\/td><\/tr><tr><td>Sensibilit\u00e9 autour de la mall\u00e9ole interne \u00e0 son insertion naviculaire Gonflement et sensibilit\u00e9 en dessous de la mall\u00e9ole interne Douleur dans l&rsquo;arri\u00e8re-pied lat\u00e9ral\t<\/td><td>Gonflement en dessous de la mall\u00e9ole m\u00e9diale <\/td><td> Douleur dans la partie lat\u00e9rale de l&rsquo;arri\u00e8re-pied<\/td><td><\/td><\/tr><tr><td>Gonflement en dessous de la mall\u00e9ole m\u00e9diale<\/td><td>D\u00e9veloppement d&rsquo;une d\u00e9formation fixe du pied plat\t<\/td><td>D\u00e9veloppement d&rsquo;une d\u00e9formation fixe du pied plat\t<\/td><td><\/td><\/tr><\/tbody><\/table><figcaption class=\"wp-element-caption\">Stades post\u00e9rieurs de la dysfonction tibiale. D&rsquo;apr\u00e8s Johnson et Strom 1989, Myerson 1996<\/figcaption><\/figure>\n\n\n\n<p>Cette classification permet d\u2019\u00e9valuer la gravit\u00e9 de la dysfonction du tendon et l\u2019impact sur la structure du pied.<\/p>\n\n\n\n<h3 class=\"wp-block-heading has-vivid-cyan-blue-color has-text-color has-link-color wp-elements-dd88ce448f9b992559580ff5af142972\" id=\"h-stade-i-inflammation-sans-deformation\"><span class=\"ez-toc-section\" id=\"Stade_I_%E2%80%93_Inflammation_sans_deformation\"><\/span><strong>Stade I \u2013 Inflammation sans d\u00e9formation<\/strong><span class=\"ez-toc-section-end\"><\/span><\/h3>\n\n\n\n<p>Au premier stade, le tendon tibial post\u00e9rieur est <strong>irrit\u00e9 ou inflamm\u00e9<\/strong>, mais sa structure et la forme du pied restent normales. Les patients ressentent g\u00e9n\u00e9ralement une douleur le long du tendon, derri\u00e8re la mall\u00e9ole interne, parfois accompagn\u00e9e d\u2019un gonflement localis\u00e9.<\/p>\n\n\n\n<p>La vo\u00fbte plantaire est encore pr\u00e9serv\u00e9e et aucune d\u00e9formation du pied n\u2019est visible. \u00c0 ce stade, la condition est souvent r\u00e9versible avec un traitement conservateur appropri\u00e9.<\/p>\n\n\n\n<h3 class=\"wp-block-heading has-vivid-cyan-blue-color has-text-color has-link-color wp-elements-fa3c74bc1ae086ffe64f6555770dabc9\" id=\"h-stade-ii-affaissement-progressif-de-l-arche\"><span class=\"ez-toc-section\" id=\"Stade_II_%E2%80%93_Affaissement_progressif_de_larche\"><\/span><strong>Stade II \u2013 Affaissement progressif de l\u2019arche<\/strong><span class=\"ez-toc-section-end\"><\/span><\/h3>\n\n\n\n<p>Au deuxi\u00e8me stade, le tendon commence \u00e0 perdre sa capacit\u00e9 de soutien. La <strong>vo\u00fbte plantaire s\u2019affaisse progressivement<\/strong>, ce qui entra\u00eene un d\u00e9but de pied plat acquis.<\/p>\n\n\n\n<p>La d\u00e9formation reste toutefois <strong>flexible<\/strong>, ce qui signifie que l\u2019arche peut encore \u00eatre corrig\u00e9e lorsque le pied est manipul\u00e9. Les patients peuvent \u00e9galement pr\u00e9senter un d\u00e9placement du talon vers l\u2019ext\u00e9rieur (valgus du talon) et une abduction de l\u2019avant-pied.<\/p>\n\n\n\n<h3 class=\"wp-block-heading has-vivid-cyan-blue-color has-text-color has-link-color wp-elements-1579517e0c29f2d81d4c0e6f0e3dfe72\" id=\"h-stade-iii-deformation-rigide-du-pied\"><span class=\"ez-toc-section\" id=\"Stade_III_%E2%80%93_Deformation_rigide_du_pied\"><\/span><strong>Stade III \u2013 D\u00e9formation rigide du pied<\/strong><span class=\"ez-toc-section-end\"><\/span><\/h3>\n\n\n\n<p>Au troisi\u00e8me stade, la d\u00e9formation du pied devient <strong>rigide et permanente<\/strong>. L\u2019affaissement de la vo\u00fbte plantaire ne peut plus \u00eatre corrig\u00e9 manuellement.<\/p>\n\n\n\n<p>Les articulations de l\u2019arri\u00e8re-pied, notamment l\u2019articulation sous-talienne, d\u00e9veloppent souvent des changements d\u00e9g\u00e9n\u00e9ratifs. La douleur peut alors appara\u00eetre \u00e0 la fois sur la face interne et sur la face externe du pied.<\/p>\n\n\n\n<h3 class=\"wp-block-heading has-vivid-cyan-blue-color has-text-color has-link-color wp-elements-1eae87f33362ca41d5a741046aa77736\" id=\"h-stade-iv-atteinte-de-la-cheville\"><span class=\"ez-toc-section\" id=\"Stade_IV_%E2%80%93_Atteinte_de_la_cheville\"><\/span><strong>Stade IV \u2013 Atteinte de la cheville<\/strong><span class=\"ez-toc-section-end\"><\/span><\/h3>\n\n\n\n<p>Dans les stades les plus avanc\u00e9s, la d\u00e9formation du pied peut \u00e9galement affecter la <strong>cheville elle-m\u00eame<\/strong>. Le ligament delto\u00efde peut se d\u00e9t\u00e9riorer, entra\u00eenant un mauvais alignement de l\u2019articulation de la cheville.<\/p>\n\n\n\n<p>Cette situation peut conduire \u00e0 une instabilit\u00e9 de la cheville et \u00e0 l\u2019apparition d\u2019une <strong>arthrose de la cheville<\/strong>, compliquant davantage la prise en charge.<\/p>\n\n\n\n<h3 class=\"wp-block-heading has-vivid-cyan-blue-color has-text-color has-link-color wp-elements-6bd8c1ace95926d702d765c68f78e12d\" id=\"h-classification-simplifiee-du-sttp\"><span class=\"ez-toc-section\" id=\"Classification_simplifiee_du_STTP\"><\/span><strong>Classification simplifi\u00e9e du STTP<\/strong><span class=\"ez-toc-section-end\"><\/span><\/h3>\n\n\n\n<p>La reconnaissance pr\u00e9coce de ces stades est essentielle, car les options de traitement et le pronostic varient consid\u00e9rablement selon le degr\u00e9 d\u2019\u00e9volution de la maladie.<\/p>\n\n\n\n<h2 class=\"wp-block-heading has-white-color has-vivid-cyan-blue-background-color has-text-color has-background has-link-color wp-elements-dbfa49454d6f8249c2a4139b9e5784bc\" id=\"h-comment-le-diagnostic-du-syndrome-du-tendon-tibial-posterieur-est-pose\"><span class=\"ez-toc-section\" id=\"Comment_le_diagnostic_du_syndrome_du_tendon_tibial_posterieur_est_pose\"><\/span><strong>Comment le diagnostic du syndrome du tendon tibial post\u00e9rieur est pos\u00e9<\/strong><span class=\"ez-toc-section-end\"><\/span><\/h2>\n\n\n\n<p>Le diagnostic du <strong>syndrome du tendon tibial post\u00e9rieur (STTP)<\/strong> repose principalement sur l\u2019examen clinique et l\u2019\u00e9valuation de la fonction du tendon tibial post\u00e9rieur. Les professionnels de sant\u00e9 analysent \u00e0 la fois les sympt\u00f4mes rapport\u00e9s par le patient, l\u2019apparence du pied et le comportement du tendon lors des mouvements.<\/p>\n\n\n\n<h3 class=\"wp-block-heading has-vivid-cyan-blue-color has-text-color has-link-color wp-elements-e4ca1f5f4e3b89dffc8492755a9b924e\" id=\"h-examen-clinique\"><span class=\"ez-toc-section\" id=\"Examen_clinique\"><\/span><strong>Examen clinique<\/strong><span class=\"ez-toc-section-end\"><\/span><\/h3>\n\n\n\n<p>Lors de la consultation, le praticien examine la <strong>cheville, l\u2019arche plantaire et l\u2019alignement du talon<\/strong>. Une attention particuli\u00e8re est port\u00e9e \u00e0 la pr\u00e9sence d\u2019un affaissement de la vo\u00fbte plantaire ou d\u2019un d\u00e9placement du talon vers l\u2019ext\u00e9rieur (valgus).<\/p>\n\n\n\n<p>La palpation du tendon tibial post\u00e9rieur, derri\u00e8re la mall\u00e9ole interne, permet souvent de reproduire la douleur. Une sensibilit\u00e9 locale ou un gonflement dans cette zone peut indiquer une inflammation ou une d\u00e9g\u00e9n\u00e9rescence du tendon.<\/p>\n\n\n\n<p>Un test fr\u00e9quemment utilis\u00e9 est le <strong>test de mont\u00e9e sur la pointe du pied sur une jambe (single heel rise test)<\/strong>. Chez une personne en bonne sant\u00e9, ce mouvement provoque une inversion du talon. En cas de dysfonction du tendon tibial post\u00e9rieur, ce mouvement devient difficile ou impossible \u00e0 r\u00e9aliser.<\/p>\n\n\n\n<p>Un autre signe clinique est le <strong>signe des \u201ctoo many toes\u201d<\/strong>. Vu de l\u2019arri\u00e8re, on observe un nombre excessif d\u2019orteils du c\u00f4t\u00e9 externe du pied, ce qui refl\u00e8te une abduction de l\u2019avant-pied associ\u00e9e \u00e0 l\u2019effondrement de l\u2019arche.<\/p>\n\n\n\n<h3 class=\"wp-block-heading has-vivid-cyan-blue-color has-text-color has-link-color wp-elements-559519e5f12380871604593c3bd696a4\" id=\"h-examens-d-imagerie\"><span class=\"ez-toc-section\" id=\"Examens_dimagerie\"><\/span><strong>Examens d\u2019imagerie<\/strong><span class=\"ez-toc-section-end\"><\/span><\/h3>\n\n\n\n<p>Lorsque le diagnostic clinique doit \u00eatre confirm\u00e9 ou lorsque la d\u00e9formation du pied est avanc\u00e9e, des examens d\u2019imagerie peuvent \u00eatre utilis\u00e9s.<\/p>\n\n\n\n<ul class=\"wp-block-list\">\n<li><strong>Radiographie<\/strong> : permet d\u2019\u00e9valuer l\u2019alignement du pied et la pr\u00e9sence d\u2019un pied plat acquis.<\/li>\n\n\n\n<li><strong>\u00c9chographie<\/strong> : utile pour visualiser l\u2019inflammation, l\u2019\u00e9paississement ou les l\u00e9sions du tendon.<\/li>\n\n\n\n<li><strong>IRM (imagerie par r\u00e9sonance magn\u00e9tique)<\/strong> : offre une analyse d\u00e9taill\u00e9e du tendon et des structures environnantes, particuli\u00e8rement en cas de suspicion de d\u00e9chirure ou de d\u00e9g\u00e9n\u00e9rescence avanc\u00e9e.<\/li>\n<\/ul>\n\n\n\n<h3 class=\"wp-block-heading has-vivid-cyan-blue-color has-text-color has-link-color wp-elements-e01e6e2ea6007336722f6db97476bc9c\" id=\"h-importance-d-un-diagnostic-precoce\"><span class=\"ez-toc-section\" id=\"Importance_dun_diagnostic_precoce\"><\/span><strong>Importance d\u2019un diagnostic pr\u00e9coce<\/strong><span class=\"ez-toc-section-end\"><\/span><\/h3>\n\n\n\n<p>Un diagnostic pr\u00e9coce est essentiel, car les premiers stades du STTP peuvent souvent \u00eatre trait\u00e9s efficacement par des approches conservatrices. Lorsque la condition \u00e9volue vers des stades plus avanc\u00e9s, les d\u00e9formations du pied peuvent devenir permanentes et n\u00e9cessiter des traitements plus complexes.<\/p>\n\n\n\n<h2 class=\"wp-block-heading has-white-color has-vivid-cyan-blue-background-color has-text-color has-background has-link-color wp-elements-f73ac7d5b75756242545d07d4fa0fa3e\" id=\"h-traitements-non-chirurgicaux-du-syndrome-du-tendon-tibial-posterieur\"><span class=\"ez-toc-section\" id=\"Traitements_non_chirurgicaux_du_syndrome_du_tendon_tibial_posterieur\"><\/span><strong>Traitements non chirurgicaux du syndrome du tendon tibial post\u00e9rieur<\/strong><span class=\"ez-toc-section-end\"><\/span><\/h2>\n\n\n\n<p>Dans les stades pr\u00e9coces du <strong>syndrome du tendon tibial post\u00e9rieur (STTP)<\/strong>, le traitement est g\u00e9n\u00e9ralement conservateur. L\u2019objectif principal est de <strong>r\u00e9duire la douleur, diminuer la surcharge sur le tendon et pr\u00e9server la stabilit\u00e9 de la vo\u00fbte plantaire<\/strong> afin de ralentir la progression de la condition.<\/p>\n\n\n\n<h3 class=\"wp-block-heading has-vivid-cyan-blue-color has-text-color has-link-color wp-elements-2a0f9963f02287b5ea019232243c1561\" id=\"h-repos-et-modification-des-activites\"><span class=\"ez-toc-section\" id=\"Repos_et_modification_des_activites\"><\/span><strong>Repos et modification des activit\u00e9s<\/strong><span class=\"ez-toc-section-end\"><\/span><\/h3>\n\n\n\n<p>Lorsque le tendon est irrit\u00e9 ou enflamm\u00e9, il est souvent n\u00e9cessaire de <strong>r\u00e9duire temporairement les activit\u00e9s qui augmentent la charge sur le pied<\/strong>, comme la course, la marche prolong\u00e9e ou les sports \u00e0 impact. Le repos relatif permet au tendon de r\u00e9cup\u00e9rer et de limiter l\u2019aggravation de la d\u00e9g\u00e9n\u00e9rescence.<\/p>\n\n\n\n<h3 class=\"wp-block-heading has-vivid-cyan-blue-color has-text-color has-link-color wp-elements-15b63fe3956f57a1c878c8e3810ca090\" id=\"h-application-de-glace\"><span class=\"ez-toc-section\" id=\"Application_de_glace\"><\/span><strong>Application de glace<\/strong><span class=\"ez-toc-section-end\"><\/span><\/h3>\n\n\n\n<p>L\u2019application locale de <strong>glace pendant 15 \u00e0 20 minutes<\/strong>, plusieurs fois par jour, peut aider \u00e0 diminuer l\u2019inflammation et la douleur, particuli\u00e8rement dans les phases initiales ou apr\u00e8s une activit\u00e9 physique.<\/p>\n\n\n\n<h3 class=\"wp-block-heading has-vivid-cyan-blue-color has-text-color has-link-color wp-elements-0cf2dfeded958b18dbce84c28e6f1535\" id=\"h-ortheses-plantaires\"><span class=\"ez-toc-section\" id=\"Ortheses_plantaires\"><\/span><strong>Orth\u00e8ses plantaires<\/strong><span class=\"ez-toc-section-end\"><\/span><\/h3>\n\n\n\n<p>Les <strong>semelles orthop\u00e9diques<\/strong> sont souvent utilis\u00e9es pour soutenir la vo\u00fbte plantaire et r\u00e9duire la tension exerc\u00e9e sur le tendon tibial post\u00e9rieur. En am\u00e9liorant l\u2019alignement du pied, elles permettent de redistribuer les forces lors de la marche et de diminuer la surcharge du tendon.<\/p>\n\n\n\n<h3 class=\"wp-block-heading has-vivid-cyan-blue-color has-text-color has-link-color wp-elements-b2982ff1c657ac7c25583ba5fce95765\" id=\"h-chaussures-adaptees\"><span class=\"ez-toc-section\" id=\"Chaussures_adaptees\"><\/span><strong>Chaussures adapt\u00e9es<\/strong><span class=\"ez-toc-section-end\"><\/span><\/h3>\n\n\n\n<p>Le choix de <strong>chaussures offrant un bon soutien de la vo\u00fbte plantaire et un maintien ad\u00e9quat de la cheville<\/strong> peut jouer un r\u00f4le important dans la gestion du STTP. Les chaussures trop souples ou us\u00e9es peuvent accentuer la pronation et augmenter la charge sur le tendon.<\/p>\n\n\n\n<h3 class=\"wp-block-heading has-vivid-cyan-blue-color has-text-color has-link-color wp-elements-a05f347fcf118f243ad3cf431c60e0c0\" id=\"h-exercices-de-renforcement-et-d-etirement\"><span class=\"ez-toc-section\" id=\"Exercices_de_renforcement_et_detirement\"><\/span><strong>Exercices de renforcement et d\u2019\u00e9tirement<\/strong><span class=\"ez-toc-section-end\"><\/span><\/h3>\n\n\n\n<p>Certains exercices peuvent aider \u00e0 am\u00e9liorer la stabilit\u00e9 du pied et de la cheville. Les exercices de <strong>renforcement des muscles du pied, de la cheville et du mollet<\/strong>, ainsi que les \u00e9tirements du triceps sural (gastrocn\u00e9miens et sol\u00e9aire), contribuent \u00e0 am\u00e9liorer la m\u00e9canique du pied et \u00e0 r\u00e9duire la tension sur le tendon tibial post\u00e9rieur.<\/p>\n\n\n\n<h3 class=\"wp-block-heading has-vivid-cyan-blue-color has-text-color has-link-color wp-elements-1905c728325aefd7e02ce92883d4dc99\" id=\"h-attelles-ou-immobilisation\"><span class=\"ez-toc-section\" id=\"Attelles_ou_immobilisation\"><\/span><strong>Attelles ou immobilisation<\/strong><span class=\"ez-toc-section-end\"><\/span><\/h3>\n\n\n\n<p>Dans certains cas, le port temporaire d\u2019une <strong>attelle ou d\u2019une botte de marche<\/strong> peut \u00eatre recommand\u00e9 afin de limiter les mouvements excessifs du pied et permettre au tendon de se reposer.<\/p>\n\n\n\n<h3 class=\"wp-block-heading has-vivid-cyan-blue-color has-text-color has-link-color wp-elements-37fe7e9d6fe643dbeede6539e866a11c\" id=\"h-medicaments-anti-inflammatoires\"><span class=\"ez-toc-section\" id=\"Medicaments_anti-inflammatoires\"><\/span><strong>M\u00e9dicaments anti-inflammatoires<\/strong><span class=\"ez-toc-section-end\"><\/span><\/h3>\n\n\n\n<p>Des <strong>anti-inflammatoires non st\u00e9ro\u00efdiens (AINS)<\/strong> peuvent \u00eatre utilis\u00e9s pour soulager la douleur et r\u00e9duire l\u2019inflammation \u00e0 court terme. Leur utilisation doit cependant \u00eatre encadr\u00e9e par un professionnel de sant\u00e9.<\/p>\n\n\n\n<p>Dans la majorit\u00e9 des cas diagnostiqu\u00e9s pr\u00e9cocement, ces approches conservatrices permettent d\u2019am\u00e9liorer les sympt\u00f4mes et de ralentir l\u2019\u00e9volution de la dysfonction du tendon tibial post\u00e9rieur.<\/p>\n\n\n\n\u26a0\ufe0f Quand consulter rapidement un professionnel de sant\u00e9\n\nIl est recommand\u00e9 de consulter si vous pr\u00e9sentez l\u2019un des signes suivants :\n\n\u2022 une douleur persistante \u00e0 l\u2019int\u00e9rieur de la cheville ou du pied qui ne s\u2019am\u00e9liore pas apr\u00e8s quelques jours de repos\n\n\u2022 un gonflement autour de la mall\u00e9ole interne ou le long du tendon tibial post\u00e9rieur\n\n\u2022 un affaissement progressif de la vo\u00fbte plantaire ou un changement visible dans la forme du pied\n\n\u2022 une difficult\u00e9 \u00e0 se tenir sur la pointe du pied, en particulier sur une seule jambe\n\n\u2022 une douleur sur le c\u00f4t\u00e9 externe du pied ou de l\u2019arri\u00e8re-pied, pouvant indiquer une \u00e9volution de la d\u00e9formation\n\n\u2022 une difficult\u00e9 croissante \u00e0 marcher ou \u00e0 pratiquer des activit\u00e9s quotidiennes\n\n\n\n<h2 class=\"wp-block-heading has-white-color has-vivid-cyan-blue-background-color has-text-color has-background has-link-color wp-elements-eab768aee39f8d2b159a355e662bdadd\" id=\"h-le-role-de-l-osteopathie-dans-la-prise-en-charge-du-syndrome-du-tendon-tibial-posterieur\"><span class=\"ez-toc-section\" id=\"Le_role_de_losteopathie_dans_la_prise_en_charge_du_syndrome_du_tendon_tibial_posterieur\"><\/span><strong>Le r\u00f4le de l\u2019ost\u00e9opathie dans la prise en charge du syndrome du tendon tibial post\u00e9rieur<\/strong><span class=\"ez-toc-section-end\"><\/span><\/h2>\n\n\n\n<p>L\u2019ost\u00e9opathie peut constituer une approche compl\u00e9mentaire int\u00e9ressante dans la prise en charge du syndrome du tendon tibial post\u00e9rieur (STTP). Au-del\u00e0 de la zone douloureuse, elle s\u2019int\u00e9resse \u00e0 l\u2019ensemble des facteurs m\u00e9caniques susceptibles d\u2019augmenter la tension exerc\u00e9e sur le tendon : mobilit\u00e9 articulaire, \u00e9quilibre musculaire, posture globale et qualit\u00e9 du mouvement lors de la marche.<\/p>\n\n\n\n<p>L\u2019objectif n\u2019est pas de \u201ctraiter uniquement le tendon\u201d, mais de comprendre pourquoi celui-ci est devenu en surcharge et quelles compensations corporelles entretiennent la douleur.<\/p>\n\n\n\n<h2 class=\"wp-block-heading\"><span class=\"ez-toc-section\" id=\"Une_vision_globale_de_la_biomecanique_du_pied\"><\/span><strong>Une vision globale de la biom\u00e9canique du pied<\/strong><span class=\"ez-toc-section-end\"><\/span><\/h2>\n\n\n\n<p>Le tendon tibial post\u00e9rieur ne fonctionne jamais de mani\u00e8re isol\u00e9e. Il participe \u00e0 une cha\u00eene dynamique impliquant le pied, la cheville, le genou, la hanche, le bassin et m\u00eame la colonne vert\u00e9brale. Une restriction de mobilit\u00e9 ou un mauvais contr\u00f4le moteur dans l\u2019une de ces r\u00e9gions peut modifier la r\u00e9partition des charges et augmenter les contraintes sur la face interne du pied.<\/p>\n\n\n\n<p>Par exemple, une diminution de mobilit\u00e9 de cheville, un valgus du talon, une faiblesse de hanche ou une surcharge posturale peuvent forcer le tendon tibial post\u00e9rieur \u00e0 travailler davantage \u00e0 chaque pas. Avec le temps, cette compensation r\u00e9p\u00e9t\u00e9e peut favoriser irritation, fatigue ou d\u00e9g\u00e9n\u00e9rescence tendineuse.<\/p>\n\n\n\n<p>L\u2019\u00e9valuation ost\u00e9opathique peut notamment s\u2019int\u00e9resser \u00e0 :<\/p>\n\n\n\n<ul class=\"wp-block-list\">\n<li>la mobilit\u00e9 de la cheville et de l\u2019articulation sous-talienne<\/li>\n\n\n\n<li>l\u2019alignement du talon et de la vo\u00fbte plantaire<\/li>\n\n\n\n<li>la fonction du mollet et des muscles stabilisateurs du pied<\/li>\n\n\n\n<li>la qualit\u00e9 de la marche<\/li>\n\n\n\n<li>la posture g\u00e9n\u00e9rale et la r\u00e9partition du poids corporel.<\/li>\n<\/ul>\n\n\n\n<p>Cette lecture globale aide \u00e0 relier une douleur locale \u00e0 des causes m\u00e9caniques parfois plus larges.<\/p>\n\n\n\n<h2 class=\"wp-block-heading\"><span class=\"ez-toc-section\" id=\"Travail_sur_les_tensions_musculaires_et_fasciales\"><\/span><strong>Travail sur les tensions musculaires et fasciales<\/strong><span class=\"ez-toc-section-end\"><\/span><\/h2>\n\n\n\n<p>Les tissus mous jouent un r\u00f4le majeur dans la m\u00e9canique du pied. Des tensions excessives des gastrocn\u00e9miens, du sol\u00e9aire, des fibulaires ou des muscles intrins\u00e8ques du pied peuvent modifier la fa\u00e7on dont les forces sont absorb\u00e9es et transmises pendant la marche.<\/p>\n\n\n\n<p>Lorsque la souplesse musculaire diminue ou que certains groupes musculaires deviennent dominants, le tendon tibial post\u00e9rieur peut \u00eatre davantage sollicit\u00e9 pour compenser. Cette surcharge r\u00e9p\u00e9t\u00e9e entretient parfois la douleur.<\/p>\n\n\n\n<p>Selon l\u2019\u00e9valuation clinique, le traitement ost\u00e9opathique peut inclure :<\/p>\n\n\n\n<ul class=\"wp-block-list\">\n<li>techniques myofasciales<\/li>\n\n\n\n<li>rel\u00e2chement des tensions musculaires<\/li>\n\n\n\n<li>mobilisations tissulaires douces<\/li>\n\n\n\n<li>travail fascial de la jambe et du pied<\/li>\n\n\n\n<li>conseils d\u2019auto-\u00e9tirement adapt\u00e9s.<\/li>\n<\/ul>\n\n\n\n<p>Ces approches visent \u00e0 am\u00e9liorer la mobilit\u00e9 tissulaire, diminuer certaines contraintes m\u00e9caniques et restaurer un mouvement plus fluide.<\/p>\n\n\n\n<h2 class=\"wp-block-heading\"><span class=\"ez-toc-section\" id=\"Amelioration_de_la_mobilite_articulaire\"><\/span><strong>Am\u00e9lioration de la mobilit\u00e9 articulaire<\/strong><span class=\"ez-toc-section-end\"><\/span><\/h2>\n\n\n\n<p>Un pied efficace a besoin d\u2019un bon \u00e9quilibre entre souplesse et stabilit\u00e9. Si certaines articulations deviennent trop rigides \u2014 cheville, sous-talienne, m\u00e9dio-pied, premi\u00e8re articulation m\u00e9tatarso-phalangienne \u2014 le transfert des charges peut se faire de mani\u00e8re moins harmonieuse.<\/p>\n\n\n\n<p>Le corps compense alors ailleurs, souvent en demandant davantage au tendon tibial post\u00e9rieur.<\/p>\n\n\n\n<p>Par des techniques manuelles adapt\u00e9es et non forc\u00e9es, l\u2019ost\u00e9opathe peut chercher \u00e0 am\u00e9liorer la mobilit\u00e9 des zones restreintes afin de favoriser une meilleure r\u00e9partition des forces pendant la marche et la station debout.<\/p>\n\n\n\n<h2 class=\"wp-block-heading\"><span class=\"ez-toc-section\" id=\"Reeducation_du_mouvement_et_conseils_pratiques\"><\/span><strong>R\u00e9\u00e9ducation du mouvement et conseils pratiques<\/strong><span class=\"ez-toc-section-end\"><\/span><\/h2>\n\n\n\n<p>Le traitement manuel seul est rarement suffisant. Une prise en charge moderne du STTP repose aussi sur l\u2019\u00e9ducation du patient et sur des strat\u00e9gies actives.<\/p>\n\n\n\n<p>L\u2019ost\u00e9opathe peut orienter la personne vers :<\/p>\n\n\n\n<ul class=\"wp-block-list\">\n<li>exercices de renforcement progressif du pied et du mollet<\/li>\n\n\n\n<li>travail de l\u2019\u00e9quilibre et de la stabilit\u00e9<\/li>\n\n\n\n<li>adaptation des activit\u00e9s sportives<\/li>\n\n\n\n<li>gestion des charges d\u2019entra\u00eenement<\/li>\n\n\n\n<li>choix de chaussures adapt\u00e9es<\/li>\n\n\n\n<li>conseils sur la reprise graduelle de la marche ou de la course.<\/li>\n<\/ul>\n\n\n\n<p>Cette dimension active aide \u00e0 consolider les b\u00e9n\u00e9fices du traitement et \u00e0 r\u00e9duire le risque de r\u00e9cidive.<\/p>\n\n\n\n<h3 class=\"wp-block-heading\"><span class=\"ez-toc-section\" id=\"Une_approche_complementaire_pas_exclusive\"><\/span><strong>Une approche compl\u00e9mentaire, pas exclusive<\/strong><span class=\"ez-toc-section-end\"><\/span><\/h3>\n\n\n\n<p>L\u2019ost\u00e9opathie s\u2019int\u00e8gre id\u00e9alement dans une prise en charge multidisciplinaire. Selon le stade de la condition, d\u2019autres outils peuvent \u00eatre n\u00e9cessaires : orth\u00e8ses plantaires, physioth\u00e9rapie, imagerie, suivi m\u00e9dical, immobilisation temporaire ou avis sp\u00e9cialis\u00e9 en chirurgie du pied et de la cheville.<\/p>\n\n\n\n<p>Lorsque la douleur persiste, que le pied se d\u00e9forme ou que la fonction diminue, une \u00e9valuation m\u00e9dicale demeure essentielle.<\/p>\n\n\n\n<h2 class=\"wp-block-heading has-white-color has-vivid-cyan-blue-background-color has-text-color has-background has-link-color wp-elements-45cafee55d7425dad4f22c02ef61caa8\" id=\"h-conseils-pour-prevenir-l-aggravation-du-syndrome-du-tendon-tibial-posterieur\"><span class=\"ez-toc-section\" id=\"Conseils_pour_prevenir_laggravation_du_syndrome_du_tendon_tibial_posterieur\"><\/span><strong>Conseils pour pr\u00e9venir l\u2019aggravation du syndrome du tendon tibial post\u00e9rieur<\/strong><span class=\"ez-toc-section-end\"><\/span><\/h2>\n\n\n\n<p>La pr\u00e9vention joue un r\u00f4le important dans la gestion du <strong>syndrome du tendon tibial post\u00e9rieur (STTP)<\/strong>. Adopter certaines habitudes peut aider \u00e0 r\u00e9duire la surcharge exerc\u00e9e sur le tendon et \u00e0 limiter la progression de la d\u00e9formation du pied.<\/p>\n\n\n\n<h3 class=\"wp-block-heading has-vivid-cyan-blue-color has-text-color has-link-color wp-elements-af2bd4d9b3168c56d7bb7a34505ef320\" id=\"h-choisir-des-chaussures-adaptees\"><span class=\"ez-toc-section\" id=\"Choisir_des_chaussures_adaptees\"><\/span><strong>Choisir des chaussures adapt\u00e9es<\/strong><span class=\"ez-toc-section-end\"><\/span><\/h3>\n\n\n\n<p>Le port de <strong>chaussures offrant un bon soutien de la vo\u00fbte plantaire et une stabilit\u00e9 suffisante de la cheville<\/strong> est essentiel. Des chaussures trop souples, us\u00e9es ou mal adapt\u00e9es peuvent accentuer la pronation du pied et augmenter les contraintes sur le tendon tibial post\u00e9rieur.<\/p>\n\n\n\n<p>Les personnes pr\u00e9sentant un pied plat ou une hyperpronation peuvent b\u00e9n\u00e9ficier de chaussures con\u00e7ues pour offrir un meilleur soutien de l\u2019arche plantaire.<\/p>\n\n\n\n<h3 class=\"wp-block-heading has-vivid-cyan-blue-color has-text-color has-link-color wp-elements-f02454a1220e3ef2e4c4e41e5957aba5\" id=\"h-maintenir-un-poids-corporel-sain\"><span class=\"ez-toc-section\" id=\"Maintenir_un_poids_corporel_sain\"><\/span><strong>Maintenir un poids corporel sain<\/strong><span class=\"ez-toc-section-end\"><\/span><\/h3>\n\n\n\n<p>Un <strong>exc\u00e8s de poids<\/strong> augmente la charge m\u00e9canique exerc\u00e9e sur les structures du pied lors de la marche ou de la station debout prolong\u00e9e. Maintenir un poids corporel adapt\u00e9 peut aider \u00e0 r\u00e9duire les contraintes sur le tendon tibial post\u00e9rieur et limiter le risque d\u2019aggravation.<\/p>\n\n\n\n<h3 class=\"wp-block-heading has-vivid-cyan-blue-color has-text-color has-link-color wp-elements-836d01d5537c402c439e4b25a4f9fc9b\" id=\"h-adapter-les-activites-physiques\"><span class=\"ez-toc-section\" id=\"Adapter_les_activites_physiques\"><\/span><strong>Adapter les activit\u00e9s physiques<\/strong><span class=\"ez-toc-section-end\"><\/span><\/h3>\n\n\n\n<p>Certaines activit\u00e9s impliquant des impacts r\u00e9p\u00e9t\u00e9s, comme la course ou les sports de saut, peuvent accentuer la surcharge sur le tendon. Il peut \u00eatre utile d\u2019alterner avec des activit\u00e9s <strong>moins traumatisantes pour le pied<\/strong>, comme la natation ou le v\u00e9lo, particuli\u00e8rement en p\u00e9riode de douleur.<\/p>\n\n\n\n<h3 class=\"wp-block-heading has-vivid-cyan-blue-color has-text-color has-link-color wp-elements-b5fb3886ee00f89be34bef4ea4e19bd6\" id=\"h-renforcer-les-muscles-du-pied-et-de-la-cheville\"><span class=\"ez-toc-section\" id=\"Renforcer_les_muscles_du_pied_et_de_la_cheville\"><\/span><strong>Renforcer les muscles du pied et de la cheville<\/strong><span class=\"ez-toc-section-end\"><\/span><\/h3>\n\n\n\n<p>Des exercices cibl\u00e9s peuvent am\u00e9liorer la stabilit\u00e9 du pied et r\u00e9duire la charge exerc\u00e9e sur le tendon tibial post\u00e9rieur. Le renforcement des <strong>muscles du mollet, des muscles intrins\u00e8ques du pied et du tibial post\u00e9rieur<\/strong> contribue \u00e0 soutenir la vo\u00fbte plantaire et \u00e0 am\u00e9liorer la m\u00e9canique de la marche.<\/p>\n\n\n\n<h3 class=\"wp-block-heading has-vivid-cyan-blue-color has-text-color has-link-color wp-elements-376898bdaf3da7604f829cc97bfea41e\" id=\"h-surveiller-l-evolution-des-symptomes\"><span class=\"ez-toc-section\" id=\"Surveiller_levolution_des_symptomes\"><\/span><strong>Surveiller l\u2019\u00e9volution des sympt\u00f4mes<\/strong><span class=\"ez-toc-section-end\"><\/span><\/h3>\n\n\n\n<p>Une douleur persistante \u00e0 la face interne de la cheville ou un affaissement progressif de la vo\u00fbte plantaire doivent \u00eatre pris au s\u00e9rieux. Une <strong>consultation pr\u00e9coce aupr\u00e8s d\u2019un professionnel de sant\u00e9<\/strong> permet d\u2019\u00e9tablir un diagnostic et d\u2019\u00e9viter l\u2019\u00e9volution vers des stades plus avanc\u00e9s de la maladie.<\/p>\n\n\n\n<p>En adoptant ces mesures pr\u00e9ventives et en intervenant d\u00e8s les premiers signes, il est souvent possible de ralentir l\u2019\u00e9volution du syndrome du tendon tibial post\u00e9rieur et de pr\u00e9server la fonction du pied.<\/p>\n\n\n\n<h2 class=\"wp-block-heading has-white-color has-vivid-cyan-blue-background-color has-text-color has-background has-link-color wp-elements-bb3c506b9eb7afc5bbc3a1e7f22c3894\" id=\"h-quand-consulter-un-professionnel-de-sante\"><span class=\"ez-toc-section\" id=\"Quand_consulter_un_professionnel_de_sante\"><\/span><strong>Quand consulter un professionnel de sant\u00e9<\/strong><span class=\"ez-toc-section-end\"><\/span><\/h2>\n\n\n\n<p>Il est recommand\u00e9 de consulter un professionnel de sant\u00e9 lorsque la douleur au niveau de la cheville ou du pied persiste ou s\u2019aggrave malgr\u00e9 le repos. Le <strong>syndrome du tendon tibial post\u00e9rieur<\/strong> peut \u00e9voluer progressivement, et une prise en charge pr\u00e9coce permet souvent de pr\u00e9venir une d\u00e9formation plus importante du pied.<\/p>\n\n\n\n<p>Une consultation est particuli\u00e8rement indiqu\u00e9e si la douleur appara\u00eet <strong>le long de la face interne de la cheville<\/strong>, derri\u00e8re la mall\u00e9ole interne, surtout lorsqu\u2019elle est associ\u00e9e \u00e0 un gonflement localis\u00e9 ou \u00e0 une sensibilit\u00e9 au toucher. Ce type de douleur peut \u00eatre le signe d\u2019une irritation ou d\u2019une d\u00e9g\u00e9n\u00e9rescence du tendon tibial post\u00e9rieur.<\/p>\n\n\n\n<p>Il est \u00e9galement important de consulter si vous remarquez <strong>un affaissement progressif de la vo\u00fbte plantaire<\/strong> ou un changement dans la forme du pied. Certains patients observent que leur pied devient plus plat ou que leur talon semble s\u2019incliner vers l\u2019ext\u00e9rieur. Ces signes peuvent indiquer une perte de fonction du tendon.<\/p>\n\n\n\n<p>Une <strong>difficult\u00e9 \u00e0 se tenir sur la pointe du pied<\/strong>, en particulier sur une seule jambe, peut \u00e9galement sugg\u00e9rer une faiblesse du tendon tibial post\u00e9rieur. Ce test simple est souvent utilis\u00e9 lors de l\u2019examen clinique pour \u00e9valuer la fonction du tendon.<\/p>\n\n\n\n<p>Dans les stades plus avanc\u00e9s, une douleur peut appara\u00eetre sur la <strong>face externe du pied ou de l\u2019arri\u00e8re-pied<\/strong>, en raison de la modification de l\u2019alignement du talon et de la surcharge des articulations voisines.<\/p>\n\n\n\n<p>Consulter un professionnel de sant\u00e9 permet d\u2019obtenir une \u00e9valuation compl\u00e8te, incluant l\u2019examen clinique et, si n\u00e9cessaire, des examens d\u2019imagerie. Un diagnostic pr\u00e9cis facilite la mise en place d\u2019un traitement adapt\u00e9 et peut aider \u00e0 pr\u00e9venir l\u2019\u00e9volution vers une d\u00e9formation permanente du pied.<\/p>\n\n\n\n<h2 class=\"wp-block-heading has-white-color has-vivid-cyan-blue-background-color has-text-color has-background has-link-color wp-elements-e15008d3aac0a58ba716385298ed8c32\" id=\"h-conclusion\"><span class=\"ez-toc-section\" id=\"Conclusion\"><\/span><strong>Conclusion<\/strong><span class=\"ez-toc-section-end\"><\/span><\/h2>\n\n\n\n<p>Le <strong>syndrome du tendon tibial post\u00e9rieur<\/strong> est une affection progressive qui peut alt\u00e9rer la stabilit\u00e9 du pied et entra\u00eener un affaissement de la vo\u00fbte plantaire lorsqu\u2019il n\u2019est pas pris en charge \u00e0 temps. Ce tendon joue un r\u00f4le essentiel dans la m\u00e9canique de la marche et dans le maintien de l\u2019arche plantaire. Lorsqu\u2019il devient irrit\u00e9, affaibli ou d\u00e9g\u00e9n\u00e9r\u00e9, l\u2019\u00e9quilibre biom\u00e9canique du pied peut progressivement se modifier.<\/p>\n\n\n\n<p>Les premiers signes de la condition sont souvent discrets, comme une douleur \u00e0 l\u2019int\u00e9rieur de la cheville ou une fatigue du pied lors de la marche. Avec le temps, la perte de fonction du tendon peut entra\u00eener des modifications visibles de la forme du pied et parfois une douleur dans d\u2019autres r\u00e9gions, notamment sur la face externe de l\u2019arri\u00e8re-pied.<\/p>\n\n\n\n<p>Un diagnostic pr\u00e9coce et une prise en charge adapt\u00e9e permettent g\u00e9n\u00e9ralement de <strong>ralentir l\u2019\u00e9volution de la maladie et de pr\u00e9server la fonction du pied<\/strong>. Les approches conservatrices, comme l\u2019adaptation des activit\u00e9s, le port de chaussures appropri\u00e9es, les orth\u00e8ses plantaires et les exercices de renforcement, jouent souvent un r\u00f4le important dans la gestion de cette condition.<\/p>\n\n\n\n<p>Dans ce contexte, l\u2019ost\u00e9opathie peut constituer une approche compl\u00e9mentaire int\u00e9ressante en s\u2019int\u00e9ressant \u00e0 la biom\u00e9canique globale du corps. En travaillant sur la mobilit\u00e9 articulaire, les tensions musculaires et l\u2019\u00e9quilibre postural, l\u2019ost\u00e9opathe peut contribuer \u00e0 r\u00e9duire les contraintes exerc\u00e9es sur le tendon tibial post\u00e9rieur et \u00e0 am\u00e9liorer la fonction du pied.<\/p>\n\n\n\n<p>En portant attention aux premiers sympt\u00f4mes et en adoptant des strat\u00e9gies de pr\u00e9vention adapt\u00e9es, il est possible de limiter l\u2019aggravation du syndrome du tendon tibial post\u00e9rieur et de maintenir une bonne qualit\u00e9 de vie au quotidien.<\/p>\n\n\n\n<h2 class=\"wp-block-heading has-white-color has-vivid-cyan-blue-background-color has-text-color has-background has-link-color wp-elements-f2290ef39efce7528b1d5e31c5ec6f5e\" id=\"h-references\"><span class=\"ez-toc-section\" id=\"References\"><\/span><strong>R\u00e9f\u00e9rences<\/strong><span class=\"ez-toc-section-end\"><\/span><\/h2>\n\n\n\n<ol class=\"wp-block-list\">\n<li>Johnson KA, Strom DE. Tibialis posterior tendon dysfunction. <strong>Clin Orthop Relat Res.<\/strong> 1989;(239):196-206.<\/li>\n\n\n\n<li>Myerson MS. Adult acquired flatfoot deformity: treatment of dysfunction of the posterior tibial tendon. <strong>J Bone Joint Surg Am.<\/strong> 1997;79(2):312-323.<\/li>\n\n\n\n<li>Kohls-Gatzoulis J, Woods B, Angel JC, Singh D. Tibialis posterior dysfunction: a common and treatable cause of adult acquired flatfoot. <strong>BMJ.<\/strong> 2004;329(7478):1328-1333.<\/li>\n\n\n\n<li>Alvarez RG, Marini A, Schmitt C, Saltzman CL. Stage I and II posterior tibial tendon dysfunction treated by a structured nonoperative management protocol. <strong>Foot Ankle Int.<\/strong> 2006;27(1):2-8.<\/li>\n\n\n\n<li>Deland JT. Adult-acquired flatfoot deformity. <strong>J Am Acad Orthop Surg.<\/strong> 2008;16(7):399-406.<\/li>\n\n\n\n<li>Kulig K, Reischl S, Pomrantz AB, Burnfield JM, Mais-Requejo S, Thordarson DB, et al. Nonsurgical management of posterior tibial tendon dysfunction with orthoses and resistive exercise. <strong>Phys Ther.<\/strong> 2009;89(1):26-37.<\/li>\n\n\n\n<li>Wacker J, Calder JDF, Engstrom CM, Saxby TS. MR imaging of posterior tibial tendon dysfunction. <strong>AJR Am J Roentgenol.<\/strong> 2003;181(3):709-713.<\/li>\n\n\n\n<li>Ling SKK, Lui TH. Posterior tibial tendon dysfunction: an overview. <strong>Open Orthop J.<\/strong> 2017;11:714-723.<\/li>\n\n\n\n<li>Henry JK, Shakked RJ, Ellis SJ. Adult-acquired flatfoot deformity. <strong>Foot Ankle Orthop.<\/strong> 2019;4(1):1-12.<\/li>\n\n\n\n<li>Knapp PW, Samuel LT, Sultan AA, et al. Posterior tibial tendon dysfunction. In: <strong>StatPearls.<\/strong> Treasure Island (FL): StatPearls Publishing; 2024.<\/li>\n\n\n\n<li>American Academy of Orthopaedic Surgeons. Posterior tibial tendon dysfunction (progressive collapsing foot deformity). <strong>OrthoInfo.<\/strong> AAOS; 2023.<\/li>\n\n\n\n<li>Magee DJ. <strong>Orthopedic Physical Assessment.<\/strong> 7th ed. St. Louis: Elsevier; 2021.<\/li>\n\n\n\n<li>Neumann DA. <strong>Kinesiology of the Musculoskeletal System: Foundations for Rehabilitation.<\/strong> 3rd ed. St. Louis: Elsevier; 2017.<\/li>\n\n\n\n<li>Greenman PE. <strong>Principles of Manual Medicine.<\/strong> 4th ed. Philadelphia: Lippincott Williams &amp; Wilkins; 2011.<\/li>\n\n\n\n<li>Travell JG, Simons DG. <strong>Myofascial Pain and Dysfunction: The Trigger Point Manual.<\/strong> Baltimore: Williams &amp; Wilkins; 1999.<\/li>\n<\/ol>\n","protected":false},"excerpt":{"rendered":"<p>La fonction du tibialis post\u00e9rieur est de soutenir la vo\u00fbte plantaire. Une insuffisance du tendon tibial sera par la suite sa difficult\u00e9 \u00e0 accomplir cette t\u00e2che. Il en r\u00e9sulte un aplatissement du pied ou une pronation.<\/p>\n","protected":false},"author":1,"featured_media":30075,"comment_status":"closed","ping_status":"closed","sticky":false,"template":"","format":"standard","meta":{"tdm_status":"","tdm_grid_status":"","iawp_total_views":394,"footnotes":""},"categories":[1],"tags":[],"class_list":{"0":"post-31219","1":"post","2":"type-post","3":"status-publish","4":"format-standard","5":"has-post-thumbnail","7":"category-non-classifiee"},"_links":{"self":[{"href":"https:\/\/osteomag.ca\/fr\/wp-json\/wp\/v2\/posts\/31219","targetHints":{"allow":["GET"]}}],"collection":[{"href":"https:\/\/osteomag.ca\/fr\/wp-json\/wp\/v2\/posts"}],"about":[{"href":"https:\/\/osteomag.ca\/fr\/wp-json\/wp\/v2\/types\/post"}],"author":[{"embeddable":true,"href":"https:\/\/osteomag.ca\/fr\/wp-json\/wp\/v2\/users\/1"}],"replies":[{"embeddable":true,"href":"https:\/\/osteomag.ca\/fr\/wp-json\/wp\/v2\/comments?post=31219"}],"version-history":[{"count":7,"href":"https:\/\/osteomag.ca\/fr\/wp-json\/wp\/v2\/posts\/31219\/revisions"}],"predecessor-version":[{"id":56936,"href":"https:\/\/osteomag.ca\/fr\/wp-json\/wp\/v2\/posts\/31219\/revisions\/56936"}],"wp:featuredmedia":[{"embeddable":true,"href":"https:\/\/osteomag.ca\/fr\/wp-json\/wp\/v2\/media\/30075"}],"wp:attachment":[{"href":"https:\/\/osteomag.ca\/fr\/wp-json\/wp\/v2\/media?parent=31219"}],"wp:term":[{"taxonomy":"category","embeddable":true,"href":"https:\/\/osteomag.ca\/fr\/wp-json\/wp\/v2\/categories?post=31219"},{"taxonomy":"post_tag","embeddable":true,"href":"https:\/\/osteomag.ca\/fr\/wp-json\/wp\/v2\/tags?post=31219"}],"curies":[{"name":"wp","href":"https:\/\/api.w.org\/{rel}","templated":true}]}}