{"id":36112,"date":"2023-12-19T17:14:49","date_gmt":"2023-12-19T21:14:49","guid":{"rendered":"https:\/\/osteomag.ca\/?p=36112"},"modified":"2025-05-19T06:55:23","modified_gmt":"2025-05-19T11:55:23","slug":"tendinite-coiffe-biomecanique","status":"publish","type":"post","link":"https:\/\/osteomag.ca\/fr\/tendinite-coiffe-biomecanique\/","title":{"rendered":"Tendinite de la coiffe : r\u00f4le de la biom\u00e9canique"},"content":{"rendered":"<div id=\"ez-toc-container\" class=\"ez-toc-v2_0_82_2 counter-hierarchy ez-toc-counter ez-toc-custom ez-toc-container-direction\">\n<div class=\"ez-toc-title-container\">\n<p class=\"ez-toc-title\" style=\"cursor:inherit\">Table des mati\u00e8res<\/p>\n<span class=\"ez-toc-title-toggle\"><a href=\"#\" class=\"ez-toc-pull-right ez-toc-btn ez-toc-btn-xs ez-toc-btn-default ez-toc-toggle\" aria-label=\"Toggle Table of Content\"><span class=\"ez-toc-js-icon-con\"><span class=\"\"><span class=\"eztoc-hide\" style=\"display:none;\">Toggle<\/span><span class=\"ez-toc-icon-toggle-span\"><svg style=\"fill: #000000;color:#000000\" xmlns=\"http:\/\/www.w3.org\/2000\/svg\" class=\"list-377408\" width=\"20px\" height=\"20px\" viewBox=\"0 0 24 24\" fill=\"none\"><path d=\"M6 6H4v2h2V6zm14 0H8v2h12V6zM4 11h2v2H4v-2zm16 0H8v2h12v-2zM4 16h2v2H4v-2zm16 0H8v2h12v-2z\" fill=\"currentColor\"><\/path><\/svg><svg style=\"fill: #000000;color:#000000\" class=\"arrow-unsorted-368013\" xmlns=\"http:\/\/www.w3.org\/2000\/svg\" width=\"10px\" height=\"10px\" viewBox=\"0 0 24 24\" version=\"1.2\" baseProfile=\"tiny\"><path d=\"M18.2 9.3l-6.2-6.3-6.2 6.3c-.2.2-.3.4-.3.7s.1.5.3.7c.2.2.4.3.7.3h11c.3 0 .5-.1.7-.3.2-.2.3-.5.3-.7s-.1-.5-.3-.7zM5.8 14.7l6.2 6.3 6.2-6.3c.2-.2.3-.5.3-.7s-.1-.5-.3-.7c-.2-.2-.4-.3-.7-.3h-11c-.3 0-.5.1-.7.3-.2.2-.3.5-.3.7s.1.5.3.7z\"\/><\/svg><\/span><\/span><\/span><\/a><\/span><\/div>\n<nav><ul class='ez-toc-list ez-toc-list-level-1 eztoc-toggle-hide-by-default' ><li class='ez-toc-page-1 ez-toc-heading-level-2'><a class=\"ez-toc-link ez-toc-heading-1\" href=\"https:\/\/osteomag.ca\/fr\/tendinite-coiffe-biomecanique\/#Comprendre_la_Tendinite_de_la_Coiffe_des_Rotateurs_Origines_et_Enjeux_Biomecaniques\" >Comprendre la Tendinite de la Coiffe des Rotateurs : Origines et Enjeux Biom\u00e9caniques<\/a><\/li><li class='ez-toc-page-1 ez-toc-heading-level-2'><a class=\"ez-toc-link ez-toc-heading-2\" href=\"https:\/\/osteomag.ca\/fr\/tendinite-coiffe-biomecanique\/#Anatomie_Fonctionnelle_Les_Muscles-Cles_au_Coeur_de_lEpaule\" >Anatomie Fonctionnelle : Les Muscles-Cl\u00e9s au C\u0153ur de l\u2019\u00c9paule<\/a><ul class='ez-toc-list-level-3' ><li class='ez-toc-heading-level-3'><a class=\"ez-toc-link ez-toc-heading-3\" href=\"https:\/\/osteomag.ca\/fr\/tendinite-coiffe-biomecanique\/#1_Le_sus-epineux_musculus_supraspinatus\" >1. Le sus-\u00e9pineux (musculus supraspinatus)<\/a><\/li><li class='ez-toc-page-1 ez-toc-heading-level-3'><a class=\"ez-toc-link ez-toc-heading-4\" href=\"https:\/\/osteomag.ca\/fr\/tendinite-coiffe-biomecanique\/#2_Le_sous-epineux_musculus_infraspinatus\" >2. Le sous-\u00e9pineux (musculus infraspinatus)<\/a><\/li><li class='ez-toc-page-1 ez-toc-heading-level-3'><a class=\"ez-toc-link ez-toc-heading-5\" href=\"https:\/\/osteomag.ca\/fr\/tendinite-coiffe-biomecanique\/#3_Le_petit_rond_musculus_teres_minor\" >3. Le petit rond (musculus teres minor)<\/a><\/li><li class='ez-toc-page-1 ez-toc-heading-level-3'><a class=\"ez-toc-link ez-toc-heading-6\" href=\"https:\/\/osteomag.ca\/fr\/tendinite-coiffe-biomecanique\/#4_Le_sous-scapulaire_musculus_subscapularis\" >4. Le sous-scapulaire (musculus subscapularis)<\/a><\/li><li class='ez-toc-page-1 ez-toc-heading-level-3'><a class=\"ez-toc-link ez-toc-heading-7\" href=\"https:\/\/osteomag.ca\/fr\/tendinite-coiffe-biomecanique\/#Un_Travail_en_Synergie_pour_un_Mouvement_Controle\" >Un Travail en Synergie pour un Mouvement Contr\u00f4l\u00e9<\/a><\/li><\/ul><\/li><li class='ez-toc-page-1 ez-toc-heading-level-2'><a class=\"ez-toc-link ez-toc-heading-8\" href=\"https:\/\/osteomag.ca\/fr\/tendinite-coiffe-biomecanique\/#Reconnaitre_les_Signes_Douleur_Faiblesse_et_Limitation_du_Mouvement\" >Reconna\u00eetre les Signes : Douleur, Faiblesse et Limitation du Mouvement<\/a><ul class='ez-toc-list-level-3' ><li class='ez-toc-heading-level-3'><a class=\"ez-toc-link ez-toc-heading-9\" href=\"https:\/\/osteomag.ca\/fr\/tendinite-coiffe-biomecanique\/#Douleur_a_lEpaule_le_Premier_Signal_dAlerte\" >Douleur \u00e0 l\u2019\u00c9paule : le Premier Signal d\u2019Alerte<\/a><\/li><li class='ez-toc-page-1 ez-toc-heading-level-3'><a class=\"ez-toc-link ez-toc-heading-10\" href=\"https:\/\/osteomag.ca\/fr\/tendinite-coiffe-biomecanique\/#Faiblesse_Musculaire_Une_Gene_Fonctionnelle_Croissante\" >Faiblesse Musculaire : Une G\u00eane Fonctionnelle Croissante<\/a><\/li><li class='ez-toc-page-1 ez-toc-heading-level-3'><a class=\"ez-toc-link ez-toc-heading-11\" href=\"https:\/\/osteomag.ca\/fr\/tendinite-coiffe-biomecanique\/#Douleurs_Nocturnes_et_Reveils_Frequents\" >Douleurs Nocturnes et R\u00e9veils Fr\u00e9quents<\/a><\/li><li class='ez-toc-page-1 ez-toc-heading-level-3'><a class=\"ez-toc-link ez-toc-heading-12\" href=\"https:\/\/osteomag.ca\/fr\/tendinite-coiffe-biomecanique\/#Limitation_de_lAmplitude_Articulaire\" >Limitation de l\u2019Amplitude Articulaire<\/a><\/li><li class='ez-toc-page-1 ez-toc-heading-level-3'><a class=\"ez-toc-link ez-toc-heading-13\" href=\"https:\/\/osteomag.ca\/fr\/tendinite-coiffe-biomecanique\/#Autres_Signes_Associes\" >Autres Signes Associ\u00e9s<\/a><\/li><li class='ez-toc-page-1 ez-toc-heading-level-3'><a class=\"ez-toc-link ez-toc-heading-14\" href=\"https:\/\/osteomag.ca\/fr\/tendinite-coiffe-biomecanique\/#Observer_Ecouter_Evaluer\" >Observer, \u00c9couter, \u00c9valuer<\/a><\/li><\/ul><\/li><li class='ez-toc-page-1 ez-toc-heading-level-2'><a class=\"ez-toc-link ez-toc-heading-15\" href=\"https:\/\/osteomag.ca\/fr\/tendinite-coiffe-biomecanique\/#Tests_Cliniques_et_Diagnostic_Comment_Identifier_une_Tendinite_de_la_Coiffe\" >Tests Cliniques et Diagnostic : Comment Identifier une Tendinite de la Coiffe ?<\/a><ul class='ez-toc-list-level-3' ><li class='ez-toc-heading-level-3'><a class=\"ez-toc-link ez-toc-heading-16\" href=\"https:\/\/osteomag.ca\/fr\/tendinite-coiffe-biomecanique\/#LEntretien_Clinique_Premiere_Cle_Diagnostique\" >L\u2019Entretien Clinique : Premi\u00e8re Cl\u00e9 Diagnostique<\/a><\/li><li class='ez-toc-page-1 ez-toc-heading-level-3'><a class=\"ez-toc-link ez-toc-heading-17\" href=\"https:\/\/osteomag.ca\/fr\/tendinite-coiffe-biomecanique\/#Observation_et_Palpation\" >Observation et Palpation<\/a><\/li><li class='ez-toc-page-1 ez-toc-heading-level-3'><a class=\"ez-toc-link ez-toc-heading-18\" href=\"https:\/\/osteomag.ca\/fr\/tendinite-coiffe-biomecanique\/#Tests_Specifiques_de_la_Coiffe_des_Rotateurs\" >Tests Sp\u00e9cifiques de la Coiffe des Rotateurs<\/a><\/li><li class='ez-toc-page-1 ez-toc-heading-level-3'><a class=\"ez-toc-link ez-toc-heading-19\" href=\"https:\/\/osteomag.ca\/fr\/tendinite-coiffe-biomecanique\/#Apport_de_lImagerie_Medicale\" >Apport de l\u2019Imagerie M\u00e9dicale<\/a><\/li><li class='ez-toc-page-1 ez-toc-heading-level-3'><a class=\"ez-toc-link ez-toc-heading-20\" href=\"https:\/\/osteomag.ca\/fr\/tendinite-coiffe-biomecanique\/#Evaluation_Osteopathique_Integree\" >\u00c9valuation Ost\u00e9opathique Int\u00e9gr\u00e9e<\/a><\/li><\/ul><\/li><li class='ez-toc-page-1 ez-toc-heading-level-2'><a class=\"ez-toc-link ez-toc-heading-21\" href=\"https:\/\/osteomag.ca\/fr\/tendinite-coiffe-biomecanique\/#Conflit_Sous-Acromial_Le_Role_du_Frottement_et_de_la_Compression\" >Conflit Sous-Acromial : Le R\u00f4le du Frottement et de la Compression<\/a><\/li><li class='ez-toc-page-1 ez-toc-heading-level-2'><a class=\"ez-toc-link ez-toc-heading-22\" href=\"https:\/\/osteomag.ca\/fr\/tendinite-coiffe-biomecanique\/#Instabilite_de_lEpaule_Une_Source_Frequente_de_Tendinite\" >Instabilit\u00e9 de l\u2019\u00c9paule : Une Source Fr\u00e9quente de Tendinite<\/a><\/li><li class='ez-toc-page-1 ez-toc-heading-level-2'><a class=\"ez-toc-link ez-toc-heading-23\" href=\"https:\/\/osteomag.ca\/fr\/tendinite-coiffe-biomecanique\/#Posture_Enroulee_et_Epaule_en_Avant_Un_Facteur_de_Risque_Sous-Estime\" >Posture Enroul\u00e9e et \u00c9paule en Avant : Un Facteur de Risque Sous-Estim\u00e9<\/a><\/li><li class='ez-toc-page-1 ez-toc-heading-level-2'><a class=\"ez-toc-link ez-toc-heading-24\" href=\"https:\/\/osteomag.ca\/fr\/tendinite-coiffe-biomecanique\/#Gestes_Repetitifs_Quand_la_Surutilisation_Enflamme_les_Tendons\" >Gestes R\u00e9p\u00e9titifs : Quand la Surutilisation Enflamme les Tendons<\/a><\/li><li class='ez-toc-page-1 ez-toc-heading-level-2'><a class=\"ez-toc-link ez-toc-heading-25\" href=\"https:\/\/osteomag.ca\/fr\/tendinite-coiffe-biomecanique\/#Desequilibres_Musculaires_Instabilite_Fatigue_et_Inflammation_des_Tendons\" >D\u00e9s\u00e9quilibres Musculaires : Instabilit\u00e9, Fatigue et Inflammation des Tendons<\/a><\/li><li class='ez-toc-page-1 ez-toc-heading-level-2'><a class=\"ez-toc-link ez-toc-heading-26\" href=\"https:\/\/osteomag.ca\/fr\/tendinite-coiffe-biomecanique\/#Traitement_Osteopathique_Detente_Mobilisation_et_Reequilibrage_Musculaire\" >Traitement Ost\u00e9opathique : D\u00e9tente, Mobilisation et R\u00e9\u00e9quilibrage Musculaire<\/a><ul class='ez-toc-list-level-3' ><li class='ez-toc-heading-level-3'><a class=\"ez-toc-link ez-toc-heading-27\" href=\"https:\/\/osteomag.ca\/fr\/tendinite-coiffe-biomecanique\/#1_Liberation_des_Tensions_Locales_et_Fasciales\" >1. Lib\u00e9ration des Tensions Locales et Fasciales<\/a><\/li><li class='ez-toc-page-1 ez-toc-heading-level-3'><a class=\"ez-toc-link ez-toc-heading-28\" href=\"https:\/\/osteomag.ca\/fr\/tendinite-coiffe-biomecanique\/#2_Restauration_de_la_Mobilite_Articulaire\" >2. Restauration de la Mobilit\u00e9 Articulaire<\/a><\/li><li class='ez-toc-page-1 ez-toc-heading-level-3'><a class=\"ez-toc-link ez-toc-heading-29\" href=\"https:\/\/osteomag.ca\/fr\/tendinite-coiffe-biomecanique\/#3_Reequilibrage_Musculaire_et_Postural\" >3. R\u00e9\u00e9quilibrage Musculaire et Postural<\/a><\/li><li class='ez-toc-page-1 ez-toc-heading-level-3'><a class=\"ez-toc-link ez-toc-heading-30\" href=\"https:\/\/osteomag.ca\/fr\/tendinite-coiffe-biomecanique\/#4_Une_Approche_Individualisee_et_Complementaire\" >4. Une Approche Individualis\u00e9e et Compl\u00e9mentaire<\/a><\/li><\/ul><\/li><li class='ez-toc-page-1 ez-toc-heading-level-2'><a class=\"ez-toc-link ez-toc-heading-31\" href=\"https:\/\/osteomag.ca\/fr\/tendinite-coiffe-biomecanique\/#Prevenir_et_Soulager_la_Tendinite_Une_Approche_Globale_et_Preventive\" >Pr\u00e9venir et Soulager la Tendinite : Une Approche Globale et Pr\u00e9ventive<\/a><\/li><\/ul><\/nav><\/div>\n\n<h2 class=\"wp-block-heading has-white-color has-text-color has-background has-link-color wp-elements-80847ac5a18e9b0426b9efbcf7562a8e\" id=\"h-comprendre-la-tendinite-de-la-coiffe-des-rotateurs-origines-et-enjeux-biomecaniques\" style=\"background-color:#484e5e\"><span class=\"ez-toc-section\" id=\"Comprendre_la_Tendinite_de_la_Coiffe_des_Rotateurs_Origines_et_Enjeux_Biomecaniques\"><\/span><strong>Comprendre la Tendinite de la Coiffe des Rotateurs : Origines et Enjeux Biom\u00e9caniques<\/strong><span class=\"ez-toc-section-end\"><\/span><\/h2>\n\n\n\n<p>Cette r\u00e9gion anatomique, compos\u00e9e de muscles et de tendons qui facilitent la mobilit\u00e9 et la stabilisation de l&rsquo;\u00e9paule, est soumise \u00e0 des contraintes biom\u00e9caniques sp\u00e9cifiques qui, lorsqu&rsquo;elles sont d\u00e9s\u00e9quilibr\u00e9es, peuvent conduire au d\u00e9veloppement de la tendinite de la coiffe des rotateurs.<\/p>\n\n\n\n<p>Les muscles de la coiffe des rotateurs, comprenant le sus-\u00e9pineux, le sous-\u00e9pineux, le sous-scapulaire et le petit rond, jouent un r\u00f4le essentiel dans le mouvement et la stabilisation de l&rsquo;\u00e9paule. Cependant, des d\u00e9s\u00e9quilibres dans la biom\u00e9canique de cette articulation, souvent dus \u00e0 une combinaison de facteurs tels que la surutilisation, une mauvaise posture ou des blessures ant\u00e9rieures, peuvent entra\u00eener des contraintes excessives sur les tendons de la coiffe des rotateurs.<\/p>\n\n\n\n<p>L&rsquo;impact de la biom\u00e9canique alt\u00e9r\u00e9e sur la tendinite de la coiffe des rotateurs se manifeste g\u00e9n\u00e9ralement par des douleurs, une faiblesse musculaire et une diminution de la mobilit\u00e9 de l&rsquo;\u00e9paule. Lorsque les tendons de la coiffe des rotateurs sont sollicit\u00e9s de mani\u00e8re r\u00e9p\u00e9titive dans des positions d\u00e9savantageuses, cela peut entra\u00eener une inflammation, des microtraumatismes et \u00e9ventuellement le d\u00e9veloppement de la tendinite.<\/p>\n\n\n\n<p>Comprendre la biom\u00e9canique de l&rsquo;\u00e9paule dans le contexte de la tendinite de la coiffe des rotateurs est essentiel pour \u00e9laborer des approches de pr\u00e9vention et de traitement adapt\u00e9es. Des exercices de renforcement musculaire cibl\u00e9s, une correction de la posture et des techniques visant \u00e0 am\u00e9liorer la biom\u00e9canique globale de l&rsquo;\u00e9paule peuvent jouer un r\u00f4le crucial dans la gestion de cette affection douloureuse.<\/p>\n\n\n\n<h2 class=\"wp-block-heading has-white-color has-text-color has-background has-link-color wp-elements-72dcb818f95851569b8696ef8fd54788\" id=\"h-anatomie-fonctionnelle-les-muscles-cles-au-coeur-de-l-epaule\" style=\"background-color:#484e5e\"><span class=\"ez-toc-section\" id=\"Anatomie_Fonctionnelle_Les_Muscles-Cles_au_Coeur_de_lEpaule\"><\/span><strong><strong><strong>Anatomie Fonctionnelle : Les Muscles-Cl\u00e9s au C\u0153ur de l\u2019\u00c9paule<\/strong><\/strong><\/strong><span class=\"ez-toc-section-end\"><\/span><\/h2>\n\n\n\n<p>La coiffe des rotateurs est un ensemble musculaire fondamental pour la stabilit\u00e9 et le mouvement de l\u2019articulation gl\u00e9no-hum\u00e9rale. Cette articulation, qui relie la t\u00eate de l\u2019hum\u00e9rus \u00e0 la cavit\u00e9 gl\u00e9no\u00efde de l\u2019omoplate, est la plus mobile du corps humain, mais aussi l\u2019une des plus vuln\u00e9rables. La coiffe agit comme un v\u00e9ritable \u00ab\u00a0manchon dynamique\u00a0\u00bb qui enveloppe la t\u00eate hum\u00e9rale et la maintient centr\u00e9e dans sa cavit\u00e9 pendant les mouvements complexes de l\u2019\u00e9paule.<\/p>\n\n\n\n<p>La coiffe des rotateurs est compos\u00e9e de <strong>quatre muscles principaux<\/strong>, chacun ayant une fonction sp\u00e9cifique mais interd\u00e9pendante dans le bon fonctionnement de l\u2019\u00e9paule :<\/p>\n\n\n\n<h3 class=\"wp-block-heading has-text-color has-link-color wp-elements-b0231720a99ec9afb93c1b0e5a5e2cde\" style=\"color:#a33c3c\"><span class=\"ez-toc-section\" id=\"1_Le_sus-epineux_musculus_supraspinatus\"><\/span><strong>1. Le sus-\u00e9pineux (musculus supraspinatus)<\/strong><span class=\"ez-toc-section-end\"><\/span><\/h3>\n\n\n\n<p>Situ\u00e9 au-dessus de l\u2019\u00e9pine de l\u2019omoplate, le sus-\u00e9pineux s\u2019ins\u00e8re sur la fosse sus-\u00e9pineuse et se termine sur la facette sup\u00e9rieure du tubercule majeur de l\u2019hum\u00e9rus. Il est principalement responsable de l\u2019initiation de l\u2019abduction du bras (les 15 \u00e0 30 premiers degr\u00e9s) avant que le delto\u00efde ne prenne le relais. Son r\u00f4le stabilisateur est crucial, notamment pour maintenir la t\u00eate hum\u00e9rale dans l\u2019axe articulaire lors des mouvements d\u2019\u00e9l\u00e9vation. Ce muscle est le plus souvent impliqu\u00e9 dans les tendinites, en raison de son passage sous l\u2019acromion, zone sujette aux conflits.<\/p>\n\n\n\n<h3 class=\"wp-block-heading has-text-color has-link-color wp-elements-32f26761d8f7eab14cced285402ca865\" style=\"color:#a33c3c\"><span class=\"ez-toc-section\" id=\"2_Le_sous-epineux_musculus_infraspinatus\"><\/span><strong>2. Le sous-\u00e9pineux (musculus infraspinatus)<\/strong><span class=\"ez-toc-section-end\"><\/span><\/h3>\n\n\n\n<p>Le sous-\u00e9pineux prend naissance sur la fosse sous-\u00e9pineuse de l\u2019omoplate et s\u2019ins\u00e8re \u00e9galement sur le tubercule majeur, mais sur la facette moyenne. Ce muscle est un <strong>rotateur lat\u00e9ral<\/strong> de l\u2019hum\u00e9rus. Il intervient dans des mouvements comme faire un revers au tennis ou effectuer une rotation externe du bras. Il participe \u00e9galement \u00e0 la coaptation de la t\u00eate hum\u00e9rale, limitant les translations excessives pendant les gestes dynamiques.<\/p>\n\n\n\n<h3 class=\"wp-block-heading has-text-color has-link-color wp-elements-2403a16689cbf976013f25ebc82c5c91\" style=\"color:#a33c3c\"><span class=\"ez-toc-section\" id=\"3_Le_petit_rond_musculus_teres_minor\"><\/span><strong>3. Le petit rond (musculus teres minor)<\/strong><span class=\"ez-toc-section-end\"><\/span><\/h3>\n\n\n\n<p>Muscle souvent sous-estim\u00e9, le petit rond est situ\u00e9 juste en dessous du sous-\u00e9pineux, avec lequel il partage une fonction de rotation externe. Il s\u2019ins\u00e8re sur le bord lat\u00e9ral de la scapula et se termine sur la facette inf\u00e9rieure du tubercule majeur. Bien qu\u2019il soit plus petit, son r\u00f4le stabilisateur est important, notamment dans les mouvements combin\u00e9s de rotation externe et d\u2019adduction, comme lorsqu\u2019on ram\u00e8ne un objet vers soi en rotation.<\/p>\n\n\n\n<h3 class=\"wp-block-heading has-text-color has-link-color wp-elements-d4be1881b1a0f5bdfd48188bea8560d2\" style=\"color:#a33c3c\"><span class=\"ez-toc-section\" id=\"4_Le_sous-scapulaire_musculus_subscapularis\"><\/span><strong>4. Le sous-scapulaire (musculus subscapularis)<\/strong><span class=\"ez-toc-section-end\"><\/span><\/h3>\n\n\n\n<p>Unique rotateur <strong>interne<\/strong> de la coiffe des rotateurs, le sous-scapulaire prend naissance sur la face ant\u00e9rieure de l\u2019omoplate (fosse subscapulaire) et s\u2019attache sur le <strong>tubercule mineur de l\u2019hum\u00e9rus<\/strong>. Il participe activement \u00e0 la stabilisation ant\u00e9rieure de l\u2019\u00e9paule et s\u2019oppose aux forces de translation ant\u00e9rieure de la t\u00eate hum\u00e9rale, en particulier dans les gestes de lancer ou de pouss\u00e9e.<\/p>\n\n\n\n<h3 class=\"wp-block-heading has-text-color has-link-color wp-elements-04b899707e364f33a0b4d96c09fe25be\" style=\"color:#a33c3c\"><span class=\"ez-toc-section\" id=\"Un_Travail_en_Synergie_pour_un_Mouvement_Controle\"><\/span><strong>Un Travail en Synergie pour un Mouvement Contr\u00f4l\u00e9<\/strong><span class=\"ez-toc-section-end\"><\/span><\/h3>\n\n\n\n<p>Ce qui rend la coiffe des rotateurs si particuli\u00e8re, c\u2019est sa capacit\u00e9 \u00e0 <strong>coordonner stabilit\u00e9 et mobilit\u00e9<\/strong>. Chaque muscle, bien qu\u2019ayant une fonction propre, travaille en synergie avec les autres pour centrer la t\u00eate hum\u00e9rale au sein de la gl\u00e8ne tout au long de l\u2019arc de mouvement. Cette coordination fine est essentielle pour pr\u00e9venir les ph\u00e9nom\u00e8nes de conflit sous-acromial et les stress excessifs sur les tendons.<\/p>\n\n\n\n<p>De plus, ces muscles interagissent avec d\u2019autres groupes musculaires, comme le delto\u00efde, le trap\u00e8ze, le dentel\u00e9 ant\u00e9rieur et les muscles du tronc. L\u2019\u00e9paule ne peut \u00eatre comprise de mani\u00e8re isol\u00e9e : elle fait partie int\u00e9grante d\u2019une <strong>cha\u00eene cin\u00e9tique complexe<\/strong> o\u00f9 les compensations ou faiblesses \u00e0 distance (rachis cervical, colonne dorsale, bassin) peuvent perturber son \u00e9quilibre local.<\/p>\n\n\n\n<h2 class=\"wp-block-heading has-white-color has-text-color has-background has-link-color wp-elements-91559e923d12d3e45c522fe45c0c6d99\" id=\"h-reconnaitre-les-signes-douleur-faiblesse-et-limitation-du-mouvement\" style=\"background-color:#484e5e\"><span class=\"ez-toc-section\" id=\"Reconnaitre_les_Signes_Douleur_Faiblesse_et_Limitation_du_Mouvement\"><\/span><strong><strong><strong>Reconna\u00eetre les Signes : Douleur, Faiblesse et Limitation du Mouvement<\/strong><\/strong><\/strong><span class=\"ez-toc-section-end\"><\/span><\/h2>\n\n\n\n<p>La tendinite de la coiffe des rotateurs se manifeste par une constellation de signes cliniques caract\u00e9ristiques, qui traduisent l\u2019inflammation, la souffrance tendineuse et le d\u00e9s\u00e9quilibre biom\u00e9canique de l\u2019articulation de l\u2019\u00e9paule. Identifier pr\u00e9cocement ces signes est essentiel pour instaurer une prise en charge adapt\u00e9e et \u00e9viter une \u00e9volution vers des formes plus chroniques ou invalidantes.<\/p>\n\n\n\n<h3 class=\"wp-block-heading has-text-color has-link-color wp-elements-c3849068ea8f12c8a3ac10b96d156859\" style=\"color:#a33c3c\"><span class=\"ez-toc-section\" id=\"Douleur_a_lEpaule_le_Premier_Signal_dAlerte\"><\/span><strong>Douleur \u00e0 l\u2019\u00c9paule : le Premier Signal d\u2019Alerte<\/strong><span class=\"ez-toc-section-end\"><\/span><\/h3>\n\n\n\n<p>La douleur est le sympt\u00f4me principal. Elle appara\u00eet souvent de mani\u00e8re progressive, mais peut aussi survenir brutalement apr\u00e8s un effort inhabituel. Elle est g\u00e9n\u00e9ralement localis\u00e9e au niveau de la face lat\u00e9rale ou ant\u00e9rieure de l\u2019\u00e9paule, irradiant parfois vers le bras, mais rarement au-del\u00e0 du coude.<\/p>\n\n\n\n<p>Cette douleur est souvent <strong>exacerb\u00e9e lors des mouvements d\u2019\u00e9l\u00e9vation ou d\u2019abduction<\/strong> du bras \u2014 notamment entre 60\u00b0 et 120\u00b0, une zone dite de \u00ab\u00a0conflit douloureux\u00a0\u00bb \u2014 correspondant \u00e0 l\u2019espace sous-acromial r\u00e9duit. Elle peut \u00e9galement appara\u00eetre lors de gestes quotidiens simples, comme enfiler un manteau, attraper un objet en hauteur ou se coiffer.<\/p>\n\n\n\n<p>Un <strong>test clinique \u00e9vocateur<\/strong> est celui de <strong>l\u2019arc douloureux actif<\/strong>, o\u00f9 la douleur augmente lors de l\u2019\u00e9l\u00e9vation active du bras puis diminue en fin de course, en raison du frottement transitoire du tendon enflamm\u00e9 contre l\u2019acromion.<\/p>\n\n\n\n<h3 class=\"wp-block-heading has-text-color has-link-color wp-elements-642827ac2b4b5b78148b495a3cb1a1ec\" style=\"color:#a33c3c\"><span class=\"ez-toc-section\" id=\"Faiblesse_Musculaire_Une_Gene_Fonctionnelle_Croissante\"><\/span><strong>Faiblesse Musculaire : Une G\u00eane Fonctionnelle Croissante<\/strong><span class=\"ez-toc-section-end\"><\/span><\/h3>\n\n\n\n<p>Outre la douleur, de nombreux patients rapportent une <strong>perte de force progressive<\/strong>, particuli\u00e8rement lors des mouvements de rotation externe (impliquant le sous-\u00e9pineux et le petit rond) ou d\u2019abduction (impliquant le sus-\u00e9pineux). Cette faiblesse peut \u00eatre d\u2019origine m\u00e9canique (inhibition r\u00e9flexe li\u00e9e \u00e0 la douleur) ou fonctionnelle (d\u00e9conditionnement musculaire ou rupture tendineuse partielle\/compl\u00e8te).<\/p>\n\n\n\n<p>Dans les cas chroniques ou chez les personnes \u00e2g\u00e9es, cette faiblesse peut \u00e9voluer vers une v\u00e9ritable impotence fonctionnelle, o\u00f9 les gestes du quotidien deviennent difficilement r\u00e9alisables. Lever un sac, porter un objet, tenir un outil \u00e0 bout de bras : autant d\u2019actions simples qui deviennent laborieuses, voire impossibles.<\/p>\n\n\n\n<h3 class=\"wp-block-heading has-text-color has-link-color wp-elements-0ab22970a642048f10b7f8e3e0249ad8\" style=\"color:#a33c3c\"><span class=\"ez-toc-section\" id=\"Douleurs_Nocturnes_et_Reveils_Frequents\"><\/span><strong>Douleurs Nocturnes et R\u00e9veils Fr\u00e9quents<\/strong><span class=\"ez-toc-section-end\"><\/span><\/h3>\n\n\n\n<p>Un autre sympt\u00f4me \u00e9vocateur de la tendinite de la coiffe des rotateurs est la <strong>douleur nocturne<\/strong>, en particulier en d\u00e9cubitus lat\u00e9ral sur l\u2019\u00e9paule atteinte. Cette douleur peut r\u00e9veiller le patient plusieurs fois dans la nuit, perturbant le sommeil et affectant la r\u00e9cup\u00e9ration.<\/p>\n\n\n\n<p>La position allong\u00e9e accentue souvent la pression sur les structures enflamm\u00e9es, notamment le tendon du sus-\u00e9pineux et la bourse sous-acromiale. Le manque de mouvement pendant la nuit limite la vascularisation locale, aggravant l\u2019irritation tendineuse.<\/p>\n\n\n\n<h3 class=\"wp-block-heading has-text-color has-link-color wp-elements-776764fe683517929a3feb2773a086d5\" style=\"color:#a33c3c\"><span class=\"ez-toc-section\" id=\"Limitation_de_lAmplitude_Articulaire\"><\/span><strong>Limitation de l\u2019Amplitude Articulaire<\/strong><span class=\"ez-toc-section-end\"><\/span><\/h3>\n\n\n\n<p>\u00c0 mesure que la tendinite progresse, on observe fr\u00e9quemment une <strong>diminution de la mobilit\u00e9 active<\/strong>, parfois aussi passive, selon le degr\u00e9 de douleur et de raideur articulaire. Les mouvements les plus affect\u00e9s sont ceux d\u2019\u00e9l\u00e9vation, d\u2019abduction et de rotation externe.<\/p>\n\n\n\n<p>Dans certains cas, cette restriction de mobilit\u00e9 s\u2019installe de fa\u00e7on insidieuse, menant \u00e0 des compensations au niveau du rachis cervical, du tronc ou de la scapula. Ces adaptations peuvent \u00e0 leur tour provoquer des douleurs secondaires ou des troubles musculosquelettiques associ\u00e9s (douleurs cervicales, dorsalgies, contractures musculaires\u2026).<\/p>\n\n\n\n<h3 class=\"wp-block-heading has-text-color has-link-color wp-elements-f2c91a707a449aaea01400cfe9b849ca\" style=\"color:#a33c3c\"><span class=\"ez-toc-section\" id=\"Autres_Signes_Associes\"><\/span><strong>Autres Signes Associ\u00e9s<\/strong><span class=\"ez-toc-section-end\"><\/span><\/h3>\n\n\n\n<p>Certains patients pr\u00e9sentent \u00e9galement une <strong>sensation de craquement ou de frottement<\/strong> \u00e0 l\u2019int\u00e9rieur de l\u2019articulation lors de certains mouvements, traduisant parfois une bursite associ\u00e9e ou une irr\u00e9gularit\u00e9 tendineuse.<\/p>\n\n\n\n<p>D\u2019autres peuvent \u00e9voquer une sensation de bras \u201clourd\u201d ou \u201cinstable\u201d, en lien avec une perte de coordination scapulo-hum\u00e9rale. Dans les cas les plus avanc\u00e9s, une <strong>atrophie visible<\/strong> des muscles de l\u2019\u00e9paule (en particulier le sus-\u00e9pineux et l\u2019infra-\u00e9pineux) peut \u00eatre observ\u00e9e.<\/p>\n\n\n\n<h3 class=\"wp-block-heading has-text-color has-link-color wp-elements-3cb5761d02dccd5f85f967cb60bc8ddf\" style=\"color:#a33c3c\"><span class=\"ez-toc-section\" id=\"Observer_Ecouter_Evaluer\"><\/span><strong>Observer, \u00c9couter, \u00c9valuer<\/strong><span class=\"ez-toc-section-end\"><\/span><\/h3>\n\n\n\n<p>La reconnaissance de ces signes cliniques ne repose pas uniquement sur les tests orthop\u00e9diques, mais aussi sur <strong>l\u2019\u00e9coute du r\u00e9cit du patient<\/strong>, la compr\u00e9hension du contexte (professionnel, sportif, postural) et l\u2019observation des gestes fonctionnels.<\/p>\n\n\n\n<p>Pour le th\u00e9rapeute manuel, l\u2019\u00e9valuation qualitative du mouvement, le ressenti tissulaire, et l\u2019identification des zones de tension ou de compensation sont des outils pr\u00e9cieux pour affiner le diagnostic et orienter le traitement.<\/p>\n\n\n\n<h2 class=\"wp-block-heading has-white-color has-text-color has-background has-link-color wp-elements-52201dbeb1ce456ec5c40c3472878fcb\" id=\"h-tests-cliniques-et-diagnostic-comment-identifier-une-tendinite-de-la-coiffe\" style=\"background-color:#484e5e\"><span class=\"ez-toc-section\" id=\"Tests_Cliniques_et_Diagnostic_Comment_Identifier_une_Tendinite_de_la_Coiffe\"><\/span><strong><strong><strong>Tests Cliniques et Diagnostic : Comment Identifier une Tendinite de la Coiffe ?<\/strong><\/strong><\/strong><span class=\"ez-toc-section-end\"><\/span><\/h2>\n\n\n\n<p>Le diagnostic de la tendinite de la coiffe des rotateurs repose sur une \u00e9valuation rigoureuse combinant l\u2019interrogatoire, l\u2019observation clinique, les tests physiques sp\u00e9cifiques et, si n\u00e9cessaire, l\u2019imagerie m\u00e9dicale. Une approche pr\u00e9cise est essentielle pour diff\u00e9rencier cette pathologie d\u2019autres causes de douleurs d\u2019\u00e9paule, comme la capsulite r\u00e9tractile, l\u2019arthrose gl\u00e9no-hum\u00e9rale ou les n\u00e9vralgies cervicobrachiales.<\/p>\n\n\n<div class=\"wp-block-image\">\n<figure class=\"aligncenter size-full is-resized\"><img decoding=\"async\" width=\"893\" height=\"982\" src=\"https:\/\/osteomag.ca\/wp-content\/uploads\/2023\/12\/2025-05-19_01-44-09.webp\" alt=\"\" class=\"wp-image-52843\" style=\"width:828px;height:auto\" srcset=\"https:\/\/osteomag.ca\/wp-content\/uploads\/2023\/12\/2025-05-19_01-44-09.webp 893w, https:\/\/osteomag.ca\/wp-content\/uploads\/2023\/12\/2025-05-19_01-44-09-368x405.webp 368w, https:\/\/osteomag.ca\/wp-content\/uploads\/2023\/12\/2025-05-19_01-44-09-73x80.webp 73w, https:\/\/osteomag.ca\/wp-content\/uploads\/2023\/12\/2025-05-19_01-44-09-768x845.webp 768w, https:\/\/osteomag.ca\/wp-content\/uploads\/2023\/12\/2025-05-19_01-44-09-382x420.webp 382w, https:\/\/osteomag.ca\/wp-content\/uploads\/2023\/12\/2025-05-19_01-44-09-150x165.webp 150w, https:\/\/osteomag.ca\/wp-content\/uploads\/2023\/12\/2025-05-19_01-44-09-300x330.webp 300w, https:\/\/osteomag.ca\/wp-content\/uploads\/2023\/12\/2025-05-19_01-44-09-600x660.webp 600w, https:\/\/osteomag.ca\/wp-content\/uploads\/2023\/12\/2025-05-19_01-44-09-696x765.webp 696w\" sizes=\"(max-width: 893px) 100vw, 893px\" \/><\/figure>\n<\/div>\n\n\n<h3 class=\"wp-block-heading has-text-color has-link-color wp-elements-1b7ef07311badc0978c451abff597929\" style=\"color:#a33c3c\"><span class=\"ez-toc-section\" id=\"LEntretien_Clinique_Premiere_Cle_Diagnostique\"><\/span><strong>L\u2019Entretien Clinique : Premi\u00e8re Cl\u00e9 Diagnostique<\/strong><span class=\"ez-toc-section-end\"><\/span><\/h3>\n\n\n\n<p>L\u2019\u00e9valuation commence par une <strong>anamn\u00e8se d\u00e9taill\u00e9e<\/strong>. Le praticien cherche \u00e0 comprendre :<\/p>\n\n\n\n<ul class=\"wp-block-list\">\n<li>la nature et la localisation de la douleur ;<\/li>\n\n\n\n<li>les gestes d\u00e9clencheurs ou aggravants (mouvements au-dessus de la t\u00eate, port de charges, travail prolong\u00e9 \u00e0 l\u2019ordinateur\u2026) ;<\/li>\n\n\n\n<li>la chronologie d\u2019apparition (brutale ou progressive) ;<\/li>\n\n\n\n<li>les douleurs nocturnes ou au repos ;<\/li>\n\n\n\n<li>les ant\u00e9c\u00e9dents traumatiques ou posturaux.<\/li>\n<\/ul>\n\n\n\n<p>Cette premi\u00e8re \u00e9tape permet d\u2019orienter la suspicion vers une pathologie tendineuse plut\u00f4t qu\u2019articulaire, nerveuse ou capsulaire.<\/p>\n\n\n\n<h3 class=\"wp-block-heading has-text-color has-link-color wp-elements-f0c4072310ce0d378b7072905baff365\" style=\"color:#a33c3c\"><span class=\"ez-toc-section\" id=\"Observation_et_Palpation\"><\/span><strong>Observation et Palpation<\/strong><span class=\"ez-toc-section-end\"><\/span><\/h3>\n\n\n\n<p>Une <strong>observation attentive<\/strong> du patient en statique et en mouvement est cruciale :<\/p>\n\n\n\n<ul class=\"wp-block-list\">\n<li>position des \u00e9paules (asym\u00e9trie, enroulement, abaissement\u2026) ;<\/li>\n\n\n\n<li>activit\u00e9 de l\u2019omoplate ;<\/li>\n\n\n\n<li>compensation cervicale ou rachidienne ;<\/li>\n\n\n\n<li>atrophie musculaire (en particulier sus-\u00e9pineux et infra-\u00e9pineux).<\/li>\n<\/ul>\n\n\n\n<p>La <strong>palpation<\/strong> permet de localiser des zones douloureuses sp\u00e9cifiques :<\/p>\n\n\n\n<ul class=\"wp-block-list\">\n<li>douleur \u00e0 la pression du tendon du sus-\u00e9pineux (en avant et en haut de l\u2019\u00e9paule) ;<\/li>\n\n\n\n<li>douleur de la bourse sous-acromiale (plus diffuse) ;<\/li>\n\n\n\n<li>tension musculaire paraspinale, trap\u00e8ze sup\u00e9rieur ou muscles fixateurs de l\u2019omoplate.<\/li>\n<\/ul>\n\n\n\n<h3 class=\"wp-block-heading has-text-color has-link-color wp-elements-e29505f6a3df43507d419289c332fe08\" style=\"color:#a33c3c\"><span class=\"ez-toc-section\" id=\"Tests_Specifiques_de_la_Coiffe_des_Rotateurs\"><\/span><strong>Tests Sp\u00e9cifiques de la Coiffe des Rotateurs<\/strong><span class=\"ez-toc-section-end\"><\/span><\/h3>\n\n\n\n<p>Plusieurs <strong>tests cliniques<\/strong> sont utilis\u00e9s pour \u00e9valuer les tendons impliqu\u00e9s et leur fonctionnalit\u00e9 :<\/p>\n\n\n\n<ul class=\"wp-block-list\">\n<li><strong>Test de Jobe (Empty Can Test)<\/strong> : met en \u00e9vidence une atteinte du <strong>sus-\u00e9pineux<\/strong>. Le bras est plac\u00e9 en abduction \u00e0 90\u00b0, en rotation interne (pouce vers le bas). Une douleur ou une faiblesse lors de la r\u00e9sistance est positive.<\/li>\n\n\n\n<li><strong>Test de Neer<\/strong> : provoque une compression sous-acromiale. Le praticien \u00e9l\u00e8ve passivement le bras du patient en rotation interne. Une douleur en fin d\u2019\u00e9l\u00e9vation est \u00e9vocatrice d\u2019un <strong>conflit sous-acromial<\/strong>.<\/li>\n\n\n\n<li><strong>Test de Hawkins-Kennedy<\/strong> : bras fl\u00e9chi \u00e0 90\u00b0 vers l\u2019avant, puis rotation interne passive du bras. Ce test comprime le <strong>sus-\u00e9pineux<\/strong> et la bourse sous-acromiale : une douleur indique une tendinopathie ou bursite.<\/li>\n\n\n\n<li><strong>Test de Patte (ou de l\u2019infra-\u00e9pineux)<\/strong> : bras \u00e0 90\u00b0 d\u2019abduction, coude fl\u00e9chi, rotation externe contre r\u00e9sistance. Une douleur ou une faiblesse indique une souffrance du <strong>sous-\u00e9pineux<\/strong> ou du <strong>petit rond<\/strong>.<\/li>\n\n\n\n<li><strong>Lift-off test<\/strong> : pour le <strong>sous-scapulaire<\/strong>, le patient place la main dans le dos et tente de la d\u00e9coller contre r\u00e9sistance. Un \u00e9chec sugg\u00e8re une tendinite ou une rupture partielle de ce muscle.<\/li>\n<\/ul>\n\n\n\n<h3 class=\"wp-block-heading has-text-color has-link-color wp-elements-bd5087207c4c2cf8cbce5cdce3968731\" style=\"color:#a33c3c\"><span class=\"ez-toc-section\" id=\"Apport_de_lImagerie_Medicale\"><\/span><strong>Apport de l\u2019Imagerie M\u00e9dicale<\/strong><span class=\"ez-toc-section-end\"><\/span><\/h3>\n\n\n\n<p>Lorsque les tests cliniques laissent planer un doute ou en cas d\u2019\u00e9volution d\u00e9favorable malgr\u00e9 le traitement conservateur, l\u2019imagerie vient affiner le diagnostic :<\/p>\n\n\n\n<ul class=\"wp-block-list\">\n<li><strong>\u00c9chographie<\/strong> : accessible, dynamique et sans radiation, elle permet d\u2019identifier les tendinopathies, bursites, calcifications, et ruptures partielles.<\/li>\n\n\n\n<li><strong>IRM<\/strong> : recommand\u00e9e en cas de suspicion de <strong>rupture compl\u00e8te<\/strong>, elle offre une visualisation pr\u00e9cise des tendons, de la bourse sous-acromiale et de l\u2019\u00e9tat de l\u2019articulation.<\/li>\n\n\n\n<li><strong>Radiographies<\/strong> : utiles pour \u00e9liminer une pathologie osseuse associ\u00e9e (arthrose, bec acromial, calcification tendineuse).<\/li>\n<\/ul>\n\n\n\n<h3 class=\"wp-block-heading has-text-color has-link-color wp-elements-28dd90b373906ff0d7824cf4535832fb\" style=\"color:#a33c3c\"><span class=\"ez-toc-section\" id=\"Evaluation_Osteopathique_Integree\"><\/span><strong>\u00c9valuation Ost\u00e9opathique Int\u00e9gr\u00e9e<\/strong><span class=\"ez-toc-section-end\"><\/span><\/h3>\n\n\n\n<p>En ost\u00e9opathie, le diagnostic ne se limite pas \u00e0 la r\u00e9gion douloureuse. Le praticien \u00e9value :<\/p>\n\n\n\n<ul class=\"wp-block-list\">\n<li>la <strong>mobilit\u00e9 globale<\/strong> de l\u2019omoplate et de l\u2019\u00e9paule ;<\/li>\n\n\n\n<li>la <strong>libert\u00e9 du diaphragme<\/strong>, du rachis cervical et dorsal ;<\/li>\n\n\n\n<li>les <strong>contraintes posturales<\/strong> chroniques ou les cha\u00eenes myofasciales ;<\/li>\n\n\n\n<li>l\u2019\u00e9tat du <strong>syst\u00e8me neurov\u00e9g\u00e9tatif<\/strong>, souvent impliqu\u00e9 dans les processus inflammatoires chroniques.<\/li>\n<\/ul>\n\n\n\n<p>Cette vision globale permet de replacer la tendinite dans un contexte fonctionnel plus large et d\u2019agir \u00e0 la fois sur la cause locale et les d\u00e9s\u00e9quilibres \u00e0 distance.<\/p>\n\n\n\n<h2 class=\"wp-block-heading has-white-color has-text-color has-background has-link-color wp-elements-e7244efa622b9397a86cb92c70beea88\" id=\"h-conflit-sous-acromial-le-role-du-frottement-et-de-la-compression-0\" style=\"background-color:#484e5e\"><span class=\"ez-toc-section\" id=\"Conflit_Sous-Acromial_Le_Role_du_Frottement_et_de_la_Compression\"><\/span><strong><strong>Conflit Sous-Acromial : Le R\u00f4le du Frottement et de la Compression<\/strong><\/strong><span class=\"ez-toc-section-end\"><\/span><\/h2>\n\n\n\n<p>Lorsque le bras est lev\u00e9, la t\u00eate hum\u00e9rale, l&rsquo;os du bras, exerce une pression sur les tendons de la coiffe des rotateurs en passant sous l&rsquo;acromion, une partie de l&rsquo;omoplate. Ce mouvement naturel est essentiel pour de nombreuses activit\u00e9s quotidiennes, mais il peut \u00e9galement entra\u00eener des probl\u00e8mes lorsque r\u00e9p\u00e9t\u00e9 de mani\u00e8re excessive ou inappropri\u00e9e.<\/p>\n\n\n\n<p>Des activit\u00e9s r\u00e9p\u00e9titives, telles que le levage constant du bras, peuvent entra\u00eener une compression accrue des tendons entre la t\u00eate hum\u00e9rale et l&rsquo;acromion. Cette compression peut \u00eatre exacerb\u00e9e par des facteurs tels que des d\u00e9s\u00e9quilibres musculaires, une mauvaise posture ou des mouvements incorrects.<\/p>\n\n\n\n<p>La compression constante des tendons peut entra\u00eener un frottement r\u00e9p\u00e9t\u00e9, particuli\u00e8rement lorsqu&rsquo;il y a des changements directionnels ou une rotation du bras. Ce frottement continu peut endommager les tendons au fil du temps, provoquant des microtraumatismes et des l\u00e9sions tissulaires. En cons\u00e9quence, une inflammation peut se d\u00e9velopper, conduisant \u00e9ventuellement \u00e0 une condition connue sous le nom de tendinite.<\/p>\n\n\n\n<p>La tendinite de la coiffe des rotateurs est une affection courante qui se manifeste par une douleur et une sensibilit\u00e9 dans l&rsquo;\u00e9paule, en particulier lors des mouvements de levage ou de rotation du bras. Cette douleur peut \u00eatre l\u00e9g\u00e8re au d\u00e9but, mais elle peut devenir plus intense et persistante avec le temps, affectant la capacit\u00e9 de la personne \u00e0 effectuer ses activit\u00e9s quotidiennes normales.<\/p>\n\n\n\n<p>Pour pr\u00e9venir la compression excessive et le frottement des tendons de la coiffe des rotateurs, il est important de maintenir une bonne technique de levage et d&rsquo;\u00e9viter les mouvements r\u00e9p\u00e9titifs qui pourraient aggraver les tensions sur l&rsquo;\u00e9paule. En outre, il est crucial de renforcer les muscles de l&rsquo;\u00e9paule et de maintenir une bonne flexibilit\u00e9 pour r\u00e9duire le risque de blessures.<\/p>\n\n\n\n<h2 class=\"wp-block-heading has-white-color has-text-color has-background has-link-color wp-elements-fc7270385435a05c74f900acfd22bc2e\" id=\"h-instabilite-de-l-epaule-une-source-frequente-de-tendinite\" style=\"background-color:#484e5e\"><span class=\"ez-toc-section\" id=\"Instabilite_de_lEpaule_Une_Source_Frequente_de_Tendinite\"><\/span><strong><strong>Instabilit\u00e9 de l\u2019\u00c9paule : Une Source Fr\u00e9quente de Tendinite<\/strong><\/strong><span class=\"ez-toc-section-end\"><\/span><\/h2>\n\n\n\n<p>L&rsquo;instabilit\u00e9 de l&rsquo;\u00e9paule est un probl\u00e8me commun qui peut avoir des cons\u00e9quences significatives sur la sant\u00e9 et le bien-\u00eatre d&rsquo;une personne. Cette condition peut r\u00e9sulter de divers facteurs, chacun contribuant \u00e0 la fragilit\u00e9 et \u00e0 la vuln\u00e9rabilit\u00e9 de l&rsquo;articulation de l&rsquo;\u00e9paule.<\/p>\n\n\n\n<p>Une \u00e9paule instable peut \u00eatre caus\u00e9e par des muscles de la coiffe des rotateurs faibles ou d\u00e9s\u00e9quilibr\u00e9s. La coiffe des rotateurs est un groupe de muscles et de tendons qui entourent et stabilisent l&rsquo;articulation de l&rsquo;\u00e9paule. Lorsque ces muscles sont affaiblis ou ne fonctionnent pas correctement, ils ne peuvent pas fournir un soutien ad\u00e9quat \u00e0 l&rsquo;\u00e9paule, ce qui peut entra\u00eener une instabilit\u00e9 et une mobilit\u00e9 excessive de l&rsquo;articulation.<\/p>\n\n\n\n<p>De plus, une laxit\u00e9 ligamentaire, c&rsquo;est-\u00e0-dire un rel\u00e2chement ou une l\u00e9sion des ligaments qui stabilisent l&rsquo;\u00e9paule, peut \u00e9galement contribuer \u00e0 l&rsquo;instabilit\u00e9. Les ligaments sont des tissus fibreux qui relient les os entre eux et aident \u00e0 maintenir l&rsquo;int\u00e9grit\u00e9 structurelle de l&rsquo;articulation. Lorsqu&rsquo;ils sont \u00e9tir\u00e9s ou endommag\u00e9s, ils ne peuvent plus remplir leur r\u00f4le de stabilisation, ce qui entra\u00eene une augmentation du mouvement et une instabilit\u00e9 de l&rsquo;\u00e9paule.<\/p>\n\n\n\n<p>En outre, des anomalies anatomiques, telles que des d\u00e9fauts de d\u00e9veloppement ou des variations dans la structure osseuse de l&rsquo;\u00e9paule, peuvent \u00e9galement jouer un r\u00f4le dans le d\u00e9veloppement de l&rsquo;instabilit\u00e9. Ces anomalies peuvent affecter la fa\u00e7on dont les os s&rsquo;articulent les uns avec les autres, ce qui peut entra\u00eener un d\u00e9salignement ou un d\u00e9s\u00e9quilibre de l&rsquo;articulation et contribuer \u00e0 l&rsquo;instabilit\u00e9.<\/p>\n\n\n\n<p>L&rsquo;instabilit\u00e9 de l&rsquo;\u00e9paule peut avoir des cons\u00e9quences n\u00e9fastes, notamment en augmentant la charge exerc\u00e9e sur la coiffe des rotateurs. Lorsque l&rsquo;\u00e9paule est instable, les muscles de la coiffe des rotateurs doivent travailler plus fort pour stabiliser l&rsquo;articulation et maintenir sa position. Cette surcharge peut entra\u00eener une fatigue musculaire accrue et une augmentation du risque de blessures, y compris le d\u00e9veloppement de la tendinite.<\/p>\n\n\n\n<p>La tendinite de la coiffe des rotateurs est une condition douloureuse caract\u00e9ris\u00e9e par une inflammation des tendons de la coiffe des rotateurs. L&rsquo;instabilit\u00e9 de l&rsquo;\u00e9paule peut contribuer \u00e0 cette inflammation en augmentant la pression exerc\u00e9e sur les tendons et en perturbant leur fonctionnement normal. En cons\u00e9quence, une tendinite peut se d\u00e9velopper, entra\u00eenant une douleur et une g\u00eane dans l&rsquo;\u00e9paule, en particulier lors des mouvements de levage ou de rotation du bras.<\/p>\n\n\n\n<p>Pour pr\u00e9venir l&rsquo;instabilit\u00e9 de l&rsquo;\u00e9paule et ses complications associ\u00e9es, il est important de renforcer les muscles de la coiffe des rotateurs, de maintenir une bonne posture et de pratiquer des exercices d&rsquo;\u00e9tirement et de stabilisation de l&rsquo;\u00e9paule.<\/p>\n\n\n\n<h2 class=\"wp-block-heading has-white-color has-text-color has-background has-link-color wp-elements-668c87fc4d073796a3dba9f94195f6d4\" id=\"h-posture-enroulee-et-epaule-en-avant-un-facteur-de-risque-sous-estime\" style=\"background-color:#484e5e\"><span class=\"ez-toc-section\" id=\"Posture_Enroulee_et_Epaule_en_Avant_Un_Facteur_de_Risque_Sous-Estime\"><\/span><strong>Posture Enroul\u00e9e et \u00c9paule en Avant : Un Facteur de Risque Sous-Estim\u00e9<\/strong><span class=\"ez-toc-section-end\"><\/span><\/h2>\n\n\n\n<p>Une posture en avant avec les \u00e9paules arrondies est une position courante et souvent caus\u00e9e par des habitudes de vie s\u00e9dentaires, le travail sur ordinateur ou le port de sacs lourds. Cette posture alt\u00e9r\u00e9e peut avoir un effet dommageable sur la sant\u00e9 de l&rsquo;\u00e9paule, en particulier sur la m\u00e9canique articulaire et la stabilit\u00e9 de cette articulation complexe.<\/p>\n\n\n\n<figure class=\"wp-block-image size-full\"><img decoding=\"async\" width=\"1024\" height=\"1000\" src=\"https:\/\/osteomag.ca\/wp-content\/uploads\/2023\/12\/cropped-image-1744990873641dw4k5.webp\" alt=\"\" class=\"wp-image-50885\" srcset=\"https:\/\/osteomag.ca\/wp-content\/uploads\/2023\/12\/cropped-image-1744990873641dw4k5.webp 1024w, https:\/\/osteomag.ca\/wp-content\/uploads\/2023\/12\/cropped-image-1744990873641dw4k5-415x405.webp 415w, https:\/\/osteomag.ca\/wp-content\/uploads\/2023\/12\/cropped-image-1744990873641dw4k5-80x78.webp 80w, https:\/\/osteomag.ca\/wp-content\/uploads\/2023\/12\/cropped-image-1744990873641dw4k5-768x750.webp 768w, https:\/\/osteomag.ca\/wp-content\/uploads\/2023\/12\/cropped-image-1744990873641dw4k5-430x420.webp 430w, https:\/\/osteomag.ca\/wp-content\/uploads\/2023\/12\/cropped-image-1744990873641dw4k5-150x146.webp 150w, https:\/\/osteomag.ca\/wp-content\/uploads\/2023\/12\/cropped-image-1744990873641dw4k5-300x293.webp 300w, https:\/\/osteomag.ca\/wp-content\/uploads\/2023\/12\/cropped-image-1744990873641dw4k5-600x586.webp 600w, https:\/\/osteomag.ca\/wp-content\/uploads\/2023\/12\/cropped-image-1744990873641dw4k5-696x680.webp 696w\" sizes=\"(max-width: 1024px) 100vw, 1024px\" \/><\/figure>\n\n\n\n<p>Lorsque les \u00e9paules sont arrondies vers l&rsquo;avant, cela a pour effet de d\u00e9placer la t\u00eate hum\u00e9rale vers l&rsquo;avant \u00e9galement. La t\u00eate hum\u00e9rale est l&rsquo;os du bras qui s&rsquo;articule avec l&rsquo;omoplate pour former l&rsquo;articulation de l&rsquo;\u00e9paule. Ce d\u00e9placement vers l&rsquo;avant modifie la m\u00e9canique articulaire normale de l&rsquo;\u00e9paule, ce qui peut entra\u00eener une s\u00e9rie de probl\u00e8mes.<\/p>\n\n\n\n<p>Une des cons\u00e9quences les plus importantes de cette mauvaise posture est l&rsquo;augmentation des tensions exerc\u00e9es sur les tendons de la coiffe des rotateurs. La coiffe des rotateurs est un groupe de muscles et de tendons qui entourent et stabilisent l&rsquo;articulation de l&rsquo;\u00e9paule. Lorsque la t\u00eate hum\u00e9rale est d\u00e9plac\u00e9e vers l&rsquo;avant en raison d&rsquo;une mauvaise posture, cela cr\u00e9e des tensions excessives sur les tendons de la coiffe des rotateurs.<\/p>\n\n\n\n<p>En particulier, lors des mouvements de levage du bras, comme lever le bras pour attraper un objet ou pour effectuer des t\u00e2ches quotidiennes, ces tensions excessives sont exacerb\u00e9es. Les tendons de la coiffe des rotateurs doivent travailler plus fort pour stabiliser l&rsquo;\u00e9paule et maintenir sa position, ce qui peut entra\u00eener une fatigue musculaire accrue et un risque accru de blessures.<\/p>\n\n\n\n<p>De plus, cette mauvaise posture peut \u00e9galement entra\u00eener un d\u00e9s\u00e9quilibre musculaire autour de l&rsquo;\u00e9paule. Certains muscles peuvent devenir suractiv\u00e9s et tendus, tandis que d&rsquo;autres peuvent devenir affaiblis et allong\u00e9s. Ce d\u00e9s\u00e9quilibre musculaire peut perturber la stabilit\u00e9 de l&rsquo;\u00e9paule et augmenter le risque de blessures et de douleurs.<\/p>\n\n\n\n<p>Pour corriger cette mauvaise posture et r\u00e9duire les tensions sur les tendons de la coiffe des rotateurs, il est important de travailler sur le renforcement des muscles du dos, des \u00e9paules et du cou, ainsi que sur l&rsquo;\u00e9tirement des muscles pectoraux et ant\u00e9rieurs de l&rsquo;\u00e9paule. De plus, il est essentiel de pratiquer une bonne ergonomie au travail et \u00e0 la maison, en maintenant une posture correcte lors de l&rsquo;utilisation d&rsquo;un ordinateur, en soulevant des objets et en effectuant d&rsquo;autres activit\u00e9s quotidiennes.<\/p>\n\n\n\n<h2 class=\"wp-block-heading has-white-color has-text-color has-background has-link-color wp-elements-623b4e3f03a0343ebdcd10d33001f4a9\" id=\"h-gestes-repetitifs-quand-la-surutilisation-enflamme-les-tendons\" style=\"background-color:#484e5e\"><span class=\"ez-toc-section\" id=\"Gestes_Repetitifs_Quand_la_Surutilisation_Enflamme_les_Tendons\"><\/span><strong><strong>Gestes R\u00e9p\u00e9titifs : Quand la Surutilisation Enflamme les Tendons<\/strong><\/strong><span class=\"ez-toc-section-end\"><\/span><\/h2>\n\n\n\n<p>Les mouvements r\u00e9p\u00e9titifs du bras sont courants dans de nombreuses activit\u00e9s professionnelles et sportives. Que ce soit le lancer dans des sports tels que le baseball ou le tennis, ou des gestes professionnels sp\u00e9cifiques dans des domaines comme la construction ou la r\u00e9paration automobile, ces mouvements peuvent exercer une contrainte excessive sur les tendons de la coiffe des rotateurs de l&rsquo;\u00e9paule.<\/p>\n\n\n\n<p>Lorsque ces mouvements sont effectu\u00e9s de mani\u00e8re r\u00e9p\u00e9t\u00e9e et soutenue, ils peuvent entra\u00eener une surutilisation des tendons de la coiffe des rotateurs. La surutilisation se produit lorsque les tendons sont soumis \u00e0 un stress constant et excessif, sans avoir suffisamment de temps pour r\u00e9cup\u00e9rer et se r\u00e9g\u00e9n\u00e9rer entre les p\u00e9riodes d&rsquo;activit\u00e9.<\/p>\n\n\n\n<p>Cette surutilisation progressive des tendons peut conduire \u00e0 une inflammation chronique, un processus connu sous le nom de tendinite. La tendinite de la coiffe des rotateurs est une condition douloureuse caract\u00e9ris\u00e9e par une inflammation des tendons qui entourent et stabilisent l&rsquo;articulation de l&rsquo;\u00e9paule. Cette inflammation peut causer une douleur persistante dans l&rsquo;\u00e9paule, en particulier lors des mouvements de levage ou de rotation du bras.<\/p>\n\n\n\n<p>En plus de la surutilisation, d&rsquo;autres facteurs peuvent contribuer au d\u00e9veloppement de la tendinite de la coiffe des rotateurs chez les personnes expos\u00e9es \u00e0 des mouvements r\u00e9p\u00e9titifs. Par exemple, une mauvaise technique de mouvement ou une posture incorrecte peut augmenter le stress exerc\u00e9 sur les tendons et aggraver l&rsquo;inflammation.<\/p>\n\n\n\n<p>De m\u00eame, des d\u00e9s\u00e9quilibres musculaires ou une faiblesse dans les muscles de la coiffe des rotateurs peuvent rendre les tendons plus susceptibles aux blessures et \u00e0 l&rsquo;inflammation. Les muscles de la coiffe des rotateurs jouent un r\u00f4le crucial dans la stabilisation de l&rsquo;\u00e9paule pendant les mouvements du bras, et tout affaiblissement ou d\u00e9s\u00e9quilibre dans ces muscles peut compromettre la sant\u00e9 et la fonction de l&rsquo;articulation.<\/p>\n\n\n\n<p>Pour pr\u00e9venir la tendinite de la coiffe des rotateurs chez les personnes expos\u00e9es \u00e0 des mouvements r\u00e9p\u00e9titifs, il est important de prendre des mesures pour r\u00e9duire le stress exerc\u00e9 sur les tendons et favoriser leur r\u00e9cup\u00e9ration. Cela peut inclure des pauses fr\u00e9quentes pendant les p\u00e9riodes d&rsquo;activit\u00e9, des exercices de renforcement et d&rsquo;\u00e9tirement des muscles de la coiffe des rotateurs, ainsi que l&rsquo;adoption d&rsquo;une technique de mouvement appropri\u00e9e et d&rsquo;une posture correcte.<\/p>\n\n\n\n<h2 class=\"wp-block-heading has-white-color has-text-color has-background has-link-color wp-elements-7e127b8258f3006ed3b977d15d646edd\" id=\"h-desequilibres-musculaires-instabilite-fatigue-et-inflammation-des-tendons\" style=\"background-color:#484e5e\"><span class=\"ez-toc-section\" id=\"Desequilibres_Musculaires_Instabilite_Fatigue_et_Inflammation_des_Tendons\"><\/span><strong>D\u00e9s\u00e9quilibres Musculaires : Instabilit\u00e9, Fatigue et Inflammation des Tendons<\/strong><span class=\"ez-toc-section-end\"><\/span><\/h2>\n\n\n\n<p>L\u2019\u00e9quilibre musculaire autour de l\u2019articulation de l\u2019\u00e9paule est un \u00e9l\u00e9ment fondamental dans le maintien de sa stabilit\u00e9, de sa mobilit\u00e9 et de sa fonction optimale. Dans le contexte de la tendinite de la coiffe des rotateurs, les d\u00e9s\u00e9quilibres musculaires jouent un r\u00f4le central, souvent sous-estim\u00e9, dans le d\u00e9veloppement et la persistance de la douleur et des limitations fonctionnelles.<\/p>\n\n\n\n<p>La coiffe des rotateurs regroupe quatre muscles \u2014 le sus-\u00e9pineux, le sous-\u00e9pineux, le sous-scapulaire et le petit rond \u2014 dont le r\u00f4le est de stabiliser la t\u00eate hum\u00e9rale dans la cavit\u00e9 gl\u00e9no\u00efde pendant les mouvements du bras. Ces muscles agissent en synergie avec d\u2019autres groupes musculaires comme les fixateurs de l\u2019omoplate (trap\u00e8ze, dentel\u00e9 ant\u00e9rieur, rhombo\u00efdes) et les muscles moteurs principaux (delto\u00efde, grand pectoral, grand dorsal). Lorsque cette cha\u00eene musculaire complexe est d\u00e9s\u00e9quilibr\u00e9e, certains muscles se trouvent sursollicit\u00e9s, tandis que d\u2019autres s\u2019affaiblissent. C\u2019est pr\u00e9cis\u00e9ment ce d\u00e9s\u00e9quilibre qui peut initier un cercle vicieux de dysfonction.<\/p>\n\n\n\n<p>L\u2019une des cons\u00e9quences les plus fr\u00e9quentes de ces d\u00e9s\u00e9quilibres est une instabilit\u00e9 subtile de l\u2019articulation gl\u00e9no-hum\u00e9rale. Par exemple, une faiblesse des muscles stabilisateurs de l\u2019omoplate entra\u00eene une mauvaise orientation scapulaire, modifiant la trajectoire du bras lors de l\u2019\u00e9l\u00e9vation. Cette modification favorise un d\u00e9placement ant\u00e9ro-sup\u00e9rieur de la t\u00eate hum\u00e9rale, ce qui augmente le risque de conflit sous-acromial et de frottement anormal des tendons de la coiffe, en particulier du sus-\u00e9pineux.<\/p>\n\n\n\n<p>Par ailleurs, lorsque certains muscles deviennent dominants (par exemple, un delto\u00efde hyperactif ou des pectoraux raccourcis), ils prennent le relais de muscles plus profonds, provoquant une fatigue pr\u00e9matur\u00e9e de la coiffe des rotateurs. Cette surcharge chronique, souvent silencieuse au d\u00e9part, s\u2019installe progressivement jusqu\u2019\u00e0 causer des microtraumatismes tendineux, d\u00e9clenchant ainsi une r\u00e9ponse inflammatoire. C\u2019est cette inflammation r\u00e9p\u00e9t\u00e9e, coupl\u00e9e \u00e0 un d\u00e9faut de r\u00e9cup\u00e9ration musculaire, qui m\u00e8ne \u00e0 la tendinite.<\/p>\n\n\n\n<p>Il est \u00e9galement important de souligner que ces d\u00e9s\u00e9quilibres ne concernent pas uniquement les sportifs ou les professionnels expos\u00e9s \u00e0 des gestes r\u00e9p\u00e9titifs. Des d\u00e9s\u00e9quilibres posturaux li\u00e9s \u00e0 un mode de vie s\u00e9dentaire, comme une posture prolong\u00e9e en position assise ou un port asym\u00e9trique de charges (sac \u00e0 main, cartable), peuvent tout autant provoquer ces tensions. Le d\u00e9s\u00e9quilibre entre la cha\u00eene ant\u00e9rieure (souvent raccourcie) et la cha\u00eene post\u00e9rieure (souvent affaiblie) est une situation typique observ\u00e9e chez de nombreux patients souffrant de douleurs d\u2019\u00e9paule chroniques.<\/p>\n\n\n\n<p>La pr\u00e9vention et le traitement de la tendinite de la coiffe des rotateurs passent donc in\u00e9vitablement par un r\u00e9\u00e9quilibrage musculaire global. Cela inclut des exercices sp\u00e9cifiques de renforcement des muscles stabilisateurs de l\u2019omoplate, associ\u00e9s \u00e0 des \u00e9tirements des muscles suractiv\u00e9s. Le travail proprioceptif, qui am\u00e9liore la perception et le contr\u00f4le du mouvement, peut \u00e9galement jouer un r\u00f4le cl\u00e9 pour r\u00e9tablir une coordination fine entre les diff\u00e9rents muscles de l\u2019\u00e9paule.<\/p>\n\n\n\n<p>En ost\u00e9opathie, une attention particuli\u00e8re est port\u00e9e \u00e0 la lib\u00e9ration des tensions fasciales, \u00e0 la restauration de la mobilit\u00e9 de la ceinture scapulaire et \u00e0 la r\u00e9harmonisation des cha\u00eenes musculaires. Un traitement manuel global permet d\u2019optimiser le fonctionnement neuromusculaire, de limiter les compensations posturales et de redonner \u00e0 l\u2019\u00e9paule sa capacit\u00e9 \u00e0 fonctionner sans surcharge.<\/p>\n\n\n\n<p>En somme, les d\u00e9s\u00e9quilibres musculaires ne doivent pas \u00eatre consid\u00e9r\u00e9s comme de simples anomalies secondaires. Ils sont souvent \u00e0 la racine de la cascade biom\u00e9canique menant \u00e0 la tendinite. Corriger ces d\u00e9s\u00e9quilibres, c\u2019est agir en profondeur sur les causes de la douleur, mais aussi offrir \u00e0 l\u2019\u00e9paule les moyens de retrouver sa fluidit\u00e9, sa puissance et sa libert\u00e9 de mouvement.<\/p>\n\n\n\n<h2 class=\"wp-block-heading has-white-color has-text-color has-background has-link-color wp-elements-3845a908f0d4fc2daccc663d02e51510\" id=\"h-traitement-osteopathique-detente-mobilisation-et-reequilibrage-musculaire\" style=\"background-color:#484e5e\"><span class=\"ez-toc-section\" id=\"Traitement_Osteopathique_Detente_Mobilisation_et_Reequilibrage_Musculaire\"><\/span><strong><strong>Traitement Ost\u00e9opathique : D\u00e9tente, Mobilisation et R\u00e9\u00e9quilibrage Musculaire<\/strong><\/strong><span class=\"ez-toc-section-end\"><\/span><\/h2>\n\n\n\n<p>L\u2019ost\u00e9opathie offre une approche globale et non invasive pour soulager la tendinite de la coiffe des rotateurs, en agissant \u00e0 la fois sur les sympt\u00f4mes, les causes m\u00e9caniques profondes et les d\u00e9s\u00e9quilibres posturaux. Contrairement \u00e0 une approche strictement locale, le traitement ost\u00e9opathique prend en compte l\u2019ensemble des structures en relation avec l\u2019\u00e9paule : colonne vert\u00e9brale, cage thoracique, diaphragme, membres sup\u00e9rieurs, ainsi que les cha\u00eenes musculaires et fasciales.<\/p>\n\n\n<div class=\"wp-block-image\">\n<figure class=\"aligncenter size-large is-resized\"><img decoding=\"async\" width=\"1030\" height=\"611\" src=\"https:\/\/osteomag.ca\/wp-content\/uploads\/2023\/12\/ChatGPT-Image-May-19-2025-01_55_18-AM-1030x611.webp\" alt=\"\" class=\"wp-image-52846\" style=\"width:732px;height:auto\" srcset=\"https:\/\/osteomag.ca\/wp-content\/uploads\/2023\/12\/ChatGPT-Image-May-19-2025-01_55_18-AM-1030x611.webp 1030w, https:\/\/osteomag.ca\/wp-content\/uploads\/2023\/12\/ChatGPT-Image-May-19-2025-01_55_18-AM-540x320.webp 540w, https:\/\/osteomag.ca\/wp-content\/uploads\/2023\/12\/ChatGPT-Image-May-19-2025-01_55_18-AM-80x47.webp 80w, https:\/\/osteomag.ca\/wp-content\/uploads\/2023\/12\/ChatGPT-Image-May-19-2025-01_55_18-AM-768x456.webp 768w, https:\/\/osteomag.ca\/wp-content\/uploads\/2023\/12\/ChatGPT-Image-May-19-2025-01_55_18-AM-708x420.webp 708w, https:\/\/osteomag.ca\/wp-content\/uploads\/2023\/12\/ChatGPT-Image-May-19-2025-01_55_18-AM-150x89.webp 150w, https:\/\/osteomag.ca\/wp-content\/uploads\/2023\/12\/ChatGPT-Image-May-19-2025-01_55_18-AM-300x178.webp 300w, https:\/\/osteomag.ca\/wp-content\/uploads\/2023\/12\/ChatGPT-Image-May-19-2025-01_55_18-AM-600x356.webp 600w, https:\/\/osteomag.ca\/wp-content\/uploads\/2023\/12\/ChatGPT-Image-May-19-2025-01_55_18-AM-696x413.webp 696w, https:\/\/osteomag.ca\/wp-content\/uploads\/2023\/12\/ChatGPT-Image-May-19-2025-01_55_18-AM-1068x633.webp 1068w, https:\/\/osteomag.ca\/wp-content\/uploads\/2023\/12\/ChatGPT-Image-May-19-2025-01_55_18-AM.webp 1536w\" sizes=\"(max-width: 1030px) 100vw, 1030px\" \/><\/figure>\n<\/div>\n\n\n<h3 class=\"wp-block-heading has-text-color has-link-color wp-elements-4c5fb260ea218b6e2c675a8ce78ed61b\" style=\"color:#a33c3c\"><span class=\"ez-toc-section\" id=\"1_Liberation_des_Tensions_Locales_et_Fasciales\"><\/span><strong>1. Lib\u00e9ration des Tensions Locales et Fasciales<\/strong><span class=\"ez-toc-section-end\"><\/span><\/h3>\n\n\n\n<p>Le premier objectif est souvent de <strong>r\u00e9duire les tensions tissulaires locales<\/strong> au niveau des muscles de la coiffe des rotateurs et des structures environnantes. Le praticien proc\u00e8de \u00e0 une <strong>\u00e9valuation palpatoire minutieuse<\/strong> pour d\u00e9tecter les zones de tension, de spasmes musculaires, ou de restrictions de mobilit\u00e9.<\/p>\n\n\n\n<p>Des techniques douces de <strong>myofascial release<\/strong> sont utilis\u00e9es pour rel\u00e2cher les enveloppes musculaires et am\u00e9liorer la glisse entre les diff\u00e9rents plans tissulaires. Cela concerne notamment le <strong>muscle sus-\u00e9pineux<\/strong>, souvent en souffrance dans les conflits sous-acromiaux, mais aussi les muscles post\u00e9rieurs comme le <strong>trap\u00e8ze<\/strong>, le <strong>rhombo\u00efde<\/strong>, et le <strong>dentel\u00e9 ant\u00e9rieur<\/strong>, qui jouent un r\u00f4le dans la position de l\u2019omoplate.<\/p>\n\n\n\n<p>En compl\u00e9ment, des techniques de <strong>strain-counterstrain<\/strong> ou de <strong>technique d\u2019\u00e9nergie musculaire (MET)<\/strong> peuvent \u00eatre employ\u00e9es pour r\u00e9duire la douleur, am\u00e9liorer la circulation locale et rel\u00e2cher les spasmes protecteurs.<\/p>\n\n\n\n<h3 class=\"wp-block-heading has-text-color has-link-color wp-elements-5dedc6eca8f6ee5f34c08361ecdb27e0\" style=\"color:#a33c3c\"><span class=\"ez-toc-section\" id=\"2_Restauration_de_la_Mobilite_Articulaire\"><\/span><strong>2. Restauration de la Mobilit\u00e9 Articulaire<\/strong><span class=\"ez-toc-section-end\"><\/span><\/h3>\n\n\n\n<p>L\u2019articulation gl\u00e9no-hum\u00e9rale est souvent <strong>hypomobile<\/strong> ou <strong>mal centr\u00e9e<\/strong> chez les patients souffrant de tendinite. L\u2019ost\u00e9opathe peut intervenir par des techniques sp\u00e9cifiques pour restaurer la <strong>mobilit\u00e9 de l\u2019articulation de l\u2019\u00e9paule<\/strong>, mais aussi celle de l\u2019<strong>omoplate<\/strong> (articulation scapulo-thoracique), du <strong>clavicule-sternum<\/strong>, et du <strong>rachis cervical et dorsal<\/strong>.<\/p>\n\n\n\n<p>Par exemple :<\/p>\n\n\n\n<ul class=\"wp-block-list\">\n<li>une <strong>mobilisation douce de l\u2019omoplate<\/strong> peut corriger une position en rotation interne ou en abaissement excessif ;<\/li>\n\n\n\n<li>un <strong>travail sur la cage thoracique<\/strong> permet d\u2019am\u00e9liorer la m\u00e9canique respiratoire et de restaurer une synergie harmonieuse avec l\u2019\u00e9paule ;<\/li>\n\n\n\n<li>la <strong>lib\u00e9ration des charni\u00e8res cervico-dorsale (C7-D3)<\/strong> et costo-vert\u00e9brales am\u00e9liore la coordination du mouvement global.<\/li>\n<\/ul>\n\n\n\n<p>Ces techniques visent non seulement \u00e0 soulager la douleur mais surtout \u00e0 <strong>redonner de l\u2019espace<\/strong> aux structures tendineuses, en particulier dans le canal sous-acromial, souvent le si\u00e8ge d\u2019un conflit m\u00e9canique.<\/p>\n\n\n\n<h3 class=\"wp-block-heading has-text-color has-link-color wp-elements-49cc3039c2129d36728d8e26ef06cae2\" style=\"color:#a33c3c\"><span class=\"ez-toc-section\" id=\"3_Reequilibrage_Musculaire_et_Postural\"><\/span><strong>3. R\u00e9\u00e9quilibrage Musculaire et Postural<\/strong><span class=\"ez-toc-section-end\"><\/span><\/h3>\n\n\n\n<p>Une fois la mobilit\u00e9 retrouv\u00e9e, le travail ost\u00e9opathique se concentre sur le <strong>r\u00e9\u00e9quilibrage des cha\u00eenes musculaires<\/strong>. L\u2019objectif est d\u2019<strong>harmoniser la relation entre muscles stabilisateurs<\/strong> (coiffe des rotateurs, fixateurs de l\u2019omoplate) et <strong>mobilisateurs<\/strong> (delto\u00efde, pectoraux, grand dorsal).<\/p>\n\n\n\n<p>Cela peut impliquer :<\/p>\n\n\n\n<ul class=\"wp-block-list\">\n<li>la <strong>d\u00e9compression du nerf supra-scapulaire<\/strong>, qui innerve les muscles supra- et infra-\u00e9pineux, souvent irrit\u00e9 dans les tendinites chroniques ;<\/li>\n\n\n\n<li>un <strong>\u00e9tirement des muscles pectoraux<\/strong>, trop souvent raccourcis, responsables d\u2019un enroulement ant\u00e9rieur de l\u2019\u00e9paule ;<\/li>\n\n\n\n<li>un <strong>renforcement r\u00e9flexe<\/strong> (via techniques neuro-musculaires) des muscles sous-actifs, notamment les rotateurs externes ou le dentel\u00e9 ant\u00e9rieur.<\/li>\n<\/ul>\n\n\n\n<p>Un accent particulier est mis sur le <strong>r\u00e9entra\u00eenement proprioceptif<\/strong>, pour r\u00e9int\u00e9grer les sch\u00e9mas moteurs corrects et pr\u00e9venir les r\u00e9cidives. La posture globale du patient est \u00e9galement abord\u00e9e, en lien avec ses habitudes de vie, son poste de travail, et son niveau d\u2019activit\u00e9 physique.<\/p>\n\n\n\n<h3 class=\"wp-block-heading has-text-color has-link-color wp-elements-c31435827a135efd568992a4534e4085\" style=\"color:#a33c3c\"><span class=\"ez-toc-section\" id=\"4_Une_Approche_Individualisee_et_Complementaire\"><\/span><strong>4. Une Approche Individualis\u00e9e et Compl\u00e9mentaire<\/strong><span class=\"ez-toc-section-end\"><\/span><\/h3>\n\n\n\n<p>Chaque patient pr\u00e9sentant une tendinite de la coiffe des rotateurs a un <strong>profil unique<\/strong> : certains sont hypermobiles, d\u2019autres posturaux ou s\u00e9dentaires, d\u2019autres encore pr\u00e9sentent des s\u00e9quelles anciennes de traumatismes. L\u2019ost\u00e9opathe adapte donc son traitement en fonction de l\u2019ensemble de ces facteurs.<\/p>\n\n\n\n<p>Enfin, l\u2019approche ost\u00e9opathique s\u2019int\u00e8gre parfaitement dans un <strong>plan de soins multidisciplinaire<\/strong>, en collaboration avec les physioth\u00e9rapeutes, kin\u00e9siologues, et m\u00e9decins g\u00e9n\u00e9ralistes, pour assurer une r\u00e9cup\u00e9ration optimale et durable.<\/p>\n\n\n\n<h2 class=\"wp-block-heading has-white-color has-text-color has-background has-link-color wp-elements-d3709cfb62a560f7841dbbf70ff05970\" id=\"h-prevenir-et-soulager-la-tendinite-une-approche-globale-et-preventive-0\" style=\"background-color:#484e5e\"><span class=\"ez-toc-section\" id=\"Prevenir_et_Soulager_la_Tendinite_Une_Approche_Globale_et_Preventive\"><\/span><strong>Pr\u00e9venir et Soulager la Tendinite : Une Approche Globale et Pr\u00e9ventive<\/strong><span class=\"ez-toc-section-end\"><\/span><\/h2>\n\n\n\n<p>En r\u00e9sum\u00e9, la biom\u00e9canique de l&rsquo;\u00e9paule est un aspect crucial \u00e0 consid\u00e9rer pour comprendre et traiter la tendinite de la coiffe des rotateurs. Cette affection r\u00e9sulte souvent de d\u00e9s\u00e9quilibres musculaires, de mouvements r\u00e9p\u00e9titifs, d&rsquo;une mauvaise posture et d&rsquo;une instabilit\u00e9 de l&rsquo;\u00e9paule, qui exercent une pression excessive sur les tendons de la coiffe des rotateurs.<\/p>\n\n\n\n<p>Ces facteurs peuvent conduire \u00e0 une inflammation et \u00e0 des microtraumatismes des tendons, provoquant ainsi la tendinite. <\/p>\n\n\n\n<p>En travaillant sur le renforcement musculaire, la correction de la posture et la pr\u00e9vention des mouvements r\u00e9p\u00e9titifs nuisibles, nous pouvons r\u00e9duire le risque de d\u00e9velopper une tendinite de la coiffe des rotateurs. Il est essentiel d&rsquo;adopter une approche pr\u00e9ventive et holistique pour optimiser la sant\u00e9 et le bien-\u00eatre de l&rsquo;\u00e9paule, en veillant \u00e0 ce que les patients puissent continuer \u00e0 vivre pleinement leur vie sans \u00eatre limit\u00e9s par la douleur ou les restrictions de mouvement.<\/p>\n","protected":false},"excerpt":{"rendered":"<p>La biom\u00e9canique de l&rsquo;\u00e9paule, un domaine complexe et crucial de l&rsquo;anatomie humaine, rev\u00eat une importance particuli\u00e8re lorsqu&rsquo;il s&rsquo;agit de comprendre l&rsquo;impact sur la tendinite de la coiffe des rotateurs. <\/p>\n<p>Cette r\u00e9gion anatomique, compos\u00e9e de muscles et de tendons qui facilitent la mobilit\u00e9 et la stabilisation de l&rsquo;\u00e9paule, est soumise \u00e0 des contraintes biom\u00e9caniques sp\u00e9cifiques qui, lorsqu&rsquo;elles sont d\u00e9s\u00e9quilibr\u00e9es, peuvent conduire au d\u00e9veloppement de la tendinite de la coiffe des rotateurs.<\/p>\n","protected":false},"author":1,"featured_media":36136,"comment_status":"open","ping_status":"open","sticky":false,"template":"","format":"standard","meta":{"tdm_status":"","tdm_grid_status":"","iawp_total_views":8,"footnotes":""},"categories":[416,132,326],"tags":[],"class_list":{"0":"post-36112","1":"post","2":"type-post","3":"status-publish","4":"format-standard","5":"has-post-thumbnail","7":"category-biomecanique","8":"category-trouble-de-lepaule","9":"category-tendinite"},"_links":{"self":[{"href":"https:\/\/osteomag.ca\/fr\/wp-json\/wp\/v2\/posts\/36112","targetHints":{"allow":["GET"]}}],"collection":[{"href":"https:\/\/osteomag.ca\/fr\/wp-json\/wp\/v2\/posts"}],"about":[{"href":"https:\/\/osteomag.ca\/fr\/wp-json\/wp\/v2\/types\/post"}],"author":[{"embeddable":true,"href":"https:\/\/osteomag.ca\/fr\/wp-json\/wp\/v2\/users\/1"}],"replies":[{"embeddable":true,"href":"https:\/\/osteomag.ca\/fr\/wp-json\/wp\/v2\/comments?post=36112"}],"version-history":[{"count":0,"href":"https:\/\/osteomag.ca\/fr\/wp-json\/wp\/v2\/posts\/36112\/revisions"}],"wp:featuredmedia":[{"embeddable":true,"href":"https:\/\/osteomag.ca\/fr\/wp-json\/wp\/v2\/media\/36136"}],"wp:attachment":[{"href":"https:\/\/osteomag.ca\/fr\/wp-json\/wp\/v2\/media?parent=36112"}],"wp:term":[{"taxonomy":"category","embeddable":true,"href":"https:\/\/osteomag.ca\/fr\/wp-json\/wp\/v2\/categories?post=36112"},{"taxonomy":"post_tag","embeddable":true,"href":"https:\/\/osteomag.ca\/fr\/wp-json\/wp\/v2\/tags?post=36112"}],"curies":[{"name":"wp","href":"https:\/\/api.w.org\/{rel}","templated":true}]}}