{"id":36643,"date":"2023-12-23T21:48:45","date_gmt":"2023-12-24T01:48:45","guid":{"rendered":"https:\/\/osteomag.ca\/?p=36643"},"modified":"2026-04-15T14:11:34","modified_gmt":"2026-04-15T19:11:34","slug":"traitement-des-points-trigger-du-trapeze-par-compression-ischemique-une-approche-ostheopathique-efficace","status":"publish","type":"post","link":"https:\/\/osteomag.ca\/fr\/traitement-des-points-trigger-du-trapeze-par-compression-ischemique-une-approche-ostheopathique-efficace\/","title":{"rendered":"Traitement du syndrome myofascial du Trap\u00e8ze par Compression Isch\u00e9mique"},"content":{"rendered":"<div id=\"ez-toc-container\" class=\"ez-toc-v2_0_82_2 counter-hierarchy ez-toc-counter ez-toc-custom ez-toc-container-direction\">\n<div class=\"ez-toc-title-container\">\n<p class=\"ez-toc-title\" style=\"cursor:inherit\">Table des mati\u00e8res<\/p>\n<span class=\"ez-toc-title-toggle\"><a href=\"#\" class=\"ez-toc-pull-right ez-toc-btn ez-toc-btn-xs ez-toc-btn-default ez-toc-toggle\" aria-label=\"Toggle Table of Content\"><span class=\"ez-toc-js-icon-con\"><span class=\"\"><span class=\"eztoc-hide\" style=\"display:none;\">Toggle<\/span><span class=\"ez-toc-icon-toggle-span\"><svg style=\"fill: #000000;color:#000000\" xmlns=\"http:\/\/www.w3.org\/2000\/svg\" class=\"list-377408\" width=\"20px\" height=\"20px\" viewBox=\"0 0 24 24\" fill=\"none\"><path d=\"M6 6H4v2h2V6zm14 0H8v2h12V6zM4 11h2v2H4v-2zm16 0H8v2h12v-2zM4 16h2v2H4v-2zm16 0H8v2h12v-2z\" fill=\"currentColor\"><\/path><\/svg><svg style=\"fill: #000000;color:#000000\" class=\"arrow-unsorted-368013\" xmlns=\"http:\/\/www.w3.org\/2000\/svg\" width=\"10px\" height=\"10px\" viewBox=\"0 0 24 24\" version=\"1.2\" baseProfile=\"tiny\"><path d=\"M18.2 9.3l-6.2-6.3-6.2 6.3c-.2.2-.3.4-.3.7s.1.5.3.7c.2.2.4.3.7.3h11c.3 0 .5-.1.7-.3.2-.2.3-.5.3-.7s-.1-.5-.3-.7zM5.8 14.7l6.2 6.3 6.2-6.3c.2-.2.3-.5.3-.7s-.1-.5-.3-.7c-.2-.2-.4-.3-.7-.3h-11c-.3 0-.5.1-.7.3-.2.2-.3.5-.3.7s.1.5.3.7z\"\/><\/svg><\/span><\/span><\/span><\/a><\/span><\/div>\n<nav><ul class='ez-toc-list ez-toc-list-level-1 eztoc-toggle-hide-by-default' ><li class='ez-toc-page-1 ez-toc-heading-level-2'><a class=\"ez-toc-link ez-toc-heading-1\" href=\"https:\/\/osteomag.ca\/fr\/traitement-des-points-trigger-du-trapeze-par-compression-ischemique-une-approche-ostheopathique-efficace\/#Syndrome_myofascial_du_trapeze_version_courte\" >Syndrome myofascial du trap\u00e8ze : version courte<\/a><ul class='ez-toc-list-level-3' ><li class='ez-toc-heading-level-3'><a class=\"ez-toc-link ez-toc-heading-2\" href=\"https:\/\/osteomag.ca\/fr\/traitement-des-points-trigger-du-trapeze-par-compression-ischemique-une-approche-ostheopathique-efficace\/#Symptomes_frequents\" >Sympt\u00f4mes fr\u00e9quents<\/a><\/li><li class='ez-toc-page-1 ez-toc-heading-level-3'><a class=\"ez-toc-link ez-toc-heading-3\" href=\"https:\/\/osteomag.ca\/fr\/traitement-des-points-trigger-du-trapeze-par-compression-ischemique-une-approche-ostheopathique-efficace\/#Causes_possibles\" >Causes possibles<\/a><\/li><li class='ez-toc-page-1 ez-toc-heading-level-3'><a class=\"ez-toc-link ez-toc-heading-4\" href=\"https:\/\/osteomag.ca\/fr\/traitement-des-points-trigger-du-trapeze-par-compression-ischemique-une-approche-ostheopathique-efficace\/#Comment_poser_le_diagnostic\" >Comment poser le diagnostic ?<\/a><\/li><li class='ez-toc-page-1 ez-toc-heading-level-3'><a class=\"ez-toc-link ez-toc-heading-5\" href=\"https:\/\/osteomag.ca\/fr\/traitement-des-points-trigger-du-trapeze-par-compression-ischemique-une-approche-ostheopathique-efficace\/#Comment_soulager\" >Comment soulager ?<\/a><\/li><li class='ez-toc-page-1 ez-toc-heading-level-3'><a class=\"ez-toc-link ez-toc-heading-6\" href=\"https:\/\/osteomag.ca\/fr\/traitement-des-points-trigger-du-trapeze-par-compression-ischemique-une-approche-ostheopathique-efficace\/#Place_de_la_compression_ischemique_et_de_losteopathie\" >Place de la compression isch\u00e9mique et de l\u2019ost\u00e9opathie<\/a><\/li><li class='ez-toc-page-1 ez-toc-heading-level-3'><a class=\"ez-toc-link ez-toc-heading-7\" href=\"https:\/\/osteomag.ca\/fr\/traitement-des-points-trigger-du-trapeze-par-compression-ischemique-une-approche-ostheopathique-efficace\/#Quand_consulter_rapidement\" >Quand consulter rapidement ?<\/a><\/li><li class='ez-toc-page-1 ez-toc-heading-level-3'><a class=\"ez-toc-link ez-toc-heading-8\" href=\"https:\/\/osteomag.ca\/fr\/traitement-des-points-trigger-du-trapeze-par-compression-ischemique-une-approche-ostheopathique-efficace\/#En_resume\" >En r\u00e9sum\u00e9<\/a><\/li><\/ul><\/li><li class='ez-toc-page-1 ez-toc-heading-level-2'><a class=\"ez-toc-link ez-toc-heading-9\" href=\"https:\/\/osteomag.ca\/fr\/traitement-des-points-trigger-du-trapeze-par-compression-ischemique-une-approche-ostheopathique-efficace\/#Introduction_pourquoi_le_trapeze_devient_douloureux\" >Introduction : pourquoi le trap\u00e8ze devient douloureux<\/a><\/li><li class='ez-toc-page-1 ez-toc-heading-level-2'><a class=\"ez-toc-link ez-toc-heading-10\" href=\"https:\/\/osteomag.ca\/fr\/traitement-des-points-trigger-du-trapeze-par-compression-ischemique-une-approche-ostheopathique-efficace\/#Quest-ce_que_le_syndrome_myofascial_du_trapeze\" >Qu\u2019est-ce que le syndrome myofascial du trap\u00e8ze ?<\/a><\/li><li class='ez-toc-page-1 ez-toc-heading-level-2'><a class=\"ez-toc-link ez-toc-heading-11\" href=\"https:\/\/osteomag.ca\/fr\/traitement-des-points-trigger-du-trapeze-par-compression-ischemique-une-approche-ostheopathique-efficace\/#Anatomie_du_muscle_trapeze_role_et_zones_concernees\" >Anatomie du muscle trap\u00e8ze : r\u00f4le et zones concern\u00e9es<\/a><\/li><li class='ez-toc-page-1 ez-toc-heading-level-2'><a class=\"ez-toc-link ez-toc-heading-12\" href=\"https:\/\/osteomag.ca\/fr\/traitement-des-points-trigger-du-trapeze-par-compression-ischemique-une-approche-ostheopathique-efficace\/#Quest-ce_quun_point_trigger_myofascial\" >Qu\u2019est-ce qu\u2019un point trigger myofascial ?<\/a><\/li><li class='ez-toc-page-1 ez-toc-heading-level-2'><a class=\"ez-toc-link ez-toc-heading-13\" href=\"https:\/\/osteomag.ca\/fr\/traitement-des-points-trigger-du-trapeze-par-compression-ischemique-une-approche-ostheopathique-efficace\/#Symptomes_du_syndrome_myofascial_du_trapeze\" >Sympt\u00f4mes du syndrome myofascial du trap\u00e8ze<\/a><\/li><li class='ez-toc-page-1 ez-toc-heading-level-2'><a class=\"ez-toc-link ez-toc-heading-14\" href=\"https:\/\/osteomag.ca\/fr\/traitement-des-points-trigger-du-trapeze-par-compression-ischemique-une-approche-ostheopathique-efficace\/#Ou_la_douleur_peut-elle_irradier_douleur_referee\" >O\u00f9 la douleur peut-elle irradier ? (douleur r\u00e9f\u00e9r\u00e9e)<\/a><\/li><li class='ez-toc-page-1 ez-toc-heading-level-2'><a class=\"ez-toc-link ez-toc-heading-15\" href=\"https:\/\/osteomag.ca\/fr\/traitement-des-points-trigger-du-trapeze-par-compression-ischemique-une-approche-ostheopathique-efficace\/#8_Causes_frequentes_et_facteurs_aggravants\" >8. Causes fr\u00e9quentes et facteurs aggravants<\/a><\/li><li class='ez-toc-page-1 ez-toc-heading-level-2'><a class=\"ez-toc-link ez-toc-heading-16\" href=\"https:\/\/osteomag.ca\/fr\/traitement-des-points-trigger-du-trapeze-par-compression-ischemique-une-approche-ostheopathique-efficace\/#9_Diagnostic_comment_reconnaitre_un_syndrome_myofascial_du_trapeze\" >9. Diagnostic : comment reconna\u00eetre un syndrome myofascial du trap\u00e8ze ?<\/a><\/li><li class='ez-toc-page-1 ez-toc-heading-level-2'><a class=\"ez-toc-link ez-toc-heading-17\" href=\"https:\/\/osteomag.ca\/fr\/traitement-des-points-trigger-du-trapeze-par-compression-ischemique-une-approche-ostheopathique-efficace\/#10_Diagnostic_differentiel_ce_que_lon_doit_exclure\" >10. Diagnostic diff\u00e9rentiel : ce que l\u2019on doit exclure<\/a><\/li><li class='ez-toc-page-1 ez-toc-heading-level-2'><a class=\"ez-toc-link ez-toc-heading-18\" href=\"https:\/\/osteomag.ca\/fr\/traitement-des-points-trigger-du-trapeze-par-compression-ischemique-une-approche-ostheopathique-efficace\/#Compression_ischemique_en_quoi_consiste_cette_technique\" >Compression isch\u00e9mique : en quoi consiste cette technique ?<\/a><\/li><li class='ez-toc-page-1 ez-toc-heading-level-2'><a class=\"ez-toc-link ez-toc-heading-19\" href=\"https:\/\/osteomag.ca\/fr\/traitement-des-points-trigger-du-trapeze-par-compression-ischemique-une-approche-ostheopathique-efficace\/#12_Comment_se_deroule_une_seance_de_traitement\" >12. Comment se d\u00e9roule une s\u00e9ance de traitement ?<\/a><\/li><li class='ez-toc-page-1 ez-toc-heading-level-2'><a class=\"ez-toc-link ez-toc-heading-20\" href=\"https:\/\/osteomag.ca\/fr\/traitement-des-points-trigger-du-trapeze-par-compression-ischemique-une-approche-ostheopathique-efficace\/#13_Exercices_efficaces_pour_relacher_le_trapeze\" >13. Exercices efficaces pour rel\u00e2cher le trap\u00e8ze<\/a><ul class='ez-toc-list-level-3' ><li class='ez-toc-heading-level-3'><a class=\"ez-toc-link ez-toc-heading-21\" href=\"https:\/\/osteomag.ca\/fr\/traitement-des-points-trigger-du-trapeze-par-compression-ischemique-une-approche-ostheopathique-efficace\/#Etirement_du_trapeze_superieur\" >\u00c9tirement du trap\u00e8ze sup\u00e9rieur<\/a><\/li><li class='ez-toc-page-1 ez-toc-heading-level-3'><a class=\"ez-toc-link ez-toc-heading-22\" href=\"https:\/\/osteomag.ca\/fr\/traitement-des-points-trigger-du-trapeze-par-compression-ischemique-une-approche-ostheopathique-efficace\/#Balle_contre_le_mur\" >Balle contre le mur<\/a><\/li><li class='ez-toc-page-1 ez-toc-heading-level-3'><a class=\"ez-toc-link ez-toc-heading-23\" href=\"https:\/\/osteomag.ca\/fr\/traitement-des-points-trigger-du-trapeze-par-compression-ischemique-une-approche-ostheopathique-efficace\/#Mobilite_cervicale_douce\" >Mobilit\u00e9 cervicale douce<\/a><\/li><li class='ez-toc-page-1 ez-toc-heading-level-3'><a class=\"ez-toc-link ez-toc-heading-24\" href=\"https:\/\/osteomag.ca\/fr\/traitement-des-points-trigger-du-trapeze-par-compression-ischemique-une-approche-ostheopathique-efficace\/#Retraction_scapulaire\" >R\u00e9traction scapulaire<\/a><\/li><li class='ez-toc-page-1 ez-toc-heading-level-3'><a class=\"ez-toc-link ez-toc-heading-25\" href=\"https:\/\/osteomag.ca\/fr\/traitement-des-points-trigger-du-trapeze-par-compression-ischemique-une-approche-ostheopathique-efficace\/#Respiration_diaphragmatique\" >Respiration diaphragmatique<\/a><\/li><li class='ez-toc-page-1 ez-toc-heading-level-3'><a class=\"ez-toc-link ez-toc-heading-26\" href=\"https:\/\/osteomag.ca\/fr\/traitement-des-points-trigger-du-trapeze-par-compression-ischemique-une-approche-ostheopathique-efficace\/#Glissement_des_epaules_vers_le_bas\" >Glissement des \u00e9paules vers le bas<\/a><\/li><li class='ez-toc-page-1 ez-toc-heading-level-3'><a class=\"ez-toc-link ez-toc-heading-27\" href=\"https:\/\/osteomag.ca\/fr\/traitement-des-points-trigger-du-trapeze-par-compression-ischemique-une-approche-ostheopathique-efficace\/#Conseils_importants\" >Conseils importants<\/a><\/li><li class='ez-toc-page-1 ez-toc-heading-level-3'><a class=\"ez-toc-link ez-toc-heading-28\" href=\"https:\/\/osteomag.ca\/fr\/traitement-des-points-trigger-du-trapeze-par-compression-ischemique-une-approche-ostheopathique-efficace\/#A_quelle_frequence\" >\u00c0 quelle fr\u00e9quence ?<\/a><\/li><li class='ez-toc-page-1 ez-toc-heading-level-3'><a class=\"ez-toc-link ez-toc-heading-29\" href=\"https:\/\/osteomag.ca\/fr\/traitement-des-points-trigger-du-trapeze-par-compression-ischemique-une-approche-ostheopathique-efficace\/#Quand_arreter_et_consulter\" >Quand arr\u00eater et consulter ?<\/a><\/li><\/ul><\/li><li class='ez-toc-page-1 ez-toc-heading-level-2'><a class=\"ez-toc-link ez-toc-heading-30\" href=\"https:\/\/osteomag.ca\/fr\/traitement-des-points-trigger-du-trapeze-par-compression-ischemique-une-approche-ostheopathique-efficace\/#14_Prevenir_les_tensions_du_trapeze_au_quotidien\" >14. Pr\u00e9venir les tensions du trap\u00e8ze au quotidien<\/a><\/li><li class='ez-toc-page-1 ez-toc-heading-level-2'><a class=\"ez-toc-link ez-toc-heading-31\" href=\"https:\/\/osteomag.ca\/fr\/traitement-des-points-trigger-du-trapeze-par-compression-ischemique-une-approche-ostheopathique-efficace\/#15_Questions_frequentes_FAQ\" >15. Questions fr\u00e9quentes (FAQ)<\/a><ul class='ez-toc-list-level-3' ><li class='ez-toc-heading-level-3'><a class=\"ez-toc-link ez-toc-heading-32\" href=\"https:\/\/osteomag.ca\/fr\/traitement-des-points-trigger-du-trapeze-par-compression-ischemique-une-approche-ostheopathique-efficace\/#Un_point_trigger_du_trapeze_peut-il_donner_mal_a_la_tete\" >Un point trigger du trap\u00e8ze peut-il donner mal \u00e0 la t\u00eate ?<\/a><\/li><li class='ez-toc-page-1 ez-toc-heading-level-3'><a class=\"ez-toc-link ez-toc-heading-33\" href=\"https:\/\/osteomag.ca\/fr\/traitement-des-points-trigger-du-trapeze-par-compression-ischemique-une-approche-ostheopathique-efficace\/#Combien_de_temps_faut-il_pour_guerir\" >Combien de temps faut-il pour gu\u00e9rir ?<\/a><\/li><li class='ez-toc-page-1 ez-toc-heading-level-3'><a class=\"ez-toc-link ez-toc-heading-34\" href=\"https:\/\/osteomag.ca\/fr\/traitement-des-points-trigger-du-trapeze-par-compression-ischemique-une-approche-ostheopathique-efficace\/#Chaleur_ou_glace\" >Chaleur ou glace ?<\/a><\/li><li class='ez-toc-page-1 ez-toc-heading-level-3'><a class=\"ez-toc-link ez-toc-heading-35\" href=\"https:\/\/osteomag.ca\/fr\/traitement-des-points-trigger-du-trapeze-par-compression-ischemique-une-approche-ostheopathique-efficace\/#Faut-il_masser_tous_les_jours\" >Faut-il masser tous les jours ?<\/a><\/li><li class='ez-toc-page-1 ez-toc-heading-level-3'><a class=\"ez-toc-link ez-toc-heading-36\" href=\"https:\/\/osteomag.ca\/fr\/traitement-des-points-trigger-du-trapeze-par-compression-ischemique-une-approche-ostheopathique-efficace\/#Est-ce_grave\" >Est-ce grave ?<\/a><\/li><li class='ez-toc-page-1 ez-toc-heading-level-3'><a class=\"ez-toc-link ez-toc-heading-37\" href=\"https:\/\/osteomag.ca\/fr\/traitement-des-points-trigger-du-trapeze-par-compression-ischemique-une-approche-ostheopathique-efficace\/#Pourquoi_la_douleur_revient-elle_souvent\" >Pourquoi la douleur revient-elle souvent ?<\/a><\/li><li class='ez-toc-page-1 ez-toc-heading-level-3'><a class=\"ez-toc-link ez-toc-heading-38\" href=\"https:\/\/osteomag.ca\/fr\/traitement-des-points-trigger-du-trapeze-par-compression-ischemique-une-approche-ostheopathique-efficace\/#Les_exercices_sont-ils_vraiment_utiles\" >Les exercices sont-ils vraiment utiles ?<\/a><\/li><li class='ez-toc-page-1 ez-toc-heading-level-3'><a class=\"ez-toc-link ez-toc-heading-39\" href=\"https:\/\/osteomag.ca\/fr\/traitement-des-points-trigger-du-trapeze-par-compression-ischemique-une-approche-ostheopathique-efficace\/#Puis-je_continuer_a_travailler\" >Puis-je continuer \u00e0 travailler ?<\/a><\/li><li class='ez-toc-page-1 ez-toc-heading-level-3'><a class=\"ez-toc-link ez-toc-heading-40\" href=\"https:\/\/osteomag.ca\/fr\/traitement-des-points-trigger-du-trapeze-par-compression-ischemique-une-approche-ostheopathique-efficace\/#Quand_consulter_rapidement-2\" >Quand consulter rapidement ?<\/a><\/li><li class='ez-toc-page-1 ez-toc-heading-level-3'><a class=\"ez-toc-link ez-toc-heading-41\" href=\"https:\/\/osteomag.ca\/fr\/traitement-des-points-trigger-du-trapeze-par-compression-ischemique-une-approche-ostheopathique-efficace\/#Le_stress_peut-il_vraiment_tendre_le_trapeze\" >Le stress peut-il vraiment tendre le trap\u00e8ze ?<\/a><\/li><\/ul><\/li><li class='ez-toc-page-1 ez-toc-heading-level-2'><a class=\"ez-toc-link ez-toc-heading-42\" href=\"https:\/\/osteomag.ca\/fr\/traitement-des-points-trigger-du-trapeze-par-compression-ischemique-une-approche-ostheopathique-efficace\/#16_Conclusion_retrouver_un_cou_et_des_epaules_plus_libres\" >16. Conclusion : retrouver un cou et des \u00e9paules plus libres<\/a><\/li><li class='ez-toc-page-1 ez-toc-heading-level-2'><a class=\"ez-toc-link ez-toc-heading-43\" href=\"https:\/\/osteomag.ca\/fr\/traitement-des-points-trigger-du-trapeze-par-compression-ischemique-une-approche-ostheopathique-efficace\/#References\" >R\u00e9f\u00e9rences<\/a><\/li><\/ul><\/nav><\/div>\n\n<div class=\"pc-box\">\n\n<div class=\"pc-title\">Points cl\u00e9s<\/div>\n\n<ul class=\"pc-list\">\n<li>Le syndrome myofascial du trap\u00e8ze est une cause fr\u00e9quente de douleur dans la nuque, les \u00e9paules et le haut du dos.<\/li>\n\n<li>Il est souvent li\u00e9 \u00e0 des points trigger myofasciaux, zones hypersensibles situ\u00e9es dans le muscle.<\/li>\n\n<li>Ces points peuvent provoquer une douleur locale ou r\u00e9f\u00e9r\u00e9e vers la t\u00eate, la tempe, l\u2019\u0153il, l\u2019\u00e9paule ou entre les omoplates.<\/li>\n\n<li>Le trap\u00e8ze sup\u00e9rieur est la portion la plus souvent touch\u00e9e, surtout chez les personnes stress\u00e9es ou travaillant longtemps sur \u00e9cran.<\/li>\n\n<li>Une posture prolong\u00e9e avec la t\u00eate en avant augmente fortement la charge sur le trap\u00e8ze.<\/li>\n\n<li>Le stress \u00e9motionnel peut entretenir une contraction involontaire des \u00e9paules et de la nuque.<\/li>\n\n<li>Les sympt\u00f4mes fr\u00e9quents incluent raideur cervicale, c\u00e9phal\u00e9es de tension, fatigue des \u00e9paules et douleur \u00e0 la palpation.<\/li>\n\n<li>Le diagnostic repose principalement sur l\u2019examen clinique et la palpation musculaire.<\/li>\n\n<li>Il est important d\u2019exclure d\u2019autres causes comme une radiculopathie cervicale ou une pathologie de l\u2019\u00e9paule.<\/li>\n\n<li>Les techniques manuelles, les exercices, la correction posturale et la gestion du stress r\u00e9duisent le risque de r\u00e9cidive.<\/li>\n<\/ul>\n\n<\/div>\n\n<style>\n.pc-box{\nbackground:#ffffff;\nborder:2px solid #1A7F78;\nborder-left:8px solid #1A7F78;\npadding:24px;\nmargin:30px 0;\nborder-radius:4px;\nbox-shadow:0 6px 18px rgba(0,0,0,0.08);\n}\n\n.pc-title{\nfont-size:28px;\nfont-weight:700;\ncolor:#1A7F78;\nmargin-bottom:18px;\nline-height:1.2;\n}\n\n.pc-list{\nmargin:0;\npadding-left:22px;\n}\n\n.pc-list li{\nmargin-bottom:12px;\nfont-size:18px;\nline-height:1.6;\ncolor:#222;\n}\n\n.pc-list li::marker{\ncolor:#1A7F78;\nfont-weight:bold;\n}\n<\/style>\n\n\n\n<style>\n.osteo-accordion{\n  margin:25px 0;\n  border-radius:12px;\n  overflow:hidden;\n  box-shadow:0 4px 14px rgba(0,0,0,.08);\n}\n.osteo-accordion details{\n  background:#fff;\n}\n.osteo-accordion summary{\n  list-style:none;\n  cursor:pointer;\n  padding:20px 24px;\n  font-size:32px;\n  font-weight:700;\n  color:#fff;\n  background:linear-gradient(135deg,#178fcb 0%,#1177b1 100%);\n  position:relative;\n}\n.osteo-accordion summary::-webkit-details-marker{\n  display:none;\n}\n.osteo-accordion summary::after{\n  content:\"+\";\n  position:absolute;\n  right:24px;\n  top:50%;\n  transform:translateY(-50%);\n  font-size:48px;\n  font-weight:300;\n}\n.osteo-accordion details[open] summary::after{\n  content:\"\u2212\";\n}\n.osteo-accordion-content{\n  padding:28px;\n  background:#f9fcff;\n  line-height:1.8;\n  color:#222;\n  font-size:18px;\n}\n.osteo-accordion-content h2{\n  color:#1177b1;\n  font-size:28px;\n  margin:0 0 14px;\n}\n.osteo-accordion-content h3{\n  color:#1177b1;\n  font-size:22px;\n  margin:24px 0 8px;\n}\n.osteo-accordion-content ul{\n  margin:8px 0 18px 22px;\n}\n.osteo-accordion-content li{\n  margin-bottom:8px;\n}\n<\/style>\n\n<div class=\"osteo-accordion\">\n  <details>\n    <summary>Version texte court<\/summary>\n\n    <div class=\"osteo-accordion-content\">\n\n      <h2><span class=\"ez-toc-section\" id=\"Syndrome_myofascial_du_trapeze_version_courte\"><\/span>Syndrome myofascial du trap\u00e8ze : version courte<span class=\"ez-toc-section-end\"><\/span><\/h2>\n\n      <p>Une douleur dans la nuque, les \u00e9paules ou entre les omoplates peut parfois provenir du trap\u00e8ze, un muscle essentiel \u00e0 la posture et aux mouvements des \u00e9paules. Lorsqu\u2019il d\u00e9veloppe des zones hypersensibles appel\u00e9es points trigger (ou points g\u00e2chettes), on parle de syndrome myofascial du trap\u00e8ze. Ces points peuvent provoquer une douleur locale ou irradi\u00e9e vers la t\u00eate, la tempe, l\u2019\u0153il ou l\u2019\u00e9paule.<\/p>\n\n      <h3><span class=\"ez-toc-section\" id=\"Symptomes_frequents\"><\/span>Sympt\u00f4mes fr\u00e9quents<span class=\"ez-toc-section-end\"><\/span><\/h3>\n      <ul>\n        <li>Douleur dans la nuque<\/li>\n        <li>Tension des \u00e9paules<\/li>\n        <li>Raideur cervicale<\/li>\n        <li>Douleur entre les omoplates<\/li>\n        <li>Maux de t\u00eate de tension<\/li>\n        <li>Sensibilit\u00e9 \u00e0 la pression<\/li>\n        <li>Fatigue des \u00e9paules<\/li>\n        <li>G\u00eane en travaillant \u00e0 l\u2019ordinateur<\/li>\n        <li>Mobilit\u00e9 r\u00e9duite du cou<\/li>\n        <li>Sensation de n\u0153ud musculaire<\/li>\n      <\/ul>\n\n      <h3><span class=\"ez-toc-section\" id=\"Causes_possibles\"><\/span>Causes possibles<span class=\"ez-toc-section-end\"><\/span><\/h3>\n      <p>Plusieurs facteurs peuvent surcharger le trap\u00e8ze :<\/p>\n      <ul>\n        <li>Posture t\u00eate en avant<\/li>\n        <li>Longues heures sur \u00e9cran<\/li>\n        <li>Stress chronique<\/li>\n        <li>Crispation des \u00e9paules<\/li>\n        <li>Gestes r\u00e9p\u00e9titifs<\/li>\n        <li>Port de charges<\/li>\n        <li>Mauvaise ergonomie<\/li>\n        <li>Manque de pauses<\/li>\n        <li>Fatigue g\u00e9n\u00e9rale<\/li>\n        <li>Troubles m\u00e9caniques cervicaux ou scapulaires<\/li>\n      <\/ul>\n\n      <h3><span class=\"ez-toc-section\" id=\"Comment_poser_le_diagnostic\"><\/span>Comment poser le diagnostic ?<span class=\"ez-toc-section-end\"><\/span><\/h3>\n      <p>Le diagnostic repose surtout sur :<\/p>\n      <ul>\n        <li>Histoire des sympt\u00f4mes<\/li>\n        <li>Examen clinique<\/li>\n        <li>Palpation des bandes tendues<\/li>\n        <li>Reproduction de la douleur \u00e0 la pression<\/li>\n        <li>Analyse posturale<\/li>\n        <li>Mobilit\u00e9 cervicale et scapulaire<\/li>\n        <li>Exclusion d\u2019autres causes (radiculopathie, \u00e9paule, cervicales)<\/li>\n        <li>Parfois examens compl\u00e9mentaires si n\u00e9cessaire<\/li>\n      <\/ul>\n\n      <h3><span class=\"ez-toc-section\" id=\"Comment_soulager\"><\/span>Comment soulager ?<span class=\"ez-toc-section-end\"><\/span><\/h3>\n      <p>Le traitement d\u00e9pend de la cause. Il peut inclure :<\/p>\n      <ul>\n        <li>Pauses r\u00e9guli\u00e8res<\/li>\n        <li>Correction ergonomique<\/li>\n        <li>Exercices posturaux<\/li>\n        <li>Mobilit\u00e9 cervicale douce<\/li>\n        <li>Chaleur locale<\/li>\n        <li>\u00c9tirements progressifs<\/li>\n        <li>Renforcement scapulaire<\/li>\n        <li>Gestion du stress<\/li>\n        <li>Physioth\u00e9rapie<\/li>\n        <li>Th\u00e9rapie manuelle<\/li>\n      <\/ul>\n\n      <h3><span class=\"ez-toc-section\" id=\"Place_de_la_compression_ischemique_et_de_losteopathie\"><\/span>Place de la compression isch\u00e9mique et de l\u2019ost\u00e9opathie<span class=\"ez-toc-section-end\"><\/span><\/h3>\n      <p>La compression isch\u00e9mique consiste \u00e0 appliquer une pression progressive et contr\u00f4l\u00e9e sur le point trigger afin de diminuer sa sensibilit\u00e9 et favoriser le rel\u00e2chement musculaire. En ost\u00e9opathie, elle peut \u00eatre int\u00e9gr\u00e9e \u00e0 une approche plus globale incluant :<\/p>\n      <ul>\n        <li>Mobilit\u00e9 cervicale<\/li>\n        <li>Travail scapulo-thoracique<\/li>\n        <li>Rel\u00e2chement myofascial<\/li>\n        <li>Respiration<\/li>\n        <li>Posture globale<\/li>\n        <li>Conseils ergonomiques<\/li>\n        <li>Pr\u00e9vention des r\u00e9cidives<\/li>\n      <\/ul>\n\n      <h3><span class=\"ez-toc-section\" id=\"Quand_consulter_rapidement\"><\/span>Quand consulter rapidement ?<span class=\"ez-toc-section-end\"><\/span><\/h3>\n      <p>Consultez sans tarder si vous avez :<\/p>\n      <ul>\n        <li>Douleur apr\u00e8s traumatisme<\/li>\n        <li>Faiblesse du bras<\/li>\n        <li>Engourdissement important<\/li>\n        <li>Douleur thoracique inhabituelle<\/li>\n        <li>Fi\u00e8vre<\/li>\n        <li>Maux de t\u00eate s\u00e9v\u00e8res nouveaux<\/li>\n        <li>Douleur nocturne persistante<\/li>\n        <li>Aggravation rapide des sympt\u00f4mes<\/li>\n      <\/ul>\n\n      <h3><span class=\"ez-toc-section\" id=\"En_resume\"><\/span>En r\u00e9sum\u00e9<span class=\"ez-toc-section-end\"><\/span><\/h3>\n      <p>Le syndrome myofascial du trap\u00e8ze est fr\u00e9quent et souvent li\u00e9 aux postures prolong\u00e9es, au stress ou aux surcharges m\u00e9caniques. Lorsqu\u2019il est bien identifi\u00e9, une prise en charge adapt\u00e9e incluant exercices, ergonomie et th\u00e9rapie manuelle permet souvent de r\u00e9duire durablement la douleur et les tensions.<\/p>\n\n    <\/div>\n  <\/details>\n<\/div>\n\n\n\n<h2 class=\"wp-block-heading\" id=\"h-introduction-pourquoi-le-trapeze-devient-douloureux\"><span class=\"ez-toc-section\" id=\"Introduction_pourquoi_le_trapeze_devient_douloureux\"><\/span>Introduction : pourquoi le trap\u00e8ze devient douloureux<span class=\"ez-toc-section-end\"><\/span><\/h2>\n\n\n\n<p>Douleur dans la nuque, tension entre les \u00e9paules, sensation de porter un poids sur le haut du dos, maux de t\u00eate en fin de journ\u00e9e\u2026 Pour beaucoup de personnes, ces sympt\u00f4mes font partie du quotidien. Tr\u00e8s souvent, le muscle trap\u00e8ze est au c\u0153ur du probl\u00e8me.<\/p>\n\n\n\n<p>Le trap\u00e8ze est un grand muscle superficiel situ\u00e9 \u00e0 l\u2019arri\u00e8re du cou et du haut du dos. Il relie la base du cr\u00e2ne, la colonne vert\u00e9brale, les \u00e9paules et les omoplates. Son r\u00f4le est essentiel : stabiliser la t\u00eate, guider les mouvements des \u00e9paules, participer \u00e0 la posture et coordonner une partie importante de la m\u00e9canique cervico-scapulaire. En d\u2019autres termes, il travaille presque en permanence.<\/p>\n\n\n\n<p>C\u2019est pr\u00e9cis\u00e9ment cette activit\u00e9 constante qui le rend vuln\u00e9rable. Contrairement \u00e0 d\u2019autres muscles sollicit\u00e9s de fa\u00e7on ponctuelle, le trap\u00e8ze intervient \u00e0 chaque fois que vous maintenez la t\u00eate droite, utilisez un ordinateur, conduisez, portez un sac, tendez les bras ou restez assis longtemps sans bouger. M\u00eame lorsque vous pensez \u00eatre au repos, il peut continuer \u00e0 compenser silencieusement.<\/p>\n\n\n\n<p>Dans la vie moderne, plusieurs facteurs favorisent sa surcharge :<\/p>\n\n\n\n<ul class=\"wp-block-list\">\n<li>travail prolong\u00e9 devant un \u00e9cran<\/li>\n\n\n\n<li>t\u00eate projet\u00e9e vers l\u2019avant<\/li>\n\n\n\n<li>\u00e9paules relev\u00e9es inconsciemment<\/li>\n\n\n\n<li>stress \u00e9motionnel<\/li>\n\n\n\n<li>respiration superficielle<\/li>\n\n\n\n<li>manque de pauses et de mouvement<\/li>\n\n\n\n<li>d\u00e9s\u00e9quilibres musculaires autour des omoplates<\/li>\n<\/ul>\n\n\n\n<p>Avec le temps, cette surcharge peut cr\u00e9er des zones de tension persistante dans les fibres musculaires. Certaines deviennent hypersensibles et douloureuses : ce sont les fameux points trigger myofasciaux. Ces points peuvent provoquer une douleur locale, mais aussi des douleurs \u00e0 distance vers la t\u00eate, la tempe, la m\u00e2choire, l\u2019\u00e9paule ou entre les omoplates.<\/p>\n\n\n\n<p>C\u2019est pourquoi une douleur du trap\u00e8ze n\u2019est pas toujours \u201cjuste une contracture\u201d. Elle peut refl\u00e9ter un m\u00e9lange de surcharge m\u00e9canique, d\u2019adaptation posturale, de stress neurologique et de fatigue musculaire accumul\u00e9e.<\/p>\n\n\n\n<p>Le trap\u00e8ze agit aussi comme un muscle de vigilance. En p\u00e9riode de tension psychologique, beaucoup de personnes montent inconsciemment les \u00e9paules et rigidifient la nuque. Cette r\u00e9action automatique, utile \u00e0 court terme, devient probl\u00e9matique lorsqu\u2019elle persiste jour apr\u00e8s jour. Le muscle reste en \u00e9tat d\u2019alerte, r\u00e9cup\u00e8re moins bien et devient plus sensible.<\/p>\n\n\n\n<p>Heureusement, comprendre pourquoi le trap\u00e8ze devient douloureux permet d\u00e9j\u00e0 d\u2019avancer vers la solution. Lorsqu\u2019on identifie les causes r\u00e9elles \u2014 posture, surcharge, stress, mobilit\u00e9 r\u00e9duite, habitudes quotidiennes \u2014 il devient possible d\u2019agir efficacement.<\/p>\n\n\n\n<p>Dans cet article, nous allons explorer les sympt\u00f4mes, les causes, les points trigger, le diagnostic, les traitements manuels comme la compression isch\u00e9mique, les exercices utiles et les meilleures strat\u00e9gies de pr\u00e9vention pour retrouver un cou et des \u00e9paules plus libres.<\/p>\n\n\n\n<h2 class=\"wp-block-heading\" id=\"h-qu-est-ce-que-le-syndrome-myofascial-du-trapeze\"><span class=\"ez-toc-section\" id=\"Quest-ce_que_le_syndrome_myofascial_du_trapeze\"><\/span>Qu\u2019est-ce que le syndrome myofascial du trap\u00e8ze ?<span class=\"ez-toc-section-end\"><\/span><\/h2>\n\n\n\n<p>Le syndrome myofascial du trap\u00e8ze est un trouble musculaire fr\u00e9quent caract\u00e9ris\u00e9 par la pr\u00e9sence de douleur, de raideur et de zones hypersensibles dans le muscle trap\u00e8ze. Il touche principalement la r\u00e9gion du cou, des \u00e9paules et du haut du dos, mais ses effets peuvent parfois se propager vers d\u2019autres zones du corps.<\/p>\n\n\n\n<p>Contrairement \u00e0 une d\u00e9chirure musculaire ou \u00e0 une inflammation aigu\u00eb, il ne s\u2019agit g\u00e9n\u00e9ralement pas d\u2019une blessure visible. Le probl\u00e8me provient plut\u00f4t d\u2019un dysfonctionnement du tissu musculaire et de son contr\u00f4le neuromusculaire. Certaines fibres du trap\u00e8ze restent en tension prolong\u00e9e, deviennent irritables et forment de petits foyers douloureux appel\u00e9s points trigger myofasciaux.<\/p>\n\n\n\n<p>Ces points trigger sont souvent situ\u00e9s \u00e0 l\u2019int\u00e9rieur d\u2019une bande musculaire tendue. Lorsqu\u2019on appuie dessus, ils peuvent \u00eatre sensibles localement, reproduire la douleur habituelle du patient ou d\u00e9clencher une douleur r\u00e9f\u00e9r\u00e9e \u00e0 distance. C\u2019est ce qui explique pourquoi une tension du trap\u00e8ze peut parfois provoquer un mal de t\u00eate, une douleur \u00e0 l\u2019\u00e9paule ou une g\u00eane entre les omoplates.<\/p>\n\n\n\n<p>Le trap\u00e8ze est particuli\u00e8rement expos\u00e9 \u00e0 ce type de probl\u00e8me, car il joue un r\u00f4le postural constant. Il aide \u00e0 maintenir la t\u00eate droite, stabilise les omoplates et participe \u00e0 de nombreux mouvements du membre sup\u00e9rieur. Lorsqu\u2019il est sollicit\u00e9 sans r\u00e9cup\u00e9ration suffisante, il peut progressivement entrer dans un \u00e9tat de surcharge chronique.<\/p>\n\n\n\n<p>Plusieurs situations favorisent l\u2019apparition du syndrome myofascial du trap\u00e8ze :<\/p>\n\n\n\n<ul class=\"wp-block-list\">\n<li>travail prolong\u00e9 devant un ordinateur<\/li>\n\n\n\n<li>posture de t\u00eate en avant<\/li>\n\n\n\n<li>stress \u00e9motionnel<\/li>\n\n\n\n<li>respiration haute et superficielle<\/li>\n\n\n\n<li>port de charges r\u00e9p\u00e9titif<\/li>\n\n\n\n<li>sommeil de mauvaise qualit\u00e9<\/li>\n\n\n\n<li>d\u00e9s\u00e9quilibres musculaires scapulaires<\/li>\n\n\n\n<li>manque d\u2019activit\u00e9 physique ou immobilit\u00e9 prolong\u00e9e<\/li>\n<\/ul>\n\n\n\n<p>Les sympt\u00f4mes varient selon les personnes, mais on retrouve fr\u00e9quemment :<\/p>\n\n\n\n<ul class=\"wp-block-list\">\n<li>douleur sourde ou profonde dans la nuque<\/li>\n\n\n\n<li>sensation de n\u0153ud musculaire<\/li>\n\n\n\n<li>raideur cervicale<\/li>\n\n\n\n<li>douleur au sommet de l\u2019\u00e9paule<\/li>\n\n\n\n<li>fatigue musculaire en fin de journ\u00e9e<\/li>\n\n\n\n<li>c\u00e9phal\u00e9es de tension<\/li>\n\n\n\n<li>sensibilit\u00e9 au toucher dans le trap\u00e8ze<\/li>\n<\/ul>\n\n\n\n<p>Le syndrome peut \u00eatre aigu, apparaissant apr\u00e8s une surcharge ponctuelle, ou chronique, lorsqu\u2019il persiste depuis plusieurs semaines ou plusieurs mois. Dans les formes chroniques, le syst\u00e8me nerveux devient parfois plus sensible, ce qui entretient la douleur m\u00eame apr\u00e8s la disparition du facteur d\u00e9clencheur initial.<\/p>\n\n\n\n<p>Il est important de comprendre que ce syndrome n\u2019est pas \u201cimaginaire\u201d ni simplement li\u00e9 au stress dans la t\u00eate. Il correspond \u00e0 de v\u00e9ritables changements fonctionnels dans le muscle, les tissus environnants et parfois la modulation nerveuse de la douleur.<\/p>\n\n\n\n<p>Heureusement, ce trouble r\u00e9pond souvent bien \u00e0 une prise en charge adapt\u00e9e. Lorsque l\u2019on traite \u00e0 la fois le muscle, la posture, les habitudes quotidiennes et les facteurs de tension g\u00e9n\u00e9rale, l\u2019am\u00e9lioration peut \u00eatre significative. C\u2019est pourquoi une approche globale est g\u00e9n\u00e9ralement plus efficace qu\u2019un simple traitement local temporaire.<\/p>\n\n\n\n<h2 class=\"wp-block-heading\"><span class=\"ez-toc-section\" id=\"Anatomie_du_muscle_trapeze_role_et_zones_concernees\"><\/span>Anatomie du muscle trap\u00e8ze : r\u00f4le et zones concern\u00e9es<span class=\"ez-toc-section-end\"><\/span><\/h2>\n\n\n\n<p>Le trap\u00e8ze est l\u2019un des muscles les plus vastes et les plus importants de la r\u00e9gion cervico-dorsale. Situ\u00e9 \u00e0 l\u2019arri\u00e8re du cou et du haut du dos, il recouvre une grande partie de la nuque, des \u00e9paules et de la zone interscapulaire. Sa forme rappelle un losange ou un cerf-volant lorsqu\u2019on observe les deux c\u00f4t\u00e9s ensemble.<\/p>\n\n\n<div class=\"wp-block-image\">\n<figure class=\"aligncenter size-full is-resized\"><img decoding=\"async\" width=\"800\" height=\"984\" src=\"https:\/\/osteomag.ca\/wp-content\/uploads\/2023\/12\/2026-04-14_12-35-16.webp\" alt=\"\" class=\"wp-image-56857\" style=\"aspect-ratio:0.8130210400952759;width:420px;height:auto\" srcset=\"https:\/\/osteomag.ca\/wp-content\/uploads\/2023\/12\/2026-04-14_12-35-16.webp 800w, https:\/\/osteomag.ca\/wp-content\/uploads\/2023\/12\/2026-04-14_12-35-16-329x405.webp 329w, https:\/\/osteomag.ca\/wp-content\/uploads\/2023\/12\/2026-04-14_12-35-16-65x80.webp 65w, https:\/\/osteomag.ca\/wp-content\/uploads\/2023\/12\/2026-04-14_12-35-16-768x945.webp 768w, https:\/\/osteomag.ca\/wp-content\/uploads\/2023\/12\/2026-04-14_12-35-16-341x420.webp 341w, https:\/\/osteomag.ca\/wp-content\/uploads\/2023\/12\/2026-04-14_12-35-16-150x185.webp 150w, https:\/\/osteomag.ca\/wp-content\/uploads\/2023\/12\/2026-04-14_12-35-16-300x369.webp 300w, https:\/\/osteomag.ca\/wp-content\/uploads\/2023\/12\/2026-04-14_12-35-16-600x738.webp 600w, https:\/\/osteomag.ca\/wp-content\/uploads\/2023\/12\/2026-04-14_12-35-16-324x400.webp 324w, https:\/\/osteomag.ca\/wp-content\/uploads\/2023\/12\/2026-04-14_12-35-16-696x856.webp 696w\" sizes=\"(max-width: 800px) 100vw, 800px\" \/><\/figure>\n<\/div>\n\n\n<p>Ce muscle agit comme un lien fonctionnel entre la t\u00eate, la colonne vert\u00e9brale, les omoplates et les \u00e9paules. Gr\u00e2ce \u00e0 ses multiples insertions, il participe \u00e0 la posture, \u00e0 la stabilit\u00e9 scapulaire et aux mouvements du membre sup\u00e9rieur. Il joue aussi un r\u00f4le majeur dans l\u2019\u00e9quilibre entre mobilit\u00e9 et soutien.<\/p>\n\n\n\n<p>Le trap\u00e8ze prend naissance sur plusieurs structures situ\u00e9es sur la ligne m\u00e9diane :<\/p>\n\n\n\n<ul class=\"wp-block-list\">\n<li>os occipital \u00e0 la base du cr\u00e2ne<\/li>\n\n\n\n<li>ligament nuchal<\/li>\n\n\n\n<li>vert\u00e8bres cervicales<\/li>\n\n\n\n<li>vert\u00e8bres thoraciques jusqu\u2019\u00e0 T12<\/li>\n<\/ul>\n\n\n\n<p>Ses fibres se dirigent ensuite vers la ceinture scapulaire pour se fixer sur :<\/p>\n\n\n\n<ul class=\"wp-block-list\">\n<li>tiers lat\u00e9ral de la clavicule<\/li>\n\n\n\n<li>acromion<\/li>\n\n\n\n<li>\u00e9pine de la scapula<\/li>\n<\/ul>\n\n\n\n<p>Cette architecture lui permet d\u2019exercer des actions vari\u00e9es selon la zone recrut\u00e9e.<\/p>\n\n\n\n<p>Le trap\u00e8ze n\u2019agit pas comme un bloc unique. Il est g\u00e9n\u00e9ralement divis\u00e9 en trois r\u00e9gions fonctionnelles, chacune ayant un r\u00f4le sp\u00e9cifique.<\/p>\n\n\n\n<p>Le trap\u00e8ze sup\u00e9rieur s\u2019\u00e9tend du cr\u00e2ne et du cou vers la clavicule. C\u2019est la partie la plus souvent impliqu\u00e9e dans les douleurs li\u00e9es au stress et aux postures prolong\u00e9es. Il contribue \u00e0 :<\/p>\n\n\n\n<ul class=\"wp-block-list\">\n<li>\u00e9lever l\u2019\u00e9paule<\/li>\n\n\n\n<li>incliner la t\u00eate lat\u00e9ralement<\/li>\n\n\n\n<li>assister certains mouvements cervicaux<\/li>\n\n\n\n<li>stabiliser la t\u00eate et le cou<\/li>\n<\/ul>\n\n\n\n<p>Lorsque les \u00e9paules montent inconsciemment sous tension, c\u2019est souvent cette portion qui travaille excessivement.<\/p>\n\n\n\n<p>Le trap\u00e8ze moyen relie la colonne thoracique \u00e0 l\u2019acromion et \u00e0 l\u2019\u00e9pine scapulaire. Sa fonction principale est de rapprocher les omoplates vers la colonne. Il est essentiel pour :<\/p>\n\n\n\n<ul class=\"wp-block-list\">\n<li>la r\u00e9traction scapulaire<\/li>\n\n\n\n<li>la stabilit\u00e9 de l\u2019\u00e9paule<\/li>\n\n\n\n<li>la posture thoracique<\/li>\n\n\n\n<li>l\u2019\u00e9quilibre avec les muscles pectoraux<\/li>\n<\/ul>\n\n\n\n<p>Un trap\u00e8ze moyen faible ou inhib\u00e9 peut favoriser l\u2019enroulement des \u00e9paules vers l\u2019avant.<\/p>\n\n\n\n<p>Le trap\u00e8ze inf\u00e9rieur descend des vert\u00e8bres thoraciques vers la partie basse de l\u2019\u00e9pine de la scapula. Il participe \u00e0 :<\/p>\n\n\n\n<ul class=\"wp-block-list\">\n<li>l\u2019abaissement de l\u2019omoplate<\/li>\n\n\n\n<li>la rotation scapulaire vers le haut<\/li>\n\n\n\n<li>la stabilit\u00e9 lors de l\u2019\u00e9l\u00e9vation du bras<\/li>\n\n\n\n<li>le contr\u00f4le postural du haut du dos<\/li>\n<\/ul>\n\n\n\n<p>Cette portion est souvent sous-utilis\u00e9e chez les personnes s\u00e9dentaires ou pr\u00e9sentant une mauvaise m\u00e9canique scapulaire.<\/p>\n\n\n\n<p>Le trap\u00e8ze travaille rarement seul. Il fonctionne en synergie avec plusieurs muscles :<\/p>\n\n\n\n<ul class=\"wp-block-list\">\n<li>dentel\u00e9 ant\u00e9rieur<\/li>\n\n\n\n<li>rhombo\u00efdes<\/li>\n\n\n\n<li>\u00e9l\u00e9vateur de la scapula<\/li>\n\n\n\n<li>muscles cervicaux profonds<\/li>\n\n\n\n<li>delto\u00efde<\/li>\n\n\n\n<li>coiffe des rotateurs<\/li>\n<\/ul>\n\n\n\n<p>Lorsque cet \u00e9quilibre est perturb\u00e9, certaines fibres du trap\u00e8ze compensent davantage, ce qui augmente le risque de surcharge et de points trigger.<\/p>\n\n\n\n<p>Son innervation motrice provient principalement du nerf accessoire spinal (XI), tandis que la sensibilit\u00e9 proprioceptive d\u00e9pend de branches cervicales. Sa vascularisation est assur\u00e9e notamment par l\u2019art\u00e8re transverse du cou.<\/p>\n\n\n\n<p>Comprendre l\u2019anatomie du trap\u00e8ze est essentiel, car la douleur ne provient pas toujours de l\u2019endroit o\u00f9 elle est ressentie. Une zone surcharg\u00e9e du trap\u00e8ze sup\u00e9rieur peut cr\u00e9er un mal de t\u00eate, tandis qu\u2019un d\u00e9ficit du trap\u00e8ze inf\u00e9rieur peut contribuer \u00e0 une douleur d\u2019\u00e9paule. En clinique, identifier la portion concern\u00e9e aide \u00e0 mieux orienter le traitement, les exercices et la pr\u00e9vention.<\/p>\n\n\n\n<h2 class=\"wp-block-heading\"><span class=\"ez-toc-section\" id=\"Quest-ce_quun_point_trigger_myofascial\"><\/span>Qu\u2019est-ce qu\u2019un point trigger myofascial ?<span class=\"ez-toc-section-end\"><\/span><\/h2>\n\n\n\n<p>Un point trigger myofascial est une zone hypersensible situ\u00e9e \u00e0 l\u2019int\u00e9rieur d\u2019un muscle ou de son fascia. Il se trouve g\u00e9n\u00e9ralement dans une bande musculaire tendue et se manifeste comme un petit nodule douloureux \u00e0 la palpation. Lorsqu\u2019on appuie dessus, il peut provoquer une douleur locale, mais aussi une douleur ressentie \u00e0 distance dans une autre r\u00e9gion du corps.<\/p>\n\n\n\n<p>C\u2019est l\u2019une des caract\u00e9ristiques les plus importantes des points trigger : la douleur n\u2019est pas toujours ressentie \u00e0 l\u2019endroit exact du probl\u00e8me. Dans le cas du trap\u00e8ze, un point trigger peut cr\u00e9er une douleur dans la nuque, la tempe, derri\u00e8re l\u2019\u0153il, au sommet de l\u2019\u00e9paule ou entre les omoplates.<\/p>\n\n\n\n<p>Le concept a \u00e9t\u00e9 largement d\u00e9velopp\u00e9 par les m\u00e9decins Janet Travell et David Simons, qui ont observ\u00e9 que certaines douleurs musculo-squelettiques chroniques provenaient de foyers irritables dans les muscles plut\u00f4t que d\u2019une l\u00e9sion articulaire ou nerveuse classique.<\/p>\n\n\n\n<p>Sur le plan fonctionnel, un point trigger correspondrait \u00e0 une zone o\u00f9 certaines fibres musculaires restent contract\u00e9es de fa\u00e7on anormale. Cette contraction locale prolong\u00e9e peut r\u00e9duire la circulation sanguine, perturber l\u2019apport en oxyg\u00e8ne et favoriser l\u2019accumulation de substances sensibilisantes. Le r\u00e9sultat est un tissu plus douloureux, plus raide et moins efficace.<\/p>\n\n\n\n<p>Les caract\u00e9ristiques cliniques fr\u00e9quemment retrouv\u00e9es sont :<\/p>\n\n\n\n<ul class=\"wp-block-list\">\n<li>douleur \u00e0 la pression<\/li>\n\n\n\n<li>bande musculaire tendue<\/li>\n\n\n\n<li>nodule sensible<\/li>\n\n\n\n<li>reproduction de la douleur habituelle<\/li>\n\n\n\n<li>douleur r\u00e9f\u00e9r\u00e9e<\/li>\n\n\n\n<li>limitation de mouvement<\/li>\n\n\n\n<li>fatigue musculaire locale<\/li>\n<\/ul>\n\n\n\n<p>On distingue souvent deux grandes cat\u00e9gories de points trigger.<\/p>\n\n\n\n<p>Les points trigger actifs provoquent une douleur spontan\u00e9e, m\u00eame sans pression. Le patient peut sentir une g\u00eane constante, une douleur diffuse ou des \u00e9pisodes r\u00e9currents selon les activit\u00e9s et le stress.<\/p>\n\n\n\n<p>Les points trigger latents ne sont pas douloureux au repos, mais deviennent sensibles lorsqu\u2019on les palpe. Ils peuvent n\u00e9anmoins limiter la mobilit\u00e9, diminuer la performance musculaire et pr\u00e9parer le terrain \u00e0 des douleurs futures.<\/p>\n\n\n\n<p>Plusieurs facteurs favorisent leur apparition :<\/p>\n\n\n\n<ul class=\"wp-block-list\">\n<li>surcharge musculaire<\/li>\n\n\n\n<li>posture prolong\u00e9e<\/li>\n\n\n\n<li>gestes r\u00e9p\u00e9titifs<\/li>\n\n\n\n<li>stress chronique<\/li>\n\n\n\n<li>manque de r\u00e9cup\u00e9ration<\/li>\n\n\n\n<li>traumatisme<\/li>\n\n\n\n<li>sommeil insuffisant<\/li>\n\n\n\n<li>d\u00e9s\u00e9quilibres biom\u00e9caniques<\/li>\n<\/ul>\n\n\n\n<p>Dans le trap\u00e8ze, ces facteurs sont particuli\u00e8rement fr\u00e9quents car ce muscle participe en permanence au maintien postural. Il peut donc accumuler des microcontraintes quotidiennes sans que la personne s\u2019en rende compte.<\/p>\n\n\n\n<p>Il est aussi important de comprendre qu\u2019un point trigger isol\u00e9 existe rarement dans le vide. Il s\u2019int\u00e8gre souvent dans un ensemble plus large : mauvaise posture, respiration tendue, stress, faiblesse scapulaire, mobilit\u00e9 thoracique r\u00e9duite ou surcharge professionnelle.<\/p>\n\n\n\n<p>C\u2019est pourquoi le traitement ne consiste pas seulement \u00e0 \u201cappuyer sur un n\u0153ud\u201d. Une approche efficace vise \u00e0 d\u00e9sactiver la zone douloureuse tout en corrigeant les causes qui entretiennent sa r\u00e9apparition.<\/p>\n\n\n\n<p>Lorsqu\u2019ils sont bien identifi\u00e9s, les points trigger r\u00e9pondent souvent favorablement \u00e0 des techniques manuelles, aux exercices adapt\u00e9s, \u00e0 la modification des habitudes de posture et \u00e0 une meilleure gestion de la charge physique et nerveuse.<\/p>\n\n\n\n<h2 class=\"wp-block-heading\"><span class=\"ez-toc-section\" id=\"Symptomes_du_syndrome_myofascial_du_trapeze\"><\/span>Sympt\u00f4mes du syndrome myofascial du trap\u00e8ze<span class=\"ez-toc-section-end\"><\/span><\/h2>\n\n\n\n<p>Le syndrome myofascial du trap\u00e8ze peut se manifester de diff\u00e9rentes fa\u00e7ons selon la portion du muscle touch\u00e9e, l\u2019anciennet\u00e9 du probl\u00e8me, le niveau de stress de la personne et les compensations d\u00e9j\u00e0 install\u00e9es. Chez certains, il provoque une g\u00eane l\u00e9g\u00e8re et intermittente. Chez d\u2019autres, il devient une source quotidienne de douleur et de fatigue.<\/p>\n\n\n\n<p>Le sympt\u00f4me le plus fr\u00e9quent est une douleur localis\u00e9e dans la r\u00e9gion cervico-scapulaire. Elle se situe souvent :<\/p>\n\n\n\n<ul class=\"wp-block-list\">\n<li>\u00e0 la base du cou<\/li>\n\n\n\n<li>entre la nuque et l\u2019\u00e9paule<\/li>\n\n\n\n<li>au sommet de l\u2019\u00e9paule<\/li>\n\n\n\n<li>entre les omoplates<\/li>\n\n\n\n<li>dans le haut du dos<\/li>\n<\/ul>\n\n\n\n<p>Cette douleur est g\u00e9n\u00e9ralement d\u00e9crite comme :<\/p>\n\n\n\n<ul class=\"wp-block-list\">\n<li>tension profonde<\/li>\n\n\n\n<li>br\u00fblure l\u00e9g\u00e8re<\/li>\n\n\n\n<li>douleur sourde<\/li>\n\n\n\n<li>raideur persistante<\/li>\n\n\n\n<li>sensation de n\u0153ud musculaire<\/li>\n<\/ul>\n\n\n\n<p>Elle peut \u00eatre plus marqu\u00e9e apr\u00e8s plusieurs heures devant un \u00e9cran, apr\u00e8s une mauvaise nuit, lors d\u2019une p\u00e9riode de stress ou en fin de journ\u00e9e.<\/p>\n\n\n\n<p>Un autre sympt\u00f4me fr\u00e9quent est la raideur cervicale. Le patient a l\u2019impression que le cou bouge moins librement ou que certains mouvements tirent dans la nuque. Cela appara\u00eet souvent lors de :<\/p>\n\n\n\n<ul class=\"wp-block-list\">\n<li>rotation de la t\u00eate<\/li>\n\n\n\n<li>inclinaison lat\u00e9rale<\/li>\n\n\n\n<li>maintien prolong\u00e9 d\u2019une posture assise<\/li>\n\n\n\n<li>r\u00e9veil matinal<\/li>\n<\/ul>\n\n\n\n<p>Le trap\u00e8ze sup\u00e9rieur est \u00e9galement souvent impliqu\u00e9 dans les c\u00e9phal\u00e9es de tension. La douleur peut remonter vers :<\/p>\n\n\n\n<ul class=\"wp-block-list\">\n<li>l\u2019arri\u00e8re du cr\u00e2ne<\/li>\n\n\n\n<li>la tempe<\/li>\n\n\n\n<li>derri\u00e8re l\u2019\u0153il<\/li>\n\n\n\n<li>le cuir chevelu<\/li>\n<\/ul>\n\n\n\n<p>Ces maux de t\u00eate sont parfois confondus avec d\u2019autres causes, alors qu\u2019une composante musculaire importante est pr\u00e9sente.<\/p>\n\n\n\n<p>De nombreuses personnes ressentent aussi une fatigue des \u00e9paules ou une lourdeur du haut du dos. Elles ont l\u2019impression de devoir \u201ctenir\u201d leur posture avec effort. Cette fatigue peut s\u2019installer progressivement au fil de la journ\u00e9e.<\/p>\n\n\n\n<p>La sensibilit\u00e9 au toucher est un signe classique. Certaines zones du trap\u00e8ze deviennent douloureuses lorsqu\u2019on appuie dessus, lorsqu\u2019on porte une bretelle de sac, lorsqu\u2019on re\u00e7oit un massage ou m\u00eame en s\u2019appuyant contre un dossier rigide.<\/p>\n\n\n\n<p>Dans certains cas, des sympt\u00f4mes associ\u00e9s peuvent appara\u00eetre :<\/p>\n\n\n\n<ul class=\"wp-block-list\">\n<li>sensation de tension dans la m\u00e2choire<\/li>\n\n\n\n<li>inconfort entre les omoplates<\/li>\n\n\n\n<li>difficult\u00e9 \u00e0 se d\u00e9tendre<\/li>\n\n\n\n<li>impression d\u2019\u00e9paules toujours hautes<\/li>\n\n\n\n<li>respiration superficielle<\/li>\n\n\n\n<li>irritabilit\u00e9 li\u00e9e \u00e0 la douleur persistante<\/li>\n<\/ul>\n\n\n\n<p>Lorsque le probl\u00e8me devient chronique, la douleur n\u2019est plus seulement m\u00e9canique. Le syst\u00e8me nerveux peut devenir plus r\u00e9actif, ce qui augmente la sensibilit\u00e9 g\u00e9n\u00e9rale de la zone. Des activit\u00e9s auparavant tol\u00e9r\u00e9es deviennent alors irritantes.<\/p>\n\n\n\n<p>Les sympt\u00f4mes ne sont pas toujours constants. Ils fluctuent selon :<\/p>\n\n\n\n<ul class=\"wp-block-list\">\n<li>qualit\u00e9 du sommeil<\/li>\n\n\n\n<li>charge mentale<\/li>\n\n\n\n<li>niveau d\u2019activit\u00e9 physique<\/li>\n\n\n\n<li>ergonomie du poste de travail<\/li>\n\n\n\n<li>temps pass\u00e9 assis<\/li>\n\n\n\n<li>r\u00e9cup\u00e9ration musculaire<\/li>\n\n\n\n<li>stress \u00e9motionnel<\/li>\n<\/ul>\n\n\n\n<p>C\u2019est un \u00e9l\u00e9ment important : une douleur variable oriente souvent vers un trouble fonctionnel plut\u00f4t qu\u2019une l\u00e9sion structurelle s\u00e9v\u00e8re.<\/p>\n\n\n\n<p>Il faut \u00e9galement rester attentif aux signes qui sugg\u00e8rent une autre cause et justifient une \u00e9valuation m\u00e9dicale, comme :<\/p>\n\n\n\n<ul class=\"wp-block-list\">\n<li>faiblesse du bras<\/li>\n\n\n\n<li>engourdissements persistants<\/li>\n\n\n\n<li>douleur nocturne importante<\/li>\n\n\n\n<li>fi\u00e8vre<\/li>\n\n\n\n<li>perte de poids inexpliqu\u00e9e<\/li>\n\n\n\n<li>traumatisme r\u00e9cent<\/li>\n\n\n\n<li>douleur thoracique associ\u00e9e<\/li>\n<\/ul>\n\n\n\n<p>Reconna\u00eetre les sympt\u00f4mes du syndrome myofascial du trap\u00e8ze permet d\u2019agir t\u00f4t. Plus la prise en charge commence rapidement, plus il est facile de r\u00e9duire la douleur, restaurer la mobilit\u00e9 et \u00e9viter l\u2019installation d\u2019un cercle chronique tension-douleur-fatigue.<\/p>\n\n\n\n<h2 class=\"wp-block-heading\"><span class=\"ez-toc-section\" id=\"Ou_la_douleur_peut-elle_irradier_douleur_referee\"><\/span>O\u00f9 la douleur peut-elle irradier ? (douleur r\u00e9f\u00e9r\u00e9e)<span class=\"ez-toc-section-end\"><\/span><\/h2>\n\n\n\n<p>L\u2019un des aspects les plus d\u00e9routants du syndrome myofascial du trap\u00e8ze est que la douleur n\u2019est pas toujours ressentie \u00e0 l\u2019endroit exact o\u00f9 se trouve le probl\u00e8me. Une zone irrit\u00e9e dans le muscle peut provoquer une douleur ailleurs : on parle alors de douleur r\u00e9f\u00e9r\u00e9e.<\/p>\n\n\n<div class=\"wp-block-image\">\n<figure class=\"aligncenter size-full\"><img decoding=\"async\" width=\"1024\" height=\"1024\" src=\"https:\/\/osteomag.ca\/wp-content\/uploads\/2023\/12\/ChatGPT-Image-Mar-15-2026-12_09_21-PM-1.webp\" alt=\"\" class=\"wp-image-56853\" srcset=\"https:\/\/osteomag.ca\/wp-content\/uploads\/2023\/12\/ChatGPT-Image-Mar-15-2026-12_09_21-PM-1.webp 1024w, https:\/\/osteomag.ca\/wp-content\/uploads\/2023\/12\/ChatGPT-Image-Mar-15-2026-12_09_21-PM-1-405x405.webp 405w, https:\/\/osteomag.ca\/wp-content\/uploads\/2023\/12\/ChatGPT-Image-Mar-15-2026-12_09_21-PM-1-80x80.webp 80w, https:\/\/osteomag.ca\/wp-content\/uploads\/2023\/12\/ChatGPT-Image-Mar-15-2026-12_09_21-PM-1-768x768.webp 768w, https:\/\/osteomag.ca\/wp-content\/uploads\/2023\/12\/ChatGPT-Image-Mar-15-2026-12_09_21-PM-1-420x420.webp 420w, https:\/\/osteomag.ca\/wp-content\/uploads\/2023\/12\/ChatGPT-Image-Mar-15-2026-12_09_21-PM-1-150x150.webp 150w, https:\/\/osteomag.ca\/wp-content\/uploads\/2023\/12\/ChatGPT-Image-Mar-15-2026-12_09_21-PM-1-300x300.webp 300w, https:\/\/osteomag.ca\/wp-content\/uploads\/2023\/12\/ChatGPT-Image-Mar-15-2026-12_09_21-PM-1-600x600.webp 600w, https:\/\/osteomag.ca\/wp-content\/uploads\/2023\/12\/ChatGPT-Image-Mar-15-2026-12_09_21-PM-1-696x696.webp 696w\" sizes=\"(max-width: 1024px) 100vw, 1024px\" \/><figcaption class=\"wp-element-caption\"><strong>Cartographie des points trigger du muscle trap\u00e8ze et des zones de douleur r\u00e9f\u00e9r\u00e9e.<\/strong><br><em>Les croix indiquent l\u2019emplacement des principaux points trigger (TrP) dans les diff\u00e9rentes portions du trap\u00e8ze. Les zones rouges repr\u00e9sentent les r\u00e9gions o\u00f9 la douleur peut \u00eatre ressentie \u00e0 distance du point d\u2019origine. Ces sch\u00e9mas, d\u00e9crits notamment dans les travaux de Travell et Simons, illustrent comment une tension musculaire locale dans le trap\u00e8ze peut provoquer des douleurs dans la nuque, la t\u00eate, l\u2019\u00e9paule ou le haut du dos.<\/em><\/figcaption><\/figure>\n<\/div>\n\n\n<p>Autrement dit, le trap\u00e8ze peut \u00eatre la source r\u00e9elle du sympt\u00f4me m\u00eame si la personne a surtout mal \u00e0 la t\u00eate, \u00e0 l\u2019\u00e9paule ou entre les omoplates.<\/p>\n\n\n\n<p>Ce ph\u00e9nom\u00e8ne est fr\u00e9quent avec les points trigger myofasciaux. Lorsqu\u2019ils sont stimul\u00e9s, ils envoient des signaux nociceptifs qui peuvent \u00eatre interpr\u00e9t\u00e9s par le syst\u00e8me nerveux comme provenant d\u2019une autre r\u00e9gion partageant des voies nerveuses similaires.<\/p>\n\n\n\n<p>Dans le cas du trap\u00e8ze, les irradiations les plus courantes se dirigent vers :<\/p>\n\n\n\n<ul class=\"wp-block-list\">\n<li>la nuque<\/li>\n\n\n\n<li>l\u2019arri\u00e8re du cr\u00e2ne<\/li>\n\n\n\n<li>la tempe<\/li>\n\n\n\n<li>derri\u00e8re l\u2019\u0153il<\/li>\n\n\n\n<li>le sommet de l\u2019\u00e9paule<\/li>\n\n\n\n<li>la r\u00e9gion interscapulaire<\/li>\n\n\n\n<li>parfois la m\u00e2choire ou la base du cr\u00e2ne<\/li>\n<\/ul>\n\n\n\n<p>C\u2019est pourquoi certaines personnes consultent pour des c\u00e9phal\u00e9es r\u00e9p\u00e9t\u00e9es ou une douleur d\u2019\u00e9paule, alors que la source principale est musculaire.<\/p>\n\n\n\n<p>Le trap\u00e8ze sup\u00e9rieur est le plus souvent associ\u00e9 aux douleurs qui montent vers la t\u00eate. Il peut contribuer \u00e0 :<\/p>\n\n\n\n<ul class=\"wp-block-list\">\n<li>c\u00e9phal\u00e9es de tension<\/li>\n\n\n\n<li>pression temporale<\/li>\n\n\n\n<li>douleur occipitale<\/li>\n\n\n\n<li>sensation de casque serr\u00e9<\/li>\n\n\n\n<li>g\u00eane p\u00e9ri-orbitaire<\/li>\n<\/ul>\n\n\n\n<p>Le trap\u00e8ze moyen est davantage reli\u00e9 aux douleurs situ\u00e9es :<\/p>\n\n\n\n<ul class=\"wp-block-list\">\n<li>entre les omoplates<\/li>\n\n\n\n<li>au bord interne de la scapula<\/li>\n\n\n\n<li>au sommet de l\u2019\u00e9paule<\/li>\n\n\n\n<li>dans la zone post\u00e9rieure de l\u2019\u00e9paule<\/li>\n<\/ul>\n\n\n\n<p>Le trap\u00e8ze inf\u00e9rieur peut participer \u00e0 :<\/p>\n\n\n\n<ul class=\"wp-block-list\">\n<li>inconfort dorsal haut<\/li>\n\n\n\n<li>fatigue posturale<\/li>\n\n\n\n<li>tension scapulaire basse<\/li>\n\n\n\n<li>g\u00eane lors des mouvements du bras au-dessus de la t\u00eate<\/li>\n<\/ul>\n\n\n\n<p>Pourquoi cela se produit-il ? Le syst\u00e8me nerveux central re\u00e7oit en permanence des informations provenant des muscles, des articulations et de la peau. Quand un signal douloureux persiste dans un muscle, la localisation per\u00e7ue peut devenir moins pr\u00e9cise. Le cerveau \u201cprojette\u201d alors parfois la douleur dans une zone voisine ou habituelle.<\/p>\n\n\n\n<p>La douleur r\u00e9f\u00e9r\u00e9e ne signifie pas que la douleur est imaginaire. Elle est bien r\u00e9elle, mais son origine et son lieu de perception sont diff\u00e9rents.<\/p>\n\n\n\n<p>Sur le plan clinique, ce concept est essentiel. Sans lui, on risque de traiter uniquement la zone douloureuse sans corriger la vraie source. Par exemple :<\/p>\n\n\n\n<ul class=\"wp-block-list\">\n<li>masser la tempe sans rel\u00e2cher le trap\u00e8ze<\/li>\n\n\n\n<li>traiter l\u2019\u00e9paule sans examiner la r\u00e9gion cervico-scapulaire<\/li>\n\n\n\n<li>multiplier les examens alors qu\u2019une composante musculaire est dominante<\/li>\n<\/ul>\n\n\n\n<p>Quelques indices orientent vers une douleur r\u00e9f\u00e9r\u00e9e du trap\u00e8ze :<\/p>\n\n\n\n<ul class=\"wp-block-list\">\n<li>douleur fluctuante selon posture ou stress<\/li>\n\n\n\n<li>douleur reproduite par pression sur le muscle<\/li>\n\n\n\n<li>absence de traumatisme local<\/li>\n\n\n\n<li>am\u00e9lioration apr\u00e8s rel\u00e2chement musculaire<\/li>\n\n\n\n<li>association avec raideur cervicale<\/li>\n<\/ul>\n\n\n\n<p>Comprendre la douleur r\u00e9f\u00e9r\u00e9e change souvent la prise en charge. On ne traite plus seulement \u201cl\u2019endroit qui fait mal\u201d, mais l\u2019ensemble du sch\u00e9ma fonctionnel qui entretient la douleur. C\u2019est souvent \u00e0 ce moment que les progr\u00e8s deviennent plus durables.<\/p>\n\n\n\n<h2 class=\"wp-block-heading\"><span class=\"ez-toc-section\" id=\"8_Causes_frequentes_et_facteurs_aggravants\"><\/span>8. Causes fr\u00e9quentes et facteurs aggravants<span class=\"ez-toc-section-end\"><\/span><\/h2>\n\n\n\n<p>Le syndrome myofascial du trap\u00e8ze appara\u00eet rarement sans raison. Dans la majorit\u00e9 des cas, il r\u00e9sulte d\u2019une accumulation de contraintes m\u00e9caniques, posturales, \u00e9motionnelles et fonctionnelles qui d\u00e9passent progressivement la capacit\u00e9 d\u2019adaptation du muscle. Parfois, un seul facteur domine. Souvent, plusieurs causes se combinent.<\/p>\n\n\n\n<p>Comprendre ces facteurs est essentiel, car traiter uniquement la douleur sans corriger ce qui l\u2019entretient augmente le risque de r\u00e9cidive.<\/p>\n\n\n\n<p>L\u2019une des causes les plus fr\u00e9quentes est la posture prolong\u00e9e. Le trap\u00e8ze doit travailler de mani\u00e8re continue lorsque la t\u00eate reste longtemps dans la m\u00eame position ou lorsque les \u00e9paules demeurent fig\u00e9es. Cela concerne notamment :<\/p>\n\n\n\n<ul class=\"wp-block-list\">\n<li>travail de bureau prolong\u00e9<\/li>\n\n\n\n<li>lecture sur \u00e9cran portable<\/li>\n\n\n\n<li>conduite de longue dur\u00e9e<\/li>\n\n\n\n<li>couture, dessin, bricolage minutieux<\/li>\n\n\n\n<li>station assise prolong\u00e9e sans pause<\/li>\n<\/ul>\n\n\n\n<p>M\u00eame une faible contraction maintenue pendant des heures peut fatiguer le muscle.<\/p>\n\n\n\n<p>La posture de t\u00eate en avant est particuli\u00e8rement importante. Plus la t\u00eate avance devant le tronc, plus les muscles cervicaux et le trap\u00e8ze sup\u00e9rieur doivent compenser pour la soutenir. Cette surcharge silencieuse est fr\u00e9quente avec :<\/p>\n\n\n\n<ul class=\"wp-block-list\">\n<li>ordinateur mal positionn\u00e9<\/li>\n\n\n\n<li>t\u00e9l\u00e9phone regard\u00e9 vers le bas<\/li>\n\n\n\n<li>\u00e9cran trop bas<\/li>\n\n\n\n<li>habitude de se pencher vers l\u2019avant<\/li>\n<\/ul>\n\n\n\n<p>Le stress \u00e9motionnel joue \u00e9galement un r\u00f4le majeur. Beaucoup de personnes contractent inconsciemment les \u00e9paules et la nuque lorsqu\u2019elles sont sous pression. Le syst\u00e8me nerveux augmente alors le tonus musculaire, parfois m\u00eame sans mouvement r\u00e9el. \u00c0 long terme, cela favorise :<\/p>\n\n\n\n<ul class=\"wp-block-list\">\n<li>tension chronique<\/li>\n\n\n\n<li>respiration superficielle<\/li>\n\n\n\n<li>fatigue musculaire<\/li>\n\n\n\n<li>sensibilit\u00e9 accrue du trap\u00e8ze<\/li>\n<\/ul>\n\n\n\n<p>Les mouvements r\u00e9p\u00e9titifs peuvent aussi surcharger la r\u00e9gion cervico-scapulaire, surtout si la r\u00e9cup\u00e9ration est insuffisante. On le voit dans :<\/p>\n\n\n\n<ul class=\"wp-block-list\">\n<li>travail manuel r\u00e9p\u00e9titif<\/li>\n\n\n\n<li>gestes au-dessus de la t\u00eate<\/li>\n\n\n\n<li>utilisation prolong\u00e9e de la souris<\/li>\n\n\n\n<li>activit\u00e9s sportives r\u00e9p\u00e9titives<\/li>\n\n\n\n<li>port fr\u00e9quent de charges<\/li>\n<\/ul>\n\n\n\n<p>Les d\u00e9s\u00e9quilibres musculaires autour des omoplates sont une autre cause fr\u00e9quente. Si certains muscles stabilisateurs sont faibles ou mal coordonn\u00e9s, le trap\u00e8ze compense davantage. Cela peut impliquer :<\/p>\n\n\n\n<ul class=\"wp-block-list\">\n<li>dentel\u00e9 ant\u00e9rieur insuffisant<\/li>\n\n\n\n<li>trap\u00e8ze inf\u00e9rieur peu actif<\/li>\n\n\n\n<li>rhombo\u00efdes faibles<\/li>\n\n\n\n<li>pectoraux raides<\/li>\n\n\n\n<li>mobilit\u00e9 thoracique r\u00e9duite<\/li>\n<\/ul>\n\n\n\n<p>Le manque de mouvement global favorise aussi le probl\u00e8me. Un corps immobile tol\u00e8re moins bien les charges statiques. Les tissus deviennent moins adaptables et r\u00e9cup\u00e8rent moins efficacement.<\/p>\n\n\n\n<p>Le sommeil insuffisant ou non r\u00e9parateur peut amplifier la douleur. Pendant le sommeil, le syst\u00e8me nerveux et les tissus r\u00e9cup\u00e8rent. Lorsque cette r\u00e9cup\u00e9ration manque, la sensibilit\u00e9 augmente et les tensions persistent davantage.<\/p>\n\n\n\n<p>Parfois, un \u00e9pisode d\u00e9clencheur pr\u00e9cis est pr\u00e9sent :<\/p>\n\n\n\n<ul class=\"wp-block-list\">\n<li>faux mouvement<\/li>\n\n\n\n<li>coup du lapin<\/li>\n\n\n\n<li>changement de poste de travail<\/li>\n\n\n\n<li>p\u00e9riode de surcharge mentale intense<\/li>\n\n\n\n<li>reprise sportive trop rapide<\/li>\n<\/ul>\n\n\n\n<p>Il ne faut pas oublier les facteurs respiratoires. Une respiration haute et rapide sollicite davantage les muscles accessoires du cou et des \u00e9paules. Le trap\u00e8ze peut alors participer excessivement \u00e0 une fonction qui devrait \u00eatre plus diaphragmatique.<\/p>\n\n\n\n<p>En pratique, les causes les plus courantes ne sont pas spectaculaires. Ce sont souvent de petites contraintes r\u00e9p\u00e9t\u00e9es chaque jour. C\u2019est pourquoi les changements simples peuvent avoir un grand impact :<\/p>\n\n\n\n<h2 class=\"wp-block-heading\"><span class=\"ez-toc-section\" id=\"9_Diagnostic_comment_reconnaitre_un_syndrome_myofascial_du_trapeze\"><\/span>9. Diagnostic : comment reconna\u00eetre un syndrome myofascial du trap\u00e8ze ?<span class=\"ez-toc-section-end\"><\/span><\/h2>\n\n\n\n<p>Le diagnostic du syndrome myofascial du trap\u00e8ze repose avant tout sur l\u2019\u00e9valuation clinique. Il n\u2019existe g\u00e9n\u00e9ralement pas de radiographie, d\u2019IRM ou de prise de sang capable de montrer directement un point trigger myofascial. Cela signifie qu\u2019un examen \u201cnormal\u201d n\u2019exclut pas la pr\u00e9sence d\u2019un probl\u00e8me musculaire r\u00e9el.<\/p>\n\n\n\n<p>Reconna\u00eetre ce syndrome demande donc de relier les sympt\u00f4mes, les habitudes de vie, la posture et les r\u00e9sultats de l\u2019examen physique.<\/p>\n\n\n\n<p>La premi\u00e8re \u00e9tape est l\u2019interrogatoire. Le praticien cherche \u00e0 comprendre :<\/p>\n\n\n\n<ul class=\"wp-block-list\">\n<li>o\u00f9 la douleur est ressentie<\/li>\n\n\n\n<li>depuis quand elle est pr\u00e9sente<\/li>\n\n\n\n<li>ce qui l\u2019aggrave<\/li>\n\n\n\n<li>ce qui la soulage<\/li>\n\n\n\n<li>si elle varie selon la posture ou le stress<\/li>\n\n\n\n<li>si elle s\u2019accompagne de maux de t\u00eate<\/li>\n\n\n\n<li>si elle g\u00eane le sommeil ou le travail<\/li>\n<\/ul>\n\n\n\n<p>Certaines r\u00e9ponses orientent fortement vers une origine myofasciale, notamment une douleur qui augmente apr\u00e8s une posture prolong\u00e9e ou diminue apr\u00e8s le mouvement.<\/p>\n\n\n\n<p>L\u2019observation posturale est ensuite importante. On peut retrouver :<\/p>\n\n\n\n<ul class=\"wp-block-list\">\n<li>t\u00eate projet\u00e9e vers l\u2019avant<\/li>\n\n\n\n<li>\u00e9paules \u00e9lev\u00e9es<\/li>\n\n\n\n<li>asym\u00e9trie scapulaire<\/li>\n\n\n\n<li>thorax affaiss\u00e9<\/li>\n\n\n\n<li>rigidit\u00e9 g\u00e9n\u00e9rale de la ceinture scapulaire<\/li>\n<\/ul>\n\n\n\n<p>Ces \u00e9l\u00e9ments ne suffisent pas \u00e0 eux seuls pour poser le diagnostic, mais ils aident \u00e0 comprendre pourquoi le trap\u00e8ze est surcharg\u00e9.<\/p>\n\n\n\n<p>La palpation musculaire est souvent l\u2019\u00e9l\u00e9ment central. En explorant les fibres du trap\u00e8ze, le praticien recherche :<\/p>\n\n\n\n<ul class=\"wp-block-list\">\n<li>bande musculaire tendue<\/li>\n\n\n\n<li>zone hypersensible<\/li>\n\n\n\n<li>petit nodule douloureux<\/li>\n\n\n\n<li>reproduction de la douleur habituelle<\/li>\n\n\n\n<li>irradiation vers une zone connue du patient<\/li>\n<\/ul>\n\n\n\n<p>Lorsqu\u2019une pression sur le muscle reproduit exactement la douleur d\u00e9crite, cela constitue un indice clinique tr\u00e8s utile.<\/p>\n\n\n\n<p>L\u2019\u00e9valuation du mouvement compl\u00e8te l\u2019examen. On v\u00e9rifie la mobilit\u00e9 du cou, des \u00e9paules et parfois de la colonne thoracique. Il est fr\u00e9quent de retrouver :<\/p>\n\n\n\n<ul class=\"wp-block-list\">\n<li>rotation cervicale limit\u00e9e<\/li>\n\n\n\n<li>inconfort en inclinaison lat\u00e9rale<\/li>\n\n\n\n<li>raideur thoracique<\/li>\n\n\n\n<li>compensation scapulaire lors des mouvements du bras<\/li>\n<\/ul>\n\n\n\n<p>Le praticien cherche aussi \u00e0 exclure d\u2019autres causes. Certains signes orientent vers un probl\u00e8me diff\u00e9rent, par exemple :<\/p>\n\n\n\n<ul class=\"wp-block-list\">\n<li>engourdissements dans la main<\/li>\n\n\n\n<li>faiblesse musculaire du bras<\/li>\n\n\n\n<li>douleur suivant un trajet nerveux pr\u00e9cis<\/li>\n\n\n\n<li>douleur importante la nuit<\/li>\n\n\n\n<li>perte de force progressive<\/li>\n\n\n\n<li>fi\u00e8vre ou alt\u00e9ration g\u00e9n\u00e9rale<\/li>\n<\/ul>\n\n\n\n<p>Dans ces cas, une investigation m\u00e9dicale compl\u00e9mentaire peut \u00eatre n\u00e9cessaire.<\/p>\n\n\n\n<p>Les examens d\u2019imagerie peuvent parfois \u00eatre utiles, non pas pour confirmer un point trigger, mais pour exclure d\u2019autres diagnostics comme une hernie discale, une arthrose avanc\u00e9e ou une pathologie de l\u2019\u00e9paule.<\/p>\n\n\n\n<p>Un bon diagnostic ne se limite pas \u00e0 nommer la douleur. Il cherche aussi les m\u00e9canismes qui l\u2019entretiennent :<\/p>\n\n\n\n<ul class=\"wp-block-list\">\n<li>surcharge posturale<\/li>\n\n\n\n<li>stress chronique<\/li>\n\n\n\n<li>faiblesse scapulaire<\/li>\n\n\n\n<li>respiration tendue<\/li>\n\n\n\n<li>manque de r\u00e9cup\u00e9ration<\/li>\n\n\n\n<li>habitudes ergonomiques inadapt\u00e9es<\/li>\n<\/ul>\n\n\n\n<p>C\u2019est ce qui permet un traitement plus durable.<\/p>\n\n\n\n<h2 class=\"wp-block-heading\"><span class=\"ez-toc-section\" id=\"10_Diagnostic_differentiel_ce_que_lon_doit_exclure\"><\/span>10. Diagnostic diff\u00e9rentiel : ce que l\u2019on doit exclure<span class=\"ez-toc-section-end\"><\/span><\/h2>\n\n\n\n<p>Une douleur dans la r\u00e9gion du trap\u00e8ze ne provient pas toujours du trap\u00e8ze lui-m\u00eame. M\u00eame si le syndrome myofascial est fr\u00e9quent, d\u2019autres conditions peuvent produire des sympt\u00f4mes similaires. C\u2019est pourquoi un bon examen clinique doit toujours envisager les diagnostics alternatifs avant de conclure \u00e0 une simple tension musculaire.<\/p>\n\n\n\n<p>Le diagnostic diff\u00e9rentiel consiste \u00e0 distinguer ce qui ressemble au syndrome myofascial du trap\u00e8ze, mais rel\u00e8ve en r\u00e9alit\u00e9 d\u2019un autre probl\u00e8me n\u00e9cessitant parfois une prise en charge diff\u00e9rente.<\/p>\n\n\n\n<p>L\u2019une des causes les plus importantes \u00e0 exclure est la radiculopathie cervicale. Elle survient lorsqu\u2019une racine nerveuse du cou est irrit\u00e9e ou comprim\u00e9e, souvent par une hernie discale ou de l\u2019arthrose. Les signes \u00e9vocateurs incluent :<\/p>\n\n\n\n<ul class=\"wp-block-list\">\n<li>douleur irradiant dans le bras<\/li>\n\n\n\n<li>picotements ou engourdissements<\/li>\n\n\n\n<li>faiblesse musculaire<\/li>\n\n\n\n<li>douleur augment\u00e9e par certains mouvements du cou<\/li>\n\n\n\n<li>diminution des r\u00e9flexes<\/li>\n<\/ul>\n\n\n\n<p>Contrairement au syndrome myofascial, les sympt\u00f4mes suivent souvent un trajet neurologique plus pr\u00e9cis.<\/p>\n\n\n\n<p>Les pathologies de l\u2019\u00e9paule peuvent aussi \u00eatre confondues avec une douleur du trap\u00e8ze. C\u2019est fr\u00e9quent lorsque la douleur est ressentie au sommet de l\u2019\u00e9paule ou autour de la scapula. On pense notamment \u00e0 :<\/p>\n\n\n\n<ul class=\"wp-block-list\">\n<li>tendinopathie de la coiffe des rotateurs<\/li>\n\n\n\n<li>bursite sous-acromiale<\/li>\n\n\n\n<li>conflit sous-acromial<\/li>\n\n\n\n<li>capsulite r\u00e9tractile<\/li>\n\n\n\n<li>arthrose acromio-claviculaire<\/li>\n<\/ul>\n\n\n\n<p>Ici, la douleur est souvent aggrav\u00e9e par les mouvements de l\u2019\u00e9paule plus que par la palpation du trap\u00e8ze.<\/p>\n\n\n\n<p>L\u2019arthrose cervicale est une autre possibilit\u00e9, surtout chez l\u2019adulte plus \u00e2g\u00e9. Elle peut provoquer :<\/p>\n\n\n\n<ul class=\"wp-block-list\">\n<li>raideur du cou<\/li>\n\n\n\n<li>douleur m\u00e9canique<\/li>\n\n\n\n<li>craquements<\/li>\n\n\n\n<li>diminution progressive de mobilit\u00e9<\/li>\n\n\n\n<li>irradiation vers les \u00e9paules<\/li>\n<\/ul>\n\n\n\n<p>Elle peut coexister avec un syndrome myofascial, ce qui complique parfois le tableau.<\/p>\n\n\n\n<p>La n\u00e9vralgie occipitale peut imiter certaines douleurs du trap\u00e8ze sup\u00e9rieur. Elle implique les nerfs occipitaux situ\u00e9s \u00e0 l\u2019arri\u00e8re du cr\u00e2ne et donne souvent :<\/p>\n\n\n\n<ul class=\"wp-block-list\">\n<li>douleur vive ou \u00e9lectrique<\/li>\n\n\n\n<li>sensibilit\u00e9 du cuir chevelu<\/li>\n\n\n\n<li>douleur derri\u00e8re la t\u00eate<\/li>\n\n\n\n<li>g\u00eane au brossage des cheveux<\/li>\n\n\n\n<li>crises par salves chez certains patients<\/li>\n<\/ul>\n\n\n\n<p>Les c\u00e9phal\u00e9es de tension et la migraine doivent \u00e9galement \u00eatre consid\u00e9r\u00e9es lorsqu\u2019un mal de t\u00eate domine le tableau. Le trap\u00e8ze peut \u00eatre impliqu\u00e9 comme facteur aggravant sans \u00eatre la cause unique.<\/p>\n\n\n\n<p>Certaines douleurs projet\u00e9es plus s\u00e9rieuses peuvent parfois se manifester vers l\u2019\u00e9paule ou le haut du dos, notamment :<\/p>\n\n\n\n<ul class=\"wp-block-list\">\n<li>douleur cardiaque atypique<\/li>\n\n\n\n<li>pathologie pulmonaire<\/li>\n\n\n\n<li>atteinte visc\u00e9rale<\/li>\n\n\n\n<li>zona d\u00e9butant<\/li>\n<\/ul>\n\n\n\n<p>Ces cas sont moins fr\u00e9quents, mais importants \u00e0 reconna\u00eetre.<\/p>\n\n\n\n<p>Des signes d\u2019alerte justifient une consultation m\u00e9dicale rapide :<\/p>\n\n\n\n<ul class=\"wp-block-list\">\n<li>douleur thoracique<\/li>\n\n\n\n<li>essoufflement<\/li>\n\n\n\n<li>faiblesse neurologique<\/li>\n\n\n\n<li>perte de poids inexpliqu\u00e9e<\/li>\n\n\n\n<li>fi\u00e8vre<\/li>\n\n\n\n<li>douleur nocturne importante<\/li>\n\n\n\n<li>traumatisme r\u00e9cent significatif<\/li>\n\n\n\n<li>sympt\u00f4mes progressifs inhabituels<\/li>\n<\/ul>\n\n\n\n<p>En pratique, le syndrome myofascial du trap\u00e8ze est plus probable lorsque :<\/p>\n\n\n\n<ul class=\"wp-block-list\">\n<li>la palpation reproduit la douleur<\/li>\n\n\n\n<li>le muscle est tendu et sensible<\/li>\n\n\n\n<li>la douleur varie avec posture ou stress<\/li>\n\n\n\n<li>il n\u2019y a pas de d\u00e9ficit neurologique majeur<\/li>\n\n\n\n<li>le mouvement ou les soins manuels soulagent partiellement<\/li>\n<\/ul>\n\n\n\n<p>Le but du diagnostic diff\u00e9rentiel n\u2019est pas de compliquer la situation, mais d\u2019\u00e9viter les erreurs. Bien identifier la source de la douleur permet de choisir le bon traitement, au bon moment, pour la bonne cause.<\/p>\n\n\n\n<figure class=\"wp-block-table\"><table class=\"has-fixed-layout\"><thead><tr><th>Condition \u00e0 exclure<\/th><th>Sympt\u00f4mes typiques<\/th><th>Ce qui la distingue du syndrome myofascial du trap\u00e8ze<\/th><th>Indices cliniques utiles<\/th><\/tr><\/thead><tbody><tr><td><strong>Syndrome myofascial du trap\u00e8ze<\/strong><\/td><td>Douleur nuque\/\u00e9paule, tension, c\u00e9phal\u00e9es, sensibilit\u00e9 musculaire<\/td><td>Douleur reproduite \u00e0 la palpation du trap\u00e8ze avec point trigger<\/td><td>Bande tendue, douleur r\u00e9f\u00e9r\u00e9e, posture aggravante<\/td><\/tr><tr><td><strong>Radiculopathie cervicale<\/strong><\/td><td>Douleur cou \u2192 bras, picotements, engourdissement, faiblesse<\/td><td>Atteinte nerveuse plut\u00f4t que musculaire<\/td><td>Tests neurologiques anormaux, r\u00e9flexes modifi\u00e9s<\/td><\/tr><tr><td><strong>Hernie discale cervicale<\/strong><\/td><td>Douleur cervicale irradiant dans le bras, paresth\u00e9sies<\/td><td>Compression discale possible avec signes neurologiques<\/td><td>Douleur augment\u00e9e par certains mouvements du cou<\/td><\/tr><tr><td><strong>Arthrose cervicale<\/strong><\/td><td>Raideur, douleur m\u00e9canique, mobilit\u00e9 r\u00e9duite<\/td><td>\u00c9volution progressive articulaire<\/td><td>Craquements, raideur matinale br\u00e8ve<\/td><\/tr><tr><td><strong>Tendinopathie de l\u2019\u00e9paule<\/strong><\/td><td>Douleur \u00e0 l\u2019\u00e9paule, gestes au-dessus de la t\u00eate douloureux<\/td><td>Source principale = structures de l\u2019\u00e9paule<\/td><td>Tests d\u2019\u00e9paule positifs<\/td><\/tr><tr><td><strong>Bursite sous-acromiale<\/strong><\/td><td>Douleur lat\u00e9rale \u00e9paule, douleur nocturne possible<\/td><td>Inflammation locale de l\u2019\u00e9paule<\/td><td>Arc douloureux \u00e0 l\u2019\u00e9l\u00e9vation<\/td><\/tr><tr><td><strong>Capsulite r\u00e9tractile<\/strong><\/td><td>\u00c9paule tr\u00e8s raide et douloureuse<\/td><td>Forte limitation active et passive<\/td><td>Mobilit\u00e9 globale diminu\u00e9e<\/td><\/tr><tr><td><strong>N\u00e9vralgie occipitale<\/strong><\/td><td>Douleur vive arri\u00e8re du cr\u00e2ne, cuir chevelu sensible<\/td><td>Douleur neuropathique plus \u00e9lectrique<\/td><td>Sensibilit\u00e9 des nerfs occipitaux<\/td><\/tr><tr><td><strong>Migraine \/ c\u00e9phal\u00e9e primaire<\/strong><\/td><td>Maux de t\u00eate r\u00e9currents, parfois naus\u00e9e\/lumi\u00e8re<\/td><td>Le trap\u00e8ze peut aggraver sans \u00eatre la cause principale<\/td><td>D\u00e9clencheurs typiques, histoire de migraines<\/td><\/tr><tr><td><strong>Douleur cardiaque atypique<\/strong><\/td><td>Douleur thorax\/\u00e9paule\/dos, oppression<\/td><td>Urgence potentielle non musculosquelettique<\/td><td>Effort, essoufflement, malaise<\/td><\/tr><tr><td><strong>Pathologie pulmonaire<\/strong><\/td><td>Douleur thoracique, toux, essoufflement<\/td><td>Origine respiratoire<\/td><td>Sympt\u00f4mes respiratoires associ\u00e9s<\/td><\/tr><\/tbody><\/table><\/figure>\n\n\n\n<h2 class=\"wp-block-heading\" id=\"h-compression-ischemique-en-quoi-consiste-cette-technique\"><span class=\"ez-toc-section\" id=\"Compression_ischemique_en_quoi_consiste_cette_technique\"><\/span>Compression isch\u00e9mique : en quoi consiste cette technique ?<span class=\"ez-toc-section-end\"><\/span><\/h2>\n\n\n\n<p>La compression isch\u00e9mique est une technique manuelle couramment utilis\u00e9e pour traiter les points trigger myofasciaux, en particulier dans les muscles tendus et douloureux comme le trap\u00e8ze. Son objectif principal est de diminuer la sensibilit\u00e9 d\u2019une zone irrit\u00e9e, rel\u00e2cher les fibres musculaires en surcharge et am\u00e9liorer la fonction du tissu.<\/p>\n\n\n\n<p>Malgr\u00e9 son nom technique, le principe est simple : une pression progressive et maintenue est appliqu\u00e9e directement sur le point douloureux pendant un certain temps, puis rel\u00e2ch\u00e9e lentement.<\/p>\n\n\n\n<p>Le terme \u201cisch\u00e9mique\u201d fait r\u00e9f\u00e9rence \u00e0 la r\u00e9duction temporaire du flux sanguin local pendant la pression. Lorsque la pression cesse, le sang revient dans la zone : c\u2019est la reperfusion. Ce changement circulatoire pourrait participer \u00e0 une meilleure oxyg\u00e9nation locale et \u00e0 la diminution de certaines substances irritantes accumul\u00e9es dans le tissu.<\/p>\n\n\n\n<p>Mais l\u2019effet de la technique ne se limite pas \u00e0 la circulation. Plusieurs m\u00e9canismes sont probablement impliqu\u00e9s :<\/p>\n\n\n\n<ul class=\"wp-block-list\">\n<li>modulation de la douleur par le syst\u00e8me nerveux<\/li>\n\n\n\n<li>diminution de l\u2019hyperactivit\u00e9 locale<\/li>\n\n\n\n<li>rel\u00e2chement progressif des fibres contract\u00e9es<\/li>\n\n\n\n<li>baisse de la sensibilit\u00e9 \u00e0 la pression<\/li>\n\n\n\n<li>am\u00e9lioration de la perception corporelle de la zone trait\u00e9e<\/li>\n<\/ul>\n\n\n\n<p>Dans le syndrome myofascial du trap\u00e8ze, la compression isch\u00e9mique est souvent utilis\u00e9e lorsqu\u2019on retrouve :<\/p>\n\n\n\n<ul class=\"wp-block-list\">\n<li>point trigger sensible<\/li>\n\n\n\n<li>bande musculaire tendue<\/li>\n\n\n\n<li>douleur reproduite \u00e0 la palpation<\/li>\n\n\n\n<li>tension persistante malgr\u00e9 le repos<\/li>\n\n\n\n<li>limitation fonctionnelle li\u00e9e \u00e0 la douleur<\/li>\n<\/ul>\n\n\n\n<p>Concr\u00e8tement, le praticien rep\u00e8re la zone probl\u00e9matique puis applique une pression avec le pouce, les doigts, la paume ou parfois un outil adapt\u00e9. La pression n\u2019est pas brutale. Elle augmente progressivement jusqu\u2019\u00e0 un niveau supportable pour la personne.<\/p>\n\n\n\n<p>Pendant la technique, plusieurs sensations peuvent appara\u00eetre :<\/p>\n\n\n\n<ul class=\"wp-block-list\">\n<li>douleur locale tol\u00e9rable<\/li>\n\n\n\n<li>irradiation connue du patient<\/li>\n\n\n\n<li>sensation de \u201cbon point sensible\u201d<\/li>\n\n\n\n<li>rel\u00e2chement progressif<\/li>\n\n\n\n<li>chaleur locale apr\u00e8s la pression<\/li>\n\n\n\n<li>diminution de la douleur ensuite<\/li>\n<\/ul>\n\n\n\n<p>La pression est g\u00e9n\u00e9ralement maintenue quelques secondes \u00e0 plus d\u2019une minute selon la m\u00e9thode utilis\u00e9e, la tol\u00e9rance du patient et la r\u00e9ponse du tissu.<\/p>\n\n\n\n<p>Il est important de comprendre que plus fort ne veut pas dire plus efficace. Une pression excessive peut provoquer une d\u00e9fense musculaire r\u00e9flexe, augmenter l\u2019irritation et rendre la s\u00e9ance moins utile. La qualit\u00e9 d\u2019ex\u00e9cution compte davantage que la force.<\/p>\n\n\n\n<p>Cette technique est souvent int\u00e9gr\u00e9e \u00e0 une approche plus large comprenant :<\/p>\n\n\n\n<ul class=\"wp-block-list\">\n<li>mobilisation articulaire<\/li>\n\n\n\n<li>\u00e9tirements cibl\u00e9s<\/li>\n\n\n\n<li>exercices posturaux<\/li>\n\n\n\n<li>renforcement scapulaire<\/li>\n\n\n\n<li>travail respiratoire<\/li>\n\n\n\n<li>conseils ergonomiques<\/li>\n<\/ul>\n\n\n\n<p>Utilis\u00e9e seule, elle peut soulager temporairement. Int\u00e9gr\u00e9e dans une strat\u00e9gie globale, elle offre souvent de meilleurs r\u00e9sultats durables.<\/p>\n\n\n\n<p>La compression isch\u00e9mique peut \u00eatre pratiqu\u00e9e par des professionnels form\u00e9s en th\u00e9rapie manuelle, ost\u00e9opathie, physioth\u00e9rapie ou disciplines similaires. Certaines formes d\u2019auto-traitement avec balle contre le mur existent aussi, \u00e0 condition d\u2019\u00eatre progressif et prudent.<\/p>\n\n\n\n<p>En r\u00e9sum\u00e9, cette technique ne \u201ccasse\u201d pas un n\u0153ud musculaire. Elle aide plut\u00f4t le syst\u00e8me neuromusculaire \u00e0 sortir d\u2019un \u00e9tat local de tension et d\u2019hypersensibilit\u00e9. C\u2019est une nuance importante, car le vrai changement vient souvent de la r\u00e9gulation du tissu plus que de la force appliqu\u00e9e.<\/p>\n\n\n\n<h2 class=\"wp-block-heading\"><span class=\"ez-toc-section\" id=\"12_Comment_se_deroule_une_seance_de_traitement\"><\/span>12. Comment se d\u00e9roule une s\u00e9ance de traitement ?<span class=\"ez-toc-section-end\"><\/span><\/h2>\n\n\n\n<p>Une s\u00e9ance de traitement pour un syndrome myofascial du trap\u00e8ze ne consiste pas seulement \u00e0 masser une zone douloureuse. Une prise en charge efficace commence par comprendre pourquoi le trap\u00e8ze est devenu sensible, puis par utiliser les techniques les plus adapt\u00e9es au profil du patient. L\u2019objectif n\u2019est pas uniquement de calmer la douleur du jour, mais de r\u00e9duire les causes qui entretiennent le probl\u00e8me.<\/p>\n\n\n\n<p>Chaque s\u00e9ance peut varier selon le praticien, la profession, l\u2019anciennet\u00e9 des sympt\u00f4mes et la tol\u00e9rance de la personne, mais la structure g\u00e9n\u00e9rale suit souvent plusieurs \u00e9tapes.<\/p>\n\n\n\n<p>La premi\u00e8re partie est l\u2019\u00e9valuation clinique. Le praticien pose des questions sur :<\/p>\n\n\n\n<ul class=\"wp-block-list\">\n<li>localisation de la douleur<\/li>\n\n\n\n<li>dur\u00e9e des sympt\u00f4mes<\/li>\n\n\n\n<li>facteurs aggravants<\/li>\n\n\n\n<li>travail sur \u00e9cran ou posture prolong\u00e9e<\/li>\n\n\n\n<li>niveau de stress<\/li>\n\n\n\n<li>sommeil<\/li>\n\n\n\n<li>c\u00e9phal\u00e9es associ\u00e9es<\/li>\n\n\n\n<li>limitations dans la vie quotidienne<\/li>\n<\/ul>\n\n\n\n<p>Cette \u00e9tape permet de distinguer une tension myofasciale d\u2019un autre probl\u00e8me n\u00e9cessitant une orientation diff\u00e9rente.<\/p>\n\n\n\n<p>Vient ensuite l\u2019observation et l\u2019examen physique. Le praticien peut analyser :<\/p>\n\n\n\n<ul class=\"wp-block-list\">\n<li>posture de la t\u00eate et des \u00e9paules<\/li>\n\n\n\n<li>mobilit\u00e9 du cou<\/li>\n\n\n\n<li>mouvement des omoplates<\/li>\n\n\n\n<li>souplesse thoracique<\/li>\n\n\n\n<li>zones de tension musculaire<\/li>\n\n\n\n<li>sensibilit\u00e9 du trap\u00e8ze \u00e0 la palpation<\/li>\n<\/ul>\n\n\n\n<p>Il recherche notamment les points trigger et les sch\u00e9mas de compensation.<\/p>\n\n\n\n<p>Le traitement manuel est ensuite adapt\u00e9 au cas pr\u00e9sent. Selon les besoins, il peut inclure :<\/p>\n\n\n\n<ul class=\"wp-block-list\">\n<li>approche positionnelle<\/li>\n\n\n\n<li>compression isch\u00e9mique<\/li>\n\n\n\n<li>rel\u00e2chement myofascial<\/li>\n\n\n\n<li>mobilisation cervicale douce<\/li>\n\n\n\n<li>travail scapulo-thoracique<\/li>\n\n\n\n<li>techniques respiratoires<\/li>\n\n\n\n<li>\u00e9tirements assist\u00e9s<\/li>\n<\/ul>\n\n\n\n<p>Si le trap\u00e8ze est tr\u00e8s irritable, une technique douce est souvent privil\u00e9gi\u00e9e. Si la zone est moins r\u00e9active, un travail plus direct peut \u00eatre envisag\u00e9.<\/p>\n\n\n\n<p>Pendant le soin, la communication est importante. Le patient doit pouvoir signaler :<\/p>\n\n\n\n<ul class=\"wp-block-list\">\n<li>douleur trop intense<\/li>\n\n\n\n<li>inconfort<\/li>\n\n\n\n<li>irradiation inhabituelle<\/li>\n\n\n\n<li>soulagement ressenti<\/li>\n\n\n\n<li>fatigue excessive<\/li>\n<\/ul>\n\n\n\n<p>Un bon traitement s\u2019ajuste en temps r\u00e9el.<\/p>\n\n\n\n<p>Apr\u00e8s la partie manuelle, la s\u00e9ance comprend souvent une phase \u00e9ducative. C\u2019est un \u00e9l\u00e9ment cl\u00e9 pour \u00e9viter les r\u00e9cidives. Le praticien peut expliquer :<\/p>\n\n\n\n<ul class=\"wp-block-list\">\n<li>pourquoi la douleur est apparue<\/li>\n\n\n\n<li>quels gestes aggravent le trap\u00e8ze<\/li>\n\n\n\n<li>comment ajuster le poste de travail<\/li>\n\n\n\n<li>comment rel\u00e2cher les \u00e9paules consciemment<\/li>\n\n\n\n<li>quelles pauses faire durant la journ\u00e9e<\/li>\n\n\n\n<li>comment mieux respirer<\/li>\n<\/ul>\n\n\n\n<p>Des exercices simples sont fr\u00e9quemment propos\u00e9s d\u00e8s la premi\u00e8re visite, par exemple :<\/p>\n\n\n\n<ul class=\"wp-block-list\">\n<li>\u00e9tirement du trap\u00e8ze sup\u00e9rieur<\/li>\n\n\n\n<li>mobilit\u00e9 cervicale douce<\/li>\n\n\n\n<li>balle contre le mur<\/li>\n\n\n\n<li>r\u00e9traction scapulaire<\/li>\n\n\n\n<li>respiration diaphragmatique<\/li>\n\n\n\n<li>pauses actives r\u00e9guli\u00e8res<\/li>\n<\/ul>\n\n\n\n<p>Le but n\u2019est pas d\u2019en donner trop, mais de choisir ce qui sera r\u00e9ellement appliqu\u00e9.<\/p>\n\n\n\n<p>Apr\u00e8s la s\u00e9ance, certaines r\u00e9actions sont possibles :<\/p>\n\n\n\n<ul class=\"wp-block-list\">\n<li>sensation de l\u00e9g\u00e8ret\u00e9<\/li>\n\n\n\n<li>diminution de la douleur<\/li>\n\n\n\n<li>mobilit\u00e9 am\u00e9lior\u00e9e<\/li>\n\n\n\n<li>fatigue passag\u00e8re<\/li>\n\n\n\n<li>sensibilit\u00e9 locale temporaire<\/li>\n\n\n\n<li>prise de conscience posturale accrue<\/li>\n<\/ul>\n\n\n\n<p>Ces r\u00e9actions varient d\u2019une personne \u00e0 l\u2019autre.<\/p>\n\n\n\n<p>Le nombre de s\u00e9ances n\u00e9cessaires d\u00e9pend de plusieurs facteurs :<\/p>\n\n\n\n<ul class=\"wp-block-list\">\n<li>anciennet\u00e9 du probl\u00e8me<\/li>\n\n\n\n<li>intensit\u00e9 des sympt\u00f4mes<\/li>\n\n\n\n<li>charge de stress<\/li>\n\n\n\n<li>ergonomie quotidienne<\/li>\n\n\n\n<li>adh\u00e9sion aux exercices<\/li>\n\n\n\n<li>pr\u00e9sence d\u2019autres dysfonctions associ\u00e9es<\/li>\n<\/ul>\n\n\n\n<p>Parfois une am\u00e9lioration nette survient rapidement. Dans les cas chroniques, un travail progressif est pr\u00e9f\u00e9rable.<\/p>\n\n\n\n<h2 class=\"wp-block-heading\"><span class=\"ez-toc-section\" id=\"13_Exercices_efficaces_pour_relacher_le_trapeze\"><\/span>13. Exercices efficaces pour rel\u00e2cher le trap\u00e8ze<span class=\"ez-toc-section-end\"><\/span><\/h2>\n\n\n\n<p>Les exercices jouent un r\u00f4le central dans la r\u00e9cup\u00e9ration du syndrome myofascial du trap\u00e8ze. Un traitement manuel peut diminuer la douleur et rel\u00e2cher temporairement les tensions, mais ce sont souvent les habitudes quotidiennes et le mouvement r\u00e9gulier qui permettent des r\u00e9sultats durables.<\/p>\n\n\n\n<p>L\u2019objectif n\u2019est pas de \u201cforcer\u201d un muscle douloureux, mais de restaurer progressivement sa mobilit\u00e9, diminuer sa surcharge et r\u00e9\u00e9quilibrer le travail autour des \u00e9paules et du cou.<\/p>\n\n\n\n<p>Les exercices suivants sont g\u00e9n\u00e9ralement bien tol\u00e9r\u00e9s lorsqu\u2019ils sont r\u00e9alis\u00e9s lentement, sans douleur excessive et avec r\u00e9gularit\u00e9.<\/p>\n\n\n\n<h3 class=\"wp-block-heading\"><span class=\"ez-toc-section\" id=\"Etirement_du_trapeze_superieur\"><\/span>\u00c9tirement du trap\u00e8ze sup\u00e9rieur<span class=\"ez-toc-section-end\"><\/span><\/h3>\n\n\n\n<p>Cet exercice aide \u00e0 r\u00e9duire la tension dans la r\u00e9gion entre le cou et l\u2019\u00e9paule.<\/p>\n\n\n\n<p>Position :<\/p>\n\n\n\n<ul class=\"wp-block-list\">\n<li>assis ou debout<\/li>\n\n\n\n<li>dos droit<\/li>\n\n\n\n<li>\u00e9paules rel\u00e2ch\u00e9es<\/li>\n<\/ul>\n\n\n\n<p>Mouvement :<\/p>\n\n\n\n<ul class=\"wp-block-list\">\n<li>inclinez doucement la t\u00eate vers la droite<\/li>\n\n\n\n<li>gardez l\u2019\u00e9paule gauche basse<\/li>\n\n\n\n<li>ajoutez une l\u00e9g\u00e8re pression avec la main droite si confortable<\/li>\n<\/ul>\n\n\n\n<p>Maintien :<\/p>\n\n\n\n<ul class=\"wp-block-list\">\n<li>20 \u00e0 30 secondes<\/li>\n\n\n\n<li>2 \u00e0 3 r\u00e9p\u00e9titions de chaque c\u00f4t\u00e9<\/li>\n<\/ul>\n\n\n\n<h3 class=\"wp-block-heading\"><span class=\"ez-toc-section\" id=\"Balle_contre_le_mur\"><\/span>Balle contre le mur<span class=\"ez-toc-section-end\"><\/span><\/h3>\n\n\n\n<p>Excellent pour l\u2019auto-rel\u00e2chement des points sensibles.<\/p>\n\n\n\n<p>Position :<\/p>\n\n\n\n<ul class=\"wp-block-list\">\n<li>placez une balle de tennis ou balle de massage entre le mur et le trap\u00e8ze<\/li>\n\n\n\n<li>appuyez l\u00e9g\u00e8rement avec le corps<\/li>\n<\/ul>\n\n\n\n<p>Mouvement :<\/p>\n\n\n\n<ul class=\"wp-block-list\">\n<li>cherchez une zone sensible sans douleur excessive<\/li>\n\n\n\n<li>maintenez une pression douce 20 \u00e0 60 secondes<\/li>\n\n\n\n<li>respirez lentement<\/li>\n<\/ul>\n\n\n\n<p>Effet recherch\u00e9 :<\/p>\n\n\n\n<ul class=\"wp-block-list\">\n<li>diminution de la sensibilit\u00e9<\/li>\n\n\n\n<li>rel\u00e2chement local<\/li>\n\n\n\n<li>meilleure perception de la zone tendue<\/li>\n<\/ul>\n\n\n\n<h3 class=\"wp-block-heading\"><span class=\"ez-toc-section\" id=\"Mobilite_cervicale_douce\"><\/span>Mobilit\u00e9 cervicale douce<span class=\"ez-toc-section-end\"><\/span><\/h3>\n\n\n\n<p>Utile contre la raideur du cou.<\/p>\n\n\n\n<p>Mouvement :<\/p>\n\n\n\n<ul class=\"wp-block-list\">\n<li>tournez lentement la t\u00eate \u00e0 droite<\/li>\n\n\n\n<li>revenez au centre<\/li>\n\n\n\n<li>tournez \u00e0 gauche<\/li>\n\n\n\n<li>inclinez l\u00e9g\u00e8rement de chaque c\u00f4t\u00e9<\/li>\n<\/ul>\n\n\n\n<p>R\u00e9p\u00e9titions :<\/p>\n\n\n\n<ul class=\"wp-block-list\">\n<li>5 \u00e0 10 mouvements lents par direction<\/li>\n<\/ul>\n\n\n\n<p>Le mouvement doit rester fluide, sans forcer.<\/p>\n\n\n\n<h3 class=\"wp-block-heading\"><span class=\"ez-toc-section\" id=\"Retraction_scapulaire\"><\/span>R\u00e9traction scapulaire<span class=\"ez-toc-section-end\"><\/span><\/h3>\n\n\n\n<p>Cet exercice aide \u00e0 corriger les \u00e9paules enroul\u00e9es et diminue la surcharge du trap\u00e8ze sup\u00e9rieur.<\/p>\n\n\n\n<p>Position :<\/p>\n\n\n\n<ul class=\"wp-block-list\">\n<li>assis ou debout<\/li>\n\n\n\n<li>poitrine ouverte sans cambrer excessivement<\/li>\n<\/ul>\n\n\n\n<p>Mouvement :<\/p>\n\n\n\n<ul class=\"wp-block-list\">\n<li>ramenez doucement les omoplates vers l\u2019arri\u00e8re et l\u00e9g\u00e8rement vers le bas<\/li>\n\n\n\n<li>maintenez 5 secondes<\/li>\n\n\n\n<li>rel\u00e2chez<\/li>\n<\/ul>\n\n\n\n<p>R\u00e9p\u00e9titions :<\/p>\n\n\n\n<ul class=\"wp-block-list\">\n<li>10 \u00e0 15 fois<\/li>\n<\/ul>\n\n\n\n<h3 class=\"wp-block-heading\"><span class=\"ez-toc-section\" id=\"Respiration_diaphragmatique\"><\/span>Respiration diaphragmatique<span class=\"ez-toc-section-end\"><\/span><\/h3>\n\n\n\n<p>Une respiration tendue entretient souvent la tension cervicale.<\/p>\n\n\n\n<p>Position :<\/p>\n\n\n\n<ul class=\"wp-block-list\">\n<li>assis ou couch\u00e9<\/li>\n<\/ul>\n\n\n\n<p>Mouvement :<\/p>\n\n\n\n<ul class=\"wp-block-list\">\n<li>inspirez par le nez en laissant l\u2019abdomen se gonfler<\/li>\n\n\n\n<li>expirez lentement<\/li>\n\n\n\n<li>gardez les \u00e9paules d\u00e9tendues<\/li>\n<\/ul>\n\n\n\n<p>Dur\u00e9e :<\/p>\n\n\n\n<ul class=\"wp-block-list\">\n<li>1 \u00e0 3 minutes<\/li>\n<\/ul>\n\n\n\n<h3 class=\"wp-block-heading\"><span class=\"ez-toc-section\" id=\"Glissement_des_epaules_vers_le_bas\"><\/span>Glissement des \u00e9paules vers le bas<span class=\"ez-toc-section-end\"><\/span><\/h3>\n\n\n\n<p>Simple et efficace pour prendre conscience des \u00e9paules toujours hautes.<\/p>\n\n\n\n<p>Mouvement :<\/p>\n\n\n\n<ul class=\"wp-block-list\">\n<li>inspirez normalement<\/li>\n\n\n\n<li>\u00e0 l\u2019expiration, laissez les \u00e9paules descendre sans les forcer<\/li>\n\n\n\n<li>imaginez qu\u2019elles fondent vers le sol<\/li>\n<\/ul>\n\n\n\n<p>R\u00e9p\u00e9titions :<\/p>\n\n\n\n<ul class=\"wp-block-list\">\n<li>10 respirations lentes<\/li>\n<\/ul>\n\n\n\n<h3 class=\"wp-block-heading\"><span class=\"ez-toc-section\" id=\"Conseils_importants\"><\/span>Conseils importants<span class=\"ez-toc-section-end\"><\/span><\/h3>\n\n\n\n<p>Pour que les exercices aident r\u00e9ellement :<\/p>\n\n\n\n<ul class=\"wp-block-list\">\n<li>privil\u00e9gier la r\u00e9gularit\u00e9 plut\u00f4t que l\u2019intensit\u00e9<\/li>\n\n\n\n<li>\u00e9viter la douleur vive<\/li>\n\n\n\n<li>respirer pendant le mouvement<\/li>\n\n\n\n<li>bouger plusieurs fois par jour si possible<\/li>\n\n\n\n<li>corriger aussi la posture de travail<\/li>\n\n\n\n<li>dormir suffisamment<\/li>\n\n\n\n<li>r\u00e9duire les longues positions fixes<\/li>\n<\/ul>\n\n\n\n<h3 class=\"wp-block-heading\"><span class=\"ez-toc-section\" id=\"A_quelle_frequence\"><\/span>\u00c0 quelle fr\u00e9quence ?<span class=\"ez-toc-section-end\"><\/span><\/h3>\n\n\n\n<p>Un bon point de d\u00e9part :<\/p>\n\n\n\n<ul class=\"wp-block-list\">\n<li>5 \u00e0 10 minutes par jour<\/li>\n\n\n\n<li>micro-pauses toutes les 30 \u00e0 60 minutes si travail assis<\/li>\n\n\n\n<li>exercices l\u00e9gers m\u00eame les jours occup\u00e9s<\/li>\n<\/ul>\n\n\n\n<h3 class=\"wp-block-heading\"><span class=\"ez-toc-section\" id=\"Quand_arreter_et_consulter\"><\/span>Quand arr\u00eater et consulter ?<span class=\"ez-toc-section-end\"><\/span><\/h3>\n\n\n\n<p>Il vaut mieux demander une \u00e9valuation si :<\/p>\n\n\n\n<ul class=\"wp-block-list\">\n<li>la douleur augmente nettement<\/li>\n\n\n\n<li>un bras devient faible ou engourdi<\/li>\n\n\n\n<li>la douleur r\u00e9veille la nuit<\/li>\n\n\n\n<li>les sympt\u00f4mes persistent malgr\u00e9 plusieurs semaines d\u2019effort<\/li>\n<\/ul>\n\n\n\n<p>En r\u00e9sum\u00e9, les bons exercices pour le trap\u00e8ze ne cherchent pas seulement \u00e0 \u00e9tirer un muscle. Ils r\u00e9organisent la posture, am\u00e9liorent la respiration, redonnent du mouvement et r\u00e9duisent progressivement la surcharge qui entretient la douleur.<\/p>\n\n\n\n<h2 class=\"wp-block-heading\"><span class=\"ez-toc-section\" id=\"14_Prevenir_les_tensions_du_trapeze_au_quotidien\"><\/span>14. Pr\u00e9venir les tensions du trap\u00e8ze au quotidien<span class=\"ez-toc-section-end\"><\/span><\/h2>\n\n\n\n<p>Pr\u00e9venir les tensions du trap\u00e8ze est souvent plus efficace que devoir les traiter \u00e0 r\u00e9p\u00e9tition. Comme ce muscle r\u00e9agit fortement \u00e0 la posture, au stress, \u00e0 la fatigue et aux habitudes de mouvement, de petits ajustements quotidiens peuvent produire de grands r\u00e9sultats sur le long terme.<\/p>\n\n\n\n<p>L\u2019objectif n\u2019est pas d\u2019avoir une posture parfaite en permanence, mais de r\u00e9duire les surcharges r\u00e9p\u00e9t\u00e9es et d\u2019offrir au corps plus de vari\u00e9t\u00e9, plus de r\u00e9cup\u00e9ration et moins de tension inutile.<\/p>\n\n\n\n<p>L\u2019un des facteurs les plus importants est l\u2019ergonomie du poste de travail. Lorsque l\u2019\u00e9cran, la chaise ou la position du clavier obligent \u00e0 avancer la t\u00eate ou \u00e0 hausser les \u00e9paules, le trap\u00e8ze travaille en continu.<\/p>\n\n\n\n<p>Quelques rep\u00e8res utiles :<\/p>\n\n\n\n<ul class=\"wp-block-list\">\n<li>\u00e9cran \u00e0 hauteur des yeux<\/li>\n\n\n\n<li>\u00e9paules rel\u00e2ch\u00e9es<\/li>\n\n\n\n<li>coudes soutenus et proches du corps<\/li>\n\n\n\n<li>pieds stables au sol<\/li>\n\n\n\n<li>dos appuy\u00e9 sans s\u2019affaisser<\/li>\n\n\n\n<li>souris proche du corps<\/li>\n\n\n\n<li>\u00e9viter de tendre le bras longtemps vers l\u2019avant<\/li>\n<\/ul>\n\n\n\n<p>M\u00eame avec une bonne ergonomie, rester immobile trop longtemps surcharge les tissus. Le corps aime le mouvement plus que la position id\u00e9ale fig\u00e9e.<\/p>\n\n\n\n<p>Il est donc utile de faire des pauses r\u00e9guli\u00e8res :<\/p>\n\n\n\n<ul class=\"wp-block-list\">\n<li>se lever toutes les 30 \u00e0 60 minutes<\/li>\n\n\n\n<li>marcher quelques minutes<\/li>\n\n\n\n<li>rouler les \u00e9paules<\/li>\n\n\n\n<li>tourner doucement la t\u00eate<\/li>\n\n\n\n<li>respirer profond\u00e9ment<\/li>\n\n\n\n<li>changer de position<\/li>\n<\/ul>\n\n\n\n<p>Ces pauses br\u00e8ves pr\u00e9viennent souvent mieux qu\u2019une longue s\u00e9ance de correction en fin de journ\u00e9e.<\/p>\n\n\n\n<p>La gestion du stress est \u00e9galement essentielle. Beaucoup de tensions du trap\u00e8ze apparaissent sans effort physique majeur, simplement parce que les \u00e9paules restent inconsciemment \u00e9lev\u00e9es sous pression mentale.<\/p>\n\n\n\n<p>Des strat\u00e9gies simples peuvent aider :<\/p>\n\n\n\n<ul class=\"wp-block-list\">\n<li>respiration lente<\/li>\n\n\n\n<li>pauses visuelles loin de l\u2019\u00e9cran<\/li>\n\n\n\n<li>activit\u00e9 physique r\u00e9guli\u00e8re<\/li>\n\n\n\n<li>marche quotidienne<\/li>\n\n\n\n<li>relaxation musculaire<\/li>\n\n\n\n<li>m\u00e9ditation ou pleine pr\u00e9sence<\/li>\n\n\n\n<li>r\u00e9duire la surcharge mentale quand possible<\/li>\n<\/ul>\n\n\n\n<p>Le sommeil influence fortement la r\u00e9cup\u00e9ration musculaire. Un manque de sommeil augmente souvent la sensibilit\u00e9 \u00e0 la douleur et diminue la capacit\u00e9 du corps \u00e0 rel\u00e2cher les tensions accumul\u00e9es.<\/p>\n\n\n\n<p>Bonnes habitudes utiles :<\/p>\n\n\n\n<ul class=\"wp-block-list\">\n<li>horaire de sommeil r\u00e9gulier<\/li>\n\n\n\n<li>limiter les \u00e9crans tard le soir<\/li>\n\n\n\n<li>environnement calme<\/li>\n\n\n\n<li>oreiller confortable<\/li>\n\n\n\n<li>\u00e9viter de s\u2019endormir crisp\u00e9 sur t\u00e9l\u00e9phone ou ordinateur<\/li>\n<\/ul>\n\n\n\n<p>Le renforcement musculaire pr\u00e9ventif compte aussi. Un trap\u00e8ze sup\u00e9rieur surcharg\u00e9 est souvent accompagn\u00e9 de muscles stabilisateurs insuffisants.<\/p>\n\n\n\n<p>Il peut \u00eatre b\u00e9n\u00e9fique de renforcer progressivement :<\/p>\n\n\n\n<ul class=\"wp-block-list\">\n<li>trap\u00e8ze moyen et inf\u00e9rieur<\/li>\n\n\n\n<li>dentel\u00e9 ant\u00e9rieur<\/li>\n\n\n\n<li>muscles du dos<\/li>\n\n\n\n<li>gainage global<\/li>\n\n\n\n<li>mobilit\u00e9 thoracique active<\/li>\n<\/ul>\n\n\n\n<p>L\u2019activit\u00e9 physique g\u00e9n\u00e9rale reste l\u2019un des meilleurs outils pr\u00e9ventifs. Marcher, bouger, nager, s\u2019entra\u00eener mod\u00e9r\u00e9ment ou pratiquer une activit\u00e9 plaisante am\u00e9liore la circulation, la tol\u00e9rance \u00e0 l\u2019effort et la r\u00e9gulation du stress.<\/p>\n\n\n\n<p>Il est aussi utile d\u2019observer ses signaux pr\u00e9coces :<\/p>\n\n\n\n<ul class=\"wp-block-list\">\n<li>\u00e9paules qui montent<\/li>\n\n\n\n<li>m\u00e2choire serr\u00e9e<\/li>\n\n\n\n<li>respiration courte<\/li>\n\n\n\n<li>besoin fr\u00e9quent de se masser le cou<\/li>\n\n\n\n<li>fatigue du haut du dos<\/li>\n\n\n\n<li>raideur en fin de journ\u00e9e<\/li>\n<\/ul>\n\n\n\n<p>Agir \u00e0 ce stade \u00e9vite souvent l\u2019installation d\u2019une douleur durable.<\/p>\n\n\n\n<p>Enfin, il faut abandonner l\u2019id\u00e9e qu\u2019une seule cause explique tout. Les tensions du trap\u00e8ze viennent souvent d\u2019un m\u00e9lange : posture, stress, charge mentale, manque de mouvement, fatigue, environnement de travail. Plus l\u2019approche est globale, meilleurs sont les r\u00e9sultats.<\/p>\n\n\n\n<p>En r\u00e9sum\u00e9, pr\u00e9venir les tensions du trap\u00e8ze consiste moins \u00e0 corriger un muscle qu\u2019\u00e0 am\u00e9liorer le mode de vie qui l\u2019entoure : bouger davantage, r\u00e9cup\u00e9rer mieux, respirer plus librement et vivre avec moins de crispation inutile.<\/p>\n\n\n\n<h2 class=\"wp-block-heading\"><span class=\"ez-toc-section\" id=\"15_Questions_frequentes_FAQ\"><\/span>15. Questions fr\u00e9quentes (FAQ)<span class=\"ez-toc-section-end\"><\/span><\/h2>\n\n\n\n<h3 class=\"wp-block-heading\"><span class=\"ez-toc-section\" id=\"Un_point_trigger_du_trapeze_peut-il_donner_mal_a_la_tete\"><\/span>Un point trigger du trap\u00e8ze peut-il donner mal \u00e0 la t\u00eate ?<span class=\"ez-toc-section-end\"><\/span><\/h3>\n\n\n\n<p>Oui. C\u2019est fr\u00e9quent. Les points trigger du trap\u00e8ze sup\u00e9rieur peuvent provoquer une douleur r\u00e9f\u00e9r\u00e9e vers l\u2019arri\u00e8re du cr\u00e2ne, la tempe ou derri\u00e8re l\u2019\u0153il. Cela peut ressembler \u00e0 une c\u00e9phal\u00e9e de tension.<\/p>\n\n\n\n<h3 class=\"wp-block-heading\"><span class=\"ez-toc-section\" id=\"Combien_de_temps_faut-il_pour_guerir\"><\/span>Combien de temps faut-il pour gu\u00e9rir ?<span class=\"ez-toc-section-end\"><\/span><\/h3>\n\n\n\n<p>Cela d\u00e9pend de la dur\u00e9e du probl\u00e8me, du niveau de stress, des habitudes posturales et de la r\u00e9gularit\u00e9 des exercices. Certaines personnes s\u2019am\u00e9liorent en quelques s\u00e9ances, d\u2019autres ont besoin de plusieurs semaines d\u2019ajustements progressifs.<\/p>\n\n\n\n<h3 class=\"wp-block-heading\"><span class=\"ez-toc-section\" id=\"Chaleur_ou_glace\"><\/span>Chaleur ou glace ?<span class=\"ez-toc-section-end\"><\/span><\/h3>\n\n\n\n<p>La chaleur est souvent mieux tol\u00e9r\u00e9e pour les tensions musculaires chroniques, car elle favorise la d\u00e9tente et le confort. La glace peut parfois aider apr\u00e8s une irritation aigu\u00eb r\u00e9cente. Le meilleur choix est souvent celui qui soulage sans augmenter la raideur.<\/p>\n\n\n\n<h3 class=\"wp-block-heading\"><span class=\"ez-toc-section\" id=\"Faut-il_masser_tous_les_jours\"><\/span>Faut-il masser tous les jours ?<span class=\"ez-toc-section-end\"><\/span><\/h3>\n\n\n\n<p>Pas n\u00e9cessairement. Trop stimuler une zone sensible peut parfois l\u2019irriter davantage. Une approche mod\u00e9r\u00e9e, r\u00e9guli\u00e8re et bien dos\u00e9e est g\u00e9n\u00e9ralement plus utile qu\u2019un massage intense quotidien.<\/p>\n\n\n\n<h3 class=\"wp-block-heading\"><span class=\"ez-toc-section\" id=\"Est-ce_grave\"><\/span>Est-ce grave ?<span class=\"ez-toc-section-end\"><\/span><\/h3>\n\n\n\n<p>Le syndrome myofascial du trap\u00e8ze est g\u00e9n\u00e9ralement b\u00e9nin, mais il peut devenir tr\u00e8s inconfortable et limiter la qualit\u00e9 de vie. Si la douleur persiste, s\u2019aggrave ou s\u2019accompagne de sympt\u00f4mes inhabituels, une \u00e9valuation professionnelle est recommand\u00e9e.<\/p>\n\n\n\n<h3 class=\"wp-block-heading\"><span class=\"ez-toc-section\" id=\"Pourquoi_la_douleur_revient-elle_souvent\"><\/span>Pourquoi la douleur revient-elle souvent ?<span class=\"ez-toc-section-end\"><\/span><\/h3>\n\n\n\n<p>Parce que la douleur n\u2019est pas seulement li\u00e9e au muscle. Si la posture, le stress, l\u2019ergonomie, le sommeil ou les habitudes de mouvement ne changent pas, la surcharge peut r\u00e9appara\u00eetre.<\/p>\n\n\n\n<h3 class=\"wp-block-heading\"><span class=\"ez-toc-section\" id=\"Les_exercices_sont-ils_vraiment_utiles\"><\/span>Les exercices sont-ils vraiment utiles ?<span class=\"ez-toc-section-end\"><\/span><\/h3>\n\n\n\n<p>Oui, souvent plus qu\u2019on le pense. Les exercices adapt\u00e9s am\u00e9liorent la mobilit\u00e9, diminuent la surcharge et aident \u00e0 pr\u00e9venir les r\u00e9cidives lorsqu\u2019ils sont faits r\u00e9guli\u00e8rement.<\/p>\n\n\n\n<h3 class=\"wp-block-heading\"><span class=\"ez-toc-section\" id=\"Puis-je_continuer_a_travailler\"><\/span>Puis-je continuer \u00e0 travailler ?<span class=\"ez-toc-section-end\"><\/span><\/h3>\n\n\n\n<p>Dans la majorit\u00e9 des cas, oui, avec des ajustements. Il est souvent pr\u00e9f\u00e9rable de modifier la position de travail, faire plus de pauses et varier les postures plut\u00f4t que d\u2019arr\u00eater tout mouvement.<\/p>\n\n\n\n<h3 class=\"wp-block-heading\"><span class=\"ez-toc-section\" id=\"Quand_consulter_rapidement-2\"><\/span>Quand consulter rapidement ?<span class=\"ez-toc-section-end\"><\/span><\/h3>\n\n\n\n<p>Consultez rapidement si vous avez :<\/p>\n\n\n\n<ul class=\"wp-block-list\">\n<li>faiblesse du bras<\/li>\n\n\n\n<li>engourdissements persistants<\/li>\n\n\n\n<li>douleur thoracique<\/li>\n\n\n\n<li>fi\u00e8vre<\/li>\n\n\n\n<li>douleur nocturne importante<\/li>\n\n\n\n<li>traumatisme r\u00e9cent<\/li>\n\n\n\n<li>sympt\u00f4mes qui progressent nettement<\/li>\n<\/ul>\n\n\n\n<h3 class=\"wp-block-heading\"><span class=\"ez-toc-section\" id=\"Le_stress_peut-il_vraiment_tendre_le_trapeze\"><\/span>Le stress peut-il vraiment tendre le trap\u00e8ze ?<span class=\"ez-toc-section-end\"><\/span><\/h3>\n\n\n\n<p>Oui. Le stress augmente souvent le tonus musculaire et pousse inconsciemment \u00e0 hausser les \u00e9paules, serrer la m\u00e2choire ou respirer plus superficiellement. Chez beaucoup de personnes, c\u2019est un facteur majeur.<\/p>\n\n\n\n<h2 class=\"wp-block-heading\"><span class=\"ez-toc-section\" id=\"16_Conclusion_retrouver_un_cou_et_des_epaules_plus_libres\"><\/span>16. Conclusion : retrouver un cou et des \u00e9paules plus libres<span class=\"ez-toc-section-end\"><\/span><\/h2>\n\n\n\n<p>Le syndrome myofascial du trap\u00e8ze est l\u2019un des troubles musculo-squelettiques les plus fr\u00e9quents de la vie moderne. Entre les heures pass\u00e9es devant les \u00e9crans, le stress accumul\u00e9, le manque de mouvement et la fatigue, ce muscle finit souvent par porter bien plus que le poids des \u00e9paules.<\/p>\n\n\n\n<p>Lorsqu\u2019il devient tendu, sensible ou douloureux, le message du corps m\u00e9rite d\u2019\u00eatre \u00e9cout\u00e9. La douleur n\u2019est pas toujours un ennemi \u00e0 faire taire rapidement. Elle peut aussi signaler qu\u2019un \u00e9quilibre s\u2019est perdu : trop de charge, trop peu de r\u00e9cup\u00e9ration, trop de tension silencieuse au quotidien.<\/p>\n\n\n\n<p>La bonne nouvelle est qu\u2019il existe de nombreuses solutions efficaces. Les techniques manuelles, les exercices adapt\u00e9s, une meilleure ergonomie, la respiration, le mouvement r\u00e9gulier et la gestion du stress peuvent transformer durablement la situation.<\/p>\n\n\n\n<p>Il n\u2019est pas toujours n\u00e9cessaire de chercher une cause grave pour expliquer une douleur r\u00e9elle. Tr\u00e8s souvent, de petits m\u00e9canismes r\u00e9p\u00e9t\u00e9s suffisent \u00e0 cr\u00e9er un grand inconfort. Et inversement, de petits changements r\u00e9p\u00e9t\u00e9s peuvent produire une grande am\u00e9lioration.<\/p>\n\n\n\n<p>Retrouver un cou et des \u00e9paules plus libres ne consiste pas seulement \u00e0 d\u00e9tendre un muscle. Cela implique souvent de retrouver plus d\u2019espace dans sa posture, plus de fluidit\u00e9 dans ses mouvements, plus de r\u00e9cup\u00e9ration dans son rythme de vie et moins de crispation dans son syst\u00e8me nerveux.<\/p>\n\n\n\n<p>Avec une approche globale et progressive, il est possible de r\u00e9duire la douleur, pr\u00e9venir les r\u00e9cidives et retrouver un meilleur confort au travail, au repos et dans les activit\u00e9s quotidiennes.<\/p>\n\n\n\n<p>Parfois, le trap\u00e8ze ne demande pas seulement qu\u2019on le traite. Il demande qu\u2019on change la fa\u00e7on de vivre autour de lui.<\/p>\n\n\n\n<h2 class=\"wp-block-heading\"><span class=\"ez-toc-section\" id=\"References\"><\/span>R\u00e9f\u00e9rences<span class=\"ez-toc-section-end\"><\/span><\/h2>\n\n\n\n<ol class=\"wp-block-list\">\n<li>Simons DG, Travell JG, Simons LS.&nbsp;<em>Travell &amp; Simons\u2019 Myofascial Pain and Dysfunction: The Trigger Point Manual.<\/em>&nbsp;2nd ed. Baltimore: Lippincott Williams &amp; Wilkins; 1999.<\/li>\n\n\n\n<li>Gerwin RD. Diagnosis of myofascial pain syndrome.&nbsp;<em>Phys Med Rehabil Clin N Am.<\/em>&nbsp;2014;25(2):341-355.<\/li>\n\n\n\n<li>Dommerholt J, Bron C, Franssen J. Myofascial trigger points: an evidence-informed review.&nbsp;<em>J Man Manip Ther.<\/em>&nbsp;2006;14(4):203-221.<\/li>\n\n\n\n<li>Fern\u00e1ndez-de-las-Pe\u00f1as C, Dommerholt J. Myofascial trigger points: peripheral or central phenomenon?&nbsp;<em>Curr Rheumatol Rep.<\/em>&nbsp;2014;16(1):395.<\/li>\n\n\n\n<li>Hou CR, Tsai LC, Cheng KF, Chung KC, Hong CZ. Immediate effects of various physical therapeutic modalities on cervical myofascial pain and trigger-point sensitivity.&nbsp;<em>Arch Phys Med Rehabil.<\/em>&nbsp;2002;83(10):1406-1414.<\/li>\n\n\n\n<li>Bron C, Dommerholt JD. Etiology of myofascial trigger points.&nbsp;<em>Curr Pain Headache Rep.<\/em>&nbsp;2012;16(5):439-444.<\/li>\n\n\n\n<li>Alvarez DJ, Rockwell PG. Trigger points: diagnosis and management.&nbsp;<em>Am Fam Physician.<\/em>&nbsp;2002;65(4):653-660.<\/li>\n\n\n\n<li>Shah JP, Gilliams EA. Uncovering the biochemical milieu of myofascial trigger points.&nbsp;<em>J Bodyw Mov Ther.<\/em>&nbsp;2008;12(4):371-384.<\/li>\n\n\n\n<li>Borg-Stein J, Simons DG. Focused review: myofascial pain.&nbsp;<em>Arch Phys Med Rehabil.<\/em>&nbsp;2002;83(3 Suppl 1):S40-S47.<\/li>\n\n\n\n<li>Tough EA, White AR, Cummings TM, Richards S, Campbell JL. Acupuncture and dry needling in the management of myofascial trigger point pain: a systematic review.&nbsp;<em>Eur J Pain.<\/em>&nbsp;2009;13(1):3-10.<\/li>\n<\/ol>\n","protected":false},"excerpt":{"rendered":"<p>Le traitement des points trigger du trap\u00e8ze par compression isch\u00e9mique repr\u00e9sente une approche ost\u00e9opathique efficace pour soulager les tensions musculaires et am\u00e9liorer la mobilit\u00e9. Cette technique cibl\u00e9e consiste \u00e0 appliquer une pression pr\u00e9cise sur les points trigger, des zones de contraction musculaire localis\u00e9es, afin de stimuler la circulation sanguine et d\u00e9clencher un rel\u00e2chement musculaire. L&rsquo;objectif est d&rsquo;att\u00e9nuer les douleurs associ\u00e9es aux tensions du trap\u00e8ze, favorisant ainsi une meilleure amplitude de mouvement et une diminution des inconforts li\u00e9s aux troubles musculo-squelettiques. La compression isch\u00e9mique, int\u00e9gr\u00e9e dans une approche ost\u00e9opathique globale, offre ainsi une option th\u00e9rapeutique prometteuse pour traiter efficacement les tensions du trap\u00e8ze et am\u00e9liorer le bien-\u00eatre physique.<\/p>\n","protected":false},"author":1,"featured_media":55420,"comment_status":"open","ping_status":"open","sticky":false,"template":"","format":"standard","meta":{"tdm_status":"","tdm_grid_status":"","iawp_total_views":143,"footnotes":""},"categories":[130,132,423],"tags":[],"class_list":{"0":"post-36643","1":"post","2":"type-post","3":"status-publish","4":"format-standard","5":"has-post-thumbnail","7":"category-dos","8":"category-trouble-de-lepaule","9":"category-syndrome-myofascial"},"_links":{"self":[{"href":"https:\/\/osteomag.ca\/fr\/wp-json\/wp\/v2\/posts\/36643","targetHints":{"allow":["GET"]}}],"collection":[{"href":"https:\/\/osteomag.ca\/fr\/wp-json\/wp\/v2\/posts"}],"about":[{"href":"https:\/\/osteomag.ca\/fr\/wp-json\/wp\/v2\/types\/post"}],"author":[{"embeddable":true,"href":"https:\/\/osteomag.ca\/fr\/wp-json\/wp\/v2\/users\/1"}],"replies":[{"embeddable":true,"href":"https:\/\/osteomag.ca\/fr\/wp-json\/wp\/v2\/comments?post=36643"}],"version-history":[{"count":11,"href":"https:\/\/osteomag.ca\/fr\/wp-json\/wp\/v2\/posts\/36643\/revisions"}],"predecessor-version":[{"id":56953,"href":"https:\/\/osteomag.ca\/fr\/wp-json\/wp\/v2\/posts\/36643\/revisions\/56953"}],"wp:featuredmedia":[{"embeddable":true,"href":"https:\/\/osteomag.ca\/fr\/wp-json\/wp\/v2\/media\/55420"}],"wp:attachment":[{"href":"https:\/\/osteomag.ca\/fr\/wp-json\/wp\/v2\/media?parent=36643"}],"wp:term":[{"taxonomy":"category","embeddable":true,"href":"https:\/\/osteomag.ca\/fr\/wp-json\/wp\/v2\/categories?post=36643"},{"taxonomy":"post_tag","embeddable":true,"href":"https:\/\/osteomag.ca\/fr\/wp-json\/wp\/v2\/tags?post=36643"}],"curies":[{"name":"wp","href":"https:\/\/api.w.org\/{rel}","templated":true}]}}