{"id":37978,"date":"2024-01-16T02:01:53","date_gmt":"2024-01-16T06:01:53","guid":{"rendered":"https:\/\/osteomag.ca\/?p=37978"},"modified":"2026-04-14T13:23:21","modified_gmt":"2026-04-14T18:23:21","slug":"troubles-des-tendons-peroniers","status":"publish","type":"post","link":"https:\/\/osteomag.ca\/fr\/troubles-des-tendons-peroniers\/","title":{"rendered":"Troubles des tendons p\u00e9roniers"},"content":{"rendered":"<div id=\"ez-toc-container\" class=\"ez-toc-v2_0_82_2 counter-hierarchy ez-toc-counter ez-toc-custom ez-toc-container-direction\">\n<div class=\"ez-toc-title-container\">\n<p class=\"ez-toc-title\" style=\"cursor:inherit\">Table des mati\u00e8res<\/p>\n<span class=\"ez-toc-title-toggle\"><a href=\"#\" class=\"ez-toc-pull-right ez-toc-btn ez-toc-btn-xs ez-toc-btn-default ez-toc-toggle\" aria-label=\"Toggle Table of Content\"><span class=\"ez-toc-js-icon-con\"><span class=\"\"><span class=\"eztoc-hide\" style=\"display:none;\">Toggle<\/span><span class=\"ez-toc-icon-toggle-span\"><svg style=\"fill: #000000;color:#000000\" xmlns=\"http:\/\/www.w3.org\/2000\/svg\" class=\"list-377408\" width=\"20px\" height=\"20px\" viewBox=\"0 0 24 24\" fill=\"none\"><path d=\"M6 6H4v2h2V6zm14 0H8v2h12V6zM4 11h2v2H4v-2zm16 0H8v2h12v-2zM4 16h2v2H4v-2zm16 0H8v2h12v-2z\" fill=\"currentColor\"><\/path><\/svg><svg style=\"fill: #000000;color:#000000\" class=\"arrow-unsorted-368013\" xmlns=\"http:\/\/www.w3.org\/2000\/svg\" width=\"10px\" height=\"10px\" viewBox=\"0 0 24 24\" version=\"1.2\" baseProfile=\"tiny\"><path d=\"M18.2 9.3l-6.2-6.3-6.2 6.3c-.2.2-.3.4-.3.7s.1.5.3.7c.2.2.4.3.7.3h11c.3 0 .5-.1.7-.3.2-.2.3-.5.3-.7s-.1-.5-.3-.7zM5.8 14.7l6.2 6.3 6.2-6.3c.2-.2.3-.5.3-.7s-.1-.5-.3-.7c-.2-.2-.4-.3-.7-.3h-11c-.3 0-.5.1-.7.3-.2.2-.3.5-.3.7s.1.5.3.7z\"\/><\/svg><\/span><\/span><\/span><\/a><\/span><\/div>\n<nav><ul class='ez-toc-list ez-toc-list-level-1 eztoc-toggle-hide-by-default' ><li class='ez-toc-page-1 ez-toc-heading-level-2'><a class=\"ez-toc-link ez-toc-heading-1\" href=\"https:\/\/osteomag.ca\/fr\/troubles-des-tendons-peroniers\/#Introduction_comprendre_le_role_des_tendons_peroniers_dans_la_stabilite_de_la_cheville\" >Introduction : comprendre le r\u00f4le des tendons p\u00e9roniers dans la stabilit\u00e9 de la cheville<\/a><\/li><li class='ez-toc-page-1 ez-toc-heading-level-2'><a class=\"ez-toc-link ez-toc-heading-2\" href=\"https:\/\/osteomag.ca\/fr\/troubles-des-tendons-peroniers\/#Anatomie_des_tendons_peroniers\" >Anatomie des tendons p\u00e9roniers<\/a><\/li><li class='ez-toc-page-1 ez-toc-heading-level-2'><a class=\"ez-toc-link ez-toc-heading-3\" href=\"https:\/\/osteomag.ca\/fr\/troubles-des-tendons-peroniers\/#Fonctions_biomecaniques_des_tendons_peroniers\" >Fonctions biom\u00e9caniques des tendons p\u00e9roniers<\/a><\/li><li class='ez-toc-page-1 ez-toc-heading-level-2'><a class=\"ez-toc-link ez-toc-heading-4\" href=\"https:\/\/osteomag.ca\/fr\/troubles-des-tendons-peroniers\/#Facteurs_de_risque_des_troubles_des_tendons_peroniers\" >Facteurs de risque des troubles des tendons p\u00e9roniers<\/a><\/li><li class='ez-toc-page-1 ez-toc-heading-level-2'><a class=\"ez-toc-link ez-toc-heading-5\" href=\"https:\/\/osteomag.ca\/fr\/troubles-des-tendons-peroniers\/#Principales_pathologies_des_tendons_peroniers\" >Principales pathologies des tendons p\u00e9roniers<\/a><\/li><li class='ez-toc-page-1 ez-toc-heading-level-2'><a class=\"ez-toc-link ez-toc-heading-6\" href=\"https:\/\/osteomag.ca\/fr\/troubles-des-tendons-peroniers\/#Symptomes_des_troubles_des_tendons_peroniers\" >Sympt\u00f4mes des troubles des tendons p\u00e9roniers<\/a><\/li><li class='ez-toc-page-1 ez-toc-heading-level-2'><a class=\"ez-toc-link ez-toc-heading-7\" href=\"https:\/\/osteomag.ca\/fr\/troubles-des-tendons-peroniers\/#Evaluation_clinique_et_tests_specifiques\" >\u00c9valuation clinique et tests sp\u00e9cifiques<\/a><\/li><li class='ez-toc-page-1 ez-toc-heading-level-2'><a class=\"ez-toc-link ez-toc-heading-8\" href=\"https:\/\/osteomag.ca\/fr\/troubles-des-tendons-peroniers\/#Imagerie_medicale_dans_le_diagnostic_des_troubles_des_tendons_peroniers\" >Imagerie m\u00e9dicale dans le diagnostic des troubles des tendons p\u00e9roniers<\/a><\/li><li class='ez-toc-page-1 ez-toc-heading-level-2'><a class=\"ez-toc-link ez-toc-heading-9\" href=\"https:\/\/osteomag.ca\/fr\/troubles-des-tendons-peroniers\/#Diagnostic_differentiel_des_douleurs_laterales_de_la_cheville\" >Diagnostic diff\u00e9rentiel des douleurs lat\u00e9rales de la cheville<\/a><\/li><li class='ez-toc-page-1 ez-toc-heading-level-2'><a class=\"ez-toc-link ez-toc-heading-10\" href=\"https:\/\/osteomag.ca\/fr\/troubles-des-tendons-peroniers\/#Approche_osteopathique_des_troubles_des_tendons_peroniers\" >Approche ost\u00e9opathique des troubles des tendons p\u00e9roniers<\/a><\/li><li class='ez-toc-page-1 ez-toc-heading-level-2'><a class=\"ez-toc-link ez-toc-heading-11\" href=\"https:\/\/osteomag.ca\/fr\/troubles-des-tendons-peroniers\/#Prevention_des_tendinopathies_peronieres_strategies_biomecaniques_et_exercices_essentiels\" >Pr\u00e9vention des tendinopathies p\u00e9roni\u00e8res : strat\u00e9gies biom\u00e9caniques et exercices essentiels<\/a><\/li><li class='ez-toc-page-1 ez-toc-heading-level-2'><a class=\"ez-toc-link ez-toc-heading-12\" href=\"https:\/\/osteomag.ca\/fr\/troubles-des-tendons-peroniers\/#Etirements_et_exercices_therapeutiques_pour_les_tendons_peroniers\" >\u00c9tirements et exercices th\u00e9rapeutiques pour les tendons p\u00e9roniers<\/a><\/li><li class='ez-toc-page-1 ez-toc-heading-level-2'><a class=\"ez-toc-link ez-toc-heading-13\" href=\"https:\/\/osteomag.ca\/fr\/troubles-des-tendons-peroniers\/#Quand_consulter_un_professionnel_de_sante\" >Quand consulter un professionnel de sant\u00e9<\/a><ul class='ez-toc-list-level-3' ><li class='ez-toc-heading-level-3'><a class=\"ez-toc-link ez-toc-heading-14\" href=\"https:\/\/osteomag.ca\/fr\/troubles-des-tendons-peroniers\/#A_retenir\" >\u00c0 retenir<\/a><\/li><\/ul><\/li><li class='ez-toc-page-1 ez-toc-heading-level-2'><a class=\"ez-toc-link ez-toc-heading-15\" href=\"https:\/\/osteomag.ca\/fr\/troubles-des-tendons-peroniers\/#Conclusion_preserver_la_stabilite_laterale_de_la_cheville_sur_le_long_terme\" >Conclusion : pr\u00e9server la stabilit\u00e9 lat\u00e9rale de la cheville sur le long terme<\/a><\/li><li class='ez-toc-page-1 ez-toc-heading-level-2'><a class=\"ez-toc-link ez-toc-heading-16\" href=\"https:\/\/osteomag.ca\/fr\/troubles-des-tendons-peroniers\/#References\" >R\u00e9f\u00e9rences<\/a><\/li><\/ul><\/nav><\/div>\n\n<div class=\"pc-box\">\n\n<div class=\"pc-title\">Points cl\u00e9s<\/div>\n\n<ul class=\"pc-list\">\n<li>Les tendons p\u00e9roniers, aussi appel\u00e9s fibulaires, stabilisent la face externe de la cheville et participent \u00e0 l\u2019\u00e9version du pied.<\/li>\n\n<li>Ils sont fortement sollicit\u00e9s lors de la marche, de la course, des pivots et des changements rapides de direction.<\/li>\n\n<li>Les troubles fr\u00e9quents incluent tendinopathie, t\u00e9nosynovite, subluxation et d\u00e9chirure tendineuse.<\/li>\n\n<li>Une douleur derri\u00e8re la mall\u00e9ole lat\u00e9rale, un gonflement ou une sensation de claquement doivent faire suspecter leur atteinte.<\/li>\n\n<li>Les facteurs de risque comprennent entorses r\u00e9p\u00e9t\u00e9es, instabilit\u00e9 de cheville, surutilisation, chaussures inadapt\u00e9es et anomalies du pied.<\/li>\n\n<li>Le diagnostic repose sur l\u2019examen clinique, les tests sp\u00e9cifiques et parfois l\u2019\u00e9chographie ou l\u2019IRM.<\/li>\n\n<li>Les douleurs lat\u00e9rales de cheville peuvent aussi provenir des ligaments, des os, des nerfs ou d\u2019autres structures articulaires.<\/li>\n\n<li>L\u2019ost\u00e9opathie peut aider \u00e0 corriger les d\u00e9s\u00e9quilibres biom\u00e9caniques et r\u00e9duire les contraintes sur la cheville.<\/li>\n\n<li>Le renforcement musculaire, la proprioception et une progression graduelle des charges sont essentiels \u00e0 la r\u00e9cup\u00e9ration.<\/li>\n\n<li>Une prise en charge pr\u00e9coce aide \u00e0 pr\u00e9venir les r\u00e9cidives et \u00e0 pr\u00e9server la stabilit\u00e9 de la cheville \u00e0 long terme.<\/li>\n<\/ul>\n\n<\/div>\n\n<style>\n.pc-box{\nbackground:#ffffff;\nborder:2px solid #1A7F78;\nborder-left:8px solid #1A7F78;\npadding:24px;\nmargin:30px 0;\nborder-radius:4px;\nbox-shadow:0 6px 18px rgba(0,0,0,0.08);\n}\n\n.pc-title{\nfont-size:28px;\nfont-weight:700;\ncolor:#1A7F78;\nmargin-bottom:18px;\nline-height:1.2;\n}\n\n.pc-list{\nmargin:0;\npadding-left:22px;\n}\n\n.pc-list li{\nmargin-bottom:12px;\nfont-size:18px;\nline-height:1.6;\ncolor:#222;\n}\n\n.pc-list li::marker{\ncolor:#1A7F78;\nfont-weight:bold;\n}\n<\/style>\n\n\n\n<h2 class=\"wp-block-heading has-white-color has-vivid-cyan-blue-background-color has-text-color has-background has-link-color wp-elements-1708751ba825dd59c73f86be751e6f4b\" id=\"h-introduction-comprendre-le-role-des-tendons-peroniers-dans-la-stabilite-de-la-cheville\"><span class=\"ez-toc-section\" id=\"Introduction_comprendre_le_role_des_tendons_peroniers_dans_la_stabilite_de_la_cheville\"><\/span><strong>Introduction : comprendre le r\u00f4le des tendons p\u00e9roniers dans la stabilit\u00e9 de la cheville<\/strong><span class=\"ez-toc-section-end\"><\/span><\/h2>\n\n\n\n<p>Les tendons p\u00e9roniers, \u00e9galement appel\u00e9s tendons fibulaires, jouent un r\u00f4le essentiel dans la stabilit\u00e9 et la fonction de la cheville. Situ\u00e9s sur la face externe de la jambe et de la cheville, ils relient les muscles fibulaire long et fibulaire court aux os du pied. Leur fonction principale est de stabiliser lat\u00e9ralement la cheville et de contr\u00f4ler les mouvements d\u2019\u00e9version du pied, contribuant ainsi \u00e0 pr\u00e9venir les entorses lat\u00e9rales.<\/p>\n\n\n\n<p>Lors de la marche, de la course ou des changements rapides de direction, ces tendons agissent comme des stabilisateurs dynamiques, aidant la cheville \u00e0 s\u2019adapter aux contraintes m\u00e9caniques. Lorsqu\u2019ils sont sursollicit\u00e9s, irrit\u00e9s ou bless\u00e9s, des douleurs lat\u00e9rales de la cheville et une instabilit\u00e9 peuvent appara\u00eetre, affectant la mobilit\u00e9 et les activit\u00e9s quotidiennes.<\/p>\n\n\n\n<div style=\"background:#fff4f4; border-left:6px solid #d32f2f; padding:18px 20px; margin:25px 0; border-radius:8px;\">\n  <strong style=\"color:#b71c1c; font-size:18px;\">\u26a0\ufe0f Avertissement<\/strong>\n  <p style=\"margin-top:10px; margin-bottom:0; color:#333; line-height:1.7;\">\n  Les informations pr\u00e9sent\u00e9es sur ce blog sont fournies \u00e0 des fins \u00e9ducatives uniquement et ne remplacent pas un avis m\u00e9dical professionnel. \n  Ne tentez aucun des exercices, techniques ou traitements d\u00e9crits ici sans consulter un professionnel de sant\u00e9 qualifi\u00e9. \n  Une mauvaise application peut entra\u00eener des blessures ou des complications. \n  Consultez toujours un sp\u00e9cialiste pour obtenir des conseils adapt\u00e9s \u00e0 votre situation.\n  <\/p>\n<\/div>\n\n\n\n<h2 class=\"wp-block-heading has-white-color has-vivid-cyan-blue-background-color has-text-color has-background has-link-color wp-elements-f81516376b22b1886f137486db61f9db\" id=\"h-anatomie-des-tendons-peroniers\"><span class=\"ez-toc-section\" id=\"Anatomie_des_tendons_peroniers\"><\/span><strong>Anatomie des tendons p\u00e9roniers<\/strong><span class=\"ez-toc-section-end\"><\/span><\/h2>\n\n\n\n<p>Les tendons p\u00e9roniers, \u00e9galement appel\u00e9s tendons fibulaires, appartiennent \u00e0 un groupe musculaire situ\u00e9 sur la face lat\u00e9rale de la jambe. Ils proviennent de deux muscles principaux : le <strong>fibulaire long (peroneus longus)<\/strong> et le <strong>fibulaire court (peroneus brevis)<\/strong>. Ces muscles prennent naissance sur le p\u00e9ron\u00e9 (fibula) et se prolongent par des tendons qui descendent vers la cheville et le pied.<\/p>\n\n\n\n<p>Les deux tendons cheminent ensemble derri\u00e8re la <strong>mall\u00e9ole lat\u00e9rale<\/strong>, dans une goutti\u00e8re osseuse situ\u00e9e \u00e0 l\u2019arri\u00e8re de la fibula. \u00c0 cet endroit, ils sont maintenus en place par le <strong>r\u00e9tinaculum des p\u00e9roniers<\/strong>, une bande fibreuse qui emp\u00eache leur d\u00e9placement lors des mouvements de la cheville.<\/p>\n\n\n<div class=\"wp-block-image\">\n<figure class=\"aligncenter size-full is-resized\"><img decoding=\"async\" width=\"260\" height=\"260\" src=\"https:\/\/osteomag.ca\/wp-content\/uploads\/2024\/01\/Fibularis_brevis_muscle_-_animation.gif\" alt=\"\" class=\"wp-image-56418\" style=\"width:400px\"\/><figcaption class=\"wp-element-caption\">Court P\u00e9ronier. Polygon data were generated by Database Center for Life Science (DBCLS), CC BY-SA 2.1 JP&nbsp;<a href=\"https:\/\/creativecommons.org\/licenses\/by-sa\/2.1\/jp\/deed.en\">https:\/\/creativecommons.org\/licenses\/by-sa\/2.1\/jp\/deed.en<\/a>, via Wikimedia Commons<br><\/figcaption><\/figure>\n<\/div>\n\n\n<p>Le tendon du <strong>fibulaire court<\/strong> s\u2019ins\u00e8re \u00e0 la base du cinqui\u00e8me m\u00e9tatarsien, sur le bord externe du pied. Le tendon du <strong>fibulaire long<\/strong>, quant \u00e0 lui, poursuit un trajet plus long : il passe sous le pied et s\u2019ins\u00e8re au niveau du premier m\u00e9tatarsien et du cun\u00e9iforme m\u00e9dial.<\/p>\n\n\n<div class=\"wp-block-image\">\n<figure class=\"aligncenter size-full is-resized\"><img decoding=\"async\" width=\"600\" height=\"600\" src=\"https:\/\/osteomag.ca\/wp-content\/uploads\/2024\/01\/Superior_view_fibularis_longus_muscle_-_animation-1.gif\" alt=\"\" class=\"wp-image-56421\" style=\"width:400px\"\/><figcaption class=\"wp-element-caption\"><em>Long P\u00e9ronier, Polygon data were generated by Database Center for Life Science (DBCLS)[2], CC BY-SA 2.1 JP&nbsp;<\/em><a href=\"https:\/\/creativecommons.org\/licenses\/by-sa\/2.1\/jp\/deed.en\">https:\/\/creativecommons.org\/licenses\/by-sa\/2.1\/jp\/deed.en<\/a><em>, via Wikimedia Commons<\/em><\/figcaption><\/figure>\n<\/div>\n\n\n<p>Cette organisation anatomique permet aux tendons p\u00e9roniers de jouer un r\u00f4le cl\u00e9 dans la stabilit\u00e9 lat\u00e9rale de la cheville et dans la dynamique du pied lors de la marche et de la course.<\/p>\n\n\n\n<figure class=\"wp-block-embed is-type-video is-provider-youtube wp-block-embed-youtube wp-embed-aspect-16-9 wp-has-aspect-ratio\"><div class=\"wp-block-embed__wrapper\">\n<iframe title=\"La jambe. Loge lat\u00e9rale. Court et long fibulaires\" width=\"696\" height=\"392\" src=\"https:\/\/www.youtube.com\/embed\/LUE7qYL5CYM?feature=oembed\" frameborder=\"0\" allow=\"accelerometer; autoplay; clipboard-write; encrypted-media; gyroscope; picture-in-picture; web-share\" referrerpolicy=\"strict-origin-when-cross-origin\" allowfullscreen><\/iframe>\n<\/div><\/figure>\n\n\n\n<h2 class=\"wp-block-heading has-white-color has-vivid-cyan-blue-background-color has-text-color has-background has-link-color wp-elements-fdca7c4732a78e8b9b22bddff72d7574\" id=\"h-fonctions-biomecaniques-des-tendons-peroniers\"><span class=\"ez-toc-section\" id=\"Fonctions_biomecaniques_des_tendons_peroniers\"><\/span><strong><strong>Fonctions biom\u00e9caniques des tendons p\u00e9roniers<\/strong><\/strong><span class=\"ez-toc-section-end\"><\/span><\/h2>\n\n\n\n<p>Les tendons p\u00e9roniers jouent un r\u00f4le fondamental dans la biom\u00e9canique de la cheville et du pied. Gr\u00e2ce \u00e0 leur position lat\u00e9rale et \u00e0 leur insertion sur les os du pied, ils participent activement \u00e0 la stabilisation dynamique de l\u2019articulation lors des mouvements quotidiens comme la marche, la course ou les changements de direction.<\/p>\n\n\n\n<p>L\u2019une de leurs fonctions principales est de produire <strong>l\u2019\u00e9version du pied<\/strong>, c\u2019est-\u00e0-dire le mouvement qui incline la plante du pied vers l\u2019ext\u00e9rieur. Ce mouvement permet de contrebalancer l\u2019inversion du pied, m\u00e9canisme souvent impliqu\u00e9 dans les entorses lat\u00e9rales de la cheville. Les muscles fibulaires agissent ainsi comme des stabilisateurs actifs capables de r\u00e9agir rapidement lorsque la cheville est soumise \u00e0 une contrainte.<\/p>\n\n\n\n<p>Les tendons p\u00e9roniers contribuent \u00e9galement \u00e0 la <strong>stabilit\u00e9 lat\u00e9rale de la cheville<\/strong>. Lorsqu\u2019une personne marche sur un terrain irr\u00e9gulier ou effectue un mouvement brusque, ces muscles se contractent pour emp\u00eacher la cheville de basculer vers l\u2019int\u00e9rieur. Cette fonction protectrice est essentielle chez les sportifs, en particulier dans les activit\u00e9s impliquant des d\u00e9placements lat\u00e9raux ou des pivots rapides.<\/p>\n\n\n\n<p>Le tendon du <strong>fibulaire long<\/strong> poss\u00e8de une fonction suppl\u00e9mentaire importante. En traversant la plante du pied pour rejoindre le premier m\u00e9tatarsien, il participe au <strong>maintien de l\u2019arche plantaire<\/strong>. Il agit comme un soutien dynamique qui contribue \u00e0 la r\u00e9partition des charges lors de l\u2019appui au sol.<\/p>\n\n\n\n<p>Lors de la <strong>phase de propulsion pendant la marche<\/strong>, les p\u00e9roniers assistent \u00e9galement la flexion plantaire et participent \u00e0 la coordination globale des mouvements du pied et de la cheville. Leur action combin\u00e9e avec les autres muscles stabilisateurs permet d\u2019assurer un \u00e9quilibre optimal entre mobilit\u00e9 et stabilit\u00e9.<\/p>\n\n\n\n<p>Ainsi, les tendons p\u00e9roniers jouent un r\u00f4le cl\u00e9 dans la protection de la cheville, le contr\u00f4le des mouvements lat\u00e9raux et le maintien de l\u2019architecture du pied. Toute atteinte de ces structures peut perturber cet \u00e9quilibre biom\u00e9canique et favoriser l\u2019apparition de douleurs ou d\u2019instabilit\u00e9s.<\/p>\n\n\n\n<h2 class=\"wp-block-heading has-white-color has-vivid-cyan-blue-background-color has-text-color has-background has-link-color wp-elements-84cca4b287e5079144d73312b8e949ae\" id=\"h-facteurs-de-risque-des-troubles-des-tendons-peroniers\"><span class=\"ez-toc-section\" id=\"Facteurs_de_risque_des_troubles_des_tendons_peroniers\"><\/span><strong><strong>Facteurs de risque des troubles des tendons p\u00e9roniers<\/strong><\/strong><span class=\"ez-toc-section-end\"><\/span><\/h2>\n\n\n\n<p>Les troubles des tendons p\u00e9roniers apparaissent le plus souvent \u00e0 la suite d\u2019une combinaison de facteurs m\u00e9caniques, fonctionnels et environnementaux. Ces tendons sont fortement sollicit\u00e9s lors des activit\u00e9s impliquant des mouvements lat\u00e9raux, des changements rapides de direction ou des contraintes r\u00e9p\u00e9t\u00e9es sur la cheville. Lorsque ces sollicitations d\u00e9passent la capacit\u00e9 d\u2019adaptation des tissus, des microtraumatismes peuvent s\u2019accumuler et conduire \u00e0 une tendinopathie.<\/p>\n\n\n\n<p>L\u2019un des facteurs de risque les plus fr\u00e9quents est la <strong>surutilisation<\/strong>. Les sportifs pratiquant la course \u00e0 pied, le soccer, le basketball, le tennis ou la randonn\u00e9e sur terrain irr\u00e9gulier sollicitent particuli\u00e8rement les muscles fibulaires. Les mouvements r\u00e9p\u00e9titifs de stabilisation lat\u00e9rale peuvent provoquer une irritation progressive des tendons, surtout lorsque les p\u00e9riodes de r\u00e9cup\u00e9ration sont insuffisantes.<\/p>\n\n\n\n<p>Les <strong>entorses lat\u00e9rales de la cheville<\/strong> repr\u00e9sentent \u00e9galement un facteur majeur. Apr\u00e8s une entorse, la stabilit\u00e9 ligamentaire peut \u00eatre alt\u00e9r\u00e9e et les tendons p\u00e9roniers doivent compenser pour maintenir l\u2019\u00e9quilibre de l\u2019articulation. Cette surcharge fonctionnelle augmente le risque de tendinopathie ou de subluxation tendineuse.<\/p>\n\n\n\n<p>Les <strong>anomalies biom\u00e9caniques du pied<\/strong> peuvent aussi contribuer au d\u00e9veloppement de ces troubles. Une <strong>pronation excessive<\/strong>, un <strong>pied plat<\/strong> ou, \u00e0 l\u2019inverse, un <strong>pied creux<\/strong> modifient la distribution des forces lors de l\u2019appui au sol. Ces d\u00e9s\u00e9quilibres augmentent les contraintes exerc\u00e9es sur les tendons p\u00e9roniers, favorisant leur irritation chronique.<\/p>\n\n\n\n<p>Le <strong>choix de chaussures inadapt\u00e9es<\/strong> constitue un autre facteur aggravant. Des chaussures offrant peu de soutien lat\u00e9ral ou un amorti insuffisant peuvent exposer la cheville \u00e0 des mouvements excessifs, augmentant ainsi la tension sur les tendons.<\/p>\n\n\n\n<p>L\u2019<strong>instabilit\u00e9 chronique de la cheville<\/strong>, souvent observ\u00e9e apr\u00e8s des entorses r\u00e9p\u00e9t\u00e9es, cr\u00e9e \u00e9galement un environnement propice aux blessures. Lorsque les ligaments lat\u00e9raux deviennent laxistes, les muscles p\u00e9roniers doivent travailler davantage pour stabiliser l\u2019articulation, ce qui peut entra\u00eener une fatigue tendineuse et une inflammation persistante.<\/p>\n\n\n\n<p>Enfin, certains facteurs individuels comme <strong>l\u2019\u00e2ge, les d\u00e9s\u00e9quilibres musculaires, la fatigue ou une reprise sportive trop rapide<\/strong> peuvent diminuer la capacit\u00e9 de r\u00e9sistance des tendons. Dans ces conditions, m\u00eame des contraintes mod\u00e9r\u00e9es peuvent suffire \u00e0 d\u00e9clencher des douleurs ou des l\u00e9sions.<\/p>\n\n\n\n<p>L\u2019identification de ces facteurs de risque est essentielle pour pr\u00e9venir les troubles des tendons p\u00e9roniers et mettre en place des strat\u00e9gies de protection adapt\u00e9es, notamment par le renforcement musculaire, l\u2019am\u00e9lioration de la proprioception et la correction des d\u00e9s\u00e9quilibres biom\u00e9caniques.<\/p>\n\n\n\n<h2 class=\"wp-block-heading has-white-color has-vivid-cyan-blue-background-color has-text-color has-background has-link-color wp-elements-3bbb278f090e859d87ff3a2596757754\" id=\"h-principales-pathologies-des-tendons-peroniers\"><span class=\"ez-toc-section\" id=\"Principales_pathologies_des_tendons_peroniers\"><\/span><strong>Principales pathologies des tendons p\u00e9roniers<\/strong><span class=\"ez-toc-section-end\"><\/span><\/h2>\n\n\n\n<p>Les tendons p\u00e9roniers peuvent \u00eatre affect\u00e9s par plusieurs types de pathologies, souvent li\u00e9es \u00e0 des contraintes m\u00e9caniques r\u00e9p\u00e9t\u00e9es, \u00e0 une instabilit\u00e9 de la cheville ou \u00e0 des traumatismes. Ces troubles peuvent varier d\u2019une simple irritation tendineuse \u00e0 des l\u00e9sions plus graves compromettant la stabilit\u00e9 de la cheville et la fonction du pied.<\/p>\n\n\n\n<p>La <strong>tendinopathie des p\u00e9roniers<\/strong> est l\u2019une des affections les plus fr\u00e9quentes. Elle correspond \u00e0 une d\u00e9g\u00e9n\u00e9rescence progressive des fibres tendineuses caus\u00e9e par des microtraumatismes r\u00e9p\u00e9t\u00e9s. Contrairement \u00e0 une inflammation aigu\u00eb, la tendinopathie implique souvent des modifications structurelles du tendon, telles qu\u2019une d\u00e9sorganisation des fibres de collag\u00e8ne. Les patients ressentent g\u00e9n\u00e9ralement une douleur sur le bord externe de la cheville, aggrav\u00e9e par l\u2019activit\u00e9 physique, en particulier lors de la course ou des mouvements lat\u00e9raux.<\/p>\n\n\n\n<p>La <strong>t\u00e9nosynovite des tendons p\u00e9roniers<\/strong> est une inflammation de la gaine synoviale qui entoure les tendons. Cette condition survient souvent \u00e0 la suite d\u2019une friction excessive ou d\u2019une surcharge m\u00e9canique. Elle se manifeste par une douleur lat\u00e9rale, un gonflement et parfois une sensation de cr\u00e9pitation lors des mouvements de la cheville.<\/p>\n\n\n\n<p>Une autre pathologie relativement fr\u00e9quente est la <strong>subluxation ou luxation des tendons p\u00e9roniers<\/strong>. Dans cette situation, les tendons sortent partiellement ou compl\u00e8tement de leur goutti\u00e8re situ\u00e9e derri\u00e8re la mall\u00e9ole lat\u00e9rale. Ce d\u00e9placement est g\u00e9n\u00e9ralement li\u00e9 \u00e0 une l\u00e9sion du r\u00e9tinaculum p\u00e9ronier, structure fibreuse qui maintient les tendons en place. Les patients d\u00e9crivent souvent une sensation de claquement ou de d\u00e9placement lors des mouvements de la cheville.<\/p>\n\n\n\n<p>Les <strong>d\u00e9chirures des tendons p\u00e9roniers<\/strong> repr\u00e9sentent une atteinte plus s\u00e9v\u00e8re. Elles peuvent \u00eatre partielles ou compl\u00e8tes et surviennent souvent dans un contexte de traumatisme aigu ou de d\u00e9g\u00e9n\u00e9rescence chronique. La d\u00e9chirure du tendon du fibulaire court est particuli\u00e8rement fr\u00e9quente, car ce tendon est soumis \u00e0 des contraintes importantes lorsqu\u2019il passe derri\u00e8re la mall\u00e9ole lat\u00e9rale. Les sympt\u00f4mes incluent une douleur persistante, une faiblesse musculaire et parfois une instabilit\u00e9 fonctionnelle de la cheville.<\/p>\n\n\n\n<p>Dans certains cas, ces pathologies peuvent \u00eatre associ\u00e9es \u00e0 d\u2019autres troubles de la cheville, comme une instabilit\u00e9 ligamentaire lat\u00e9rale ou des anomalies anatomiques. Lorsque ces conditions ne sont pas diagnostiqu\u00e9es ou trait\u00e9es ad\u00e9quatement, elles peuvent \u00e9voluer vers des douleurs chroniques et limiter les activit\u00e9s physiques.<\/p>\n\n\n\n<p>Une reconnaissance pr\u00e9coce des pathologies des tendons p\u00e9roniers permet de mettre en place une prise en charge adapt\u00e9e et de pr\u00e9venir les complications \u00e0 long terme, notamment chez les personnes actives ou les sportifs.<\/p>\n\n\n\n<h2 class=\"wp-block-heading has-white-color has-vivid-cyan-blue-background-color has-text-color has-background has-link-color wp-elements-124f6d060bdf31dfed5794be3da2b5a3\" id=\"h-symptomes-des-troubles-des-tendons-peroniers\"><span class=\"ez-toc-section\" id=\"Symptomes_des_troubles_des_tendons_peroniers\"><\/span><strong>Sympt\u00f4mes des troubles des tendons p\u00e9roniers<\/strong><span class=\"ez-toc-section-end\"><\/span><\/h2>\n\n\n\n<figure class=\"wp-block-image size-full\"><img decoding=\"async\" width=\"1024\" height=\"399\" src=\"https:\/\/osteomag.ca\/wp-content\/uploads\/2024\/01\/image-37.png\" alt=\"\" class=\"wp-image-56424\" srcset=\"https:\/\/osteomag.ca\/wp-content\/uploads\/2024\/01\/image-37.png 1024w, https:\/\/osteomag.ca\/wp-content\/uploads\/2024\/01\/image-37-540x210.png 540w, https:\/\/osteomag.ca\/wp-content\/uploads\/2024\/01\/image-37-80x31.png 80w, https:\/\/osteomag.ca\/wp-content\/uploads\/2024\/01\/image-37-768x299.png 768w, https:\/\/osteomag.ca\/wp-content\/uploads\/2024\/01\/image-37-150x58.png 150w, https:\/\/osteomag.ca\/wp-content\/uploads\/2024\/01\/image-37-300x117.png 300w, https:\/\/osteomag.ca\/wp-content\/uploads\/2024\/01\/image-37-600x234.png 600w, https:\/\/osteomag.ca\/wp-content\/uploads\/2024\/01\/image-37-696x271.png 696w\" sizes=\"(max-width: 1024px) 100vw, 1024px\" \/><\/figure>\n\n\n\n<p>Les troubles des tendons p\u00e9roniers se manifestent g\u00e9n\u00e9ralement par une douleur situ\u00e9e sur le <strong>bord externe de la cheville<\/strong>. Cette douleur peut appara\u00eetre progressivement \u00e0 la suite d\u2019une surutilisation ou survenir brusquement apr\u00e8s un traumatisme, comme une entorse. Elle est souvent aggrav\u00e9e lors de la marche, de la course ou lors des mouvements lat\u00e9raux du pied.<\/p>\n\n\n\n<p>L\u2019un des signes les plus fr\u00e9quents est une <strong>douleur localis\u00e9e derri\u00e8re la mall\u00e9ole lat\u00e9rale<\/strong>, qui peut irradier vers le bord externe du pied ou remonter le long de la jambe. Cette douleur est g\u00e9n\u00e9ralement plus intense lors des activit\u00e9s impliquant des changements de direction ou un appui sur terrain irr\u00e9gulier.<\/p>\n\n\n\n<p>Un <strong>gonflement local<\/strong> peut \u00e9galement appara\u00eetre autour des tendons p\u00e9roniers. Ce gonflement est souvent associ\u00e9 \u00e0 une sensibilit\u00e9 accrue \u00e0 la palpation, notamment le long du trajet des tendons derri\u00e8re la mall\u00e9ole. Dans certains cas, la zone peut devenir l\u00e9g\u00e8rement chaude ou pr\u00e9senter des signes d\u2019irritation.<\/p>\n\n\n\n<p>Certains patients d\u00e9crivent une <strong>sensation de craquement, de claquement ou de d\u00e9placement<\/strong> au niveau de la cheville. Ce ph\u00e9nom\u00e8ne est particuli\u00e8rement fr\u00e9quent dans les cas de subluxation des tendons p\u00e9roniers, lorsque ceux-ci sortent temporairement de leur goutti\u00e8re osseuse lors des mouvements.<\/p>\n\n\n\n<p>Les troubles des tendons p\u00e9roniers peuvent \u00e9galement provoquer une <strong>sensation d\u2019instabilit\u00e9 de la cheville<\/strong>. Les personnes atteintes peuvent avoir l\u2019impression que la cheville \u00ab l\u00e2che \u00bb ou manque de stabilit\u00e9, surtout lors de la marche sur des surfaces irr\u00e9guli\u00e8res.<\/p>\n\n\n\n<p>Une <strong>faiblesse musculaire<\/strong> peut aussi \u00eatre observ\u00e9e, notamment lors des mouvements d\u2019\u00e9version du pied. Cette faiblesse peut entra\u00eener une diminution de la capacit\u00e9 \u00e0 stabiliser la cheville, augmentant ainsi le risque d\u2019entorses r\u00e9p\u00e9t\u00e9es.<\/p>\n\n\n\n<p>Dans les cas plus avanc\u00e9s, la douleur peut devenir <strong>persistante m\u00eame au repos<\/strong>, limitant les activit\u00e9s quotidiennes et les performances sportives. La reconnaissance pr\u00e9coce de ces sympt\u00f4mes est essentielle afin de mettre en place une prise en charge adapt\u00e9e et \u00e9viter l\u2019\u00e9volution vers des troubles chroniques de la cheville.<\/p>\n\n\n\n<div style=\"overflow-x:auto; margin:25px 0;\">\n<table style=\"border-collapse:collapse; width:100%; font-family:Arial, sans-serif; font-size:15px;\">\n<thead>\n<tr style=\"background:#e8f0ff;\">\n<th style=\"border:1px solid #d0d7e2; padding:10px; text-align:left;\">Sympt\u00f4me<\/th>\n<th style=\"border:1px solid #d0d7e2; padding:10px; text-align:left;\">Cause possible<\/th>\n<th style=\"border:1px solid #d0d7e2; padding:10px; text-align:left;\">Explication clinique<\/th>\n<\/tr>\n<\/thead>\n\n<tbody>\n\n<tr>\n<td style=\"border:1px solid #d0d7e2; padding:10px;\">Douleur derri\u00e8re la mall\u00e9ole lat\u00e9rale<\/td>\n<td style=\"border:1px solid #d0d7e2; padding:10px;\">Tendinopathie p\u00e9roni\u00e8re<\/td>\n<td style=\"border:1px solid #d0d7e2; padding:10px;\">Microtraumatismes r\u00e9p\u00e9t\u00e9s provoquant une d\u00e9g\u00e9n\u00e9rescence des fibres tendineuses.<\/td>\n<\/tr>\n\n<tr style=\"background:#f9fbff;\">\n<td style=\"border:1px solid #d0d7e2; padding:10px;\">Gonflement sur le c\u00f4t\u00e9 externe de la cheville<\/td>\n<td style=\"border:1px solid #d0d7e2; padding:10px;\">T\u00e9nosynovite des p\u00e9roniers<\/td>\n<td style=\"border:1px solid #d0d7e2; padding:10px;\">Inflammation de la gaine synoviale entourant les tendons.<\/td>\n<\/tr>\n\n<tr>\n<td style=\"border:1px solid #d0d7e2; padding:10px;\">Sensation de claquement ou de d\u00e9placement<\/td>\n<td style=\"border:1px solid #d0d7e2; padding:10px;\">Subluxation des tendons p\u00e9roniers<\/td>\n<td style=\"border:1px solid #d0d7e2; padding:10px;\">Les tendons sortent de leur goutti\u00e8re derri\u00e8re la mall\u00e9ole lat\u00e9rale.<\/td>\n<\/tr>\n\n<tr style=\"background:#f9fbff;\">\n<td style=\"border:1px solid #d0d7e2; padding:10px;\">Faiblesse lors de l\u2019\u00e9version du pied<\/td>\n<td style=\"border:1px solid #d0d7e2; padding:10px;\">L\u00e9sion ou d\u00e9chirure du tendon<\/td>\n<td style=\"border:1px solid #d0d7e2; padding:10px;\">Diminution de la capacit\u00e9 des muscles fibulaires \u00e0 stabiliser la cheville.<\/td>\n<\/tr>\n\n<tr>\n<td style=\"border:1px solid #d0d7e2; padding:10px;\">Instabilit\u00e9 de la cheville<\/td>\n<td style=\"border:1px solid #d0d7e2; padding:10px;\">Instabilit\u00e9 ligamentaire associ\u00e9e<\/td>\n<td style=\"border:1px solid #d0d7e2; padding:10px;\">Les p\u00e9roniers compensent une laxit\u00e9 des ligaments lat\u00e9raux.<\/td>\n<\/tr>\n\n<\/tbody>\n<\/table>\n<\/div>\n\n\n\n<h2 class=\"wp-block-heading has-white-color has-vivid-cyan-blue-background-color has-text-color has-background has-link-color wp-elements-da2ff8d15f7e0a98f7c08c5395932429\" id=\"h-evaluation-clinique-et-tests-specifiques\"><span class=\"ez-toc-section\" id=\"Evaluation_clinique_et_tests_specifiques\"><\/span><strong>\u00c9valuation clinique et tests sp\u00e9cifiques<\/strong><span class=\"ez-toc-section-end\"><\/span><\/h2>\n\n\n\n<p>Le diagnostic des troubles des tendons p\u00e9roniers repose principalement sur une <strong>\u00e9valuation clinique approfondie<\/strong>. L\u2019examen commence par un interrogatoire d\u00e9taill\u00e9 permettant de comprendre l\u2019historique des sympt\u00f4mes, les circonstances d\u2019apparition de la douleur et les activit\u00e9s susceptibles d\u2019avoir provoqu\u00e9 la surcharge des tendons.<\/p>\n\n\n\n<p>Le professionnel de sant\u00e9 s\u2019int\u00e9resse notamment \u00e0 la <strong>localisation pr\u00e9cise de la douleur<\/strong>, \u00e0 la pr\u00e9sence d\u2019un traumatisme r\u00e9cent, \u00e0 l\u2019existence d\u2019entorses ant\u00e9rieures de la cheville ou \u00e0 une augmentation r\u00e9cente de l\u2019activit\u00e9 physique. Ces informations permettent souvent d\u2019orienter rapidement le diagnostic vers une atteinte des tendons p\u00e9roniers.<\/p>\n\n\n\n<p>L\u2019examen physique d\u00e9bute par une <strong>inspection de la cheville et du pied<\/strong>. Le praticien recherche un gonflement, une rougeur, une d\u00e9formation ou une asym\u00e9trie par rapport au c\u00f4t\u00e9 oppos\u00e9. L\u2019observation de la posture et de la marche peut \u00e9galement r\u00e9v\u00e9ler une instabilit\u00e9 ou une modification du sch\u00e9ma de mouvement.<\/p>\n\n\n\n<p>La <strong>palpation des tendons p\u00e9roniers<\/strong> constitue une \u00e9tape essentielle. Le praticien examine le trajet des tendons derri\u00e8re la mall\u00e9ole lat\u00e9rale afin de d\u00e9tecter une douleur localis\u00e9e, un \u00e9paississement tendineux ou une sensation de cr\u00e9pitation lors du mouvement.<\/p>\n\n\n\n<p>Plusieurs <strong>tests cliniques sp\u00e9cifiques<\/strong> peuvent \u00eatre r\u00e9alis\u00e9s pour confirmer l\u2019atteinte des tendons p\u00e9roniers. Le test d\u2019\u00e9version r\u00e9sist\u00e9e consiste \u00e0 demander au patient de pousser le pied vers l\u2019ext\u00e9rieur contre une r\u00e9sistance appliqu\u00e9e par le praticien. La reproduction de la douleur lat\u00e9rale sugg\u00e8re une irritation ou une l\u00e9sion des tendons p\u00e9roniers.<\/p>\n\n\n\n<p>Le <strong>test de subluxation des tendons p\u00e9roniers<\/strong> peut \u00e9galement \u00eatre effectu\u00e9. Le praticien mobilise la cheville tout en observant le d\u00e9placement des tendons derri\u00e8re la mall\u00e9ole lat\u00e9rale. Une sensation de claquement ou un d\u00e9placement visible peut indiquer une instabilit\u00e9 du r\u00e9tinaculum p\u00e9ronier.<\/p>\n\n\n\n<p>Enfin, l\u2019\u00e9valuation clinique inclut souvent une <strong>analyse biom\u00e9canique du pied et de la cheville<\/strong>. Le professionnel examine l\u2019alignement du pied, la pr\u00e9sence d\u2019une pronation excessive ou d\u2019un pied creux, ainsi que la stabilit\u00e9 globale de la cheville. Cette analyse permet d\u2019identifier les facteurs m\u00e9caniques pouvant contribuer au d\u00e9veloppement des troubles des tendons p\u00e9roniers.<\/p>\n\n\n\n<p>Lorsque l\u2019examen clinique sugg\u00e8re une l\u00e9sion significative ou lorsque les sympt\u00f4mes persistent, des examens d\u2019imagerie peuvent \u00eatre recommand\u00e9s afin de confirmer le diagnostic et d\u2019\u00e9valuer l\u2019\u00e9tendue des l\u00e9sions.<\/p>\n\n\n\n<h2 class=\"wp-block-heading has-white-color has-vivid-cyan-blue-background-color has-text-color has-background has-link-color wp-elements-bfd8e2578cf800d8bc48229bc37d01b2\" id=\"h-imagerie-medicale-dans-le-diagnostic-des-troubles-des-tendons-peroniers\"><span class=\"ez-toc-section\" id=\"Imagerie_medicale_dans_le_diagnostic_des_troubles_des_tendons_peroniers\"><\/span><strong>Imagerie m\u00e9dicale dans le diagnostic des troubles des tendons p\u00e9roniers<\/strong><span class=\"ez-toc-section-end\"><\/span><\/h2>\n\n\n\n<p>Lorsque l\u2019\u00e9valuation clinique sugg\u00e8re une atteinte des tendons p\u00e9roniers, les examens d\u2019imagerie peuvent \u00eatre utilis\u00e9s pour confirmer le diagnostic et pr\u00e9ciser la nature de la l\u00e9sion. Ces techniques permettent de visualiser les tendons, les structures environnantes et d\u2019identifier des anomalies qui ne sont pas toujours d\u00e9tectables lors de l\u2019examen physique.<\/p>\n\n\n\n<p>L\u2019<strong>\u00e9chographie musculo-squelettique<\/strong> est souvent l\u2019un des premiers examens r\u00e9alis\u00e9s. Elle permet d\u2019observer les tendons p\u00e9roniers en temps r\u00e9el et d\u2019\u00e9valuer leur structure, leur \u00e9paisseur et leur mobilit\u00e9. L\u2019\u00e9chographie est particuli\u00e8rement utile pour d\u00e9tecter une <strong>tendinopathie, une t\u00e9nosynovite ou une subluxation des tendons<\/strong> lors des mouvements dynamiques de la cheville. Elle pr\u00e9sente l\u2019avantage d\u2019\u00eatre rapide, accessible et de pouvoir \u00eatre r\u00e9alis\u00e9e pendant que le patient mobilise le pied.<\/p>\n\n\n\n<p>L\u2019<strong>imagerie par r\u00e9sonance magn\u00e9tique (IRM)<\/strong> constitue l\u2019examen de r\u00e9f\u00e9rence pour analyser les tissus mous de la cheville. L\u2019IRM permet de visualiser avec pr\u00e9cision les <strong>d\u00e9chirures tendineuses, les inflammations de la gaine synoviale, les l\u00e9sions ligamentaires associ\u00e9es et les anomalies anatomiques<\/strong>. Elle est particuli\u00e8rement indiqu\u00e9e lorsque les sympt\u00f4mes persistent malgr\u00e9 un traitement conservateur ou lorsque l\u2019on suspecte une rupture partielle ou compl\u00e8te du tendon.<\/p>\n\n\n\n<p>Les <strong>radiographies standards<\/strong> peuvent \u00e9galement \u00eatre prescrites, notamment pour exclure des l\u00e9sions osseuses associ\u00e9es telles qu\u2019une fracture de la mall\u00e9ole lat\u00e9rale ou une anomalie structurelle du pied. Bien que les radiographies ne permettent pas de visualiser directement les tendons, elles sont utiles pour \u00e9valuer l\u2019alignement osseux et identifier certains facteurs biom\u00e9caniques pouvant contribuer aux douleurs.<\/p>\n\n\n\n<p>Dans certains cas sp\u00e9cifiques, des examens compl\u00e9mentaires comme la <strong>tomodensitom\u00e9trie (scanner)<\/strong> peuvent \u00eatre utilis\u00e9s pour analyser plus pr\u00e9cis\u00e9ment les structures osseuses autour de la cheville. Cependant, cet examen est g\u00e9n\u00e9ralement r\u00e9serv\u00e9 aux situations complexes.<\/p>\n\n\n\n<p>L\u2019imagerie m\u00e9dicale joue donc un r\u00f4le important dans la confirmation du diagnostic et dans la planification du traitement. Elle permet de diff\u00e9rencier les diff\u00e9rentes pathologies des tendons p\u00e9roniers et d\u2019adapter la prise en charge en fonction de la gravit\u00e9 de la l\u00e9sion.<\/p>\n\n\n\n<h2 class=\"wp-block-heading has-white-color has-vivid-cyan-blue-background-color has-text-color has-background has-link-color wp-elements-a0face2a7c4dbd93eee4f116f821df44\" id=\"h-diagnostic-differentiel-des-douleurs-laterales-de-la-cheville\"><span class=\"ez-toc-section\" id=\"Diagnostic_differentiel_des_douleurs_laterales_de_la_cheville\"><\/span><strong>Diagnostic diff\u00e9rentiel des douleurs lat\u00e9rales de la cheville<\/strong><span class=\"ez-toc-section-end\"><\/span><\/h2>\n\n\n\n<p>La douleur situ\u00e9e sur le bord externe de la cheville n\u2019est pas toujours li\u00e9e aux tendons p\u00e9roniers. Plusieurs pathologies peuvent provoquer des sympt\u00f4mes similaires, ce qui rend le <strong>diagnostic diff\u00e9rentiel essentiel<\/strong> afin d\u2019orienter correctement la prise en charge. Une \u00e9valuation clinique rigoureuse permet de distinguer les troubles tendineux d\u2019autres affections touchant les ligaments, les os, les nerfs ou les structures articulaires de la cheville.<\/p>\n\n\n\n<p>L\u2019une des causes les plus fr\u00e9quentes est <strong>l\u2019entorse lat\u00e9rale de la cheville<\/strong>. Cette blessure survient g\u00e9n\u00e9ralement lors d\u2019un mouvement brusque d\u2019inversion du pied et entra\u00eene une atteinte des ligaments lat\u00e9raux, notamment le ligament talo-fibulaire ant\u00e9rieur. Les sympt\u00f4mes incluent une douleur aigu\u00eb, un gonflement et une difficult\u00e9 \u00e0 prendre appui sur le pied. Dans certains cas, une entorse peut \u00e9galement s\u2019accompagner d\u2019une atteinte des tendons p\u00e9roniers.<\/p>\n\n\n\n<p>Une <strong>fracture de la cheville ou du pied<\/strong> doit \u00e9galement \u00eatre envisag\u00e9e, surtout en pr\u00e9sence d\u2019un traumatisme important. Les fractures de la mall\u00e9ole lat\u00e9rale ou du cinqui\u00e8me m\u00e9tatarsien peuvent provoquer une douleur similaire \u00e0 celle observ\u00e9e dans les tendinopathies des p\u00e9roniers. Les radiographies permettent g\u00e9n\u00e9ralement d\u2019exclure cette hypoth\u00e8se.<\/p>\n\n\n\n<p>Le <strong>syndrome du sinus du tarse<\/strong> constitue une autre cause possible de douleur lat\u00e9rale. Cette condition correspond \u00e0 une inflammation de l\u2019espace situ\u00e9 entre le talus et le calcan\u00e9us. Elle se manifeste par une douleur profonde dans la r\u00e9gion lat\u00e9rale du pied, souvent associ\u00e9e \u00e0 une instabilit\u00e9 de la cheville.<\/p>\n\n\n\n<p>Certaines <strong>atteintes nerveuses<\/strong> peuvent \u00e9galement provoquer des douleurs lat\u00e9rales de la cheville. Une irritation du nerf fibulaire superficiel peut entra\u00eener des sensations de br\u00fblure, des picotements ou un engourdissement sur le dessus du pied et la partie externe de la jambe.<\/p>\n\n\n\n<p>La <strong>fasciite plantaire<\/strong> peut parfois \u00eatre confondue avec une atteinte des tendons p\u00e9roniers, surtout lorsque la douleur s\u2019\u00e9tend vers le bord externe du pied. Toutefois, la fasciite plantaire se manifeste g\u00e9n\u00e9ralement par une douleur au talon plus marqu\u00e9e lors des premiers pas du matin.<\/p>\n\n\n\n<p>Enfin, certaines pathologies articulaires comme <strong>l\u2019arthrose de la cheville ou de l\u2019articulation sous-talienne<\/strong> peuvent provoquer une douleur chronique sur le c\u00f4t\u00e9 externe du pied. Dans ces situations, la douleur est souvent associ\u00e9e \u00e0 une raideur articulaire et \u00e0 une diminution progressive de la mobilit\u00e9.<\/p>\n\n\n\n<p>L\u2019identification pr\u00e9cise de la cause de la douleur est essentielle pour \u00e9viter les erreurs diagnostiques et mettre en place un traitement adapt\u00e9. Une approche combinant examen clinique et imagerie m\u00e9dicale permet g\u00e9n\u00e9ralement de distinguer les troubles des tendons p\u00e9roniers des autres pathologies pouvant affecter la cheville.<\/p>\n\n\n\n<h2 class=\"wp-block-heading has-white-color has-vivid-cyan-blue-background-color has-text-color has-background has-link-color wp-elements-cb3f9d709fac450add31e38aadfa9c73\" id=\"h-approche-osteopathique-des-troubles-des-tendons-peroniers\"><span class=\"ez-toc-section\" id=\"Approche_osteopathique_des_troubles_des_tendons_peroniers\"><\/span><strong>Approche ost\u00e9opathique des troubles des tendons p\u00e9roniers<\/strong><span class=\"ez-toc-section-end\"><\/span><\/h2>\n\n\n\n<p>L\u2019ost\u00e9opathie propose une approche globale dans la prise en charge des troubles des tendons p\u00e9roniers. Plut\u00f4t que de se limiter \u00e0 la zone douloureuse, l\u2019ost\u00e9opathe analyse l\u2019ensemble de la <strong>biom\u00e9canique du membre inf\u00e9rieur<\/strong>, afin d\u2019identifier les dysfonctionnements susceptibles d\u2019augmenter les contraintes sur les tendons lat\u00e9raux de la cheville.<\/p>\n\n\n\n<p>Les tendons p\u00e9roniers sont fortement influenc\u00e9s par l\u2019\u00e9quilibre m\u00e9canique du pied, de la cheville, du genou et du bassin. Une restriction de mobilit\u00e9 de l\u2019articulation <strong>talo-crurale<\/strong>, une dysfonction de l\u2019articulation <strong>sous-talienne<\/strong>, ou encore une tension excessive au niveau du <strong>p\u00e9ron\u00e9<\/strong> peuvent modifier la r\u00e9partition des forces lors de la marche et entra\u00eener une surcharge progressive des tendons.<\/p>\n\n\n\n<p>L\u2019ost\u00e9opathe r\u00e9alise d\u2019abord une <strong>\u00e9valuation globale<\/strong> comprenant l\u2019analyse de la posture, de la marche et des cha\u00eenes musculaires du membre inf\u00e9rieur. Cette analyse permet de d\u00e9tecter les compensations pouvant favoriser les microtraumatismes r\u00e9p\u00e9titifs au niveau des tendons p\u00e9roniers.<\/p>\n\n\n\n<p>Plusieurs types de techniques peuvent \u00eatre utilis\u00e9s pour am\u00e9liorer la fonction de la cheville et r\u00e9duire les contraintes m\u00e9caniques :<\/p>\n\n\n\n<p>Les <strong>techniques myofasciales<\/strong> permettent de diminuer les tensions dans les muscles fibulaires et dans les structures fasciales entourant la cheville. En rel\u00e2chant ces tensions, la circulation sanguine locale est am\u00e9lior\u00e9e et la mobilit\u00e9 des tissus est restaur\u00e9e.<\/p>\n\n\n\n<p>Les <strong>mobilisations articulaires<\/strong> de la cheville et du pied visent \u00e0 r\u00e9tablir une mobilit\u00e9 optimale des articulations impliqu\u00e9es dans la stabilit\u00e9 lat\u00e9rale, notamment les articulations talo-crurale, sous-talienne et m\u00e9dio-tarsienne.<\/p>\n\n\n\n<p>Les <strong>techniques d\u2019\u00e9nergie musculaire<\/strong> peuvent \u00e9galement \u00eatre utilis\u00e9es pour r\u00e9\u00e9quilibrer les muscles stabilisateurs de la cheville et am\u00e9liorer la coordination neuromusculaire.<\/p>\n\n\n\n<p>L\u2019ost\u00e9opathie s\u2019int\u00e9resse aussi aux <strong>cha\u00eenes biom\u00e9caniques globales<\/strong>. Une restriction au niveau du genou, de la hanche ou du bassin peut modifier la m\u00e9canique de l\u2019appui et augmenter les contraintes sur les tendons p\u00e9roniers. Le traitement vise donc \u00e0 restaurer un \u00e9quilibre global du membre inf\u00e9rieur.<\/p>\n\n\n\n<p>En compl\u00e9ment du traitement manuel, l\u2019ost\u00e9opathe peut proposer des <strong>exercices de renforcement et de proprioception<\/strong> afin d\u2019am\u00e9liorer la stabilit\u00e9 dynamique de la cheville. Ces exercices permettent de r\u00e9duire le risque de r\u00e9cidive, notamment chez les sportifs ou les personnes ayant d\u00e9j\u00e0 subi des entorses.<\/p>\n\n\n\n<p>Gr\u00e2ce \u00e0 cette approche globale, l\u2019ost\u00e9opathie contribue non seulement \u00e0 soulager la douleur, mais aussi \u00e0 corriger les facteurs m\u00e9caniques responsables des troubles des tendons p\u00e9roniers.<\/p>\n\n\n\n<h2 class=\"wp-block-heading has-white-color has-vivid-cyan-blue-background-color has-text-color has-background has-link-color wp-elements-a15968b46570ada5462ae0e8f8dba85b\" id=\"h-prevention-des-tendinopathies-peronieres-strategies-biomecaniques-et-exercices-essentiels\"><span class=\"ez-toc-section\" id=\"Prevention_des_tendinopathies_peronieres_strategies_biomecaniques_et_exercices_essentiels\"><\/span><strong>Pr\u00e9vention des tendinopathies p\u00e9roni\u00e8res : strat\u00e9gies biom\u00e9caniques et exercices essentiels<\/strong><span class=\"ez-toc-section-end\"><\/span><\/h2>\n\n\n\n<p>La pr\u00e9vention des tendinopathies p\u00e9roni\u00e8res repose principalement sur l\u2019optimisation de la biom\u00e9canique de la cheville et sur le renforcement des structures stabilisatrices du pied. Les tendons p\u00e9roniers jouent un r\u00f4le essentiel dans la stabilisation lat\u00e9rale de la cheville et dans la protection contre les entorses. Lorsqu\u2019ils sont soumis \u00e0 des contraintes r\u00e9p\u00e9t\u00e9es ou \u00e0 des d\u00e9s\u00e9quilibres m\u00e9caniques, ils peuvent progressivement s\u2019irriter et d\u00e9velopper une tendinopathie.<\/p>\n\n\n\n<p>L\u2019un des \u00e9l\u00e9ments cl\u00e9s de la pr\u00e9vention consiste \u00e0 <strong>maintenir une bonne mobilit\u00e9 articulaire de la cheville et du pied<\/strong>. Une restriction de mobilit\u00e9 de l\u2019articulation talo-crurale ou sous-talienne peut modifier la r\u00e9partition des charges lors de l\u2019appui au sol. Cette modification oblige alors les muscles p\u00e9roniers \u00e0 travailler davantage pour stabiliser la cheville, augmentant ainsi le risque de surcharge tendineuse.<\/p>\n\n\n\n<p>Le <strong>renforcement musculaire cibl\u00e9<\/strong> constitue \u00e9galement un pilier de la pr\u00e9vention. Les muscles fibulaires doivent \u00eatre suffisamment forts et r\u00e9actifs pour stabiliser la cheville lors des mouvements rapides ou impr\u00e9visibles. Des exercices simples, r\u00e9alis\u00e9s r\u00e9guli\u00e8rement, permettent d\u2019am\u00e9liorer la r\u00e9sistance des tendons et de r\u00e9duire le risque de blessure.<\/p>\n\n\n\n<p>Par exemple, les <strong>exercices d\u2019\u00e9version contre r\u00e9sistance<\/strong> sont particuli\u00e8rement efficaces. En position assise, une bande \u00e9lastique peut \u00eatre plac\u00e9e autour du pied afin de cr\u00e9er une r\u00e9sistance lors du mouvement d\u2019\u00e9version. Ce type d\u2019exercice renforce directement les muscles p\u00e9roniers et am\u00e9liore leur capacit\u00e9 \u00e0 stabiliser la cheville.<\/p>\n\n\n\n<p>Le travail de <strong>proprioception<\/strong> est \u00e9galement essentiel. Les tendons p\u00e9roniers participent activement \u00e0 la stabilisation r\u00e9flexe de la cheville. Des exercices d\u2019\u00e9quilibre sur une jambe, r\u00e9alis\u00e9s sur un sol stable puis sur des surfaces instables comme un coussin d\u2019\u00e9quilibre ou un Bosu, permettent de renforcer les m\u00e9canismes de contr\u00f4le neuromusculaire.<\/p>\n\n\n\n<p>Les <strong>\u00e9l\u00e9vations sur la pointe des pieds<\/strong> constituent un autre exercice utile. En renfor\u00e7ant l\u2019ensemble des muscles du mollet et du pied, cet exercice am\u00e9liore la capacit\u00e9 du membre inf\u00e9rieur \u00e0 absorber les contraintes lors de la marche ou de la course.<\/p>\n\n\n\n<p>Le choix de <strong>chaussures adapt\u00e9es<\/strong> joue aussi un r\u00f4le important dans la pr\u00e9vention. Des chaussures offrant un bon maintien lat\u00e9ral et un amorti ad\u00e9quat permettent de limiter les mouvements excessifs de la cheville et de r\u00e9duire les contraintes sur les tendons p\u00e9roniers.<\/p>\n\n\n\n<p>Enfin, une <strong>progression graduelle des charges d\u2019entra\u00eenement<\/strong> est essentielle, en particulier chez les sportifs. Une augmentation trop rapide de l\u2019intensit\u00e9 ou du volume d\u2019activit\u00e9 peut d\u00e9passer la capacit\u00e9 d\u2019adaptation des tendons et favoriser l\u2019apparition de microtraumatismes.<\/p>\n\n\n\n<p>L\u2019ost\u00e9opathie peut \u00e9galement contribuer \u00e0 la pr\u00e9vention en identifiant les d\u00e9s\u00e9quilibres biom\u00e9caniques du pied et de la cheville. En r\u00e9tablissant une mobilit\u00e9 articulaire optimale et en corrigeant les compensations posturales, l\u2019ost\u00e9opathe aide \u00e0 r\u00e9duire les contraintes excessives exerc\u00e9es sur les tendons p\u00e9roniers.<\/p>\n\n\n\n<p>En combinant renforcement musculaire, travail proprioceptif, choix d\u2019\u00e9quipements adapt\u00e9s et suivi ost\u00e9opathique, il est possible de diminuer significativement le risque de tendinopathies p\u00e9roni\u00e8res et de pr\u00e9server la stabilit\u00e9 fonctionnelle de la cheville sur le long terme.<\/p>\n\n\n\n<h2 class=\"wp-block-heading has-white-color has-vivid-cyan-blue-background-color has-text-color has-background has-link-color wp-elements-c463c13b53931b83f48091708c0f6055\" id=\"h-etirements-et-exercices-therapeutiques-pour-les-tendons-peroniers\"><span class=\"ez-toc-section\" id=\"Etirements_et_exercices_therapeutiques_pour_les_tendons_peroniers\"><\/span><strong>\u00c9tirements et exercices th\u00e9rapeutiques pour les tendons p\u00e9roniers<\/strong><span class=\"ez-toc-section-end\"><\/span><\/h2>\n\n\n\n<p>Les \u00e9tirements et les exercices th\u00e9rapeutiques jouent un r\u00f4le essentiel dans la r\u00e9cup\u00e9ration et la pr\u00e9vention des troubles des tendons p\u00e9roniers. En am\u00e9liorant la souplesse musculaire, la force et le contr\u00f4le neuromusculaire, ces exercices contribuent \u00e0 r\u00e9duire les contraintes exerc\u00e9es sur les tendons et \u00e0 restaurer une fonction optimale de la cheville.<\/p>\n\n\n\n<p>Avant de commencer un programme d\u2019exercices, il est important de r\u00e9aliser un <strong>\u00e9chauffement l\u00e9ger<\/strong> afin d\u2019augmenter la circulation sanguine dans les muscles et de pr\u00e9parer les structures tendineuses \u00e0 l\u2019effort. Quelques minutes de marche, de mobilisation douce de la cheville ou de rotations articulaires peuvent suffire \u00e0 pr\u00e9parer les tissus.<\/p>\n\n\n\n<p>L\u2019un des \u00e9tirements les plus importants concerne les <strong>muscles du mollet<\/strong>, en particulier le gastrocn\u00e9mien et le sol\u00e9aire. Lorsque ces muscles sont raides, ils augmentent les contraintes sur la cheville et modifient la biom\u00e9canique du pied. Un \u00e9tirement simple consiste \u00e0 se placer face \u00e0 un mur, \u00e0 reculer une jambe et \u00e0 maintenir le talon au sol tout en inclinant l\u00e9g\u00e8rement le corps vers l\u2019avant. Cet \u00e9tirement doit \u00eatre maintenu environ 20 \u00e0 30 secondes et r\u00e9p\u00e9t\u00e9 plusieurs fois.<\/p>\n\n\n\n<p>Les <strong>\u00e9tirements des muscles fibulaires<\/strong> peuvent \u00e9galement aider \u00e0 diminuer les tensions accumul\u00e9es sur le c\u00f4t\u00e9 externe de la jambe. En position assise, il est possible de croiser la jambe et d\u2019orienter doucement le pied vers l\u2019int\u00e9rieur afin d\u2019\u00e9tirer les muscles situ\u00e9s sur la face lat\u00e9rale de la jambe.<\/p>\n\n\n\n<p>Les exercices de <strong>renforcement musculaire progressif<\/strong> sont tout aussi importants. Les mouvements d\u2019\u00e9version du pied contre r\u00e9sistance, r\u00e9alis\u00e9s avec une bande \u00e9lastique, permettent de renforcer directement les muscles p\u00e9roniers. Ce type d\u2019exercice am\u00e9liore la capacit\u00e9 des tendons \u00e0 r\u00e9sister aux contraintes m\u00e9caniques.<\/p>\n\n\n\n<p>Le travail d\u2019<strong>\u00e9quilibre et de stabilit\u00e9<\/strong> est \u00e9galement essentiel. Les exercices r\u00e9alis\u00e9s sur une jambe stimulent les m\u00e9canor\u00e9cepteurs de la cheville et am\u00e9liorent la coordination neuromusculaire. Avec le temps, ces exercices peuvent \u00eatre rendus plus difficiles en utilisant des surfaces instables ou en ajoutant des mouvements du tronc.<\/p>\n\n\n\n<p>Les <strong>\u00e9l\u00e9vations sur la pointe des pieds<\/strong> constituent un exercice simple mais efficace pour renforcer l\u2019ensemble de la cha\u00eene musculaire du mollet et du pied. Ce mouvement am\u00e9liore la capacit\u00e9 de propulsion lors de la marche et contribue \u00e0 stabiliser la cheville.<\/p>\n\n\n\n<p>La progression des exercices doit \u00eatre <strong>graduelle<\/strong> afin de permettre aux tendons de s\u2019adapter aux charges m\u00e9caniques. Une augmentation trop rapide de l\u2019intensit\u00e9 peut provoquer une irritation tendineuse et retarder la r\u00e9cup\u00e9ration.<\/p>\n\n\n\n<p>Lorsqu\u2019ils sont pratiqu\u00e9s r\u00e9guli\u00e8rement et correctement, ces \u00e9tirements et exercices th\u00e9rapeutiques permettent de restaurer la mobilit\u00e9 de la cheville, de renforcer les muscles stabilisateurs et de r\u00e9duire le risque de r\u00e9cidive des troubles des tendons p\u00e9roniers. L\u2019int\u00e9gration de ces exercices dans une routine de pr\u00e9vention constitue une strat\u00e9gie efficace pour pr\u00e9server la sant\u00e9 de la cheville et maintenir une activit\u00e9 physique durable.<\/p>\n\n\n\n<h2 class=\"wp-block-heading has-white-color has-vivid-cyan-blue-background-color has-text-color has-background has-link-color wp-elements-bb3c506b9eb7afc5bbc3a1e7f22c3894\" id=\"h-quand-consulter-un-professionnel-de-sante\"><span class=\"ez-toc-section\" id=\"Quand_consulter_un_professionnel_de_sante\"><\/span><strong>Quand consulter un professionnel de sant\u00e9<\/strong><span class=\"ez-toc-section-end\"><\/span><\/h2>\n\n\n\n<p>Bien que certaines douleurs des tendons p\u00e9roniers puissent \u00eatre l\u00e9g\u00e8res et dispara\u00eetre avec du repos et des mesures simples, certains signes doivent inciter \u00e0 consulter rapidement un professionnel de sant\u00e9. Une prise en charge pr\u00e9coce permet souvent d\u2019\u00e9viter l\u2019aggravation des l\u00e9sions et de pr\u00e9venir l\u2019apparition de troubles chroniques de la cheville.<\/p>\n\n\n\n<p>Il est recommand\u00e9 de consulter lorsqu\u2019une <strong>douleur persistante appara\u00eet sur le c\u00f4t\u00e9 externe de la cheville<\/strong>, surtout si elle dure plusieurs jours ou s\u2019aggrave avec l\u2019activit\u00e9 physique. Une douleur qui emp\u00eache la marche normale, la course ou les mouvements lat\u00e9raux peut indiquer une atteinte plus importante des tendons.<\/p>\n\n\n\n<p>La pr\u00e9sence d\u2019un <strong>gonflement important<\/strong>, d\u2019une chaleur locale ou d\u2019une sensibilit\u00e9 marqu\u00e9e \u00e0 la palpation peut \u00e9galement sugg\u00e9rer une inflammation des tendons ou une l\u00e9sion associ\u00e9e. Dans certains cas, un <strong>claquement ou une sensation de d\u00e9placement des tendons derri\u00e8re la mall\u00e9ole lat\u00e9rale<\/strong> peut indiquer une subluxation des tendons p\u00e9roniers, n\u00e9cessitant une \u00e9valuation plus approfondie.<\/p>\n\n\n\n<p>Une consultation est aussi n\u00e9cessaire lorsque la cheville pr\u00e9sente une <strong>instabilit\u00e9 r\u00e9p\u00e9t\u00e9e<\/strong>, notamment apr\u00e8s plusieurs entorses. Une instabilit\u00e9 chronique peut entra\u00eener une surcharge progressive des tendons p\u00e9roniers et augmenter le risque de l\u00e9sions plus graves.<\/p>\n\n\n\n<p>Les personnes qui pratiquent r\u00e9guli\u00e8rement des activit\u00e9s sportives doivent \u00eatre particuli\u00e8rement attentives \u00e0 l\u2019apparition de douleurs lat\u00e9rales de la cheville. Une <strong>prise en charge pr\u00e9coce<\/strong> permet souvent de corriger les d\u00e9s\u00e9quilibres biom\u00e9caniques et d\u2019\u00e9viter l\u2019arr\u00eat prolong\u00e9 de l\u2019activit\u00e9 physique.<\/p>\n\n\n\n<p>L\u2019ost\u00e9opathe peut jouer un r\u00f4le important dans l\u2019\u00e9valuation de ces troubles. Gr\u00e2ce \u00e0 une analyse globale de la posture, de la mobilit\u00e9 articulaire et des cha\u00eenes musculaires, il peut identifier les facteurs m\u00e9caniques responsables de la surcharge des tendons p\u00e9roniers. Cette approche permet non seulement de soulager la douleur, mais aussi de corriger les dysfonctionnements susceptibles de provoquer des r\u00e9cidives.<\/p>\n\n\n\n<p>Cependant, dans certaines situations, une <strong>\u00e9valuation m\u00e9dicale compl\u00e9mentaire<\/strong> peut \u00eatre n\u00e9cessaire, notamment lorsqu\u2019une rupture tendineuse, une fracture ou une atteinte ligamentaire importante est suspect\u00e9e. Dans ces cas, des examens d\u2019imagerie comme l\u2019\u00e9chographie ou l\u2019IRM peuvent \u00eatre prescrits afin de confirmer le diagnostic.<\/p>\n\n\n\n<p>Consulter rapidement permet donc de mettre en place un traitement adapt\u00e9 et de pr\u00e9server la fonction normale de la cheville sur le long terme.<\/p>\n\n\n\n<div style=\"background:#f5f7fa; border-left:6px solid #2f6fed; padding:18px 20px; margin:25px 0; border-radius:8px;\">\n  <h3 style=\"margin-top:0; margin-bottom:12px; color:#1f3c88; font-size:22px;\"><span class=\"ez-toc-section\" id=\"A_retenir\"><\/span><strong>\u00c0 retenir<\/strong><span class=\"ez-toc-section-end\"><\/span><\/h3>\n  <ul style=\"margin:0; padding-left:22px; color:#333; line-height:1.7;\">\n    <li>Les tendons p\u00e9roniers stabilisent la face externe de la cheville et participent \u00e0 l\u2019\u00e9version du pied.<\/li>\n    <li>Ils sont souvent sollicit\u00e9s lors de la marche, de la course, des changements de direction et apr\u00e8s une entorse lat\u00e9rale.<\/li>\n    <li>Les troubles les plus fr\u00e9quents sont la tendinopathie, la t\u00e9nosynovite, la subluxation et les d\u00e9chirures tendineuses.<\/li>\n    <li>Une douleur derri\u00e8re la mall\u00e9ole lat\u00e9rale, un gonflement ou une sensation de claquement doivent faire \u00e9voquer une atteinte des tendons p\u00e9roniers.<\/li>\n    <li>L\u2019\u00e9valuation clinique, l\u2019\u00e9chographie et l\u2019IRM aident \u00e0 confirmer le diagnostic et \u00e0 pr\u00e9ciser la gravit\u00e9 de la l\u00e9sion.<\/li>\n    <li>L\u2019ost\u00e9opathie peut aider \u00e0 corriger les d\u00e9s\u00e9quilibres biom\u00e9caniques qui surchargent la cheville et favorisent les r\u00e9cidives.<\/li>\n    <li>Le renforcement musculaire, la proprioception et des chaussures adapt\u00e9es jouent un r\u00f4le central dans la pr\u00e9vention.<\/li>\n  <\/ul>\n<\/div>\n\n\n\n<h2 class=\"wp-block-heading has-white-color has-vivid-cyan-blue-background-color has-text-color has-background has-link-color wp-elements-ed042fb05d52beb39f097605371ea314\" id=\"h-conclusion-preserver-la-stabilite-laterale-de-la-cheville-sur-le-long-terme\"><span class=\"ez-toc-section\" id=\"Conclusion_preserver_la_stabilite_laterale_de_la_cheville_sur_le_long_terme\"><\/span><strong>Conclusion : pr\u00e9server la stabilit\u00e9 lat\u00e9rale de la cheville sur le long terme<\/strong><span class=\"ez-toc-section-end\"><\/span><\/h2>\n\n\n\n<p>Les tendons p\u00e9roniers occupent une place essentielle dans la stabilit\u00e9 et le bon fonctionnement de la cheville. En assurant le contr\u00f4le des mouvements lat\u00e9raux du pied et en participant au maintien de l\u2019\u00e9quilibre dynamique, ils jouent un r\u00f4le cl\u00e9 dans la protection de l\u2019articulation contre les entorses et les d\u00e9s\u00e9quilibres m\u00e9caniques.<\/p>\n\n\n\n<p>Lorsqu\u2019ils sont soumis \u00e0 des contraintes excessives, \u00e0 des traumatismes ou \u00e0 des anomalies biom\u00e9caniques du pied, ces tendons peuvent devenir douloureux et entra\u00eener des limitations fonctionnelles. Les tendinopathies p\u00e9roni\u00e8res, les subluxations ou les d\u00e9chirures tendineuses peuvent alors perturber la stabilit\u00e9 de la cheville et affecter les activit\u00e9s quotidiennes ou sportives.<\/p>\n\n\n\n<p>La compr\u00e9hension de l\u2019anatomie, de la biom\u00e9canique et des facteurs de risque associ\u00e9s \u00e0 ces troubles permet d\u2019agir de mani\u00e8re pr\u00e9ventive. Le renforcement musculaire, les exercices de proprioception, le choix de chaussures adapt\u00e9es et une progression progressive de l\u2019activit\u00e9 physique constituent des \u00e9l\u00e9ments importants pour pr\u00e9server la sant\u00e9 des tendons.<\/p>\n\n\n\n<p>L\u2019ost\u00e9opathie s\u2019inscrit dans cette approche pr\u00e9ventive et th\u00e9rapeutique en analysant l\u2019ensemble de la m\u00e9canique du membre inf\u00e9rieur. En travaillant sur la mobilit\u00e9 articulaire, les tensions musculaires et les d\u00e9s\u00e9quilibres posturaux, l\u2019ost\u00e9opathe contribue \u00e0 r\u00e9duire les contraintes excessives exerc\u00e9es sur les tendons p\u00e9roniers et \u00e0 favoriser un fonctionnement harmonieux de la cheville.<\/p>\n\n\n\n<p>Adopter une approche globale combinant pr\u00e9vention, renforcement et suivi th\u00e9rapeutique permet de prot\u00e9ger durablement la stabilit\u00e9 de la cheville et de maintenir une mobilit\u00e9 optimale tout au long de la vie.<\/p>\n\n\n\n<h2 class=\"wp-block-heading has-white-color has-vivid-cyan-blue-background-color has-text-color has-background has-link-color wp-elements-f2290ef39efce7528b1d5e31c5ec6f5e\" id=\"h-references\"><span class=\"ez-toc-section\" id=\"References\"><\/span><strong>R\u00e9f\u00e9rences<\/strong><span class=\"ez-toc-section-end\"><\/span><\/h2>\n\n\n\n<ol class=\"wp-block-list\">\n<li>Davda K, Malhotra K, O\u2019Donnell P, Singh D, Cullen N. <strong>Peroneal tendon disorders.<\/strong> <em>EFORT Open Reviews.<\/em> 2017;2(6):281-292.<\/li>\n\n\n\n<li>Walt J, Schickendantz M. <strong>Peroneal Tendon Syndromes.<\/strong> <em>StatPearls Publishing.<\/em> 2023.<\/li>\n\n\n\n<li>Philbin TM, Landis GS, Smith B. <strong>Peroneal tendon injuries.<\/strong> <em>Journal of the American Academy of Orthopaedic Surgeons.<\/em> 2009;17(5):306-317.<\/li>\n\n\n\n<li>Selmani E, Gjata V, Gjika E. <strong>Current concepts review: Peroneal tendon disorders.<\/strong> <em>Foot &amp; Ankle International.<\/em> 2006;27(3):221-228.<\/li>\n\n\n\n<li>van Dijk PAD, Kerkhoffs GMMJ. <strong>Chronic disorders of the peroneal tendons: current concepts.<\/strong> <em>Journal of the American Academy of Orthopaedic Surgeons.<\/em> 2019.<\/li>\n\n\n\n<li>Wang XT et al. <strong>Normal variants and diseases of the peroneal tendons and superior peroneal retinaculum.<\/strong> <em>Radiographics.<\/em> 2005.<\/li>\n\n\n\n<li>Kumar Y, Alian A, et al. <strong>Peroneal tendon pathology: imaging findings and management.<\/strong> <em>European Journal of Radiology.<\/em> 2017.<\/li>\n\n\n\n<li>Dombek MF, Lamm BM, Saltrick K, Mendicino RW, Catanzariti AR. <strong>Peroneal tendon tears: a retrospective review.<\/strong> <em>Journal of Foot and Ankle Surgery.<\/em> 2003.<\/li>\n\n\n\n<li>Grant TH, Kelikian AS, Jereb SE, McCarthy RJ. <strong>Ultrasound diagnosis of peroneal tendon tears: surgical correlation.<\/strong> <em>Journal of Bone and Joint Surgery.<\/em> 2005.<\/li>\n\n\n\n<li>Brandes CB, Smith RW. <strong>Characterization of patients with primary peroneus longus tendinopathy.<\/strong> <em>Foot &amp; Ankle International.<\/em> 2000.<\/li>\n\n\n\n<li>Zammit J, Singh D. <strong>The peroneus quartus muscle: anatomy and clinical relevance.<\/strong> <em>Journal of Bone and Joint Surgery.<\/em> 2003.<\/li>\n\n\n\n<li>Safran MR, O\u2019Malley D, Fu FH. <strong>Peroneal tendon subluxation in athletes.<\/strong> <em>Medicine &amp; Science in Sports &amp; Exercise.<\/em> 1999.<\/li>\n\n\n\n<li>Bagley C, et al. <strong>Diagnosis and treatment of peroneal tendon disorders.<\/strong> <em>Foot and Ankle Surgery.<\/em> 2023.<\/li>\n\n\n\n<li>Mercer NP, et al. <strong>Clinical outcomes of peroneal tendon tears: a systematic review.<\/strong> <em>Journal of Foot and Ankle Surgery.<\/em> 2021.<\/li>\n\n\n\n<li>Basit H, Lezak B. <strong>Anatomy, Bony Pelvis and Lower Limb: Peroneus Muscles.<\/strong> <em>StatPearls.<\/em> 2023.<\/li>\n<\/ol>\n","protected":false},"excerpt":{"rendered":"<p>Dans cet extrait, nous plongeons au c\u0153ur de l&rsquo;anatomie complexe des tendons p\u00e9roniers, d\u00e9taillant la structure et la fonction de ces \u00e9l\u00e9ments essentiels situ\u00e9s dans la r\u00e9gion de la jambe. En outre, nous explorons en profondeur les divers troubles associ\u00e9s aux tendons p\u00e9roniers, de la tendinite \u00e0 l&rsquo;instabilit\u00e9 chronique de la cheville, offrant un aper\u00e7u complet des sympt\u00f4mes, des causes et des diagnostics.<\/p>\n<p>L&rsquo;importance cruciale des tendons p\u00e9roniers dans la stabilisation de la cheville et la participation \u00e0 des mouvements cl\u00e9s tels que l&rsquo;\u00e9version du pied ou la flexion plantaire est expos\u00e9e avec clart\u00e9. Par la suite, nous plongeons dans les troubles courants qui peuvent affecter ces tendons, tels que la tendinite, la subluxation, les d\u00e9chirures, et d&rsquo;autres affections. Chaque trouble est m\u00e9ticuleusement d\u00e9crit, fournissant un aper\u00e7u complet des sympt\u00f4mes qui peuvent se manifester et des causes sous-jacentes potentielles.<\/p>\n<p>Dans la deuxi\u00e8me moiti\u00e9 de cet extrait, l&rsquo;accent est mis sur la pr\u00e9vention des troubles des tendons p\u00e9roniers, abordant des aspects tels que l&rsquo;\u00e9chauffement avant l&rsquo;exercice, le renforcement musculaire, la stabilit\u00e9 et l&rsquo;\u00e9quilibre, le choix de chaussures appropri\u00e9es, les \u00e9tirements r\u00e9guliers, la gestion du poids, et d&rsquo;autres mesures pr\u00e9ventives. En outre, l&rsquo;int\u00e9gration de l&rsquo;ost\u00e9opathie comme une approche compl\u00e9mentaire dans le traitement des troubles des tendons p\u00e9roniers est pr\u00e9sent\u00e9e, soulignant les principes fondamentaux de cette discipline et son r\u00f4le potentiel dans la r\u00e9duction des tensions musculaires, la correction des d\u00e9s\u00e9quilibres, et la promotion de la r\u00e9cup\u00e9ration.<\/p>\n<p>Cet extrait offre ainsi une exploration d\u00e9taill\u00e9e et \u00e9quilibr\u00e9e de l&rsquo;anatomie, des troubles, du diagnostic et de la pr\u00e9vention des tendons p\u00e9roniers, fournissant une ressource compl\u00e8te pour ceux qui cherchent \u00e0 comprendre ces \u00e9l\u00e9ments cruciaux du syst\u00e8me musculo-squelettique et \u00e0 maintenir une sant\u00e9 durable de la cheville.<\/p>\n","protected":false},"author":1,"featured_media":56411,"comment_status":"open","ping_status":"open","sticky":false,"template":"","format":"standard","meta":{"tdm_status":"","tdm_grid_status":"","iawp_total_views":311,"footnotes":""},"categories":[131,326,454],"tags":[],"class_list":{"0":"post-37978","1":"post","2":"type-post","3":"status-publish","4":"format-standard","5":"has-post-thumbnail","7":"category-trouble-du-pied","8":"category-tendinite","9":"category-tendinopathie"},"_links":{"self":[{"href":"https:\/\/osteomag.ca\/fr\/wp-json\/wp\/v2\/posts\/37978","targetHints":{"allow":["GET"]}}],"collection":[{"href":"https:\/\/osteomag.ca\/fr\/wp-json\/wp\/v2\/posts"}],"about":[{"href":"https:\/\/osteomag.ca\/fr\/wp-json\/wp\/v2\/types\/post"}],"author":[{"embeddable":true,"href":"https:\/\/osteomag.ca\/fr\/wp-json\/wp\/v2\/users\/1"}],"replies":[{"embeddable":true,"href":"https:\/\/osteomag.ca\/fr\/wp-json\/wp\/v2\/comments?post=37978"}],"version-history":[{"count":4,"href":"https:\/\/osteomag.ca\/fr\/wp-json\/wp\/v2\/posts\/37978\/revisions"}],"predecessor-version":[{"id":56861,"href":"https:\/\/osteomag.ca\/fr\/wp-json\/wp\/v2\/posts\/37978\/revisions\/56861"}],"wp:featuredmedia":[{"embeddable":true,"href":"https:\/\/osteomag.ca\/fr\/wp-json\/wp\/v2\/media\/56411"}],"wp:attachment":[{"href":"https:\/\/osteomag.ca\/fr\/wp-json\/wp\/v2\/media?parent=37978"}],"wp:term":[{"taxonomy":"category","embeddable":true,"href":"https:\/\/osteomag.ca\/fr\/wp-json\/wp\/v2\/categories?post=37978"},{"taxonomy":"post_tag","embeddable":true,"href":"https:\/\/osteomag.ca\/fr\/wp-json\/wp\/v2\/tags?post=37978"}],"curies":[{"name":"wp","href":"https:\/\/api.w.org\/{rel}","templated":true}]}}