{"id":45403,"date":"2024-09-14T22:05:07","date_gmt":"2024-09-15T03:05:07","guid":{"rendered":"https:\/\/osteomag.ca\/?p=45403"},"modified":"2026-04-15T11:49:59","modified_gmt":"2026-04-15T16:49:59","slug":"tete-avant-causes-douleurs-corrections","status":"publish","type":"post","link":"https:\/\/osteomag.ca\/fr\/tete-avant-causes-douleurs-corrections\/","title":{"rendered":"T\u00eate vers l\u2019Avant : Causes, Douleurs et Corrections"},"content":{"rendered":"<div id=\"ez-toc-container\" class=\"ez-toc-v2_0_82_2 counter-hierarchy ez-toc-counter ez-toc-custom ez-toc-container-direction\">\n<div class=\"ez-toc-title-container\">\n<p class=\"ez-toc-title\" style=\"cursor:inherit\">Table des mati\u00e8res<\/p>\n<span class=\"ez-toc-title-toggle\"><a href=\"#\" class=\"ez-toc-pull-right ez-toc-btn ez-toc-btn-xs ez-toc-btn-default ez-toc-toggle\" aria-label=\"Toggle Table of Content\"><span class=\"ez-toc-js-icon-con\"><span class=\"\"><span class=\"eztoc-hide\" style=\"display:none;\">Toggle<\/span><span class=\"ez-toc-icon-toggle-span\"><svg style=\"fill: #000000;color:#000000\" xmlns=\"http:\/\/www.w3.org\/2000\/svg\" class=\"list-377408\" width=\"20px\" height=\"20px\" viewBox=\"0 0 24 24\" fill=\"none\"><path d=\"M6 6H4v2h2V6zm14 0H8v2h12V6zM4 11h2v2H4v-2zm16 0H8v2h12v-2zM4 16h2v2H4v-2zm16 0H8v2h12v-2z\" fill=\"currentColor\"><\/path><\/svg><svg style=\"fill: #000000;color:#000000\" class=\"arrow-unsorted-368013\" xmlns=\"http:\/\/www.w3.org\/2000\/svg\" width=\"10px\" height=\"10px\" viewBox=\"0 0 24 24\" version=\"1.2\" baseProfile=\"tiny\"><path d=\"M18.2 9.3l-6.2-6.3-6.2 6.3c-.2.2-.3.4-.3.7s.1.5.3.7c.2.2.4.3.7.3h11c.3 0 .5-.1.7-.3.2-.2.3-.5.3-.7s-.1-.5-.3-.7zM5.8 14.7l6.2 6.3 6.2-6.3c.2-.2.3-.5.3-.7s-.1-.5-.3-.7c-.2-.2-.4-.3-.7-.3h-11c-.3 0-.5.1-.7.3-.2.2-.3.5-.3.7s.1.5.3.7z\"\/><\/svg><\/span><\/span><\/span><\/a><\/span><\/div>\n<nav><ul class='ez-toc-list ez-toc-list-level-1 eztoc-toggle-hide-by-default' ><li class='ez-toc-page-1 ez-toc-heading-level-2'><a class=\"ez-toc-link ez-toc-heading-1\" href=\"https:\/\/osteomag.ca\/fr\/tete-avant-causes-douleurs-corrections\/#Tete_vers_lavant_version_courte\" >T\u00eate vers l\u2019avant : version courte<\/a><ul class='ez-toc-list-level-3' ><li class='ez-toc-heading-level-3'><a class=\"ez-toc-link ez-toc-heading-2\" href=\"https:\/\/osteomag.ca\/fr\/tete-avant-causes-douleurs-corrections\/#Symptomes_frequents\" >Sympt\u00f4mes fr\u00e9quents<\/a><\/li><li class='ez-toc-page-1 ez-toc-heading-level-3'><a class=\"ez-toc-link ez-toc-heading-3\" href=\"https:\/\/osteomag.ca\/fr\/tete-avant-causes-douleurs-corrections\/#Causes_possibles\" >Causes possibles<\/a><\/li><li class='ez-toc-page-1 ez-toc-heading-level-3'><a class=\"ez-toc-link ez-toc-heading-4\" href=\"https:\/\/osteomag.ca\/fr\/tete-avant-causes-douleurs-corrections\/#Comment_poser_le_diagnostic\" >Comment poser le diagnostic ?<\/a><\/li><li class='ez-toc-page-1 ez-toc-heading-level-3'><a class=\"ez-toc-link ez-toc-heading-5\" href=\"https:\/\/osteomag.ca\/fr\/tete-avant-causes-douleurs-corrections\/#Comment_corriger\" >Comment corriger ?<\/a><\/li><li class='ez-toc-page-1 ez-toc-heading-level-3'><a class=\"ez-toc-link ez-toc-heading-6\" href=\"https:\/\/osteomag.ca\/fr\/tete-avant-causes-douleurs-corrections\/#Place_de_losteopathie\" >Place de l\u2019ost\u00e9opathie<\/a><\/li><li class='ez-toc-page-1 ez-toc-heading-level-3'><a class=\"ez-toc-link ez-toc-heading-7\" href=\"https:\/\/osteomag.ca\/fr\/tete-avant-causes-douleurs-corrections\/#Quand_consulter_rapidement\" >Quand consulter rapidement ?<\/a><\/li><li class='ez-toc-page-1 ez-toc-heading-level-3'><a class=\"ez-toc-link ez-toc-heading-8\" href=\"https:\/\/osteomag.ca\/fr\/tete-avant-causes-douleurs-corrections\/#En_resume\" >En r\u00e9sum\u00e9<\/a><\/li><\/ul><\/li><li class='ez-toc-page-1 ez-toc-heading-level-2'><a class=\"ez-toc-link ez-toc-heading-9\" href=\"https:\/\/osteomag.ca\/fr\/tete-avant-causes-douleurs-corrections\/#Quest-ce_que_la_tete_vers_lavant\" >Qu\u2019est-ce que la t\u00eate vers l\u2019avant ?<\/a><\/li><li class='ez-toc-page-1 ez-toc-heading-level-2'><a class=\"ez-toc-link ez-toc-heading-10\" href=\"https:\/\/osteomag.ca\/fr\/tete-avant-causes-douleurs-corrections\/#Causes_courantes\" >Causes courantes<\/a><\/li><li class='ez-toc-page-1 ez-toc-heading-level-2'><a class=\"ez-toc-link ez-toc-heading-11\" href=\"https:\/\/osteomag.ca\/fr\/tete-avant-causes-douleurs-corrections\/#Symptomes_de_la_posture_de_la_tete_vers_lavant\" >Sympt\u00f4mes de la posture de la t\u00eate vers l\u2019avant<\/a><\/li><li class='ez-toc-page-1 ez-toc-heading-level-2'><a class=\"ez-toc-link ez-toc-heading-12\" href=\"https:\/\/osteomag.ca\/fr\/tete-avant-causes-douleurs-corrections\/#Impact_sur_la_respiration_et_le_systeme_nerveux\" >Impact sur la respiration et le syst\u00e8me nerveux<\/a><\/li><li class='ez-toc-page-1 ez-toc-heading-level-2'><a class=\"ez-toc-link ez-toc-heading-13\" href=\"https:\/\/osteomag.ca\/fr\/tete-avant-causes-douleurs-corrections\/#Leffet_Domino_de_la_Posture_de_la_Tete_Vers_lAvant_Un_Desequilibre_Global\" >L\u2019effet Domino de la Posture de la T\u00eate Vers l\u2019Avant : Un D\u00e9s\u00e9quilibre Global<\/a><ul class='ez-toc-list-level-3' ><li class='ez-toc-heading-level-3'><a class=\"ez-toc-link ez-toc-heading-14\" href=\"https:\/\/osteomag.ca\/fr\/tete-avant-causes-douleurs-corrections\/#Etape_1_La_tete_projetee_vers_lavant\" >\u00c9tape 1 : La t\u00eate projet\u00e9e vers l\u2019avant<\/a><\/li><li class='ez-toc-page-1 ez-toc-heading-level-3'><a class=\"ez-toc-link ez-toc-heading-15\" href=\"https:\/\/osteomag.ca\/fr\/tete-avant-causes-douleurs-corrections\/#Etape_2_Compensation_par_le_haut_du_corps\" >\u00c9tape 2 : Compensation par le haut du corps<\/a><\/li><li class='ez-toc-page-1 ez-toc-heading-level-3'><a class=\"ez-toc-link ez-toc-heading-16\" href=\"https:\/\/osteomag.ca\/fr\/tete-avant-causes-douleurs-corrections\/#Etape_3_Basculement_des_hanches\" >\u00c9tape 3 : Basculement des hanches<\/a><\/li><\/ul><\/li><li class='ez-toc-page-1 ez-toc-heading-level-2'><a class=\"ez-toc-link ez-toc-heading-17\" href=\"https:\/\/osteomag.ca\/fr\/tete-avant-causes-douleurs-corrections\/#Impact_sur_la_respiration_et_le_systeme_nerveux-2\" >Impact sur la respiration et le syst\u00e8me nerveux<\/a><\/li><li class='ez-toc-page-1 ez-toc-heading-level-2'><a class=\"ez-toc-link ez-toc-heading-18\" href=\"https:\/\/osteomag.ca\/fr\/tete-avant-causes-douleurs-corrections\/#Evaluation_clinique_de_la_posture_de_la_tete_vers_lavant\" >\u00c9valuation clinique de la posture de la t\u00eate vers l\u2019avant<\/a><\/li><li class='ez-toc-page-1 ez-toc-heading-level-2'><a class=\"ez-toc-link ez-toc-heading-19\" href=\"https:\/\/osteomag.ca\/fr\/tete-avant-causes-douleurs-corrections\/#Comment_detecter_la_tete_vers_lavant\" >Comment d\u00e9tecter la t\u00eate vers l\u2019avant<\/a><\/li><li class='ez-toc-page-1 ez-toc-heading-level-2'><a class=\"ez-toc-link ez-toc-heading-20\" href=\"https:\/\/osteomag.ca\/fr\/tete-avant-causes-douleurs-corrections\/#Approche_osteopathique_de_la_tete_vers_lavant_restaurer_lequilibre_global_plutot_que_corriger_uniquement_le_cou\" >Approche ost\u00e9opathique de la t\u00eate vers l\u2019avant : restaurer l\u2019\u00e9quilibre global plut\u00f4t que corriger uniquement le cou<\/a><\/li><li class='ez-toc-page-1 ez-toc-heading-level-2'><a class=\"ez-toc-link ez-toc-heading-21\" href=\"https:\/\/osteomag.ca\/fr\/tete-avant-causes-douleurs-corrections\/#Exercices_recommandes_pour_corriger_la_tete_vers_lavant\" >Exercices recommand\u00e9s pour corriger la t\u00eate vers l\u2019avant<\/a><\/li><li class='ez-toc-page-1 ez-toc-heading-level-2'><a class=\"ez-toc-link ez-toc-heading-22\" href=\"https:\/\/osteomag.ca\/fr\/tete-avant-causes-douleurs-corrections\/#Prevention_et_conseils_quotidiens\" >Pr\u00e9vention et conseils quotidiens<\/a><\/li><li class='ez-toc-page-1 ez-toc-heading-level-2'><a class=\"ez-toc-link ez-toc-heading-23\" href=\"https:\/\/osteomag.ca\/fr\/tete-avant-causes-douleurs-corrections\/#Conclusion\" >Conclusion<\/a><\/li><li class='ez-toc-page-1 ez-toc-heading-level-2'><a class=\"ez-toc-link ez-toc-heading-24\" href=\"https:\/\/osteomag.ca\/fr\/tete-avant-causes-douleurs-corrections\/#References\" >R\u00e9f\u00e9rences<\/a><\/li><\/ul><\/nav><\/div>\n\n<div class=\"pc-box\">\n\n<div class=\"pc-title\">Points cl\u00e9s<\/div>\n\n<ul class=\"pc-list\">\n<li>La t\u00eate vers l\u2019avant est une posture fr\u00e9quente o\u00f9 la t\u00eate se projette devant l\u2019axe naturel du corps.<\/li>\n\n<li>M\u00eame quelques centim\u00e8tres d\u2019avanc\u00e9e augmentent la charge sur le cou, les \u00e9paules et le haut du dos.<\/li>\n\n<li>Les causes courantes incluent \u00e9crans prolong\u00e9s, t\u00e9l\u00e9phone mobile, s\u00e9dentarit\u00e9, mauvaise ergonomie et stress chronique.<\/li>\n\n<li>Les sympt\u00f4mes fr\u00e9quents sont douleurs cervicales, raideur de nuque, maux de t\u00eate, tensions entre les omoplates et fatigue.<\/li>\n\n<li>Cette posture peut aussi influencer la respiration, favoriser une respiration superficielle et augmenter les tensions nerveuses.<\/li>\n\n<li>Des fourmillements dans les bras, vertiges l\u00e9gers ou inconfort de la m\u00e2choire peuvent parfois \u00eatre associ\u00e9s.<\/li>\n\n<li>Le diagnostic repose sur l\u2019observation posturale, les tests de mobilit\u00e9, l\u2019analyse respiratoire et les habitudes de vie.<\/li>\n\n<li>L\u2019ost\u00e9opathie peut aider \u00e0 r\u00e9duire les tensions, restaurer les mobilit\u00e9s et corriger les compensations globales.<\/li>\n\n<li>Les exercices cl\u00e9s incluent r\u00e9traction cervicale, renforcement scapulaire, mobilit\u00e9 thoracique et respiration diaphragmatique.<\/li>\n\n<li>La pr\u00e9vention repose sur une bonne ergonomie, des pauses actives, du mouvement r\u00e9gulier et une posture dynamique plut\u00f4t que fig\u00e9e.<\/li>\n<\/ul>\n\n<\/div>\n\n<style>\n.pc-box{\nbackground:#ffffff;\nborder:2px solid #1A7F78;\nborder-left:8px solid #1A7F78;\npadding:24px;\nmargin:30px 0;\nborder-radius:4px;\nbox-shadow:0 6px 18px rgba(0,0,0,0.08);\n}\n\n.pc-title{\nfont-size:28px;\nfont-weight:700;\ncolor:#1A7F78;\nmargin-bottom:18px;\nline-height:1.2;\n}\n\n.pc-list{\nmargin:0;\npadding-left:22px;\n}\n\n.pc-list li{\nmargin-bottom:12px;\nfont-size:18px;\nline-height:1.6;\ncolor:#222;\n}\n\n.pc-list li::marker{\ncolor:#1A7F78;\nfont-weight:bold;\n}\n<\/style>\n\n\n\n<style>\n.osteo-accordion{\n  margin:25px 0;\n  border-radius:12px;\n  overflow:hidden;\n  box-shadow:0 4px 14px rgba(0,0,0,.08);\n}\n.osteo-accordion details{\n  background:#fff;\n}\n.osteo-accordion summary{\n  list-style:none;\n  cursor:pointer;\n  padding:20px 24px;\n  font-size:32px;\n  font-weight:700;\n  color:#fff;\n  background:linear-gradient(135deg,#178fcb 0%,#1177b1 100%);\n  position:relative;\n}\n.osteo-accordion summary::-webkit-details-marker{\n  display:none;\n}\n.osteo-accordion summary::after{\n  content:\"+\";\n  position:absolute;\n  right:24px;\n  top:50%;\n  transform:translateY(-50%);\n  font-size:48px;\n  font-weight:300;\n}\n.osteo-accordion details[open] summary::after{\n  content:\"\u2212\";\n}\n.osteo-accordion-content{\n  padding:28px;\n  background:#f9fcff;\n  line-height:1.8;\n  color:#222;\n  font-size:18px;\n}\n.osteo-accordion-content h2{\n  color:#1177b1;\n  font-size:28px;\n  margin:0 0 14px;\n}\n.osteo-accordion-content h3{\n  color:#1177b1;\n  font-size:22px;\n  margin:24px 0 8px;\n}\n.osteo-accordion-content ul{\n  margin:8px 0 18px 22px;\n}\n.osteo-accordion-content li{\n  margin-bottom:8px;\n}\n<\/style>\n\n<div class=\"osteo-accordion\">\n  <details>\n    <summary>Version texte court<\/summary>\n\n    <div class=\"osteo-accordion-content\">\n\n      <h2><span class=\"ez-toc-section\" id=\"Tete_vers_lavant_version_courte\"><\/span>T\u00eate vers l\u2019avant : version courte<span class=\"ez-toc-section-end\"><\/span><\/h2>\n\n      <p>Une posture o\u00f9 la t\u00eate avance devant les \u00e9paules est fr\u00e9quente, surtout avec le travail sur \u00e9cran, le t\u00e9l\u00e9phone ou les longues positions assises. On parle souvent de t\u00eate vers l\u2019avant ou d\u2019ant\u00e9projection de la t\u00eate. Avec le temps, cette posture peut augmenter les contraintes sur le cou, les \u00e9paules, la m\u00e2choire et le haut du dos, favorisant douleurs et fatigue posturale.<\/p>\n\n      <h3><span class=\"ez-toc-section\" id=\"Symptomes_frequents\"><\/span>Sympt\u00f4mes fr\u00e9quents<span class=\"ez-toc-section-end\"><\/span><\/h3>\n      <ul>\n        <li>Douleurs cervicales<\/li>\n        <li>Raideur du cou<\/li>\n        <li>Tension dans les trap\u00e8zes<\/li>\n        <li>Maux de t\u00eate<\/li>\n        <li>Fatigue posturale<\/li>\n        <li>\u00c9paules arrondies<\/li>\n        <li>G\u00eane entre les omoplates<\/li>\n        <li>Mobilit\u00e9 r\u00e9duite du cou<\/li>\n        <li>Sensation de posture affaiss\u00e9e<\/li>\n        <li>Parfois vertiges ou fatigue visuelle<\/li>\n      <\/ul>\n\n      <h3><span class=\"ez-toc-section\" id=\"Causes_possibles\"><\/span>Causes possibles<span class=\"ez-toc-section-end\"><\/span><\/h3>\n      <p>Plusieurs facteurs peuvent favoriser cette posture :<\/p>\n      <ul>\n        <li>Travail prolong\u00e9 sur \u00e9cran<\/li>\n        <li>Utilisation fr\u00e9quente du t\u00e9l\u00e9phone<\/li>\n        <li>Mauvaise ergonomie<\/li>\n        <li>Faiblesse des muscles profonds du cou<\/li>\n        <li>Raideur thoracique<\/li>\n        <li>\u00c9paules enroul\u00e9es vers l\u2019avant<\/li>\n        <li>Stress chronique<\/li>\n        <li>Habitudes posturales r\u00e9p\u00e9t\u00e9es<\/li>\n        <li>Manque d\u2019activit\u00e9 physique<\/li>\n      <\/ul>\n\n      <h3><span class=\"ez-toc-section\" id=\"Comment_poser_le_diagnostic\"><\/span>Comment poser le diagnostic ?<span class=\"ez-toc-section-end\"><\/span><\/h3>\n      <p>Le diagnostic repose surtout sur :<\/p>\n      <ul>\n        <li>Observation de la posture<\/li>\n        <li>Examen clinique<\/li>\n        <li>Analyse de l\u2019alignement t\u00eate-\u00e9paules<\/li>\n        <li>Mobilit\u00e9 cervicale et thoracique<\/li>\n        <li>\u00c9valuation musculaire<\/li>\n        <li>Habitudes de travail et de vie<\/li>\n        <li>Parfois imagerie si douleur persistante ou signes associ\u00e9s<\/li>\n      <\/ul>\n\n      <h3><span class=\"ez-toc-section\" id=\"Comment_corriger\"><\/span>Comment corriger ?<span class=\"ez-toc-section-end\"><\/span><\/h3>\n      <p>La prise en charge peut inclure :<\/p>\n      <ul>\n        <li>Ajustement du poste de travail<\/li>\n        <li>Pauses r\u00e9guli\u00e8res<\/li>\n        <li>Exercices de r\u00e9traction cervicale<\/li>\n        <li>Renforcement du haut du dos<\/li>\n        <li>Mobilit\u00e9 thoracique<\/li>\n        <li>\u00c9tirements des pectoraux<\/li>\n        <li>Activit\u00e9 physique r\u00e9guli\u00e8re<\/li>\n        <li>Gestion du stress<\/li>\n        <li>Reprise graduelle des bonnes habitudes<\/li>\n      <\/ul>\n\n      <h3><span class=\"ez-toc-section\" id=\"Place_de_losteopathie\"><\/span>Place de l\u2019ost\u00e9opathie<span class=\"ez-toc-section-end\"><\/span><\/h3>\n      <p>L\u2019ost\u00e9opathie peut aider \u00e0 r\u00e9duire certaines contraintes m\u00e9caniques en travaillant sur :<\/p>\n      <ul>\n        <li>Mobilit\u00e9 cervicale<\/li>\n        <li>Colonne thoracique<\/li>\n        <li>\u00c9paules et cage thoracique<\/li>\n        <li>Tensions musculaires associ\u00e9es<\/li>\n        <li>Respiration<\/li>\n        <li>Posture globale<\/li>\n        <li>Qualit\u00e9 du mouvement<\/li>\n        <li>Conseils ergonomiques<\/li>\n      <\/ul>\n\n      <h3><span class=\"ez-toc-section\" id=\"Quand_consulter_rapidement\"><\/span>Quand consulter rapidement ?<span class=\"ez-toc-section-end\"><\/span><\/h3>\n      <p>Consultez sans tarder si vous avez :<\/p>\n      <ul>\n        <li>Faiblesse d\u2019un bras<\/li>\n        <li>Engourdissement important<\/li>\n        <li>Douleur apr\u00e8s traumatisme<\/li>\n        <li>Maux de t\u00eate inhabituels et intenses<\/li>\n        <li>Vertiges marqu\u00e9s<\/li>\n        <li>Troubles de la vision<\/li>\n        <li>Douleur nocturne persistante<\/li>\n        <li>Aggravation rapide des sympt\u00f4mes<\/li>\n      <\/ul>\n\n      <h3><span class=\"ez-toc-section\" id=\"En_resume\"><\/span>En r\u00e9sum\u00e9<span class=\"ez-toc-section-end\"><\/span><\/h3>\n      <p>La t\u00eate vers l\u2019avant est fr\u00e9quente mais souvent corrigeable. Lorsqu\u2019elle est reconnue t\u00f4t, une approche combinant exercices, ergonomie et traitement adapt\u00e9 permet souvent de r\u00e9duire les douleurs et d\u2019am\u00e9liorer durablement la posture.<\/p>\n\n    <\/div>\n  <\/details>\n<\/div>\n\n\n\n<h2 class=\"wp-block-heading\" id=\"h-qu-est-ce-que-la-tete-vers-l-avant\"><span class=\"ez-toc-section\" id=\"Quest-ce_que_la_tete_vers_lavant\"><\/span><strong>Qu\u2019est-ce que la t\u00eate vers l\u2019avant ?<\/strong><span class=\"ez-toc-section-end\"><\/span><\/h2>\n\n\n\n<p>Douleurs cervicales r\u00e9currentes, maux de t\u00eate en fin de journ\u00e9e, nuque tendue apr\u00e8s plusieurs heures devant un \u00e9cran ou inconfort apr\u00e8s l\u2019utilisation prolong\u00e9e du t\u00e9l\u00e9phone : ces sympt\u00f4mes sont souvent li\u00e9s \u00e0 un probl\u00e8me postural devenu extr\u00eamement fr\u00e9quent, la t\u00eate vers l\u2019avant. Cette posture appara\u00eet lorsque la t\u00eate se d\u00e9place progressivement devant l\u2019axe naturel du corps, augmentant la charge sur le cou, les \u00e9paules et le haut du dos.<\/p>\n\n\n\n<p>En position id\u00e9ale, l\u2019oreille, l\u2019\u00e9paule, la hanche et la cheville devraient s\u2019aligner de fa\u00e7on harmonieuse lorsqu\u2019on observe la personne de profil. Lorsque la t\u00eate glisse vers l\u2019avant, cet \u00e9quilibre se modifie. M\u00eame quelques centim\u00e8tres de d\u00e9placement suffisent pour accro\u00eetre fortement les contraintes m\u00e9caniques sur la colonne cervicale et sur les muscles charg\u00e9s de soutenir la t\u00eate.<\/p>\n\n\n\n<p>Le mode de vie moderne explique en grande partie cette \u00e9volution. Le travail prolong\u00e9 sur ordinateur, l\u2019usage r\u00e9p\u00e9t\u00e9 du t\u00e9l\u00e9phone mobile, les tablettes, la s\u00e9dentarit\u00e9 et les postes de travail mal ajust\u00e9s favorisent peu \u00e0 peu cette position. Avec le temps, le corps s\u2019y adapte et la consid\u00e8re comme normale, m\u00eame lorsqu\u2019elle devient source de tension ou de douleur.<\/p>\n\n\n\n<p>La t\u00eate vers l\u2019avant ne se limite pas \u00e0 un aspect esth\u00e9tique. Elle peut contribuer \u00e0 des douleurs cervicales, des c\u00e9phal\u00e9es, une raideur de la nuque, des tensions entre les omoplates, une respiration moins efficace, de la fatigue et parfois des troubles de la m\u00e2choire. Chez certaines personnes, elle s\u2019accompagne d\u2019\u00e9paules arrondies et d\u2019une posture g\u00e9n\u00e9rale plus ferm\u00e9e.<\/p>\n\n\n\n<p>La bonne nouvelle est qu\u2019il est g\u00e9n\u00e9ralement possible de corriger cette situation. En combinant une meilleure ergonomie, des exercices cibl\u00e9s, un travail de mobilit\u00e9, un renforcement musculaire adapt\u00e9 et une prise de conscience posturale, le corps peut retrouver un alignement plus confortable et plus efficace. Comprendre la t\u00eate vers l\u2019avant est la premi\u00e8re \u00e9tape pour r\u00e9duire la douleur et pr\u00e9venir les r\u00e9cidives.<\/p>\n\n\n\n<h2 class=\"wp-block-heading\" id=\"h-causes-courantes\"><span class=\"ez-toc-section\" id=\"Causes_courantes\"><\/span><strong>Causes courantes <\/strong><span class=\"ez-toc-section-end\"><\/span><\/h2>\n\n\n\n<p>La posture de la t\u00eate vers l\u2019avant appara\u00eet rarement \u00e0 cause d\u2019un seul facteur. Elle r\u00e9sulte le plus souvent d\u2019une accumulation d\u2019habitudes quotidiennes, de contraintes m\u00e9caniques et d\u2019adaptations progressives du corps. L\u2019une des causes les plus fr\u00e9quentes est l\u2019usage prolong\u00e9 des \u00e9crans. Travailler devant un ordinateur portable, regarder un t\u00e9l\u00e9phone mobile pendant de longues p\u00e9riodes ou utiliser une tablette avec la t\u00eate pench\u00e9e vers le bas favorise un glissement progressif de la t\u00eate en avant. Avec le temps, cette position devient automatique et le corps la consid\u00e8re comme normale. La s\u00e9dentarit\u00e9 joue \u00e9galement un r\u00f4le important. Lorsqu\u2019une personne bouge peu, les muscles stabilisateurs du tronc, des omoplates et du cou deviennent moins efficaces, ce qui facilite l\u2019effondrement postural et l\u2019enroulement des \u00e9paules. Une mauvaise ergonomie accentue souvent le probl\u00e8me : \u00e9cran trop bas, chaise mal ajust\u00e9e, bureau inad\u00e9quat ou absence de pauses r\u00e9guli\u00e8res poussent le corps \u00e0 compenser en adoptant une posture inefficace. Les d\u00e9s\u00e9quilibres musculaires sont aussi tr\u00e8s fr\u00e9quents. Les muscles pectoraux, les trap\u00e8zes sup\u00e9rieurs et certains muscles du cou peuvent devenir raccourcis et dominants, tandis que les fl\u00e9chisseurs cervicaux profonds, les rhombo\u00efdes et les stabilisateurs scapulaires s\u2019affaiblissent progressivement. Cette asym\u00e9trie musculaire entretient la projection de la t\u00eate vers l\u2019avant. Le stress chronique constitue un autre facteur majeur. Sous tension, le corps adopte souvent une posture de vigilance : \u00e9paules relev\u00e9es, nuque crisp\u00e9e, respiration haute et t\u00eate avanc\u00e9e. Lorsque cet \u00e9tat se r\u00e9p\u00e8te jour apr\u00e8s jour, il peut se transformer en sch\u00e9ma postural durable. La respiration joue \u00e9galement un r\u00f4le important. Une respiration thoracique superficielle, avec surutilisation des muscles accessoires du cou, favorise les tensions cervicales et contribue \u00e0 sortir la t\u00eate de son axe naturel. Certaines conditions anatomiques ou fonctionnelles peuvent aussi intervenir, comme une cyphose thoracique accentu\u00e9e, une perte de mobilit\u00e9 dorsale, des troubles de la m\u00e2choire, une faiblesse g\u00e9n\u00e9rale ou des compensations li\u00e9es aux hanches et aux pieds. Enfin, chez les enfants et les adolescents, l\u2019exposition pr\u00e9coce aux \u00e9crans et le manque de mouvement augmentent la fr\u00e9quence de cette posture d\u00e8s le plus jeune \u00e2ge. La t\u00eate vers l\u2019avant est donc moins un probl\u00e8me isol\u00e9 qu\u2019un reflet du mode de vie moderne, o\u00f9 habitudes, environnement et tensions internes influencent profond\u00e9ment l\u2019organisation corporelle.<\/p>\n\n\n\n<h2 class=\"wp-block-heading\"><span class=\"ez-toc-section\" id=\"Symptomes_de_la_posture_de_la_tete_vers_lavant\"><\/span><strong>Sympt\u00f4mes de la posture de la t\u00eate vers l\u2019avant<\/strong><span class=\"ez-toc-section-end\"><\/span><\/h2>\n\n\n\n<p>Les sympt\u00f4mes de la posture de la t\u00eate vers l\u2019avant peuvent appara\u00eetre progressivement et passer inaper\u00e7us au d\u00e9but. Chez plusieurs personnes, le premier signe est une <strong>tension chronique dans la nuque et les \u00e9paules<\/strong>, surtout en fin de journ\u00e9e ou apr\u00e8s de longues heures devant un \u00e9cran. Les muscles cervicaux post\u00e9rieurs travaillent constamment pour soutenir la t\u00eate avanc\u00e9e, ce qui favorise raideur, fatigue musculaire et sensation de cou \u201cbloqu\u00e9\u201d. Des <strong>douleurs cervicales r\u00e9currentes<\/strong> sont fr\u00e9quentes, parfois accompagn\u00e9es de craquements ou d\u2019une diminution de la mobilit\u00e9 lorsque l\u2019on tourne la t\u00eate ou que l\u2019on regarde vers le haut.<\/p>\n\n\n\n<p>Les <strong>maux de t\u00eate<\/strong> constituent un autre sympt\u00f4me courant. La tension des muscles sous-occipitaux, situ\u00e9s \u00e0 la base du cr\u00e2ne, peut provoquer des c\u00e9phal\u00e9es partant de la nuque vers les tempes, le front ou derri\u00e8re les yeux. Certaines personnes ressentent aussi une pression cr\u00e2nienne, une fatigue mentale ou une difficult\u00e9 \u00e0 rester concentr\u00e9es longtemps.<\/p>\n\n\n\n<p>La posture de la t\u00eate vers l\u2019avant s\u2019accompagne souvent de <strong>douleurs entre les omoplates<\/strong> ou dans le haut du dos. Lorsque les \u00e9paules s\u2019enroulent vers l\u2019avant, les muscles interscapulaires se fatiguent et deviennent sensibles. Une sensation de br\u00fblure entre les \u00e9paules apr\u00e8s le travail assis est fr\u00e9quente. \u00c0 plus long terme, cette posture peut contribuer \u00e0 une g\u00eane thoracique ou \u00e0 une respiration moins confortable.<\/p>\n\n\n\n<p>Plusieurs personnes remarquent \u00e9galement une <strong>fatigue accrue<\/strong>. Une posture inefficace demande plus d\u2019\u00e9nergie au corps pour maintenir l\u2019\u00e9quilibre. Si la respiration devient plus superficielle, cette fatigue peut \u00eatre encore plus marqu\u00e9e, surtout lors d\u2019efforts ou en p\u00e9riode de stress.<\/p>\n\n\n\n<p>Des <strong>sympt\u00f4mes neurologiques<\/strong> peuvent parfois appara\u00eetre : fourmillements dans les bras, sensation de lourdeur, irradiation vers l\u2019\u00e9paule ou le membre sup\u00e9rieur. Ces manifestations n\u00e9cessitent une \u00e9valuation plus pouss\u00e9e, car elles peuvent refl\u00e9ter une irritation cervicale ou un autre probl\u00e8me associ\u00e9.<\/p>\n\n\n\n<p>La <strong>m\u00e2choire<\/strong> peut aussi \u00eatre touch\u00e9e. Certaines personnes d\u00e9veloppent des tensions de l\u2019articulation temporo-mandibulaire (ATM), des serrements de dents, des claquements ou une fatigue des muscles masticateurs. Le lien entre posture cervicale et m\u00e2choire est fr\u00e9quent, car ces r\u00e9gions fonctionnent en synergie.<\/p>\n\n\n\n<p>Sur le plan visuel et vestibulaire, certaines personnes d\u00e9crivent une <strong>fatigue oculaire<\/strong>, une difficult\u00e9 \u00e0 soutenir le regard longtemps sur un \u00e9cran, des sensations de vertige l\u00e9ger ou d\u2019instabilit\u00e9. Ces sympt\u00f4mes ne sont pas syst\u00e9matiques, mais ils peuvent accompagner les tensions cervico-thoraciques.<\/p>\n\n\n\n<p>Enfin, il existe aussi des signes visibles : t\u00eate projet\u00e9e vers l\u2019avant, \u00e9paules arrondies, thorax affaiss\u00e9, menton avanc\u00e9 et impression g\u00e9n\u00e9rale de posture ferm\u00e9e. Ces changements ne sont pas seulement esth\u00e9tiques : ils traduisent souvent une adaptation corporelle prolong\u00e9e qui m\u00e9rite d\u2019\u00eatre corrig\u00e9e progressivement.<\/p>\n\n\n\n<h2 class=\"wp-block-heading\"><span class=\"ez-toc-section\" id=\"Impact_sur_la_respiration_et_le_systeme_nerveux\"><\/span><strong>Impact sur la respiration et le syst\u00e8me nerveux<\/strong><span class=\"ez-toc-section-end\"><\/span><\/h2>\n\n\n\n<p>La posture de la t\u00eate vers l\u2019avant ne modifie pas seulement l\u2019alignement du cou et des \u00e9paules. Elle influence aussi la respiration et l\u2019\u00e9quilibre du syst\u00e8me nerveux autonome. Lorsque la t\u00eate se projette vers l\u2019avant, elle s\u2019accompagne souvent d\u2019un thorax affaiss\u00e9, d\u2019\u00e9paules enroul\u00e9es et d\u2019une mobilit\u00e9 r\u00e9duite de la cage thoracique. Cette configuration limite l\u2019expansion naturelle des c\u00f4tes et favorise une respiration plus superficielle, centr\u00e9e sur le haut du thorax plut\u00f4t que sur le diaphragme.<\/p>\n\n\n\n<p>Dans une respiration optimale, le diaphragme descend librement \u00e0 l\u2019inspiration et participe \u00e0 une ventilation efficace. Avec une posture ferm\u00e9e, ce mouvement devient moins ample. Le corps compense alors en sollicitant davantage les <strong>muscles accessoires de la respiration<\/strong>, comme les scal\u00e8nes, les sterno-cl\u00e9ido-masto\u00efdiens et les trap\u00e8zes sup\u00e9rieurs. Ces muscles, situ\u00e9s autour du cou et des \u00e9paules, ne sont pas con\u00e7us pour travailler en permanence. Leur surutilisation entretient les tensions cervicales, la fatigue musculaire et parfois les douleurs chroniques.<\/p>\n\n\n\n<p>Une respiration haute et rapide est aussi fr\u00e9quemment associ\u00e9e \u00e0 un \u00e9tat de <strong>vigilance physiologique accrue<\/strong>. Le syst\u00e8me nerveux sympathique, impliqu\u00e9 dans la r\u00e9ponse au stress, peut devenir dominant lorsque le corps reste dans une posture de tension prolong\u00e9e. La personne se sent alors plus tendue, plus fatigu\u00e9e, moins r\u00e9cup\u00e9r\u00e9e ou plus sensible au stress quotidien. Cela ne signifie pas que la posture est l\u2019unique cause de l\u2019anxi\u00e9t\u00e9 ou de la fatigue, mais elle peut y contribuer en maintenant un environnement corporel moins favorable \u00e0 la d\u00e9tente.<\/p>\n\n\n\n<p>\u00c0 l\u2019inverse, une respiration plus ample, lente et diaphragmatique favorise g\u00e9n\u00e9ralement l\u2019activation du <strong>syst\u00e8me parasympathique<\/strong>, associ\u00e9 au repos, \u00e0 la r\u00e9cup\u00e9ration et \u00e0 la digestion. C\u2019est pourquoi la correction posturale s\u2019accompagne souvent d\u2019un travail respiratoire : redonner de la mobilit\u00e9 au thorax, lib\u00e9rer les tensions du cou et restaurer une meilleure coordination entre souffle et posture.<\/p>\n\n\n\n<p>Certaines personnes pr\u00e9sentant une t\u00eate vers l\u2019avant d\u00e9crivent \u00e9galement des sympt\u00f4mes fonctionnels comme oppression thoracique, sensation de manquer d\u2019air, soupirs fr\u00e9quents, fatigue mentale ou difficult\u00e9 \u00e0 se concentrer. Ces manifestations peuvent avoir plusieurs causes, mais la m\u00e9canique respiratoire alt\u00e9r\u00e9e en fait parfois partie.<\/p>\n\n\n\n<p>Le lien entre posture et syst\u00e8me nerveux passe aussi par la <strong>proprioception<\/strong>, c\u2019est-\u00e0-dire les informations que les muscles et articulations envoient au cerveau sur la position du corps. Les muscles cervicaux jouent un r\u00f4le important dans cet \u00e9quilibre sensoriel. Lorsqu\u2019ils sont tendus ou d\u00e9sorganis\u00e9s, certaines personnes peuvent ressentir une impression d\u2019instabilit\u00e9, de vertige l\u00e9ger ou de flottement.<\/p>\n\n\n\n<p>En r\u00e9sum\u00e9, la t\u00eate vers l\u2019avant peut cr\u00e9er un cercle vicieux : posture ferm\u00e9e, respiration limit\u00e9e, tensions accrues, fatigue et stress major\u00e9. \u00c0 l\u2019inverse, am\u00e9liorer l\u2019alignement corporel et la qualit\u00e9 respiratoire aide souvent le syst\u00e8me nerveux \u00e0 retrouver un \u00e9tat plus stable et plus r\u00e9cup\u00e9rateur.<\/p>\n\n\n\n<div class=\"wp-block-columns is-layout-flex wp-container-core-columns-is-layout-9d6595d7 wp-block-columns-is-layout-flex\">\n<div class=\"wp-block-column is-layout-flow wp-block-column-is-layout-flow\" style=\"flex-basis:50%\"><div class=\"wp-block-image\">\n<figure class=\"aligncenter size-large is-resized\"><img decoding=\"async\" width=\"757\" height=\"1030\" src=\"https:\/\/osteomag.ca\/wp-content\/uploads\/2024\/09\/Domino-effect-of-forward-head-posture-2-2-757x1030.webp\" alt=\"\" class=\"wp-image-56708\" style=\"aspect-ratio:0.7349644830307813;width:463px;height:auto\" srcset=\"https:\/\/osteomag.ca\/wp-content\/uploads\/2024\/09\/Domino-effect-of-forward-head-posture-2-2-757x1030.webp 757w, https:\/\/osteomag.ca\/wp-content\/uploads\/2024\/09\/Domino-effect-of-forward-head-posture-2-2-298x405.webp 298w, https:\/\/osteomag.ca\/wp-content\/uploads\/2024\/09\/Domino-effect-of-forward-head-posture-2-2-59x80.webp 59w, https:\/\/osteomag.ca\/wp-content\/uploads\/2024\/09\/Domino-effect-of-forward-head-posture-2-2-768x1046.webp 768w, https:\/\/osteomag.ca\/wp-content\/uploads\/2024\/09\/Domino-effect-of-forward-head-posture-2-2-309x420.webp 309w, https:\/\/osteomag.ca\/wp-content\/uploads\/2024\/09\/Domino-effect-of-forward-head-posture-2-2-150x204.webp 150w, https:\/\/osteomag.ca\/wp-content\/uploads\/2024\/09\/Domino-effect-of-forward-head-posture-2-2-300x408.webp 300w, https:\/\/osteomag.ca\/wp-content\/uploads\/2024\/09\/Domino-effect-of-forward-head-posture-2-2-600x817.webp 600w, https:\/\/osteomag.ca\/wp-content\/uploads\/2024\/09\/Domino-effect-of-forward-head-posture-2-2-696x947.webp 696w, https:\/\/osteomag.ca\/wp-content\/uploads\/2024\/09\/Domino-effect-of-forward-head-posture-2-2.webp 1024w\" sizes=\"(max-width: 757px) 100vw, 757px\" \/><figcaption class=\"wp-element-caption\"><br><\/figcaption><\/figure>\n<\/div><\/div>\n\n\n\n<div class=\"wp-block-column is-vertically-aligned-center is-layout-flow wp-block-column-is-layout-flow\" style=\"flex-basis:50%\">\n<h2><span class=\"ez-toc-section\" id=\"Leffet_Domino_de_la_Posture_de_la_Tete_Vers_lAvant_Un_Desequilibre_Global\"><\/span><strong>L\u2019effet Domino de la Posture de la T\u00eate Vers l\u2019Avant : Un D\u00e9s\u00e9quilibre Global<\/strong><span class=\"ez-toc-section-end\"><\/span><\/h2>\n\n<p>La posture de la t\u00eate vers l\u2019avant, souvent observ\u00e9e chez les personnes passant de longues heures devant un \u00e9cran ou utilisant des appareils mobiles, peut entra\u00eener une s\u00e9rie de compensations corporelles ayant des r\u00e9percussions importantes sur la sant\u00e9 musculo-squelettique. Cette image illustre parfaitement l\u2019effet domino d\u00e9clench\u00e9 par cette posture d\u00e9viante.<\/p>\n\n<h3><span class=\"ez-toc-section\" id=\"Etape_1_La_tete_projetee_vers_lavant\"><\/span><strong>\u00c9tape 1 : La t\u00eate projet\u00e9e vers l\u2019avant<\/strong><span class=\"ez-toc-section-end\"><\/span><\/h3>\n<p>Lorsque la t\u00eate se projette vers l\u2019avant, son poids exerce une pression accrue sur la colonne cervicale. Cette position d\u00e9place le centre de gravit\u00e9 vers l\u2019avant, augmentant ainsi la tension sur les muscles du cou, des \u00e9paules et du haut du dos.<\/p>\n\n<h3><span class=\"ez-toc-section\" id=\"Etape_2_Compensation_par_le_haut_du_corps\"><\/span><strong>\u00c9tape 2 : Compensation par le haut du corps<\/strong><span class=\"ez-toc-section-end\"><\/span><\/h3>\n<p>Pour compenser cet exc\u00e8s de poids vers l\u2019avant, le haut du corps se penche l\u00e9g\u00e8rement vers l\u2019arri\u00e8re. Ce d\u00e9salignement cr\u00e9e une tension excessive dans la r\u00e9gion thoracique et lombaire, contribuant \u00e0 des douleurs dorsales chroniques.<\/p>\n\n<h3><span class=\"ez-toc-section\" id=\"Etape_3_Basculement_des_hanches\"><\/span><strong>\u00c9tape 3 : Basculement des hanches<\/strong><span class=\"ez-toc-section-end\"><\/span><\/h3>\n<p>Enfin, pour maintenir l\u2019\u00e9quilibre g\u00e9n\u00e9ral, les hanches basculent vers l\u2019avant, modifiant la courbure lombaire (hyperlordose) et augmentant la charge sur les muscles et les articulations de la r\u00e9gion pelvienne. Ce d\u00e9salignement global peut entra\u00eener des douleurs lombaires, une raideur musculaire et des troubles posturaux chroniques.<\/p>\n<\/div>\n<\/div>\n\n\n\n<h2 class=\"wp-block-heading\"><span class=\"ez-toc-section\" id=\"Impact_sur_la_respiration_et_le_systeme_nerveux-2\"><\/span><strong>Impact sur la respiration et le syst\u00e8me nerveux<\/strong><span class=\"ez-toc-section-end\"><\/span><\/h2>\n\n\n\n<p>La posture de la t\u00eate vers l\u2019avant ne modifie pas seulement l\u2019alignement du cou et des \u00e9paules. Elle influence aussi la respiration et l\u2019\u00e9quilibre du syst\u00e8me nerveux autonome. Lorsque la t\u00eate se projette vers l\u2019avant, elle s\u2019accompagne souvent d\u2019un thorax affaiss\u00e9, d\u2019\u00e9paules enroul\u00e9es et d\u2019une mobilit\u00e9 r\u00e9duite de la cage thoracique. Cette configuration limite l\u2019expansion naturelle des c\u00f4tes et favorise une respiration plus superficielle, centr\u00e9e sur le haut du thorax plut\u00f4t que sur le diaphragme.<\/p>\n\n\n\n<p>Dans une respiration optimale, le diaphragme descend librement \u00e0 l\u2019inspiration et participe \u00e0 une ventilation efficace. Avec une posture ferm\u00e9e, ce mouvement devient moins ample. Le corps compense alors en sollicitant davantage les <strong>muscles accessoires de la respiration<\/strong>, comme les scal\u00e8nes, les sterno-cl\u00e9ido-masto\u00efdiens et les trap\u00e8zes sup\u00e9rieurs. Ces muscles, situ\u00e9s autour du cou et des \u00e9paules, ne sont pas con\u00e7us pour travailler en permanence. Leur surutilisation entretient les tensions cervicales, la fatigue musculaire et parfois les douleurs chroniques.<\/p>\n\n\n\n<p>Une respiration haute et rapide est aussi fr\u00e9quemment associ\u00e9e \u00e0 un \u00e9tat de <strong>vigilance physiologique accrue<\/strong>. Le syst\u00e8me nerveux sympathique, impliqu\u00e9 dans la r\u00e9ponse au stress, peut devenir dominant lorsque le corps reste dans une posture de tension prolong\u00e9e. La personne se sent alors plus tendue, plus fatigu\u00e9e, moins r\u00e9cup\u00e9r\u00e9e ou plus sensible au stress quotidien. Cela ne signifie pas que la posture est l\u2019unique cause de l\u2019anxi\u00e9t\u00e9 ou de la fatigue, mais elle peut y contribuer en maintenant un environnement corporel moins favorable \u00e0 la d\u00e9tente.<\/p>\n\n\n\n<p>\u00c0 l\u2019inverse, une respiration plus ample, lente et diaphragmatique favorise g\u00e9n\u00e9ralement l\u2019activation du <strong>syst\u00e8me parasympathique<\/strong>, associ\u00e9 au repos, \u00e0 la r\u00e9cup\u00e9ration et \u00e0 la digestion. C\u2019est pourquoi la correction posturale s\u2019accompagne souvent d\u2019un travail respiratoire : redonner de la mobilit\u00e9 au thorax, lib\u00e9rer les tensions du cou et restaurer une meilleure coordination entre souffle et posture.<\/p>\n\n\n\n<p>Certaines personnes pr\u00e9sentant une t\u00eate vers l\u2019avant d\u00e9crivent \u00e9galement des sympt\u00f4mes fonctionnels comme oppression thoracique, sensation de manquer d\u2019air, soupirs fr\u00e9quents, fatigue mentale ou difficult\u00e9 \u00e0 se concentrer. Ces manifestations peuvent avoir plusieurs causes, mais la m\u00e9canique respiratoire alt\u00e9r\u00e9e en fait parfois partie.<\/p>\n\n\n\n<p>Le lien entre posture et syst\u00e8me nerveux passe aussi par la <strong>proprioception<\/strong>, c\u2019est-\u00e0-dire les informations que les muscles et articulations envoient au cerveau sur la position du corps. Les muscles cervicaux jouent un r\u00f4le important dans cet \u00e9quilibre sensoriel. Lorsqu\u2019ils sont tendus ou d\u00e9sorganis\u00e9s, certaines personnes peuvent ressentir une impression d\u2019instabilit\u00e9, de vertige l\u00e9ger ou de flottement.<\/p>\n\n\n\n<p>En r\u00e9sum\u00e9, la t\u00eate vers l\u2019avant peut cr\u00e9er un cercle vicieux : posture ferm\u00e9e, respiration limit\u00e9e, tensions accrues, fatigue et stress major\u00e9. \u00c0 l\u2019inverse, am\u00e9liorer l\u2019alignement corporel et la qualit\u00e9 respiratoire aide souvent le syst\u00e8me nerveux \u00e0 retrouver un \u00e9tat plus stable et plus r\u00e9cup\u00e9rateur.<\/p>\n\n\n\n<figure class=\"wp-block-table\"><table class=\"has-fixed-layout\"><thead><tr><th>Aspect<\/th><th>Effet possible de la t\u00eate vers l\u2019avant<\/th><th>Cons\u00e9quence fr\u00e9quente<\/th><th>Piste de correction<\/th><\/tr><\/thead><tbody><tr><td><strong>Cage thoracique<\/strong><\/td><td>Thorax affaiss\u00e9, mobilit\u00e9 r\u00e9duite<\/td><td>Respiration moins ample<\/td><td>Mobilit\u00e9 thoracique, ouverture posturale<\/td><\/tr><tr><td><strong>Diaphragme<\/strong><\/td><td>Mouvement moins efficace<\/td><td>Souffle court, fatigue<\/td><td>Respiration diaphragmatique<\/td><\/tr><tr><td><strong>Muscles accessoires<\/strong><\/td><td>Surutilisation des scal\u00e8nes, SCM, trap\u00e8zes<\/td><td>Tensions cou\/\u00e9paules<\/td><td>Rel\u00e2chement + r\u00e9\u00e9ducation respiratoire<\/td><\/tr><tr><td><strong>Syst\u00e8me nerveux sympathique<\/strong><\/td><td>\u00c9tat de vigilance prolong\u00e9<\/td><td>Stress, tension, agitation<\/td><td>Respiration lente, r\u00e9cup\u00e9ration<\/td><\/tr><tr><td><strong>Syst\u00e8me parasympathique<\/strong><\/td><td>Activation moins efficace<\/td><td>Sommeil moins r\u00e9parateur, digestion perturb\u00e9e<\/td><td>Exhalation prolong\u00e9e, d\u00e9tente corporelle<\/td><\/tr><tr><td><strong>Proprioception cervicale<\/strong><\/td><td>Signaux sensoriels perturb\u00e9s<\/td><td>Instabilit\u00e9, vertige l\u00e9ger<\/td><td>Travail cervical doux, \u00e9quilibre<\/td><\/tr><tr><td><strong>\u00c9nergie globale<\/strong><\/td><td>D\u00e9pense posturale augment\u00e9e<\/td><td>Fatigue en fin de journ\u00e9e<\/td><td>Renforcement + ergonomie<\/td><\/tr><tr><td><strong>Concentration<\/strong><\/td><td>Respiration inefficace + inconfort postural<\/td><td>Baisse d\u2019attention, brouillard mental<\/td><td>Pauses actives, posture dynamique<\/td><\/tr><\/tbody><\/table><\/figure>\n\n\n\n<h2 class=\"wp-block-heading\"><span class=\"ez-toc-section\" id=\"Evaluation_clinique_de_la_posture_de_la_tete_vers_lavant\"><\/span><strong>\u00c9valuation clinique de la posture de la t\u00eate vers l\u2019avant<\/strong><span class=\"ez-toc-section-end\"><\/span><\/h2>\n\n\n\n<p>Avant de corriger une posture de la t\u00eate vers l\u2019avant, il est essentiel de l\u2019\u00e9valuer de fa\u00e7on pr\u00e9cise. L\u2019objectif n\u2019est pas seulement de constater que la t\u00eate est projet\u00e9e vers l\u2019avant, mais de comprendre <strong>pourquoi<\/strong> cette adaptation s\u2019est install\u00e9e, quelles structures compensent et quelles fonctions sont perturb\u00e9es. Une bonne \u00e9valuation oriente le traitement et \u00e9vite de se limiter \u00e0 une simple correction esth\u00e9tique.<\/p>\n\n\n\n<p>La premi\u00e8re \u00e9tape repose sur l\u2019<strong>observation posturale globale<\/strong>. Vue de profil, on examine l\u2019alignement entre l\u2019oreille, l\u2019\u00e9paule, la hanche, le genou et la cheville. Lorsque la t\u00eate est avanc\u00e9e, le tragus de l\u2019oreille se situe en avant de l\u2019\u00e9paule. On observe aussi la position des \u00e9paules, la courbure thoracique, la lordose lombaire et la posture g\u00e9n\u00e9rale du corps. Une t\u00eate vers l\u2019avant s\u2019accompagne souvent d\u2019\u00e9paules arrondies et d\u2019un thorax affaiss\u00e9.<\/p>\n\n\n\n<p>L\u2019\u00e9valuation comprend ensuite les <strong>tests de mobilit\u00e9 cervicale<\/strong>. On v\u00e9rifie la flexion, l\u2019extension, les rotations et les inclinaisons lat\u00e9rales du cou. Une diminution de l\u2019extension, une rotation asym\u00e9trique ou une raideur douloureuse sont fr\u00e9quentes. La colonne thoracique doit \u00e9galement \u00eatre \u00e9valu\u00e9e, car une raideur dorsale limite souvent la capacit\u00e9 du corps \u00e0 redresser naturellement la t\u00eate.<\/p>\n\n\n\n<p>La <strong>palpation musculaire et articulaire<\/strong> apporte des informations importantes. Les muscles sous-occipitaux, les trap\u00e8zes sup\u00e9rieurs, les scal\u00e8nes et l\u2019\u00e9l\u00e9vateur de la scapula sont souvent tendus et sensibles. \u00c0 l\u2019inverse, les fl\u00e9chisseurs cervicaux profonds et certains stabilisateurs scapulaires peuvent \u00eatre faibles ou peu recrut\u00e9s. Identifier ce d\u00e9s\u00e9quilibre aide \u00e0 construire un programme de r\u00e9\u00e9ducation pertinent.<\/p>\n\n\n\n<p>L\u2019analyse de la <strong>respiration<\/strong> est \u00e9galement utile. Une respiration haute avec \u00e9l\u00e9vation des \u00e9paules, une mobilit\u00e9 thoracique r\u00e9duite ou une faible expansion abdominale peuvent indiquer que la posture influence d\u00e9j\u00e0 la m\u00e9canique respiratoire. Chez plusieurs personnes, corriger la posture sans corriger la respiration donne des r\u00e9sultats incomplets.<\/p>\n\n\n\n<p>Une \u00e9valuation fonctionnelle observe aussi les <strong>habitudes quotidiennes<\/strong> : temps pass\u00e9 devant les \u00e9crans, poste de travail, fa\u00e7on de conduire, position de sommeil, activit\u00e9 physique, niveau de stress. Ces facteurs expliquent souvent pourquoi la posture persiste malgr\u00e9 les efforts.<\/p>\n\n\n\n<p>Des <strong>tests sp\u00e9cifiques<\/strong> peuvent \u00eatre utilis\u00e9s selon le contexte : endurance des fl\u00e9chisseurs cervicaux profonds, contr\u00f4le scapulaire, \u00e9quilibre, proprioception, auto-perception posturale devant miroir ou sans rep\u00e8re visuel. Ils permettent de mesurer non seulement la structure, mais aussi la capacit\u00e9 du patient \u00e0 corriger activement sa posture.<\/p>\n\n\n\n<p>Enfin, il est important de rechercher les <strong>signes d\u2019alerte<\/strong> qui n\u00e9cessitent une \u00e9valuation m\u00e9dicale : douleur intense persistante, irradiation importante dans le bras, faiblesse neurologique, perte d\u2019\u00e9quilibre marqu\u00e9e, traumatisme r\u00e9cent ou sympt\u00f4mes inhabituels.<\/p>\n\n\n\n<p>En r\u00e9sum\u00e9, l\u2019\u00e9valuation clinique de la t\u00eate vers l\u2019avant doit \u00eatre globale. Elle combine observation, mouvement, respiration, habitudes de vie et tests fonctionnels. C\u2019est cette vision d\u2019ensemble qui permet un traitement durable plut\u00f4t qu\u2019une correction temporaire.<\/p>\n\n\n\n<figure class=\"wp-block-table\"><table class=\"has-fixed-layout\"><thead><tr><th>\u00c9l\u00e9ment \u00e9valu\u00e9<\/th><th>Ce que le praticien observe<\/th><th>Signification possible<\/th><th>Int\u00e9r\u00eat clinique<\/th><\/tr><\/thead><tbody><tr><td><strong>Alignement de profil<\/strong><\/td><td>Oreille en avant de l\u2019\u00e9paule<\/td><td>T\u00eate projet\u00e9e vers l\u2019avant<\/td><td>Confirme le d\u00e9s\u00e9quilibre postural<\/td><\/tr><tr><td><strong>\u00c9paules \/ thorax<\/strong><\/td><td>\u00c9paules enroul\u00e9es, thorax affaiss\u00e9<\/td><td>Cha\u00eene posturale ant\u00e9rieure raccourcie<\/td><td>Oriente le traitement global<\/td><\/tr><tr><td><strong>Mobilit\u00e9 cervicale<\/strong><\/td><td>Rotation limit\u00e9e, extension r\u00e9duite, raideur<\/td><td>Restriction articulaire ou tension musculaire<\/td><td>Guide les techniques manuelles<\/td><\/tr><tr><td><strong>Mobilit\u00e9 thoracique<\/strong><\/td><td>Dos rigide, faible extension<\/td><td>Compensation emp\u00eachant le redressement<\/td><td>Travail dorsal n\u00e9cessaire<\/td><\/tr><tr><td><strong>Palpation musculaire<\/strong><\/td><td>Trap\u00e8zes tendus, suboccipitaux sensibles<\/td><td>Surcharge musculaire chronique<\/td><td>Cible les zones douloureuses<\/td><\/tr><tr><td><strong>Fl\u00e9chisseurs profonds<\/strong><\/td><td>Faiblesse ou mauvais recrutement<\/td><td>D\u00e9ficit de stabilisation cervicale<\/td><td>Base des exercices correctifs<\/td><\/tr><tr><td><strong>Respiration<\/strong><\/td><td>Respiration haute, \u00e9paules qui montent<\/td><td>Diaphragme peu efficace<\/td><td>Associer r\u00e9\u00e9ducation respiratoire<\/td><\/tr><tr><td><strong>Habitudes de vie<\/strong><\/td><td>\u00c9crans prolong\u00e9s, s\u00e9dentarit\u00e9, stress<\/td><td>Cause d\u2019entretien du probl\u00e8me<\/td><td>Pr\u00e9vention des r\u00e9cidives<\/td><\/tr><tr><td><strong>Proprioception<\/strong><\/td><td>Mauvaise perception de la posture r\u00e9elle<\/td><td>Sch\u00e9ma corporel perturb\u00e9<\/td><td>N\u00e9cessite travail de conscience corporelle<\/td><\/tr><tr><td><strong>Signes d\u2019alerte<\/strong><\/td><td>Engourdissement, faiblesse, douleur s\u00e9v\u00e8re<\/td><td>Cause non purement posturale possible<\/td><td>R\u00e9f\u00e9rence m\u00e9dicale au besoin<\/td><\/tr><\/tbody><\/table><\/figure>\n\n\n\n<h2 class=\"wp-block-heading has-white-color has-text-color has-background has-link-color wp-elements-4035fcfe2a51c1233d2f70a1963a1eac\" id=\"h-comment-detecter-la-tete-vers-l-avant\" style=\"background-color:#902339\"><span class=\"ez-toc-section\" id=\"Comment_detecter_la_tete_vers_lavant\"><\/span><strong>Comment d\u00e9tecter la t\u00eate vers l\u2019avant<\/strong><span class=\"ez-toc-section-end\"><\/span><\/h2>\n\n\n\n<p>L\u2019\u00e9valuation de la position ant\u00e9rieure de la t\u00eate est probablement le param\u00e8tre postural le plus utile chez un patient souffrant de douleurs \u00e0 la t\u00eate et au cou. En observant le patient de c\u00f4t\u00e9, placez un fil \u00e0 plomb r\u00e9el ou imaginaire sur une tangente \u00e0 la cr\u00eate de la courbe kyphotique de la colonne vert\u00e9brale thoracique. \u00c0 l\u2019aide d\u2019une r\u00e8gle, mesurez la distance entre cette ligne et la profondeur de la courbe cervicale, une mesure qui devrait \u00eatre d\u2019environ 6 cm.<\/p>\n\n\n\n<p><\/p>\n\n\n\n<div class=\"wp-block-columns is-layout-flex wp-container-core-columns-is-layout-9d6595d7 wp-block-columns-is-layout-flex\">\n<div class=\"wp-block-column is-layout-flow wp-block-column-is-layout-flow\" style=\"flex-basis:50%\"><div class=\"wp-block-image\">\n<figure class=\"aligncenter size-large is-resized\"><img decoding=\"async\" width=\"687\" height=\"1030\" src=\"https:\/\/osteomag.ca\/wp-content\/uploads\/2024\/09\/Forward-head-posture-illustration-687x1030.webp\" alt=\"\" class=\"wp-image-56718\" style=\"width:336px;height:auto\" srcset=\"https:\/\/osteomag.ca\/wp-content\/uploads\/2024\/09\/Forward-head-posture-illustration-687x1030.webp 687w, https:\/\/osteomag.ca\/wp-content\/uploads\/2024\/09\/Forward-head-posture-illustration-270x405.webp 270w, https:\/\/osteomag.ca\/wp-content\/uploads\/2024\/09\/Forward-head-posture-illustration-53x80.webp 53w, https:\/\/osteomag.ca\/wp-content\/uploads\/2024\/09\/Forward-head-posture-illustration-768x1152.webp 768w, https:\/\/osteomag.ca\/wp-content\/uploads\/2024\/09\/Forward-head-posture-illustration-280x420.webp 280w, https:\/\/osteomag.ca\/wp-content\/uploads\/2024\/09\/Forward-head-posture-illustration-150x225.webp 150w, https:\/\/osteomag.ca\/wp-content\/uploads\/2024\/09\/Forward-head-posture-illustration-300x450.webp 300w, https:\/\/osteomag.ca\/wp-content\/uploads\/2024\/09\/Forward-head-posture-illustration-600x900.webp 600w, https:\/\/osteomag.ca\/wp-content\/uploads\/2024\/09\/Forward-head-posture-illustration-696x1044.webp 696w, https:\/\/osteomag.ca\/wp-content\/uploads\/2024\/09\/Forward-head-posture-illustration.webp 1024w\" sizes=\"(max-width: 687px) 100vw, 687px\" \/><\/figure>\n<\/div><\/div>\n\n\n\n<div class=\"wp-block-column is-vertically-aligned-center is-layout-flow wp-block-column-is-layout-flow\" style=\"flex-basis:50%\">\n<p>L\u2019\u00e9valuation de la posture de la t\u00eate vers l\u2019avant est un indicateur cl\u00e9 chez les patients souffrant de douleurs cervicales ou de c\u00e9phal\u00e9es. En observant le patient de profil, on peut aligner un fil \u00e0 plomb imaginaire \u00e0 la courbe thoracique et mesurer la distance jusqu\u2019\u00e0 la courbure cervicale. Une distance normale est d\u2019environ <strong>6 cm<\/strong>. Une mesure sup\u00e9rieure indique une t\u00eate en avant, souvent accompagn\u00e9e de contractures musculaires des sous-occipitaux et du trap\u00e8ze sup\u00e9rieur. Ce d\u00e9salignement surm\u00e8ne des muscles comme le sterno-cl\u00e9ido-masto\u00efdien et peut entra\u00eener une surcompression des vert\u00e8bres cervicales, exacerbant les douleurs et limitant la mobilit\u00e9 du cou.<\/p>\n<\/div>\n<\/div>\n\n\n\n<p>Une mesure inf\u00e9rieure \u00e0 6 cm indique une perte de lordose cervicale, souvent constat\u00e9e apr\u00e8s un traumatisme. Des mesures sup\u00e9rieures \u00e0 6 cm signalent un positionnement ant\u00e9rieur de la t\u00eate, g\u00e9n\u00e9ralement accompagn\u00e9 d\u2019\u00e9paules arrondies. Ce positionnement ant\u00e9rieur entra\u00eene la contraction et le raccourcissement des muscles sous-occipitaux, cervicaux post\u00e9rieurs, trap\u00e8zes sup\u00e9rieurs et spl\u00e9nius capitis, n\u00e9cessaires pour amener la t\u00eate en extension afin de permettre aux yeux de se diriger vers l\u2019avant.<\/p>\n\n\n\n<p>Le muscle sterno-cl\u00e9ido-masto\u00efdien pr\u00e9sente un d\u00e9savantage m\u00e9canique et devient surcharg\u00e9, de m\u00eame que le splenius cervicis. Le positionnement ant\u00e9rieur de la t\u00eate exerce \u00e9galement une pression accrue sur la jonction occipito-atlantique, puisque l\u2019occiput adopte une position d\u2019extension par rapport \u00e0 C1.<\/p>\n\n\n\n<p>Les muscles suprahyo\u00efdiens et infrahyo\u00efdiens se retrouvent en position d\u2019\u00e9tirement, cr\u00e9ant une tension \u00e9lastique accrue vers le bas sur la mandibule, l\u2019os hyo\u00efde et la langue. En cons\u00e9quence, les muscles \u00e9l\u00e9vateurs mandibulaires se contractent de mani\u00e8re r\u00e9flexe pour contrer les forces d\u2019ouverture de la bouche induites par les muscles suprahyo\u00efdiens et infrahyo\u00efdiens.<\/p>\n\n\n\n<p>Le r\u00e9tablissement d\u2019une posture normale, en particulier d\u2019un positionnement normal de la t\u00eate, repr\u00e9sente la premi\u00e8re \u00e9tape cruciale dans la gestion de presque toutes les douleurs chroniques \u00e0 la t\u00eate et au cou. En effet, les points d\u00e9clencheurs myofasciaux sont presque toujours un facteur contributif, sinon causal, et le positionnement ant\u00e9rieur de la t\u00eate les perp\u00e9tue.<\/p>\n\n\n\n<p>Presque toutes les activit\u00e9s que nous faisons se d\u00e9roulent vers le bas et devant nous. Depuis le jour o\u00f9 l\u2019on donne \u00e0 un enfant des crayons et un livre de coloriage, jusqu\u2019aux ann\u00e9es pass\u00e9es assis \u00e0 un bureau pour lire et \u00e9crire \u00e0 l\u2019\u00e9cole primaire, au coll\u00e8ge et \u00e0 l\u2019universit\u00e9, nous avons tendance \u00e0 tenir la t\u00eate vers l\u2019avant pour lire, \u00e9crire et \u00e9tudier. En outre, les activit\u00e9s telles que le travail de bureau, les travaux manuels comme la couture ou la broderie effectu\u00e9s sur les genoux, les soins aux enfants tenus dans les bras des parents, la pr\u00e9paration et la d\u00e9coupe des aliments pendant la cuisson, le fait de tenir un t\u00e9l\u00e9phone portable et le travail sur un ordinateur dont l\u2019\u00e9cran est trop bas ont tendance \u00e0 placer la t\u00eate dans une position ant\u00e9rieure. Il n\u2019est pas \u00e9tonnant que tant de personnes aient une position de t\u00eate ant\u00e9rieure et que les muscles de leur cou post\u00e9rieur <\/p>\n\n\n\n<h2 class=\"wp-block-heading\"><span class=\"ez-toc-section\" id=\"Approche_osteopathique_de_la_tete_vers_lavant_restaurer_lequilibre_global_plutot_que_corriger_uniquement_le_cou\"><\/span><strong>Approche ost\u00e9opathique de la t\u00eate vers l\u2019avant : restaurer l\u2019\u00e9quilibre global plut\u00f4t que corriger uniquement le cou<\/strong><span class=\"ez-toc-section-end\"><\/span><\/h2>\n\n\n\n<p>L\u2019approche ost\u00e9opathique de la posture de la t\u00eate vers l\u2019avant d\u00e9passe largement l\u2019id\u00e9e de replacer m\u00e9caniquement la t\u00eate dans l\u2019axe. Cette posture est rarement un probl\u00e8me isol\u00e9 du rachis cervical. Elle repr\u00e9sente le plus souvent une adaptation globale impliquant la colonne thoracique, la cage thoracique, les \u00e9paules, la respiration, les cha\u00eenes musculaires et parfois m\u00eame le contexte \u00e9motionnel ou les habitudes de vie. L\u2019objectif du traitement ost\u00e9opathique est donc de comprendre pourquoi le corps a adopt\u00e9 cette organisation et de cr\u00e9er les conditions favorables \u00e0 un r\u00e9alignement durable.<\/p>\n\n\n\n<p>La premi\u00e8re \u00e9tape repose sur une <strong>\u00e9valuation fonctionnelle compl\u00e8te<\/strong>. L\u2019ost\u00e9opathe observe l\u2019alignement de profil, la mobilit\u00e9 cervicale, la souplesse thoracique, la position des omoplates, la qualit\u00e9 respiratoire et les strat\u00e9gies de compensation globales. Chez plusieurs patients, la t\u00eate avanc\u00e9e est entretenue par une cyphose thoracique accentu\u00e9e, un thorax ferm\u00e9 ou une perte de mobilit\u00e9 de la jonction cervico-thoracique. Corriger uniquement le cou sans traiter ces \u00e9l\u00e9ments donne souvent des r\u00e9sultats limit\u00e9s.<\/p>\n\n\n\n<p>Le travail manuel peut inclure des <strong>techniques myofasciales<\/strong> destin\u00e9es \u00e0 r\u00e9duire la surcharge des tissus les plus sollicit\u00e9s. Les muscles sous-occipitaux, les trap\u00e8zes sup\u00e9rieurs, les scal\u00e8nes, le sterno-cl\u00e9ido-masto\u00efdien, les pectoraux et l\u2019\u00e9l\u00e9vateur de la scapula sont fr\u00e9quemment tendus chez les personnes pr\u00e9sentant cette posture. Lorsque ces structures restent en contraction prolong\u00e9e, elles entretiennent la douleur, la raideur et la difficult\u00e9 \u00e0 retrouver un alignement naturel. En diminuant ces tensions, on am\u00e9liore le confort et la disponibilit\u00e9 du mouvement.<\/p>\n\n\n\n<p>Les <strong>mobilisations articulaires douces<\/strong> occupent \u00e9galement une place importante. Une restriction au niveau de la colonne thoracique, des premi\u00e8res c\u00f4tes, des \u00e9paules ou de la charni\u00e8re cervico-thoracique peut emp\u00eacher le redressement spontan\u00e9 de la posture. Restaurer la mobilit\u00e9 de ces r\u00e9gions permet souvent \u00e0 la t\u00eate de se repositionner avec moins d\u2019effort. Dans certains cas, le bassin, les hanches ou les appuis plantaires doivent aussi \u00eatre consid\u00e9r\u00e9s, car le corps fonctionne comme une cha\u00eene int\u00e9gr\u00e9e.<\/p>\n\n\n\n<p>La <strong>respiration<\/strong> constitue un axe th\u00e9rapeutique majeur. Une posture ferm\u00e9e favorise fr\u00e9quemment une respiration haute avec surutilisation des muscles du cou. Le diaphragme devient moins efficace, ce qui entretient les tensions cervicales et la fatigue posturale. L\u2019ost\u00e9opathie peut aider \u00e0 am\u00e9liorer la mobilit\u00e9 costale, la souplesse thoracique et la coordination respiratoire. Associer traitement manuel et r\u00e9\u00e9ducation diaphragmatique am\u00e9liore souvent les r\u00e9sultats cliniques.<\/p>\n\n\n\n<p>L\u2019approche ost\u00e9opathique moderne inclut aussi la <strong>r\u00e9gulation neuromusculaire<\/strong>. Dans la t\u00eate vers l\u2019avant, certains muscles sont trop actifs alors que d\u2019autres sont sous-utilis\u00e9s, notamment les fl\u00e9chisseurs cervicaux profonds et les stabilisateurs scapulaires. Le traitement manuel pr\u00e9pare le terrain, mais il doit \u00eatre relay\u00e9 par des exercices cibl\u00e9s afin que le syst\u00e8me nerveux adopte un nouveau sch\u00e9ma moteur plus efficace. Sans ce relais actif, le soulagement reste souvent temporaire.<\/p>\n\n\n\n<p>Un autre aspect essentiel est l\u2019<strong>\u00e9ducation du patient<\/strong>. La posture se construit dans le quotidien : hauteur des \u00e9crans, pauses insuffisantes, position de sommeil, s\u00e9dentarit\u00e9, stress chronique, surcharge mentale. Comprendre ces facteurs permet de transformer l\u2019environnement qui entretient le probl\u00e8me. L\u2019ost\u00e9opathe agit alors comme th\u00e9rapeute, mais aussi comme guide p\u00e9dagogique.<\/p>\n\n\n\n<p>Chez certaines personnes, la posture ferm\u00e9e refl\u00e8te \u00e9galement un <strong>\u00e9tat de tension g\u00e9n\u00e9rale<\/strong>. Sans surinterpr\u00e9ter chaque posture, il est reconnu que stress, fatigue et vigilance prolong\u00e9e modifient le tonus musculaire et la respiration. Une approche douce, globale et individualis\u00e9e peut contribuer \u00e0 diminuer cette charge corporelle et \u00e0 favoriser un meilleur sentiment de rel\u00e2chement.<\/p>\n\n\n\n<p>En r\u00e9sum\u00e9, l\u2019ost\u00e9opathie n\u2019aborde pas la t\u00eate vers l\u2019avant comme un simple d\u00e9faut esth\u00e9tique, mais comme une organisation adaptative du corps entier. Rel\u00e2cher les tissus, restaurer les mobilit\u00e9s, am\u00e9liorer la respiration, r\u00e9\u00e9duquer le contr\u00f4le moteur et modifier les habitudes de vie forment ensemble la strat\u00e9gie la plus coh\u00e9rente pour obtenir des changements durables.<\/p>\n\n\n\n<h2 class=\"wp-block-heading\"><span class=\"ez-toc-section\" id=\"Exercices_recommandes_pour_corriger_la_tete_vers_lavant\"><\/span><strong>Exercices recommand\u00e9s pour corriger la t\u00eate vers l\u2019avant<\/strong><span class=\"ez-toc-section-end\"><\/span><\/h2>\n\n\n\n<p>Les exercices sont essentiels pour corriger durablement la posture de la t\u00eate vers l\u2019avant. Le traitement manuel peut diminuer les tensions et am\u00e9liorer la mobilit\u00e9, mais sans r\u00e9\u00e9ducation active, le corps a tendance \u00e0 revenir \u00e0 ses anciens sch\u00e9mas. L\u2019objectif des exercices est de renforcer les muscles qui soutiennent une posture \u00e9quilibr\u00e9e, d\u2019assouplir les zones trop tendues et de redonner au cerveau une meilleure perception de l\u2019alignement corporel. La progression doit \u00eatre graduelle : quelques minutes par jour, r\u00e9guli\u00e8rement, valent mieux qu\u2019une s\u00e9ance intense occasionnelle.<\/p>\n\n\n\n<p>L\u2019exercice de base est la <strong>r\u00e9traction cervicale<\/strong>, souvent appel\u00e9 <em>chin tuck<\/em>. Assis ou debout, regardez droit devant vous puis rentrez doucement le menton vers l\u2019arri\u00e8re, comme si vous vouliez cr\u00e9er un double menton, sans baisser la t\u00eate. Maintenez 5 secondes puis rel\u00e2chez. R\u00e9p\u00e9tez 10 \u00e0 15 fois. Cet exercice aide \u00e0 repositionner la t\u00eate et \u00e0 activer les fl\u00e9chisseurs cervicaux profonds.<\/p>\n\n\n\n<p>Le <strong>renforcement des fl\u00e9chisseurs cervicaux profonds<\/strong> peut ensuite \u00eatre ajout\u00e9. Allong\u00e9 sur le dos, rentrez l\u00e9g\u00e8rement le menton puis soulevez tr\u00e8s doucement la t\u00eate de quelques millim\u00e8tres, sans crispation. Maintenez quelques secondes avant de redescendre. Le mouvement doit rester fin et contr\u00f4l\u00e9. Cet exercice am\u00e9liore la stabilit\u00e9 du cou.<\/p>\n\n\n\n<p>Le travail des <strong>omoplates<\/strong> est tout aussi important. Debout ou assis, tirez doucement les \u00e9paules vers l\u2019arri\u00e8re et vers le bas, sans hausser les trap\u00e8zes. Maintenez 5 secondes puis rel\u00e2chez. R\u00e9p\u00e9tez 10 fois. Cela renforce les muscles scapulaires souvent affaiblis lorsque les \u00e9paules s\u2019enroulent vers l\u2019avant.<\/p>\n\n\n\n<p>Les <strong>\u00e9tirements des pectoraux<\/strong> sont souvent n\u00e9cessaires. Placez l\u2019avant-bras contre un mur ou dans l\u2019embrasure d\u2019une porte, coude \u00e0 90 degr\u00e9s, puis avancez l\u00e9g\u00e8rement le tronc jusqu\u2019\u00e0 sentir un \u00e9tirement \u00e0 l\u2019avant de l\u2019\u00e9paule et de la poitrine. Maintenez 20 \u00e0 30 secondes de chaque c\u00f4t\u00e9. Des pectoraux raccourcis entretiennent la fermeture thoracique et la projection de la t\u00eate.<\/p>\n\n\n\n<p>Un <strong>\u00e9tirement des muscles sous-occipitaux<\/strong> peut soulager la base du cr\u00e2ne. Assis, rentrez l\u00e9g\u00e8rement le menton puis inclinez doucement la t\u00eate vers l\u2019avant avec les mains pos\u00e9es sans forcer. Maintenez quelques respirations lentes. Cela aide \u00e0 r\u00e9duire la tension souvent associ\u00e9e aux maux de t\u00eate cervicog\u00e9niques.<\/p>\n\n\n\n<p>La <strong>mobilit\u00e9 thoracique<\/strong> doit aussi \u00eatre travaill\u00e9e. Sur une chaise, placez les mains derri\u00e8re la t\u00eate et ouvrez doucement la poitrine en regardant l\u00e9g\u00e8rement vers le haut, sans \u00e9craser la nuque. R\u00e9p\u00e9tez lentement 8 \u00e0 10 fois. Une colonne thoracique plus mobile facilite le redressement naturel de la t\u00eate.<\/p>\n\n\n\n<p>Les exercices respiratoires compl\u00e8tent tr\u00e8s bien le programme. Inspirez par le nez en laissant l\u2019abdomen s\u2019expandre, puis expirez lentement. Cette respiration diaphragmatique diminue la d\u00e9pendance aux muscles du cou et favorise la d\u00e9tente.<\/p>\n\n\n\n<p>Quelques principes sont essentiels : \u00e9viter la douleur vive, progresser lentement, pratiquer r\u00e9guli\u00e8rement et corriger aussi l\u2019environnement de travail. Les meilleurs r\u00e9sultats viennent de la r\u00e9p\u00e9tition quotidienne plus que de l\u2019intensit\u00e9.<\/p>\n\n\n\n<p>En r\u00e9sum\u00e9, corriger la t\u00eate vers l\u2019avant demande un trio gagnant : <strong>renforcer, assouplir et reprogrammer<\/strong>. Avec constance, ces exercices am\u00e9liorent la posture, r\u00e9duisent les douleurs et redonnent au corps un fonctionnement plus efficace.<\/p>\n\n\n\n<h2 class=\"wp-block-heading\"><span class=\"ez-toc-section\" id=\"Prevention_et_conseils_quotidiens\"><\/span><strong>Pr\u00e9vention et conseils quotidiens<\/strong><span class=\"ez-toc-section-end\"><\/span><\/h2>\n\n\n\n<p>Pr\u00e9venir la posture de la t\u00eate vers l\u2019avant repose surtout sur de petites habitudes r\u00e9p\u00e9t\u00e9es chaque jour. Comme cette posture s\u2019installe souvent progressivement, sa correction passe rarement par une solution unique. L\u2019objectif est de r\u00e9duire les contraintes qui poussent la t\u00eate en avant et de redonner au corps des occasions fr\u00e9quentes de retrouver un meilleur alignement naturel.<\/p>\n\n\n\n<p>Le premier levier est l\u2019<strong>ergonomie<\/strong>. L\u2019\u00e9cran principal devrait \u00eatre plac\u00e9 \u00e0 hauteur des yeux afin d\u2019\u00e9viter de pencher la t\u00eate vers le bas. Le clavier et la souris doivent permettre de garder les \u00e9paules d\u00e9tendues, les coudes pr\u00e8s du corps et les avant-bras soutenus. Si vous utilisez un ordinateur portable, l\u2019ajout d\u2019un support d\u2019\u00e9cran et d\u2019un clavier externe peut faire une grande diff\u00e9rence. Pour le t\u00e9l\u00e9phone mobile, l\u2019id\u00e9al est de rapprocher l\u2019appareil du regard plut\u00f4t que d\u2019abaisser constamment la t\u00eate.<\/p>\n\n\n\n<p>Les <strong>pauses actives<\/strong> sont essentielles. M\u00eame avec une bonne installation, rester immobile trop longtemps favorise la raideur et les compensations. Se lever toutes les 30 \u00e0 60 minutes, marcher quelques instants, ouvrir la poitrine, bouger les \u00e9paules et faire quelques r\u00e9tractions cervicales aide \u00e0 interrompre l\u2019accumulation de tension.<\/p>\n\n\n\n<p>Le <strong>renforcement postural r\u00e9gulier<\/strong> prot\u00e8ge sur le long terme. Travailler les muscles du haut du dos, les stabilisateurs des omoplates, le tronc et les fl\u00e9chisseurs cervicaux profonds am\u00e9liore la capacit\u00e9 du corps \u00e0 maintenir une posture efficace sans effort excessif. Quelques exercices bien choisis, pratiqu\u00e9s plusieurs fois par semaine, sont souvent plus utiles qu\u2019un programme complexe abandonn\u00e9 rapidement.<\/p>\n\n\n\n<p>La <strong>mobilit\u00e9 thoracique<\/strong> m\u00e9rite aussi de l\u2019attention. Une colonne dorsale rigide favorise l\u2019enroulement des \u00e9paules et rend le redressement de la t\u00eate plus difficile. Int\u00e9grer des mouvements d\u2019extension thoracique, d\u2019ouverture du thorax et d\u2019assouplissement des pectoraux peut pr\u00e9venir les r\u00e9cidives.<\/p>\n\n\n\n<p>La <strong>respiration<\/strong> influence directement la posture. Une respiration lente, nasale et diaphragmatique aide \u00e0 diminuer la tension des muscles du cou et \u00e0 stabiliser le thorax. \u00c0 l\u2019inverse, respirer constamment en haut de poitrine entretient souvent les tensions cervicales.<\/p>\n\n\n\n<p>Le <strong>stress<\/strong> est un facteur souvent sous-estim\u00e9. En p\u00e9riode de surcharge mentale, plusieurs personnes adoptent inconsciemment une posture ferm\u00e9e : \u00e9paules relev\u00e9es, m\u00e2choire serr\u00e9e, t\u00eate avanc\u00e9e. Des strat\u00e9gies simples comme la marche, les pauses conscientes, l\u2019activit\u00e9 physique, la relaxation ou la m\u00e9ditation peuvent r\u00e9duire cette tendance.<\/p>\n\n\n\n<p>Le <strong>sommeil<\/strong> et la r\u00e9cup\u00e9ration comptent aussi. Un oreiller trop haut ou trop bas peut maintenir le cou dans une position inconfortable pendant plusieurs heures. Une position de sommeil adapt\u00e9e et un repos suffisant soutiennent les efforts posturaux faits durant la journ\u00e9e.<\/p>\n\n\n\n<p>Enfin, il est utile de viser une <strong>posture dynamique<\/strong> plut\u00f4t qu\u2019une posture parfaite fig\u00e9e. Le corps aime le mouvement plus que l\u2019immobilit\u00e9. Changer souvent de position, varier les appuis et bouger r\u00e9guli\u00e8rement est souvent plus b\u00e9n\u00e9fique que chercher \u00e0 rester \u201cdroit\u201d en permanence.<\/p>\n\n\n\n<p>En r\u00e9sum\u00e9, pr\u00e9venir la t\u00eate vers l\u2019avant repose sur un principe simple : cr\u00e9er un environnement quotidien o\u00f9 le corps n\u2019a plus besoin de compenser constamment.<\/p>\n\n\n\n<h2 class=\"wp-block-heading\"><span class=\"ez-toc-section\" id=\"Conclusion\"><\/span><strong>Conclusion<\/strong><span class=\"ez-toc-section-end\"><\/span><\/h2>\n\n\n\n<p>La posture de la t\u00eate vers l\u2019avant est devenue fr\u00e9quente dans le mode de vie moderne, mais elle ne doit pas \u00eatre banalis\u00e9e. Derri\u00e8re ce changement d\u2019alignement se cachent souvent des contraintes r\u00e9p\u00e9t\u00e9es : \u00e9crans prolong\u00e9s, s\u00e9dentarit\u00e9, stress, fatigue musculaire, respiration inefficace ou habitudes posturales install\u00e9es depuis longtemps. Plus qu\u2019un simple d\u00e9tail esth\u00e9tique, elle peut influencer le confort cervical, la mobilit\u00e9, la respiration, la concentration et la qualit\u00e9 de vie.<\/p>\n\n\n\n<p>La bonne nouvelle est qu\u2019il s\u2019agit g\u00e9n\u00e9ralement d\u2019une adaptation r\u00e9versible. Le corps conserve une grande capacit\u00e9 de changement lorsqu\u2019on lui offre les bonnes conditions. En am\u00e9liorant l\u2019ergonomie, en bougeant davantage, en renfor\u00e7ant les muscles cl\u00e9s, en redonnant de la mobilit\u00e9 au thorax et en travaillant la respiration, il est souvent possible d\u2019obtenir des r\u00e9sultats durables.<\/p>\n\n\n\n<p>L\u2019approche ost\u00e9opathique peut jouer un r\u00f4le utile dans ce processus en aidant \u00e0 rel\u00e2cher les tensions, restaurer certaines mobilit\u00e9s et mieux comprendre les compensations globales. Toutefois, la transformation r\u00e9elle se construit surtout dans les gestes quotidiens : la fa\u00e7on de s\u2019asseoir, de respirer, de travailler, de r\u00e9cup\u00e9rer et de se mouvoir chaque jour.<\/p>\n\n\n\n<p>Il n\u2019existe pas de posture parfaite fig\u00e9e. Le v\u00e9ritable objectif n\u2019est pas de se tenir droit en permanence, mais de retrouver une posture vivante, adaptable et confortable. Corriger la t\u00eate vers l\u2019avant, c\u2019est souvent bien plus que replacer le cou : c\u2019est redonner au corps une organisation plus libre, plus efficace et plus durable.<\/p>\n\n\n\n<h2 class=\"wp-block-heading\"><span class=\"ez-toc-section\" id=\"References\"><\/span>R\u00e9f\u00e9rences<span class=\"ez-toc-section-end\"><\/span><\/h2>\n\n\n\n<ol class=\"wp-block-list\">\n<li>Ruivo RM, Pezarat-Correia P, Carita AI. Effects of a resistance and stretching training program on forward head and protracted shoulder posture in adolescents. <em>J Manipulative Physiol Ther.<\/em> 2017;40(1):1-10.<\/li>\n\n\n\n<li>Kim EK, Kim JS. Correlation between rounded shoulder posture, neck disability indices, and degree of forward head posture. <em>J Phys Ther Sci.<\/em> 2016;28(10):2929-2932.<\/li>\n\n\n\n<li>Nejati P, Lotfian S, Moezy A, Nejati M. The relationship of forward head posture and rounded shoulders with neck pain in Iranian office workers. <em>Med J Islam Repub Iran.<\/em> 2014;28:26.<\/li>\n\n\n\n<li>Mahmoud NF, Hassan KA, Abdelmajeed SF, Moustafa IM, Silva AG. The relationship between forward head posture and neck pain: a systematic review and meta-analysis. <em>Curr Rev Musculoskelet Med.<\/em> 2019;12(4):562-577.<\/li>\n\n\n\n<li>Lau KT, Cheung KY, Chan KB, Chan MH, Lo KY, Chiu TT. Relationships between sagittal postures of thoracic and cervical spine, presence of neck pain, neck pain severity and disability. <em>Man Ther.<\/em> 2010;15(5):457-462.<\/li>\n\n\n\n<li>Kang JH, Park RY, Lee SJ, Kim JY, Yoon SR, Jung KI. The effect of the forward head posture on postural balance in long time computer based worker. <em>Ann Rehabil Med.<\/em> 2012;36(1):98-104.<\/li>\n\n\n\n<li>Harman K, Hubley-Kozey CL, Butler H. Effectiveness of an exercise program to improve forward head posture in normal adults: a randomized controlled trial. <em>J Manual Manip Ther.<\/em> 2005;13(3):163-176.<\/li>\n\n\n\n<li>Falla D, Jull G, Hodges PW. Patients with neck pain demonstrate reduced electromyographic activity of the deep cervical flexor muscles during performance of the craniocervical flexion test. <em>Spine.<\/em> 2004;29(19):2108-2114.<\/li>\n\n\n\n<li>Szeto GPY, Straker LM, O\u2019Sullivan PB. A comparison of symptomatic and asymptomatic office workers performing monotonous keyboard work\u20142: neck and shoulder kinematics. <em>Man Ther.<\/em> 2005;10(4):281-291.<\/li>\n\n\n\n<li>Kocur P, Wilski M, Goliw\u0105s M, Lewandowski J, \u0141ochy\u0144ski D. Mobile phone text neck syndrome among young adults: prevalence and associated factors. <em>Int J Occup Med Environ Health.<\/em> 2019;32(6):823-830.<\/li>\n\n\n\n<li>Quek J, Pua YH, Clark RA, Bryant AL. Effects of thoracic kyphosis and forward head posture on cervical range of motion in older adults. <em>Man Ther.<\/em> 2013;18(1):65-71.<\/li>\n\n\n\n<li>Lee JH. Effects of forward head posture on static and dynamic balance control. <em>J Phys Ther Sci.<\/em> 2016;28(1):274-277.<\/li>\n\n\n\n<li>Salahzadeh Z, Maroufi N, Ahmadi A, Behtash H, Razmjoo A, Gohari M, et al. Assessment of forward head posture in females: observational and photogrammetry methods. <em>J Back Musculoskelet Rehabil.<\/em> 2014;27(2):131-139.<\/li>\n\n\n\n<li>Koseki T, Kakizaki F, Hayashi S, Nishida N, Itoh M. Effect of forward head posture on thoracic shape and respiratory function. <em>J Phys Ther Sci.<\/em> 2019;31(1):63-68.<\/li>\n\n\n\n<li>Moustafa IM, Diab AA. The effect of adding forward head posture corrective exercises in the management of lumbosacral radiculopathy: a randomized controlled study. <em>J Manipulative Physiol Ther.<\/em> 2015;38(3):167-178<\/li>\n<\/ol>\n\n\n\n<p><\/p>\n","protected":false},"excerpt":{"rendered":"<p>Points cl\u00e9s La t\u00eate vers l\u2019avant est une posture fr\u00e9quente o\u00f9 la t\u00eate se projette devant l\u2019axe naturel du corps. M\u00eame quelques centim\u00e8tres d\u2019avanc\u00e9e augmentent la charge sur le cou, les \u00e9paules et le haut du dos. Les causes courantes incluent \u00e9crans prolong\u00e9s, t\u00e9l\u00e9phone mobile, s\u00e9dentarit\u00e9, mauvaise ergonomie et stress chronique. Les sympt\u00f4mes fr\u00e9quents sont [&hellip;]<\/p>\n","protected":false},"author":1,"featured_media":36941,"comment_status":"open","ping_status":"open","sticky":false,"template":"","format":"standard","meta":{"tdm_status":"","tdm_grid_status":"","iawp_total_views":449,"footnotes":""},"categories":[15],"tags":[],"class_list":{"0":"post-45403","1":"post","2":"type-post","3":"status-publish","4":"format-standard","5":"has-post-thumbnail","7":"category-bonne-posture"},"_links":{"self":[{"href":"https:\/\/osteomag.ca\/fr\/wp-json\/wp\/v2\/posts\/45403","targetHints":{"allow":["GET"]}}],"collection":[{"href":"https:\/\/osteomag.ca\/fr\/wp-json\/wp\/v2\/posts"}],"about":[{"href":"https:\/\/osteomag.ca\/fr\/wp-json\/wp\/v2\/types\/post"}],"author":[{"embeddable":true,"href":"https:\/\/osteomag.ca\/fr\/wp-json\/wp\/v2\/users\/1"}],"replies":[{"embeddable":true,"href":"https:\/\/osteomag.ca\/fr\/wp-json\/wp\/v2\/comments?post=45403"}],"version-history":[{"count":8,"href":"https:\/\/osteomag.ca\/fr\/wp-json\/wp\/v2\/posts\/45403\/revisions"}],"predecessor-version":[{"id":56932,"href":"https:\/\/osteomag.ca\/fr\/wp-json\/wp\/v2\/posts\/45403\/revisions\/56932"}],"wp:featuredmedia":[{"embeddable":true,"href":"https:\/\/osteomag.ca\/fr\/wp-json\/wp\/v2\/media\/36941"}],"wp:attachment":[{"href":"https:\/\/osteomag.ca\/fr\/wp-json\/wp\/v2\/media?parent=45403"}],"wp:term":[{"taxonomy":"category","embeddable":true,"href":"https:\/\/osteomag.ca\/fr\/wp-json\/wp\/v2\/categories?post=45403"},{"taxonomy":"post_tag","embeddable":true,"href":"https:\/\/osteomag.ca\/fr\/wp-json\/wp\/v2\/tags?post=45403"}],"curies":[{"name":"wp","href":"https:\/\/api.w.org\/{rel}","templated":true}]}}