{"id":46348,"date":"2024-12-17T23:54:26","date_gmt":"2024-12-18T04:54:26","guid":{"rendered":"https:\/\/osteomag.ca\/?p=46348"},"modified":"2026-03-04T00:26:31","modified_gmt":"2026-03-04T05:26:31","slug":"arches-pied-equilibre-mobilite-posture-saine","status":"publish","type":"post","link":"https:\/\/osteomag.ca\/fr\/arches-pied-equilibre-mobilite-posture-saine\/","title":{"rendered":"Arches du pied : \u00e9quilibre et mobilit\u00e9 pour une posture saine"},"content":{"rendered":"<div id=\"ez-toc-container\" class=\"ez-toc-v2_0_82_2 counter-hierarchy ez-toc-counter ez-toc-custom ez-toc-container-direction\">\n<div class=\"ez-toc-title-container\">\n<p class=\"ez-toc-title\" style=\"cursor:inherit\">Table des mati\u00e8res<\/p>\n<span class=\"ez-toc-title-toggle\"><a href=\"#\" class=\"ez-toc-pull-right ez-toc-btn ez-toc-btn-xs ez-toc-btn-default ez-toc-toggle\" aria-label=\"Toggle Table of Content\"><span class=\"ez-toc-js-icon-con\"><span class=\"\"><span class=\"eztoc-hide\" style=\"display:none;\">Toggle<\/span><span class=\"ez-toc-icon-toggle-span\"><svg style=\"fill: #000000;color:#000000\" xmlns=\"http:\/\/www.w3.org\/2000\/svg\" class=\"list-377408\" width=\"20px\" height=\"20px\" viewBox=\"0 0 24 24\" fill=\"none\"><path d=\"M6 6H4v2h2V6zm14 0H8v2h12V6zM4 11h2v2H4v-2zm16 0H8v2h12v-2zM4 16h2v2H4v-2zm16 0H8v2h12v-2z\" fill=\"currentColor\"><\/path><\/svg><svg style=\"fill: #000000;color:#000000\" class=\"arrow-unsorted-368013\" xmlns=\"http:\/\/www.w3.org\/2000\/svg\" width=\"10px\" height=\"10px\" viewBox=\"0 0 24 24\" version=\"1.2\" baseProfile=\"tiny\"><path d=\"M18.2 9.3l-6.2-6.3-6.2 6.3c-.2.2-.3.4-.3.7s.1.5.3.7c.2.2.4.3.7.3h11c.3 0 .5-.1.7-.3.2-.2.3-.5.3-.7s-.1-.5-.3-.7zM5.8 14.7l6.2 6.3 6.2-6.3c.2-.2.3-.5.3-.7s-.1-.5-.3-.7c-.2-.2-.4-.3-.7-.3h-11c-.3 0-.5.1-.7.3-.2.2-.3.5-.3.7s.1.5.3.7z\"\/><\/svg><\/span><\/span><\/span><\/a><\/span><\/div>\n<nav><ul class='ez-toc-list ez-toc-list-level-1 eztoc-toggle-hide-by-default' ><li class='ez-toc-page-1 ez-toc-heading-level-2'><a class=\"ez-toc-link ez-toc-heading-1\" href=\"https:\/\/osteomag.ca\/fr\/arches-pied-equilibre-mobilite-posture-saine\/#Introduction_LImportance_des_Arches_du_Pied\" >Introduction : L&rsquo;Importance des Arches du Pied<\/a><\/li><li class='ez-toc-page-1 ez-toc-heading-level-2'><a class=\"ez-toc-link ez-toc-heading-2\" href=\"https:\/\/osteomag.ca\/fr\/arches-pied-equilibre-mobilite-posture-saine\/#Anatomie_des_Arches_du_Pied\" >Anatomie des Arches du Pied<\/a><ul class='ez-toc-list-level-3' ><li class='ez-toc-heading-level-3'><a class=\"ez-toc-link ez-toc-heading-3\" href=\"https:\/\/osteomag.ca\/fr\/arches-pied-equilibre-mobilite-posture-saine\/#LArche_Longitudinale_Interne_La_Principale_Source_de_Soutien_et_dAmortissement\" >L&rsquo;Arche Longitudinale Interne : La Principale Source de Soutien et d&rsquo;Amortissement<\/a><\/li><li class='ez-toc-page-1 ez-toc-heading-level-3'><a class=\"ez-toc-link ez-toc-heading-4\" href=\"https:\/\/osteomag.ca\/fr\/arches-pied-equilibre-mobilite-posture-saine\/#LArche_Longitudinale_Externe_Soutien_et_Stabilite_Laterale\" >L&rsquo;Arche Longitudinale Externe : Soutien et Stabilit\u00e9 Lat\u00e9rale<\/a><\/li><li class='ez-toc-page-1 ez-toc-heading-level-3'><a class=\"ez-toc-link ez-toc-heading-5\" href=\"https:\/\/osteomag.ca\/fr\/arches-pied-equilibre-mobilite-posture-saine\/#LArche_Transversale_Adaptabilite_et_Repartition_des_Charges\" >L&rsquo;Arche Transversale : Adaptabilit\u00e9 et R\u00e9partition des Charges<\/a><\/li><li class='ez-toc-page-1 ez-toc-heading-level-3'><a class=\"ez-toc-link ez-toc-heading-6\" href=\"https:\/\/osteomag.ca\/fr\/arches-pied-equilibre-mobilite-posture-saine\/#Interaction_des_Arches_Un_Systeme_Interconnecte\" >Interaction des Arches : Un Syst\u00e8me Interconnect\u00e9<\/a><\/li><\/ul><\/li><li class='ez-toc-page-1 ez-toc-heading-level-2'><a class=\"ez-toc-link ez-toc-heading-7\" href=\"https:\/\/osteomag.ca\/fr\/arches-pied-equilibre-mobilite-posture-saine\/#Les_Desequilibres_et_Dysfonctions_des_Arches\" >Les D\u00e9s\u00e9quilibres et Dysfonctions des Arches<\/a><ul class='ez-toc-list-level-3' ><li class='ez-toc-heading-level-3'><a class=\"ez-toc-link ez-toc-heading-8\" href=\"https:\/\/osteomag.ca\/fr\/arches-pied-equilibre-mobilite-posture-saine\/#Types_de_Desequilibres_Courants\" >Types de D\u00e9s\u00e9quilibres Courants<\/a><\/li><li class='ez-toc-page-1 ez-toc-heading-level-3'><a class=\"ez-toc-link ez-toc-heading-9\" href=\"https:\/\/osteomag.ca\/fr\/arches-pied-equilibre-mobilite-posture-saine\/#2_Instabilite_de_lArche_Laterale\" >2. Instabilit\u00e9 de l\u2019Arche Lat\u00e9rale<\/a><\/li><li class='ez-toc-page-1 ez-toc-heading-level-3'><a class=\"ez-toc-link ez-toc-heading-10\" href=\"https:\/\/osteomag.ca\/fr\/arches-pied-equilibre-mobilite-posture-saine\/#3_Pied_Valgus_hyperpronation\" >3. Pied Valgus (hyperpronation)<\/a><\/li><li class='ez-toc-page-1 ez-toc-heading-level-3'><a class=\"ez-toc-link ez-toc-heading-11\" href=\"https:\/\/osteomag.ca\/fr\/arches-pied-equilibre-mobilite-posture-saine\/#4_Pied_Varus_supination_excessive\" >4. Pied Varus (supination excessive)<\/a><\/li><li class='ez-toc-page-1 ez-toc-heading-level-3'><a class=\"ez-toc-link ez-toc-heading-12\" href=\"https:\/\/osteomag.ca\/fr\/arches-pied-equilibre-mobilite-posture-saine\/#5_Pied_Diabetique\" >5. Pied Diab\u00e9tique<\/a><\/li><li class='ez-toc-page-1 ez-toc-heading-level-3'><a class=\"ez-toc-link ez-toc-heading-13\" href=\"https:\/\/osteomag.ca\/fr\/arches-pied-equilibre-mobilite-posture-saine\/#6_Syndrome_du_Pied_Contracte\" >6. Syndrome du Pied Contract\u00e9<\/a><\/li><li class='ez-toc-page-1 ez-toc-heading-level-3'><a class=\"ez-toc-link ez-toc-heading-14\" href=\"https:\/\/osteomag.ca\/fr\/arches-pied-equilibre-mobilite-posture-saine\/#7_Pied_Rigide_arthrose_des_pieds\" >7. Pied Rigide (arthrose des pieds)<\/a><\/li><li class='ez-toc-page-1 ez-toc-heading-level-3'><a class=\"ez-toc-link ez-toc-heading-15\" href=\"https:\/\/osteomag.ca\/fr\/arches-pied-equilibre-mobilite-posture-saine\/#8_Arche_Effondree_Partielle_subtil_pied_plat\" >8. Arche Effondr\u00e9e Partielle (subtil pied plat)<\/a><\/li><li class='ez-toc-page-1 ez-toc-heading-level-3'><a class=\"ez-toc-link ez-toc-heading-16\" href=\"https:\/\/osteomag.ca\/fr\/arches-pied-equilibre-mobilite-posture-saine\/#9_Pied_Instable_ou_Hypermobile_laxite_ligamentaire\" >9. Pied Instable ou Hypermobile (laxit\u00e9 ligamentaire)<\/a><\/li><li class='ez-toc-page-1 ez-toc-heading-level-3'><a class=\"ez-toc-link ez-toc-heading-17\" href=\"https:\/\/osteomag.ca\/fr\/arches-pied-equilibre-mobilite-posture-saine\/#10_Syndrome_du_Pied_en_Marteau_deformation_des_orteils\" >10. Syndrome du Pied en Marteau (d\u00e9formation des orteils)<\/a><\/li><li class='ez-toc-page-1 ez-toc-heading-level-3'><a class=\"ez-toc-link ez-toc-heading-18\" href=\"https:\/\/osteomag.ca\/fr\/arches-pied-equilibre-mobilite-posture-saine\/#11_Hallux_Valgus_oignon\" >11. Hallux Valgus (oignon)<\/a><\/li><li class='ez-toc-page-1 ez-toc-heading-level-3'><a class=\"ez-toc-link ez-toc-heading-19\" href=\"https:\/\/osteomag.ca\/fr\/arches-pied-equilibre-mobilite-posture-saine\/#12_Arche_en_Surcharge_Posturale\" >12. Arche en Surcharge Posturale<\/a><\/li><li class='ez-toc-page-1 ez-toc-heading-level-3'><a class=\"ez-toc-link ez-toc-heading-20\" href=\"https:\/\/osteomag.ca\/fr\/arches-pied-equilibre-mobilite-posture-saine\/#13_Arche_Collabee_dun_Pied_pied_asymetrique\" >13. Arche Collab\u00e9e d\u2019un Pied (pied asym\u00e9trique)<\/a><\/li><li class='ez-toc-page-1 ez-toc-heading-level-3'><a class=\"ez-toc-link ez-toc-heading-21\" href=\"https:\/\/osteomag.ca\/fr\/arches-pied-equilibre-mobilite-posture-saine\/#14_Effondrement_de_lArche_Sous_lEffet_de_la_Gravite_syndrome_du_pied_fatigue\" >14. Effondrement de l\u2019Arche Sous l\u2019Effet de la Gravit\u00e9 (syndrome du pied fatigu\u00e9)<\/a><\/li><\/ul><\/li><li class='ez-toc-page-1 ez-toc-heading-level-2'><a class=\"ez-toc-link ez-toc-heading-22\" href=\"https:\/\/osteomag.ca\/fr\/arches-pied-equilibre-mobilite-posture-saine\/#Causes_Possibles_des_Dysfonctions_des_Arches\" >Causes Possibles des Dysfonctions des Arches<\/a><ul class='ez-toc-list-level-3' ><li class='ez-toc-heading-level-3'><a class=\"ez-toc-link ez-toc-heading-23\" href=\"https:\/\/osteomag.ca\/fr\/arches-pied-equilibre-mobilite-posture-saine\/#Consequences_pour_la_Sante_Douleurs_Instabilite_et_Impact_sur_la_Posture\" >Cons\u00e9quences pour la Sant\u00e9 : Douleurs, Instabilit\u00e9 et Impact sur la Posture<\/a><\/li><li class='ez-toc-page-1 ez-toc-heading-level-3'><a class=\"ez-toc-link ez-toc-heading-24\" href=\"https:\/\/osteomag.ca\/fr\/arches-pied-equilibre-mobilite-posture-saine\/#1_Douleurs_Localisees_et_Diffuses\" >1. Douleurs Localis\u00e9es et Diffuses<\/a><\/li><li class='ez-toc-page-1 ez-toc-heading-level-3'><a class=\"ez-toc-link ez-toc-heading-25\" href=\"https:\/\/osteomag.ca\/fr\/arches-pied-equilibre-mobilite-posture-saine\/#2_Instabilite_et_Risque_Accru_de_Blessures\" >2. Instabilit\u00e9 et Risque Accru de Blessures<\/a><\/li><li class='ez-toc-page-1 ez-toc-heading-level-3'><a class=\"ez-toc-link ez-toc-heading-26\" href=\"https:\/\/osteomag.ca\/fr\/arches-pied-equilibre-mobilite-posture-saine\/#3_Impact_sur_la_Posture_et_Alignement_Corporel\" >3. Impact sur la Posture et Alignement Corporel<\/a><\/li><li class='ez-toc-page-1 ez-toc-heading-level-3'><a class=\"ez-toc-link ez-toc-heading-27\" href=\"https:\/\/osteomag.ca\/fr\/arches-pied-equilibre-mobilite-posture-saine\/#4_Fatigue_et_Diminution_de_la_Resistance_Physique\" >4. Fatigue et Diminution de la R\u00e9sistance Physique<\/a><\/li><li class='ez-toc-page-1 ez-toc-heading-level-3'><a class=\"ez-toc-link ez-toc-heading-28\" href=\"https:\/\/osteomag.ca\/fr\/arches-pied-equilibre-mobilite-posture-saine\/#5_Deformation_Progressive_des_Pieds_et_Formation_de_Callosites\" >5. D\u00e9formation Progressive des Pieds et Formation de Callosit\u00e9s<\/a><\/li><li class='ez-toc-page-1 ez-toc-heading-level-3'><a class=\"ez-toc-link ez-toc-heading-29\" href=\"https:\/\/osteomag.ca\/fr\/arches-pied-equilibre-mobilite-posture-saine\/#6_Torsion_Interne_du_Tibia_en_cas_de_pied_plat\" >6. Torsion Interne du Tibia (en cas de pied plat)<\/a><\/li><li class='ez-toc-page-1 ez-toc-heading-level-3'><a class=\"ez-toc-link ez-toc-heading-30\" href=\"https:\/\/osteomag.ca\/fr\/arches-pied-equilibre-mobilite-posture-saine\/#7_Torsion_Externe_du_Femur_lie_au_pied_plat\" >7. Torsion Externe du F\u00e9mur (li\u00e9 au pied plat)<\/a><\/li><li class='ez-toc-page-1 ez-toc-heading-level-3'><a class=\"ez-toc-link ez-toc-heading-31\" href=\"https:\/\/osteomag.ca\/fr\/arches-pied-equilibre-mobilite-posture-saine\/#8_Lombalgies_lumbago\" >8. Lombalgies (lumbago)<\/a><\/li><li class='ez-toc-page-1 ez-toc-heading-level-3'><a class=\"ez-toc-link ez-toc-heading-32\" href=\"https:\/\/osteomag.ca\/fr\/arches-pied-equilibre-mobilite-posture-saine\/#9_Contractures_Musculaires_dans_les_Mollets\" >9. Contractures Musculaires dans les Mollets<\/a><\/li><li class='ez-toc-page-1 ez-toc-heading-level-3'><a class=\"ez-toc-link ez-toc-heading-33\" href=\"https:\/\/osteomag.ca\/fr\/arches-pied-equilibre-mobilite-posture-saine\/#10_Syndrome_Femoro-Patellaire_Douleur_au_Devant_du_Genou\" >10. Syndrome F\u00e9moro-Patellaire (Douleur au Devant du Genou)<\/a><\/li><li class='ez-toc-page-1 ez-toc-heading-level-3'><a class=\"ez-toc-link ez-toc-heading-34\" href=\"https:\/\/osteomag.ca\/fr\/arches-pied-equilibre-mobilite-posture-saine\/#11_Inegalite_de_Longueur_des_Jambes\" >11. In\u00e9galit\u00e9 de Longueur des Jambes<\/a><\/li><li class='ez-toc-page-1 ez-toc-heading-level-3'><a class=\"ez-toc-link ez-toc-heading-35\" href=\"https:\/\/osteomag.ca\/fr\/arches-pied-equilibre-mobilite-posture-saine\/#12_Tendinite_dAchille\" >12. Tendinite d\u2019Achille<\/a><\/li><li class='ez-toc-page-1 ez-toc-heading-level-3'><a class=\"ez-toc-link ez-toc-heading-36\" href=\"https:\/\/osteomag.ca\/fr\/arches-pied-equilibre-mobilite-posture-saine\/#13_Douleur_de_la_Hanche_Syndrome_de_la_Bandelette_Ilio-Tibiale\" >13. Douleur de la Hanche (Syndrome de la Bandelette Ilio-Tibiale)<\/a><\/li><li class='ez-toc-page-1 ez-toc-heading-level-3'><a class=\"ez-toc-link ez-toc-heading-37\" href=\"https:\/\/osteomag.ca\/fr\/arches-pied-equilibre-mobilite-posture-saine\/#14_Affaiblissement_des_Muscles_Posturaux\" >14. Affaiblissement des Muscles Posturaux<\/a><\/li><li class='ez-toc-page-1 ez-toc-heading-level-3'><a class=\"ez-toc-link ez-toc-heading-38\" href=\"https:\/\/osteomag.ca\/fr\/arches-pied-equilibre-mobilite-posture-saine\/#15_Syndrome_du_Nerf_Peronier\" >15. Syndrome du Nerf P\u00e9ronier<\/a><\/li><\/ul><\/li><li class='ez-toc-page-1 ez-toc-heading-level-2'><a class=\"ez-toc-link ez-toc-heading-39\" href=\"https:\/\/osteomag.ca\/fr\/arches-pied-equilibre-mobilite-posture-saine\/#Diagnostic_des_Problemes_dArches_du_Pied\" >Diagnostic des Probl\u00e8mes d&rsquo;Arches du Pied<\/a><ul class='ez-toc-list-level-3' ><li class='ez-toc-heading-level-3'><a class=\"ez-toc-link ez-toc-heading-40\" href=\"https:\/\/osteomag.ca\/fr\/arches-pied-equilibre-mobilite-posture-saine\/#Examen_Physique\" >Examen Physique<\/a><\/li><li class='ez-toc-page-1 ez-toc-heading-level-3'><a class=\"ez-toc-link ez-toc-heading-41\" href=\"https:\/\/osteomag.ca\/fr\/arches-pied-equilibre-mobilite-posture-saine\/#Imagerie_Medicale\" >Imagerie M\u00e9dicale<\/a><\/li><li class='ez-toc-page-1 ez-toc-heading-level-3'><a class=\"ez-toc-link ez-toc-heading-42\" href=\"https:\/\/osteomag.ca\/fr\/arches-pied-equilibre-mobilite-posture-saine\/#Analyse_de_la_Marche\" >Analyse de la Marche<\/a><\/li><li class='ez-toc-page-1 ez-toc-heading-level-3'><a class=\"ez-toc-link ez-toc-heading-43\" href=\"https:\/\/osteomag.ca\/fr\/arches-pied-equilibre-mobilite-posture-saine\/#Importance_dun_Diagnostic_Precoce\" >Importance d\u2019un Diagnostic Pr\u00e9coce<\/a><\/li><\/ul><\/li><li class='ez-toc-page-1 ez-toc-heading-level-2'><a class=\"ez-toc-link ez-toc-heading-44\" href=\"https:\/\/osteomag.ca\/fr\/arches-pied-equilibre-mobilite-posture-saine\/#Prevention_et_Correction_des_Desequilibres_des_Arches_du_Pied\" >Pr\u00e9vention et Correction des D\u00e9s\u00e9quilibres des Arches du Pied<\/a><ul class='ez-toc-list-level-3' ><li class='ez-toc-heading-level-3'><a class=\"ez-toc-link ez-toc-heading-45\" href=\"https:\/\/osteomag.ca\/fr\/arches-pied-equilibre-mobilite-posture-saine\/#Exercices_de_Renforcement_et_dEtirement_Specifiques\" >Exercices de Renforcement et d\u2019\u00c9tirement Sp\u00e9cifiques<\/a><\/li><li class='ez-toc-page-1 ez-toc-heading-level-3'><a class=\"ez-toc-link ez-toc-heading-46\" href=\"https:\/\/osteomag.ca\/fr\/arches-pied-equilibre-mobilite-posture-saine\/#Conseils_dHygiene_Posturale_et_Chaussures_Adaptees\" >Conseils d\u2019Hygi\u00e8ne Posturale et Chaussures Adapt\u00e9es<\/a><\/li><li class='ez-toc-page-1 ez-toc-heading-level-3'><a class=\"ez-toc-link ez-toc-heading-47\" href=\"https:\/\/osteomag.ca\/fr\/arches-pied-equilibre-mobilite-posture-saine\/#Importance_des_Semelles_Orthopediques_et_de_lOrthese_Plantaire\" >Importance des Semelles Orthop\u00e9diques et de l\u2019Orth\u00e8se Plantaire<\/a><\/li><\/ul><\/li><li class='ez-toc-page-1 ez-toc-heading-level-2'><a class=\"ez-toc-link ez-toc-heading-48\" href=\"https:\/\/osteomag.ca\/fr\/arches-pied-equilibre-mobilite-posture-saine\/#Le_Role_de_lOsteopathie_dans_la_Sante_des_Arches_du_Pied\" >Le R\u00f4le de l&rsquo;Ost\u00e9opathie dans la Sant\u00e9 des Arches du Pied<\/a><ul class='ez-toc-list-level-3' ><li class='ez-toc-heading-level-3'><a class=\"ez-toc-link ez-toc-heading-49\" href=\"https:\/\/osteomag.ca\/fr\/arches-pied-equilibre-mobilite-posture-saine\/#Approche_Osteopathique_pour_Equilibrer_les_Arches_du_Pied\" >Approche Ost\u00e9opathique pour \u00c9quilibrer les Arches du Pied<\/a><\/li><li class='ez-toc-page-1 ez-toc-heading-level-3'><a class=\"ez-toc-link ez-toc-heading-50\" href=\"https:\/\/osteomag.ca\/fr\/arches-pied-equilibre-mobilite-posture-saine\/#Techniques_de_Manipulation_Specifiques_aux_Dysfonctions_des_Arches\" >Techniques de Manipulation Sp\u00e9cifiques aux Dysfonctions des Arches<\/a><\/li><li class='ez-toc-page-1 ez-toc-heading-level-3'><a class=\"ez-toc-link ez-toc-heading-51\" href=\"https:\/\/osteomag.ca\/fr\/arches-pied-equilibre-mobilite-posture-saine\/#Cas_Concrets_et_Retours_dExperience\" >Cas Concrets et Retours d&rsquo;Exp\u00e9rience<\/a><\/li><\/ul><\/li><li class='ez-toc-page-1 ez-toc-heading-level-2'><a class=\"ez-toc-link ez-toc-heading-52\" href=\"https:\/\/osteomag.ca\/fr\/arches-pied-equilibre-mobilite-posture-saine\/#Conclusion_Prendre_Soin_de_ses_Arches_pour_une_Vie_Active\" >Conclusion : Prendre Soin de ses Arches pour une Vie Active<\/a><ul class='ez-toc-list-level-3' ><li class='ez-toc-heading-level-3'><a class=\"ez-toc-link ez-toc-heading-53\" href=\"https:\/\/osteomag.ca\/fr\/arches-pied-equilibre-mobilite-posture-saine\/#Recommandations_Finales_pour_Preserver_la_Sante_des_Pieds\" >Recommandations Finales pour Pr\u00e9server la Sant\u00e9 des Pieds<\/a><\/li><\/ul><\/li><li class='ez-toc-page-1 ez-toc-heading-level-2'><a class=\"ez-toc-link ez-toc-heading-54\" href=\"https:\/\/osteomag.ca\/fr\/arches-pied-equilibre-mobilite-posture-saine\/#References\" >R\u00e9f\u00e9rences<\/a><\/li><li class='ez-toc-page-1 ez-toc-heading-level-2'><a class=\"ez-toc-link ez-toc-heading-55\" href=\"https:\/\/osteomag.ca\/fr\/arches-pied-equilibre-mobilite-posture-saine\/#Annexe\" >Annexe<\/a><\/li><li class='ez-toc-page-1 ez-toc-heading-level-2'><a class=\"ez-toc-link ez-toc-heading-56\" href=\"https:\/\/osteomag.ca\/fr\/arches-pied-equilibre-mobilite-posture-saine\/#Annexe_B_%E2%80%94_Biomecanique_Simplifiee_du_Pied_Pendant_la_Marche\" >Annexe B \u2014 Biom\u00e9canique Simplifi\u00e9e du Pied Pendant la Marche<\/a><ul class='ez-toc-list-level-3' ><li class='ez-toc-heading-level-3'><a class=\"ez-toc-link ez-toc-heading-57\" href=\"https:\/\/osteomag.ca\/fr\/arches-pied-equilibre-mobilite-posture-saine\/#1_Phase_dattaque_talonniere\" >1. Phase d\u2019attaque talonni\u00e8re<\/a><\/li><li class='ez-toc-page-1 ez-toc-heading-level-3'><a class=\"ez-toc-link ez-toc-heading-58\" href=\"https:\/\/osteomag.ca\/fr\/arches-pied-equilibre-mobilite-posture-saine\/#2_Phase_dappui_medio-pied\" >2. Phase d\u2019appui m\u00e9dio-pied<\/a><\/li><li class='ez-toc-page-1 ez-toc-heading-level-3'><a class=\"ez-toc-link ez-toc-heading-59\" href=\"https:\/\/osteomag.ca\/fr\/arches-pied-equilibre-mobilite-posture-saine\/#3_Phase_de_propulsion\" >3. Phase de propulsion<\/a><\/li><li class='ez-toc-page-1 ez-toc-heading-level-3'><a class=\"ez-toc-link ez-toc-heading-60\" href=\"https:\/\/osteomag.ca\/fr\/arches-pied-equilibre-mobilite-posture-saine\/#4_Rigidite_vs_Souplesse_le_mecanisme_du_Windlass\" >4. Rigidit\u00e9 vs Souplesse : le m\u00e9canisme du Windlass<\/a><\/li><\/ul><\/li><li class='ez-toc-page-1 ez-toc-heading-level-2'><a class=\"ez-toc-link ez-toc-heading-61\" href=\"https:\/\/osteomag.ca\/fr\/arches-pied-equilibre-mobilite-posture-saine\/#Tableau_Comparatif\" >Tableau Comparatif<\/a><\/li><li class='ez-toc-page-1 ez-toc-heading-level-2'><a class=\"ez-toc-link ez-toc-heading-62\" href=\"https:\/\/osteomag.ca\/fr\/arches-pied-equilibre-mobilite-posture-saine\/#Lecture_Clinique_Simplifiee\" >Lecture Clinique Simplifi\u00e9e<\/a><ul class='ez-toc-list-level-3' ><li class='ez-toc-heading-level-3'><a class=\"ez-toc-link ez-toc-heading-63\" href=\"https:\/\/osteomag.ca\/fr\/arches-pied-equilibre-mobilite-posture-saine\/#Pied_plat\" >Pied plat<\/a><\/li><li class='ez-toc-page-1 ez-toc-heading-level-3'><a class=\"ez-toc-link ez-toc-heading-64\" href=\"https:\/\/osteomag.ca\/fr\/arches-pied-equilibre-mobilite-posture-saine\/#Pied_creux\" >Pied creux<\/a><\/li><li class='ez-toc-page-1 ez-toc-heading-level-3'><a class=\"ez-toc-link ez-toc-heading-65\" href=\"https:\/\/osteomag.ca\/fr\/arches-pied-equilibre-mobilite-posture-saine\/#Perspective_Fonctionnelle\" >Perspective Fonctionnelle<\/a><\/li><\/ul><\/li><li class='ez-toc-page-1 ez-toc-heading-level-2'><a class=\"ez-toc-link ez-toc-heading-66\" href=\"https:\/\/osteomag.ca\/fr\/arches-pied-equilibre-mobilite-posture-saine\/#Annexe_D_%E2%80%94_Auto-Test_Clinique_Simplifie\" >Annexe D \u2014 Auto-Test Clinique Simplifi\u00e9<\/a><ul class='ez-toc-list-level-3' ><li class='ez-toc-heading-level-3'><a class=\"ez-toc-link ez-toc-heading-67\" href=\"https:\/\/osteomag.ca\/fr\/arches-pied-equilibre-mobilite-posture-saine\/#1_Test_de_lempreinte_plantaire\" >1. Test de l\u2019empreinte plantaire<\/a><\/li><li class='ez-toc-page-1 ez-toc-heading-level-3'><a class=\"ez-toc-link ez-toc-heading-68\" href=\"https:\/\/osteomag.ca\/fr\/arches-pied-equilibre-mobilite-posture-saine\/#Materiel\" >Mat\u00e9riel<\/a><\/li><li class='ez-toc-page-1 ez-toc-heading-level-3'><a class=\"ez-toc-link ez-toc-heading-69\" href=\"https:\/\/osteomag.ca\/fr\/arches-pied-equilibre-mobilite-posture-saine\/#Procedure\" >Proc\u00e9dure<\/a><\/li><li class='ez-toc-page-1 ez-toc-heading-level-3'><a class=\"ez-toc-link ez-toc-heading-70\" href=\"https:\/\/osteomag.ca\/fr\/arches-pied-equilibre-mobilite-posture-saine\/#Interpretation_simplifiee\" >Interpr\u00e9tation simplifi\u00e9e<\/a><\/li><li class='ez-toc-page-1 ez-toc-heading-level-3'><a class=\"ez-toc-link ez-toc-heading-71\" href=\"https:\/\/osteomag.ca\/fr\/arches-pied-equilibre-mobilite-posture-saine\/#2_Test_de_montee_sur_les_orteils\" >2. Test de mont\u00e9e sur les orteils<\/a><\/li><li class='ez-toc-page-1 ez-toc-heading-level-3'><a class=\"ez-toc-link ez-toc-heading-72\" href=\"https:\/\/osteomag.ca\/fr\/arches-pied-equilibre-mobilite-posture-saine\/#Procedure-2\" >Proc\u00e9dure<\/a><\/li><li class='ez-toc-page-1 ez-toc-heading-level-3'><a class=\"ez-toc-link ez-toc-heading-73\" href=\"https:\/\/osteomag.ca\/fr\/arches-pied-equilibre-mobilite-posture-saine\/#Observation\" >Observation<\/a><\/li><li class='ez-toc-page-1 ez-toc-heading-level-3'><a class=\"ez-toc-link ez-toc-heading-74\" href=\"https:\/\/osteomag.ca\/fr\/arches-pied-equilibre-mobilite-posture-saine\/#3_Observation_de_lalignement_du_talon\" >3. Observation de l\u2019alignement du talon<\/a><\/li><li class='ez-toc-page-1 ez-toc-heading-level-3'><a class=\"ez-toc-link ez-toc-heading-75\" href=\"https:\/\/osteomag.ca\/fr\/arches-pied-equilibre-mobilite-posture-saine\/#Procedure-3\" >Proc\u00e9dure<\/a><\/li><li class='ez-toc-page-1 ez-toc-heading-level-3'><a class=\"ez-toc-link ez-toc-heading-76\" href=\"https:\/\/osteomag.ca\/fr\/arches-pied-equilibre-mobilite-posture-saine\/#Interpretation\" >Interpr\u00e9tation<\/a><\/li><li class='ez-toc-page-1 ez-toc-heading-level-3'><a class=\"ez-toc-link ez-toc-heading-77\" href=\"https:\/\/osteomag.ca\/fr\/arches-pied-equilibre-mobilite-posture-saine\/#4_Observation_de_lusure_des_chaussures\" >4. Observation de l\u2019usure des chaussures<\/a><\/li><li class='ez-toc-page-1 ez-toc-heading-level-3'><a class=\"ez-toc-link ez-toc-heading-78\" href=\"https:\/\/osteomag.ca\/fr\/arches-pied-equilibre-mobilite-posture-saine\/#Verifier_lusure_de_la_semelle\" >V\u00e9rifier l\u2019usure de la semelle :<\/a><\/li><li class='ez-toc-page-1 ez-toc-heading-level-3'><a class=\"ez-toc-link ez-toc-heading-79\" href=\"https:\/\/osteomag.ca\/fr\/arches-pied-equilibre-mobilite-posture-saine\/#Important\" >Important<\/a><\/li><\/ul><\/li><li class='ez-toc-page-1 ez-toc-heading-level-2'><a class=\"ez-toc-link ez-toc-heading-80\" href=\"https:\/\/osteomag.ca\/fr\/arches-pied-equilibre-mobilite-posture-saine\/#Annexe_E_%E2%80%94_Exercices_Illustres_de_Renforcement_des_Arches\" >Annexe E \u2014 Exercices Illustr\u00e9s de Renforcement des Arches<\/a><ul class='ez-toc-list-level-3' ><li class='ez-toc-heading-level-3'><a class=\"ez-toc-link ez-toc-heading-81\" href=\"https:\/\/osteomag.ca\/fr\/arches-pied-equilibre-mobilite-posture-saine\/#1_Exercice_de_raccourcissement_du_pied_Short_Foot_Exercise\" >1. Exercice de raccourcissement du pied (Short Foot Exercise)<\/a><\/li><li class='ez-toc-page-1 ez-toc-heading-level-3'><a class=\"ez-toc-link ez-toc-heading-82\" href=\"https:\/\/osteomag.ca\/fr\/arches-pied-equilibre-mobilite-posture-saine\/#Position\" >Position<\/a><\/li><li class='ez-toc-page-1 ez-toc-heading-level-3'><a class=\"ez-toc-link ez-toc-heading-83\" href=\"https:\/\/osteomag.ca\/fr\/arches-pied-equilibre-mobilite-posture-saine\/#Mouvement\" >Mouvement<\/a><\/li><li class='ez-toc-page-1 ez-toc-heading-level-3'><a class=\"ez-toc-link ez-toc-heading-84\" href=\"https:\/\/osteomag.ca\/fr\/arches-pied-equilibre-mobilite-posture-saine\/#Duree\" >Dur\u00e9e<\/a><\/li><li class='ez-toc-page-1 ez-toc-heading-level-3'><a class=\"ez-toc-link ez-toc-heading-85\" href=\"https:\/\/osteomag.ca\/fr\/arches-pied-equilibre-mobilite-posture-saine\/#Objectif\" >Objectif<\/a><\/li><li class='ez-toc-page-1 ez-toc-heading-level-3'><a class=\"ez-toc-link ez-toc-heading-86\" href=\"https:\/\/osteomag.ca\/fr\/arches-pied-equilibre-mobilite-posture-saine\/#2_Ramassage_de_serviette_avec_les_orteils\" >2. Ramassage de serviette avec les orteils<\/a><\/li><li class='ez-toc-page-1 ez-toc-heading-level-3'><a class=\"ez-toc-link ez-toc-heading-87\" href=\"https:\/\/osteomag.ca\/fr\/arches-pied-equilibre-mobilite-posture-saine\/#Materiel-2\" >Mat\u00e9riel<\/a><\/li><li class='ez-toc-page-1 ez-toc-heading-level-3'><a class=\"ez-toc-link ez-toc-heading-88\" href=\"https:\/\/osteomag.ca\/fr\/arches-pied-equilibre-mobilite-posture-saine\/#Mouvement-2\" >Mouvement<\/a><\/li><li class='ez-toc-page-1 ez-toc-heading-level-3'><a class=\"ez-toc-link ez-toc-heading-89\" href=\"https:\/\/osteomag.ca\/fr\/arches-pied-equilibre-mobilite-posture-saine\/#Duree-2\" >Dur\u00e9e<\/a><\/li><li class='ez-toc-page-1 ez-toc-heading-level-3'><a class=\"ez-toc-link ez-toc-heading-90\" href=\"https:\/\/osteomag.ca\/fr\/arches-pied-equilibre-mobilite-posture-saine\/#Objectif-2\" >Objectif<\/a><\/li><li class='ez-toc-page-1 ez-toc-heading-level-3'><a class=\"ez-toc-link ez-toc-heading-91\" href=\"https:\/\/osteomag.ca\/fr\/arches-pied-equilibre-mobilite-posture-saine\/#3_Ramassage_dobjets_avec_les_orteils\" >3. Ramassage d\u2019objets avec les orteils<\/a><\/li><li class='ez-toc-page-1 ez-toc-heading-level-3'><a class=\"ez-toc-link ez-toc-heading-92\" href=\"https:\/\/osteomag.ca\/fr\/arches-pied-equilibre-mobilite-posture-saine\/#Materiel-3\" >Mat\u00e9riel<\/a><\/li><li class='ez-toc-page-1 ez-toc-heading-level-3'><a class=\"ez-toc-link ez-toc-heading-93\" href=\"https:\/\/osteomag.ca\/fr\/arches-pied-equilibre-mobilite-posture-saine\/#Mouvement-3\" >Mouvement<\/a><\/li><li class='ez-toc-page-1 ez-toc-heading-level-3'><a class=\"ez-toc-link ez-toc-heading-94\" href=\"https:\/\/osteomag.ca\/fr\/arches-pied-equilibre-mobilite-posture-saine\/#Duree-3\" >Dur\u00e9e<\/a><\/li><li class='ez-toc-page-1 ez-toc-heading-level-3'><a class=\"ez-toc-link ez-toc-heading-95\" href=\"https:\/\/osteomag.ca\/fr\/arches-pied-equilibre-mobilite-posture-saine\/#Objectif-3\" >Objectif<\/a><\/li><li class='ez-toc-page-1 ez-toc-heading-level-3'><a class=\"ez-toc-link ez-toc-heading-96\" href=\"https:\/\/osteomag.ca\/fr\/arches-pied-equilibre-mobilite-posture-saine\/#4_Montee_sur_la_pointe_des_pieds\" >4. Mont\u00e9e sur la pointe des pieds<\/a><\/li><li class='ez-toc-page-1 ez-toc-heading-level-3'><a class=\"ez-toc-link ez-toc-heading-97\" href=\"https:\/\/osteomag.ca\/fr\/arches-pied-equilibre-mobilite-posture-saine\/#Position-2\" >Position<\/a><\/li><li class='ez-toc-page-1 ez-toc-heading-level-3'><a class=\"ez-toc-link ez-toc-heading-98\" href=\"https:\/\/osteomag.ca\/fr\/arches-pied-equilibre-mobilite-posture-saine\/#Mouvement-4\" >Mouvement<\/a><\/li><li class='ez-toc-page-1 ez-toc-heading-level-3'><a class=\"ez-toc-link ez-toc-heading-99\" href=\"https:\/\/osteomag.ca\/fr\/arches-pied-equilibre-mobilite-posture-saine\/#Duree-4\" >Dur\u00e9e<\/a><\/li><li class='ez-toc-page-1 ez-toc-heading-level-3'><a class=\"ez-toc-link ez-toc-heading-100\" href=\"https:\/\/osteomag.ca\/fr\/arches-pied-equilibre-mobilite-posture-saine\/#Objectif-4\" >Objectif<\/a><\/li><li class='ez-toc-page-1 ez-toc-heading-level-3'><a class=\"ez-toc-link ez-toc-heading-101\" href=\"https:\/\/osteomag.ca\/fr\/arches-pied-equilibre-mobilite-posture-saine\/#5_Marche_pieds_nus_sur_terrain_varie\" >5. Marche pieds nus sur terrain vari\u00e9<\/a><\/li><li class='ez-toc-page-1 ez-toc-heading-level-3'><a class=\"ez-toc-link ez-toc-heading-102\" href=\"https:\/\/osteomag.ca\/fr\/arches-pied-equilibre-mobilite-posture-saine\/#Exemples_de_surfaces\" >Exemples de surfaces<\/a><\/li><li class='ez-toc-page-1 ez-toc-heading-level-3'><a class=\"ez-toc-link ez-toc-heading-103\" href=\"https:\/\/osteomag.ca\/fr\/arches-pied-equilibre-mobilite-posture-saine\/#Duree-5\" >Dur\u00e9e<\/a><\/li><li class='ez-toc-page-1 ez-toc-heading-level-3'><a class=\"ez-toc-link ez-toc-heading-104\" href=\"https:\/\/osteomag.ca\/fr\/arches-pied-equilibre-mobilite-posture-saine\/#Objectif-5\" >Objectif<\/a><\/li><li class='ez-toc-page-1 ez-toc-heading-level-3'><a class=\"ez-toc-link ez-toc-heading-105\" href=\"https:\/\/osteomag.ca\/fr\/arches-pied-equilibre-mobilite-posture-saine\/#Conseils_de_pratique\" >Conseils de pratique<\/a><\/li><li class='ez-toc-page-1 ez-toc-heading-level-3'><a class=\"ez-toc-link ez-toc-heading-106\" href=\"https:\/\/osteomag.ca\/fr\/arches-pied-equilibre-mobilite-posture-saine\/#Perspective_osteopathique\" >Perspective ost\u00e9opathique<\/a><\/li><\/ul><\/li><li class='ez-toc-page-1 ez-toc-heading-level-2'><a class=\"ez-toc-link ez-toc-heading-107\" href=\"https:\/\/osteomag.ca\/fr\/arches-pied-equilibre-mobilite-posture-saine\/#Annexe_F_%E2%80%94_Facteurs_de_Risque_Signes_dAlerte\" >Annexe F \u2014 Facteurs de Risque &amp; Signes d\u2019Alerte<\/a><ul class='ez-toc-list-level-3' ><li class='ez-toc-heading-level-3'><a class=\"ez-toc-link ez-toc-heading-108\" href=\"https:\/\/osteomag.ca\/fr\/arches-pied-equilibre-mobilite-posture-saine\/#1_Facteurs_de_risque_biomecaniques\" >1. Facteurs de risque biom\u00e9caniques<\/a><\/li><li class='ez-toc-page-1 ez-toc-heading-level-3'><a class=\"ez-toc-link ez-toc-heading-109\" href=\"https:\/\/osteomag.ca\/fr\/arches-pied-equilibre-mobilite-posture-saine\/#2_Facteurs_lies_au_mode_de_vie\" >2. Facteurs li\u00e9s au mode de vie<\/a><\/li><li class='ez-toc-page-1 ez-toc-heading-level-3'><a class=\"ez-toc-link ez-toc-heading-110\" href=\"https:\/\/osteomag.ca\/fr\/arches-pied-equilibre-mobilite-posture-saine\/#3_Signes_dalerte_a_surveiller\" >3. Signes d\u2019alerte \u00e0 surveiller<\/a><\/li><li class='ez-toc-page-1 ez-toc-heading-level-3'><a class=\"ez-toc-link ez-toc-heading-111\" href=\"https:\/\/osteomag.ca\/fr\/arches-pied-equilibre-mobilite-posture-saine\/#4_Quand_consulter\" >4. Quand consulter ?<\/a><\/li><li class='ez-toc-page-1 ez-toc-heading-level-3'><a class=\"ez-toc-link ez-toc-heading-112\" href=\"https:\/\/osteomag.ca\/fr\/arches-pied-equilibre-mobilite-posture-saine\/#Perspective_osteopathique-2\" >Perspective ost\u00e9opathique<\/a><\/li><\/ul><\/li><\/ul><\/nav><\/div>\n\n<h2 class=\"wp-block-heading has-white-color has-vivid-cyan-blue-to-vivid-purple-gradient-background has-text-color has-background has-link-color wp-elements-93b4b912c6d0e769f1215ae37f13352a\"><span class=\"ez-toc-section\" id=\"Introduction_LImportance_des_Arches_du_Pied\"><\/span>Introduction : L&rsquo;Importance des Arches du Pied<span class=\"ez-toc-section-end\"><\/span><\/h2>\n\n\n\n<p>On parle souvent du dos, des genoux ou des hanches lorsqu\u2019une douleur appara\u00eet. Pourtant, tout commence plus bas. Le pied est la premi\u00e8re interface entre le corps et le sol. \u00c0 chaque pas, il re\u00e7oit le poids corporel, absorbe les impacts, s\u2019adapte aux irr\u00e9gularit\u00e9s du terrain et transmet les forces vers le haut. Au c\u0153ur de cette fonction essentielle se trouvent les arches du pied \u2014 une architecture \u00e0 la fois solide et adaptable, discr\u00e8te mais d\u00e9terminante pour l\u2019\u00e9quilibre global.<\/p>\n\n\n\n<p>Les arches ne sont pas simplement une forme anatomique visible. Elles repr\u00e9sentent un syst\u00e8me dynamique o\u00f9 os, ligaments, tendons, fascia et muscles coop\u00e8rent en permanence. Leur r\u00f4le n\u2019est pas uniquement de soutenir le corps en position debout. Elles doivent aussi moduler la rigidit\u00e9 et la souplesse du pied selon le contexte : c\u00e9der l\u00e9g\u00e8rement pour absorber un choc, puis se raffermir pour permettre la propulsion. Trop souples, elles s\u2019affaissent et compromettent la stabilit\u00e9. Trop rigides, elles perdent leur capacit\u00e9 d\u2019amortissement. Leur sant\u00e9 repose donc sur un \u00e9quilibre subtil entre flexibilit\u00e9 et tension.<\/p>\n\n\n\n<p>On distingue trois arches principales : l\u2019arche longitudinale interne, l\u2019arche longitudinale externe et l\u2019arche transversale. Ensemble, elles forment une vo\u00fbte tridimensionnelle capable de r\u00e9partir les charges avec pr\u00e9cision. Lors de la marche ou de la course, le poids du corps peut atteindre plusieurs fois sa valeur statique. Les arches permettent alors de dissiper ces contraintes au lieu de les concentrer sur une seule zone. Elles agissent comme un syst\u00e8me de redistribution intelligent, prot\u00e9geant non seulement le pied, mais aussi les articulations situ\u00e9es plus haut.<\/p>\n\n\n\n<p>Leur influence d\u00e9passe largement la plante du pied. Une arche fonctionnelle favorise un alignement harmonieux de la cheville, du genou, de la hanche et du bassin. Elle contribue \u00e0 une posture plus stable et \u00e0 une d\u00e9marche plus \u00e9conomique. \u00c0 l\u2019inverse, un affaissement ou une rigidit\u00e9 excessive modifie la strat\u00e9gie d\u2019appui du corps. Le genou peut se placer en valgus, la hanche se r\u00e9organiser, le bas du dos absorber davantage de contraintes. Ce ne sont pas les arches qui \u00ab causent tout \u00bb, mais elles orientent la mani\u00e8re dont le corps g\u00e8re la gravit\u00e9.<\/p>\n\n\n\n<p>Enfin, les arches jouent un r\u00f4le fondamental dans l\u2019\u00e9quilibre. Elles permettent au pied d\u2019alterner entre adaptation et stabilit\u00e9. Sur un terrain irr\u00e9gulier, elles se modulent pour \u00e9viter la chute. Lors de la propulsion, elles se raffermissent pour transmettre efficacement la force vers l\u2019avant. Cette capacit\u00e9 d\u2019ajustement permanent explique pourquoi des d\u00e9s\u00e9quilibres apparemment mineurs peuvent, avec le temps, influencer la mobilit\u00e9 globale et la fatigue musculaire.<\/p>\n\n\n\n<p>Comprendre les arches du pied, c\u2019est comprendre la base m\u00e9canique sur laquelle repose l\u2019ensemble du corps. Ce ne sont pas de simples structures passives : ce sont des acteurs dynamiques de la posture, du mouvement et de la pr\u00e9vention des douleurs. Prendre soin d\u2019elles, c\u2019est pr\u00e9server l\u2019\u00e9quilibre de tout ce qui s\u2019\u00e9l\u00e8ve au-dessus.<\/p>\n\n\n\n<h2 class=\"wp-block-heading has-white-color has-vivid-cyan-blue-to-vivid-purple-gradient-background has-text-color has-background has-link-color wp-elements-7e4c5fba7f954a2d6be3e8cf1dc8e090\"><span class=\"ez-toc-section\" id=\"Anatomie_des_Arches_du_Pied\"><\/span>Anatomie des Arches du Pied<span class=\"ez-toc-section-end\"><\/span><\/h2>\n\n\n\n<p>L\u2019architecture du pied repose sur une organisation en vo\u00fbte qui permet \u00e0 la fois solidit\u00e9 et mobilit\u00e9. Cette structure tridimensionnelle se compose de trois arches compl\u00e9mentaires : l\u2019arche longitudinale interne, l\u2019arche longitudinale externe et l\u2019arche transversale. Ensemble, elles forment un syst\u00e8me m\u00e9canique capable de supporter le poids du corps, d\u2019absorber les contraintes et d\u2019assurer une adaptation fine aux variations du terrain.<\/p>\n\n\n\n<p>Chaque arche n\u2019est pas une simple courbure osseuse : elle r\u00e9sulte d\u2019une interaction pr\u00e9cise entre os, ligaments, fascia plantaire et muscles intrins\u00e8ques et extrins\u00e8ques. Cette coop\u00e9ration permet au pied d\u2019alterner entre souplesse d\u2019amortissement et rigidit\u00e9 de propulsion. L\u2019\u00e9quilibre de ces structures conditionne la stabilit\u00e9 globale du membre inf\u00e9rieur et influence directement la posture.<\/p>\n\n\n<div class=\"wp-block-image\">\n<figure class=\"aligncenter size-full is-resized\"><img decoding=\"async\" width=\"597\" height=\"677\" src=\"https:\/\/osteomag.ca\/wp-content\/uploads\/2024\/11\/2024-11-08_16-54-10-1.webp\" alt=\"\" class=\"wp-image-46374\" style=\"width:415px;height:auto\" srcset=\"https:\/\/osteomag.ca\/wp-content\/uploads\/2024\/11\/2024-11-08_16-54-10-1.webp 597w, https:\/\/osteomag.ca\/wp-content\/uploads\/2024\/11\/2024-11-08_16-54-10-1-357x405.webp 357w, https:\/\/osteomag.ca\/wp-content\/uploads\/2024\/11\/2024-11-08_16-54-10-1-71x80.webp 71w, https:\/\/osteomag.ca\/wp-content\/uploads\/2024\/11\/2024-11-08_16-54-10-1-370x420.webp 370w, https:\/\/osteomag.ca\/wp-content\/uploads\/2024\/11\/2024-11-08_16-54-10-1-150x170.webp 150w, https:\/\/osteomag.ca\/wp-content\/uploads\/2024\/11\/2024-11-08_16-54-10-1-300x340.webp 300w\" sizes=\"(max-width: 597px) 100vw, 597px\" \/><figcaption class=\"wp-element-caption\">Le pied humain repose sur trois arches principales, essentielles pour la stabilit\u00e9, la r\u00e9partition du poids et la mobilit\u00e9. Ces arches sont les suivantes : <strong>l&rsquo;arche longitudinale interne<\/strong>, <strong>l&rsquo;arche longitudinale externe<\/strong> et <strong>l&rsquo;arche transverse<\/strong>.<br>L&rsquo;<strong>arche longitudinale interne<\/strong> (en vert sur l&rsquo;image) est la plus importante et la plus haute des trois. Elle s&rsquo;\u00e9tend du talon jusqu&rsquo;\u00e0 la base du gros orteil et agit comme un amortisseur naturel pour absorber les chocs. Elle est form\u00e9e par des os tels que le calcan\u00e9um, l&rsquo;astragale, le naviculaire et les m\u00e9tatarsiens.<br>L&rsquo;<strong>arche longitudinale externe<\/strong> (en rouge) est plus basse et situ\u00e9e sur le bord lat\u00e9ral du pied. Elle offre stabilit\u00e9 et soutien, notamment pendant la marche et la station debout.<br>L&rsquo;<strong>arche transverse<\/strong> (en bleu) traverse le pied d\u2019un c\u00f4t\u00e9 \u00e0 l\u2019autre, reliant les bases des m\u00e9tatarsiens. Elle contribue \u00e0 maintenir la forme naturelle du pied en r\u00e9partissant le poids.<br>Ces trois arches fonctionnent en harmonie pour soutenir le poids du corps, amortir les impacts et s\u2019adapter aux diff\u00e9rentes surfaces. Leur \u00e9quilibre est essentiel pour pr\u00e9venir les douleurs et d\u00e9formations du pied, telles que les pieds plats ou creux.<\/figcaption><\/figure>\n<\/div>\n\n\n<h3 class=\"wp-block-heading has-vivid-cyan-blue-color has-text-color has-link-color wp-elements-be19541ce8a72f25adffd92429b3de93\"><span class=\"ez-toc-section\" id=\"LArche_Longitudinale_Interne_La_Principale_Source_de_Soutien_et_dAmortissement\"><\/span><strong>L&rsquo;Arche Longitudinale Interne : La Principale Source de Soutien et d&rsquo;Amortissement<\/strong><span class=\"ez-toc-section-end\"><\/span><\/h3>\n\n\n<div class=\"wp-block-image\">\n<figure class=\"aligncenter size-full is-resized\"><img decoding=\"async\" width=\"678\" height=\"274\" src=\"https:\/\/osteomag.ca\/wp-content\/uploads\/2024\/11\/2024-11-08_16-47-07-1.webp\" alt=\"\" class=\"wp-image-46368\" style=\"width:512px;height:auto\" srcset=\"https:\/\/osteomag.ca\/wp-content\/uploads\/2024\/11\/2024-11-08_16-47-07-1.webp 678w, https:\/\/osteomag.ca\/wp-content\/uploads\/2024\/11\/2024-11-08_16-47-07-1-540x218.webp 540w, https:\/\/osteomag.ca\/wp-content\/uploads\/2024\/11\/2024-11-08_16-47-07-1-80x32.webp 80w, https:\/\/osteomag.ca\/wp-content\/uploads\/2024\/11\/2024-11-08_16-47-07-1-150x61.webp 150w, https:\/\/osteomag.ca\/wp-content\/uploads\/2024\/11\/2024-11-08_16-47-07-1-300x121.webp 300w, https:\/\/osteomag.ca\/wp-content\/uploads\/2024\/11\/2024-11-08_16-47-07-1-600x242.webp 600w\" sizes=\"(max-width: 678px) 100vw, 678px\" \/><figcaption class=\"wp-element-caption\">L\u2019<strong>arche longitudinale interne<\/strong> est l\u2019une des structures les plus importantes du pied humain. Elle s\u2019\u00e9tend du talon (os calcan\u00e9um) jusqu\u2019\u00e0 la t\u00eate des m\u00e9tatarsiens, en passant par des os essentiels comme le <strong>talus (astragale)<\/strong>, le naviculaire, le cun\u00e9iforme et les trois premiers m\u00e9tatarsiens. Sur l\u2019image, cette arche est mise en valeur par une courbe verte qui symbolise sa forme naturelle.<br>Cette arche joue un r\u00f4le fondamental dans l\u2019<strong>amortissement des chocs<\/strong> lors de la marche, de la course ou m\u00eame en position debout. Elle permet de r\u00e9partir le poids du corps de mani\u00e8re \u00e9quilibr\u00e9e et d\u2019assurer la stabilit\u00e9 du pied tout en conservant sa flexibilit\u00e9. Le <strong>talus<\/strong> (en bleu sur l\u2019image) est un pivot cl\u00e9 qui transmet le poids du corps vers l&rsquo;arche.<br>Une arche longitudinale interne affaiblie peut conduire \u00e0 un <strong>affaissement<\/strong> du pied, entra\u00eenant des pieds plats et diverses douleurs, notamment au niveau des chevilles, des genoux et de la colonne vert\u00e9brale. \u00c0 l\u2019inverse, une arche trop \u00e9lev\u00e9e, appel\u00e9e pied creux, peut causer un d\u00e9s\u00e9quilibre.<br>Maintenir cette arche en bonne sant\u00e9 gr\u00e2ce \u00e0 des exercices adapt\u00e9s et un bon soutien plantaire est crucial pour pr\u00e9server la posture et le confort au quotidien.<\/figcaption><\/figure>\n<\/div>\n\n\n<p>L\u2019arche longitudinale interne est la plus haute et la plus dynamique des trois. Elle s\u2019\u00e9tend du calcan\u00e9um jusqu\u2019aux t\u00eates des trois premiers m\u00e9tatarsiens, en passant par le talus, le naviculaire et les cun\u00e9iformes.<\/p>\n\n\n\n<p>Le talus occupe une position strat\u00e9gique : il re\u00e7oit la charge tibiale et la redistribue vers l\u2019avant et l\u2019arri\u00e8re de la vo\u00fbte. Cette configuration transforme l\u2019arche interne en v\u00e9ritable syst\u00e8me d\u2019absorption et de restitution d\u2019\u00e9nergie. Lors de l\u2019appui, elle s\u2019abaisse l\u00e9g\u00e8rement pour dissiper les forces, puis se raffermit au moment de la propulsion.<\/p>\n\n\n\n<p>Sa stabilit\u00e9 d\u00e9pend en grande partie du <strong>ligament calcan\u00e9o-naviculaire plantaire<\/strong> (ligament ressort), qui soutient la t\u00eate du talus et emp\u00eache son affaissement m\u00e9dial. Le ligament plantaire long et le ligament plantaire court participent \u00e9galement \u00e0 la coh\u00e9sion de la vo\u00fbte.<\/p>\n\n\n\n<p>Sur le plan musculaire, le tibial post\u00e9rieur joue un r\u00f4le fondamental : il agit comme un hauban dynamique, contr\u00f4lant la pronation et soutenant l\u2019arche interne. Le long fl\u00e9chisseur de l\u2019hallux contribue \u00e0 la tension longitudinale lors de la propulsion.<\/p>\n\n\n\n<p>Un affaiblissement de ces structures peut conduire \u00e0 un affaissement progressif (pied plat acquis), modifiant l\u2019axe tibial et influen\u00e7ant la m\u00e9canique du genou et du bassin. \u00c0 l\u2019inverse, une arche trop haute et rigide (pied creux) r\u00e9duit la capacit\u00e9 d\u2019amortissement et concentre les charges.<\/p>\n\n\n<div class=\"wp-block-image\">\n<figure class=\"aligncenter size-full is-resized\"><img decoding=\"async\" width=\"274\" height=\"305\" src=\"https:\/\/osteomag.ca\/wp-content\/uploads\/2024\/11\/image-18.png\" alt=\"\" class=\"wp-image-46443\" style=\"width:426px;height:auto\" srcset=\"https:\/\/osteomag.ca\/wp-content\/uploads\/2024\/11\/image-18.png 274w, https:\/\/osteomag.ca\/wp-content\/uploads\/2024\/11\/image-18-72x80.png 72w, https:\/\/osteomag.ca\/wp-content\/uploads\/2024\/11\/image-18-150x167.png 150w\" sizes=\"(max-width: 274px) 100vw, 274px\" \/><figcaption class=\"wp-element-caption\">L&rsquo;image repr\u00e9sente les principaux ligaments constituant le ligament delto\u00efde, une structure cl\u00e9 de la stabilit\u00e9 de la cheville. Ces ligaments sont situ\u00e9s sur la face m\u00e9diale de l&rsquo;articulation de la cheville et relient le tibia aux os du pied. Ils assurent la stabilit\u00e9 m\u00e9diale de la cheville et r\u00e9sistent aux mouvements excessifs d&rsquo;\u00e9version.<br><strong>Ligament tibio-naviculaire<\/strong> : Ce ligament relie le tibia \u00e0 l&rsquo;os naviculaire. Il joue un r\u00f4le dans la limitation des mouvements d\u2019\u00e9version et de rotation externe excessive de la cheville.<br><strong>Ligament tibio-talien ant\u00e9rieur<\/strong> : Ce ligament s\u2019\u00e9tend du tibia \u00e0 la partie ant\u00e9rieure du talus. Il est essentiel pour stabiliser l\u2019articulation tibiotarsienne lors de la flexion plantaire.<br><strong>Ligament tibio-calcan\u00e9en<\/strong> : Ce ligament relie le tibia au calcan\u00e9us. Il joue un r\u00f4le central dans le soutien de la vo\u00fbte plantaire m\u00e9diale et la r\u00e9sistance aux forces d\u2019\u00e9version.<br><strong>Ligament tibio-talien post\u00e9rieur<\/strong> : S\u2019\u00e9tendant du tibia \u00e0 la partie post\u00e9rieure du talus, ce ligament limite la flexion dorsale excessive et contribue \u00e0 la stabilit\u00e9 g\u00e9n\u00e9rale de la cheville.<br>L&rsquo;ensemble de ces ligaments agit comme une unit\u00e9 fonctionnelle pour prot\u00e9ger la cheville des blessures dues \u00e0 des mouvements excessifs ou traumatiques. Leur int\u00e9grit\u00e9 est cruciale pour le bon fonctionnement biom\u00e9canique de l&rsquo;articulation.<\/figcaption><\/figure>\n<\/div>\n\n\n<h3 class=\"wp-block-heading has-vivid-cyan-blue-color has-white-background-color has-text-color has-background has-link-color wp-elements-025d635c195294c395b9d9c1d75013d2\"><span class=\"ez-toc-section\" id=\"LArche_Longitudinale_Externe_Soutien_et_Stabilite_Laterale\"><\/span><strong>L&rsquo;Arche Longitudinale Externe : Soutien et Stabilit\u00e9 Lat\u00e9rale<\/strong><span class=\"ez-toc-section-end\"><\/span><\/h3>\n\n\n<div class=\"wp-block-image\">\n<figure class=\"aligncenter size-full is-resized\"><img decoding=\"async\" width=\"687\" height=\"272\" src=\"https:\/\/osteomag.ca\/wp-content\/uploads\/2024\/11\/2024-11-08_16-51-01.webp\" alt=\"\" class=\"wp-image-46366\" style=\"width:407px;height:auto\" srcset=\"https:\/\/osteomag.ca\/wp-content\/uploads\/2024\/11\/2024-11-08_16-51-01.webp 687w, https:\/\/osteomag.ca\/wp-content\/uploads\/2024\/11\/2024-11-08_16-51-01-540x214.webp 540w, https:\/\/osteomag.ca\/wp-content\/uploads\/2024\/11\/2024-11-08_16-51-01-80x32.webp 80w, https:\/\/osteomag.ca\/wp-content\/uploads\/2024\/11\/2024-11-08_16-51-01-150x59.webp 150w, https:\/\/osteomag.ca\/wp-content\/uploads\/2024\/11\/2024-11-08_16-51-01-300x119.webp 300w, https:\/\/osteomag.ca\/wp-content\/uploads\/2024\/11\/2024-11-08_16-51-01-600x238.webp 600w\" sizes=\"(max-width: 687px) 100vw, 687px\" \/><figcaption class=\"wp-element-caption\">L\u2019<strong>arche longitudinale externe<\/strong> est une structure importante du pied humain, bien que moins \u00e9lev\u00e9e que l\u2019arche interne. Elle s\u2019\u00e9tend du <strong>calcan\u00e9um<\/strong> (talon) jusqu\u2019au <strong>cinqui\u00e8me m\u00e9tatarsien<\/strong>, passant par des os cl\u00e9s comme le <strong>cubo\u00efde<\/strong> (mis en \u00e9vidence sur l\u2019image). Cette arche est repr\u00e9sent\u00e9e ici par une courbe bleue qui souligne sa position naturelle.<br>Sa principale fonction est d\u2019assurer la <strong>stabilit\u00e9<\/strong> du pied en contact avec le sol. Contrairement \u00e0 l\u2019arche interne, qui absorbe les chocs, l\u2019arche externe joue un r\u00f4le plus statique et <strong>supporte le poids<\/strong> du corps lors de la marche, de la course ou de la station debout prolong\u00e9e. Cette stabilit\u00e9 est particuli\u00e8rement importante sur des surfaces irr\u00e9guli\u00e8res.<br>Une arche longitudinale externe affaiblie peut entra\u00eener des <strong>d\u00e9s\u00e9quilibres posturaux<\/strong> et des douleurs lat\u00e9rales du pied. Des affections comme le <strong>pied plat<\/strong> peuvent affecter cette structure, r\u00e9duisant son r\u00f4le stabilisateur. En revanche, une arche excessivement rigide peut causer des tensions suppl\u00e9mentaires.<br>Pour pr\u00e9server cette arche, il est important de porter des chaussures adapt\u00e9es et de r\u00e9aliser des exercices de renforcement du pied. Un bon \u00e9quilibre entre souplesse et soutien est essentiel pour garantir la <strong>fonctionnalit\u00e9 optimale<\/strong> de cette partie du pied.<\/figcaption><\/figure>\n<\/div>\n\n\n<p>L\u2019arche longitudinale externe est plus basse et plus rigide. Elle relie le calcan\u00e9um, le cubo\u00efde et le cinqui\u00e8me m\u00e9tatarsien. Sa fonction principale est stabilisatrice.<\/p>\n\n\n\n<p>Contrairement \u00e0 l\u2019arche interne, elle participe moins \u00e0 l\u2019amortissement et davantage au soutien lat\u00e9ral et \u00e0 la transmission des charges vers l\u2019avant-pied. Elle constitue une base solide lors de la phase d\u2019appui et limite les mouvements excessifs d\u2019\u00e9version.<\/p>\n\n\n\n<p>Le ligament plantaire long contribue \u00e0 sa coh\u00e9sion, tandis que les ligaments cubo\u00efdo-m\u00e9tatarsiens assurent la stabilit\u00e9 distale. Le muscle long fibulaire est un acteur cl\u00e9 : en s\u2019ins\u00e9rant sur le premier m\u00e9tatarsien et le cun\u00e9iforme m\u00e9dial apr\u00e8s son passage sous le cubo\u00efde, il stabilise transversalement et longitudinalement l\u2019ensemble de la vo\u00fbte.<\/p>\n\n\n\n<p>Un d\u00e9ficit de stabilit\u00e9 lat\u00e9rale augmente le risque d\u2019instabilit\u00e9 subtalaire et d\u2019entorses de cheville, notamment en terrain irr\u00e9gulier.<\/p>\n\n\n\n<h3 class=\"wp-block-heading has-vivid-cyan-blue-color has-text-color has-link-color wp-elements-e1707b97594834fcdb6e048ab05df589\"><span class=\"ez-toc-section\" id=\"LArche_Transversale_Adaptabilite_et_Repartition_des_Charges\"><\/span><strong>L&rsquo;Arche Transversale : Adaptabilit\u00e9 et R\u00e9partition des Charges<\/strong><span class=\"ez-toc-section-end\"><\/span><\/h3>\n\n\n\n<p>L\u2019arche transversale est situ\u00e9e au niveau du tarse distal et des bases m\u00e9tatarsiennes. Elle relie les cun\u00e9iformes et le cubo\u00efde, formant une courbure horizontale qui assure la coh\u00e9sion m\u00e9dio-lat\u00e9rale du pied.<\/p>\n\n\n\n<p>Cette arche joue un r\u00f4le essentiel dans la redistribution des charges entre l\u2019int\u00e9rieur et l\u2019ext\u00e9rieur du pied. Elle permet \u00e9galement au pied d\u2019adapter sa largeur d\u2019appui selon les contraintes m\u00e9caniques.<\/p>\n\n\n\n<p>Le ligament m\u00e9tatarsien transverse profond maintient l\u2019alignement des t\u00eates m\u00e9tatarsiennes, emp\u00eachant leur \u00e9cartement excessif. Les muscles interosseux et les muscles intrins\u00e8ques participent activement \u00e0 la stabilit\u00e9 dynamique de l\u2019avant-pied.<\/p>\n\n\n\n<p>Un affaissement transversal entra\u00eene une surcharge des t\u00eates m\u00e9tatarsiennes, favorisant m\u00e9tatarsalgies et hyperk\u00e9ratoses plantaires. Une rigidit\u00e9 excessive, \u00e0 l\u2019inverse, limite l\u2019adaptabilit\u00e9 aux surfaces irr\u00e9guli\u00e8res.<\/p>\n\n\n<div class=\"wp-block-image\">\n<figure class=\"aligncenter size-full is-resized\"><img decoding=\"async\" width=\"747\" height=\"299\" src=\"https:\/\/osteomag.ca\/wp-content\/uploads\/2024\/11\/2024-11-08_16-58-42.webp\" alt=\"\" class=\"wp-image-46370\" style=\"width:648px;height:auto\" srcset=\"https:\/\/osteomag.ca\/wp-content\/uploads\/2024\/11\/2024-11-08_16-58-42.webp 747w, https:\/\/osteomag.ca\/wp-content\/uploads\/2024\/11\/2024-11-08_16-58-42-540x216.webp 540w, https:\/\/osteomag.ca\/wp-content\/uploads\/2024\/11\/2024-11-08_16-58-42-80x32.webp 80w, https:\/\/osteomag.ca\/wp-content\/uploads\/2024\/11\/2024-11-08_16-58-42-150x60.webp 150w, https:\/\/osteomag.ca\/wp-content\/uploads\/2024\/11\/2024-11-08_16-58-42-300x120.webp 300w, https:\/\/osteomag.ca\/wp-content\/uploads\/2024\/11\/2024-11-08_16-58-42-600x240.webp 600w, https:\/\/osteomag.ca\/wp-content\/uploads\/2024\/11\/2024-11-08_16-58-42-696x279.webp 696w\" sizes=\"(max-width: 747px) 100vw, 747px\" \/><figcaption class=\"wp-element-caption\">L\u2019<strong>arche transverse<\/strong> du pied est une structure essentielle pour sa stabilit\u00e9 et sa r\u00e9partition des charges. Situ\u00e9e au niveau du <strong>cun\u00e9iforme interm\u00e9diaire<\/strong> (en rouge sur l\u2019image), elle traverse le pied d\u2019un bord \u00e0 l\u2019autre, reliant les bases des m\u00e9tatarsiens. Cette arche joue un r\u00f4le majeur dans le maintien de la <strong>forme anatomique<\/strong> du pied en assurant une r\u00e9partition \u00e9quilibr\u00e9e du poids corporel lors des mouvements.<br>L\u2019image compare cette structure \u00e0 une <strong>arche en pierre<\/strong> avec une <strong>cl\u00e9 de vo\u00fbte<\/strong>. De mani\u00e8re similaire, le <strong>cun\u00e9iforme interm\u00e9diaire<\/strong> agit comme une cl\u00e9 centrale qui stabilise l\u2019arche transverse. Cette comparaison illustre parfaitement l&rsquo;importance de cette cl\u00e9 de vo\u00fbte pour \u00e9viter un <strong>effondrement<\/strong> de l\u2019arche.<br>L\u2019arche transverse offre une <strong>flexibilit\u00e9<\/strong> n\u00e9cessaire pour absorber les pressions g\u00e9n\u00e9r\u00e9es lors de la marche et des activit\u00e9s physiques. Elle permet \u00e9galement d\u2019adapter le pied aux surfaces irr\u00e9guli\u00e8res en r\u00e9partissant la force de fa\u00e7on homog\u00e8ne.<br>Un affaissement de cette arche peut entra\u00eener des douleurs au niveau des m\u00e9tatarsiens et contribuer \u00e0 des d\u00e9formations comme le <strong>pied plat transversal<\/strong>. Le port de semelles adapt\u00e9es et des exercices de renforcement permettent de pr\u00e9server cette structure vitale pour un <strong>pied sain et fonctionnel<\/strong>.<\/figcaption><\/figure>\n<\/div>\n\n\n<h3 class=\"wp-block-heading has-vivid-cyan-blue-color has-text-color has-link-color wp-elements-858e2936a22357f0e4ee5c55293678e9\"><span class=\"ez-toc-section\" id=\"Interaction_des_Arches_Un_Systeme_Interconnecte\"><\/span><strong>Interaction des Arches : Un Syst\u00e8me Interconnect\u00e9<\/strong><span class=\"ez-toc-section-end\"><\/span><\/h3>\n\n\n\n<p>Les arches du pied ne se limitent pas \u00e0 la r\u00e9partition du poids et \u00e0 l\u2019absorption des chocs : elles sont aussi cruciales pour maintenir l\u2019\u00e9quilibre du corps et pour favoriser une mobilit\u00e9 efficace. Elles cr\u00e9ent une base stable pour l\u2019ensemble du corps, permettant aux chevilles, aux genoux et au bassin de fonctionner en harmonie. En facilitant l\u2019alignement postural, elles aident le corps \u00e0 conserver une position stable m\u00eame en mouvement, ce qui est essentiel pour \u00e9viter les d\u00e9s\u00e9quilibres et les chutes.<\/p>\n\n\n\n<p>L\u2019arche longitudinale interne joue un r\u00f4le cl\u00e9 dans cet \u00e9quilibre en assurant une bonne connexion avec le sol, notamment lors des mouvements de rotation ou de changement de direction. L\u2019arche externe, plus rigide, assure une stabilit\u00e9 lat\u00e9rale qui emp\u00eache les torsions ind\u00e9sirables du pied. Ensemble, ces deux arches longitudinales fournissent une base fiable pour les d\u00e9placements lat\u00e9raux et frontaux, ce qui est particuli\u00e8rement utile dans les sports et les activit\u00e9s physiques exigeantes.<\/p>\n\n\n\n<p>L\u2019arche transversale, situ\u00e9e sous la vo\u00fbte avant du pied, est aussi importante pour l\u2019\u00e9quilibre, car elle assure une distribution homog\u00e8ne de la pression entre les m\u00e9tatarses. Cela permet au pied de rester stable m\u00eame sur des surfaces irr\u00e9guli\u00e8res et r\u00e9duit la probabilit\u00e9 de d\u00e9s\u00e9quilibres. Une arche transversale forte am\u00e9liore \u00e9galement la mobilit\u00e9 des orteils, rendant les mouvements plus fluides et naturels.<\/p>\n\n\n\n<p>Les trois arches permettent donc au pied d\u2019agir comme un levier dynamique qui aide \u00e0 propulser le corps en avant lors de la marche ou de la course. En conservant une forme optimale et une mobilit\u00e9 adapt\u00e9e, les arches permettent une transition fluide entre les phases d\u2019impact et de propulsion, ce qui am\u00e9liore la performance physique et r\u00e9duit la fatigue. Cette fonctionnalit\u00e9 est cruciale pour les mouvements rapides et r\u00e9p\u00e9titifs, car elle maximise l\u2019efficacit\u00e9 des d\u00e9placements en minimisant la d\u00e9perdition d\u2019\u00e9nergie.<\/p>\n\n\n\n<h2 class=\"wp-block-heading has-white-color has-vivid-cyan-blue-background-color has-text-color has-background has-link-color wp-elements-44e0b167c2aa459b443f620c99a659d2\"><span class=\"ez-toc-section\" id=\"Les_Desequilibres_et_Dysfonctions_des_Arches\"><\/span><strong>Les D\u00e9s\u00e9quilibres et Dysfonctions des Arches<\/strong><span class=\"ez-toc-section-end\"><\/span><\/h2>\n\n\n\n<p>Les arches du pied, essentielles pour la stabilit\u00e9, la r\u00e9partition des charges et la mobilit\u00e9, sont vuln\u00e9rables aux d\u00e9s\u00e9quilibres et dysfonctions qui peuvent alt\u00e9rer leur r\u00f4le dans le corps. Ces d\u00e9s\u00e9quilibres peuvent avoir de multiples causes et entra\u00eener des douleurs, une perte de stabilit\u00e9 et des probl\u00e8mes posturaux. Deux des d\u00e9s\u00e9quilibres les plus courants sont le pied plat et le pied creux, chacun ayant ses propres caract\u00e9ristiques, causes et cons\u00e9quences pour la sant\u00e9. Voici une analyse des principaux types de dysfonctions des arches, de leurs origines et des r\u00e9percussions qu\u2019elles peuvent avoir sur le corps.<\/p>\n\n\n\n<h3 class=\"wp-block-heading has-vivid-cyan-blue-color has-text-color has-link-color wp-elements-8eaa254dd595feaecb9f6ae340ecce43\"><span class=\"ez-toc-section\" id=\"Types_de_Desequilibres_Courants\"><\/span><strong>Types de D\u00e9s\u00e9quilibres Courants<\/strong><span class=\"ez-toc-section-end\"><\/span><\/h3>\n\n\n\n<p><strong>1. Le Pied Plat (ou affaissement de l\u2019arche interne)<\/strong><br>Le pied plat, ou affaissement de l\u2019arche longitudinale interne, est une condition o\u00f9 l\u2019arche interne du pied est plus basse ou presque inexistante, rendant le pied presque enti\u00e8rement en contact avec le sol. Chez certaines personnes, ce ph\u00e9nom\u00e8ne est visible d\u00e8s l\u2019enfance, tandis que chez d\u2019autres, il peut se manifester progressivement avec l\u2019\u00e2ge ou apr\u00e8s une blessure. Le pied plat peut \u00eatre flexible, o\u00f9 l&rsquo;arche est pr\u00e9sente au repos mais s\u2019aplatit sous charge, ou rigide, o\u00f9 l&rsquo;arche reste effondr\u00e9e m\u00eame sans charge. Cette condition modifie la r\u00e9partition des pressions sous le pied et peut entra\u00eener des douleurs, car le pied perd sa capacit\u00e9 naturelle d\u2019absorption des chocs et d\u2019adaptation aux surfaces.<\/p>\n\n\n\n<p><strong>2. Le Pied Creux (ou arche excessive)<\/strong><br>Contrairement au pied plat, le pied creux se caract\u00e9rise par une arche longitudinale interne exag\u00e9r\u00e9ment \u00e9lev\u00e9e. Ce type d\u2019arche entra\u00eene une r\u00e9partition anormale des charges, avec un appui plus marqu\u00e9 sur l&rsquo;avant et l\u2019arri\u00e8re du pied, tandis que la vo\u00fbte plantaire reste moins sollicit\u00e9e. Les pieds creux sont souvent plus rigides, ce qui r\u00e9duit leur capacit\u00e9 d\u2019amortissement et les rend plus susceptibles aux blessures. En cons\u00e9quence, des zones sp\u00e9cifiques du pied subissent une surcharge constante, favorisant l\u2019apparition de douleurs, de callosit\u00e9s et m\u00eame de fractures de stress.<\/p>\n\n\n\n<p><strong>3. L&rsquo;Affaissement de l\u2019Arche Transversale (ou m\u00e9tatarsalgie)<\/strong><br>Un autre d\u00e9s\u00e9quilibre courant concerne l\u2019arche transversale, situ\u00e9e au niveau de l\u2019avant-pied, juste derri\u00e8re les orteils. Un affaissement de cette arche provoque une pression excessive sur les t\u00eates des m\u00e9tatarsiens (les os situ\u00e9s \u00e0 l\u2019avant du pied), entra\u00eenant douleurs et inconfort lors de la marche. Ce type de d\u00e9s\u00e9quilibre peut conduire \u00e0 une m\u00e9tatarsalgie, une inflammation douloureuse de l\u2019avant-pied, qui peut \u00eatre aggrav\u00e9e par des chaussures mal adapt\u00e9es ou des activit\u00e9s prolong\u00e9es en position debout.<\/p>\n\n\n\n<div class=\"wp-block-gutena-accordion gutena-accordion-block gutena-accordion-block-f7e59b-5a is-layout-flow wp-block-gutena-accordion-is-layout-flow\" data-single=\"true\">\n<div class=\"wp-block-gutena-accordion-panel gutena-accordion-block__panel\">\n<div class=\"wp-block-gutena-accordion-panel-title gutena-accordion-block__panel-title\"><div class=\"gutena-accordion-block__panel-title-inner\">\n<h6 class=\"wp-block-heading has-text-align-left\" style=\"margin-top:0px;margin-right:0px;margin-bottom:0px;margin-left:0px\">Autres types de d\u00e9s\u00e9quilibres:<\/h6>\n<div class=\"trigger-up-down\"><div class=\"horizontal\"><\/div><div class=\"vertical\"><\/div><\/div><\/div><\/div>\n\n\n\n<div class=\"wp-block-gutena-accordion-panel-content gutena-accordion-block__panel-content\"><div class=\"gutena-accordion-block__panel-content-inner\">\n<p style=\"margin-top:0;margin-bottom:0\">1. <strong>Hypermobilit\u00e9 des Arches<\/strong><\/p>\n\n\n\n<p>L&rsquo;hypermobilit\u00e9 des arches est un d\u00e9s\u00e9quilibre caract\u00e9ris\u00e9 par une trop grande souplesse des ligaments et des tendons qui maintiennent les arches du pied. Contrairement au pied plat, l\u2019arche peut sembler normale au repos, mais elle s&rsquo;effondre facilement sous charge. Cette hypermobilit\u00e9 entra\u00eene un affaissement temporaire de l\u2019arche, ce qui provoque une instabilit\u00e9 lors de la marche ou de la course. Cela peut aussi engendrer des douleurs et une fatigue musculaire dans les pieds et les jambes, car les muscles doivent compenser le manque de stabilit\u00e9. Ce d\u00e9s\u00e9quilibre est souvent observ\u00e9 chez les personnes ayant une hyperlaxit\u00e9 ligamentaire g\u00e9n\u00e9rale et peut \u00eatre aggrav\u00e9 par des mouvements r\u00e9p\u00e9titifs ou des activit\u00e9s n\u00e9cessitant une stabilit\u00e9 accrue.<\/p>\n\n\n\n<p><strong>Causes et Cons\u00e9quences :<\/strong><br>L\u2019hypermobilit\u00e9 des arches est souvent li\u00e9e \u00e0 des facteurs g\u00e9n\u00e9tiques ou \u00e0 des conditions comme le syndrome d\u2019Ehlers-Danlos, qui affecte la solidit\u00e9 des tissus conjonctifs. Elle peut entra\u00eener des douleurs chroniques, des entorses fr\u00e9quentes et une fatigue excessive, car les pieds doivent travailler davantage pour maintenir l\u2019\u00e9quilibre.<\/p>\n\n\n\n<h3 class=\"wp-block-heading has-vivid-cyan-blue-color has-text-color has-link-color wp-elements-fc8ab59f3780fa0df8c4c020e2a014de\"><span class=\"ez-toc-section\" id=\"2_Instabilite_de_lArche_Laterale\"><\/span>2. <strong>Instabilit\u00e9 de l\u2019Arche Lat\u00e9rale<\/strong><span class=\"ez-toc-section-end\"><\/span><\/h3>\n\n\n\n<p>L\u2019instabilit\u00e9 de l\u2019arche lat\u00e9rale, ou instabilit\u00e9 du bord externe du pied, se produit lorsque l\u2019arche longitudinale externe ne parvient pas \u00e0 offrir un soutien suffisant. Ce d\u00e9s\u00e9quilibre rend le pied plus vuln\u00e9rable aux torsions vers l&rsquo;ext\u00e9rieur, augmentant ainsi le risque d\u2019entorses lat\u00e9rales de la cheville. L\u2019arche lat\u00e9rale doit normalement fournir une base stable pour le pied, en particulier lors des mouvements de pivot ou de rotation. Lorsque cette arche est instable, le corps est d\u00e9s\u00e9quilibr\u00e9 et peut entra\u00eener des douleurs, non seulement dans les pieds, mais aussi dans les jambes et les hanches.<\/p>\n\n\n\n<p><strong>Causes et Cons\u00e9quences :<\/strong><br>Ce d\u00e9s\u00e9quilibre peut \u00eatre caus\u00e9 par un affaiblissement des ligaments lat\u00e9raux, une blessure ancienne ou un d\u00e9salignement des os du pied. Il peut provoquer une g\u00eane ou une douleur dans le bord externe du pied, et des blessures r\u00e9p\u00e9t\u00e9es \u00e0 la cheville en raison de la moindre stabilit\u00e9 lat\u00e9rale.<\/p>\n\n\n\n<h3 class=\"wp-block-heading has-vivid-cyan-blue-color has-text-color has-link-color wp-elements-ce3a6dd7105a48ac24a1f0273f8b046a\"><span class=\"ez-toc-section\" id=\"3_Pied_Valgus_hyperpronation\"><\/span>3. <strong>Pied Valgus (hyperpronation)<\/strong><span class=\"ez-toc-section-end\"><\/span><\/h3>\n\n\n\n<p>Le pied valgus, souvent appel\u00e9 \u00ab\u00a0pied en hyperpronation\u00a0\u00bb, se produit lorsque le pied roule excessivement vers l\u2019int\u00e9rieur, provoquant un affaissement de l\u2019arche interne. L\u2019hyperpronation est fr\u00e9quente chez les personnes avec des pieds plats, mais elle peut \u00e9galement se manifester ind\u00e9pendamment. Ce d\u00e9s\u00e9quilibre entra\u00eene un alignement incorrect de l\u2019ensemble du pied, ce qui provoque une surcharge sur le c\u00f4t\u00e9 interne et une rotation des genoux vers l\u2019int\u00e9rieur (genou valgum). Ce mouvement cr\u00e9e une cha\u00eene de compensation qui peut affecter les genoux, les hanches et le bas du dos.<\/p>\n\n\n\n<p><strong>Causes et Cons\u00e9quences :<\/strong><br>L&rsquo;hyperpronation est souvent due \u00e0 une faiblesse musculaire dans les pieds ou les jambes, \u00e0 une mauvaise posture, ou au port de chaussures inappropri\u00e9es. Les cons\u00e9quences incluent des douleurs au niveau des chevilles, des genoux et du bas du dos, ainsi qu&rsquo;une fatigue accrue en raison du stress suppl\u00e9mentaire exerc\u00e9 sur les articulations.<\/p>\n\n\n\n<h3 class=\"wp-block-heading has-vivid-cyan-blue-color has-text-color has-link-color wp-elements-b630751b125daeaf33b4bd20a1a3cdaf\"><span class=\"ez-toc-section\" id=\"4_Pied_Varus_supination_excessive\"><\/span>4. <strong>Pied Varus (supination excessive)<\/strong><span class=\"ez-toc-section-end\"><\/span><\/h3>\n\n\n\n<p>Le pied varus, ou supination excessive, est un d\u00e9s\u00e9quilibre o\u00f9 le pied roule vers l&rsquo;ext\u00e9rieur, amenant le poids corporel sur le bord externe du pied. Ce type de d\u00e9s\u00e9quilibre est l&rsquo;inverse du pied valgus. Dans cette situation, l\u2019arche interne est g\u00e9n\u00e9ralement \u00e9lev\u00e9e, ce qui emp\u00eache un bon contact avec le sol. Le pied varus est souvent associ\u00e9 aux pieds creux, mais il peut \u00e9galement se manifester chez les personnes sans arche excessive. Ce d\u00e9s\u00e9quilibre augmente le risque de blessures dues \u00e0 l&rsquo;instabilit\u00e9 lat\u00e9rale, comme les entorses de cheville, et peut causer une surcharge sur l&rsquo;ext\u00e9rieur des jambes.<\/p>\n\n\n\n<p><strong>Causes et Cons\u00e9quences :<\/strong><br>La supination excessive peut \u00eatre due \u00e0 des anomalies structurelles, des d\u00e9s\u00e9quilibres musculaires ou \u00e0 un manque de flexibilit\u00e9 dans les pieds. Elle entra\u00eene une fatigue musculaire dans les mollets et des douleurs au niveau des genoux et des hanches, car le corps compense le manque de stabilit\u00e9.<\/p>\n\n\n\n<h3 class=\"wp-block-heading has-vivid-cyan-blue-color has-text-color has-link-color wp-elements-13cc1950d3a56a648546a9937280830f\"><span class=\"ez-toc-section\" id=\"5_Pied_Diabetique\"><\/span>5. <strong>Pied Diab\u00e9tique<\/strong><span class=\"ez-toc-section-end\"><\/span><\/h3>\n\n\n\n<p>Le pied diab\u00e9tique est un type de d\u00e9s\u00e9quilibre qui survient chez les personnes atteintes de diab\u00e8te, en raison de complications comme la neuropathie p\u00e9riph\u00e9rique et la mauvaise circulation sanguine. En l&rsquo;absence de sensation au niveau des pieds, les personnes atteintes de neuropathie diab\u00e9tique ne ressentent pas toujours les blessures ou les pressions exerc\u00e9es sur les zones sp\u00e9cifiques du pied. Cela peut entra\u00eener une r\u00e9partition irr\u00e9guli\u00e8re des charges et l\u2019apparition de points de pression anormaux, ce qui conduit \u00e0 des d\u00e9formations, comme le pied creux, ou \u00e0 l\u2019affaissement des arches.<\/p>\n\n\n\n<p><strong>Causes et Cons\u00e9quences :<\/strong><br>Le diab\u00e8te affecte les nerfs et les vaisseaux sanguins, provoquant des probl\u00e8mes sensoriels et circulatoires. Cela engendre un d\u00e9s\u00e9quilibre des arches d\u00fb \u00e0 des l\u00e9sions progressives et au manque de soutien naturel des tissus. Les cons\u00e9quences incluent des ulc\u00e9rations, des infections et des d\u00e9formations s\u00e9v\u00e8res, n\u00e9cessitant des soins et un suivi sp\u00e9cifiques pour \u00e9viter des complications graves.<\/p>\n\n\n\n<h3 class=\"wp-block-heading has-vivid-cyan-blue-color has-text-color has-link-color wp-elements-df6535440bb176cb13cbdfd6d5ccbc5e\"><span class=\"ez-toc-section\" id=\"6_Syndrome_du_Pied_Contracte\"><\/span>6. <strong>Syndrome du Pied Contract\u00e9<\/strong><span class=\"ez-toc-section-end\"><\/span><\/h3>\n\n\n\n<p>Le syndrome du pied contract\u00e9 se caract\u00e9rise par une contraction excessive des tendons du pied, ce qui modifie l\u2019alignement naturel de l\u2019arche. Ce type de d\u00e9s\u00e9quilibre peut \u00eatre caus\u00e9 par des spasmes musculaires, une tension excessive ou un d\u00e9s\u00e9quilibre neurologique qui entra\u00eene un raccourcissement des tendons et une position non naturelle de l\u2019arche. Le pied contract\u00e9 peut rendre la marche douloureuse et difficile, car les structures tendineuses exercent une pression inhabituelle sur les os et les articulations du pied.<\/p>\n\n\n\n<p style=\"margin-top:0;margin-bottom:0\"><strong>Causes et Cons\u00e9quences :<\/strong><br>Le syndrome du pied contract\u00e9 est souvent li\u00e9 \u00e0 des affections neurologiques, \u00e0 des blessures, ou \u00e0 des d\u00e9s\u00e9quilibres musculaires et tendineux. Ce d\u00e9s\u00e9quilibre peut entra\u00eener une douleur aigu\u00eb, une mobilit\u00e9 limit\u00e9e et des d\u00e9formations progressives du pied si aucun traitement n&rsquo;est entrepris.<\/p>\n\n\n\n<p><\/p>\n\n\n\n<h3 class=\"wp-block-heading has-vivid-cyan-blue-color has-text-color has-link-color wp-elements-c129a0c0970a72176f89959ecb197e3a\"><span class=\"ez-toc-section\" id=\"7_Pied_Rigide_arthrose_des_pieds\"><\/span>7. <strong>Pied Rigide (arthrose des pieds)<\/strong><span class=\"ez-toc-section-end\"><\/span><\/h3>\n\n\n\n<p>Le pied rigide est un d\u00e9s\u00e9quilibre o\u00f9 les articulations du pied perdent leur souplesse et deviennent raides. Ce manque de flexibilit\u00e9 peut \u00eatre d\u00fb \u00e0 des affections d\u00e9g\u00e9n\u00e9ratives comme l&rsquo;arthrose ou \u00e0 des conditions inflammatoires, telles que l&rsquo;arthrite. Lorsque le pied perd de sa mobilit\u00e9, les arches deviennent incapables d&rsquo;absorber les chocs et de s&rsquo;adapter aux surfaces vari\u00e9es, ce qui peut entra\u00eener des douleurs articulaires, un d\u00e9s\u00e9quilibre postural et des difficult\u00e9s de d\u00e9placement.<\/p>\n\n\n\n<p><strong>Causes et Cons\u00e9quences :<\/strong><br>Le pied rigide r\u00e9sulte souvent d&rsquo;une d\u00e9t\u00e9rioration articulaire due au vieillissement, \u00e0 des traumatismes ant\u00e9rieurs ou \u00e0 des affections inflammatoires. Les cons\u00e9quences incluent une g\u00eane importante lors de la marche, une augmentation de la charge sur d&rsquo;autres articulations (chevilles, genoux, hanches), et un risque accru de douleurs dans le bas du dos.<\/p>\n\n\n\n<h3 class=\"wp-block-heading has-vivid-cyan-blue-color has-text-color has-link-color wp-elements-2a0911ea493522210cef69fc2e4f4c06\"><span class=\"ez-toc-section\" id=\"8_Arche_Effondree_Partielle_subtil_pied_plat\"><\/span>8. <strong>Arche Effondr\u00e9e Partielle (subtil pied plat)<\/strong><span class=\"ez-toc-section-end\"><\/span><\/h3>\n\n\n\n<p>Un effondrement partiel de l&rsquo;arche, souvent appel\u00e9 \u00ab\u00a0subtil pied plat\u00a0\u00bb, se produit lorsque l\u2019arche s\u2019aplatit l\u00e9g\u00e8rement sous charge mais reste visible. Ce type de pied plat est souvent moins perceptible visuellement, mais il peut n\u00e9anmoins causer des douleurs et une fatigue accrue, car l&rsquo;arche n&rsquo;est pas suffisamment stable pour absorber les chocs efficacement. Cette condition est fr\u00e9quente chez les personnes qui ont une pr\u00e9disposition \u00e0 la faiblesse ligamentaire ou musculaire dans le pied.<\/p>\n\n\n\n<p><strong>Causes et Cons\u00e9quences :<\/strong><br>L&rsquo;arche effondr\u00e9e partiellement peut \u00eatre caus\u00e9e par une faiblesse musculaire, une blessure aux ligaments ou des changements anatomiques dus \u00e0 l\u2019\u00e2ge. Ce d\u00e9s\u00e9quilibre entra\u00eene une perte progressive de la capacit\u00e9 d\u2019absorption des chocs et peut provoquer des douleurs plantaires, des tensions musculaires et des probl\u00e8mes de posture.<\/p>\n\n\n\n<h3 class=\"wp-block-heading has-vivid-cyan-blue-color has-text-color has-link-color wp-elements-45156f4723d6f4048487e9d6b2998932\"><span class=\"ez-toc-section\" id=\"9_Pied_Instable_ou_Hypermobile_laxite_ligamentaire\"><\/span>9. <strong>Pied Instable ou Hypermobile (laxit\u00e9 ligamentaire)<\/strong><span class=\"ez-toc-section-end\"><\/span><\/h3>\n\n\n\n<p>Le pied instable, ou pied hypermobile, est caract\u00e9ris\u00e9 par une trop grande souplesse des ligaments, qui rend les arches instables sous charge. Cette hypermobilit\u00e9 entra\u00eene un manque de contr\u00f4le du pied lors de la marche ou de la course, rendant difficile le maintien d&rsquo;un bon \u00e9quilibre. Ce type de d\u00e9s\u00e9quilibre est souvent associ\u00e9 \u00e0 des douleurs et \u00e0 des blessures r\u00e9currentes, en particulier dans des activit\u00e9s physiques qui n\u00e9cessitent une grande stabilit\u00e9 des pieds.<\/p>\n\n\n\n<p><strong>Causes et Cons\u00e9quences :<\/strong><br>La laxit\u00e9 ligamentaire, ou hypermobilit\u00e9, est souvent g\u00e9n\u00e9tique mais peut \u00eatre aggrav\u00e9e par des blessures ou par un mauvais entra\u00eenement. Les cons\u00e9quences incluent une fatigue accrue, des douleurs fr\u00e9quentes au niveau des pieds et des chevilles, et une susceptibilit\u00e9 \u00e9lev\u00e9e aux entorses et aux blessures dues \u00e0 l&rsquo;instabilit\u00e9 du pied.<\/p>\n\n\n\n<h3 class=\"wp-block-heading has-vivid-cyan-blue-color has-text-color has-link-color wp-elements-fc134128c99b3d7eade0a95d7f15158a\"><span class=\"ez-toc-section\" id=\"10_Syndrome_du_Pied_en_Marteau_deformation_des_orteils\"><\/span>10. <strong>Syndrome du Pied en Marteau (d\u00e9formation des orteils)<\/strong><span class=\"ez-toc-section-end\"><\/span><\/h3>\n\n\n\n<p>Le syndrome du pied en marteau concerne principalement les orteils, qui se plient de fa\u00e7on anormale vers le bas, affectant l\u2019alignement de l&rsquo;arche. Cette d\u00e9formation peut causer une r\u00e9partition in\u00e9gale des pressions sous le pied, perturbant l\u2019\u00e9quilibre naturel des arches. En cons\u00e9quence, l\u2019arche transversale peut s&rsquo;affaisser, et des points de pression douloureux peuvent appara\u00eetre sous les t\u00eates m\u00e9tatarsiennes, rendant la marche inconfortable.<\/p>\n\n\n\n<p><strong>Causes et Cons\u00e9quences :<\/strong><br>Le pied en marteau peut \u00eatre caus\u00e9 par le port prolong\u00e9 de chaussures trop serr\u00e9es ou \u00e0 talons, par des traumatismes, ou encore par des affections neurologiques. Les cons\u00e9quences incluent des douleurs \u00e0 l\u2019avant-pied, une g\u00eane lors de la marche et une r\u00e9partition d\u00e9s\u00e9quilibr\u00e9e des pressions, qui peut affecter l\u2019ensemble du pied.<\/p>\n\n\n\n<h3 class=\"wp-block-heading has-vivid-cyan-blue-color has-text-color has-link-color wp-elements-731941835460e7177c5d6060a30c73db\"><span class=\"ez-toc-section\" id=\"11_Hallux_Valgus_oignon\"><\/span>11. <strong>Hallux Valgus (oignon)<\/strong><span class=\"ez-toc-section-end\"><\/span><\/h3>\n\n\n\n<p>L\u2019hallux valgus, ou \u00ab\u00a0oignon\u00a0\u00bb, est une d\u00e9viation lat\u00e9rale de la premi\u00e8re phalange du gros orteil, qui peut perturber la fonction des arches. Lorsque l\u2019hallux valgus se d\u00e9veloppe, il d\u00e9forme l\u2019arche transversale, modifiant l\u2019\u00e9quilibre naturel du pied. Ce d\u00e9s\u00e9quilibre peut provoquer une surcharge des autres orteils et une tension accrue sur l\u2019arche longitudinale interne, rendant la marche douloureuse et parfois difficile.<\/p>\n\n\n\n<p><strong>Causes et Cons\u00e9quences :<\/strong><br>Les causes de l\u2019hallux valgus incluent une pr\u00e9disposition g\u00e9n\u00e9tique, le port de chaussures \u00e9troites ou \u00e0 talons hauts, et des d\u00e9s\u00e9quilibres posturaux. Les cons\u00e9quences sont une douleur \u00e0 l&rsquo;avant-pied, une difficult\u00e9 \u00e0 se d\u00e9placer, et parfois des inflammations chroniques autour de l\u2019articulation du gros orteil.<\/p>\n\n\n\n<h3 class=\"wp-block-heading has-vivid-cyan-blue-color has-text-color has-link-color wp-elements-63b0f9ac8c2dfa2b529926c8b2f9f253\"><span class=\"ez-toc-section\" id=\"12_Arche_en_Surcharge_Posturale\"><\/span>12. <strong>Arche en Surcharge Posturale<\/strong><span class=\"ez-toc-section-end\"><\/span><\/h3>\n\n\n\n<p>L&rsquo;arche en surcharge posturale est un d\u00e9s\u00e9quilibre caus\u00e9 par des postures incorrectes prolong\u00e9es, qui modifient la r\u00e9partition des charges sur le pied. Par exemple, une personne qui a tendance \u00e0 se tenir debout avec une surcharge sur les talons peut d\u00e9velopper un affaissement progressif de l\u2019arche longitudinale. Ce d\u00e9s\u00e9quilibre n\u2019est pas n\u00e9cessairement permanent, mais il peut causer des douleurs et des tensions si la posture n\u2019est pas corrig\u00e9e.<\/p>\n\n\n\n<p><strong>Causes et Cons\u00e9quences :<\/strong><br>Ce d\u00e9s\u00e9quilibre est caus\u00e9 par une mauvaise posture prolong\u00e9e, souvent associ\u00e9e \u00e0 des habitudes de travail (ex. : station debout prolong\u00e9e). Les cons\u00e9quences incluent des douleurs dans les talons et l\u2019arche interne, une fatigue excessive et un impact progressif sur les muscles et ligaments du pied.<\/p>\n\n\n\n<h3 class=\"wp-block-heading has-vivid-cyan-blue-color has-text-color has-link-color wp-elements-c6223b8e1b4dcd033612f9133ef93e78\"><span class=\"ez-toc-section\" id=\"13_Arche_Collabee_dun_Pied_pied_asymetrique\"><\/span>13. <strong>Arche Collab\u00e9e d\u2019un Pied (pied asym\u00e9trique)<\/strong><span class=\"ez-toc-section-end\"><\/span><\/h3>\n\n\n\n<p>L\u2019arche collab\u00e9e d\u2019un pied est un d\u00e9s\u00e9quilibre o\u00f9 une seule arche est affaiss\u00e9e, tandis que l\u2019autre pied conserve sa structure normale. Ce type de d\u00e9s\u00e9quilibre est souvent caus\u00e9 par des diff\u00e9rences anatomiques naturelles ou par des blessures affectant un pied plus que l\u2019autre. Cette asym\u00e9trie cr\u00e9e un d\u00e9s\u00e9quilibre postural, for\u00e7ant les articulations \u00e0 compenser pour maintenir l\u2019alignement du corps.<\/p>\n\n\n\n<p><strong>Causes et Cons\u00e9quences :<\/strong><br>L\u2019arche collab\u00e9e d\u2019un seul pied peut \u00eatre caus\u00e9e par une blessure sp\u00e9cifique, des anomalies structurelles ou un d\u00e9salignement corporel. Les cons\u00e9quences incluent une asym\u00e9trie dans la d\u00e9marche, une surcharge sur le pied non affect\u00e9, et des douleurs chroniques dans le bas du dos et les hanches en raison de la compensation posturale.<\/p>\n\n\n\n<h3 class=\"wp-block-heading has-vivid-cyan-blue-color has-text-color has-link-color wp-elements-30e813530e913b395f7ca9cb9b636383\"><span class=\"ez-toc-section\" id=\"14_Effondrement_de_lArche_Sous_lEffet_de_la_Gravite_syndrome_du_pied_fatigue\"><\/span>14. <strong>Effondrement de l\u2019Arche Sous l\u2019Effet de la Gravit\u00e9 (syndrome du pied fatigu\u00e9)<\/strong><span class=\"ez-toc-section-end\"><\/span><\/h3>\n\n\n\n<p>Ce syndrome, \u00e9galement appel\u00e9 \u00ab\u00a0pied fatigu\u00e9\u00a0\u00bb, se manifeste par un affaissement temporaire des arches lorsque le pied est sollicit\u00e9 pendant de longues p\u00e9riodes. Il est particuli\u00e8rement fr\u00e9quent chez les personnes qui passent de nombreuses heures debout. Avec la fatigue, les ligaments et les muscles s\u2019affaiblissent temporairement, causant un affaissement des arches. Ce d\u00e9s\u00e9quilibre peut \u00eatre temporaire, mais il entra\u00eene des douleurs et une instabilit\u00e9 si les pieds ne sont pas soutenus ad\u00e9quatement.<\/p>\n\n\n\n<p style=\"margin-top:0;margin-bottom:0\"><strong>Causes et Cons\u00e9quences :<\/strong><br>Ce syndrome est principalement caus\u00e9 par la fatigue musculaire due \u00e0 la station debout prolong\u00e9e sans support ad\u00e9quat. Les cons\u00e9quences incluent des douleurs diffuses dans les pieds et une perte de stabilit\u00e9, ainsi qu\u2019une fatigue musculaire accrue qui peut s\u2019\u00e9tendre aux jambes et au bas du dos.<\/p>\n\n\n\n<p style=\"margin-top:0;margin-bottom:0\"><\/p>\n<\/div><\/div>\n<\/div>\n<\/div>\n\n\n\n<h2 class=\"wp-block-heading has-white-color has-vivid-cyan-blue-background-color has-text-color has-background has-link-color wp-elements-727d14900a924d22ddffc5920e114f3e\"><span class=\"ez-toc-section\" id=\"Causes_Possibles_des_Dysfonctions_des_Arches\"><\/span><strong>Causes Possibles des Dysfonctions des Arches<\/strong><span class=\"ez-toc-section-end\"><\/span><\/h2>\n\n\n\n<p>Les d\u00e9s\u00e9quilibres des arches du pied peuvent \u00eatre caus\u00e9s par une vari\u00e9t\u00e9 de facteurs, notamment g\u00e9n\u00e9tiques, biom\u00e9caniques et environnementaux.<\/p>\n\n\n\n<p><strong>1. Facteurs g\u00e9n\u00e9tiques<\/strong><br>Certaines personnes sont pr\u00e9dispos\u00e9es aux d\u00e9s\u00e9quilibres des arches en raison de facteurs g\u00e9n\u00e9tiques. Par exemple, un membre de la famille avec des pieds plats ou creux peut augmenter le risque de d\u00e9velopper le m\u00eame type de d\u00e9s\u00e9quilibre. Les variations dans la structure des os, des ligaments ou des tendons du pied, souvent h\u00e9rit\u00e9es, influencent la forme et la fonctionnalit\u00e9 des arches. Les anomalies cong\u00e9nitales, telles que des pieds plats rigides pr\u00e9sents d\u00e8s la naissance, sont \u00e9galement le fruit de caract\u00e9ristiques g\u00e9n\u00e9tiques.<\/p>\n\n\n\n<p><strong>2. Mauvaise posture et mauvaises habitudes<\/strong><br>L\u2019adoption de mauvaises postures, que ce soit lors de la marche, de la course ou m\u00eame en position debout, peut progressivement affecter la structure des arches. Des habitudes telles que se tenir en hyperpronation (o\u00f9 le pied s&rsquo;effondre vers l&rsquo;int\u00e9rieur) ou en supination excessive (o\u00f9 le pied penche vers l\u2019ext\u00e9rieur) influencent la distribution des forces sur les arches et peuvent provoquer des d\u00e9s\u00e9quilibres. Le port de chaussures mal adapt\u00e9es, en particulier celles avec un soutien inad\u00e9quat ou des talons \u00e9lev\u00e9s, est \u00e9galement une cause fr\u00e9quente de d\u00e9s\u00e9quilibres des arches.<\/p>\n\n\n\n<p><strong>3. Blessures et traumatisme<\/strong><br>Les blessures au pied, comme les entorses, les fractures ou les d\u00e9chirures ligamentaires, peuvent affaiblir les structures de soutien des arches et causer des dysfonctions. Une l\u00e9sion du tendon tibial post\u00e9rieur, par exemple, qui soutient l\u2019arche interne, peut entra\u00eener un effondrement progressif de cette arche. Les blessures r\u00e9p\u00e9t\u00e9es ou mal soign\u00e9es, en particulier dans les activit\u00e9s physiques intenses, aggravent \u00e9galement les risques de d\u00e9s\u00e9quilibre.<\/p>\n\n\n\n<p><strong>4. Vieillissement et maladies<\/strong><br>Avec l&rsquo;\u00e2ge, les ligaments et les tendons du pied peuvent s&rsquo;affaiblir, et les muscles peuvent perdre de leur tonicit\u00e9. Ce processus naturel peut provoquer un affaissement progressif des arches, en particulier de l\u2019arche longitudinale interne, conduisant au pied plat adulte. Certaines maladies, comme l\u2019arthrite, les maladies inflammatoires ou des affections neurologiques, peuvent \u00e9galement contribuer \u00e0 la perte de stabilit\u00e9 des structures qui maintiennent les arches du pied.<\/p>\n\n\n\n<h3 class=\"wp-block-heading has-vivid-cyan-blue-color has-text-color has-link-color wp-elements-c48864571f391741fb92310976ad6c76\"><span class=\"ez-toc-section\" id=\"Consequences_pour_la_Sante_Douleurs_Instabilite_et_Impact_sur_la_Posture\"><\/span><strong>Cons\u00e9quences pour la Sant\u00e9 : Douleurs, Instabilit\u00e9 et Impact sur la Posture<\/strong><span class=\"ez-toc-section-end\"><\/span><\/h3>\n\n\n\n<p>Les d\u00e9s\u00e9quilibres et dysfonctions des arches ne se limitent pas \u00e0 des douleurs localis\u00e9es au pied. Ils ont des r\u00e9percussions sur l\u2019ensemble du corps et peuvent causer des probl\u00e8mes de sant\u00e9 multiples, car les pieds constituent la base de la posture corporelle.<\/p>\n\n\n\n<p style=\"margin-top:0;margin-bottom:0\"><strong>1. Douleurs au pied et aux jambes<\/strong><br>Les personnes ayant un pied plat ou un pied creux peuvent ressentir des douleurs sous le pied, au niveau des m\u00e9tatarsiens, du talon ou m\u00eame des orteils. Ces douleurs sont souvent caus\u00e9es par une surcharge de certaines zones du pied qui ne sont pas con\u00e7ues pour supporter une telle pression. Les douleurs peuvent \u00e9galement s\u2019\u00e9tendre aux chevilles, aux genoux et aux hanches, car ces articulations doivent compenser le d\u00e9s\u00e9quilibre des arches.<\/p>\n\n\n\n<p><strong>2. Instabilit\u00e9 et risque accru de blessures<\/strong><br>Un d\u00e9s\u00e9quilibre des arches, en particulier un pied plat, peut entra\u00eener une instabilit\u00e9 g\u00e9n\u00e9rale du pied. Cela augmente le risque de torsion, d\u2019entorses et m\u00eame de fractures. Les personnes ayant des d\u00e9s\u00e9quilibres dans leurs arches sont \u00e9galement plus susceptibles de souffrir de blessures dues \u00e0 des mouvements r\u00e9p\u00e9titifs, comme les fractures de stress.<\/p>\n\n\n\n<p style=\"margin-top:0;margin-bottom:0\"><strong>3. Impact sur la posture<\/strong><br>Les pieds d\u00e9s\u00e9quilibr\u00e9s affectent la posture en perturbant l&rsquo;alignement des chevilles, des genoux, des hanches et de la colonne vert\u00e9brale. Les pieds plats, par exemple, ont tendance \u00e0 favoriser une rotation interne des genoux (valgus), ce qui peut conduire \u00e0 des douleurs et des tensions dans les articulations sup\u00e9rieures. Les pieds creux, quant \u00e0 eux, sont souvent associ\u00e9s \u00e0 des douleurs au bas du dos en raison de la rigidit\u00e9 accrue de l\u2019arche, qui limite l&rsquo;absorption des chocs et transf\u00e8re davantage de pression vers le haut du corps.<\/p>\n\n\n\n<p style=\"margin-top:0;margin-bottom:0\"><\/p>\n\n\n\n<div class=\"wp-block-gutena-accordion gutena-accordion-block gutena-accordion-block-be2d9b-68 is-layout-flow wp-block-gutena-accordion-is-layout-flow\" data-single=\"true\">\n<div class=\"wp-block-gutena-accordion-panel gutena-accordion-block__panel\">\n<div class=\"wp-block-gutena-accordion-panel-title gutena-accordion-block__panel-title\"><div class=\"gutena-accordion-block__panel-title-inner\">\n<h6 class=\"wp-block-heading has-text-align-left\" style=\"margin-top:0px;margin-right:0px;margin-bottom:0px;margin-left:0px\">Autres cons\u00e9quences: <\/h6>\n<div class=\"trigger-up-down\"><div class=\"horizontal\"><\/div><div class=\"vertical\"><\/div><\/div><\/div><\/div>\n\n\n\n<div class=\"wp-block-gutena-accordion-panel-content gutena-accordion-block__panel-content\"><div class=\"gutena-accordion-block__panel-content-inner\">\n<h3 class=\"wp-block-heading has-vivid-cyan-blue-color has-text-color has-link-color wp-elements-02a5f46c838f06432184f493c64fb225\"><span class=\"ez-toc-section\" id=\"1_Douleurs_Localisees_et_Diffuses\"><\/span>1. <strong>Douleurs Localis\u00e9es et Diffuses<\/strong><span class=\"ez-toc-section-end\"><\/span><\/h3>\n\n\n\n<p>Les d\u00e9s\u00e9quilibres des arches du pied sont une source fr\u00e9quente de douleurs, non seulement au niveau plantaire, mais \u00e9galement dans les chevilles, les genoux, les hanches et m\u00eame le dos. Ces douleurs peuvent \u00eatre aigu\u00ebs ou chroniques et sont souvent dues \u00e0 la surcharge de certaines parties du pied et des autres articulations qui doivent compenser le d\u00e9s\u00e9quilibre.<\/p>\n\n\n\n<ul class=\"wp-block-list\">\n<li><strong>Douleur plantaire<\/strong> : Les affaissements des arches, notamment en cas de pied plat, provoquent une pression accrue sur les tissus mous de la plante du pied. Cela peut entra\u00eener des douleurs diffuses, appel\u00e9es douleurs plantaires, qui deviennent plus intenses lors de la marche ou des activit\u00e9s prolong\u00e9es en position debout.<\/li>\n\n\n\n<li><strong>Fasciite plantaire<\/strong> : L\u2019effondrement de l\u2019arche longitudinale interne peut exercer une pression excessive sur le fascia plantaire, le tissu conjonctif qui soutient la vo\u00fbte plantaire. Cela conduit souvent \u00e0 une inflammation douloureuse appel\u00e9e fasciite plantaire, caract\u00e9ris\u00e9e par des douleurs intenses au niveau du talon, surtout au lever le matin.<\/li>\n\n\n\n<li><strong>Douleurs articulaires<\/strong> : Les d\u00e9s\u00e9quilibres des arches du pied, qu\u2019il s\u2019agisse d\u2019un pied plat, d\u2019un pied creux ou d\u2019une hyperpronation, forcent souvent les autres articulations \u00e0 compenser. Cela peut causer des douleurs dans les chevilles, les genoux, les hanches et le bas du dos. \u00c0 long terme, ces d\u00e9s\u00e9quilibres peuvent \u00e9galement acc\u00e9l\u00e9rer l\u2019usure articulaire, augmentant ainsi le risque d\u2019arthrose.<\/li>\n<\/ul>\n\n\n\n<h3 class=\"wp-block-heading has-vivid-cyan-blue-color has-text-color has-link-color wp-elements-e7fe54dbe5c59f9eb3f6200d4617f8e2\"><span class=\"ez-toc-section\" id=\"2_Instabilite_et_Risque_Accru_de_Blessures\"><\/span>2. <strong>Instabilit\u00e9 et Risque Accru de Blessures<\/strong><span class=\"ez-toc-section-end\"><\/span><\/h3>\n\n\n\n<p>Les d\u00e9s\u00e9quilibres des arches compromettent la stabilit\u00e9 naturelle du pied, ce qui peut rendre les personnes plus sujettes aux chutes et aux blessures.<\/p>\n\n\n\n<ul class=\"wp-block-list\">\n<li><strong>Instabilit\u00e9 lat\u00e9rale<\/strong> : Un pied avec un affaissement de l\u2019arche longitudinale externe, ou avec un pied en hyperpronation, est plus instable sur les c\u00f4t\u00e9s, ce qui augmente le risque de torsions et d\u2019entorses de la cheville. Ces blessures peuvent devenir fr\u00e9quentes et m\u00eame chroniques si les arches ne sont pas correctement soutenues.<\/li>\n\n\n\n<li><strong>Entorses r\u00e9p\u00e9titives<\/strong> : Les d\u00e9s\u00e9quilibres, en particulier ceux li\u00e9s \u00e0 une hypermobilit\u00e9 ou \u00e0 un affaissement partiel, rendent le pied vuln\u00e9rable aux entorses r\u00e9p\u00e9t\u00e9es. L\u2019instabilit\u00e9 accrue dans le pied pousse les ligaments et les muscles environnants \u00e0 travailler davantage pour compenser, ce qui accro\u00eet le risque de blessures dues \u00e0 des mouvements brusques ou inattendus.<\/li>\n\n\n\n<li><strong>Risque de fractures de stress<\/strong> : Les pieds creux et les pieds avec une arche affaiss\u00e9e sont plus susceptibles de subir des fractures de stress. Ces fractures sont caus\u00e9es par la surcharge r\u00e9p\u00e9titive des os, qui devient difficile \u00e0 g\u00e9rer lorsque les arches ne jouent plus leur r\u00f4le d\u2019amortisseur naturel.<\/li>\n<\/ul>\n\n\n\n<h3 class=\"wp-block-heading has-vivid-cyan-blue-color has-text-color has-link-color wp-elements-588c3b59232beea6db5aacffba096db2\"><span class=\"ez-toc-section\" id=\"3_Impact_sur_la_Posture_et_Alignement_Corporel\"><\/span>3. <strong>Impact sur la Posture et Alignement Corporel<\/strong><span class=\"ez-toc-section-end\"><\/span><\/h3>\n\n\n\n<p>Les pieds constituent la base du corps, et les d\u00e9s\u00e9quilibres des arches peuvent provoquer une cascade de compensations qui affecte l\u2019alignement global et la posture. Un d\u00e9salignement des pieds influence non seulement la position des genoux et des hanches, mais aussi celle de la colonne vert\u00e9brale, ce qui peut entra\u00eener des douleurs chroniques et des tensions musculaires.<\/p>\n\n\n\n<ul class=\"wp-block-list\">\n<li><strong>D\u00e9salignement des genoux<\/strong> : L\u2019hyperpronation, par exemple, force les genoux \u00e0 se tourner vers l\u2019int\u00e9rieur, cr\u00e9ant un alignement en \u00ab\u00a0X\u00a0\u00bb appel\u00e9 genu valgum. Ce d\u00e9salignement augmente la pression sur l\u2019int\u00e9rieur du genou, favorisant l\u2019apparition de douleurs et, \u00e0 long terme, d\u2019arthrose. Les pieds creux, quant \u00e0 eux, favorisent un alignement en \u00ab\u00a0O\u00a0\u00bb (genu varum), o\u00f9 les genoux tournent vers l\u2019ext\u00e9rieur, ce qui peut causer des douleurs sur les parties externes du genou.<\/li>\n\n\n\n<li><strong>Probl\u00e8mes de hanches et de bassin<\/strong> : Les d\u00e9s\u00e9quilibres des arches influencent \u00e9galement la position des hanches et du bassin. Un pied plat peut entra\u00eener une rotation interne des hanches, ce qui affecte l\u2019\u00e9quilibre du bassin. \u00c0 l\u2019inverse, un pied creux peut provoquer une inclinaison du bassin. Ces d\u00e9salignements du bassin cr\u00e9ent des tensions au niveau des muscles lombaires et peuvent causer des douleurs dans le bas du dos.<\/li>\n\n\n\n<li><strong>Douleurs lombaires<\/strong> : Les compensations posturales dues aux d\u00e9s\u00e9quilibres des arches du pied remontent souvent jusqu\u2019\u00e0 la colonne vert\u00e9brale. En particulier, le bas du dos subit des tensions suppl\u00e9mentaires pour maintenir l\u2019\u00e9quilibre du corps. Ces tensions peuvent provoquer des douleurs lombaires chroniques, car les muscles et les articulations de la colonne sont contraints de compenser les dysfonctionnements des pieds.<\/li>\n<\/ul>\n\n\n\n<h3 class=\"wp-block-heading has-vivid-cyan-blue-color has-text-color has-link-color wp-elements-37a254c067b309054ca2a1384e4f224b\"><span class=\"ez-toc-section\" id=\"4_Fatigue_et_Diminution_de_la_Resistance_Physique\"><\/span>4. <strong>Fatigue et Diminution de la R\u00e9sistance Physique<\/strong><span class=\"ez-toc-section-end\"><\/span><\/h3>\n\n\n\n<p>Les d\u00e9s\u00e9quilibres des arches rendent les d\u00e9placements moins efficaces, car le corps doit d\u00e9penser plus d\u2019\u00e9nergie pour maintenir l\u2019\u00e9quilibre. Cette d\u00e9pense \u00e9nerg\u00e9tique accrue provoque une fatigue plus rapide et une diminution de l\u2019endurance.<\/p>\n\n\n\n<ul class=\"wp-block-list\">\n<li><strong>Fatigue musculaire accrue<\/strong> : Le manque de stabilit\u00e9 et d\u2019amortissement des arches fait travailler les muscles des jambes et du dos plus intens\u00e9ment pour compenser les d\u00e9s\u00e9quilibres. Cela entra\u00eene une fatigue musculaire accrue, m\u00eame lors d\u2019activit\u00e9s quotidiennes comme la marche ou la station debout.<\/li>\n\n\n\n<li><strong>Baisse de l\u2019endurance physique<\/strong> : En raison de l\u2019\u00e9nergie suppl\u00e9mentaire requise pour maintenir l\u2019\u00e9quilibre, les personnes avec des d\u00e9s\u00e9quilibres des arches ont souvent une endurance r\u00e9duite. Cela peut affecter leur capacit\u00e9 \u00e0 pratiquer des activit\u00e9s physiques prolong\u00e9es et \u00e0 rester debout ou \u00e0 marcher pendant de longues p\u00e9riodes sans ressentir de fatigue ou de douleurs.<\/li>\n<\/ul>\n\n\n\n<h3 class=\"wp-block-heading has-vivid-cyan-blue-color has-text-color has-link-color wp-elements-2eb7ebe81f7070db63410cdafcc47e27\"><span class=\"ez-toc-section\" id=\"5_Deformation_Progressive_des_Pieds_et_Formation_de_Callosites\"><\/span>5. <strong>D\u00e9formation Progressive des Pieds et Formation de Callosit\u00e9s<\/strong><span class=\"ez-toc-section-end\"><\/span><\/h3>\n\n\n\n<p>Les d\u00e9s\u00e9quilibres dans les arches peuvent \u00e9galement entra\u00eener des d\u00e9formations des pieds, des orteils et une formation de callosit\u00e9s en raison de la surcharge de certaines zones.<\/p>\n\n\n\n<ul class=\"wp-block-list\">\n<li><strong>D\u00e9formations des orteils<\/strong> : Les d\u00e9s\u00e9quilibres, comme les pieds plats ou creux, augmentent la pression sur certaines parties du pied, ce qui favorise le d\u00e9veloppement de d\u00e9formations telles que les orteils en marteau ou en griffe. Ces d\u00e9formations sont non seulement douloureuses, mais elles affectent \u00e9galement la mobilit\u00e9 du pied.<\/li>\n\n\n\n<li><strong>Callosit\u00e9s et cors<\/strong> : Lorsque la r\u00e9partition du poids est d\u00e9s\u00e9quilibr\u00e9e, certaines zones du pied subissent une surcharge, provoquant l\u2019\u00e9paississement de la peau et la formation de callosit\u00e9s ou de cors. Ces callosit\u00e9s peuvent devenir douloureuses \u00e0 la marche, et elles t\u00e9moignent d&rsquo;une r\u00e9partition in\u00e9gale de la pression sous le pied.<\/li>\n<\/ul>\n\n\n\n<h3 class=\"wp-block-heading has-vivid-cyan-blue-color has-text-color has-link-color wp-elements-7876a91f73b8c2bb1846a2366108aa8b\"><span class=\"ez-toc-section\" id=\"6_Torsion_Interne_du_Tibia_en_cas_de_pied_plat\"><\/span>6. <strong>Torsion Interne du Tibia (en cas de pied plat)<\/strong><span class=\"ez-toc-section-end\"><\/span><\/h3>\n\n\n\n<p>Dans le cas d&rsquo;un pied plat, l\u2019effondrement de l\u2019arche longitudinale interne entra\u00eene une rotation excessive du pied vers l\u2019int\u00e9rieur (pronation), ce qui cause une <strong>torsion interne du tibia<\/strong>. Cette rotation anormale du tibia affecte l&rsquo;alignement du genou et augmente la pression sur les ligaments internes du genou, ce qui peut entra\u00eener des douleurs et une instabilit\u00e9.<\/p>\n\n\n\n<ul class=\"wp-block-list\">\n<li><strong>Cons\u00e9quence<\/strong> : Le tibia qui tourne vers l\u2019int\u00e9rieur exerce une tension sur le genou, ce qui peut mener \u00e0 des douleurs dans la r\u00e9gion du genou et m\u00eame \u00e0 des probl\u00e8mes de m\u00e9nisque \u00e0 long terme.<\/li>\n<\/ul>\n\n\n\n<h3 class=\"wp-block-heading has-vivid-cyan-blue-color has-text-color has-link-color wp-elements-83a0383607edec38e60e4f4069178d18\"><span class=\"ez-toc-section\" id=\"7_Torsion_Externe_du_Femur_lie_au_pied_plat\"><\/span>7. <strong>Torsion Externe du F\u00e9mur (li\u00e9 au pied plat)<\/strong><span class=\"ez-toc-section-end\"><\/span><\/h3>\n\n\n\n<p>Lorsque le pied est plat, le genou et le f\u00e9mur compensent souvent par une <strong>torsion externe<\/strong> pour essayer de r\u00e9tablir l\u2019\u00e9quilibre corporel. Cela peut causer un d\u00e9salignement du membre inf\u00e9rieur, avec le genou tourn\u00e9 vers l&rsquo;ext\u00e9rieur, ce qui modifie la r\u00e9partition des charges dans l\u2019articulation.<\/p>\n\n\n\n<ul class=\"wp-block-list\">\n<li><strong>Cons\u00e9quence<\/strong> : Cette torsion externe perturbe l&rsquo;alignement naturel du corps, provoquant des douleurs dans la hanche et le bassin. Elle peut \u00e9galement aggraver les douleurs lombaires, car la colonne vert\u00e9brale compense le d\u00e9salignement.<\/li>\n<\/ul>\n\n\n\n<h3 class=\"wp-block-heading has-vivid-cyan-blue-color has-text-color has-link-color wp-elements-a6ad0392b246cd4cd6539ac9aaf7da2f\"><span class=\"ez-toc-section\" id=\"8_Lombalgies_lumbago\"><\/span>8. <strong>Lombalgies (lumbago)<\/strong><span class=\"ez-toc-section-end\"><\/span><\/h3>\n\n\n\n<p>Les d\u00e9s\u00e9quilibres des arches du pied, en particulier le pied plat, sont souvent associ\u00e9s \u00e0 des <strong>douleurs lombaires<\/strong> (lumbago). En effet, lorsque les pieds ne soutiennent pas ad\u00e9quatement la colonne vert\u00e9brale, cela cr\u00e9e des tensions au niveau du bas du dos pour maintenir la posture.<\/p>\n\n\n\n<ul class=\"wp-block-list\">\n<li><strong>Cons\u00e9quence<\/strong> : Les lombalgies peuvent devenir chroniques si le d\u00e9s\u00e9quilibre n&rsquo;est pas trait\u00e9, car le bas du dos doit compenser le manque de soutien des pieds.<\/li>\n<\/ul>\n\n\n\n<h3 class=\"wp-block-heading has-vivid-cyan-blue-color has-text-color has-link-color wp-elements-d6b98da16f4631c75f584080c3f1d34c\"><span class=\"ez-toc-section\" id=\"9_Contractures_Musculaires_dans_les_Mollets\"><\/span>9. <strong>Contractures Musculaires dans les Mollets<\/strong><span class=\"ez-toc-section-end\"><\/span><\/h3>\n\n\n\n<p>Avec un pied creux ou plat, les muscles du mollet sont souvent soumis \u00e0 des contraintes suppl\u00e9mentaires pour stabiliser le pied. Cela peut entra\u00eener des <strong>contractures musculaires<\/strong>, des crampes et des douleurs dans les mollets.<\/p>\n\n\n\n<ul class=\"wp-block-list\">\n<li><strong>Cons\u00e9quence<\/strong> : Les contractures dans les mollets r\u00e9duisent la souplesse des jambes, affectent la qualit\u00e9 de la marche et augmentent la fatigue musculaire.<\/li>\n<\/ul>\n\n\n\n<h3 class=\"wp-block-heading has-vivid-cyan-blue-color has-text-color has-link-color wp-elements-632d0c36b2f3b1ab14722782e3261fbd\"><span class=\"ez-toc-section\" id=\"10_Syndrome_Femoro-Patellaire_Douleur_au_Devant_du_Genou\"><\/span>10. <strong>Syndrome F\u00e9moro-Patellaire (Douleur au Devant du Genou)<\/strong><span class=\"ez-toc-section-end\"><\/span><\/h3>\n\n\n\n<p>Le d\u00e9salignement d\u00fb aux d\u00e9s\u00e9quilibres des arches modifie souvent l\u2019orientation de la rotule (patella), provoquant un <strong>syndrome f\u00e9moro-patellaire<\/strong>. Cette condition cause une douleur \u00e0 l&rsquo;avant du genou, particuli\u00e8rement lors de la mont\u00e9e et descente d\u2019escaliers.<\/p>\n\n\n\n<ul class=\"wp-block-list\">\n<li><strong>Cons\u00e9quence<\/strong> : Les douleurs f\u00e9moro-patellaires limitent l&rsquo;activit\u00e9 physique, ce qui peut avoir un impact n\u00e9gatif sur la mobilit\u00e9 et l\u2019endurance.<\/li>\n<\/ul>\n\n\n\n<h3 class=\"wp-block-heading has-vivid-cyan-blue-color has-text-color has-link-color wp-elements-5952025cfc4e58fdfb5ad2bb19230324\"><span class=\"ez-toc-section\" id=\"11_Inegalite_de_Longueur_des_Jambes\"><\/span>11. <strong>In\u00e9galit\u00e9 de Longueur des Jambes<\/strong><span class=\"ez-toc-section-end\"><\/span><\/h3>\n\n\n\n<p>Les d\u00e9s\u00e9quilibres des arches, surtout s\u2019ils ne sont pr\u00e9sents que dans un pied, peuvent provoquer une <strong>in\u00e9galit\u00e9 apparente de longueur des jambes<\/strong>. Cette diff\u00e9rence de hauteur am\u00e8ne le bassin \u00e0 pencher d&rsquo;un c\u00f4t\u00e9, cr\u00e9ant des d\u00e9s\u00e9quilibres dans tout le corps.<\/p>\n\n\n\n<ul class=\"wp-block-list\">\n<li><strong>Cons\u00e9quence<\/strong> : Cette in\u00e9galit\u00e9 engendre des douleurs au niveau des hanches, du bas du dos et peut causer des probl\u00e8mes de posture sur le long terme.<\/li>\n<\/ul>\n\n\n\n<h3 class=\"wp-block-heading has-vivid-cyan-blue-color has-text-color has-link-color wp-elements-97dafefc49e7b84c1aea32ff475a4eec\"><span class=\"ez-toc-section\" id=\"12_Tendinite_dAchille\"><\/span>12. <strong>Tendinite d\u2019Achille<\/strong><span class=\"ez-toc-section-end\"><\/span><\/h3>\n\n\n\n<p>Un d\u00e9s\u00e9quilibre des arches peut \u00e9galement engendrer une <strong>tendinite du tendon d\u2019Achille<\/strong>, particuli\u00e8rement chez les personnes qui ont un pied plat ou en hyperpronation. Ce type de tendinite est provoqu\u00e9 par une surcharge du tendon due \u00e0 un mauvais alignement du pied.<\/p>\n\n\n\n<ul class=\"wp-block-list\">\n<li><strong>Cons\u00e9quence<\/strong> : La tendinite d\u2019Achille provoque une douleur au-dessus du talon et peut limiter la mobilit\u00e9 de la cheville, rendant la marche ou la course difficiles.<\/li>\n<\/ul>\n\n\n\n<h3 class=\"wp-block-heading has-vivid-cyan-blue-color has-text-color has-link-color wp-elements-64ac07422e4b1b7247006c0a340e27a9\"><span class=\"ez-toc-section\" id=\"13_Douleur_de_la_Hanche_Syndrome_de_la_Bandelette_Ilio-Tibiale\"><\/span>13. <strong>Douleur de la Hanche (Syndrome de la Bandelette Ilio-Tibiale)<\/strong><span class=\"ez-toc-section-end\"><\/span><\/h3>\n\n\n\n<p>Les personnes ayant un d\u00e9s\u00e9quilibre des arches, comme un pied plat, peuvent d\u00e9velopper un <strong>syndrome de la bandelette ilio-tibiale<\/strong>, o\u00f9 la bandelette (un ligament qui longe la face externe de la cuisse) est sursollicit\u00e9e pour stabiliser le genou et le bassin.<\/p>\n\n\n\n<ul class=\"wp-block-list\">\n<li><strong>Cons\u00e9quence<\/strong> : Ce syndrome cause une douleur \u00e0 la hanche et le long de la face externe de la cuisse, en particulier lors de la marche, de la course ou de la mont\u00e9e d\u2019escaliers.<\/li>\n<\/ul>\n\n\n\n<h3 class=\"wp-block-heading has-vivid-cyan-blue-color has-text-color has-link-color wp-elements-74152e7294d47416550348c237f51dcb\"><span class=\"ez-toc-section\" id=\"14_Affaiblissement_des_Muscles_Posturaux\"><\/span>14. <strong>Affaiblissement des Muscles Posturaux<\/strong><span class=\"ez-toc-section-end\"><\/span><\/h3>\n\n\n\n<p>Les d\u00e9s\u00e9quilibres des arches forcent le corps \u00e0 compenser en utilisant davantage les muscles posturaux, comme ceux de l\u2019abdomen et du bas du dos. Avec le temps, cela provoque un <strong>affaiblissement et une fatigue pr\u00e9matur\u00e9e des muscles posturaux<\/strong>, qui peinent \u00e0 maintenir l\u2019alignement corporel.<\/p>\n\n\n\n<ul class=\"wp-block-list\">\n<li><strong>Cons\u00e9quence<\/strong> : Un affaiblissement des muscles posturaux entra\u00eene une mauvaise posture g\u00e9n\u00e9rale, des douleurs dans le bas du dos et une r\u00e9duction de l\u2019endurance physique.<\/li>\n<\/ul>\n\n\n\n<h3 class=\"wp-block-heading has-vivid-cyan-blue-color has-text-color has-link-color wp-elements-fc441f21444cebca3b777d209f96f93a\"><span class=\"ez-toc-section\" id=\"15_Syndrome_du_Nerf_Peronier\"><\/span><strong>15. Syndrome du Nerf P\u00e9ronier<\/strong><span class=\"ez-toc-section-end\"><\/span><\/h3>\n\n\n\n<p>L&rsquo;hyperpronation et les pieds plats peuvent \u00e9galement comprimer le <strong>nerf p\u00e9ronier<\/strong>, qui longe l\u2019ext\u00e9rieur de la jambe, provoquant un engourdissement, des douleurs et parfois une faiblesse musculaire dans le pied et la cheville.<\/p>\n\n\n\n<ul class=\"wp-block-list\">\n<li><strong>Cons\u00e9quence<\/strong> : Le syndrome du nerf p\u00e9ronier peut r\u00e9duire la capacit\u00e9 \u00e0 fl\u00e9chir l<\/li>\n<\/ul>\n<\/div><\/div>\n<\/div>\n<\/div>\n\n\n\n<h2 class=\"wp-block-heading has-white-color has-vivid-cyan-blue-to-vivid-purple-gradient-background has-text-color has-background has-link-color wp-elements-6ee179847cdcba3090e6cf7a84846838\"><span class=\"ez-toc-section\" id=\"Diagnostic_des_Problemes_dArches_du_Pied\"><\/span>Diagnostic des Probl\u00e8mes d&rsquo;Arches du Pied<span class=\"ez-toc-section-end\"><\/span><\/h2>\n\n\n\n<p>Le diagnostic des probl\u00e8mes d&rsquo;arches du pied est essentiel pour identifier les d\u00e9s\u00e9quilibres pouvant affecter la stabilit\u00e9, la mobilit\u00e9 et la posture du corps. Un diagnostic pr\u00e9cis et rapide permet de mieux comprendre la source des douleurs et des dysfonctions, et de mettre en place des traitements adapt\u00e9s pour pr\u00e9venir des complications plus graves. Plusieurs techniques de diagnostic sont utilis\u00e9es, notamment l&rsquo;examen physique, l&rsquo;imagerie m\u00e9dicale et l&rsquo;analyse de la marche. Ces approches, souvent combin\u00e9es, offrent une vision compl\u00e8te de l\u2019\u00e9tat des arches du pied et de leur impact sur la posture et la locomotion.<\/p>\n\n\n\n<figure class=\"wp-block-image size-large\"><img decoding=\"async\" width=\"1030\" height=\"579\" src=\"https:\/\/osteomag.ca\/wp-content\/uploads\/2024\/11\/9d46754f-1bb4-4345-a150-e4c146e8ec2f-1030x579.webp\" alt=\"\" class=\"wp-image-46376\" srcset=\"https:\/\/osteomag.ca\/wp-content\/uploads\/2024\/11\/9d46754f-1bb4-4345-a150-e4c146e8ec2f-1030x579.webp 1030w, https:\/\/osteomag.ca\/wp-content\/uploads\/2024\/11\/9d46754f-1bb4-4345-a150-e4c146e8ec2f-540x304.webp 540w, https:\/\/osteomag.ca\/wp-content\/uploads\/2024\/11\/9d46754f-1bb4-4345-a150-e4c146e8ec2f-80x45.webp 80w, https:\/\/osteomag.ca\/wp-content\/uploads\/2024\/11\/9d46754f-1bb4-4345-a150-e4c146e8ec2f-768x432.webp 768w, https:\/\/osteomag.ca\/wp-content\/uploads\/2024\/11\/9d46754f-1bb4-4345-a150-e4c146e8ec2f-747x420.webp 747w, https:\/\/osteomag.ca\/wp-content\/uploads\/2024\/11\/9d46754f-1bb4-4345-a150-e4c146e8ec2f-150x84.webp 150w, https:\/\/osteomag.ca\/wp-content\/uploads\/2024\/11\/9d46754f-1bb4-4345-a150-e4c146e8ec2f-300x169.webp 300w, https:\/\/osteomag.ca\/wp-content\/uploads\/2024\/11\/9d46754f-1bb4-4345-a150-e4c146e8ec2f-600x338.webp 600w, https:\/\/osteomag.ca\/wp-content\/uploads\/2024\/11\/9d46754f-1bb4-4345-a150-e4c146e8ec2f-696x392.webp 696w, https:\/\/osteomag.ca\/wp-content\/uploads\/2024\/11\/9d46754f-1bb4-4345-a150-e4c146e8ec2f.webp 1200w\" sizes=\"(max-width: 1030px) 100vw, 1030px\" \/><\/figure>\n\n\n\n<h3 class=\"wp-block-heading has-vivid-cyan-blue-color has-text-color has-link-color wp-elements-4334e429e16484cbf627b756e0dabca4\"><span class=\"ez-toc-section\" id=\"Examen_Physique\"><\/span><strong>Examen Physique<\/strong><span class=\"ez-toc-section-end\"><\/span><\/h3>\n\n\n\n<p>L&rsquo;examen physique est la premi\u00e8re \u00e9tape dans le diagnostic des probl\u00e8mes d&rsquo;arches. Le m\u00e9decin ou le podologue commence g\u00e9n\u00e9ralement par observer la forme du pied en position debout et allong\u00e9e. Cette observation permet de d\u00e9tecter visuellement des anomalies comme un pied plat (o\u00f9 l\u2019arche est affaiss\u00e9e) ou un pied creux (o\u00f9 l\u2019arche est trop \u00e9lev\u00e9e). Le professionnel peut \u00e9galement examiner la position des orteils, des chevilles et des talons pour rep\u00e9rer des signes d\u2019hyperpronation (rotation interne excessive du pied) ou de supination (rotation externe excessive).<\/p>\n\n\n\n<p>Les tests physiques incluent souvent des man\u0153uvres sp\u00e9cifiques pour \u00e9valuer la flexibilit\u00e9 et la stabilit\u00e9 des arches. Un test courant consiste \u00e0 demander au patient de se mettre sur la pointe des pieds pour observer si l\u2019arche interne se rel\u00e8ve. Si l\u2019arche reste effondr\u00e9e lors de ce mouvement, cela indique g\u00e9n\u00e9ralement un pied plat rigide, tandis qu\u2019un rel\u00e8vement de l\u2019arche sugg\u00e8re un pied plat flexible.<\/p>\n\n\n\n<p>Un autre test utile est l\u2019\u00e9valuation de la longueur des jambes et de l\u2019alignement des genoux, car des d\u00e9s\u00e9quilibres dans les arches peuvent entra\u00eener des diff\u00e9rences apparentes de longueur des jambes et influencer la posture globale. Le professionnel de sant\u00e9 peut \u00e9galement v\u00e9rifier la mobilit\u00e9 articulaire de la cheville, des orteils et des genoux, car les probl\u00e8mes d&rsquo;arches peuvent avoir un impact direct sur la souplesse et l&rsquo;amplitude de mouvement de ces articulations.<\/p>\n\n\n\n<h3 class=\"wp-block-heading has-vivid-cyan-blue-color has-text-color has-link-color wp-elements-42e344347043b626d0da69d992982e33\"><span class=\"ez-toc-section\" id=\"Imagerie_Medicale\"><\/span><strong>Imagerie M\u00e9dicale<\/strong><span class=\"ez-toc-section-end\"><\/span><\/h3>\n\n\n\n<p>L&rsquo;imagerie m\u00e9dicale est fr\u00e9quemment utilis\u00e9e pour obtenir une vue plus d\u00e9taill\u00e9e de la structure des os, des ligaments et des articulations du pied. Les radiographies sont les images les plus couramment demand\u00e9es, en particulier pour observer les os de l\u2019arche longitudinale interne et externe. Sur une radiographie, il est possible de mesurer l\u2019angle de l\u2019arche et de d\u00e9tecter des anomalies structurelles comme un affaissement de l\u2019astragale (os situ\u00e9 dans l&rsquo;arche interne) ou une d\u00e9viation des os m\u00e9tatarsiens dans le cas d\u2019une arche transverse affaiss\u00e9e.<\/p>\n\n\n\n<p>L\u2019IRM (imagerie par r\u00e9sonance magn\u00e9tique) est parfois utilis\u00e9e pour des examens plus approfondis, surtout si des douleurs persistantes sugg\u00e8rent une inflammation ou une l\u00e9sion des tissus mous, comme le fascia plantaire ou les tendons d\u2019Achille. Elle est particuli\u00e8rement utile pour \u00e9valuer des pathologies telles que la fasciite plantaire, souvent associ\u00e9e \u00e0 un affaissement de l\u2019arche interne, ou des d\u00e9chirures dans les tendons de soutien de l\u2019arche, comme le tendon tibial post\u00e9rieur.<\/p>\n\n\n\n<p>L\u2019\u00e9chographie est une autre m\u00e9thode d\u2019imagerie utile pour examiner les structures tendineuses et ligamentaires du pied. Elle permet d\u2019observer en temps r\u00e9el l\u2019\u00e9tat des tendons et de d\u00e9tecter des microd\u00e9chirures ou des inflammations dans les structures de soutien des arches. Cette technique est non invasive, rapide et peut \u00eatre r\u00e9p\u00e9t\u00e9e r\u00e9guli\u00e8rement pour suivre l\u2019\u00e9volution de certaines conditions inflammatoires ou d\u00e9g\u00e9n\u00e9ratives.<\/p>\n\n\n\n<h3 class=\"wp-block-heading has-vivid-cyan-blue-color has-text-color has-link-color wp-elements-4362681c752971106e860e95833b6a46\"><span class=\"ez-toc-section\" id=\"Analyse_de_la_Marche\"><\/span><strong>Analyse de la Marche<\/strong><span class=\"ez-toc-section-end\"><\/span><\/h3>\n\n\n\n<p>L&rsquo;analyse de la marche, ou biom\u00e9canique, est une technique de diagnostic avanc\u00e9e qui consiste \u00e0 observer le mouvement du pied et du corps pendant la marche. Elle est r\u00e9alis\u00e9e dans des centres sp\u00e9cialis\u00e9s et fait souvent appel \u00e0 des tapis roulants \u00e9quip\u00e9s de capteurs de pression et de cam\u00e9ras pour analyser la r\u00e9partition du poids, l\u2019angle de rotation du pied et la dur\u00e9e de contact des diff\u00e9rentes parties du pied avec le sol. Cette analyse permet d&rsquo;\u00e9valuer en d\u00e9tail les d\u00e9s\u00e9quilibres dans les arches et leurs r\u00e9percussions sur la d\u00e9marche.<\/p>\n\n\n\n<p>Les r\u00e9sultats de l\u2019analyse de la marche permettent de d\u00e9terminer si un patient pr\u00e9sente une hyperpronation, une supination ou une r\u00e9partition asym\u00e9trique des charges sur le pied. Ce type d\u2019analyse est particuli\u00e8rement important pour les sportifs ou pour les personnes souffrant de douleurs persistantes dans les pieds, les genoux ou le dos. Les donn\u00e9es obtenues permettent de concevoir des orth\u00e8ses sur mesure, adapt\u00e9es \u00e0 la dynamique sp\u00e9cifique du pied, pour corriger les d\u00e9s\u00e9quilibres observ\u00e9s et am\u00e9liorer le confort et la performance de la marche.<\/p>\n\n\n\n<h3 class=\"wp-block-heading has-vivid-cyan-blue-color has-text-color has-link-color wp-elements-b8d88f66894366d0e9490d8aae6904e6\"><span class=\"ez-toc-section\" id=\"Importance_dun_Diagnostic_Precoce\"><\/span><strong>Importance d\u2019un Diagnostic Pr\u00e9coce<\/strong><span class=\"ez-toc-section-end\"><\/span><\/h3>\n\n\n\n<p>Le diagnostic pr\u00e9coce des d\u00e9s\u00e9quilibres des arches du pied est crucial pour \u00e9viter des complications et des douleurs chroniques. Un d\u00e9s\u00e9quilibre non trait\u00e9 peut, avec le temps, provoquer des d\u00e9formations progressives du pied, des douleurs articulaires et des tensions musculaires dans les jambes, les hanches et le dos. Les d\u00e9s\u00e9quilibres des arches peuvent aussi causer des troubles posturaux qui affectent l&rsquo;ensemble de la biom\u00e9canique du corps, menant \u00e0 des douleurs chroniques dans le bas du dos (comme le lumbago), des syndromes douloureux au genou (syndrome f\u00e9moro-patellaire) ou des tendinites dans les jambes et les pieds.<\/p>\n\n\n\n<p>Un diagnostic pr\u00e9coce permet d\u2019agir avant que les d\u00e9s\u00e9quilibres ne deviennent des pathologies structurelles difficiles \u00e0 traiter. Par exemple, un pied plat d\u00e9tect\u00e9 \u00e0 un jeune \u00e2ge peut \u00eatre corrig\u00e9 avec des exercices de renforcement, des \u00e9tirements sp\u00e9cifiques et des orth\u00e8ses adapt\u00e9es, r\u00e9duisant le risque de complications futures. De m\u00eame, les personnes ayant un pied creux peuvent b\u00e9n\u00e9ficier d&rsquo;un soutien orthop\u00e9dique pr\u00e9ventif, qui les prot\u00e8ge contre les fractures de stress et les douleurs chroniques li\u00e9es \u00e0 une surcharge des m\u00e9tatarsiens.<\/p>\n\n\n\n<p>Enfin, un diagnostic pr\u00e9coce est particuli\u00e8rement b\u00e9n\u00e9fique pour les personnes actives, comme les athl\u00e8tes, qui sollicitent leurs pieds de mani\u00e8re intensive. Un d\u00e9s\u00e9quilibre d\u00e9tect\u00e9 t\u00f4t et pris en charge permet d&rsquo;\u00e9viter les blessures de surcharge, d\u2019am\u00e9liorer les performances et de pr\u00e9server l\u2019int\u00e9grit\u00e9 des articulations et des muscles impliqu\u00e9s dans le mouvement.<\/p>\n\n\n\n<h2 class=\"wp-block-heading has-white-color has-vivid-cyan-blue-to-vivid-purple-gradient-background has-text-color has-background has-link-color wp-elements-9816492279c58a07b49fe3ecfd291179\"><span class=\"ez-toc-section\" id=\"Prevention_et_Correction_des_Desequilibres_des_Arches_du_Pied\"><\/span>Pr\u00e9vention et Correction des D\u00e9s\u00e9quilibres des Arches du Pied<span class=\"ez-toc-section-end\"><\/span><\/h2>\n\n\n\n<p>Les d\u00e9s\u00e9quilibres des arches du pied peuvent avoir des cons\u00e9quences significatives pour la posture, la mobilit\u00e9 et le confort quotidien. Afin de pr\u00e9venir et corriger ces d\u00e9s\u00e9quilibres, il est essentiel de combiner des exercices de renforcement, des conseils d\u2019hygi\u00e8ne posturale, le port de chaussures adapt\u00e9es et, dans certains cas, l\u2019utilisation de semelles orthop\u00e9diques ou d\u2019orth\u00e8ses plantaires. Ces approches peuvent non seulement am\u00e9liorer la stabilit\u00e9 et la flexibilit\u00e9 des pieds, mais \u00e9galement r\u00e9duire les douleurs et pr\u00e9venir des complications plus graves.<\/p>\n\n\n\n<h3 class=\"wp-block-heading has-vivid-cyan-blue-color has-text-color has-link-color wp-elements-17c6f543d3a2458ef5844a3d306f29af\"><span class=\"ez-toc-section\" id=\"Exercices_de_Renforcement_et_dEtirement_Specifiques\"><\/span><strong>Exercices de Renforcement et d\u2019\u00c9tirement Sp\u00e9cifiques<\/strong><span class=\"ez-toc-section-end\"><\/span><\/h3>\n\n\n\n<p>Les exercices de renforcement et d\u2019\u00e9tirement cibl\u00e9s sont une m\u00e9thode efficace pour pr\u00e9venir et corriger les d\u00e9s\u00e9quilibres des arches du pied. En travaillant les muscles, les tendons et les ligaments du pied, ces exercices aident \u00e0 stabiliser les arches et \u00e0 maintenir un alignement correct.<\/p>\n\n\n\n<ul class=\"wp-block-list\">\n<li><strong>\u00c9tirements du fascia plantaire<\/strong> : Pour les personnes ayant un pied plat ou sujettes \u00e0 la fasciite plantaire, les \u00e9tirements du fascia plantaire sont particuli\u00e8rement b\u00e9n\u00e9fiques. Il suffit de s\u2019asseoir, de tirer les orteils vers soi avec la main et de maintenir l\u2019\u00e9tirement pendant 15 \u00e0 30 secondes. Cet exercice aide \u00e0 am\u00e9liorer la souplesse de la vo\u00fbte plantaire et r\u00e9duit les tensions.<\/li>\n\n\n\n<li><strong>Renforcement des muscles intrins\u00e8ques du pied<\/strong> : Les petits muscles qui soutiennent les arches sont souvent faibles. Des exercices comme le ramassage de petits objets avec les orteils, le scrunching (resserrement des orteils pour froisser une serviette) et l\u2019\u00e9tirement de l\u2019arche en flexion plantaire sont efficaces. Ces exercices renforcent les muscles de soutien de l\u2019arche longitudinale interne et contribuent \u00e0 pr\u00e9venir l\u2019effondrement de celle-ci.<\/li>\n\n\n\n<li><strong>Exercices d\u2019\u00e9quilibre<\/strong> : L\u2019entra\u00eenement de l\u2019\u00e9quilibre, tel que se tenir sur une jambe ou utiliser une planche d\u2019\u00e9quilibre, stimule les muscles stabilisateurs des pieds et am\u00e9liore la proprioception. Ces exercices sont particuli\u00e8rement utiles pour les personnes ayant des d\u00e9s\u00e9quilibres et peuvent aider \u00e0 renforcer les muscles de soutien, \u00e0 r\u00e9duire l\u2019instabilit\u00e9 et \u00e0 pr\u00e9venir les entorses.<\/li>\n\n\n\n<li><strong>\u00c9tirements des mollets et du tendon d\u2019Achille<\/strong> : L\u2019hyperpronation, courante chez les personnes ayant les pieds plats, est souvent associ\u00e9e \u00e0 une raideur dans les mollets et le tendon d\u2019Achille. En \u00e9tirant ces muscles, il est possible d\u2019am\u00e9liorer l\u2019alignement du pied. Un \u00e9tirement simple consiste \u00e0 se tenir debout face \u00e0 un mur, une jambe derri\u00e8re, et \u00e0 pousser les talons vers le sol.<\/li>\n\n\n\n<li><strong>Exercice de la vo\u00fbte plantaire (ou \u00ab\u00a0doming\u00a0\u00bb)<\/strong> : Cet exercice vise \u00e0 renforcer sp\u00e9cifiquement l\u2019arche interne en contractant les muscles sans plier les orteils. Pour r\u00e9aliser cet exercice, il faut maintenir les orteils au sol et essayer de relever l\u2019arche en rapprochant la boule du pied et le talon. Ce mouvement renforce les muscles internes de l\u2019arche, ce qui aide \u00e0 maintenir une forme correcte.<\/li>\n<\/ul>\n\n\n\n<p>Ces exercices doivent \u00eatre pratiqu\u00e9s r\u00e9guli\u00e8rement pour obtenir des r\u00e9sultats durables et peuvent \u00eatre combin\u00e9s avec d&rsquo;autres approches pour maximiser leur efficacit\u00e9.<\/p>\n\n\n\n<h3 class=\"wp-block-heading has-vivid-cyan-blue-color has-text-color has-link-color wp-elements-a92c7210ef246b56de190b3f94b90f35\"><span class=\"ez-toc-section\" id=\"Conseils_dHygiene_Posturale_et_Chaussures_Adaptees\"><\/span><strong>Conseils d\u2019Hygi\u00e8ne Posturale et Chaussures Adapt\u00e9es<\/strong><span class=\"ez-toc-section-end\"><\/span><\/h3>\n\n\n\n<p>Une bonne hygi\u00e8ne posturale et le port de chaussures adapt\u00e9es jouent un r\u00f4le crucial dans la pr\u00e9vention des d\u00e9s\u00e9quilibres des arches et la correction de ceux-ci. La posture du corps, ainsi que le type de chaussure, peuvent influencer directement la sant\u00e9 des pieds et des arches.<\/p>\n\n\n\n<ul class=\"wp-block-list\">\n<li><strong>Maintien d&rsquo;une posture correcte<\/strong> : Une posture align\u00e9e r\u00e9duit la pression sur les pieds et favorise un \u00e9quilibre harmonieux entre les articulations. Il est important de garder une posture droite, avec les \u00e9paules d\u00e9tendues et les hanches align\u00e9es. Une mauvaise posture, comme se tenir en hyperpronation ou en supination, peut accentuer les d\u00e9s\u00e9quilibres et augmenter les risques de douleur et de blessure.<\/li>\n\n\n\n<li><strong>Chaussures de soutien<\/strong> : Le choix des chaussures est essentiel pour les personnes ayant des d\u00e9s\u00e9quilibres dans les arches. Les chaussures devraient avoir un bon soutien de la vo\u00fbte plantaire, une semelle amortissante et une large bo\u00eete \u00e0 orteils pour permettre une r\u00e9partition \u00e9quilibr\u00e9e du poids. Les chaussures trop souples ou sans soutien, comme les sandales plates ou les talons hauts, ne sont pas adapt\u00e9es pour les personnes ayant des pieds plats ou creux. Elles peuvent aggraver les d\u00e9s\u00e9quilibres et causer des douleurs suppl\u00e9mentaires.<\/li>\n\n\n\n<li><strong>Chaussures adapt\u00e9es aux activit\u00e9s physiques<\/strong> : Pour les personnes actives ou les sportifs, des chaussures sp\u00e9cifiques sont recommand\u00e9es. Les chaussures de course avec un bon amorti et un soutien de l\u2019arche permettent d\u2019absorber les chocs et de stabiliser le pied. Il est \u00e9galement conseill\u00e9 de choisir des chaussures en fonction du type de pied (pied plat, neutre ou creux) pour maximiser le soutien et pr\u00e9venir les blessures.<\/li>\n\n\n\n<li><strong>Alternance des chaussures<\/strong> : Alterner les chaussures au quotidien peut aider \u00e0 pr\u00e9venir la fatigue des pieds et \u00e0 r\u00e9duire la pression sur certaines zones. Cela permet aussi de ne pas toujours solliciter les pieds de la m\u00eame mani\u00e8re, ce qui est b\u00e9n\u00e9fique pour l&rsquo;\u00e9quilibre musculaire et la sant\u00e9 des arches.<\/li>\n<\/ul>\n\n\n\n<h3 class=\"wp-block-heading has-vivid-cyan-blue-color has-text-color has-link-color wp-elements-2312aa5f244e07e71ef176a774d7cd0b\"><span class=\"ez-toc-section\" id=\"Importance_des_Semelles_Orthopediques_et_de_lOrthese_Plantaire\"><\/span><strong>Importance des Semelles Orthop\u00e9diques et de l\u2019Orth\u00e8se Plantaire<\/strong><span class=\"ez-toc-section-end\"><\/span><\/h3>\n\n\n\n<p>Les semelles orthop\u00e9diques et les orth\u00e8ses plantaires sont des dispositifs m\u00e9dicaux con\u00e7us pour corriger les d\u00e9s\u00e9quilibres des arches et offrir un soutien additionnel l\u00e0 o\u00f9 cela est n\u00e9cessaire. Elles sont souvent prescrites par des professionnels de la sant\u00e9, tels que les podologues, et peuvent \u00eatre adapt\u00e9es sur mesure pour r\u00e9pondre aux besoins individuels de chaque patient.<\/p>\n\n\n\n<ul class=\"wp-block-list\">\n<li><strong>R\u00f4le des semelles orthop\u00e9diques<\/strong> : Les semelles orthop\u00e9diques soutiennent les arches du pied en redistribuant la pression et en corrigeant les d\u00e9salignements. Elles aident \u00e0 stabiliser le pied et \u00e0 r\u00e9duire les douleurs en amortissant les chocs et en corrigeant les probl\u00e8mes de pronation ou de supination excessive. Les semelles sont fabriqu\u00e9es en fonction des caract\u00e9ristiques sp\u00e9cifiques du pied, comme la forme de l\u2019arche, l\u2019angle de pronation, et peuvent \u00eatre port\u00e9es dans la plupart des types de chaussures.<\/li>\n\n\n\n<li><strong>Orth\u00e8ses plantaires pour pieds plats<\/strong> : Pour les pieds plats, les orth\u00e8ses plantaires aident \u00e0 soutenir l\u2019arche longitudinale interne, r\u00e9duisant ainsi la fatigue et les douleurs plantaires. Elles am\u00e9liorent la posture et permettent de compenser l\u2019effondrement de l\u2019arche, diminuant ainsi les douleurs articulaires associ\u00e9es au pied plat.<\/li>\n\n\n\n<li><strong>Orth\u00e8ses pour pieds creux<\/strong> : Pour les personnes ayant des pieds creux, les orth\u00e8ses offrent un soutien suppl\u00e9mentaire dans la zone de l\u2019arche, ce qui aide \u00e0 \u00e9quilibrer la r\u00e9partition des charges. Ces orth\u00e8ses diminuent \u00e9galement la pression sur les talons et les t\u00eates m\u00e9tatarsiennes, zones souvent douloureuses chez les personnes ayant une arche excessive.<\/li>\n\n\n\n<li><strong>Pr\u00e9vention des blessures et am\u00e9lioration de la performance<\/strong> : Les semelles orthop\u00e9diques sont particuli\u00e8rement b\u00e9n\u00e9fiques pour les personnes actives et les sportifs, car elles minimisent les risques de blessures dues aux impacts r\u00e9p\u00e9titifs et am\u00e9liorent la stabilit\u00e9 du pied. En aidant \u00e0 maintenir un alignement correct, elles contribuent \u00e0 r\u00e9duire les douleurs chroniques, \u00e0 am\u00e9liorer la posture et \u00e0 augmenter la performance physique.<\/li>\n<\/ul>\n\n\n\n<h2 class=\"wp-block-heading has-white-color has-vivid-cyan-blue-to-vivid-purple-gradient-background has-text-color has-background has-link-color wp-elements-0e677347b0449fabbcb0f274d692adbf\"><span class=\"ez-toc-section\" id=\"Le_Role_de_lOsteopathie_dans_la_Sante_des_Arches_du_Pied\"><\/span>Le R\u00f4le de l&rsquo;Ost\u00e9opathie dans la Sant\u00e9 des Arches du Pied<span class=\"ez-toc-section-end\"><\/span><\/h2>\n\n\n\n<p>L\u2019ost\u00e9opathie joue un r\u00f4le important dans la pr\u00e9vention, la correction et le traitement des d\u00e9s\u00e9quilibres des arches du pied. Cette approche th\u00e9rapeutique globale consid\u00e8re les pieds comme une base essentielle pour l\u2019\u00e9quilibre du corps et vise \u00e0 restaurer la mobilit\u00e9 et la fonctionnalit\u00e9 des structures anatomiques par des techniques de manipulation manuelle. L\u2019ost\u00e9opathie permet ainsi de traiter les dysfonctions des arches en tenant compte de leur impact sur l\u2019ensemble du corps, et elle s\u2019av\u00e8re particuli\u00e8rement efficace pour soulager les douleurs et r\u00e9tablir la mobilit\u00e9 en travaillant sur les d\u00e9s\u00e9quilibres de mani\u00e8re holistique.<\/p>\n\n\n\n<h3 class=\"wp-block-heading has-vivid-cyan-blue-color has-text-color has-link-color wp-elements-c4d8f62b7fac217de74d4ca68ecd3df6\"><span class=\"ez-toc-section\" id=\"Approche_Osteopathique_pour_Equilibrer_les_Arches_du_Pied\"><\/span><strong>Approche Ost\u00e9opathique pour \u00c9quilibrer les Arches du Pied<\/strong><span class=\"ez-toc-section-end\"><\/span><\/h3>\n\n\n\n<p>En ost\u00e9opathie, les arches du pied sont per\u00e7ues comme une fondation structurelle et fonctionnelle. Lorsque les arches sont d\u00e9s\u00e9quilibr\u00e9es, elles peuvent causer des douleurs et des probl\u00e8mes dans d&rsquo;autres parties du corps, comme les genoux, les hanches et le bas du dos. L&rsquo;approche ost\u00e9opathique repose sur une \u00e9valuation approfondie pour d\u00e9terminer les d\u00e9s\u00e9quilibres sp\u00e9cifiques de chaque arche (longitudinale interne, longitudinale externe et transversale) et pour comprendre comment ils influencent la posture et la mobilit\u00e9 du patient.<\/p>\n\n\n\n<p>L\u2019ost\u00e9opathe observe la posture globale du patient, la mani\u00e8re dont il se tient debout, marche, et les \u00e9ventuels d\u00e9salignements dans les membres inf\u00e9rieurs. L\u2019analyse permet d\u2019identifier si les douleurs ou les dysfonctions sont li\u00e9es \u00e0 des pieds plats, creux ou \u00e0 d\u2019autres d\u00e9s\u00e9quilibres posturaux. L\u2019ost\u00e9opathe \u00e9value \u00e9galement la souplesse des articulations du pied et examine les tensions dans les tissus mous, tels que les tendons, les ligaments et les fascias. Une fois les d\u00e9s\u00e9quilibres identifi\u00e9s, l\u2019ost\u00e9opathe \u00e9labore un plan de traitement personnalis\u00e9 visant \u00e0 restaurer l\u2019\u00e9quilibre et la fonctionnalit\u00e9 des arches.<\/p>\n\n\n\n<h3 class=\"wp-block-heading has-vivid-cyan-blue-color has-text-color has-link-color wp-elements-f25f5a49b761807caef92c588c9fce5a\"><span class=\"ez-toc-section\" id=\"Techniques_de_Manipulation_Specifiques_aux_Dysfonctions_des_Arches\"><\/span><strong>Techniques de Manipulation Sp\u00e9cifiques aux Dysfonctions des Arches<\/strong><span class=\"ez-toc-section-end\"><\/span><\/h3>\n\n\n\n<p>L\u2019ost\u00e9opathie utilise diff\u00e9rentes techniques de manipulation pour corriger les dysfonctions des arches et am\u00e9liorer la mobilit\u00e9 et le confort des pieds. Ces manipulations sont douces et pr\u00e9cises, con\u00e7ues pour rel\u00e2cher les tensions, stimuler la circulation sanguine, et permettre un meilleur alignement des structures.<\/p>\n\n\n\n<ul class=\"wp-block-list\">\n<li><strong>Manipulations articulaires<\/strong> : Ces techniques sont employ\u00e9es pour restaurer la mobilit\u00e9 des articulations du pied et favoriser un alignement optimal. En cas de pied plat, par exemple, les manipulations articulaires peuvent aider \u00e0 r\u00e9tablir une meilleure position de l\u2019astragale, un os cl\u00e9 de l\u2019arche longitudinale interne. Ce r\u00e9alignement contribue \u00e0 soutenir l\u2019arche et \u00e0 r\u00e9duire les douleurs et l\u2019instabilit\u00e9.<\/li>\n\n\n\n<li><strong>Techniques myofasciales<\/strong> : Les fascias, tissus conjonctifs entourant les muscles, tendons et ligaments, jouent un r\u00f4le essentiel dans le soutien des arches. En cas de pied creux, o\u00f9 les fascias peuvent \u00eatre trop tendus, les techniques myofasciales permettent de rel\u00e2cher les tensions et de redonner de la souplesse \u00e0 l\u2019arche. Ces techniques sont utiles pour assouplir le fascia plantaire, r\u00e9duire les douleurs et favoriser une meilleure r\u00e9partition du poids.<\/li>\n\n\n\n<li><strong>Mobilisations des tissus mous<\/strong> : Ce type de manipulation est utilis\u00e9 pour traiter les tendons et les muscles, en particulier dans les cas de tendinites ou de fasciite plantaire, souvent associ\u00e9es aux d\u00e9s\u00e9quilibres des arches. En travaillant sur les muscles du mollet, le tendon d\u2019Achille et les muscles intrins\u00e8ques du pied, l\u2019ost\u00e9opathe aide \u00e0 rel\u00e2cher les zones de tension et \u00e0 renforcer les structures de soutien.<\/li>\n\n\n\n<li><strong>Techniques de r\u00e9\u00e9quilibrage postural<\/strong> : L\u2019ost\u00e9opathe travaille \u00e9galement sur les jambes, le bassin et la colonne vert\u00e9brale pour corriger les compensations posturales caus\u00e9es par les d\u00e9s\u00e9quilibres des arches. En r\u00e9alignant l\u2019ensemble du corps, ces techniques contribuent \u00e0 r\u00e9duire les douleurs li\u00e9es \u00e0 la torsion interne du tibia ou \u00e0 la torsion externe du f\u00e9mur souvent associ\u00e9es aux pieds plats.<\/li>\n<\/ul>\n\n\n\n<h3 class=\"wp-block-heading has-vivid-cyan-blue-color has-text-color has-link-color wp-elements-6636dd55ae9de35c44d5f966471dc563\"><span class=\"ez-toc-section\" id=\"Cas_Concrets_et_Retours_dExperience\"><\/span><strong>Cas Concrets et Retours d&rsquo;Exp\u00e9rience<\/strong><span class=\"ez-toc-section-end\"><\/span><\/h3>\n\n\n\n<p>Les retours d\u2019exp\u00e9rience montrent que l&rsquo;ost\u00e9opathie apporte des r\u00e9sultats significatifs dans le traitement des d\u00e9s\u00e9quilibres des arches du pied, en particulier pour les personnes souffrant de douleurs chroniques ou de limitations fonctionnelles. Voici quelques exemples concrets de cas o\u00f9 l\u2019ost\u00e9opathie s\u2019est r\u00e9v\u00e9l\u00e9e b\u00e9n\u00e9fique :<\/p>\n\n\n\n<ul class=\"wp-block-list\">\n<li><strong>Cas de pied plat douloureux<\/strong> : Un patient pr\u00e9sentant un pied plat et une fasciite plantaire chronique a consult\u00e9 un ost\u00e9opathe pour des douleurs persistantes au talon et sous le pied. Apr\u00e8s plusieurs s\u00e9ances de manipulation visant \u00e0 r\u00e9aligner l\u2019arche et rel\u00e2cher les tensions dans le fascia plantaire, le patient a rapport\u00e9 une diminution notable des douleurs et une am\u00e9lioration de la stabilit\u00e9 du pied, lui permettant de reprendre ses activit\u00e9s quotidiennes sans g\u00eane.<\/li>\n\n\n\n<li><strong>Pied creux et douleurs de genou<\/strong> : Une patiente souffrant de pieds creux avait d\u00e9velopp\u00e9 des douleurs au genou dues \u00e0 une surcharge des t\u00eates m\u00e9tatarsiennes. L\u2019ost\u00e9opathe a travaill\u00e9 sur les fascias et les articulations du pied pour am\u00e9liorer la flexibilit\u00e9 de l\u2019arche et a \u00e9galement manipul\u00e9 les genoux pour r\u00e9duire les tensions. Apr\u00e8s quelques s\u00e9ances, la patiente a ressenti un meilleur confort dans la marche et une r\u00e9duction des douleurs au genou.<\/li>\n\n\n\n<li><strong>Correction posturale suite \u00e0 un pied en pronation excessive<\/strong> : Un sportif souffrant de douleurs lombaires et de torsions r\u00e9p\u00e9t\u00e9es de la cheville dues \u00e0 une hyperpronation a \u00e9t\u00e9 trait\u00e9 par un ost\u00e9opathe. En travaillant \u00e0 la fois sur les pieds et les compensations posturales dans le bas du dos et les jambes, l\u2019ost\u00e9opathe a aid\u00e9 \u00e0 r\u00e9duire les douleurs lombaires et \u00e0 am\u00e9liorer la stabilit\u00e9 de la cheville, permettant au patient de retrouver un meilleur \u00e9quilibre et une posture plus stable.<\/li>\n<\/ul>\n\n\n\n<p>Les r\u00e9sultats de l\u2019ost\u00e9opathie dans la correction des dysfonctions des arches sont souvent positifs, apportant non seulement un soulagement des douleurs, mais aussi une am\u00e9lioration de la mobilit\u00e9 et de la qualit\u00e9 de vie. La capacit\u00e9 de l\u2019ost\u00e9opathie \u00e0 traiter les probl\u00e8mes \u00e0 la source, en abordant les dysfonctions dans un contexte global, fait de cette approche un atout pr\u00e9cieux pour la sant\u00e9 des arches du pied et pour la pr\u00e9vention des complicaConclusion : Prendre Soin de ses Arches pour une Vie Activetions.<\/p>\n\n\n\n<h2 class=\"wp-block-heading has-white-color has-vivid-cyan-blue-to-vivid-purple-gradient-background has-text-color has-background has-link-color wp-elements-0d533f7d3388896cba9b872f6bcf4675\"><span class=\"ez-toc-section\" id=\"Conclusion_Prendre_Soin_de_ses_Arches_pour_une_Vie_Active\"><\/span>Conclusion : Prendre Soin de ses Arches pour une Vie Active<span class=\"ez-toc-section-end\"><\/span><\/h2>\n\n\n\n<p>Les arches du pied jouent un r\u00f4le crucial dans le maintien de la stabilit\u00e9, de l\u2019amortissement et de la mobilit\u00e9 du corps. Une bonne sant\u00e9 des arches est essentielle pour \u00e9viter les douleurs, pr\u00e9server l\u2019alignement postural et permettre une d\u00e9marche fluide et \u00e9quilibr\u00e9e. Que ce soit par la pr\u00e9vention ou par des techniques de correction, il est possible de maintenir ou de restaurer la sant\u00e9 des pieds pour profiter d\u2019une vie active sans douleur.<\/p>\n\n\n\n<p>Les points cl\u00e9s pour pr\u00e9server l\u2019\u00e9quilibre des arches comprennent une combinaison de soins proactifs et de mesures adapt\u00e9es. <strong>Les exercices de renforcement et d\u2019\u00e9tirement<\/strong> des muscles et des tendons du pied sont essentiels pour renforcer les arches et pr\u00e9venir leur affaissement. En parall\u00e8le, l\u2019importance d\u2019une <strong>bonne hygi\u00e8ne posturale<\/strong> et le port de <strong>chaussures adapt\u00e9es<\/strong> ne peuvent \u00eatre sous-estim\u00e9s ; ils jouent un r\u00f4le majeur dans la r\u00e9partition des charges et le maintien de la posture. Pour les personnes ayant des d\u00e9s\u00e9quilibres prononc\u00e9s, le recours \u00e0 des <strong>semelles orthop\u00e9diques ou \u00e0 des orth\u00e8ses plantaires<\/strong> sur mesure est recommand\u00e9 pour corriger les dysfonctionnements et am\u00e9liorer le confort. Enfin, <strong>l\u2019ost\u00e9opathie<\/strong> offre une approche th\u00e9rapeutique compl\u00e9mentaire, permettant de r\u00e9tablir la mobilit\u00e9 et de soulager les douleurs en travaillant sur les structures anatomiques du pied de fa\u00e7on globale.<\/p>\n\n\n\n<h3 class=\"wp-block-heading has-vivid-cyan-blue-color has-text-color has-link-color wp-elements-256f6b11038d4737c6d9c41c5906916f\"><span class=\"ez-toc-section\" id=\"Recommandations_Finales_pour_Preserver_la_Sante_des_Pieds\"><\/span><strong>Recommandations Finales pour Pr\u00e9server la Sant\u00e9 des Pieds<\/strong><span class=\"ez-toc-section-end\"><\/span><\/h3>\n\n\n\n<p>Pour assurer la sant\u00e9 de vos arches et pr\u00e9venir les douleurs, voici quelques recommandations :<\/p>\n\n\n\n<ol class=\"wp-block-list\">\n<li><strong>Int\u00e9grez des exercices de renforcement<\/strong> : Consacrez quelques minutes par jour \u00e0 des exercices de renforcement et d\u2019\u00e9tirement du pied, en particulier si vous avez des ant\u00e9c\u00e9dents de d\u00e9s\u00e9quilibres ou de douleurs plantaires.<\/li>\n\n\n\n<li><strong>Choisissez des chaussures appropri\u00e9es<\/strong> : Optez pour des chaussures avec un bon soutien de la vo\u00fbte plantaire, un amorti adapt\u00e9 et une bo\u00eete \u00e0 orteils suffisamment large pour \u00e9viter la compression des pieds.<\/li>\n\n\n\n<li><strong>Adoptez une posture correcte<\/strong> : Une bonne posture r\u00e9duit la charge excessive sur les pieds. Veillez \u00e0 marcher en maintenant un alignement droit des hanches et des \u00e9paules pour r\u00e9partir le poids uniform\u00e9ment.<\/li>\n\n\n\n<li><strong>Utilisez des orth\u00e8ses si n\u00e9cessaire<\/strong> : Si vous avez des d\u00e9s\u00e9quilibres ou des douleurs sp\u00e9cifiques, consultez un podologue pour \u00e9valuer la n\u00e9cessit\u00e9 de semelles orthop\u00e9diques personnalis\u00e9es.<\/li>\n\n\n\n<li><strong>Consultez un ost\u00e9opathe<\/strong> : En cas de douleurs persistantes ou de probl\u00e8mes posturaux li\u00e9s aux arches, l\u2019ost\u00e9opathie peut offrir un soulagement et une correction en travaillant sur l\u2019ensemble des structures musculo-squelettiques.<\/li>\n<\/ol>\n\n\n\n<p>En prenant soin de vos arches, vous pouvez am\u00e9liorer votre stabilit\u00e9, prot\u00e9ger vos articulations et pr\u00e9server votre mobilit\u00e9 \u00e0 long terme. Ces actions simples mais efficaces contribuent non seulement \u00e0 la sant\u00e9 des pieds, mais aussi \u00e0 celle du corps tout entier, permettant de vivre pleinement une vie active et sans douleur.<\/p>\n\n\n\n<h2 class=\"wp-block-heading has-white-color has-vivid-cyan-blue-to-vivid-purple-gradient-background has-text-color has-background has-link-color wp-elements-3a161b76201a0dd0c60daa5ad065afbb\"><span class=\"ez-toc-section\" id=\"References\"><\/span>R\u00e9f\u00e9rences<span class=\"ez-toc-section-end\"><\/span><\/h2>\n\n\n\n<div class=\"wp-block-gutena-accordion gutena-accordion-block gutena-accordion-block-563038-e6 is-layout-flow wp-block-gutena-accordion-is-layout-flow\" data-single=\"false\">\n<div class=\"wp-block-gutena-accordion-panel gutena-accordion-block__panel\">\n<div class=\"wp-block-gutena-accordion-panel-title gutena-accordion-block__panel-title\"><div class=\"gutena-accordion-block__panel-title-inner\">\n<h6 class=\"wp-block-heading has-text-align-left\" style=\"margin-top:0px;margin-right:0px;margin-bottom:0px;margin-left:0px\">R\u00e9f\u00e9rences sur l\u2019Anatomie et la Fonction des Arches du Pied<\/h6>\n<div class=\"trigger-plus-minus\"><div class=\"horizontal\"><\/div><div class=\"vertical\"><\/div><\/div><\/div><\/div>\n\n\n\n<div class=\"wp-block-gutena-accordion-panel-content gutena-accordion-block__panel-content\"><div class=\"gutena-accordion-block__panel-content-inner\">\n<ul class=\"wp-block-list\">\n<li><strong>Gray, H., &amp; Standring, S.<\/strong>\u00a0(2008).\u00a0<em>Gray\u2019s Anatomy: The Anatomical Basis of Clinical Practice<\/em>. Churchill Livingstone.<\/li>\n\n\n\n<li><strong>McPoil, T. G., &amp; Cornwall, M. W.<\/strong>\u00a0(1994). \u00ab\u00a0Relationship between neutral subtalar joint position and pattern of rearfoot motion during walking.\u00a0\u00bb\u00a0<em>Foot &amp; Ankle International<\/em>, 15(3), 141-145.<\/li>\n<\/ul>\n<\/div><\/div>\n<\/div>\n\n\n\n<div class=\"wp-block-gutena-accordion-panel gutena-accordion-block__panel\">\n<div class=\"wp-block-gutena-accordion-panel-title gutena-accordion-block__panel-title\"><div class=\"gutena-accordion-block__panel-title-inner\">\n<h6 class=\"wp-block-heading has-text-align-left\" style=\"margin-top:0px;margin-right:0px;margin-bottom:0px;margin-left:0px\">R\u00e9f\u00e9rences sur les Techniques de Diagnostic<\/h6>\n<div class=\"trigger-plus-minus\"><div class=\"horizontal\"><\/div><div class=\"vertical\"><\/div><\/div><\/div><\/div>\n\n\n\n<div class=\"wp-block-gutena-accordion-panel-content gutena-accordion-block__panel-content\"><div class=\"gutena-accordion-block__panel-content-inner\">\n<ul class=\"wp-block-list\">\n<li><strong>Gough, P. S., &amp; Tennent, T. D.<\/strong>\u00a0(2007). \u00ab\u00a0The impact of foot posture on lower limb injury in adult athletes.\u00a0\u00bb\u00a0<em>Journal of Foot and Ankle Research<\/em>, 1, 26-34.<\/li>\n\n\n\n<li><strong>Nester, C., &amp; Bowker, P.<\/strong>\u00a0(2000). \u00ab\u00a0The use of three-dimensional gait analysis in the examination of foot and ankle pathology.\u00a0\u00bb\u00a0<em>Journal of Foot and Ankle Research<\/em>, 10(3), 237-246.<\/li>\n<\/ul>\n<\/div><\/div>\n<\/div>\n\n\n\n<div class=\"wp-block-gutena-accordion-panel gutena-accordion-block__panel\">\n<div class=\"wp-block-gutena-accordion-panel-title gutena-accordion-block__panel-title\"><div class=\"gutena-accordion-block__panel-title-inner\">\n<h6 class=\"wp-block-heading has-text-align-left\" style=\"margin-top:0px;margin-right:0px;margin-bottom:0px;margin-left:0px\">R\u00e9f\u00e9rences sur les Exercices et la Pr\u00e9vention des D\u00e9s\u00e9quilibres des Arches<\/h6>\n<div class=\"trigger-plus-minus\"><div class=\"horizontal\"><\/div><div class=\"vertical\"><\/div><\/div><\/div><\/div>\n\n\n\n<div class=\"wp-block-gutena-accordion-panel-content gutena-accordion-block__panel-content\"><div class=\"gutena-accordion-block__panel-content-inner\">\n<ul class=\"wp-block-list\">\n<li><strong>Mulligan, E. P., &amp; Cook, P. G.<\/strong>\u00a0(2013). \u00ab\u00a0The Effect of Foot Orthoses on the Kinematics and Kinetics of the Lower Limb.\u00a0\u00bb\u00a0<em>Journal of Orthopaedic &amp; Sports Physical Therapy<\/em>, 43(2), 105-112.<\/li>\n\n\n\n<li><strong>Tiberio, D.<\/strong>\u00a0(1988). \u00ab\u00a0The Effect of Excessive Pronation on Lower Extremity Injury in Athletes.\u00a0\u00bb\u00a0<em>Journal of Orthopaedic &amp; Sports Physical Therapy<\/em>, 27(3), 197-202.<\/li>\n<\/ul>\n<\/div><\/div>\n<\/div>\n\n\n\n<div class=\"wp-block-gutena-accordion-panel gutena-accordion-block__panel\">\n<div class=\"wp-block-gutena-accordion-panel-title gutena-accordion-block__panel-title\"><div class=\"gutena-accordion-block__panel-title-inner\">\n<h6 class=\"wp-block-heading has-text-align-left\" style=\"margin-top:0px;margin-right:0px;margin-bottom:0px;margin-left:0px\">R\u00e9f\u00e9rences sur les Chaussures Adapt\u00e9es et l\u2019Hygi\u00e8ne Posturale<\/h6>\n<div class=\"trigger-plus-minus\"><div class=\"horizontal\"><\/div><div class=\"vertical\"><\/div><\/div><\/div><\/div>\n\n\n\n<div class=\"wp-block-gutena-accordion-panel-content gutena-accordion-block__panel-content\"><div class=\"gutena-accordion-block__panel-content-inner\">\n<ul class=\"wp-block-list\">\n<li><strong>Barnes, R., Wheat, J. S., &amp; Milner, C. E.<\/strong>\u00a0(2012). \u00ab\u00a0Footwear and its impact on foot and lower limb function in individuals with flat and high-arched feet.\u00a0\u00bb\u00a0<em>Journal of Foot and Ankle Research<\/em>, 5(1), 4.<\/li>\n\n\n\n<li><strong>Rome, K., &amp; Brown, C.<\/strong>\u00a0(2004). \u00ab\u00a0Randomized Clinical Trial Into the Impact of Biomechanical Foot Orthoses on Knee Pain and Function.\u00a0\u00bb\u00a0<em>Arthritis Care &amp; Research<\/em>, 51(3), 466-474.<\/li>\n<\/ul>\n<\/div><\/div>\n<\/div>\n<\/div>\n\n\n\n<h2 class=\"wp-block-heading has-white-color has-vivid-cyan-blue-background-color has-text-color has-background has-link-color wp-elements-52872a3dbb552536285393ee6aa09e3e\"><span class=\"ez-toc-section\" id=\"Annexe\"><\/span><strong>Annexe<\/strong><span class=\"ez-toc-section-end\"><\/span><\/h2>\n\n\n\n<div class=\"wp-block-gutena-accordion gutena-accordion-block gutena-accordion-block-4e2fbd-41 is-layout-flow wp-block-gutena-accordion-is-layout-flow\" data-single=\"false\">\n<div class=\"wp-block-gutena-accordion-panel gutena-accordion-block__panel\">\n<div class=\"wp-block-gutena-accordion-panel-title gutena-accordion-block__panel-title\"><div class=\"gutena-accordion-block__panel-title-inner\">\n<h6 class=\"wp-block-heading has-text-align-left\" style=\"margin-top:0px;margin-right:0px;margin-bottom:0px;margin-left:0px\"><strong>Annexe A \u2014 Sch\u00e9ma Anatomique des Trois Arches<\/strong><\/h6>\n<div class=\"trigger-plus-minus\"><div class=\"horizontal\"><\/div><div class=\"vertical\"><\/div><\/div><\/div><\/div>\n\n\n\n<div class=\"wp-block-gutena-accordion-panel-content gutena-accordion-block__panel-content\"><div class=\"gutena-accordion-block__panel-content-inner\">\n<p style=\"margin-top:0;margin-bottom:0\">Far far away, behind the word mountains, far from the countries Vokalia and Consonantia, there live the blind texts. Separated they live in Bookmarksgrove right at the coast of the Semantics, a large language ocean.<\/p>\n<\/div><\/div>\n<\/div>\n\n\n\n<div class=\"wp-block-gutena-accordion-panel gutena-accordion-block__panel\">\n<div class=\"wp-block-gutena-accordion-panel-title gutena-accordion-block__panel-title\"><div class=\"gutena-accordion-block__panel-title-inner\">\n<h2 class=\"wp-block-heading has-text-align-left\" style=\"margin-top:0px;margin-right:0px;margin-bottom:0px;margin-left:0px\"><span class=\"ez-toc-section\" id=\"Annexe_B_%E2%80%94_Biomecanique_Simplifiee_du_Pied_Pendant_la_Marche\"><\/span><strong>Annexe B \u2014 Biom\u00e9canique Simplifi\u00e9e du Pied Pendant la Marche <\/strong><span class=\"ez-toc-section-end\"><\/span><\/h2>\n<div class=\"trigger-plus-minus\"><div class=\"horizontal\"><\/div><div class=\"vertical\"><\/div><\/div><\/div><\/div>\n\n\n\n<div class=\"wp-block-gutena-accordion-panel-content gutena-accordion-block__panel-content\"><div class=\"gutena-accordion-block__panel-content-inner\">\n<p style=\"margin-top:0;margin-bottom:0\">La marche humaine est un processus biom\u00e9canique remarquablement organis\u00e9 o\u00f9 le pied agit \u00e0 la fois comme <strong>amortisseur, adaptateur et levier propulsif<\/strong>. Contrairement \u00e0 une structure rigide, le pied se comporte comme un syst\u00e8me dynamique capable d\u2019alterner entre <strong>souplesse et rigidit\u00e9<\/strong> selon les besoins de chaque phase du pas.<\/p>\n\n\n\n<p>Ce m\u00e9canisme d\u00e9pend principalement de l\u2019organisation des <strong>arches du pied<\/strong>, de la tension du <strong>fascia plantaire<\/strong> et de la coordination des structures osseuses et ligamentaires.<\/p>\n\n\n\n<p>La marche peut \u00eatre d\u00e9crite en <strong>trois grandes phases biom\u00e9caniques<\/strong>, chacune impliquant une fonction sp\u00e9cifique du pied.<\/p>\n\n\n\n<h3 class=\"wp-block-heading\"><span class=\"ez-toc-section\" id=\"1_Phase_dattaque_talonniere\"><\/span><strong>1. Phase d\u2019attaque talonni\u00e8re<\/strong><span class=\"ez-toc-section-end\"><\/span><\/h3>\n\n\n\n<p>La marche d\u00e9bute lorsque <strong>le talon entre en contact avec le sol<\/strong>. Cette \u00e9tape correspond \u00e0 la phase d\u2019absorption initiale des forces.<\/p>\n\n\n\n<p>Le pied est alors relativement <strong>souple et adaptable<\/strong>, ce qui permet d\u2019amortir l\u2019impact g\u00e9n\u00e9r\u00e9 par le poids du corps et l\u2019inertie du mouvement.<\/p>\n\n\n\n<p>Durant cette phase :<\/p>\n\n\n\n<ul class=\"wp-block-list\">\n<li>le <strong>calcan\u00e9um<\/strong> re\u00e7oit la premi\u00e8re charge<\/li>\n\n\n\n<li>le pied commence une <strong>l\u00e9g\u00e8re pronation<\/strong><\/li>\n\n\n\n<li>les arches plantaires se <strong>d\u00e9forment l\u00e9g\u00e8rement<\/strong> pour absorber l\u2019\u00e9nergie m\u00e9canique<\/li>\n<\/ul>\n\n\n\n<p>Cette capacit\u00e9 d\u2019adaptation permet de <strong>r\u00e9duire la transmission des chocs vers la cheville, le genou, la hanche et la colonne vert\u00e9brale<\/strong>.<\/p>\n\n\n\n<p>Le pied fonctionne ici comme un <strong>amortisseur biologique<\/strong>.<\/p>\n\n\n\n<h3 class=\"wp-block-heading\"><span class=\"ez-toc-section\" id=\"2_Phase_dappui_medio-pied\"><\/span><strong>2. Phase d\u2019appui m\u00e9dio-pied<\/strong><span class=\"ez-toc-section-end\"><\/span><\/h3>\n\n\n\n<p>Lorsque le poids du corps se d\u00e9place vers l\u2019avant, le pied entre dans la phase <strong>d\u2019appui complet<\/strong>, o\u00f9 la charge est r\u00e9partie sur l\u2019ensemble de la vo\u00fbte plantaire.<\/p>\n\n\n\n<p>Durant cette phase :<\/p>\n\n\n\n<ul class=\"wp-block-list\">\n<li>les <strong>trois arches du pied travaillent ensemble<\/strong><\/li>\n\n\n\n<li>la charge est redistribu\u00e9e entre <strong>l\u2019arche m\u00e9diale, lat\u00e9rale et transversale<\/strong><\/li>\n\n\n\n<li>le pied s\u2019adapte aux <strong>irr\u00e9gularit\u00e9s du sol<\/strong><\/li>\n<\/ul>\n\n\n\n<p>Le pied agit alors comme un <strong>syst\u00e8me de suspension dynamique<\/strong>.<\/p>\n\n\n\n<p>Les ligaments, les muscles intrins\u00e8ques et le fascia plantaire permettent au pied de maintenir un <strong>\u00e9quilibre entre stabilit\u00e9 et flexibilit\u00e9<\/strong>.<\/p>\n\n\n\n<p>Cette phase est essentielle pour :<\/p>\n\n\n\n<ul class=\"wp-block-list\">\n<li>maintenir l\u2019<strong>\u00e9quilibre du corps<\/strong><\/li>\n\n\n\n<li>stabiliser la cheville<\/li>\n\n\n\n<li>pr\u00e9parer la phase suivante de propulsion.<\/li>\n<\/ul>\n\n\n\n<h3 class=\"wp-block-heading\"><span class=\"ez-toc-section\" id=\"3_Phase_de_propulsion\"><\/span><strong>3. Phase de propulsion<\/strong><span class=\"ez-toc-section-end\"><\/span><\/h3>\n\n\n\n<p>Lorsque le poids du corps d\u00e9passe l\u2019avant du pied, la m\u00e9canique change compl\u00e8tement.<\/p>\n\n\n\n<p>Le pied devient progressivement <strong>plus rigide<\/strong>, afin de transmettre efficacement la force vers l\u2019avant.<\/p>\n\n\n\n<p>La propulsion se fait principalement gr\u00e2ce :<\/p>\n\n\n\n<ul class=\"wp-block-list\">\n<li>\u00e0 l\u2019extension des <strong>orteils<\/strong><\/li>\n\n\n\n<li>\u00e0 la tension du <strong>fascia plantaire<\/strong><\/li>\n\n\n\n<li>\u00e0 la stabilisation des arches.<\/li>\n<\/ul>\n\n\n\n<p>La pression se concentre alors vers :<\/p>\n\n\n\n<ul class=\"wp-block-list\">\n<li>les <strong>t\u00eates m\u00e9tatarsiennes<\/strong><\/li>\n\n\n\n<li>le <strong>gros orteil<\/strong>, qui joue un r\u00f4le majeur dans la propulsion.<\/li>\n<\/ul>\n\n\n\n<p>Le pied fonctionne ici comme un <strong>levier puissant<\/strong>, permettant au corps d\u2019avancer efficacement.<\/p>\n\n\n\n<h3 class=\"wp-block-heading\"><span class=\"ez-toc-section\" id=\"4_Rigidite_vs_Souplesse_le_mecanisme_du_Windlass\"><\/span><strong>4. Rigidit\u00e9 vs Souplesse : le m\u00e9canisme du Windlass<\/strong><span class=\"ez-toc-section-end\"><\/span><\/h3>\n\n\n\n<p>Un ph\u00e9nom\u00e8ne cl\u00e9 explique la transition entre pied souple et pied rigide : le <strong>m\u00e9canisme du windlass<\/strong>.<\/p>\n\n\n\n<p>Lorsque les orteils se rel\u00e8vent pendant la propulsion :<\/p>\n\n\n\n<ul class=\"wp-block-list\">\n<li>le <strong>fascia plantaire se tend<\/strong><\/li>\n\n\n\n<li>l\u2019arche m\u00e9diale se <strong>rehausse<\/strong><\/li>\n\n\n\n<li>le pied devient <strong>plus rigide<\/strong><\/li>\n<\/ul>\n\n\n\n<p>Ce m\u00e9canisme transforme la vo\u00fbte plantaire en une <strong>structure stable capable de transmettre la force musculaire vers le sol<\/strong>.<\/p>\n\n\n\n<p>On peut comparer ce syst\u00e8me \u00e0 un <strong>treuil m\u00e9canique<\/strong> : en tirant sur le fascia plantaire, la structure du pied se verrouille progressivement.<\/p>\n\n\n\n<p>Ainsi, le pied alterne continuellement entre deux \u00e9tats :<\/p>\n\n\n\n<figure class=\"wp-block-table\"><table class=\"has-fixed-layout\"><thead><tr><th>Fonction<\/th><th>Phase<\/th><\/tr><\/thead><tbody><tr><td>Souplesse et adaptation<\/td><td>Attaque talonni\u00e8re<\/td><\/tr><tr><td>Stabilit\u00e9 et r\u00e9partition<\/td><td>Appui m\u00e9dio-pied<\/td><\/tr><tr><td>Rigidit\u00e9 et propulsion<\/td><td>Phase propulsive<\/td><\/tr><\/tbody><\/table><\/figure>\n\n\n\n<p style=\"margin-top:0;margin-bottom:0\">Cette alternance constitue l\u2019un des <strong>principes fondamentaux de la locomotion humaine<\/strong>.<\/p>\n<\/div><\/div>\n<\/div>\n\n\n\n<div class=\"wp-block-gutena-accordion-panel gutena-accordion-block__panel\">\n<div class=\"wp-block-gutena-accordion-panel-title gutena-accordion-block__panel-title\"><div class=\"gutena-accordion-block__panel-title-inner\">\n<h6 class=\"wp-block-heading has-text-align-left\" style=\"margin-top:0px;margin-right:0px;margin-bottom:0px;margin-left:0px\"><strong>Annexe C \u2014 Tableau Comparatif : Pied Plat vs Pied Creux<\/strong><\/h6>\n<div class=\"trigger-plus-minus\"><div class=\"horizontal\"><\/div><div class=\"vertical\"><\/div><\/div><\/div><\/div>\n\n\n\n<div class=\"wp-block-gutena-accordion-panel-content gutena-accordion-block__panel-content\"><div class=\"gutena-accordion-block__panel-content-inner\">\n<p style=\"margin-top:0;margin-bottom:0\">Les variations de la vo\u00fbte plantaire influencent directement la biom\u00e9canique du pied et la distribution des forces dans le membre inf\u00e9rieur. Deux configurations oppos\u00e9es sont fr\u00e9quemment observ\u00e9es : <strong>le pied plat (pes planus)<\/strong> et <strong>le pied creux (pes cavus)<\/strong>.<\/p>\n\n\n\n<p>Ces deux morphologies modifient la mani\u00e8re dont le pied absorbe les chocs, stabilise le corps et transmet les forces lors de la marche.<\/p>\n\n\n\n<p>Comprendre leurs diff\u00e9rences permet d\u2019orienter plus facilement <strong>l\u2019\u00e9valuation clinique et les strat\u00e9gies th\u00e9rapeutiques<\/strong>.<\/p>\n\n\n\n<hr class=\"wp-block-separator has-alpha-channel-opacity\"\/>\n\n\n\n<h2 class=\"wp-block-heading\"><span class=\"ez-toc-section\" id=\"Tableau_Comparatif\"><\/span><strong>Tableau Comparatif<\/strong><span class=\"ez-toc-section-end\"><\/span><\/h2>\n\n\n\n<figure class=\"wp-block-table\"><table class=\"has-fixed-layout\"><thead><tr><th>Caract\u00e9ristiques<\/th><th><strong>Pied Plat (Pes Planus)<\/strong><\/th><th><strong>Pied Creux (Pes Cavus)<\/strong><\/th><\/tr><\/thead><tbody><tr><td><strong>Hauteur de l\u2019arche m\u00e9diale<\/strong><\/td><td>Arche affaiss\u00e9e ou peu visible<\/td><td>Arche tr\u00e8s accentu\u00e9e<\/td><\/tr><tr><td><strong>R\u00e9partition du poids<\/strong><\/td><td>Charge davantage sur le bord interne du pied<\/td><td>Charge concentr\u00e9e sur talon et avant-pied<\/td><\/tr><tr><td><strong>Mobilit\u00e9 du pied<\/strong><\/td><td>Pied g\u00e9n\u00e9ralement <strong>plus souple<\/strong><\/td><td>Pied g\u00e9n\u00e9ralement <strong>plus rigide<\/strong><\/td><\/tr><tr><td><strong>Absorption des chocs<\/strong><\/td><td>Bonne absorption mais parfois instabilit\u00e9<\/td><td>Absorption r\u00e9duite, impacts plus \u00e9lev\u00e9s<\/td><\/tr><tr><td><strong>M\u00e9canique de marche<\/strong><\/td><td>Tendance \u00e0 la <strong>pronation excessive<\/strong><\/td><td>Tendance \u00e0 la <strong>supination<\/strong><\/td><\/tr><tr><td><strong>Adaptation au terrain<\/strong><\/td><td>Bonne adaptation aux surfaces irr\u00e9guli\u00e8res<\/td><td>Adaptation plus limit\u00e9e<\/td><\/tr><tr><td><strong>Risques biom\u00e9caniques<\/strong><\/td><td>Fatigue ligamentaire, douleurs m\u00e9diales<\/td><td>Surcharge m\u00e9canique, douleurs lat\u00e9rales<\/td><\/tr><tr><td><strong>Pathologies associ\u00e9es possibles<\/strong><\/td><td>Fasciite plantaire, tendinite tibiale post\u00e9rieure<\/td><td>M\u00e9tatarsalgies, entorses de cheville<\/td><\/tr><tr><td><strong>Cha\u00eene biom\u00e9canique<\/strong><\/td><td>Peut influencer genou valgum et rotation interne<\/td><td>Peut favoriser genou varum et rigidit\u00e9 du pied<\/td><\/tr><\/tbody><\/table><\/figure>\n\n\n\n<hr class=\"wp-block-separator has-alpha-channel-opacity\"\/>\n\n\n\n<h2 class=\"wp-block-heading\"><span class=\"ez-toc-section\" id=\"Lecture_Clinique_Simplifiee\"><\/span><strong>Lecture Clinique Simplifi\u00e9e<\/strong><span class=\"ez-toc-section-end\"><\/span><\/h2>\n\n\n\n<h3 class=\"wp-block-heading\"><span class=\"ez-toc-section\" id=\"Pied_plat\"><\/span><strong>Pied plat<\/strong><span class=\"ez-toc-section-end\"><\/span><\/h3>\n\n\n\n<p>Dans le pied plat, l\u2019arche m\u00e9diale est abaiss\u00e9e, ce qui entra\u00eene souvent une <strong>pronation accrue<\/strong>. Le pied devient plus mobile et peut absorber efficacement les chocs, mais cette souplesse excessive peut parfois provoquer une instabilit\u00e9 et une fatigue des structures ligamentaires.<\/p>\n\n\n\n<p>Dans certains cas, la surcharge peut affecter :<\/p>\n\n\n\n<ul class=\"wp-block-list\">\n<li>le <strong>tendon tibial post\u00e9rieur<\/strong><\/li>\n\n\n\n<li>le <strong>fascia plantaire<\/strong><\/li>\n\n\n\n<li>les structures m\u00e9diales du genou.<\/li>\n<\/ul>\n\n\n\n<h3 class=\"wp-block-heading\"><span class=\"ez-toc-section\" id=\"Pied_creux\"><\/span><strong>Pied creux<\/strong><span class=\"ez-toc-section-end\"><\/span><\/h3>\n\n\n\n<p>Le pied creux pr\u00e9sente une arche tr\u00e8s \u00e9lev\u00e9e, ce qui rend la structure du pied <strong>plus rigide<\/strong>. Cette rigidit\u00e9 diminue la capacit\u00e9 d\u2019absorption des chocs et augmente les contraintes m\u00e9caniques lors de la marche.<\/p>\n\n\n\n<p>Les charges se concentrent davantage sur :<\/p>\n\n\n\n<ul class=\"wp-block-list\">\n<li>le <strong>talon<\/strong><\/li>\n\n\n\n<li>l\u2019<strong>avant-pied<\/strong><\/li>\n\n\n\n<li>les <strong>t\u00eates m\u00e9tatarsiennes<\/strong>.<\/li>\n<\/ul>\n\n\n\n<p>Cela peut favoriser l\u2019apparition de douleurs plantaires, de m\u00e9tatarsalgies ou d\u2019entorses de cheville.<\/p>\n\n\n\n<h3 class=\"wp-block-heading\"><span class=\"ez-toc-section\" id=\"Perspective_Fonctionnelle\"><\/span><strong>Perspective Fonctionnelle<\/strong><span class=\"ez-toc-section-end\"><\/span><\/h3>\n\n\n\n<p>Il est important de noter que la morphologie du pied ne d\u00e9termine pas toujours la pr\u00e9sence d\u2019un probl\u00e8me. Certaines personnes avec un pied plat ou un pied creux ne pr\u00e9sentent <strong>aucune douleur ni limitation fonctionnelle<\/strong>.<\/p>\n\n\n\n<p>L\u2019\u00e9valuation clinique doit donc consid\u00e9rer :<\/p>\n\n\n\n<ul class=\"wp-block-list\">\n<li>la <strong>mobilit\u00e9 du pied<\/strong><\/li>\n\n\n\n<li>la <strong>qualit\u00e9 de la marche<\/strong><\/li>\n\n\n\n<li>la <strong>pr\u00e9sence de sympt\u00f4mes<\/strong><\/li>\n\n\n\n<li>l\u2019<strong>adaptation du pied \u00e0 la charge<\/strong>.<\/li>\n<\/ul>\n\n\n\n<p style=\"margin-top:0;margin-bottom:0\">Ainsi, en ost\u00e9opathie, l\u2019objectif n\u2019est pas uniquement de corriger la forme du pied, mais de <strong>restaurer un \u00e9quilibre fonctionnel entre mobilit\u00e9, stabilit\u00e9 et r\u00e9partition des forces<\/strong>.<\/p>\n<\/div><\/div>\n<\/div>\n\n\n\n<div class=\"wp-block-gutena-accordion-panel gutena-accordion-block__panel\">\n<div class=\"wp-block-gutena-accordion-panel-title gutena-accordion-block__panel-title\"><div class=\"gutena-accordion-block__panel-title-inner\">\n<h2 class=\"wp-block-heading has-text-align-left\" style=\"margin-top:0px;margin-right:0px;margin-bottom:0px;margin-left:0px\"><span class=\"ez-toc-section\" id=\"Annexe_D_%E2%80%94_Auto-Test_Clinique_Simplifie\"><\/span><strong>Annexe D \u2014 Auto-Test Clinique Simplifi\u00e9<\/strong><span class=\"ez-toc-section-end\"><\/span><\/h2>\n<div class=\"trigger-plus-minus\"><div class=\"horizontal\"><\/div><div class=\"vertical\"><\/div><\/div><\/div><\/div>\n\n\n\n<div class=\"wp-block-gutena-accordion-panel-content gutena-accordion-block__panel-content\"><div class=\"gutena-accordion-block__panel-content-inner\">\n<p style=\"margin-top:0;margin-bottom:0\">Certaines observations simples permettent d\u2019avoir une premi\u00e8re id\u00e9e du fonctionnement des arches du pied. Bien qu\u2019elles ne remplacent pas une \u00e9valuation clinique compl\u00e8te, ces v\u00e9rifications peuvent aider \u00e0 identifier certaines caract\u00e9ristiques biom\u00e9caniques du pied.<\/p>\n\n\n\n<p>Ces tests peuvent \u00eatre r\u00e9alis\u00e9s \u00e0 la maison, sans \u00e9quipement particulier, et permettent d\u2019observer la <strong>forme de l\u2019arche, la distribution du poids et la mobilit\u00e9 du pied<\/strong>.<\/p>\n\n\n\n<h3 class=\"wp-block-heading\"><span class=\"ez-toc-section\" id=\"1_Test_de_lempreinte_plantaire\"><\/span><strong>1. Test de l\u2019empreinte plantaire<\/strong><span class=\"ez-toc-section-end\"><\/span><\/h3>\n\n\n\n<p>Ce test simple permet d\u2019avoir une premi\u00e8re indication de la hauteur de la vo\u00fbte plantaire.<\/p>\n\n\n\n<h3 class=\"wp-block-heading\"><span class=\"ez-toc-section\" id=\"Materiel\"><\/span>Mat\u00e9riel<span class=\"ez-toc-section-end\"><\/span><\/h3>\n\n\n\n<ul class=\"wp-block-list\">\n<li>un r\u00e9cipient d\u2019eau<\/li>\n\n\n\n<li>une feuille de papier ou un carton<\/li>\n\n\n\n<li>un sol non glissant.<\/li>\n<\/ul>\n\n\n\n<h3 class=\"wp-block-heading\"><span class=\"ez-toc-section\" id=\"Procedure\"><\/span>Proc\u00e9dure<span class=\"ez-toc-section-end\"><\/span><\/h3>\n\n\n\n<ol class=\"wp-block-list\">\n<li>Mouiller l\u00e9g\u00e8rement la plante du pied.<\/li>\n\n\n\n<li>Poser le pied sur une feuille de papier.<\/li>\n\n\n\n<li>Observer l\u2019empreinte laiss\u00e9e par le pied.<\/li>\n<\/ol>\n\n\n\n<h3 class=\"wp-block-heading\"><span class=\"ez-toc-section\" id=\"Interpretation_simplifiee\"><\/span>Interpr\u00e9tation simplifi\u00e9e<span class=\"ez-toc-section-end\"><\/span><\/h3>\n\n\n\n<ul class=\"wp-block-list\">\n<li><strong>Empreinte presque compl\u00e8te du pied<\/strong><br>\u2192 possible <strong>pied plat<\/strong><\/li>\n\n\n\n<li><strong>Empreinte avec espace m\u00e9dial mod\u00e9r\u00e9<\/strong><br>\u2192 <strong>arche normale<\/strong><\/li>\n\n\n\n<li><strong>Empreinte tr\u00e8s fine au centre<\/strong><br>\u2192 possible <strong>pied creux<\/strong><\/li>\n<\/ul>\n\n\n\n<p>Ce test donne une indication visuelle de la <strong>forme de l\u2019arche longitudinale interne<\/strong>.<\/p>\n\n\n\n<h3 class=\"wp-block-heading\"><span class=\"ez-toc-section\" id=\"2_Test_de_montee_sur_les_orteils\"><\/span><strong>2. Test de mont\u00e9e sur les orteils<\/strong><span class=\"ez-toc-section-end\"><\/span><\/h3>\n\n\n\n<p>Ce test \u00e9value le comportement fonctionnel de l\u2019arche m\u00e9diale.<\/p>\n\n\n\n<h3 class=\"wp-block-heading\"><span class=\"ez-toc-section\" id=\"Procedure-2\"><\/span>Proc\u00e9dure<span class=\"ez-toc-section-end\"><\/span><\/h3>\n\n\n\n<ol class=\"wp-block-list\">\n<li>Se tenir debout pieds nus.<\/li>\n\n\n\n<li>Se mettre lentement <strong>sur la pointe des pieds<\/strong>.<\/li>\n<\/ol>\n\n\n\n<h3 class=\"wp-block-heading\"><span class=\"ez-toc-section\" id=\"Observation\"><\/span>Observation<span class=\"ez-toc-section-end\"><\/span><\/h3>\n\n\n\n<ul class=\"wp-block-list\">\n<li>Si l\u2019arche <strong>se rehausse clairement<\/strong>, la m\u00e9canique du pied fonctionne normalement.<\/li>\n\n\n\n<li>Si l\u2019arche <strong>reste affaiss\u00e9e<\/strong>, cela peut indiquer une faiblesse du soutien de l\u2019arche.<\/li>\n<\/ul>\n\n\n\n<p>Ce test est souvent utilis\u00e9 pour observer le fonctionnement du <strong>tendon tibial post\u00e9rieur<\/strong>.<\/p>\n\n\n\n<h3 class=\"wp-block-heading\"><span class=\"ez-toc-section\" id=\"3_Observation_de_lalignement_du_talon\"><\/span><strong>3. Observation de l\u2019alignement du talon<\/strong><span class=\"ez-toc-section-end\"><\/span><\/h3>\n\n\n\n<p>Ce test permet d\u2019observer l\u2019orientation du talon en position debout.<\/p>\n\n\n\n<h3 class=\"wp-block-heading\"><span class=\"ez-toc-section\" id=\"Procedure-3\"><\/span>Proc\u00e9dure<span class=\"ez-toc-section-end\"><\/span><\/h3>\n\n\n\n<ol class=\"wp-block-list\">\n<li>Se tenir debout naturellement.<\/li>\n\n\n\n<li>Demander \u00e0 une personne d\u2019observer l\u2019arri\u00e8re du pied.<\/li>\n<\/ol>\n\n\n\n<h3 class=\"wp-block-heading\"><span class=\"ez-toc-section\" id=\"Interpretation\"><\/span>Interpr\u00e9tation<span class=\"ez-toc-section-end\"><\/span><\/h3>\n\n\n\n<ul class=\"wp-block-list\">\n<li><strong>Talon align\u00e9 verticalement<\/strong><br>\u2192 alignement normal<\/li>\n\n\n\n<li><strong>Talon inclin\u00e9 vers l\u2019int\u00e9rieur (valgus)<\/strong><br>\u2192 possible <strong>pronation excessive<\/strong><\/li>\n\n\n\n<li><strong>Talon inclin\u00e9 vers l\u2019ext\u00e9rieur (varus)<\/strong><br>\u2192 possible <strong>supination<\/strong><\/li>\n<\/ul>\n\n\n\n<p>L\u2019orientation du talon influence la biom\u00e9canique de l\u2019ensemble du pied.<\/p>\n\n\n\n<h3 class=\"wp-block-heading\"><span class=\"ez-toc-section\" id=\"4_Observation_de_lusure_des_chaussures\"><\/span><strong>4. Observation de l\u2019usure des chaussures<\/strong><span class=\"ez-toc-section-end\"><\/span><\/h3>\n\n\n\n<p>Les chaussures constituent souvent un excellent indicateur de la m\u00e9canique de marche.<\/p>\n\n\n\n<h3 class=\"wp-block-heading\"><span class=\"ez-toc-section\" id=\"Verifier_lusure_de_la_semelle\"><\/span>V\u00e9rifier l\u2019usure de la semelle :<span class=\"ez-toc-section-end\"><\/span><\/h3>\n\n\n\n<ul class=\"wp-block-list\">\n<li><strong>Usure interne du talon<\/strong><br>\u2192 tendance \u00e0 la <strong>pronation<\/strong><\/li>\n\n\n\n<li><strong>Usure externe du talon<\/strong><br>\u2192 tendance \u00e0 la <strong>supination<\/strong><\/li>\n\n\n\n<li><strong>Usure uniforme<\/strong><br>\u2192 m\u00e9canique g\u00e9n\u00e9ralement \u00e9quilibr\u00e9e.<\/li>\n<\/ul>\n\n\n\n<p>Cette observation donne une id\u00e9e de la <strong>r\u00e9partition des forces pendant la marche<\/strong>.<\/p>\n\n\n\n<h3 class=\"wp-block-heading\"><span class=\"ez-toc-section\" id=\"Important\"><\/span><strong>Important<\/strong><span class=\"ez-toc-section-end\"><\/span><\/h3>\n\n\n\n<p>Ces tests donnent uniquement <strong>des indications g\u00e9n\u00e9rales<\/strong>. La forme du pied varie naturellement d\u2019une personne \u00e0 l\u2019autre et ne signifie pas toujours la pr\u00e9sence d\u2019un probl\u00e8me.<\/p>\n\n\n\n<p style=\"margin-top:0;margin-bottom:0\">En cas de douleur persistante au pied, au genou, \u00e0 la hanche ou au dos, une <strong>\u00e9valuation par un professionnel de sant\u00e9 qualifi\u00e9<\/strong> est recommand\u00e9e.<\/p>\n<\/div><\/div>\n<\/div>\n\n\n\n<div class=\"wp-block-gutena-accordion-panel gutena-accordion-block__panel\">\n<div class=\"wp-block-gutena-accordion-panel-title gutena-accordion-block__panel-title\"><div class=\"gutena-accordion-block__panel-title-inner\">\n<h2 class=\"wp-block-heading has-text-align-left\" style=\"margin-top:0px;margin-right:0px;margin-bottom:0px;margin-left:0px\"><span class=\"ez-toc-section\" id=\"Annexe_E_%E2%80%94_Exercices_Illustres_de_Renforcement_des_Arches\"><\/span><strong>Annexe E \u2014 Exercices Illustr\u00e9s de Renforcement des Arches<\/strong><span class=\"ez-toc-section-end\"><\/span><\/h2>\n<div class=\"trigger-plus-minus\"><div class=\"horizontal\"><\/div><div class=\"vertical\"><\/div><\/div><\/div><\/div>\n\n\n\n<div class=\"wp-block-gutena-accordion-panel-content gutena-accordion-block__panel-content\"><div class=\"gutena-accordion-block__panel-content-inner\">\n<p style=\"margin-top:0;margin-bottom:0\">Les arches du pied reposent sur un syst\u00e8me complexe compos\u00e9 d\u2019os, de ligaments, de fascias et de muscles. Bien que la forme du pied soit en partie d\u00e9termin\u00e9e g\u00e9n\u00e9tiquement, la <strong>force et la coordination des muscles du pied<\/strong> jouent un r\u00f4le essentiel dans le maintien de la vo\u00fbte plantaire et dans la stabilit\u00e9 globale de la marche.<\/p>\n\n\n\n<p>Des exercices simples permettent de stimuler les <strong>muscles intrins\u00e8ques du pied<\/strong>, d\u2019am\u00e9liorer le contr\u00f4le neuromusculaire et de soutenir les structures ligamentaires qui participent \u00e0 la formation des arches.<\/p>\n\n\n\n<p>Ces exercices doivent \u00eatre r\u00e9alis\u00e9s <strong>lentement et sans douleur<\/strong>, id\u00e9alement pieds nus, afin de favoriser une activation optimale des muscles plantaires.<\/p>\n\n\n\n<h3 class=\"wp-block-heading\"><span class=\"ez-toc-section\" id=\"1_Exercice_de_raccourcissement_du_pied_Short_Foot_Exercise\"><\/span><strong>1. Exercice de raccourcissement du pied (Short Foot Exercise)<\/strong><span class=\"ez-toc-section-end\"><\/span><\/h3>\n\n\n\n<p>Cet exercice vise \u00e0 activer les muscles intrins\u00e8ques responsables du soutien de l\u2019arche m\u00e9diale.<\/p>\n\n\n\n<h3 class=\"wp-block-heading\"><span class=\"ez-toc-section\" id=\"Position\"><\/span>Position<span class=\"ez-toc-section-end\"><\/span><\/h3>\n\n\n\n<ul class=\"wp-block-list\">\n<li>Debout ou assis<\/li>\n\n\n\n<li>Pieds nus au sol<\/li>\n\n\n\n<li>Poids r\u00e9parti uniform\u00e9ment<\/li>\n<\/ul>\n\n\n\n<h3 class=\"wp-block-heading\"><span class=\"ez-toc-section\" id=\"Mouvement\"><\/span>Mouvement<span class=\"ez-toc-section-end\"><\/span><\/h3>\n\n\n\n<ol class=\"wp-block-list\">\n<li>Garder les orteils d\u00e9tendus.<\/li>\n\n\n\n<li>Tenter de <strong>rapprocher l\u2019avant-pied du talon<\/strong> sans plier les orteils.<\/li>\n\n\n\n<li>L\u2019arche plantaire doit l\u00e9g\u00e8rement <strong>se soulever<\/strong>.<\/li>\n<\/ol>\n\n\n\n<h3 class=\"wp-block-heading\"><span class=\"ez-toc-section\" id=\"Duree\"><\/span>Dur\u00e9e<span class=\"ez-toc-section-end\"><\/span><\/h3>\n\n\n\n<ul class=\"wp-block-list\">\n<li>Maintenir la contraction <strong>5 secondes<\/strong><\/li>\n\n\n\n<li>R\u00e9p\u00e9ter <strong>10 \u00e0 15 fois<\/strong><\/li>\n\n\n\n<li>Faire <strong>2 \u00e0 3 s\u00e9ries<\/strong><\/li>\n<\/ul>\n\n\n\n<h3 class=\"wp-block-heading\"><span class=\"ez-toc-section\" id=\"Objectif\"><\/span>Objectif<span class=\"ez-toc-section-end\"><\/span><\/h3>\n\n\n\n<p>Renforcer les muscles qui stabilisent <strong>l\u2019arche longitudinale interne<\/strong>.<\/p>\n\n\n\n<h3 class=\"wp-block-heading\"><span class=\"ez-toc-section\" id=\"2_Ramassage_de_serviette_avec_les_orteils\"><\/span><strong>2. Ramassage de serviette avec les orteils<\/strong><span class=\"ez-toc-section-end\"><\/span><\/h3>\n\n\n\n<p>Cet exercice renforce la flexion des orteils et les muscles plantaires.<\/p>\n\n\n\n<h3 class=\"wp-block-heading\"><span class=\"ez-toc-section\" id=\"Materiel-2\"><\/span>Mat\u00e9riel<span class=\"ez-toc-section-end\"><\/span><\/h3>\n\n\n\n<ul class=\"wp-block-list\">\n<li>une petite serviette<\/li>\n\n\n\n<li>une surface plane.<\/li>\n<\/ul>\n\n\n\n<h3 class=\"wp-block-heading\"><span class=\"ez-toc-section\" id=\"Mouvement-2\"><\/span>Mouvement<span class=\"ez-toc-section-end\"><\/span><\/h3>\n\n\n\n<ol class=\"wp-block-list\">\n<li>Placer la serviette sous le pied.<\/li>\n\n\n\n<li>Utiliser les orteils pour <strong>tirer la serviette vers soi<\/strong>.<\/li>\n\n\n\n<li>Rel\u00e2cher et recommencer.<\/li>\n<\/ol>\n\n\n\n<h3 class=\"wp-block-heading\"><span class=\"ez-toc-section\" id=\"Duree-2\"><\/span>Dur\u00e9e<span class=\"ez-toc-section-end\"><\/span><\/h3>\n\n\n\n<ul class=\"wp-block-list\">\n<li>2 \u00e0 3 s\u00e9ries de <strong>10 r\u00e9p\u00e9titions<\/strong><\/li>\n<\/ul>\n\n\n\n<h3 class=\"wp-block-heading\"><span class=\"ez-toc-section\" id=\"Objectif-2\"><\/span>Objectif<span class=\"ez-toc-section-end\"><\/span><\/h3>\n\n\n\n<p>Renforcer les muscles intrins\u00e8ques et am\u00e9liorer la coordination du pied.<\/p>\n\n\n\n<h3 class=\"wp-block-heading\"><span class=\"ez-toc-section\" id=\"3_Ramassage_dobjets_avec_les_orteils\"><\/span><strong>3. Ramassage d\u2019objets avec les orteils<\/strong><span class=\"ez-toc-section-end\"><\/span><\/h3>\n\n\n\n<p>Cet exercice am\u00e9liore la dext\u00e9rit\u00e9 et la force des muscles du pied.<\/p>\n\n\n\n<h3 class=\"wp-block-heading\"><span class=\"ez-toc-section\" id=\"Materiel-3\"><\/span>Mat\u00e9riel<span class=\"ez-toc-section-end\"><\/span><\/h3>\n\n\n\n<ul class=\"wp-block-list\">\n<li>petits objets (billes, crayons, pierres).<\/li>\n<\/ul>\n\n\n\n<h3 class=\"wp-block-heading\"><span class=\"ez-toc-section\" id=\"Mouvement-3\"><\/span>Mouvement<span class=\"ez-toc-section-end\"><\/span><\/h3>\n\n\n\n<ol class=\"wp-block-list\">\n<li>Ramasser un objet avec les orteils.<\/li>\n\n\n\n<li>Le d\u00e9poser dans un petit r\u00e9cipient.<\/li>\n\n\n\n<li>R\u00e9p\u00e9ter l\u2019exercice avec plusieurs objets.<\/li>\n<\/ol>\n\n\n\n<h3 class=\"wp-block-heading\"><span class=\"ez-toc-section\" id=\"Duree-3\"><\/span>Dur\u00e9e<span class=\"ez-toc-section-end\"><\/span><\/h3>\n\n\n\n<ul class=\"wp-block-list\">\n<li>2 s\u00e9ries de <strong>10 objets<\/strong><\/li>\n<\/ul>\n\n\n\n<h3 class=\"wp-block-heading\"><span class=\"ez-toc-section\" id=\"Objectif-3\"><\/span>Objectif<span class=\"ez-toc-section-end\"><\/span><\/h3>\n\n\n\n<p>Stimuler les muscles stabilisateurs de l\u2019avant-pied.<\/p>\n\n\n\n<h3 class=\"wp-block-heading\"><span class=\"ez-toc-section\" id=\"4_Montee_sur_la_pointe_des_pieds\"><\/span><strong>4. Mont\u00e9e sur la pointe des pieds<\/strong><span class=\"ez-toc-section-end\"><\/span><\/h3>\n\n\n\n<p>Cet exercice renforce les muscles du mollet et soutient la fonction de l\u2019arche.<\/p>\n\n\n\n<h3 class=\"wp-block-heading\"><span class=\"ez-toc-section\" id=\"Position-2\"><\/span>Position<span class=\"ez-toc-section-end\"><\/span><\/h3>\n\n\n\n<ul class=\"wp-block-list\">\n<li>Debout<\/li>\n\n\n\n<li>Pieds parall\u00e8les.<\/li>\n<\/ul>\n\n\n\n<h3 class=\"wp-block-heading\"><span class=\"ez-toc-section\" id=\"Mouvement-4\"><\/span>Mouvement<span class=\"ez-toc-section-end\"><\/span><\/h3>\n\n\n\n<ol class=\"wp-block-list\">\n<li>Se lever lentement <strong>sur la pointe des pieds<\/strong>.<\/li>\n\n\n\n<li>Maintenir la position <strong>3 secondes<\/strong>.<\/li>\n\n\n\n<li>Redescendre lentement.<\/li>\n<\/ol>\n\n\n\n<h3 class=\"wp-block-heading\"><span class=\"ez-toc-section\" id=\"Duree-4\"><\/span>Dur\u00e9e<span class=\"ez-toc-section-end\"><\/span><\/h3>\n\n\n\n<ul class=\"wp-block-list\">\n<li>3 s\u00e9ries de <strong>10 r\u00e9p\u00e9titions<\/strong><\/li>\n<\/ul>\n\n\n\n<h3 class=\"wp-block-heading\"><span class=\"ez-toc-section\" id=\"Objectif-4\"><\/span>Objectif<span class=\"ez-toc-section-end\"><\/span><\/h3>\n\n\n\n<p>Am\u00e9liorer la stabilit\u00e9 du pied et la m\u00e9canique de propulsion.<\/p>\n\n\n\n<hr class=\"wp-block-separator has-alpha-channel-opacity\"\/>\n\n\n\n<h3 class=\"wp-block-heading\"><span class=\"ez-toc-section\" id=\"5_Marche_pieds_nus_sur_terrain_varie\"><\/span><strong>5. Marche pieds nus sur terrain vari\u00e9<\/strong><span class=\"ez-toc-section-end\"><\/span><\/h3>\n\n\n\n<p>La marche pieds nus stimule naturellement les muscles du pied.<\/p>\n\n\n\n<h3 class=\"wp-block-heading\"><span class=\"ez-toc-section\" id=\"Exemples_de_surfaces\"><\/span>Exemples de surfaces<span class=\"ez-toc-section-end\"><\/span><\/h3>\n\n\n\n<ul class=\"wp-block-list\">\n<li>sable<\/li>\n\n\n\n<li>gazon<\/li>\n\n\n\n<li>tapis textur\u00e9.<\/li>\n<\/ul>\n\n\n\n<h3 class=\"wp-block-heading\"><span class=\"ez-toc-section\" id=\"Duree-5\"><\/span>Dur\u00e9e<span class=\"ez-toc-section-end\"><\/span><\/h3>\n\n\n\n<ul class=\"wp-block-list\">\n<li>5 \u00e0 10 minutes.<\/li>\n<\/ul>\n\n\n\n<h3 class=\"wp-block-heading\"><span class=\"ez-toc-section\" id=\"Objectif-5\"><\/span>Objectif<span class=\"ez-toc-section-end\"><\/span><\/h3>\n\n\n\n<p>Am\u00e9liorer la <strong>proprioception<\/strong> et renforcer les arches plantaires.<\/p>\n\n\n\n<hr class=\"wp-block-separator has-alpha-channel-opacity\"\/>\n\n\n\n<h3 class=\"wp-block-heading\"><span class=\"ez-toc-section\" id=\"Conseils_de_pratique\"><\/span><strong>Conseils de pratique<\/strong><span class=\"ez-toc-section-end\"><\/span><\/h3>\n\n\n\n<p>Pour obtenir des b\u00e9n\u00e9fices durables :<\/p>\n\n\n\n<ul class=\"wp-block-list\">\n<li>pratiquer les exercices <strong>3 \u00e0 4 fois par semaine<\/strong><\/li>\n\n\n\n<li>progresser graduellement<\/li>\n\n\n\n<li>\u00e9viter toute douleur.<\/li>\n<\/ul>\n\n\n\n<p>Le renforcement des arches est un processus progressif qui repose sur <strong>la r\u00e9p\u00e9tition et la coordination musculaire<\/strong>.<\/p>\n\n\n\n<hr class=\"wp-block-separator has-alpha-channel-opacity\"\/>\n\n\n\n<h3 class=\"wp-block-heading\"><span class=\"ez-toc-section\" id=\"Perspective_osteopathique\"><\/span><strong>Perspective ost\u00e9opathique<\/strong><span class=\"ez-toc-section-end\"><\/span><\/h3>\n\n\n\n<p>En ost\u00e9opathie, l\u2019objectif n\u2019est pas seulement de renforcer les muscles du pied, mais aussi de restaurer <strong>l\u2019\u00e9quilibre global de la cha\u00eene biom\u00e9canique<\/strong>. Le fonctionnement des arches influence directement :<\/p>\n\n\n\n<ul class=\"wp-block-list\">\n<li>la m\u00e9canique de la cheville<\/li>\n\n\n\n<li>l\u2019alignement du genou<\/li>\n\n\n\n<li>la stabilit\u00e9 du bassin<\/li>\n\n\n\n<li>la posture de la colonne vert\u00e9brale.<\/li>\n<\/ul>\n\n\n\n<p style=\"margin-top:0;margin-bottom:0\">Un pied fonctionnel agit comme une <strong>base stable et adaptable<\/strong>, permettant au corps de se mouvoir avec efficacit\u00e9 et \u00e9conomie d\u2019\u00e9nergie.<\/p>\n<\/div><\/div>\n<\/div>\n\n\n\n<div class=\"wp-block-gutena-accordion-panel gutena-accordion-block__panel\">\n<div class=\"wp-block-gutena-accordion-panel-title gutena-accordion-block__panel-title\"><div class=\"gutena-accordion-block__panel-title-inner\">\n<h2 class=\"wp-block-heading has-text-align-left\" style=\"margin-top:0px;margin-right:0px;margin-bottom:0px;margin-left:0px\"><span class=\"ez-toc-section\" id=\"Annexe_F_%E2%80%94_Facteurs_de_Risque_Signes_dAlerte\"><\/span><strong>Annexe F \u2014 Facteurs de Risque &amp; Signes d\u2019Alerte<\/strong><span class=\"ez-toc-section-end\"><\/span><\/h2>\n<div class=\"trigger-plus-minus\"><div class=\"horizontal\"><\/div><div class=\"vertical\"><\/div><\/div><\/div><\/div>\n\n\n\n<div class=\"wp-block-gutena-accordion-panel-content gutena-accordion-block__panel-content\"><div class=\"gutena-accordion-block__panel-content-inner\">\n<p style=\"margin-top:0;margin-bottom:0\">Les troubles de la vo\u00fbte plantaire \u2014 qu\u2019il s\u2019agisse d\u2019un <strong>pied plat<\/strong>, d\u2019un <strong>pied creux<\/strong> ou d\u2019une <strong>instabilit\u00e9 fonctionnelle des arches<\/strong> \u2014 r\u00e9sultent rarement d\u2019une seule cause. Ils apparaissent g\u00e9n\u00e9ralement \u00e0 la suite d\u2019une combinaison de facteurs biom\u00e9caniques, g\u00e9n\u00e9tiques et environnementaux.<\/p>\n\n\n\n<p>Identifier ces facteurs permet de <strong>pr\u00e9venir l\u2019aggravation des sympt\u00f4mes<\/strong> et d\u2019orienter une prise en charge adapt\u00e9e.<\/p>\n\n\n\n<h3 class=\"wp-block-heading\"><span class=\"ez-toc-section\" id=\"1_Facteurs_de_risque_biomecaniques\"><\/span><strong>1. Facteurs de risque biom\u00e9caniques<\/strong><span class=\"ez-toc-section-end\"><\/span><\/h3>\n\n\n\n<p>Certains \u00e9l\u00e9ments structurels augmentent la probabilit\u00e9 de d\u00e9velopper des troubles de la vo\u00fbte plantaire.<\/p>\n\n\n\n<h4 class=\"wp-block-heading\"><strong>Hyperlaxit\u00e9 ligamentaire<\/strong><\/h4>\n\n\n\n<p>Une laxit\u00e9 excessive des ligaments du pied peut diminuer la stabilit\u00e9 des arches.<\/p>\n\n\n\n<p>Elle est souvent observ\u00e9e chez :<\/p>\n\n\n\n<ul class=\"wp-block-list\">\n<li>les enfants<\/li>\n\n\n\n<li>les personnes tr\u00e8s souples<\/li>\n\n\n\n<li>certaines conditions g\u00e9n\u00e9tiques du tissu conjonctif.<\/li>\n<\/ul>\n\n\n\n<p>Cons\u00e9quence :<\/p>\n\n\n\n<p>l\u2019arche m\u00e9diale peut <strong>s\u2019affaisser progressivement lors de la mise en charge<\/strong>.<\/p>\n\n\n\n<h4 class=\"wp-block-heading\"><strong>Faiblesse musculaire du pied<\/strong><\/h4>\n\n\n\n<p>Les muscles intrins\u00e8ques jouent un r\u00f4le important dans la stabilisation dynamique du pied.<\/p>\n\n\n\n<p>Lorsque ces muscles sont faibles :<\/p>\n\n\n\n<ul class=\"wp-block-list\">\n<li>la vo\u00fbte plantaire re\u00e7oit davantage de contraintes passives<\/li>\n\n\n\n<li>la fatigue musculaire augmente<\/li>\n\n\n\n<li>le risque d\u2019effondrement de l\u2019arche augmente.<\/li>\n<\/ul>\n\n\n\n<p>Ce ph\u00e9nom\u00e8ne est fr\u00e9quent chez les personnes qui :<\/p>\n\n\n\n<ul class=\"wp-block-list\">\n<li>portent toujours des chaussures tr\u00e8s rigides<\/li>\n\n\n\n<li>marchent rarement pieds nus<\/li>\n\n\n\n<li>ont une faible activit\u00e9 musculaire du pied.<\/li>\n<\/ul>\n\n\n\n<h4 class=\"wp-block-heading\"><strong>Troubles d\u2019alignement du membre inf\u00e9rieur<\/strong><\/h4>\n\n\n\n<p>Les d\u00e9s\u00e9quilibres m\u00e9caniques situ\u00e9s plus haut dans la cha\u00eene peuvent influencer la fonction du pied.<\/p>\n\n\n\n<p>Par exemple :<\/p>\n\n\n\n<ul class=\"wp-block-list\">\n<li><strong>valgus du genou<\/strong><\/li>\n\n\n\n<li>rotation interne excessive du f\u00e9mur<\/li>\n\n\n\n<li>instabilit\u00e9 de la hanche.<\/li>\n<\/ul>\n\n\n\n<p>Ces alt\u00e9rations modifient la distribution des forces pendant la marche.<\/p>\n\n\n\n<h3 class=\"wp-block-heading\"><span class=\"ez-toc-section\" id=\"2_Facteurs_lies_au_mode_de_vie\"><\/span><strong>2. Facteurs li\u00e9s au mode de vie<\/strong><span class=\"ez-toc-section-end\"><\/span><\/h3>\n\n\n\n<p>Le mode de vie moderne influence fortement la m\u00e9canique du pied.<\/p>\n\n\n\n<h4 class=\"wp-block-heading\"><strong>Chaussures inad\u00e9quates<\/strong><\/h4>\n\n\n\n<p>Les chaussures tr\u00e8s rigides ou trop \u00e9troites peuvent modifier la fonction naturelle du pied.<\/p>\n\n\n\n<p>Les caract\u00e9ristiques probl\u00e9matiques incluent :<\/p>\n\n\n\n<ul class=\"wp-block-list\">\n<li>semelles trop rigides<\/li>\n\n\n\n<li>talons \u00e9lev\u00e9s<\/li>\n\n\n\n<li>manque d\u2019espace pour les orteils.<\/li>\n<\/ul>\n\n\n\n<p>\u00c0 long terme, ces contraintes peuvent perturber l\u2019activation musculaire du pied.<\/p>\n\n\n\n<h4 class=\"wp-block-heading\"><strong>Surpoids<\/strong><\/h4>\n\n\n\n<p>Une augmentation du poids corporel entra\u00eene :<\/p>\n\n\n\n<ul class=\"wp-block-list\">\n<li>une augmentation des charges plantaires<\/li>\n\n\n\n<li>une sollicitation plus importante des ligaments du pied.<\/li>\n<\/ul>\n\n\n\n<p>Cela peut acc\u00e9l\u00e9rer l\u2019affaissement de la vo\u00fbte plantaire.<\/p>\n\n\n\n<h4 class=\"wp-block-heading\"><strong>Activit\u00e9s sportives \u00e0 fort impact<\/strong><\/h4>\n\n\n\n<p>Certains sports exposent davantage les structures du pied.<\/p>\n\n\n\n<p>Par exemple :<\/p>\n\n\n\n<ul class=\"wp-block-list\">\n<li>course sur surfaces dures<\/li>\n\n\n\n<li>sports impliquant des sauts r\u00e9p\u00e9t\u00e9s<\/li>\n\n\n\n<li>danse intensive.<\/li>\n<\/ul>\n\n\n\n<p>Ces activit\u00e9s peuvent favoriser la surcharge des structures plantaires.<\/p>\n\n\n\n<h3 class=\"wp-block-heading\"><span class=\"ez-toc-section\" id=\"3_Signes_dalerte_a_surveiller\"><\/span><strong>3. Signes d\u2019alerte \u00e0 surveiller<\/strong><span class=\"ez-toc-section-end\"><\/span><\/h3>\n\n\n\n<p>Certains sympt\u00f4mes peuvent indiquer qu\u2019un trouble de la vo\u00fbte plantaire se d\u00e9veloppe.<\/p>\n\n\n\n<h4 class=\"wp-block-heading\"><strong>Douleur plantaire persistante<\/strong><\/h4>\n\n\n\n<p>Une douleur sous le pied, particuli\u00e8rement :<\/p>\n\n\n\n<ul class=\"wp-block-list\">\n<li>au niveau du talon<\/li>\n\n\n\n<li>dans l\u2019arche m\u00e9diale.<\/li>\n<\/ul>\n\n\n\n<p>Peut indiquer une surcharge du fascia plantaire.<\/p>\n\n\n\n<h4 class=\"wp-block-heading\"><strong>Fatigue rapide des pieds<\/strong><\/h4>\n\n\n\n<p>Certaines personnes ressentent :<\/p>\n\n\n\n<ul class=\"wp-block-list\">\n<li>une sensation de fatigue dans les pieds<\/li>\n\n\n\n<li>une difficult\u00e9 \u00e0 marcher longtemps.<\/li>\n<\/ul>\n\n\n\n<p>Cela peut refl\u00e9ter une faiblesse des structures stabilisatrices.<\/p>\n\n\n\n<h4 class=\"wp-block-heading\"><strong>Usure asym\u00e9trique des chaussures<\/strong><\/h4>\n\n\n\n<p>Un indice simple consiste \u00e0 observer l\u2019usure des semelles.<\/p>\n\n\n\n<p>Une usure excessive :<\/p>\n\n\n\n<ul class=\"wp-block-list\">\n<li>sur le bord interne<\/li>\n\n\n\n<li>sur le bord externe.<\/li>\n<\/ul>\n\n\n\n<p>Peut r\u00e9v\u00e9ler un d\u00e9s\u00e9quilibre biom\u00e9canique.<\/p>\n\n\n\n<h4 class=\"wp-block-heading\"><strong>Douleurs associ\u00e9es<\/strong><\/h4>\n\n\n\n<p>Les troubles de l\u2019arche plantaire peuvent \u00e9galement provoquer des douleurs dans d\u2019autres r\u00e9gions :<\/p>\n\n\n\n<ul class=\"wp-block-list\">\n<li>cheville<\/li>\n\n\n\n<li>genou<\/li>\n\n\n\n<li>hanche<\/li>\n\n\n\n<li>bas du dos.<\/li>\n<\/ul>\n\n\n\n<p>Cela s\u2019explique par la transmission des contraintes le long de la cha\u00eene posturale.<\/p>\n\n\n\n<hr class=\"wp-block-separator has-alpha-channel-opacity\"\/>\n\n\n\n<h3 class=\"wp-block-heading\"><span class=\"ez-toc-section\" id=\"4_Quand_consulter\"><\/span><strong>4. Quand consulter ?<\/strong><span class=\"ez-toc-section-end\"><\/span><\/h3>\n\n\n\n<p>Une \u00e9valuation professionnelle peut \u00eatre utile lorsque :<\/p>\n\n\n\n<ul class=\"wp-block-list\">\n<li>la douleur persiste plus de <strong>2 \u00e0 3 semaines<\/strong><\/li>\n\n\n\n<li>la marche devient inconfortable<\/li>\n\n\n\n<li>les douleurs remontent vers la jambe ou le genou<\/li>\n\n\n\n<li>un changement visible de la forme du pied appara\u00eet.<\/li>\n<\/ul>\n\n\n\n<p>Un professionnel de sant\u00e9 pourra alors r\u00e9aliser :<\/p>\n\n\n\n<ul class=\"wp-block-list\">\n<li>une \u00e9valuation biom\u00e9canique<\/li>\n\n\n\n<li>une analyse de la marche<\/li>\n\n\n\n<li>un examen fonctionnel du pied.<\/li>\n<\/ul>\n\n\n\n<hr class=\"wp-block-separator has-alpha-channel-opacity\"\/>\n\n\n\n<h3 class=\"wp-block-heading\"><span class=\"ez-toc-section\" id=\"Perspective_osteopathique-2\"><\/span><strong>Perspective ost\u00e9opathique<\/strong><span class=\"ez-toc-section-end\"><\/span><\/h3>\n\n\n\n<p>Dans une approche ost\u00e9opathique, les troubles de la vo\u00fbte plantaire sont consid\u00e9r\u00e9s dans le cadre de <strong>l\u2019\u00e9quilibre global du corps<\/strong>.<\/p>\n\n\n\n<p>Le pied constitue la base du syst\u00e8me postural.<\/p>\n\n\n\n<p>Une modification de sa fonction peut influencer :<\/p>\n\n\n\n<ul class=\"wp-block-list\">\n<li>la m\u00e9canique du genou<\/li>\n\n\n\n<li>la rotation du bassin<\/li>\n\n\n\n<li>l\u2019alignement de la colonne vert\u00e9brale.<\/li>\n<\/ul>\n\n\n\n<p style=\"margin-top:0;margin-bottom:0\">L\u2019objectif du traitement est donc de restaurer <strong>la mobilit\u00e9, la coordination musculaire et l\u2019\u00e9quilibre des pressions<\/strong>, afin de permettre au pied de retrouver son r\u00f4le d\u2019amortisseur et de stabilisateur.<\/p>\n<\/div><\/div>\n<\/div>\n<\/div>\n","protected":false},"excerpt":{"rendered":"<p>Introduction : L&rsquo;Importance des Arches du Pied On parle souvent du dos, des genoux ou des hanches lorsqu\u2019une douleur appara\u00eet. Pourtant, tout commence plus bas. Le pied est la premi\u00e8re interface entre le corps et le sol. \u00c0 chaque pas, il re\u00e7oit le poids corporel, absorbe les impacts, s\u2019adapte aux irr\u00e9gularit\u00e9s du terrain et transmet [&hellip;]<\/p>\n","protected":false},"author":1,"featured_media":52409,"comment_status":"open","ping_status":"open","sticky":false,"template":"","format":"standard","meta":{"tdm_status":"","tdm_grid_status":"","iawp_total_views":93,"footnotes":""},"categories":[131,468],"tags":[],"class_list":{"0":"post-46348","1":"post","2":"type-post","3":"status-publish","4":"format-standard","5":"has-post-thumbnail","7":"category-trouble-du-pied","8":"category-pied-plat"},"_links":{"self":[{"href":"https:\/\/osteomag.ca\/fr\/wp-json\/wp\/v2\/posts\/46348","targetHints":{"allow":["GET"]}}],"collection":[{"href":"https:\/\/osteomag.ca\/fr\/wp-json\/wp\/v2\/posts"}],"about":[{"href":"https:\/\/osteomag.ca\/fr\/wp-json\/wp\/v2\/types\/post"}],"author":[{"embeddable":true,"href":"https:\/\/osteomag.ca\/fr\/wp-json\/wp\/v2\/users\/1"}],"replies":[{"embeddable":true,"href":"https:\/\/osteomag.ca\/fr\/wp-json\/wp\/v2\/comments?post=46348"}],"version-history":[{"count":0,"href":"https:\/\/osteomag.ca\/fr\/wp-json\/wp\/v2\/posts\/46348\/revisions"}],"wp:featuredmedia":[{"embeddable":true,"href":"https:\/\/osteomag.ca\/fr\/wp-json\/wp\/v2\/media\/52409"}],"wp:attachment":[{"href":"https:\/\/osteomag.ca\/fr\/wp-json\/wp\/v2\/media?parent=46348"}],"wp:term":[{"taxonomy":"category","embeddable":true,"href":"https:\/\/osteomag.ca\/fr\/wp-json\/wp\/v2\/categories?post=46348"},{"taxonomy":"post_tag","embeddable":true,"href":"https:\/\/osteomag.ca\/fr\/wp-json\/wp\/v2\/tags?post=46348"}],"curies":[{"name":"wp","href":"https:\/\/api.w.org\/{rel}","templated":true}]}}