{"id":48995,"date":"2025-01-24T00:07:05","date_gmt":"2025-01-24T05:07:05","guid":{"rendered":"https:\/\/osteomag.ca\/?p=48995"},"modified":"2026-02-28T20:42:43","modified_gmt":"2026-03-01T01:42:43","slug":"mepris-et-connexion-comment-la-division-affecte-notre-sante-et-notre-societe","status":"publish","type":"post","link":"https:\/\/osteomag.ca\/fr\/mepris-et-connexion-comment-la-division-affecte-notre-sante-et-notre-societe\/","title":{"rendered":"M\u00e9pris et connexion : comment la division affecte notre sant\u00e9 et notre soci\u00e9t\u00e9"},"content":{"rendered":"<div id=\"ez-toc-container\" class=\"ez-toc-v2_0_82_2 counter-hierarchy ez-toc-counter ez-toc-custom ez-toc-container-direction\">\n<div class=\"ez-toc-title-container\">\n<p class=\"ez-toc-title\" style=\"cursor:inherit\">Table des mati\u00e8res<\/p>\n<span class=\"ez-toc-title-toggle\"><a href=\"#\" class=\"ez-toc-pull-right ez-toc-btn ez-toc-btn-xs ez-toc-btn-default ez-toc-toggle\" aria-label=\"Toggle Table of Content\"><span class=\"ez-toc-js-icon-con\"><span class=\"\"><span class=\"eztoc-hide\" style=\"display:none;\">Toggle<\/span><span class=\"ez-toc-icon-toggle-span\"><svg style=\"fill: #000000;color:#000000\" xmlns=\"http:\/\/www.w3.org\/2000\/svg\" class=\"list-377408\" width=\"20px\" height=\"20px\" viewBox=\"0 0 24 24\" fill=\"none\"><path d=\"M6 6H4v2h2V6zm14 0H8v2h12V6zM4 11h2v2H4v-2zm16 0H8v2h12v-2zM4 16h2v2H4v-2zm16 0H8v2h12v-2z\" fill=\"currentColor\"><\/path><\/svg><svg style=\"fill: #000000;color:#000000\" class=\"arrow-unsorted-368013\" xmlns=\"http:\/\/www.w3.org\/2000\/svg\" width=\"10px\" height=\"10px\" viewBox=\"0 0 24 24\" version=\"1.2\" baseProfile=\"tiny\"><path d=\"M18.2 9.3l-6.2-6.3-6.2 6.3c-.2.2-.3.4-.3.7s.1.5.3.7c.2.2.4.3.7.3h11c.3 0 .5-.1.7-.3.2-.2.3-.5.3-.7s-.1-.5-.3-.7zM5.8 14.7l6.2 6.3 6.2-6.3c.2-.2.3-.5.3-.7s-.1-.5-.3-.7c-.2-.2-.4-.3-.7-.3h-11c-.3 0-.5.1-.7.3-.2.2-.3.5-.3.7s.1.5.3.7z\"\/><\/svg><\/span><\/span><\/span><\/a><\/span><\/div>\n<nav><ul class='ez-toc-list ez-toc-list-level-1 eztoc-toggle-hide-by-default' ><li class='ez-toc-page-1 ez-toc-heading-level-2'><a class=\"ez-toc-link ez-toc-heading-1\" href=\"https:\/\/osteomag.ca\/fr\/mepris-et-connexion-comment-la-division-affecte-notre-sante-et-notre-societe\/#Introduction_Le_pouvoir_du_mepris_dans_la_societe_moderne\" >Introduction : Le pouvoir du m\u00e9pris dans la soci\u00e9t\u00e9 moderne<\/a><\/li><li class='ez-toc-page-1 ez-toc-heading-level-2'><a class=\"ez-toc-link ez-toc-heading-2\" href=\"https:\/\/osteomag.ca\/fr\/mepris-et-connexion-comment-la-division-affecte-notre-sante-et-notre-societe\/#La_science_du_mepris_limpact_de_la_negativite_sur_la_sante\" >La science du m\u00e9pris : l\u2019impact de la n\u00e9gativit\u00e9 sur la sant\u00e9<\/a><ul class='ez-toc-list-level-3' ><li class='ez-toc-heading-level-3'><a class=\"ez-toc-link ez-toc-heading-3\" href=\"https:\/\/osteomag.ca\/fr\/mepris-et-connexion-comment-la-division-affecte-notre-sante-et-notre-societe\/#Le_prix_emotionnel_du_mepris\" >Le prix \u00e9motionnel du m\u00e9pris<\/a><\/li><li class='ez-toc-page-1 ez-toc-heading-level-3'><a class=\"ez-toc-link ez-toc-heading-4\" href=\"https:\/\/osteomag.ca\/fr\/mepris-et-connexion-comment-la-division-affecte-notre-sante-et-notre-societe\/#La_physiologie_du_mepris_et_du_stress\" >La physiologie du m\u00e9pris et du stress<\/a><\/li><li class='ez-toc-page-1 ez-toc-heading-level-3'><a class=\"ez-toc-link ez-toc-heading-5\" href=\"https:\/\/osteomag.ca\/fr\/mepris-et-connexion-comment-la-division-affecte-notre-sante-et-notre-societe\/#Impacts_musculo-squelettiques_du_stress_lie_au_mepris\" >Impacts musculo-squelettiques du stress li\u00e9 au m\u00e9pris<\/a><\/li><li class='ez-toc-page-1 ez-toc-heading-level-3'><a class=\"ez-toc-link ez-toc-heading-6\" href=\"https:\/\/osteomag.ca\/fr\/mepris-et-connexion-comment-la-division-affecte-notre-sante-et-notre-societe\/#Linterconnexion_entre_le_mepris_et_les_relations\" >L&rsquo;interconnexion entre le m\u00e9pris et les relations<\/a><\/li><li class='ez-toc-page-1 ez-toc-heading-level-3'><a class=\"ez-toc-link ez-toc-heading-7\" href=\"https:\/\/osteomag.ca\/fr\/mepris-et-connexion-comment-la-division-affecte-notre-sante-et-notre-societe\/#Briser_le_cycle_du_mepris\" >Briser le cycle du m\u00e9pris<\/a><\/li><\/ul><\/li><li class='ez-toc-page-1 ez-toc-heading-level-2'><a class=\"ez-toc-link ez-toc-heading-8\" href=\"https:\/\/osteomag.ca\/fr\/mepris-et-connexion-comment-la-division-affecte-notre-sante-et-notre-societe\/#Le_mepris_sur_les_reseaux_sociaux_un_cycle_malsain\" >Le m\u00e9pris sur les r\u00e9seaux sociaux : un cycle malsain<\/a><ul class='ez-toc-list-level-3' ><li class='ez-toc-heading-level-3'><a class=\"ez-toc-link ez-toc-heading-9\" href=\"https:\/\/osteomag.ca\/fr\/mepris-et-connexion-comment-la-division-affecte-notre-sante-et-notre-societe\/#Le_role_des_medias_sociaux_dans_lamplification_du_mepris\" >Le r\u00f4le des m\u00e9dias sociaux dans l\u2019amplification du m\u00e9pris<\/a><\/li><li class='ez-toc-page-1 ez-toc-heading-level-3'><a class=\"ez-toc-link ez-toc-heading-10\" href=\"https:\/\/osteomag.ca\/fr\/mepris-et-connexion-comment-la-division-affecte-notre-sante-et-notre-societe\/#Limpact_du_mepris_sur_la_sante_mentale_sur_les_reseaux_sociaux\" >L\u2019impact du m\u00e9pris sur la sant\u00e9 mentale sur les r\u00e9seaux sociaux<\/a><\/li><li class='ez-toc-page-1 ez-toc-heading-level-3'><a class=\"ez-toc-link ez-toc-heading-11\" href=\"https:\/\/osteomag.ca\/fr\/mepris-et-connexion-comment-la-division-affecte-notre-sante-et-notre-societe\/#Recherches_sur_les_medias_sociaux_et_la_sante_mentale\" >Recherches sur les m\u00e9dias sociaux et la sant\u00e9 mentale<\/a><\/li><li class='ez-toc-page-1 ez-toc-heading-level-3'><a class=\"ez-toc-link ez-toc-heading-12\" href=\"https:\/\/osteomag.ca\/fr\/mepris-et-connexion-comment-la-division-affecte-notre-sante-et-notre-societe\/#Briser_le_cycle_du_mepris_sur_les_reseaux_sociaux\" >Briser le cycle du m\u00e9pris sur les r\u00e9seaux sociaux<\/a><\/li><\/ul><\/li><li class='ez-toc-page-1 ez-toc-heading-level-2'><a class=\"ez-toc-link ez-toc-heading-13\" href=\"https:\/\/osteomag.ca\/fr\/mepris-et-connexion-comment-la-division-affecte-notre-sante-et-notre-societe\/#Le_role_de_la_connexion_dans_la_guerison\" >Le r\u00f4le de la connexion dans la gu\u00e9rison<\/a><ul class='ez-toc-list-level-3' ><li class='ez-toc-heading-level-3'><a class=\"ez-toc-link ez-toc-heading-14\" href=\"https:\/\/osteomag.ca\/fr\/mepris-et-connexion-comment-la-division-affecte-notre-sante-et-notre-societe\/#La_force_destructrice_du_mepris\" >La force destructrice du m\u00e9pris<\/a><\/li><li class='ez-toc-page-1 ez-toc-heading-level-3'><a class=\"ez-toc-link ez-toc-heading-15\" href=\"https:\/\/osteomag.ca\/fr\/mepris-et-connexion-comment-la-division-affecte-notre-sante-et-notre-societe\/#Le_pouvoir_de_guerison_de_lempathie_et_de_la_connexion\" >Le pouvoir de gu\u00e9rison de l\u2019empathie et de la connexion<\/a><\/li><li class='ez-toc-page-1 ez-toc-heading-level-3'><a class=\"ez-toc-link ez-toc-heading-16\" href=\"https:\/\/osteomag.ca\/fr\/mepris-et-connexion-comment-la-division-affecte-notre-sante-et-notre-societe\/#Connexion_et_guerison_holistique_en_osteopathie\" >Connexion et gu\u00e9rison holistique en ost\u00e9opathie<\/a><\/li><li class='ez-toc-page-1 ez-toc-heading-level-3'><a class=\"ez-toc-link ez-toc-heading-17\" href=\"https:\/\/osteomag.ca\/fr\/mepris-et-connexion-comment-la-division-affecte-notre-sante-et-notre-societe\/#Les_neurosciences_de_la_connexion_et_de_la_guerison\" >Les neurosciences de la connexion et de la gu\u00e9rison<\/a><\/li><li class='ez-toc-page-1 ez-toc-heading-level-3'><a class=\"ez-toc-link ez-toc-heading-18\" href=\"https:\/\/osteomag.ca\/fr\/mepris-et-connexion-comment-la-division-affecte-notre-sante-et-notre-societe\/#Etapes_pratiques_pour_cultiver_la_connexion_dans_la_guerison\" >\u00c9tapes pratiques pour cultiver la connexion dans la gu\u00e9rison<\/a><\/li><\/ul><\/li><li class='ez-toc-page-1 ez-toc-heading-level-2'><a class=\"ez-toc-link ez-toc-heading-19\" href=\"https:\/\/osteomag.ca\/fr\/mepris-et-connexion-comment-la-division-affecte-notre-sante-et-notre-societe\/#Mesures_pratiques_pour_le_changement_cultiver_le_respect_et_lunite\" >Mesures pratiques pour le changement : cultiver le respect et l\u2019unit\u00e9<\/a><ul class='ez-toc-list-level-3' ><li class='ez-toc-heading-level-3'><a class=\"ez-toc-link ez-toc-heading-20\" href=\"https:\/\/osteomag.ca\/fr\/mepris-et-connexion-comment-la-division-affecte-notre-sante-et-notre-societe\/#1_Pratiquez_la_pleine_conscience_pour_gerer_le_stress_et_les_reactions_emotionnelles\" >1. Pratiquez la pleine conscience pour g\u00e9rer le stress et les r\u00e9actions \u00e9motionnelles<\/a><\/li><li class='ez-toc-page-1 ez-toc-heading-level-3'><a class=\"ez-toc-link ez-toc-heading-21\" href=\"https:\/\/osteomag.ca\/fr\/mepris-et-connexion-comment-la-division-affecte-notre-sante-et-notre-societe\/#2_Participez_a_des_discussions_respectueuses_en_ligne_et_hors_ligne\" >2. Participez \u00e0 des discussions respectueuses en ligne et hors ligne<\/a><\/li><li class='ez-toc-page-1 ez-toc-heading-level-3'><a class=\"ez-toc-link ez-toc-heading-22\" href=\"https:\/\/osteomag.ca\/fr\/mepris-et-connexion-comment-la-division-affecte-notre-sante-et-notre-societe\/#3_Recherchez_des_activites_communautaires_qui_favorisent_les_liens\" >3. Recherchez des activit\u00e9s communautaires qui favorisent les liens<\/a><\/li><li class='ez-toc-page-1 ez-toc-heading-level-3'><a class=\"ez-toc-link ez-toc-heading-23\" href=\"https:\/\/osteomag.ca\/fr\/mepris-et-connexion-comment-la-division-affecte-notre-sante-et-notre-societe\/#4_Favoriser_lempathie_grace_a_des_experiences_partagees\" >4. Favoriser l\u2019empathie gr\u00e2ce \u00e0 des exp\u00e9riences partag\u00e9es<\/a><\/li><li class='ez-toc-page-1 ez-toc-heading-level-3'><a class=\"ez-toc-link ez-toc-heading-24\" href=\"https:\/\/osteomag.ca\/fr\/mepris-et-connexion-comment-la-division-affecte-notre-sante-et-notre-societe\/#5_Engagez-vous_dans_la_croissance_personnelle_et_la_responsabilite\" >5. Engagez-vous dans la croissance personnelle et la responsabilit\u00e9<\/a><\/li><\/ul><\/li><li class='ez-toc-page-1 ez-toc-heading-level-2'><a class=\"ez-toc-link ez-toc-heading-25\" href=\"https:\/\/osteomag.ca\/fr\/mepris-et-connexion-comment-la-division-affecte-notre-sante-et-notre-societe\/#Education_et_sensibilisation_batir_une_culture_du_respect\" >\u00c9ducation et sensibilisation : b\u00e2tir une culture du respect<\/a><ul class='ez-toc-list-level-3' ><li class='ez-toc-heading-level-3'><a class=\"ez-toc-link ez-toc-heading-26\" href=\"https:\/\/osteomag.ca\/fr\/mepris-et-connexion-comment-la-division-affecte-notre-sante-et-notre-societe\/#Programmes_educatifs_pour_sensibiliser_a_limportance_de_lempathie\" >Programmes \u00e9ducatifs pour sensibiliser \u00e0 l\u2019importance de l\u2019empathie<\/a><\/li><li class='ez-toc-page-1 ez-toc-heading-level-3'><a class=\"ez-toc-link ez-toc-heading-27\" href=\"https:\/\/osteomag.ca\/fr\/mepris-et-connexion-comment-la-division-affecte-notre-sante-et-notre-societe\/#Campagnes_et_initiatives_pour_reduire_la_polarisation_sociale\" >Campagnes et initiatives pour r\u00e9duire la polarisation sociale<\/a><\/li><li class='ez-toc-page-1 ez-toc-heading-level-3'><a class=\"ez-toc-link ez-toc-heading-28\" href=\"https:\/\/osteomag.ca\/fr\/mepris-et-connexion-comment-la-division-affecte-notre-sante-et-notre-societe\/#Formation_aux_competences_en_communication_non_violente\" >Formation aux comp\u00e9tences en communication non violente<\/a><\/li><\/ul><\/li><li class='ez-toc-page-1 ez-toc-heading-level-2'><a class=\"ez-toc-link ez-toc-heading-29\" href=\"https:\/\/osteomag.ca\/fr\/mepris-et-connexion-comment-la-division-affecte-notre-sante-et-notre-societe\/#Perspective_osteopathique_le_corps_comme_reflet_des_tensions_societales\" >Perspective ost\u00e9opathique : le corps comme reflet des tensions soci\u00e9tales<\/a><ul class='ez-toc-list-level-3' ><li class='ez-toc-heading-level-3'><a class=\"ez-toc-link ez-toc-heading-30\" href=\"https:\/\/osteomag.ca\/fr\/mepris-et-connexion-comment-la-division-affecte-notre-sante-et-notre-societe\/#Les_tensions_sociales_et_emotionnelles_leurs_manifestations_physiques\" >Les tensions sociales et \u00e9motionnelles : leurs manifestations physiques<\/a><\/li><li class='ez-toc-page-1 ez-toc-heading-level-3'><a class=\"ez-toc-link ez-toc-heading-31\" href=\"https:\/\/osteomag.ca\/fr\/mepris-et-connexion-comment-la-division-affecte-notre-sante-et-notre-societe\/#Le_role_de_losteopathie_face_aux_tensions_societales\" >Le r\u00f4le de l&rsquo;ost\u00e9opathie face aux tensions soci\u00e9tales<\/a><\/li><li class='ez-toc-page-1 ez-toc-heading-level-3'><a class=\"ez-toc-link ez-toc-heading-32\" href=\"https:\/\/osteomag.ca\/fr\/mepris-et-connexion-comment-la-division-affecte-notre-sante-et-notre-societe\/#Approches_cles_de_losteopathie\" >Approches cl\u00e9s de l&rsquo;ost\u00e9opathie<\/a><\/li><li class='ez-toc-page-1 ez-toc-heading-level-3'><a class=\"ez-toc-link ez-toc-heading-33\" href=\"https:\/\/osteomag.ca\/fr\/mepris-et-connexion-comment-la-division-affecte-notre-sante-et-notre-societe\/#Exemples_pratiques_et_etudes_de_cas\" >Exemples pratiques et \u00e9tudes de cas<\/a><\/li><\/ul><\/li><li class='ez-toc-page-1 ez-toc-heading-level-2'><a class=\"ez-toc-link ez-toc-heading-34\" href=\"https:\/\/osteomag.ca\/fr\/mepris-et-connexion-comment-la-division-affecte-notre-sante-et-notre-societe\/#Conclusion\" >Conclusion<\/a><\/li><\/ul><\/nav><\/div>\n\n<p><a href=\"https:\/\/www.facebook.com\/sharer.php?u=https%3A%2F%2Fosteomag.ca%2Fen%2Fcontempt-and-connection-how-division-affects-our-health-society%2F\"><\/a><\/p>\n\n\n\n<figure class=\"wp-block-audio\"><audio controls src=\"https:\/\/osteomag.ca\/wp-content\/uploads\/2025\/01\/Le-mepris-1.mp3\"><\/audio><figcaption class=\"wp-element-caption\">Le M\u00e9pris<\/figcaption><\/figure>\n\n\n\n<h2 class=\"wp-block-heading has-text-color has-background has-link-color wp-elements-5711166013063e982a52b66f93b4365f\" id=\"h-introduction-le-pouvoir-du-mepris-dans-la-societe-moderne\" style=\"color:#fefad9;background-color:#7f634a\"><span class=\"ez-toc-section\" id=\"Introduction_Le_pouvoir_du_mepris_dans_la_societe_moderne\"><\/span><a href=\"https:\/\/www.facebook.com\/sharer.php?u=https%3A%2F%2Fosteomag.ca%2Fen%2Fcontempt-and-connection-how-division-affects-our-health-society%2F\"><\/a><a href=\"https:\/\/twitter.com\/intent\/tweet?text=Contempt+and+Connection%3A+How+Division+Affects+Our+Health+%26+Society&amp;url=https%3A%2F%2Fosteomag.ca%2Fen%2Fcontempt-and-connection-how-division-affects-our-health-society%2F&amp;via=OsteoMag\"><\/a><a href=\"https:\/\/pinterest.com\/pin\/create\/button\/?url=https:\/\/osteomag.ca\/en\/contempt-and-connection-how-division-affects-our-health-society\/&amp;media=https:\/\/osteomag.ca\/wp-content\/uploads\/2025\/01\/disrespect.webp&amp;description=Explore%20how%20contempt%20harms%20health,%20relationships,%20and%20society,%20and%20discover%20strategies%20to%20foster%20empathy,%20connection,%20and%20holistic%20healing\"><\/a><a href=\"https:\/\/api.whatsapp.com\/send?text=Contempt+and+Connection%3A+How+Division+Affects+Our+Health+%26+Society%20%0A%0A%20https:\/\/osteomag.ca\/en\/contempt-and-connection-how-division-affects-our-health-society\/\"><\/a><strong>Introduction : Le pouvoir du m\u00e9pris dans la soci\u00e9t\u00e9 moderne<\/strong><span class=\"ez-toc-section-end\"><\/span><\/h2>\n\n\n\n<p>Si la division sociale est souvent abord\u00e9e dans des contextes politiques et culturels, son impact profond sur notre sant\u00e9 \u2013 tant individuelle que collective \u2013 m\u00e9rite une attention particuli\u00e8re. Cet article vise \u00e0 \u00e9tablir un lien entre les domaines de la sociologie, de la psychologie et des sciences de la sant\u00e9, en offrant une nouvelle perspective sur la mani\u00e8re dont ces dynamiques influencent notre bien-\u00eatre. <\/p>\n\n\n\n<p class=\"has-white-color has-vivid-red-background-color has-text-color has-background has-link-color wp-elements-ad6970d3eb66e2414fa17a999b4bc800\"><strong>\u00ab\u00a0OsteoMag adopte une approche r\u00e9solument apolitique afin de garantir une analyse objective et accessible \u00e0 tous. Ce choix traduit l&rsquo;engagement d&rsquo;OsteoMag \u00e0 d\u00e9passer les clivages id\u00e9ologiques pour se concentrer sur les liens entre le m\u00e9pris soci\u00e9tal, la division sociale et leurs r\u00e9percussions sur la sant\u00e9 physique, mentale et collective.\u00a0\u00bb<\/strong><\/p>\n\n\n\n<p>Malgr\u00e9 les nombreuses discussions autour de la division sociale, le lien direct entre le m\u00e9pris soci\u00e9tal et ses r\u00e9percussions sur la sant\u00e9 physique et psychologique demeure largement sous-explor\u00e9, ce qui rend cette perspective \u00e0 la fois unique et innovante, tout en soulignant son urgence.<\/p>\n\n\n\n<p>Le m\u00e9pris, ce sentiment de d\u00e9dain ou de manque de respect envers quelqu&rsquo;un ou quelque chose, n&rsquo;est plus seulement une \u00e9motion : il est devenu un outil d&rsquo;influence qui fa\u00e7onne la fa\u00e7on dont les individus communiquent, interagissent et dirigent. S&rsquo;il peut galvaniser le soutien ou dynamiser les mouvements \u00e0 court terme, les cons\u00e9quences \u00e0 long terme du m\u00e9pris sont bien plus dommageables, en particulier pour la sant\u00e9 mentale et physique de la soci\u00e9t\u00e9. Cette urgence est d&rsquo;autant plus cruciale que les fractures sociales et l&rsquo;accroissement des tensions affectent d\u00e9j\u00e0 profond\u00e9ment la sant\u00e9 mentale et physique, avec des cons\u00e9quences \u00e0 long terme sur les individus et les communaut\u00e9s.<\/p>\n\n\n\n<p>Cette dynamique a \u00e9t\u00e9 mise en lumi\u00e8re par Mariann Edgar Budde, \u00e9v\u00eaque \u00e9piscopalienne de Washington, lors de son puissant discours prononc\u00e9 pendant la messe d&rsquo;investiture. Connue pour son plaidoyer en faveur de la justice et de l&rsquo;unit\u00e9, l&rsquo;\u00e9v\u00eaque Budde a abord\u00e9 avec force les dangers du m\u00e9pris dans son sermon prononc\u00e9 le 20 janvier 2025. <\/p>\n\n\n\n<p>Dans une phrase marquante, elle a affirm\u00e9 que \u00ab <strong>le m\u00e9pris alimente la politique et les m\u00e9dias sociaux<\/strong> \u00bb, capturant ainsi l&rsquo;essence m\u00eame de la <strong>division<\/strong> que traverse l&rsquo;humanit\u00e9 aujourd&rsquo;hui. Ses paroles, empreintes de profondeur, ont soulign\u00e9 avec force comment le m\u00e9pris s&rsquo;enracine dans la polarisation, transformant des perspectives oppos\u00e9es en adversaires irr\u00e9conciliables, plut\u00f4t qu&rsquo;en occasions de dialogue constructif.<\/p>\n\n\n<div class=\"wp-block-image\">\n<figure class=\"aligncenter is-resized\"><img decoding=\"async\" width=\"683\" height=\"1024\" src=\"https:\/\/osteomag.ca\/wp-content\/uploads\/2025\/01\/Headshot_Budde_cr_Photo-courtesy-of-Neil-TurnerLambeth-Conference-683x1024-1.webp\" alt=\"\" class=\"wp-image-48976\" style=\"width:479px;height:auto\" srcset=\"https:\/\/osteomag.ca\/wp-content\/uploads\/2025\/01\/Headshot_Budde_cr_Photo-courtesy-of-Neil-TurnerLambeth-Conference-683x1024-1.webp 683w, https:\/\/osteomag.ca\/wp-content\/uploads\/2025\/01\/Headshot_Budde_cr_Photo-courtesy-of-Neil-TurnerLambeth-Conference-683x1024-1-270x405.webp 270w, https:\/\/osteomag.ca\/wp-content\/uploads\/2025\/01\/Headshot_Budde_cr_Photo-courtesy-of-Neil-TurnerLambeth-Conference-683x1024-1-53x80.webp 53w, https:\/\/osteomag.ca\/wp-content\/uploads\/2025\/01\/Headshot_Budde_cr_Photo-courtesy-of-Neil-TurnerLambeth-Conference-683x1024-1-280x420.webp 280w, https:\/\/osteomag.ca\/wp-content\/uploads\/2025\/01\/Headshot_Budde_cr_Photo-courtesy-of-Neil-TurnerLambeth-Conference-683x1024-1-150x225.webp 150w, https:\/\/osteomag.ca\/wp-content\/uploads\/2025\/01\/Headshot_Budde_cr_Photo-courtesy-of-Neil-TurnerLambeth-Conference-683x1024-1-300x450.webp 300w, https:\/\/osteomag.ca\/wp-content\/uploads\/2025\/01\/Headshot_Budde_cr_Photo-courtesy-of-Neil-TurnerLambeth-Conference-683x1024-1-600x900.webp 600w\" sizes=\"(max-width: 683px) 100vw, 683px\" \/><figcaption class=\"wp-element-caption\">L\u2019\u00e9v\u00eaque Mariann Edgar Budde, \u00e9minente responsable spirituelle et fervente d\u00e9fenseure de la compassion et de la justice, a souvent soulign\u00e9 la nature destructrice du m\u00e9pris. Elle met en garde contre les manifestations de d\u00e9dain, de rejet ou de sentiment de sup\u00e9riorit\u00e9, qui nuisent \u00e0 la confiance et cr\u00e9ent une distance \u00e9motionnelle. Selon elle, ces attitudes doivent \u00eatre remplac\u00e9es par la compr\u00e9hension, l\u2019humilit\u00e9 et l\u2019empathie pour encourager des liens significatifs. En tant que leader religieuse, elle insiste sur le fait que le m\u00e9pris \u00e9rode autant les relations interpersonnelles que les valeurs spirituelles, plaidant en faveur d\u2019une communication ancr\u00e9e dans le respect, l\u2019amour et la r\u00e9conciliation.<\/figcaption><\/figure>\n<\/div>\n\n\n<p>L\u2019\u00e9v\u00eaque Mariann Edgar Budde, \u00e9minente dirigeante spirituelle et fervente d\u00e9fenseure de la compassion et de la justice, met souvent en garde contre la nature destructrice du m\u00e9pris dans les relations humaines. Selon elle, le m\u00e9pris \u2013 qu\u2019il se manifeste par des paroles ou des gestes d\u00e9daigneux, ou par un sentiment de sup\u00e9riorit\u00e9 \u2013 cr\u00e9e une distance \u00e9motionnelle et sape la confiance.<\/p>\n\n\n\n<p>Dans ses enseignements, elle souligne l\u2019importance de reconna\u00eetre le m\u00e9pris comme un obstacle majeur \u00e0 l\u2019\u00e9tablissement de liens profonds, tant dans la sph\u00e8re personnelle qu\u2019au sein des communaut\u00e9s. Elle exhorte chacun \u00e0 privil\u00e9gier la compr\u00e9hension, l\u2019humilit\u00e9 et l\u2019empathie pour remplacer le m\u00e9pris.<\/p>\n\n\n\n<p>En tant que leader religieuse, l\u2019\u00e9v\u00eaque Budde insiste sur le fait que le m\u00e9pris ne nuit pas seulement aux relations interpersonnelles, mais \u00e9rode \u00e9galement les principes spirituels de respect et d\u2019amour. Son message invite \u00e0 repenser la mani\u00e8re dont nous communiquons les uns avec les autres, en pr\u00f4nant une voie qui favorise la r\u00e9conciliation et la dignit\u00e9 mutuelle.<\/p>\n\n\n\n<p>Enfin, elle croit qu\u2019en abordant le m\u00e9pris avec gr\u00e2ce et intentionnalit\u00e9, nous pouvons non seulement <strong>gu\u00e9rir<\/strong>, mais aussi <strong>restaurer<\/strong> et <strong>renforcer<\/strong> les relations \u00e0 tous les niveaux.<\/p>\n\n\n\n<p class=\"has-regular-font-size\">En politique, cette approche a aliment\u00e9 une culture du \u00ab <strong><em>nous contre eux<\/em><\/strong> \u00bb, o\u00f9 les dirigeants et les citoyens s\u2019efforcent de d\u00e9truire leurs adversaires plut\u00f4t que de renforcer leurs communaut\u00e9s. Si cette strat\u00e9gie peut conduire \u00e0 des victoires imm\u00e9diates ou \u00e0 une popularit\u00e9 accrue, elle sape la structure m\u00eame d\u2019une soci\u00e9t\u00e9 saine et fonctionnelle.<\/p>\n\n\n<div class=\"wp-block-image\">\n<figure class=\"aligncenter size-full\"><img decoding=\"async\" width=\"600\" height=\"491\" src=\"https:\/\/osteomag.ca\/wp-content\/uploads\/2025\/01\/2025-01-23_12-12-41.webp\" alt=\"\" class=\"wp-image-49004\" srcset=\"https:\/\/osteomag.ca\/wp-content\/uploads\/2025\/01\/2025-01-23_12-12-41.webp 600w, https:\/\/osteomag.ca\/wp-content\/uploads\/2025\/01\/2025-01-23_12-12-41-495x405.webp 495w, https:\/\/osteomag.ca\/wp-content\/uploads\/2025\/01\/2025-01-23_12-12-41-80x65.webp 80w, https:\/\/osteomag.ca\/wp-content\/uploads\/2025\/01\/2025-01-23_12-12-41-513x420.webp 513w, https:\/\/osteomag.ca\/wp-content\/uploads\/2025\/01\/2025-01-23_12-12-41-150x123.webp 150w, https:\/\/osteomag.ca\/wp-content\/uploads\/2025\/01\/2025-01-23_12-12-41-300x246.webp 300w\" sizes=\"(max-width: 600px) 100vw, 600px\" \/><\/figure>\n<\/div>\n\n\n<p>Les r\u00e9seaux sociaux ont amplifi\u00e9 ce ph\u00e9nom\u00e8ne \u00e0 une \u00e9chelle sans pr\u00e9c\u00e9dent. Les plateformes con\u00e7ues pour connecter les gens prosp\u00e8rent d\u00e9sormais gr\u00e2ce \u00e0 l\u2019indignation, les algorithmes privil\u00e9giant les contenus conflictuels qui suscitent le plus d\u2019engagement. Cela cr\u00e9e des chambres d\u2019\u00e9cho qui renforcent les pr\u00e9jug\u00e9s et approfondissent les divisions, laissant peu de place aux d\u00e9saccords respectueux ou aux liens significatifs. Plus les gens \u00e9prouvent du m\u00e9pris pour les autres, plus ils s\u2019isolent et s\u2019enracinent dans leurs croyances, ce qui exacerbe l\u2019anxi\u00e9t\u00e9, le stress et le sentiment d\u2019ali\u00e9nation. L\u2019avertissement de l\u2019\u00e9v\u00eaque Budde r\u00e9sonne fortement dans ce contexte : <\/p>\n\n\n\n<blockquote class=\"wp-block-quote is-layout-flow wp-block-quote-is-layout-flow\">\n<p>une soci\u00e9t\u00e9 dirig\u00e9e par le m\u00e9pris risque de s\u2019effondrer, car elle privil\u00e9gie le conflit \u00e0 la collaboration et l\u2019hostilit\u00e9 \u00e0 l\u2019empathie.<\/p>\n<\/blockquote>\n\n\n\n<p>Au-del\u00e0 de son impact soci\u00e9tal, le m\u00e9pris a des effets profonds sur le bien-\u00eatre individuel. D\u2019un point de vue \u00e9motionnel, le m\u00e9pris nourrit la n\u00e9gativit\u00e9 et le ressentiment, ce qui peut mettre \u00e0 rude \u00e9preuve les relations et accro\u00eetre le sentiment de solitude. Sur le plan physiologique, l\u2019exposition chronique au m\u00e9pris et au stress qui lui est associ\u00e9 peut d\u00e9clencher une cascade de probl\u00e8mes de sant\u00e9. <\/p>\n\n\n\n<p>Des niveaux \u00e9lev\u00e9s de cortisol, des tensions musculaires et une fonction immunitaire compromise ne sont que quelques-unes des cons\u00e9quences physiques d\u2019une vie dans un \u00e9tat de conflit constant. Par exemple, le stress persistant d\u00fb \u00e0 des interactions hostiles peut se manifester par des douleurs musculo-squelettiques, un objectif central de l\u2019ost\u00e9opathie. Comme le savent les ost\u00e9opathes, l\u2019esprit et le corps sont profond\u00e9ment interconnect\u00e9s, et un environnement satur\u00e9 de m\u00e9pris perturbe cet \u00e9quilibre d\u00e9licat.<\/p>\n\n\n\n<p>L\u2019accent mis par l\u2019\u00e9v\u00eaque Budde sur cette question est un appel \u00e0 l\u2019action, non seulement pour les dirigeants, mais pour chaque individu. Un leadership bas\u00e9 sur le m\u00e9pris engendre la m\u00e9fiance et l\u2019instabilit\u00e9, alors qu\u2019un leadership ancr\u00e9 dans l\u2019empathie et le respect favorise l\u2019unit\u00e9 et la r\u00e9silience. De m\u00eame, dans la vie quotidienne, choisir la compr\u00e9hension plut\u00f4t que le jugement et la collaboration plut\u00f4t que la division peut transformer les interactions et cr\u00e9er des communaut\u00e9s plus saines. Pour les ost\u00e9opathes et autres professionnels de la sant\u00e9, cette perspective souligne l\u2019importance des soins holistiques, qui ne s\u2019attaquent pas seulement au corps physique, mais aussi aux facteurs \u00e9motionnels et sociaux qui influencent la sant\u00e9.<\/p>\n\n\n\n<p>Le m\u00e9pris est peut-\u00eatre une \u00e9motion facile \u00e0 exploiter, mais ses cons\u00e9quences sont bien trop \u00e9lev\u00e9es. Dans un monde d\u00e9j\u00e0 accabl\u00e9 par le stress et la division, il est plus important que jamais de tenir compte de l\u2019avertissement de l\u2019\u00e9v\u00eaque Budde et de s\u2019efforcer d\u2019instaurer une culture du respect et de la connexion. En reconnaissant le pouvoir du m\u00e9pris et en choisissant de le contrer par l\u2019empathie, la soci\u00e9t\u00e9 peut commencer \u00e0 gu\u00e9rir \u2013 physiquement, \u00e9motionnellement et collectivement.<\/p>\n\n\n\n<p>Dans un monde de plus en plus fragment\u00e9, o\u00f9 le m\u00e9pris fragilise autant nos relations que notre sant\u00e9 collective, il devient imp\u00e9ratif de r\u00e9inventer nos modes de communication et d\u2019interaction. L\u2019appel de l\u2019\u00e9v\u00eaque Mariann Edgar Budde \u00e0 l\u2019empathie et \u00e0 la r\u00e9conciliation nous rappelle que chaque effort, aussi modeste soit-il, pour d\u00e9passer les divisions contribue \u00e0 construire des communaut\u00e9s plus fortes et r\u00e9silientes. Qu\u2019il s\u2019agisse d\u2019un <strong>travail introspectif<\/strong>, d\u2019un <strong>leadership \u00e9clair\u00e9<\/strong> ou de l\u2019<strong>adoption de soins holistiques<\/strong>, il est urgent d\u2019agir pour att\u00e9nuer les effets d\u00e9l\u00e9t\u00e8res du m\u00e9pris et encourager une culture fond\u00e9e sur le respect, l\u2019\u00e9coute et la connexion.<\/p>\n\n\n\n<h2 class=\"wp-block-heading has-text-color has-background has-link-color wp-elements-94ee737020239c89ba6190b32ab25e6e\" id=\"h-la-science-du-mepris-l-impact-de-la-negativite-sur-la-sante\" style=\"color:#fefad9;background-color:#7f634a\"><span class=\"ez-toc-section\" id=\"La_science_du_mepris_limpact_de_la_negativite_sur_la_sante\"><\/span><strong>La science du m\u00e9pris : l\u2019impact de la n\u00e9gativit\u00e9 sur la sant\u00e9<\/strong><span class=\"ez-toc-section-end\"><\/span><\/h2>\n\n\n\n<p>Le m\u00e9pris, une \u00e9motion puissante et destructrice, a des cons\u00e9quences profondes sur notre sant\u00e9 physique et \u00e9motionnelle. Bien qu\u2019il puisse sembler \u00eatre une r\u00e9action passag\u00e8re \u00e0 un d\u00e9saccord ou une expression de d\u00e9dain pour des opinions oppos\u00e9es, une exposition constante au m\u00e9pris \u2013 que ce soit en donnant ou en recevant \u2013 a des effets <strong>physiologiques<\/strong> et <strong>psychologiques<\/strong> profonds. Lorsqu\u2019elle n\u2019est pas ma\u00eetris\u00e9e, cette n\u00e9gativit\u00e9 non seulement affaiblit les relations, mais a \u00e9galement des cons\u00e9quences mesurables sur le corps, se manifestant par un stress chronique, de l\u2019anxi\u00e9t\u00e9 et m\u00eame des douleurs physiques<\/p>\n\n\n<div class=\"wp-block-image\">\n<figure class=\"aligncenter is-resized\"><img decoding=\"async\" width=\"744\" height=\"1030\" src=\"https:\/\/osteomag.ca\/wp-content\/uploads\/2025\/01\/7aP8m7PUJQlLp5961wEd-1-744x1030.png\" alt=\"\" class=\"wp-image-48964\" style=\"width:569px;height:auto\" srcset=\"https:\/\/osteomag.ca\/wp-content\/uploads\/2025\/01\/7aP8m7PUJQlLp5961wEd-1-744x1030.png 744w, https:\/\/osteomag.ca\/wp-content\/uploads\/2025\/01\/7aP8m7PUJQlLp5961wEd-1-293x405.png 293w, https:\/\/osteomag.ca\/wp-content\/uploads\/2025\/01\/7aP8m7PUJQlLp5961wEd-1-58x80.png 58w, https:\/\/osteomag.ca\/wp-content\/uploads\/2025\/01\/7aP8m7PUJQlLp5961wEd-1-768x1063.png 768w, https:\/\/osteomag.ca\/wp-content\/uploads\/2025\/01\/7aP8m7PUJQlLp5961wEd-1-1110x1536.png 1110w, https:\/\/osteomag.ca\/wp-content\/uploads\/2025\/01\/7aP8m7PUJQlLp5961wEd-1-303x420.png 303w, https:\/\/osteomag.ca\/wp-content\/uploads\/2025\/01\/7aP8m7PUJQlLp5961wEd-1-150x208.png 150w, https:\/\/osteomag.ca\/wp-content\/uploads\/2025\/01\/7aP8m7PUJQlLp5961wEd-1-300x415.png 300w, https:\/\/osteomag.ca\/wp-content\/uploads\/2025\/01\/7aP8m7PUJQlLp5961wEd-1-600x831.png 600w, https:\/\/osteomag.ca\/wp-content\/uploads\/2025\/01\/7aP8m7PUJQlLp5961wEd-1-696x964.png 696w, https:\/\/osteomag.ca\/wp-content\/uploads\/2025\/01\/7aP8m7PUJQlLp5961wEd-1.png 1176w\" sizes=\"(max-width: 744px) 100vw, 744px\" \/><\/figure>\n<\/div>\n\n\n<p>.<\/p>\n\n\n\n<h3 class=\"wp-block-heading\" id=\"h-le-prix-emotionnel-du-mepris\"><span class=\"ez-toc-section\" id=\"Le_prix_emotionnel_du_mepris\"><\/span><strong>Le prix \u00e9motionnel du m\u00e9pris<\/strong><span class=\"ez-toc-section-end\"><\/span><\/h3>\n\n\n\n<p>\u00c0 la base, le m\u00e9pris est une \u00e9motion qui exprime un sentiment de sup\u00e9riorit\u00e9 et de d\u00e9dain. Qu\u2019il soit exprim\u00e9 par des mots, le langage corporel ou le ton, le m\u00e9pris signale un manque de respect et une r\u00e9ticence \u00e0 s\u2019engager de mani\u00e8re constructive. Pour ceux qui en sont victimes, le m\u00e9pris entra\u00eene souvent des sentiments de rejet, d\u2019inutilit\u00e9 et de frustration. Au fil du temps, ces sentiments peuvent d\u00e9g\u00e9n\u00e9rer en probl\u00e8mes de sant\u00e9 mentale plus graves, comme l\u2019anxi\u00e9t\u00e9 et la d\u00e9pression.<\/p>\n\n\n\n<p>Des \u00e9tudes en psychologie ont montr\u00e9 que le m\u00e9pris est l\u2019une des \u00e9motions les plus corrosives dans les relations. Le Dr John Gottman, un chercheur renomm\u00e9 dans le domaine des relations interpersonnelles, a identifi\u00e9 le m\u00e9pris comme l\u2019un des principaux pr\u00e9dicteurs du divorce. Lorsque les partenaires communiquent constamment avec m\u00e9pris, cela cr\u00e9e un cycle toxique d\u2019hostilit\u00e9 et de d\u00e9fensive qui sape la confiance et l\u2019intimit\u00e9 \u00e9motionnelle. Dans les milieux professionnels, les interactions m\u00e9prisantes peuvent conduire au d\u00e9sengagement, au ressentiment et \u00e0 l\u2019\u00e9puisement professionnel entre coll\u00e8gues. Les blessures \u00e9motionnelles inflig\u00e9es par le m\u00e9pris persistent, favorisant une culture de division et de n\u00e9gativit\u00e9 qui peut se propager dans les r\u00e9seaux personnels et professionnels.<\/p>\n\n\n<div class=\"wp-block-image\">\n<figure class=\"aligncenter\"><img decoding=\"async\" width=\"512\" height=\"512\" src=\"https:\/\/osteomag.ca\/wp-content\/uploads\/2025\/01\/drjohngottman.webp\" alt=\"\" class=\"wp-image-48960\" srcset=\"https:\/\/osteomag.ca\/wp-content\/uploads\/2025\/01\/drjohngottman.webp 512w, https:\/\/osteomag.ca\/wp-content\/uploads\/2025\/01\/drjohngottman-405x405.webp 405w, https:\/\/osteomag.ca\/wp-content\/uploads\/2025\/01\/drjohngottman-80x80.webp 80w, https:\/\/osteomag.ca\/wp-content\/uploads\/2025\/01\/drjohngottman-420x420.webp 420w, https:\/\/osteomag.ca\/wp-content\/uploads\/2025\/01\/drjohngottman-150x150.webp 150w, https:\/\/osteomag.ca\/wp-content\/uploads\/2025\/01\/drjohngottman-300x300.webp 300w\" sizes=\"(max-width: 512px) 100vw, 512px\" \/><figcaption class=\"wp-element-caption\"><strong>Le m\u00e9pris : un tueur silencieux des relations<\/strong><br>La psychologie montre que le m\u00e9pris est l\u2019une des \u00e9motions les plus destructrices dans les interactions humaines. Le Dr John Gottman, un \u00e9minent sp\u00e9cialiste des relations interpersonnelles, a identifi\u00e9 le m\u00e9pris comme un pr\u00e9dicteur majeur du divorce. Sa pr\u00e9sence \u2013 par le sarcasme, la moquerie ou le d\u00e9dain \u2013 engendre l\u2019hostilit\u00e9 et la d\u00e9fensive, \u00e9rodant lentement la confiance et l\u2019intimit\u00e9 entre les partenaires.<br>Les dommages ne se limitent pas aux relations personnelles. Sur le lieu de travail, la communication m\u00e9prisante conduit au d\u00e9sengagement, au ressentiment et \u00e0 l\u2019\u00e9puisement professionnel, empoisonnant la dynamique et le moral de l\u2019\u00e9quipe. Ses effets se propagent vers l\u2019ext\u00e9rieur, cr\u00e9ant une culture de division et de n\u00e9gativit\u00e9 difficile \u00e0 r\u00e9parer.<br>Reconna\u00eetre et traiter le m\u00e9pris est essentiel pour favoriser des relations saines. L\u2019\u00e9volution vers l\u2019empathie, le respect et la communication ouverte peut reconstruire les ponts, que ce soit dans le cadre du mariage ou professionnel. En comprenant le pouvoir corrosif du m\u00e9pris, les individus et les \u00e9quipes peuvent \u0153uvrer \u00e0 la cr\u00e9ation d\u2019environnements ancr\u00e9s dans le respect mutuel et la connexion.<\/figcaption><\/figure>\n<\/div>\n\n\n<div class=\"wp-block-gutena-accordion gutena-accordion-block gutena-accordion-block-ad9993-9a\" data-single=\"false\">\n<div class=\"wp-block-gutena-accordion-panel gutena-accordion-block__panel\">\n<div class=\"wp-block-gutena-accordion-panel-title gutena-accordion-block__panel-title\"><div class=\"gutena-accordion-block__panel-title-inner\">\n<h6 class=\"wp-block-heading has-text-align-left\" id=\"h-voici-des-etudes-et-des-ressources-qui-donnent-un-apercu-des-recherches-du-dr-john-gottman-sur-le-mepris-comme-facteur-predictif-cle-du-divorce-dans-les-relations\" style=\"margin-top:0px;margin-right:0px;margin-bottom:0px;margin-left:0px\">Voici des \u00e9tudes et des ressources qui donnent un aper\u00e7u des recherches du Dr John Gottman sur le m\u00e9pris comme facteur pr\u00e9dictif cl\u00e9 du divorce dans les relations :<\/h6>\n<div class=\"trigger-plus-minus\"><div class=\"horizontal\"><\/div><div class=\"vertical\"><\/div><\/div><\/div><\/div>\n\n\n\n<div class=\"wp-block-gutena-accordion-panel-content gutena-accordion-block__panel-content\"><div class=\"gutena-accordion-block__panel-content-inner\">\n<ol class=\"wp-block-list\">\n<li><strong>\u00ab Facteurs psychologiques dans l\u2019\u00e9volution longitudinale des violences : quand les couples se s\u00e9parent-ils ? Quand les violences diminuent-elles ? \u00bb<\/strong><\/li>\n\n\n\n<li><strong>\u00ab Pr\u00e9dire l\u2019\u00e9volution longitudinale des mariages \u00bb<\/strong>\n<ul class=\"wp-block-list\">\n<li>Les recherches de Gottman d\u00e9taillent comment le m\u00e9pris et d\u2019autres interactions n\u00e9gatives pr\u00e9disent les r\u00e9sultats des relations \u00e0 long terme, comme le divorce.<\/li>\n\n\n\n<li><a href=\"https:\/\/www.academia.edu\/download\/73606000\/j.1752-0606.1991.tb00856.x20211025-28386-hmljmd.pdf\">Lire l&rsquo;\u00e9tude (PDF)<\/a><\/li>\n<\/ul>\n<\/li>\n\n\n\n<li><strong>\u00ab Principia Amoris : la nouvelle science de l\u2019amour \u00bb<\/strong>\n<ul class=\"wp-block-list\">\n<li>Ce livre du Dr Gottman offre un aper\u00e7u complet de la science des relations, en mettant l\u2019accent sur le pouvoir destructeur du m\u00e9pris.<\/li>\n\n\n\n<li><a href=\"https:\/\/www.taylorfrancis.com\/books\/mono\/10.4324\/9780203081785\/principia-amoris-john-mordechai-gottman\">Lire la suite ici<\/a><\/li>\n<\/ul>\n<\/li>\n\n\n\n<li><strong>\u00ab Interaction et satisfaction conjugales : une vision longitudinale \u00bb<\/strong>\n<ul class=\"wp-block-list\">\n<li>Cette recherche met en \u00e9vidence comment les expressions de m\u00e9pris pr\u00e9disent la trajectoire de la satisfaction conjugale et de la s\u00e9paration \u00e9ventuelle.<\/li>\n\n\n\n<li><a href=\"https:\/\/gruberpeplab.com\/teaching\/psych231_fall2013\/documents\/231_Gottman1989.pdf\">Acc\u00e9der \u00e0 l&rsquo;\u00e9tude<\/a><\/li>\n<\/ul>\n<\/li>\n\n\n\n<li><strong>\u00ab Quels sont les facteurs pr\u00e9dictifs du divorce ? La relation entre les processus conjugaux et les r\u00e9sultats conjugaux \u00bb<\/strong>\n<ul class=\"wp-block-list\">\n<li>Cette ressource traite du m\u00e9pris comme indicateur majeur du divorce, ainsi que d\u2019autres conclusions cl\u00e9s des \u00e9tudes de Gottman.<\/li>\n\n\n\n<li><a href=\"https:\/\/www.taylorfrancis.com\/books\/mono\/10.4324\/9781003429807\/predicts-divorce-john-gottman\">D\u00e9couvrir le livre<\/a><\/li>\n<\/ul>\n<\/li>\n\n\n\n<li><strong>\u00ab Les sch\u00e9mas de conflits conjugaux pr\u00e9disent les comportements d&rsquo;int\u00e9riorisation et d&rsquo;ext\u00e9riorisation des enfants \u00bb<\/strong>\n<ul class=\"wp-block-list\">\n<li>Examine comment le m\u00e9pris et d\u2019autres conflits conjugaux affectent non seulement les partenaires, mais aussi les enfants du foyer.<\/li>\n\n\n\n<li><a href=\"https:\/\/www.academia.edu\/download\/48902796\/Katz93.pdf\">Lire l&rsquo;\u00e9tude (PDF)<\/a><\/li>\n<\/ul>\n<\/li>\n\n\n\n<li><strong>\u00ab Pourquoi les mariages r\u00e9ussissent ou \u00e9chouent \u00bb<\/strong><\/li>\n<\/ol>\n<\/div><\/div>\n<\/div>\n<\/div>\n\n\n\n<h3 class=\"wp-block-heading\" id=\"h-la-physiologie-du-mepris-et-du-stress\"><span class=\"ez-toc-section\" id=\"La_physiologie_du_mepris_et_du_stress\"><\/span><strong>La physiologie du m\u00e9pris et du stress<\/strong><span class=\"ez-toc-section-end\"><\/span><\/h3>\n\n\n\n<p>Le corps humain est extr\u00eamement sensible aux stimuli \u00e9motionnels, et le m\u00e9pris ne fait pas exception. Lorsque des individus sont expos\u00e9s au m\u00e9pris, que ce soit en tant que destinataire ou auteur, cela d\u00e9clenche une r\u00e9action de stress dans le corps. Le cerveau per\u00e7oit l&rsquo;interaction n\u00e9gative comme une menace, activant l&rsquo;axe hypothalamo-hypophyso-surr\u00e9nalien (HPA), un syst\u00e8me responsable de la gestion du stress.<\/p>\n\n\n\n<p>Cette activation entra\u00eene la lib\u00e9ration d\u2019hormones de stress comme le cortisol et l\u2019adr\u00e9naline. Bien que ces hormones soient essentielles \u00e0 la survie \u00e0 court terme, leur \u00e9l\u00e9vation prolong\u00e9e peut faire des ravages sur l\u2019organisme. Le stress chronique d\u00fb \u00e0 une exposition continue au m\u00e9pris ou \u00e0 des environnements hostiles a \u00e9t\u00e9 associ\u00e9 \u00e0 :<\/p>\n\n\n\n<ol start=\"1\" class=\"wp-block-list\">\n<li><strong>Probl\u00e8mes cardiovasculaires<\/strong>&nbsp;: le stress persistant augmente la fr\u00e9quence cardiaque et la pression art\u00e9rielle, augmentant ainsi le risque de maladie cardiaque et d\u2019accident vasculaire c\u00e9r\u00e9bral.<\/li>\n\n\n\n<li><strong>Immunosuppression<\/strong>&nbsp;: Des niveaux \u00e9lev\u00e9s de cortisol affaiblissent le syst\u00e8me immunitaire, rendant le corps plus vuln\u00e9rable aux infections et aux maladies.<\/li>\n\n\n\n<li><strong>Probl\u00e8mes digestifs<\/strong>&nbsp;: le stress perturbe le syst\u00e8me digestif, entra\u00eenant des probl\u00e8mes tels que le syndrome du c\u00f4lon irritable (SCI), des ulc\u00e8res et une mauvaise absorption des nutriments.<\/li>\n\n\n\n<li><strong>Troubles du sommeil<\/strong>&nbsp;: Le stress chronique perturbe les habitudes de sommeil, entra\u00eenant de l\u2019insomnie et un repos de mauvaise qualit\u00e9.<\/li>\n<\/ol>\n\n\n<div class=\"wp-block-image\">\n<figure class=\"aligncenter size-full is-resized\"><img decoding=\"async\" width=\"900\" height=\"900\" src=\"https:\/\/osteomag.ca\/wp-content\/uploads\/2025\/01\/cortisol-et-stress.webp\" alt=\"\" class=\"wp-image-49173\" style=\"width:565px;height:auto\" srcset=\"https:\/\/osteomag.ca\/wp-content\/uploads\/2025\/01\/cortisol-et-stress.webp 900w, https:\/\/osteomag.ca\/wp-content\/uploads\/2025\/01\/cortisol-et-stress-405x405.webp 405w, https:\/\/osteomag.ca\/wp-content\/uploads\/2025\/01\/cortisol-et-stress-80x80.webp 80w, https:\/\/osteomag.ca\/wp-content\/uploads\/2025\/01\/cortisol-et-stress-768x768.webp 768w, https:\/\/osteomag.ca\/wp-content\/uploads\/2025\/01\/cortisol-et-stress-420x420.webp 420w, https:\/\/osteomag.ca\/wp-content\/uploads\/2025\/01\/cortisol-et-stress-150x150.webp 150w, https:\/\/osteomag.ca\/wp-content\/uploads\/2025\/01\/cortisol-et-stress-300x300.webp 300w, https:\/\/osteomag.ca\/wp-content\/uploads\/2025\/01\/cortisol-et-stress-600x600.webp 600w, https:\/\/osteomag.ca\/wp-content\/uploads\/2025\/01\/cortisol-et-stress-696x696.webp 696w\" sizes=\"(max-width: 900px) 100vw, 900px\" \/><\/figure>\n<\/div>\n\n\n<h3 class=\"wp-block-heading\" id=\"h-impacts-musculo-squelettiques-du-stress-lie-au-mepris\"><span class=\"ez-toc-section\" id=\"Impacts_musculo-squelettiques_du_stress_lie_au_mepris\"><\/span><strong>Impacts musculo-squelettiques du stress li\u00e9 au m\u00e9pris<\/strong><span class=\"ez-toc-section-end\"><\/span><\/h3>\n\n\n\n<p>L\u2019une des cons\u00e9quences souvent n\u00e9glig\u00e9es du stress chronique est son impact sur le syst\u00e8me musculo-squelettique. Lorsque le corps per\u00e7oit une menace, qu\u2019elle soit physique ou \u00e9motionnelle, il se pr\u00e9pare \u00e0 r\u00e9agir par une r\u00e9action de \u00ab combat ou de fuite \u00bb. Cela implique le resserrement des muscles, en particulier ceux du cou, des \u00e9paules et du dos, pour se pr\u00e9parer \u00e0 l\u2019action. Bien que cette r\u00e9action soit utile dans les situations aigu\u00ebs, une tension musculaire prolong\u00e9e due au stress chronique peut entra\u00eener :<\/p>\n\n\n\n<ul class=\"wp-block-list\">\n<li><strong>Maux de t\u00eate dus \u00e0 la tension<\/strong>&nbsp;: les muscles tendus du cou et du cuir chevelu contribuent aux maux de t\u00eate, une plainte courante chez les personnes soumises \u00e0 un stress constant.<\/li>\n\n\n\n<li><strong>Douleur chronique<\/strong>&nbsp;: une tension musculaire persistante peut provoquer une g\u00eane et des douleurs dans le dos, les \u00e9paules et d\u2019autres parties du corps.<\/li>\n\n\n\n<li><strong>Amplitude de mouvement r\u00e9duite<\/strong>&nbsp;: Au fil du temps, la tension chronique peut limiter la mobilit\u00e9 et la flexibilit\u00e9, ce qui a un impact sur les activit\u00e9s quotidiennes.<\/li>\n<\/ul>\n\n\n\n<p>Pour les ost\u00e9opathes et autres professionnels de la sant\u00e9, ces manifestations physiques du stress soulignent l\u2019importance de s\u2019attaquer non seulement aux sympt\u00f4mes, mais aussi aux causes profondes des tensions. Le traitement ost\u00e9opathique peut aider \u00e0 soulager les tensions musculaires et \u00e0 r\u00e9tablir l\u2019\u00e9quilibre, mais un soulagement durable n\u00e9cessite souvent de s\u2019attaquer aux facteurs de stress \u00e9motionnels, tels que les relations m\u00e9prisantes, qui perp\u00e9tuent le cycle de la douleur.<\/p>\n\n\n\n<h3 class=\"wp-block-heading\" id=\"h-l-interconnexion-entre-le-mepris-et-les-relations\"><span class=\"ez-toc-section\" id=\"Linterconnexion_entre_le_mepris_et_les_relations\"><\/span><strong>L&rsquo;interconnexion entre le m\u00e9pris et les relations<\/strong><span class=\"ez-toc-section-end\"><\/span><\/h3>\n\n\n\n<p>Les relations sont la pierre angulaire du bien-\u00eatre \u00e9motionnel et physique, mais le m\u00e9pris constitue une menace s\u00e9rieuse pour leur sant\u00e9. Que ce soit dans le cadre d\u2019une relation amoureuse, amicale ou professionnelle, le m\u00e9pris \u00e9rode la confiance et du respect mutuel. Dans les relations intimes, il cr\u00e9e un environnement dans lequel les individus se sentent sous-estim\u00e9s et ignor\u00e9s, ce qui conduit \u00e0 un repli \u00e9motionnel. Au fil du temps, cette d\u00e9connexion \u00e9motionnelle peut se manifester physiquement sous forme de troubles li\u00e9s au stress comme l\u2019hypertension art\u00e9rielle, la fatigue et la douleur chronique.<\/p>\n\n\n<div class=\"wp-block-image\">\n<figure class=\"aligncenter size-large is-resized\"><img decoding=\"async\" width=\"1030\" height=\"677\" src=\"https:\/\/osteomag.ca\/wp-content\/uploads\/2025\/01\/2025-01-23_11-56-03-1030x677.webp\" alt=\"\" class=\"wp-image-48998\" style=\"width:827px;height:auto\" srcset=\"https:\/\/osteomag.ca\/wp-content\/uploads\/2025\/01\/2025-01-23_11-56-03-1030x677.webp 1030w, https:\/\/osteomag.ca\/wp-content\/uploads\/2025\/01\/2025-01-23_11-56-03-540x355.webp 540w, https:\/\/osteomag.ca\/wp-content\/uploads\/2025\/01\/2025-01-23_11-56-03-80x53.webp 80w, https:\/\/osteomag.ca\/wp-content\/uploads\/2025\/01\/2025-01-23_11-56-03-768x505.webp 768w, https:\/\/osteomag.ca\/wp-content\/uploads\/2025\/01\/2025-01-23_11-56-03-639x420.webp 639w, https:\/\/osteomag.ca\/wp-content\/uploads\/2025\/01\/2025-01-23_11-56-03-150x99.webp 150w, https:\/\/osteomag.ca\/wp-content\/uploads\/2025\/01\/2025-01-23_11-56-03-300x197.webp 300w, https:\/\/osteomag.ca\/wp-content\/uploads\/2025\/01\/2025-01-23_11-56-03-600x395.webp 600w, https:\/\/osteomag.ca\/wp-content\/uploads\/2025\/01\/2025-01-23_11-56-03-696x458.webp 696w, https:\/\/osteomag.ca\/wp-content\/uploads\/2025\/01\/2025-01-23_11-56-03-741x486.webp 741w, https:\/\/osteomag.ca\/wp-content\/uploads\/2025\/01\/2025-01-23_11-56-03.webp 1373w\" sizes=\"(max-width: 1030px) 100vw, 1030px\" \/><\/figure>\n<\/div>\n\n\n<p>Les relations au travail sont \u00e9galement vuln\u00e9rables aux effets du m\u00e9pris. Une culture de d\u00e9dain et de m\u00e9pris nuit au travail d\u2019\u00e9quipe et \u00e0 la productivit\u00e9, ce qui entra\u00eene une augmentation de l\u2019absent\u00e9isme, de l\u2019insatisfaction au travail et de l\u2019\u00e9puisement professionnel. Le stress li\u00e9 \u00e0 la gestion d\u2019un environnement de travail hostile peut \u00e9galement exacerber les sympt\u00f4mes physiques, contribuant aux c\u00e9phal\u00e9es de tension, aux probl\u00e8mes digestifs et aux douleurs musculo-squelettiques.<\/p>\n\n\n\n<h3 class=\"wp-block-heading\" id=\"h-briser-le-cycle-du-mepris\"><span class=\"ez-toc-section\" id=\"Briser_le_cycle_du_mepris\"><\/span><strong>Briser le cycle du m\u00e9pris<\/strong><span class=\"ez-toc-section-end\"><\/span><\/h3>\n\n\n\n<p>La bonne nouvelle est que le cycle du m\u00e9pris et ses effets n\u00e9fastes sur la sant\u00e9 peuvent \u00eatre bris\u00e9s. Cultiver l\u2019empathie, le respect et une communication constructive est essentiel pour favoriser des interactions plus saines et att\u00e9nuer les dommages caus\u00e9s par le m\u00e9pris. Les strat\u00e9gies incluent :<\/p>\n\n\n\n<ol start=\"1\" class=\"wp-block-list\">\n<li><strong>Pratiquer la pleine conscience<\/strong>&nbsp;: Les techniques de pleine conscience aident les individus \u00e0 devenir plus conscients de leurs \u00e9motions et de leurs r\u00e9actions, leur permettant de r\u00e9agir de mani\u00e8re r\u00e9fl\u00e9chie plut\u00f4t que de r\u00e9agir de mani\u00e8re impulsive.<\/li>\n\n\n\n<li><strong>D\u00e9velopper l\u2019intelligence \u00e9motionnelle<\/strong>&nbsp;: D\u00e9velopper des comp\u00e9tences telles que l\u2019\u00e9coute active, l\u2019empathie et la r\u00e9solution des conflits peut transformer les relations et r\u00e9duire l\u2019hostilit\u00e9.<\/li>\n\n\n\n<li><strong>Recherche d\u2019aide professionnelle<\/strong>&nbsp;: Les th\u00e9rapeutes, les conseillers et les ost\u00e9opathes peuvent apporter un soutien pr\u00e9cieux pour traiter les manifestations \u00e9motionnelles et physiques du stress.<\/li>\n<\/ol>\n\n\n\n<h2 class=\"wp-block-heading has-text-color has-background has-link-color wp-elements-1084bb8ec4dcf00a2a37795b6c1271e8\" id=\"h-le-mepris-sur-les-reseaux-sociaux-un-cycle-malsain\" style=\"color:#fefad9;background-color:#7f634a\"><span class=\"ez-toc-section\" id=\"Le_mepris_sur_les_reseaux_sociaux_un_cycle_malsain\"><\/span><strong>Le m\u00e9pris sur les r\u00e9seaux sociaux : un cycle malsain<\/strong><span class=\"ez-toc-section-end\"><\/span><\/h2>\n\n\n\n<p>Les r\u00e9seaux sociaux, autrefois consid\u00e9r\u00e9s comme un outil r\u00e9volutionnaire de connexion, sont devenus de plus en plus un terrain fertile pour les \u00e9motions n\u00e9gatives comme le m\u00e9pris. S\u2019ils ont permis la communication et le partage d\u2019id\u00e9es \u00e0 l\u2019\u00e9chelle mondiale, ils ont \u00e9galement amplifi\u00e9 les divisions, l\u2019indignation et l\u2019hostilit\u00e9. Les algorithmes m\u00eames qui font fonctionner les plateformes de r\u00e9seaux sociaux prosp\u00e8rent gr\u00e2ce \u00e0 l\u2019engagement, en donnant souvent la priorit\u00e9 aux contenus les plus provocateurs et les plus polarisants. En cons\u00e9quence, ces plateformes ont involontairement cr\u00e9\u00e9 des environnements o\u00f9 le m\u00e9pris prosp\u00e8re, entra\u00eenant de graves cons\u00e9quences sur la sant\u00e9 mentale des utilisateurs et des divisions soci\u00e9tales plus larges.<\/p>\n\n\n\n<h3 class=\"wp-block-heading\" id=\"h-le-role-des-medias-sociaux-dans-l-amplification-du-mepris\"><span class=\"ez-toc-section\" id=\"Le_role_des_medias_sociaux_dans_lamplification_du_mepris\"><\/span><strong>Le r\u00f4le des m\u00e9dias sociaux dans l\u2019amplification du m\u00e9pris<\/strong><span class=\"ez-toc-section-end\"><\/span><\/h3>\n\n\n\n<figure class=\"wp-block-image size-large\"><img decoding=\"async\" width=\"1030\" height=\"583\" src=\"https:\/\/osteomag.ca\/wp-content\/uploads\/2025\/01\/socialf-1030x583.webp\" alt=\"\" class=\"wp-image-49001\" srcset=\"https:\/\/osteomag.ca\/wp-content\/uploads\/2025\/01\/socialf-1030x583.webp 1030w, https:\/\/osteomag.ca\/wp-content\/uploads\/2025\/01\/socialf-540x306.webp 540w, https:\/\/osteomag.ca\/wp-content\/uploads\/2025\/01\/socialf-80x45.webp 80w, https:\/\/osteomag.ca\/wp-content\/uploads\/2025\/01\/socialf-768x435.webp 768w, https:\/\/osteomag.ca\/wp-content\/uploads\/2025\/01\/socialf-742x420.webp 742w, https:\/\/osteomag.ca\/wp-content\/uploads\/2025\/01\/socialf-150x85.webp 150w, https:\/\/osteomag.ca\/wp-content\/uploads\/2025\/01\/socialf-300x170.webp 300w, https:\/\/osteomag.ca\/wp-content\/uploads\/2025\/01\/socialf-600x339.webp 600w, https:\/\/osteomag.ca\/wp-content\/uploads\/2025\/01\/socialf-696x394.webp 696w, https:\/\/osteomag.ca\/wp-content\/uploads\/2025\/01\/socialf.webp 1193w\" sizes=\"(max-width: 1030px) 100vw, 1030px\" \/><\/figure>\n\n\n\n<p>Le m\u00e9pris, en tant qu\u2019\u00e9motion, se caract\u00e9rise par un m\u00e9lange de d\u00e9dain et de sup\u00e9riorit\u00e9. Dans le contexte des m\u00e9dias sociaux, il se manifeste souvent par des commentaires moqueurs, des m\u00e8mes d\u00e9risoires ou le rejet de points de vue divergents. Contrairement aux interactions en face \u00e0 face, o\u00f9 les gens peuvent h\u00e9siter \u00e0 exprimer ouvertement leur m\u00e9pris, l\u2019anonymat et la distance physique des plateformes en ligne r\u00e9duisent les inhibitions. Cet effet de d\u00e9sinhibition permet aux individus d\u2019adopter plus facilement un comportement hostile ou m\u00e9prisant.<\/p>\n\n\n\n<p>Les algorithmes des r\u00e9seaux sociaux jouent un r\u00f4le important dans l\u2019amplification de ces interactions. Les plateformes comme Facebook, Twitter et Instagram sont con\u00e7ues pour maximiser l\u2019engagement des utilisateurs. Malheureusement, l\u2019indignation et le m\u00e9pris sont particuli\u00e8rement efficaces pour g\u00e9n\u00e9rer des clics, des partages et des commentaires. Des recherches ont montr\u00e9 que les contenus charg\u00e9s d\u2019\u00e9motion, en particulier ceux qui suscitent la col\u00e8re ou le m\u00e9pris, ont tendance \u00e0 se propager plus rapidement que les publications neutres ou positives. Par cons\u00e9quent, les utilisateurs sont fr\u00e9quemment expos\u00e9s \u00e0 des contenus provocateurs qui renforcent les attitudes m\u00e9prisantes.<\/p>\n\n\n\n<p>De plus, les r\u00e9seaux sociaux cr\u00e9ent souvent des chambres d\u2019\u00e9cho o\u00f9 les individus sont entour\u00e9s de personnes partageant les m\u00eames id\u00e9es et les m\u00eames pr\u00e9jug\u00e9s. Ces environnements valident les sentiments de m\u00e9pris envers ceux qui sont ext\u00e9rieurs au groupe, ce qui renforce encore les divisions. Au fil du temps, les utilisateurs de ces chambres d\u2019\u00e9cho deviennent de plus en plus polaris\u00e9s, consid\u00e9rant les points de vue oppos\u00e9s non seulement comme diff\u00e9rents, mais aussi comme inf\u00e9rieurs, voire dangereux. Cette dynamique perp\u00e9tue un cycle de n\u00e9gativit\u00e9, le m\u00e9pris devenant une r\u00e9ponse par d\u00e9faut au d\u00e9saccord.<\/p>\n\n\n\n<h3 class=\"wp-block-heading\" id=\"h-l-impact-du-mepris-sur-la-sante-mentale-sur-les-reseaux-sociaux\"><span class=\"ez-toc-section\" id=\"Limpact_du_mepris_sur_la_sante_mentale_sur_les_reseaux_sociaux\"><\/span><strong>L\u2019impact du m\u00e9pris sur la sant\u00e9 mentale sur les r\u00e9seaux sociaux<\/strong><span class=\"ez-toc-section-end\"><\/span><\/h3>\n\n\n\n<p>Les environnements toxiques cr\u00e9\u00e9s par les m\u00e9dias sociaux ont des r\u00e9percussions importantes sur la sant\u00e9 mentale. Des \u00e9tudes ont syst\u00e9matiquement \u00e9tabli un lien entre l\u2019utilisation excessive des m\u00e9dias sociaux et des niveaux accrus d\u2019anxi\u00e9t\u00e9, de d\u00e9pression et de solitude. Bien que ces r\u00e9sultats soient influenc\u00e9s par divers facteurs, la pr\u00e9valence des interactions m\u00e9prisantes y contribue largement.<\/p>\n\n\n\n<h4 class=\"wp-block-heading\" id=\"h-stress-et-anxiete-chroniques\"><strong>Stress et anxi\u00e9t\u00e9 chroniques<\/strong><\/h4>\n\n\n\n<p>L&rsquo;exposition fr\u00e9quente au m\u00e9pris sur les r\u00e9seaux sociaux peut d\u00e9clencher un stress chronique. Les commentaires n\u00e9gatifs, les attaques personnelles et la honte publique cr\u00e9ent une atmosph\u00e8re hostile dans laquelle les utilisateurs se sentent constamment jug\u00e9s ou menac\u00e9s. Ce stress persistant active la r\u00e9ponse de combat ou de fuite du corps, ce qui entra\u00eene une augmentation des niveaux de cortisol et d&rsquo;adr\u00e9naline. Au fil du temps, le stress chronique peut contribuer aux troubles anxieux, aux troubles du sommeil et m\u00eame \u00e0 des probl\u00e8mes de sant\u00e9 physique tels que l&rsquo;hypertension art\u00e9rielle et l&rsquo;affaiblissement du syst\u00e8me immunitaire.<\/p>\n\n\n\n<h4 class=\"wp-block-heading\" id=\"h-depression-et-sentiment-d-inutilite\"><strong>D\u00e9pression et sentiment d&rsquo;inutilit\u00e9<\/strong><\/h4>\n\n\n\n<p>La culture m\u00e9prisante des r\u00e9seaux sociaux peut \u00e9galement alimenter un sentiment d\u2019inf\u00e9riorit\u00e9 et d\u2019inutilit\u00e9. De nombreux utilisateurs se comparent aux autres sur des plateformes qui pr\u00e9sentent souvent des versions de la vie id\u00e9ales et soign\u00e9es. Lorsque le m\u00e9pris est dirig\u00e9 vers ces publications id\u00e9alis\u00e9es ou vers les utilisateurs eux-m\u00eames, il aggrave le sentiment d\u2019inf\u00e9riorit\u00e9. Par exemple, le ridicule ou la honte en public peuvent entra\u00eener une perte d\u2019estime de soi, cr\u00e9ant un cycle de perception n\u00e9gative de soi qui peut aboutir \u00e0 la d\u00e9pression.<\/p>\n\n\n\n<h4 class=\"wp-block-heading\" id=\"h-solitude-et-isolement-social\"><strong>Solitude et isolement social<\/strong><\/h4>\n\n\n\n<p>Paradoxalement, un outil con\u00e7u pour connecter les gens les laisse souvent plus isol\u00e9s. La pr\u00e9valence du m\u00e9pris d\u00e9courage les conversations significatives et favorise un environnement dans lequel les individus ont peur d\u2019exprimer leurs v\u00e9ritables opinions. Cette peur du jugement ou des r\u00e9actions n\u00e9gatives peut conduire les utilisateurs \u00e0 se retirer des interactions en ligne, augmentant ainsi le sentiment de solitude et de d\u00e9connexion sociale. De plus, l\u2019absence de dialogue empathique ou de soutien ali\u00e8ne encore plus les utilisateurs, faisant des m\u00e9dias sociaux une exp\u00e9rience isolante plut\u00f4t que de connexion.<\/p>\n\n\n\n<figure class=\"wp-block-image size-large\"><img decoding=\"async\" width=\"1030\" height=\"363\" src=\"https:\/\/osteomag.ca\/wp-content\/uploads\/2025\/01\/2025-01-23_12-28-56-1030x363.webp\" alt=\"\" class=\"wp-image-49006\" srcset=\"https:\/\/osteomag.ca\/wp-content\/uploads\/2025\/01\/2025-01-23_12-28-56-1030x363.webp 1030w, https:\/\/osteomag.ca\/wp-content\/uploads\/2025\/01\/2025-01-23_12-28-56-540x190.webp 540w, https:\/\/osteomag.ca\/wp-content\/uploads\/2025\/01\/2025-01-23_12-28-56-80x28.webp 80w, https:\/\/osteomag.ca\/wp-content\/uploads\/2025\/01\/2025-01-23_12-28-56-768x271.webp 768w, https:\/\/osteomag.ca\/wp-content\/uploads\/2025\/01\/2025-01-23_12-28-56-150x53.webp 150w, https:\/\/osteomag.ca\/wp-content\/uploads\/2025\/01\/2025-01-23_12-28-56-300x106.webp 300w, https:\/\/osteomag.ca\/wp-content\/uploads\/2025\/01\/2025-01-23_12-28-56-600x212.webp 600w, https:\/\/osteomag.ca\/wp-content\/uploads\/2025\/01\/2025-01-23_12-28-56-696x245.webp 696w, https:\/\/osteomag.ca\/wp-content\/uploads\/2025\/01\/2025-01-23_12-28-56.webp 1052w\" sizes=\"(max-width: 1030px) 100vw, 1030px\" \/><\/figure>\n\n\n\n<h3 class=\"wp-block-heading\" id=\"h-recherches-sur-les-medias-sociaux-et-la-sante-mentale\"><span class=\"ez-toc-section\" id=\"Recherches_sur_les_medias_sociaux_et_la_sante_mentale\"><\/span><strong>Recherches sur les m\u00e9dias sociaux et la sant\u00e9 mentale<\/strong><span class=\"ez-toc-section-end\"><\/span><\/h3>\n\n\n\n<p>Un nombre croissant de recherches mettent en \u00e9vidence les effets n\u00e9fastes des m\u00e9dias sociaux sur la sant\u00e9 mentale, en particulier dans les environnements caract\u00e9ris\u00e9s par la n\u00e9gativit\u00e9 et le m\u00e9pris.<\/p>\n\n\n\n<ol start=\"1\" class=\"wp-block-list\">\n<li><strong>Le r\u00f4le des interactions toxiques<\/strong>&nbsp;: une \u00e9tude de 2020 publi\u00e9e dans&nbsp;<em>Cyberpsychology, Behavior, and Social Networking<\/em>&nbsp;a r\u00e9v\u00e9l\u00e9 que l&rsquo;exposition \u00e0 des interactions n\u00e9gatives en ligne augmentait consid\u00e9rablement les sympt\u00f4mes de d\u00e9pression et d&rsquo;anxi\u00e9t\u00e9 chez les participants. Ceux qui \u00e9taient fr\u00e9quemment confront\u00e9s \u00e0 des commentaires m\u00e9prisants ont signal\u00e9 des niveaux de d\u00e9tresse \u00e9motionnelle plus \u00e9lev\u00e9s.<\/li>\n\n\n\n<li><strong>M\u00e9dias sociaux et estime de soi<\/strong>&nbsp;: une \u00e9tude publi\u00e9e dans le&nbsp;<em>Journal of Adolescence<\/em>&nbsp;a r\u00e9v\u00e9l\u00e9 que les adolescents victimes de cyberintimidation ou de stigmatisation publique sur les m\u00e9dias sociaux \u00e9taient plus susceptibles de d\u00e9velopper une faible estime de soi et des sympt\u00f4mes d\u00e9pressifs. L&rsquo;\u00e9tude a soulign\u00e9 le r\u00f4le du comportement m\u00e9prisant dans l&rsquo;exacerbation de ces effets.<\/li>\n\n\n\n<li><strong>Polarisation et chambres d\u2019\u00e9cho<\/strong>&nbsp;: une \u00e9tude de 2021 publi\u00e9e dans&nbsp;<em>Nature Human Behaviour<\/em>&nbsp;a mis en \u00e9vidence la mani\u00e8re dont les chambres d\u2019\u00e9cho sur les r\u00e9seaux sociaux contribuent \u00e0 accro\u00eetre la polarisation et l\u2019hostilit\u00e9. L\u2019\u00e9tude a r\u00e9v\u00e9l\u00e9 que les utilisateurs appartenant \u00e0 des groupes polaris\u00e9s \u00e9taient plus susceptibles de partager des contenus m\u00e9prisants, renfor\u00e7ant ainsi les pr\u00e9jug\u00e9s du groupe et creusant les divisions soci\u00e9tales.<\/li>\n\n\n\n<li><strong>Neurosciences de la n\u00e9gativit\u00e9<\/strong>&nbsp;: Des recherches neuroscientifiques ont montr\u00e9 qu\u2019une exposition r\u00e9p\u00e9t\u00e9e \u00e0 des stimuli n\u00e9gatifs, comme des interactions m\u00e9prisantes, alt\u00e8re le fonctionnement du cerveau. L\u2019amygdale, une r\u00e9gion associ\u00e9e au traitement des \u00e9motions, devient hyperactive, tandis que le cortex pr\u00e9frontal, responsable de la pens\u00e9e rationnelle et de l\u2019empathie, pr\u00e9sente une activit\u00e9 r\u00e9duite. Ces changements rendent les individus plus r\u00e9actifs et moins empathiques, perp\u00e9tuant ainsi le cycle du m\u00e9pris.<\/li>\n<\/ol>\n\n\n\n<h3 class=\"wp-block-heading\" id=\"h-briser-le-cycle-du-mepris-sur-les-reseaux-sociaux\"><span class=\"ez-toc-section\" id=\"Briser_le_cycle_du_mepris_sur_les_reseaux_sociaux\"><\/span><strong>Briser le cycle du m\u00e9pris sur les r\u00e9seaux sociaux<\/strong><span class=\"ez-toc-section-end\"><\/span><\/h3>\n\n\n\n<p>Bien que les d\u00e9fis pos\u00e9s par les m\u00e9dias sociaux soient importants, des mesures peuvent \u00eatre prises pour att\u00e9nuer les effets n\u00e9fastes du m\u00e9pris et favoriser des environnements en ligne plus sains.<\/p>\n\n\n\n<ol start=\"1\" class=\"wp-block-list\">\n<li><strong>Promouvoir l\u2019\u00e9ducation num\u00e9rique<\/strong>&nbsp;: sensibiliser les utilisateurs \u00e0 l\u2019impact de leur comportement en ligne peut encourager des interactions plus r\u00e9fl\u00e9chies et respectueuses. Les programmes d\u2019\u00e9ducation num\u00e9rique doivent mettre l\u2019accent sur l\u2019empathie, la pens\u00e9e critique et les cons\u00e9quences de la diffusion de la n\u00e9gativit\u00e9.<\/li>\n\n\n\n<li><strong>Changements algorithmiques<\/strong>&nbsp;: les r\u00e9seaux sociaux ont la responsabilit\u00e9 de privil\u00e9gier les contenus qui favorisent un dialogue constructif plut\u00f4t que ceux qui sont source de division ou d\u2019incitation \u00e0 la haine. Ajuster les algorithmes pour mettre moins l\u2019accent sur les \u00e9changes motiv\u00e9s par l\u2019indignation pourrait r\u00e9duire la pr\u00e9valence du m\u00e9pris.<\/li>\n\n\n\n<li><strong>Encourager les interactions positives<\/strong>&nbsp;: les initiatives qui r\u00e9compensent les contenus positifs et encourageants peuvent contribuer \u00e0 contrecarrer la domination de la n\u00e9gativit\u00e9. Des fonctionnalit\u00e9s telles que des badges pour les commentaires constructifs ou la mise en avant de publications empathiques peuvent changer la culture des m\u00e9dias sociaux.<\/li>\n\n\n\n<li><strong>Faire des pauses sur les r\u00e9seaux sociaux<\/strong>&nbsp;: Encourager les utilisateurs \u00e0 faire des pauses r\u00e9guli\u00e8res sur les r\u00e9seaux sociaux peut r\u00e9duire le stress et am\u00e9liorer la sant\u00e9 mentale. Le temps pass\u00e9 hors ligne permet aux individus de se ressourcer et de s&rsquo;engager dans des interactions plus significatives et concr\u00e8tes.<\/li>\n<\/ol>\n\n\n\n<h2 class=\"wp-block-heading has-text-color has-background has-link-color wp-elements-116cac21c158c72ecdb3fbd6fe3ba6af\" id=\"h-le-role-de-la-connexion-dans-la-guerison\" style=\"color:#fefad9;background-color:#7f634a\"><span class=\"ez-toc-section\" id=\"Le_role_de_la_connexion_dans_la_guerison\"><\/span><strong>Le r\u00f4le de la connexion dans la gu\u00e9rison<\/strong><span class=\"ez-toc-section-end\"><\/span><\/h2>\n\n\n\n<p>Dans un monde de plus en plus divis\u00e9 par le m\u00e9pris et l\u2019hostilit\u00e9, le pouvoir de gu\u00e9rison de l\u2019empathie, du respect et de la connexion fait contrepoids \u00e0 la n\u00e9gativit\u00e9 qui impr\u00e8gne de nombreux aspects de la vie moderne. Le m\u00e9pris, une \u00e9motion toxique qui v\u00e9hicule le d\u00e9dain et la sup\u00e9riorit\u00e9, cr\u00e9e des barri\u00e8res, sape les relations et exacerbe les probl\u00e8mes de sant\u00e9 mentale et physique. En revanche, l\u2019empathie et la connexion favorisent la confiance, la compr\u00e9hension et le sentiment d\u2019appartenance, qui sont tous essentiels \u00e0 la gu\u00e9rison holistique. Ce principe s\u2019aligne \u00e9troitement sur la philosophie ost\u00e9opathique, qui met l\u2019accent sur l\u2019interd\u00e9pendance du corps, de l\u2019esprit et de l\u2019\u00e2me pour atteindre le bien-\u00eatre g\u00e9n\u00e9ral.<\/p>\n\n\n\n<h3 class=\"wp-block-heading\" id=\"h-la-force-destructrice-du-mepris\"><span class=\"ez-toc-section\" id=\"La_force_destructrice_du_mepris\"><\/span><strong>La force destructrice du m\u00e9pris<\/strong><span class=\"ez-toc-section-end\"><\/span><\/h3>\n\n\n\n<p>Le m\u00e9pris isole. Il favorise la division et pousse les individus \u00e0 se replier sur eux-m\u00eames, \u00e0 se fondre dans le ressentiment et l\u2019hostilit\u00e9. Lorsque le m\u00e9pris caract\u00e9rise les interactions \u2013 que ce soit entre individus, communaut\u00e9s ou nations \u2013 il cr\u00e9e un environnement de jugement et de d\u00e9connexion. Les relations entach\u00e9es par le m\u00e9pris manquent souvent du respect mutuel et de la communication ouverte n\u00e9cessaires \u00e0 la r\u00e9solution et \u00e0 la croissance. Cela nuit non seulement au bien-\u00eatre \u00e9motionnel, mais contribue \u00e9galement au stress et aux cons\u00e9quences qui en d\u00e9coulent sur la sant\u00e9 physique.<\/p>\n\n\n\n<p>Par exemple, le m\u00e9pris au sein des relations intimes peut entra\u00eener un stress chronique, \u00e9roder la confiance et d\u00e9clencher une cascade de r\u00e9actions physiologiques. Des niveaux \u00e9lev\u00e9s de cortisol, une augmentation de la tension musculaire et des troubles du sommeil sont courants chez les personnes qui vivent dans des environnements m\u00e9prisants. Ces sympt\u00f4mes peuvent d\u00e9g\u00e9n\u00e9rer en probl\u00e8mes de sant\u00e9 plus graves, notamment des troubles anxieux, des probl\u00e8mes cardiovasculaires et des douleurs musculo-squelettiques.<\/p>\n\n\n\n<h3 class=\"wp-block-heading\" id=\"h-le-pouvoir-de-guerison-de-l-empathie-et-de-la-connexion\"><span class=\"ez-toc-section\" id=\"Le_pouvoir_de_guerison_de_lempathie_et_de_la_connexion\"><\/span><strong>Le pouvoir de gu\u00e9rison de l\u2019empathie et de la connexion<\/strong><span class=\"ez-toc-section-end\"><\/span><\/h3>\n\n\n\n<p>L\u2019empathie, le respect et la connexion sont des antidotes aux dommages caus\u00e9s par le m\u00e9pris. L\u2019empathie \u2013 la capacit\u00e9 \u00e0 comprendre et \u00e0 partager les sentiments des autres \u2013 cr\u00e9e un pont entre les gens, leur permettant de g\u00e9rer les conflits avec compassion plut\u00f4t qu\u2019avec hostilit\u00e9. Le respect favorise l\u2019appr\u00e9ciation et la compr\u00e9hension mutuelles, tandis que la connexion rassemble les individus, favorisant un sentiment d\u2019appartenance et un objectif commun.<\/p>\n\n\n\n<p>Des recherches ont montr\u00e9 que les liens sociaux ont des effets b\u00e9n\u00e9fiques consid\u00e9rables sur la sant\u00e9. Les \u00e9tudes montrent que les personnes ayant des liens sociaux forts subissent moins de stress, am\u00e9liorent leur fonction immunitaire et r\u00e9duisent le risque de maladies chroniques. Par exemple, une \u00e9tude de 2010 publi\u00e9e dans&nbsp;<em>PLoS Medicine<\/em>&nbsp;a r\u00e9v\u00e9l\u00e9 que des relations sociales solides augmentent les chances de survie de 50 %, un avantage comparable \u00e0 celui de l\u2019arr\u00eat du tabac ou de la pratique d\u2019une activit\u00e9 physique r\u00e9guli\u00e8re. Ces r\u00e9sultats soulignent le r\u00f4le essentiel que jouent les liens sociaux dans la promotion de la r\u00e9silience et de la gu\u00e9rison.<\/p>\n\n\n\n<h3 class=\"wp-block-heading\" id=\"h-connexion-et-guerison-holistique-en-osteopathie\"><span class=\"ez-toc-section\" id=\"Connexion_et_guerison_holistique_en_osteopathie\"><\/span><strong>Connexion et gu\u00e9rison holistique en ost\u00e9opathie<\/strong><span class=\"ez-toc-section-end\"><\/span><\/h3>\n\n\n\n<p>Les principes d&#8217;empathie, de respect et de connexion s&rsquo;alignent \u00e9troitement sur la philosophie fondamentale de l&rsquo;ost\u00e9opathie. L&rsquo;ost\u00e9opathie repose sur la conviction que le corps fonctionne comme une unit\u00e9 et qu&rsquo;une sant\u00e9 optimale r\u00e9sulte de l&rsquo;int\u00e9gration harmonieuse du corps, de l&rsquo;esprit et de l&rsquo;\u00e2me. Lorsqu&rsquo;un aspect de l&rsquo;\u00eatre d&rsquo;une personne est d\u00e9s\u00e9quilibr\u00e9, qu&rsquo;il s&rsquo;agisse de douleur physique, de d\u00e9tresse \u00e9motionnelle ou de d\u00e9connexion spirituelle, c&rsquo;est tout le syst\u00e8me qui en souffre.<\/p>\n\n\n\n<p>Les ost\u00e9opathes reconnaissent que les sympt\u00f4mes physiques ont souvent des causes \u00e9motionnelles ou psychologiques. Par exemple, un patient souffrant de maux de dos chroniques peut \u00e9galement \u00eatre aux prises avec un stress non trait\u00e9 ou un traumatisme \u00e9motionnel non r\u00e9solu. En prenant le temps de comprendre la personne dans son ensemble, les ost\u00e9opathes cr\u00e9ent un environnement th\u00e9rapeutique ancr\u00e9 dans l\u2019empathie et le respect. Cette approche permet non seulement de soulager l\u2019inconfort physique, mais \u00e9galement de s\u2019attaquer aux causes sous-jacentes du d\u00e9s\u00e9quilibre, favorisant ainsi une gu\u00e9rison \u00e0 long terme.<\/p>\n\n\n\n<p>La connexion fait partie int\u00e9grante de l\u2019approche ost\u00e9opathique. La relation entre le praticien et le patient est fond\u00e9e sur la confiance, la communication ouverte et le respect mutuel. Cette alliance th\u00e9rapeutique favorise un espace s\u00fbr o\u00f9 les patients se sentent \u00e9cout\u00e9s et valoris\u00e9s, les encourageant \u00e0 s\u2019engager pleinement dans leur parcours de gu\u00e9rison. En privil\u00e9giant la connexion, les ost\u00e9opathes permettent aux patients de jouer un r\u00f4le actif dans leur bien-\u00eatre, renfor\u00e7ant l\u2019id\u00e9e que la gu\u00e9rison est un processus collaboratif.<\/p>\n\n\n\n<h3 class=\"wp-block-heading\" id=\"h-les-neurosciences-de-la-connexion-et-de-la-guerison\"><span class=\"ez-toc-section\" id=\"Les_neurosciences_de_la_connexion_et_de_la_guerison\"><\/span><strong>Les neurosciences de la connexion et de la gu\u00e9rison<\/strong><span class=\"ez-toc-section-end\"><\/span><\/h3>\n\n\n\n<p>Les neurosciences soutiennent le pouvoir th\u00e9rapeutique de la connexion. Des \u00e9tudes ont montr\u00e9 que les interactions sociales caract\u00e9ris\u00e9es par l\u2019empathie et la confiance activent les centres de r\u00e9compense du cerveau, lib\u00e9rant de l\u2019ocytocine, souvent appel\u00e9e \u00ab hormone du lien \u00bb. L\u2019ocytocine favorise le sentiment de s\u00e9curit\u00e9 et r\u00e9duit le stress, neutralisant ainsi les effets nocifs du cortisol. Ce changement hormonal peut r\u00e9duire la tension art\u00e9rielle, r\u00e9duire l\u2019inflammation et m\u00eame am\u00e9liorer la capacit\u00e9 du corps \u00e0 gu\u00e9rir des blessures.<\/p>\n\n\n\n<p>De plus, la connexion et l&#8217;empathie stimulent le syst\u00e8me nerveux parasympathique, qui r\u00e9git les fonctions de \u00ab repos et de digestion \u00bb du corps. L&rsquo;activation de ce syst\u00e8me favorise la relaxation, facilite la digestion et favorise la r\u00e9paration cellulaire. Pour les personnes souffrant de stress ou de douleur chronique, favoriser la connexion peut aider le corps \u00e0 passer d&rsquo;un \u00e9tat d&rsquo;hyper\u00e9veil \u00e0 un \u00e9tat de restauration et de gu\u00e9rison.<\/p>\n\n\n\n<h3 class=\"wp-block-heading\" id=\"h-etapes-pratiques-pour-cultiver-la-connexion-dans-la-guerison\"><span class=\"ez-toc-section\" id=\"Etapes_pratiques_pour_cultiver_la_connexion_dans_la_guerison\"><\/span><strong>\u00c9tapes pratiques pour cultiver la connexion dans la gu\u00e9rison<\/strong><span class=\"ez-toc-section-end\"><\/span><\/h3>\n\n\n\n<p>Favoriser la connexion dans le cadre du processus de gu\u00e9rison implique des efforts \u00e0 la fois individuels et collectifs. Pour les professionnels de la sant\u00e9, il est essentiel d&rsquo;adopter une approche centr\u00e9e sur le patient qui privil\u00e9gie l&#8217;empathie et le respect. Des pratiques simples comme l&rsquo;\u00e9coute active, le maintien du contact visuel et la validation des exp\u00e9riences du patient peuvent transformer la relation th\u00e9rapeutique et am\u00e9liorer les r\u00e9sultats.<\/p>\n\n\n\n<p>Pour les individus, cultiver les liens implique de cultiver les relations et de rechercher des communaut\u00e9s solidaires. Des pratiques comme la pleine conscience et la gratitude peuvent \u00e9galement am\u00e9liorer la capacit\u00e9 d&#8217;empathie et favoriser un sentiment plus profond de connexion avec les autres. De plus, participer \u00e0 des activit\u00e9s qui favorisent le lien social, comme l&rsquo;exercice en groupe ou le b\u00e9n\u00e9volat, peut renforcer le sentiment d&rsquo;appartenance et d&rsquo;objectif commun.<\/p>\n\n\n\n<p>Dans le cadre de l\u2019ost\u00e9opathie, les praticiens peuvent encourager les patients \u00e0 explorer les dimensions \u00e9motionnelles et sociales de leur sant\u00e9. Par exemple, recommander des techniques de r\u00e9duction du stress telles que la m\u00e9ditation ou la th\u00e9rapie psychologique peut compl\u00e9ter les traitements physiques et s\u2019attaquer aux causes profondes du d\u00e9s\u00e9quilibre. En int\u00e9grant ces strat\u00e9gies holistiques, les ost\u00e9opathes peuvent aider les patients \u00e0 atteindre un meilleur bien-\u00eatre g\u00e9n\u00e9ral.<\/p>\n\n\n\n<h2 class=\"wp-block-heading has-text-color has-background has-link-color wp-elements-7a76500d9208177a315c385b39682715\" id=\"h-mesures-pratiques-pour-le-changement-cultiver-le-respect-et-l-unite\" style=\"color:#fefad9;background-color:#7f634a\"><span class=\"ez-toc-section\" id=\"Mesures_pratiques_pour_le_changement_cultiver_le_respect_et_lunite\"><\/span><strong>Mesures pratiques pour le changement : cultiver le respect et l\u2019unit\u00e9<\/strong><span class=\"ez-toc-section-end\"><\/span><\/h2>\n\n\n\n<p>Dans un monde o\u00f9 le m\u00e9pris \u00e9clipse souvent la compassion, il est devenu urgent de favoriser le respect et l\u2019unit\u00e9. Le m\u00e9pris, qui prend racine dans des sentiments de d\u00e9dain et de sup\u00e9riorit\u00e9, nuit non seulement aux relations, mais aussi au bien-\u00eatre \u00e9motionnel et physique des individus. Pour combattre cette \u00e9motion toxique, il faut faire des efforts et s\u2019engager d\u00e9lib\u00e9r\u00e9ment \u00e0 cr\u00e9er une culture d\u2019empathie, de respect mutuel et de liens significatifs. Voici quelques mesures concr\u00e8tes que les lecteurs peuvent prendre pour cultiver le respect et l\u2019unit\u00e9 dans leur vie.<\/p>\n\n\n\n<h3 class=\"wp-block-heading has-text-color has-link-color wp-elements-87c6493309d9c3cc0eef20adcc901c27\" id=\"h-1-pratiquez-la-pleine-conscience-pour-gerer-le-stress-et-les-reactions-emotionnelles\" style=\"color:#7f634a\"><span class=\"ez-toc-section\" id=\"1_Pratiquez_la_pleine_conscience_pour_gerer_le_stress_et_les_reactions_emotionnelles\"><\/span><strong>1. Pratiquez la pleine conscience pour g\u00e9rer le stress et les r\u00e9actions \u00e9motionnelles<\/strong><span class=\"ez-toc-section-end\"><\/span><\/h3>\n\n\n\n<p>La pleine conscience est un outil puissant pour lutter contre le m\u00e9pris, car elle am\u00e9liore la conscience de soi et la r\u00e9gulation \u00e9motionnelle. En pratiquant la pleine conscience, les individus peuvent mieux comprendre leurs pens\u00e9es et leurs sentiments, ce qui leur permet de r\u00e9pondre aux situations difficiles avec empathie plut\u00f4t qu\u2019avec n\u00e9gativit\u00e9 impulsive.<\/p>\n\n\n\n<h4 class=\"wp-block-heading\" id=\"h-comment-integrer-la-pleine-conscience\"><strong>Comment int\u00e9grer la pleine conscience :<\/strong><\/h4>\n\n\n\n<ul class=\"wp-block-list\">\n<li><strong>Commencez par des exercices de respiration quotidiens :<\/strong>&nbsp;consacrez 5 \u00e0 10 minutes par jour \u00e0 vous concentrer sur votre respiration. Cette pratique simple aide \u00e0 calmer l&rsquo;esprit et \u00e0 r\u00e9duire le stress, cr\u00e9ant ainsi un espace pour des r\u00e9actions plus r\u00e9fl\u00e9chies.<\/li>\n\n\n\n<li><strong>Pratiquez l\u2019observation consciente :<\/strong>&nbsp;lorsque vous remarquez que des sentiments d\u2019irritation ou de m\u00e9pris apparaissent, faites une pause et observez vos \u00e9motions sans porter de jugement. Demandez-vous pourquoi vous ressentez cela et si votre r\u00e9action est constructive.<\/li>\n\n\n\n<li><strong>Utilisez des techniques d\u2019ancrage en cas de conflit :<\/strong>&nbsp;lors de conversations anim\u00e9es, ancrez-vous en vous concentrant sur des sensations physiques, comme vos pieds sur le sol ou votre respiration. Cela peut vous aider \u00e0 rester pr\u00e9sent et \u00e0 \u00e9viter de r\u00e9agir avec hostilit\u00e9.<\/li>\n\n\n\n<li><strong>Pratiquez la gratitude :<\/strong>&nbsp;prenez le temps chaque jour de r\u00e9fl\u00e9chir \u00e0 ce que vous appr\u00e9ciez chez les autres, m\u00eame ceux avec qui vous n\u2019\u00eates pas d\u2019accord. La gratitude d\u00e9tourne l\u2019attention de la n\u00e9gativit\u00e9 et favorise les \u00e9motions positives.<\/li>\n<\/ul>\n\n\n\n<h3 class=\"wp-block-heading has-text-color has-link-color wp-elements-9a444fe39652765f4fd69b4375f7cd02\" id=\"h-2-participez-a-des-discussions-respectueuses-en-ligne-et-hors-ligne\" style=\"color:#7f634a\"><span class=\"ez-toc-section\" id=\"2_Participez_a_des_discussions_respectueuses_en_ligne_et_hors_ligne\"><\/span><strong>2. Participez \u00e0 des discussions respectueuses en ligne et hors ligne<\/strong><span class=\"ez-toc-section-end\"><\/span><\/h3>\n\n\n\n<p>\u00c0 l\u2019\u00e8re des m\u00e9dias sociaux et des d\u00e9bats polaris\u00e9s, il est essentiel de communiquer de mani\u00e8re respectueuse pour combler les divisions et favoriser la compr\u00e9hension. Les discussions respectueuses n\u00e9cessitent une \u00e9coute active, une ouverture aux points de vue divergents et un engagement en faveur d\u2019un dialogue constructif.<\/p>\n\n\n\n<h4 class=\"wp-block-heading\" id=\"h-conseils-pour-une-communication-respectueuse\"><strong>Conseils pour une communication respectueuse :<\/strong><\/h4>\n\n\n\n<ul class=\"wp-block-list\">\n<li><strong>\u00c9coutez activement :<\/strong>&nbsp;que ce soit en ligne ou en personne, faites un effort conscient pour vraiment \u00e9couter les autres. \u00c9vitez d\u2019interrompre ou de formuler votre r\u00e9ponse pendant que l\u2019autre personne parle. Essayez plut\u00f4t de comprendre son point de vue.<\/li>\n\n\n\n<li><strong>Posez des questions de clarification :<\/strong>&nbsp;si vous n\u2019\u00eates pas d\u2019accord avec quelqu\u2019un, posez des questions pour mieux comprendre son point de vue. Cela d\u00e9montre du respect et contribue \u00e0 cr\u00e9er une conversation plus productive.<\/li>\n\n\n\n<li><strong>\u00c9vitez les attaques personnelles :<\/strong>&nbsp;concentrez-vous sur la discussion des id\u00e9es plut\u00f4t que sur la critique de la personne qui les exprime. Par exemple, au lieu de dire \u00ab Tu as tort \u00bb, essayez plut\u00f4t \u00ab Je vois les choses diff\u00e9remment parce que\u2026 \u00bb<\/li>\n\n\n\n<li><strong>Mod\u00e9rez votre ton :<\/strong>&nbsp;la mani\u00e8re dont vous dites quelque chose peut \u00eatre aussi importante que ce que vous dites. Utilisez un ton calme et respectueux, m\u00eame lorsque vous abordez des sujets controvers\u00e9s.<\/li>\n\n\n\n<li><strong>Faites des pauses si n\u00e9cessaire :<\/strong>&nbsp;si une discussion devient trop anim\u00e9e, faites une pause pour vous calmer avant de continuer. Cela permet d&rsquo;\u00e9viter les remarques m\u00e9prisantes qui peuvent aggraver les tensions.<\/li>\n<\/ul>\n\n\n\n<p>Les r\u00e9seaux sociaux pr\u00e9sentent des d\u00e9fis uniques, car l&rsquo;anonymat et le manque d&rsquo;interaction en face \u00e0 face conduisent souvent \u00e0 des comportements plus agressifs. Pour vous y retrouver :<\/p>\n\n\n\n<ul class=\"wp-block-list\">\n<li><strong>Limitez votre exposition au contenu toxique :<\/strong>&nbsp;ne suivez plus ou d\u00e9sactivez les comptes qui encouragent la n\u00e9gativit\u00e9 ou le m\u00e9pris.<\/li>\n\n\n\n<li><strong>Soyez s\u00e9lectif dans vos \u00e9changes :<\/strong>&nbsp;\u00e9vitez de vous engager dans des discussions avec des trolls ou des individus qui ne sont manifestement pas ouverts \u00e0 un dialogue constructif.<\/li>\n\n\n\n<li><strong>Soyez un mod\u00e8le de comportement positif :<\/strong>&nbsp;donnez l\u2019exemple en publiant du contenu qui favorise le respect, la compr\u00e9hension et l\u2019unit\u00e9.<\/li>\n<\/ul>\n\n\n\n<h3 class=\"wp-block-heading has-text-color has-link-color wp-elements-129f2b23ecd9fb5f5aee2e54f87e89f8\" id=\"h-3-recherchez-des-activites-communautaires-qui-favorisent-les-liens\" style=\"color:#7f634a\"><span class=\"ez-toc-section\" id=\"3_Recherchez_des_activites_communautaires_qui_favorisent_les_liens\"><\/span><strong>3. Recherchez des activit\u00e9s communautaires qui favorisent les liens<\/strong><span class=\"ez-toc-section-end\"><\/span><\/h3>\n\n\n\n<p>Cr\u00e9er des liens au sein d\u2019une communaut\u00e9 est l\u2019un des moyens les plus efficaces de lutter contre le m\u00e9pris. Les activit\u00e9s et les objectifs partag\u00e9s favorisent un sentiment d\u2019appartenance et de respect mutuel, r\u00e9duisant ainsi les sentiments d\u2019isolement et de division.<\/p>\n\n\n\n<h4 class=\"wp-block-heading\" id=\"h-idees-pour-l-engagement-communautaire\"><strong>Id\u00e9es pour l\u2019engagement communautaire :<\/strong><\/h4>\n\n\n\n<ul class=\"wp-block-list\">\n<li><strong>Rejoignez des groupes locaux :<\/strong>&nbsp;participez \u00e0 des clubs, des organisations b\u00e9n\u00e9voles ou des groupes de loisirs qui correspondent \u00e0 vos int\u00e9r\u00eats. Ces environnements offrent des opportunit\u00e9s de rencontrer des personnes d&rsquo;horizons divers et de nouer des relations bas\u00e9es sur des exp\u00e9riences partag\u00e9es.<\/li>\n\n\n\n<li><strong>Participez \u00e0 des projets de service :<\/strong>&nbsp;le b\u00e9n\u00e9volat pour des projets de service communautaire, tels que des collectes de nourriture, des nettoyages environnementaux ou des programmes de mentorat, cr\u00e9e un sentiment d&rsquo;utilit\u00e9 et de solidarit\u00e9.<\/li>\n\n\n\n<li><strong>Participez \u00e0 des \u00e9v\u00e9nements communautaires :<\/strong>&nbsp;les festivals, les ateliers et les assembl\u00e9es publiques sont d\u2019excellentes occasions d\u2019entrer en contact avec d\u2019autres personnes et d\u2019engager des conversations significatives.<\/li>\n\n\n\n<li><strong>Cr\u00e9ez des espaces s\u00fbrs :<\/strong>&nbsp;si possible, organisez des rassemblements ou des groupes de discussion qui encouragent le dialogue ouvert et le respect mutuel. \u00c9tablissez des r\u00e8gles de base pour que chacun se sente entendu et valoris\u00e9.<\/li>\n\n\n\n<li><strong>Collaborer malgr\u00e9 les diff\u00e9rences :<\/strong>&nbsp;recherchez des occasions de travailler avec des personnes ou des groupes qui ont des points de vue diff\u00e9rents. Les efforts de collaboration permettent de construire des ponts et de d\u00e9montrer que les diff\u00e9rences peuvent \u00eatre des atouts plut\u00f4t que des obstacles.<\/li>\n<\/ul>\n\n\n\n<h3 class=\"wp-block-heading has-text-color has-link-color wp-elements-c57bc485e020d89ce7ffd82656eb8a07\" id=\"h-4-favoriser-l-empathie-grace-a-des-experiences-partagees\" style=\"color:#7f634a\"><span class=\"ez-toc-section\" id=\"4_Favoriser_lempathie_grace_a_des_experiences_partagees\"><\/span><strong>4. Favoriser l\u2019empathie gr\u00e2ce \u00e0 des exp\u00e9riences partag\u00e9es<\/strong><span class=\"ez-toc-section-end\"><\/span><\/h3>\n\n\n\n<p>L\u2019empathie est la pierre angulaire du respect et de l\u2019unit\u00e9. En cherchant \u00e0 comprendre et \u00e0 partager les sentiments des autres, les individus peuvent briser les barri\u00e8res du m\u00e9pris et favoriser des liens plus profonds.<\/p>\n\n\n\n<h4 class=\"wp-block-heading\" id=\"h-facons-de-cultiver-l-empathie\"><strong>Fa\u00e7ons de cultiver l\u2019empathie :<\/strong><\/h4>\n\n\n\n<ul class=\"wp-block-list\">\n<li><strong>Pratiquez la prise de perspective :<\/strong>&nbsp;lorsque des d\u00e9saccords surviennent, mettez-vous \u00e0 la place de l&rsquo;autre personne. Tenez compte de ses exp\u00e9riences, de ses valeurs et de ses d\u00e9fis.<\/li>\n\n\n\n<li><strong>Lisez et d\u00e9couvrez les histoires des autres :<\/strong>&nbsp;les livres, les documentaires et les podcasts qui mettent en valeur des perspectives diverses peuvent \u00e9largir votre compr\u00e9hension de diff\u00e9rentes cultures, croyances et exp\u00e9riences.<\/li>\n\n\n\n<li><strong>Adoptez des actes de gentillesse :<\/strong>&nbsp;des gestes simples, comme faire un compliment ou aider un voisin, favorisent la bonne volont\u00e9 et d\u00e9montrent le respect des autres.<\/li>\n\n\n\n<li><strong>R\u00e9fl\u00e9chissez \u00e0 vos points communs :<\/strong>&nbsp;concentrez-vous sur les objectifs et les valeurs partag\u00e9s plut\u00f4t que sur les diff\u00e9rences. Cela peut aider \u00e0 recadrer les conflits de mani\u00e8re plus constructive.<\/li>\n<\/ul>\n\n\n\n<h3 class=\"wp-block-heading has-text-color has-link-color wp-elements-78ecfcd48f5e7cc0e46d8af9f341b5a7\" id=\"h-5-engagez-vous-dans-la-croissance-personnelle-et-la-responsabilite\" style=\"color:#7f634a\"><span class=\"ez-toc-section\" id=\"5_Engagez-vous_dans_la_croissance_personnelle_et_la_responsabilite\"><\/span><strong>5. Engagez-vous dans la croissance personnelle et la responsabilit\u00e9<\/strong><span class=\"ez-toc-section-end\"><\/span><\/h3>\n\n\n\n<p>Cultiver le respect et l\u2019unit\u00e9 commence par une r\u00e9flexion sur soi-m\u00eame et une volont\u00e9 de progresser. Reconnaissez vos pr\u00e9jug\u00e9s et les domaines dans lesquels le m\u00e9pris peut s\u2019immiscer dans vos interactions, et prenez des mesures proactives pour changer.<\/p>\n\n\n\n<h4 class=\"wp-block-heading\" id=\"h-etapes-pour-la-croissance-personnelle\"><strong>\u00c9tapes pour la croissance personnelle :<\/strong><\/h4>\n\n\n\n<ul class=\"wp-block-list\">\n<li><strong>R\u00e9fl\u00e9chissez \u00e0 vos actions :<\/strong>&nbsp;\u00e0 la fin de chaque journ\u00e9e, r\u00e9fl\u00e9chissez \u00e0 la fa\u00e7on dont vous avez interagi avec les autres. \u00c9tiez-vous respectueux et empathique ? Si ce n\u2019est pas le cas, r\u00e9fl\u00e9chissez \u00e0 la fa\u00e7on dont vous pourriez vous am\u00e9liorer.<\/li>\n\n\n\n<li><strong>Recherchez des commentaires :<\/strong>&nbsp;demandez \u00e0 des amis ou \u00e0 des coll\u00e8gues de confiance de vous donner un retour honn\u00eate sur votre style de communication et votre comportement.<\/li>\n\n\n\n<li><strong>Apprenez des techniques de r\u00e9solution de conflits :<\/strong>&nbsp;participez \u00e0 des ateliers ou lisez des livres sur la gestion des conflits pour d\u00e9velopper des strat\u00e9gies permettant de g\u00e9rer les d\u00e9saccords de mani\u00e8re constructive.<\/li>\n\n\n\n<li><strong>Pr\u00e9sentez vos excuses si n\u00e9cessaire :<\/strong>&nbsp;si vous avez agi avec m\u00e9pris, assumez vos responsabilit\u00e9s et pr\u00e9sentez vos excuses. Des excuses sinc\u00e8res peuvent contribuer grandement \u00e0 r\u00e9tablir la confiance et \u00e0 favoriser l&rsquo;unit\u00e9.<\/li>\n<\/ul>\n\n\n\n<h2 class=\"wp-block-heading has-text-color has-background has-link-color wp-elements-b09d474571dd77c253319ff2046aa509\" id=\"h-education-et-sensibilisation-batir-une-culture-du-respect\" style=\"color:#fefad9;background-color:#7f634a\"><span class=\"ez-toc-section\" id=\"Education_et_sensibilisation_batir_une_culture_du_respect\"><\/span><strong>\u00c9ducation et sensibilisation : b\u00e2tir une culture du respect<\/strong><span class=\"ez-toc-section-end\"><\/span><\/h2>\n\n\n\n<p>Dans un monde de plus en plus polaris\u00e9, l\u2019\u00e9ducation et la sensibilisation jouent un r\u00f4le cl\u00e9 pour promouvoir le respect mutuel et la compr\u00e9hension. En cr\u00e9ant des programmes \u00e9ducatifs qui valorisent l\u2019empathie et en d\u00e9veloppant des initiatives pour r\u00e9duire la polarisation sociale, nous pouvons esp\u00e9rer construire une soci\u00e9t\u00e9 plus inclusive et harmonieuse. La formation aux comp\u00e9tences en communication non violente s\u2019impose \u00e9galement comme un outil essentiel pour encourager des \u00e9changes constructifs.<\/p>\n\n\n\n<figure class=\"wp-block-image size-full is-resized\"><img decoding=\"async\" width=\"945\" height=\"388\" src=\"https:\/\/osteomag.ca\/wp-content\/uploads\/2025\/01\/respect.webp\" alt=\"\" class=\"wp-image-49021\" style=\"width:1068px;height:auto\" srcset=\"https:\/\/osteomag.ca\/wp-content\/uploads\/2025\/01\/respect.webp 945w, https:\/\/osteomag.ca\/wp-content\/uploads\/2025\/01\/respect-540x222.webp 540w, https:\/\/osteomag.ca\/wp-content\/uploads\/2025\/01\/respect-80x33.webp 80w, https:\/\/osteomag.ca\/wp-content\/uploads\/2025\/01\/respect-768x315.webp 768w, https:\/\/osteomag.ca\/wp-content\/uploads\/2025\/01\/respect-150x62.webp 150w, https:\/\/osteomag.ca\/wp-content\/uploads\/2025\/01\/respect-300x123.webp 300w, https:\/\/osteomag.ca\/wp-content\/uploads\/2025\/01\/respect-600x246.webp 600w, https:\/\/osteomag.ca\/wp-content\/uploads\/2025\/01\/respect-696x286.webp 696w\" sizes=\"(max-width: 945px) 100vw, 945px\" \/><\/figure>\n\n\n\n<h3 class=\"wp-block-heading has-text-color has-link-color wp-elements-cc57343acd62d0eb5cd70aabdefc9a9b\" id=\"h-programmes-educatifs-pour-sensibiliser-a-l-importance-de-l-empathie\" style=\"color:#7f634a\"><span class=\"ez-toc-section\" id=\"Programmes_educatifs_pour_sensibiliser_a_limportance_de_lempathie\"><\/span><strong>Programmes \u00e9ducatifs pour sensibiliser \u00e0 l\u2019importance de l\u2019empathie<\/strong><span class=\"ez-toc-section-end\"><\/span><\/h3>\n\n\n\n<p>L\u2019empathie, cette capacit\u00e9 \u00e0 se mettre \u00e0 la place de l\u2019autre, est une comp\u00e9tence essentielle pour favoriser le respect et la tol\u00e9rance. Elle peut \u00eatre cultiv\u00e9e d\u00e8s le plus jeune \u00e2ge gr\u00e2ce \u00e0 des programmes \u00e9ducatifs adapt\u00e9s. Ces programmes visent \u00e0 d\u00e9velopper des comp\u00e9tences sociales et \u00e9motionnelles qui renforcent la compr\u00e9hension des diff\u00e9rences.<\/p>\n\n\n\n<h4 class=\"wp-block-heading\" id=\"h-exemples-d-initiatives\">Exemples d\u2019initiatives :<\/h4>\n\n\n\n<ul class=\"wp-block-list\">\n<li><strong>Ateliers en milieu scolaire :<\/strong> Int\u00e9grer des activit\u00e9s sur l\u2019empathie dans les programmes scolaires, comme des jeux de r\u00f4le, des discussions guid\u00e9es ou des histoires interactives qui illustrent la diversit\u00e9 des exp\u00e9riences humaines.<\/li>\n\n\n\n<li><strong>Programmes de mentorat :<\/strong> Associer des \u00e9l\u00e8ves de diff\u00e9rents horizons pour travailler ensemble sur des projets communs, encourageant ainsi la collaboration et la compr\u00e9hension mutuelle.<\/li>\n\n\n\n<li><strong>Activit\u00e9s parascolaires :<\/strong> Organiser des journ\u00e9es de sensibilisation sur des th\u00e8mes comme la discrimination, l\u2019\u00e9galit\u00e9 et l\u2019acceptation des diff\u00e9rences.<\/li>\n<\/ul>\n\n\n\n<p>Ces programmes doivent \u00eatre adapt\u00e9s \u00e0 l\u2019\u00e2ge des participants et \u00eatre r\u00e9alis\u00e9s dans un environnement inclusif, o\u00f9 chacun se sent entendu et valoris\u00e9.<\/p>\n\n\n\n<h3 class=\"wp-block-heading has-text-color has-link-color wp-elements-aa7ea894ceb94fbf8a1d56ecc828b918\" id=\"h-campagnes-et-initiatives-pour-reduire-la-polarisation-sociale\" style=\"color:#7f634a\"><span class=\"ez-toc-section\" id=\"Campagnes_et_initiatives_pour_reduire_la_polarisation_sociale\"><\/span><strong>Campagnes et initiatives pour r\u00e9duire la polarisation sociale<\/strong><span class=\"ez-toc-section-end\"><\/span><\/h3>\n\n\n\n<p>R\u00e9duire la polarisation sociale n\u2019est pas une t\u00e2che simple, mais certaines campagnes et initiatives se sont distingu\u00e9es par leur succ\u00e8s. Ces projets partagent un objectif commun : cr\u00e9er des espaces de dialogue, encourager l\u2019\u00e9coute active et d\u00e9construire les pr\u00e9jug\u00e9s.<\/p>\n\n\n\n<h4 class=\"wp-block-heading\" id=\"h-exemples-inspirants\">Exemples inspirants :<\/h4>\n\n\n\n<p><strong>1. \u00ab Living Library \u00bb (\u00ab Biblioth\u00e8que Vivante \u00bb) :<\/strong> <\/p>\n\n\n\n<p>Une initiative internationale o\u00f9 les gens peuvent \u00ab emprunter \u00bb une personne \u00e0 la place d\u2019un livre. Chaque \u00ab livre humain \u00bb partage son histoire personnelle, souvent marqu\u00e9e par des exp\u00e9riences uniques, des luttes ou des victoires qui refl\u00e8tent des enjeux sociaux importants. Les participants peuvent poser des questions dans un cadre respectueux et ouvert, facilitant des \u00e9changes authentiques et une compr\u00e9hension plus profonde des perspectives diff\u00e9rentes. Cette initiative favorise non seulement l\u2019empathie et la curiosit\u00e9, mais \u00e9galement la d\u00e9construction des pr\u00e9jug\u00e9s en cr\u00e9ant un espace o\u00f9 les individus apprennent \u00e0 voir au-del\u00e0 des apparences et des st\u00e9r\u00e9otypes. Les \u00ab biblioth\u00e8ques vivantes \u00bb se sont tenues dans des contextes vari\u00e9s \u2014 festivals, \u00e9coles, entreprises \u2014, et ont touch\u00e9 des milliers de personnes \u00e0 travers le monde.<\/p>\n\n\n\n<figure class=\"wp-block-image size-full is-resized\"><img decoding=\"async\" width=\"700\" height=\"303\" src=\"https:\/\/osteomag.ca\/wp-content\/uploads\/2025\/01\/visuel_bibliotheque_vivante.webp\" alt=\"\" class=\"wp-image-49023\" style=\"width:1068px;height:auto\" srcset=\"https:\/\/osteomag.ca\/wp-content\/uploads\/2025\/01\/visuel_bibliotheque_vivante.webp 700w, https:\/\/osteomag.ca\/wp-content\/uploads\/2025\/01\/visuel_bibliotheque_vivante-540x234.webp 540w, https:\/\/osteomag.ca\/wp-content\/uploads\/2025\/01\/visuel_bibliotheque_vivante-80x35.webp 80w, https:\/\/osteomag.ca\/wp-content\/uploads\/2025\/01\/visuel_bibliotheque_vivante-150x65.webp 150w, https:\/\/osteomag.ca\/wp-content\/uploads\/2025\/01\/visuel_bibliotheque_vivante-300x130.webp 300w, https:\/\/osteomag.ca\/wp-content\/uploads\/2025\/01\/visuel_bibliotheque_vivante-600x260.webp 600w, https:\/\/osteomag.ca\/wp-content\/uploads\/2025\/01\/visuel_bibliotheque_vivante-696x301.webp 696w\" sizes=\"(max-width: 700px) 100vw, 700px\" \/><\/figure>\n\n\n\n<hr class=\"wp-block-separator has-alpha-channel-opacity\"\/>\n\n\n\n<p><strong>2. Campagnes m\u00e9diatiques : <\/strong><\/p>\n\n\n\n<p>Des campagnes comme \u00ab Love Has No Labels \u00bb, qui utilise des vid\u00e9os virales pour illustrer que l\u2019amour et la compr\u00e9hension transcendent les diff\u00e9rences visibles. Cette campagne m\u00e9diatique repose sur des images poignantes montrant des personnes de divers horizons partageant des moments d\u2019intimit\u00e9, d\u2019amiti\u00e9 et de solidarit\u00e9. Les vid\u00e9os mettent en lumi\u00e8re les liens invisibles qui unissent les individus, tout en d\u00e9fiant les st\u00e9r\u00e9otypes et les jugements rapides. Par des messages \u00e9mouvants et des sc\u00e9narios accessibles, \u00ab Love Has No Labels \u00bb incite les spectateurs \u00e0 r\u00e9fl\u00e9chir \u00e0 leurs propres biais implicites et \u00e0 embrasser une vision plus inclusive de la soci\u00e9t\u00e9.<\/p>\n\n\n\n<hr class=\"wp-block-separator has-alpha-channel-opacity\"\/>\n\n\n\n<p><strong>3.<\/strong> <strong>Projets communautaires :<\/strong> <\/p>\n\n\n\n<p>Cr\u00e9ation de forums locaux o\u00f9 les membres de la communaut\u00e9 peuvent discuter de sujets sensibles dans un cadre respectueux, souvent anim\u00e9s par des facilitateurs form\u00e9s.<\/p>\n\n\n\n<p>Ces initiatives montrent que m\u00eame dans des contextes tendus, il est possible de rapprocher les individus en encourageant la compr\u00e9hension mutuelle.<\/p>\n\n\n\n<hr class=\"wp-block-separator has-alpha-channel-opacity\"\/>\n\n\n\n<p><strong>Dialogues Interreligieux :<\/strong> Des organisations comme Religions for Peace organisent des rencontres o\u00f9 des personnes de diff\u00e9rentes confessions et croyances partagent leurs exp\u00e9riences et travaillent ensemble sur des projets communautaires. Ces dialogues permettent de r\u00e9duire les malentendus et de promouvoir la tol\u00e9rance interreligieuse.<\/p>\n\n\n\n<figure class=\"wp-block-image size-full is-resized\"><img decoding=\"async\" width=\"900\" height=\"650\" src=\"https:\/\/osteomag.ca\/wp-content\/uploads\/2025\/01\/comment-reunir.webp\" alt=\"\" class=\"wp-image-49032\" style=\"width:1068px;height:auto\" srcset=\"https:\/\/osteomag.ca\/wp-content\/uploads\/2025\/01\/comment-reunir.webp 900w, https:\/\/osteomag.ca\/wp-content\/uploads\/2025\/01\/comment-reunir-540x390.webp 540w, https:\/\/osteomag.ca\/wp-content\/uploads\/2025\/01\/comment-reunir-80x58.webp 80w, https:\/\/osteomag.ca\/wp-content\/uploads\/2025\/01\/comment-reunir-768x555.webp 768w, https:\/\/osteomag.ca\/wp-content\/uploads\/2025\/01\/comment-reunir-582x420.webp 582w, https:\/\/osteomag.ca\/wp-content\/uploads\/2025\/01\/comment-reunir-150x108.webp 150w, https:\/\/osteomag.ca\/wp-content\/uploads\/2025\/01\/comment-reunir-300x217.webp 300w, https:\/\/osteomag.ca\/wp-content\/uploads\/2025\/01\/comment-reunir-600x433.webp 600w, https:\/\/osteomag.ca\/wp-content\/uploads\/2025\/01\/comment-reunir-696x503.webp 696w, https:\/\/osteomag.ca\/wp-content\/uploads\/2025\/01\/comment-reunir-324x235.webp 324w\" sizes=\"(max-width: 900px) 100vw, 900px\" \/><\/figure>\n\n\n\n<hr class=\"wp-block-separator has-alpha-channel-opacity\"\/>\n\n\n\n<p><strong>Projets artistiques communautaires :<\/strong> Des initiatives telles que les fresques murales collaboratives ou les th\u00e9\u00e2tres interactifs offrent aux communaut\u00e9s bien plus qu&rsquo;un simple moyen d\u2019exprimer leurs histoires : elles deviennent des outils puissants de coh\u00e9sion sociale. Les fresques murales, r\u00e9alis\u00e9es par des artistes locaux et des membres de la communaut\u00e9, permettent de refl\u00e9ter l\u2019identit\u00e9 collective, les luttes communes et les aspirations partag\u00e9es. Ce processus collaboratif favorise la discussion et l\u2019\u00e9change entre des individus qui, autrement, pourraient ne jamais se rencontrer.<\/p>\n\n\n\n<p>Quant aux th\u00e9\u00e2tres interactifs, ils offrent un espace unique o\u00f9 les participants peuvent jouer des r\u00f4les diff\u00e9rents pour explorer des perspectives vari\u00e9es, souvent sur des sujets sensibles comme les conflits interg\u00e9n\u00e9rationnels ou la discrimination. Ces repr\u00e9sentations, souvent suivies de d\u00e9bats ou de discussions, permettent d\u2019aborder des th\u00e8mes difficiles de mani\u00e8re cr\u00e9ative et empathique. Par l\u2019art, les gens peuvent se connecter au-del\u00e0 des mots, exprimer des \u00e9motions profondes et cr\u00e9er des ponts entre des diff\u00e9rences parfois per\u00e7ues comme insurmontables.<\/p>\n\n\n\n<hr class=\"wp-block-separator has-alpha-channel-opacity\"\/>\n\n\n\n<p><strong>Programmes de jumelage culturel :<\/strong> Des initiatives o\u00f9 des familles ou des individus de diff\u00e9rentes cultures sont jumel\u00e9s pour partager des repas, des activit\u00e9s ou des traditions. Cela favorise des relations personnelles et une compr\u00e9hension mutuelle directe.<\/p>\n\n\n\n<h3 class=\"wp-block-heading has-text-color has-link-color wp-elements-3e5b1e06e03ac375cf8beb29063f2354\" id=\"h-formation-aux-competences-en-communication-non-violente\" style=\"color:#7f634a\"><span class=\"ez-toc-section\" id=\"Formation_aux_competences_en_communication_non_violente\"><\/span><strong>Formation aux comp\u00e9tences en communication non violente<\/strong><span class=\"ez-toc-section-end\"><\/span><\/h3>\n\n\n\n<p>La communication non violente (CNV), d\u00e9velopp\u00e9e par Marshall Rosenberg, est une approche puissante pour d\u00e9samorcer les conflits et am\u00e9liorer les interactions humaines. La CNV repose sur quatre \u00e9tapes cl\u00e9s :<\/p>\n\n\n\n<ol start=\"1\" class=\"wp-block-list\">\n<li><strong>Observer sans juger :<\/strong> Identifier les faits sans les interpr\u00e9ter.<\/li>\n\n\n\n<li><strong>Exprimer ses sentiments :<\/strong> Partager ce que l\u2019on ressent de mani\u00e8re honn\u00eate et ouverte.<\/li>\n\n\n\n<li><strong>Identifier ses besoins :<\/strong> Exprimer les besoins sous-jacents \u00e0 ces sentiments.<\/li>\n\n\n\n<li><strong>Formuler une demande claire :<\/strong> Proposer une action concr\u00e8te pour r\u00e9pondre \u00e0 ces besoins.<\/li>\n<\/ol>\n\n\n\n<figure class=\"wp-block-embed is-type-video is-provider-youtube wp-block-embed-youtube wp-embed-aspect-4-3 wp-has-aspect-ratio\"><div class=\"wp-block-embed__wrapper\">\n<div class=\"youtube-embed\" data-video_id=\"2JhgLf_UO2I\"><iframe title=\"Marshall Rosenberg : \u00e9duquer sans re\u0301compense, ni punition - Communication Non Violente #cnv\" width=\"696\" height=\"522\" src=\"https:\/\/www.youtube.com\/embed\/2JhgLf_UO2I?feature=oembed&#038;enablejsapi=1\" frameborder=\"0\" allow=\"accelerometer; autoplay; clipboard-write; encrypted-media; gyroscope; picture-in-picture; web-share\" referrerpolicy=\"strict-origin-when-cross-origin\" allowfullscreen><\/iframe><\/div>\n<\/div><\/figure>\n\n\n\n<h4 class=\"wp-block-heading\" id=\"h-integration-dans-les-programmes\">Int\u00e9gration dans les programmes :<\/h4>\n\n\n\n<ul class=\"wp-block-list\">\n<li><strong>Formations professionnelles :<\/strong> Enseigner la CNV aux enseignants, aux gestionnaires et aux leaders communautaires pour qu\u2019ils puissent cr\u00e9er des environnements respectueux.<\/li>\n\n\n\n<li><strong>Ateliers pour familles :<\/strong> Offrir des s\u00e9minaires de CNV aux parents et enfants pour renforcer les relations familiales.<\/li>\n\n\n\n<li><strong>Modules en entreprise :<\/strong> R\u00e9duire les tensions au travail en formant les \u00e9quipes \u00e0 des comp\u00e9tences de communication respectueuses.<\/li>\n<\/ul>\n\n\n\n<h2 class=\"wp-block-heading has-text-color has-background has-link-color wp-elements-ab8bc1801929aea4bf0d20cd29ca2774\" id=\"h-perspective-osteopathique-le-corps-comme-reflet-des-tensions-societales\" style=\"color:#fefad9;background-color:#7f634a\"><span class=\"ez-toc-section\" id=\"Perspective_osteopathique_le_corps_comme_reflet_des_tensions_societales\"><\/span><strong>Perspective ost\u00e9opathique : le corps comme reflet des tensions soci\u00e9tales<\/strong><span class=\"ez-toc-section-end\"><\/span><\/h2>\n\n\n\n<p>Dans un monde en constante \u00e9volution, les tensions sociales et \u00e9motionnelles sont omnipr\u00e9sentes. Elles p\u00e8sent sur les individus, influen\u00e7ant leur sant\u00e9 physique et mentale. L&rsquo;ost\u00e9opathie, discipline holistique, offre une perspective unique sur ces probl\u00e9matiques, en traitant le corps comme un miroir des tensions soci\u00e9tales. Cette approche permet non seulement de soulager les sympt\u00f4mes physiques, mais aussi de contribuer \u00e0 une meilleure adaptation face aux pressions ext\u00e9rieures.<\/p>\n\n\n\n<h3 class=\"wp-block-heading has-text-color has-link-color wp-elements-677f1ef403b025235ce0df067af8d21d\" id=\"h-les-tensions-sociales-et-emotionnelles-leurs-manifestations-physiques\" style=\"color:#7f634a\"><span class=\"ez-toc-section\" id=\"Les_tensions_sociales_et_emotionnelles_leurs_manifestations_physiques\"><\/span><strong>Les tensions sociales et \u00e9motionnelles : leurs manifestations physiques<\/strong><span class=\"ez-toc-section-end\"><\/span><\/h3>\n\n\n\n<p>Les tensions sociales, qu&rsquo;elles proviennent de conflits, d&rsquo;injustices ou de pressions \u00e9conomiques, cr\u00e9ent un terrain fertile pour le stress chronique. Ce dernier se traduit par une hyperactivation du syst\u00e8me nerveux autonome, en particulier du syst\u00e8me sympathique, entra\u00eenant des r\u00e9percussions somatiques vari\u00e9es.<\/p>\n\n\n\n<p>L&rsquo;accumulation de stress peut provoquer des douleurs musculosquelettiques, des troubles digestifs, des tensions musculaires ou encore des perturbations du sommeil. Les \u00e9motions, telles que la peur ou la col\u00e8re, se traduisent souvent par des blocages physiques. Par exemple, une posture ferm\u00e9e peut r\u00e9v\u00e9ler une sensation d&rsquo;ins\u00e9curit\u00e9, tandis qu&rsquo;une respiration superficielle refl\u00e8te une anxi\u00e9t\u00e9 latente.<\/p>\n\n\n\n<h3 class=\"wp-block-heading has-text-color has-link-color wp-elements-1007cea2cedd42e9e5d9675cd4e8a207\" id=\"h-le-role-de-l-osteopathie-face-aux-tensions-societales\" style=\"color:#7f634a\"><span class=\"ez-toc-section\" id=\"Le_role_de_losteopathie_face_aux_tensions_societales\"><\/span><strong>Le r\u00f4le de l&rsquo;ost\u00e9opathie face aux tensions soci\u00e9tales<\/strong><span class=\"ez-toc-section-end\"><\/span><\/h3>\n\n\n\n<p>L&rsquo;ost\u00e9opathie repose sur le principe de l&rsquo;interconnexion entre le corps, l&rsquo;esprit et l&rsquo;environnement. Lorsque ces \u00e9quilibres sont perturb\u00e9s, des dysfonctionnements apparaissent. L&rsquo;ost\u00e9opathe, en tant qu&rsquo;expert de l&rsquo;hom\u00e9ostasie corporelle, peut jouer un r\u00f4le cl\u00e9 pour restaurer cet \u00e9quilibre.<\/p>\n\n\n\n<h3 class=\"wp-block-heading has-text-color has-link-color wp-elements-200be4ca4126abf52e6084b5b1aa0a17\" id=\"h-approches-cles-de-l-osteopathie\" style=\"color:#7f634a\"><span class=\"ez-toc-section\" id=\"Approches_cles_de_losteopathie\"><\/span><strong>Approches cl\u00e9s de l&rsquo;ost\u00e9opathie<\/strong><span class=\"ez-toc-section-end\"><\/span><\/h3>\n\n\n\n<ol start=\"1\" class=\"wp-block-list\">\n<li><strong>L\u2019\u00e9valuation globale :<\/strong> L\u2019ost\u00e9opathe analyse les sch\u00e9mas de tensions corporelles en lien avec l\u2019exp\u00e9rience de vie du patient. Une posture asym\u00e9trique ou un mouvement limit\u00e9 peuvent r\u00e9v\u00e9ler des m\u00e9canismes de compensation face \u00e0 un stress prolong\u00e9.<\/li>\n\n\n\n<li class=\"has-black-color has-white-background-color has-text-color has-background has-link-color wp-elements-9c480708dc6a1fcb27c4ba4e34e20c1b\"><strong>Techniques adapt\u00e9es :<\/strong> Les techniques ost\u00e9opathiques, qu\u2019elles soient structurelles, visc\u00e9rales ou cr\u00e2niennes, permettent de lib\u00e9rer les restrictions et d\u2019am\u00e9liorer les fonctions physiologiques. Par exemple, des techniques cr\u00e2niennes peuvent r\u00e9duire les effets d&rsquo;un stress chronique en apaisant le syst\u00e8me nerveux.<\/li>\n\n\n\n<li><strong>Accompagnement individualis\u00e9 :<\/strong> L\u2019ost\u00e9opathie ne se limite pas au traitement physique. Elle offre une prise en charge personnalis\u00e9e en tenant compte des aspects psychosociaux du patient, en l\u2019aidant \u00e0 comprendre et \u00e0 g\u00e9rer les facteurs sous-jacents \u00e0 ses tensions.<\/li>\n<\/ol>\n\n\n\n<h3 class=\"wp-block-heading has-text-color has-link-color wp-elements-554aa399a7142114e7256df99989932a\" id=\"h-exemples-pratiques-et-etudes-de-cas\" style=\"color:#7f634a\"><span class=\"ez-toc-section\" id=\"Exemples_pratiques_et_etudes_de_cas\"><\/span><strong>Exemples pratiques et \u00e9tudes de cas<\/strong><span class=\"ez-toc-section-end\"><\/span><\/h3>\n\n\n\n<h4 class=\"wp-block-heading has-text-color has-link-color wp-elements-f2b2cea45688be58e193fe982a9e79a5\" id=\"h-cas-1-le-stress-professionnel-et-ses-impacts-physiques\" style=\"color:#7f634a\"><strong>Cas 1 : Le stress professionnel et ses impacts physiques<\/strong><\/h4>\n\n\n\n<p>Un cadre de 45 ans consulte pour des douleurs cervicales et lombaires chroniques, accompagn\u00e9es de migraines r\u00e9currentes. L\u2019analyse ost\u00e9opathique r\u00e9v\u00e8le une posture en hyperextension dorsale due \u00e0 de longues heures de travail devant un ordinateur et \u00e0 une surcharge \u00e9motionnelle.<\/p>\n\n\n\n<p>L&rsquo;ost\u00e9opathe applique des techniques structurelles pour lib\u00e9rer les tensions musculaires, ainsi que des manipulations cr\u00e2niennes pour r\u00e9guler le syst\u00e8me nerveux. Le patient rapporte une r\u00e9duction notable de ses douleurs et une meilleure capacit\u00e9 \u00e0 g\u00e9rer son stress.<\/p>\n\n\n\n<h4 class=\"wp-block-heading has-text-color has-link-color wp-elements-72ed23abe0ac661d54da8483dc2d3e84\" id=\"h-cas-2-les-consequences-d-une-pression-sociale-constante\" style=\"color:#7f634a\"><strong>Cas 2 : Les cons\u00e9quences d\u2019une pression sociale constante<\/strong><\/h4>\n\n\n\n<p>Une \u00e9tudiante de 22 ans souffrant de troubles digestifs et de douleurs thoraciques consulte suite \u00e0 des difficult\u00e9s \u00e0 l\u2019universit\u00e9. Les investigations r\u00e9v\u00e8lent un diaphragme contract\u00e9 et une restriction des mouvements costaux, refl\u00e9tant une respiration bloqu\u00e9e par l\u2019anxi\u00e9t\u00e9.<\/p>\n\n\n\n<p>Des techniques visc\u00e9rales et myofasciales sont utilis\u00e9es pour restaurer la mobilit\u00e9 du diaphragme, combin\u00e9es \u00e0 un travail cr\u00e2nien pour calmer les r\u00e9actions de stress. L&rsquo;\u00e9tudiante observe une am\u00e9lioration de ses sympt\u00f4mes physiques et une augmentation de son \u00e9nergie.<\/p>\n\n\n\n<h4 class=\"wp-block-heading has-text-color has-link-color wp-elements-57f20c791d1e9050beceed84cc4d4c2a\" id=\"h-cas-3-l-impact-des-conflits-familiaux-sur-le-corps\" style=\"color:#7f634a\"><strong>Cas 3 : L\u2019impact des conflits familiaux sur le corps<\/strong><\/h4>\n\n\n\n<p>Un homme de 38 ans consulte pour des douleurs abdominales r\u00e9currentes associ\u00e9es \u00e0 des troubles du sommeil. L\u2019histoire du patient r\u00e9v\u00e8le un contexte de conflit familial prolong\u00e9.<\/p>\n\n\n\n<p>L\u2019approche ost\u00e9opathique combine un travail sur les visc\u00e8res, pour r\u00e9guler les tensions li\u00e9es au syst\u00e8me digestif, avec des manipulations sur le bassin pour am\u00e9liorer la mobilit\u00e9 globale. L\u2019homme constate une diminution de ses douleurs et une am\u00e9lioration de son sommeil.<\/p>\n\n\n\n<h2 class=\"wp-block-heading has-text-color has-background has-link-color wp-elements-6bd7850634de4283449e4a46160dbe2d\" id=\"h-conclusion\" style=\"color:#fefad9;background-color:#7f634a\"><span class=\"ez-toc-section\" id=\"Conclusion\"><\/span><strong>Conclusion<\/strong><span class=\"ez-toc-section-end\"><\/span><\/h2>\n\n\n\n<p>Pour b\u00e2tir une soci\u00e9t\u00e9 plus saine, il faut commencer par reconna\u00eetre le lien profond qui existe entre le bien-\u00eatre individuel et la sant\u00e9 collective de nos communaut\u00e9s. En favorisant l\u2019empathie, le respect et la connexion, nous ouvrons la voie \u00e0 un changement significatif. La question demeure : comment pouvons-nous, dans notre vie quotidienne, contribuer activement \u00e0 cr\u00e9er un monde plus respectueux et plus solidaire ?<\/p>\n","protected":false},"excerpt":{"rendered":"<p>Introduction : Le pouvoir du m\u00e9pris dans la soci\u00e9t\u00e9 moderne Si la division sociale est souvent abord\u00e9e dans des contextes politiques et culturels, son impact profond sur notre sant\u00e9 \u2013 tant individuelle que collective \u2013 m\u00e9rite une attention particuli\u00e8re. Cet article vise \u00e0 \u00e9tablir un lien entre les domaines de la sociologie, de la psychologie [&hellip;]<\/p>\n","protected":false},"author":1,"featured_media":48952,"comment_status":"closed","ping_status":"closed","sticky":false,"template":"","format":"standard","meta":{"tdm_status":"","tdm_grid_status":"","iawp_total_views":1,"footnotes":""},"categories":[749,748],"tags":[],"class_list":{"0":"post-48995","1":"post","2":"type-post","3":"status-publish","4":"format-standard","5":"has-post-thumbnail","7":"category-coherence-societale-bien-etre","8":"category-mepris-division-sociale-sante"},"_links":{"self":[{"href":"https:\/\/osteomag.ca\/fr\/wp-json\/wp\/v2\/posts\/48995","targetHints":{"allow":["GET"]}}],"collection":[{"href":"https:\/\/osteomag.ca\/fr\/wp-json\/wp\/v2\/posts"}],"about":[{"href":"https:\/\/osteomag.ca\/fr\/wp-json\/wp\/v2\/types\/post"}],"author":[{"embeddable":true,"href":"https:\/\/osteomag.ca\/fr\/wp-json\/wp\/v2\/users\/1"}],"replies":[{"embeddable":true,"href":"https:\/\/osteomag.ca\/fr\/wp-json\/wp\/v2\/comments?post=48995"}],"version-history":[{"count":1,"href":"https:\/\/osteomag.ca\/fr\/wp-json\/wp\/v2\/posts\/48995\/revisions"}],"predecessor-version":[{"id":55780,"href":"https:\/\/osteomag.ca\/fr\/wp-json\/wp\/v2\/posts\/48995\/revisions\/55780"}],"wp:featuredmedia":[{"embeddable":true,"href":"https:\/\/osteomag.ca\/fr\/wp-json\/wp\/v2\/media\/48952"}],"wp:attachment":[{"href":"https:\/\/osteomag.ca\/fr\/wp-json\/wp\/v2\/media?parent=48995"}],"wp:term":[{"taxonomy":"category","embeddable":true,"href":"https:\/\/osteomag.ca\/fr\/wp-json\/wp\/v2\/categories?post=48995"},{"taxonomy":"post_tag","embeddable":true,"href":"https:\/\/osteomag.ca\/fr\/wp-json\/wp\/v2\/tags?post=48995"}],"curies":[{"name":"wp","href":"https:\/\/api.w.org\/{rel}","templated":true}]}}