{"id":5514,"date":"2019-04-12T16:04:45","date_gmt":"2019-04-12T20:04:45","guid":{"rendered":"http:\/\/osteopathiepourvous.com\/?p=5514"},"modified":"2026-02-18T01:09:03","modified_gmt":"2026-02-18T06:09:03","slug":"capsulite-retractile-de-lepaule","status":"publish","type":"post","link":"https:\/\/osteomag.ca\/fr\/capsulite-retractile-de-lepaule\/","title":{"rendered":"Capsulite r\u00e9tractile de l&rsquo;\u00e9paule"},"content":{"rendered":"<div id=\"ez-toc-container\" class=\"ez-toc-v2_0_82_2 counter-hierarchy ez-toc-counter ez-toc-custom ez-toc-container-direction\">\n<div class=\"ez-toc-title-container\">\n<p class=\"ez-toc-title\" style=\"cursor:inherit\">Table des mati\u00e8res<\/p>\n<span class=\"ez-toc-title-toggle\"><a href=\"#\" class=\"ez-toc-pull-right ez-toc-btn ez-toc-btn-xs ez-toc-btn-default ez-toc-toggle\" aria-label=\"Toggle Table of Content\"><span class=\"ez-toc-js-icon-con\"><span class=\"\"><span class=\"eztoc-hide\" style=\"display:none;\">Toggle<\/span><span class=\"ez-toc-icon-toggle-span\"><svg style=\"fill: #000000;color:#000000\" xmlns=\"http:\/\/www.w3.org\/2000\/svg\" class=\"list-377408\" width=\"20px\" height=\"20px\" viewBox=\"0 0 24 24\" fill=\"none\"><path d=\"M6 6H4v2h2V6zm14 0H8v2h12V6zM4 11h2v2H4v-2zm16 0H8v2h12v-2zM4 16h2v2H4v-2zm16 0H8v2h12v-2z\" fill=\"currentColor\"><\/path><\/svg><svg style=\"fill: #000000;color:#000000\" class=\"arrow-unsorted-368013\" xmlns=\"http:\/\/www.w3.org\/2000\/svg\" width=\"10px\" height=\"10px\" viewBox=\"0 0 24 24\" version=\"1.2\" baseProfile=\"tiny\"><path d=\"M18.2 9.3l-6.2-6.3-6.2 6.3c-.2.2-.3.4-.3.7s.1.5.3.7c.2.2.4.3.7.3h11c.3 0 .5-.1.7-.3.2-.2.3-.5.3-.7s-.1-.5-.3-.7zM5.8 14.7l6.2 6.3 6.2-6.3c.2-.2.3-.5.3-.7s-.1-.5-.3-.7c-.2-.2-.4-.3-.7-.3h-11c-.3 0-.5.1-.7.3-.2.2-.3.5-.3.7s.1.5.3.7z\"\/><\/svg><\/span><\/span><\/span><\/a><\/span><\/div>\n<nav><ul class='ez-toc-list ez-toc-list-level-1 eztoc-toggle-hide-by-default' ><li class='ez-toc-page-1 ez-toc-heading-level-2'><a class=\"ez-toc-link ez-toc-heading-1\" href=\"https:\/\/osteomag.ca\/fr\/capsulite-retractile-de-lepaule\/#Introduction\" >Introduction<\/a><\/li><li class='ez-toc-page-1 ez-toc-heading-level-2'><a class=\"ez-toc-link ez-toc-heading-2\" href=\"https:\/\/osteomag.ca\/fr\/capsulite-retractile-de-lepaule\/#Contexte_historique_de_la_capsulite_retractile\" >Contexte historique de la capsulite r\u00e9tractile<\/a><\/li><li class='ez-toc-page-1 ez-toc-heading-level-2'><a class=\"ez-toc-link ez-toc-heading-3\" href=\"https:\/\/osteomag.ca\/fr\/capsulite-retractile-de-lepaule\/#Epaule_gelee_vs_capsulite_retractile\" >\u00c9paule gel\u00e9e vs capsulite r\u00e9tractile<\/a><\/li><li class='ez-toc-page-1 ez-toc-heading-level-2'><a class=\"ez-toc-link ez-toc-heading-4\" href=\"https:\/\/osteomag.ca\/fr\/capsulite-retractile-de-lepaule\/#Epaules_arrondies\" >\u00c9paules arrondies<\/a><\/li><li class='ez-toc-page-1 ez-toc-heading-level-2'><a class=\"ez-toc-link ez-toc-heading-5\" href=\"https:\/\/osteomag.ca\/fr\/capsulite-retractile-de-lepaule\/#Pathophysiologie_de_la_capsulite_retractile_de_lepaule\" >Pathophysiologie de la capsulite r\u00e9tractile de l&rsquo;\u00e9paule<\/a><\/li><li class='ez-toc-page-1 ez-toc-heading-level-2'><a class=\"ez-toc-link ez-toc-heading-6\" href=\"https:\/\/osteomag.ca\/fr\/capsulite-retractile-de-lepaule\/#Facteurs_a_risque\" >Facteurs \u00e0 risque<\/a><\/li><li class='ez-toc-page-1 ez-toc-heading-level-2'><a class=\"ez-toc-link ez-toc-heading-7\" href=\"https:\/\/osteomag.ca\/fr\/capsulite-retractile-de-lepaule\/#Stages_et_symptomes_de_la_Capsulite_retractile_de_lepaule\" >Stages et sympt\u00f4mes de la Capsulite r\u00e9tractile de l&rsquo;\u00e9paule<\/a><\/li><li class='ez-toc-page-1 ez-toc-heading-level-2'><a class=\"ez-toc-link ez-toc-heading-8\" href=\"https:\/\/osteomag.ca\/fr\/capsulite-retractile-de-lepaule\/#Limitations_fonctionnelles\" >Limitations fonctionnelles<\/a><\/li><li class='ez-toc-page-1 ez-toc-heading-level-2'><a class=\"ez-toc-link ez-toc-heading-9\" href=\"https:\/\/osteomag.ca\/fr\/capsulite-retractile-de-lepaule\/#Le_Cycle_Vicieux_de_la_Capsulite_Adhesive_LEvolution_dune_Douleur_Persistante\" >Le Cycle Vicieux de la Capsulite Adh\u00e9sive : L&rsquo;\u00c9volution d&rsquo;une Douleur Persistante<\/a><\/li><li class='ez-toc-page-1 ez-toc-heading-level-2'><a class=\"ez-toc-link ez-toc-heading-10\" href=\"https:\/\/osteomag.ca\/fr\/capsulite-retractile-de-lepaule\/#Biomecanique_de_la_capsulite_retractile\" >Biom\u00e9canique de la capsulite r\u00e9tractile<\/a><\/li><li class='ez-toc-page-1 ez-toc-heading-level-2'><a class=\"ez-toc-link ez-toc-heading-11\" href=\"https:\/\/osteomag.ca\/fr\/capsulite-retractile-de-lepaule\/#Compensation_que_lepaule_doit_faire_pour_lever_le_bras_avec_une_Capsulite_retractile_de_lepaule\" >Compensation que l&rsquo;\u00e9paule doit faire pour lever le bras avec une Capsulite r\u00e9tractile de l&rsquo;\u00e9paule<\/a><\/li><li class='ez-toc-page-1 ez-toc-heading-level-2'><a class=\"ez-toc-link ez-toc-heading-12\" href=\"https:\/\/osteomag.ca\/fr\/capsulite-retractile-de-lepaule\/#Une_Journee_dans_la_Vie_dune_Personne_Souffrant_dAdhesive_Capsulite\" >Une Journ\u00e9e dans la Vie d\u2019une Personne Souffrant d\u2019Adh\u00e9sive Capsulite<\/a><\/li><li class='ez-toc-page-1 ez-toc-heading-level-2'><a class=\"ez-toc-link ez-toc-heading-13\" href=\"https:\/\/osteomag.ca\/fr\/capsulite-retractile-de-lepaule\/#Diagnostic_differentiel_de_la_Capsulite_retractile_de_lepaule\" >Diagnostic diff\u00e9rentiel de la Capsulite r\u00e9tractile de l&rsquo;\u00e9paule<\/a><\/li><li class='ez-toc-page-1 ez-toc-heading-level-2'><a class=\"ez-toc-link ez-toc-heading-14\" href=\"https:\/\/osteomag.ca\/fr\/capsulite-retractile-de-lepaule\/#Traitement_de_la_Capsulite_retractile_de_lepaule\" >Traitement de la Capsulite r\u00e9tractile de l&rsquo;\u00e9paule<\/a><ul class='ez-toc-list-level-3' ><li class='ez-toc-heading-level-3'><a class=\"ez-toc-link ez-toc-heading-15\" href=\"https:\/\/osteomag.ca\/fr\/capsulite-retractile-de-lepaule\/#Relache_myofascial\" >Rel\u00e2che myofascial<\/a><\/li><li class='ez-toc-page-1 ez-toc-heading-level-3'><a class=\"ez-toc-link ez-toc-heading-16\" href=\"https:\/\/osteomag.ca\/fr\/capsulite-retractile-de-lepaule\/#Manipulation\" >Manipulation<\/a><\/li><\/ul><\/li><li class='ez-toc-page-1 ez-toc-heading-level-2'><a class=\"ez-toc-link ez-toc-heading-17\" href=\"https:\/\/osteomag.ca\/fr\/capsulite-retractile-de-lepaule\/#Etirement_et_exercice_de_la_Capsulite_retractile_de_lepaule\" >\u00c9tirement et exercice de la Capsulite r\u00e9tractile de l&rsquo;\u00e9paule<\/a><\/li><li class='ez-toc-page-1 ez-toc-heading-level-2'><a class=\"ez-toc-link ez-toc-heading-18\" href=\"https:\/\/osteomag.ca\/fr\/capsulite-retractile-de-lepaule\/#Conclusion\" >Conclusion<\/a><\/li><li class='ez-toc-page-1 ez-toc-heading-level-2'><a class=\"ez-toc-link ez-toc-heading-19\" href=\"https:\/\/osteomag.ca\/fr\/capsulite-retractile-de-lepaule\/#Quizz\" >Quizz<\/a><\/li><li class='ez-toc-page-1 ez-toc-heading-level-2'><a class=\"ez-toc-link ez-toc-heading-20\" href=\"https:\/\/osteomag.ca\/fr\/capsulite-retractile-de-lepaule\/#Questionnaire_1\" >Questionnaire 1<\/a><\/li><li class='ez-toc-page-1 ez-toc-heading-level-2'><a class=\"ez-toc-link ez-toc-heading-21\" href=\"https:\/\/osteomag.ca\/fr\/capsulite-retractile-de-lepaule\/#References\" >R\u00e9f\u00e9rences<\/a><\/li><li class='ez-toc-page-1 ez-toc-heading-level-2'><a class=\"ez-toc-link ez-toc-heading-22\" href=\"https:\/\/osteomag.ca\/fr\/capsulite-retractile-de-lepaule\/#i\" >&nbsp;<\/a><\/li><\/ul><\/nav><\/div>\n\n<h2 class=\"wp-block-heading has-white-color has-vivid-cyan-blue-to-vivid-purple-gradient-background has-text-color has-background has-link-color wp-elements-3b3927bbce0edd9d789f1988a94a55d1\"><span class=\"ez-toc-section\" id=\"Introduction\"><\/span>Introduction<span class=\"ez-toc-section-end\"><\/span><\/h2>\n\n\n\n<p>La capsulite r\u00e9tractile de l&rsquo;\u00e9paule, connue sous le nom populaire d&rsquo;\u00e9paule gel\u00e9e, repr\u00e9sente une condition douloureuse et limitante affectant l&rsquo;articulation de l&rsquo;\u00e9paule. Son caract\u00e8re distinctif r\u00e9side dans l&rsquo;inflammation et l&rsquo;\u00e9paississement de la capsule articulaire, un tissu qui entoure l&rsquo;articulation et contribue \u00e0 maintenir la t\u00eate de l&rsquo;hum\u00e9rus en place dans la cavit\u00e9 de l&rsquo;\u00e9paule.<\/p>\n\n\n\n<p>L&rsquo;articulation de l&rsquo;\u00e9paule est l&rsquo;une des articulations les plus mobiles du corps, permettant une gamme \u00e9tendue de mouvements. La capsule articulaire est un \u00e9l\u00e9ment cl\u00e9 de cette articulation, agissant comme un enveloppement protecteur qui soutient la stabilit\u00e9 tout en facilitant la mobilit\u00e9. Cependant, lorsqu&rsquo;une inflammation survient, la capsule peut subir un \u00e9paississement et se contracter, entra\u00eenant la capsulite r\u00e9tractile.<\/p>\n\n\n\n<p>Les sympt\u00f4mes de la capsulite r\u00e9tractile se manifestent progressivement et peuvent \u00eatre divis\u00e9s en deux principales caract\u00e9ristiques : la douleur et la perte de mouvement. Les individus atteints de cette condition ressentent souvent une douleur croissante, qui peut \u00eatre particuli\u00e8rement intense pendant la nuit. Cette douleur peut interf\u00e9rer avec le sommeil et contribuer \u00e0 une diminution de la qualit\u00e9 de vie. En parall\u00e8le, la raideur de l&rsquo;\u00e9paule devient apparente, entra\u00eenant une perte significative de la mobilit\u00e9. Les mouvements normaux, tels que lever le bras ou atteindre derri\u00e8re le dos, deviennent difficiles voire impossibles.<\/p>\n\n\n\n<p>Historiquement, la capsulite r\u00e9tractile a \u00e9t\u00e9 \u00e9tudi\u00e9e \u00e0 travers la litt\u00e9rature m\u00e9dicale et les observations cliniques. Les premi\u00e8res r\u00e9f\u00e9rences \u00e0 cette condition remontent \u00e0 des d\u00e9cennies, avec des descriptions de patients pr\u00e9sentant une perte progressive de mouvement et une douleur persistante \u00e0 l&rsquo;\u00e9paule. Au fil des ann\u00e9es, la compr\u00e9hension de la capsulite r\u00e9tractile s&rsquo;est approfondie gr\u00e2ce \u00e0 la recherche m\u00e9dicale, \u00e9tablissant des liens entre les facteurs de risque et les m\u00e9canismes sous-jacents de la maladie.<\/p>\n\n\n\n<p>Bien que les causes exactes de la capsulite r\u00e9tractile ne soient pas toujours claires, plusieurs facteurs de risque ont \u00e9t\u00e9 identifi\u00e9s. Les individus diab\u00e9tiques, par exemple, pr\u00e9sentent un risque accru de d\u00e9velopper une \u00e9paule gel\u00e9e. Des blessures, des interventions chirurgicales ant\u00e9rieures, ou des p\u00e9riodes prolong\u00e9es d&rsquo;immobilisation de l&rsquo;\u00e9paule peuvent \u00e9galement contribuer au d\u00e9veloppement de cette condition.<\/p>\n\n\n\n<p>Le traitement de la capsulite r\u00e9tractile vise g\u00e9n\u00e9ralement \u00e0 soulager la douleur et \u00e0 restaurer la mobilit\u00e9. Les approches peuvent inclure des m\u00e9dicaments anti-inflammatoires, des s\u00e9ances d&rsquo;ost\u00e9opathie pour am\u00e9liorer la flexibilit\u00e9, et dans certains cas, des interventions m\u00e9dicales plus invasives. L&rsquo;\u00e9volution de la maladie peut varier d&rsquo;un individu \u00e0 l&rsquo;autre, mais avec un traitement appropri\u00e9, la plupart des personnes atteintes de capsulite r\u00e9tractile r\u00e9cup\u00e8rent progressivement leur mobilit\u00e9 et r\u00e9duisent la douleur.<\/p>\n\n\n\n<p>Ainsi, la capsulite r\u00e9tractile de l&rsquo;\u00e9paule, ou \u00e9paule gel\u00e9e, est une condition douloureuse caract\u00e9ris\u00e9e par une inflammation et un \u00e9paississement de la capsule articulaire. Son histoire, riche en observations cliniques et en recherches m\u00e9dicales, a contribu\u00e9 \u00e0 \u00e9largir notre compr\u00e9hension de cette maladie. Bien que la capsulite r\u00e9tractile puisse pr\u00e9senter des d\u00e9fis, des options de traitement existent pour soulager la douleur et restaurer la mobilit\u00e9, offrant ainsi un espoir de r\u00e9cup\u00e9ration pour ceux qui en sont affect\u00e9s.<\/p>\n\n\n\n<figure class=\"wp-block-embed is-type-video is-provider-youtube wp-block-embed-youtube wp-embed-aspect-16-9 wp-has-aspect-ratio\"><div class=\"wp-block-embed__wrapper\">\n<div class=\"youtube-embed\" data-video_id=\"V7ca-suqtVU\"><iframe title=\"SOIGNER LA CAPSULITE RETRACTILE : EXPLICATIONS ET EXERCICES\" width=\"696\" height=\"392\" src=\"https:\/\/www.youtube.com\/embed\/V7ca-suqtVU?feature=oembed&#038;enablejsapi=1\" frameborder=\"0\" allow=\"accelerometer; autoplay; clipboard-write; encrypted-media; gyroscope; picture-in-picture; web-share\" referrerpolicy=\"strict-origin-when-cross-origin\" allowfullscreen><\/iframe><\/div>\n<\/div><\/figure>\n\n\n\n<h2 class=\"wp-block-heading has-white-color has-vivid-cyan-blue-to-vivid-purple-gradient-background has-text-color has-background has-link-color wp-elements-1e4bfb6d3aaedb68bdd97536aee5a0e8\"><span class=\"ez-toc-section\" id=\"Contexte_historique_de_la_capsulite_retractile\"><\/span>Contexte historique de la capsulite r\u00e9tractile<span class=\"ez-toc-section-end\"><\/span><\/h2>\n\n\n\n<ol class=\"wp-block-list\">\n<li><strong>Observations Pr\u00e9coces :<\/strong>\n<ul class=\"wp-block-list\">\n<li>La condition a probablement \u00e9t\u00e9 pr\u00e9sente tout au long de l&rsquo;histoire, mais sa reconnaissance et sa description formelles ont commenc\u00e9 \u00e0 prendre forme au d\u00e9but du XXe si\u00e8cle.<\/li>\n\n\n\n<li>Les m\u00e9decins ont remarqu\u00e9 des patients pr\u00e9sentant une raideur de l&rsquo;\u00e9paule et une amplitude de mouvement limit\u00e9e, mais le terme \u00ab\u00a0capsulite r\u00e9tractile\u00a0\u00bb n&rsquo;avait pas encore \u00e9t\u00e9 cr\u00e9\u00e9.<\/li>\n<\/ul>\n<\/li>\n\n\n\n<li><strong>Ernest Codman (1934) :<\/strong>\n<ul class=\"wp-block-list\">\n<li>Ernest Amory Codman, un chirurgien orthop\u00e9dique am\u00e9ricain, est souvent cr\u00e9dit\u00e9 de l&rsquo;une des premi\u00e8res descriptions formelles de l&rsquo;\u00e9paule gel\u00e9e.<\/li>\n\n\n\n<li>Dans sa publication de 1934 \u00ab\u00a0The Shoulder: Rupture of the Supraspinatus Tendon and Other Lesions in or About the Subacromial Bursa\u00a0\u00bb, Codman d\u00e9taille des cas de ce que l&rsquo;on reconna\u00eet maintenant comme une capsulite r\u00e9tractile.<\/li>\n<\/ul>\n<\/li>\n\n\n\n<li><strong>\u00c9volution de la Terminologie :<\/strong>\n<ul class=\"wp-block-list\">\n<li>Le terme \u00ab\u00a0capsulite r\u00e9tractile\u00a0\u00bb a \u00e9t\u00e9 largement accept\u00e9 pour d\u00e9crire la condition, mettant l&rsquo;accent sur l&rsquo;inflammation et les adh\u00e9rences dans la capsule articulaire de l&rsquo;\u00e9paule.<\/li>\n\n\n\n<li>La condition a \u00e9t\u00e9 diff\u00e9renci\u00e9e d&rsquo;autres troubles de l&rsquo;\u00e9paule pr\u00e9sentant des sympt\u00f4mes similaires.<\/li>\n<\/ul>\n<\/li>\n\n\n\n<li><strong>Julius Nevasier (1945) :<\/strong>\n<ul class=\"wp-block-list\">\n<li>Julius Nevasier, un chirurgien am\u00e9ricain, est parfois associ\u00e9 \u00e0 l&rsquo;identification et \u00e0 la d\u00e9nomination de la capsulite r\u00e9tractile en 1945.<\/li>\n\n\n\n<li>Son travail s&rsquo;est concentr\u00e9 sur la reconnaissance du processus inflammatoire chronique conduisant \u00e0 l&rsquo;\u00e9paississement et \u00e0 la contracture de la capsule de l&rsquo;\u00e9paule.<\/li>\n<\/ul>\n<\/li>\n\n\n\n<li><strong>Avanc\u00e9es dans la Compr\u00e9hension (XXe Si\u00e8cle) :<\/strong>\n<ul class=\"wp-block-list\">\n<li>Tout au long du XXe si\u00e8cle, les professionnels de la sant\u00e9 ont continu\u00e9 \u00e0 affiner leur compr\u00e9hension de la capsulite r\u00e9tractile.<\/li>\n\n\n\n<li>La recherche a explor\u00e9 les causes sous-jacentes, les facteurs de risque et les approches de traitement optimales pour g\u00e9rer la condition.<\/li>\n<\/ul>\n<\/li>\n\n\n\n<li><strong>Perspective Contemporaine (XXIe Si\u00e8cle) :<\/strong>\n<ul class=\"wp-block-list\">\n<li>La capsulite r\u00e9tractile reste une condition difficile \u00e0 g\u00e9rer, et la recherche se poursuit pour explorer sa physiopathologie, les facteurs contributifs et les interventions efficaces.<\/li>\n\n\n\n<li>Les approches de traitement peuvent inclure l&rsquo;ost\u00e9opathie, les m\u00e9dicaments anti-inflammatoires, les injections de corticost\u00e9ro\u00efdes et, dans les cas graves, une intervention chirurgicale.<\/li>\n<\/ul>\n<\/li>\n<\/ol>\n\n\n\n<p>La capsulite r\u00e9tractile, parfois d\u00e9sign\u00e9e sous le nom de capsulite adh\u00e9sive, a \u00e9t\u00e9 initialement document\u00e9e par le chirurgien Ernest Codman en 1934 dans un article majeur intitul\u00e9 \u00ab\u00a0The Shoulder: Rupture of the Supraspinatus Tendon and Other Lesions in or About the Subacromial Bursa\u00a0\u00bb. Ce fut une contribution significative qui jetait les bases de la compr\u00e9hension m\u00e9dicale de cette condition complexe.<\/p>\n\n\n\n<p>La capsulite r\u00e9tractile se caract\u00e9rise par une inflammation chronique de la capsule de l&rsquo;\u00e9paule, une structure essentielle pour le bon fonctionnement de l&rsquo;articulation de l&rsquo;\u00e9paule. Cette inflammation conduit \u00e0 un \u00e9paississement progressif et \u00e0 une contracture de la capsule, limitant s\u00e9v\u00e8rement la mobilit\u00e9 de l&rsquo;\u00e9paule. Ernest Codman a \u00e9t\u00e9 parmi les premiers \u00e0 examiner et \u00e0 d\u00e9crire en d\u00e9tail cette affection, fournissant ainsi des informations cruciales qui ont depuis guid\u00e9 la recherche et les interventions m\u00e9dicales.<\/p>\n\n\n\n<p>La r\u00e9f\u00e9rence initiale de Codman a jet\u00e9 les bases pour d&rsquo;autres \u00e9tudes et recherches approfondies sur la capsulite r\u00e9tractile. Les efforts ult\u00e9rieurs ont permis de mieux comprendre les m\u00e9canismes sous-jacents de la maladie, les facteurs de risque associ\u00e9s et les diverses approches de traitement disponibles.<\/p>\n\n\n\n<p>La reconnaissance pr\u00e9coce de la capsulite r\u00e9tractile est cruciale, car elle peut consid\u00e9rablement am\u00e9liorer les r\u00e9sultats du traitement. Les sympt\u00f4mes comprennent g\u00e9n\u00e9ralement une douleur persistante, une raideur et une perte progressive de la mobilit\u00e9 de l&rsquo;\u00e9paule. Les approches de traitement varient, allant de la physioth\u00e9rapie et des m\u00e9dicaments anti-inflammatoires aux proc\u00e9dures plus invasives dans certains cas.<\/p>\n\n\n\n<p>Ainsi, gr\u00e2ce aux contributions pionni\u00e8res d&rsquo;Ernest Codman, la capsulite r\u00e9tractile a \u00e9t\u00e9 inscrite dans la litt\u00e9rature m\u00e9dicale, facilitant une meilleure compr\u00e9hension de cette condition et ouvrant la voie \u00e0 des strat\u00e9gies de prise en charge plus efficaces pour ceux qui en souffrent. La recherche continue dans ce domaine vise \u00e0 perfectionner les interventions et \u00e0 am\u00e9liorer la qualit\u00e9 de vie des individus confront\u00e9s \u00e0 cette affection douloureuse de l&rsquo;\u00e9paule.<\/p>\n\n\n\n<div class=\"wp-block-columns is-layout-flex wp-container-core-columns-is-layout-9d6595d7 wp-block-columns-is-layout-flex\">\n<div class=\"wp-block-column is-layout-flow wp-block-column-is-layout-flow\"><div class=\"wp-block-image is-resized\">\n<figure class=\"aligncenter size-full\"><img decoding=\"async\" width=\"200\" height=\"272\" src=\"http:\/\/osteomag.ca\/wp-content\/uploads\/2022\/01\/Ernest_Amory_Codman.webp\" alt=\"\" class=\"wp-image-22134\" style=\"width:413px;height:auto\" srcset=\"https:\/\/osteomag.ca\/wp-content\/uploads\/2022\/01\/Ernest_Amory_Codman.webp 200w, https:\/\/osteomag.ca\/wp-content\/uploads\/2022\/01\/Ernest_Amory_Codman-59x80.webp 59w\" sizes=\"(max-width: 200px) 100vw, 200px\" \/><figcaption class=\"wp-element-caption\"><strong>Ernest Amory Codman, 1869-1940:  <\/strong>Ernest Amory Codman (1869-1940) est une figure historique majeure dans le domaine de la chirurgie orthop\u00e9dique, ayant fait des contributions essentielles \u00e0 l&rsquo;\u00e9tude des affections de l&rsquo;\u00e9paule, y compris la capsulite adh\u00e9sive (\u00e9paule gel\u00e9e). Codman est particuli\u00e8rement connu pour avoir d\u00e9velopp\u00e9 le concept de l&rsquo;\u00e9paule douloureuse, un terme qui englobe plusieurs pathologies de l&rsquo;\u00e9paule, y compris les l\u00e9sions de la coiffe des rotateurs et la capsulite adh\u00e9sive.Il a mis en avant l&rsquo;importance d&rsquo;une documentation rigoureuse des r\u00e9sultats chirurgicaux et a \u00e9t\u00e9 un fervent d\u00e9fenseur du suivi des patients pour comprendre les r\u00e9sultats \u00e0 long terme des interventions chirurgicales. Ce concept, qu&rsquo;il appelait \u00ab\u00a0le dossier de fin de cas\u00a0\u00bb (end result idea), a pos\u00e9 les bases des syst\u00e8mes modernes d&rsquo;audit m\u00e9dical.En ce qui concerne la capsulite adh\u00e9sive, bien que Codman n&rsquo;ait pas invent\u00e9 le terme, ses travaux sur les affections de l&rsquo;\u00e9paule ont largement contribu\u00e9 \u00e0 la compr\u00e9hension de la perte de mobilit\u00e9 et de la douleur associ\u00e9es \u00e0 cette condition. Sa capacit\u00e9 \u00e0 observer et \u00e0 documenter les complications des affections de l&rsquo;\u00e9paule, ainsi que ses efforts pour am\u00e9liorer les r\u00e9sultats des traitements, en ont fait un pionnier de la chirurgie orthop\u00e9dique et de la gestion des troubles de l&rsquo;\u00e9paule.<\/figcaption><\/figure>\n<\/div><\/div>\n\n\n\n<div class=\"wp-block-column is-layout-flow wp-block-column-is-layout-flow\"><div class=\"wp-block-image is-resized\">\n<figure class=\"aligncenter size-medium\"><img decoding=\"async\" width=\"298\" height=\"405\" src=\"http:\/\/osteomag.ca\/wp-content\/uploads\/2022\/01\/2022-01-05_17-32-44-298x405.webp\" alt=\"\" class=\"wp-image-22138\" style=\"width:422px;height:auto\" srcset=\"https:\/\/osteomag.ca\/wp-content\/uploads\/2022\/01\/2022-01-05_17-32-44-298x405.webp 298w, https:\/\/osteomag.ca\/wp-content\/uploads\/2022\/01\/2022-01-05_17-32-44-59x80.webp 59w, https:\/\/osteomag.ca\/wp-content\/uploads\/2022\/01\/2022-01-05_17-32-44-309x420.webp 309w, https:\/\/osteomag.ca\/wp-content\/uploads\/2022\/01\/2022-01-05_17-32-44.webp 468w\" sizes=\"(max-width: 298px) 100vw, 298px\" \/><figcaption class=\"wp-element-caption\"><em><strong>The Shoulder: Rupture of the Supraspinatus Tendon and Other Lesions In or About the Subacromial Bursa<\/strong><\/em>&nbsp;L&rsquo;\u00e9paule&nbsp;: rupture du tendon sus-\u00e9pineux et autres l\u00e9sions dans ou autour de la bourse sous-acromiale (1934)<\/figcaption><\/figure>\n<\/div><\/div>\n<\/div>\n\n\n\n<p>En 1944, Julius Nevasier a marqu\u00e9 un jalon crucial dans la compr\u00e9hension des troubles de l&rsquo;\u00e9paule en identifiant un processus inflammatoire chronique menant \u00e0 un \u00e9paississement et \u00e0 une contracture sp\u00e9cifique de la capsule articulaire de l&rsquo;\u00e9paule. Ce ph\u00e9nom\u00e8ne, qui r\u00e9sulte en l&rsquo;adh\u00e9rence de la capsule \u00e0 la t\u00eate hum\u00e9rale, a \u00e9t\u00e9 nomm\u00e9 \u00ab capsulite r\u00e9tractile \u00bb par Nevasier, \u00e9tablissant ainsi une terminologie distinctive pour cette condition.<\/p>\n\n\n\n<p>La capsulite r\u00e9tractile est caract\u00e9ris\u00e9e par une s\u00e9rie de changements pathologiques dans la capsule articulaire, le tissu entourant l&rsquo;articulation de l&rsquo;\u00e9paule. Ce processus inflammatoire chronique entra\u00eene un \u00e9paississement progressif de la capsule, limitant sa capacit\u00e9 \u00e0 s&rsquo;\u00e9tirer normalement. Parall\u00e8lement, des adh\u00e9rences se forment, entra\u00eenant une contracture de la capsule, ce qui, \u00e0 son tour, restreint consid\u00e9rablement la mobilit\u00e9 de l&rsquo;\u00e9paule.<\/p>\n\n\n\n<p>Le terme \u00ab capsulite r\u00e9tractile \u00bb refl\u00e8te \u00e0 la fois la nature de la condition et son impact sur la mobilit\u00e9 articulaire. Il s&rsquo;agit d&rsquo;une affection douloureuse qui peut rendre les mouvements de l&rsquo;\u00e9paule difficiles voire impossibles. Les individus atteints de capsulite r\u00e9tractile peuvent \u00e9prouver une douleur intense, en particulier la nuit, et faire face \u00e0 une perte significative de la flexibilit\u00e9 de l&rsquo;\u00e9paule.<\/p>\n\n\n\n<p>L&rsquo;identification de ce processus par Julius Nevasier a jet\u00e9 les bases de la compr\u00e9hension moderne de la capsulite r\u00e9tractile, ou \u00e9paule gel\u00e9e, guidant la recherche m\u00e9dicale et les efforts pour d\u00e9velopper des approches de traitement visant \u00e0 soulager la douleur et \u00e0 restaurer la mobilit\u00e9 pour les personnes affect\u00e9es par cette condition.<\/p>\n\n\n<div class=\"wp-block-image is-resized\">\n<figure class=\"aligncenter size-full\"><img decoding=\"async\" width=\"194\" height=\"259\" src=\"http:\/\/osteomag.ca\/wp-content\/uploads\/2022\/01\/download-27.webp\" alt=\"\" class=\"wp-image-22140\" style=\"width:352px;height:auto\" srcset=\"https:\/\/osteomag.ca\/wp-content\/uploads\/2022\/01\/download-27.webp 194w, https:\/\/osteomag.ca\/wp-content\/uploads\/2022\/01\/download-27-60x80.webp 60w\" sizes=\"(max-width: 194px) 100vw, 194px\" \/><figcaption class=\"wp-element-caption\"><strong>Julius Salem Neviaser, 1902-1980<\/strong>: <strong>Julius S. Neviaser<\/strong> (1902-1980) est une figure cl\u00e9 dans l&rsquo;\u00e9tude de la <strong>capsulite adh\u00e9sive<\/strong> (ou \u00e9paule gel\u00e9e). En 1945, il a \u00e9t\u00e9 le premier \u00e0 introduire le terme \u00ab\u00a0capsulite adh\u00e9sive\u00a0\u00bb pour d\u00e9crire la pathologie caract\u00e9ris\u00e9e par une inflammation et un \u00e9paississement de la capsule articulaire de l&rsquo;\u00e9paule, entra\u00eenant une perte de mobilit\u00e9 et une douleur chronique.<br>Neviaser a identifi\u00e9 cette condition comme un probl\u00e8me distinct, la diff\u00e9renciant d&rsquo;autres troubles de l&rsquo;\u00e9paule. Il a d\u00e9crit en d\u00e9tail les \u00e9tapes de la progression de la capsulite adh\u00e9sive, incluant la phase initiale de douleur, suivie de la raideur articulaire, puis la phase de r\u00e9cup\u00e9ration, qui peut durer plusieurs mois voire des ann\u00e9es.<br>Ses travaux ont jet\u00e9 les bases de la compr\u00e9hension moderne de cette pathologie et ont ouvert la voie \u00e0 de nombreuses recherches sur les traitements non chirurgicaux, comme la th\u00e9rapie physique et les techniques d&rsquo;injection. Les contributions de Neviaser \u00e0 l&rsquo;orthop\u00e9die et \u00e0 l&rsquo;\u00e9tude de la capsulite adh\u00e9sive ont permis d&rsquo;am\u00e9liorer la gestion clinique de cette affection invalidante, en soulignant l&rsquo;importance d&rsquo;une intervention pr\u00e9coce pour \u00e9viter les complications li\u00e9es \u00e0 l&rsquo;immobilit\u00e9 prolong\u00e9e.<br><br><br>4o<br><br><br><br><br><br><br><br><br><\/figcaption><\/figure>\n<\/div>\n\n\n<p>La douleur persistante dans l&rsquo;\u00e9paule, perturbant le sommeil et rendant les t\u00e2ches quotidiennes laborieuses, peut avoir des implications significatives sur la qualit\u00e9 de vie. Lorsqu&rsquo;elle atteint un stade avanc\u00e9, les probl\u00e8mes d&rsquo;\u00e9paule peuvent persister non seulement pendant des mois, mais parfois m\u00eame des ann\u00e9es. Cette r\u00e9alit\u00e9 d\u00e9licate a \u00e9t\u00e9 mise en lumi\u00e8re par Simmons, Travel et Simons en 1999 (604-605), soulignant la nature chronique et souvent d\u00e9bilitante de ces affections.<\/p>\n\n\n\n<p>La douleur constante peut influer sur le bien-\u00eatre \u00e9motionnel, alt\u00e9rant le sommeil et entra\u00eenant une fatigue persistante. La capacit\u00e9 \u00e0 effectuer des activit\u00e9s quotidiennes, qu&rsquo;il s&rsquo;agisse de t\u00e2ches m\u00e9nag\u00e8res simples ou de responsabilit\u00e9s professionnelles, peut \u00eatre gravement compromise, affectant la productivit\u00e9 et le bien-\u00eatre g\u00e9n\u00e9ral.<\/p>\n\n\n\n<p>Il est imp\u00e9ratif de comprendre ces probl\u00e8mes d&rsquo;\u00e9paule non seulement du point de vue de la douleur physique, mais \u00e9galement en reconnaissant l&rsquo;impact profond qu&rsquo;ils peuvent avoir sur la qualit\u00e9 de vie globale. Les traitements appropri\u00e9s et une prise en charge adapt\u00e9e sont essentiels pour att\u00e9nuer la douleur, restaurer la fonction et am\u00e9liorer la qualit\u00e9 de vie des individus confront\u00e9s \u00e0 ces d\u00e9fis chroniques de l&rsquo;\u00e9paule.<\/p>\n\n\n<div class=\"wp-block-image is-resized\">\n<figure class=\"aligncenter size-medium\"><img decoding=\"async\" width=\"295\" height=\"405\" src=\"http:\/\/osteomag.ca\/wp-content\/uploads\/2022\/01\/2020-03-29_19-21-43-295x405.webp\" alt=\"\" class=\"wp-image-22150\" style=\"width:531px;height:auto\" srcset=\"https:\/\/osteomag.ca\/wp-content\/uploads\/2022\/01\/2020-03-29_19-21-43-295x405.webp 295w, https:\/\/osteomag.ca\/wp-content\/uploads\/2022\/01\/2020-03-29_19-21-43-58x80.webp 58w, https:\/\/osteomag.ca\/wp-content\/uploads\/2022\/01\/2020-03-29_19-21-43-306x420.webp 306w, https:\/\/osteomag.ca\/wp-content\/uploads\/2022\/01\/2020-03-29_19-21-43.webp 364w\" sizes=\"(max-width: 295px) 100vw, 295px\" \/><figcaption class=\"wp-element-caption\"><strong>Janet G. Travell (1901-1997)<\/strong>: <strong>Janet Travell<\/strong>, bien connue pour ses travaux pionniers sur les <strong>points g\u00e2chettes<\/strong> (trigger points) et la <strong>douleur myofasciale<\/strong>, a \u00e9galement contribu\u00e9 \u00e0 la compr\u00e9hension de la <strong>capsulite adh\u00e9sive<\/strong> ou \u00e9paule gel\u00e9e. Travell a d\u00e9couvert que les points g\u00e2chettes dans certains muscles, tels que le <strong>sous-scapulaire<\/strong>, le <strong>supra-\u00e9pineux<\/strong> et d&rsquo;autres muscles autour de l&rsquo;\u00e9paule, pouvaient d\u00e9clencher des douleurs r\u00e9f\u00e9r\u00e9es et aggraver la rigidit\u00e9 articulaire de l&rsquo;\u00e9paule.<br>Ses recherches ont mis en lumi\u00e8re que le traitement des points g\u00e2chettes, par des techniques de rel\u00e2chement manuel et des injections de proca\u00efne, pouvait soulager efficacement la douleur et restaurer la mobilit\u00e9 dans des conditions comme la capsulite adh\u00e9sive. Elle a d\u00e9montr\u00e9 que les patients avec des points g\u00e2chettes actifs dans les muscles de la coiffe des rotateurs avaient souvent des limitations de mouvement, et en rel\u00e2chant ces points, on pouvait briser le cycle de douleur et d&rsquo;immobilit\u00e9.<br>L&rsquo;approche de Janet Travell a ouvert la voie \u00e0 des traitements plus pr\u00e9cis et efficaces pour les personnes souffrant de douleurs chroniques et de restrictions articulaires, comme celles observ\u00e9es dans la capsulite adh\u00e9sive.<\/figcaption><\/figure>\n<\/div>\n\n\n<p class=\"has-text-align-left\">En 1992, Au cours d\u2019un symposium parrain\u00e9 par l\u2019acad\u00e9mie am\u00e9ricaine d\u2019orthop\u00e9die et de chirurgiens orthop\u00e9diques, un comit\u00e9 d\u2019atelier a d\u00e9fini l\u2019\u00e9paule gel\u00e9e comme une condition d\u2019\u00e9tiologie incertaine caract\u00e9ris\u00e9e par une restriction importante du mouvement de l\u2019\u00e9paule actif et passif qui se produit en l\u2019absence d\u2019un trouble intr\u00e9sique connu. Nous avons utilis\u00e9 le terme \u00e9paule gel\u00e9e pour d\u00e9crire l\u2019\u00e9tat idiopathique.<\/p>\n\n\n\n<p class=\"has-white-color has-vivid-cyan-blue-background-color has-text-color has-background\" style=\"font-size:16px\"><em>Pour mieux comprendre la source des sympt\u00f4mes \u201cd\u2019\u00e9paule gel\u00e9e\u201d, deux probl\u00e8mes sont examin\u00e9s: la <strong>capsulite r\u00e9tractile<\/strong> et les <strong>points d\u00e9clencheurs myofasciaux<\/strong>.<\/em>                    <em>Simmons, Travel et Simons 1999, 604-605<\/em><\/p>\n\n\n\n<p>Les muscles sous scapulaire et supra \u00e9pineux sont en majeur partie responsable du blocage de l\u2019\u00e9paule gel\u00e9e. En servant de l\u2019approche du point gachette (trigger point), il est possible d\u2019acc\u00e9l\u00e9rer le processus de gu\u00e9rison.<\/p>\n\n\n<div class=\"wp-block-image is-resized\">\n<figure class=\"aligncenter size-medium\"><img decoding=\"async\" width=\"540\" height=\"290\" src=\"http:\/\/osteomag.ca\/wp-content\/uploads\/2022\/01\/2020-03-29_19-38-56-540x290.webp\" alt=\"\" class=\"wp-image-22152\" style=\"width:640px;height:auto\" srcset=\"https:\/\/osteomag.ca\/wp-content\/uploads\/2022\/01\/2020-03-29_19-38-56-540x290.webp 540w, https:\/\/osteomag.ca\/wp-content\/uploads\/2022\/01\/2020-03-29_19-38-56-80x43.webp 80w, https:\/\/osteomag.ca\/wp-content\/uploads\/2022\/01\/2020-03-29_19-38-56-696x373.webp 696w, https:\/\/osteomag.ca\/wp-content\/uploads\/2022\/01\/2020-03-29_19-38-56.webp 705w\" sizes=\"(max-width: 540px) 100vw, 540px\" \/><figcaption class=\"wp-element-caption\">L&rsquo;image illustre le lien entre les muscles, tels que le <strong>sous-scapulaire<\/strong> et le <strong>supra-\u00e9pineux<\/strong>, et leur r\u00f4le dans le d\u00e9veloppement de l&rsquo;<strong>\u00e9paule gel\u00e9e<\/strong> (capsulite adh\u00e9sive). Ces muscles jouent un r\u00f4le cl\u00e9 dans le mouvement et la stabilisation de l&rsquo;\u00e9paule. Lorsque ces muscles d\u00e9veloppent des points g\u00e2chettes (trigger points), ils peuvent causer des douleurs intenses et limiter la mobilit\u00e9 de l&rsquo;\u00e9paule, contribuant ainsi au blocage caract\u00e9ristique de l&rsquo;\u00e9paule gel\u00e9e.<br>En utilisant l&rsquo;approche des <strong>points g\u00e2chettes<\/strong>, il est possible de cibler les zones de tension musculaire pour rel\u00e2cher ces points et ainsi am\u00e9liorer la mobilit\u00e9 de l&rsquo;\u00e9paule. Les points g\u00e2chettes dans le sous-scapulaire, par exemple, peuvent provoquer des douleurs qui se r\u00e9f\u00e8rent \u00e0 l&rsquo;avant et \u00e0 l&rsquo;arri\u00e8re de l&rsquo;\u00e9paule et irradient parfois dans le bras, comme illustr\u00e9 sur l&rsquo;image. Le traitement de ces points par pression manuelle ou d&rsquo;autres techniques th\u00e9rapeutiques peut consid\u00e9rablement <strong>acc\u00e9l\u00e9rer le processus de gu\u00e9rison<\/strong>, en r\u00e9duisant la douleur et en restaurant la fonction articulaire.<br>L&rsquo;approche ost\u00e9opathique combin\u00e9e aux techniques des points g\u00e2chettes permet ainsi de traiter efficacement les restrictions dues \u00e0 la capsulite adh\u00e9sive, en favorisant une r\u00e9cup\u00e9ration plus rapide et une meilleure amplitude de mouvement.<\/figcaption><\/figure>\n<\/div>\n\n\n<h2 class=\"wp-block-heading has-white-color has-vivid-cyan-blue-to-vivid-purple-gradient-background has-text-color has-background has-link-color wp-elements-23ffad1a98efb9822221cc5ec6e45e99\" id=\"\u00c9paule-gel\u00e9e\"><span class=\"ez-toc-section\" id=\"Epaule_gelee_vs_capsulite_retractile\"><\/span>\u00c9paule gel\u00e9e vs capsulite r\u00e9tractile<span class=\"ez-toc-section-end\"><\/span><\/h2>\n\n\n\n<p><br>\u00ab\u00a0\u00c9paule gel\u00e9e\u00a0\u00bb et \u00ab\u00a0capsulite r\u00e9tractile\u00a0\u00bb sont deux termes souvent utilis\u00e9s en fran\u00e7ais pour d\u00e9crire des probl\u00e8mes d&rsquo;\u00e9paule distincts, bien que parfois ils soient utilis\u00e9s de mani\u00e8re interchangeable. Cependant, il y a des diff\u00e9rences subtiles entre les deux termes.<\/p>\n\n\n\n<ol class=\"wp-block-list\">\n<li><strong>\u00c9paule gel\u00e9e (Frozen Shoulder) :<\/strong>\n<ul class=\"wp-block-list\">\n<li>L&rsquo;\u00e9paule gel\u00e9e est un terme g\u00e9n\u00e9ral qui fait r\u00e9f\u00e9rence \u00e0 une \u00e9paule qui devient douloureuse et perd progressivement sa mobilit\u00e9.<\/li>\n\n\n\n<li>Les sympt\u00f4mes de l&rsquo;\u00e9paule gel\u00e9e comprennent la douleur, la raideur et une diminution de la mobilit\u00e9 de l&rsquo;\u00e9paule.<\/li>\n\n\n\n<li>Ce probl\u00e8me peut \u00eatre d\u00fb \u00e0 diverses causes, y compris une inflammation, des blessures, ou une immobilisation prolong\u00e9e.<\/li>\n<\/ul>\n<\/li>\n\n\n\n<li><strong>Capsulite r\u00e9tractile (Adhesive Capsulitis) :<\/strong>\n<ul class=\"wp-block-list\">\n<li>La capsulite r\u00e9tractile est un type sp\u00e9cifique d&rsquo;\u00e9paule gel\u00e9e caract\u00e9ris\u00e9 par une inflammation de la capsule articulaire de l&rsquo;\u00e9paule, ce qui entra\u00eene une diminution significative de la mobilit\u00e9.<\/li>\n\n\n\n<li>Dans la capsulite r\u00e9tractile, la capsule entourant l&rsquo;articulation de l&rsquo;\u00e9paule devient \u00e9paissie et resserr\u00e9e, limitant le mouvement de l&rsquo;\u00e9paule.<\/li>\n\n\n\n<li>Les causes de la capsulite r\u00e9tractile ne sont pas toujours claires, mais des facteurs tels que des blessures, des infections ou des conditions m\u00e9dicales sous-jacentes peuvent \u00eatre impliqu\u00e9s.<\/li>\n<\/ul>\n<\/li>\n<\/ol>\n\n\n\n<p>En r\u00e9sum\u00e9, l&rsquo;\u00e9paule gel\u00e9e est un terme plus g\u00e9n\u00e9ral, tandis que la capsulite r\u00e9tractile est une forme sp\u00e9cifique d&rsquo;\u00e9paule gel\u00e9e caract\u00e9ris\u00e9e par une inflammation et une contraction de la capsule articulaire.<\/p>\n\n\n\n<h2 class=\"wp-block-heading has-white-color has-vivid-cyan-blue-to-vivid-purple-gradient-background has-text-color has-background has-link-color wp-elements-6193864f9ebe704207a3554484de6433\"><span class=\"ez-toc-section\" id=\"Epaules_arrondies\"><\/span>\u00c9paules arrondies<span class=\"ez-toc-section-end\"><\/span><\/h2>\n\n\n\n<p>La posture joue un r\u00f4le essentiel dans la sant\u00e9 de l&rsquo;\u00e9paule, et une mauvaise posture peut avoir des cons\u00e9quences durables, notamment une rotation interne de l&rsquo;hum\u00e9rus. Cette rotation interne, si elle n&rsquo;est pas corrig\u00e9e d\u00e8s le plus jeune \u00e2ge, peut devenir permanente, entra\u00eenant des complications telles que le syndrome d&rsquo;impingement de l&rsquo;\u00e9paule.<\/p>\n\n\n\n<p>Lorsque la posture est alt\u00e9r\u00e9e, cr\u00e9ant une rotation interne de l&rsquo;hum\u00e9rus, cela peut affecter la capacit\u00e9 de r\u00e9aliser une rotation externe de l&rsquo;hum\u00e9rus pour accommoder sa grande tub\u00e9rosit\u00e9. La grande tub\u00e9rosit\u00e9 de l&rsquo;hum\u00e9rus est une saillie osseuse importante sur le c\u00f4t\u00e9 de l&rsquo;os, jouant un r\u00f4le crucial dans les mouvements de l&rsquo;\u00e9paule. Si la rotation interne devient permanente, il devient difficile voire impossible d&rsquo;effectuer une rotation externe, compromettant ainsi la fonction normale de l&rsquo;articulation de l&rsquo;\u00e9paule.<\/p>\n\n\n\n<p>Une cons\u00e9quence notable de cette situation est le risque accru de d\u00e9velopper le syndrome de l&rsquo;arc de l&rsquo;hum\u00e9rus. Ce syndrome est caract\u00e9ris\u00e9 par l&rsquo;impingement ou la compression des tendons, des muscles et d&rsquo;autres structures de l&rsquo;\u00e9paule lors des mouvements, provoquant ainsi douleur et inflammation. L&rsquo;incapacit\u00e9 \u00e0 effectuer une rotation externe ad\u00e9quate peut contribuer \u00e0 cette condition, augmentant la probabilit\u00e9 d&rsquo;inconfort et de complications.<\/p>\n\n\n\n<p>De plus, la mauvaise posture peut \u00e9galement avoir un impact sur le nerf brachial, qui se trouve \u00e0 proximit\u00e9 de la t\u00eate de l&rsquo;hum\u00e9rus. Une compression accrue du nerf brachial peut r\u00e9sulter de la rotation interne constante de l&rsquo;hum\u00e9rus, augmentant ainsi les risques de sympt\u00f4mes tels que des picotements, des engourdissements ou une faiblesse dans le bras.<\/p>\n\n\n\n<p>Il est donc imp\u00e9ratif de sensibiliser \u00e0 l&rsquo;importance d&rsquo;une bonne posture d\u00e8s le plus jeune \u00e2ge, car la correction pr\u00e9coce de ces probl\u00e8mes peut \u00e9viter des complications \u00e0 long terme. Des exercices de renforcement musculaire et des \u00e9tirements appropri\u00e9s peuvent contribuer \u00e0 restaurer et \u00e0 maintenir une posture correcte, pr\u00e9venant ainsi les cons\u00e9quences n\u00e9fastes sur la sant\u00e9 de l&rsquo;\u00e9paule.<\/p>\n\n\n\n<p>Ainsi, la mauvaise posture, en particulier la rotation interne de l&rsquo;hum\u00e9rus, peut avoir des implications importantes sur la sant\u00e9 de l&rsquo;\u00e9paule. Elle peut entra\u00eener des difficult\u00e9s de rotation externe, favorisant ainsi le d\u00e9veloppement du syndrome de l&rsquo;arc de l&rsquo;hum\u00e9rus et augmentant le risque de compression du nerf brachial. La correction pr\u00e9coce de ces probl\u00e8mes posturaux est cruciale pour \u00e9viter des complications \u00e0 long terme et maintenir une fonction optimale de l&rsquo;articulation de l&rsquo;\u00e9paule.<\/p>\n\n\n\n<h2 class=\"wp-block-heading has-white-color has-vivid-cyan-blue-to-vivid-purple-gradient-background has-text-color has-background has-link-color wp-elements-aa5fb6a92672b4af3d8f9b43392e75f8\"><span class=\"ez-toc-section\" id=\"Pathophysiologie_de_la_capsulite_retractile_de_lepaule\"><\/span>Pathophysiologie de la capsulite r\u00e9tractile de l&rsquo;\u00e9paule<span class=\"ez-toc-section-end\"><\/span><\/h2>\n\n\n\n<p>La capsulite r\u00e9tractile de l&rsquo;\u00e9paule, \u00e9galement connue sous le nom d&rsquo;\u00e9paule gel\u00e9e, est une condition douloureuse caract\u00e9ris\u00e9e par une restriction progressive des mouvements de l&rsquo;articulation de l&rsquo;\u00e9paule. La pathophysiologie de cette affection complexe implique une inflammation et un \u00e9paississement de la capsule articulaire, une structure fibreuse qui entoure l&rsquo;articulation de l&rsquo;\u00e9paule. Cette inflammation entra\u00eene la formation de tissu cicatriciel, ce qui limite consid\u00e9rablement la mobilit\u00e9 de l&rsquo;\u00e9paule.<\/p>\n\n\n\n<p>Au c\u0153ur de la pathophysiologie de la capsulite r\u00e9tractile se trouve une r\u00e9action inflammatoire au sein de la capsule articulaire. Bien que les d\u00e9clencheurs sp\u00e9cifiques de cette inflammation ne soient pas toujours clairs, des facteurs tels que les blessures, le surmenage ou des conditions m\u00e9dicales sous-jacentes peuvent contribuer \u00e0 son d\u00e9veloppement. L&rsquo;inflammation initiale provoque une r\u00e9ponse du syst\u00e8me immunitaire, entra\u00eenant une prolif\u00e9ration de cellules inflammatoires et la lib\u00e9ration de m\u00e9diateurs chimiques.<\/p>\n\n\n\n<p>Au fur et \u00e0 mesure que l&rsquo;inflammation progresse, la capsule articulaire subit des changements structurels. La membrane synoviale, qui tapisse l&rsquo;int\u00e9rieur de la capsule, peut s&rsquo;\u00e9paissir et produire un exc\u00e8s de liquide synovial. En parall\u00e8le, des fibroblastes peuvent \u00eatre activ\u00e9s, entra\u00eenant la production de collag\u00e8ne et la formation de tissu cicatriciel. C&rsquo;est cette fibrose qui restreint les mouvements de l&rsquo;articulation, provoquant la raideur caract\u00e9ristique de l&rsquo;\u00e9paule gel\u00e9e.<\/p>\n\n\n\n<p>La progression de la capsulite r\u00e9tractile se divise g\u00e9n\u00e9ralement en plusieurs phases. La phase inflammatoire initiale est marqu\u00e9e par la douleur et l&rsquo;inconfort, souvent exacerb\u00e9s par certains mouvements de l&rsquo;\u00e9paule. Cette phase peut durer plusieurs semaines \u00e0 quelques mois. Par la suite, la phase de cong\u00e9lation survient, caract\u00e9ris\u00e9e par une limitation significative de la mobilit\u00e9. Enfin, la phase de d\u00e9cong\u00e9lation commence, au cours de laquelle la douleur diminue progressivement, et la mobilit\u00e9 s&rsquo;am\u00e9liore lentement.<\/p>\n\n\n<div class=\"wp-block-image\">\n<figure class=\"aligncenter size-full is-resized\"><img decoding=\"async\" width=\"361\" height=\"168\" src=\"https:\/\/osteomag.ca\/wp-content\/uploads\/2024\/02\/2024-02-04_13-21-58-1.jpg\" alt=\"\" class=\"wp-image-38720\" style=\"width:560px;height:auto\" srcset=\"https:\/\/osteomag.ca\/wp-content\/uploads\/2024\/02\/2024-02-04_13-21-58-1.jpg 361w, https:\/\/osteomag.ca\/wp-content\/uploads\/2024\/02\/2024-02-04_13-21-58-1-80x37.jpg 80w, https:\/\/osteomag.ca\/wp-content\/uploads\/2024\/02\/2024-02-04_13-21-58-1-150x70.jpg 150w, https:\/\/osteomag.ca\/wp-content\/uploads\/2024\/02\/2024-02-04_13-21-58-1-300x140.jpg 300w\" sizes=\"(max-width: 361px) 100vw, 361px\" \/><figcaption class=\"wp-element-caption\">L&rsquo;image illustre la <strong>diminution du volume capsulaire<\/strong> dans le cadre de la <strong>capsulite adh\u00e9sive<\/strong> (ou \u00e9paule gel\u00e9e). \u00c0 gauche, l&rsquo;anatomie normale de l&rsquo;\u00e9paule est montr\u00e9e, avec des zones comme le r\u00e9cessus sous-coraco\u00efdien et le r\u00e9cessus axillaire bien visibles. Ces espaces permettent \u00e0 la capsule articulaire de se d\u00e9placer librement pendant les mouvements de l&rsquo;\u00e9paule.<br>\u00c0 droite, l&rsquo;image montre la capsule dans un \u00e9tat <strong>r\u00e9tract\u00e9<\/strong>, o\u00f9 la capsule articulaire est devenue \u00e9paisse et contract\u00e9e. Cela entra\u00eene une diminution significative du volume capsulaire, limitant l&rsquo;amplitude des mouvements de l&rsquo;\u00e9paule. Les fl\u00e8ches rouges indiquent la direction des forces restrictives exerc\u00e9es par la capsule r\u00e9tract\u00e9e, qui comprime l&rsquo;articulation et provoque une douleur accrue ainsi qu&rsquo;une rigidit\u00e9.<br>La <strong>diminution du volume capsulaire<\/strong> est une caract\u00e9ristique cl\u00e9 de la capsulite adh\u00e9sive, responsable de la limitation s\u00e9v\u00e8re des mouvements, tels que la rotation et l&rsquo;\u00e9l\u00e9vation de l&rsquo;\u00e9paule. Cette condition est souvent progressive et n\u00e9cessite un traitement sp\u00e9cifique pour \u00e9viter la chronicit\u00e9, comme des th\u00e9rapies manuelles ou des exercices de mobilisation adapt\u00e9s.<\/figcaption><\/figure>\n<\/div>\n\n\n<p>La pr\u00e9disposition \u00e0 la capsulite r\u00e9tractile peut \u00e9galement \u00eatre influenc\u00e9e par des facteurs individuels tels que l&rsquo;\u00e2ge, le sexe et certaines conditions m\u00e9dicales. Les femmes sont plus susceptibles d&rsquo;en souffrir, en particulier entre 40 et 60 ans. Des affections telles que le diab\u00e8te, les maladies cardiovasculaires et la thyro\u00efdite peuvent augmenter le risque de d\u00e9velopper cette condition.<\/p>\n\n\n\n<p>Le diagnostic de la capsulite r\u00e9tractile repose sur une \u00e9valuation clinique approfondie, souvent accompagn\u00e9e d&rsquo;imagerie m\u00e9dicale telle que des radiographies ou des IRM pour exclure d&rsquo;autres causes possibles de douleur \u00e0 l&rsquo;\u00e9paule. Le traitement de cette condition vise \u00e0 att\u00e9nuer la douleur, \u00e0 pr\u00e9server la mobilit\u00e9 et \u00e0 pr\u00e9venir la progression de la capsulite r\u00e9tractile. Des approches non chirurgicales telles que la physioth\u00e9rapie, les anti-inflammatoires non st\u00e9ro\u00efdiens et les infiltrations de corticost\u00e9ro\u00efdes sont souvent privil\u00e9gi\u00e9es en premi\u00e8re intention.<\/p>\n\n\n\n<div class=\"wp-block-gutena-accordion gutena-accordion-block gutena-accordion-block-d1d354-69\" data-single=\"true\">\n<div class=\"wp-block-gutena-accordion-panel gutena-accordion-block__panel\">\n<div class=\"wp-block-gutena-accordion-panel-title gutena-accordion-block__panel-title\"><div class=\"gutena-accordion-block__panel-title-inner\">\n<h6 class=\"wp-block-heading has-text-align-left\" style=\"margin-top:0px;margin-right:0px;margin-bottom:0px;margin-left:0px\">\u00c9tape <\/h6>\n<div class=\"trigger-up-down\"><div class=\"horizontal\"><\/div><div class=\"vertical\"><\/div><\/div><\/div><\/div>\n\n\n\n<div class=\"wp-block-gutena-accordion-panel-content gutena-accordion-block__panel-content\"><div class=\"gutena-accordion-block__panel-content-inner\">\n<ol class=\"wp-block-list\">\n<li><strong>Inflammation initiale :<\/strong> La capsulite r\u00e9tractile commence souvent par une inflammation de la capsule articulaire de l&rsquo;\u00e9paule. Cette inflammation peut \u00eatre d\u00e9clench\u00e9e par des facteurs tels que des blessures, une surutilisation, des infections ou des conditions m\u00e9dicales sous-jacentes.<\/li>\n\n\n\n<li><strong>Douleur et raideur :<\/strong> L&rsquo;inflammation initiale provoque des douleurs \u00e0 l&rsquo;\u00e9paule, en particulier lors des mouvements. Les personnes atteintes peuvent ressentir une douleur diffuse dans la r\u00e9gion de l&rsquo;\u00e9paule et du bras. En m\u00eame temps, la capsule articulaire commence \u00e0 se contracter, entra\u00eenant une raideur progressive de l&rsquo;\u00e9paule.<\/li>\n\n\n\n<li><strong>Formation de tissu cicatriciel (fibrose) :<\/strong> Au fil du temps, l&rsquo;inflammation persistante conduit \u00e0 la formation de tissu cicatriciel ou fibrose dans la capsule articulaire. Cela entra\u00eene un \u00e9paississement de la capsule et limite davantage la mobilit\u00e9 de l&rsquo;\u00e9paule.<\/li>\n\n\n\n<li><strong>R\u00e9traction de la capsule :<\/strong> La fibrose continue \u00e0 se d\u00e9velopper, entra\u00eenant une r\u00e9traction significative de la capsule. Cette r\u00e9traction limite s\u00e9v\u00e8rement la mobilit\u00e9 de l&rsquo;\u00e9paule et peut m\u00eame entra\u00eener une adh\u00e9rence des surfaces articulaires.<\/li>\n\n\n\n<li><strong>Diminution de la production de liquide synovial :<\/strong> La production de liquide synovial, qui lubrifie normalement l&rsquo;articulation de l&rsquo;\u00e9paule, peut diminuer \u00e0 mesure que la capsule r\u00e9tract\u00e9e comprime les structures articulaires.<\/li>\n\n\n\n<li><strong>Formation d&rsquo;adh\u00e9rences :<\/strong> Les adh\u00e9rences entre les surfaces articulaires peuvent se former, aggravant la raideur et la perte de mobilit\u00e9.<\/li>\n<\/ol>\n<\/div><\/div>\n<\/div>\n<\/div>\n\n\n\n<h2 class=\"wp-block-heading has-white-color has-vivid-cyan-blue-to-vivid-purple-gradient-background has-text-color has-background has-link-color wp-elements-27888dc18154bdf44a2b33202f01c99c\"><span class=\"ez-toc-section\" id=\"Facteurs_a_risque\"><\/span>Facteurs \u00e0 risque<span class=\"ez-toc-section-end\"><\/span><\/h2>\n\n\n\n<p>La capsulite r\u00e9tractile de l&rsquo;\u00e9paule, une condition m\u00e9dicale douloureuse caract\u00e9ris\u00e9e par une limitation progressive des mouvements de l&rsquo;articulation de l&rsquo;\u00e9paule, pr\u00e9sente certains facteurs \u00e0 risque qui peuvent pr\u00e9disposer les individus \u00e0 cette affection complexe. Les ant\u00e9c\u00e9dents m\u00e9dicaux personnels et familiaux jouent un r\u00f4le crucial dans le d\u00e9veloppement de la capsulite r\u00e9tractile. Des blessures ou des traumatismes ant\u00e9rieurs \u00e0 l&rsquo;\u00e9paule, tels que des luxations ou des fractures, peuvent augmenter la susceptibilit\u00e9 \u00e0 cette condition. De plus, des affections m\u00e9dicales sous-jacentes telles que le diab\u00e8te, les maladies cardiovasculaires et les maladies thyro\u00efdiennes ont \u00e9t\u00e9 associ\u00e9es \u00e0 un risque accru de d\u00e9velopper une capsulite r\u00e9tractile. Les individus \u00e2g\u00e9s de 40 \u00e0 60 ans, en particulier les femmes, semblent \u00e9galement plus pr\u00e9dispos\u00e9s, bien que la capsulite r\u00e9tractile puisse affecter des personnes de tous \u00e2ges.<\/p>\n\n\n\n<p>Les facteurs li\u00e9s au mode de vie peuvent \u00e9galement contribuer \u00e0 accro\u00eetre le risque de d\u00e9velopper une capsulite r\u00e9tractile. Les habitudes tabagiques sont fortement corr\u00e9l\u00e9es \u00e0 cette condition, car le tabagisme alt\u00e8re la circulation sanguine vers les tissus de l&rsquo;\u00e9paule, favorisant ainsi le d\u00e9veloppement de la capsulite. De plus, un manque d&rsquo;activit\u00e9 physique et des comportements s\u00e9dentaires peuvent augmenter la probabilit\u00e9 de d\u00e9velopper une capsulite r\u00e9tractile, car l&rsquo;inactivit\u00e9 contribue \u00e0 la rigidit\u00e9 musculaire et \u00e0 la perte de mobilit\u00e9 articulaire.<\/p>\n\n\n\n<p>La capsulite r\u00e9tractile peut \u00e9galement \u00eatre li\u00e9e \u00e0 des facteurs psychosociaux, tels que le stress et l&rsquo;anxi\u00e9t\u00e9. Les situations stressantes peuvent d\u00e9clencher des tensions musculaires et affecter la r\u00e9ponse du corps aux inflammations, contribuant ainsi \u00e0 la progression de la capsulite. Parall\u00e8lement, des probl\u00e8mes \u00e9motionnels non r\u00e9solus peuvent influencer la perception de la douleur et la tol\u00e9rance aux sympt\u00f4mes de la capsulite r\u00e9tractile.<\/p>\n\n\n\n<p>L&rsquo;h\u00e9r\u00e9dit\u00e9 semble jouer un r\u00f4le dans la pr\u00e9disposition \u00e0 la capsulite r\u00e9tractile. Si des membres de la famille ont \u00e9t\u00e9 affect\u00e9s par cette condition, cela peut augmenter le risque pour d&rsquo;autres membres de la famille de d\u00e9velopper la capsulite. La composante g\u00e9n\u00e9tique peut influencer la structure des tissus conjonctifs et la r\u00e9ponse du syst\u00e8me immunitaire, contribuant ainsi \u00e0 la susceptibilit\u00e9 \u00e0 cette affection.<\/p>\n\n\n\n<p>Le diagnostic pr\u00e9coce de la capsulite r\u00e9tractile et la gestion appropri\u00e9e des facteurs \u00e0 risque sont essentiels pour minimiser l&rsquo;impact de cette condition. Les approches de traitement peuvent inclure des interventions physioth\u00e9rapeutiques visant \u00e0 am\u00e9liorer la mobilit\u00e9 de l&rsquo;\u00e9paule, des m\u00e9dicaments anti-inflammatoires pour soulager la douleur et, dans certains cas, des infiltrations corticost\u00e9ro\u00efdes pour r\u00e9duire l&rsquo;inflammation. La prise en charge des facteurs \u00e0 risque li\u00e9s au mode de vie, tels que le tabagisme et le manque d&rsquo;exercice, est \u00e9galement cruciale pour optimiser les r\u00e9sultats du traitement et pr\u00e9venir la r\u00e9currence de la capsulite r\u00e9tractile.<\/p>\n\n\n\n<div class=\"wp-block-gutena-accordion gutena-accordion-block gutena-accordion-block-d15808-66\" data-single=\"true\">\n<div class=\"wp-block-gutena-accordion-panel gutena-accordion-block__panel\">\n<div class=\"wp-block-gutena-accordion-panel-title gutena-accordion-block__panel-title\"><div class=\"gutena-accordion-block__panel-title-inner\">\n<h6 class=\"wp-block-heading has-text-align-left\" style=\"margin-top:0px;margin-right:0px;margin-bottom:0px;margin-left:0px\">Liste des facteurs \u00e0 risque<\/h6>\n<div class=\"trigger-up-down\"><div class=\"horizontal\"><\/div><div class=\"vertical\"><\/div><\/div><\/div><\/div>\n\n\n\n<div class=\"wp-block-gutena-accordion-panel-content gutena-accordion-block__panel-content\"><div class=\"gutena-accordion-block__panel-content-inner\">\n<ol class=\"wp-block-list\">\n<li><strong>\u00c2ge :<\/strong> La plupart des cas d&rsquo;\u00e9paule gel\u00e9e surviennent chez des personnes \u00e2g\u00e9es de 40 \u00e0 60 ans.<\/li>\n\n\n\n<li><strong>Sexe :<\/strong> Les femmes semblent \u00eatre plus susceptibles de d\u00e9velopper une \u00e9paule gel\u00e9e que les hommes.<\/li>\n\n\n\n<li><strong>Conditions m\u00e9dicales pr\u00e9existantes :<\/strong>\n<ul class=\"wp-block-list\">\n<li>Des maladies telles que le diab\u00e8te ont \u00e9t\u00e9 associ\u00e9es \u00e0 un risque accru.<\/li>\n\n\n\n<li>Les maladies cardiovasculaires et les maladies thyro\u00efdiennes peuvent \u00e9galement \u00eatre des facteurs de risque.<\/li>\n<\/ul>\n<\/li>\n\n\n\n<li><strong>Immobilisation prolong\u00e9e de l&rsquo;\u00e9paule :<\/strong> Une p\u00e9riode prolong\u00e9e d&rsquo;immobilisation de l&rsquo;\u00e9paule, par exemple apr\u00e8s une chirurgie ou en raison d&rsquo;une blessure, peut augmenter le risque.<\/li>\n\n\n\n<li><strong>Traumatisme ou chirurgie de l&rsquo;\u00e9paule :<\/strong> Les personnes ayant subi un traumatisme ou une chirurgie de l&rsquo;\u00e9paule peuvent \u00eatre plus susceptibles de d\u00e9velopper une \u00e9paule gel\u00e9e.<\/li>\n\n\n\n<li><strong>Inactivit\u00e9 physique :<\/strong> Le manque d&rsquo;exercice ou l&rsquo;inactivit\u00e9 physique peuvent contribuer au d\u00e9veloppement de probl\u00e8mes d&rsquo;\u00e9paule, y compris l&rsquo;\u00e9paule gel\u00e9e.<\/li>\n\n\n\n<li><strong>Maladies auto-immunes :<\/strong> Certaines maladies auto-immunes, telles que la polyarthrite rhumato\u00efde, peuvent augmenter le risque de d\u00e9velopper des probl\u00e8mes articulaires, y compris la capsulite r\u00e9tractile.<\/li>\n\n\n\n<li><strong>Facteurs g\u00e9n\u00e9tiques :<\/strong> Il peut y avoir une composante g\u00e9n\u00e9tique dans certains cas.<\/li>\n\n\n\n<li><strong>Autres conditions m\u00e9dicales :<\/strong> Des conditions telles que les maladies cardiaques, les accidents vasculaires c\u00e9r\u00e9braux (AVC) ou les maladies pulmonaires ont \u00e9galement \u00e9t\u00e9 associ\u00e9es \u00e0 un risque accru.<\/li>\n<\/ol>\n<\/div><\/div>\n<\/div>\n<\/div>\n\n\n\n<h2 class=\"wp-block-heading has-white-color has-vivid-cyan-blue-to-vivid-purple-gradient-background has-text-color has-background has-link-color wp-elements-b4f9e8d7643cd211bfcb3b8ed4456748\"><span class=\"ez-toc-section\" id=\"Stages_et_symptomes_de_la_Capsulite_retractile_de_lepaule\"><\/span>Stages et sympt\u00f4mes de la Capsulite r\u00e9tractile de l&rsquo;\u00e9paule<span class=\"ez-toc-section-end\"><\/span><\/h2>\n\n\n\n<p>Il existe plusieurs \u00e9tapes dans l&rsquo;\u00e9volution d&rsquo;une pathologie de l&rsquo;\u00e9paule, souvent associ\u00e9e \u00e0 une capsulite r\u00e9tractile. Voici une description d\u00e9taill\u00e9e de chaque phase:<\/p>\n\n\n\n<p><strong>1. Pr\u00e9-cong\u00e9lation:<\/strong><\/p>\n\n\n\n<ul class=\"wp-block-list\">\n<li>Dur\u00e9e: 1 \u00e0 3 mois<\/li>\n\n\n\n<li>Apparence de l&rsquo;\u00e9paule: Pas encore de signes \u00e9vidents de capsulite r\u00e9tractile<\/li>\n\n\n\n<li>Sympt\u00f4mes: Douleur croissante, surtout lors des mouvements de l&rsquo;\u00e9paule<\/li>\n\n\n\n<li>Limitations: D\u00e9but de la limitation des mouvements, en particulier dans la rotation externe<\/li>\n\n\n\n<li>Comportement: R\u00e9duction des mouvements pour soulager la douleur, protection de l&rsquo;\u00e9paule en l&rsquo;utilisant moins<\/li>\n\n\n\n<li>Douleur: Pr\u00e9sente pendant le jour et la nuit<\/li>\n<\/ul>\n\n\n\n<p><strong>2. Cong\u00e9lation:<\/strong><\/p>\n\n\n\n<ul class=\"wp-block-list\">\n<li>Dur\u00e9e: 3 \u00e0 9 mois<\/li>\n\n\n\n<li>Sympt\u00f4mes: Perte progressive du mouvement, augmentation de la douleur (surtout la nuit)<\/li>\n\n\n\n<li>Amplitude de mouvement: Encore pr\u00e9sente, mais limit\u00e9e par la douleur et la raideur<\/li>\n\n\n\n<li>\u00c9volution: Perte lente de l&rsquo;amplitude des mouvements sur 6 \u00e0 9 semaines<\/li>\n<\/ul>\n\n\n\n<p><strong>3. Congel\u00e9e:<\/strong><\/p>\n\n\n\n<ul class=\"wp-block-list\">\n<li>Dur\u00e9e: 9 \u00e0 14 mois<\/li>\n\n\n\n<li>Sympt\u00f4mes: Amplitude de mouvement consid\u00e9rablement r\u00e9duite, douleur initiale persistante<\/li>\n\n\n\n<li>Douleur: Diminution graduelle, apparaissant principalement lors des mouvements extr\u00eames<\/li>\n<\/ul>\n\n\n\n<p><strong>4. D\u00e9cong\u00e9lation:<\/strong><\/p>\n\n\n\n<ul class=\"wp-block-list\">\n<li>Dur\u00e9e: 12 \u00e0 15 mois<\/li>\n\n\n\n<li>Sympt\u00f4mes: Am\u00e9lioration progressive, diminution significative de la douleur (surtout la nuit)<\/li>\n\n\n\n<li>Amplitude de mouvement: Encore limit\u00e9e, mais am\u00e9lioration rapide, retour \u00e0 la force et au mouvement normaux<\/li>\n\n\n\n<li>Dur\u00e9e de r\u00e9cup\u00e9ration: G\u00e9n\u00e9ralement de 6 mois \u00e0 2 ans<\/li>\n<\/ul>\n\n\n\n<p><em><strong>L&rsquo;\u00e9paule gel\u00e9e est douloureuse avec une restriction importante des amplitudes articulaires actives et passives de l&rsquo;\u00e9paule, le plus souvent en abduction et rotation externe.<\/strong><\/em><\/p>\n\n\n\n<h2 class=\"wp-block-heading has-white-color has-vivid-cyan-blue-to-vivid-purple-gradient-background has-text-color has-background has-link-color wp-elements-640fe83d012000ada3ec763001fddbb8\"><span class=\"ez-toc-section\" id=\"Limitations_fonctionnelles\"><\/span>Limitations fonctionnelles<span class=\"ez-toc-section-end\"><\/span><\/h2>\n\n\n\n<p>Les limitations fonctionnelles associ\u00e9es \u00e0 la capsulite r\u00e9tractile de l&rsquo;\u00e9paule repr\u00e9sentent un d\u00e9fi significatif pour les individus touch\u00e9s, affectant leur qualit\u00e9 de vie quotidienne et leur capacit\u00e9 \u00e0 effectuer des activit\u00e9s normales. L&rsquo;un des aspects les plus prononc\u00e9s de ces limitations r\u00e9side dans la restriction progressive des mouvements de l&rsquo;articulation de l&rsquo;\u00e9paule. Au fur et \u00e0 mesure que la capsule articulaire s&rsquo;\u00e9paissit et devient moins souple en raison de l&rsquo;inflammation et de la formation de tissu cicatriciel, les mouvements de l&rsquo;\u00e9paule, tels que l&rsquo;\u00e9l\u00e9vation du bras et la rotation, deviennent de plus en plus difficiles.<\/p>\n\n\n\n<p>La perte de mobilit\u00e9 de l&rsquo;\u00e9paule peut entra\u00eener des difficult\u00e9s dans les activit\u00e9s quotidiennes les plus simples, comme se coiffer, s&rsquo;habiller, ou m\u00eame atteindre des objets sur une \u00e9tag\u00e8re. Les patients atteints de capsulite r\u00e9tractile peuvent \u00e9galement ressentir des limitations dans les t\u00e2ches professionnelles n\u00e9cessitant l&rsquo;utilisation fr\u00e9quente et vari\u00e9e de l&rsquo;\u00e9paule, entra\u00eenant une diminution de l&rsquo;efficacit\u00e9 au travail. Ces limitations fonctionnelles ont un impact consid\u00e9rable sur l&rsquo;autonomie et peuvent entra\u00eener une d\u00e9pendance accrue \u00e0 l&rsquo;\u00e9gard de l&rsquo;aide ext\u00e9rieure pour accomplir des t\u00e2ches courantes.<\/p>\n\n\n\n<p>La douleur, souvent intense, est une composante majeure des limitations fonctionnelles de la capsulite r\u00e9tractile. Cette douleur peut \u00eatre exacerb\u00e9e par les mouvements de l&rsquo;\u00e9paule et peut devenir invalidante au fil du temps. Lorsque la douleur est pr\u00e9sente, les individus ont tendance \u00e0 \u00e9viter les mouvements douloureux, ce qui contribue \u00e0 la raideur articulaire et \u00e0 la d\u00e9t\u00e9rioration de la mobilit\u00e9. Par cons\u00e9quent, la capsulite r\u00e9tractile peut entra\u00eener un cercle vicieux o\u00f9 la douleur conduit \u00e0 l&rsquo;\u00e9vitement des mouvements, aggravant ainsi la raideur et la perte de fonction.<\/p>\n\n\n\n<p>Les activit\u00e9s sportives et de loisirs sont \u00e9galement fortement impact\u00e9es par les limitations fonctionnelles de la capsulite r\u00e9tractile. Les mouvements requis dans des activit\u00e9s telles que le tennis, la natation ou le golf deviennent souvent impossibles ou extr\u00eamement douloureux, entra\u00eenant une diminution de la participation \u00e0 ces activit\u00e9s et pouvant affecter le bien-\u00eatre \u00e9motionnel des individus concern\u00e9s.<\/p>\n\n\n\n<p>La qualit\u00e9 du sommeil peut \u00e9galement \u00eatre compromise en raison des limitations fonctionnelles de la capsulite r\u00e9tractile. Trouver une position confortable pour dormir devient un d\u00e9fi, et la douleur persistante peut perturber le sommeil, entra\u00eenant fatigue et irritabilit\u00e9 pendant la journ\u00e9e.<\/p>\n\n\n\n<p>La gestion des t\u00e2ches quotidiennes devient un d\u00e9fi majeur pour les personnes souffrant de capsulite r\u00e9tractile. Des activit\u00e9s simples comme porter des courses, ouvrir une porte ou conduire deviennent des d\u00e9fis qui peuvent n\u00e9cessiter une adaptation des modes op\u00e9ratoires ou l&rsquo;aide d&rsquo;autres personnes. Ces limitations fonctionnelles peuvent entra\u00eener des sentiments de frustration, d&rsquo;impuissance et parfois de d\u00e9pression, accentuant ainsi l&rsquo;impact psychologique de la capsulite r\u00e9tractile.<\/p>\n\n\n\n<p>La prise en charge des limitations fonctionnelles de la capsulite r\u00e9tractile implique souvent une approche multidisciplinaire. La physioth\u00e9rapie joue un r\u00f4le crucial dans la restauration de la mobilit\u00e9 et le soulagement de la douleur. Les m\u00e9dicaments anti-inflammatoires et les infiltrations corticost\u00e9ro\u00efdes peuvent \u00e9galement \u00eatre utilis\u00e9s pour att\u00e9nuer la douleur. Dans certains cas s\u00e9v\u00e8res, la chirurgie peut \u00eatre envisag\u00e9e pour lib\u00e9rer la capsule articulaire et restaurer la mobilit\u00e9 de l&rsquo;\u00e9paule.<\/p>\n\n\n\n<div class=\"wp-block-gutena-accordion gutena-accordion-block gutena-accordion-block-b75af3-33\" data-single=\"true\">\n<div class=\"wp-block-gutena-accordion-panel gutena-accordion-block__panel\">\n<div class=\"wp-block-gutena-accordion-panel-title gutena-accordion-block__panel-title\"><div class=\"gutena-accordion-block__panel-title-inner\">\n<h6 class=\"wp-block-heading has-text-align-left\" style=\"margin-top:0px;margin-right:0px;margin-bottom:0px;margin-left:0px\">Limitations fonctionnelles <\/h6>\n<div class=\"trigger-up-down\"><div class=\"horizontal\"><\/div><div class=\"vertical\"><\/div><\/div><\/div><\/div>\n\n\n\n<div class=\"wp-block-gutena-accordion-panel-content gutena-accordion-block__panel-content\"><div class=\"gutena-accordion-block__panel-content-inner\">\n<ol class=\"wp-block-list\">\n<li><strong>Perte de mobilit\u00e9 :<\/strong> L&rsquo;une des caract\u00e9ristiques principales de l&rsquo;\u00e9paule gel\u00e9e est la limitation des mouvements de l&rsquo;articulation de l&rsquo;\u00e9paule. Les patients peuvent avoir du mal \u00e0 lever le bras, \u00e0 atteindre des objets en hauteur, ou \u00e0 effectuer des mouvements rotationnels.<\/li>\n\n\n\n<li><strong>Difficult\u00e9 \u00e0 s&rsquo;habiller :<\/strong> Les mouvements requis pour mettre et enlever des v\u00eatements peuvent \u00eatre difficiles en raison de la raideur de l&rsquo;\u00e9paule. Les patients peuvent \u00e9prouver des difficult\u00e9s \u00e0 passer un bras dans une manche ou \u00e0 attacher des boutons.<\/li>\n\n\n\n<li><strong>Probl\u00e8mes pour se laver ou se coiffer :<\/strong> Les activit\u00e9s quotidiennes telles que se laver les cheveux, se brosser les dents ou se coiffer peuvent \u00eatre affect\u00e9es en raison des limitations de mouvement.<\/li>\n\n\n\n<li><strong>Difficult\u00e9s \u00e0 porter des objets lourds :<\/strong> La force de l&rsquo;\u00e9paule peut \u00eatre r\u00e9duite, et soulever ou porter des objets lourds peut \u00eatre particuli\u00e8rement probl\u00e9matique.<\/li>\n\n\n\n<li><strong>Impact sur les activit\u00e9s professionnelles :<\/strong> Les personnes atteintes d&rsquo;\u00e9paule gel\u00e9e peuvent rencontrer des difficult\u00e9s dans leur vie professionnelle en raison de la limitation des mouvements. Cela peut \u00eatre particuli\u00e8rement vrai pour les emplois qui exigent des mouvements r\u00e9p\u00e9titifs de l&rsquo;\u00e9paule.<\/li>\n\n\n\n<li><strong>Alt\u00e9ration du sommeil :<\/strong> La douleur associ\u00e9e \u00e0 l&rsquo;\u00e9paule gel\u00e9e peut perturber le sommeil, en particulier lorsqu&rsquo;elle est plus intense pendant la nuit.<\/li>\n\n\n\n<li><strong>Impact psychologique :<\/strong> Les limitations fonctionnelles de l&rsquo;\u00e9paule gel\u00e9e peuvent \u00e9galement avoir un impact \u00e9motionnel, provoquant parfois du stress, de l&rsquo;anxi\u00e9t\u00e9 ou de la frustration chez les patients.<\/li>\n<\/ol>\n<\/div><\/div>\n<\/div>\n<\/div>\n\n\n\n<h2 class=\"wp-block-heading has-white-color has-vivid-cyan-blue-to-vivid-purple-gradient-background has-text-color has-background has-link-color wp-elements-952422dc08edd0d33127445106d36abf\"><span class=\"ez-toc-section\" id=\"Le_Cycle_Vicieux_de_la_Capsulite_Adhesive_LEvolution_dune_Douleur_Persistante\"><\/span>Le Cycle Vicieux de la Capsulite Adh\u00e9sive : L&rsquo;\u00c9volution d&rsquo;une Douleur Persistante<span class=\"ez-toc-section-end\"><\/span><\/h2>\n\n\n\n<p>La capsulite adh\u00e9sive, commun\u00e9ment appel\u00e9e \u00e9paule gel\u00e9e, est une condition douloureuse caract\u00e9ris\u00e9e par l&rsquo;inflammation et l&rsquo;\u00e9paississement de la capsule entourant l&rsquo;articulation de l&rsquo;\u00e9paule. Ce processus donne lieu \u00e0 un cycle vicieux qui \u00e9volue au fil du temps, exacerbant la douleur et la restriction de mouvement chez les individus touch\u00e9s.<\/p>\n\n\n\n<p><strong>\u00c9tape 1 : Douleur Initiale<\/strong> Au commencement, la douleur initiale se manifeste au niveau de l&rsquo;articulation de l&rsquo;\u00e9paule. Des sensations d\u00e9sagr\u00e9ables indiquent le d\u00e9but de la capsulite adh\u00e9sive, souvent accompagn\u00e9e de raideur et d&rsquo;inconfort.<\/p>\n\n\n\n<p><strong>\u00c9tape 2 : Immobilit\u00e9<\/strong> Pour \u00e9viter la douleur, les individus commencent \u00e0 restreindre leurs mouvements, entra\u00eenant une diminution de l&rsquo;utilisation normale de l&rsquo;\u00e9paule. Une immobilit\u00e9 progressive s&rsquo;installe, limitant les activit\u00e9s quotidiennes.<\/p>\n\n\n\n<p><strong>\u00c9tape 3 : Raideur de l&rsquo;Articulation<\/strong> L&rsquo;absence de mouvement r\u00e9gulier conduit \u00e0 la raideur de l&rsquo;articulation de l&rsquo;\u00e9paule. La capsule qui entoure l&rsquo;articulation s&rsquo;\u00e9paissit progressivement, rendant les mouvements encore plus difficiles.<\/p>\n\n\n\n<p><strong>\u00c9tape 4 : Faiblesse Musculaire et Atrophie<\/strong> La limitation des mouvements provoque une faiblesse musculaire autour de l&rsquo;\u00e9paule. Les muscles s&rsquo;atrophient progressivement en raison d&rsquo;une utilisation r\u00e9duite, contribuant \u00e0 la d\u00e9t\u00e9rioration de la force et de la stabilit\u00e9 de l&rsquo;articulation.<\/p>\n\n\n\n<p><strong>\u00c9tape 5 : Mouvements Compensatoires<\/strong> Face \u00e0 la restriction de l&rsquo;\u00e9paule, le corps d\u00e9veloppe des mouvements compensatoires. D&rsquo;autres parties du corps sont sollicit\u00e9es de mani\u00e8re excessive pour compenser le manque de mobilit\u00e9 de l&rsquo;\u00e9paule, entra\u00eenant des changements biom\u00e9caniques.<\/p>\n\n\n\n<p><strong>\u00c9tape 6 : Sensibilit\u00e9 Accrue \u00e0 la Douleur<\/strong> Le cycle persistant amplifie la sensibilit\u00e9 \u00e0 la douleur. Le syst\u00e8me nerveux devient plus r\u00e9actif, rendant chaque mouvement plus douloureux, m\u00eame avec une intensit\u00e9 minimale.<\/p>\n\n\n\n<p><strong>\u00c9tape 7 : Inflammation et Changements Tissulaires<\/strong> L&rsquo;inflammation persistante et les changements tissulaires dans l&rsquo;articulation de l&rsquo;\u00e9paule deviennent plus prononc\u00e9s. Les fl\u00e8ches de l&rsquo;inflammation et les alt\u00e9rations de la structure tissulaire cr\u00e9ent un environnement propice \u00e0 la capsulite adh\u00e9sive.<\/p>\n\n\n\n<p><strong>\u00c9tape 8 : Progression de la Capsulite Adh\u00e9sive<\/strong> La capsule autour de l&rsquo;articulation \u00e9paissit progressivement, renfor\u00e7ant le diagnostic de capsulite adh\u00e9sive. La progression de la condition cr\u00e9e un cercle vicieux difficile \u00e0 rompre sans intervention.<\/p>\n\n\n\n<p><strong>\u00c9tape 9 : Douleur Chronique<\/strong> En fin de compte, la douleur devient chronique, persistent m\u00eame au repos. L&rsquo;articulation de l&rsquo;\u00e9paule est envelopp\u00e9e dans un \u00e9tat constant de g\u00eane, affectant la qualit\u00e9 de vie et les activit\u00e9s quotidiennes.<\/p>\n\n\n\n<p>Ce cycle vicieux souligne la n\u00e9cessit\u00e9 d&rsquo;une intervention pr\u00e9coce pour pr\u00e9venir la progression de la capsulite adh\u00e9sive. Les approches th\u00e9rapeutiques, telles que la physioth\u00e9rapie et la gestion de la douleur, sont essentielles pour briser ce cycle et restaurer la mobilit\u00e9 et la fonction de l&rsquo;articulation de l&rsquo;\u00e9paule.<\/p>\n\n\n<div class=\"wp-block-image\">\n<figure class=\"aligncenter size-full is-resized\"><img decoding=\"async\" width=\"689\" height=\"595\" src=\"https:\/\/osteomag.ca\/wp-content\/uploads\/2024\/02\/2024-02-22_18-43-55.webp\" alt=\"\" class=\"wp-image-39446\" style=\"width:803px;height:auto\" srcset=\"https:\/\/osteomag.ca\/wp-content\/uploads\/2024\/02\/2024-02-22_18-43-55.webp 689w, https:\/\/osteomag.ca\/wp-content\/uploads\/2024\/02\/2024-02-22_18-43-55-469x405.webp 469w, https:\/\/osteomag.ca\/wp-content\/uploads\/2024\/02\/2024-02-22_18-43-55-80x69.webp 80w, https:\/\/osteomag.ca\/wp-content\/uploads\/2024\/02\/2024-02-22_18-43-55-150x130.webp 150w, https:\/\/osteomag.ca\/wp-content\/uploads\/2024\/02\/2024-02-22_18-43-55-300x259.webp 300w, https:\/\/osteomag.ca\/wp-content\/uploads\/2024\/02\/2024-02-22_18-43-55-600x518.webp 600w\" sizes=\"(max-width: 689px) 100vw, 689px\" \/><figcaption class=\"wp-element-caption\"><strong>Cycle Vicieux de la Capsulite Adh\u00e9sive<\/strong>: L&rsquo;image montre le cycle vicieux de la <strong>capsulite adh\u00e9sive<\/strong>, \u00e9galement connue sous le nom d&rsquo;\u00e9paule gel\u00e9e. Le processus commence par une <strong>douleur initiale<\/strong>, souvent due \u00e0 une blessure ou \u00e0 une inflammation de l&rsquo;articulation de l&rsquo;\u00e9paule. Cette douleur entra\u00eene une <strong>immobilit\u00e9<\/strong>, car la personne \u00e9vite les mouvements qui provoquent l&rsquo;inconfort.<br>L&rsquo;immobilit\u00e9 conduit \u00e0 une <strong>raideur articulaire<\/strong>, o\u00f9 l&rsquo;articulation de l&rsquo;\u00e9paule perd sa flexibilit\u00e9 et devient de plus en plus rigide. Cette perte de mobilit\u00e9 provoque une <strong>faiblesse musculaire et atrophie<\/strong>, car les muscles autour de l&rsquo;articulation ne sont plus utilis\u00e9s r\u00e9guli\u00e8rement.<br>En r\u00e9ponse \u00e0 la faiblesse musculaire, le corps d\u00e9veloppe des <strong>mouvements compensatoires<\/strong> pour \u00e9viter la douleur, ce qui peut entra\u00eener d&rsquo;autres d\u00e9s\u00e9quilibres et douleurs dans d&rsquo;autres parties du corps. La douleur devient <strong>chronique<\/strong>, ce qui exacerbe encore plus la situation.<br>Au fur et \u00e0 mesure que la <strong>capsulite adh\u00e9sive progresse<\/strong>, il y a un <strong>d\u00e9veloppement de l&rsquo;inflammation et des changements tissulaires<\/strong> dans l&rsquo;articulation. Cela cr\u00e9e une <strong>sensibilit\u00e9 accrue \u00e0 la douleur<\/strong>, renfor\u00e7ant encore l&rsquo;immobilit\u00e9 et la douleur. Ce cycle se perp\u00e9tue si aucun traitement n&rsquo;est administr\u00e9, rendant la r\u00e9cup\u00e9ration plus difficile \u00e0 mesure que le temps passe.<br><br><br>4o<\/figcaption><\/figure>\n<\/div>\n\n\n<h2 class=\"wp-block-heading has-white-color has-vivid-cyan-blue-to-vivid-purple-gradient-background has-text-color has-background has-link-color wp-elements-7b699611b735e3d0d351d323676d4546\"><span class=\"ez-toc-section\" id=\"Biomecanique_de_la_capsulite_retractile\"><\/span>Biom\u00e9canique de la capsulite r\u00e9tractile<span class=\"ez-toc-section-end\"><\/span><\/h2>\n\n\n\n<p>La compr\u00e9hension de la biom\u00e9canique de la capsulite r\u00e9tractile de l&rsquo;\u00e9paule est essentielle pour appr\u00e9hender les m\u00e9canismes sous-jacents de cette condition douloureuse et d\u00e9bilitante. La biom\u00e9canique de l&rsquo;\u00e9paule repose sur une interaction complexe entre les os, les muscles, les tendons et les ligaments, contribuant \u00e0 la stabilit\u00e9 et \u00e0 la mobilit\u00e9 de cette articulation. Lorsqu&rsquo;une personne d\u00e9veloppe une capsulite r\u00e9tractile, ces m\u00e9canismes biom\u00e9caniques sont perturb\u00e9s, entra\u00eenant des limitations fonctionnelles significatives.<\/p>\n\n\n\n<p>Au c\u0153ur de la biom\u00e9canique de la capsulite r\u00e9tractile se trouve la capsule articulaire, une enveloppe de tissu conjonctif qui entoure l&rsquo;articulation de l&rsquo;\u00e9paule. Cette capsule est normalement souple et permet une gamme \u00e9tendue de mouvements. Cependant, en cas de capsulite r\u00e9tractile, la capsule subit des modifications pathologiques, devenant plus rigide et moins extensible en raison de l&rsquo;inflammation et de la formation de tissu cicatriciel. Cette raideur limite la mobilit\u00e9 de l&rsquo;\u00e9paule, entravant la rotation, l&rsquo;\u00e9l\u00e9vation et d&rsquo;autres mouvements essentiels.<\/p>\n\n\n\n<p>Les ligaments de l&rsquo;\u00e9paule, qui assurent la stabilit\u00e9 articulaire, sont \u00e9galement affect\u00e9s par la capsulite r\u00e9tractile. Les ligaments se trouvent \u00e0 l&rsquo;int\u00e9rieur de la capsule articulaire et, en cas de raideur et de contraction de la capsule, ils peuvent subir des contraintes excessives. Cela peut conduire \u00e0 une diminution de la flexibilit\u00e9 ligamentaire, augmentant le risque de l\u00e9sions ligamentaires et contribuant \u00e0 la limitation des mouvements.<\/p>\n\n\n\n<p>Les muscles entourant l&rsquo;\u00e9paule sont \u00e9galement impact\u00e9s du point de vue biom\u00e9canique. Les muscles de la coiffe des rotateurs, responsables de la stabilisation de l&rsquo;articulation de l&rsquo;\u00e9paule, peuvent subir des d\u00e9s\u00e9quilibres dus \u00e0 la raideur de la capsule. Ces d\u00e9s\u00e9quilibres musculaires peuvent aggraver la limitation des mouvements et contribuer \u00e0 la douleur associ\u00e9e \u00e0 la capsulite r\u00e9tractile.<\/p>\n\n\n\n<p>La biom\u00e9canique alt\u00e9r\u00e9e de la capsulite r\u00e9tractile conduit \u00e0 une perte de synchronisation dans les mouvements de l&rsquo;\u00e9paule. Les articulations adjacentes, telles que l&rsquo;articulation acromioclaviculaire, peuvent \u00e9galement \u00eatre affect\u00e9es, exacerbant les probl\u00e8mes biom\u00e9caniques. La biom\u00e9canique anormale de l&rsquo;\u00e9paule peut entra\u00eener des compensations dans d&rsquo;autres parties du corps, affectant la posture globale et contribuant \u00e0 des d\u00e9s\u00e9quilibres musculaires.<\/p>\n\n\n\n<p>Les m\u00e9canismes biom\u00e9caniques de la capsulite r\u00e9tractile ne se limitent pas \u00e0 l&rsquo;articulation elle-m\u00eame, mais influencent \u00e9galement les tissus environnants, y compris les bourses s\u00e9reuses. Ces petites poches de liquide synovial, qui facilitent le glissement des tendons et des muscles sur l&rsquo;os, peuvent s&rsquo;enflammer en raison des contraintes biom\u00e9caniques accrues, contribuant ainsi \u00e0 la douleur et \u00e0 l&rsquo;inconfort associ\u00e9s \u00e0 la capsulite r\u00e9tractile.<\/p>\n\n\n\n<p>Comprendre la biom\u00e9canique alt\u00e9r\u00e9e de la capsulite r\u00e9tractile est crucial pour guider les approches de traitement. Les interventions visent g\u00e9n\u00e9ralement \u00e0 restaurer la flexibilit\u00e9 de la capsule articulaire, \u00e0 r\u00e9\u00e9quilibrer les muscles de la coiffe des rotateurs et \u00e0 am\u00e9liorer la coordination des mouvements. La physioth\u00e9rapie joue un r\u00f4le central dans ces interventions, en mettant l&rsquo;accent sur des exercices sp\u00e9cifiques pour restaurer la biom\u00e9canique normale de l&rsquo;\u00e9paule.<\/p>\n\n\n\n<div class=\"wp-block-gutena-accordion gutena-accordion-block gutena-accordion-block-b9c6a2-d1\" data-single=\"true\">\n<div class=\"wp-block-gutena-accordion-panel gutena-accordion-block__panel\">\n<div class=\"wp-block-gutena-accordion-panel-title gutena-accordion-block__panel-title\"><div class=\"gutena-accordion-block__panel-title-inner\">\n<h6 class=\"wp-block-heading has-text-align-left\" style=\"margin-top:0px;margin-right:0px;margin-bottom:0px;margin-left:0px\">\u00c9tapes<\/h6>\n<div class=\"trigger-up-down\"><div class=\"horizontal\"><\/div><div class=\"vertical\"><\/div><\/div><\/div><\/div>\n\n\n\n<div class=\"wp-block-gutena-accordion-panel-content gutena-accordion-block__panel-content\"><div class=\"gutena-accordion-block__panel-content-inner\">\n<ol class=\"wp-block-list\">\n<li><strong>\u00c9tape initiale \u2013 Inflammation :<\/strong>\n<ul class=\"wp-block-list\">\n<li>Changements dans la synoviale : L\u2019inflammation initiale affecte la membrane synoviale, qui tapisse la capsule articulaire. Cela peut entra\u00eener une augmentation de la production de liquide synovial et une inflammation de la membrane synoviale elle-m\u00eame.<\/li>\n<\/ul>\n<\/li>\n\n\n\n<li><strong>\u00c9tape de douleur et raideur :<\/strong>\n<ul class=\"wp-block-list\">\n<li>Augmentation de la sensibilit\u00e9 : L\u2019inflammation et l\u2019enflure peuvent augmenter la sensibilit\u00e9 des structures autour de l\u2019articulation de l\u2019\u00e9paule, provoquant des douleurs.<\/li>\n\n\n\n<li>Contractions musculaires r\u00e9flexes : En r\u00e9ponse \u00e0 la douleur, les muscles autour de l\u2019\u00e9paule peuvent subir des contractions r\u00e9flexes, contribuant \u00e0 la raideur.<\/li>\n<\/ul>\n<\/li>\n\n\n\n<li><strong>\u00c9tape de fibrose et \u00e9paississement de la capsule :<\/strong>\n<ul class=\"wp-block-list\">\n<li>Formation de tissu cicatriciel : L\u2019inflammation persistante conduit \u00e0 la formation de tissu cicatriciel ou fibrose dans la capsule articulaire.<\/li>\n\n\n\n<li>\u00c9paississement de la capsule : La fibrose entra\u00eene un \u00e9paississement de la capsule, limitant progressivement la mobilit\u00e9.<\/li>\n<\/ul>\n<\/li>\n\n\n\n<li><strong>\u00c9tape de r\u00e9traction de la capsule :<\/strong>\n<ul class=\"wp-block-list\">\n<li>R\u00e9duction de l\u2019espace articulaire : La fibrose continue \u00e0 se d\u00e9velopper, r\u00e9duisant l\u2019espace articulaire disponible.<\/li>\n\n\n\n<li>R\u00e9traction de la capsule : La capsule articulaire elle-m\u00eame subit une r\u00e9traction, limitant davantage la mobilit\u00e9 de l\u2019\u00e9paule.<\/li>\n<\/ul>\n<\/li>\n\n\n\n<li><strong>\u00c9tape de diminution de la production de liquide synovial :<\/strong>\n<ul class=\"wp-block-list\">\n<li>Compression des structures articulaires : La capsule r\u00e9tract\u00e9e comprime les structures articulaires, y compris les glandes synoviales, diminuant ainsi la production de liquide synovial.<\/li>\n\n\n\n<li>Diminution de la lubrification : Moins de liquide synovial entra\u00eene une diminution de la lubrification normale de l\u2019articulation.<\/li>\n<\/ul>\n<\/li>\n\n\n\n<li><strong>\u00c9tape de formation d\u2019adh\u00e9rences :<\/strong>\n<ul class=\"wp-block-list\">\n<li>Adh\u00e9rences entre les surfaces articulaires : Les surfaces articulaires peuvent former des adh\u00e9rences en raison du tissu cicatriciel, aggravant la raideur et la perte de mobilit\u00e9.<\/li>\n<\/ul>\n<\/li>\n<\/ol>\n<\/div><\/div>\n<\/div>\n<\/div>\n\n\n\n<h2 class=\"wp-block-heading has-white-color has-vivid-cyan-blue-to-vivid-purple-gradient-background has-text-color has-background has-link-color wp-elements-f622321a84da347af702b826bddcb2cc\"><span class=\"ez-toc-section\" id=\"Compensation_que_lepaule_doit_faire_pour_lever_le_bras_avec_une_Capsulite_retractile_de_lepaule\"><\/span>Compensation que l&rsquo;\u00e9paule doit faire pour lever le bras avec une Capsulite r\u00e9tractile de l&rsquo;\u00e9paule<span class=\"ez-toc-section-end\"><\/span><\/h2>\n\n\n\n<p>La capsulite r\u00e9tractile de l&rsquo;\u00e9paule engendre des limitations fonctionnelles significatives, obligeant l&rsquo;\u00e9paule \u00e0 mettre en place des m\u00e9canismes de compensation complexes pour accomplir des mouvements aussi simples que lever le bras. Lorsque la capsule articulaire, une enveloppe de tissu conjonctif qui entoure normalement l&rsquo;articulation de l&rsquo;\u00e9paule, devient rigide et \u00e9paisse en raison de l&rsquo;inflammation et de la formation de tissu cicatriciel, les mouvements naturels de l&rsquo;\u00e9paule sont consid\u00e9rablement restreints.<\/p>\n\n\n\n<p>Lorsqu&rsquo;une personne atteinte de capsulite r\u00e9tractile tente de lever le bras, l&rsquo;\u00e9paule doit compenser en modifiant la m\u00e9canique articulaire normale. Les muscles de la coiffe des rotateurs, responsables de l&rsquo;\u00e9l\u00e9vation du bras, peuvent rencontrer une r\u00e9sistance accrue en raison de la raideur de la capsule, n\u00e9cessitant un effort musculaire suppl\u00e9mentaire pour surmonter cette r\u00e9sistance. Cette compensation peut entra\u00eener une fatigue musculaire rapide et contribuer \u00e0 la sensation de lourdeur ou de douleur lors du mouvement.<\/p>\n\n\n\n<p>Un autre m\u00e9canisme de compensation fr\u00e9quemment observ\u00e9 est la modification de la posture globale. Pour surmonter la raideur de l&rsquo;articulation, la personne peut adopter une posture inclin\u00e9e ou pench\u00e9e, ce qui modifie la m\u00e9canique normale de l&rsquo;\u00e9paule pour faciliter partiellement le mouvement. Cette adaptation posturale peut cependant entra\u00eener des tensions musculaires suppl\u00e9mentaires dans d&rsquo;autres parties du corps, aggravant les probl\u00e8mes biom\u00e9caniques.<\/p>\n\n\n\n<p>La restriction des mouvements normaux de l&rsquo;\u00e9paule conduit \u00e9galement \u00e0 une activation accrue des muscles du cou et du haut du dos. Lorsque l&rsquo;\u00e9l\u00e9vation du bras est compromise, ces muscles tentent de compenser en fournissant un soutien suppl\u00e9mentaire pour le mouvement. Cela peut entra\u00eener des tensions musculaires, des raideurs et des douleurs dans ces zones, ajoutant une couche suppl\u00e9mentaire de complexit\u00e9 aux compensations mises en place par l&rsquo;\u00e9paule.<\/p>\n\n\n\n<p>L&rsquo;utilisation d&rsquo;autres articulations adjacentes peut \u00e9galement \u00eatre impliqu\u00e9e dans le processus de compensation. Les mouvements du tronc, de la colonne vert\u00e9brale et m\u00eame des hanches peuvent \u00eatre sollicit\u00e9s pour aider \u00e0 lever le bras de mani\u00e8re plus efficace. Cependant, ces adaptations peuvent cr\u00e9er des d\u00e9s\u00e9quilibres musculaires et alt\u00e9rer la coordination naturelle des mouvements, entra\u00eenant des cons\u00e9quences n\u00e9fastes sur la posture et la biom\u00e9canique globale du corps.<\/p>\n\n\n\n<p>Les compensations que l&rsquo;\u00e9paule doit faire pour lever le bras avec une capsulite r\u00e9tractile peuvent \u00e9galement influencer les activit\u00e9s de la vie quotidienne. Des gestes simples comme se coiffer, atteindre des objets en hauteur ou se nourrir peuvent devenir des d\u00e9fis importants. Ces limitations fonctionnelles peuvent entra\u00eener une d\u00e9pendance accrue \u00e0 l&rsquo;\u00e9gard de l&rsquo;aide ext\u00e9rieure pour accomplir ces t\u00e2ches quotidiennes, affectant ainsi l&rsquo;autonomie et la qualit\u00e9 de vie.<\/p>\n\n\n\n<p>La prise en charge de la capsulite r\u00e9tractile implique souvent la correction de ces m\u00e9canismes de compensation. La physioth\u00e9rapie joue un r\u00f4le crucial en ciblant la restauration de la mobilit\u00e9 de l&rsquo;\u00e9paule, en renfor\u00e7ant les muscles affaiblis et en r\u00e9tablissant l&rsquo;\u00e9quilibre musculaire. Des exercices sp\u00e9cifiques visent \u00e0 minimiser les compensations inappropri\u00e9es et \u00e0 restaurer une biom\u00e9canique plus naturelle.<\/p>\n\n\n\n<div class=\"wp-block-gutena-accordion gutena-accordion-block gutena-accordion-block-2f698a-f4\" data-single=\"true\">\n<div class=\"wp-block-gutena-accordion-panel gutena-accordion-block__panel\">\n<div class=\"wp-block-gutena-accordion-panel-title gutena-accordion-block__panel-title\"><div class=\"gutena-accordion-block__panel-title-inner\">\n<h6 class=\"wp-block-heading has-text-align-left\" style=\"margin-top:0px;margin-right:0px;margin-bottom:0px;margin-left:0px\">Listes des compensations<\/h6>\n<div class=\"trigger-up-down\"><div class=\"horizontal\"><\/div><div class=\"vertical\"><\/div><\/div><\/div><\/div>\n\n\n\n<div class=\"wp-block-gutena-accordion-panel-content gutena-accordion-block__panel-content\"><div class=\"gutena-accordion-block__panel-content-inner\">\n<ol class=\"wp-block-list\">\n<li><strong>Inclinaison du tronc :<\/strong> Pour compenser la limitation de l&rsquo;\u00e9l\u00e9vation du bras, la personne peut incliner le tronc du c\u00f4t\u00e9 oppos\u00e9 pour faciliter le mouvement.<\/li>\n\n\n\n<li><strong>Rotation du tronc :<\/strong> Une rotation du tronc peut \u00eatre utilis\u00e9e pour aider \u00e0 \u00e9lever le bras en contournant la restriction de mouvement de l&rsquo;\u00e9paule.<\/li>\n\n\n\n<li><strong>\u00c9l\u00e9vation de l&rsquo;omoplate (scapula) :<\/strong> En cas de limitation de l&rsquo;\u00e9l\u00e9vation de l&rsquo;\u00e9paule, l&rsquo;omoplate peut \u00eatre exag\u00e9r\u00e9ment \u00e9lev\u00e9e pour permettre au bras de s&rsquo;\u00e9lever davantage.<\/li>\n\n\n\n<li><strong>Rotation externe du bras :<\/strong> La rotation externe du bras peut \u00eatre utilis\u00e9e pour aider \u00e0 cr\u00e9er de l&rsquo;espace lors de l&rsquo;\u00e9l\u00e9vation du bras, contournant ainsi la restriction de la capsule.<\/li>\n\n\n\n<li><strong>Inclinaison pelvienne :<\/strong> Une inclinaison du bassin peut \u00eatre associ\u00e9e \u00e0 une inclinaison du tronc pour faciliter le mouvement du bras.<\/li>\n\n\n\n<li class=\"wp-elements-4dbd2eea3e5002a554e27e92c628df59\"><strong>Mouvement compensatoire de l&rsquo;\u00e9paule oppos\u00e9e :<\/strong> L&rsquo;\u00e9paule oppos\u00e9e peut adopter des mouvements compensatoires pour aider \u00e0 stabiliser le corps lors de l&rsquo;\u00e9l\u00e9vation du bras.<\/li>\n\n\n\n<li><strong>R\u00e9duction de l&rsquo;amplitude de mouvement :<\/strong> La personne peut limiter l&rsquo;amplitude de mouvement de l&rsquo;\u00e9paule affect\u00e9e, \u00e9vitant ainsi les positions o\u00f9 la restriction est plus prononc\u00e9e.<\/li>\n<\/ol>\n<\/div><\/div>\n<\/div>\n<\/div>\n\n\n\n<h2 class=\"wp-block-heading has-white-color has-vivid-cyan-blue-to-vivid-purple-gradient-background has-text-color has-background has-link-color wp-elements-0cd32795df2c7b9d12fb2dafa861e830\"><span class=\"ez-toc-section\" id=\"Une_Journee_dans_la_Vie_dune_Personne_Souffrant_dAdhesive_Capsulite\"><\/span>Une Journ\u00e9e dans la Vie d\u2019une Personne Souffrant d\u2019Adh\u00e9sive Capsulite<span class=\"ez-toc-section-end\"><\/span><\/h2>\n\n\n\n<p>L&rsquo;adh\u00e9sive capsulite, ou \u00e9paule gel\u00e9e, est une condition complexe qui impacte consid\u00e9rablement la vie quotidienne. Voici un aper\u00e7u de ce que pourrait \u00eatre une journ\u00e9e typique pour une personne vivant avec cette pathologie :<\/p>\n\n\n\n<p><strong>Matin\u00e9e<\/strong><\/p>\n\n\n\n<p>Les matin\u00e9es sont souvent marqu\u00e9es par une raideur intense et une mobilit\u00e9 r\u00e9duite de l&rsquo;\u00e9paule, rendant le r\u00e9veil particuli\u00e8rement difficile. Se lever du lit devient une t\u00e2che lente et douloureuse. Pour att\u00e9nuer la raideur, la personne commence g\u00e9n\u00e9ralement sa journ\u00e9e par des exercices d&rsquo;\u00e9tirement doux et l&rsquo;application de compresses chaudes. Ces pratiques sont essentielles pour am\u00e9liorer la circulation et r\u00e9duire l&rsquo;inconfort.<\/p>\n\n\n\n<p>Le petit-d\u00e9jeuner est soigneusement choisi pour inclure des aliments anti-inflammatoires, tels que des flocons d\u2019avoine agr\u00e9ment\u00e9s de baies, de noix et de graines. Ces choix alimentaires aident \u00e0 mod\u00e9rer l&rsquo;inflammation et apportent les nutriments n\u00e9cessaires pour soutenir la sant\u00e9 des articulations.<\/p>\n\n\n\n<p><strong>Travail et Activit\u00e9s Quotidiennes<\/strong><\/p>\n\n\n\n<p>Les t\u00e2ches quotidiennes n\u00e9cessitent des ajustements pour \u00e9viter de solliciter l&rsquo;\u00e9paule. Que ce soit au travail ou \u00e0 la maison, la personne doit adapter ses mouvements. Des ajustements ergonomiques, tels que l&rsquo;utilisation de chaises de soutien ou de postes de travail adapt\u00e9s, sont souvent n\u00e9cessaires pour minimiser l\u2019inconfort.<\/p>\n\n\n\n<p>Des pauses r\u00e9guli\u00e8res sont cruciales pour \u00e9viter la raideur ; des rappels peuvent \u00eatre programm\u00e9s pour faire des \u00e9tirements ou des exercices doux. Ces pauses aident \u00e0 soulager la douleur et \u00e0 maintenir la flexibilit\u00e9.<\/p>\n\n\n\n<p>Des activit\u00e9s telles que s\u2019habiller, atteindre des objets en hauteur ou porter des charges lourdes n\u00e9cessitent parfois des outils sp\u00e9cialis\u00e9s ou de l\u2019aide. Des solutions cr\u00e9atives sont mises en place pour faciliter ces t\u00e2ches.<\/p>\n\n\n\n<p>Le d\u00e9jeuner est g\u00e9n\u00e9ralement l\u00e9ger mais nutritif, avec une attention particuli\u00e8re port\u00e9e \u00e0 maintenir les niveaux d&rsquo;\u00e9nergie tout en limitant l&rsquo;inflammation. Une salade riche en prot\u00e9ines et en l\u00e9gumes est souvent au menu.<\/p>\n\n\n\n<p><strong>Ost\u00e9opathie et Exercices<\/strong><\/p>\n\n\n\n<p>L&rsquo;ost\u00e9opathie joue un r\u00f4le crucial dans la gestion de l&rsquo;adh\u00e9sive capsulite. Les consultations r\u00e9guli\u00e8res avec un ost\u00e9opathe permettent d&rsquo;am\u00e9liorer la mobilit\u00e9 de l&rsquo;\u00e9paule et de soulager la douleur. L&rsquo;ost\u00e9opathe utilise des techniques manuelles pour \u00e9tirer la capsule de l&rsquo;\u00e9paule, am\u00e9liorer la circulation sanguine et rel\u00e2cher les tensions musculaires.<\/p>\n\n\n\n<p>En plus des traitements ost\u00e9opathiques, des exercices adapt\u00e9s \u00e0 faible impact peuvent \u00eatre int\u00e9gr\u00e9s \u00e0 la routine pour maintenir une bonne forme physique sans surcharger l&rsquo;\u00e9paule. Ces exercices, recommand\u00e9s par l&rsquo;ost\u00e9opathe, visent \u00e0 am\u00e9liorer la souplesse et \u00e0 renforcer les muscles autour de l&rsquo;\u00e9paule.<\/p>\n\n\n\n<p><strong>Gestion de la Douleur<\/strong><\/p>\n\n\n\n<p>La gestion de la douleur est une t\u00e2che constante. Les anti-inflammatoires non st\u00e9ro\u00efdiens (AINS) peuvent \u00eatre utilis\u00e9s pour soulager l\u2019inconfort, et des m\u00e9thodes comme les packs de glace ou les coussins chauffants apportent un soulagement temporaire. Des techniques de relaxation, telles que la m\u00e9ditation ou les exercices de respiration, peuvent \u00e9galement aider \u00e0 g\u00e9rer la douleur et le stress.<\/p>\n\n\n\n<p><strong>Soir\u00e9e et Relaxation<\/strong><\/p>\n\n\n\n<p>En soir\u00e9e, la personne se concentre sur la relaxation pour r\u00e9duire les tensions accumul\u00e9es pendant la journ\u00e9e. Un bain chaud avec des sels d\u2019Epsom peut \u00eatre apaisant pour les muscles. Les activit\u00e9s du soir sont souvent choisies pour \u00e9viter toute sollicitation excessive de l\u2019\u00e9paule, telles que lire ou passer du temps avec des proches.<\/p>\n\n\n\n<p>Le d\u00eener est compos\u00e9 d&rsquo;aliments anti-inflammatoires, incluant du poisson grill\u00e9, des c\u00e9r\u00e9ales compl\u00e8tes et des l\u00e9gumes vari\u00e9s, afin de fournir les nutriments n\u00e9cessaires pour la r\u00e9paration des tissus et maintenir une bonne sant\u00e9 g\u00e9n\u00e9rale.<\/p>\n\n\n\n<p>Avant de se coucher, des exercices de relaxation ou des \u00e9tirements doux peuvent aider \u00e0 pr\u00e9venir la raideur nocturne. Des pratiques de sommeil r\u00e9guli\u00e8res, telles que l\u2019utilisation d\u2019oreillers de soutien et un horaire de sommeil constant, sont importantes pour assurer une bonne qualit\u00e9 de sommeil.<\/p>\n\n\n\n<p><strong>D\u00e9fis Nocturnes<\/strong><\/p>\n\n\n\n<p>Dormir avec une adh\u00e9sive capsulite pr\u00e9sente des d\u00e9fis en raison de la douleur. Trouver une position de sommeil confortable n\u00e9cessite souvent des oreillers sp\u00e9cialis\u00e9s pour soutenir l\u2019\u00e9paule. De nombreux individus optent pour des positions qui minimisent la pression sur l\u2019\u00e9paule affect\u00e9e.<\/p>\n\n\n\n<p>Malgr\u00e9 les difficult\u00e9s, maintenir une attitude positive et se concentrer sur les progr\u00e8s graduels est essentiel. Avec un traitement ost\u00e9opathique appropri\u00e9 et des soins personnels attentifs, il est possible de retrouver une mobilit\u00e9 fonctionnelle et de g\u00e9rer les sympt\u00f4mes de mani\u00e8re efficace.<\/p>\n\n\n\n<h2 class=\"wp-block-heading has-white-color has-vivid-cyan-blue-to-vivid-purple-gradient-background has-text-color has-background has-link-color wp-elements-b9daabf2528bd6d0e63a66b759325cbf\"><span class=\"ez-toc-section\" id=\"Diagnostic_differentiel_de_la_Capsulite_retractile_de_lepaule\"><\/span>Diagnostic diff\u00e9rentiel de la Capsulite r\u00e9tractile de l&rsquo;\u00e9paule<span class=\"ez-toc-section-end\"><\/span><\/h2>\n\n\n\n<p>Voici quelques-unes des conditions qui pourraient \u00eatre prises en compte dans le diagnostic diff\u00e9rentiel de l&rsquo;\u00e9paule gel\u00e9e :<\/p>\n\n\n\n<ol class=\"wp-block-list\">\n<li><strong>Tendinopathie de la coiffe des rotateurs :<\/strong>\n<ul class=\"wp-block-list\">\n<li>Inflammation ou l\u00e9sion des tendons de la coiffe des rotateurs de l&rsquo;\u00e9paule.<\/li>\n<\/ul>\n<\/li>\n\n\n\n<li><strong>Bursite de l&rsquo;\u00e9paule :<\/strong>\n<ul class=\"wp-block-list\">\n<li>Inflammation de la bourse (sac rempli de liquide) autour de l&rsquo;\u00e9paule.<\/li>\n<\/ul>\n<\/li>\n\n\n\n<li><strong>Arthrite de l&rsquo;\u00e9paule :<\/strong>\n<ul class=\"wp-block-list\">\n<li>Inflammation des articulations de l&rsquo;\u00e9paule, pouvant \u00eatre li\u00e9e \u00e0 des maladies auto-immunes.<\/li>\n<\/ul>\n<\/li>\n\n\n\n<li><strong>Syndrome du d\u00e9fil\u00e9 thoracique :<\/strong>\n<ul class=\"wp-block-list\">\n<li>Compression des nerfs ou des vaisseaux sanguins entre la clavicule et la premi\u00e8re c\u00f4te.<\/li>\n<\/ul>\n<\/li>\n\n\n\n<li><strong>L\u00e9sions nerveuses p\u00e9riph\u00e9riques :<\/strong>\n<ul class=\"wp-block-list\">\n<li>Des probl\u00e8mes de nerfs p\u00e9riph\u00e9riques peuvent causer des sympt\u00f4mes similaires, tels que la douleur et la raideur.<\/li>\n<\/ul>\n<\/li>\n\n\n\n<li><strong>Tumeurs ou masses :<\/strong>\n<ul class=\"wp-block-list\">\n<li>Des tumeurs ou des masses dans la r\u00e9gion de l&rsquo;\u00e9paule peuvent provoquer des sympt\u00f4mes similaires.<\/li>\n<\/ul>\n<\/li>\n\n\n\n<li><strong>Maladies cardiaques :<\/strong>\n<ul class=\"wp-block-list\">\n<li>Dans certains cas, la douleur dans le bras ou l&rsquo;\u00e9paule peut \u00eatre li\u00e9e \u00e0 des probl\u00e8mes cardiaques.<\/li>\n<\/ul>\n<\/li>\n\n\n\n<li><strong>Instabilit\u00e9 de l&rsquo;\u00e9paule :<\/strong>\n<ul class=\"wp-block-list\">\n<li>Un d\u00e9s\u00e9quilibre structurel pouvant provoquer des douleurs et une perte de mobilit\u00e9.<\/li>\n<\/ul>\n<\/li>\n\n\n\n<li><strong>Fracture de l&rsquo;hum\u00e9rus ou de la clavicule :<\/strong>\n<ul class=\"wp-block-list\">\n<li>Fracture des os de l&rsquo;\u00e9paule.<\/li>\n<\/ul>\n<\/li>\n\n\n\n<li><strong>Infections articulaires :<\/strong>\n<ul class=\"wp-block-list\">\n<li>Des infections articulaires peuvent causer une inflammation et des sympt\u00f4mes similaires.<\/li>\n<\/ul>\n<\/li>\n<\/ol>\n\n\n\n<h2 class=\"wp-block-heading has-white-color has-vivid-cyan-blue-to-vivid-purple-gradient-background has-text-color has-background has-link-color wp-elements-ccb02e9d04e7bf00fe1392b9de29f464\"><span class=\"ez-toc-section\" id=\"Traitement_de_la_Capsulite_retractile_de_lepaule\"><\/span>Traitement de la Capsulite r\u00e9tractile de l&rsquo;\u00e9paule<span class=\"ez-toc-section-end\"><\/span><\/h2>\n\n\n\n<h3 class=\"wp-block-heading\"><span class=\"ez-toc-section\" id=\"Relache_myofascial\"><\/span>Rel\u00e2che myofascial<span class=\"ez-toc-section-end\"><\/span><\/h3>\n\n\n\n<ul class=\"wp-block-list\">\n<li>Sous scapulaire<\/li>\n\n\n\n<li>Supra\u00e9pineux<\/li>\n\n\n\n<li>Pectoral (petit et grand)<\/li>\n\n\n\n<li>Biceps<\/li>\n<\/ul>\n\n\n\n<h3 class=\"wp-block-heading\"><span class=\"ez-toc-section\" id=\"Manipulation\"><\/span>Manipulation<span class=\"ez-toc-section-end\"><\/span><\/h3>\n\n\n\n<ul class=\"wp-block-list\">\n<li>Mobilisation de l&rsquo;\u00e9paule selon la tol\u00e9rance du patient &#8211; Accent mis sur l&rsquo;\u00e9tirement capsulaire ant\u00e9ro-inf\u00e9rieur <\/li>\n\n\n\n<li>Glissement inf\u00e9rieur, glissement ant\u00e9rieur et distraction axiale <\/li>\n\n\n\n<li>Prise en compte des subluxations thoraciques et de la colonne cervicale <\/li>\n\n\n\n<li>Manipulation sous anesth\u00e9sie &#8211; En cas d&rsquo;\u00e9chec du traitement conservateur, le patient est soumis \u00e0 une anesth\u00e9sie locale et l&rsquo;\u00e9paule est litt\u00e9ralement \u00ab\u00a0d\u00e9chir\u00e9e\u00a0\u00bb dans sa ROM normale &#8211; la proc\u00e9dure est indolore et rompt les adh\u00e9rences chroniques.<\/li>\n<\/ul>\n\n\n\n<p>Augmentation du mouvement articulaire appliqu\u00e9 sur la hanche oppos\u00e9e \u00e0 l&rsquo;\u00e9paule affect\u00e9e tandis que le client bouge activement l&rsquo;\u00e9paule gel\u00e9e peut stimuler les r\u00e9ponses r\u00e9flexes favorisant la mobilit\u00e9<\/p>\n\n\n\n<p class=\"has-white-color has-vivid-cyan-blue-background-color has-text-color has-background has-large-font-size\">Les exercices et la mobilisation articulaire sont plus efficaces que les modalit\u00e9s, les m\u00e9dicaments et les injections de st\u00e9ro\u00efdes.<\/p>\n\n\n\n<h2 class=\"wp-block-heading has-white-color has-vivid-cyan-blue-to-vivid-purple-gradient-background has-text-color has-background has-link-color wp-elements-78285ca5a2d1ba6b336efe660627d250\"><span class=\"ez-toc-section\" id=\"Etirement_et_exercice_de_la_Capsulite_retractile_de_lepaule\"><\/span>\u00c9tirement et exercice de la Capsulite r\u00e9tractile de l&rsquo;\u00e9paule<span class=\"ez-toc-section-end\"><\/span><\/h2>\n\n\n\n<p><strong>&nbsp;1.Pendule<\/strong><\/p>\n\n\n<div class=\"wp-block-image is-resized\">\n<figure class=\"aligncenter size-full\"><img decoding=\"async\" width=\"228\" height=\"221\" src=\"http:\/\/osteomag.ca\/wp-content\/uploads\/2022\/01\/download-3.webp\" alt=\"\" class=\"wp-image-22148\" srcset=\"https:\/\/osteomag.ca\/wp-content\/uploads\/2022\/01\/download-3.webp 228w, https:\/\/osteomag.ca\/wp-content\/uploads\/2022\/01\/download-3-80x78.webp 80w\" sizes=\"(max-width: 228px) 100vw, 228px\" \/><\/figure>\n<\/div>\n\n\n<ol class=\"wp-block-list\">\n<li>Penchez-vous-en avant, en soutenant le corps avec un bras et en relaxant les muscles de l&rsquo;autre bras pour qu&rsquo;il pende librement<\/li>\n\n\n\n<li>D\u00e9placez doucement le bras en avant et en arri\u00e8re, lat\u00e9ralement et en mouvements circulaires.<\/li>\n\n\n\n<li>Effectuez 15 r\u00e9p\u00e9titions dans chaque direction 3 fois par jour.<\/li>\n\n\n\n<li>R\u00e9p\u00e9tez de l&rsquo;autre c\u00f4t\u00e9.<\/li>\n<\/ol>\n\n\n\n<p><strong>&nbsp;2.\u00c9tirement passif de rotation externe<\/strong><\/p>\n\n\n<div class=\"wp-block-image is-resized\">\n<figure class=\"aligncenter size-full\"><img decoding=\"async\" width=\"245\" height=\"244\" src=\"http:\/\/osteomag.ca\/wp-content\/uploads\/2022\/01\/frozen-1.webp\" alt=\"\" class=\"wp-image-22146\" srcset=\"https:\/\/osteomag.ca\/wp-content\/uploads\/2022\/01\/frozen-1.webp 245w, https:\/\/osteomag.ca\/wp-content\/uploads\/2022\/01\/frozen-1-80x80.webp 80w\" sizes=\"(max-width: 245px) 100vw, 245px\" \/><\/figure>\n<\/div>\n\n\n<ol class=\"wp-block-list\">\n<li>Tenez-vous dans une porte, face au montant de la porte.<\/li>\n\n\n\n<li>Avec le bras affect\u00e9 tenu \u00e0 c\u00f4t\u00e9 de vous et le coude pli\u00e9 \u00e0 90 \u00b0, saisissez le bord du montant de porte.<\/li>\n\n\n\n<li>Gardez la main en place et tournez le haut du corps comme indiqu\u00e9 sur l&rsquo;illustration.<\/li>\n\n\n\n<li>Maintenez l&rsquo;\u00e9tirement pendant 30 secondes, puis revenez \u00e0 la position de d\u00e9part durant 30 secondes.<\/li>\n\n\n\n<li>Effectuez 5 r\u00e9p\u00e9titions, 3 fois par jour.<\/li>\n\n\n\n<li>R\u00e9p\u00e9tez de l&rsquo;autre c\u00f4t\u00e9.<\/li>\n<\/ol>\n\n\n\n<p><strong>3.\u00c9tirement passif de la rotation interne.Pendule<\/strong><\/p>\n\n\n<div class=\"wp-block-image is-resized\">\n<figure class=\"aligncenter size-full\"><img decoding=\"async\" width=\"285\" height=\"177\" src=\"http:\/\/osteomag.ca\/wp-content\/uploads\/2022\/01\/images-3.webp\" alt=\"\" class=\"wp-image-22144\" srcset=\"https:\/\/osteomag.ca\/wp-content\/uploads\/2022\/01\/images-3.webp 285w, https:\/\/osteomag.ca\/wp-content\/uploads\/2022\/01\/images-3-80x50.webp 80w\" sizes=\"(max-width: 285px) 100vw, 285px\" \/><\/figure>\n<\/div>\n\n\n<ol class=\"wp-block-list\">\n<li>Derri\u00e8re votre dos, saisissez le b\u00e2ton d&rsquo;une main et saisissez l\u00e9g\u00e8rement l&rsquo;autre extr\u00e9mit\u00e9 du b\u00e2ton de l&rsquo;autre main.<\/li>\n\n\n\n<li>Tirez le b\u00e2ton horizontalement comme indiqu\u00e9 de fa\u00e7on \u00e0 ce que le bras soit passivement \u00e9tir\u00e9 au point de ressentir une traction sans douleur.<\/li>\n\n\n\n<li>Maintenez la position pendant 30 secondes, puis d\u00e9tendez-vous pendant 30 secondes.<\/li>\n\n\n\n<li>R\u00e9p\u00e9tez 5 fois, 3 fois par jour.<\/li>\n\n\n\n<li>R\u00e9p\u00e9tez de l&rsquo;autre c\u00f4t\u00e9.<\/li>\n<\/ol>\n\n\n\n<p><strong>&nbsp;1.Flexion avant en d\u00e9cubitus dorsal<\/strong><\/p>\n\n\n<div class=\"wp-block-image is-resized\">\n<figure class=\"aligncenter size-medium\"><img decoding=\"async\" width=\"540\" height=\"297\" src=\"http:\/\/osteomag.ca\/wp-content\/uploads\/2022\/01\/7563a0881fb157a472bcfb5ea234b7f6-540x297.webp\" alt=\"\" class=\"wp-image-22142\" srcset=\"https:\/\/osteomag.ca\/wp-content\/uploads\/2022\/01\/7563a0881fb157a472bcfb5ea234b7f6-540x297.webp 540w, https:\/\/osteomag.ca\/wp-content\/uploads\/2022\/01\/7563a0881fb157a472bcfb5ea234b7f6-1030x567.webp 1030w, https:\/\/osteomag.ca\/wp-content\/uploads\/2022\/01\/7563a0881fb157a472bcfb5ea234b7f6-80x44.webp 80w, https:\/\/osteomag.ca\/wp-content\/uploads\/2022\/01\/7563a0881fb157a472bcfb5ea234b7f6-768x422.webp 768w, https:\/\/osteomag.ca\/wp-content\/uploads\/2022\/01\/7563a0881fb157a472bcfb5ea234b7f6-1536x845.webp 1536w, https:\/\/osteomag.ca\/wp-content\/uploads\/2022\/01\/7563a0881fb157a472bcfb5ea234b7f6-2048x1126.webp 2048w, https:\/\/osteomag.ca\/wp-content\/uploads\/2022\/01\/7563a0881fb157a472bcfb5ea234b7f6-696x383.webp 696w, https:\/\/osteomag.ca\/wp-content\/uploads\/2022\/01\/7563a0881fb157a472bcfb5ea234b7f6-1068x587.webp 1068w, https:\/\/osteomag.ca\/wp-content\/uploads\/2022\/01\/7563a0881fb157a472bcfb5ea234b7f6-764x420.webp 764w\" sizes=\"(max-width: 540px) 100vw, 540px\" \/><\/figure>\n<\/div>\n\n\n<ol class=\"wp-block-list\">\n<li>Allongez-vous sur le dos, les jambes droites.<\/li>\n\n\n\n<li>Avec le bras non affect\u00e9, saisissez le bras affect\u00e9 au niveau du coude et soulevez le bras affect\u00e9 au-dessus jusqu&rsquo;\u00e0 ce que vous sentiez un l\u00e9ger \u00e9tirement.<\/li>\n\n\n\n<li>Maintenez l&rsquo;\u00e9tirement pendant 15 secondes et abaissez lentement jusqu&rsquo;\u00e0 la position de d\u00e9part.<\/li>\n\n\n\n<li>Effectuez 5 r\u00e9p\u00e9titions, 3 fois par jour.<\/li>\n<\/ol>\n\n\n\n<h2 class=\"wp-block-heading has-white-color has-vivid-cyan-blue-to-vivid-purple-gradient-background has-text-color has-background has-link-color wp-elements-6371a9c54d55ea3d172028b954cac994\"><span class=\"ez-toc-section\" id=\"Conclusion\"><\/span>Conclusion<span class=\"ez-toc-section-end\"><\/span><\/h2>\n\n\n\n<p>La capsulite r\u00e9tractile, \u00e9galement connue sous le nom d&rsquo;\u00e9paule gel\u00e9e, est une condition m\u00e9dicale caract\u00e9ris\u00e9e par une inflammation et un \u00e9paississement de la capsule articulaire de l&rsquo;\u00e9paule. Cela entra\u00eene une perte progressive de la mobilit\u00e9 de l&rsquo;articulation de l&rsquo;\u00e9paule, accompagn\u00e9e de douleurs et d&rsquo;une raideur importantes. Bien que la cause exacte de la capsulite r\u00e9tractile ne soit pas toujours claire, des facteurs tels que les traumatismes, l&rsquo;inactivit\u00e9, le diab\u00e8te et certaines conditions m\u00e9dicales peuvent contribuer au d\u00e9veloppement de cette affection.<\/p>\n\n\n\n<p>La gestion de la capsulite r\u00e9tractile repose souvent sur des approches conservatrices, telles que l&rsquo;osteopathie, et les exercices d&rsquo;\u00e9tirement. Dans les cas plus graves, des interventions m\u00e9dicales telles que l&rsquo;injection de corticost\u00e9ro\u00efdes ou la manipulation sous anesth\u00e9sie peuvent \u00eatre envisag\u00e9es. La r\u00e9cup\u00e9ration de la mobilit\u00e9 de l&rsquo;\u00e9paule peut prendre plusieurs mois, voire plus d&rsquo;un an dans certains cas.<\/p>\n\n\n\n<p>En conclusion, la capsulite r\u00e9tractile est une condition d\u00e9bilitante de l&rsquo;\u00e9paule qui peut avoir un impact significatif sur la qualit\u00e9 de vie des personnes touch\u00e9es. La prise en charge pr\u00e9coce et appropri\u00e9e, en collaboration avec des professionnels de la sant\u00e9, est essentielle pour att\u00e9nuer les sympt\u00f4mes, restaurer la mobilit\u00e9 et favoriser la r\u00e9cup\u00e9ration fonctionnelle de l&rsquo;articulation de l&rsquo;\u00e9paule.<\/p>\n\n\n\n<h2 class=\"wp-block-heading has-white-color has-vivid-cyan-blue-to-vivid-purple-gradient-background has-text-color has-background has-link-color wp-elements-e02bba9da2182abaf91a40fe42ad06f6\"><span class=\"ez-toc-section\" id=\"Quizz\"><\/span>Quizz<span class=\"ez-toc-section-end\"><\/span><\/h2>\n\n\n\n<h2 class=\"wp-block-heading\"><span class=\"ez-toc-section\" id=\"Questionnaire_1\"><\/span>Questionnaire 1<span class=\"ez-toc-section-end\"><\/span><\/h2>\n\n\n\n<ol class=\"wp-block-list\">\n<li>Qu&rsquo;est-ce qui caract\u00e9rise la capsulite r\u00e9tractile de l&rsquo;\u00e9paule? \n<ul class=\"wp-block-list\">\n<li>a. Inflammation des muscles de l&rsquo;\u00e9paule <\/li>\n\n\n\n<li>b. \u00c9paississement de la capsule articulaire <\/li>\n\n\n\n<li>c. Rupture du tendon sus-\u00e9pineux <\/li>\n\n\n\n<li>d. Blocage de la clavicule <\/li>\n\n\n\n<li>e. Douleur dans le cou<\/li>\n<\/ul>\n<\/li>\n\n\n\n<li>Qui est souvent cr\u00e9dit\u00e9 d&rsquo;une des premi\u00e8res descriptions formelles de l&rsquo;\u00e9paule gel\u00e9e? \n<ul class=\"wp-block-list\">\n<li>a. Julius Nevasier <\/li>\n\n\n\n<li>b. Janet G. Travell <\/li>\n\n\n\n<li>c. Ernest Amory Codman<\/li>\n\n\n\n<li>d. Julius Salem Neviaser <\/li>\n\n\n\n<li>e. William H. Simmons<\/li>\n<\/ul>\n<\/li>\n\n\n\n<li>Quel est le terme couramment utilis\u00e9 pour d\u00e9crire l&rsquo;\u00e9paule gel\u00e9e dans la litt\u00e9rature m\u00e9dicale? \n<ul class=\"wp-block-list\">\n<li>a. Capsulite adh\u00e9sive <\/li>\n\n\n\n<li>b. Capsulite r\u00e9tractile <\/li>\n\n\n\n<li>c. Syndrome de l&rsquo;\u00e9paule fig\u00e9e <\/li>\n\n\n\n<li>d. \u00c9paule immobile <\/li>\n\n\n\n<li>e. Cong\u00e9lation articulaire<\/li>\n<\/ul>\n<\/li>\n\n\n\n<li>Quel est l&rsquo;\u00e2ge le plus fr\u00e9quent pour le d\u00e9veloppement de l&rsquo;\u00e9paule gel\u00e9e? \n<ul class=\"wp-block-list\">\n<li>a. 20-30 ans <\/li>\n\n\n\n<li>b. 40-60 ans <\/li>\n\n\n\n<li>c. 60-80 ans <\/li>\n\n\n\n<li>d. 30-40 ans <\/li>\n\n\n\n<li>e. 50-70 ans<\/li>\n<\/ul>\n<\/li>\n\n\n\n<li>Quel facteur de risque est associ\u00e9 au d\u00e9veloppement de la capsulite r\u00e9tractile? \n<ul class=\"wp-block-list\">\n<li>a. Exercice r\u00e9gulier <\/li>\n\n\n\n<li>b. Diab\u00e8te <\/li>\n\n\n\n<li>c. Jeune \u00e2ge <\/li>\n\n\n\n<li>d. Sexe masculin <\/li>\n\n\n\n<li>e. Ant\u00e9c\u00e9dents de chirurgie de l&rsquo;\u00e9paule<\/li>\n<\/ul>\n<\/li>\n\n\n\n<li>Quel professionnel de la sant\u00e9 est souvent consult\u00e9 pour le traitement de la capsulite r\u00e9tractile? \n<ul class=\"wp-block-list\">\n<li>a. Podiatre <\/li>\n\n\n\n<li>b. Ost\u00e9opathe <\/li>\n\n\n\n<li>c. M\u00e9decin orthop\u00e9diste <\/li>\n\n\n\n<li>d. Chiropraticien <\/li>\n\n\n\n<li>e. Rhumatologue<\/li>\n<\/ul>\n<\/li>\n\n\n\n<li>Quelle posture incorrecte est associ\u00e9e au risque accru de d\u00e9velopper le syndrome de l&rsquo;arc de l&rsquo;hum\u00e9rus? \n<ul class=\"wp-block-list\">\n<li>a. \u00c9paules arrondies <\/li>\n\n\n\n<li>b. Colonne vert\u00e9brale droite <\/li>\n\n\n\n<li>c. T\u00eate inclin\u00e9e en arri\u00e8re <\/li>\n\n\n\n<li>d. Inclinaison lat\u00e9rale du tronc <\/li>\n\n\n\n<li>e. Flexion des genoux<\/li>\n<\/ul>\n<\/li>\n\n\n\n<li>Quel stade de l&rsquo;\u00e9volution de la capsulite r\u00e9tractile est caract\u00e9ris\u00e9 par une amplitude de mouvement consid\u00e9rablement r\u00e9duite et une douleur persistante? \n<ul class=\"wp-block-list\">\n<li>a. Pr\u00e9-cong\u00e9lation <\/li>\n\n\n\n<li>b. Cong\u00e9lation <\/li>\n\n\n\n<li>c. Congel\u00e9e <\/li>\n\n\n\n<li>d. D\u00e9cong\u00e9lation <\/li>\n\n\n\n<li>e. Stade initial<\/li>\n<\/ul>\n<\/li>\n\n\n\n<li>Quelle pathophysiologie est associ\u00e9e \u00e0 la capsulite r\u00e9tractile? \n<ul class=\"wp-block-list\">\n<li>a. Inflammation initiale <\/li>\n\n\n\n<li>b. Diminution du volume capsulaire <\/li>\n\n\n\n<li>c. Formation de tissu cicatriciel <\/li>\n\n\n\n<li>d. R\u00e9traction de la capsule <\/li>\n\n\n\n<li>e. Toutes les r\u00e9ponses ci-dessus<\/li>\n<\/ul>\n<\/li>\n\n\n\n<li>Quel est le terme utilis\u00e9 pour d\u00e9crire la phase o\u00f9 l&rsquo;\u00e9paule gel\u00e9e pr\u00e9sente une douleur croissante, mais aucune restriction \u00e9vidente des mouvements? \n<ul class=\"wp-block-list\">\n<li>a. Pr\u00e9-cong\u00e9lation <\/li>\n\n\n\n<li>b. Cong\u00e9lation <\/li>\n\n\n\n<li>c. Congel\u00e9e <\/li>\n\n\n\n<li>d. D\u00e9cong\u00e9lation <\/li>\n\n\n\n<li>e. Stade initial<\/li>\n<\/ul>\n<\/li>\n<\/ol>\n\n\n\n<p>R\u00e9ponses:<\/p>\n\n\n\n<ol class=\"wp-block-list\">\n<li>b. \u00c9paississement de la capsule articulaire<\/li>\n\n\n\n<li>c. Ernest Amory Codman<\/li>\n\n\n\n<li>a. Capsulite adh\u00e9sive<\/li>\n\n\n\n<li>b. 40-60 ans<\/li>\n\n\n\n<li>b. Diab\u00e8te<\/li>\n\n\n\n<li>b. Ost\u00e9opathe<\/li>\n\n\n\n<li>a. \u00c9paules arrondies<\/li>\n\n\n\n<li>c. Congel\u00e9e<\/li>\n\n\n\n<li>e. Toutes les r\u00e9ponses ci-dessus<\/li>\n\n\n\n<li>a. Pr\u00e9-cong\u00e9lation<\/li>\n<\/ol>\n\n\n\n<div class=\"wp-block-gutena-accordion gutena-accordion-block gutena-accordion-block-f1057d-5a\" data-single=\"true\">\n<div class=\"wp-block-gutena-accordion-panel gutena-accordion-block__panel\">\n<div class=\"wp-block-gutena-accordion-panel-title gutena-accordion-block__panel-title\"><div class=\"gutena-accordion-block__panel-title-inner\">\n<h6 class=\"wp-block-heading has-text-align-left\" style=\"margin-top:0px;margin-right:0px;margin-bottom:0px;margin-left:0px\">Questionnaire 2<\/h6>\n<div class=\"trigger-up-down\"><div class=\"horizontal\"><\/div><div class=\"vertical\"><\/div><\/div><\/div><\/div>\n\n\n\n<div class=\"wp-block-gutena-accordion-panel-content gutena-accordion-block__panel-content\"><div class=\"gutena-accordion-block__panel-content-inner\">\n<ol class=\"wp-block-list\">\n<li>Quel terme est souvent utilis\u00e9 de mani\u00e8re interchangeable avec \u00ab&nbsp;capsulite r\u00e9tractile&nbsp;\u00bb?\n<ul class=\"wp-block-list\">\n<li>a. \u00c9paule bloqu\u00e9e<\/li>\n\n\n\n<li>b. \u00c9paule immobile<\/li>\n\n\n\n<li>c. \u00c9paule fig\u00e9e<\/li>\n\n\n\n<li>d. Toutes les r\u00e9ponses ci-dessus<\/li>\n\n\n\n<li>e. Aucune des r\u00e9ponses ci-dessus<\/li>\n<\/ul>\n<\/li>\n\n\n\n<li>Quelle condition m\u00e9dicale pr\u00e9existante est associ\u00e9e \u00e0 un risque accru de d\u00e9velopper la capsulite r\u00e9tractile?\n<ul class=\"wp-block-list\">\n<li>a. Hypertension art\u00e9rielle<\/li>\n\n\n\n<li>b. Asthme<\/li>\n\n\n\n<li>c. Diab\u00e8te<\/li>\n\n\n\n<li>d. Migraine<\/li>\n\n\n\n<li>e. Arthrite rhumato\u00efde<\/li>\n<\/ul>\n<\/li>\n\n\n\n<li>Quel est le terme utilis\u00e9 pour d\u00e9crire la p\u00e9riode o\u00f9 l\u2019articulation de l\u2019\u00e9paule est immobilis\u00e9e pendant une p\u00e9riode prolong\u00e9e?\n<ul class=\"wp-block-list\">\n<li>a. Stase articulaire<\/li>\n\n\n\n<li>b. P\u00e9riode de cong\u00e9lation<\/li>\n\n\n\n<li>c. Immobilisation capsulaire<\/li>\n\n\n\n<li>d. Cong\u00e9lation prolong\u00e9e<\/li>\n\n\n\n<li>e. Aucune des r\u00e9ponses ci-dessus<\/li>\n<\/ul>\n<\/li>\n\n\n\n<li>Quel muscle est en grande partie responsable du blocage de l\u2019\u00e9paule gel\u00e9e?\n<ul class=\"wp-block-list\">\n<li>a. Muscle delto\u00efde<\/li>\n\n\n\n<li>b. Muscle trap\u00e8ze<\/li>\n\n\n\n<li>c. Muscle sous-scapulaire<\/li>\n\n\n\n<li>d. Muscle grand dorsal<\/li>\n\n\n\n<li>e. Muscle pectoral majeur<\/li>\n<\/ul>\n<\/li>\n\n\n\n<li>Quelle est la principale fonction de la capsule articulaire de l\u2019\u00e9paule?\n<ul class=\"wp-block-list\">\n<li>a. Lubrification de l\u2019articulation<\/li>\n\n\n\n<li>b. Stabilisation de l\u2019articulation<\/li>\n\n\n\n<li>c. R\u00e9duction de la douleur<\/li>\n\n\n\n<li>d. Protection des os<\/li>\n\n\n\n<li>e. Toutes les r\u00e9ponses ci-dessus<\/li>\n<\/ul>\n<\/li>\n\n\n\n<li>Quelle description correspond le mieux \u00e0 la douleur associ\u00e9e \u00e0 la capsulite r\u00e9tractile? \n<ul class=\"wp-block-list\">\n<li>a. Douleur uniquement pendant l&rsquo;exercice <\/li>\n\n\n\n<li>b. Douleur persistante, surtout la nuit <\/li>\n\n\n\n<li>c. Douleur aigu\u00eb et soudaine <\/li>\n\n\n\n<li>d. Douleur localis\u00e9e uniquement \u00e0 l&rsquo;avant de l&rsquo;\u00e9paule <\/li>\n\n\n\n<li>e. Absence de douleur<\/li>\n<\/ul>\n<\/li>\n\n\n\n<li>Quelle mesure est souvent recommand\u00e9e pour soulager la douleur associ\u00e9e \u00e0 la capsulite r\u00e9tractile? \n<ul class=\"wp-block-list\">\n<li>a. Immobilisation compl\u00e8te de l&rsquo;\u00e9paule <\/li>\n\n\n\n<li>b. Chirurgie imm\u00e9diate <\/li>\n\n\n\n<li>c. M\u00e9dicaments anti-inflammatoires <\/li>\n\n\n\n<li>d. Exercices de haute intensit\u00e9 <\/li>\n\n\n\n<li>e. Aucune option de traitement<\/li>\n<\/ul>\n<\/li>\n\n\n\n<li>Quelle est la dur\u00e9e typique de la phase de d\u00e9cong\u00e9lation de la capsulite r\u00e9tractile? \n<ul class=\"wp-block-list\">\n<li>a. 1 \u00e0 3 semaines <\/li>\n\n\n\n<li>b. 3 \u00e0 6 mois <\/li>\n\n\n\n<li>c. 6 mois \u00e0 1 an <\/li>\n\n\n\n<li>d. 1 \u00e0 2 ans <\/li>\n\n\n\n<li>e. Ind\u00e9termin\u00e9e, varie d&rsquo;une personne \u00e0 l&rsquo;autre<\/li>\n<\/ul>\n<\/li>\n\n\n\n<li>Quelle partie du corps peut \u00eatre affect\u00e9e par une mauvaise posture, en plus de l&rsquo;\u00e9paule, en cas de rotation interne de l&rsquo;hum\u00e9rus? \n<ul class=\"wp-block-list\">\n<li>a. Genoux <\/li>\n\n\n\n<li>b. Pieds<\/li>\n\n\n\n<li>c. Hanche <\/li>\n\n\n\n<li>d. Cou <\/li>\n\n\n\n<li>e. Aucune autre partie du corps<\/li>\n<\/ul>\n<\/li>\n\n\n\n<li>Quel terme est utilis\u00e9 pour d\u00e9crire la compression des tendons, des muscles et d&rsquo;autres structures de l&rsquo;\u00e9paule pendant les mouvements, provoquant douleur et inflammation? \n<ul class=\"wp-block-list\">\n<li>a. Tendinite <\/li>\n\n\n\n<li>b. Bursite <\/li>\n\n\n\n<li>c. Capsulite adh\u00e9sive <\/li>\n\n\n\n<li>d. Syndrome de l&rsquo;arc de l&rsquo;hum\u00e9rus <\/li>\n\n\n\n<li>e. Luxation articulaire<\/li>\n<\/ul>\n<\/li>\n<\/ol>\n\n\n\n<ol class=\"wp-block-list\">\n<li>d. Toutes les r\u00e9ponses ci-dessus<\/li>\n\n\n\n<li>c. Diab\u00e8te<\/li>\n\n\n\n<li>c. Immobilisation capsulaire<\/li>\n\n\n\n<li>c. Muscle sous-scapulaire<\/li>\n\n\n\n<li>b. Stabilisation de l\u2019articulation<\/li>\n\n\n\n<li>b. Douleur persistante, surtout la nuit<\/li>\n\n\n\n<li>c. M\u00e9dicaments anti-inflammatoires<\/li>\n\n\n\n<li>d. 1 \u00e0 2 ans<\/li>\n\n\n\n<li>d. Cou<\/li>\n\n\n\n<li>d. Syndrome de l&rsquo;arc de l&rsquo;hum\u00e9rus<\/li>\n<\/ol>\n<\/div><\/div>\n<\/div>\n\n\n\n<div class=\"wp-block-gutena-accordion-panel gutena-accordion-block__panel\">\n<div class=\"wp-block-gutena-accordion-panel-title gutena-accordion-block__panel-title\"><div class=\"gutena-accordion-block__panel-title-inner\">\n<h6 class=\"wp-block-heading has-text-align-left\" style=\"margin-top:0px;margin-right:0px;margin-bottom:0px;margin-left:0px\">Questionnaire 3<\/h6>\n<div class=\"trigger-up-down\"><div class=\"horizontal\"><\/div><div class=\"vertical\"><\/div><\/div><\/div><\/div>\n\n\n\n<div class=\"wp-block-gutena-accordion-panel-content gutena-accordion-block__panel-content\"><div class=\"gutena-accordion-block__panel-content-inner\">\n<ol start=\"21\" class=\"wp-block-list\">\n<li>Quel chirurgien est souvent cr\u00e9dit\u00e9 d&rsquo;une des premi\u00e8res descriptions formelles de l&rsquo;\u00e9paule gel\u00e9e?<br>a. Julius Nevasier<br>b. Janet Travell<br>c. Ernest Codman<br>d. Simmons<br>e. Julius Salem Neviaser<\/li>\n\n\n\n<li>Quel terme est utilis\u00e9 pour d\u00e9crire une condition d&rsquo;\u00e9tiologie incertaine caract\u00e9ris\u00e9e par une restriction importante du mouvement de l&rsquo;\u00e9paule sans un trouble intrins\u00e8que connu?<br>a. Bursite<br>b. Capsulite r\u00e9tractile<br>c. \u00c9paule gel\u00e9e<br>d. Tendinite<br>e. Adh\u00e9rence capsulaire<\/li>\n\n\n\n<li>Quel groupe de muscles est principalement responsable du blocage de l&rsquo;\u00e9paule gel\u00e9e selon l&rsquo;approche du point g\u00e2chette?<br>a. Biceps brachial<br>b. Muscles delto\u00efdes<br>c. Muscles sous-scapulaires et supra-\u00e9pineux<br>d. Triceps brachial<br>e. Muscles pectoraux<\/li>\n\n\n\n<li>Quelle est la dur\u00e9e typique de la phase de cong\u00e9lation de la capsulite r\u00e9tractile?<br>a. 1 \u00e0 3 mois<br>b. 3 \u00e0 6 mois<br>c. 6 \u00e0 9 mois<br>d. 9 \u00e0 14 mois<br>e. Varie d&rsquo;une personne \u00e0 l&rsquo;autre<\/li>\n\n\n\n<li>Quel terme est utilis\u00e9 pour d\u00e9crire une diminution du volume capsulaire associ\u00e9e \u00e0 la capsulite r\u00e9tractile?<br>a. Capsulite adh\u00e9sive<br>b. Fibrose capsulaire<br>c. Atrophie capsulaire<br>d. Rupture capsulaire<br>e. D\u00e9formation capsulaire<\/li>\n\n\n\n<li>Quelle condition peut r\u00e9sulter de la compression du nerf brachial due \u00e0 une rotation interne constante de l&rsquo;hum\u00e9rus?<br>a. Tendinite<br>b. Bursite<br>c. Syndrome de l&rsquo;arc de l&rsquo;hum\u00e9rus<br>d. Entorse<br>e. Fracture<\/li>\n\n\n\n<li>Quel est l&rsquo;objectif principal du traitement de la capsulite r\u00e9tractile?<br>a. Immobilisation compl\u00e8te<br>b. Soulagement de la douleur et restauration de la mobilit\u00e9<br>c. Chirurgie imm\u00e9diate<br>d. Exercices de haute intensit\u00e9<br>e. Aucun traitement n\u00e9cessaire<\/li>\n\n\n\n<li>Quel facteur n&rsquo;est pas associ\u00e9 \u00e0 un risque accru de d\u00e9velopper une \u00e9paule gel\u00e9e?<br>a. Diab\u00e8te<br>b. Inactivit\u00e9 physique<br>c. Traumatisme ou chirurgie de l&rsquo;\u00e9paule<br>d. Jeunesse<br>e. Maladies auto-immunes<\/li>\n\n\n\n<li>Quel stade de la capsulite r\u00e9tractile est caract\u00e9ris\u00e9 par une amplitude de mouvement consid\u00e9rablement r\u00e9duite?<br>a. Pr\u00e9-cong\u00e9lation<br>b. Cong\u00e9lation<br>c. Congel\u00e9e<br>d. D\u00e9cong\u00e9lation<br>e. R\u00e9mission<\/li>\n\n\n\n<li>Quel m\u00e9decin a identifi\u00e9 un processus inflammatoire chronique menant \u00e0 l&rsquo;\u00e9paississement et \u00e0 la contracture de la capsule articulaire de l&rsquo;\u00e9paule en 1944?<br>a. Julius Nevasier<br>b. Ernest Codman<br>c. Janet Travell<br>d. Simmons<br>e. Julius Salem Neviaser<\/li>\n\n\n\n<li>Quelle est la principale cons\u00e9quence d&rsquo;une rotation interne permanente de l&rsquo;hum\u00e9rus sur la fonction normale de l&rsquo;articulation de l&rsquo;\u00e9paule?<br>a. Augmentation de la rotation externe<br>b. Diminution de la force musculaire<br>c. Am\u00e9lioration de la mobilit\u00e9<br>d. Risque accru de luxation articulaire<br>e. Difficult\u00e9 \u00e0 effectuer une rotation externe<\/li>\n\n\n\n<li>Quel terme est utilis\u00e9 pour d\u00e9crire la compression des tendons, des muscles et d&rsquo;autres structures de l&rsquo;\u00e9paule pendant les mouvements, provoquant douleur et inflammation?<br>a. Tendinite<br>b. Bursite<br>c. Capsulite adh\u00e9sive<br>d. Syndrome de l&rsquo;arc de l&rsquo;hum\u00e9rus<br>e. Luxation articulaire<\/li>\n\n\n\n<li>Quelle est la contribution majeure d&rsquo;Ernest Codman \u00e0 la compr\u00e9hension de l&rsquo;\u00e9paule gel\u00e9e?<br>a. Identification du processus inflammatoire<br>b. D\u00e9finition de la terminologie<br>c. D\u00e9couverte des points de d\u00e9clenchement<br>d. Publication d&rsquo;un livre sur la capsulite r\u00e9tractile<br>e. Cr\u00e9ation du terme \u00ab\u00a0\u00e9paule gel\u00e9e\u00a0\u00bb<\/li>\n\n\n\n<li>Quelle partie du corps est affect\u00e9e par le syndrome de l&rsquo;arc de l&rsquo;hum\u00e9rus?<br>a. Genoux<br>b. Pieds<br>c. Hanche<br>d. \u00c9paule<br>e. Cou<\/li>\n\n\n\n<li>Quel terme est souvent utilis\u00e9 en fran\u00e7ais pour d\u00e9crire l&rsquo;\u00e9paule gel\u00e9e?<br>a. Capsulite adh\u00e9sive<br>b. \u00c9paule fig\u00e9e<br>c. Syndrome de l&rsquo;arc de l&rsquo;hum\u00e9rus<br>d. \u00c9paule immobilis\u00e9e<br>e. Douleur \u00e9paule<\/li>\n\n\n\n<li>Quelle est la principale fonction de la capsule articulaire de l&rsquo;\u00e9paule?<br>a. Fournir de la chaleur \u00e0 l&rsquo;articulation<br>b. Agir comme une enveloppe protectrice<br>c. S\u00e9cr\u00e9ter du liquide synovial<br>d. Soutenir le poids du bras<br>e. Produire des cellules sanguines<\/li>\n\n\n\n<li>Quel terme est utilis\u00e9 pour d\u00e9crire une restriction importante du mouvement de l&rsquo;\u00e9paule en l&rsquo;absence d&rsquo;un trouble intrins\u00e8que connu?<br>a. Bursite<br>b. Capsulite r\u00e9tractile<br>c. \u00c9paule gel\u00e9e<br>d. Tendinite<br>e. Adh\u00e9rence capsulaire<\/li>\n\n\n\n<li>Quel est l&rsquo;impact de la mauvaise posture sur la sant\u00e9 de l&rsquo;\u00e9paule en cas de rotation interne de l&rsquo;hum\u00e9rus?<br>a. Am\u00e9lioration de la rotation externe<br>b. Diminution du risque de syndrome de l&rsquo;arc de l&rsquo;hum\u00e9rus<br>c. Compression accrue du nerf brachial<br>d. Aucun impact<br>e. Augmentation de la mobilit\u00e9<\/li>\n\n\n\n<li>Quelle condition peut r\u00e9sulter de la compression du nerf brachial due \u00e0 une rotation interne constante de l&rsquo;hum\u00e9rus?<br>a. Tendinite<br>b. Bursite\n<ul class=\"wp-block-list\">\n<li>c. Syndrome de l&rsquo;arc de l&rsquo;hum\u00e9rus<\/li>\n\n\n\n<li>d. Entorse<\/li>\n\n\n\n<li>e. Fracture<\/li>\n<\/ul>\n<\/li>\n<\/ol>\n\n\n\n<ol start=\"40\" class=\"wp-block-list\">\n<li>Quelle mesure est souvent recommand\u00e9e pour pr\u00e9venir la capsulite r\u00e9tractile chez les personnes \u00e0 risque?<br>a. Inactivit\u00e9 physique<br>b. \u00c9viter tout mouvement de l&rsquo;\u00e9paule<br>c. Maintenir une posture incorrecte<br>d. Exercices r\u00e9guliers et \u00e9tirements<br>e. Aucune mesure pr\u00e9ventive n\u00e9cessaire<\/li>\n<\/ol>\n\n\n\n<p>R\u00e9ponses:<\/p>\n\n\n\n<ol start=\"21\" class=\"wp-block-list\">\n<li>e. Julius Salem Neviaser<\/li>\n\n\n\n<li>c. \u00c9paule gel\u00e9e<\/li>\n\n\n\n<li>c. Muscles sous-scapulaires et supra-\u00e9pineux<\/li>\n\n\n\n<li>e. Varie d&rsquo;une personne \u00e0 l&rsquo;autre<\/li>\n\n\n\n<li>b. Fibrose capsulaire<\/li>\n\n\n\n<li>c. Syndrome de l&rsquo;arc de l&rsquo;hum\u00e9rus<\/li>\n\n\n\n<li>b. Soulagement de la douleur et restauration de la mobilit\u00e9<\/li>\n\n\n\n<li>d. Jeunesse<\/li>\n\n\n\n<li>c. Congel\u00e9e<\/li>\n\n\n\n<li>e. Julius Salem Neviaser<\/li>\n\n\n\n<li>b. Diminution de la force musculaire<\/li>\n\n\n\n<li>c. Capsulite adh\u00e9sive<\/li>\n\n\n\n<li>b. D\u00e9finition de la terminologie<\/li>\n\n\n\n<li>d. \u00c9paule<\/li>\n\n\n\n<li>a. Capsulite adh\u00e9sive<\/li>\n\n\n\n<li>b. Agir comme une enveloppe protectrice<\/li>\n\n\n\n<li>c. \u00c9paule gel\u00e9e<\/li>\n\n\n\n<li>c. Compression accrue du nerf brachial<\/li>\n\n\n\n<li>c. Syndrome de l&rsquo;arc de l&rsquo;hum\u00e9rus<\/li>\n\n\n\n<li>d. Exercices r\u00e9guliers et \u00e9tirements<\/li>\n<\/ol>\n<\/div><\/div>\n<\/div>\n\n\n\n<div class=\"wp-block-gutena-accordion-panel gutena-accordion-block__panel\">\n<div class=\"wp-block-gutena-accordion-panel-title gutena-accordion-block__panel-title\"><div class=\"gutena-accordion-block__panel-title-inner\">\n<h6 class=\"wp-block-heading has-text-align-left\" style=\"margin-top:0px;margin-right:0px;margin-bottom:0px;margin-left:0px\">Questionnaire 4<\/h6>\n<div class=\"trigger-up-down\"><div class=\"horizontal\"><\/div><div class=\"vertical\"><\/div><\/div><\/div><\/div>\n\n\n\n<div class=\"wp-block-gutena-accordion-panel-content gutena-accordion-block__panel-content\"><div class=\"gutena-accordion-block__panel-content-inner\">\n<p>D&rsquo;accord, voici 20 questions \u00e0 choix multiples sur la pathophysiologie de la capsulite r\u00e9tractile de l&rsquo;\u00e9paule, avec les r\u00e9ponses \u00e0 la fin du questionnaire.<\/p>\n\n\n\n<ol class=\"wp-block-list\">\n<li>Qu&rsquo;est-ce qui semble \u00eatre \u00e0 l&rsquo;origine de l&rsquo;\u00e9paule gel\u00e9e selon la pathophysiologie d\u00e9crite?<br>a. Infection<br>b. Inflammation et fibrose de la capsule articulaire<br>c. Surutilisation<br>d. Fracture de l&rsquo;hum\u00e9rus<br>e. Tumeurs ou masses<\/li>\n\n\n\n<li>Quel est le premier stade de l&rsquo;\u00e9volution de la capsulite r\u00e9tractile?<br>a. D\u00e9cong\u00e9lation<br>b. Congel\u00e9e<br>c. Pr\u00e9-cong\u00e9lation<br>d. Cong\u00e9lation<br>e. Formation d&rsquo;adh\u00e9rences<\/li>\n\n\n\n<li>Qu&rsquo;est-ce qui provoque la douleur initiale dans l&rsquo;\u00e9paule gel\u00e9e?<br>a. Formation de tissu cicatriciel<br>b. Diminution de la production de liquide synovial<br>c. Inflammation initiale<br>d. R\u00e9traction de la capsule<br>e. Compression des nerfs<\/li>\n\n\n\n<li>Quelle est la cons\u00e9quence de la fibrose persistante selon la pathophysiologie?<br>a. Augmentation de la production de liquide synovial<br>b. Formation de tissu cicatriciel<br>c. Diminution de l&rsquo;amplitude des mouvements<br>d. Compression accrue des structures articulaires<br>e. R\u00e9duction de la douleur<\/li>\n\n\n\n<li>Quelle phase est caract\u00e9ris\u00e9e par une amplitude de mouvement consid\u00e9rablement r\u00e9duite?<br>a. Pr\u00e9-cong\u00e9lation<br>b. Cong\u00e9lation<br>c. Congel\u00e9e<br>d. D\u00e9cong\u00e9lation<br>e. Inflammation initiale<\/li>\n\n\n\n<li>Quel est le r\u00f4le du liquide synovial dans l&rsquo;articulation de l&rsquo;\u00e9paule?<br>a. Formation de tissu cicatriciel<br>b. Lubrification normale<br>c. Compression des structures articulaires<br>d. R\u00e9traction de la capsule<br>e. Diminution de la douleur<\/li>\n\n\n\n<li>Quel facteur n&rsquo;est pas associ\u00e9 \u00e0 un risque accru de d\u00e9velopper une \u00e9paule gel\u00e9e?<br>a. Sexe f\u00e9minin<br>b. Inactivit\u00e9 physique<br>c. Traumatisme ou chirurgie de l&rsquo;\u00e9paule<br>d. Jeunesse<br>e. Maladies auto-immunes<\/li>\n\n\n\n<li>Quel stade est caract\u00e9ris\u00e9 par une perte progressive du mouvement et une augmentation de la douleur?<br>a. Pr\u00e9-cong\u00e9lation<br>b. Cong\u00e9lation<br>c. Congel\u00e9e<br>d. D\u00e9cong\u00e9lation<br>e. Inflammation initiale<\/li>\n\n\n\n<li>Quel est l&rsquo;un des facteurs de risque li\u00e9s \u00e0 l&rsquo;\u00e2ge dans le d\u00e9veloppement de l&rsquo;\u00e9paule gel\u00e9e?<br>a. Adolescence<br>b. 20 \u00e0 30 ans<br>c. 30 \u00e0 40 ans<br>d. 40 \u00e0 60 ans<br>e. Plus de 60 ans<\/li>\n\n\n\n<li>Quel est l&rsquo;effet de l&rsquo;immobilisation prolong\u00e9e de l&rsquo;\u00e9paule sur le risque de d\u00e9velopper une \u00e9paule gel\u00e9e?<br>a. Aucun impact<br>b. Diminution du risque<br>c. Augmentation du risque<br>d. Stimulation de la production de liquide synovial<br>e. Formation d&rsquo;adh\u00e9rences<\/li>\n\n\n\n<li>Quel est l&rsquo;impact psychologique potentiel des limitations fonctionnelles de l&rsquo;\u00e9paule gel\u00e9e?<br>a. Diminution du stress<br>b. Augmentation de la mobilit\u00e9<br>c. Frustration, stress ou anxi\u00e9t\u00e9<br>d. Am\u00e9lioration de la qualit\u00e9 de vie<br>e. Aucun impact \u00e9motionnel<\/li>\n\n\n\n<li>Quelle est l&rsquo;une des limitations fonctionnelles couramment associ\u00e9es \u00e0 l&rsquo;\u00e9paule gel\u00e9e?<br>a. Augmentation de la mobilit\u00e9<br>b. Facilit\u00e9 \u00e0 s&rsquo;habiller<br>c. Force accrue de l&rsquo;\u00e9paule<br>d. Am\u00e9lioration des activit\u00e9s professionnelles<br>e. Perte de mobilit\u00e9<\/li>\n\n\n\n<li>Quel est l&rsquo;objectif de la manipulation sous anesth\u00e9sie dans le traitement de l&rsquo;\u00e9paule gel\u00e9e?<br>a. R\u00e9duction de la douleur<br>b. Rompre les adh\u00e9rences chroniques<br>c. Augmentation de la production de liquide synovial<br>d. Diminution de la r\u00e9traction de la capsule<br>e. Diminution de l&rsquo;inflammation<\/li>\n\n\n\n<li>Quel est le r\u00f4le de la mobilisation de l&rsquo;\u00e9paule dans le traitement de l&rsquo;\u00e9paule gel\u00e9e?<br>a. Formation de tissu cicatriciel<br>b. Augmentation de la production de liquide synovial<br>c. Soulagement de la douleur<br>d. Rompre les adh\u00e9rences chroniques<br>e. Diminution de l&rsquo;amplitude des mouvements<\/li>\n\n\n\n<li>Quel est le diagnostic diff\u00e9rentiel de l&rsquo;\u00e9paule gel\u00e9e qui implique une compression des nerfs ou des vaisseaux sanguins entre la clavicule et la premi\u00e8re c\u00f4te?<br>a. Tendinopathie de la coiffe des rotateurs<br>b. Bursite de l&rsquo;\u00e9paule<br>c. Arthrite de l&rsquo;\u00e9paule<br>d. Syndrome du d\u00e9fil\u00e9 thoracique<br>e. Fracture de l&rsquo;hum\u00e9rus<\/li>\n\n\n\n<li>Quelle \u00e9tape de l&rsquo;\u00e9volution de la capsulite r\u00e9tractile est caract\u00e9ris\u00e9e par une am\u00e9lioration progressive et une diminution significative de la douleur?\n<ul class=\"wp-block-list\">\n<li>a. Pr\u00e9-cong\u00e9lation<\/li>\n\n\n\n<li>b. Cong\u00e9lation<\/li>\n\n\n\n<li>c. Congel\u00e9e<\/li>\n\n\n\n<li>d. D\u00e9cong\u00e9lation<\/li>\n\n\n\n<li>e. Inflammation initiale<\/li>\n<\/ul>\n<\/li>\n\n\n\n<li>Quelle compensation potentielle peut adopter l&rsquo;\u00e9paule lorsqu&rsquo;elle est affect\u00e9e par une capsulite r\u00e9tractile?\n<ul class=\"wp-block-list\">\n<li>a. Augmentation de l&rsquo;amplitude de mouvement<\/li>\n\n\n\n<li>b. Inclinaison du tronc oppos\u00e9<\/li>\n\n\n\n<li>c. Diminution de la sensibilit\u00e9<\/li>\n\n\n\n<li>d. Rotation externe du bras<\/li>\n\n\n\n<li>e. Am\u00e9lioration de la biom\u00e9canique normale<\/li>\n<\/ul>\n<\/li>\n\n\n\n<li>Quel est le traitement recommand\u00e9 pour la capsulite r\u00e9tractile?\n<ul class=\"wp-block-list\">\n<li>a. M\u00e9dicaments anti-inflammatoires uniquement<\/li>\n\n\n\n<li>b. Exercices r\u00e9guliers et \u00e9tirements<\/li>\n\n\n\n<li>c. Chirurgie imm\u00e9diate<\/li>\n\n\n\n<li>d. Repos complet de l&rsquo;\u00e9paule<\/li>\n\n\n\n<li>e. Aucun traitement n\u00e9cessaire<\/li>\n<\/ul>\n<\/li>\n\n\n\n<li>Quel est le r\u00f4le de la synoviale dans l&rsquo;\u00e9paule gel\u00e9e selon la pathophysiologie d\u00e9crite?\n<ul class=\"wp-block-list\">\n<li>a. Diminution de la lubrification<\/li>\n\n\n\n<li>b. Formation de tissu cicatriciel<\/li>\n\n\n\n<li>c. Compression des structures articulaires<\/li>\n\n\n\n<li>d. Inflammation initiale<\/li>\n\n\n\n<li>e. R\u00e9duction de la douleur<\/li>\n<\/ul>\n<\/li>\n\n\n\n<li>Quel est l&rsquo;effet de la capsulite r\u00e9tractile sur la biom\u00e9canique normale de l&rsquo;\u00e9paule?\n<ul class=\"wp-block-list\">\n<li>a. Am\u00e9lioration de la biom\u00e9canique<\/li>\n\n\n\n<li>b. Aucun impact sur la biom\u00e9canique<\/li>\n\n\n\n<li>c. Augmentation de la sensibilit\u00e9<\/li>\n\n\n\n<li>d. Changements dans la biom\u00e9canique normale<\/li>\n\n\n\n<li>e. Diminution de la douleur<\/li>\n<\/ul>\n<\/li>\n<\/ol>\n\n\n\n<p>R\u00e9ponses:<\/p>\n\n\n\n<ol class=\"wp-block-list\">\n<li>b<\/li>\n\n\n\n<li>c<\/li>\n\n\n\n<li>c<\/li>\n\n\n\n<li>c <\/li>\n\n\n\n<li>c<\/li>\n\n\n\n<li>b <\/li>\n\n\n\n<li>d <\/li>\n\n\n\n<li>b<\/li>\n\n\n\n<li>d <\/li>\n\n\n\n<li>c<\/li>\n\n\n\n<li>c <\/li>\n\n\n\n<li>e<\/li>\n\n\n\n<li>b<\/li>\n\n\n\n<li>d<\/li>\n\n\n\n<li>d<\/li>\n\n\n\n<li>d <\/li>\n\n\n\n<li>b <\/li>\n\n\n\n<li>b <\/li>\n\n\n\n<li>a <\/li>\n\n\n\n<li>d<\/li>\n<\/ol>\n<\/div><\/div>\n<\/div>\n<\/div>\n\n\n\n<h2 class=\"wp-block-heading has-white-color has-vivid-cyan-blue-to-vivid-purple-gradient-background has-text-color has-background has-link-color wp-elements-3a161b76201a0dd0c60daa5ad065afbb\"><span class=\"ez-toc-section\" id=\"References\"><\/span>R\u00e9f\u00e9rences<span class=\"ez-toc-section-end\"><\/span><\/h2>\n\n\n\n<ol class=\"wp-block-list\">\n<li>Allen GM. The diagnosis and management of&nbsp;shoulder&nbsp;pain.&nbsp;J Ultrason.&nbsp;2018;18(74):234-239.&nbsp;[<a href=\"https:\/\/www.ncbi.nlm.nih.gov\/pmc\/articles\/PMC6442215\/\">PMC free article<\/a>] [<a href=\"https:\/\/www.ncbi.nlm.nih.gov\/pubmed\/30451406\">PubMed<\/a>]<\/li>\n\n\n\n<li>McKean D, Yoong P, Brooks R, Papanikitas J, Hughes R, Pendse A, McElroy BJ.&nbsp;Shoulder&nbsp;manipulation under targeted ultrasound-guided rotator interval block for adhesive capsulitis.&nbsp;Skeletal Radiol.&nbsp;2019 Aug;48(8):1269-1274.&nbsp;[<a href=\"https:\/\/www.ncbi.nlm.nih.gov\/pubmed\/30446788\">PubMed<\/a>]<\/li>\n\n\n\n<li>Gumina S, Candela V, Castagna A, Carnovale M, Passaretti D, Venditto T, Giannicola G, Villani C.&nbsp;Shoulder&nbsp;adhesive capsulitis and hypercholesterolemia: role of APO A1 lipoprotein polymorphism on etiology and severity.&nbsp;Musculoskelet Surg.&nbsp;2018 Oct;102(Suppl 1):35-40.&nbsp;[<a href=\"https:\/\/www.ncbi.nlm.nih.gov\/pubmed\/30343478\">PubMed<\/a>]<\/li>\n\n\n\n<li>Expert Panel on Musculoskeletal Imaging: Small KM, Adler RS, Shah SH, Roberts CC, Bencardino JT, Appel M, Gyftopoulos S, Metter DF, Mintz DN, Morrison WB, Subhas N, Thiele R, Towers JD, Tynus KM, Weissman BN, Yu JS, Kransdorf MJ. ACR Appropriateness Criteria<sup>\u00ae<\/sup>Shoulder&nbsp;Pain-Atraumatic.&nbsp;J Am Coll Radiol.&nbsp;2018 Nov;15(11S):S388-S402.&nbsp;[<a href=\"https:\/\/www.ncbi.nlm.nih.gov\/pubmed\/30392607\">PubMed<\/a>]<\/li>\n\n\n\n<li>Papalia R, Torre G, Papalia G, Baums MH, Narbona P, Di Lazzaro V, Denaro V.&nbsp;Frozen shoulder&nbsp;or&nbsp;shoulder&nbsp;stiffness from Parkinson disease?&nbsp;Musculoskelet Surg.&nbsp;2019 Aug;103(2):115-119.&nbsp;[<a href=\"https:\/\/www.ncbi.nlm.nih.gov\/pubmed\/30276531\">PubMed<\/a>]<\/li>\n\n\n\n<li>Kingston K, Curry EJ, Galvin JW, Li X.&nbsp;Shoulder&nbsp;adhesive capsulitis: epidemiology and predictors of surgery.&nbsp;J&nbsp;Shoulder&nbsp;Elbow Surg.&nbsp;2018 Aug;27(8):1437-1443.&nbsp;[<a href=\"https:\/\/www.ncbi.nlm.nih.gov\/pubmed\/29807717\">PubMed<\/a>]<\/li>\n\n\n\n<li>Suh CH, Yun SJ, Jin W, Lee SH, Park SY, Park JS, Ryu KN. Systematic review and meta-analysis of magnetic resonance imaging features for diagnosis of adhesive capsulitis of the&nbsp;shoulder.&nbsp;Eur Radiol.&nbsp;2019 Feb;29(2):566-577.&nbsp;[<a href=\"https:\/\/www.ncbi.nlm.nih.gov\/pubmed\/29978436\">PubMed<\/a>]<\/li>\n\n\n\n<li>Georgiannos D, Markopoulos G, Devetzi E, Bisbinas I. Adhesive Capsulitis of the&nbsp;Shoulder. Is there Consensus Regarding the Treatment? A Comprehensive Review.&nbsp;Open Orthop J.&nbsp;2017;11:65-76.&nbsp;[<a href=\"https:\/\/www.ncbi.nlm.nih.gov\/pmc\/articles\/PMC5366387\/\">PMC free article<\/a>] [<a href=\"https:\/\/www.ncbi.nlm.nih.gov\/pubmed\/28400876\">PubMed<\/a>]<\/li>\n\n\n\n<li>Koorevaar RCT, Van&rsquo;t Riet E, Ipskamp M, Bulstra SK. Incidence and prognostic factors for postoperative&nbsp;frozen shoulder&nbsp;after&nbsp;shoulder&nbsp;surgery: a prospective cohort study.&nbsp;Arch Orthop Trauma Surg.&nbsp;2017 Mar;137(3):293-301.&nbsp;[<a href=\"https:\/\/www.ncbi.nlm.nih.gov\/pubmed\/28132086\">PubMed<\/a>]<\/li>\n<\/ol>\n\n\n\n<p>Cr\u00e9dit en partie: John M. St Angelo;&nbsp;Sarah E. Fabiano.<\/p>\n\n\n\n<h2 class=\"wp-block-heading\"><span class=\"ez-toc-section\" id=\"i\"><\/span>&nbsp;<span class=\"ez-toc-section-end\"><\/span><\/h2>\n","protected":false},"excerpt":{"rendered":"<p>La capsulite adh\u00e9sive ou r\u00e9tractile est une condition causant beaucoup de douleurs, des raideurs et une perte de mouvement de l&rsquo;\u00e9paule. Si elle n&rsquo;est pas trait\u00e9e \u00e0 temps, elle peut s&rsquo;aggraver au point que l&rsquo;\u00e9paule devienne fixe et qu&rsquo;aucun mouvement soit possible (\u00e9paule gel\u00e9e). Nous ne comprenons pas ce qui cause cette condition, mais le processus inflammatoire en est possiblement la cause.<\/p>\n","protected":false},"author":1,"featured_media":55117,"comment_status":"open","ping_status":"open","sticky":false,"template":"","format":"standard","meta":{"tdm_status":"","tdm_grid_status":"","iawp_total_views":26,"footnotes":""},"categories":[457,132],"tags":[],"class_list":{"0":"post-5514","1":"post","2":"type-post","3":"status-publish","4":"format-standard","5":"has-post-thumbnail","7":"category-capsulite","8":"category-trouble-de-lepaule"},"_links":{"self":[{"href":"https:\/\/osteomag.ca\/fr\/wp-json\/wp\/v2\/posts\/5514","targetHints":{"allow":["GET"]}}],"collection":[{"href":"https:\/\/osteomag.ca\/fr\/wp-json\/wp\/v2\/posts"}],"about":[{"href":"https:\/\/osteomag.ca\/fr\/wp-json\/wp\/v2\/types\/post"}],"author":[{"embeddable":true,"href":"https:\/\/osteomag.ca\/fr\/wp-json\/wp\/v2\/users\/1"}],"replies":[{"embeddable":true,"href":"https:\/\/osteomag.ca\/fr\/wp-json\/wp\/v2\/comments?post=5514"}],"version-history":[{"count":1,"href":"https:\/\/osteomag.ca\/fr\/wp-json\/wp\/v2\/posts\/5514\/revisions"}],"predecessor-version":[{"id":55120,"href":"https:\/\/osteomag.ca\/fr\/wp-json\/wp\/v2\/posts\/5514\/revisions\/55120"}],"wp:featuredmedia":[{"embeddable":true,"href":"https:\/\/osteomag.ca\/fr\/wp-json\/wp\/v2\/media\/55117"}],"wp:attachment":[{"href":"https:\/\/osteomag.ca\/fr\/wp-json\/wp\/v2\/media?parent=5514"}],"wp:term":[{"taxonomy":"category","embeddable":true,"href":"https:\/\/osteomag.ca\/fr\/wp-json\/wp\/v2\/categories?post=5514"},{"taxonomy":"post_tag","embeddable":true,"href":"https:\/\/osteomag.ca\/fr\/wp-json\/wp\/v2\/tags?post=5514"}],"curies":[{"name":"wp","href":"https:\/\/api.w.org\/{rel}","templated":true}]}}