{"id":57275,"date":"2026-04-27T07:25:04","date_gmt":"2026-04-27T12:25:04","guid":{"rendered":"https:\/\/osteomag.ca\/?p=57275"},"modified":"2026-04-27T07:35:54","modified_gmt":"2026-04-27T12:35:54","slug":"migraine-ou-tension-cervicale-comment-reconnaitre-la-difference","status":"publish","type":"post","link":"https:\/\/osteomag.ca\/fr\/migraine-ou-tension-cervicale-comment-reconnaitre-la-difference\/","title":{"rendered":"Migraine ou tension cervicale ? Comment reconna\u00eetre la diff\u00e9rence"},"content":{"rendered":"<div id=\"ez-toc-container\" class=\"ez-toc-v2_0_82_2 counter-hierarchy ez-toc-counter ez-toc-custom ez-toc-container-direction\">\n<div class=\"ez-toc-title-container\">\n<p class=\"ez-toc-title\" style=\"cursor:inherit\">Table des mati\u00e8res<\/p>\n<span class=\"ez-toc-title-toggle\"><a href=\"#\" class=\"ez-toc-pull-right ez-toc-btn ez-toc-btn-xs ez-toc-btn-default ez-toc-toggle\" aria-label=\"Toggle Table of Content\"><span class=\"ez-toc-js-icon-con\"><span class=\"\"><span class=\"eztoc-hide\" style=\"display:none;\">Toggle<\/span><span class=\"ez-toc-icon-toggle-span\"><svg style=\"fill: #000000;color:#000000\" xmlns=\"http:\/\/www.w3.org\/2000\/svg\" class=\"list-377408\" width=\"20px\" height=\"20px\" viewBox=\"0 0 24 24\" fill=\"none\"><path d=\"M6 6H4v2h2V6zm14 0H8v2h12V6zM4 11h2v2H4v-2zm16 0H8v2h12v-2zM4 16h2v2H4v-2zm16 0H8v2h12v-2z\" fill=\"currentColor\"><\/path><\/svg><svg style=\"fill: #000000;color:#000000\" class=\"arrow-unsorted-368013\" xmlns=\"http:\/\/www.w3.org\/2000\/svg\" width=\"10px\" height=\"10px\" viewBox=\"0 0 24 24\" version=\"1.2\" baseProfile=\"tiny\"><path d=\"M18.2 9.3l-6.2-6.3-6.2 6.3c-.2.2-.3.4-.3.7s.1.5.3.7c.2.2.4.3.7.3h11c.3 0 .5-.1.7-.3.2-.2.3-.5.3-.7s-.1-.5-.3-.7zM5.8 14.7l6.2 6.3 6.2-6.3c.2-.2.3-.5.3-.7s-.1-.5-.3-.7c-.2-.2-.4-.3-.7-.3h-11c-.3 0-.5.1-.7.3-.2.2-.3.5-.3.7s.1.5.3.7z\"\/><\/svg><\/span><\/span><\/span><\/a><\/span><\/div>\n<nav><ul class='ez-toc-list ez-toc-list-level-1 eztoc-toggle-hide-by-default' ><li class='ez-toc-page-1 ez-toc-heading-level-2'><a class=\"ez-toc-link ez-toc-heading-1\" href=\"https:\/\/osteomag.ca\/fr\/migraine-ou-tension-cervicale-comment-reconnaitre-la-difference\/#Migraine_ou_tension_cervicale_comment_reconnaitre_la_difference\" >Migraine ou tension cervicale : comment reconna\u00eetre la diff\u00e9rence ?<\/a><ul class='ez-toc-list-level-3' ><li class='ez-toc-heading-level-3'><a class=\"ez-toc-link ez-toc-heading-2\" href=\"https:\/\/osteomag.ca\/fr\/migraine-ou-tension-cervicale-comment-reconnaitre-la-difference\/#Signes_evoquant_une_migraine\" >Signes \u00e9voquant une migraine<\/a><\/li><li class='ez-toc-page-1 ez-toc-heading-level-3'><a class=\"ez-toc-link ez-toc-heading-3\" href=\"https:\/\/osteomag.ca\/fr\/migraine-ou-tension-cervicale-comment-reconnaitre-la-difference\/#Signes_evoquant_une_tension_cervicale\" >Signes \u00e9voquant une tension cervicale<\/a><\/li><li class='ez-toc-page-1 ez-toc-heading-level-3'><a class=\"ez-toc-link ez-toc-heading-4\" href=\"https:\/\/osteomag.ca\/fr\/migraine-ou-tension-cervicale-comment-reconnaitre-la-difference\/#Causes_possibles\" >Causes possibles<\/a><\/li><li class='ez-toc-page-1 ez-toc-heading-level-3'><a class=\"ez-toc-link ez-toc-heading-5\" href=\"https:\/\/osteomag.ca\/fr\/migraine-ou-tension-cervicale-comment-reconnaitre-la-difference\/#Comment_poser_le_diagnostic\" >Comment poser le diagnostic ?<\/a><\/li><li class='ez-toc-page-1 ez-toc-heading-level-3'><a class=\"ez-toc-link ez-toc-heading-6\" href=\"https:\/\/osteomag.ca\/fr\/migraine-ou-tension-cervicale-comment-reconnaitre-la-difference\/#Comment_soulager\" >Comment soulager ?<\/a><\/li><li class='ez-toc-page-1 ez-toc-heading-level-3'><a class=\"ez-toc-link ez-toc-heading-7\" href=\"https:\/\/osteomag.ca\/fr\/migraine-ou-tension-cervicale-comment-reconnaitre-la-difference\/#Place_de_losteopathie\" >Place de l\u2019ost\u00e9opathie<\/a><\/li><li class='ez-toc-page-1 ez-toc-heading-level-3'><a class=\"ez-toc-link ez-toc-heading-8\" href=\"https:\/\/osteomag.ca\/fr\/migraine-ou-tension-cervicale-comment-reconnaitre-la-difference\/#Quand_consulter_rapidement\" >Quand consulter rapidement ?<\/a><\/li><li class='ez-toc-page-1 ez-toc-heading-level-3'><a class=\"ez-toc-link ez-toc-heading-9\" href=\"https:\/\/osteomag.ca\/fr\/migraine-ou-tension-cervicale-comment-reconnaitre-la-difference\/#En_resume\" >En r\u00e9sum\u00e9<\/a><\/li><\/ul><\/li><li class='ez-toc-page-1 ez-toc-heading-level-2'><a class=\"ez-toc-link ez-toc-heading-10\" href=\"https:\/\/osteomag.ca\/fr\/migraine-ou-tension-cervicale-comment-reconnaitre-la-difference\/#Introduction_Quand_la_douleur_a_la_tete_ne_vient_pas_toujours_du_meme_endroit\" >Introduction : Quand la douleur \u00e0 la t\u00eate ne vient pas toujours du m\u00eame endroit<\/a><\/li><li class='ez-toc-page-1 ez-toc-heading-level-2'><a class=\"ez-toc-link ez-toc-heading-11\" href=\"https:\/\/osteomag.ca\/fr\/migraine-ou-tension-cervicale-comment-reconnaitre-la-difference\/#Migraine_un_trouble_neurologique_aux_multiples_visages\" >Migraine : un trouble neurologique aux multiples visages<\/a><\/li><li class='ez-toc-page-1 ez-toc-heading-level-2'><a class=\"ez-toc-link ez-toc-heading-12\" href=\"https:\/\/osteomag.ca\/fr\/migraine-ou-tension-cervicale-comment-reconnaitre-la-difference\/#Tableau_comparatif_Migraine_vs_tension_cervicale\" >Tableau comparatif : Migraine vs tension cervicale<\/a><\/li><li class='ez-toc-page-1 ez-toc-heading-level-2'><a class=\"ez-toc-link ez-toc-heading-13\" href=\"https:\/\/osteomag.ca\/fr\/migraine-ou-tension-cervicale-comment-reconnaitre-la-difference\/#Tension_cervicale_quand_le_cou_devient_la_source_de_la_douleur\" >Tension cervicale : quand le cou devient la source de la douleur<\/a><\/li><li class='ez-toc-page-1 ez-toc-heading-level-2'><a class=\"ez-toc-link ez-toc-heading-14\" href=\"https:\/\/osteomag.ca\/fr\/migraine-ou-tension-cervicale-comment-reconnaitre-la-difference\/#Les_signes_typiques_de_la_migraine\" >Les signes typiques de la migraine<\/a><ul class='ez-toc-list-level-3' ><li class='ez-toc-heading-level-3'><a class=\"ez-toc-link ez-toc-heading-15\" href=\"https:\/\/osteomag.ca\/fr\/migraine-ou-tension-cervicale-comment-reconnaitre-la-difference\/#1_Douleur_pulsatile_ou_battante\" >1. Douleur pulsatile ou battante<\/a><\/li><li class='ez-toc-page-1 ez-toc-heading-level-3'><a class=\"ez-toc-link ez-toc-heading-16\" href=\"https:\/\/osteomag.ca\/fr\/migraine-ou-tension-cervicale-comment-reconnaitre-la-difference\/#2_Douleur_souvent_dun_seul_cote\" >2. Douleur souvent d\u2019un seul c\u00f4t\u00e9<\/a><\/li><li class='ez-toc-page-1 ez-toc-heading-level-3'><a class=\"ez-toc-link ez-toc-heading-17\" href=\"https:\/\/osteomag.ca\/fr\/migraine-ou-tension-cervicale-comment-reconnaitre-la-difference\/#3_Intensite_moderee_a_severe\" >3. Intensit\u00e9 mod\u00e9r\u00e9e \u00e0 s\u00e9v\u00e8re<\/a><\/li><li class='ez-toc-page-1 ez-toc-heading-level-3'><a class=\"ez-toc-link ez-toc-heading-18\" href=\"https:\/\/osteomag.ca\/fr\/migraine-ou-tension-cervicale-comment-reconnaitre-la-difference\/#4_Aggravation_avec_leffort\" >4. Aggravation avec l\u2019effort<\/a><\/li><li class='ez-toc-page-1 ez-toc-heading-level-3'><a class=\"ez-toc-link ez-toc-heading-19\" href=\"https:\/\/osteomag.ca\/fr\/migraine-ou-tension-cervicale-comment-reconnaitre-la-difference\/#5_Sensibilite_sensorielle\" >5. Sensibilit\u00e9 sensorielle<\/a><\/li><li class='ez-toc-page-1 ez-toc-heading-level-3'><a class=\"ez-toc-link ez-toc-heading-20\" href=\"https:\/\/osteomag.ca\/fr\/migraine-ou-tension-cervicale-comment-reconnaitre-la-difference\/#6_Nausees_ou_inconfort_digestif\" >6. Naus\u00e9es ou inconfort digestif<\/a><\/li><li class='ez-toc-page-1 ez-toc-heading-level-3'><a class=\"ez-toc-link ez-toc-heading-21\" href=\"https:\/\/osteomag.ca\/fr\/migraine-ou-tension-cervicale-comment-reconnaitre-la-difference\/#7_Aura_chez_certaines_personnes\" >7. Aura chez certaines personnes<\/a><\/li><li class='ez-toc-page-1 ez-toc-heading-level-3'><a class=\"ez-toc-link ez-toc-heading-22\" href=\"https:\/\/osteomag.ca\/fr\/migraine-ou-tension-cervicale-comment-reconnaitre-la-difference\/#8_Fatigue_apres_la_crise\" >8. Fatigue apr\u00e8s la crise<\/a><\/li><li class='ez-toc-page-1 ez-toc-heading-level-3'><a class=\"ez-toc-link ez-toc-heading-23\" href=\"https:\/\/osteomag.ca\/fr\/migraine-ou-tension-cervicale-comment-reconnaitre-la-difference\/#9_Declencheurs_recurrents\" >9. D\u00e9clencheurs r\u00e9currents<\/a><\/li><li class='ez-toc-page-1 ez-toc-heading-level-3'><a class=\"ez-toc-link ez-toc-heading-24\" href=\"https:\/\/osteomag.ca\/fr\/migraine-ou-tension-cervicale-comment-reconnaitre-la-difference\/#10_Histoire_repetitive\" >10. Histoire r\u00e9p\u00e9titive<\/a><\/li><\/ul><\/li><li class='ez-toc-page-1 ez-toc-heading-level-2'><a class=\"ez-toc-link ez-toc-heading-25\" href=\"https:\/\/osteomag.ca\/fr\/migraine-ou-tension-cervicale-comment-reconnaitre-la-difference\/#Les_signes_typiques_dune_cephalee_liee_aux_tensions_cervicales\" >Les signes typiques d\u2019une c\u00e9phal\u00e9e li\u00e9e aux tensions cervicales<\/a><ul class='ez-toc-list-level-3' ><li class='ez-toc-heading-level-3'><a class=\"ez-toc-link ez-toc-heading-26\" href=\"https:\/\/osteomag.ca\/fr\/migraine-ou-tension-cervicale-comment-reconnaitre-la-difference\/#1_Douleur_qui_commence_dans_la_nuque\" >1. Douleur qui commence dans la nuque<\/a><\/li><li class='ez-toc-page-1 ez-toc-heading-level-3'><a class=\"ez-toc-link ez-toc-heading-27\" href=\"https:\/\/osteomag.ca\/fr\/migraine-ou-tension-cervicale-comment-reconnaitre-la-difference\/#2_Sensation_de_raideur_cervicale\" >2. Sensation de raideur cervicale<\/a><\/li><li class='ez-toc-page-1 ez-toc-heading-level-3'><a class=\"ez-toc-link ez-toc-heading-28\" href=\"https:\/\/osteomag.ca\/fr\/migraine-ou-tension-cervicale-comment-reconnaitre-la-difference\/#3_Declenchement_par_la_posture\" >3. D\u00e9clenchement par la posture<\/a><\/li><li class='ez-toc-page-1 ez-toc-heading-level-3'><a class=\"ez-toc-link ez-toc-heading-29\" href=\"https:\/\/osteomag.ca\/fr\/migraine-ou-tension-cervicale-comment-reconnaitre-la-difference\/#4_Lien_avec_les_mouvements_du_cou\" >4. Lien avec les mouvements du cou<\/a><\/li><li class='ez-toc-page-1 ez-toc-heading-level-3'><a class=\"ez-toc-link ez-toc-heading-30\" href=\"https:\/\/osteomag.ca\/fr\/migraine-ou-tension-cervicale-comment-reconnaitre-la-difference\/#5_Douleur_en_pression_ou_en_etau\" >5. Douleur en pression ou en \u00e9tau<\/a><\/li><li class='ez-toc-page-1 ez-toc-heading-level-3'><a class=\"ez-toc-link ez-toc-heading-31\" href=\"https:\/\/osteomag.ca\/fr\/migraine-ou-tension-cervicale-comment-reconnaitre-la-difference\/#6_Sensibilite_musculaire\" >6. Sensibilit\u00e9 musculaire<\/a><\/li><li class='ez-toc-page-1 ez-toc-heading-level-3'><a class=\"ez-toc-link ez-toc-heading-32\" href=\"https:\/\/osteomag.ca\/fr\/migraine-ou-tension-cervicale-comment-reconnaitre-la-difference\/#7_Moins_de_symptomes_digestifs\" >7. Moins de sympt\u00f4mes digestifs<\/a><\/li><li class='ez-toc-page-1 ez-toc-heading-level-3'><a class=\"ez-toc-link ez-toc-heading-33\" href=\"https:\/\/osteomag.ca\/fr\/migraine-ou-tension-cervicale-comment-reconnaitre-la-difference\/#8_Peu_de_gene_a_la_lumiere_ou_au_bruit\" >8. Peu de g\u00eane \u00e0 la lumi\u00e8re ou au bruit<\/a><\/li><li class='ez-toc-page-1 ez-toc-heading-level-3'><a class=\"ez-toc-link ez-toc-heading-34\" href=\"https:\/\/osteomag.ca\/fr\/migraine-ou-tension-cervicale-comment-reconnaitre-la-difference\/#9_Amelioration_avec_le_mouvement_adapte\" >9. Am\u00e9lioration avec le mouvement adapt\u00e9<\/a><\/li><li class='ez-toc-page-1 ez-toc-heading-level-3'><a class=\"ez-toc-link ez-toc-heading-35\" href=\"https:\/\/osteomag.ca\/fr\/migraine-ou-tension-cervicale-comment-reconnaitre-la-difference\/#10_Contexte_de_stress_ou_fatigue\" >10. Contexte de stress ou fatigue<\/a><\/li><\/ul><\/li><li class='ez-toc-page-1 ez-toc-heading-level-2'><a class=\"ez-toc-link ez-toc-heading-36\" href=\"https:\/\/osteomag.ca\/fr\/migraine-ou-tension-cervicale-comment-reconnaitre-la-difference\/#Pourquoi_les_deux_peuvent_se_ressembler\" >Pourquoi les deux peuvent se ressembler<\/a><\/li><li class='ez-toc-page-1 ez-toc-heading-level-2'><a class=\"ez-toc-link ez-toc-heading-37\" href=\"https:\/\/osteomag.ca\/fr\/migraine-ou-tension-cervicale-comment-reconnaitre-la-difference\/#Le_role_du_stress_de_la_posture_et_de_la_fatigue\" >Le r\u00f4le du stress, de la posture et de la fatigue<\/a><ul class='ez-toc-list-level-3' ><li class='ez-toc-heading-level-3'><a class=\"ez-toc-link ez-toc-heading-38\" href=\"https:\/\/osteomag.ca\/fr\/migraine-ou-tension-cervicale-comment-reconnaitre-la-difference\/#Le_stress_un_amplificateur_puissant\" >Le stress : un amplificateur puissant<\/a><\/li><li class='ez-toc-page-1 ez-toc-heading-level-3'><a class=\"ez-toc-link ez-toc-heading-39\" href=\"https:\/\/osteomag.ca\/fr\/migraine-ou-tension-cervicale-comment-reconnaitre-la-difference\/#La_posture_prolongee_surcharge_silencieuse\" >La posture prolong\u00e9e : surcharge silencieuse<\/a><\/li><li class='ez-toc-page-1 ez-toc-heading-level-3'><a class=\"ez-toc-link ez-toc-heading-40\" href=\"https:\/\/osteomag.ca\/fr\/migraine-ou-tension-cervicale-comment-reconnaitre-la-difference\/#La_fatigue_terrain_plus_vulnerable\" >La fatigue : terrain plus vuln\u00e9rable<\/a><\/li><li class='ez-toc-page-1 ez-toc-heading-level-3'><a class=\"ez-toc-link ez-toc-heading-41\" href=\"https:\/\/osteomag.ca\/fr\/migraine-ou-tension-cervicale-comment-reconnaitre-la-difference\/#Pourquoi_ces_facteurs_sadditionnent\" >Pourquoi ces facteurs s\u2019additionnent<\/a><\/li><li class='ez-toc-page-1 ez-toc-heading-level-3'><a class=\"ez-toc-link ez-toc-heading-42\" href=\"https:\/\/osteomag.ca\/fr\/migraine-ou-tension-cervicale-comment-reconnaitre-la-difference\/#Que_faire_au_quotidien\" >Que faire au quotidien ?<\/a><\/li><\/ul><\/li><li class='ez-toc-page-1 ez-toc-heading-level-2'><a class=\"ez-toc-link ez-toc-heading-43\" href=\"https:\/\/osteomag.ca\/fr\/migraine-ou-tension-cervicale-comment-reconnaitre-la-difference\/#Quand_consulter_rapidement-2\" >Quand consulter rapidement<\/a><\/li><li class='ez-toc-page-1 ez-toc-heading-level-2'><a class=\"ez-toc-link ez-toc-heading-44\" href=\"https:\/\/osteomag.ca\/fr\/migraine-ou-tension-cervicale-comment-reconnaitre-la-difference\/#Comment_levaluation_clinique_aide_a_faire_la_difference\" >Comment l\u2019\u00e9valuation clinique aide \u00e0 faire la diff\u00e9rence<\/a><\/li><li class='ez-toc-page-1 ez-toc-heading-level-2'><a class=\"ez-toc-link ez-toc-heading-45\" href=\"https:\/\/osteomag.ca\/fr\/migraine-ou-tension-cervicale-comment-reconnaitre-la-difference\/#Traitements_possibles_selon_la_cause\" >Traitements possibles selon la cause<\/a><ul class='ez-toc-list-level-3' ><li class='ez-toc-heading-level-3'><a class=\"ez-toc-link ez-toc-heading-46\" href=\"https:\/\/osteomag.ca\/fr\/migraine-ou-tension-cervicale-comment-reconnaitre-la-difference\/#Si_la_migraine_domine\" >Si la migraine domine<\/a><\/li><li class='ez-toc-page-1 ez-toc-heading-level-3'><a class=\"ez-toc-link ez-toc-heading-47\" href=\"https:\/\/osteomag.ca\/fr\/migraine-ou-tension-cervicale-comment-reconnaitre-la-difference\/#Si_la_composante_cervicale_domine\" >Si la composante cervicale domine<\/a><\/li><li class='ez-toc-page-1 ez-toc-heading-level-3'><a class=\"ez-toc-link ez-toc-heading-48\" href=\"https:\/\/osteomag.ca\/fr\/migraine-ou-tension-cervicale-comment-reconnaitre-la-difference\/#Si_les_deux_se_combinent\" >Si les deux se combinent<\/a><\/li><li class='ez-toc-page-1 ez-toc-heading-level-3'><a class=\"ez-toc-link ez-toc-heading-49\" href=\"https:\/\/osteomag.ca\/fr\/migraine-ou-tension-cervicale-comment-reconnaitre-la-difference\/#Le_role_du_mode_de_vie\" >Le r\u00f4le du mode de vie<\/a><\/li><li class='ez-toc-page-1 ez-toc-heading-level-3'><a class=\"ez-toc-link ez-toc-heading-50\" href=\"https:\/\/osteomag.ca\/fr\/migraine-ou-tension-cervicale-comment-reconnaitre-la-difference\/#Ce_quil_faut_eviter\" >Ce qu\u2019il faut \u00e9viter<\/a><\/li><li class='ez-toc-page-1 ez-toc-heading-level-3'><a class=\"ez-toc-link ez-toc-heading-51\" href=\"https:\/\/osteomag.ca\/fr\/migraine-ou-tension-cervicale-comment-reconnaitre-la-difference\/#Quand_ajuster_le_plan\" >Quand ajuster le plan<\/a><\/li><\/ul><\/li><li class='ez-toc-page-1 ez-toc-heading-level-2'><a class=\"ez-toc-link ez-toc-heading-52\" href=\"https:\/\/osteomag.ca\/fr\/migraine-ou-tension-cervicale-comment-reconnaitre-la-difference\/#Tableau_comparatif_des_traitements_possibles_selon_la_cause\" >Tableau comparatif des traitements possibles selon la cause<\/a><\/li><li class='ez-toc-page-1 ez-toc-heading-level-2'><a class=\"ez-toc-link ez-toc-heading-53\" href=\"https:\/\/osteomag.ca\/fr\/migraine-ou-tension-cervicale-comment-reconnaitre-la-difference\/#Lapport_de_losteopathie_dans_les_douleurs_cervicales_et_certains_maux_de_tete\" >L\u2019apport de l\u2019ost\u00e9opathie dans les douleurs cervicales et certains maux de t\u00eate<\/a><\/li><li class='ez-toc-page-1 ez-toc-heading-level-2'><a class=\"ez-toc-link ez-toc-heading-54\" href=\"https:\/\/osteomag.ca\/fr\/migraine-ou-tension-cervicale-comment-reconnaitre-la-difference\/#Tableau_apport_possible_de_losteopathie_selon_le_profil\" >Tableau : apport possible de l\u2019ost\u00e9opathie selon le profil<\/a><ul class='ez-toc-list-level-3' ><li class='ez-toc-heading-level-3'><a class=\"ez-toc-link ez-toc-heading-55\" href=\"https:\/\/osteomag.ca\/fr\/migraine-ou-tension-cervicale-comment-reconnaitre-la-difference\/#Et_pour_la_migraine\" >Et pour la migraine ?<\/a><\/li><li class='ez-toc-page-1 ez-toc-heading-level-3'><a class=\"ez-toc-link ez-toc-heading-56\" href=\"https:\/\/osteomag.ca\/fr\/migraine-ou-tension-cervicale-comment-reconnaitre-la-difference\/#Une_approche_integree_reste_ideale\" >Une approche int\u00e9gr\u00e9e reste id\u00e9ale<\/a><\/li><li class='ez-toc-page-1 ez-toc-heading-level-3'><a class=\"ez-toc-link ez-toc-heading-57\" href=\"https:\/\/osteomag.ca\/fr\/migraine-ou-tension-cervicale-comment-reconnaitre-la-difference\/#Un_point_essentiel_individualiser\" >Un point essentiel : individualiser<\/a><\/li><\/ul><\/li><li class='ez-toc-page-1 ez-toc-heading-level-2'><a class=\"ez-toc-link ez-toc-heading-58\" href=\"https:\/\/osteomag.ca\/fr\/migraine-ou-tension-cervicale-comment-reconnaitre-la-difference\/#Erreurs_frequentes_a_eviter\" >Erreurs fr\u00e9quentes \u00e0 \u00e9viter<\/a><ul class='ez-toc-list-level-3' ><li class='ez-toc-heading-level-3'><a class=\"ez-toc-link ez-toc-heading-59\" href=\"https:\/\/osteomag.ca\/fr\/migraine-ou-tension-cervicale-comment-reconnaitre-la-difference\/#1_Appeler_tout_mal_de_tete_une_migraine\" >1. Appeler tout mal de t\u00eate une migraine<\/a><\/li><li class='ez-toc-page-1 ez-toc-heading-level-3'><a class=\"ez-toc-link ez-toc-heading-60\" href=\"https:\/\/osteomag.ca\/fr\/migraine-ou-tension-cervicale-comment-reconnaitre-la-difference\/#2_Se_fier_a_un_seul_symptome\" >2. Se fier \u00e0 un seul sympt\u00f4me<\/a><\/li><li class='ez-toc-page-1 ez-toc-heading-level-3'><a class=\"ez-toc-link ez-toc-heading-61\" href=\"https:\/\/osteomag.ca\/fr\/migraine-ou-tension-cervicale-comment-reconnaitre-la-difference\/#3_Attendre_trop_longtemps_avant_dagir\" >3. Attendre trop longtemps avant d\u2019agir<\/a><\/li><li class='ez-toc-page-1 ez-toc-heading-level-3'><a class=\"ez-toc-link ez-toc-heading-62\" href=\"https:\/\/osteomag.ca\/fr\/migraine-ou-tension-cervicale-comment-reconnaitre-la-difference\/#4_Multiplier_les_analgesiques_sans_strategie\" >4. Multiplier les analg\u00e9siques sans strat\u00e9gie<\/a><\/li><li class='ez-toc-page-1 ez-toc-heading-level-3'><a class=\"ez-toc-link ez-toc-heading-63\" href=\"https:\/\/osteomag.ca\/fr\/migraine-ou-tension-cervicale-comment-reconnaitre-la-difference\/#5_Blamer_uniquement_la_posture\" >5. Bl\u00e2mer uniquement la posture<\/a><\/li><li class='ez-toc-page-1 ez-toc-heading-level-3'><a class=\"ez-toc-link ez-toc-heading-64\" href=\"https:\/\/osteomag.ca\/fr\/migraine-ou-tension-cervicale-comment-reconnaitre-la-difference\/#6_Eviter_tout_mouvement\" >6. \u00c9viter tout mouvement<\/a><\/li><li class='ez-toc-page-1 ez-toc-heading-level-3'><a class=\"ez-toc-link ez-toc-heading-65\" href=\"https:\/\/osteomag.ca\/fr\/migraine-ou-tension-cervicale-comment-reconnaitre-la-difference\/#7_Chercher_la_solution_miracle_unique\" >7. Chercher la solution miracle unique<\/a><\/li><li class='ez-toc-page-1 ez-toc-heading-level-3'><a class=\"ez-toc-link ez-toc-heading-66\" href=\"https:\/\/osteomag.ca\/fr\/migraine-ou-tension-cervicale-comment-reconnaitre-la-difference\/#8_Ignorer_les_signes_dalerte\" >8. Ignorer les signes d\u2019alerte<\/a><\/li><li class='ez-toc-page-1 ez-toc-heading-level-3'><a class=\"ez-toc-link ez-toc-heading-67\" href=\"https:\/\/osteomag.ca\/fr\/migraine-ou-tension-cervicale-comment-reconnaitre-la-difference\/#9_Copier_la_solution_dun_proche\" >9. Copier la solution d\u2019un proche<\/a><\/li><li class='ez-toc-page-1 ez-toc-heading-level-3'><a class=\"ez-toc-link ez-toc-heading-68\" href=\"https:\/\/osteomag.ca\/fr\/migraine-ou-tension-cervicale-comment-reconnaitre-la-difference\/#10_Negliger_les_habitudes_quotidiennes\" >10. N\u00e9gliger les habitudes quotidiennes<\/a><\/li><\/ul><\/li><li class='ez-toc-page-1 ez-toc-heading-level-2'><a class=\"ez-toc-link ez-toc-heading-69\" href=\"https:\/\/osteomag.ca\/fr\/migraine-ou-tension-cervicale-comment-reconnaitre-la-difference\/#Questions_frequentes\" >Questions fr\u00e9quentes<\/a><ul class='ez-toc-list-level-3' ><li class='ez-toc-heading-level-3'><a class=\"ez-toc-link ez-toc-heading-70\" href=\"https:\/\/osteomag.ca\/fr\/migraine-ou-tension-cervicale-comment-reconnaitre-la-difference\/#Une_migraine_peut-elle_donner_mal_au_cou\" >Une migraine peut-elle donner mal au cou ?<\/a><\/li><li class='ez-toc-page-1 ez-toc-heading-level-3'><a class=\"ez-toc-link ez-toc-heading-71\" href=\"https:\/\/osteomag.ca\/fr\/migraine-ou-tension-cervicale-comment-reconnaitre-la-difference\/#Une_tension_cervicale_peut-elle_donner_mal_a_loeil_ou_a_la_tempe\" >Une tension cervicale peut-elle donner mal \u00e0 l\u2019\u0153il ou \u00e0 la tempe ?<\/a><\/li><li class='ez-toc-page-1 ez-toc-heading-level-3'><a class=\"ez-toc-link ez-toc-heading-72\" href=\"https:\/\/osteomag.ca\/fr\/migraine-ou-tension-cervicale-comment-reconnaitre-la-difference\/#Comment_savoir_si_mon_mal_de_tete_vient_de_lecran\" >Comment savoir si mon mal de t\u00eate vient de l\u2019\u00e9cran ?<\/a><\/li><li class='ez-toc-page-1 ez-toc-heading-level-3'><a class=\"ez-toc-link ez-toc-heading-73\" href=\"https:\/\/osteomag.ca\/fr\/migraine-ou-tension-cervicale-comment-reconnaitre-la-difference\/#Losteopathie_peut-elle_aider\" >L\u2019ost\u00e9opathie peut-elle aider ?<\/a><\/li><li class='ez-toc-page-1 ez-toc-heading-level-3'><a class=\"ez-toc-link ez-toc-heading-74\" href=\"https:\/\/osteomag.ca\/fr\/migraine-ou-tension-cervicale-comment-reconnaitre-la-difference\/#Faut-il_faire_une_imagerie\" >Faut-il faire une imagerie ?<\/a><\/li><li class='ez-toc-page-1 ez-toc-heading-level-3'><a class=\"ez-toc-link ez-toc-heading-75\" href=\"https:\/\/osteomag.ca\/fr\/migraine-ou-tension-cervicale-comment-reconnaitre-la-difference\/#Le_stress_peut-il_vraiment_declencher_un_mal_de_tete\" >Le stress peut-il vraiment d\u00e9clencher un mal de t\u00eate ?<\/a><\/li><li class='ez-toc-page-1 ez-toc-heading-level-3'><a class=\"ez-toc-link ez-toc-heading-76\" href=\"https:\/\/osteomag.ca\/fr\/migraine-ou-tension-cervicale-comment-reconnaitre-la-difference\/#Pourquoi_mes_maux_de_tete_reviennent_malgre_les_traitements\" >Pourquoi mes maux de t\u00eate reviennent malgr\u00e9 les traitements ?<\/a><\/li><li class='ez-toc-page-1 ez-toc-heading-level-3'><a class=\"ez-toc-link ez-toc-heading-77\" href=\"https:\/\/osteomag.ca\/fr\/migraine-ou-tension-cervicale-comment-reconnaitre-la-difference\/#Quand_consulter\" >Quand consulter ?<\/a><\/li><\/ul><\/li><li class='ez-toc-page-1 ez-toc-heading-level-2'><a class=\"ez-toc-link ez-toc-heading-78\" href=\"https:\/\/osteomag.ca\/fr\/migraine-ou-tension-cervicale-comment-reconnaitre-la-difference\/#Conclusion_comprendre_la_cause_pour_mieux_se_soulager\" >Conclusion : comprendre la cause pour mieux se soulager<\/a><\/li><li class='ez-toc-page-1 ez-toc-heading-level-2'><a class=\"ez-toc-link ez-toc-heading-79\" href=\"https:\/\/osteomag.ca\/fr\/migraine-ou-tension-cervicale-comment-reconnaitre-la-difference\/#References\" >R\u00e9f\u00e9rences<\/a><\/li><\/ul><\/nav><\/div>\n\n<div class=\"pc-box\">\n\n<div class=\"pc-title\">Points cl\u00e9s<\/div>\n\n<ul class=\"pc-list\">\n<li>Une migraine et une tension cervicale peuvent toutes deux provoquer un mal de t\u00eate, mais leurs m\u00e9canismes sont diff\u00e9rents.<\/li>\n\n<li>La migraine est souvent pulsatile, mod\u00e9r\u00e9e \u00e0 intense, parfois d\u2019un seul c\u00f4t\u00e9 et accompagn\u00e9e de naus\u00e9es ou sensibilit\u00e9 \u00e0 la lumi\u00e8re.<\/li>\n\n<li>La douleur d\u2019origine cervicale commence fr\u00e9quemment dans le cou ou la base du cr\u00e2ne puis remonte vers la t\u00eate.<\/li>\n\n<li>Les mouvements du cou, la posture prolong\u00e9e ou le travail \u00e0 l\u2019\u00e9cran aggravent souvent les c\u00e9phal\u00e9es cervicales.<\/li>\n\n<li>La migraine est davantage influenc\u00e9e par le sommeil, le stress, les hormones, certains d\u00e9clencheurs sensoriels ou la fatigue.<\/li>\n\n<li>Une raideur de nuque importante oriente plus souvent vers une composante cervicale, sans exclure une migraine associ\u00e9e.<\/li>\n\n<li>Certaines personnes pr\u00e9sentent un m\u00e9lange de migraine et surcharge cervicale en m\u00eame temps.<\/li>\n\n<li>Le diagnostic repose surtout sur l\u2019histoire des sympt\u00f4mes, les d\u00e9clencheurs et l\u2019examen clinique.<\/li>\n\n<li>L\u2019ost\u00e9opathie peut aider lorsqu\u2019une composante posturale, musculaire ou m\u00e9canique entretient la douleur.<\/li>\n\n<li>Un nouveau mal de t\u00eate intense, brutal ou accompagn\u00e9 de signes neurologiques n\u00e9cessite une \u00e9valuation rapide.<\/li>\n<\/ul>\n\n<\/div>\n\n<style>\n.pc-box{\nbackground:#ffffff;\nborder:2px solid #1A7F78;\nborder-left:8px solid #1A7F78;\npadding:24px;\nmargin:30px 0;\nborder-radius:4px;\nbox-shadow:0 6px 18px rgba(0,0,0,0.08);\n}\n\n.pc-title{\nfont-size:28px;\nfont-weight:700;\ncolor:#1A7F78;\nmargin-bottom:18px;\nline-height:1.2;\n}\n\n.pc-list{\nmargin:0;\npadding-left:22px;\n}\n\n.pc-list li{\nmargin-bottom:12px;\nfont-size:18px;\nline-height:1.6;\ncolor:#222;\n}\n\n.pc-list li::marker{\ncolor:#1A7F78;\nfont-weight:bold;\n}\n<\/style>\n\n\n\n<div class=\"osteo-accordion\">\n\n  <details>\n    <summary>Version texte court<\/summary>\n\n    <div class=\"osteo-accordion-content\">\n\n      <h2><span class=\"ez-toc-section\" id=\"Migraine_ou_tension_cervicale_comment_reconnaitre_la_difference\"><\/span>Migraine ou tension cervicale : comment reconna\u00eetre la diff\u00e9rence ?<span class=\"ez-toc-section-end\"><\/span><\/h2>\n\n      <p>Un mal de t\u00eate n\u2019a pas toujours la m\u00eame origine. Certaines douleurs proviennent d\u2019une <strong>migraine<\/strong>, tandis que d\u2019autres sont davantage li\u00e9es \u00e0 des <strong>tensions cervicales<\/strong> ou \u00e0 une c\u00e9phal\u00e9e cervicog\u00e9nique. Les sympt\u00f4mes peuvent se ressembler, mais certains indices permettent de mieux les distinguer et d\u2019orienter la prise en charge. :contentReference[oaicite:0]{index=0}<\/p>\n\n      <h3><span class=\"ez-toc-section\" id=\"Signes_evoquant_une_migraine\"><\/span>Signes \u00e9voquant une migraine<span class=\"ez-toc-section-end\"><\/span><\/h3>\n      <ul>\n        <li>Douleur pulsatile<\/li>\n        <li>Souvent d\u2019un seul c\u00f4t\u00e9<\/li>\n        <li>Naus\u00e9es possibles<\/li>\n        <li>Sensibilit\u00e9 \u00e0 la lumi\u00e8re<\/li>\n        <li>Sensibilit\u00e9 au bruit<\/li>\n        <li>Aggrav\u00e9e par l\u2019effort<\/li>\n        <li>Crises r\u00e9currentes<\/li>\n        <li>Aura chez certaines personnes<\/li>\n      <\/ul>\n\n      <h3><span class=\"ez-toc-section\" id=\"Signes_evoquant_une_tension_cervicale\"><\/span>Signes \u00e9voquant une tension cervicale<span class=\"ez-toc-section-end\"><\/span><\/h3>\n      <ul>\n        <li>Douleur partant du cou<\/li>\n        <li>Raideur de nuque<\/li>\n        <li>Douleur derri\u00e8re la t\u00eate<\/li>\n        <li>Aggrav\u00e9e par posture prolong\u00e9e<\/li>\n        <li>Douleur avec mouvements du cou<\/li>\n        <li>Sensation de t\u00eate lourde<\/li>\n        <li>Tensions musculaires palpables<\/li>\n        <li>Souvent li\u00e9e au stress<\/li>\n      <\/ul>\n\n      <h3><span class=\"ez-toc-section\" id=\"Causes_possibles\"><\/span>Causes possibles<span class=\"ez-toc-section-end\"><\/span><\/h3>\n      <ul>\n        <li>Stress<\/li>\n        <li>Fatigue<\/li>\n        <li>Mauvaise posture<\/li>\n        <li>Travail \u00e0 l\u2019\u00e9cran<\/li>\n        <li>D\u00e9clencheurs alimentaires<\/li>\n        <li>Manque de sommeil<\/li>\n        <li>Tensions musculaires<\/li>\n        <li>Traumatisme cervical<\/li>\n      <\/ul>\n\n      <h3><span class=\"ez-toc-section\" id=\"Comment_poser_le_diagnostic\"><\/span>Comment poser le diagnostic ?<span class=\"ez-toc-section-end\"><\/span><\/h3>\n      <ul>\n        <li>Historique des crises<\/li>\n        <li>Description de la douleur<\/li>\n        <li>Facteurs d\u00e9clenchants<\/li>\n        <li>Examen clinique<\/li>\n        <li>\u00c9valuation cervicale<\/li>\n        <li>Signes neurologiques<\/li>\n        <li>Journal des sympt\u00f4mes<\/li>\n        <li>Examens si n\u00e9cessaire<\/li>\n      <\/ul>\n\n      <h3><span class=\"ez-toc-section\" id=\"Comment_soulager\"><\/span>Comment soulager ?<span class=\"ez-toc-section-end\"><\/span><\/h3>\n      <ul>\n        <li>Repos dans le calme<\/li>\n        <li>Hydratation<\/li>\n        <li>Gestion du stress<\/li>\n        <li>Correction ergonomique<\/li>\n        <li>Mobilit\u00e9 douce du cou<\/li>\n        <li>Sommeil r\u00e9gulier<\/li>\n        <li>M\u00e9dication prescrite si besoin<\/li>\n        <li>Exercices adapt\u00e9s<\/li>\n      <\/ul>\n\n      <h3><span class=\"ez-toc-section\" id=\"Place_de_losteopathie\"><\/span>Place de l\u2019ost\u00e9opathie<span class=\"ez-toc-section-end\"><\/span><\/h3>\n      <ul>\n        <li>\u00c9valuation globale<\/li>\n        <li>Mobilit\u00e9 cervicale<\/li>\n        <li>Diminution des tensions musculaires<\/li>\n        <li>Travail postural<\/li>\n        <li>Respiration<\/li>\n        <li>Conseils personnalis\u00e9s<\/li>\n        <li>Pr\u00e9vention des r\u00e9cidives<\/li>\n      <\/ul>\n\n      <h3><span class=\"ez-toc-section\" id=\"Quand_consulter_rapidement\"><\/span>Quand consulter rapidement ?<span class=\"ez-toc-section-end\"><\/span><\/h3>\n      <ul>\n        <li>Pire mal de t\u00eate soudain<\/li>\n        <li>Faiblesse d\u2019un c\u00f4t\u00e9<\/li>\n        <li>Trouble de la parole<\/li>\n        <li>Fi\u00e8vre<\/li>\n        <li>Vomissements persistants<\/li>\n        <li>Apr\u00e8s traumatisme<\/li>\n        <li>Vision perturb\u00e9e inhabituelle<\/li>\n        <li>Aggravation rapide<\/li>\n      <\/ul>\n\n      <h3><span class=\"ez-toc-section\" id=\"En_resume\"><\/span>En r\u00e9sum\u00e9<span class=\"ez-toc-section-end\"><\/span><\/h3>\n      <p>La migraine est souvent plus neurologique et sensorielle, tandis que la tension cervicale est fr\u00e9quemment li\u00e9e au cou, \u00e0 la posture et aux muscles. Bien identifier la source dominante aide \u00e0 choisir les bonnes strat\u00e9gies de traitement et de pr\u00e9vention. :contentReference[oaicite:1]{index=1}<\/p>\n\n    <\/div>\n  <\/details>\n\n<\/div>\n\n<style>\n.osteo-accordion{\n  margin:25px 0;\n  border-radius:12px;\n  overflow:hidden;\n  box-shadow:0 4px 14px rgba(0,0,0,.08);\n}\n.osteo-accordion details{background:#fff;}\n.osteo-accordion summary{\n  list-style:none;\n  cursor:pointer;\n  padding:20px 24px;\n  font-size:32px;\n  font-weight:700;\n  color:#fff;\n  background:linear-gradient(135deg,#178fcb 0%,#1177b1 100%);\n  position:relative;\n}\n.osteo-accordion summary::-webkit-details-marker{display:none;}\n.osteo-accordion summary::after{\n  content:\"+\";\n  position:absolute;\n  right:24px;\n  top:50%;\n  transform:translateY(-50%);\n  font-size:48px;\n  font-weight:300;\n}\n.osteo-accordion details[open] summary::after{content:\"\u2212\";}\n.osteo-accordion-content{\n  padding:28px;\n  background:#f9fcff;\n  line-height:1.8;\n  color:#222;\n  font-size:18px;\n}\n.osteo-accordion-content h2{\n  color:#1177b1;\n  font-size:28px;\n  margin:0 0 14px;\n}\n.osteo-accordion-content h3{\n  color:#1177b1;\n  font-size:22px;\n  margin:24px 0 8px;\n}\n.osteo-accordion-content ul{\n  margin:8px 0 18px 22px;\n}\n.osteo-accordion-content li{\n  margin-bottom:8px;\n}\n<\/style>\n\n\n\n<h2 class=\"wp-block-heading\" id=\"h-introduction-quand-la-douleur-a-la-tete-ne-vient-pas-toujours-du-meme-endroi-t\"><span class=\"ez-toc-section\" id=\"Introduction_Quand_la_douleur_a_la_tete_ne_vient_pas_toujours_du_meme_endroit\"><\/span><strong>Introduction : Quand la douleur \u00e0 la t\u00eate ne vient pas toujours du m\u00eame endroi<\/strong>t<span class=\"ez-toc-section-end\"><\/span><\/h2>\n\n\n\n<p>Vous avez mal \u00e0 la t\u00eate\u2026 mais est-ce vraiment une migraine ?<\/p>\n\n\n\n<p>La douleur commence derri\u00e8re les yeux, sur un c\u00f4t\u00e9 du cr\u00e2ne, \u00e0 la base du cou ou en fin de journ\u00e9e apr\u00e8s l\u2019ordinateur. Parfois elle pulse. Parfois elle serre comme un \u00e9tau. Parfois elle monte depuis la nuque et envahit toute la t\u00eate. Pour beaucoup de personnes, tout mal de t\u00eate devient automatiquement une \u201cmigraine\u201d. Pourtant, plusieurs douleurs cr\u00e2niennes n\u2019ont pas la m\u00eame origine ni le m\u00eame traitement.<\/p>\n\n\n\n<p>La confusion est fr\u00e9quente entre la migraine et les c\u00e9phal\u00e9es li\u00e9es aux tensions cervicales. Les deux peuvent provoquer une g\u00eane importante, nuire \u00e0 la concentration, perturber le sommeil et limiter la vie quotidienne. Mais leurs m\u00e9canismes sont diff\u00e9rents. La migraine est consid\u00e9r\u00e9e comme un trouble neurologique complexe, alors que la douleur cervicale implique souvent les muscles, les articulations, les tissus myofasciaux et parfois certaines structures nerveuses du cou.<\/p>\n\n\n\n<p>Reconna\u00eetre la diff\u00e9rence permet d\u2019\u00e9viter des traitements mal cibl\u00e9s, de mieux comprendre ses d\u00e9clencheurs et d\u2019adopter les bonnes strat\u00e9gies pour se soulager. Une personne souffrant de migraine ne r\u00e9agira pas toujours aux m\u00eames approches qu\u2019une personne dont la douleur provient surtout d\u2019une surcharge cervicale.<\/p>\n\n\n\n<p>Dans cet article, nous allons clarifier les signes distinctifs, les zones de douleur, les sympt\u00f4mes associ\u00e9s, les facteurs aggravants et les solutions possibles. L\u2019objectif n\u2019est pas de poser un diagnostic en ligne, mais de vous aider \u00e0 mieux orienter votre compr\u00e9hension\u2026 et \u00e0 savoir quand consulter.<\/p>\n\n\n\n<figure class=\"wp-block-image size-large\"><img decoding=\"async\" width=\"1030\" height=\"824\" src=\"https:\/\/osteomag.ca\/wp-content\/uploads\/2026\/04\/ChatGPT-Image-Apr-26-2026-11_24_52-PM-1030x824.webp\" alt=\"\" class=\"wp-image-57280\" srcset=\"https:\/\/osteomag.ca\/wp-content\/uploads\/2026\/04\/ChatGPT-Image-Apr-26-2026-11_24_52-PM-1030x824.webp 1030w, https:\/\/osteomag.ca\/wp-content\/uploads\/2026\/04\/ChatGPT-Image-Apr-26-2026-11_24_52-PM-506x405.webp 506w, https:\/\/osteomag.ca\/wp-content\/uploads\/2026\/04\/ChatGPT-Image-Apr-26-2026-11_24_52-PM-80x64.webp 80w, https:\/\/osteomag.ca\/wp-content\/uploads\/2026\/04\/ChatGPT-Image-Apr-26-2026-11_24_52-PM-768x615.webp 768w, https:\/\/osteomag.ca\/wp-content\/uploads\/2026\/04\/ChatGPT-Image-Apr-26-2026-11_24_52-PM-525x420.webp 525w, https:\/\/osteomag.ca\/wp-content\/uploads\/2026\/04\/ChatGPT-Image-Apr-26-2026-11_24_52-PM-150x120.webp 150w, https:\/\/osteomag.ca\/wp-content\/uploads\/2026\/04\/ChatGPT-Image-Apr-26-2026-11_24_52-PM-300x240.webp 300w, https:\/\/osteomag.ca\/wp-content\/uploads\/2026\/04\/ChatGPT-Image-Apr-26-2026-11_24_52-PM-600x480.webp 600w, https:\/\/osteomag.ca\/wp-content\/uploads\/2026\/04\/ChatGPT-Image-Apr-26-2026-11_24_52-PM-696x557.webp 696w, https:\/\/osteomag.ca\/wp-content\/uploads\/2026\/04\/ChatGPT-Image-Apr-26-2026-11_24_52-PM-1068x855.webp 1068w, https:\/\/osteomag.ca\/wp-content\/uploads\/2026\/04\/ChatGPT-Image-Apr-26-2026-11_24_52-PM.webp 1402w\" sizes=\"(max-width: 1030px) 100vw, 1030px\" \/><\/figure>\n\n\n\n<h2 class=\"wp-block-heading\"><span class=\"ez-toc-section\" id=\"Migraine_un_trouble_neurologique_aux_multiples_visages\"><\/span><strong>Migraine : un trouble neurologique aux multiples visages<\/strong><span class=\"ez-toc-section-end\"><\/span><\/h2>\n\n\n\n<p>La migraine n\u2019est pas un simple mal de t\u00eate plus intense. Il s\u2019agit d\u2019un trouble neurologique complexe impliquant une hypersensibilit\u00e9 du syst\u00e8me nerveux, des m\u00e9canismes inflammatoires neurovasculaires et, chez plusieurs personnes, une pr\u00e9disposition g\u00e9n\u00e9tique. Elle peut appara\u00eetre \u00e0 tout \u00e2ge, mais d\u00e9bute souvent avant 40 ans, avec une fr\u00e9quence plus \u00e9lev\u00e9e chez les femmes.<\/p>\n\n\n\n<p>Contrairement \u00e0 une id\u00e9e r\u00e9pandue, la migraine ne se limite pas toujours \u00e0 une douleur pulsatile d\u2019un seul c\u00f4t\u00e9 de la t\u00eate. Certaines migraines sont bilat\u00e9rales, d\u2019autres donnent une sensation de pression, de battement ou de douleur profonde derri\u00e8re l\u2019\u0153il. L\u2019intensit\u00e9 varie de mod\u00e9r\u00e9e \u00e0 s\u00e9v\u00e8re, avec un impact parfois majeur sur la capacit\u00e9 de travailler, conduire, lire ou tol\u00e9rer la lumi\u00e8re.<\/p>\n\n\n\n<p>Une crise migraineuse s\u2019accompagne souvent d\u2019autres sympt\u00f4mes. Les plus fr\u00e9quents sont les naus\u00e9es, la sensibilit\u00e9 \u00e0 la lumi\u00e8re (photophobie), au bruit (phonophobie), parfois aux odeurs, ainsi qu\u2019une aggravation lors de l\u2019effort physique. Monter des escaliers, se pencher ou bouger rapidement peut empirer la douleur.<\/p>\n\n\n\n<figure class=\"wp-block-image size-large\"><img decoding=\"async\" width=\"1030\" height=\"687\" src=\"https:\/\/osteomag.ca\/wp-content\/uploads\/2026\/04\/ChatGPT-Image-Apr-27-2026-08_23_34-AM-1030x687.webp\" alt=\"\" class=\"wp-image-57286\" srcset=\"https:\/\/osteomag.ca\/wp-content\/uploads\/2026\/04\/ChatGPT-Image-Apr-27-2026-08_23_34-AM-1030x687.webp 1030w, https:\/\/osteomag.ca\/wp-content\/uploads\/2026\/04\/ChatGPT-Image-Apr-27-2026-08_23_34-AM-540x360.webp 540w, https:\/\/osteomag.ca\/wp-content\/uploads\/2026\/04\/ChatGPT-Image-Apr-27-2026-08_23_34-AM-80x53.webp 80w, https:\/\/osteomag.ca\/wp-content\/uploads\/2026\/04\/ChatGPT-Image-Apr-27-2026-08_23_34-AM-768x512.webp 768w, https:\/\/osteomag.ca\/wp-content\/uploads\/2026\/04\/ChatGPT-Image-Apr-27-2026-08_23_34-AM-630x420.webp 630w, https:\/\/osteomag.ca\/wp-content\/uploads\/2026\/04\/ChatGPT-Image-Apr-27-2026-08_23_34-AM-150x100.webp 150w, https:\/\/osteomag.ca\/wp-content\/uploads\/2026\/04\/ChatGPT-Image-Apr-27-2026-08_23_34-AM-300x200.webp 300w, https:\/\/osteomag.ca\/wp-content\/uploads\/2026\/04\/ChatGPT-Image-Apr-27-2026-08_23_34-AM-600x400.webp 600w, https:\/\/osteomag.ca\/wp-content\/uploads\/2026\/04\/ChatGPT-Image-Apr-27-2026-08_23_34-AM-696x464.webp 696w, https:\/\/osteomag.ca\/wp-content\/uploads\/2026\/04\/ChatGPT-Image-Apr-27-2026-08_23_34-AM-1068x712.webp 1068w, https:\/\/osteomag.ca\/wp-content\/uploads\/2026\/04\/ChatGPT-Image-Apr-27-2026-08_23_34-AM.webp 1536w\" sizes=\"(max-width: 1030px) 100vw, 1030px\" \/><\/figure>\n\n\n\n<p>Certaines personnes pr\u00e9sentent une&nbsp;<strong>aura migraineuse<\/strong>, c\u2019est-\u00e0-dire des sympt\u00f4mes neurologiques transitoires pr\u00e9c\u00e9dant ou accompagnant la crise. Cela peut inclure des scintillements visuels, des zones floues, des fourmillements, des troubles du langage ou une sensation \u00e9trange difficile \u00e0 d\u00e9crire. L\u2019aura ne survient pas chez tout le monde.<\/p>\n\n\n\n<p>La migraine \u00e9volue souvent par phases :<\/p>\n\n\n\n<ul class=\"wp-block-list\">\n<li>signes pr\u00e9curseurs (fatigue, irritabilit\u00e9, fringales, raideur cervicale)<\/li>\n\n\n\n<li>aura chez certaines personnes<\/li>\n\n\n\n<li>phase douloureuse<\/li>\n\n\n\n<li>phase de r\u00e9cup\u00e9ration avec fatigue ou brouillard mental<\/li>\n<\/ul>\n\n\n\n<p>Un \u00e9l\u00e9ment important : plusieurs migraineux ressentent aussi des tensions dans le cou. Cela ne signifie pas forc\u00e9ment que le cou est la cause principale. Le cerveau et les voies nerveuses de la t\u00eate et du cou partagent certaines connexions, ce qui peut brouiller les pistes.<\/p>\n\n\n\n<p>Comprendre la migraine comme un ph\u00e9nom\u00e8ne neurologique global aide \u00e0 mieux l\u2019aborder. Il ne s\u2019agit pas seulement de calmer la douleur, mais aussi d\u2019identifier les d\u00e9clencheurs, r\u00e9guler le mode de vie et choisir une strat\u00e9gie adapt\u00e9e.<\/p>\n\n\n\n<h2 class=\"wp-block-heading\"><span class=\"ez-toc-section\" id=\"Tableau_comparatif_Migraine_vs_tension_cervicale\"><\/span><strong>Tableau comparatif : Migraine vs tension cervicale<\/strong><span class=\"ez-toc-section-end\"><\/span><\/h2>\n\n\n\n<figure class=\"wp-block-table has-small-font-size\"><table class=\"has-fixed-layout\"><thead><tr><th>Crit\u00e8re<\/th><th>Migraine<\/th><th>Tension cervicale \/ c\u00e9phal\u00e9e cervicog\u00e9nique<\/th><\/tr><\/thead><tbody><tr><td><strong>Origine principale<\/strong><\/td><td>Trouble neurologique complexe<\/td><td>Dysfonction du cou : muscles, articulations, tissus cervicaux<\/td><\/tr><tr><td><strong>Localisation fr\u00e9quente<\/strong><\/td><td>Un c\u00f4t\u00e9 de la t\u00eate, front, tempe, derri\u00e8re l\u2019\u0153il<\/td><td>Nuque, base du cr\u00e2ne, arri\u00e8re de la t\u00eate, parfois front<\/td><\/tr><tr><td><strong>Type de douleur<\/strong><\/td><td>Pulsatile, battante, profonde<\/td><td>Pression, serrement, tiraillement, raideur<\/td><\/tr><tr><td><strong>Intensit\u00e9<\/strong><\/td><td>Mod\u00e9r\u00e9e \u00e0 s\u00e9v\u00e8re<\/td><td>L\u00e9g\u00e8re \u00e0 mod\u00e9r\u00e9e, parfois forte si importante tension<\/td><\/tr><tr><td><strong>Aggrav\u00e9e par l\u2019effort<\/strong><\/td><td>Souvent oui<\/td><td>Surtout par certaines positions ou mouvements du cou<\/td><\/tr><tr><td><strong>Lien avec les mouvements du cou<\/strong><\/td><td>Pas toujours direct<\/td><td>Souvent clair et reproductible<\/td><\/tr><tr><td><strong>Naus\u00e9es<\/strong><\/td><td>Fr\u00e9quentes<\/td><td>Rares<\/td><\/tr><tr><td><strong>Sensibilit\u00e9 \u00e0 la lumi\u00e8re \/ bruit<\/strong><\/td><td>Fr\u00e9quente<\/td><td>Peu fr\u00e9quente<\/td><\/tr><tr><td><strong>Raideur cervicale<\/strong><\/td><td>Possible<\/td><td>Tr\u00e8s fr\u00e9quente<\/td><\/tr><tr><td><strong>Dur\u00e9e<\/strong><\/td><td>4 \u00e0 72 heures (variable)<\/td><td>Variable : heures \u00e0 jours<\/td><\/tr><tr><td><strong>D\u00e9clencheurs fr\u00e9quents<\/strong><\/td><td>Hormones, manque de sommeil, stress, certains aliments, surcharge sensorielle<\/td><td>Posture, \u00e9cran, stress musculaire, sommeil inad\u00e9quat, surcharge m\u00e9canique<\/td><\/tr><tr><td><strong>Soulagement fr\u00e9quent<\/strong><\/td><td>Repos, obscurit\u00e9, traitement sp\u00e9cifique<\/td><td>Chaleur, mouvement adapt\u00e9, rel\u00e2chement musculaire, correction ergonomique<\/td><\/tr><tr><td><strong>Examen utile<\/strong><\/td><td>Histoire clinique, profil des crises<\/td><td>Examen cervical, mobilit\u00e9, palpation, posture<\/td><\/tr><tr><td><strong>Ost\u00e9opathie<\/strong><\/td><td>Peut aider certains facteurs associ\u00e9s<\/td><td>Souvent pertinente si composante cervicale dominante<\/td><\/tr><\/tbody><\/table><\/figure>\n\n\n\n<h2 class=\"wp-block-heading\"><span class=\"ez-toc-section\" id=\"Tension_cervicale_quand_le_cou_devient_la_source_de_la_douleur\"><\/span><strong>Tension cervicale : quand le cou devient la source de la douleur<\/strong><span class=\"ez-toc-section-end\"><\/span><\/h2>\n\n\n\n<p>Toutes les douleurs \u00e0 la t\u00eate ne prennent pas naissance dans le cr\u00e2ne. Chez de nombreuses personnes, le probl\u00e8me commence dans le cou. Les muscles cervicaux, les articulations entre les vert\u00e8bres, les fascias, les ligaments et certaines structures nerveuses peuvent irriter les voies de la douleur et projeter des sympt\u00f4mes vers la t\u00eate. On parle alors de c\u00e9phal\u00e9e li\u00e9e aux tensions cervicales ou de c\u00e9phal\u00e9e cervicog\u00e9nique selon le m\u00e9canisme en cause.<\/p>\n\n\n\n<p>Le cou supporte la t\u00eate en permanence. Lorsque cette r\u00e9gion travaille dans de mauvaises conditions \u2014 posture prolong\u00e9e devant un \u00e9cran, stress, manque de r\u00e9cup\u00e9ration, position de sommeil inad\u00e9quate, mouvements r\u00e9p\u00e9titifs ou ancienne blessure \u2014 les tissus peuvent devenir plus sensibles. La douleur ne reste pas toujours localis\u00e9e au cou. Elle peut remonter vers la base du cr\u00e2ne, derri\u00e8re les oreilles, sur le sommet de la t\u00eate, autour de l\u2019\u0153il ou jusque dans le front.<\/p>\n\n\n\n<figure class=\"wp-block-image size-large\"><img decoding=\"async\" width=\"1030\" height=\"687\" src=\"https:\/\/osteomag.ca\/wp-content\/uploads\/2026\/04\/ChatGPT-Image-Apr-27-2026-08_26_56-AM-1030x687.webp\" alt=\"\" class=\"wp-image-57290\" srcset=\"https:\/\/osteomag.ca\/wp-content\/uploads\/2026\/04\/ChatGPT-Image-Apr-27-2026-08_26_56-AM-1030x687.webp 1030w, https:\/\/osteomag.ca\/wp-content\/uploads\/2026\/04\/ChatGPT-Image-Apr-27-2026-08_26_56-AM-540x360.webp 540w, https:\/\/osteomag.ca\/wp-content\/uploads\/2026\/04\/ChatGPT-Image-Apr-27-2026-08_26_56-AM-80x53.webp 80w, https:\/\/osteomag.ca\/wp-content\/uploads\/2026\/04\/ChatGPT-Image-Apr-27-2026-08_26_56-AM-768x512.webp 768w, https:\/\/osteomag.ca\/wp-content\/uploads\/2026\/04\/ChatGPT-Image-Apr-27-2026-08_26_56-AM-630x420.webp 630w, https:\/\/osteomag.ca\/wp-content\/uploads\/2026\/04\/ChatGPT-Image-Apr-27-2026-08_26_56-AM-150x100.webp 150w, https:\/\/osteomag.ca\/wp-content\/uploads\/2026\/04\/ChatGPT-Image-Apr-27-2026-08_26_56-AM-300x200.webp 300w, https:\/\/osteomag.ca\/wp-content\/uploads\/2026\/04\/ChatGPT-Image-Apr-27-2026-08_26_56-AM-600x400.webp 600w, https:\/\/osteomag.ca\/wp-content\/uploads\/2026\/04\/ChatGPT-Image-Apr-27-2026-08_26_56-AM-696x464.webp 696w, https:\/\/osteomag.ca\/wp-content\/uploads\/2026\/04\/ChatGPT-Image-Apr-27-2026-08_26_56-AM-1068x712.webp 1068w, https:\/\/osteomag.ca\/wp-content\/uploads\/2026\/04\/ChatGPT-Image-Apr-27-2026-08_26_56-AM.webp 1536w\" sizes=\"(max-width: 1030px) 100vw, 1030px\" \/><\/figure>\n\n\n\n<p>Un signe fr\u00e9quent est la sensation de nuque raide ou lourde. Certaines personnes d\u00e9crivent un poids sur les \u00e9paules, une difficult\u00e9 \u00e0 tourner la t\u00eate, ou une douleur qui appara\u00eet apr\u00e8s plusieurs heures assis. D\u2019autres remarquent que la c\u00e9phal\u00e9e est d\u00e9clench\u00e9e par une position pr\u00e9cise : regarder vers le bas, travailler \u00e0 l\u2019ordinateur, conduire longtemps ou dormir sur un mauvais oreiller.<\/p>\n\n\n\n<p>Contrairement \u00e0 la migraine classique, la douleur cervicale est souvent plus m\u00e9canique. Elle peut \u00eatre reproduite ou aggrav\u00e9e par certains mouvements du cou, par la pression sur des zones musculaires sensibles ou par une surcharge posturale. Elle est souvent d\u00e9crite comme :<\/p>\n\n\n\n<ul class=\"wp-block-list\">\n<li>tension<\/li>\n\n\n\n<li>pression<\/li>\n\n\n\n<li>\u00e9tau<\/li>\n\n\n\n<li>douleur sourde<\/li>\n\n\n\n<li>tiraillement<\/li>\n\n\n\n<li>br\u00fblure locale ou diffuse<\/li>\n<\/ul>\n\n\n\n<p>Le stress joue aussi un r\u00f4le majeur. En p\u00e9riode de surcharge \u00e9motionnelle, plusieurs muscles du cou et des \u00e9paules augmentent leur tonus de fa\u00e7on prolong\u00e9e. Cela peut entretenir un cercle vicieux entre tension, douleur, fatigue et vigilance accrue.<\/p>\n\n\n\n<p>Il est important de noter qu\u2019une douleur cervicale peut coexister avec une migraine. Une personne peut donc avoir les deux m\u00e9canismes en m\u00eame temps, ce qui rend l\u2019\u00e9valuation clinique particuli\u00e8rement utile.<\/p>\n\n\n\n<p>Quand le cou participe au probl\u00e8me, le traitement vise souvent \u00e0 r\u00e9duire les contraintes m\u00e9caniques, am\u00e9liorer la mobilit\u00e9, restaurer certaines capacit\u00e9s musculaires et modifier les habitudes qui entretiennent la surcharge.<\/p>\n\n\n\n<h2 class=\"wp-block-heading\"><span class=\"ez-toc-section\" id=\"Les_signes_typiques_de_la_migraine\"><\/span><strong>Les signes typiques de la migraine<\/strong><span class=\"ez-toc-section-end\"><\/span><\/h2>\n\n\n\n<p>M\u00eame si chaque personne vit la migraine diff\u00e9remment, certains signes reviennent fr\u00e9quemment et aident \u00e0 la reconna\u00eetre. L\u2019ensemble du tableau compte souvent plus qu\u2019un seul sympt\u00f4me isol\u00e9.<\/p>\n\n\n\n<h3 class=\"wp-block-heading\"><span class=\"ez-toc-section\" id=\"1_Douleur_pulsatile_ou_battante\"><\/span><strong>1. Douleur pulsatile ou battante<\/strong><span class=\"ez-toc-section-end\"><\/span><\/h3>\n\n\n\n<p>Beaucoup de migraineux d\u00e9crivent une sensation de battement, de pulsation ou de marteau dans la t\u00eate. Ce n\u2019est pas obligatoire, mais c\u2019est fr\u00e9quent.<\/p>\n\n\n\n<h3 class=\"wp-block-heading\"><span class=\"ez-toc-section\" id=\"2_Douleur_souvent_dun_seul_cote\"><\/span><strong>2. Douleur souvent d\u2019un seul c\u00f4t\u00e9<\/strong><span class=\"ez-toc-section-end\"><\/span><\/h3>\n\n\n\n<p>La migraine touche souvent un c\u00f4t\u00e9 de la t\u00eate, surtout la tempe, le front ou la r\u00e9gion derri\u00e8re un \u0153il. Toutefois, elle peut aussi \u00eatre bilat\u00e9rale.<\/p>\n\n\n\n<h3 class=\"wp-block-heading\"><span class=\"ez-toc-section\" id=\"3_Intensite_moderee_a_severe\"><\/span><strong>3. Intensit\u00e9 mod\u00e9r\u00e9e \u00e0 s\u00e9v\u00e8re<\/strong><span class=\"ez-toc-section-end\"><\/span><\/h3>\n\n\n\n<p>La douleur peut emp\u00eacher les activit\u00e9s normales : travail, lecture, concentration, t\u00e2ches m\u00e9nag\u00e8res ou activit\u00e9 physique.<\/p>\n\n\n\n<h3 class=\"wp-block-heading\"><span class=\"ez-toc-section\" id=\"4_Aggravation_avec_leffort\"><\/span><strong>4. Aggravation avec l\u2019effort<\/strong><span class=\"ez-toc-section-end\"><\/span><\/h3>\n\n\n\n<p>Monter des escaliers, se pencher, marcher vite ou bouger brusquement peut accentuer la crise.<\/p>\n\n\n\n<h3 class=\"wp-block-heading\"><span class=\"ez-toc-section\" id=\"5_Sensibilite_sensorielle\"><\/span><strong>5. Sensibilit\u00e9 sensorielle<\/strong><span class=\"ez-toc-section-end\"><\/span><\/h3>\n\n\n\n<p>La lumi\u00e8re, le bruit et parfois les odeurs deviennent difficiles \u00e0 tol\u00e9rer. Certaines personnes recherchent spontan\u00e9ment le calme et l\u2019obscurit\u00e9.<\/p>\n\n\n\n<h3 class=\"wp-block-heading\"><span class=\"ez-toc-section\" id=\"6_Nausees_ou_inconfort_digestif\"><\/span><strong>6. Naus\u00e9es ou inconfort digestif<\/strong><span class=\"ez-toc-section-end\"><\/span><\/h3>\n\n\n\n<p>Les naus\u00e9es sont fr\u00e9quentes, parfois accompagn\u00e9es de vomissements ou d\u2019une perte d\u2019app\u00e9tit.<\/p>\n\n\n\n<h3 class=\"wp-block-heading\"><span class=\"ez-toc-section\" id=\"7_Aura_chez_certaines_personnes\"><\/span><strong>7. Aura chez certaines personnes<\/strong><span class=\"ez-toc-section-end\"><\/span><\/h3>\n\n\n\n<p>Avant la douleur, certaines personnes voient des scintillements, des zigzags lumineux, des zones floues ou ressentent des fourmillements temporaires.<\/p>\n\n\n\n<h3 class=\"wp-block-heading\"><span class=\"ez-toc-section\" id=\"8_Fatigue_apres_la_crise\"><\/span><strong>8. Fatigue apr\u00e8s la crise<\/strong><span class=\"ez-toc-section-end\"><\/span><\/h3>\n\n\n\n<p>Une fois la douleur pass\u00e9e, il peut persister un \u00e9puisement, un brouillard mental ou une sensation de \u201clendemain de temp\u00eate\u201d.<\/p>\n\n\n\n<h3 class=\"wp-block-heading\"><span class=\"ez-toc-section\" id=\"9_Declencheurs_recurrents\"><\/span><strong>9. D\u00e9clencheurs r\u00e9currents<\/strong><span class=\"ez-toc-section-end\"><\/span><\/h3>\n\n\n\n<p>Les crises sont parfois reli\u00e9es \u00e0 des facteurs r\u00e9p\u00e9titifs :<\/p>\n\n\n\n<ul class=\"wp-block-list\">\n<li>manque de sommeil<\/li>\n\n\n\n<li>stress ou rel\u00e2chement apr\u00e8s stress<\/li>\n\n\n\n<li>cycle hormonal<\/li>\n\n\n\n<li>je\u00fbne ou repas saut\u00e9s<\/li>\n\n\n\n<li>certains aliments chez certaines personnes<\/li>\n\n\n\n<li>surcharge sensorielle<\/li>\n\n\n\n<li>fatigue accumul\u00e9e<\/li>\n<\/ul>\n\n\n\n<h3 class=\"wp-block-heading\"><span class=\"ez-toc-section\" id=\"10_Histoire_repetitive\"><\/span><strong>10. Histoire r\u00e9p\u00e9titive<\/strong><span class=\"ez-toc-section-end\"><\/span><\/h3>\n\n\n\n<p>La migraine suit souvent un sch\u00e9ma connu : crises r\u00e9currentes avec des caract\u00e9ristiques similaires au fil du temps.<\/p>\n\n\n\n<p>Reconna\u00eetre ces signes aide \u00e0 distinguer la migraine d\u2019une simple tension musculaire. Toutefois, si un mal de t\u00eate change brutalement de nature, devient inhabituel ou s\u2019accompagne de signes neurologiques nouveaux, une \u00e9valuation m\u00e9dicale rapide est importante.<\/p>\n\n\n\n<h2 class=\"wp-block-heading\"><span class=\"ez-toc-section\" id=\"Les_signes_typiques_dune_cephalee_liee_aux_tensions_cervicales\"><\/span><strong>Les signes typiques d\u2019une c\u00e9phal\u00e9e li\u00e9e aux tensions cervicales<\/strong><span class=\"ez-toc-section-end\"><\/span><\/h2>\n\n\n\n<p>Les maux de t\u00eate provenant du cou ont souvent un profil diff\u00e9rent de la migraine. Ils sont g\u00e9n\u00e9ralement li\u00e9s \u00e0 une surcharge m\u00e9canique, \u00e0 une irritation des structures cervicales ou \u00e0 une tension musculaire persistante. Voici les indices les plus fr\u00e9quents.<\/p>\n\n\n\n<h3 class=\"wp-block-heading\"><span class=\"ez-toc-section\" id=\"1_Douleur_qui_commence_dans_la_nuque\"><\/span><strong>1. Douleur qui commence dans la nuque<\/strong><span class=\"ez-toc-section-end\"><\/span><\/h3>\n\n\n\n<p>La douleur d\u00e9bute souvent \u00e0 la base du cr\u00e2ne ou dans la nuque, puis remonte vers l\u2019arri\u00e8re de la t\u00eate, la tempe ou le front.<\/p>\n\n\n\n<h3 class=\"wp-block-heading\"><span class=\"ez-toc-section\" id=\"2_Sensation_de_raideur_cervicale\"><\/span><strong>2. Sensation de raideur cervicale<\/strong><span class=\"ez-toc-section-end\"><\/span><\/h3>\n\n\n\n<p>Le cou semble coinc\u00e9, lourd ou moins mobile. Tourner la t\u00eate peut \u00eatre inconfortable.<\/p>\n\n\n\n<h3 class=\"wp-block-heading\"><span class=\"ez-toc-section\" id=\"3_Declenchement_par_la_posture\"><\/span><strong>3. D\u00e9clenchement par la posture<\/strong><span class=\"ez-toc-section-end\"><\/span><\/h3>\n\n\n\n<p>Le mal de t\u00eate appara\u00eet ou augmente apr\u00e8s :<\/p>\n\n\n\n<ul class=\"wp-block-list\">\n<li>travail \u00e0 l\u2019ordinateur<\/li>\n\n\n\n<li>lecture prolong\u00e9e<\/li>\n\n\n\n<li>conduite longue<\/li>\n\n\n\n<li>t\u00e9l\u00e9phone t\u00eate pench\u00e9e<\/li>\n\n\n\n<li>position statique prolong\u00e9e<\/li>\n<\/ul>\n\n\n\n<h3 class=\"wp-block-heading\"><span class=\"ez-toc-section\" id=\"4_Lien_avec_les_mouvements_du_cou\"><\/span><strong>4. Lien avec les mouvements du cou<\/strong><span class=\"ez-toc-section-end\"><\/span><\/h3>\n\n\n\n<p>Regarder vers le haut, vers le bas ou tourner la t\u00eate peut reproduire ou accentuer les sympt\u00f4mes.<\/p>\n\n\n\n<h3 class=\"wp-block-heading\"><span class=\"ez-toc-section\" id=\"5_Douleur_en_pression_ou_en_etau\"><\/span><strong>5. Douleur en pression ou en \u00e9tau<\/strong><span class=\"ez-toc-section-end\"><\/span><\/h3>\n\n\n\n<p>La sensation est souvent d\u00e9crite comme :<\/p>\n\n\n\n<ul class=\"wp-block-list\">\n<li>tension<\/li>\n\n\n\n<li>pression<\/li>\n\n\n\n<li>bande serr\u00e9e<\/li>\n\n\n\n<li>poids sur la t\u00eate<\/li>\n\n\n\n<li>tiraillement<\/li>\n<\/ul>\n\n\n\n<h3 class=\"wp-block-heading\"><span class=\"ez-toc-section\" id=\"6_Sensibilite_musculaire\"><\/span><strong>6. Sensibilit\u00e9 musculaire<\/strong><span class=\"ez-toc-section-end\"><\/span><\/h3>\n\n\n\n<p>Les muscles du cou, des trap\u00e8zes, de la m\u00e2choire ou de la base du cr\u00e2ne sont parfois douloureux au toucher.<\/p>\n\n\n\n<h3 class=\"wp-block-heading\"><span class=\"ez-toc-section\" id=\"7_Moins_de_symptomes_digestifs\"><\/span><strong>7. Moins de sympt\u00f4mes digestifs<\/strong><span class=\"ez-toc-section-end\"><\/span><\/h3>\n\n\n\n<p>Contrairement \u00e0 la migraine, les naus\u00e9es sont moins fr\u00e9quentes et g\u00e9n\u00e9ralement absentes.<\/p>\n\n\n\n<h3 class=\"wp-block-heading\"><span class=\"ez-toc-section\" id=\"8_Peu_de_gene_a_la_lumiere_ou_au_bruit\"><\/span><strong>8. Peu de g\u00eane \u00e0 la lumi\u00e8re ou au bruit<\/strong><span class=\"ez-toc-section-end\"><\/span><\/h3>\n\n\n\n<p>La photophobie ou la phonophobie sont moins marqu\u00e9es, sauf si une migraine coexiste.<\/p>\n\n\n\n<h3 class=\"wp-block-heading\"><span class=\"ez-toc-section\" id=\"9_Amelioration_avec_le_mouvement_adapte\"><\/span><strong>9. Am\u00e9lioration avec le mouvement adapt\u00e9<\/strong><span class=\"ez-toc-section-end\"><\/span><\/h3>\n\n\n\n<p>Des pauses, un changement de posture, des exercices cibl\u00e9s, de la chaleur ou un rel\u00e2chement musculaire peuvent aider.<\/p>\n\n\n\n<h3 class=\"wp-block-heading\"><span class=\"ez-toc-section\" id=\"10_Contexte_de_stress_ou_fatigue\"><\/span><strong>10. Contexte de stress ou fatigue<\/strong><span class=\"ez-toc-section-end\"><\/span><\/h3>\n\n\n\n<p>Le stress augmente souvent la tension musculaire du cou et des \u00e9paules, ce qui entretient les sympt\u00f4mes.<\/p>\n\n\n\n<p>Il faut garder en t\u00eate qu\u2019une douleur cervicale peut imiter une migraine, et qu\u2019une migraine peut aussi provoquer des tensions dans la nuque. C\u2019est pourquoi l\u2019histoire compl\u00e8te et l\u2019examen clinique restent essentiels.<\/p>\n\n\n\n<h2 class=\"wp-block-heading\"><span class=\"ez-toc-section\" id=\"Pourquoi_les_deux_peuvent_se_ressembler\"><\/span><strong>Pourquoi les deux peuvent se ressembler<\/strong><span class=\"ez-toc-section-end\"><\/span><\/h2>\n\n\n\n<p>Il n\u2019est pas toujours facile de distinguer une migraine d\u2019une c\u00e9phal\u00e9e li\u00e9e au cou, car la t\u00eate et la r\u00e9gion cervicale partagent plusieurs connexions nerveuses. Certaines voies sensitives provenant du cr\u00e2ne, du visage et du haut du cou convergent vers des centres communs du syst\u00e8me nerveux. R\u00e9sultat : une douleur n\u00e9e dans le cou peut \u00eatre ressentie dans la t\u00eate\u2026 et une migraine peut provoquer des sympt\u00f4mes dans la nuque.<\/p>\n\n\n\n<p>C\u2019est l\u2019une des raisons principales de la confusion. Une personne migraineuse peut ressentir :<\/p>\n\n\n\n<ul class=\"wp-block-list\">\n<li>raideur cervicale<\/li>\n\n\n\n<li>tension dans les \u00e9paules<\/li>\n\n\n\n<li>douleur \u00e0 la base du cr\u00e2ne<\/li>\n\n\n\n<li>besoin de se masser le cou<\/li>\n\n\n\n<li>sensation de cou \u201cbloqu\u00e9\u201d<\/li>\n<\/ul>\n\n\n\n<p>Inversement, une personne souffrant d\u2019un probl\u00e8me cervical peut avoir :<\/p>\n\n\n\n<ul class=\"wp-block-list\">\n<li>douleur d\u2019un seul c\u00f4t\u00e9<\/li>\n\n\n\n<li>g\u00eane autour de l\u2019\u0153il<\/li>\n\n\n\n<li>sensibilit\u00e9 accrue<\/li>\n\n\n\n<li>fatigue importante<\/li>\n\n\n\n<li>difficult\u00e9 de concentration<\/li>\n<\/ul>\n\n\n\n<p>Les sympt\u00f4mes se chevauchent donc souvent. De plus, quand la douleur dure depuis longtemps, le syst\u00e8me nerveux devient parfois plus r\u00e9actif. Une irritation mod\u00e9r\u00e9e peut alors sembler beaucoup plus intense, ce qui brouille encore davantage le tableau.<\/p>\n\n\n\n<p>Un autre point important : les deux conditions peuvent coexister. Une personne peut avoir un terrain migraineux et, en m\u00eame temps, des tensions cervicales qui d\u00e9clenchent ou aggravent certaines crises. Dans ce cas, traiter un seul aspect ne suffit pas toujours.<\/p>\n\n\n\n<p>Le stress agit aussi comme pont entre les deux. Il peut favoriser la migraine chez certaines personnes et augmenter le tonus musculaire cervical chez d\u2019autres\u2026 ou faire les deux simultan\u00e9ment.<\/p>\n\n\n\n<p>C\u2019est pourquoi il est rarement utile de se fier uniquement \u00e0 un sympt\u00f4me isol\u00e9. La localisation de la douleur, les d\u00e9clencheurs, la dur\u00e9e, les sympt\u00f4mes associ\u00e9s, la r\u00e9ponse au mouvement et l\u2019historique global donnent souvent une image beaucoup plus fiable.<\/p>\n\n\n\n<p>Quand les douleurs sont r\u00e9p\u00e9t\u00e9es, mixtes ou difficiles \u00e0 classer, une \u00e9valuation clinique permet souvent de mieux comprendre quels m\u00e9canismes dominent r\u00e9ellement.<\/p>\n\n\n\n<h2 class=\"wp-block-heading\"><span class=\"ez-toc-section\" id=\"Le_role_du_stress_de_la_posture_et_de_la_fatigue\"><\/span><strong>Le r\u00f4le du stress, de la posture et de la fatigue<\/strong><span class=\"ez-toc-section-end\"><\/span><\/h2>\n\n\n\n<p>Certaines habitudes ou p\u00e9riodes de vie ne causent pas toujours directement les maux de t\u00eate, mais elles peuvent clairement les favoriser. Trois facteurs reviennent souvent : le stress, la posture prolong\u00e9e et la fatigue.<\/p>\n\n\n\n<h3 class=\"wp-block-heading\"><span class=\"ez-toc-section\" id=\"Le_stress_un_amplificateur_puissant\"><\/span><strong>Le stress : un amplificateur puissant<\/strong><span class=\"ez-toc-section-end\"><\/span><\/h3>\n\n\n\n<p>Le stress influence \u00e0 la fois le corps et le syst\u00e8me nerveux. Il peut augmenter la tension musculaire dans la nuque, les \u00e9paules et la m\u00e2choire, ce qui favorise les c\u00e9phal\u00e9es cervicales. Chez certaines personnes, il agit aussi comme d\u00e9clencheur de migraine.<\/p>\n\n\n\n<p>Le ph\u00e9nom\u00e8ne n\u2019est pas seulement mental. Le stress modifie la respiration, la vigilance, la qualit\u00e9 du sommeil et la sensibilit\u00e9 \u00e0 la douleur.<\/p>\n\n\n\n<h3 class=\"wp-block-heading\"><span class=\"ez-toc-section\" id=\"La_posture_prolongee_surcharge_silencieuse\"><\/span><strong>La posture prolong\u00e9e : surcharge silencieuse<\/strong><span class=\"ez-toc-section-end\"><\/span><\/h3>\n\n\n\n<p>Le corps tol\u00e8re mal l\u2019immobilit\u00e9 prolong\u00e9e, m\u00eame dans une \u201cbonne posture\u201d. Travailler plusieurs heures devant un \u00e9cran, conduire longtemps ou rester pench\u00e9 sur un t\u00e9l\u00e9phone augmente la charge sur les muscles cervicaux.<\/p>\n\n\n\n<p>Avec le temps, cela peut entra\u00eener :<\/p>\n\n\n\n<ul class=\"wp-block-list\">\n<li>fatigue musculaire<\/li>\n\n\n\n<li>raideur<\/li>\n\n\n\n<li>points sensibles<\/li>\n\n\n\n<li>diminution de mobilit\u00e9<\/li>\n\n\n\n<li>douleur remontant vers la t\u00eate<\/li>\n<\/ul>\n\n\n\n<h3 class=\"wp-block-heading\"><span class=\"ez-toc-section\" id=\"La_fatigue_terrain_plus_vulnerable\"><\/span><strong>La fatigue : terrain plus vuln\u00e9rable<\/strong><span class=\"ez-toc-section-end\"><\/span><\/h3>\n\n\n\n<p>Le manque de sommeil ou l\u2019\u00e9puisement diminuent souvent la capacit\u00e9 d\u2019adaptation du syst\u00e8me nerveux. Une personne fatigu\u00e9e peut devenir plus sensible \u00e0 la lumi\u00e8re, au bruit, au stress et aux tensions musculaires.<\/p>\n\n\n\n<p>La fatigue peut donc :<\/p>\n\n\n\n<ul class=\"wp-block-list\">\n<li>favoriser les migraines<\/li>\n\n\n\n<li>entretenir les tensions cervicales<\/li>\n\n\n\n<li>ralentir la r\u00e9cup\u00e9ration<\/li>\n\n\n\n<li>augmenter l\u2019irritabilit\u00e9 douloureuse<\/li>\n<\/ul>\n\n\n\n<h3 class=\"wp-block-heading\"><span class=\"ez-toc-section\" id=\"Pourquoi_ces_facteurs_sadditionnent\"><\/span><strong>Pourquoi ces facteurs s\u2019additionnent<\/strong><span class=\"ez-toc-section-end\"><\/span><\/h3>\n\n\n\n<p>Souvent, ce n\u2019est pas un seul \u00e9l\u00e9ment qui pose probl\u00e8me, mais l\u2019accumulation :<\/p>\n\n\n\n<ul class=\"wp-block-list\">\n<li>semaine stressante<\/li>\n\n\n\n<li>peu de sommeil<\/li>\n\n\n\n<li>longues heures assis<\/li>\n\n\n\n<li>peu de pauses<\/li>\n\n\n\n<li>charge mentale \u00e9lev\u00e9e<\/li>\n<\/ul>\n\n\n\n<p>Le corps dispose alors de moins de marge de man\u0153uvre, et le mal de t\u00eate appara\u00eet plus facilement.<\/p>\n\n\n\n<h3 class=\"wp-block-heading\"><span class=\"ez-toc-section\" id=\"Que_faire_au_quotidien\"><\/span><strong>Que faire au quotidien ?<\/strong><span class=\"ez-toc-section-end\"><\/span><\/h3>\n\n\n\n<p>De petites actions r\u00e9p\u00e9t\u00e9es peuvent aider :<\/p>\n\n\n\n<ul class=\"wp-block-list\">\n<li>pauses r\u00e9guli\u00e8res \u00e0 l\u2019\u00e9cran<\/li>\n\n\n\n<li>variation des positions<\/li>\n\n\n\n<li>respiration plus calme<\/li>\n\n\n\n<li>activit\u00e9 physique adapt\u00e9e<\/li>\n\n\n\n<li>routine de sommeil stable<\/li>\n\n\n\n<li>gestion du stress r\u00e9aliste<\/li>\n\n\n\n<li>ergonomie de base<\/li>\n<\/ul>\n\n\n\n<p>R\u00e9duire ces facteurs ne remplace pas un diagnostic, mais am\u00e9liore souvent le terrain sur lequel les douleurs s\u2019installent.<\/p>\n\n\n\n<h2 class=\"wp-block-heading\"><span class=\"ez-toc-section\" id=\"Quand_consulter_rapidement-2\"><\/span><strong>Quand consulter rapidement<\/strong><span class=\"ez-toc-section-end\"><\/span><\/h2>\n\n\n\n<p>La majorit\u00e9 des maux de t\u00eate li\u00e9s \u00e0 la migraine ou aux tensions cervicales sont inconfortables, parfois tr\u00e8s invalidants, mais non dangereux. Toutefois, certaines situations demandent une \u00e9valuation m\u00e9dicale rapide, car elles peuvent signaler un probl\u00e8me diff\u00e9rent n\u00e9cessitant une prise en charge urgente. Il est important de conna\u00eetre ces signes d\u2019alerte.<\/p>\n\n\n\n<p>Consultez rapidement si le mal de t\u00eate appara\u00eet soudainement avec une intensit\u00e9 inhabituelle, surtout s\u2019il atteint un niveau tr\u00e8s \u00e9lev\u00e9 en quelques secondes ou quelques minutes. Une douleur brutale et explosive n\u2019est pas typique d\u2019une migraine classique ni d\u2019une simple tension cervicale et m\u00e9rite une attention imm\u00e9diate.<\/p>\n\n\n\n<p>Un changement important dans votre profil habituel doit aussi \u00eatre pris au s\u00e9rieux. Par exemple : migraines habituellement mod\u00e9r\u00e9es qui deviennent soudainement beaucoup plus fortes, c\u00e9phal\u00e9es plus fr\u00e9quentes qu\u2019avant, douleur diff\u00e9rente de vos crises habituelles, ou apparition de sympt\u00f4mes nouveaux. Quand un sch\u00e9ma change nettement, il vaut mieux v\u00e9rifier.<\/p>\n\n\n\n<figure class=\"wp-block-image size-large\"><img decoding=\"async\" width=\"1030\" height=\"687\" src=\"https:\/\/osteomag.ca\/wp-content\/uploads\/2026\/04\/ChatGPT-Image-Apr-26-2026-07_38_39-PM-1030x687.webp\" alt=\"\" class=\"wp-image-57276\" srcset=\"https:\/\/osteomag.ca\/wp-content\/uploads\/2026\/04\/ChatGPT-Image-Apr-26-2026-07_38_39-PM-1030x687.webp 1030w, https:\/\/osteomag.ca\/wp-content\/uploads\/2026\/04\/ChatGPT-Image-Apr-26-2026-07_38_39-PM-540x360.webp 540w, https:\/\/osteomag.ca\/wp-content\/uploads\/2026\/04\/ChatGPT-Image-Apr-26-2026-07_38_39-PM-80x53.webp 80w, https:\/\/osteomag.ca\/wp-content\/uploads\/2026\/04\/ChatGPT-Image-Apr-26-2026-07_38_39-PM-768x512.webp 768w, https:\/\/osteomag.ca\/wp-content\/uploads\/2026\/04\/ChatGPT-Image-Apr-26-2026-07_38_39-PM-630x420.webp 630w, https:\/\/osteomag.ca\/wp-content\/uploads\/2026\/04\/ChatGPT-Image-Apr-26-2026-07_38_39-PM-150x100.webp 150w, https:\/\/osteomag.ca\/wp-content\/uploads\/2026\/04\/ChatGPT-Image-Apr-26-2026-07_38_39-PM-300x200.webp 300w, https:\/\/osteomag.ca\/wp-content\/uploads\/2026\/04\/ChatGPT-Image-Apr-26-2026-07_38_39-PM-600x400.webp 600w, https:\/\/osteomag.ca\/wp-content\/uploads\/2026\/04\/ChatGPT-Image-Apr-26-2026-07_38_39-PM-696x464.webp 696w, https:\/\/osteomag.ca\/wp-content\/uploads\/2026\/04\/ChatGPT-Image-Apr-26-2026-07_38_39-PM-1068x712.webp 1068w, https:\/\/osteomag.ca\/wp-content\/uploads\/2026\/04\/ChatGPT-Image-Apr-26-2026-07_38_39-PM.webp 1536w\" sizes=\"(max-width: 1030px) 100vw, 1030px\" \/><\/figure>\n\n\n\n<p>M\u00eame si certaines migraines avec aura peuvent provoquer des sympt\u00f4mes neurologiques transitoires, un sympt\u00f4me nouveau ou atypique doit \u00eatre \u00e9valu\u00e9.<\/p>\n\n\n\n<p>La pr\u00e9sence de fi\u00e8vre, de raideur importante de la nuque, d\u2019un \u00e9tat g\u00e9n\u00e9ral tr\u00e8s alt\u00e9r\u00e9 ou d\u2019une somnolence inhabituelle justifie \u00e9galement une consultation rapide. Ces signes ne correspondent pas \u00e0 une simple tension musculaire.<\/p>\n\n\n\n<p>Apr\u00e8s un traumatisme \u2014 chute, accident, coup \u00e0 la t\u00eate ou mouvement brusque du cou \u2014 un mal de t\u00eate persistant ou croissant doit \u00eatre examin\u00e9. De m\u00eame, une douleur associ\u00e9e \u00e0 des vomissements r\u00e9p\u00e9t\u00e9s, \u00e0 une incapacit\u00e9 \u00e0 fonctionner ou \u00e0 une aggravation continue malgr\u00e9 le repos m\u00e9rite une attention m\u00e9dicale.<\/p>\n\n\n\n<p>Chez certaines personnes, le contexte augmente aussi la prudence : grossesse, cancer connu, immunosuppression, hypertension s\u00e9v\u00e8re, \u00e2ge avanc\u00e9 avec c\u00e9phal\u00e9e nouvelle, ou ant\u00e9c\u00e9dents neurologiques importants.<\/p>\n\n\n\n<p>Si le mal de t\u00eate revient souvent sans urgence apparente, consulter reste pertinent. Un professionnel de la sant\u00e9 peut aider \u00e0 distinguer migraine, tension cervicale, c\u00e9phal\u00e9e cervicog\u00e9nique, surconsommation de m\u00e9dicaments, troubles du sommeil, facteurs hormonaux ou autres causes possibles.<\/p>\n\n\n\n<p>En r\u00e9sum\u00e9, retenez ceci : un mal de t\u00eate connu, stable et d\u00e9j\u00e0 \u00e9valu\u00e9 est diff\u00e9rent d\u2019un mal de t\u00eate soudain, nouveau, progressif ou accompagn\u00e9 de signes inhabituels. En cas de doute, il est toujours pr\u00e9f\u00e9rable de demander une \u00e9valuation plut\u00f4t que d\u2019attendre. Agir t\u00f4t permet souvent de rassurer\u2026 ou d\u2019intervenir au bon moment.<\/p>\n\n\n\n<h2 class=\"wp-block-heading\"><span class=\"ez-toc-section\" id=\"Comment_levaluation_clinique_aide_a_faire_la_difference\"><\/span><strong>Comment l\u2019\u00e9valuation clinique aide \u00e0 faire la diff\u00e9rence<\/strong><span class=\"ez-toc-section-end\"><\/span><\/h2>\n\n\n\n<p>Face \u00e0 des maux de t\u00eate r\u00e9p\u00e9titifs, plusieurs personnes cherchent une r\u00e9ponse simple : \u201cEst-ce une migraine ou mon cou ?\u201d En r\u00e9alit\u00e9, la distinction repose rarement sur un seul sympt\u00f4me. C\u2019est l\u2019ensemble du portrait clinique qui permet de mieux orienter la cause probable.<\/p>\n\n\n\n<p>La premi\u00e8re \u00e9tape est l\u2019histoire du probl\u00e8me. Un professionnel cherchera souvent \u00e0 comprendre :<\/p>\n\n\n\n<ul class=\"wp-block-list\">\n<li>o\u00f9 la douleur commence<\/li>\n\n\n\n<li>comment elle \u00e9volue<\/li>\n\n\n\n<li>combien de temps elle dure<\/li>\n\n\n\n<li>ce qui l\u2019aggrave<\/li>\n\n\n\n<li>ce qui la soulage<\/li>\n\n\n\n<li>la fr\u00e9quence des \u00e9pisodes<\/li>\n\n\n\n<li>les sympt\u00f4mes associ\u00e9s<\/li>\n\n\n\n<li>l\u2019impact sur la vie quotidienne<\/li>\n\n\n\n<li>les ant\u00e9c\u00e9dents personnels et familiaux<\/li>\n<\/ul>\n\n\n\n<p>Par exemple, une douleur pulsatile avec naus\u00e9es et sensibilit\u00e9 \u00e0 la lumi\u00e8re oriente davantage vers la migraine. Une douleur d\u00e9clench\u00e9e par le travail \u00e0 l\u2019\u00e9cran, accompagn\u00e9e de raideur cervicale et aggrav\u00e9e par certains mouvements du cou, sugg\u00e8re davantage une composante cervicale.<\/p>\n\n\n\n<p>L\u2019examen physique peut ensuite apporter des indices suppl\u00e9mentaires. Selon le contexte, on peut \u00e9valuer :<\/p>\n\n\n\n<ul class=\"wp-block-list\">\n<li>mobilit\u00e9 du cou<\/li>\n\n\n\n<li>zones musculaires sensibles<\/li>\n\n\n\n<li>posture g\u00e9n\u00e9rale<\/li>\n\n\n\n<li>coordination des mouvements<\/li>\n\n\n\n<li>force et sensibilit\u00e9<\/li>\n\n\n\n<li>reproduction de la douleur par certains gestes<\/li>\n\n\n\n<li>tension de la m\u00e2choire ou des \u00e9paules<\/li>\n<\/ul>\n\n\n\n<p>L\u2019objectif n\u2019est pas seulement de \u201ctrouver un point douloureux\u201d, mais de comprendre quels facteurs entretiennent le probl\u00e8me.<\/p>\n\n\n\n<p>Il est aussi important d\u2019identifier les d\u00e9clencheurs. Chez certaines personnes, les crises surviennent apr\u00e8s manque de sommeil, stress intense, repas saut\u00e9s ou fluctuations hormonales. Chez d\u2019autres, elles apparaissent surtout apr\u00e8s immobilit\u00e9 prolong\u00e9e, surcharge cervicale ou mauvaise ergonomie.<\/p>\n\n\n\n<p>Parfois, le r\u00e9sultat de l\u2019\u00e9valuation n\u2019est pas un diagnostic unique, mais un m\u00e9lange de facteurs. Une personne peut avoir un terrain migraineux avec une surcharge cervicale qui amplifie les crises. Une autre peut croire souffrir de migraines alors que la dominante est surtout m\u00e9canique.<\/p>\n\n\n\n<p>L\u2019\u00e9valuation clinique sert \u00e9galement \u00e0 rep\u00e9rer les drapeaux rouges : signes neurologiques, changement inhabituel du profil de douleur, traumatisme r\u00e9cent, sympt\u00f4mes syst\u00e9miques ou n\u00e9cessit\u00e9 d\u2019examens compl\u00e9mentaires.<\/p>\n\n\n\n<p>En pratique, bien \u00e9valuer permet souvent de gagner du temps. Plut\u00f4t que d\u2019essayer au hasard plusieurs solutions, on peut cibler ce qui semble le plus pertinent : gestion des d\u00e9clencheurs, exercices, traitement m\u00e9dical, approche manuelle, hygi\u00e8ne de vie ou r\u00e9f\u00e9rence sp\u00e9cialis\u00e9e.<\/p>\n\n\n\n<p>La bonne question n\u2019est donc pas seulement \u201cmigraine ou tension cervicale ?\u201d, mais \u201cquels m\u00e9canismes dominent chez vous, ici et maintenant ?\u201d<\/p>\n\n\n\n<h2 class=\"wp-block-heading\"><span class=\"ez-toc-section\" id=\"Traitements_possibles_selon_la_cause\"><\/span><strong>Traitements possibles selon la cause<\/strong><span class=\"ez-toc-section-end\"><\/span><\/h2>\n\n\n\n<p>Le meilleur traitement d\u00e9pend du m\u00e9canisme dominant. Un mal de t\u00eate n\u2019est pas une entit\u00e9 unique : migraine, tension cervicale, combinaison des deux ou autre cause possible demandent parfois des approches diff\u00e9rentes. L\u2019objectif n\u2019est pas seulement de calmer la douleur sur le moment, mais aussi de r\u00e9duire la fr\u00e9quence, l\u2019intensit\u00e9 et l\u2019impact des \u00e9pisodes.<\/p>\n\n\n\n<h3 class=\"wp-block-heading\"><span class=\"ez-toc-section\" id=\"Si_la_migraine_domine\"><\/span><strong>Si la migraine domine<\/strong><span class=\"ez-toc-section-end\"><\/span><\/h3>\n\n\n\n<p>La prise en charge vise souvent \u00e0 traiter les crises et \u00e0 pr\u00e9venir leur r\u00e9p\u00e9tition. Selon la situation, cela peut inclure :<\/p>\n\n\n\n<ul class=\"wp-block-list\">\n<li>m\u00e9dicaments de crise prescrits ou conseill\u00e9s par un professionnel<\/li>\n\n\n\n<li>repos dans un environnement calme et sombre<\/li>\n\n\n\n<li>hydratation si pertinente<\/li>\n\n\n\n<li>gestion du sommeil<\/li>\n\n\n\n<li>rep\u00e9rage des d\u00e9clencheurs personnels<\/li>\n\n\n\n<li>pr\u00e9vention m\u00e9dicamenteuse dans certains cas<\/li>\n\n\n\n<li>routine de vie plus stable<\/li>\n<\/ul>\n\n\n\n<p>Tenir un journal des crises peut \u00eatre utile pour observer les liens avec le stress, les horaires, les repas, le cycle hormonal ou d\u2019autres facteurs.<\/p>\n\n\n\n<h3 class=\"wp-block-heading\"><span class=\"ez-toc-section\" id=\"Si_la_composante_cervicale_domine\"><\/span><strong>Si la composante cervicale domine<\/strong><span class=\"ez-toc-section-end\"><\/span><\/h3>\n\n\n\n<p>Quand le cou joue un r\u00f4le important, le traitement cherche \u00e0 r\u00e9duire les contraintes m\u00e9caniques et restaurer une meilleure tol\u00e9rance des tissus. Cela peut inclure :<\/p>\n\n\n\n<ul class=\"wp-block-list\">\n<li>exercices de mobilit\u00e9 adapt\u00e9s<\/li>\n\n\n\n<li>renforcement progressif<\/li>\n\n\n\n<li>pauses posturales r\u00e9guli\u00e8res<\/li>\n\n\n\n<li>ergonomie au travail<\/li>\n\n\n\n<li>gestion de la charge physique<\/li>\n\n\n\n<li>chaleur locale selon pr\u00e9f\u00e9rence<\/li>\n\n\n\n<li>am\u00e9lioration du sommeil et de l\u2019oreiller si pertinent<\/li>\n<\/ul>\n\n\n\n<p>Le repos complet prolong\u00e9 n\u2019est g\u00e9n\u00e9ralement pas id\u00e9al. Une progression graduelle est souvent plus utile qu\u2019une immobilisation excessive.<\/p>\n\n\n\n<h3 class=\"wp-block-heading\"><span class=\"ez-toc-section\" id=\"Si_les_deux_se_combinent\"><\/span><strong>Si les deux se combinent<\/strong><span class=\"ez-toc-section-end\"><\/span><\/h3>\n\n\n\n<p>C\u2019est fr\u00e9quent. Dans ce cas, une strat\u00e9gie mixte est souvent la plus r\u00e9aliste : gestion des d\u00e9clencheurs migraineux + travail sur le cou + r\u00e9cup\u00e9ration g\u00e9n\u00e9rale + r\u00e9duction du stress.<\/p>\n\n\n\n<h3 class=\"wp-block-heading\"><span class=\"ez-toc-section\" id=\"Le_role_du_mode_de_vie\"><\/span><strong>Le r\u00f4le du mode de vie<\/strong><span class=\"ez-toc-section-end\"><\/span><\/h3>\n\n\n\n<p>Peu importe la cause, certains piliers reviennent souvent :<\/p>\n\n\n\n<ul class=\"wp-block-list\">\n<li>sommeil r\u00e9gulier<\/li>\n\n\n\n<li>activit\u00e9 physique adapt\u00e9e<\/li>\n\n\n\n<li>pauses dans les journ\u00e9es s\u00e9dentaires<\/li>\n\n\n\n<li>alimentation r\u00e9guli\u00e8re<\/li>\n\n\n\n<li>hydratation<\/li>\n\n\n\n<li>r\u00e9duction de la surcharge cumulative<\/li>\n\n\n\n<li>gestion du stress praticable<\/li>\n<\/ul>\n\n\n\n<h3 class=\"wp-block-heading\"><span class=\"ez-toc-section\" id=\"Ce_quil_faut_eviter\"><\/span><strong>Ce qu\u2019il faut \u00e9viter<\/strong><span class=\"ez-toc-section-end\"><\/span><\/h3>\n\n\n\n<p>Certaines erreurs entretiennent le probl\u00e8me :<\/p>\n\n\n\n<ul class=\"wp-block-list\">\n<li>surutilisation fr\u00e9quente d\u2019analg\u00e9siques sans suivi<\/li>\n\n\n\n<li>attendre d\u2019\u00eatre \u201ccass\u00e9\u201d avant d\u2019agir<\/li>\n\n\n\n<li>chercher une solution unique miracle<\/li>\n\n\n\n<li>ignorer les facteurs quotidiens r\u00e9p\u00e9titifs<\/li>\n\n\n\n<li>\u00e9viter tout mouvement par peur<\/li>\n<\/ul>\n\n\n\n<h3 class=\"wp-block-heading\"><span class=\"ez-toc-section\" id=\"Quand_ajuster_le_plan\"><\/span><strong>Quand ajuster le plan<\/strong><span class=\"ez-toc-section-end\"><\/span><\/h3>\n\n\n\n<p>Si les douleurs augmentent, changent de nature, deviennent tr\u00e8s fr\u00e9quentes ou ne r\u00e9pondent pas aux mesures habituelles, une r\u00e9\u00e9valuation est importante.<\/p>\n\n\n\n<p>En r\u00e9sum\u00e9, on ne traite pas seulement \u201cun mal de t\u00eate\u201d. On traite une personne, avec ses d\u00e9clencheurs, ses habitudes, son contexte biologique et les m\u00e9canismes qui semblent les plus actifs chez elle.<\/p>\n\n\n\n<h2 class=\"wp-block-heading\"><span class=\"ez-toc-section\" id=\"Tableau_comparatif_des_traitements_possibles_selon_la_cause\"><\/span><strong>Tableau comparatif des traitements possibles selon la cause<\/strong><span class=\"ez-toc-section-end\"><\/span><\/h2>\n\n\n\n<figure class=\"wp-block-table\"><table class=\"has-fixed-layout\"><thead><tr><th>Situation dominante<\/th><th>Objectif principal<\/th><th>Approches souvent utiles<\/th><th>\u00c0 surveiller<\/th><\/tr><\/thead><tbody><tr><td><strong>Migraine<\/strong><\/td><td>R\u00e9duire la crise et pr\u00e9venir les r\u00e9cidives<\/td><td>Traitement de crise, repos, obscurit\u00e9, gestion des d\u00e9clencheurs, sommeil r\u00e9gulier, suivi m\u00e9dical si fr\u00e9quent<\/td><td>Surconsommation d\u2019analg\u00e9siques, crises plus fr\u00e9quentes, changement de profil<\/td><\/tr><tr><td><strong>Tension cervicale<\/strong><\/td><td>Diminuer la surcharge m\u00e9canique du cou<\/td><td>Exercices, mobilit\u00e9, pauses posturales, ergonomie, chaleur, renforcement progressif, gestion du stress<\/td><td>Immobilit\u00e9 prolong\u00e9e, mauvaise ergonomie persistante, r\u00e9cidives r\u00e9p\u00e9t\u00e9es<\/td><\/tr><tr><td><strong>Migraine + composante cervicale<\/strong><\/td><td>Agir sur plusieurs m\u00e9canismes \u00e0 la fois<\/td><td>Combinaison des deux approches, plan individualis\u00e9, r\u00e9cup\u00e9ration globale<\/td><td>Ne traiter qu\u2019un seul facteur<\/td><\/tr><tr><td><strong>Stress dominant<\/strong><\/td><td>R\u00e9duire l\u2019activation globale du syst\u00e8me<\/td><td>Sommeil, respiration, activit\u00e9 physique, pauses, organisation r\u00e9aliste, soutien adapt\u00e9<\/td><td>Charge mentale chronique, r\u00e9cup\u00e9ration insuffisante<\/td><\/tr><tr><td><strong>Fatigue \/ manque de sommeil<\/strong><\/td><td>Restaurer la capacit\u00e9 d\u2019adaptation<\/td><td>Horaire stable, hygi\u00e8ne du sommeil, gestion de la r\u00e9cup\u00e9ration<\/td><td>Caf\u00e9ine excessive, horaires irr\u00e9guliers<\/td><\/tr><tr><td><strong>Douleurs fr\u00e9quentes ou atypiques<\/strong><\/td><td>Revoir le diagnostic et le plan<\/td><td>\u00c9valuation clinique, ajustement du traitement, examens si indiqu\u00e9s<\/td><td>Ignorer l\u2019\u00e9volution ou l\u2019aggravation<\/td><\/tr><\/tbody><\/table><\/figure>\n\n\n\n<h2 class=\"wp-block-heading\"><span class=\"ez-toc-section\" id=\"Lapport_de_losteopathie_dans_les_douleurs_cervicales_et_certains_maux_de_tete\"><\/span><strong>L\u2019apport de l\u2019ost\u00e9opathie dans les douleurs cervicales et certains maux de t\u00eate<\/strong><span class=\"ez-toc-section-end\"><\/span><\/h2>\n\n\n\n<p>Lorsque le cou, la posture, la surcharge musculaire ou certaines restrictions de mobilit\u00e9 participent aux sympt\u00f4mes, l\u2019ost\u00e9opathie peut s\u2019int\u00e9grer \u00e0 une prise en charge globale. L\u2019objectif n\u2019est pas de pr\u00e9tendre que tous les maux de t\u00eate viennent d\u2019un \u201cblocage\u201d, ni de remplacer une \u00e9valuation m\u00e9dicale lorsque n\u00e9cessaire, mais d\u2019explorer les facteurs m\u00e9caniques et fonctionnels susceptibles d\u2019entretenir la douleur.<\/p>\n\n\n\n<p>Dans les c\u00e9phal\u00e9es li\u00e9es aux tensions cervicales, plusieurs personnes pr\u00e9sentent une combinaison de raideur, fatigue musculaire, diminution de mobilit\u00e9, sensibilit\u00e9 des tissus et habitudes posturales contraignantes. Une approche manuelle individualis\u00e9e peut aider \u00e0 am\u00e9liorer la mobilit\u00e9 de certaines r\u00e9gions, diminuer des tensions musculaires et favoriser un meilleur confort au quotidien.<\/p>\n\n\n\n<p>L\u2019\u00e9valuation ost\u00e9opathique peut s\u2019int\u00e9resser notamment \u00e0 :<\/p>\n\n\n\n<ul class=\"wp-block-list\">\n<li>mobilit\u00e9 cervicale<\/li>\n\n\n\n<li>jonction cervico-thoracique<\/li>\n\n\n\n<li>\u00e9paules et ceinture scapulaire<\/li>\n\n\n\n<li>respiration thoracique<\/li>\n\n\n\n<li>m\u00e2choire<\/li>\n\n\n\n<li>habitudes posturales<\/li>\n\n\n\n<li>r\u00e9partition des contraintes dans la cha\u00eene corporelle<\/li>\n<\/ul>\n\n\n\n<p>Le traitement varie selon la personne. Il peut inclure des techniques manuelles douces, du travail myofascial, des mobilisations adapt\u00e9es, des conseils d\u2019exercices simples, des recommandations ergonomiques et une strat\u00e9gie progressive de retour aux activit\u00e9s.<\/p>\n\n\n\n<h2 class=\"wp-block-heading\"><span class=\"ez-toc-section\" id=\"Tableau_apport_possible_de_losteopathie_selon_le_profil\"><\/span><strong>Tableau : apport possible de l\u2019ost\u00e9opathie selon le profil<\/strong><span class=\"ez-toc-section-end\"><\/span><\/h2>\n\n\n\n<p>La migraine est un trouble neurologique complexe. L\u2019ost\u00e9opathie ne \u201cgu\u00e9rit\u201d pas la migraine \u00e0 elle seule. En revanche, chez certaines personnes, elle peut aider sur des facteurs associ\u00e9s comme :<\/p>\n\n\n\n<h3 class=\"wp-block-heading\"><span class=\"ez-toc-section\" id=\"Et_pour_la_migraine\"><\/span><strong>Et pour la migraine ?<\/strong><span class=\"ez-toc-section-end\"><\/span><\/h3>\n\n\n\n<ul class=\"wp-block-list\">\n<li>tensions cervicales concomitantes<\/li>\n\n\n\n<li>raideur de nuque<\/li>\n\n\n\n<li>stress physique accumul\u00e9<\/li>\n\n\n\n<li>surcharge musculaire<\/li>\n\n\n\n<li>inconfort postural<\/li>\n\n\n\n<li>respiration tendue<\/li>\n\n\n\n<li>r\u00e9cup\u00e9ration insuffisante<\/li>\n<\/ul>\n\n\n\n<p>Si ces \u00e9l\u00e9ments participent \u00e0 la fr\u00e9quence ou \u00e0 l\u2019intensit\u00e9 per\u00e7ue des \u00e9pisodes, les am\u00e9liorer peut parfois faire une diff\u00e9rence.<\/p>\n\n\n\n<h3 class=\"wp-block-heading\"><span class=\"ez-toc-section\" id=\"Une_approche_integree_reste_ideale\"><\/span><strong>Une approche int\u00e9gr\u00e9e reste id\u00e9ale<\/strong><span class=\"ez-toc-section-end\"><\/span><\/h3>\n\n\n\n<p>Les meilleurs r\u00e9sultats viennent souvent d\u2019une combinaison adapt\u00e9e :<\/p>\n\n\n\n<ul class=\"wp-block-list\">\n<li>\u00e9valuation m\u00e9dicale si n\u00e9cessaire<\/li>\n\n\n\n<li>identification du type de c\u00e9phal\u00e9e<\/li>\n\n\n\n<li>gestion du sommeil<\/li>\n\n\n\n<li>activit\u00e9 physique<\/li>\n\n\n\n<li>exercices cibl\u00e9s<\/li>\n\n\n\n<li>gestion du stress<\/li>\n\n\n\n<li>traitement m\u00e9dicamenteux si indiqu\u00e9<\/li>\n\n\n\n<li>approche manuelle pertinente<\/li>\n<\/ul>\n\n\n\n<h3 class=\"wp-block-heading\"><span class=\"ez-toc-section\" id=\"Un_point_essentiel_individualiser\"><\/span><strong>Un point essentiel : individualiser<\/strong><span class=\"ez-toc-section-end\"><\/span><\/h3>\n\n\n\n<p>Deux personnes avec le m\u00eame mot \u201cmigraine\u201d ou \u201ctension cervicale\u201d peuvent avoir des r\u00e9alit\u00e9s tr\u00e8s diff\u00e9rentes. L\u2019int\u00e9r\u00eat d\u2019une approche clinique personnalis\u00e9e est justement de ne pas appliquer une recette unique \u00e0 tout le monde.<\/p>\n\n\n\n<p>En r\u00e9sum\u00e9, l\u2019ost\u00e9opathie peut \u00eatre particuli\u00e8rement pertinente lorsqu\u2019une composante musculosquelettique ou fonctionnelle est pr\u00e9sente. Elle s\u2019inscrit id\u00e9alement dans une vision plus large centr\u00e9e sur la cause dominante, les habitudes de vie et les besoins r\u00e9els de la personne.<\/p>\n\n\n\n<figure class=\"wp-block-table\"><table class=\"has-fixed-layout\"><thead><tr><th>Profil de douleur<\/th><th>Ce que l\u2019ost\u00e9opathie peut cibler<\/th><th>Objectif recherch\u00e9<\/th><th>Limites \/ remarques<\/th><\/tr><\/thead><tbody><tr><td><strong>Tension cervicale dominante<\/strong><\/td><td>Mobilit\u00e9 du cou, muscles cervicaux, posture, surcharge m\u00e9canique<\/td><td>R\u00e9duire la douleur, am\u00e9liorer le confort et la mobilit\u00e9<\/td><td>Souvent plus pertinente si cause m\u00e9canique claire<\/td><\/tr><tr><td><strong>C\u00e9phal\u00e9e cervicog\u00e9nique<\/strong><\/td><td>Structures cervicales, jonctions, tissus associ\u00e9s<\/td><td>Diminuer les facteurs d\u00e9clenchants li\u00e9s au cou<\/td><td>N\u00e9cessite une bonne \u00e9valuation clinique<\/td><\/tr><tr><td><strong>Migraine avec nuque tendue<\/strong><\/td><td>Tensions associ\u00e9es, raideur cervicale, confort global<\/td><td>R\u00e9duire certains facteurs aggravants<\/td><td>Ne remplace pas la prise en charge migraineuse<\/td><\/tr><tr><td><strong>Stress + douleurs de t\u00eate<\/strong><\/td><td>Tensions musculaires, respiration, charge corporelle<\/td><td>Favoriser d\u00e9tente et r\u00e9cup\u00e9ration<\/td><td>Doit s\u2019int\u00e9grer \u00e0 une approche globale<\/td><\/tr><tr><td><strong>Posture \u00e9cran \/ travail assis<\/strong><\/td><td>Ergonomie, mobilit\u00e9, habitudes r\u00e9p\u00e9titives<\/td><td>R\u00e9duire la surcharge quotidienne<\/td><td>Les habitudes doivent aussi changer<\/td><\/tr><tr><td><strong>Douleurs mixtes<\/strong><\/td><td>Facteurs m\u00e9caniques dominants identifi\u00e9s<\/td><td>Plan individualis\u00e9 plus coh\u00e9rent<\/td><td>Une seule technique ne suffit pas toujours<\/td><\/tr><tr><td><strong>Douleur atypique ou drapeaux rouges<\/strong><\/td><td>\u2014<\/td><td>Orientation appropri\u00e9e<\/td><td>Priorit\u00e9 \u00e0 l\u2019\u00e9valuation m\u00e9dicale<\/td><\/tr><\/tbody><\/table><\/figure>\n\n\n\n<h2 class=\"wp-block-heading\"><span class=\"ez-toc-section\" id=\"Erreurs_frequentes_a_eviter\"><\/span><strong>Erreurs fr\u00e9quentes \u00e0 \u00e9viter<\/strong><span class=\"ez-toc-section-end\"><\/span><\/h2>\n\n\n\n<p>Lorsqu\u2019un mal de t\u00eate revient r\u00e9guli\u00e8rement, il est naturel de chercher une solution rapide. Pourtant, certaines habitudes bien intentionn\u00e9es entretiennent parfois le probl\u00e8me ou retardent la bonne prise en charge. \u00c9viter ces pi\u00e8ges peut faire une vraie diff\u00e9rence.<\/p>\n\n\n\n<h3 class=\"wp-block-heading\"><span class=\"ez-toc-section\" id=\"1_Appeler_tout_mal_de_tete_une_migraine\"><\/span><strong>1. Appeler tout mal de t\u00eate une migraine<\/strong><span class=\"ez-toc-section-end\"><\/span><\/h3>\n\n\n\n<p>Beaucoup de personnes utilisent le mot migraine pour toute douleur \u00e0 la t\u00eate. Or, un mal de t\u00eate peut provenir de causes tr\u00e8s diff\u00e9rentes : tension cervicale, c\u00e9phal\u00e9e de tension, fatigue, surconsommation m\u00e9dicamenteuse, troubles du sommeil, sinus, migraine r\u00e9elle ou autres m\u00e9canismes. Bien nommer le probl\u00e8me aide \u00e0 mieux agir.<\/p>\n\n\n\n<h3 class=\"wp-block-heading\"><span class=\"ez-toc-section\" id=\"2_Se_fier_a_un_seul_symptome\"><\/span><strong>2. Se fier \u00e0 un seul sympt\u00f4me<\/strong><span class=\"ez-toc-section-end\"><\/span><\/h3>\n\n\n\n<p>Une douleur d\u2019un seul c\u00f4t\u00e9 n\u2019est pas automatiquement une migraine. Une nuque raide n\u2019exclut pas une migraine. Un sympt\u00f4me isol\u00e9 trompe souvent. C\u2019est l\u2019ensemble du tableau qui compte.<\/p>\n\n\n\n<h3 class=\"wp-block-heading\"><span class=\"ez-toc-section\" id=\"3_Attendre_trop_longtemps_avant_dagir\"><\/span><strong>3. Attendre trop longtemps avant d\u2019agir<\/strong><span class=\"ez-toc-section-end\"><\/span><\/h3>\n\n\n\n<p>Certaines personnes laissent s\u2019installer la douleur pendant des heures avant de prendre des mesures utiles : pause, hydratation, repos, traitement conseill\u00e9, changement de posture ou consultation. Intervenir t\u00f4t aide parfois \u00e0 limiter l\u2019escalade.<\/p>\n\n\n\n<h3 class=\"wp-block-heading\"><span class=\"ez-toc-section\" id=\"4_Multiplier_les_analgesiques_sans_strategie\"><\/span><strong>4. Multiplier les analg\u00e9siques sans strat\u00e9gie<\/strong><span class=\"ez-toc-section-end\"><\/span><\/h3>\n\n\n\n<p>Prendre fr\u00e9quemment des m\u00e9dicaments en autom\u00e9dication peut mener \u00e0 un cercle vicieux chez certaines personnes, avec c\u00e9phal\u00e9es plus fr\u00e9quentes. Un usage r\u00e9p\u00e9t\u00e9 m\u00e9rite parfois une r\u00e9vision du plan avec un professionnel.<\/p>\n\n\n\n<h3 class=\"wp-block-heading\"><span class=\"ez-toc-section\" id=\"5_Blamer_uniquement_la_posture\"><\/span><strong>5. Bl\u00e2mer uniquement la posture<\/strong><span class=\"ez-toc-section-end\"><\/span><\/h3>\n\n\n\n<p>La posture compte, mais elle n\u2019explique pas tout. Le stress, le sommeil, la charge mentale, la condition physique, les habitudes de r\u00e9cup\u00e9ration et la sensibilit\u00e9 du syst\u00e8me nerveux jouent aussi un r\u00f4le.<\/p>\n\n\n\n<h3 class=\"wp-block-heading\"><span class=\"ez-toc-section\" id=\"6_Eviter_tout_mouvement\"><\/span><strong>6. \u00c9viter tout mouvement<\/strong><span class=\"ez-toc-section-end\"><\/span><\/h3>\n\n\n\n<p>Par peur d\u2019aggraver la douleur, certaines personnes bougent de moins en moins. Pourtant, dans plusieurs cas, un mouvement progressif et adapt\u00e9 aide davantage qu\u2019une immobilit\u00e9 prolong\u00e9e.<\/p>\n\n\n\n<h3 class=\"wp-block-heading\"><span class=\"ez-toc-section\" id=\"7_Chercher_la_solution_miracle_unique\"><\/span><strong>7. Chercher la solution miracle unique<\/strong><span class=\"ez-toc-section-end\"><\/span><\/h3>\n\n\n\n<p>Oreiller parfait, suppl\u00e9ment magique, manipulation unique, gadget absolu : les promesses simples s\u00e9duisent, mais les douleurs r\u00e9p\u00e9t\u00e9es r\u00e9pondent souvent mieux \u00e0 une strat\u00e9gie combin\u00e9e qu\u2019\u00e0 un rem\u00e8de unique.<\/p>\n\n\n\n<h3 class=\"wp-block-heading\"><span class=\"ez-toc-section\" id=\"8_Ignorer_les_signes_dalerte\"><\/span><strong>8. Ignorer les signes d\u2019alerte<\/strong><span class=\"ez-toc-section-end\"><\/span><\/h3>\n\n\n\n<p>Une douleur brutale, nouvelle, tr\u00e8s diff\u00e9rente, progressive ou accompagn\u00e9e de signes neurologiques doit \u00eatre prise au s\u00e9rieux.<\/p>\n\n\n\n<h3 class=\"wp-block-heading\"><span class=\"ez-toc-section\" id=\"9_Copier_la_solution_dun_proche\"><\/span><strong>9. Copier la solution d\u2019un proche<\/strong><span class=\"ez-toc-section-end\"><\/span><\/h3>\n\n\n\n<p>Ce qui aide une autre personne ne correspond pas forc\u00e9ment \u00e0 votre type de c\u00e9phal\u00e9e ni \u00e0 votre contexte.<\/p>\n\n\n\n<h3 class=\"wp-block-heading\"><span class=\"ez-toc-section\" id=\"10_Negliger_les_habitudes_quotidiennes\"><\/span><strong>10. N\u00e9gliger les habitudes quotidiennes<\/strong><span class=\"ez-toc-section-end\"><\/span><\/h3>\n\n\n\n<p>Sommeil irr\u00e9gulier, journ\u00e9es sans pauses, \u00e9cran prolong\u00e9, stress constant, repas saut\u00e9s : ces d\u00e9tails r\u00e9p\u00e9t\u00e9s p\u00e8sent souvent plus qu\u2019on ne le pense.<\/p>\n\n\n\n<p>En r\u00e9sum\u00e9, progresser ne consiste pas seulement \u00e0 faire \u201cplus de traitements\u201d, mais souvent \u00e0 \u00e9viter les mauvaises pistes et \u00e0 cibler ce qui entretient r\u00e9ellement vos douleurs.<\/p>\n\n\n\n<h2 class=\"wp-block-heading\"><span class=\"ez-toc-section\" id=\"Questions_frequentes\"><\/span><strong>Questions fr\u00e9quentes<\/strong><span class=\"ez-toc-section-end\"><\/span><\/h2>\n\n\n\n<h3 class=\"wp-block-heading\"><span class=\"ez-toc-section\" id=\"Une_migraine_peut-elle_donner_mal_au_cou\"><\/span><strong>Une migraine peut-elle donner mal au cou ?<\/strong><span class=\"ez-toc-section-end\"><\/span><\/h3>\n\n\n\n<p>Oui. Plusieurs personnes migraineuses ressentent une raideur cervicale, une tension dans la nuque ou une douleur \u00e0 la base du cr\u00e2ne pendant ou avant une crise. Le cou n\u2019est pas toujours la cause principale.<\/p>\n\n\n\n<h3 class=\"wp-block-heading\"><span class=\"ez-toc-section\" id=\"Une_tension_cervicale_peut-elle_donner_mal_a_loeil_ou_a_la_tempe\"><\/span><strong>Une tension cervicale peut-elle donner mal \u00e0 l\u2019\u0153il ou \u00e0 la tempe ?<\/strong><span class=\"ez-toc-section-end\"><\/span><\/h3>\n\n\n\n<p>Oui. Certaines douleurs provenant du cou peuvent irradier vers la tempe, le front ou la r\u00e9gion autour de l\u2019\u0153il par des connexions nerveuses partag\u00e9es.<\/p>\n\n\n\n<h3 class=\"wp-block-heading\"><span class=\"ez-toc-section\" id=\"Comment_savoir_si_mon_mal_de_tete_vient_de_lecran\"><\/span><strong>Comment savoir si mon mal de t\u00eate vient de l\u2019\u00e9cran ?<\/strong><span class=\"ez-toc-section-end\"><\/span><\/h3>\n\n\n\n<p>Si la douleur appara\u00eet surtout apr\u00e8s plusieurs heures devant l\u2019ordinateur, avec raideur du cou, fatigue visuelle ou am\u00e9lioration apr\u00e8s pause et mouvement, l\u2019\u00e9cran peut \u00eatre un facteur contributif.<\/p>\n\n\n\n<h3 class=\"wp-block-heading\"><span class=\"ez-toc-section\" id=\"Losteopathie_peut-elle_aider\"><\/span><strong>L\u2019ost\u00e9opathie peut-elle aider ?<\/strong><span class=\"ez-toc-section-end\"><\/span><\/h3>\n\n\n\n<p>Elle peut \u00eatre utile surtout lorsqu\u2019une composante cervicale, posturale ou musculosquelettique participe aux sympt\u00f4mes. Pour la migraine, elle s\u2019int\u00e8gre plut\u00f4t \u00e0 une approche globale selon le profil de la personne.<\/p>\n\n\n\n<h3 class=\"wp-block-heading\"><span class=\"ez-toc-section\" id=\"Faut-il_faire_une_imagerie\"><\/span><strong>Faut-il faire une imagerie ?<\/strong><span class=\"ez-toc-section-end\"><\/span><\/h3>\n\n\n\n<p>Pas syst\u00e9matiquement. Plusieurs maux de t\u00eate se diagnostiquent surtout par l\u2019histoire clinique et l\u2019examen. L\u2019imagerie est demand\u00e9e selon les signes d\u2019alerte ou certains contextes pr\u00e9cis.<\/p>\n\n\n\n<h3 class=\"wp-block-heading\"><span class=\"ez-toc-section\" id=\"Le_stress_peut-il_vraiment_declencher_un_mal_de_tete\"><\/span><strong>Le stress peut-il vraiment d\u00e9clencher un mal de t\u00eate ?<\/strong><span class=\"ez-toc-section-end\"><\/span><\/h3>\n\n\n\n<p>Oui. Il peut augmenter la tension musculaire, perturber le sommeil, modifier la r\u00e9cup\u00e9ration et favoriser certaines migraines.<\/p>\n\n\n\n<h3 class=\"wp-block-heading\"><span class=\"ez-toc-section\" id=\"Pourquoi_mes_maux_de_tete_reviennent_malgre_les_traitements\"><\/span><strong>Pourquoi mes maux de t\u00eate reviennent malgr\u00e9 les traitements ?<\/strong><span class=\"ez-toc-section-end\"><\/span><\/h3>\n\n\n\n<p>Parce qu\u2019il existe souvent plusieurs facteurs en m\u00eame temps : sommeil, stress, surcharge cervicale, habitudes de vie, terrain migraineux, r\u00e9cup\u00e9ration insuffisante ou strat\u00e9gie incompl\u00e8te.<\/p>\n\n\n\n<h3 class=\"wp-block-heading\"><span class=\"ez-toc-section\" id=\"Quand_consulter\"><\/span><strong>Quand consulter ?<\/strong><span class=\"ez-toc-section-end\"><\/span><\/h3>\n\n\n\n<p>Si les douleurs deviennent fr\u00e9quentes, changent de nature, limitent votre quotidien, r\u00e9sistent aux mesures habituelles ou s\u2019accompagnent de signes inhabituels, une \u00e9valuation est recommand\u00e9e.<\/p>\n\n\n\n<h2 class=\"wp-block-heading\"><span class=\"ez-toc-section\" id=\"Conclusion_comprendre_la_cause_pour_mieux_se_soulager\"><\/span><strong>Conclusion : comprendre la cause pour mieux se soulager<\/strong><span class=\"ez-toc-section-end\"><\/span><\/h2>\n\n\n\n<p>Migraine ou tension cervicale ? La bonne r\u00e9ponse n\u2019est pas toujours imm\u00e9diate, et il arrive m\u00eame que les deux m\u00e9canismes coexistent. C\u2019est pourquoi il est souvent plus utile de chercher \u00e0 comprendre le profil global de la douleur plut\u00f4t que de coller une \u00e9tiquette trop vite.<\/p>\n\n\n\n<p>Une migraine \u00e9voque davantage un trouble neurologique avec sensibilit\u00e9 sensorielle, naus\u00e9es, crises r\u00e9currentes et aggravation \u00e0 l\u2019effort. Une c\u00e9phal\u00e9e li\u00e9e au cou sugg\u00e8re plus souvent une douleur influenc\u00e9e par la posture, la raideur cervicale, la surcharge musculaire ou certains mouvements. Entre les deux, plusieurs zones grises existent.<\/p>\n\n\n\n<p>La bonne nouvelle est qu\u2019il existe des solutions. Ajuster le sommeil, r\u00e9duire les surcharges, am\u00e9liorer la mobilit\u00e9, traiter les d\u00e9clencheurs, revoir certaines habitudes et obtenir une \u00e9valuation adapt\u00e9e peuvent changer le quotidien de fa\u00e7on importante.<\/p>\n\n\n\n<p>Quand la composante cervicale est pr\u00e9sente, une approche ost\u00e9opathique peut aussi aider \u00e0 r\u00e9duire certaines contraintes m\u00e9caniques et am\u00e9liorer le confort. Lorsqu\u2019une migraine domine, une strat\u00e9gie globale incluant le bon suivi demeure essentielle.<\/p>\n\n\n\n<p>Comprendre la cause probable n\u2019est pas un d\u00e9tail th\u00e9orique : c\u2019est souvent la cl\u00e9 pour arr\u00eater d\u2019essayer au hasard\u2026 et commencer \u00e0 avancer dans la bonne direction.<\/p>\n\n\n\n<h2 class=\"wp-block-heading\"><span class=\"ez-toc-section\" id=\"References\"><\/span><strong>R\u00e9f\u00e9rences<\/strong><span class=\"ez-toc-section-end\"><\/span><\/h2>\n\n\n\n<ol class=\"wp-block-list\">\n<li>International Headache Society. Headache Classification Committee of the International Headache Society (IHS).\u00a0<em>The International Classification of Headache Disorders, 3rd edition (ICHD-3).<\/em>\u00a0Cephalalgia. 2018.<\/li>\n\n\n\n<li>World Health Organization. Headache disorders. Fiche d\u2019information sur les migraines et autres c\u00e9phal\u00e9es.<\/li>\n\n\n\n<li>American Migraine Foundation. Migraine symptoms, diagnosis, triggers, and treatment resources.<\/li>\n\n\n\n<li>Mayo Clinic. Migraine: Symptoms and causes. Headaches overview.<\/li>\n\n\n\n<li>Cleveland Clinic. Cervicogenic headache: symptoms, causes, diagnosis and treatment.<\/li>\n\n\n\n<li>National Institute of Neurological Disorders and Stroke. Migraine information page.<\/li>\n\n\n\n<li>National Health Service. Headaches and migraine guidance.<\/li>\n\n\n\n<li>American Academy of Neurology. Practice guidance on headache evaluation and management.<\/li>\n\n\n\n<li>Canadian Headache Society. Clinical resources on migraine and headache care.<\/li>\n\n\n\n<li>Bogduk N. Cervicogenic headache: anatomic basis and pathophysiologic mechanisms.\u00a0<em>Current Pain and Headache Reports.<\/em><\/li>\n<\/ol>\n","protected":false},"excerpt":{"rendered":"<p>Points cl\u00e9s Une migraine et une tension cervicale peuvent toutes deux provoquer un mal de t\u00eate, mais leurs m\u00e9canismes sont diff\u00e9rents. La migraine est souvent pulsatile, mod\u00e9r\u00e9e \u00e0 intense, parfois d\u2019un seul c\u00f4t\u00e9 et accompagn\u00e9e de naus\u00e9es ou sensibilit\u00e9 \u00e0 la lumi\u00e8re. La douleur d\u2019origine cervicale commence fr\u00e9quemment dans le cou ou la base du [&hellip;]<\/p>\n","protected":false},"author":1,"featured_media":57294,"comment_status":"open","ping_status":"open","sticky":false,"template":"","format":"standard","meta":{"tdm_status":"","tdm_grid_status":"","iawp_total_views":0,"footnotes":""},"categories":[1],"tags":[],"class_list":{"0":"post-57275","1":"post","2":"type-post","3":"status-publish","4":"format-standard","5":"has-post-thumbnail","7":"category-non-classifiee"},"_links":{"self":[{"href":"https:\/\/osteomag.ca\/fr\/wp-json\/wp\/v2\/posts\/57275","targetHints":{"allow":["GET"]}}],"collection":[{"href":"https:\/\/osteomag.ca\/fr\/wp-json\/wp\/v2\/posts"}],"about":[{"href":"https:\/\/osteomag.ca\/fr\/wp-json\/wp\/v2\/types\/post"}],"author":[{"embeddable":true,"href":"https:\/\/osteomag.ca\/fr\/wp-json\/wp\/v2\/users\/1"}],"replies":[{"embeddable":true,"href":"https:\/\/osteomag.ca\/fr\/wp-json\/wp\/v2\/comments?post=57275"}],"version-history":[{"count":6,"href":"https:\/\/osteomag.ca\/fr\/wp-json\/wp\/v2\/posts\/57275\/revisions"}],"predecessor-version":[{"id":57299,"href":"https:\/\/osteomag.ca\/fr\/wp-json\/wp\/v2\/posts\/57275\/revisions\/57299"}],"wp:featuredmedia":[{"embeddable":true,"href":"https:\/\/osteomag.ca\/fr\/wp-json\/wp\/v2\/media\/57294"}],"wp:attachment":[{"href":"https:\/\/osteomag.ca\/fr\/wp-json\/wp\/v2\/media?parent=57275"}],"wp:term":[{"taxonomy":"category","embeddable":true,"href":"https:\/\/osteomag.ca\/fr\/wp-json\/wp\/v2\/categories?post=57275"},{"taxonomy":"post_tag","embeddable":true,"href":"https:\/\/osteomag.ca\/fr\/wp-json\/wp\/v2\/tags?post=57275"}],"curies":[{"name":"wp","href":"https:\/\/api.w.org\/{rel}","templated":true}]}}