{"id":7930,"date":"2019-12-14T00:47:34","date_gmt":"2019-12-14T04:47:34","guid":{"rendered":"http:\/\/osteopathiepourvous.com\/?p=7930"},"modified":"2026-04-24T10:47:57","modified_gmt":"2026-04-24T15:47:57","slug":"nevralgies-occipitales-doul","status":"publish","type":"post","link":"https:\/\/osteomag.ca\/fr\/nevralgies-occipitales-doul\/","title":{"rendered":"N\u00e9vralgies occipitales : la douleur prend racine \u00e0 l\u2019arri\u00e8re du cr\u00e2ne"},"content":{"rendered":"<div id=\"ez-toc-container\" class=\"ez-toc-v2_0_82_2 counter-hierarchy ez-toc-counter ez-toc-custom ez-toc-container-direction\">\n<div class=\"ez-toc-title-container\">\n<p class=\"ez-toc-title\" style=\"cursor:inherit\">Table des mati\u00e8res<\/p>\n<span class=\"ez-toc-title-toggle\"><a href=\"#\" class=\"ez-toc-pull-right ez-toc-btn ez-toc-btn-xs ez-toc-btn-default ez-toc-toggle\" aria-label=\"Toggle Table of Content\"><span class=\"ez-toc-js-icon-con\"><span class=\"\"><span class=\"eztoc-hide\" style=\"display:none;\">Toggle<\/span><span class=\"ez-toc-icon-toggle-span\"><svg style=\"fill: #000000;color:#000000\" xmlns=\"http:\/\/www.w3.org\/2000\/svg\" class=\"list-377408\" width=\"20px\" height=\"20px\" viewBox=\"0 0 24 24\" fill=\"none\"><path d=\"M6 6H4v2h2V6zm14 0H8v2h12V6zM4 11h2v2H4v-2zm16 0H8v2h12v-2zM4 16h2v2H4v-2zm16 0H8v2h12v-2z\" fill=\"currentColor\"><\/path><\/svg><svg style=\"fill: #000000;color:#000000\" class=\"arrow-unsorted-368013\" xmlns=\"http:\/\/www.w3.org\/2000\/svg\" width=\"10px\" height=\"10px\" viewBox=\"0 0 24 24\" version=\"1.2\" baseProfile=\"tiny\"><path d=\"M18.2 9.3l-6.2-6.3-6.2 6.3c-.2.2-.3.4-.3.7s.1.5.3.7c.2.2.4.3.7.3h11c.3 0 .5-.1.7-.3.2-.2.3-.5.3-.7s-.1-.5-.3-.7zM5.8 14.7l6.2 6.3 6.2-6.3c.2-.2.3-.5.3-.7s-.1-.5-.3-.7c-.2-.2-.4-.3-.7-.3h-11c-.3 0-.5.1-.7.3-.2.2-.3.5-.3.7s.1.5.3.7z\"\/><\/svg><\/span><\/span><\/span><\/a><\/span><\/div>\n<nav><ul class='ez-toc-list ez-toc-list-level-1 eztoc-toggle-hide-by-default' ><li class='ez-toc-page-1 ez-toc-heading-level-2'><a class=\"ez-toc-link ez-toc-heading-1\" href=\"https:\/\/osteomag.ca\/fr\/nevralgies-occipitales-doul\/#Nevralgies_occipitales_version_courte\" >N\u00e9vralgies occipitales : version courte<\/a><ul class='ez-toc-list-level-3' ><li class='ez-toc-heading-level-3'><a class=\"ez-toc-link ez-toc-heading-2\" href=\"https:\/\/osteomag.ca\/fr\/nevralgies-occipitales-doul\/#Symptomes_frequents\" >Sympt\u00f4mes fr\u00e9quents<\/a><\/li><li class='ez-toc-page-1 ez-toc-heading-level-3'><a class=\"ez-toc-link ez-toc-heading-3\" href=\"https:\/\/osteomag.ca\/fr\/nevralgies-occipitales-doul\/#Causes_possibles\" >Causes possibles<\/a><\/li><li class='ez-toc-page-1 ez-toc-heading-level-3'><a class=\"ez-toc-link ez-toc-heading-4\" href=\"https:\/\/osteomag.ca\/fr\/nevralgies-occipitales-doul\/#Comment_poser_le_diagnostic\" >Comment poser le diagnostic ?<\/a><\/li><li class='ez-toc-page-1 ez-toc-heading-level-3'><a class=\"ez-toc-link ez-toc-heading-5\" href=\"https:\/\/osteomag.ca\/fr\/nevralgies-occipitales-doul\/#Comment_soulager\" >Comment soulager ?<\/a><\/li><li class='ez-toc-page-1 ez-toc-heading-level-3'><a class=\"ez-toc-link ez-toc-heading-6\" href=\"https:\/\/osteomag.ca\/fr\/nevralgies-occipitales-doul\/#Place_de_losteopathie\" >Place de l\u2019ost\u00e9opathie<\/a><\/li><li class='ez-toc-page-1 ez-toc-heading-level-3'><a class=\"ez-toc-link ez-toc-heading-7\" href=\"https:\/\/osteomag.ca\/fr\/nevralgies-occipitales-doul\/#Quand_consulter_rapidement\" >Quand consulter rapidement ?<\/a><\/li><li class='ez-toc-page-1 ez-toc-heading-level-3'><a class=\"ez-toc-link ez-toc-heading-8\" href=\"https:\/\/osteomag.ca\/fr\/nevralgies-occipitales-doul\/#En_resume\" >En r\u00e9sum\u00e9<\/a><\/li><\/ul><\/li><li class='ez-toc-page-1 ez-toc-heading-level-2'><a class=\"ez-toc-link ez-toc-heading-9\" href=\"https:\/\/osteomag.ca\/fr\/nevralgies-occipitales-doul\/#Introduction_comprendre_une_douleur_qui_commence_a_larriere_de_la_tete\" >Introduction : comprendre une douleur qui commence \u00e0 l\u2019arri\u00e8re de la t\u00eate<\/a><\/li><li class='ez-toc-page-1 ez-toc-heading-level-2'><a class=\"ez-toc-link ez-toc-heading-10\" href=\"https:\/\/osteomag.ca\/fr\/nevralgies-occipitales-doul\/#De_lAntiquite_a_aujourdhui_traces_historiques_des_douleurs_occipitales\" >De l\u2019Antiquit\u00e9 \u00e0 aujourd\u2019hui : traces historiques des douleurs occipitales<\/a><\/li><li class='ez-toc-page-1 ez-toc-heading-level-2'><a class=\"ez-toc-link ez-toc-heading-11\" href=\"https:\/\/osteomag.ca\/fr\/nevralgies-occipitales-doul\/#Quest-ce_quune_nevralgie_occipitale\" >Qu\u2019est-ce qu\u2019une n\u00e9vralgie occipitale ?<\/a><\/li><li class='ez-toc-page-1 ez-toc-heading-level-2'><a class=\"ez-toc-link ez-toc-heading-12\" href=\"https:\/\/osteomag.ca\/fr\/nevralgies-occipitales-doul\/#Ou_se_situe_la_douleur_de_la_nevralgie_occipitale\" >O\u00f9 se situe la douleur de la n\u00e9vralgie occipitale ?<\/a><\/li><li class='ez-toc-page-1 ez-toc-heading-level-2'><a class=\"ez-toc-link ez-toc-heading-13\" href=\"https:\/\/osteomag.ca\/fr\/nevralgies-occipitales-doul\/#Anatomie_des_nerfs_occipitaux_comprendre_le_role_du_nerf_dArnold\" >Anatomie des nerfs occipitaux : comprendre le r\u00f4le du nerf d\u2019Arnold<\/a><ul class='ez-toc-list-level-3' ><li class='ez-toc-heading-level-3'><a class=\"ez-toc-link ez-toc-heading-14\" href=\"https:\/\/osteomag.ca\/fr\/nevralgies-occipitales-doul\/#Le_nerf_occipital_majeur_le_nerf_dArnold\" >Le nerf occipital majeur : le nerf d\u2019Arnold<\/a><\/li><li class='ez-toc-page-1 ez-toc-heading-level-3'><a class=\"ez-toc-link ez-toc-heading-15\" href=\"https:\/\/osteomag.ca\/fr\/nevralgies-occipitales-doul\/#Le_nerf_occipital_mineur\" >Le nerf occipital mineur<\/a><\/li><li class='ez-toc-page-1 ez-toc-heading-level-3'><a class=\"ez-toc-link ez-toc-heading-16\" href=\"https:\/\/osteomag.ca\/fr\/nevralgies-occipitales-doul\/#Le_nerf_occipital_troisieme_ou_nerf_occipital_inferieur\" >Le nerf occipital troisi\u00e8me (ou nerf occipital inf\u00e9rieur)<\/a><\/li><li class='ez-toc-page-1 ez-toc-heading-level-3'><a class=\"ez-toc-link ez-toc-heading-17\" href=\"https:\/\/osteomag.ca\/fr\/nevralgies-occipitales-doul\/#Une_region_anatomique_particulierement_sensible\" >Une r\u00e9gion anatomique particuli\u00e8rement sensible<\/a><\/li><li class='ez-toc-page-1 ez-toc-heading-level-3'><a class=\"ez-toc-link ez-toc-heading-18\" href=\"https:\/\/osteomag.ca\/fr\/nevralgies-occipitales-doul\/#Une_anatomie_qui_explique_la_douleur\" >Une anatomie qui explique la douleur<\/a><\/li><\/ul><\/li><li class='ez-toc-page-1 ez-toc-heading-level-2'><a class=\"ez-toc-link ez-toc-heading-19\" href=\"https:\/\/osteomag.ca\/fr\/nevralgies-occipitales-doul\/#Pourquoi_ces_nerfs_deviennent_douloureux_mecanismes_dirritation_nerveuse\" >Pourquoi ces nerfs deviennent douloureux : m\u00e9canismes d\u2019irritation nerveuse<\/a><ul class='ez-toc-list-level-3' ><li class='ez-toc-heading-level-3'><a class=\"ez-toc-link ez-toc-heading-20\" href=\"https:\/\/osteomag.ca\/fr\/nevralgies-occipitales-doul\/#Compression_mecanique_du_nerf\" >Compression m\u00e9canique du nerf<\/a><\/li><li class='ez-toc-page-1 ez-toc-heading-level-3'><a class=\"ez-toc-link ez-toc-heading-21\" href=\"https:\/\/osteomag.ca\/fr\/nevralgies-occipitales-doul\/#Hypertonie_musculaire_des_muscles_sous-occipitaux\" >Hypertonie musculaire des muscles sous-occipitaux<\/a><\/li><li class='ez-toc-page-1 ez-toc-heading-level-3'><a class=\"ez-toc-link ez-toc-heading-22\" href=\"https:\/\/osteomag.ca\/fr\/nevralgies-occipitales-doul\/#Restriction_articulaire_cervicale\" >Restriction articulaire cervicale<\/a><\/li><li class='ez-toc-page-1 ez-toc-heading-level-3'><a class=\"ez-toc-link ez-toc-heading-23\" href=\"https:\/\/osteomag.ca\/fr\/nevralgies-occipitales-doul\/#Inflammation_et_hypersensibilisation_nerveuse\" >Inflammation et hypersensibilisation nerveuse<\/a><\/li><li class='ez-toc-page-1 ez-toc-heading-level-3'><a class=\"ez-toc-link ez-toc-heading-24\" href=\"https:\/\/osteomag.ca\/fr\/nevralgies-occipitales-doul\/#Facteurs_posturaux_et_contraintes_repetitives\" >Facteurs posturaux et contraintes r\u00e9p\u00e9titives<\/a><\/li><li class='ez-toc-page-1 ez-toc-heading-level-3'><a class=\"ez-toc-link ez-toc-heading-25\" href=\"https:\/\/osteomag.ca\/fr\/nevralgies-occipitales-doul\/#Traumatisme_cervical\" >Traumatisme cervical<\/a><\/li><li class='ez-toc-page-1 ez-toc-heading-level-3'><a class=\"ez-toc-link ez-toc-heading-26\" href=\"https:\/\/osteomag.ca\/fr\/nevralgies-occipitales-doul\/#Une_interaction_de_plusieurs_facteurs\" >Une interaction de plusieurs facteurs<\/a><\/li><\/ul><\/li><li class='ez-toc-page-1 ez-toc-heading-level-2'><a class=\"ez-toc-link ez-toc-heading-27\" href=\"https:\/\/osteomag.ca\/fr\/nevralgies-occipitales-doul\/#Symptomes_de_la_nevralgie_occipitale_comment_reconnaitre_cette_douleur_particuliere\" >Sympt\u00f4mes de la n\u00e9vralgie occipitale : comment reconna\u00eetre cette douleur particuli\u00e8re<\/a><ul class='ez-toc-list-level-3' ><li class='ez-toc-heading-level-3'><a class=\"ez-toc-link ez-toc-heading-28\" href=\"https:\/\/osteomag.ca\/fr\/nevralgies-occipitales-doul\/#ENCADRE_%E2%80%93_Symptomes_typiques\" >ENCADR\u00c9 \u2013 Sympt\u00f4mes typiques<\/a><\/li><\/ul><\/li><li class='ez-toc-page-1 ez-toc-heading-level-2'><a class=\"ez-toc-link ez-toc-heading-29\" href=\"https:\/\/osteomag.ca\/fr\/nevralgies-occipitales-doul\/#Quand_consulter_rapidement-2\" >Quand consulter rapidement<\/a><\/li><li class='ez-toc-page-1 ez-toc-heading-level-2'><a class=\"ez-toc-link ez-toc-heading-30\" href=\"https:\/\/osteomag.ca\/fr\/nevralgies-occipitales-doul\/#Les_differentes_formes_de_nevralgies_occipitales\" >Les diff\u00e9rentes formes de n\u00e9vralgies occipitales<\/a><ul class='ez-toc-list-level-3' ><li class='ez-toc-heading-level-3'><a class=\"ez-toc-link ez-toc-heading-31\" href=\"https:\/\/osteomag.ca\/fr\/nevralgies-occipitales-doul\/#Nevralgie_occipitale_secondaire\" >N\u00e9vralgie occipitale secondaire<\/a><\/li><li class='ez-toc-page-1 ez-toc-heading-level-3'><a class=\"ez-toc-link ez-toc-heading-32\" href=\"https:\/\/osteomag.ca\/fr\/nevralgies-occipitales-doul\/#Nevralgie_dArnold\" >N\u00e9vralgie d\u2019Arnold<\/a><\/li><li class='ez-toc-page-1 ez-toc-heading-level-3'><a class=\"ez-toc-link ez-toc-heading-33\" href=\"https:\/\/osteomag.ca\/fr\/nevralgies-occipitales-doul\/#Nevralgie_du_nerf_occipital_mineur\" >N\u00e9vralgie du nerf occipital mineur<\/a><\/li><li class='ez-toc-page-1 ez-toc-heading-level-3'><a class=\"ez-toc-link ez-toc-heading-34\" href=\"https:\/\/osteomag.ca\/fr\/nevralgies-occipitales-doul\/#Nevralgie_cervicogenique_occipitale\" >N\u00e9vralgie cervicog\u00e9nique occipitale<\/a><\/li><li class='ez-toc-page-1 ez-toc-heading-level-3'><a class=\"ez-toc-link ez-toc-heading-35\" href=\"https:\/\/osteomag.ca\/fr\/nevralgies-occipitales-doul\/#Nevralgie_occipitale_post-traumatique\" >N\u00e9vralgie occipitale post-traumatique<\/a><\/li><li class='ez-toc-page-1 ez-toc-heading-level-3'><a class=\"ez-toc-link ez-toc-heading-36\" href=\"https:\/\/osteomag.ca\/fr\/nevralgies-occipitales-doul\/#Une_diversite_de_presentations_cliniques\" >Une diversit\u00e9 de pr\u00e9sentations cliniques<\/a><\/li><\/ul><\/li><li class='ez-toc-page-1 ez-toc-heading-level-2'><a class=\"ez-toc-link ez-toc-heading-37\" href=\"https:\/\/osteomag.ca\/fr\/nevralgies-occipitales-doul\/#Causes_frequentes_posture_tensions_musculaires_et_traumatismes\" >Causes fr\u00e9quentes : posture, tensions musculaires et traumatismes<\/a><ul class='ez-toc-list-level-3' ><li class='ez-toc-heading-level-3'><a class=\"ez-toc-link ez-toc-heading-38\" href=\"https:\/\/osteomag.ca\/fr\/nevralgies-occipitales-doul\/#Les_tensions_musculaires_chroniques\" >Les tensions musculaires chroniques<\/a><\/li><li class='ez-toc-page-1 ez-toc-heading-level-3'><a class=\"ez-toc-link ez-toc-heading-39\" href=\"https:\/\/osteomag.ca\/fr\/nevralgies-occipitales-doul\/#Le_stress_et_la_tension_emotionnelle\" >Le stress et la tension \u00e9motionnelle<\/a><\/li><li class='ez-toc-page-1 ez-toc-heading-level-3'><a class=\"ez-toc-link ez-toc-heading-40\" href=\"https:\/\/osteomag.ca\/fr\/nevralgies-occipitales-doul\/#Les_traumatismes_cervicaux\" >Les traumatismes cervicaux<\/a><\/li><li class='ez-toc-page-1 ez-toc-heading-level-3'><a class=\"ez-toc-link ez-toc-heading-41\" href=\"https:\/\/osteomag.ca\/fr\/nevralgies-occipitales-doul\/#Les_changements_degeneratifs_de_la_colonne_cervicale\" >Les changements d\u00e9g\u00e9n\u00e9ratifs de la colonne cervicale<\/a><\/li><li class='ez-toc-page-1 ez-toc-heading-level-3'><a class=\"ez-toc-link ez-toc-heading-42\" href=\"https:\/\/osteomag.ca\/fr\/nevralgies-occipitales-doul\/#Les_contraintes_repetitives\" >Les contraintes r\u00e9p\u00e9titives<\/a><\/li><li class='ez-toc-page-1 ez-toc-heading-level-3'><a class=\"ez-toc-link ez-toc-heading-43\" href=\"https:\/\/osteomag.ca\/fr\/nevralgies-occipitales-doul\/#Une_combinaison_de_facteurs\" >Une combinaison de facteurs<\/a><\/li><\/ul><\/li><li class='ez-toc-page-1 ez-toc-heading-level-2'><a class=\"ez-toc-link ez-toc-heading-44\" href=\"https:\/\/osteomag.ca\/fr\/nevralgies-occipitales-doul\/#Diagnostic_clinique_comment_identifier_une_nevralgie_occipitale\" >Diagnostic clinique : comment identifier une n\u00e9vralgie occipitale<\/a><ul class='ez-toc-list-level-3' ><li class='ez-toc-heading-level-3'><a class=\"ez-toc-link ez-toc-heading-45\" href=\"https:\/\/osteomag.ca\/fr\/nevralgies-occipitales-doul\/#Quand_consulter_un_professionnel_de_sante\" >Quand consulter un professionnel de sant\u00e9<\/a><\/li><li class='ez-toc-page-1 ez-toc-heading-level-3'><a class=\"ez-toc-link ez-toc-heading-46\" href=\"https:\/\/osteomag.ca\/fr\/nevralgies-occipitales-doul\/#Localisation_de_la_douleur\" >Localisation de la douleur<\/a><\/li><li class='ez-toc-page-1 ez-toc-heading-level-3'><a class=\"ez-toc-link ez-toc-heading-47\" href=\"https:\/\/osteomag.ca\/fr\/nevralgies-occipitales-doul\/#Palpation_du_trajet_nerveux\" >Palpation du trajet nerveux<\/a><\/li><li class='ez-toc-page-1 ez-toc-heading-level-3'><a class=\"ez-toc-link ez-toc-heading-48\" href=\"https:\/\/osteomag.ca\/fr\/nevralgies-occipitales-doul\/#Evaluation_de_la_mobilite_cervicale\" >\u00c9valuation de la mobilit\u00e9 cervicale<\/a><\/li><li class='ez-toc-page-1 ez-toc-heading-level-3'><a class=\"ez-toc-link ez-toc-heading-49\" href=\"https:\/\/osteomag.ca\/fr\/nevralgies-occipitales-doul\/#Recherche_de_tensions_musculaires\" >Recherche de tensions musculaires<\/a><\/li><li class='ez-toc-page-1 ez-toc-heading-level-3'><a class=\"ez-toc-link ez-toc-heading-50\" href=\"https:\/\/osteomag.ca\/fr\/nevralgies-occipitales-doul\/#Evaluation_de_la_sensibilite_du_cuir_chevelu\" >\u00c9valuation de la sensibilit\u00e9 du cuir chevelu<\/a><\/li><li class='ez-toc-page-1 ez-toc-heading-level-3'><a class=\"ez-toc-link ez-toc-heading-51\" href=\"https:\/\/osteomag.ca\/fr\/nevralgies-occipitales-doul\/#Exclure_dautres_causes_de_douleur\" >Exclure d\u2019autres causes de douleur<\/a><\/li><li class='ez-toc-page-1 ez-toc-heading-level-3'><a class=\"ez-toc-link ez-toc-heading-52\" href=\"https:\/\/osteomag.ca\/fr\/nevralgies-occipitales-doul\/#Un_diagnostic_souvent_clinique\" >Un diagnostic souvent clinique<\/a><\/li><\/ul><\/li><li class='ez-toc-page-1 ez-toc-heading-level-2'><a class=\"ez-toc-link ez-toc-heading-53\" href=\"https:\/\/osteomag.ca\/fr\/nevralgies-occipitales-doul\/#Examens_medicaux_et_diagnostic_differentiel\" >Examens m\u00e9dicaux et diagnostic diff\u00e9rentiel<\/a><ul class='ez-toc-list-level-3' ><li class='ez-toc-heading-level-3'><a class=\"ez-toc-link ez-toc-heading-54\" href=\"https:\/\/osteomag.ca\/fr\/nevralgies-occipitales-doul\/#Le_bloc_nerveux_diagnostique\" >Le bloc nerveux diagnostique<\/a><\/li><li class='ez-toc-page-1 ez-toc-heading-level-3'><a class=\"ez-toc-link ez-toc-heading-55\" href=\"https:\/\/osteomag.ca\/fr\/nevralgies-occipitales-doul\/#Lelectromyographie_EMG\" >L\u2019\u00e9lectromyographie (EMG)<\/a><\/li><li class='ez-toc-page-1 ez-toc-heading-level-3'><a class=\"ez-toc-link ez-toc-heading-56\" href=\"https:\/\/osteomag.ca\/fr\/nevralgies-occipitales-doul\/#Le_diagnostic_differentiel\" >Le diagnostic diff\u00e9rentiel<\/a><\/li><li class='ez-toc-page-1 ez-toc-heading-level-3'><a class=\"ez-toc-link ez-toc-heading-57\" href=\"https:\/\/osteomag.ca\/fr\/nevralgies-occipitales-doul\/#Une_approche_diagnostique_globale\" >Une approche diagnostique globale<\/a><\/li><\/ul><\/li><li class='ez-toc-page-1 ez-toc-heading-level-2'><a class=\"ez-toc-link ez-toc-heading-58\" href=\"https:\/\/osteomag.ca\/fr\/nevralgies-occipitales-doul\/#Nevralgie_occipitale_et_syndrome_myofascial_une_interaction_frequente\" >N\u00e9vralgie occipitale et syndrome myofascial : une interaction fr\u00e9quente<\/a><ul class='ez-toc-list-level-3' ><li class='ez-toc-heading-level-3'><a class=\"ez-toc-link ez-toc-heading-59\" href=\"https:\/\/osteomag.ca\/fr\/nevralgies-occipitales-doul\/#Les_points_gachettes_et_la_douleur_referee\" >Les points g\u00e2chettes et la douleur r\u00e9f\u00e9r\u00e9e<\/a><\/li><li class='ez-toc-page-1 ez-toc-heading-level-3'><a class=\"ez-toc-link ez-toc-heading-60\" href=\"https:\/\/osteomag.ca\/fr\/nevralgies-occipitales-doul\/#Quand_la_tension_musculaire_comprime_le_nerf\" >Quand la tension musculaire comprime le nerf<\/a><\/li><li class='ez-toc-page-1 ez-toc-heading-level-3'><a class=\"ez-toc-link ez-toc-heading-61\" href=\"https:\/\/osteomag.ca\/fr\/nevralgies-occipitales-doul\/#Un_cercle_vicieux_douloureux\" >Un cercle vicieux douloureux<\/a><\/li><li class='ez-toc-page-1 ez-toc-heading-level-3'><a class=\"ez-toc-link ez-toc-heading-62\" href=\"https:\/\/osteomag.ca\/fr\/nevralgies-occipitales-doul\/#Les_facteurs_qui_favorisent_cette_interaction\" >Les facteurs qui favorisent cette interaction<\/a><\/li><li class='ez-toc-page-1 ez-toc-heading-level-3'><a class=\"ez-toc-link ez-toc-heading-63\" href=\"https:\/\/osteomag.ca\/fr\/nevralgies-occipitales-doul\/#Limportance_dune_approche_therapeutique_globale\" >L\u2019importance d\u2019une approche th\u00e9rapeutique globale<\/a><\/li><\/ul><\/li><li class='ez-toc-page-1 ez-toc-heading-level-2'><a class=\"ez-toc-link ez-toc-heading-64\" href=\"https:\/\/osteomag.ca\/fr\/nevralgies-occipitales-doul\/#Impact_de_la_douleur_chronique_sur_le_systeme_nerveux_et_le_bien-etre_psychologique\" >Impact de la douleur chronique sur le syst\u00e8me nerveux et le bien-\u00eatre psychologique<\/a><ul class='ez-toc-list-level-3' ><li class='ez-toc-heading-level-3'><a class=\"ez-toc-link ez-toc-heading-65\" href=\"https:\/\/osteomag.ca\/fr\/nevralgies-occipitales-doul\/#Le_role_du_systeme_nerveux_autonome\" >Le r\u00f4le du syst\u00e8me nerveux autonome<\/a><\/li><li class='ez-toc-page-1 ez-toc-heading-level-3'><a class=\"ez-toc-link ez-toc-heading-66\" href=\"https:\/\/osteomag.ca\/fr\/nevralgies-occipitales-doul\/#Fatigue_mentale_et_diminution_de_la_concentration\" >Fatigue mentale et diminution de la concentration<\/a><\/li><li class='ez-toc-page-1 ez-toc-heading-level-3'><a class=\"ez-toc-link ez-toc-heading-67\" href=\"https:\/\/osteomag.ca\/fr\/nevralgies-occipitales-doul\/#Lanxiete_et_la_peur_du_mouvement\" >L\u2019anxi\u00e9t\u00e9 et la peur du mouvement<\/a><\/li><li class='ez-toc-page-1 ez-toc-heading-level-3'><a class=\"ez-toc-link ez-toc-heading-68\" href=\"https:\/\/osteomag.ca\/fr\/nevralgies-occipitales-doul\/#Limpact_sur_la_qualite_de_vie\" >L\u2019impact sur la qualit\u00e9 de vie<\/a><\/li><li class='ez-toc-page-1 ez-toc-heading-level-3'><a class=\"ez-toc-link ez-toc-heading-69\" href=\"https:\/\/osteomag.ca\/fr\/nevralgies-occipitales-doul\/#Limportance_dune_approche_integrative\" >L\u2019importance d\u2019une approche int\u00e9grative<\/a><\/li><\/ul><\/li><li class='ez-toc-page-1 ez-toc-heading-level-2'><a class=\"ez-toc-link ez-toc-heading-70\" href=\"https:\/\/osteomag.ca\/fr\/nevralgies-occipitales-doul\/#Traitements_conservateurs_medicaments_repos_et_therapies_manuelles\" >Traitements conservateurs : m\u00e9dicaments, repos et th\u00e9rapies manuelles<\/a><ul class='ez-toc-list-level-3' ><li class='ez-toc-heading-level-3'><a class=\"ez-toc-link ez-toc-heading-71\" href=\"https:\/\/osteomag.ca\/fr\/nevralgies-occipitales-doul\/#Les_therapies_manuelles\" >Les th\u00e9rapies manuelles<\/a><\/li><li class='ez-toc-page-1 ez-toc-heading-level-3'><a class=\"ez-toc-link ez-toc-heading-72\" href=\"https:\/\/osteomag.ca\/fr\/nevralgies-occipitales-doul\/#Le_role_du_repos_et_de_la_modification_des_activites\" >Le r\u00f4le du repos et de la modification des activit\u00e9s<\/a><\/li><li class='ez-toc-page-1 ez-toc-heading-level-3'><a class=\"ez-toc-link ez-toc-heading-73\" href=\"https:\/\/osteomag.ca\/fr\/nevralgies-occipitales-doul\/#Limportance_dune_prise_en_charge_progressive\" >L\u2019importance d\u2019une prise en charge progressive<\/a><\/li><\/ul><\/li><li class='ez-toc-page-1 ez-toc-heading-level-2'><a class=\"ez-toc-link ez-toc-heading-74\" href=\"https:\/\/osteomag.ca\/fr\/nevralgies-occipitales-doul\/#Lapproche_osteopathique_dans_la_prise_en_charge_des_nevralgies_occipitales\" >L\u2019approche ost\u00e9opathique dans la prise en charge des n\u00e9vralgies occipitales<\/a><ul class='ez-toc-list-level-3' ><li class='ez-toc-heading-level-3'><a class=\"ez-toc-link ez-toc-heading-75\" href=\"https:\/\/osteomag.ca\/fr\/nevralgies-occipitales-doul\/#Conseil_pratique\" >Conseil pratique<\/a><\/li><\/ul><\/li><li class='ez-toc-page-1 ez-toc-heading-level-2'><a class=\"ez-toc-link ez-toc-heading-76\" href=\"https:\/\/osteomag.ca\/fr\/nevralgies-occipitales-doul\/#Exercices_et_etirements_pour_soulager_la_region_cervico-occipitale\" >Exercices et \u00e9tirements pour soulager la r\u00e9gion cervico-occipitale<\/a><ul class='ez-toc-list-level-3' ><li class='ez-toc-heading-level-3'><a class=\"ez-toc-link ez-toc-heading-77\" href=\"https:\/\/osteomag.ca\/fr\/nevralgies-occipitales-doul\/#Etirement_lateral_du_cou\" >\u00c9tirement lat\u00e9ral du cou<\/a><\/li><li class='ez-toc-page-1 ez-toc-heading-level-3'><a class=\"ez-toc-link ez-toc-heading-78\" href=\"https:\/\/osteomag.ca\/fr\/nevralgies-occipitales-doul\/#Rotation_douce_de_la_tete\" >Rotation douce de la t\u00eate<\/a><\/li><li class='ez-toc-page-1 ez-toc-heading-level-3'><a class=\"ez-toc-link ez-toc-heading-79\" href=\"https:\/\/osteomag.ca\/fr\/nevralgies-occipitales-doul\/#Etirement_du_trapeze_superieur\" >\u00c9tirement du trap\u00e8ze sup\u00e9rieur<\/a><\/li><li class='ez-toc-page-1 ez-toc-heading-level-3'><a class=\"ez-toc-link ez-toc-heading-80\" href=\"https:\/\/osteomag.ca\/fr\/nevralgies-occipitales-doul\/#Mobilisation_douce_de_la_nuque\" >Mobilisation douce de la nuque<\/a><\/li><li class='ez-toc-page-1 ez-toc-heading-level-3'><a class=\"ez-toc-link ez-toc-heading-81\" href=\"https:\/\/osteomag.ca\/fr\/nevralgies-occipitales-doul\/#Exercices_de_relaxation_musculaire\" >Exercices de relaxation musculaire<\/a><\/li><li class='ez-toc-page-1 ez-toc-heading-level-3'><a class=\"ez-toc-link ez-toc-heading-82\" href=\"https:\/\/osteomag.ca\/fr\/nevralgies-occipitales-doul\/#Frequence_et_precautions\" >Fr\u00e9quence et pr\u00e9cautions<\/a><\/li><li class='ez-toc-page-1 ez-toc-heading-level-3'><a class=\"ez-toc-link ez-toc-heading-83\" href=\"https:\/\/osteomag.ca\/fr\/nevralgies-occipitales-doul\/#Un_outil_de_prevention\" >Un outil de pr\u00e9vention<\/a><\/li><\/ul><\/li><li class='ez-toc-page-1 ez-toc-heading-level-2'><a class=\"ez-toc-link ez-toc-heading-84\" href=\"https:\/\/osteomag.ca\/fr\/nevralgies-occipitales-doul\/#Prevention_posture_ergonomie_et_hygiene_de_vie\" >Pr\u00e9vention : posture, ergonomie et hygi\u00e8ne de vie<\/a><ul class='ez-toc-list-level-3' ><li class='ez-toc-heading-level-3'><a class=\"ez-toc-link ez-toc-heading-85\" href=\"https:\/\/osteomag.ca\/fr\/nevralgies-occipitales-doul\/#A_eviter\" >\u00c0 \u00e9viter<\/a><\/li><li class='ez-toc-page-1 ez-toc-heading-level-3'><a class=\"ez-toc-link ez-toc-heading-86\" href=\"https:\/\/osteomag.ca\/fr\/nevralgies-occipitales-doul\/#Ameliorer_lergonomie_du_poste_de_travail\" >Am\u00e9liorer l\u2019ergonomie du poste de travail<\/a><\/li><li class='ez-toc-page-1 ez-toc-heading-level-3'><a class=\"ez-toc-link ez-toc-heading-87\" href=\"https:\/\/osteomag.ca\/fr\/nevralgies-occipitales-doul\/#Faire_des_pauses_regulieres\" >Faire des pauses r\u00e9guli\u00e8res<\/a><\/li><li class='ez-toc-page-1 ez-toc-heading-level-3'><a class=\"ez-toc-link ez-toc-heading-88\" href=\"https:\/\/osteomag.ca\/fr\/nevralgies-occipitales-doul\/#Maintenir_une_activite_physique_reguliere\" >Maintenir une activit\u00e9 physique r\u00e9guli\u00e8re<\/a><\/li><li class='ez-toc-page-1 ez-toc-heading-level-3'><a class=\"ez-toc-link ez-toc-heading-89\" href=\"https:\/\/osteomag.ca\/fr\/nevralgies-occipitales-doul\/#Choisir_un_oreiller_adapte\" >Choisir un oreiller adapt\u00e9<\/a><\/li><li class='ez-toc-page-1 ez-toc-heading-level-3'><a class=\"ez-toc-link ez-toc-heading-90\" href=\"https:\/\/osteomag.ca\/fr\/nevralgies-occipitales-doul\/#Gerer_le_stress_et_la_tension_musculaire\" >G\u00e9rer le stress et la tension musculaire<\/a><\/li><li class='ez-toc-page-1 ez-toc-heading-level-3'><a class=\"ez-toc-link ez-toc-heading-91\" href=\"https:\/\/osteomag.ca\/fr\/nevralgies-occipitales-doul\/#Ecouter_les_signaux_du_corps\" >\u00c9couter les signaux du corps<\/a><\/li><li class='ez-toc-page-1 ez-toc-heading-level-3'><a class=\"ez-toc-link ez-toc-heading-92\" href=\"https:\/\/osteomag.ca\/fr\/nevralgies-occipitales-doul\/#Une_prevention_basee_sur_lequilibre\" >Une pr\u00e9vention bas\u00e9e sur l\u2019\u00e9quilibre<\/a><\/li><\/ul><\/li><li class='ez-toc-page-1 ez-toc-heading-level-2'><a class=\"ez-toc-link ez-toc-heading-93\" href=\"https:\/\/osteomag.ca\/fr\/nevralgies-occipitales-doul\/#Quand_consulter_un_professionnel_de_sante-2\" >Quand consulter un professionnel de sant\u00e9<\/a><\/li><li class='ez-toc-page-1 ez-toc-heading-level-2'><a class=\"ez-toc-link ez-toc-heading-94\" href=\"https:\/\/osteomag.ca\/fr\/nevralgies-occipitales-doul\/#Questions_frequentes_sur_la_nevralgie_occipitale\" >Questions fr\u00e9quentes sur la n\u00e9vralgie occipitale<\/a><\/li><li class='ez-toc-page-1 ez-toc-heading-level-2'><a class=\"ez-toc-link ez-toc-heading-95\" href=\"https:\/\/osteomag.ca\/fr\/nevralgies-occipitales-doul\/#Vers_une_prise_en_charge_globale_et_durable_de_la_douleur_occipitale\" >Vers une prise en charge globale et durable de la douleur occipitale<\/a><ul class='ez-toc-list-level-3' ><li class='ez-toc-heading-level-3'><a class=\"ez-toc-link ez-toc-heading-96\" href=\"https:\/\/osteomag.ca\/fr\/nevralgies-occipitales-doul\/#Restaurer_la_mobilite_cervicale\" >Restaurer la mobilit\u00e9 cervicale<\/a><\/li><li class='ez-toc-page-1 ez-toc-heading-level-3'><a class=\"ez-toc-link ez-toc-heading-97\" href=\"https:\/\/osteomag.ca\/fr\/nevralgies-occipitales-doul\/#Reequilibrer_les_tensions_musculaires\" >R\u00e9\u00e9quilibrer les tensions musculaires<\/a><\/li><li class='ez-toc-page-1 ez-toc-heading-level-3'><a class=\"ez-toc-link ez-toc-heading-98\" href=\"https:\/\/osteomag.ca\/fr\/nevralgies-occipitales-doul\/#Favoriser_lequilibre_du_systeme_nerveux\" >Favoriser l\u2019\u00e9quilibre du syst\u00e8me nerveux<\/a><\/li><li class='ez-toc-page-1 ez-toc-heading-level-3'><a class=\"ez-toc-link ez-toc-heading-99\" href=\"https:\/\/osteomag.ca\/fr\/nevralgies-occipitales-doul\/#Encourager_lautonomie_du_patient\" >Encourager l\u2019autonomie du patient<\/a><\/li><li class='ez-toc-page-1 ez-toc-heading-level-3'><a class=\"ez-toc-link ez-toc-heading-100\" href=\"https:\/\/osteomag.ca\/fr\/nevralgies-occipitales-doul\/#Une_vision_integrative_de_la_douleur\" >Une vision int\u00e9grative de la douleur<\/a><\/li><\/ul><\/li><li class='ez-toc-page-1 ez-toc-heading-level-2'><a class=\"ez-toc-link ez-toc-heading-101\" href=\"https:\/\/osteomag.ca\/fr\/nevralgies-occipitales-doul\/#Annexes\" >Annexes<\/a><\/li><li class='ez-toc-page-1 ez-toc-heading-level-2'><a class=\"ez-toc-link ez-toc-heading-102\" href=\"https:\/\/osteomag.ca\/fr\/nevralgies-occipitales-doul\/#References_scientifiques\" >R\u00e9f\u00e9rences scientifiques<\/a><\/li><\/ul><\/nav><\/div>\n\n<figure class=\"wp-block-audio\"><audio controls src=\"https:\/\/osteomag.ca\/wp-content\/uploads\/2019\/12\/Nicolas-10252252.mp3\"><\/audio><figcaption class=\"wp-element-caption\">Podcast Osteomag<\/figcaption><\/figure>\n\n\n\n<div class=\"pc-box\">\n\n<div class=\"pc-title\">Points cl\u00e9s<\/div>\n\n<ul class=\"pc-list\">\n<li>La n\u00e9vralgie occipitale est une douleur nerveuse provenant des nerfs situ\u00e9s \u00e0 l\u2019arri\u00e8re du cr\u00e2ne.<\/li>\n\n<li>Elle provoque souvent des d\u00e9charges \u00e9lectriques, br\u00fblures ou douleurs fulgurantes partant de la nuque vers le cuir chevelu.<\/li>\n\n<li>Le nerf le plus souvent impliqu\u00e9 est le nerf occipital majeur, aussi appel\u00e9 nerf d\u2019Arnold.<\/li>\n\n<li>Les causes fr\u00e9quentes incluent tensions musculaires, mauvaise posture, stress et traumatismes cervicaux.<\/li>\n\n<li>La douleur peut \u00eatre aggrav\u00e9e par certains mouvements du cou ou la pression \u00e0 la base du cr\u00e2ne.<\/li>\n\n<li>Une hypersensibilit\u00e9 du cuir chevelu est fr\u00e9quente (brossage des cheveux, appui sur l\u2019oreiller).<\/li>\n\n<li>Le diagnostic repose surtout sur l\u2019\u00e9valuation clinique et l\u2019examen de la r\u00e9gion cervico-occipitale.<\/li>\n\n<li>Les traitements conservateurs donnent souvent de bons r\u00e9sultats : exercices, th\u00e9rapie manuelle, correction posturale et gestion du stress.<\/li>\n\n<li>L\u2019ost\u00e9opathie peut aider \u00e0 r\u00e9duire les tensions m\u00e9caniques et am\u00e9liorer la mobilit\u00e9 cervicale.<\/li>\n\n<li>Une bonne ergonomie et des pauses r\u00e9guli\u00e8res peuvent pr\u00e9venir les r\u00e9cidives.<\/li>\n<\/ul>\n\n<\/div>\n\n<style>\n.pc-box{\nbackground:#ffffff;\nborder:2px solid #1A7F78;\nborder-left:8px solid #1A7F78;\npadding:24px;\nmargin:30px 0;\nborder-radius:4px;\nbox-shadow:0 6px 18px rgba(0,0,0,0.08);\n}\n\n.pc-title{\nfont-size:28px;\nfont-weight:700;\ncolor:#1A7F78;\nmargin-bottom:18px;\nline-height:1.2;\n}\n\n.pc-list{\nmargin:0;\npadding-left:22px;\n}\n\n.pc-list li{\nmargin-bottom:12px;\nfont-size:18px;\nline-height:1.6;\ncolor:#222;\n}\n\n.pc-list li::marker{\ncolor:#1A7F78;\nfont-weight:bold;\n}\n<\/style>\n\n\n\n<style>\n.osteo-accordion{\n  margin:25px 0;\n  border-radius:12px;\n  overflow:hidden;\n  box-shadow:0 4px 14px rgba(0,0,0,.08);\n}\n.osteo-accordion details{\n  background:#fff;\n}\n.osteo-accordion summary{\n  list-style:none;\n  cursor:pointer;\n  padding:20px 24px;\n  font-size:32px;\n  font-weight:700;\n  color:#fff;\n  background:linear-gradient(135deg,#178fcb 0%,#1177b1 100%);\n  position:relative;\n}\n.osteo-accordion summary::-webkit-details-marker{\n  display:none;\n}\n.osteo-accordion summary::after{\n  content:\"+\";\n  position:absolute;\n  right:24px;\n  top:50%;\n  transform:translateY(-50%);\n  font-size:48px;\n  font-weight:300;\n}\n.osteo-accordion details[open] summary::after{\n  content:\"\u2212\";\n}\n.osteo-accordion-content{\n  padding:28px;\n  background:#f9fcff;\n  line-height:1.8;\n  color:#222;\n  font-size:18px;\n}\n.osteo-accordion-content h2{\n  color:#1177b1;\n  font-size:28px;\n  margin:0 0 14px;\n}\n.osteo-accordion-content h3{\n  color:#1177b1;\n  font-size:22px;\n  margin:24px 0 8px;\n}\n.osteo-accordion-content ul{\n  margin:8px 0 18px 22px;\n}\n.osteo-accordion-content li{\n  margin-bottom:8px;\n}\n.osteo-accordion-content a{\n  color:#1177b1;\n  font-weight:600;\n  text-decoration:none;\n}\n.osteo-accordion-content a:hover{\n  text-decoration:underline;\n}\n<\/style>\n\n<div class=\"osteo-accordion\">\n  <details>\n    <summary>Version texte court<\/summary>\n\n    <div class=\"osteo-accordion-content\">\n\n      <h2><span class=\"ez-toc-section\" id=\"Nevralgies_occipitales_version_courte\"><\/span>N\u00e9vralgies occipitales : version courte<span class=\"ez-toc-section-end\"><\/span><\/h2>\n\n      <p>Une douleur vive \u00e0 l\u2019arri\u00e8re de la t\u00eate, qui part de la nuque et remonte vers le cuir chevelu, peut parfois provenir d\u2019un nerf irrit\u00e9 : les nerfs occipitaux. On parle alors de <strong>n\u00e9vralgie occipitale<\/strong>, aussi appel\u00e9e parfois <strong>n\u00e9vralgie d\u2019Arnold<\/strong> lorsque le grand nerf occipital est impliqu\u00e9. Cette douleur est souvent confondue avec une migraine ou une simple tension cervicale.<\/p>\n\n      <h3><span class=\"ez-toc-section\" id=\"Symptomes_frequents\"><\/span>Sympt\u00f4mes fr\u00e9quents<span class=\"ez-toc-section-end\"><\/span><\/h3>\n      <ul>\n        <li>Douleur en d\u00e9charge \u00e9lectrique<\/li>\n        <li>Br\u00fblure ou \u00e9lancements \u00e0 l\u2019arri\u00e8re du cr\u00e2ne<\/li>\n        <li>Douleur qui remonte vers le sommet de la t\u00eate<\/li>\n        <li>Sensibilit\u00e9 du cuir chevelu<\/li>\n        <li>Douleur d\u2019un seul c\u00f4t\u00e9 ou des deux c\u00f4t\u00e9s<\/li>\n        <li>G\u00eane au brossage des cheveux ou sur l\u2019oreiller<\/li>\n        <li>Raideur du cou associ\u00e9e<\/li>\n      <\/ul>\n\n      <h3><span class=\"ez-toc-section\" id=\"Causes_possibles\"><\/span>Causes possibles<span class=\"ez-toc-section-end\"><\/span><\/h3>\n      <p>Plusieurs facteurs peuvent irriter les nerfs occipitaux :<\/p>\n      <ul>\n        <li>Tensions musculaires de la nuque<\/li>\n        <li>Mauvaise posture prolong\u00e9e<\/li>\n        <li>Travail sur \u00e9cran<\/li>\n        <li>Stress<\/li>\n        <li>Traumatisme cervical<\/li>\n        <li>Arthrose cervicale<\/li>\n        <li>Compression locale du nerf<\/li>\n        <li>Surcharge m\u00e9canique r\u00e9p\u00e9t\u00e9e<\/li>\n      <\/ul>\n\n      <h3><span class=\"ez-toc-section\" id=\"Comment_poser_le_diagnostic\"><\/span>Comment poser le diagnostic ?<span class=\"ez-toc-section-end\"><\/span><\/h3>\n      <p>Le diagnostic repose surtout sur :<\/p>\n      <ul>\n        <li>Description des sympt\u00f4mes<\/li>\n        <li>Localisation de la douleur<\/li>\n        <li>Examen clinique<\/li>\n        <li>Palpation de la base du cr\u00e2ne<\/li>\n        <li>Mobilit\u00e9 cervicale<\/li>\n        <li>Parfois imagerie ou \u00e9valuation m\u00e9dicale compl\u00e9mentaire si n\u00e9cessaire<\/li>\n      <\/ul>\n\n      <h3><span class=\"ez-toc-section\" id=\"Comment_soulager\"><\/span>Comment soulager ?<span class=\"ez-toc-section-end\"><\/span><\/h3>\n      <p>Le traitement d\u00e9pend de la cause. Il peut inclure :<\/p>\n      <ul>\n        <li>Repos relatif<\/li>\n        <li>Correction posturale<\/li>\n        <li>Exercices progressifs<\/li>\n        <li>Mobilit\u00e9 cervicale douce<\/li>\n        <li>Chaleur locale<\/li>\n        <li>Gestion du stress<\/li>\n        <li>Physioth\u00e9rapie<\/li>\n        <li>Th\u00e9rapie manuelle<\/li>\n        <li>M\u00e9dicaments prescrits si n\u00e9cessaire<\/li>\n      <\/ul>\n\n      <h3><span class=\"ez-toc-section\" id=\"Place_de_losteopathie\"><\/span>Place de l\u2019ost\u00e9opathie<span class=\"ez-toc-section-end\"><\/span><\/h3>\n      <p>L\u2019ost\u00e9opathie peut aider \u00e0 r\u00e9duire certaines contraintes m\u00e9caniques en travaillant sur :<\/p>\n      <ul>\n        <li>Mobilit\u00e9 cervicale<\/li>\n        <li>D\u00e9tente musculaire de la nuque<\/li>\n        <li>Haut du dos et \u00e9paules<\/li>\n        <li>Posture globale<\/li>\n        <li>Respiration<\/li>\n        <li>Tensions fasciales<\/li>\n        <li>R\u00e9cup\u00e9ration du mouvement<\/li>\n      <\/ul>\n\n      <h3><span class=\"ez-toc-section\" id=\"Quand_consulter_rapidement\"><\/span>Quand consulter rapidement ?<span class=\"ez-toc-section-end\"><\/span><\/h3>\n      <p>Consultez sans tarder si vous avez :<\/p>\n      <ul>\n        <li>Douleur soudaine inhabituelle et intense<\/li>\n        <li>Fi\u00e8vre<\/li>\n        <li>Faiblesse d\u2019un bras ou d\u2019une jambe<\/li>\n        <li>Troubles de la parole ou de la vision<\/li>\n        <li>Engourdissement important<\/li>\n        <li>Traumatisme r\u00e9cent<\/li>\n        <li>Douleur persistante qui s\u2019aggrave<\/li>\n      <\/ul>\n\n      <h3><span class=\"ez-toc-section\" id=\"En_resume\"><\/span>En r\u00e9sum\u00e9<span class=\"ez-toc-section-end\"><\/span><\/h3>\n      <p>La n\u00e9vralgie occipitale est fr\u00e9quente mais souvent mal reconnue. Lorsqu\u2019elle est bien identifi\u00e9e, des solutions conservatrices peuvent souvent am\u00e9liorer la situation. Une \u00e9valuation pr\u00e9coce aide \u00e0 retrouver plus rapidement du confort.<\/p>\n\n      <p>\n        <a href=\"https:\/\/osteomag.ca\/fr\/nevralgies-occipitales-doul\/\" target=\"_blank\">Voir l\u2019article complet sur OsteoMag<\/a>\n      <\/p>\n\n    <\/div>\n  <\/details>\n<\/div>\n\n\n\n<h2 class=\"wp-block-heading has-white-color has-vivid-cyan-blue-background-color has-text-color has-background has-link-color wp-elements-ba685b031772001fe524d7114d1519b3\"><span class=\"ez-toc-section\" id=\"Introduction_comprendre_une_douleur_qui_commence_a_larriere_de_la_tete\"><\/span><strong><strong>Introduction : comprendre une douleur qui commence \u00e0 l\u2019arri\u00e8re de la t\u00eate<\/strong><\/strong><span class=\"ez-toc-section-end\"><\/span><\/h2>\n\n\n\n<p>Une douleur vive \u00e0 la base du cr\u00e2ne qui remonte vers le cuir chevelu peut \u00eatre le signe d\u2019une <strong>n\u00e9vralgie occipitale<\/strong>, un trouble douloureux li\u00e9 \u00e0 l\u2019irritation d\u2019un nerf situ\u00e9 \u00e0 l\u2019arri\u00e8re de la t\u00eate. Cette affection, parfois appel\u00e9e <strong>n\u00e9vralgie d\u2019Arnold<\/strong>, provoque g\u00e9n\u00e9ralement des douleurs fulgurantes, br\u00fblantes ou \u00e9lectriques qui partent de la nuque et irradient vers le sommet du cr\u00e2ne.<\/p>\n\n\n\n<p>Les nerfs occipitaux prennent naissance au niveau des premi\u00e8res vert\u00e8bres cervicales, principalement autour de <strong>C2 et C3<\/strong>, puis traversent les muscles profonds de la nuque avant d\u2019innerver le cuir chevelu. Lorsque ces nerfs sont comprim\u00e9s ou irrit\u00e9s \u2014 par des tensions musculaires, des troubles posturaux, des traumatismes ou des restrictions articulaires cervicales \u2014 ils peuvent d\u00e9clencher des \u00e9pisodes douloureux parfois tr\u00e8s intenses.<\/p>\n\n\n<div class=\"wp-block-image\">\n<figure class=\"aligncenter size-full is-resized\"><img decoding=\"async\" width=\"421\" height=\"653\" src=\"https:\/\/osteomag.ca\/wp-content\/uploads\/2019\/12\/2025-04-18_21-48-23-3.webp\" alt=\"\" class=\"wp-image-50920\" style=\"width:351px;height:auto\" srcset=\"https:\/\/osteomag.ca\/wp-content\/uploads\/2019\/12\/2025-04-18_21-48-23-3.webp 421w, https:\/\/osteomag.ca\/wp-content\/uploads\/2019\/12\/2025-04-18_21-48-23-3-261x405.webp 261w, https:\/\/osteomag.ca\/wp-content\/uploads\/2019\/12\/2025-04-18_21-48-23-3-52x80.webp 52w, https:\/\/osteomag.ca\/wp-content\/uploads\/2019\/12\/2025-04-18_21-48-23-3-271x420.webp 271w, https:\/\/osteomag.ca\/wp-content\/uploads\/2019\/12\/2025-04-18_21-48-23-3-150x233.webp 150w, https:\/\/osteomag.ca\/wp-content\/uploads\/2019\/12\/2025-04-18_21-48-23-3-300x465.webp 300w\" sizes=\"(max-width: 421px) 100vw, 421px\" \/><\/figure>\n<\/div>\n\n\n<p>La n\u00e9vralgie occipitale est souvent confondue avec d\u2019autres types de maux de t\u00eate, notamment <strong>les migraines ou les c\u00e9phal\u00e9es cervicog\u00e9niques<\/strong>. Pourtant, elle poss\u00e8de des signes caract\u00e9ristiques : douleur localis\u00e9e \u00e0 l\u2019arri\u00e8re de la t\u00eate, sensibilit\u00e9 accrue du cuir chevelu, douleur d\u00e9clench\u00e9e par la pression \u00e0 la base du cr\u00e2ne ou par certains mouvements du cou.<\/p>\n\n\n\n<p>Bien que cette affection puisse \u00eatre impressionnante, elle est le plus souvent li\u00e9e \u00e0 des <strong>causes m\u00e9caniques et fonctionnelles<\/strong>, notamment des tensions des muscles sous-occipitaux ou des d\u00e9s\u00e9quilibres posturaux. Dans de nombreux cas, une prise en charge conservatrice \u2014 incluant correction posturale, th\u00e9rapie manuelle, exercices cibl\u00e9s et gestion du stress \u2014 permet de r\u00e9duire les sympt\u00f4mes et d\u2019am\u00e9liorer durablement la qualit\u00e9 de vie.<\/p>\n\n\n\n<p>Dans cet article, nous explorerons <strong>les causes, les sympt\u00f4mes, le diagnostic et les diff\u00e9rentes approches th\u00e9rapeutiques<\/strong>, y compris l\u2019apport de l\u2019ost\u00e9opathie dans la prise en charge de cette douleur souvent m\u00e9connue mais pourtant fr\u00e9quente.<\/p>\n\n\n\n<div style=\"background:#f4fbf6; border:1px solid #cfe8d7; padding:22px; margin:30px 0; border-radius:10px;\">\n  \n  <div style=\"font-size:14px; font-weight:700; text-transform:uppercase; letter-spacing:0.5px; color:#2e8b57; margin-bottom:12px;\">\n  \u00c0 retenir\n  <\/div>\n\n  <ul style=\"list-style:none; padding:0; margin:0; line-height:1.9; font-size:16px; color:#222;\">\n  \n    <li style=\"margin-bottom:8px;\">\n    <span style=\"color:#2e8b57; font-weight:bold;\">\u2713<\/span> La n\u00e9vralgie occipitale est une douleur nerveuse provenant des nerfs situ\u00e9s \u00e0 l\u2019arri\u00e8re du cr\u00e2ne.\n    <\/li>\n\n    <li style=\"margin-bottom:8px;\">\n    <span style=\"color:#2e8b57; font-weight:bold;\">\u2713<\/span> Elle est le plus souvent li\u00e9e \u00e0 l\u2019irritation du nerf occipital majeur (nerf d\u2019Arnold).\n    <\/li>\n\n    <li style=\"margin-bottom:8px;\">\n    <span style=\"color:#2e8b57; font-weight:bold;\">\u2713<\/span> La douleur se manifeste g\u00e9n\u00e9ralement par des d\u00e9charges \u00e9lectriques ou des br\u00fblures partant de la nuque vers le cuir chevelu.\n    <\/li>\n\n    <li style=\"margin-bottom:8px;\">\n    <span style=\"color:#2e8b57; font-weight:bold;\">\u2713<\/span> Les causes les plus fr\u00e9quentes sont les tensions musculaires, les troubles posturaux et les traumatismes cervicaux.\n    <\/li>\n\n    <li>\n    <span style=\"color:#2e8b57; font-weight:bold;\">\u2713<\/span> Dans la majorit\u00e9 des cas, les traitements conservateurs permettent d\u2019am\u00e9liorer les sympt\u00f4mes.\n    <\/li>\n\n  <\/ul>\n\n<\/div>\n\n\n\n<h2 class=\"wp-block-heading has-white-color has-vivid-cyan-blue-background-color has-text-color has-background has-link-color wp-elements-682583407958a3b248ec60973d4022e8\"><span class=\"ez-toc-section\" id=\"De_lAntiquite_a_aujourdhui_traces_historiques_des_douleurs_occipitales\"><\/span><strong>De l\u2019Antiquit\u00e9 \u00e0 aujourd\u2019hui : traces historiques des douleurs occipitales<\/strong><span class=\"ez-toc-section-end\"><\/span><\/h2>\n\n\n\n<p>L\u2019histoire de la n\u00e9vralgie occipitale ne suit pas une trajectoire clairement d\u00e9finie. Pendant longtemps, cette douleur particuli\u00e8re situ\u00e9e \u00e0 l\u2019arri\u00e8re du cr\u00e2ne n\u2019a pas \u00e9t\u00e9 identifi\u00e9e comme une entit\u00e9 clinique distincte. Elle apparaissait plut\u00f4t dans les \u00e9crits m\u00e9dicaux anciens sous la forme de descriptions g\u00e9n\u00e9rales de c\u00e9phal\u00e9es, de douleurs cervicales ou de \u00ab maux \u00e0 la base de la t\u00eate \u00bb. Cette impr\u00e9cision refl\u00e8te \u00e0 la fois les limites des connaissances anatomiques de l\u2019\u00e9poque et la difficult\u00e9 \u00e0 diff\u00e9rencier les nombreuses causes possibles de douleurs cr\u00e2niennes.<\/p>\n\n\n\n<p>Dans la Gr\u00e8ce antique, Hippocrate mentionne d\u00e9j\u00e0 diverses formes de c\u00e9phal\u00e9es dans ses trait\u00e9s m\u00e9dicaux. Bien que les termes employ\u00e9s ne permettent pas d\u2019identifier avec certitude la n\u00e9vralgie occipitale, certains passages \u00e9voquent des douleurs localis\u00e9es, parfois d\u00e9crites comme vives ou br\u00fblantes. \u00c0 cette \u00e9poque, ces sympt\u00f4mes \u00e9taient interpr\u00e9t\u00e9s selon la th\u00e9orie des humeurs \u2014 un d\u00e9s\u00e9quilibre entre le sang, la bile noire ou le phlegme \u2014 plut\u00f4t que comme une irritation sp\u00e9cifique d\u2019un nerf.<\/p>\n\n\n\n<p>Des descriptions comparables apparaissent \u00e9galement dans les traditions m\u00e9dicales orientales. La m\u00e9decine ayurv\u00e9dique indienne et la m\u00e9decine traditionnelle chinoise mentionnent toutes deux des douleurs situ\u00e9es \u00e0 la nuque ou \u00e0 la base du cr\u00e2ne. Le <strong>Huangdi Neijing<\/strong>, l\u2019un des textes fondateurs de la m\u00e9decine chinoise datant de plus de deux mill\u00e9naires, d\u00e9crit d\u00e9j\u00e0 les relations entre les tensions du cou et les douleurs de la t\u00eate \u00e0 travers la circulation des m\u00e9ridiens \u00e9nerg\u00e9tiques. Bien que ces syst\u00e8mes m\u00e9dicaux n\u2019identifient pas les nerfs occipitaux au sens anatomique moderne, ils t\u00e9moignent d\u2019une reconnaissance ancienne de l\u2019importance de la r\u00e9gion cervico-cr\u00e2nienne dans les douleurs de la t\u00eate.<\/p>\n\n\n\n<p>Il faudra attendre le d\u00e9veloppement de l\u2019anatomie moderne, \u00e0 partir du XVIe si\u00e8cle, pour que les structures nerveuses cervicales soient d\u00e9crites avec pr\u00e9cision. Les travaux d\u2019<strong>Andreas Vesalius<\/strong>, pionnier de l\u2019anatomie scientifique, puis ceux de <strong>Thomas Willis<\/strong> au XVIIe si\u00e8cle, ont permis de mieux comprendre les connexions entre les nerfs spinaux et les structures du cr\u00e2ne. Ces avanc\u00e9es ont progressivement ouvert la voie \u00e0 une compr\u00e9hension neurologique des douleurs cervicales et cr\u00e2niennes.<\/p>\n\n\n<div class=\"wp-block-image\">\n<figure class=\"aligncenter size-large is-resized\"><img decoding=\"async\" width=\"1030\" height=\"687\" src=\"https:\/\/osteomag.ca\/wp-content\/uploads\/2019\/12\/Apr-19-2025-05_48_55-AM-1030x687.webp\" alt=\"\" class=\"wp-image-50954\" style=\"width:673px;height:auto\" srcset=\"https:\/\/osteomag.ca\/wp-content\/uploads\/2019\/12\/Apr-19-2025-05_48_55-AM-1030x687.webp 1030w, https:\/\/osteomag.ca\/wp-content\/uploads\/2019\/12\/Apr-19-2025-05_48_55-AM-540x360.webp 540w, https:\/\/osteomag.ca\/wp-content\/uploads\/2019\/12\/Apr-19-2025-05_48_55-AM-80x53.webp 80w, https:\/\/osteomag.ca\/wp-content\/uploads\/2019\/12\/Apr-19-2025-05_48_55-AM-768x512.webp 768w, https:\/\/osteomag.ca\/wp-content\/uploads\/2019\/12\/Apr-19-2025-05_48_55-AM-630x420.webp 630w, https:\/\/osteomag.ca\/wp-content\/uploads\/2019\/12\/Apr-19-2025-05_48_55-AM-150x100.webp 150w, https:\/\/osteomag.ca\/wp-content\/uploads\/2019\/12\/Apr-19-2025-05_48_55-AM-300x200.webp 300w, https:\/\/osteomag.ca\/wp-content\/uploads\/2019\/12\/Apr-19-2025-05_48_55-AM-600x400.webp 600w, https:\/\/osteomag.ca\/wp-content\/uploads\/2019\/12\/Apr-19-2025-05_48_55-AM-696x464.webp 696w, https:\/\/osteomag.ca\/wp-content\/uploads\/2019\/12\/Apr-19-2025-05_48_55-AM.webp 1536w\" sizes=\"(max-width: 1030px) 100vw, 1030px\" \/><figcaption class=\"wp-element-caption\">Friedrich Arnold (1803\u20131890), m\u00e9decin et anatomiste allemand, est connu pour avoir d\u00e9crit le trajet du nerf occipital majeur, aujourd\u2019hui fr\u00e9quemment impliqu\u00e9 dans une affection connue sous le nom de <strong>n\u00e9vralgie d\u2019Arnold<\/strong>. Ce trouble, caract\u00e9ris\u00e9 par une douleur fulgurante \u00e0 la base du cr\u00e2ne irradiant vers le cuir chevelu, r\u00e9sulte d\u2019une irritation ou d\u2019une compression du nerf dans la r\u00e9gion sub-occipitale. Arnold fut l\u2019un des premiers \u00e0 \u00e9tablir un lien entre les sympt\u00f4mes cliniques de c\u00e9phal\u00e9es post\u00e9rieures et l\u2019irritation du nerf spinal issu de la deuxi\u00e8me vert\u00e8bre cervicale (C2). Son apport anatomique pr\u00e9cis a permis d\u2019\u00e9clairer les causes de douleurs longtemps mal comprises, et a ouvert la voie \u00e0 des approches diagnostiques et th\u00e9rapeutiques modernes, incluant les infiltrations, la neurostimulation ou encore les th\u00e9rapies manuelles. En nommant ce nerf d\u2019apr\u00e8s lui, la m\u00e9decine reconna\u00eet l\u2019importance de ses travaux dans la compr\u00e9hension de la douleur neuropathique cervico-cr\u00e2nienne.<\/figcaption><\/figure>\n<\/div>\n\n\n<p>Au XIXe si\u00e8cle, avec l\u2019essor de la neurologie clinique, certaines douleurs situ\u00e9es \u00e0 l\u2019arri\u00e8re de la t\u00eate commencent \u00e0 \u00eatre associ\u00e9es \u00e0 l\u2019irritation des nerfs cervicaux. C\u2019est dans ce contexte que le terme de <strong>\u00ab n\u00e9vralgie d\u2019Arnold \u00bb<\/strong> appara\u00eet dans la litt\u00e9rature m\u00e9dicale, en r\u00e9f\u00e9rence \u00e0 l\u2019anatomiste allemand <strong>Friedrich Arnold (1803\u20131890)<\/strong>, qui d\u00e9crivit avec pr\u00e9cision le trajet du nerf occipital majeur issu de la racine cervicale C2.<\/p>\n\n\n\n<p>Les travaux d\u2019Arnold ont permis d\u2019\u00e9tablir un lien entre certaines c\u00e9phal\u00e9es post\u00e9rieures et l\u2019irritation de ce nerf situ\u00e9 dans la r\u00e9gion sous-occipitale. Cette d\u00e9couverte anatomique a profond\u00e9ment influenc\u00e9 la compr\u00e9hension des douleurs cervico-cr\u00e2niennes et a ouvert la voie \u00e0 des approches diagnostiques et th\u00e9rapeutiques cibl\u00e9es, incluant les infiltrations nerveuses, la neurostimulation ou les th\u00e9rapies manuelles.<\/p>\n\n\n\n<p>Au cours du XXe si\u00e8cle, les progr\u00e8s de l\u2019imagerie m\u00e9dicale et de la neuroanatomie ont permis d\u2019affiner cette compr\u00e9hension. On sait aujourd\u2019hui que la n\u00e9vralgie occipitale peut r\u00e9sulter non seulement d\u2019une irritation directe du nerf, mais aussi de tensions musculaires, de dysfonctions articulaires cervicales ou de contraintes posturales prolong\u00e9es.<\/p>\n\n\n\n<p>Malgr\u00e9 ces avanc\u00e9es, la n\u00e9vralgie occipitale reste encore parfois sous-diagnostiqu\u00e9e ou confondue avec d\u2019autres types de c\u00e9phal\u00e9es, notamment les migraines cervicog\u00e9niques. Son histoire illustre ainsi l\u2019\u00e9volution progressive des connaissances m\u00e9dicales : d\u2019une douleur longtemps mal comprise \u00e0 une affection aujourd\u2019hui mieux identifi\u00e9e gr\u00e2ce aux progr\u00e8s de l\u2019anatomie et de la neurologie<\/p>\n\n\n\n<h2 class=\"wp-block-heading has-white-color has-vivid-cyan-blue-background-color has-text-color has-background has-link-color wp-elements-72ffee94699775cbd3358836d84cc9cd\"><span class=\"ez-toc-section\" id=\"Quest-ce_quune_nevralgie_occipitale\"><\/span><strong>Qu\u2019est-ce qu\u2019une n\u00e9vralgie occipitale ?<\/strong><span class=\"ez-toc-section-end\"><\/span><\/h2>\n\n\n\n<p>La n\u00e9vralgie occipitale est une douleur neuropathique qui provient de l\u2019irritation ou de la compression d\u2019un ou plusieurs <strong>nerfs occipitaux<\/strong>, situ\u00e9s \u00e0 l\u2019arri\u00e8re de la t\u00eate. Ces nerfs jouent un r\u00f4le essentiel dans la transmission des sensations provenant du cuir chevelu vers le cerveau. Lorsqu\u2019ils deviennent irrit\u00e9s ou comprim\u00e9s, ils peuvent provoquer des douleurs caract\u00e9ristiques qui partent de la base du cr\u00e2ne et remontent vers le sommet de la t\u00eate.<\/p>\n\n\n\n<p>Le nerf le plus souvent impliqu\u00e9 est le <strong>nerf occipital majeur<\/strong>, parfois appel\u00e9 <strong>nerf d\u2019Arnold<\/strong>. Ce nerf prend naissance \u00e0 partir de la racine nerveuse <strong>C2<\/strong> de la colonne cervicale. Apr\u00e8s son \u00e9mergence entre les vert\u00e8bres cervicales hautes, il traverse les muscles profonds de la nuque, notamment les muscles sous-occipitaux, avant de remonter vers le cuir chevelu. Ce trajet anatomique relativement \u00e9troit le rend particuli\u00e8rement sensible aux tensions musculaires, aux restrictions articulaires et aux pressions m\u00e9caniques.<\/p>\n\n\n\n<p>La douleur associ\u00e9e \u00e0 la n\u00e9vralgie occipitale poss\u00e8de des caract\u00e9ristiques assez sp\u00e9cifiques. Les patients d\u00e9crivent souvent une sensation de <strong>d\u00e9charge \u00e9lectrique, de br\u00fblure ou de douleur lancinante<\/strong> qui d\u00e9bute \u00e0 la base du cr\u00e2ne et peut irradier vers le sommet de la t\u00eate, derri\u00e8re les oreilles ou parfois jusque vers la r\u00e9gion temporale. Cette douleur peut appara\u00eetre par crises br\u00e8ves mais intenses, ou se manifester sous forme d\u2019une g\u00eane persistante accompagn\u00e9e d\u2019une hypersensibilit\u00e9 du cuir chevelu.<\/p>\n\n\n\n<p>Contrairement \u00e0 certaines c\u00e9phal\u00e9es plus diffuses, la n\u00e9vralgie occipitale est g\u00e9n\u00e9ralement <strong>localis\u00e9e et reproductible<\/strong>. Une pression appliqu\u00e9e sur la zone de sortie du nerf occipital \u00e0 la base du cr\u00e2ne peut parfois d\u00e9clencher ou reproduire la douleur. Dans certains cas, le simple contact avec le cuir chevelu, comme le passage d\u2019une brosse \u00e0 cheveux ou l\u2019appui de la t\u00eate sur un oreiller, peut devenir inconfortable.<\/p>\n\n\n\n<p>Il est important de noter que la n\u00e9vralgie occipitale est souvent <strong>confondue avec d\u2019autres types de maux de t\u00eate<\/strong>, notamment les migraines ou les c\u00e9phal\u00e9es cervicog\u00e9niques. Pourtant, ces conditions diff\u00e8rent par leurs m\u00e9canismes. Alors que la migraine implique des processus neurologiques plus complexes li\u00e9s aux vaisseaux et au syst\u00e8me trig\u00e9mino-vasculaire, la n\u00e9vralgie occipitale est avant tout li\u00e9e \u00e0 une <strong>irritation m\u00e9canique ou fonctionnelle d\u2019un nerf p\u00e9riph\u00e9rique<\/strong>.<\/p>\n\n\n\n<p>Dans de nombreux cas, cette irritation est favoris\u00e9e par des facteurs m\u00e9caniques tels que les <strong>tensions musculaires chroniques de la nuque, les troubles posturaux, les traumatismes cervicaux ou certaines modifications d\u00e9g\u00e9n\u00e9ratives de la colonne cervicale<\/strong>. Les modes de vie modernes, marqu\u00e9s par le travail prolong\u00e9 sur \u00e9cran et les postures statiques, peuvent \u00e9galement contribuer \u00e0 surcharger la r\u00e9gion cervico-occipitale.<\/p>\n\n\n\n<p>Bien que la douleur puisse \u00eatre impressionnante, la n\u00e9vralgie occipitale est g\u00e9n\u00e9ralement <strong>une affection b\u00e9nigne<\/strong>, et de nombreux patients obtiennent un soulagement gr\u00e2ce \u00e0 des approches conservatrices telles que la th\u00e9rapie manuelle, la correction posturale, les exercices cervicaux et, dans certains cas, certains traitements m\u00e9dicaux cibl\u00e9s. Une compr\u00e9hension claire de cette condition permet ainsi d\u2019orienter la prise en charge vers des solutions adapt\u00e9es et souvent efficaces.<\/p>\n\n\n\n<h2 class=\"wp-block-heading has-white-color has-vivid-cyan-blue-background-color has-text-color has-background has-link-color wp-elements-a2297404ec4898032cae7146cab5f1f3\"><span class=\"ez-toc-section\" id=\"Ou_se_situe_la_douleur_de_la_nevralgie_occipitale\"><\/span><strong><strong>O\u00f9 se situe la douleur de la n\u00e9vralgie occipitale ?<\/strong><\/strong><span class=\"ez-toc-section-end\"><\/span><\/h2>\n\n\n\n<figure class=\"wp-block-image size-large\"><img decoding=\"async\" width=\"1030\" height=\"694\" src=\"https:\/\/osteomag.ca\/wp-content\/uploads\/2019\/12\/cropped-image-1772828242375we40d-1030x694.webp\" alt=\"\" class=\"wp-image-56036\" srcset=\"https:\/\/osteomag.ca\/wp-content\/uploads\/2019\/12\/cropped-image-1772828242375we40d-1030x694.webp 1030w, https:\/\/osteomag.ca\/wp-content\/uploads\/2019\/12\/cropped-image-1772828242375we40d-540x364.webp 540w, https:\/\/osteomag.ca\/wp-content\/uploads\/2019\/12\/cropped-image-1772828242375we40d-80x54.webp 80w, https:\/\/osteomag.ca\/wp-content\/uploads\/2019\/12\/cropped-image-1772828242375we40d-768x518.webp 768w, https:\/\/osteomag.ca\/wp-content\/uploads\/2019\/12\/cropped-image-1772828242375we40d-623x420.webp 623w, https:\/\/osteomag.ca\/wp-content\/uploads\/2019\/12\/cropped-image-1772828242375we40d-150x101.webp 150w, https:\/\/osteomag.ca\/wp-content\/uploads\/2019\/12\/cropped-image-1772828242375we40d-300x202.webp 300w, https:\/\/osteomag.ca\/wp-content\/uploads\/2019\/12\/cropped-image-1772828242375we40d-600x404.webp 600w, https:\/\/osteomag.ca\/wp-content\/uploads\/2019\/12\/cropped-image-1772828242375we40d-696x469.webp 696w, https:\/\/osteomag.ca\/wp-content\/uploads\/2019\/12\/cropped-image-1772828242375we40d-1068x720.webp 1068w, https:\/\/osteomag.ca\/wp-content\/uploads\/2019\/12\/cropped-image-1772828242375we40d.webp 1519w\" sizes=\"(max-width: 1030px) 100vw, 1030px\" \/><\/figure>\n\n\n\n<p>La douleur de la n\u00e9vralgie occipitale appara\u00eet g\u00e9n\u00e9ralement <strong>\u00e0 la base du cr\u00e2ne<\/strong>, dans la r\u00e9gion situ\u00e9e entre la nuque et l\u2019arri\u00e8re de la t\u00eate. Elle peut ensuite remonter le long du cuir chevelu en suivant le trajet des nerfs occipitaux.<\/p>\n\n\n\n<p>Chez de nombreux patients, la douleur commence pr\u00e8s de la jonction entre le cr\u00e2ne et la colonne cervicale, puis irradie progressivement vers diff\u00e9rentes zones de la t\u00eate.<\/p>\n\n\n\n<p>Les zones les plus fr\u00e9quemment touch\u00e9es sont :<\/p>\n\n\n\n<ul class=\"wp-block-list\">\n<li>la base du cr\u00e2ne (r\u00e9gion occipitale)<\/li>\n\n\n\n<li>l\u2019arri\u00e8re de la t\u00eate<\/li>\n\n\n\n<li>le sommet du cr\u00e2ne<\/li>\n\n\n\n<li>la r\u00e9gion derri\u00e8re l\u2019oreille<\/li>\n\n\n\n<li>parfois la r\u00e9gion temporale<\/li>\n<\/ul>\n\n\n\n<p>Dans certains cas, la douleur peut \u00eatre ressentie d\u2019un seul c\u00f4t\u00e9 de la t\u00eate, mais elle peut \u00e9galement toucher les deux c\u00f4t\u00e9s lorsque plusieurs nerfs sont impliqu\u00e9s.<\/p>\n\n\n\n<p>Cette distribution correspond directement au territoire sensoriel des <strong>nerfs occipitaux<\/strong>, qui transmettent les informations provenant du cuir chevelu vers le cerveau.<\/p>\n\n\n\n<h2 class=\"wp-block-heading has-white-color has-vivid-cyan-blue-background-color has-text-color has-background has-link-color wp-elements-7dfa0d48cb9c55ebf374698c36aad472\"><span class=\"ez-toc-section\" id=\"Anatomie_des_nerfs_occipitaux_comprendre_le_role_du_nerf_dArnold\"><\/span><strong>Anatomie des nerfs occipitaux : comprendre le r\u00f4le du nerf d\u2019Arnold<\/strong><span class=\"ez-toc-section-end\"><\/span><\/h2>\n\n\n\n<p>Pour comprendre l\u2019origine des n\u00e9vralgies occipitales, il est essentiel d\u2019explorer l\u2019anatomie des <strong>nerfs occipitaux<\/strong>, v\u00e9ritables messagers sensoriels reliant la nuque au cuir chevelu. Ces nerfs transmettent au cerveau les informations sensitives provenant de la partie post\u00e9rieure de la t\u00eate. Lorsqu\u2019ils sont irrit\u00e9s ou comprim\u00e9s, ils peuvent devenir la source d\u2019une douleur intense caract\u00e9ristique, souvent ressentie comme une d\u00e9charge \u00e9lectrique remontant de la nuque vers le sommet du cr\u00e2ne.<\/p>\n\n\n\n<h3 class=\"wp-block-heading has-vivid-cyan-blue-color has-text-color has-link-color wp-elements-8f5166811c1487bac476384f4c1a991a\"><span class=\"ez-toc-section\" id=\"Le_nerf_occipital_majeur_le_nerf_dArnold\"><\/span><strong>Le nerf occipital majeur : le nerf d\u2019Arnold<\/strong><span class=\"ez-toc-section-end\"><\/span><\/h3>\n\n\n\n<p>Le principal acteur de la n\u00e9vralgie occipitale est le <strong>nerf occipital majeur<\/strong>, \u00e9galement appel\u00e9 <strong>nerf d\u2019Arnold<\/strong>. Ce nerf provient de la <strong>branche dorsale de la racine nerveuse C2<\/strong>, situ\u00e9e dans la partie sup\u00e9rieure de la colonne cervicale. Apr\u00e8s son \u00e9mergence entre les vert\u00e8bres cervicales hautes, il entame un trajet complexe \u00e0 travers les structures musculaires et fasciales de la nuque.<\/p>\n\n\n\n<p>Son parcours anatomique comprend plusieurs \u00e9tapes importantes :<\/p>\n\n\n\n<ol class=\"wp-block-list\">\n<li><strong>Origine cervicale<\/strong><br>Le nerf occipital majeur prend naissance au niveau de la deuxi\u00e8me vert\u00e8bre cervicale (C2). Cette r\u00e9gion correspond \u00e0 une zone cl\u00e9 de mobilit\u00e9 du cou, situ\u00e9e entre l\u2019atlas (C1) et l\u2019axis (C2).<\/li>\n\n\n\n<li><strong>Passage entre les muscles profonds de la nuque<\/strong><br>Apr\u00e8s son \u00e9mergence, le nerf traverse les muscles sous-occipitaux, notamment le muscle <strong>oblique inf\u00e9rieur de la t\u00eate<\/strong>. Cette zone anatomique \u00e9troite est particuli\u00e8rement sensible aux tensions musculaires.<\/li>\n\n\n\n<li><strong>Travers\u00e9e du muscle semi-\u00e9pineux de la t\u00eate<\/strong><br>Le nerf poursuit son trajet vers le haut en perforant le muscle <strong>semi-\u00e9pineux de la t\u00eate<\/strong>, puis le fascia cervical profond.<\/li>\n\n\n\n<li><strong>\u00c9mergence au niveau du cuir chevelu<\/strong><br>Finalement, il atteint la surface du cuir chevelu, o\u00f9 il assure l\u2019innervation sensorielle d\u2019une grande partie de la r\u00e9gion occipitale et du sommet de la t\u00eate.<\/li>\n<\/ol>\n\n\n\n<p>Ce trajet relativement long et sinueux expose le nerf \u00e0 plusieurs points potentiels de compression ou d\u2019irritation. Les tensions musculaires, les spasmes ou les restrictions fasciales peuvent facilement exercer une pression sur ce nerf et provoquer la douleur typique de la n\u00e9vralgie d\u2019Arnold.<\/p>\n\n\n\n<h3 class=\"wp-block-heading has-vivid-cyan-blue-color has-text-color has-link-color wp-elements-659b60f90262f81292c5bf5ead753cf4\"><span class=\"ez-toc-section\" id=\"Le_nerf_occipital_mineur\"><\/span><strong>Le nerf occipital mineur<\/strong><span class=\"ez-toc-section-end\"><\/span><\/h3>\n\n\n\n<p>Un second nerf joue \u00e9galement un r\u00f4le dans la sensibilit\u00e9 de l\u2019arri\u00e8re du cr\u00e2ne : le <strong>nerf occipital mineur<\/strong>. Celui-ci provient du <strong>plexus cervical<\/strong>, g\u00e9n\u00e9ralement des racines <strong>C2 et C3<\/strong>. Contrairement au nerf occipital majeur, il chemine le long du bord post\u00e9rieur du <strong>muscle sterno-cl\u00e9ido-masto\u00efdien<\/strong> avant d\u2019innerver la r\u00e9gion lat\u00e9rale du cuir chevelu, derri\u00e8re l\u2019oreille.<\/p>\n\n\n\n<p>Lorsque ce nerf est impliqu\u00e9, la douleur peut \u00eatre ressentie davantage sur le c\u00f4t\u00e9 de la t\u00eate, pr\u00e8s de la r\u00e9gion masto\u00efdienne.<\/p>\n\n\n\n<h3 class=\"wp-block-heading has-vivid-cyan-blue-color has-text-color has-link-color wp-elements-9e16366b1a7b3efc3ca93dad21e425ec\"><span class=\"ez-toc-section\" id=\"Le_nerf_occipital_troisieme_ou_nerf_occipital_inferieur\"><\/span><strong>Le nerf occipital troisi\u00e8me (ou nerf occipital inf\u00e9rieur)<\/strong><span class=\"ez-toc-section-end\"><\/span><\/h3>\n\n\n\n<p>Un troisi\u00e8me nerf peut parfois \u00eatre impliqu\u00e9 dans les douleurs occipitales : le <strong>troisi\u00e8me nerf occipital<\/strong>, issu de la racine <strong>C3<\/strong>. Il innerve une petite zone de la partie inf\u00e9rieure de l\u2019occiput. Bien que son r\u00f4le soit plus discret, il peut contribuer \u00e0 certaines douleurs cervico-occipitales.<\/p>\n\n\n\n<h3 class=\"wp-block-heading has-vivid-cyan-blue-color has-text-color has-link-color wp-elements-7f47bcd5b6bffc55f35538eb8d42eab7\"><span class=\"ez-toc-section\" id=\"Une_region_anatomique_particulierement_sensible\"><\/span><strong>Une r\u00e9gion anatomique particuli\u00e8rement sensible<\/strong><span class=\"ez-toc-section-end\"><\/span><\/h3>\n\n\n\n<p>La r\u00e9gion cervico-occipitale est un v\u00e9ritable <strong>carrefour anatomique<\/strong> o\u00f9 se rencontrent :<\/p>\n\n\n\n<ul class=\"wp-block-list\">\n<li>les vert\u00e8bres cervicales sup\u00e9rieures (C1 et C2),<\/li>\n\n\n\n<li>les muscles sous-occipitaux responsables des mouvements fins de la t\u00eate,<\/li>\n\n\n\n<li>les fascias cervicaux,<\/li>\n\n\n\n<li>les nerfs occipitaux.<\/li>\n<\/ul>\n\n\n\n<p>Cette proximit\u00e9 explique pourquoi des tensions musculaires ou des dysfonctionnements articulaires peuvent rapidement influencer les nerfs. Les muscles sous-occipitaux, par exemple, travaillent en permanence pour stabiliser la t\u00eate et orienter le regard. Une posture prolong\u00e9e t\u00eate en avant, un stress chronique ou une fatigue visuelle peuvent augmenter leur tonus et cr\u00e9er un environnement propice \u00e0 la compression nerveuse.<\/p>\n\n\n\n<h3 class=\"wp-block-heading has-vivid-cyan-blue-color has-text-color has-link-color wp-elements-496b87de1329d0a02b55d205c0777fc9\"><span class=\"ez-toc-section\" id=\"Une_anatomie_qui_explique_la_douleur\"><\/span><strong>Une anatomie qui explique la douleur<\/strong><span class=\"ez-toc-section-end\"><\/span><\/h3>\n\n\n\n<p>L\u2019anatomie du nerf d\u2019Arnold permet de comprendre pourquoi la douleur de la n\u00e9vralgie occipitale poss\u00e8de un trajet si caract\u00e9ristique. Lorsque le nerf est irrit\u00e9, la douleur suit g\u00e9n\u00e9ralement son chemin naturel : <strong>de la base du cr\u00e2ne vers le cuir chevelu et parfois jusqu\u2019au sommet de la t\u00eate<\/strong>. Cette irradiation correspond directement \u00e0 la zone cutan\u00e9e qu\u2019il innerve.<\/p>\n\n\n\n<p>Ainsi, comprendre l\u2019anatomie des nerfs occipitaux permet non seulement d\u2019expliquer les sympt\u00f4mes observ\u00e9s chez les patients, mais aussi de mieux orienter les approches th\u00e9rapeutiques. Les traitements visant \u00e0 <strong>r\u00e9duire les tensions musculaires, am\u00e9liorer la mobilit\u00e9 cervicale et diminuer la compression nerveuse<\/strong> s\u2019appuient directement sur cette connaissance anatomique pr\u00e9cise.centuer la pression sur les nerfs voisins.<\/p>\n\n\n\n<figure class=\"wp-block-image size-large\"><img decoding=\"async\" width=\"1030\" height=\"687\" src=\"https:\/\/osteomag.ca\/wp-content\/uploads\/2019\/12\/ChatGPT-Image-Feb-27-2026-03_47_53-AM-1-1030x687.webp\" alt=\"\" class=\"wp-image-55708\" srcset=\"https:\/\/osteomag.ca\/wp-content\/uploads\/2019\/12\/ChatGPT-Image-Feb-27-2026-03_47_53-AM-1-1030x687.webp 1030w, https:\/\/osteomag.ca\/wp-content\/uploads\/2019\/12\/ChatGPT-Image-Feb-27-2026-03_47_53-AM-1-540x360.webp 540w, https:\/\/osteomag.ca\/wp-content\/uploads\/2019\/12\/ChatGPT-Image-Feb-27-2026-03_47_53-AM-1-80x53.webp 80w, https:\/\/osteomag.ca\/wp-content\/uploads\/2019\/12\/ChatGPT-Image-Feb-27-2026-03_47_53-AM-1-768x512.webp 768w, https:\/\/osteomag.ca\/wp-content\/uploads\/2019\/12\/ChatGPT-Image-Feb-27-2026-03_47_53-AM-1-630x420.webp 630w, https:\/\/osteomag.ca\/wp-content\/uploads\/2019\/12\/ChatGPT-Image-Feb-27-2026-03_47_53-AM-1-150x100.webp 150w, https:\/\/osteomag.ca\/wp-content\/uploads\/2019\/12\/ChatGPT-Image-Feb-27-2026-03_47_53-AM-1-300x200.webp 300w, https:\/\/osteomag.ca\/wp-content\/uploads\/2019\/12\/ChatGPT-Image-Feb-27-2026-03_47_53-AM-1-600x400.webp 600w, https:\/\/osteomag.ca\/wp-content\/uploads\/2019\/12\/ChatGPT-Image-Feb-27-2026-03_47_53-AM-1-696x464.webp 696w, https:\/\/osteomag.ca\/wp-content\/uploads\/2019\/12\/ChatGPT-Image-Feb-27-2026-03_47_53-AM-1-1068x712.webp 1068w, https:\/\/osteomag.ca\/wp-content\/uploads\/2019\/12\/ChatGPT-Image-Feb-27-2026-03_47_53-AM-1.webp 1536w\" sizes=\"(max-width: 1030px) 100vw, 1030px\" \/><figcaption class=\"wp-element-caption\">Cette illustration anatomique en vue post\u00e9rieure met en \u00e9vidence la r\u00e9gion cervico-occipitale, zone cl\u00e9 impliqu\u00e9e dans la n\u00e9vralgie occipitale, aussi appel\u00e9e n\u00e9vralgie d\u2019Arnold. On y observe le trajet du nerf occipital majeur (issu principalement de la racine C2), qui \u00e9merge entre les vert\u00e8bres cervicales hautes, traverse les muscles sub-occipitaux, puis remonte vers le cuir chevelu. Les structures musculaires profondes \u2014 petit et grand droit post\u00e9rieur de la t\u00eate, obliques sup\u00e9rieur et inf\u00e9rieur \u2014 apparaissent en rouge, soulignant leur r\u00f4le dans la stabilisation fine de la jonction cr\u00e2nio-cervicale. Les vert\u00e8bres C1 (atlas) et C2 (axis) sont visibles au centre, illustrant leur position strat\u00e9gique dans la mobilit\u00e9 de la t\u00eate et dans le passage des structures nerveuses.<br>Cette repr\u00e9sentation permet de comprendre comment une hypertonie musculaire, une restriction articulaire ou un \u00e9paississement fascial peuvent exercer une pression m\u00e9canique sur le nerf occipital, favorisant douleur, br\u00fblure ou d\u00e9charges \u00e9lectriques irradiant vers le sommet du cr\u00e2ne. Elle met \u00e9galement en lumi\u00e8re la proximit\u00e9 anatomique entre nerfs, muscles et structures osseuses, expliquant la sensibilit\u00e9 particuli\u00e8re de cette r\u00e9gion aux d\u00e9s\u00e9quilibres posturaux prolong\u00e9s, aux microtraumatismes ou au stress chronique.<br>En visualisant clairement ces rapports anatomiques, le lecteur peut mieux saisir les m\u00e9canismes m\u00e9caniques et fonctionnels \u00e0 l\u2019origine de la douleur, ainsi que la logique des approches th\u00e9rapeutiques visant \u00e0 restaurer mobilit\u00e9, d\u00e9tente musculaire et \u00e9quilibre tissulaire.<\/figcaption><\/figure>\n\n\n\n<h2 class=\"wp-block-heading has-white-color has-vivid-cyan-blue-background-color has-text-color has-background has-link-color wp-elements-406c2c1daa2243af31070edcb6ce04aa\"><span class=\"ez-toc-section\" id=\"Pourquoi_ces_nerfs_deviennent_douloureux_mecanismes_dirritation_nerveuse\"><\/span><strong>Pourquoi ces nerfs deviennent douloureux : m\u00e9canismes d\u2019irritation nerveuse<\/strong><span class=\"ez-toc-section-end\"><\/span><\/h2>\n\n\n\n<p>Comprendre les causes m\u00e9caniques et fonctionnelles de l\u2019irritation nerveuse<\/p>\n\n\n\n<p>La n\u00e9vralgie occipitale appara\u00eet lorsque les nerfs situ\u00e9s \u00e0 l\u2019arri\u00e8re de la t\u00eate deviennent <strong>irrit\u00e9s, comprim\u00e9s ou hypersensibilis\u00e9s<\/strong>. Bien que ces nerfs soient con\u00e7us pour transmettre des informations sensitives normales provenant du cuir chevelu, certaines conditions m\u00e9caniques ou fonctionnelles peuvent perturber leur fonctionnement. Lorsque cela se produit, les signaux nerveux deviennent anormalement amplifi\u00e9s, et le cerveau interpr\u00e8te ces messages comme une douleur intense.<\/p>\n\n\n\n<p>Pour comprendre pourquoi ces nerfs deviennent douloureux, il faut examiner les <strong>m\u00e9canismes physiopathologiques<\/strong> impliqu\u00e9s dans l\u2019irritation nerveuse.<\/p>\n\n\n\n<h3 class=\"wp-block-heading has-vivid-cyan-blue-color has-text-color has-link-color wp-elements-0040e2a2b3fc560d73194f202e703c03\"><span class=\"ez-toc-section\" id=\"Compression_mecanique_du_nerf\"><\/span><strong>Compression m\u00e9canique du nerf<\/strong><span class=\"ez-toc-section-end\"><\/span><\/h3>\n\n\n\n<p>L\u2019un des m\u00e9canismes les plus fr\u00e9quents est la <strong>compression m\u00e9canique<\/strong> du nerf occipital. Comme nous l\u2019avons vu, le nerf d\u2019Arnold traverse plusieurs structures musculaires et fasciales dans la nuque avant d\u2019atteindre le cuir chevelu. Ce trajet anatomique \u00e9troit comporte plusieurs zones o\u00f9 le nerf peut \u00eatre comprim\u00e9.<\/p>\n\n\n\n<p>Les points de compression les plus fr\u00e9quents sont :<\/p>\n\n\n\n<ul class=\"wp-block-list\">\n<li>le passage entre les muscles sous-occipitaux<\/li>\n\n\n\n<li>la travers\u00e9e du muscle semi-\u00e9pineux de la t\u00eate<\/li>\n\n\n\n<li>la perforation du fascia cervical profond<\/li>\n<\/ul>\n\n\n\n<p>Lorsque ces tissus deviennent tendus, \u00e9paissis ou inflamm\u00e9s, ils peuvent exercer une pression sur le nerf. Cette compression perturbe la conduction normale des signaux nerveux et peut d\u00e9clencher des douleurs caract\u00e9ristiques.<\/p>\n\n\n\n<h3 class=\"wp-block-heading has-vivid-cyan-blue-color has-text-color has-link-color wp-elements-843389acc84fd13662df3241ad492f33\"><span class=\"ez-toc-section\" id=\"Hypertonie_musculaire_des_muscles_sous-occipitaux\"><\/span><strong>Hypertonie musculaire des muscles sous-occipitaux<\/strong><span class=\"ez-toc-section-end\"><\/span><\/h3>\n\n\n\n<p>Les muscles sous-occipitaux jouent un r\u00f4le important dans la stabilisation et les mouvements fins de la t\u00eate. Ces petits muscles sont constamment sollicit\u00e9s pour maintenir l\u2019orientation du regard et la posture de la t\u00eate.<\/p>\n\n\n\n<p>Dans certaines situations, ces muscles peuvent devenir <strong>chroniquement contract\u00e9s<\/strong>. Cette hypertonie musculaire peut \u00eatre provoqu\u00e9e par :<\/p>\n\n\n\n<ul class=\"wp-block-list\">\n<li>une posture prolong\u00e9e t\u00eate en avant<\/li>\n\n\n\n<li>le travail prolong\u00e9 sur \u00e9cran<\/li>\n\n\n\n<li>le stress et la tension \u00e9motionnelle<\/li>\n\n\n\n<li>la fatigue visuelle<\/li>\n<\/ul>\n\n\n\n<p>Lorsque ces muscles restent contract\u00e9s pendant de longues p\u00e9riodes, ils peuvent comprimer ou irriter les nerfs qui passent \u00e0 proximit\u00e9. Cette tension musculaire constitue l\u2019un des m\u00e9canismes les plus fr\u00e9quents de la n\u00e9vralgie occipitale.<\/p>\n\n\n\n<h3 class=\"wp-block-heading has-vivid-cyan-blue-color has-text-color has-link-color wp-elements-2d24981b8987142b66dc06a05a414ca5\"><span class=\"ez-toc-section\" id=\"Restriction_articulaire_cervicale\"><\/span><strong>Restriction articulaire cervicale<\/strong><span class=\"ez-toc-section-end\"><\/span><\/h3>\n\n\n\n<p>Les articulations des vert\u00e8bres cervicales sup\u00e9rieures, en particulier celles situ\u00e9es entre <strong>C1 et C2<\/strong>, jouent un r\u00f4le essentiel dans la mobilit\u00e9 de la t\u00eate. Lorsque ces articulations perdent de leur mobilit\u00e9 \u2014 en raison d\u2019un traumatisme, d\u2019une inflammation ou d\u2019un d\u00e9s\u00e9quilibre m\u00e9canique \u2014 les contraintes exerc\u00e9es sur les tissus environnants peuvent augmenter.<\/p>\n\n\n\n<p>Ces restrictions articulaires peuvent modifier la tension des muscles et des fascias voisins, cr\u00e9ant un environnement favorable \u00e0 l\u2019irritation du nerf occipital. La perte de mobilit\u00e9 cervicale peut \u00e9galement entra\u00eener une surcharge des muscles sous-occipitaux, amplifiant le ph\u00e9nom\u00e8ne de compression nerveuse.<\/p>\n\n\n\n<h3 class=\"wp-block-heading has-vivid-cyan-blue-color has-text-color has-link-color wp-elements-84d8c98f8c0d5b91b2b30d8c6599f74a\"><span class=\"ez-toc-section\" id=\"Inflammation_et_hypersensibilisation_nerveuse\"><\/span><strong>Inflammation et hypersensibilisation nerveuse<\/strong><span class=\"ez-toc-section-end\"><\/span><\/h3>\n\n\n\n<p>Lorsqu\u2019un nerf est irrit\u00e9 pendant une p\u00e9riode prolong\u00e9e, il peut devenir <strong>hypersensible<\/strong>. Ce ph\u00e9nom\u00e8ne, appel\u00e9 <strong>sensibilisation nerveuse<\/strong>, signifie que le nerf r\u00e9agit de mani\u00e8re excessive \u00e0 des stimuli qui seraient normalement indolores.<\/p>\n\n\n\n<p>Cette hypersensibilisation peut provoquer :<\/p>\n\n\n\n<ul class=\"wp-block-list\">\n<li>une douleur au simple contact du cuir chevelu<\/li>\n\n\n\n<li>une sensation de br\u00fblure ou de picotement<\/li>\n\n\n\n<li>des d\u00e9charges douloureuses spontan\u00e9es<\/li>\n<\/ul>\n\n\n\n<p>Dans ce contexte, m\u00eame de petites pressions ou des mouvements du cou peuvent d\u00e9clencher une douleur importante.<\/p>\n\n\n\n<h3 class=\"wp-block-heading has-vivid-cyan-blue-color has-text-color has-link-color wp-elements-1c46297868b0c18271a307025d5b295f\"><span class=\"ez-toc-section\" id=\"Facteurs_posturaux_et_contraintes_repetitives\"><\/span><strong>Facteurs posturaux et contraintes r\u00e9p\u00e9titives<\/strong><span class=\"ez-toc-section-end\"><\/span><\/h3>\n\n\n\n<p>Les habitudes de vie modernes peuvent \u00e9galement favoriser l\u2019apparition de n\u00e9vralgies occipitales. Le travail prolong\u00e9 devant un ordinateur, l\u2019utilisation fr\u00e9quente du t\u00e9l\u00e9phone portable ou la conduite prolong\u00e9e peuvent maintenir la t\u00eate dans une position inclin\u00e9e vers l\u2019avant pendant de longues p\u00e9riodes.<\/p>\n\n\n\n<p>Cette posture augmente consid\u00e9rablement la charge m\u00e9canique exerc\u00e9e sur la r\u00e9gion cervicale. Avec le temps, les muscles de la nuque se fatiguent, se contractent et deviennent plus susceptibles de comprimer les nerfs occipitaux.<\/p>\n\n\n\n<h3 class=\"wp-block-heading has-vivid-cyan-blue-color has-text-color has-link-color wp-elements-904f8e7aedd47f7e6a758a09e6ec2c43\"><span class=\"ez-toc-section\" id=\"Traumatisme_cervical\"><\/span><strong>Traumatisme cervical<\/strong><span class=\"ez-toc-section-end\"><\/span><\/h3>\n\n\n\n<p>Un traumatisme cervical, m\u00eame relativement l\u00e9ger, peut \u00e9galement d\u00e9clencher une n\u00e9vralgie occipitale. Les accidents de voiture, les chutes ou les mouvements brusques du cou peuvent provoquer une irritation des structures nerveuses ou des tensions musculaires persistantes.<\/p>\n\n\n\n<p>Dans certains cas, les sympt\u00f4mes apparaissent imm\u00e9diatement apr\u00e8s le traumatisme. Dans d\u2019autres situations, la douleur peut se d\u00e9velopper progressivement plusieurs semaines apr\u00e8s l\u2019\u00e9v\u00e9nement initial.<\/p>\n\n\n\n<h3 class=\"wp-block-heading has-vivid-cyan-blue-color has-text-color has-link-color wp-elements-e3adf5d93919c709c8b725704ef8f0ff\"><span class=\"ez-toc-section\" id=\"Une_interaction_de_plusieurs_facteurs\"><\/span><strong>Une interaction de plusieurs facteurs<\/strong><span class=\"ez-toc-section-end\"><\/span><\/h3>\n\n\n\n<p>Il est important de comprendre que la n\u00e9vralgie occipitale r\u00e9sulte rarement d\u2019un seul facteur isol\u00e9. Dans la majorit\u00e9 des cas, elle appara\u00eet plut\u00f4t \u00e0 la suite d\u2019une <strong>interaction complexe entre tensions musculaires, contraintes posturales, restrictions articulaires et hypersensibilisation nerveuse<\/strong>.<\/p>\n\n\n\n<p>Cette compr\u00e9hension globale des m\u00e9canismes d\u2019irritation nerveuse permet d\u2019orienter les strat\u00e9gies th\u00e9rapeutiques vers des approches visant \u00e0 <strong>r\u00e9duire la compression du nerf, rel\u00e2cher les tensions musculaires et restaurer la mobilit\u00e9 cervicale<\/strong>, afin de diminuer durablement la douleur.<\/p>\n\n\n\n<h2 class=\"wp-block-heading has-white-color has-vivid-cyan-blue-background-color has-text-color has-background has-link-color wp-elements-3b6e1da67548390b761e23698c8a0c6a\"><span class=\"ez-toc-section\" id=\"Symptomes_de_la_nevralgie_occipitale_comment_reconnaitre_cette_douleur_particuliere\"><\/span><strong>Sympt\u00f4mes de la n\u00e9vralgie occipitale : comment reconna\u00eetre cette douleur particuli\u00e8re<\/strong><span class=\"ez-toc-section-end\"><\/span><\/h2>\n\n\n\n<p>La n\u00e9vralgie occipitale poss\u00e8de une symptomatologie relativement caract\u00e9ristique, bien que ses manifestations puissent parfois \u00eatre confondues avec d\u2019autres types de c\u00e9phal\u00e9es. Cette douleur, qui prend naissance \u00e0 l\u2019arri\u00e8re du cr\u00e2ne, se distingue par son <strong>caract\u00e8re nerveux<\/strong>, son trajet particulier et sa sensibilit\u00e9 \u00e0 certains mouvements ou pressions. Reconna\u00eetre ces signes cliniques est essentiel pour orienter le diagnostic et diff\u00e9rencier cette affection d\u2019autres douleurs cr\u00e2niennes.<\/p>\n\n\n\n<div style=\"background:#f4fbf6; border-left:5px solid #2e8b57; padding:22px; margin:30px 0; border-radius:8px;\">\n  \n  <h3 style=\"margin-top:0; color:#1f5e3b;\"><span class=\"ez-toc-section\" id=\"ENCADRE_%E2%80%93_Symptomes_typiques\"><\/span>ENCADR\u00c9 \u2013 Sympt\u00f4mes typiques<span class=\"ez-toc-section-end\"><\/span><\/h3>\n\n  <ul style=\"margin:0; padding-left:20px; line-height:1.9; font-size:16px; color:#222;\">\n    <li>Douleur vive ou \u00e9lectrique \u00e0 la base du cr\u00e2ne<\/li>\n    <li>Irradiation vers le sommet de la t\u00eate<\/li>\n    <li>Sensibilit\u00e9 du cuir chevelu<\/li>\n    <li>Douleur d\u00e9clench\u00e9e par la pression \u00e0 l\u2019arri\u00e8re du cr\u00e2ne<\/li>\n    <li>G\u00eane lors du brossage des cheveux<\/li>\n    <li>Douleur augment\u00e9e par certains mouvements du cou<\/li>\n  <\/ul>\n\n<\/div>\n\n\n\n<h2 class=\"wp-block-heading\" id=\"h-quand-consulter-rapidement\"><span class=\"ez-toc-section\" id=\"Quand_consulter_rapidement-2\"><\/span><strong>Quand consulter rapidement<\/strong><span class=\"ez-toc-section-end\"><\/span><\/h2>\n\n\n\n<figure class=\"wp-block-image size-large\"><img decoding=\"async\" width=\"1030\" height=\"687\" src=\"https:\/\/osteomag.ca\/wp-content\/uploads\/2019\/12\/ChatGPT-Image-Apr-24-2026-11_46_35-AM-1030x687.webp\" alt=\"\" class=\"wp-image-57165\" srcset=\"https:\/\/osteomag.ca\/wp-content\/uploads\/2019\/12\/ChatGPT-Image-Apr-24-2026-11_46_35-AM-1030x687.webp 1030w, https:\/\/osteomag.ca\/wp-content\/uploads\/2019\/12\/ChatGPT-Image-Apr-24-2026-11_46_35-AM-540x360.webp 540w, https:\/\/osteomag.ca\/wp-content\/uploads\/2019\/12\/ChatGPT-Image-Apr-24-2026-11_46_35-AM-80x53.webp 80w, https:\/\/osteomag.ca\/wp-content\/uploads\/2019\/12\/ChatGPT-Image-Apr-24-2026-11_46_35-AM-768x512.webp 768w, https:\/\/osteomag.ca\/wp-content\/uploads\/2019\/12\/ChatGPT-Image-Apr-24-2026-11_46_35-AM-630x420.webp 630w, https:\/\/osteomag.ca\/wp-content\/uploads\/2019\/12\/ChatGPT-Image-Apr-24-2026-11_46_35-AM-150x100.webp 150w, https:\/\/osteomag.ca\/wp-content\/uploads\/2019\/12\/ChatGPT-Image-Apr-24-2026-11_46_35-AM-300x200.webp 300w, https:\/\/osteomag.ca\/wp-content\/uploads\/2019\/12\/ChatGPT-Image-Apr-24-2026-11_46_35-AM-600x400.webp 600w, https:\/\/osteomag.ca\/wp-content\/uploads\/2019\/12\/ChatGPT-Image-Apr-24-2026-11_46_35-AM-696x464.webp 696w, https:\/\/osteomag.ca\/wp-content\/uploads\/2019\/12\/ChatGPT-Image-Apr-24-2026-11_46_35-AM-1068x712.webp 1068w, https:\/\/osteomag.ca\/wp-content\/uploads\/2019\/12\/ChatGPT-Image-Apr-24-2026-11_46_35-AM.webp 1536w\" sizes=\"(max-width: 1030px) 100vw, 1030px\" \/><\/figure>\n\n\n\n<h2 class=\"wp-block-heading has-white-color has-vivid-cyan-blue-background-color has-text-color has-background has-link-color wp-elements-3ccb0808a2a666f42ab25622035b9483\" id=\"h-les-differentes-formes-de-nevralgies-occipitales\"><span class=\"ez-toc-section\" id=\"Les_differentes_formes_de_nevralgies_occipitales\"><\/span><strong>Les diff\u00e9rentes formes de n\u00e9vralgies occipitales<\/strong><span class=\"ez-toc-section-end\"><\/span><\/h2>\n\n\n\n<p>Bien que le terme \u00ab n\u00e9vralgie occipitale \u00bb soit souvent utilis\u00e9 de mani\u00e8re g\u00e9n\u00e9rale pour d\u00e9crire une douleur \u00e0 l\u2019arri\u00e8re de la t\u00eate li\u00e9e \u00e0 une irritation nerveuse, il recouvre en r\u00e9alit\u00e9 <strong>plusieurs formes cliniques distinctes<\/strong>. Ces variations d\u00e9pendent de la structure nerveuse impliqu\u00e9e, de la cause sous-jacente et de la mani\u00e8re dont la douleur se manifeste chez le patient.<\/p>\n\n\n\n<p>Identifier la forme sp\u00e9cifique de n\u00e9vralgie occipitale permet d\u2019orienter plus pr\u00e9cis\u00e9ment le diagnostic et d\u2019adapter la prise en charge th\u00e9rapeutique.<\/p>\n\n\n\n<div class=\"wp-block-gutena-accordion gutena-accordion-block gutena-accordion-block-d08f61-4c\" data-single=\"false\">\n\n<div class=\"wp-block-gutena-accordion-panel gutena-accordion-block__panel\">\n\n<div class=\"wp-block-gutena-accordion-panel-title gutena-accordion-block__panel-title\"><div class=\"gutena-accordion-block__panel-title-inner\">\n\n<h6 class=\"wp-block-heading has-text-align-left\" style=\"margin-top:0px;margin-right:0px;margin-bottom:0px;margin-left:0px\">Listes<\/h6>\n\n<div class=\"trigger-plus-minus\"><div class=\"horizontal\"><\/div><div class=\"vertical\"><\/div><\/div><\/div><\/div>\n\n\n<div class=\"wp-block-gutena-accordion-panel-content gutena-accordion-block__panel-content\"><div class=\"gutena-accordion-block__panel-content-inner\">\n\n<p style=\"margin-top:0;margin-bottom:0\">N\u00e9vralgie occipitale primaire<\/p>\n\n\n<p>La <strong>n\u00e9vralgie occipitale primaire<\/strong>, parfois appel\u00e9e forme idiopathique, correspond aux cas o\u00f9 aucune cause structurale \u00e9vidente n\u2019est identifi\u00e9e. La douleur appara\u00eet sans l\u00e9sion anatomique clairement d\u00e9tectable sur l\u2019imagerie m\u00e9dicale.<\/p>\n\n\n<p>Dans ces situations, la douleur est souvent li\u00e9e \u00e0 :<\/p>\n\n\n<ul class=\"wp-block-list\">\n\n<li>des tensions musculaires chroniques de la nuque<\/li>\n\n\n<li>une irritation fonctionnelle du nerf occipital<\/li>\n\n\n<li>des contraintes posturales r\u00e9p\u00e9t\u00e9es<\/li>\n\n\n<li>un stress prolong\u00e9 favorisant l\u2019hypertonie musculaire<\/li>\n\n<\/ul>\n\n\n<p>La douleur est g\u00e9n\u00e9ralement d\u00e9crite comme une <strong>d\u00e9charge br\u00e8ve et intense<\/strong>, pouvant survenir par \u00e9pisodes, parfois d\u00e9clench\u00e9e par certains mouvements ou par la pression \u00e0 la base du cr\u00e2ne. Bien que cette forme puisse \u00eatre impressionnante, elle r\u00e9pond souvent bien aux traitements conservateurs visant \u00e0 rel\u00e2cher les tensions cervicales et \u00e0 restaurer la mobilit\u00e9 articulaire.<\/p>\n\n\n<h3 class=\"wp-block-heading has-vivid-cyan-blue-color has-text-color has-link-color wp-elements-416c89d669997ce521c9f813a268a83d\"><span class=\"ez-toc-section\" id=\"Nevralgie_occipitale_secondaire\"><\/span><strong>N\u00e9vralgie occipitale secondaire<\/strong><span class=\"ez-toc-section-end\"><\/span><\/h3>\n\n\n<p>La <strong>n\u00e9vralgie occipitale secondaire<\/strong> survient lorsque la douleur est provoqu\u00e9e par une cause identifiable affectant les structures cervicales ou nerveuses.<\/p>\n\n\n<p>Les causes les plus fr\u00e9quentes incluent :<\/p>\n\n\n<ul class=\"wp-block-list\">\n\n<li>l\u2019arthrose cervicale<\/li>\n\n\n<li>une hernie discale haute<\/li>\n\n\n<li>un traumatisme cervical (comme un coup du lapin)<\/li>\n\n\n<li>une inflammation locale<\/li>\n\n\n<li>certaines compressions nerveuses par des structures anatomiques voisines<\/li>\n\n<\/ul>\n\n\n<p>Dans ces cas, la n\u00e9vralgie repr\u00e9sente le <strong>sympt\u00f4me d\u2019un trouble sous-jacent<\/strong>. Le traitement doit donc s\u2019attaquer \u00e0 la cause initiale tout en soulageant la douleur nerveuse.<\/p>\n\n\n<h3 class=\"wp-block-heading has-vivid-cyan-blue-color has-text-color has-link-color wp-elements-748a5e18df6de1dc503031cc1d0ac5d0\"><span class=\"ez-toc-section\" id=\"Nevralgie_dArnold\"><\/span><strong>N\u00e9vralgie d\u2019Arnold<\/strong><span class=\"ez-toc-section-end\"><\/span><\/h3>\n\n\n<p>La <strong>n\u00e9vralgie d\u2019Arnold<\/strong> est la forme la plus connue et correspond \u00e0 l\u2019irritation sp\u00e9cifique du <strong>nerf occipital majeur<\/strong>.<\/p>\n\n\n<p>Cette forme se caract\u00e9rise g\u00e9n\u00e9ralement par :<\/p>\n\n\n<ul class=\"wp-block-list\">\n\n<li>une douleur qui part de la base du cr\u00e2ne<\/li>\n\n\n<li>une irradiation vers le sommet de la t\u00eate<\/li>\n\n\n<li>une douleur d\u00e9clench\u00e9e par la pression sur le trajet du nerf<\/li>\n\n\n<li>une hypersensibilit\u00e9 du cuir chevelu<\/li>\n\n<\/ul>\n\n\n<p>Dans de nombreux cas, la douleur est unilat\u00e9rale et suit pr\u00e9cis\u00e9ment le trajet du nerf occipital majeur.<\/p>\n\n\n<h3 class=\"wp-block-heading has-vivid-cyan-blue-color has-text-color has-link-color wp-elements-d3d5a89eb2bc0501fc607a1ee0ecf4db\"><span class=\"ez-toc-section\" id=\"Nevralgie_du_nerf_occipital_mineur\"><\/span><strong>N\u00e9vralgie du nerf occipital mineur<\/strong><span class=\"ez-toc-section-end\"><\/span><\/h3>\n\n\n<p>Lorsque la douleur est li\u00e9e au <strong>nerf occipital mineur<\/strong>, les sympt\u00f4mes peuvent \u00eatre l\u00e9g\u00e8rement diff\u00e9rents. Ce nerf innerve une r\u00e9gion plus lat\u00e9rale de la t\u00eate, pr\u00e8s de l\u2019arri\u00e8re de l\u2019oreille.<\/p>\n\n\n<p>La douleur peut alors \u00eatre ressentie :<\/p>\n\n\n<ul class=\"wp-block-list\">\n\n<li>derri\u00e8re l\u2019oreille<\/li>\n\n\n<li>sur le c\u00f4t\u00e9 du cuir chevelu<\/li>\n\n\n<li>dans la r\u00e9gion masto\u00efdienne<\/li>\n\n<\/ul>\n\n\n<p>Cette forme est parfois confondue avec certaines douleurs auriculaires ou temporales.<\/p>\n\n\n<h3 class=\"wp-block-heading has-vivid-cyan-blue-color has-text-color has-link-color wp-elements-72886093c937aa34021926595dfa2d58\"><span class=\"ez-toc-section\" id=\"Nevralgie_cervicogenique_occipitale\"><\/span><strong>N\u00e9vralgie cervicog\u00e9nique occipitale<\/strong><span class=\"ez-toc-section-end\"><\/span><\/h3>\n\n\n<p>Dans certains cas, la douleur occipitale provient d\u2019un <strong>trouble articulaire de la colonne cervicale<\/strong>. On parle alors de n\u00e9vralgie cervicog\u00e9nique.<\/p>\n\n\n<p>La douleur est souvent associ\u00e9e \u00e0 :<\/p>\n\n\n<ul class=\"wp-block-list\">\n\n<li>une restriction de mobilit\u00e9 cervicale<\/li>\n\n\n<li>une raideur de la nuque<\/li>\n\n\n<li>une douleur augment\u00e9e par les mouvements du cou<\/li>\n\n\n<li>une sensation de tension musculaire persistante<\/li>\n\n<\/ul>\n\n\n<p>Cette forme de douleur est particuli\u00e8rement sensible aux traitements visant \u00e0 am\u00e9liorer la mobilit\u00e9 cervicale et \u00e0 r\u00e9duire les tensions musculaires.<\/p>\n\n\n<h3 class=\"wp-block-heading has-vivid-cyan-blue-color has-text-color has-link-color wp-elements-e8d8e4e422d6d982b565935b67716cff\"><span class=\"ez-toc-section\" id=\"Nevralgie_occipitale_post-traumatique\"><\/span><strong>N\u00e9vralgie occipitale post-traumatique<\/strong><span class=\"ez-toc-section-end\"><\/span><\/h3>\n\n\n<p>Une n\u00e9vralgie occipitale peut \u00e9galement appara\u00eetre apr\u00e8s un <strong>traumatisme cervical ou cr\u00e2nien<\/strong>. Les accidents de voiture, les chutes ou les mouvements brusques du cou peuvent provoquer une irritation nerveuse persistante.<\/p>\n\n\n<p>Dans certains cas, la douleur appara\u00eet imm\u00e9diatement apr\u00e8s le traumatisme. Dans d\u2019autres situations, elle peut se d\u00e9velopper progressivement au fil des semaines, lorsque les tensions musculaires ou les d\u00e9s\u00e9quilibres m\u00e9caniques s\u2019installent.<\/p>\n\n\n<h3 class=\"wp-block-heading has-vivid-cyan-blue-color has-text-color has-link-color wp-elements-9162bee15bedda5729b4bf8554ada659\"><span class=\"ez-toc-section\" id=\"Une_diversite_de_presentations_cliniques\"><\/span><strong>Une diversit\u00e9 de pr\u00e9sentations cliniques<\/strong><span class=\"ez-toc-section-end\"><\/span><\/h3>\n\n\n<p>La n\u00e9vralgie occipitale n\u2019est donc pas une pathologie unique mais plut\u00f4t <strong>un ensemble de manifestations douloureuses li\u00e9es \u00e0 l\u2019irritation des nerfs occipitaux<\/strong>. Les sympt\u00f4mes peuvent varier en fonction des structures impliqu\u00e9es et des facteurs m\u00e9caniques pr\u00e9sents.<\/p>\n\n\n<p style=\"margin-top:0;margin-bottom:0\">Comprendre ces diff\u00e9rentes formes permet aux professionnels de sant\u00e9 de mieux orienter l\u2019\u00e9valuation clinique et d\u2019adapter les strat\u00e9gies th\u00e9rapeutiques, qu\u2019il s\u2019agisse de traitements m\u00e9dicaux, de th\u00e9rapies manuelles ou de modifications posturales visant \u00e0 r\u00e9duire la pression exerc\u00e9e sur les nerfs concern\u00e9s.<\/p>\n\n<\/div><\/div>\n\n<\/div>\n\n<\/div>\n\n\n\n<h2 class=\"wp-block-heading has-white-color has-vivid-cyan-blue-background-color has-text-color has-background has-link-color wp-elements-cdf6e69b8e3c55fdbaa62c8dfb439b7d\" id=\"h-causes-frequentes-posture-tensions-musculaires-et-traumatismes\"><span class=\"ez-toc-section\" id=\"Causes_frequentes_posture_tensions_musculaires_et_traumatismes\"><\/span><strong><strong>Causes fr\u00e9quentes : posture, tensions musculaires et traumatismes<\/strong><\/strong><span class=\"ez-toc-section-end\"><\/span><\/h2>\n\n\n\n<p>La n\u00e9vralgie occipitale appara\u00eet rarement sans raison. Dans la majorit\u00e9 des cas, elle r\u00e9sulte d\u2019un <strong>ensemble de facteurs m\u00e9caniques et fonctionnels<\/strong> qui finissent par irriter les nerfs occipitaux situ\u00e9s \u00e0 l\u2019arri\u00e8re du cr\u00e2ne. Ces facteurs sont souvent li\u00e9s aux contraintes de la vie quotidienne : posture prolong\u00e9e, tensions musculaires, microtraumatismes r\u00e9p\u00e9t\u00e9s ou traumatismes plus importants de la r\u00e9gion cervicale.<\/p>\n\n\n\n<p>Comprendre ces causes permet non seulement d\u2019identifier l\u2019origine de la douleur, mais aussi d\u2019agir sur les m\u00e9canismes qui l\u2019entretiennent afin de pr\u00e9venir les r\u00e9cidives.<\/p>\n\n\n\n<div class=\"wp-block-gutena-accordion gutena-accordion-block gutena-accordion-block-694c84-d0\" data-single=\"false\">\n\n<div class=\"wp-block-gutena-accordion-panel gutena-accordion-block__panel\">\n\n<div class=\"wp-block-gutena-accordion-panel-title gutena-accordion-block__panel-title\"><div class=\"gutena-accordion-block__panel-title-inner\">\n\n<h6 class=\"wp-block-heading has-text-align-left\" style=\"margin-top:0px;margin-right:0px;margin-bottom:0px;margin-left:0px\">Liste de causes<\/h6>\n\n<div class=\"trigger-plus-minus\"><div class=\"horizontal\"><\/div><div class=\"vertical\"><\/div><\/div><\/div><\/div>\n\n\n<div class=\"wp-block-gutena-accordion-panel-content gutena-accordion-block__panel-content\"><div class=\"gutena-accordion-block__panel-content-inner\">\n\n<p style=\"margin-top:0;margin-bottom:0\">Les troubles posturaux<\/p>\n\n\n<p>La posture joue un r\u00f4le central dans l\u2019apparition des n\u00e9vralgies occipitales. Dans la vie moderne, de nombreuses activit\u00e9s favorisent une position <strong>t\u00eate projet\u00e9e vers l\u2019avant<\/strong>, ce qui augmente consid\u00e9rablement la charge m\u00e9canique exerc\u00e9e sur la nuque.<\/p>\n\n\n<p>Cette posture est fr\u00e9quente lors de :<\/p>\n\n\n<ul class=\"wp-block-list\">\n\n<li>l\u2019utilisation prolong\u00e9e d\u2019un ordinateur<\/li>\n\n\n<li>la consultation d\u2019un t\u00e9l\u00e9phone portable<\/li>\n\n\n<li>la lecture prolong\u00e9e<\/li>\n\n\n<li>la conduite sur de longues distances<\/li>\n\n<\/ul>\n\n\n<p>Lorsque la t\u00eate est inclin\u00e9e vers l\u2019avant, les muscles cervicaux post\u00e9rieurs doivent travailler davantage pour maintenir la t\u00eate en \u00e9quilibre. Avec le temps, cette surcharge peut provoquer une contraction chronique des muscles sous-occipitaux et augmenter la pression exerc\u00e9e sur les nerfs occipitaux.<\/p>\n\n\n<p>Certaines \u00e9tudes en biom\u00e9canique montrent que quelques centim\u00e8tres de projection de la t\u00eate vers l\u2019avant peuvent multiplier la charge exerc\u00e9e sur la colonne cervicale. Cette contrainte r\u00e9p\u00e9t\u00e9e constitue un terrain favorable \u00e0 l\u2019irritation nerveuse.<\/p>\n\n\n<h3 class=\"wp-block-heading has-vivid-cyan-blue-color has-text-color has-link-color wp-elements-ed2f7d2b6578e563c74bb28d22cf6646\"><span class=\"ez-toc-section\" id=\"Les_tensions_musculaires_chroniques\"><\/span><strong>Les tensions musculaires chroniques<\/strong><span class=\"ez-toc-section-end\"><\/span><\/h3>\n\n\n<p>Les muscles situ\u00e9s \u00e0 l\u2019arri\u00e8re de la nuque jouent un r\u00f4le essentiel dans la stabilisation de la t\u00eate et l\u2019orientation du regard. Parmi eux, les <strong>muscles sous-occipitaux<\/strong> sont particuli\u00e8rement sollicit\u00e9s dans les ajustements posturaux fins.<\/p>\n\n\n<p>Sous l\u2019effet de la fatigue, du stress ou de la posture prolong\u00e9e, ces muscles peuvent entrer dans un \u00e9tat de <strong>contraction permanente<\/strong>. Cette hypertonie musculaire peut entra\u00eener plusieurs cons\u00e9quences :<\/p>\n\n\n<ul class=\"wp-block-list\">\n\n<li>compression du nerf occipital majeur<\/li>\n\n\n<li>diminution de la circulation sanguine locale<\/li>\n\n\n<li>apparition de points g\u00e2chettes myofasciaux<\/li>\n\n\n<li>irritation des tissus environnants<\/li>\n\n<\/ul>\n\n\n<p>Les tensions musculaires peuvent ainsi transformer une simple raideur cervicale en v\u00e9ritable douleur neuropathique.<\/p>\n\n\n<h3 class=\"wp-block-heading has-vivid-cyan-blue-color has-text-color has-link-color wp-elements-25d7b8aa82e4de26b91a5748378ee01a\"><span class=\"ez-toc-section\" id=\"Le_stress_et_la_tension_emotionnelle\"><\/span><strong>Le stress et la tension \u00e9motionnelle<\/strong><span class=\"ez-toc-section-end\"><\/span><\/h3>\n\n\n<p>Le stress joue \u00e9galement un r\u00f4le important dans les douleurs cervicales. Lorsqu\u2019une personne est soumise \u00e0 une pression \u00e9motionnelle prolong\u00e9e, le syst\u00e8me nerveux sympathique augmente le tonus musculaire, en particulier dans la r\u00e9gion du cou et des \u00e9paules.<\/p>\n\n\n<p>Cette tension chronique peut provoquer :<\/p>\n\n\n<ul class=\"wp-block-list\">\n\n<li>une contraction persistante des muscles cervicaux<\/li>\n\n\n<li>une diminution de la capacit\u00e9 de relaxation musculaire<\/li>\n\n\n<li>une sensibilit\u00e9 accrue des nerfs p\u00e9riph\u00e9riques<\/li>\n\n<\/ul>\n\n\n<p>Ainsi, le stress agit souvent comme un facteur aggravant qui entretient les douleurs occipitales.<\/p>\n\n\n<h3 class=\"wp-block-heading has-vivid-cyan-blue-color has-text-color has-link-color wp-elements-e583d952aa4fde7d755253900d63cc31\"><span class=\"ez-toc-section\" id=\"Les_traumatismes_cervicaux\"><\/span><strong>Les traumatismes cervicaux<\/strong><span class=\"ez-toc-section-end\"><\/span><\/h3>\n\n\n<p>Les traumatismes du cou constituent une autre cause fr\u00e9quente de n\u00e9vralgie occipitale. Les structures nerveuses et musculaires de la nuque peuvent \u00eatre affect\u00e9es par diff\u00e9rents types de blessures.<\/p>\n\n\n<p>Parmi les traumatismes les plus souvent impliqu\u00e9s :<\/p>\n\n\n<ul class=\"wp-block-list\">\n\n<li>les accidents de voiture provoquant un <strong>coup du lapin<\/strong><\/li>\n\n\n<li>les chutes entra\u00eenant un impact indirect sur la colonne cervicale<\/li>\n\n\n<li>les blessures sportives<\/li>\n\n\n<li>les mouvements brusques du cou<\/li>\n\n<\/ul>\n\n\n<p>Ces traumatismes peuvent provoquer une inflammation locale, une irritation des nerfs ou une modification durable de la m\u00e9canique cervicale. Dans certains cas, la douleur appara\u00eet imm\u00e9diatement apr\u00e8s l\u2019\u00e9v\u00e9nement. Dans d\u2019autres situations, elle peut se d\u00e9velopper progressivement au cours des semaines suivantes.<\/p>\n\n\n<h3 class=\"wp-block-heading has-vivid-cyan-blue-color has-text-color has-link-color wp-elements-47142c7f6123991a4720c746a8903d1b\"><span class=\"ez-toc-section\" id=\"Les_changements_degeneratifs_de_la_colonne_cervicale\"><\/span><strong>Les changements d\u00e9g\u00e9n\u00e9ratifs de la colonne cervicale<\/strong><span class=\"ez-toc-section-end\"><\/span><\/h3>\n\n\n<p>Avec l\u2019\u00e2ge, la colonne cervicale peut subir des modifications d\u00e9g\u00e9n\u00e9ratives telles que l\u2019<strong>arthrose cervicale<\/strong>. Ces changements peuvent entra\u00eener la formation de petites excroissances osseuses appel\u00e9es ost\u00e9ophytes ou provoquer une diminution de l\u2019espace disponible pour les structures nerveuses.<\/p>\n\n\n<p>Lorsque ces modifications anatomiques affectent les vert\u00e8bres cervicales hautes, elles peuvent contribuer \u00e0 l\u2019irritation des racines nerveuses impliqu\u00e9es dans l\u2019innervation occipitale.<\/p>\n\n\n<h3 class=\"wp-block-heading has-vivid-cyan-blue-color has-text-color has-link-color wp-elements-6ac704aa4cc1a71ed65e47a0b852aa53\"><span class=\"ez-toc-section\" id=\"Les_contraintes_repetitives\"><\/span><strong>Les contraintes r\u00e9p\u00e9titives<\/strong><span class=\"ez-toc-section-end\"><\/span><\/h3>\n\n\n<p>Dans certains cas, la n\u00e9vralgie occipitale peut r\u00e9sulter de <strong>microtraumatismes r\u00e9p\u00e9t\u00e9s<\/strong>. Les activit\u00e9s qui sollicitent constamment la r\u00e9gion cervicale peuvent cr\u00e9er une accumulation progressive de tensions.<\/p>\n\n\n<p>Cela peut inclure :<\/p>\n\n\n<ul class=\"wp-block-list\">\n\n<li>le travail prolong\u00e9 sur \u00e9cran<\/li>\n\n\n<li>certaines activit\u00e9s sportives<\/li>\n\n\n<li>les mouvements r\u00e9p\u00e9titifs du cou<\/li>\n\n\n<li>les positions statiques prolong\u00e9es<\/li>\n\n<\/ul>\n\n\n<p>Ces contraintes r\u00e9p\u00e9t\u00e9es peuvent progressivement modifier l\u2019\u00e9quilibre musculaire et favoriser l\u2019irritation des nerfs occipitaux.<\/p>\n\n\n<h3 class=\"wp-block-heading has-vivid-cyan-blue-color has-text-color has-link-color wp-elements-3bf5a1a40dac56635cf27252ceeb2070\"><span class=\"ez-toc-section\" id=\"Une_combinaison_de_facteurs\"><\/span><strong>Une combinaison de facteurs<\/strong><span class=\"ez-toc-section-end\"><\/span><\/h3>\n\n\n<p>Dans la pratique clinique, la n\u00e9vralgie occipitale r\u00e9sulte souvent d\u2019une <strong>combinaison de plusieurs facteurs<\/strong>. Une mauvaise posture peut entra\u00eener des tensions musculaires, lesquelles peuvent \u00eatre aggrav\u00e9es par le stress ou par un traumatisme ancien.<\/p>\n\n\n<p style=\"margin-top:0;margin-bottom:0\">Cette interaction entre les structures musculaires, articulaires et nerveuses explique pourquoi la prise en charge de la n\u00e9vralgie occipitale n\u00e9cessite souvent une approche globale visant \u00e0 <strong>corriger les d\u00e9s\u00e9quilibres m\u00e9caniques, r\u00e9duire les tensions musculaires et restaurer la mobilit\u00e9 cervicale<\/strong>.<\/p>\n\n<\/div><\/div>\n\n<\/div>\n\n<\/div>\n\n\n\n<h2 class=\"wp-block-heading has-white-color has-vivid-cyan-blue-background-color has-text-color has-background has-link-color wp-elements-91b82c52e02ad46fb3328c5775ced811\"><span class=\"ez-toc-section\" id=\"Diagnostic_clinique_comment_identifier_une_nevralgie_occipitale\"><\/span><strong><strong>Diagnostic clinique : comment identifier une n\u00e9vralgie occipitale<\/strong><\/strong><span class=\"ez-toc-section-end\"><\/span><\/h2>\n\n\n\n<p>Le diagnostic de la n\u00e9vralgie occipitale repose principalement sur <strong>l\u2019\u00e9valuation clinique<\/strong>. Contrairement \u00e0 certaines pathologies neurologiques qui n\u00e9cessitent syst\u00e9matiquement des examens d\u2019imagerie, cette affection peut souvent \u00eatre reconnue gr\u00e2ce \u00e0 l\u2019analyse des sympt\u00f4mes et \u00e0 un examen physique cibl\u00e9 de la r\u00e9gion cervico-occipitale.<\/p>\n\n\n\n<div style=\"background:#fff7f2; border-left:5px solid #e67e22; padding:22px; margin:30px 0; border-radius:8px;\">\n\n  <h3 style=\"margin-top:0; color:#c65d14;\"><span class=\"ez-toc-section\" id=\"Quand_consulter_un_professionnel_de_sante\"><\/span>Quand consulter un professionnel de sant\u00e9<span class=\"ez-toc-section-end\"><\/span><\/h3>\n\n  <ul style=\"margin:0; padding-left:20px; line-height:1.9; font-size:16px; color:#222;\">\n    <li>Si la douleur \u00e0 l\u2019arri\u00e8re de la t\u00eate persiste pendant plusieurs jours ou semaines.<\/li>\n    <li>Si les douleurs deviennent plus intenses ou plus fr\u00e9quentes.<\/li>\n    <li>Si la douleur s\u2019accompagne d\u2019engourdissements, de faiblesse ou de picotements dans les bras.<\/li>\n    <li>Si les sympt\u00f4mes apparaissent apr\u00e8s un traumatisme du cou ou un accident.<\/li>\n    <li>Si la douleur s\u2019accompagne de fi\u00e8vre, de troubles de la vision ou d\u2019autres sympt\u00f4mes inhabituels.<\/li>\n    <li>Si la douleur perturbe les activit\u00e9s quotidiennes ou le sommeil.<\/li>\n  <\/ul>\n\n<\/div>\n\n\n\n<p>L\u2019objectif du diagnostic est double : <strong>confirmer l\u2019implication du nerf occipital<\/strong> et <strong>\u00e9carter d\u2019autres causes possibles de douleur cr\u00e2nienne<\/strong>, telles que la migraine, les c\u00e9phal\u00e9es de tension ou certaines pathologies cervicales.<\/p>\n\n\n\n<div class=\"wp-block-gutena-accordion gutena-accordion-block gutena-accordion-block-f06e1d-85\" data-single=\"true\">\n\n<div class=\"wp-block-gutena-accordion-panel gutena-accordion-block__panel\">\n\n<div class=\"wp-block-gutena-accordion-panel-title gutena-accordion-block__panel-title\"><div class=\"gutena-accordion-block__panel-title-inner\">\n\n<h6 class=\"wp-block-heading has-text-align-left\" style=\"margin-top:0px;margin-right:0px;margin-bottom:0px;margin-left:0px\">Lire la suite<\/h6>\n\n<div class=\"trigger-up-down\"><div class=\"horizontal\"><\/div><div class=\"vertical\"><\/div><\/div><\/div><\/div>\n\n\n<div class=\"wp-block-gutena-accordion-panel-content gutena-accordion-block__panel-content\"><div class=\"gutena-accordion-block__panel-content-inner\">\n\n<p style=\"margin-top:0;margin-bottom:0\">L\u2019importance de l\u2019anamn\u00e8se<\/p>\n\n\n<p>La premi\u00e8re \u00e9tape du diagnostic consiste \u00e0 recueillir les <strong>ant\u00e9c\u00e9dents m\u00e9dicaux et l\u2019histoire de la douleur<\/strong>. Cette \u00e9tape, appel\u00e9e anamn\u00e8se, permet d\u2019identifier les caract\u00e9ristiques sp\u00e9cifiques de la douleur et les facteurs susceptibles d\u2019avoir contribu\u00e9 \u00e0 son apparition.<\/p>\n\n\n<p>Le professionnel de sant\u00e9 peut poser plusieurs questions, notamment :<\/p>\n\n\n<ul class=\"wp-block-list\">\n\n<li>O\u00f9 la douleur a-t-elle commenc\u00e9 ?<\/li>\n\n\n<li>La douleur est-elle d\u2019un seul c\u00f4t\u00e9 ou des deux c\u00f4t\u00e9s ?<\/li>\n\n\n<li>La douleur irradie-t-elle vers le sommet de la t\u00eate ou derri\u00e8re l\u2019\u0153il ?<\/li>\n\n\n<li>Les mouvements du cou aggravent-ils les sympt\u00f4mes ?<\/li>\n\n\n<li>La douleur est-elle apparue apr\u00e8s un traumatisme ou une p\u00e9riode de stress ?<\/li>\n\n<\/ul>\n\n\n<p>Les patients d\u00e9crivent souvent la douleur comme <strong>\u00e9lectrique, br\u00fblante ou lancinante<\/strong>, ce qui oriente vers une origine nerveuse.<\/p>\n\n\n<h3 class=\"wp-block-heading\"><span class=\"ez-toc-section\" id=\"Localisation_de_la_douleur\"><\/span>Localisation de la douleur<span class=\"ez-toc-section-end\"><\/span><\/h3>\n\n\n<p>La localisation pr\u00e9cise de la douleur constitue un indice important. Dans la n\u00e9vralgie occipitale, la douleur est g\u00e9n\u00e9ralement ressentie <strong>\u00e0 la base du cr\u00e2ne<\/strong>, dans la r\u00e9gion situ\u00e9e entre la nuque et l\u2019occiput.<\/p>\n\n\n<p>Elle peut ensuite irradier vers :<\/p>\n\n\n<ul class=\"wp-block-list\">\n\n<li>le sommet de la t\u00eate<\/li>\n\n\n<li>la r\u00e9gion pari\u00e9tale<\/li>\n\n\n<li>l\u2019arri\u00e8re des oreilles<\/li>\n\n\n<li>parfois vers la r\u00e9gion temporale<\/li>\n\n<\/ul>\n\n\n<p>Ce trajet correspond \u00e0 la zone d\u2019innervation des nerfs occipitaux.<\/p>\n\n\n<h3 class=\"wp-block-heading\"><span class=\"ez-toc-section\" id=\"Palpation_du_trajet_nerveux\"><\/span>Palpation du trajet nerveux<span class=\"ez-toc-section-end\"><\/span><\/h3>\n\n\n<p>L\u2019examen clinique comprend souvent une <strong>palpation de la r\u00e9gion occipitale<\/strong>. Le professionnel de sant\u00e9 exerce une pression sur le point de sortie du nerf occipital majeur, situ\u00e9 \u00e0 quelques centim\u00e8tres de la ligne m\u00e9diane, pr\u00e8s de la protub\u00e9rance occipitale.<\/p>\n\n\n<p>Chez les personnes souffrant de n\u00e9vralgie occipitale, cette pression peut :<\/p>\n\n\n<ul class=\"wp-block-list\">\n\n<li>d\u00e9clencher une douleur vive<\/li>\n\n\n<li>reproduire la douleur ressentie par le patient<\/li>\n\n\n<li>provoquer une sensation de d\u00e9charge \u00e9lectrique<\/li>\n\n<\/ul>\n\n\n<p>Ce signe clinique est consid\u00e9r\u00e9 comme un indice important de l\u2019implication du nerf occipital.<\/p>\n\n\n<h3 class=\"wp-block-heading\"><span class=\"ez-toc-section\" id=\"Evaluation_de_la_mobilite_cervicale\"><\/span>\u00c9valuation de la mobilit\u00e9 cervicale<span class=\"ez-toc-section-end\"><\/span><\/h3>\n\n\n<p>Le praticien examine \u00e9galement la <strong>mobilit\u00e9 de la colonne cervicale<\/strong>, car les troubles m\u00e9caniques du cou peuvent contribuer \u00e0 l\u2019irritation du nerf.<\/p>\n\n\n<p>Les mouvements \u00e9valu\u00e9s incluent :<\/p>\n\n\n<ul class=\"wp-block-list\">\n\n<li>la rotation de la t\u00eate<\/li>\n\n\n<li>l\u2019inclinaison lat\u00e9rale<\/li>\n\n\n<li>la flexion et l\u2019extension cervicale<\/li>\n\n<\/ul>\n\n\n<p>Une limitation de mobilit\u00e9 ou une douleur d\u00e9clench\u00e9e par ces mouvements peut sugg\u00e9rer une participation des structures cervicales dans l\u2019apparition des sympt\u00f4mes.<\/p>\n\n\n<h3 class=\"wp-block-heading\"><span class=\"ez-toc-section\" id=\"Recherche_de_tensions_musculaires\"><\/span>Recherche de tensions musculaires<span class=\"ez-toc-section-end\"><\/span><\/h3>\n\n\n<p>Les muscles de la nuque sont \u00e9galement examin\u00e9s afin de d\u00e9tecter d\u2019\u00e9ventuelles tensions ou contractures. Les muscles sous-occipitaux, les trap\u00e8zes et les muscles spl\u00e9nius sont souvent impliqu\u00e9s dans les douleurs cervico-cr\u00e2niennes.<\/p>\n\n\n<p>La pr\u00e9sence de <strong>points g\u00e2chettes myofasciaux<\/strong> peut \u00e9galement reproduire une douleur irradiant vers la t\u00eate. Dans certains cas, ces tensions musculaires contribuent \u00e0 l\u2019irritation du nerf occipital.<\/p>\n\n\n<h3 class=\"wp-block-heading\"><span class=\"ez-toc-section\" id=\"Evaluation_de_la_sensibilite_du_cuir_chevelu\"><\/span>\u00c9valuation de la sensibilit\u00e9 du cuir chevelu<span class=\"ez-toc-section-end\"><\/span><\/h3>\n\n\n<p>Une hypersensibilit\u00e9 du cuir chevelu, appel\u00e9e <strong>allodynie<\/strong>, peut \u00eatre observ\u00e9e chez certains patients. Cette sensibilit\u00e9 anormale signifie que des stimuli normalement indolores, comme le contact l\u00e9ger de la peau, peuvent d\u00e9clencher une douleur.<\/p>\n\n\n<p>Le professionnel peut tester cette sensibilit\u00e9 en effleurant l\u00e9g\u00e8rement certaines zones du cuir chevelu afin d\u2019\u00e9valuer la r\u00e9action du patient.<\/p>\n\n\n<h3 class=\"wp-block-heading\"><span class=\"ez-toc-section\" id=\"Exclure_dautres_causes_de_douleur\"><\/span>Exclure d\u2019autres causes de douleur<span class=\"ez-toc-section-end\"><\/span><\/h3>\n\n\n<p>Le diagnostic de n\u00e9vralgie occipitale n\u00e9cessite \u00e9galement d\u2019\u00e9carter d\u2019autres pathologies susceptibles de provoquer des douleurs similaires.<\/p>\n\n\n<p>Parmi les diagnostics diff\u00e9rentiels les plus fr\u00e9quents :<\/p>\n\n\n<ul class=\"wp-block-list\">\n\n<li>les migraines<\/li>\n\n\n<li>les c\u00e9phal\u00e9es de tension<\/li>\n\n\n<li>les c\u00e9phal\u00e9es cervicog\u00e9niques<\/li>\n\n\n<li>certaines pathologies cervicales inflammatoires ou d\u00e9g\u00e9n\u00e9ratives<\/li>\n\n<\/ul>\n\n\n<p>Une analyse attentive des sympt\u00f4mes et de leur \u00e9volution permet g\u00e9n\u00e9ralement de distinguer ces diff\u00e9rentes conditions.<\/p>\n\n\n<h3 class=\"wp-block-heading\"><span class=\"ez-toc-section\" id=\"Un_diagnostic_souvent_clinique\"><\/span>Un diagnostic souvent clinique<span class=\"ez-toc-section-end\"><\/span><\/h3>\n\n\n<p>Dans la majorit\u00e9 des cas, la n\u00e9vralgie occipitale peut \u00eatre identifi\u00e9e gr\u00e2ce \u00e0 <strong>l\u2019examen clinique et \u00e0 l\u2019histoire des sympt\u00f4mes<\/strong>. Les examens compl\u00e9mentaires ne sont n\u00e9cessaires que si le praticien suspecte une cause sous-jacente plus complexe.<\/p>\n\n\n<p style=\"margin-top:0;margin-bottom:0\">Une fois le diagnostic pos\u00e9, la prise en charge peut \u00eatre orient\u00e9e vers des strat\u00e9gies visant \u00e0 <strong>r\u00e9duire l\u2019irritation du nerf, rel\u00e2cher les tensions musculaires et restaurer la mobilit\u00e9 cervicale<\/strong>, afin de diminuer la douleur et pr\u00e9venir les r\u00e9cidives.<\/p>\n\n<\/div><\/div>\n\n<\/div>\n\n<\/div>\n\n\n\n<h2 class=\"wp-block-heading has-white-color has-vivid-cyan-blue-background-color has-text-color has-background has-link-color wp-elements-4c13aef4b3b8b2b7ea4141f875751d58\"><span class=\"ez-toc-section\" id=\"Examens_medicaux_et_diagnostic_differentiel\"><\/span><strong><strong>Examens m\u00e9dicaux et diagnostic diff\u00e9rentiel<\/strong><\/strong><span class=\"ez-toc-section-end\"><\/span><\/h2>\n\n\n\n<p>Bien que la n\u00e9vralgie occipitale puisse souvent \u00eatre identifi\u00e9e gr\u00e2ce \u00e0 l\u2019examen clinique, certains cas n\u00e9cessitent des <strong>examens m\u00e9dicaux compl\u00e9mentaires<\/strong>. Ces investigations permettent de confirmer l\u2019origine de la douleur, d\u2019\u00e9valuer les structures cervicales et surtout d\u2019exclure d\u2019autres pathologies susceptibles de provoquer des sympt\u00f4mes similaires.<\/p>\n\n\n\n<p>L\u2019objectif principal n\u2019est pas seulement de confirmer la n\u00e9vralgie occipitale, mais aussi de s\u2019assurer qu\u2019aucune <strong>pathologie plus s\u00e9rieuse<\/strong> ne se cache derri\u00e8re la douleur.<\/p>\n\n\n\n<div class=\"wp-block-gutena-accordion gutena-accordion-block gutena-accordion-block-7de527-b9\" data-single=\"false\">\n\n<div class=\"wp-block-gutena-accordion-panel gutena-accordion-block__panel\">\n\n<div class=\"wp-block-gutena-accordion-panel-title gutena-accordion-block__panel-title\"><div class=\"gutena-accordion-block__panel-title-inner\">\n\n<h6 class=\"wp-block-heading has-text-align-left\" style=\"margin-top:0px;margin-right:0px;margin-bottom:0px;margin-left:0px\">Lire la suite<\/h6>\n\n<div class=\"trigger-plus-minus\"><div class=\"horizontal\"><\/div><div class=\"vertical\"><\/div><\/div><\/div><\/div>\n\n\n<div class=\"wp-block-gutena-accordion-panel-content gutena-accordion-block__panel-content\"><div class=\"gutena-accordion-block__panel-content-inner\">\n\n<p style=\"margin-top:0;margin-bottom:0\">L\u2019imagerie m\u00e9dicale<\/p>\n\n\n<p>Dans certaines situations, le m\u00e9decin peut recommander des examens d\u2019imagerie afin d\u2019explorer la r\u00e9gion cervicale et la base du cr\u00e2ne.<\/p>\n\n\n<h4 class=\"wp-block-heading\">L\u2019IRM cervicale<\/h4>\n\n\n<p>L\u2019<strong>imagerie par r\u00e9sonance magn\u00e9tique (IRM)<\/strong> est souvent l\u2019examen le plus utile. Elle permet d\u2019observer avec pr\u00e9cision :<\/p>\n\n\n<ul class=\"wp-block-list\">\n\n<li>les disques intervert\u00e9braux<\/li>\n\n\n<li>les racines nerveuses<\/li>\n\n\n<li>les structures musculaires et ligamentaires<\/li>\n\n\n<li>la moelle \u00e9pini\u00e8re<\/li>\n\n<\/ul>\n\n\n<p>L\u2019IRM peut r\u00e9v\u00e9ler des anomalies telles que :<\/p>\n\n\n<ul class=\"wp-block-list\">\n\n<li>une hernie discale cervicale<\/li>\n\n\n<li>une inflammation des tissus<\/li>\n\n\n<li>une compression nerveuse<\/li>\n\n\n<li>une tumeur ou une l\u00e9sion rare<\/li>\n\n<\/ul>\n\n\n<p>Dans la plupart des cas de n\u00e9vralgie occipitale simple, l\u2019IRM ne montre aucune anomalie majeure, ce qui confirme que la douleur est principalement li\u00e9e \u00e0 des facteurs fonctionnels ou m\u00e9caniques.<\/p>\n\n\n<h4 class=\"wp-block-heading\">Le scanner (CT-scan)<\/h4>\n\n\n<p>Le <strong>scanner cervical<\/strong> est parfois utilis\u00e9 pour examiner plus pr\u00e9cis\u00e9ment les structures osseuses de la colonne cervicale. Cet examen peut mettre en \u00e9vidence :<\/p>\n\n\n<ul class=\"wp-block-list\">\n\n<li>l\u2019arthrose cervicale<\/li>\n\n\n<li>des ost\u00e9ophytes (becs osseux)<\/li>\n\n\n<li>des anomalies structurelles des vert\u00e8bres<\/li>\n\n<\/ul>\n\n\n<p>Il est particuli\u00e8rement utile lorsqu\u2019une cause osseuse est suspect\u00e9e.<\/p>\n\n\n<h4 class=\"wp-block-heading\">Les radiographies cervicales<\/h4>\n\n\n<p>Les <strong>radiographies du rachis cervical<\/strong> peuvent \u00e9galement \u00eatre r\u00e9alis\u00e9es pour \u00e9valuer l\u2019alignement de la colonne cervicale et d\u00e9tecter certaines anomalies structurelles. Elles peuvent montrer :<\/p>\n\n\n<ul class=\"wp-block-list\">\n\n<li>une perte de la courbure cervicale<\/li>\n\n\n<li>des signes d\u2019arthrose<\/li>\n\n\n<li>certaines instabilit\u00e9s vert\u00e9brales<\/li>\n\n<\/ul>\n\n\n<p>Cependant, leur capacit\u00e9 \u00e0 visualiser les tissus mous et les nerfs est limit\u00e9e.<\/p>\n\n\n<h3 class=\"wp-block-heading\"><span class=\"ez-toc-section\" id=\"Le_bloc_nerveux_diagnostique\"><\/span>Le bloc nerveux diagnostique<span class=\"ez-toc-section-end\"><\/span><\/h3>\n\n\n<p>Dans certains cas complexes, un <strong>bloc nerveux occipital<\/strong> peut \u00eatre r\u00e9alis\u00e9. Cette proc\u00e9dure consiste \u00e0 injecter un anesth\u00e9sique local autour du nerf occipital.<\/p>\n\n\n<p>Si la douleur dispara\u00eet temporairement apr\u00e8s l\u2019injection, cela confirme que le nerf est bien la source des sympt\u00f4mes. Ce test poss\u00e8de une double utilit\u00e9 :<\/p>\n\n\n<ul class=\"wp-block-list\">\n\n<li>confirmer le diagnostic<\/li>\n\n\n<li>apporter un soulagement temporaire de la douleur<\/li>\n\n<\/ul>\n\n\n<p>Les blocs nerveux sont g\u00e9n\u00e9ralement r\u00e9alis\u00e9s par des m\u00e9decins sp\u00e9cialis\u00e9s dans la gestion de la douleur.<\/p>\n\n\n<h3 class=\"wp-block-heading\"><span class=\"ez-toc-section\" id=\"Lelectromyographie_EMG\"><\/span>L\u2019\u00e9lectromyographie (EMG)<span class=\"ez-toc-section-end\"><\/span><\/h3>\n\n\n<p>L\u2019<strong>\u00e9lectromyographie<\/strong> est rarement utilis\u00e9e pour la n\u00e9vralgie occipitale, mais elle peut parfois \u00eatre propos\u00e9e lorsque le m\u00e9decin souhaite \u00e9valuer l\u2019activit\u00e9 \u00e9lectrique des nerfs et des muscles. Cet examen permet de d\u00e9tecter certaines atteintes nerveuses p\u00e9riph\u00e9riques.<\/p>\n\n\n<p>Cependant, dans la majorit\u00e9 des cas, l\u2019EMG n\u2019est pas n\u00e9cessaire.<\/p>\n\n\n<h3 class=\"wp-block-heading\"><span class=\"ez-toc-section\" id=\"Le_diagnostic_differentiel\"><\/span>Le diagnostic diff\u00e9rentiel<span class=\"ez-toc-section-end\"><\/span><\/h3>\n\n\n<p>La douleur occipitale peut \u00eatre provoqu\u00e9e par plusieurs conditions m\u00e9dicales. Il est donc essentiel de distinguer la n\u00e9vralgie occipitale d\u2019autres types de c\u00e9phal\u00e9es.<\/p>\n\n\n<h4 class=\"wp-block-heading\">Migraine<\/h4>\n\n\n<p>La migraine peut parfois provoquer une douleur \u00e0 l\u2019arri\u00e8re de la t\u00eate, mais elle est souvent accompagn\u00e9e de sympt\u00f4mes sp\u00e9cifiques :<\/p>\n\n\n<ul class=\"wp-block-list\">\n\n<li>naus\u00e9es<\/li>\n\n\n<li>vomissements<\/li>\n\n\n<li>sensibilit\u00e9 \u00e0 la lumi\u00e8re<\/li>\n\n\n<li>troubles visuels<\/li>\n\n<\/ul>\n\n\n<p>La douleur migraineuse est g\u00e9n\u00e9ralement pulsatile et peut durer plusieurs heures ou plusieurs jours.<\/p>\n\n\n<h4 class=\"wp-block-heading\">C\u00e9phal\u00e9e de tension<\/h4>\n\n\n<p>La <strong>c\u00e9phal\u00e9e de tension<\/strong> provoque souvent une sensation de pression ou de serrement autour de la t\u00eate. Contrairement \u00e0 la n\u00e9vralgie occipitale, la douleur est g\u00e9n\u00e9ralement diffuse et bilat\u00e9rale.<\/p>\n\n\n<p>Elle est souvent li\u00e9e au stress ou \u00e0 la fatigue musculaire.<\/p>\n\n\n<h4 class=\"wp-block-heading\">C\u00e9phal\u00e9e cervicog\u00e9nique<\/h4>\n\n\n<p>La <strong>c\u00e9phal\u00e9e cervicog\u00e9nique<\/strong> provient des structures cervicales, comme les articulations ou les muscles du cou. La douleur peut irradier vers la t\u00eate, mais elle est g\u00e9n\u00e9ralement d\u00e9clench\u00e9e par certains mouvements du cou.<\/p>\n\n\n<p>Cette condition peut parfois coexister avec une n\u00e9vralgie occipitale.<\/p>\n\n\n<h4 class=\"wp-block-heading\">Autres causes possibles<\/h4>\n\n\n<p>Dans de rares cas, certaines pathologies plus graves peuvent provoquer une douleur occipitale, notamment :<\/p>\n\n\n<ul class=\"wp-block-list\">\n\n<li>infections<\/li>\n\n\n<li>anomalies vasculaires<\/li>\n\n\n<li>tumeurs intracr\u00e2niennes<\/li>\n\n\n<li>certaines maladies neurologiques<\/li>\n\n<\/ul>\n\n\n<p>Ces situations sont beaucoup moins fr\u00e9quentes, mais elles doivent \u00eatre envisag\u00e9es si les sympt\u00f4mes sont atypiques ou s\u2019aggravent rapidement.<\/p>\n\n\n<h3 class=\"wp-block-heading\"><span class=\"ez-toc-section\" id=\"Une_approche_diagnostique_globale\"><\/span>Une approche diagnostique globale<span class=\"ez-toc-section-end\"><\/span><\/h3>\n\n\n<p>Le diagnostic de la n\u00e9vralgie occipitale repose donc sur une <strong>combinaison d\u2019\u00e9l\u00e9ments cliniques et d\u2019investigations cibl\u00e9es<\/strong>. L\u2019histoire de la douleur, l\u2019examen physique et, si n\u00e9cessaire, les examens d\u2019imagerie permettent d\u2019\u00e9tablir un diagnostic pr\u00e9cis.<\/p>\n\n\n<p style=\"margin-top:0;margin-bottom:0\">Cette approche globale est essentielle pour identifier la cause de la douleur et orienter la prise en charge vers les traitements les plus appropri\u00e9s.<\/p>\n\n<\/div><\/div>\n\n<\/div>\n\n<\/div>\n\n\n\n<figure class=\"wp-block-table\"><table class=\"has-background has-fixed-layout\" style=\"background-color:#d7debb\"><thead><tr><th>Condition<\/th><th>Diff\u00e9rence principale<\/th><\/tr><\/thead><tbody><tr><td>Migraine<\/td><td>douleur pulsatile avec naus\u00e9es<\/td><\/tr><tr><td>C\u00e9phal\u00e9e de tension<\/td><td>douleur bilat\u00e9rale diffuse<\/td><\/tr><tr><td>N\u00e9vralgie occipitale<\/td><td>douleur \u00e9lectrique localis\u00e9e<\/td><\/tr><\/tbody><\/table><\/figure>\n\n\n\n<h2 class=\"wp-block-heading has-white-color has-vivid-cyan-blue-background-color has-text-color has-background has-link-color wp-elements-e5438b252632130559a4f26286124840\"><span class=\"ez-toc-section\" id=\"Nevralgie_occipitale_et_syndrome_myofascial_une_interaction_frequente\"><\/span><strong><strong>N\u00e9vralgie occipitale et syndrome myofascial : une interaction fr\u00e9quente<\/strong><\/strong><span class=\"ez-toc-section-end\"><\/span><\/h2>\n\n\n\n<p>Dans la pratique clinique, la n\u00e9vralgie occipitale n\u2019appara\u00eet pas toujours comme un ph\u00e9nom\u00e8ne isol\u00e9. Elle est souvent associ\u00e9e \u00e0 un autre type de douleur tr\u00e8s fr\u00e9quent dans la r\u00e9gion cervicale : le <strong>syndrome myofascial<\/strong>. Cette interaction entre douleur nerveuse et tension musculaire cr\u00e9e parfois un tableau clinique complexe o\u00f9 les deux m\u00e9canismes se renforcent mutuellement.<\/p>\n\n\n\n<p>Comprendre cette relation est essentiel, car de nombreux patients pr\u00e9sentant une douleur occipitale souffrent en r\u00e9alit\u00e9 d\u2019une <strong>combinaison de compression nerveuse et de tensions musculaires profondes<\/strong>.<\/p>\n\n\n<div class=\"wp-block-image is-style-default\">\n<figure class=\"aligncenter\"><img decoding=\"async\" width=\"450\" height=\"266\" src=\"https:\/\/www.osteomag.ca\/wp-content\/uploads\/2020\/12\/Suboccipital-Group.jpg\" alt=\"\" class=\"wp-image-17125\" srcset=\"https:\/\/osteomag.ca\/wp-content\/uploads\/2020\/12\/Suboccipital-Group.jpg 450w, https:\/\/osteomag.ca\/wp-content\/uploads\/2020\/12\/Suboccipital-Group-80x47.jpg 80w\" sizes=\"(max-width: 450px) 100vw, 450px\" \/><figcaption class=\"wp-element-caption\">Points g\u00e2chettes (trigger point) pr\u00e9sentes pour les muscles sous occipitaux occasionneront un mal de t\u00eate dans la r\u00e9gion temporale<\/figcaption><\/figure>\n<\/div>\n\n\n<div class=\"wp-block-gutena-accordion gutena-accordion-block gutena-accordion-block-698fe4-01\" data-single=\"false\">\n\n<div class=\"wp-block-gutena-accordion-panel gutena-accordion-block__panel\">\n\n<div class=\"wp-block-gutena-accordion-panel-title gutena-accordion-block__panel-title\"><div class=\"gutena-accordion-block__panel-title-inner\">\n\n<h6 class=\"wp-block-heading has-text-align-left\" style=\"margin-top:0px;margin-right:0px;margin-bottom:0px;margin-left:0px\">Lire la suite<\/h6>\n\n<div class=\"trigger-plus-minus\"><div class=\"horizontal\"><\/div><div class=\"vertical\"><\/div><\/div><\/div><\/div>\n\n\n<div class=\"wp-block-gutena-accordion-panel-content gutena-accordion-block__panel-content\"><div class=\"gutena-accordion-block__panel-content-inner\">\n\n<p style=\"margin-top:0;margin-bottom:0\">Le syndrome myofascial : une douleur d\u2019origine musculaire<\/p>\n\n\n<p>Le syndrome myofascial correspond \u00e0 une affection des muscles et des tissus conjonctifs caract\u00e9ris\u00e9e par la pr\u00e9sence de <strong>points g\u00e2chettes<\/strong>, appel\u00e9s \u00e9galement <em>trigger points<\/em>. Ces points sont des zones hypersensibles situ\u00e9es dans un muscle contract\u00e9.<\/p>\n\n\n<p>Lorsqu\u2019ils sont stimul\u00e9s, ces points peuvent provoquer :<\/p>\n\n\n<ul class=\"wp-block-list\">\n\n<li>une douleur locale dans le muscle<\/li>\n\n\n<li>une douleur projet\u00e9e dans une autre r\u00e9gion<\/li>\n\n\n<li>une sensation de tension ou de raideur musculaire<\/li>\n\n\n<li>une limitation de mouvement<\/li>\n\n<\/ul>\n\n\n<p>Dans la r\u00e9gion cervico-occipitale, les muscles fr\u00e9quemment impliqu\u00e9s comprennent :<\/p>\n\n\n<ul class=\"wp-block-list\">\n\n<li>les <strong>muscles sous-occipitaux<\/strong><\/li>\n\n\n<li>le <strong>trap\u00e8ze sup\u00e9rieur<\/strong><\/li>\n\n\n<li>le <strong>spl\u00e9nius de la t\u00eate<\/strong><\/li>\n\n\n<li>le <strong>semi-\u00e9pineux de la t\u00eate<\/strong><\/li>\n\n<\/ul>\n\n\n<p>Ces muscles participent au maintien de la posture de la t\u00eate et sont donc tr\u00e8s sollicit\u00e9s dans les activit\u00e9s quotidiennes.<\/p>\n\n\n<h3 class=\"wp-block-heading\"><span class=\"ez-toc-section\" id=\"Les_points_gachettes_et_la_douleur_referee\"><\/span>Les points g\u00e2chettes et la douleur r\u00e9f\u00e9r\u00e9e<span class=\"ez-toc-section-end\"><\/span><\/h3>\n\n\n<p>Les points g\u00e2chettes des muscles cervicaux peuvent provoquer une <strong>douleur r\u00e9f\u00e9r\u00e9e vers la t\u00eate<\/strong>, ce qui peut facilement \u00eatre confondu avec une n\u00e9vralgie occipitale.<\/p>\n\n\n<p>Par exemple, un point g\u00e2chette dans le muscle trap\u00e8ze sup\u00e9rieur peut produire une douleur qui irradie vers :<\/p>\n\n\n<ul class=\"wp-block-list\">\n\n<li>la r\u00e9gion temporale<\/li>\n\n\n<li>l\u2019arri\u00e8re de la t\u00eate<\/li>\n\n\n<li>la r\u00e9gion orbitale<\/li>\n\n<\/ul>\n\n\n<p>De m\u00eame, les muscles sous-occipitaux peuvent projeter une douleur vers le sommet du cr\u00e2ne.<\/p>\n\n\n<p>Cette similitude dans la distribution de la douleur rend parfois difficile la distinction entre une douleur purement musculaire et une irritation nerveuse.<\/p>\n\n\n<h3 class=\"wp-block-heading\"><span class=\"ez-toc-section\" id=\"Quand_la_tension_musculaire_comprime_le_nerf\"><\/span>Quand la tension musculaire comprime le nerf<span class=\"ez-toc-section-end\"><\/span><\/h3>\n\n\n<p>Les muscles sous-occipitaux jouent un r\u00f4le central dans l\u2019interaction entre ces deux types de douleur. Ces petits muscles stabilisent la t\u00eate et participent aux micro-ajustements posturaux permanents.<\/p>\n\n\n<p>Lorsqu\u2019ils deviennent contract\u00e9s de mani\u00e8re chronique, ils peuvent :<\/p>\n\n\n<ul class=\"wp-block-list\">\n\n<li>r\u00e9duire l\u2019espace disponible pour le passage du nerf occipital<\/li>\n\n\n<li>exercer une pression m\u00e9canique sur le nerf<\/li>\n\n\n<li>provoquer une irritation nerveuse persistante<\/li>\n\n<\/ul>\n\n\n<p>Ainsi, un <strong>syndrome myofascial peut devenir la cause directe d\u2019une n\u00e9vralgie occipitale<\/strong>. Les tensions musculaires cr\u00e9ent un environnement o\u00f9 le nerf est constamment comprim\u00e9 ou irrit\u00e9.<\/p>\n\n\n<h3 class=\"wp-block-heading\"><span class=\"ez-toc-section\" id=\"Un_cercle_vicieux_douloureux\"><\/span>Un cercle vicieux douloureux<span class=\"ez-toc-section-end\"><\/span><\/h3>\n\n\n<p>Une fois que la douleur nerveuse appara\u00eet, elle peut \u00e0 son tour provoquer une <strong>augmentation de la tension musculaire<\/strong>. Le syst\u00e8me nerveux r\u00e9agit \u00e0 la douleur en augmentant le tonus musculaire dans la zone concern\u00e9e.<\/p>\n\n\n<p>Ce m\u00e9canisme peut entra\u00eener :<\/p>\n\n\n<ol class=\"wp-block-list\">\n\n<li>compression du nerf par les muscles<\/li>\n\n\n<li>douleur nerveuse<\/li>\n\n\n<li>contraction r\u00e9flexe des muscles<\/li>\n\n\n<li>augmentation de la compression nerveuse<\/li>\n\n<\/ol>\n\n\n<p>Ce <strong>cercle vicieux<\/strong> peut transformer une irritation temporaire en douleur chronique si rien n\u2019est fait pour rel\u00e2cher les tensions musculaires et restaurer l\u2019\u00e9quilibre m\u00e9canique de la r\u00e9gion cervicale.<\/p>\n\n\n<h3 class=\"wp-block-heading\"><span class=\"ez-toc-section\" id=\"Les_facteurs_qui_favorisent_cette_interaction\"><\/span>Les facteurs qui favorisent cette interaction<span class=\"ez-toc-section-end\"><\/span><\/h3>\n\n\n<p>Plusieurs facteurs peuvent favoriser l\u2019apparition simultan\u00e9e d\u2019une n\u00e9vralgie occipitale et d\u2019un syndrome myofascial :<\/p>\n\n\n<ul class=\"wp-block-list\">\n\n<li>une posture prolong\u00e9e t\u00eate en avant<\/li>\n\n\n<li>le travail prolong\u00e9 sur \u00e9cran<\/li>\n\n\n<li>le stress et la tension \u00e9motionnelle<\/li>\n\n\n<li>les traumatismes cervicaux<\/li>\n\n\n<li>la fatigue musculaire chronique<\/li>\n\n<\/ul>\n\n\n<p>Ces facteurs augmentent la tension dans les muscles cervicaux et cr\u00e9ent un environnement propice \u00e0 l\u2019irritation nerveuse.<\/p>\n\n\n<h3 class=\"wp-block-heading\"><span class=\"ez-toc-section\" id=\"Limportance_dune_approche_therapeutique_globale\"><\/span>L\u2019importance d\u2019une approche th\u00e9rapeutique globale<span class=\"ez-toc-section-end\"><\/span><\/h3>\n\n\n<p>Lorsqu\u2019une n\u00e9vralgie occipitale est associ\u00e9e \u00e0 un syndrome myofascial, le traitement doit viser <strong>\u00e0 la fois la composante nerveuse et la composante musculaire<\/strong>.<\/p>\n\n\n<p>Les approches th\u00e9rapeutiques peuvent inclure :<\/p>\n\n\n<ul class=\"wp-block-list\">\n\n<li>rel\u00e2chement des tensions musculaires<\/li>\n\n\n<li>traitement des points g\u00e2chettes<\/li>\n\n\n<li>am\u00e9lioration de la mobilit\u00e9 cervicale<\/li>\n\n\n<li>correction des troubles posturaux<\/li>\n\n\n<li>exercices d\u2019\u00e9tirement et de renforcement<\/li>\n\n<\/ul>\n\n\n<p>Une prise en charge globale permet de r\u00e9duire la compression du nerf et d\u2019interrompre le cercle vicieux entre douleur nerveuse et tension musculaire.<\/p>\n\n\n<p style=\"margin-top:0;margin-bottom:0\">Cette compr\u00e9hension de l\u2019interaction entre n\u00e9vralgie occipitale et syndrome myofascial aide \u00e0 expliquer pourquoi certaines douleurs de la nuque et de la t\u00eate peuvent persister malgr\u00e9 les traitements classiques, et pourquoi une approche int\u00e9grative est souvent n\u00e9cessaire pour obtenir un soulagement durable.<\/p>\n\n<\/div><\/div>\n\n<\/div>\n\n<\/div>\n\n\n<div class=\"wp-block-image is-resized\">\n<figure class=\"aligncenter size-large\"><img decoding=\"async\" width=\"918\" height=\"1030\" src=\"https:\/\/osteomag.ca\/wp-content\/uploads\/2023\/12\/image-17-918x1030.png\" alt=\"\" class=\"wp-image-36006\" style=\"width:520px;height:auto\" srcset=\"https:\/\/osteomag.ca\/wp-content\/uploads\/2023\/12\/image-17-918x1030.png 918w, https:\/\/osteomag.ca\/wp-content\/uploads\/2023\/12\/image-17-361x405.png 361w, https:\/\/osteomag.ca\/wp-content\/uploads\/2023\/12\/image-17-71x80.png 71w, https:\/\/osteomag.ca\/wp-content\/uploads\/2023\/12\/image-17-768x862.png 768w, https:\/\/osteomag.ca\/wp-content\/uploads\/2023\/12\/image-17-150x168.png 150w, https:\/\/osteomag.ca\/wp-content\/uploads\/2023\/12\/image-17-300x337.png 300w, https:\/\/osteomag.ca\/wp-content\/uploads\/2023\/12\/image-17-600x674.png 600w, https:\/\/osteomag.ca\/wp-content\/uploads\/2023\/12\/image-17-696x781.png 696w, https:\/\/osteomag.ca\/wp-content\/uploads\/2023\/12\/image-17.png 922w\" sizes=\"(max-width: 918px) 100vw, 918px\" \/><\/figure>\n<\/div>\n\n\n<h2 class=\"wp-block-heading has-white-color has-vivid-cyan-blue-background-color has-text-color has-background has-link-color wp-elements-81c592833762841f29985b16985a29ea\"><span class=\"ez-toc-section\" id=\"Impact_de_la_douleur_chronique_sur_le_systeme_nerveux_et_le_bien-etre_psychologique\"><\/span><strong>Impact de la douleur chronique sur le syst\u00e8me nerveux et le bien-\u00eatre psychologique<\/strong><span class=\"ez-toc-section-end\"><\/span><\/h2>\n\n\n\n<p>Lorsque la n\u00e9vralgie occipitale persiste dans le temps, elle ne se limite plus \u00e0 une simple douleur localis\u00e9e \u00e0 l\u2019arri\u00e8re du cr\u00e2ne. Comme de nombreuses douleurs chroniques, elle peut progressivement influencer le fonctionnement du syst\u00e8me nerveux, la qualit\u00e9 de vie et l\u2019\u00e9quilibre \u00e9motionnel de la personne. La douleur devient alors une exp\u00e9rience globale qui implique \u00e0 la fois le corps, le cerveau et l\u2019environnement psychologique du patient.<\/p>\n\n\n\n<p>Comprendre cet impact est essentiel, car la gestion de la douleur chronique ne consiste pas uniquement \u00e0 traiter un nerf irrit\u00e9, mais aussi \u00e0 <strong>r\u00e9\u00e9quilibrer les m\u00e9canismes de r\u00e9gulation du syst\u00e8me nerveux<\/strong>.<\/p>\n\n\n\n<div class=\"wp-block-gutena-accordion gutena-accordion-block gutena-accordion-block-c1c9b5-3d\" data-single=\"true\">\n\n<div class=\"wp-block-gutena-accordion-panel gutena-accordion-block__panel\">\n\n<div class=\"wp-block-gutena-accordion-panel-title gutena-accordion-block__panel-title\"><div class=\"gutena-accordion-block__panel-title-inner\">\n\n<h6 class=\"wp-block-heading has-text-align-left\" style=\"margin-top:0px;margin-right:0px;margin-bottom:0px;margin-left:0px\">Lire la suite<\/h6>\n\n<div class=\"trigger-up-down\"><div class=\"horizontal\"><\/div><div class=\"vertical\"><\/div><\/div><\/div><\/div>\n\n\n<div class=\"wp-block-gutena-accordion-panel-content gutena-accordion-block__panel-content\"><div class=\"gutena-accordion-block__panel-content-inner\">\n\n<p style=\"margin-top:0;margin-bottom:0\">La transformation d\u2019une douleur aigu\u00eb en douleur chronique<\/p>\n\n\n<p>\u00c0 l\u2019origine, la n\u00e9vralgie occipitale est souvent d\u00e9clench\u00e9e par une irritation m\u00e9canique du nerf. Cependant, lorsque la douleur persiste pendant plusieurs semaines ou plusieurs mois, le syst\u00e8me nerveux peut entrer dans un \u00e9tat de <strong>sensibilisation<\/strong>.<\/p>\n\n\n<p>Dans ce contexte, les neurones responsables de la transmission de la douleur deviennent plus r\u00e9actifs. Des stimuli normalement inoffensifs peuvent alors \u00eatre per\u00e7us comme douloureux.<\/p>\n\n\n<p>Ce ph\u00e9nom\u00e8ne peut provoquer :<\/p>\n\n\n<ul class=\"wp-block-list\">\n\n<li>une augmentation de l\u2019intensit\u00e9 de la douleur<\/li>\n\n\n<li>une hypersensibilit\u00e9 du cuir chevelu<\/li>\n\n\n<li>une douleur d\u00e9clench\u00e9e par des mouvements l\u00e9gers<\/li>\n\n\n<li>une persistance de la douleur m\u00eame lorsque la cause initiale s\u2019est att\u00e9nu\u00e9e<\/li>\n\n<\/ul>\n\n\n<p>Ce processus est parfois appel\u00e9 <strong>sensibilisation centrale<\/strong>, car il implique des modifications dans la mani\u00e8re dont le cerveau traite les signaux provenant du corps.<\/p>\n\n\n<h3 class=\"wp-block-heading has-vivid-cyan-blue-color has-text-color has-link-color wp-elements-dd0eb9e53e36d8a50141d398c10c11a9\"><span class=\"ez-toc-section\" id=\"Le_role_du_systeme_nerveux_autonome\"><\/span>Le r\u00f4le du syst\u00e8me nerveux autonome<span class=\"ez-toc-section-end\"><\/span><\/h3>\n\n\n<p>La douleur chronique influence \u00e9galement le fonctionnement du <strong>syst\u00e8me nerveux autonome<\/strong>, qui r\u00e9gule de nombreuses fonctions involontaires du corps, comme la respiration, le rythme cardiaque et la tension musculaire.<\/p>\n\n\n<p>Lorsque la douleur devient persistante, le syst\u00e8me nerveux sympathique peut rester activ\u00e9 de mani\u00e8re prolong\u00e9e. Cette activation entra\u00eene souvent :<\/p>\n\n\n<ul class=\"wp-block-list\">\n\n<li>une augmentation du tonus musculaire<\/li>\n\n\n<li>une tension dans les \u00e9paules et la nuque<\/li>\n\n\n<li>une difficult\u00e9 \u00e0 se d\u00e9tendre<\/li>\n\n\n<li>un sommeil perturb\u00e9<\/li>\n\n<\/ul>\n\n\n<p>Ce m\u00e9canisme peut contribuer \u00e0 maintenir la contraction des muscles cervicaux, ce qui entretient l\u2019irritation du nerf occipital.<\/p>\n\n\n<h3 class=\"wp-block-heading\"><span class=\"ez-toc-section\" id=\"Fatigue_mentale_et_diminution_de_la_concentration\"><\/span>Fatigue mentale et diminution de la concentration<span class=\"ez-toc-section-end\"><\/span><\/h3>\n\n\n<p>La douleur chronique sollicite en permanence l\u2019attention du cerveau. Lorsqu\u2019une personne vit avec une douleur persistante, une partie de ses ressources cognitives est constamment mobilis\u00e9e pour g\u00e9rer cette sensation.<\/p>\n\n\n<p>Cela peut entra\u00eener :<\/p>\n\n\n<ul class=\"wp-block-list\">\n\n<li>une difficult\u00e9 de concentration<\/li>\n\n\n<li>une fatigue mentale accrue<\/li>\n\n\n<li>une irritabilit\u00e9 plus importante<\/li>\n\n\n<li>une diminution de la capacit\u00e9 \u00e0 maintenir l\u2019attention<\/li>\n\n<\/ul>\n\n\n<p>Ces effets sont particuli\u00e8rement fr\u00e9quents lorsque la douleur perturbe le sommeil ou lorsqu\u2019elle est pr\u00e9sente pendant de longues p\u00e9riodes dans la journ\u00e9e.<\/p>\n\n\n<h3 class=\"wp-block-heading\"><span class=\"ez-toc-section\" id=\"Lanxiete_et_la_peur_du_mouvement\"><\/span>L\u2019anxi\u00e9t\u00e9 et la peur du mouvement<span class=\"ez-toc-section-end\"><\/span><\/h3>\n\n\n<p>Certaines personnes d\u00e9veloppent progressivement une <strong>peur d\u2019aggraver la douleur<\/strong>. Elles peuvent alors \u00e9viter certains mouvements du cou ou certaines activit\u00e9s physiques.<\/p>\n\n\n<p>Cette attitude de protection est compr\u00e9hensible, mais elle peut parfois entra\u00eener des cons\u00e9quences involontaires :<\/p>\n\n\n<ul class=\"wp-block-list\">\n\n<li>diminution de la mobilit\u00e9 cervicale<\/li>\n\n\n<li>perte de condition musculaire<\/li>\n\n\n<li>augmentation de la raideur<\/li>\n\n\n<li>persistance de la douleur<\/li>\n\n<\/ul>\n\n\n<p>Ce ph\u00e9nom\u00e8ne est bien connu dans le domaine de la douleur chronique et peut contribuer \u00e0 maintenir un cycle de tension et d\u2019inactivit\u00e9.<\/p>\n\n\n<h3 class=\"wp-block-heading\"><span class=\"ez-toc-section\" id=\"Limpact_sur_la_qualite_de_vie\"><\/span>L\u2019impact sur la qualit\u00e9 de vie<span class=\"ez-toc-section-end\"><\/span><\/h3>\n\n\n<p>Une douleur persistante dans la r\u00e9gion de la t\u00eate et de la nuque peut \u00e9galement affecter la vie quotidienne. Certaines activit\u00e9s deviennent plus difficiles, notamment :<\/p>\n\n\n<ul class=\"wp-block-list\">\n\n<li>travailler longtemps devant un \u00e9cran<\/li>\n\n\n<li>conduire sur de longues distances<\/li>\n\n\n<li>pratiquer certaines activit\u00e9s physiques<\/li>\n\n\n<li>maintenir certaines positions pendant une p\u00e9riode prolong\u00e9e<\/li>\n\n<\/ul>\n\n\n<p>Cette limitation peut parfois g\u00e9n\u00e9rer un sentiment de frustration ou de d\u00e9couragement.<\/p>\n\n\n<h3 class=\"wp-block-heading\"><span class=\"ez-toc-section\" id=\"Limportance_dune_approche_integrative\"><\/span>L\u2019importance d\u2019une approche int\u00e9grative<span class=\"ez-toc-section-end\"><\/span><\/h3>\n\n\n<p>La gestion de la n\u00e9vralgie occipitale chronique n\u00e9cessite souvent une approche globale visant \u00e0 agir \u00e0 la fois sur les facteurs physiques et sur les m\u00e9canismes de r\u00e9gulation du syst\u00e8me nerveux.<\/p>\n\n\n<p>Cette approche peut inclure :<\/p>\n\n\n<ul class=\"wp-block-list\">\n\n<li>la r\u00e9duction des tensions musculaires cervicales<\/li>\n\n\n<li>l\u2019am\u00e9lioration de la mobilit\u00e9 articulaire<\/li>\n\n\n<li>l\u2019apprentissage de techniques de relaxation<\/li>\n\n\n<li>la gestion du stress<\/li>\n\n\n<li>l\u2019\u00e9ducation th\u00e9rapeutique du patient<\/li>\n\n<\/ul>\n\n\n<p>En aidant le syst\u00e8me nerveux \u00e0 retrouver un \u00e9tat de r\u00e9gulation plus stable, ces strat\u00e9gies contribuent non seulement \u00e0 r\u00e9duire la douleur, mais aussi \u00e0 am\u00e9liorer la qualit\u00e9 de vie globale.<\/p>\n\n\n<p style=\"margin-top:0;margin-bottom:0\">Ainsi, la compr\u00e9hension de l\u2019impact de la douleur chronique rappelle que la n\u00e9vralgie occipitale n\u2019est pas uniquement une question de nerf irrit\u00e9. Elle s\u2019inscrit dans une dynamique plus large o\u00f9 le corps et le syst\u00e8me nerveux interagissent en permanence pour maintenir l\u2019\u00e9quilibre et l\u2019adaptation face aux contraintes du quotidien.<\/p>\n\n<\/div><\/div>\n\n<\/div>\n\n<\/div>\n\n\n\n<div class=\"wp-block-group\"><div class=\"wp-block-group__inner-container is-layout-constrained wp-block-group-is-layout-constrained\">\n<h2 class=\"wp-block-heading has-white-color has-vivid-cyan-blue-background-color has-text-color has-background has-link-color wp-elements-6cf1e7023ff7f968d1c71b53c67a53aa\"><span class=\"ez-toc-section\" id=\"Traitements_conservateurs_medicaments_repos_et_therapies_manuelles\"><\/span><strong>Traitements conservateurs : m\u00e9dicaments, repos et th\u00e9rapies manuelles<\/strong><span class=\"ez-toc-section-end\"><\/span><\/h2>\n\n\n\n<p>La prise en charge de la n\u00e9vralgie occipitale repose g\u00e9n\u00e9ralement sur des <strong>traitements conservateurs<\/strong>, c\u2019est-\u00e0-dire des approches non chirurgicales visant \u00e0 r\u00e9duire la douleur, diminuer l\u2019irritation nerveuse et corriger les facteurs m\u00e9caniques qui entretiennent le probl\u00e8me. Dans la majorit\u00e9 des cas, ces strat\u00e9gies permettent d\u2019obtenir une am\u00e9lioration significative des sympt\u00f4mes et de restaurer une meilleure qualit\u00e9 de vie.<\/p>\n\n\n\n<p>Le choix du traitement d\u00e9pend de plusieurs \u00e9l\u00e9ments, notamment l\u2019intensit\u00e9 de la douleur, la dur\u00e9e des sympt\u00f4mes et la cause sous-jacente identifi\u00e9e lors de l\u2019\u00e9valuation clinique.<\/p>\n\n\n\n<div class=\"wp-block-gutena-accordion gutena-accordion-block gutena-accordion-block-fbbb25-08\" data-single=\"false\">\n\n<div class=\"wp-block-gutena-accordion-panel gutena-accordion-block__panel\">\n\n<div class=\"wp-block-gutena-accordion-panel-title gutena-accordion-block__panel-title\"><div class=\"gutena-accordion-block__panel-title-inner\">\n\n<h6 class=\"wp-block-heading has-text-align-left\" style=\"margin-top:0px;margin-right:0px;margin-bottom:0px;margin-left:0px\">Lire la suite<\/h6>\n\n<div class=\"trigger-plus-minus\"><div class=\"horizontal\"><\/div><div class=\"vertical\"><\/div><\/div><\/div><\/div>\n\n\n<div class=\"wp-block-gutena-accordion-panel-content gutena-accordion-block__panel-content\"><div class=\"gutena-accordion-block__panel-content-inner\">\n\n<p style=\"margin-top:0;margin-bottom:0\">Les infiltrations et blocs nerveux<\/p>\n\n\n<p>Lorsque les traitements m\u00e9dicamenteux ne suffisent pas \u00e0 contr\u00f4ler la douleur, un <strong>bloc nerveux occipital<\/strong> peut \u00eatre envisag\u00e9. Cette proc\u00e9dure consiste \u00e0 injecter un anesth\u00e9sique local, parfois associ\u00e9 \u00e0 un anti-inflammatoire, autour du nerf occipital.<\/p>\n\n\n<p>L\u2019objectif est de :<\/p>\n\n\n<ul class=\"wp-block-list\">\n\n<li>interrompre temporairement la transmission des signaux douloureux<\/li>\n\n\n<li>r\u00e9duire l\u2019inflammation locale<\/li>\n\n\n<li>confirmer l\u2019origine nerveuse de la douleur<\/li>\n\n<\/ul>\n\n\n<p>Chez certains patients, ces injections peuvent apporter un soulagement durable et permettre au nerf irrit\u00e9 de r\u00e9cup\u00e9rer.<\/p>\n\n\n<h3 class=\"wp-block-heading\"><span class=\"ez-toc-section\" id=\"Les_therapies_manuelles\"><\/span>Les th\u00e9rapies manuelles<span class=\"ez-toc-section-end\"><\/span><\/h3>\n\n\n<p>Les th\u00e9rapies manuelles jouent un r\u00f4le important dans la prise en charge des n\u00e9vralgies occipitales, surtout lorsque la douleur est li\u00e9e \u00e0 des tensions musculaires ou \u00e0 des troubles m\u00e9caniques de la colonne cervicale.<\/p>\n\n\n<p>Ces approches visent \u00e0 :<\/p>\n\n\n<ul class=\"wp-block-list\">\n\n<li>rel\u00e2cher les tensions musculaires<\/li>\n\n\n<li>am\u00e9liorer la mobilit\u00e9 cervicale<\/li>\n\n\n<li>r\u00e9duire la pression exerc\u00e9e sur le nerf occipital<\/li>\n\n\n<li>restaurer un fonctionnement plus harmonieux des structures cervicales<\/li>\n\n<\/ul>\n\n\n<p>Parmi les approches les plus utilis\u00e9es :<\/p>\n\n\n<ul class=\"wp-block-list\">\n\n<li>la th\u00e9rapie manuelle<\/li>\n\n\n<li>les techniques de mobilisation articulaire<\/li>\n\n\n<li>les techniques de rel\u00e2chement myofascial<\/li>\n\n\n<li>certaines formes de physioth\u00e9rapie<\/li>\n\n<\/ul>\n\n\n<p>Ces traitements peuvent contribuer \u00e0 diminuer les tensions dans la r\u00e9gion sous-occipitale et \u00e0 am\u00e9liorer la circulation sanguine dans les tissus environnants.<\/p>\n\n\n<h3 class=\"wp-block-heading\"><span class=\"ez-toc-section\" id=\"Le_role_du_repos_et_de_la_modification_des_activites\"><\/span>Le r\u00f4le du repos et de la modification des activit\u00e9s<span class=\"ez-toc-section-end\"><\/span><\/h3>\n\n\n<p>Dans certaines situations, la douleur peut \u00eatre aggrav\u00e9e par des activit\u00e9s r\u00e9p\u00e9titives ou des postures prolong\u00e9es. Une p\u00e9riode de <strong>repos relatif<\/strong> peut alors \u00eatre utile afin de r\u00e9duire l\u2019irritation du nerf.<\/p>\n\n\n<p>Il ne s\u2019agit pas d\u2019une immobilisation compl\u00e8te, mais plut\u00f4t d\u2019un ajustement temporaire des activit\u00e9s susceptibles d\u2019augmenter la tension cervicale.<\/p>\n\n\n<p>Par exemple :<\/p>\n\n\n<ul class=\"wp-block-list\">\n\n<li>r\u00e9duire le temps pass\u00e9 devant les \u00e9crans<\/li>\n\n\n<li>\u00e9viter les positions prolong\u00e9es avec la t\u00eate inclin\u00e9e vers l\u2019avant<\/li>\n\n\n<li>limiter les mouvements brusques du cou<\/li>\n\n<\/ul>\n\n\n<p>Ces ajustements permettent souvent de diminuer les contraintes m\u00e9caniques exerc\u00e9es sur la r\u00e9gion cervicale.<\/p>\n\n\n<h3 class=\"wp-block-heading\"><span class=\"ez-toc-section\" id=\"Limportance_dune_prise_en_charge_progressive\"><\/span>L\u2019importance d\u2019une prise en charge progressive<span class=\"ez-toc-section-end\"><\/span><\/h3>\n\n\n<p>La prise en charge de la n\u00e9vralgie occipitale n\u00e9cessite souvent une approche progressive combinant plusieurs strat\u00e9gies th\u00e9rapeutiques. Les m\u00e9dicaments peuvent aider \u00e0 contr\u00f4ler la douleur dans les phases initiales, tandis que les th\u00e9rapies manuelles et les exercices adapt\u00e9s visent \u00e0 corriger les facteurs m\u00e9caniques responsables de l\u2019irritation nerveuse.<\/p>\n\n\n<p>Dans la majorit\u00e9 des cas, cette combinaison de traitements conservateurs permet d\u2019obtenir une am\u00e9lioration notable des sympt\u00f4mes et d\u2019\u00e9viter le recours \u00e0 des interventions plus invasives.<\/p>\n\n\n<p style=\"margin-top:0;margin-bottom:0\">Ainsi, une approche th\u00e9rapeutique adapt\u00e9e, associant traitement m\u00e9dical, correction posturale et prise en charge fonctionnelle de la r\u00e9gion cervicale, constitue g\u00e9n\u00e9ralement la strat\u00e9gie la plus efficace pour soulager durablement les n\u00e9vralgies occipitales.<\/p>\n\n<\/div><\/div>\n\n<\/div>\n\n<\/div>\n<\/div><\/div>\n\n\n\n<div class=\"wp-block-group\"><div class=\"wp-block-group__inner-container is-layout-constrained wp-block-group-is-layout-constrained\">\n<h2 class=\"wp-block-heading has-white-color has-vivid-cyan-blue-background-color has-text-color has-background has-link-color wp-elements-87483ec1e2b17c81bbc66657c8c38176\"><span class=\"ez-toc-section\" id=\"Lapproche_osteopathique_dans_la_prise_en_charge_des_nevralgies_occipitales\"><\/span><strong><strong>L\u2019approche ost\u00e9opathique dans la prise en charge des n\u00e9vralgies occipitales<\/strong><\/strong><span class=\"ez-toc-section-end\"><\/span><\/h2>\n\n\n\n<p>L\u2019ost\u00e9opathie peut jouer un r\u00f4le int\u00e9ressant dans la prise en charge des n\u00e9vralgies occipitales en s\u2019int\u00e9ressant non seulement au nerf irrit\u00e9, mais aussi aux structures m\u00e9caniques et musculaires qui l\u2019entourent. Le principe fondamental de cette approche est de rechercher les tensions, restrictions de mobilit\u00e9 ou compressions susceptibles d\u2019exercer une contrainte sur les nerfs occipitaux, en particulier le <strong>nerf occipital majeur (nerf d\u2019Arnold)<\/strong>.<\/p>\n\n\n\n<div class=\"wp-block-gutena-accordion gutena-accordion-block gutena-accordion-block-af9fd1-12\" data-single=\"false\">\n\n<div class=\"wp-block-gutena-accordion-panel gutena-accordion-block__panel\">\n\n<div class=\"wp-block-gutena-accordion-panel-title gutena-accordion-block__panel-title\"><div class=\"gutena-accordion-block__panel-title-inner\">\n\n<h6 class=\"wp-block-heading has-text-align-left\" style=\"margin-top:0px;margin-right:0px;margin-bottom:0px;margin-left:0px\">Lire la suite<\/h6>\n\n<div class=\"trigger-plus-minus\"><div class=\"horizontal\"><\/div><div class=\"vertical\"><\/div><\/div><\/div><\/div>\n\n\n<div class=\"wp-block-gutena-accordion-panel-content gutena-accordion-block__panel-content\"><div class=\"gutena-accordion-block__panel-content-inner\">\n\n<p style=\"margin-top:0;margin-bottom:0\">L\u2019\u00e9valuation ost\u00e9opathique commence g\u00e9n\u00e9ralement par une analyse globale de la posture et de la mobilit\u00e9 cervicale. Les troubles fonctionnels des premi\u00e8res vert\u00e8bres cervicales, notamment <strong>C1 (atlas) et C2 (axis)<\/strong>, peuvent modifier les relations m\u00e9caniques entre les muscles sous-occipitaux et les nerfs qui traversent cette r\u00e9gion. Une perte de mobilit\u00e9 de ces segments peut contribuer \u00e0 maintenir une irritation nerveuse persistante.<\/p>\n\n\n<p>Une attention particuli\u00e8re est \u00e9galement port\u00e9e aux <strong>muscles sous-occipitaux<\/strong>, tels que le droit post\u00e9rieur majeur, le droit post\u00e9rieur mineur et l\u2019oblique inf\u00e9rieur de la t\u00eate. Ces muscles jouent un r\u00f4le essentiel dans les mouvements fins de la t\u00eate, mais peuvent aussi devenir une source importante de tension. Lorsqu\u2019ils sont contract\u00e9s de mani\u00e8re chronique, ils peuvent comprimer ou irriter les nerfs occipitaux.<\/p>\n\n\n<p>Dans ce contexte, l\u2019ost\u00e9opathe recherche souvent la pr\u00e9sence de <strong>points g\u00e2chettes myofasciaux (myofascial trigger points)<\/strong> dans les muscles cervicaux et sous-occipitaux. Ces zones hypersensibles situ\u00e9es dans les fibres musculaires peuvent provoquer des douleurs r\u00e9f\u00e9r\u00e9es vers l\u2019arri\u00e8re de la t\u00eate et le cuir chevelu, mimant parfois une n\u00e9vralgie occipitale ou aggravant les sympt\u00f4mes existants. Le traitement de ces points peut contribuer \u00e0 r\u00e9duire la tension musculaire et \u00e0 am\u00e9liorer la circulation locale.<\/p>\n\n\n<p>Plusieurs techniques ost\u00e9opathiques peuvent \u00eatre utilis\u00e9es dans cette r\u00e9gion d\u00e9licate. Les <strong>techniques myofasciales<\/strong> visent \u00e0 rel\u00e2cher les tensions dans les fascias cervicaux profonds et superficiels, permettant de diminuer les contraintes m\u00e9caniques autour des nerfs. Les <strong>techniques de rel\u00e2chement musculaire<\/strong> appliqu\u00e9es aux muscles sous-occipitaux permettent quant \u00e0 elles de r\u00e9duire les contractures et de restaurer un meilleur \u00e9quilibre musculaire.<\/p>\n\n\n<p>Les <strong>techniques articulaires douces<\/strong> peuvent \u00e9galement \u00eatre employ\u00e9es pour am\u00e9liorer la mobilit\u00e9 des segments cervicaux sup\u00e9rieurs, en particulier au niveau de l\u2019articulation atlanto-occipitale et atlanto-axiale. L\u2019objectif n\u2019est pas de manipuler de mani\u00e8re brutale, mais plut\u00f4t de restaurer une mobilit\u00e9 physiologique afin de r\u00e9duire les contraintes sur les structures nerveuses.<\/p>\n\n\n<p>Enfin, l\u2019ost\u00e9opathe peut int\u00e9grer des conseils posturaux et des exercices simples visant \u00e0 diminuer les tensions chroniques du cou, notamment chez les personnes travaillant longtemps devant un \u00e9cran. Cette approche globale vise \u00e0 agir sur les facteurs m\u00e9caniques qui entretiennent l\u2019irritation nerveuse et \u00e0 favoriser un fonctionnement plus harmonieux de la r\u00e9gion cervico-cr\u00e2nienne.<\/p>\n\n\n<p style=\"margin-top:0;margin-bottom:0\">Bien que l\u2019ost\u00e9opathie ne remplace pas l\u2019\u00e9valuation m\u00e9dicale lorsque la douleur est intense ou inhabituelle, elle peut constituer une approche compl\u00e9mentaire int\u00e9ressante pour am\u00e9liorer la mobilit\u00e9 cervicale, r\u00e9duire les tensions musculaires et diminuer la pression exerc\u00e9e sur les nerfs occipitaux.<\/p>\n\n<\/div><\/div>\n\n<\/div>\n\n<\/div>\n<\/div><\/div>\n\n\n\n<div class=\"wp-block-group\"><div class=\"wp-block-group__inner-container is-layout-constrained wp-block-group-is-layout-constrained\">\n<div style=\"background:#eef8f1; border-left:5px solid #2e8b57; padding:22px; margin:30px 0; border-radius:8px;\">\n  <h3 style=\"margin-top:0; color:#1f5e3b;\"><span class=\"ez-toc-section\" id=\"Conseil_pratique\"><\/span>Conseil pratique<span class=\"ez-toc-section-end\"><\/span><\/h3>\n  <ul style=\"margin:0; padding-left:20px; line-height:1.9; font-size:16px; color:#222;\">\n    <li>\u00c9vitez de garder la t\u00eate pench\u00e9e vers l\u2019avant pendant de longues p\u00e9riodes, surtout devant un t\u00e9l\u00e9phone ou un ordinateur.<\/li>\n    <li>Faites des pauses r\u00e9guli\u00e8res au cours de la journ\u00e9e pour rel\u00e2cher les tensions cervicales.<\/li>\n    <li>Adoptez une posture assise o\u00f9 la nuque reste dans un alignement confortable avec le haut du dos.<\/li>\n    <li>Privil\u00e9giez des mouvements doux du cou plut\u00f4t que des \u00e9tirements brusques ou forc\u00e9s.<\/li>\n    <li>Un oreiller bien adapt\u00e9 peut aider \u00e0 limiter les contraintes sur la r\u00e9gion cervicale pendant la nuit.<\/li>\n  <\/ul>\n<\/div>\n\n\n\n<h2 class=\"wp-block-heading has-white-color has-vivid-cyan-blue-background-color has-text-color has-background has-link-color wp-elements-a80bfeeea74ec7ca590655def4af13f2\"><span class=\"ez-toc-section\" id=\"Exercices_et_etirements_pour_soulager_la_region_cervico-occipitale\"><\/span><strong><strong>Exercices et \u00e9tirements pour soulager la r\u00e9gion cervico-occipitale<\/strong><br><\/strong><span class=\"ez-toc-section-end\"><\/span><\/h2>\n\n\n\n<p>Les exercices et \u00e9tirements cervicaux peuvent jouer un r\u00f4le important dans la gestion et la pr\u00e9vention des n\u00e9vralgies occipitales. Lorsque la douleur est li\u00e9e \u00e0 des tensions musculaires ou \u00e0 des contraintes posturales, des mouvements doux et r\u00e9guliers permettent de <strong>r\u00e9duire la rigidit\u00e9 musculaire, am\u00e9liorer la mobilit\u00e9 cervicale et diminuer la pression exerc\u00e9e sur les nerfs occipitaux<\/strong>.<\/p>\n\n\n\n<p>Il est cependant essentiel que ces exercices soient r\u00e9alis\u00e9s de mani\u00e8re <strong>progressive et sans douleur<\/strong>, afin d\u2019\u00e9viter toute irritation suppl\u00e9mentaire des structures nerveuses.<\/p>\n\n\n\n<div class=\"wp-block-gutena-accordion gutena-accordion-block gutena-accordion-block-96e223-5d\" data-single=\"false\">\n\n<div class=\"wp-block-gutena-accordion-panel gutena-accordion-block__panel\">\n\n<div class=\"wp-block-gutena-accordion-panel-title gutena-accordion-block__panel-title\"><div class=\"gutena-accordion-block__panel-title-inner\">\n\n<h6 class=\"wp-block-heading has-text-align-left\" style=\"margin-top:0px;margin-right:0px;margin-bottom:0px;margin-left:0px\">Lire la suite<\/h6>\n\n<div class=\"trigger-plus-minus\"><div class=\"horizontal\"><\/div><div class=\"vertical\"><\/div><\/div><\/div><\/div>\n\n\n<div class=\"wp-block-gutena-accordion-panel-content gutena-accordion-block__panel-content\"><div class=\"gutena-accordion-block__panel-content-inner\">\n\n<p style=\"margin-top:0;margin-bottom:0\">\u00c9tirement des muscles sous-occipitaux<\/p>\n\n\n<p>Les muscles sous-occipitaux sont souvent impliqu\u00e9s dans les n\u00e9vralgies occipitales. Leur contraction prolong\u00e9e peut exercer une pression sur le nerf occipital majeur.<\/p>\n\n\n<p><strong>Exercice : flexion cervicale douce<\/strong><\/p>\n\n\n<ol class=\"wp-block-list\">\n\n<li>Asseyez-vous confortablement sur une chaise avec le dos droit.<\/li>\n\n\n<li>Abaissez lentement le menton vers la poitrine.<\/li>\n\n\n<li>Maintenez la position pendant <strong>20 \u00e0 30 secondes<\/strong>.<\/li>\n\n\n<li>Respirez calmement et rel\u00e2chez progressivement la tension.<\/li>\n\n\n<li>Revenez lentement \u00e0 la position neutre.<\/li>\n\n<\/ol>\n\n\n<p>Cet exercice permet d\u2019\u00e9tirer la r\u00e9gion post\u00e9rieure de la nuque et de r\u00e9duire la tension dans les muscles sous-occipitaux.<\/p>\n\n\n<h3 class=\"wp-block-heading\"><span class=\"ez-toc-section\" id=\"Etirement_lateral_du_cou\"><\/span><strong>\u00c9tirement lat\u00e9ral du cou<\/strong><span class=\"ez-toc-section-end\"><\/span><\/h3>\n\n\n<p>Cet exercice cible les muscles lat\u00e9raux du cou et du trap\u00e8ze sup\u00e9rieur.<\/p>\n\n\n<p><strong>Exercice : inclinaison lat\u00e9rale<\/strong><\/p>\n\n\n<ol class=\"wp-block-list\">\n\n<li>Asseyez-vous ou tenez-vous debout avec la colonne droite.<\/li>\n\n\n<li>Inclinez doucement la t\u00eate vers l\u2019\u00e9paule droite.<\/li>\n\n\n<li>Maintenez la position <strong>20 secondes<\/strong> sans hausser l\u2019\u00e9paule.<\/li>\n\n\n<li>Revenez lentement \u00e0 la position neutre.<\/li>\n\n\n<li>R\u00e9p\u00e9tez du c\u00f4t\u00e9 oppos\u00e9.<\/li>\n\n<\/ol>\n\n\n<p>Cet \u00e9tirement aide \u00e0 rel\u00e2cher les tensions accumul\u00e9es dans les muscles cervicaux.<\/p>\n\n\n<h3 class=\"wp-block-heading\"><span class=\"ez-toc-section\" id=\"Rotation_douce_de_la_tete\"><\/span><strong>Rotation douce de la t\u00eate<\/strong><span class=\"ez-toc-section-end\"><\/span><\/h3>\n\n\n<p>Les rotations cervicales permettent d\u2019am\u00e9liorer la mobilit\u00e9 articulaire et de r\u00e9duire la rigidit\u00e9 de la nuque.<\/p>\n\n\n<p><strong>Exercice : rotation cervicale<\/strong><\/p>\n\n\n<ol class=\"wp-block-list\">\n\n<li>Asseyez-vous confortablement avec le dos droit.<\/li>\n\n\n<li>Tournez lentement la t\u00eate vers la droite.<\/li>\n\n\n<li>Maintenez la position pendant <strong>10 \u00e0 15 secondes<\/strong>.<\/li>\n\n\n<li>Revenez doucement au centre.<\/li>\n\n\n<li>R\u00e9p\u00e9tez vers la gauche.<\/li>\n\n<\/ol>\n\n\n<p>Cet exercice doit \u00eatre effectu\u00e9 lentement afin d\u2019\u00e9viter toute irritation du nerf.<\/p>\n\n\n<h3 class=\"wp-block-heading\"><span class=\"ez-toc-section\" id=\"Etirement_du_trapeze_superieur\"><\/span><strong>\u00c9tirement du trap\u00e8ze sup\u00e9rieur<\/strong><span class=\"ez-toc-section-end\"><\/span><\/h3>\n\n\n<p>Le trap\u00e8ze sup\u00e9rieur est souvent tendu chez les personnes souffrant de douleurs cervicales.<\/p>\n\n\n<p><strong>Exercice : \u00e9tirement assist\u00e9<\/strong><\/p>\n\n\n<ol class=\"wp-block-list\">\n\n<li>Inclinez la t\u00eate vers l\u2019\u00e9paule droite.<\/li>\n\n\n<li>Placez la main droite sur le c\u00f4t\u00e9 de la t\u00eate.<\/li>\n\n\n<li>Appliquez une l\u00e9g\u00e8re pression pour accentuer l\u2019\u00e9tirement.<\/li>\n\n\n<li>Maintenez la position <strong>20 \u00e0 30 secondes<\/strong>.<\/li>\n\n\n<li>R\u00e9p\u00e9tez de l\u2019autre c\u00f4t\u00e9.<\/li>\n\n<\/ol>\n\n\n<p>Cet \u00e9tirement peut contribuer \u00e0 diminuer la tension dans les \u00e9paules et la nuque.<\/p>\n\n\n<h3 class=\"wp-block-heading\"><span class=\"ez-toc-section\" id=\"Mobilisation_douce_de_la_nuque\"><\/span><strong>Mobilisation douce de la nuque<\/strong><span class=\"ez-toc-section-end\"><\/span><\/h3>\n\n\n<p>Une mobilisation l\u00e9g\u00e8re peut \u00e9galement aider \u00e0 maintenir la souplesse des structures cervicales.<\/p>\n\n\n<p><strong>Exercice : cercle cervical contr\u00f4l\u00e9<\/strong><\/p>\n\n\n<ol class=\"wp-block-list\">\n\n<li>Inclinez doucement la t\u00eate vers l\u2019avant.<\/li>\n\n\n<li>D\u00e9crivez lentement un demi-cercle vers la droite.<\/li>\n\n\n<li>Revenez au centre.<\/li>\n\n\n<li>R\u00e9p\u00e9tez vers la gauche.<\/li>\n\n<\/ol>\n\n\n<p>Il est pr\u00e9f\u00e9rable d\u2019\u00e9viter les mouvements circulaires complets si ceux-ci provoquent une g\u00eane.<\/p>\n\n\n<h3 class=\"wp-block-heading\"><span class=\"ez-toc-section\" id=\"Exercices_de_relaxation_musculaire\"><\/span><strong>Exercices de relaxation musculaire<\/strong><span class=\"ez-toc-section-end\"><\/span><\/h3>\n\n\n<p>La tension musculaire chronique est souvent associ\u00e9e au stress. Les exercices de relaxation peuvent aider \u00e0 diminuer l\u2019activit\u00e9 excessive des muscles cervicaux.<\/p>\n\n\n<p>Une technique simple consiste \u00e0 pratiquer la <strong>respiration diaphragmatique<\/strong> :<\/p>\n\n\n<ol class=\"wp-block-list\">\n\n<li>Asseyez-vous confortablement.<\/li>\n\n\n<li>Inspirez lentement par le nez en laissant le ventre se gonfler.<\/li>\n\n\n<li>Expirez lentement par la bouche.<\/li>\n\n\n<li>R\u00e9p\u00e9tez pendant <strong>5 minutes<\/strong>.<\/li>\n\n<\/ol>\n\n\n<p>Cette respiration favorise la d\u00e9tente du syst\u00e8me nerveux et peut r\u00e9duire la tension dans la nuque.<\/p>\n\n\n<h3 class=\"wp-block-heading\"><span class=\"ez-toc-section\" id=\"Frequence_et_precautions\"><\/span><strong>Fr\u00e9quence et pr\u00e9cautions<\/strong><span class=\"ez-toc-section-end\"><\/span><\/h3>\n\n\n<p>Ces exercices peuvent \u00eatre pratiqu\u00e9s <strong>une \u00e0 deux fois par jour<\/strong>, en particulier chez les personnes expos\u00e9es \u00e0 des postures prolong\u00e9es devant un \u00e9cran.<\/p>\n\n\n<p>Cependant, certaines pr\u00e9cautions doivent \u00eatre respect\u00e9es :<\/p>\n\n\n<ul class=\"wp-block-list\">\n\n<li>\u00e9viter les mouvements brusques<\/li>\n\n\n<li>arr\u00eater l\u2019exercice si la douleur augmente<\/li>\n\n\n<li>consulter un professionnel de sant\u00e9 si les sympt\u00f4mes persistent<\/li>\n\n<\/ul>\n\n\n<h3 class=\"wp-block-heading\"><span class=\"ez-toc-section\" id=\"Un_outil_de_prevention\"><\/span><strong>Un outil de pr\u00e9vention<\/strong><span class=\"ez-toc-section-end\"><\/span><\/h3>\n\n\n<p>Les exercices cervicaux ne remplacent pas une \u00e9valuation m\u00e9dicale, mais ils constituent un outil simple et efficace pour <strong>maintenir la souplesse musculaire, am\u00e9liorer la posture et r\u00e9duire les tensions dans la r\u00e9gion cervico-occipitale<\/strong>.<\/p>\n\n\n<p style=\"margin-top:0;margin-bottom:0\">Pratiqu\u00e9s r\u00e9guli\u00e8rement, ils contribuent \u00e0 diminuer les contraintes m\u00e9caniques exerc\u00e9es sur les nerfs occipitaux et peuvent ainsi aider \u00e0 pr\u00e9venir les r\u00e9cidives de n\u00e9vralgie occipitale.<\/p>\n\n<\/div><\/div>\n\n<\/div>\n\n<\/div>\n<\/div><\/div>\n\n\n\n<div class=\"wp-block-group\"><div class=\"wp-block-group__inner-container is-layout-constrained wp-block-group-is-layout-constrained\">\n<h2 class=\"wp-block-heading has-white-color has-vivid-cyan-blue-background-color has-text-color has-background has-link-color wp-elements-b95866624e9fd6ff903ac826bba96e20\"><span class=\"ez-toc-section\" id=\"Prevention_posture_ergonomie_et_hygiene_de_vie\"><\/span><strong><strong>Pr\u00e9vention : posture, ergonomie et hygi\u00e8ne de vie<\/strong><\/strong><span class=\"ez-toc-section-end\"><\/span><\/h2>\n\n\n\n<p>La pr\u00e9vention des n\u00e9vralgies occipitales repose en grande partie sur la r\u00e9duction des contraintes m\u00e9caniques exerc\u00e9es sur la r\u00e9gion cervico-occipitale. \u00c9tant donn\u00e9 que ces douleurs sont souvent li\u00e9es \u00e0 des tensions musculaires, \u00e0 des troubles posturaux ou \u00e0 des microtraumatismes r\u00e9p\u00e9t\u00e9s, certaines habitudes quotidiennes peuvent contribuer \u00e0 prot\u00e9ger les structures cervicales et \u00e0 limiter l\u2019irritation des nerfs occipitaux.<\/p>\n\n\n\n<div style=\"background:#fff4f4; border-left:5px solid #c0392b; padding:22px; margin:30px 0; border-radius:8px;\">\n  <h3 style=\"margin-top:0; color:#a93226;\"><span class=\"ez-toc-section\" id=\"A_eviter\"><\/span>\u00c0 \u00e9viter<span class=\"ez-toc-section-end\"><\/span><\/h3>\n  <ul style=\"margin:0; padding-left:20px; line-height:1.9; font-size:16px; color:#222;\">\n    <li>\u00c9viter les mouvements brusques ou les rotations rapides du cou qui peuvent aggraver l\u2019irritation nerveuse.<\/li>\n    <li>\u00c9viter de rester longtemps avec la t\u00eate pench\u00e9e vers l\u2019avant, notamment lors de l\u2019utilisation du t\u00e9l\u00e9phone ou de l\u2019ordinateur.<\/li>\n    <li>\u00c9viter les manipulations cervicales auto-administr\u00e9es ou les craquements r\u00e9p\u00e9t\u00e9s du cou.<\/li>\n    <li>\u00c9viter les \u00e9tirements forc\u00e9s de la nuque lorsque la douleur est intense.<\/li>\n    <li>\u00c9viter de porter des charges lourdes qui augmentent les tensions dans la r\u00e9gion cervicale.<\/li>\n  <\/ul>\n<\/div>\n\n\n\n<p>Adopter de bonnes pratiques en mati\u00e8re de posture, d\u2019ergonomie et d\u2019hygi\u00e8ne de vie permet non seulement de r\u00e9duire les risques de douleur, mais aussi de maintenir un \u00e9quilibre fonctionnel dans la r\u00e9gion de la nuque.<\/p>\n\n\n\n<div class=\"wp-block-gutena-accordion gutena-accordion-block gutena-accordion-block-880036-52\" data-single=\"false\">\n\n<div class=\"wp-block-gutena-accordion-panel gutena-accordion-block__panel\">\n\n<div class=\"wp-block-gutena-accordion-panel-title gutena-accordion-block__panel-title\"><div class=\"gutena-accordion-block__panel-title-inner\">\n\n<h6 class=\"wp-block-heading has-text-align-left\" style=\"margin-top:0px;margin-right:0px;margin-bottom:0px;margin-left:0px\">Lire la suite<\/h6>\n\n<div class=\"trigger-plus-minus\"><div class=\"horizontal\"><\/div><div class=\"vertical\"><\/div><\/div><\/div><\/div>\n\n\n<div class=\"wp-block-gutena-accordion-panel-content gutena-accordion-block__panel-content\"><div class=\"gutena-accordion-block__panel-content-inner\">\n\n<p style=\"margin-top:0;margin-bottom:0\">Maintenir une posture cervicale \u00e9quilibr\u00e9e<\/p>\n\n\n<p>La posture de la t\u00eate joue un r\u00f4le central dans la pr\u00e9vention des tensions cervicales. Lorsque la t\u00eate est projet\u00e9e vers l\u2019avant, la charge exerc\u00e9e sur les muscles et les articulations cervicales augmente consid\u00e9rablement.<\/p>\n\n\n<p>Pour maintenir une posture plus favorable :<\/p>\n\n\n<ul class=\"wp-block-list\">\n\n<li>la t\u00eate doit rester <strong>align\u00e9e avec la colonne vert\u00e9brale<\/strong><\/li>\n\n\n<li>les \u00e9paules doivent \u00eatre <strong>rel\u00e2ch\u00e9es et l\u00e9g\u00e8rement vers l\u2019arri\u00e8re<\/strong><\/li>\n\n\n<li>le menton doit \u00eatre <strong>l\u00e9g\u00e8rement rentr\u00e9<\/strong><\/li>\n\n<\/ul>\n\n\n<p>Cet alignement permet de r\u00e9partir plus harmonieusement les contraintes m\u00e9caniques sur les structures cervicales.<\/p>\n\n\n<h3 class=\"wp-block-heading\"><span class=\"ez-toc-section\" id=\"Ameliorer_lergonomie_du_poste_de_travail\"><\/span><strong>Am\u00e9liorer l\u2019ergonomie du poste de travail<\/strong><span class=\"ez-toc-section-end\"><\/span><\/h3>\n\n\n<p>Le travail prolong\u00e9 devant un \u00e9cran constitue l\u2019un des facteurs les plus fr\u00e9quents de tension cervicale. Une ergonomie adapt\u00e9e peut r\u00e9duire significativement les contraintes exerc\u00e9es sur la nuque.<\/p>\n\n\n<p>Quelques ajustements simples peuvent \u00eatre utiles :<\/p>\n\n\n<ul class=\"wp-block-list\">\n\n<li>placer l\u2019\u00e9cran <strong>\u00e0 hauteur des yeux<\/strong><\/li>\n\n\n<li>maintenir le clavier \u00e0 une distance confortable<\/li>\n\n\n<li>garder les <strong>pieds \u00e0 plat sur le sol<\/strong><\/li>\n\n\n<li>utiliser une chaise offrant un bon soutien lombaire<\/li>\n\n<\/ul>\n\n\n<p>Il est \u00e9galement recommand\u00e9 d\u2019\u00e9viter de pencher la t\u00eate vers l\u2019avant pendant de longues p\u00e9riodes, notamment lors de l\u2019utilisation du t\u00e9l\u00e9phone portable.<\/p>\n\n\n<h3 class=\"wp-block-heading\"><span class=\"ez-toc-section\" id=\"Faire_des_pauses_regulieres\"><\/span><strong>Faire des pauses r\u00e9guli\u00e8res<\/strong><span class=\"ez-toc-section-end\"><\/span><\/h3>\n\n\n<p>Les postures statiques prolong\u00e9es peuvent fatiguer les muscles cervicaux et favoriser l\u2019apparition de tensions.<\/p>\n\n\n<p>Il est conseill\u00e9 de :<\/p>\n\n\n<ul class=\"wp-block-list\">\n\n<li>se lever et bouger <strong>toutes les 45 \u00e0 60 minutes<\/strong><\/li>\n\n\n<li>effectuer quelques <strong>\u00e9tirements l\u00e9gers du cou<\/strong><\/li>\n\n\n<li>rel\u00e2cher les \u00e9paules et mobiliser doucement la nuque<\/li>\n\n<\/ul>\n\n\n<p>Ces pauses permettent de diminuer la charge musculaire et d\u2019am\u00e9liorer la circulation sanguine dans les tissus cervicaux.<\/p>\n\n\n<h3 class=\"wp-block-heading\"><span class=\"ez-toc-section\" id=\"Maintenir_une_activite_physique_reguliere\"><\/span><strong>Maintenir une activit\u00e9 physique r\u00e9guli\u00e8re<\/strong><span class=\"ez-toc-section-end\"><\/span><\/h3>\n\n\n<p>L\u2019activit\u00e9 physique contribue \u00e0 maintenir la souplesse musculaire et la mobilit\u00e9 articulaire. Les exercices favorisent \u00e9galement une meilleure circulation sanguine et r\u00e9duisent les tensions musculaires.<\/p>\n\n\n<p>Certaines activit\u00e9s sont particuli\u00e8rement b\u00e9n\u00e9fiques pour la r\u00e9gion cervicale :<\/p>\n\n\n<ul class=\"wp-block-list\">\n\n<li>la marche<\/li>\n\n\n<li>la natation<\/li>\n\n\n<li>le yoga<\/li>\n\n\n<li>les exercices de mobilit\u00e9 douce<\/li>\n\n<\/ul>\n\n\n<p>Ces activit\u00e9s aident \u00e0 renforcer les muscles stabilisateurs et \u00e0 maintenir une posture \u00e9quilibr\u00e9e.<\/p>\n\n\n<h3 class=\"wp-block-heading\"><span class=\"ez-toc-section\" id=\"Choisir_un_oreiller_adapte\"><\/span><strong>Choisir un oreiller adapt\u00e9<\/strong><span class=\"ez-toc-section-end\"><\/span><\/h3>\n\n\n<p>La position de la t\u00eate pendant le sommeil peut influencer les tensions cervicales. Un oreiller trop haut ou trop bas peut provoquer une position inconfortable de la colonne cervicale pendant plusieurs heures.<\/p>\n\n\n<p>Un oreiller adapt\u00e9 devrait :<\/p>\n\n\n<ul class=\"wp-block-list\">\n\n<li>soutenir la courbure naturelle du cou<\/li>\n\n\n<li>maintenir la t\u00eate align\u00e9e avec la colonne<\/li>\n\n\n<li>\u00e9viter une flexion excessive du cou<\/li>\n\n<\/ul>\n\n\n<p>Dormir sur le dos ou sur le c\u00f4t\u00e9 est g\u00e9n\u00e9ralement pr\u00e9f\u00e9rable \u00e0 la position sur le ventre, qui peut entra\u00eener une rotation prolong\u00e9e de la nuque.<\/p>\n\n\n<h3 class=\"wp-block-heading\"><span class=\"ez-toc-section\" id=\"Gerer_le_stress_et_la_tension_musculaire\"><\/span><strong>G\u00e9rer le stress et la tension musculaire<\/strong><span class=\"ez-toc-section-end\"><\/span><\/h3>\n\n\n<p>Le stress peut augmenter le tonus musculaire dans la r\u00e9gion du cou et des \u00e9paules. La gestion du stress constitue donc un \u00e9l\u00e9ment important dans la pr\u00e9vention des douleurs cervicales.<\/p>\n\n\n<p>Certaines techniques peuvent aider \u00e0 r\u00e9duire la tension musculaire :<\/p>\n\n\n<ul class=\"wp-block-list\">\n\n<li>exercices de respiration profonde<\/li>\n\n\n<li>relaxation musculaire progressive<\/li>\n\n\n<li>m\u00e9ditation<\/li>\n\n\n<li>activit\u00e9s de d\u00e9tente<\/li>\n\n<\/ul>\n\n\n<p>Ces pratiques favorisent la r\u00e9gulation du syst\u00e8me nerveux et diminuent la contraction involontaire des muscles cervicaux.<\/p>\n\n\n<h3 class=\"wp-block-heading\"><span class=\"ez-toc-section\" id=\"Ecouter_les_signaux_du_corps\"><\/span><strong>\u00c9couter les signaux du corps<\/strong><span class=\"ez-toc-section-end\"><\/span><\/h3>\n\n\n<p>Les premi\u00e8res manifestations de tension cervicale ne doivent pas \u00eatre ignor\u00e9es. Une sensation de raideur dans la nuque, une fatigue musculaire ou une g\u00eane \u00e0 la base du cr\u00e2ne peuvent constituer des signes pr\u00e9coces.<\/p>\n\n\n<p>Intervenir rapidement, en ajustant la posture ou en pratiquant des exercices d\u2019\u00e9tirement, permet souvent d\u2019\u00e9viter que ces tensions \u00e9voluent vers une irritation nerveuse plus importante.<\/p>\n\n\n<h3 class=\"wp-block-heading\"><span class=\"ez-toc-section\" id=\"Une_prevention_basee_sur_lequilibre\"><\/span><strong>Une pr\u00e9vention bas\u00e9e sur l\u2019\u00e9quilibre<\/strong><span class=\"ez-toc-section-end\"><\/span><\/h3>\n\n\n<p style=\"margin-top:0;margin-bottom:0\">La pr\u00e9vention des n\u00e9vralgies occipitales repose finalement sur un principe simple : <strong>maintenir un \u00e9quilibre entre posture, mouvement et r\u00e9cup\u00e9ration<\/strong>. En r\u00e9duisant les contraintes m\u00e9caniques sur la nuque et en favorisant la mobilit\u00e9 cervicale, il est possible de diminuer consid\u00e9rablement les risques d\u2019irritation des nerfs occipitaux et de pr\u00e9server la sant\u00e9 de la r\u00e9gion cervico-cr\u00e2nienne.<\/p>\n\n<\/div><\/div>\n\n<\/div>\n\n<\/div>\n<\/div><\/div>\n\n\n\n<div class=\"wp-block-group\"><div class=\"wp-block-group__inner-container is-layout-constrained wp-block-group-is-layout-constrained\">\n<h2 class=\"wp-block-heading has-white-color has-vivid-cyan-blue-background-color has-text-color has-background has-link-color wp-elements-de6b6dfb214cfde1918a7de33b5a4b4f\"><span class=\"ez-toc-section\" id=\"Quand_consulter_un_professionnel_de_sante-2\"><\/span><strong><strong>Quand consulter un professionnel de sant\u00e9<\/strong><\/strong><span class=\"ez-toc-section-end\"><\/span><\/h2>\n\n\n\n<p>Bien que la n\u00e9vralgie occipitale soit g\u00e9n\u00e9ralement b\u00e9nigne, certaines situations n\u00e9cessitent l\u2019avis d\u2019un professionnel de sant\u00e9 afin d\u2019\u00e9tablir un diagnostic pr\u00e9cis et d\u2019\u00e9carter d\u2019autres causes possibles de douleur \u00e0 la t\u00eate ou au cou.<\/p>\n\n\n\n<p>Une consultation est recommand\u00e9e lorsque la douleur \u00e0 l\u2019arri\u00e8re du cr\u00e2ne persiste pendant plusieurs jours ou semaines, devient plus intense avec le temps ou se r\u00e9p\u00e8te fr\u00e9quemment. Il est \u00e9galement pr\u00e9f\u00e9rable de consulter si la douleur appara\u00eet apr\u00e8s un traumatisme du cou, comme une chute, un accident de voiture ou un mouvement brusque de la t\u00eate.<\/p>\n\n\n\n<p>Une \u00e9valuation m\u00e9dicale est particuli\u00e8rement importante lorsque la douleur s\u2019accompagne d\u2019autres sympt\u00f4mes inhabituels, tels que des engourdissements dans les bras, une faiblesse musculaire, des troubles de la vision, des vertiges importants, de la fi\u00e8vre ou une sensibilit\u00e9 inhabituelle \u00e0 la lumi\u00e8re. Ces signes peuvent parfois indiquer une autre condition n\u00e9cessitant une prise en charge m\u00e9dicale sp\u00e9cifique.<\/p>\n\n\n\n<p>Lorsque la douleur devient suffisamment importante pour perturber le sommeil, limiter les mouvements du cou ou nuire aux activit\u00e9s quotidiennes, une consultation permet \u00e9galement de mettre en place des strat\u00e9gies th\u00e9rapeutiques adapt\u00e9es.<\/p>\n\n\n\n<p>Un diagnostic pr\u00e9coce aide non seulement \u00e0 identifier la cause de la douleur, mais aussi \u00e0 pr\u00e9venir l\u2019installation d\u2019une douleur chronique. Une prise en charge appropri\u00e9e \u2014 qu\u2019elle soit m\u00e9dicale, physioth\u00e9rapeutique ou ost\u00e9opathique \u2014 peut souvent am\u00e9liorer les sympt\u00f4mes et favoriser un retour progressif au confort cervical et \u00e0 une meilleure qualit\u00e9 de vie.<\/p>\n<\/div><\/div>\n\n\n\n<div class=\"wp-block-group\"><div class=\"wp-block-group__inner-container is-layout-constrained wp-block-group-is-layout-constrained\">\n<h2 class=\"wp-block-heading has-white-color has-vivid-cyan-blue-background-color has-text-color has-background has-link-color wp-elements-0254ede938671de19dd3f95aac4013b0\"><span class=\"ez-toc-section\" id=\"Questions_frequentes_sur_la_nevralgie_occipitale\"><\/span><strong><strong>Questions fr\u00e9quentes sur la n\u00e9vralgie occipitale<\/strong><\/strong><span class=\"ez-toc-section-end\"><\/span><\/h2>\n\n\n\n<p>La n\u00e9vralgie occipitale suscite souvent de nombreuses interrogations chez les patients. Cette douleur particuli\u00e8re, situ\u00e9e \u00e0 l\u2019arri\u00e8re du cr\u00e2ne, peut \u00eatre inqui\u00e9tante lorsqu\u2019elle appara\u00eet pour la premi\u00e8re fois. Voici quelques r\u00e9ponses aux questions les plus fr\u00e9quemment pos\u00e9es concernant cette affection.<\/p>\n\n\n\n<div class=\"wp-block-gutena-accordion gutena-accordion-block gutena-accordion-block-14acb8-ab\" data-single=\"false\">\n\n<div class=\"wp-block-gutena-accordion-panel gutena-accordion-block__panel\">\n\n<div class=\"wp-block-gutena-accordion-panel-title gutena-accordion-block__panel-title\"><div class=\"gutena-accordion-block__panel-title-inner\">\n\n<h6 class=\"wp-block-heading has-text-align-left\" style=\"margin-top:0px;margin-right:0px;margin-bottom:0px;margin-left:0px\"><strong>La n\u00e9vralgie occipitale est-elle dangereuse ?<\/strong><\/h6>\n\n<div class=\"trigger-plus-minus\"><div class=\"horizontal\"><\/div><div class=\"vertical\"><\/div><\/div><\/div><\/div>\n\n\n<div class=\"wp-block-gutena-accordion-panel-content gutena-accordion-block__panel-content\"><div class=\"gutena-accordion-block__panel-content-inner\">\n\n<p style=\"margin-top:0;margin-bottom:0\">Dans la majorit\u00e9 des cas, la n\u00e9vralgie occipitale est <strong>une affection b\u00e9nigne<\/strong>. Elle est g\u00e9n\u00e9ralement li\u00e9e \u00e0 une irritation m\u00e9canique du nerf occipital provoqu\u00e9e par des tensions musculaires, des troubles posturaux ou des contraintes cervicales r\u00e9p\u00e9t\u00e9es.<\/p>\n\n\n<p style=\"margin-top:0;margin-bottom:0\">Bien que la douleur puisse \u00eatre intense, elle n\u2019indique g\u00e9n\u00e9ralement pas la pr\u00e9sence d\u2019une maladie grave. Cependant, une \u00e9valuation m\u00e9dicale est recommand\u00e9e afin d\u2019exclure d\u2019autres causes possibles de douleur cr\u00e2nienne.<\/p>\n\n<\/div><\/div>\n\n<\/div>\n\n\n<div class=\"wp-block-gutena-accordion-panel gutena-accordion-block__panel\">\n\n<div class=\"wp-block-gutena-accordion-panel-title gutena-accordion-block__panel-title\"><div class=\"gutena-accordion-block__panel-title-inner\">\n\n<h6 class=\"wp-block-heading has-text-align-left\" style=\"margin-top:0px;margin-right:0px;margin-bottom:0px;margin-left:0px\"><strong>Combien de temps peut durer une n\u00e9vralgie occipitale ?<\/strong><\/h6>\n\n<div class=\"trigger-plus-minus\"><div class=\"horizontal\"><\/div><div class=\"vertical\"><\/div><\/div><\/div><\/div>\n\n\n<div class=\"wp-block-gutena-accordion-panel-content gutena-accordion-block__panel-content\"><div class=\"gutena-accordion-block__panel-content-inner\">\n\n<p style=\"margin-top:0;margin-bottom:0\">La dur\u00e9e des sympt\u00f4mes peut varier d\u2019une personne \u00e0 l\u2019autre. Dans certains cas, la douleur appara\u00eet sous forme de crises br\u00e8ves qui disparaissent apr\u00e8s quelques jours. Dans d\u2019autres situations, elle peut persister pendant plusieurs semaines.<\/p>\n\n\n<p style=\"margin-top:0;margin-bottom:0\">Lorsque la cause m\u00e9canique ou musculaire est trait\u00e9e, les sympt\u00f4mes s\u2019am\u00e9liorent souvent progressivement. Une prise en charge pr\u00e9coce permet g\u00e9n\u00e9ralement de r\u00e9duire la dur\u00e9e de l\u2019\u00e9pisode douloureux<\/p>\n\n<\/div><\/div>\n\n<\/div>\n\n\n<div class=\"wp-block-gutena-accordion-panel gutena-accordion-block__panel\">\n\n<div class=\"wp-block-gutena-accordion-panel-title gutena-accordion-block__panel-title\"><div class=\"gutena-accordion-block__panel-title-inner\">\n\n<h6 class=\"wp-block-heading has-text-align-left\" style=\"margin-top:0px;margin-right:0px;margin-bottom:0px;margin-left:0px\"><strong>La n\u00e9vralgie occipitale peut-elle revenir ?<\/strong><\/h6>\n\n<div class=\"trigger-plus-minus\"><div class=\"horizontal\"><\/div><div class=\"vertical\"><\/div><\/div><\/div><\/div>\n\n\n<div class=\"wp-block-gutena-accordion-panel-content gutena-accordion-block__panel-content\"><div class=\"gutena-accordion-block__panel-content-inner\">\n\n<p style=\"margin-top:0;margin-bottom:0\">Oui, il est possible que les sympt\u00f4mes r\u00e9apparaissent, surtout si les facteurs d\u00e9clencheurs persistent. Les tensions musculaires chroniques, les troubles posturaux ou certaines activit\u00e9s r\u00e9p\u00e9titives peuvent favoriser la r\u00e9apparition de la douleur.<\/p>\n\n\n<p style=\"margin-top:0;margin-bottom:0\">La pr\u00e9vention repose donc sur l\u2019am\u00e9lioration de la posture, la gestion des tensions cervicales et la pratique r\u00e9guli\u00e8re d\u2019exercices de mobilit\u00e9 du cou.<\/p>\n\n<\/div><\/div>\n\n<\/div>\n\n\n<div class=\"wp-block-gutena-accordion-panel gutena-accordion-block__panel\">\n\n<div class=\"wp-block-gutena-accordion-panel-title gutena-accordion-block__panel-title\"><div class=\"gutena-accordion-block__panel-title-inner\">\n\n<h6 class=\"wp-block-heading has-text-align-left\" style=\"margin-top:0px;margin-right:0px;margin-bottom:0px;margin-left:0px\"><strong>La n\u00e9vralgie occipitale est-elle la m\u00eame chose qu\u2019une migraine ?<\/strong><\/h6>\n\n<div class=\"trigger-plus-minus\"><div class=\"horizontal\"><\/div><div class=\"vertical\"><\/div><\/div><\/div><\/div>\n\n\n<div class=\"wp-block-gutena-accordion-panel-content gutena-accordion-block__panel-content\"><div class=\"gutena-accordion-block__panel-content-inner\">\n\n<p style=\"margin-top:0;margin-bottom:0\">Non, ces deux conditions sont diff\u00e9rentes, m\u00eame si elles peuvent parfois provoquer des douleurs dans des r\u00e9gions proches de la t\u00eate.<\/p>\n\n\n<p>La <strong>migraine<\/strong> est une affection neurologique complexe qui implique souvent des ph\u00e9nom\u00e8nes vasculaires et des modifications de l\u2019activit\u00e9 c\u00e9r\u00e9brale. Elle est fr\u00e9quemment accompagn\u00e9e de sympt\u00f4mes tels que des naus\u00e9es, une sensibilit\u00e9 \u00e0 la lumi\u00e8re ou des troubles visuels.<\/p>\n\n\n<p style=\"margin-top:0;margin-bottom:0\">La <strong>n\u00e9vralgie occipitale<\/strong>, en revanche, est principalement li\u00e9e \u00e0 l\u2019irritation d\u2019un nerf p\u00e9riph\u00e9rique situ\u00e9 dans la r\u00e9gion cervicale.<\/p>\n\n<\/div><\/div>\n\n<\/div>\n\n\n<div class=\"wp-block-gutena-accordion-panel gutena-accordion-block__panel\">\n\n<div class=\"wp-block-gutena-accordion-panel-title gutena-accordion-block__panel-title\"><div class=\"gutena-accordion-block__panel-title-inner\">\n\n<h6 class=\"wp-block-heading has-text-align-left\" style=\"margin-top:0px;margin-right:0px;margin-bottom:0px;margin-left:0px\"><strong>L\u2019activit\u00e9 physique est-elle recommand\u00e9e ?<\/strong><\/h6>\n\n<div class=\"trigger-plus-minus\"><div class=\"horizontal\"><\/div><div class=\"vertical\"><\/div><\/div><\/div><\/div>\n\n\n<div class=\"wp-block-gutena-accordion-panel-content gutena-accordion-block__panel-content\"><div class=\"gutena-accordion-block__panel-content-inner\">\n\n<p style=\"margin-top:0;margin-bottom:0\">Une activit\u00e9 physique mod\u00e9r\u00e9e est g\u00e9n\u00e9ralement b\u00e9n\u00e9fique. Les mouvements doux favorisent la circulation sanguine et contribuent \u00e0 r\u00e9duire les tensions musculaires.<\/p>\n\n\n<p style=\"margin-top:0;margin-bottom:0\">Certaines activit\u00e9s comme la marche, la natation ou les exercices de mobilit\u00e9 cervicale peuvent aider \u00e0 maintenir la souplesse de la nuque. Il est toutefois important d\u2019\u00e9viter les mouvements brusques ou les activit\u00e9s qui aggravent la douleur<\/p>\n\n<\/div><\/div>\n\n<\/div>\n\n\n<div class=\"wp-block-gutena-accordion-panel gutena-accordion-block__panel\">\n\n<div class=\"wp-block-gutena-accordion-panel-title gutena-accordion-block__panel-title\"><div class=\"gutena-accordion-block__panel-title-inner\">\n\n<h6 class=\"wp-block-heading has-text-align-left\" style=\"margin-top:0px;margin-right:0px;margin-bottom:0px;margin-left:0px\"><strong>Les th\u00e9rapies manuelles peuvent-elles aider ?<\/strong><\/h6>\n\n<div class=\"trigger-plus-minus\"><div class=\"horizontal\"><\/div><div class=\"vertical\"><\/div><\/div><\/div><\/div>\n\n\n<div class=\"wp-block-gutena-accordion-panel-content gutena-accordion-block__panel-content\"><div class=\"gutena-accordion-block__panel-content-inner\">\n\n<p style=\"margin-top:0;margin-bottom:0\">Far far away, behind the word mountains, far from the countries Vokalia and Consonantia, there live the blind texts. Separated they live in Bookmarksgrove right at the coast of the Semantics, a large language ocean.<\/p>\n\n<\/div><\/div>\n\n<\/div>\n\n\n<div class=\"wp-block-gutena-accordion-panel gutena-accordion-block__panel\">\n\n<div class=\"wp-block-gutena-accordion-panel-title gutena-accordion-block__panel-title\"><div class=\"gutena-accordion-block__panel-title-inner\">\n\n<h6 class=\"wp-block-heading has-text-align-left\" style=\"margin-top:0px;margin-right:0px;margin-bottom:0px;margin-left:0px\"><strong>La chirurgie est-elle n\u00e9cessaire ?<\/strong><\/h6>\n\n<div class=\"trigger-plus-minus\"><div class=\"horizontal\"><\/div><div class=\"vertical\"><\/div><\/div><\/div><\/div>\n\n\n<div class=\"wp-block-gutena-accordion-panel-content gutena-accordion-block__panel-content\"><div class=\"gutena-accordion-block__panel-content-inner\">\n\n<p style=\"margin-top:0;margin-bottom:0\">La chirurgie est <strong>rarement n\u00e9cessaire<\/strong> dans le traitement des n\u00e9vralgies occipitales. Elle est g\u00e9n\u00e9ralement r\u00e9serv\u00e9e aux situations o\u00f9 les traitements conservateurs n\u2019ont pas permis d\u2019obtenir une am\u00e9lioration suffisante.<\/p>\n\n\n<p style=\"margin-top:0;margin-bottom:0\">Dans la majorit\u00e9 des cas, les approches non invasives permettent de contr\u00f4ler les sympt\u00f4mes et d\u2019am\u00e9liorer la fonction cervicale.<\/p>\n\n<\/div><\/div>\n\n<\/div>\n\n\n<div class=\"wp-block-gutena-accordion-panel gutena-accordion-block__panel\">\n\n<div class=\"wp-block-gutena-accordion-panel-title gutena-accordion-block__panel-title\"><div class=\"gutena-accordion-block__panel-title-inner\">\n\n<h6 class=\"wp-block-heading has-text-align-left\" style=\"margin-top:0px;margin-right:0px;margin-bottom:0px;margin-left:0px\"><strong>Peut-on pr\u00e9venir les n\u00e9vralgies occipitales ?<\/strong><\/h6>\n\n<div class=\"trigger-plus-minus\"><div class=\"horizontal\"><\/div><div class=\"vertical\"><\/div><\/div><\/div><\/div>\n\n\n<div class=\"wp-block-gutena-accordion-panel-content gutena-accordion-block__panel-content\"><div class=\"gutena-accordion-block__panel-content-inner\">\n\n<p style=\"margin-top:0;margin-bottom:0\">La pr\u00e9vention repose principalement sur la r\u00e9duction des contraintes m\u00e9caniques exerc\u00e9es sur la nuque. Maintenir une posture \u00e9quilibr\u00e9e, faire des pauses r\u00e9guli\u00e8res lors du travail sur \u00e9cran et pratiquer des exercices de mobilit\u00e9 cervicale peuvent aider \u00e0 diminuer les tensions musculaires.<\/p>\n\n\n<p>Une attention particuli\u00e8re port\u00e9e \u00e0 l\u2019ergonomie du poste de travail et \u00e0 la gestion du stress peut \u00e9galement contribuer \u00e0 r\u00e9duire le risque de r\u00e9cidive.<\/p>\n\n\n<p style=\"margin-top:0;margin-bottom:0\">Ces informations permettent de mieux comprendre la n\u00e9vralgie occipitale et d\u2019adopter des strat\u00e9gies adapt\u00e9es pour g\u00e9rer les sympt\u00f4mes et pr\u00e9server la sant\u00e9 de la r\u00e9gion cervicale.<\/p>\n\n<\/div><\/div>\n\n<\/div>\n\n<\/div>\n<\/div><\/div>\n\n\n\n<div class=\"wp-block-group\"><div class=\"wp-block-group__inner-container is-layout-constrained wp-block-group-is-layout-constrained\">\n<h2 class=\"wp-block-heading has-white-color has-vivid-cyan-blue-background-color has-text-color has-background has-link-color wp-elements-965e1e214306382cc0aa201231447a49\"><span class=\"ez-toc-section\" id=\"Vers_une_prise_en_charge_globale_et_durable_de_la_douleur_occipitale\"><\/span><strong><strong>Vers une prise en charge globale et durable de la douleur occipitale<\/strong><br><\/strong><span class=\"ez-toc-section-end\"><\/span><\/h2>\n\n\n\n<p>La n\u00e9vralgie occipitale rappelle que les douleurs de la t\u00eate et de la nuque ne sont pas toujours isol\u00e9es. Elles s\u2019inscrivent souvent dans une dynamique plus large impliquant les muscles, les articulations cervicales, le syst\u00e8me nerveux et les habitudes de vie. Comprendre cette interaction permet d\u2019envisager la prise en charge de mani\u00e8re plus globale et d\u2019\u00e9viter de se limiter \u00e0 une approche purement symptomatique.<\/p>\n\n\n\n<p>Dans de nombreux cas, la douleur appara\u00eet lorsque plusieurs facteurs se combinent : tensions musculaires prolong\u00e9es, posture inad\u00e9quate, fatigue, stress ou contraintes r\u00e9p\u00e9t\u00e9es sur la colonne cervicale. Ces \u00e9l\u00e9ments peuvent progressivement cr\u00e9er un environnement o\u00f9 les nerfs occipitaux deviennent plus sensibles et plus vuln\u00e9rables \u00e0 l\u2019irritation.<\/p>\n\n\n\n<p>Une approche durable vise donc \u00e0 <strong>r\u00e9duire les contraintes m\u00e9caniques et \u00e0 restaurer un \u00e9quilibre fonctionnel dans la r\u00e9gion cervico-occipitale<\/strong>.<\/p>\n\n\n\n<div class=\"wp-block-gutena-accordion gutena-accordion-block gutena-accordion-block-d917d9-bb\" data-single=\"false\">\n\n<div class=\"wp-block-gutena-accordion-panel gutena-accordion-block__panel\">\n\n<div class=\"wp-block-gutena-accordion-panel-title gutena-accordion-block__panel-title\"><div class=\"gutena-accordion-block__panel-title-inner\">\n\n<h6 class=\"wp-block-heading has-text-align-left\" style=\"margin-top:0px;margin-right:0px;margin-bottom:0px;margin-left:0px\">Lire la suite<\/h6>\n\n<div class=\"trigger-plus-minus\"><div class=\"horizontal\"><\/div><div class=\"vertical\"><\/div><\/div><\/div><\/div>\n\n\n<div class=\"wp-block-gutena-accordion-panel-content gutena-accordion-block__panel-content\"><div class=\"gutena-accordion-block__panel-content-inner\">\n\n<p style=\"margin-top:0;margin-bottom:0\">Comprendre les facteurs d\u00e9clencheurs<\/p>\n\n\n<p>La premi\u00e8re \u00e9tape d\u2019une prise en charge efficace consiste \u00e0 identifier les \u00e9l\u00e9ments qui contribuent \u00e0 la douleur. Pour certaines personnes, il s\u2019agit principalement de tensions musculaires li\u00e9es au travail sur \u00e9cran. Pour d\u2019autres, la douleur peut \u00eatre associ\u00e9e \u00e0 un traumatisme cervical, \u00e0 des troubles posturaux ou \u00e0 des \u00e9pisodes de stress prolong\u00e9.<\/p>\n\n\n<p>Identifier ces facteurs permet d\u2019agir sur les causes plut\u00f4t que de se limiter au soulagement temporaire de la douleur.<\/p>\n\n\n<h3 class=\"wp-block-heading\"><span class=\"ez-toc-section\" id=\"Restaurer_la_mobilite_cervicale\"><\/span>Restaurer la mobilit\u00e9 cervicale<span class=\"ez-toc-section-end\"><\/span><\/h3>\n\n\n<p>La mobilit\u00e9 de la colonne cervicale joue un r\u00f4le essentiel dans la sant\u00e9 de la r\u00e9gion occipitale. Une restriction articulaire peut modifier la distribution des forces m\u00e9caniques et augmenter la tension sur les tissus environnants.<\/p>\n\n\n<p>Les exercices de mobilit\u00e9 douce, les \u00e9tirements et certaines approches de th\u00e9rapie manuelle peuvent contribuer \u00e0 am\u00e9liorer la souplesse de la nuque et \u00e0 diminuer les contraintes exerc\u00e9es sur les nerfs occipitaux.<\/p>\n\n\n<p>Une meilleure mobilit\u00e9 permet \u00e9galement d\u2019am\u00e9liorer la circulation sanguine dans les muscles cervicaux et de favoriser la r\u00e9cup\u00e9ration des tissus irrit\u00e9s.<\/p>\n\n\n<h3 class=\"wp-block-heading\"><span class=\"ez-toc-section\" id=\"Reequilibrer_les_tensions_musculaires\"><\/span>R\u00e9\u00e9quilibrer les tensions musculaires<span class=\"ez-toc-section-end\"><\/span><\/h3>\n\n\n<p>Les muscles cervicaux, en particulier les muscles sous-occipitaux, jouent un r\u00f4le important dans la stabilisation de la t\u00eate. Lorsque ces muscles deviennent chroniquement contract\u00e9s, ils peuvent exercer une pression sur les structures nerveuses.<\/p>\n\n\n<p>Le rel\u00e2chement de ces tensions peut \u00eatre obtenu gr\u00e2ce \u00e0 diff\u00e9rentes strat\u00e9gies :<\/p>\n\n\n<ul class=\"wp-block-list\">\n\n<li>exercices d\u2019\u00e9tirement cervical<\/li>\n\n\n<li>techniques de relaxation musculaire<\/li>\n\n\n<li>th\u00e9rapies manuelles cibl\u00e9es<\/li>\n\n\n<li>activit\u00e9s physiques favorisant la souplesse musculaire<\/li>\n\n<\/ul>\n\n\n<p>R\u00e9duire la tension musculaire contribue souvent \u00e0 diminuer l\u2019irritation nerveuse et \u00e0 am\u00e9liorer la fonction cervicale.<\/p>\n\n\n<h3 class=\"wp-block-heading\"><span class=\"ez-toc-section\" id=\"Favoriser_lequilibre_du_systeme_nerveux\"><\/span>Favoriser l\u2019\u00e9quilibre du syst\u00e8me nerveux<span class=\"ez-toc-section-end\"><\/span><\/h3>\n\n\n<p>La douleur chronique peut modifier le fonctionnement du syst\u00e8me nerveux et augmenter la sensibilit\u00e9 \u00e0 la douleur. Dans ce contexte, certaines approches visant \u00e0 favoriser la relaxation et la r\u00e9gulation du syst\u00e8me nerveux peuvent \u00eatre utiles.<\/p>\n\n\n<p>La respiration profonde, la m\u00e9ditation, la relaxation musculaire ou certaines pratiques corporelles douces peuvent aider \u00e0 diminuer l\u2019activation excessive du syst\u00e8me nerveux et \u00e0 r\u00e9duire la tension musculaire associ\u00e9e au stress.<\/p>\n\n\n<h3 class=\"wp-block-heading\"><span class=\"ez-toc-section\" id=\"Encourager_lautonomie_du_patient\"><\/span>Encourager l\u2019autonomie du patient<span class=\"ez-toc-section-end\"><\/span><\/h3>\n\n\n<p>Une prise en charge durable implique souvent la participation active du patient. Comprendre les m\u00e9canismes de la douleur et apprendre \u00e0 g\u00e9rer les tensions cervicales permet de mieux pr\u00e9venir les r\u00e9cidives.<\/p>\n\n\n<p>Les professionnels de sant\u00e9 peuvent accompagner cette d\u00e9marche en proposant :<\/p>\n\n\n<ul class=\"wp-block-list\">\n\n<li>des conseils posturaux<\/li>\n\n\n<li>des exercices adapt\u00e9s<\/li>\n\n\n<li>des strat\u00e9gies pour r\u00e9duire les contraintes cervicales dans la vie quotidienne<\/li>\n\n<\/ul>\n\n\n<p>Cette approche \u00e9ducative favorise l\u2019autonomie et permet au patient de jouer un r\u00f4le actif dans la gestion de sa sant\u00e9.<\/p>\n\n\n<h3 class=\"wp-block-heading\"><span class=\"ez-toc-section\" id=\"Une_vision_integrative_de_la_douleur\"><\/span>Une vision int\u00e9grative de la douleur<span class=\"ez-toc-section-end\"><\/span><\/h3>\n\n\n<p>La n\u00e9vralgie occipitale illustre la complexit\u00e9 des douleurs musculo-squelettiques. M\u00eame si la douleur provient d\u2019un nerf sp\u00e9cifique, son apparition et sa persistance r\u00e9sultent souvent d\u2019une interaction entre plusieurs syst\u00e8mes du corps.<\/p>\n\n\n<p>Adopter une vision int\u00e9grative, combinant traitement symptomatique, correction des facteurs m\u00e9caniques et am\u00e9lioration des habitudes de vie, permet d\u2019envisager une r\u00e9cup\u00e9ration plus durable.<\/p>\n\n\n<p style=\"margin-top:0;margin-bottom:0\">Dans cette perspective, la prise en charge de la douleur occipitale ne consiste pas uniquement \u00e0 faire dispara\u00eetre un sympt\u00f4me, mais aussi \u00e0 <strong>restaurer un \u00e9quilibre fonctionnel qui favorise la sant\u00e9 et la mobilit\u00e9 de l\u2019ensemble de la r\u00e9gion cervico-cr\u00e2nienne<\/strong>.<\/p>\n\n<\/div><\/div>\n\n<\/div>\n\n<\/div>\n<\/div><\/div>\n\n\n\n<h2 class=\"wp-block-heading has-white-color has-vivid-cyan-blue-background-color has-text-color has-background has-link-color wp-elements-c34fdf7c0498a31c7794e207626ccfa0\"><span class=\"ez-toc-section\" id=\"Annexes\"><\/span><strong>Annexes<\/strong><span class=\"ez-toc-section-end\"><\/span><\/h2>\n\n\n\n<div class=\"wp-block-gutena-accordion gutena-accordion-block gutena-accordion-block-d8db60-4f\" data-single=\"false\">\n\n<div class=\"wp-block-gutena-accordion-panel gutena-accordion-block__panel\">\n\n<div class=\"wp-block-gutena-accordion-panel-title gutena-accordion-block__panel-title\"><div class=\"gutena-accordion-block__panel-title-inner\">\n\n<h6 class=\"wp-block-heading has-text-align-left\" style=\"margin-top:0px;margin-right:0px;margin-bottom:0px;margin-left:0px\"><strong>Annexe A \u2014 Anatomie simplifi\u00e9e des nerfs occipitaux<\/strong><\/h6>\n\n<div class=\"trigger-plus-minus\"><div class=\"horizontal\"><\/div><div class=\"vertical\"><\/div><\/div><\/div><\/div>\n\n\n<div class=\"wp-block-gutena-accordion-panel-content gutena-accordion-block__panel-content\"><div class=\"gutena-accordion-block__panel-content-inner\">\n\n<p style=\"margin-top:0;margin-bottom:0\">Far far away, behind the word mountains, far from the countries Vokalia and Consonantia, there live the blind texts. Separated they live in Bookmarksgrove right at the coast of the Semantics, a large language ocean.<\/p>\n\n<\/div><\/div>\n\n<\/div>\n\n\n<div class=\"wp-block-gutena-accordion-panel gutena-accordion-block__panel\">\n\n<div class=\"wp-block-gutena-accordion-panel-title gutena-accordion-block__panel-title\"><div class=\"gutena-accordion-block__panel-title-inner\">\n\n<h6 class=\"wp-block-heading has-text-align-left\" style=\"margin-top:0px;margin-right:0px;margin-bottom:0px;margin-left:0px\"><strong>Annexe B \u2014 Les muscles sous-occipitaux<\/strong><\/h6>\n\n<div class=\"trigger-plus-minus\"><div class=\"horizontal\"><\/div><div class=\"vertical\"><\/div><\/div><\/div><\/div>\n\n\n<div class=\"wp-block-gutena-accordion-panel-content gutena-accordion-block__panel-content\"><div class=\"gutena-accordion-block__panel-content-inner\">\n\n<p style=\"margin-top:0;margin-bottom:0\">Les muscles sous-occipitaux forment un petit groupe musculaire situ\u00e9 profond\u00e9ment \u00e0 la jonction entre la nuque et la base du cr\u00e2ne. Malgr\u00e9 leur petite taille, ils jouent un r\u00f4le important dans la stabilisation et la mobilit\u00e9 de la t\u00eate.<\/p>\n\n\n<p>Les principaux muscles de ce groupe sont :<\/p>\n\n\n<ul class=\"wp-block-list\">\n\n<li>le <strong>muscle droit post\u00e9rieur majeur de la t\u00eate<\/strong><\/li>\n\n\n<li>le <strong>muscle droit post\u00e9rieur mineur de la t\u00eate<\/strong><\/li>\n\n\n<li>le <strong>muscle oblique sup\u00e9rieur de la t\u00eate<\/strong><\/li>\n\n\n<li>le <strong>muscle oblique inf\u00e9rieur de la t\u00eate<\/strong><\/li>\n\n<\/ul>\n\n\n<p>Ces muscles permettent notamment :<\/p>\n\n\n<ul class=\"wp-block-list\">\n\n<li>l\u2019extension de la t\u00eate<\/li>\n\n\n<li>la rotation cervicale<\/li>\n\n\n<li>la stabilisation fine de l\u2019articulation entre le cr\u00e2ne et l\u2019atlas<\/li>\n\n<\/ul>\n\n\n<p style=\"margin-top:0;margin-bottom:0\">En raison de leur position anatomique, ils sont situ\u00e9s tr\u00e8s pr\u00e8s du trajet du nerf occipital majeur. Lorsqu\u2019ils deviennent contract\u00e9s ou irrit\u00e9s, ils peuvent exercer une pression sur ce nerf et provoquer une douleur occipitale.<\/p>\n\n<\/div><\/div>\n\n<\/div>\n\n\n<div class=\"wp-block-gutena-accordion-panel gutena-accordion-block__panel\">\n\n<div class=\"wp-block-gutena-accordion-panel-title gutena-accordion-block__panel-title\"><div class=\"gutena-accordion-block__panel-title-inner\">\n\n<h6 class=\"wp-block-heading has-text-align-left\" style=\"margin-top:0px;margin-right:0px;margin-bottom:0px;margin-left:0px\"><strong>Annexe C \u2014 Signes d\u2019alerte n\u00e9cessitant une consultation m\u00e9dicale<\/strong><\/h6>\n\n<div class=\"trigger-plus-minus\"><div class=\"horizontal\"><\/div><div class=\"vertical\"><\/div><\/div><\/div><\/div>\n\n\n<div class=\"wp-block-gutena-accordion-panel-content gutena-accordion-block__panel-content\"><div class=\"gutena-accordion-block__panel-content-inner\">\n\n<p style=\"margin-top:0;margin-bottom:0\">Bien que la n\u00e9vralgie occipitale soit g\u00e9n\u00e9ralement b\u00e9nigne, certains sympt\u00f4mes peuvent indiquer la pr\u00e9sence d\u2019une condition n\u00e9cessitant une \u00e9valuation m\u00e9dicale rapide.<\/p>\n\n\n<p>Il est recommand\u00e9 de consulter un professionnel de sant\u00e9 si la douleur occipitale est accompagn\u00e9e de :<\/p>\n\n\n<ul class=\"wp-block-list\">\n\n<li>faiblesse dans les bras ou les jambes<\/li>\n\n\n<li>engourdissement persistant<\/li>\n\n\n<li>troubles de la vision<\/li>\n\n\n<li>vertiges importants<\/li>\n\n\n<li>fi\u00e8vre ou signes d\u2019infection<\/li>\n\n\n<li>douleur apparaissant apr\u00e8s un traumatisme important<\/li>\n\n<\/ul>\n\n\n<p style=\"margin-top:0;margin-bottom:0\">Ces signes peuvent sugg\u00e9rer une pathologie n\u00e9cessitant des investigations suppl\u00e9mentaires.<\/p>\n\n<\/div><\/div>\n\n<\/div>\n\n\n<div class=\"wp-block-gutena-accordion-panel gutena-accordion-block__panel\">\n\n<div class=\"wp-block-gutena-accordion-panel-title gutena-accordion-block__panel-title\"><div class=\"gutena-accordion-block__panel-title-inner\">\n\n<h6 class=\"wp-block-heading has-text-align-left\" style=\"margin-top:0px;margin-right:0px;margin-bottom:0px;margin-left:0px\"><strong>Annexe D \u2014 Algorithme clinique simplifi\u00e9<\/strong><\/h6>\n\n<div class=\"trigger-plus-minus\"><div class=\"horizontal\"><\/div><div class=\"vertical\"><\/div><\/div><\/div><\/div>\n\n\n<div class=\"wp-block-gutena-accordion-panel-content gutena-accordion-block__panel-content\"><div class=\"gutena-accordion-block__panel-content-inner\">\n\n<p style=\"margin-top:0;margin-bottom:0\">Une approche structur\u00e9e peut aider \u00e0 orienter l\u2019\u00e9valuation d\u2019une douleur occipitale.<\/p>\n\n\n<p><strong>\u00c9tape 1 : localisation de la douleur<\/strong><\/p>\n\n\n<p>Douleur situ\u00e9e \u00e0 la base du cr\u00e2ne avec irradiation vers le sommet de la t\u00eate.<\/p>\n\n\n<p><strong>\u00c9tape 2 : caract\u00e9ristiques de la douleur<\/strong><\/p>\n\n\n<p>Douleur d\u00e9crite comme :<\/p>\n\n\n<ul class=\"wp-block-list\">\n\n<li>\u00e9lectrique<\/li>\n\n\n<li>br\u00fblante<\/li>\n\n\n<li>lancinante<\/li>\n\n<\/ul>\n\n\n<p><strong>\u00c9tape 3 : reproduction de la douleur<\/strong><\/p>\n\n\n<p>La pression sur le trajet du nerf occipital reproduit la douleur.<\/p>\n\n\n<p><strong>\u00c9tape 4 : exclusion d\u2019autres causes<\/strong><\/p>\n\n\n<p>Absence de sympt\u00f4mes neurologiques graves ou de signes syst\u00e9miques.<\/p>\n\n\n<p style=\"margin-top:0;margin-bottom:0\">Lorsque ces crit\u00e8res sont r\u00e9unis, une n\u00e9vralgie occipitale est fortement suspect\u00e9e.<\/p>\n\n<\/div><\/div>\n\n<\/div>\n\n\n<div class=\"wp-block-gutena-accordion-panel gutena-accordion-block__panel\">\n\n<div class=\"wp-block-gutena-accordion-panel-title gutena-accordion-block__panel-title\"><div class=\"gutena-accordion-block__panel-title-inner\">\n\n<h6 class=\"wp-block-heading has-text-align-left\" style=\"margin-top:0px;margin-right:0px;margin-bottom:0px;margin-left:0px\"><strong>Annexe E \u2014 Exercices simples pour la r\u00e9gion cervicale<\/strong><\/h6>\n\n<div class=\"trigger-plus-minus\"><div class=\"horizontal\"><\/div><div class=\"vertical\"><\/div><\/div><\/div><\/div>\n\n\n<div class=\"wp-block-gutena-accordion-panel-content gutena-accordion-block__panel-content\"><div class=\"gutena-accordion-block__panel-content-inner\">\n\n<p style=\"margin-top:0;margin-bottom:0\">Certains exercices peuvent aider \u00e0 maintenir la mobilit\u00e9 cervicale et \u00e0 r\u00e9duire les tensions dans la r\u00e9gion occipitale.<\/p>\n\n\n<p>Exemples d\u2019exercices :<\/p>\n\n\n<ul class=\"wp-block-list\">\n\n<li>flexion cervicale douce<\/li>\n\n\n<li>inclinaison lat\u00e9rale du cou<\/li>\n\n\n<li>rotation cervicale contr\u00f4l\u00e9e<\/li>\n\n\n<li>\u00e9tirement du trap\u00e8ze sup\u00e9rieur<\/li>\n\n<\/ul>\n\n\n<p style=\"margin-top:0;margin-bottom:0\">Ces exercices doivent \u00eatre r\u00e9alis\u00e9s lentement et sans douleur.<\/p>\n\n<\/div><\/div>\n\n<\/div>\n\n\n<div class=\"wp-block-gutena-accordion-panel gutena-accordion-block__panel\">\n\n<div class=\"wp-block-gutena-accordion-panel-title gutena-accordion-block__panel-title\"><div class=\"gutena-accordion-block__panel-title-inner\">\n\n<h6 class=\"wp-block-heading has-text-align-left\" style=\"margin-top:0px;margin-right:0px;margin-bottom:0px;margin-left:0px\"><strong>Annexe F \u2014 Conseils ergonomiques essentiels<\/strong><\/h6>\n\n<div class=\"trigger-plus-minus\"><div class=\"horizontal\"><\/div><div class=\"vertical\"><\/div><\/div><\/div><\/div>\n\n\n<div class=\"wp-block-gutena-accordion-panel-content gutena-accordion-block__panel-content\"><div class=\"gutena-accordion-block__panel-content-inner\">\n\n<p style=\"margin-top:0;margin-bottom:0\">Quelques ajustements simples peuvent r\u00e9duire les tensions dans la r\u00e9gion cervico-occipitale :<\/p>\n\n\n<ul class=\"wp-block-list\">\n\n<li>placer l\u2019\u00e9cran \u00e0 hauteur des yeux<\/li>\n\n\n<li>\u00e9viter de pencher la t\u00eate vers l\u2019avant pendant de longues p\u00e9riodes<\/li>\n\n\n<li>faire des pauses r\u00e9guli\u00e8res lors du travail sur \u00e9cran<\/li>\n\n\n<li>maintenir une posture \u00e9quilibr\u00e9e de la t\u00eate et des \u00e9paules<\/li>\n\n<\/ul>\n\n\n<p style=\"margin-top:0;margin-bottom:0\">Ces mesures peuvent contribuer \u00e0 pr\u00e9venir l\u2019apparition ou la r\u00e9cidive des douleurs occipitales.<\/p>\n\n<\/div><\/div>\n\n<\/div>\n\n<\/div>\n\n\n\n<h2 class=\"wp-block-heading has-white-color has-vivid-cyan-blue-background-color has-text-color has-background has-link-color wp-elements-9e5076d06608eefdfe63bfd36e424442\"><span class=\"ez-toc-section\" id=\"References_scientifiques\"><\/span><strong>R\u00e9f\u00e9rences scientifiques<\/strong><span class=\"ez-toc-section-end\"><\/span><\/h2>\n\n\n\n<ol class=\"wp-block-list\">\n<li>International Headache Society. <strong>The International Classification of Headache Disorders (ICHD-3)<\/strong>. <em>Cephalalgia<\/em>. 2018;38(1):1-211.<\/li>\n\n\n\n<li>Bogduk N. <strong>The anatomy of the cervical dorsal rami and the greater occipital nerve<\/strong>. <em>Spine<\/em>. 1982;7(4):319-330.<\/li>\n\n\n\n<li>Ducic I, Moriarty M, Al-Attar A. <strong>Anatomical variations of the occipital nerves and implications for the treatment of occipital neuralgia<\/strong>. <em>Plastic and Reconstructive Surgery<\/em>. 2009;123(3):859-863.<\/li>\n\n\n\n<li>Ashkenazi A, Levin M. <strong>Greater occipital nerve block for migraine and occipital neuralgia<\/strong>. <em>Current Pain and Headache Reports<\/em>. 2007;11(3):231-235.<\/li>\n\n\n\n<li>Barmherzig R, Kingston W. <strong>Occipital neuralgia and cervicogenic headache: diagnosis and management<\/strong>. <em>Current Neurology and Neuroscience Reports<\/em>. 2019;19(7):20.<\/li>\n\n\n\n<li>Blumenfeld A. <strong>Neuroanatomy and pathophysiology of head and neck pain<\/strong>. <em>Headache<\/em>. 2013;53(Suppl 2):3-13.<\/li>\n\n\n\n<li>Choi I, Jeon SR. <strong>Neuralgias of the head: occipital neuralgia<\/strong>. <em>Journal of Korean Medical Science<\/em>. 2016;31(4):479-488.<\/li>\n\n\n\n<li>Hammond SR, Danta G. <strong>Occipital neuralgia<\/strong>. <em>Clinical and Experimental Neurology<\/em>. 1978;15:258-270.<\/li>\n\n\n\n<li>Tubbs RS, Mortazavi MM, Loukas M, et al. <strong>Anatomy and landmarks for the greater occipital nerve<\/strong>. <em>Neurosurgery<\/em>. 2011;68(1):196-200.<\/li>\n\n\n\n<li>Cleveland Clinic. <strong>Occipital Neuralgia: Symptoms, Causes, Diagnosis and Treatment<\/strong>. Cleveland Clinic Medical Education. 2023.<\/li>\n\n\n\n<li>Mayo Clinic. <strong>Occipital Neuralgia Overview<\/strong>. Mayo Foundation for Medical Education and Research. 2023.<\/li>\n\n\n\n<li>National Institute of Neurological Disorders and Stroke (NINDS). <strong>Occipital Neuralgia Information Page<\/strong>. National Institutes of Health.<\/li>\n<\/ol>\n","protected":false},"excerpt":{"rendered":"<p>*Dans l&rsquo;univers complexe des n\u00e9vralgies occipitales, chaque instant devient une danse d\u00e9licate entre douleur et anatomie. Les nerfs occipitaux, tels des filigranes invisibles, transforment la tranquillit\u00e9 apparente de la nuque en un terrain d&rsquo;exploration intrigant. En plongeant dans cette exp\u00e9rience de douleur, nous d\u00e9couvrons une symphonie de sensations qui transcende la simple perception physique. Des origines myst\u00e9rieuses aux multiples avenues de traitement, chaque \u00e9l\u00e9ment de cette exploration r\u00e9v\u00e8le la complexit\u00e9 des n\u00e9vralgies occipitales, invitant chacun \u00e0 s&rsquo;immerger dans le d\u00e9dale fascinant du syst\u00e8me nerveux et \u00e0 comprendre les subtilit\u00e9s de cette condition souvent n\u00e9glig\u00e9e.*<\/p>\n","protected":false},"author":1,"featured_media":55713,"comment_status":"open","ping_status":"open","sticky":false,"template":"","format":"standard","meta":{"tdm_status":"","tdm_grid_status":"","iawp_total_views":3299,"footnotes":""},"categories":[476,214],"tags":[],"class_list":{"0":"post-7930","1":"post","2":"type-post","3":"status-publish","4":"format-standard","5":"has-post-thumbnail","7":"category-mal-de-tete","8":"category-tete"},"_links":{"self":[{"href":"https:\/\/osteomag.ca\/fr\/wp-json\/wp\/v2\/posts\/7930","targetHints":{"allow":["GET"]}}],"collection":[{"href":"https:\/\/osteomag.ca\/fr\/wp-json\/wp\/v2\/posts"}],"about":[{"href":"https:\/\/osteomag.ca\/fr\/wp-json\/wp\/v2\/types\/post"}],"author":[{"embeddable":true,"href":"https:\/\/osteomag.ca\/fr\/wp-json\/wp\/v2\/users\/1"}],"replies":[{"embeddable":true,"href":"https:\/\/osteomag.ca\/fr\/wp-json\/wp\/v2\/comments?post=7930"}],"version-history":[{"count":26,"href":"https:\/\/osteomag.ca\/fr\/wp-json\/wp\/v2\/posts\/7930\/revisions"}],"predecessor-version":[{"id":57168,"href":"https:\/\/osteomag.ca\/fr\/wp-json\/wp\/v2\/posts\/7930\/revisions\/57168"}],"wp:featuredmedia":[{"embeddable":true,"href":"https:\/\/osteomag.ca\/fr\/wp-json\/wp\/v2\/media\/55713"}],"wp:attachment":[{"href":"https:\/\/osteomag.ca\/fr\/wp-json\/wp\/v2\/media?parent=7930"}],"wp:term":[{"taxonomy":"category","embeddable":true,"href":"https:\/\/osteomag.ca\/fr\/wp-json\/wp\/v2\/categories?post=7930"},{"taxonomy":"post_tag","embeddable":true,"href":"https:\/\/osteomag.ca\/fr\/wp-json\/wp\/v2\/tags?post=7930"}],"curies":[{"name":"wp","href":"https:\/\/api.w.org\/{rel}","templated":true}]}}